{"id":14772,"date":"2019-02-27T17:48:00","date_gmt":"2019-02-27T16:48:00","guid":{"rendered":"http:\/\/all4camper.com\/cz\/?p=14772"},"modified":"2019-12-18T18:39:12","modified_gmt":"2019-12-18T17:39:12","slug":"37-termalnich-lazni-rakousko","status":"publish","type":"post","link":"https:\/\/all4camper.com\/cs\/37-termalnich-lazni-rakousko\/","title":{"rendered":"31 term\u00e1ln\u00edch l\u00e1zn\u00ed v Rakousku a kde u nich kempovat"},"content":{"rendered":"\n<h4 class=\"wp-block-heading\">Mnoho karavanist\u016f spojuje sv\u016fj pobyt v Rakousku s n\u00e1v\u0161t\u011bvou term\u00e1ln\u00edch l\u00e1zn\u00ed. Je to pochopiteln\u00e9, nebo\u0165 spojen\u00ed celodenn\u00edho trekingu, cyklistiky nebo ly\u017eov\u00e1n\u00ed s koup\u00e1n\u00edm v tepl\u00e9 vod\u011b a po\u0159\u00e1dn\u00fdm saunov\u00e1n\u00edm je t\u00edm nejlep\u0161\u00edm z\u00e1\u017eitkem, kter\u00fd si m\u016f\u017eete dop\u0159\u00e1t. Bonusem budi\u017e i to, \u017ee pro va\u0161e d\u011bti je zaru\u010dena z\u00e1bava a vy si m\u016f\u017eete dop\u0159\u00e1t zaslou\u017een\u00fd relax a odpo\u010dinek. V dne\u0161n\u00edm p\u0159\u00edsp\u011bvku se tedy zam\u011b\u0159\u00edme na p\u0159ehled l\u00e1zn\u00ed, kter\u00e9 p\u0159i va\u0161\u00ed dovolen\u00e9 karavanem m\u016f\u017eete nav\u0161t\u00edvit.<\/h4>\n\n\n\n<p>Jo, a nezapome\u0148te, \u017ee mnoho l\u00e1zn\u00ed nab\u00edz\u00ed mo\u017enost parkov\u00e1n\u00ed zdarma nebo za m\u00edrn\u00fd poplatek. D\u00edky tomu se tak nebudete muset ji\u017e nikam p\u0159emis\u0165ovat a po relaxaci se jen p\u00e1r metr\u016f p\u0159esunete do sv\u00e9ho do\u010dasn\u00e9ho p\u0159\u00edbytku. I to je kouzlo karavaningu. <\/p>\n\n\n\n<h3 class=\"wp-block-heading\"><strong>Salzburg<\/strong><\/h3>\n\n\n\n<p><strong>1. Alpentherme Bad Hofgastein<\/strong><\/p>\n\n\n\n<ul class=\"wp-block-list\"><li><strong>Str\u00e1nky:\u00a0<\/strong><a rel=\"noreferrer noopener\" href=\"http:\/\/www.alpentherme.com\/\" target=\"_blank\">www.alpentherme.com<\/a><\/li><li><strong>Co v\u0161e:\u00a0<\/strong>Term\u00e1ln\u00ed l\u00e1zn\u011b, saunov\u00fd sv\u011bt (od 15 let), relaxa\u010dn\u00ed sv\u011bt, Tobog\u00e1ny pro mal\u00e9 i velk\u00e9 d\u011bti, fitness<\/li><li> <strong>Zvl\u00e1\u0161tnost:<\/strong>\u00a0Vodn\u00ed kino pro d\u011bti <\/li><li><strong>Kemp:<\/strong>\u00a0<a rel=\"noreferrer noopener\" href=\"http:\/\/camping-bertahof.at\/\" target=\"_blank\">Camping Bertahof<\/a>, Bad Hofgastein, 4 km od l\u00e1zn\u00ed<\/li><li><a href=\"https:\/\/goo.gl\/maps\/E4qjKvadaAk\">Zobrazit na map\u011b<\/a><\/li><\/ul>\n\n\n\n<figure class=\"wp-block-image size-large\"><img loading=\"lazy\" decoding=\"async\" width=\"640\" height=\"427\" src=\"https:\/\/all4camper.com\/\/wp-content\/uploads\/2019\/12\/termalni-lazne-rakousko.jpeg\" alt=\"\" class=\"wp-image-84133\" srcset=\"https:\/\/all4camper.com\/wp-content\/uploads\/2019\/12\/termalni-lazne-rakousko.jpeg 640w, https:\/\/all4camper.com\/wp-content\/uploads\/2019\/12\/termalni-lazne-rakousko-300x200.jpeg 300w, https:\/\/all4camper.com\/wp-content\/uploads\/2019\/12\/termalni-lazne-rakousko-150x100.jpeg 150w\" sizes=\"auto, (max-width: 640px) 100vw, 640px\" \/><\/figure>\n\n\n\n<p><strong>2. Skaln\u00ed term\u00e1ln\u00ed l\u00e1zn\u011b Bad Gastein<\/strong><\/p>\n\n\n\n<ul class=\"wp-block-list\"><li><strong>Str\u00e1nky:<\/strong>\u00a0<a rel=\"noreferrer noopener\" href=\"http:\/\/www.felsentherme.com\/\" target=\"_blank\">www.felsentherme.com<\/a><\/li><li><strong>Co v\u0161e:\u00a0<\/strong>Term\u00e1ln\u00ed l\u00e1zn\u011b, saunov\u00fd sv\u011bt (od 15 let), jeden men\u0161\u00ed tobog\u00e1n, fitness<\/li><li> <strong>Zvl\u00e1\u0161tnost:<\/strong>\u00a0vyh\u0159\u00edvan\u00fd baz\u00e9n 32 \u00b0 C, zapu\u0161t\u011bn\u00fd v prehistorick\u00e9m sk\u00e1le Gastein, d\u011btsk\u00fd baz\u00e9n s jeskyn\u00ed a term\u00e1ln\u00edm vodop\u00e1dem<\/li><li><strong>Kemp:<\/strong>\u00a0<a rel=\"noreferrer noopener\" href=\"http:\/\/members.aon.at\/gastein\/\" target=\"_blank\">Pub Gastein<\/a>, Bad Gastein, 5 km od l\u00e1zn\u00ed<\/li><li><a href=\"https:\/\/goo.gl\/maps\/DuFQnYjzYCS2\">Zobrazit na map\u011b<\/a><\/li><\/ul>\n\n\n\n<figure class=\"wp-block-image size-large\"><img loading=\"lazy\" decoding=\"async\" width=\"640\" height=\"427\" src=\"https:\/\/all4camper.com\/\/wp-content\/uploads\/2019\/12\/termalni-lazne-rakousko-2.jpeg\" alt=\"\" class=\"wp-image-84134\" srcset=\"https:\/\/all4camper.com\/wp-content\/uploads\/2019\/12\/termalni-lazne-rakousko-2.jpeg 640w, https:\/\/all4camper.com\/wp-content\/uploads\/2019\/12\/termalni-lazne-rakousko-2-300x200.jpeg 300w, https:\/\/all4camper.com\/wp-content\/uploads\/2019\/12\/termalni-lazne-rakousko-2-150x100.jpeg 150w\" sizes=\"auto, (max-width: 640px) 100vw, 640px\" \/><\/figure>\n\n\n\n<h3 class=\"wp-block-heading\"><strong>Tyrolsko<\/strong><\/h3>\n\n\n\n<p><strong>3. Aqua Dome<\/strong>\u00a0\u2013 Tyrolsk\u00e9 term\u00e1ln\u00ed l\u00e1zn\u011b L\u00e4ngenfeld \u2013 l\u00e1ze\u0148sk\u00e9 st\u0159edisko<\/p>\n\n\n\n<ul class=\"wp-block-list\"><li><strong>Str\u00e1nky:\u00a0<\/strong><a rel=\"noreferrer noopener\" href=\"http:\/\/www.aqua-dome.at\/\" target=\"_blank\">www.aqua-dome.at<\/a><\/li><li><strong>Co v\u0161e:\u00a0<\/strong>Term\u00e1ln\u00ed l\u00e1zn\u011b, saunov\u00fd sv\u011bt (od 15 let), jeden \u010dlunov\u00fd tobog\u00e1n, fitness<\/li><li> <strong>Zvl\u00e1\u0161tnost:<\/strong>\u00a0futuristick\u00e9 venkovn\u00ed baz\u00e9ny ve tvaru m\u00edsy \u2013 architektonick\u00fd \u201eskvost\u201c <\/li><li><strong>Kempov\u00e1n\u00ed:<\/strong>\u00a0<a rel=\"noreferrer noopener\" href=\"https:\/\/www.camping-oetztal.com\/\" target=\"_blank\">Kemp \u00d6tztal<\/a>, L\u00e4ngenfeld, \u00d6CC-Partner, 1 km od l\u00e1zn\u00ed<\/li><li><a href=\"https:\/\/goo.gl\/maps\/51JbYvGZbrz\">Zobrazit na map\u011b<\/a><\/li><\/ul>\n\n\n\n<figure class=\"wp-block-image size-large\"><img loading=\"lazy\" decoding=\"async\" width=\"640\" height=\"426\" src=\"https:\/\/all4camper.com\/\/wp-content\/uploads\/2019\/12\/termalni-lazne-rakousko-3.jpeg\" alt=\"\" class=\"wp-image-84135\" srcset=\"https:\/\/all4camper.com\/wp-content\/uploads\/2019\/12\/termalni-lazne-rakousko-3.jpeg 640w, https:\/\/all4camper.com\/wp-content\/uploads\/2019\/12\/termalni-lazne-rakousko-3-300x200.jpeg 300w, https:\/\/all4camper.com\/wp-content\/uploads\/2019\/12\/termalni-lazne-rakousko-3-150x100.jpeg 150w\" sizes=\"auto, (max-width: 640px) 100vw, 640px\" \/><\/figure>\n\n\n\n<p><strong>4.\u00a0Ehrenberg\u00a0Alpentherme\u00a0<\/strong><\/p>\n\n\n\n<ul class=\"wp-block-list\"><li><strong>Str\u00e1nky:<\/strong>\u00a0<a rel=\"noreferrer noopener\" href=\"http:\/\/www.alpentherme-ehrenberg.at\/\" target=\"_blank\">http:\/\/www.alpentherme-ehrenberg.at<\/a><\/li><li><strong>Co v\u0161e:\u00a0<\/strong>Term\u00e1ln\u00ed l\u00e1zn\u011b, Saunov\u00fd sv\u011bt, \u010dlunov\u00fd tobog\u00e1n<\/li><li> <strong>Zvl\u00e1\u0161tnost:<\/strong>\u00a0Term\u00e1ln\u00ed odpo\u010dinkov\u00e1 galerie, v sauna sv\u011bte temn\u00e1 komora se zvukov\u00fdmi a sv\u011bteln\u00fdmi efekty<\/li><li><strong>Kemp:<\/strong>\u00a0<a rel=\"noreferrer noopener\" href=\"http:\/\/www.camping-reutte.com\/\" target=\"_blank\">Camping Reutte<\/a>, Reutte, 1 km od l\u00e1zn\u00ed<\/li><li><a href=\"https:\/\/goo.gl\/maps\/r1GWijTp5Jo\">Zobrazit na map\u011b<\/a><\/li><\/ul>\n\n\n\n<figure class=\"wp-block-image size-large\"><img loading=\"lazy\" decoding=\"async\" width=\"640\" height=\"267\" src=\"https:\/\/all4camper.com\/\/wp-content\/uploads\/2019\/12\/termalni-lazne-rakousko4.jpeg\" alt=\"\" class=\"wp-image-84136\" srcset=\"https:\/\/all4camper.com\/wp-content\/uploads\/2019\/12\/termalni-lazne-rakousko4.jpeg 640w, https:\/\/all4camper.com\/wp-content\/uploads\/2019\/12\/termalni-lazne-rakousko4-300x125.jpeg 300w, https:\/\/all4camper.com\/wp-content\/uploads\/2019\/12\/termalni-lazne-rakousko4-150x63.jpeg 150w\" sizes=\"auto, (max-width: 640px) 100vw, 640px\" \/><\/figure>\n\n\n\n<p><strong>5. Dobrodru\u017estv\u00ed Zillertal<\/strong><\/p>\n\n\n\n<ul class=\"wp-block-list\"><li><strong>Str\u00e1nky:\u00a0<\/strong><a rel=\"noreferrer noopener\" href=\"http:\/\/www.erlebnistherme-zillertal.at\/\" target=\"_blank\">www.erlebnistherme-zillertal.at<\/a><\/li><li><strong>Co v\u0161e:\u00a0<\/strong>Term\u00e1ln\u00ed l\u00e1zn\u011b, Saunov\u00fd sv\u011bt, 2 tobog\u00e1ny<\/li><li> <strong>Zvl\u00e1\u0161tnost:<\/strong>\u00a0Velk\u00e1 venkovn\u00ed letn\u00ed vodn\u00ed plocha<\/li><li><strong>Kemp:<\/strong><a rel=\"noreferrer noopener\" href=\"http:\/\/www.hells-ferienresort.at\/\" target=\"_blank\">Hells Ferienresort<\/a>, F\u00fcgen, 3 km od l\u00e1zn\u00ed<\/li><li><a href=\"https:\/\/goo.gl\/maps\/Q2Dge5Gkwvt\">Zobrazit na map\u011b<\/a><\/li><\/ul>\n\n\n\n<figure class=\"wp-block-image size-large\"><img loading=\"lazy\" decoding=\"async\" width=\"640\" height=\"452\" src=\"https:\/\/all4camper.com\/\/wp-content\/uploads\/2019\/12\/termalni-lazne-rakousko-5.jpeg\" alt=\"\" class=\"wp-image-84137\" srcset=\"https:\/\/all4camper.com\/wp-content\/uploads\/2019\/12\/termalni-lazne-rakousko-5.jpeg 640w, https:\/\/all4camper.com\/wp-content\/uploads\/2019\/12\/termalni-lazne-rakousko-5-300x212.jpeg 300w, https:\/\/all4camper.com\/wp-content\/uploads\/2019\/12\/termalni-lazne-rakousko-5-150x106.jpeg 150w\" sizes=\"auto, (max-width: 640px) 100vw, 640px\" \/><\/figure>\n\n\n\n<h3 class=\"wp-block-heading\"><strong>Horn\u00ed Rakousko<\/strong><\/h3>\n\n\n\n<p><strong>6.\u00a0EurothermenResort Bad Hall<\/strong>\u00a0\u2013 Therme Mediterrana a Relaxium<\/p>\n\n\n\n<ul class=\"wp-block-list\"><li><strong>Str\u00e1nky:<\/strong>\u00a0<a rel=\"noreferrer noopener\" href=\"https:\/\/www.eurothermen.at\/thermen\/mediterrana\/\" target=\"_blank\">eurothermen.at<\/a><\/li><li><strong>Co v\u0161e:\u00a0<\/strong>Term\u00e1ln\u00ed l\u00e1zn\u011b, Saunov\u00fd sv\u011bt Relaxium (od 16 let) \u2013 vhodn\u00e9 sp\u00ed\u0161e jen pro dosp\u011bl\u00e9<\/li><li><strong>Zvl\u00e1\u0161tnost:<\/strong>\u00a0st\u0159edomo\u0159sk\u00e1 architektura, jodov\u00e1 parn\u00ed l\u00e1ze\u0148<\/li><li><strong>Kemp:<\/strong>\u00a0<a rel=\"noreferrer noopener\" href=\"http:\/\/wp.stadlhuber.at\/\" target=\"_blank\">Aktivpark Gasthof Stadlhuber<\/a>, Kremsm\u00fcnster, m\u00e1 i baz\u00e9n a Wellness, 9 km od l\u00e1zn\u00ed<\/li><li><a href=\"https:\/\/goo.gl\/maps\/9fYYbBaqWLF2\">Zobrazit na map\u011b<\/a><\/li><\/ul>\n\n\n\n<figure class=\"wp-block-image size-large\"><img loading=\"lazy\" decoding=\"async\" width=\"640\" height=\"298\" src=\"https:\/\/all4camper.com\/\/wp-content\/uploads\/2019\/12\/termalni-lazne-rakousko-6.jpeg\" alt=\"\" class=\"wp-image-84138\" srcset=\"https:\/\/all4camper.com\/wp-content\/uploads\/2019\/12\/termalni-lazne-rakousko-6.jpeg 640w, https:\/\/all4camper.com\/wp-content\/uploads\/2019\/12\/termalni-lazne-rakousko-6-300x140.jpeg 300w, https:\/\/all4camper.com\/wp-content\/uploads\/2019\/12\/termalni-lazne-rakousko-6-150x70.jpeg 150w\" sizes=\"auto, (max-width: 640px) 100vw, 640px\" \/><\/figure>\n\n\n\n<p><strong>7. EurothermenResort Bad Ischl<\/strong><\/p>\n\n\n\n<ul class=\"wp-block-list\"><li><strong>Str\u00e1nky:\u00a0<\/strong><a rel=\"noreferrer noopener\" href=\"https:\/\/www.eurothermen.at\/bad-ischl\/therme\/\" target=\"_blank\">eurothermen.at<\/a><\/li><li><strong>Co v\u0161e:\u00a0<\/strong>Term\u00e1ln\u00ed l\u00e1zn\u011b, Saunov\u00fd sv\u011bt Relaxium, Horolezeck\u00e1 st\u011bna s 55 cestami \u2013 vhodn\u00e9 sp\u00ed\u0161e pro dosp\u011bl\u00e9<\/li><li><strong>Zvl\u00e1\u0161tnost:<\/strong>\u00a0l\u00e1zn\u011b s historickou minulost\u00ed a tradic\u00ed, lezeck\u00e1 st\u011bna, jedn\u00e1 se o soln\u00e9 l\u00e1zn\u011b<\/li><li><strong>Kemp:\u00a0<\/strong><a rel=\"noreferrer noopener\" href=\"https:\/\/www.berau.at\/\" target=\"_blank\">Berau am Wolfgangsee<\/a>, St. Wolfgang, 14 km od l\u00e1zn\u00ed<\/li><li><a href=\"https:\/\/goo.gl\/maps\/pDjzYAcQ5d42\">Zobrazit na map\u011b<\/a><\/li><\/ul>\n\n\n\n<figure class=\"wp-block-image size-large\"><img loading=\"lazy\" decoding=\"async\" width=\"640\" height=\"298\" src=\"https:\/\/all4camper.com\/\/wp-content\/uploads\/2019\/12\/termalni-lazne-rakousko7.jpeg\" alt=\"\" class=\"wp-image-84139\" srcset=\"https:\/\/all4camper.com\/wp-content\/uploads\/2019\/12\/termalni-lazne-rakousko7.jpeg 640w, https:\/\/all4camper.com\/wp-content\/uploads\/2019\/12\/termalni-lazne-rakousko7-300x140.jpeg 300w, https:\/\/all4camper.com\/wp-content\/uploads\/2019\/12\/termalni-lazne-rakousko7-150x70.jpeg 150w\" sizes=\"auto, (max-width: 640px) 100vw, 640px\" \/><\/figure>\n\n\n\n<p><strong>8.\u00a0EurothermenResort Bad Schallerbach<\/strong><\/p>\n\n\n\n<ul class=\"wp-block-list\"><li><strong>Str\u00e1nky:<a rel=\"noreferrer noopener\" href=\"https:\/\/www.eurothermen.at\/bad-schallerbach\/thermen\/\" target=\"_blank\"> eurothermen.at<\/a><\/strong><\/li><li><strong>Co v\u0161e:\u00a0<\/strong>Term\u00e1ln\u00ed l\u00e1zn\u011b, saunov\u00fd sv\u011bt, d\u011btsk\u00fd sv\u011bt, kamikadze, vlnobit\u00ed, 5D kino, fitness<\/li><li><strong>Zvl\u00e1\u0161tnost:<\/strong>\u00a0l\u00e1zn\u011b jsou stylizov\u00e1ny do atmosf\u00e9ry Karibiku, kor\u00e1lov\u00e9 jeskyn\u011b s mo\u0159sk\u00fdmi akv\u00e1rii, <strong>40 saun<\/strong>, TOP l\u00e1zn\u011b v Horn\u00edm Rakousku<\/li><li>Kemp:\u00a0<a rel=\"noreferrer noopener\" href=\"http:\/\/www.vitalwelt.at\/unterkuenfte\/oesterreich\/unterkunft\/102207\/gasthofcamping-tirolerhof.html\" target=\"_blank\">Camping Tirolerhof<\/a>, Gallspach, 14km od l\u00e1zn\u00ed<\/li><li><a href=\"https:\/\/goo.gl\/maps\/RpxubbhMGCE2\">Zobrazit na map\u011b<\/a><\/li><\/ul>\n\n\n\n<figure class=\"wp-block-image size-large\"><img loading=\"lazy\" decoding=\"async\" width=\"640\" height=\"298\" src=\"https:\/\/all4camper.com\/\/wp-content\/uploads\/2019\/12\/termalni-lazne-rakousko8.jpeg\" alt=\"\" class=\"wp-image-84140\" srcset=\"https:\/\/all4camper.com\/wp-content\/uploads\/2019\/12\/termalni-lazne-rakousko8.jpeg 640w, https:\/\/all4camper.com\/wp-content\/uploads\/2019\/12\/termalni-lazne-rakousko8-300x140.jpeg 300w, https:\/\/all4camper.com\/wp-content\/uploads\/2019\/12\/termalni-lazne-rakousko8-150x70.jpeg 150w\" sizes=\"auto, (max-width: 640px) 100vw, 640px\" \/><\/figure>\n\n\n\n<p><strong>9. Therme Geinberg<\/strong><\/p>\n\n\n\n<ul class=\"wp-block-list\"><li> <strong>Str\u00e1nky:\u00a0<a rel=\"noreferrer noopener\" href=\"https:\/\/www.therme-geinberg.at\/de\/therme-sauna\/therme\" target=\"_blank\">therme-geinberg.at<\/a><\/strong><\/li><li> <strong>Co v\u0161e:\u00a0<\/strong>Term\u00e1ln\u00ed l\u00e1zn\u011b, Saunov\u00fd sv\u011bt (od 10 let) s p\u00edse\u010dnou pl\u00e1\u017e\u00ed, orient\u00e1ln\u00ed sv\u011bt \u2013 l\u00e1zn\u011b sp\u00ed\u0161e pro dosp\u011bl\u00e9<\/li><li> <strong>Zvl\u00e1\u0161tnost:<\/strong>\u00a0Term\u00e1ln\u00ed l\u00e1zn\u011b s nejv\u011bt\u0161\u00ed vodn\u00ed rozlohou v Rakousku, p\u00edse\u010dn\u00e1 pl\u00e1\u017e, palmov\u00e1 zahrada, karibsk\u00e1 laguna<\/li><li><strong>Kemp:\u00a0<\/strong><a rel=\"noreferrer noopener\" href=\"https:\/\/obernberg-panoramacamping.jimdo.com\/ausflugsziele\/\" target=\"_blank\">Panorama-Camping<\/a>, Obernberg, 4 km od l\u00e1zn\u00ed<\/li><li><a href=\"https:\/\/goo.gl\/maps\/uXkEvQ8NoY72\">Zobrazit na map\u011b<\/a> <\/li><\/ul>\n\n\n\n<div class=\"wp-block-image\"><figure class=\"aligncenter size-large\"><img loading=\"lazy\" decoding=\"async\" width=\"400\" height=\"299\" src=\"https:\/\/all4camper.com\/\/wp-content\/uploads\/2019\/12\/termalni-lazne-rakousko9.jpeg\" alt=\"\" class=\"wp-image-84141\" srcset=\"https:\/\/all4camper.com\/wp-content\/uploads\/2019\/12\/termalni-lazne-rakousko9.jpeg 400w, https:\/\/all4camper.com\/wp-content\/uploads\/2019\/12\/termalni-lazne-rakousko9-300x224.jpeg 300w, https:\/\/all4camper.com\/wp-content\/uploads\/2019\/12\/termalni-lazne-rakousko9-150x112.jpeg 150w, https:\/\/all4camper.com\/wp-content\/uploads\/2019\/12\/termalni-lazne-rakousko9-326x245.jpeg 326w, https:\/\/all4camper.com\/wp-content\/uploads\/2019\/12\/termalni-lazne-rakousko9-80x60.jpeg 80w\" sizes=\"auto, (max-width: 400px) 100vw, 400px\" \/><\/figure><\/div>\n\n\n\n<h3 class=\"wp-block-heading\"><strong>Doln\u00ed Rakousko<\/strong><\/h3>\n\n\n\n<p><strong>10. Linsberg Asia term\u00e1ln\u00ed l\u00e1zn\u011b Bad Erlach<\/strong><\/p>\n\n\n\n<ul class=\"wp-block-list\"><li> <strong>Str\u00e1nky: <\/strong><a href=\"http:\/\/www.linsbergasia.at\/\">linsbergasia.at<\/a> <\/li><li> <strong>Co v\u0161e:\u00a0<\/strong>Term\u00e1ln\u00ed l\u00e1zn\u011b, Saunov\u00fd sv\u011bt \u2013 l\u00e1zn\u011b pouze pro dosp\u011bl\u00e9!<\/li><li> <strong>Zvl\u00e1\u0161tnost:<\/strong>\u00a015 000m2 venkovn\u00edch a vnit\u0159n\u00edch baz\u00e9n\u016f, 9 saun<\/li><li> <a href=\"https:\/\/goo.gl\/maps\/EVyzqxWoXCL2\">Zobrazit\u00a0na map\u011b<\/a><\/li><\/ul>\n\n\n\n<figure class=\"wp-block-image size-large\"><img loading=\"lazy\" decoding=\"async\" width=\"640\" height=\"410\" src=\"https:\/\/all4camper.com\/\/wp-content\/uploads\/2019\/12\/termalni-lazne-rakousko-10.jpeg\" alt=\"\" class=\"wp-image-84142\" srcset=\"https:\/\/all4camper.com\/wp-content\/uploads\/2019\/12\/termalni-lazne-rakousko-10.jpeg 640w, https:\/\/all4camper.com\/wp-content\/uploads\/2019\/12\/termalni-lazne-rakousko-10-300x192.jpeg 300w, https:\/\/all4camper.com\/wp-content\/uploads\/2019\/12\/termalni-lazne-rakousko-10-150x96.jpeg 150w\" sizes=\"auto, (max-width: 640px) 100vw, 640px\" \/><\/figure>\n\n\n\n<p><strong>11. R\u00f6mertherme<\/strong><\/p>\n\n\n\n<ul class=\"wp-block-list\"><li><strong>Str\u00e1nky:\u00a0<\/strong><a rel=\"noreferrer noopener\" href=\"http:\/\/www.roemertherme.at\/\" target=\"_blank\">roemertherme.at<\/a><\/li><li><strong>Co v\u0161e:\u00a0<\/strong>Term\u00e1ln\u00ed l\u00e1zn\u011b, Saunov\u00fd sv\u011bt, Fitness \u2013 sp\u00ed\u0161e pro dosp\u011bl\u00e9<\/li><li><strong>Zvl\u00e1\u0161tnost:<\/strong>\u00a0Nejv\u011bt\u0161\u00ed prosklen\u00e1 st\u0159echa v Evrop\u011b, sirn\u00e1 miner\u00e1ln\u00ed voda<\/li><li> <strong>Kemp:\u00a0<\/strong><a rel=\"noreferrer noopener\" href=\"http:\/\/camping-wienerwald.at\/\" target=\"_blank\">Camping Wienerwald<\/a>, Sulz ve Wienerwaldu, 17 km od l\u00e1zn\u00ed <\/li><\/ul>\n\n\n\n<figure class=\"wp-block-image size-large\"><img loading=\"lazy\" decoding=\"async\" width=\"640\" height=\"184\" src=\"https:\/\/all4camper.com\/\/wp-content\/uploads\/2019\/12\/termalni-lazne-rakousko11.jpeg\" alt=\"\" class=\"wp-image-84143\" srcset=\"https:\/\/all4camper.com\/wp-content\/uploads\/2019\/12\/termalni-lazne-rakousko11.jpeg 640w, https:\/\/all4camper.com\/wp-content\/uploads\/2019\/12\/termalni-lazne-rakousko11-300x86.jpeg 300w, https:\/\/all4camper.com\/wp-content\/uploads\/2019\/12\/termalni-lazne-rakousko11-150x43.jpeg 150w\" sizes=\"auto, (max-width: 640px) 100vw, 640px\" \/><\/figure>\n\n\n\n<p><strong>12. Therme Laa \u2013 Hotel &amp; Spa<\/strong><\/p>\n\n\n\n<ul class=\"wp-block-list\"><li><strong>Str\u00e1nky:\u00a0<a rel=\"noreferrer noopener\" aria-label=\" (opens in a new tab)\" href=\"https:\/\/www.therme-laa.at\/cs\/\" target=\"_blank\">therme-laa.at<\/a><\/strong><\/li><li><strong>Co v\u0161e:\u00a0<\/strong>Term\u00e1ln\u00ed l\u00e1zn\u011b, Saunov\u00fd sv\u011bt, D\u011btsk\u00fd sv\u011bt<\/li><li><strong>Zvl\u00e1\u0161tnost:<\/strong>\u00a0Term\u00e1ln\u00ed pramen obsahuj\u00edc\u00ed sod\u00edk, chlorid, j\u00f3d a miner\u00e1ly<\/li><li><a href=\"https:\/\/goo.gl\/maps\/ZwCb2nBhb3u\">Zobrazit na map\u011b<\/a> <\/li><\/ul>\n\n\n\n<div class=\"wp-block-image\"><figure class=\"aligncenter size-large\"><img loading=\"lazy\" decoding=\"async\" width=\"399\" height=\"249\" src=\"https:\/\/all4camper.com\/\/wp-content\/uploads\/2019\/12\/termalni-lazne-rakousko12.jpeg\" alt=\"\" class=\"wp-image-84144\" srcset=\"https:\/\/all4camper.com\/wp-content\/uploads\/2019\/12\/termalni-lazne-rakousko12.jpeg 399w, https:\/\/all4camper.com\/wp-content\/uploads\/2019\/12\/termalni-lazne-rakousko12-300x187.jpeg 300w, https:\/\/all4camper.com\/wp-content\/uploads\/2019\/12\/termalni-lazne-rakousko12-150x94.jpeg 150w\" sizes=\"auto, (max-width: 399px) 100vw, 399px\" \/><\/figure><\/div>\n\n\n\n<p><strong>13. Sole-Rock-Bad Gm\u00fcnd<\/strong><\/p>\n\n\n\n<ul class=\"wp-block-list\"><li><strong>Str\u00e1nky:\u00a0<\/strong><a rel=\"noreferrer noopener\" href=\"http:\/\/www.sole-felsen-bad.at\/\" target=\"_blank\">sole-felsen-bad.at<\/a><\/li><li><strong>Co v\u0161e:\u00a0<\/strong>Term\u00e1ln\u00ed l\u00e1zn\u011b, Saunov\u00fd sv\u011bt, Ob\u0159\u00ed skluzavka, Sauna i pro d\u011bti<\/li><li><strong>Zvl\u00e1\u0161tnost:<\/strong>\u00a0Voda m\u00e1 koncentraci soli od 0,1% do 3% <\/li><li><strong>Kemp:<\/strong>Kemp v Sole Rock Bath, 0 km \u2013 p\u0159\u00edmo u l\u00e1zn\u00ed<\/li><li><strong>Stellplatz<\/strong>: P\u0159\u00edmo u kempu. Vstupn\u00ed uli\u010dka vp\u0159edu, na silnici.<\/li><\/ul>\n\n\n\n<div class=\"wp-block-image\"><figure class=\"aligncenter size-large\"><img loading=\"lazy\" decoding=\"async\" width=\"425\" height=\"283\" src=\"https:\/\/all4camper.com\/\/wp-content\/uploads\/2019\/12\/termalni-lazne-rakousko13.jpeg\" alt=\"\" class=\"wp-image-84145\" srcset=\"https:\/\/all4camper.com\/wp-content\/uploads\/2019\/12\/termalni-lazne-rakousko13.jpeg 425w, https:\/\/all4camper.com\/wp-content\/uploads\/2019\/12\/termalni-lazne-rakousko13-300x200.jpeg 300w, https:\/\/all4camper.com\/wp-content\/uploads\/2019\/12\/termalni-lazne-rakousko13-150x100.jpeg 150w\" sizes=\"auto, (max-width: 425px) 100vw, 425px\" \/><\/figure><\/div>\n\n\n\n<p><strong>14. Soln\u00e9 l\u00e1zn\u011b Ybbstaler<\/strong><\/p>\n\n\n\n<ul class=\"wp-block-list\"><li><strong>Str\u00e1nky:\u00a0<a rel=\"noreferrer noopener\" href=\"http:\/\/www.ybbstaler-solebad.at\/index.php\" target=\"_blank\">ybbstaler-solebad.at<\/a><\/strong><\/li><li><strong>Co v\u0161e:\u00a0<\/strong>Term\u00e1ln\u00ed l\u00e1zn\u011b, Saunov\u00fd sv\u011bt<\/li><li> <strong>Zvl\u00e1\u0161tnost:<\/strong>\u00a0Soln\u00e9 l\u00e1zn\u011b <\/li><li> <strong>Kemp:<\/strong>\u00a0<a rel=\"noreferrer noopener\" href=\"http:\/\/www.oetscherlandcamping.at\/\" target=\"_blank\">\u00d6tscherland Camping<\/a>, Lunz am See, 12 km od l\u00e1zn\u00ed <\/li><li> <a href=\"https:\/\/goo.gl\/maps\/6tteoT6ntUv\">Zobrazit na map\u011b<\/a> <\/li><\/ul>\n\n\n\n<figure class=\"wp-block-image size-large\"><img loading=\"lazy\" decoding=\"async\" width=\"640\" height=\"427\" src=\"https:\/\/all4camper.com\/\/wp-content\/uploads\/2019\/12\/termalni-lazne-rakousko14.jpeg\" alt=\"\" class=\"wp-image-84146\" srcset=\"https:\/\/all4camper.com\/wp-content\/uploads\/2019\/12\/termalni-lazne-rakousko14.jpeg 640w, https:\/\/all4camper.com\/wp-content\/uploads\/2019\/12\/termalni-lazne-rakousko14-300x200.jpeg 300w, https:\/\/all4camper.com\/wp-content\/uploads\/2019\/12\/termalni-lazne-rakousko14-150x100.jpeg 150w\" sizes=\"auto, (max-width: 640px) 100vw, 640px\" \/><\/figure>\n\n\n\n<h3 class=\"wp-block-heading\"><strong>V\u00edde\u0148<\/strong><\/h3>\n\n\n\n<p><strong>15. Therme V\u00edde\u0148 Oberlaa<\/strong><\/p>\n\n\n\n<ul class=\"wp-block-list\"><li><strong>Str\u00e1nky:\u00a0<\/strong><a rel=\"noreferrer noopener\" href=\"http:\/\/www.thermewien.at\/\" target=\"_blank\">www.thermewien.at<\/a><\/li><li><strong>Co v\u0161e:\u00a0<\/strong>Term\u00e1ln\u00ed l\u00e1zn\u011b, Saunov\u00fd sv\u011bt (od 14 let), D\u011btsk\u00fd sv\u011bt, v\u00edce tobog\u00e1n\u016f<\/li><li><strong>Zvl\u00e1\u0161tnost:<\/strong>\u00a0Jeskyn\u011b s vodn\u00ed mlhou, vodn\u00ed kask\u00e1dy, mal\u00e9 vodop\u00e1dy, font\u00e1ny, sk\u00e1k\u00e1n\u00ed ze st\u011bny do vody <\/li><li> <a href=\"https:\/\/goo.gl\/maps\/ThgG6MjxYxA2\">Zobrazit na map\u011b<\/a><\/li><\/ul>\n\n\n\n<figure class=\"wp-block-image size-large\"><img loading=\"lazy\" decoding=\"async\" width=\"640\" height=\"280\" src=\"https:\/\/all4camper.com\/\/wp-content\/uploads\/2019\/12\/termalni-lazne-rakousko15.jpeg\" alt=\"\" class=\"wp-image-84147\" srcset=\"https:\/\/all4camper.com\/wp-content\/uploads\/2019\/12\/termalni-lazne-rakousko15.jpeg 640w, https:\/\/all4camper.com\/wp-content\/uploads\/2019\/12\/termalni-lazne-rakousko15-300x131.jpeg 300w, https:\/\/all4camper.com\/wp-content\/uploads\/2019\/12\/termalni-lazne-rakousko15-150x66.jpeg 150w\" sizes=\"auto, (max-width: 640px) 100vw, 640px\" \/><\/figure>\n\n\n\n<h3 class=\"wp-block-heading\"><strong>Burgenland<\/strong><\/h3>\n\n\n\n<p><strong>16. AVITA Therme<\/strong><\/p>\n\n\n\n<ul class=\"wp-block-list\"><li><strong>Str\u00e1nky:\u00a0<\/strong><a rel=\"noreferrer noopener\" href=\"http:\/\/www.avita.at\/\" target=\"_blank\">avita.at<\/a><\/li><li><strong>Co v\u0161e:\u00a0<\/strong>Term\u00e1ln\u00ed l\u00e1zn\u011b, Saunov\u00fd sv\u011bt<\/li><li><strong>Zvl\u00e1\u0161tnost:<\/strong>\u00a0Mo\u017enost koup\u00e1n\u00ed v p\u0159\u00edrodn\u00edm rybn\u00edku, teplota baz\u00e9n\u016f a\u017e 36\u00b0C, 12 saun<\/li><li><strong>Kemp:<\/strong>\u00a0<a rel=\"noreferrer noopener\" href=\"http:\/\/www.thermencamping.co.at\/\" target=\"_blank\">Thermencamping Obersch\u00fctzen<\/a>\u00a0Bad Tatzmannsdorf, Obersch\u00fctzen, Host\u00e9 kempu dostanou v l\u00e1zn\u00edch 15% slevu, 1km od l\u00e1zn\u00ed<\/li><li><a href=\"https:\/\/goo.gl\/maps\/s63NNZkKZUL2\">Zobrazit na map\u011b<\/a><\/li><\/ul>\n\n\n\n<figure class=\"wp-block-image size-large\"><img loading=\"lazy\" decoding=\"async\" width=\"640\" height=\"328\" src=\"https:\/\/all4camper.com\/\/wp-content\/uploads\/2019\/12\/termalni-lazne-rakousko16.png\" alt=\"\" class=\"wp-image-84148\" srcset=\"https:\/\/all4camper.com\/wp-content\/uploads\/2019\/12\/termalni-lazne-rakousko16.png 640w, https:\/\/all4camper.com\/wp-content\/uploads\/2019\/12\/termalni-lazne-rakousko16-300x154.png 300w, https:\/\/all4camper.com\/wp-content\/uploads\/2019\/12\/termalni-lazne-rakousko16-150x77.png 150w\" sizes=\"auto, (max-width: 640px) 100vw, 640px\" \/><\/figure>\n\n\n\n<p><strong>17. Sonnentherme<\/strong><\/p>\n\n\n\n<ul class=\"wp-block-list\"><li><strong>Str\u00e1nky:\u00a0<\/strong><a rel=\"noreferrer noopener\" href=\"http:\/\/www.sonnentherme.at\/\" target=\"_blank\">sonnentherme.at<\/a><\/li><li><strong>Co v\u0161e:\u00a0<\/strong>Term\u00e1ln\u00ed l\u00e1zn\u011b, Saunov\u00fd sv\u011bt (od 15 let) <\/li><li><strong>Zvl\u00e1\u0161tnost:<\/strong>\u00a0hezk\u00e9 rozd\u011blen\u00ed \u010d\u00e1st\u00ed term\u00e1l\u016f dle v\u011bkov\u00fdch kategori\u00ed, v\u00edce se dozv\u00edte v m\u00e9 recenzi\u00a0<a rel=\"noreferrer noopener\" href=\"https:\/\/all4camper.com\/\/cz\/sonnentherme-krasne-termalni-lazne-v-rakousku\/\" target=\"_blank\">sonnentherme-krasne-termalni-lazne-v-rakousku<\/a><\/li><li><strong>Kemp:\u00a0<\/strong><a rel=\"noreferrer noopener\" href=\"http:\/\/www.camping-sonnenland.at\/\" target=\"_blank\">Camping Sonnenland<\/a>, Lutzmannsburg, 1 km od l\u00e1zn\u00ed<\/li><li><a href=\"https:\/\/goo.gl\/maps\/WNcVcmRRiAS2\">Zobrazit na map\u011b<\/a><\/li><\/ul>\n\n\n\n<p><strong>18. St. Martins Therme &amp; Lodge, Frauenkirchen<\/strong><\/p>\n\n\n\n<ul class=\"wp-block-list\"><li><strong>Str\u00e1nky:\u00a0<\/strong><a rel=\"noreferrer noopener\" href=\"http:\/\/www.stmartins.at\/\" target=\"_blank\">stmartins.at<\/a><\/li><li><strong>Co v\u0161e:\u00a0<\/strong>Term\u00e1ln\u00ed l\u00e1zn\u011b, Saunov\u00fd sv\u011bt, Safari park, D\u011btsk\u00fd sv\u011bt, 90 m tobog\u00e1n<\/li><li><strong>Zvl\u00e1\u0161tnost:<\/strong>\u00a0Safari park, jezern\u00ed sauna s p\u0159\u00edm\u00fdm vstupem do jezera, 8 ha velk\u00e9 jezero na koup\u00e1n\u00ed <\/li><li><a href=\"https:\/\/goo.gl\/maps\/LLvaWKfy3qJ2\">Zobrazit na map\u011b<\/a> <\/li><\/ul>\n\n\n\n<figure class=\"wp-block-image size-large\"><img loading=\"lazy\" decoding=\"async\" width=\"640\" height=\"278\" src=\"https:\/\/all4camper.com\/\/wp-content\/uploads\/2019\/12\/termalni-lazne-rakousko18.jpeg\" alt=\"\" class=\"wp-image-84149\" srcset=\"https:\/\/all4camper.com\/wp-content\/uploads\/2019\/12\/termalni-lazne-rakousko18.jpeg 640w, https:\/\/all4camper.com\/wp-content\/uploads\/2019\/12\/termalni-lazne-rakousko18-300x130.jpeg 300w, https:\/\/all4camper.com\/wp-content\/uploads\/2019\/12\/termalni-lazne-rakousko18-150x65.jpeg 150w\" sizes=\"auto, (max-width: 640px) 100vw, 640px\" \/><\/figure>\n\n\n\n<p><strong>19. Therme Stegersbach<\/strong><\/p>\n\n\n\n<ul class=\"wp-block-list\"><li><strong>Str\u00e1nky:\u00a0<\/strong><a rel=\"noreferrer noopener\" href=\"http:\/\/www.dietherme.com\/\" target=\"_blank\">stegersbach.at <\/a><\/li><li><strong>Co v\u0161e:\u00a0<\/strong>Term\u00e1ln\u00ed l\u00e1zn\u011b, Saunov\u00fd sv\u011bt (od 15 let), D\u011btsk\u00fd sv\u011bt, 100 m dlouh\u00fd tobog\u00e1n<\/li><li> <strong>Zvl\u00e1\u0161tnost:<\/strong>\u00a0voda v Thermal 1 je s vysok\u00fdm obsahem s\u00edry, v term\u00e1lech je neuv\u011b\u0159iteln\u00fdch 14 baz\u00e9n\u016f s pr\u016fm\u011brnou teplotou 35\u00b0C<\/li><li>Kemp:\u00a0<a rel=\"noreferrer noopener\" href=\"http:\/\/www.camping-schloss-burgau.at\/\" target=\"_blank\">Camping Schloss Burgau<\/a>, 6 km od l\u00e1zn\u00ed<\/li><li><a href=\"https:\/\/goo.gl\/maps\/jNC4FgmbRqR1UfSw7\" target=\"_blank\" rel=\"noreferrer noopener\" aria-label=\"Zobrazit na map\u011b (opens in a new tab)\">Zobrazit na map\u011b<\/a><\/li><\/ul>\n\n\n\n<figure class=\"wp-block-image size-large\"><img loading=\"lazy\" decoding=\"async\" width=\"567\" height=\"257\" src=\"https:\/\/all4camper.com\/\/wp-content\/uploads\/2019\/12\/termalni-lazne-rakousko19.jpeg\" alt=\"\" class=\"wp-image-84150\" srcset=\"https:\/\/all4camper.com\/wp-content\/uploads\/2019\/12\/termalni-lazne-rakousko19.jpeg 567w, https:\/\/all4camper.com\/wp-content\/uploads\/2019\/12\/termalni-lazne-rakousko19-300x136.jpeg 300w, https:\/\/all4camper.com\/wp-content\/uploads\/2019\/12\/termalni-lazne-rakousko19-150x68.jpeg 150w\" sizes=\"auto, (max-width: 567px) 100vw, 567px\" \/><\/figure>\n\n\n\n<h3 class=\"wp-block-heading\"><strong>\u0160t\u00fdrsko<\/strong><\/h3>\n\n\n\n<p><strong>20. Narcisy Bad Aussee<\/strong><\/p>\n\n\n\n<ul class=\"wp-block-list\"><li><strong>Str\u00e1nky:\u00a0<\/strong><a rel=\"noreferrer noopener\" href=\"http:\/\/www.narzissenbadaussee.at\/\" target=\"_blank\">narzissenbadaussee.at<\/a><\/li><li><strong>Co v\u0161e:\u00a0<\/strong>Soln\u00e9 l\u00e1zn\u011b, Saunov\u00fd sv\u011bt (od 16 let) \u2013 sp\u00ed\u0161e pro dosp\u011bl\u00e9<\/li><li> <strong>Zvl\u00e1\u0161tnost:<\/strong>\u00a0Soln\u00fd baz\u00e9n v soln\u00e9 jeskyni, v dojezdov\u00e9 bl\u00edzkosti jsou 3 zimn\u00ed st\u0159ediska<\/li><li> <strong>Kemp:\u00a0<\/strong><a rel=\"noreferrer noopener\" href=\"http:\/\/www.staudnwirt.at\/\" target=\"_blank\">Gasthof Staud\u2019nwirt<\/a>, Bad Aussee, partner \u00d6CC, 4 km od l\u00e1zn\u00ed <\/li><li> <a href=\"https:\/\/goo.gl\/maps\/kokcPTbpj6m\">Zobrazit na map\u011b<\/a><\/li><\/ul>\n\n\n\n<figure class=\"wp-block-image size-large\"><img loading=\"lazy\" decoding=\"async\" width=\"640\" height=\"388\" src=\"https:\/\/all4camper.com\/\/wp-content\/uploads\/2019\/12\/termalni-lazne-rakousko20.jpeg\" alt=\"\" class=\"wp-image-84151\" srcset=\"https:\/\/all4camper.com\/wp-content\/uploads\/2019\/12\/termalni-lazne-rakousko20.jpeg 640w, https:\/\/all4camper.com\/wp-content\/uploads\/2019\/12\/termalni-lazne-rakousko20-300x182.jpeg 300w, https:\/\/all4camper.com\/wp-content\/uploads\/2019\/12\/termalni-lazne-rakousko20-150x91.jpeg 150w\" sizes=\"auto, (max-width: 640px) 100vw, 640px\" \/><\/figure>\n\n\n\n<p><strong>21. Kurhaus Bad Gleichenberg<\/strong><\/p>\n\n\n\n<ul class=\"wp-block-list\"><li><strong>Str\u00e1nky:\u00a0<\/strong><a rel=\"noreferrer noopener\" href=\"http:\/\/www.daskurhaus.at\/\" target=\"_blank\">daskurhaus.at<\/a><\/li><li><strong>Co v\u0161e: \u00a0<\/strong>Term\u00e1ln\u00ed l\u00e1zn\u011b, Saunov\u00fd sv\u011bt \u2013 sp\u00ed\u0161e pro dosp\u011bl\u00e9<\/li><li> <strong>Zvl\u00e1\u0161tnost:<\/strong>\u00a0historick\u00e1 l\u00e1ze\u0148sk\u00e1 zahrada, voda nen\u00ed vhodn\u00e1 pro osoby trp\u00edc\u00ed vysok\u00fdm tlakem, srde\u010dn\u00ed nebo ren\u00e1ln\u00ed insuficienc\u00ed, glaukomem nebo malign\u00edmi n\u00e1dory. <\/li><li><strong>Kemp :\u00a0<\/strong><a rel=\"noreferrer noopener\" href=\"http:\/\/www.bairisch-koelldorf.at\/\" target=\"_blank\">Kempov\u00e1n\u00ed v oblasti Thermenland<\/a>, Bad Gleichenberg, 3km od l\u00e1zn\u00ed<\/li><li><a href=\"https:\/\/goo.gl\/maps\/JHgETDMjcQk\">Zobrazit na map\u011b<\/a><\/li><\/ul>\n\n\n\n<figure class=\"wp-block-image size-large\"><img loading=\"lazy\" decoding=\"async\" width=\"600\" height=\"219\" src=\"https:\/\/all4camper.com\/\/wp-content\/uploads\/2019\/12\/termalni-lazne-rakousko21.jpeg\" alt=\"\" class=\"wp-image-84152\" srcset=\"https:\/\/all4camper.com\/wp-content\/uploads\/2019\/12\/termalni-lazne-rakousko21.jpeg 600w, https:\/\/all4camper.com\/wp-content\/uploads\/2019\/12\/termalni-lazne-rakousko21-300x110.jpeg 300w, https:\/\/all4camper.com\/wp-content\/uploads\/2019\/12\/termalni-lazne-rakousko21-150x55.jpeg 150w\" sizes=\"auto, (max-width: 600px) 100vw, 600px\" \/><\/figure>\n\n\n\n<p><strong>22. Aqualux Therme Fohnsdorf<\/strong><\/p>\n\n\n\n<ul class=\"wp-block-list\"><li><strong>Str\u00e1nky:\u00a0<\/strong><a rel=\"noreferrer noopener\" href=\"http:\/\/www.therme-aqualux.at\/\" target=\"_blank\">therme-aqualux.at<\/a><\/li><li><strong>Co v\u0161e:\u00a0<\/strong>Term\u00e1ln\u00ed l\u00e1zn\u011b, Saunov\u00fd sv\u011bt (od 14 let), tobog\u00e1n 60 m<\/li><li> <strong>Zvl\u00e1\u0161tnost:<\/strong>\u00a0Venkovn\u00ed baz\u00e9n 34\u00b0C, panorama sauna s v\u00fdhledem na\u00a0Schloss Gabelhofen <\/li><li><strong>Kemp:\u00a0<\/strong>5<a rel=\"noreferrer noopener\" href=\"http:\/\/www.camping50plus.at\/\" target=\"_blank\">0plus Campingpark Fisching<\/a>, 10 km od l\u00e1zn\u00ed<\/li><li><a href=\"https:\/\/goo.gl\/maps\/w6bPLVWqvTU2\">Zobrazit na map\u011b<\/a><\/li><\/ul>\n\n\n\n<figure class=\"wp-block-image size-large\"><img loading=\"lazy\" decoding=\"async\" width=\"640\" height=\"289\" src=\"https:\/\/all4camper.com\/\/wp-content\/uploads\/2019\/12\/termalni-lazne-rakousko22.png\" alt=\"\" class=\"wp-image-84153\" srcset=\"https:\/\/all4camper.com\/wp-content\/uploads\/2019\/12\/termalni-lazne-rakousko22.png 640w, https:\/\/all4camper.com\/wp-content\/uploads\/2019\/12\/termalni-lazne-rakousko22-300x135.png 300w, https:\/\/all4camper.com\/wp-content\/uploads\/2019\/12\/termalni-lazne-rakousko22-150x68.png 150w\" sizes=\"auto, (max-width: 640px) 100vw, 640px\" \/><\/figure>\n\n\n\n<p><strong>23. Grimming Therme Bad Mitterndorf<\/strong><\/p>\n\n\n\n<ul class=\"wp-block-list\"><li><strong>Str\u00e1nky:\u00a0<\/strong><a rel=\"noreferrer noopener\" href=\"http:\/\/www.grimming-therme.com\/\" target=\"_blank\">grimming-therme.com<\/a><\/li><li><strong>Co v\u0161e:\u00a0<\/strong>Term\u00e1ln\u00ed l\u00e1zn\u011b, Saunov\u00fd sv\u011bt (od 14 let), D\u011btsk\u00fd sv\u011bt<\/li><li> <strong>Zvl\u00e1\u0161tnost:<\/strong>\u00a05 podla\u017e\u00ed relaxa\u010dn\u00edch prostor\u016f, Nintendo \u010d\u00e1st pro d\u011bti, t\u0159i vnit\u0159n\u00ed, \u010dty\u0159i venkovn\u00ed baz\u00e9ny, baz\u00e9n s podlahov\u00fdmi bublinami<\/li><li><strong>Kemp:<\/strong>\u00a0<a rel=\"noreferrer noopener\" href=\"http:\/\/www.grimmingsicht.at\/\" target=\"_blank\">Kur Camping<\/a>\u00a0Grimmingsicht, Bad Mitterndorf, 700 m od l\u00e1zn\u00ed<\/li><li><a href=\"https:\/\/goo.gl\/maps\/f9Df1kmbw8B2\">Zobrazit na map\u011b<\/a><\/li><\/ul>\n\n\n\n<figure class=\"wp-block-image size-large\"><img loading=\"lazy\" decoding=\"async\" width=\"640\" height=\"257\" src=\"https:\/\/all4camper.com\/\/wp-content\/uploads\/2019\/12\/termalni-lazne-rakousko23.jpeg\" alt=\"\" class=\"wp-image-84154\" srcset=\"https:\/\/all4camper.com\/wp-content\/uploads\/2019\/12\/termalni-lazne-rakousko23.jpeg 640w, https:\/\/all4camper.com\/wp-content\/uploads\/2019\/12\/termalni-lazne-rakousko23-300x120.jpeg 300w, https:\/\/all4camper.com\/wp-content\/uploads\/2019\/12\/termalni-lazne-rakousko23-150x60.jpeg 150w\" sizes=\"auto, (max-width: 640px) 100vw, 640px\" \/><\/figure>\n\n\n\n<p><strong>24.&nbsp;<\/strong><strong>H2O Hotel Therme Resort&nbsp;<\/strong><strong>v Sebersdorfu<\/strong><\/p>\n\n\n\n<ul class=\"wp-block-list\"><li><strong>Str\u00e1nky:\u00a0<\/strong><a rel=\"noreferrer noopener\" href=\"http:\/\/www.hoteltherme.at\/\" target=\"_blank\">hoteltherme.at<\/a><\/li><li><strong>Co v\u0161e:\u00a0<\/strong>Term\u00e1ln\u00ed l\u00e1zn\u011b, Saunov\u00fd sv\u011bt (od 15 let), D\u011btsk\u00fd sv\u011bt, tobog\u00e1n<\/li><li> <strong>Zvl\u00e1\u0161tnost:<\/strong>\u00a0d\u011btsk\u00fd bar s koktejly, 12 000 m2 velk\u00fd saunov\u00fd sv\u011bt<\/li><li><strong>Kemp:\u00a0<\/strong><a rel=\"noreferrer noopener\" href=\"http:\/\/www.camping-bad-waltersdorf.at\/\" target=\"_blank\">Thermenland Camping<\/a>, Bad Waltersdorf, 4 km od l\u00e1zn\u00ed<\/li><li><a href=\"https:\/\/goo.gl\/maps\/pucU3MV1tHF2\">Zobrazit na map\u011b<\/a><\/li><\/ul>\n\n\n\n<figure class=\"wp-block-image size-large\"><img loading=\"lazy\" decoding=\"async\" width=\"638\" height=\"292\" src=\"https:\/\/all4camper.com\/\/wp-content\/uploads\/2019\/12\/termalni-lazne-rakousko24.jpeg\" alt=\"\" class=\"wp-image-84155\" srcset=\"https:\/\/all4camper.com\/wp-content\/uploads\/2019\/12\/termalni-lazne-rakousko24.jpeg 638w, https:\/\/all4camper.com\/wp-content\/uploads\/2019\/12\/termalni-lazne-rakousko24-300x137.jpeg 300w, https:\/\/all4camper.com\/wp-content\/uploads\/2019\/12\/termalni-lazne-rakousko24-150x69.jpeg 150w\" sizes=\"auto, (max-width: 638px) 100vw, 638px\" \/><\/figure>\n\n\n\n<p><strong>25. Heiltherme Bad Waltersdorf<\/strong><\/p>\n\n\n\n<ul class=\"wp-block-list\"><li><strong>Str\u00e1nky:\u00a0<\/strong><a rel=\"noreferrer noopener\" href=\"http:\/\/www.heiltherme.at\/\" target=\"_blank\">heiltherme.at<\/a><\/li><li><strong>Zvl\u00e1\u0161tnost:<\/strong>\u00a0V\u0161echny term\u00e1ln\u00ed baz\u00e9ny jsou vybaveny mas\u00e1\u017en\u00edmi tryskami a maj\u00ed teplotu p\u0159ibli\u017en\u011b 36\u00b0C, vodn\u00ed hudba<\/li><li> <strong>Kemp:\u00a0<\/strong>T<a rel=\"noreferrer noopener\" href=\"http:\/\/www.camping-bad-waltersdorf.at\/\" target=\"_blank\">hermenland Camping<\/a>, Bad Waltersdorf, 900 m od l\u00e1zn\u00ed <\/li><li> <a href=\"https:\/\/goo.gl\/maps\/pLVi1dC7Ex22\">Zobrazit na map\u011b<\/a><\/li><\/ul>\n\n\n\n<figure class=\"wp-block-image size-large\"><img loading=\"lazy\" decoding=\"async\" width=\"600\" height=\"257\" src=\"https:\/\/all4camper.com\/\/wp-content\/uploads\/2019\/12\/termalni-lazne-rakousko25.jpeg\" alt=\"\" class=\"wp-image-84156\" srcset=\"https:\/\/all4camper.com\/wp-content\/uploads\/2019\/12\/termalni-lazne-rakousko25.jpeg 600w, https:\/\/all4camper.com\/wp-content\/uploads\/2019\/12\/termalni-lazne-rakousko25-300x129.jpeg 300w, https:\/\/all4camper.com\/wp-content\/uploads\/2019\/12\/termalni-lazne-rakousko25-150x64.jpeg 150w\" sizes=\"auto, (max-width: 600px) 100vw, 600px\" \/><\/figure>\n\n\n\n<p><strong>26. Parktherme Bad Radkersburg<\/strong><\/p>\n\n\n\n<ul class=\"wp-block-list\"><li><strong>Str\u00e1nky:\u00a0<\/strong><a rel=\"noreferrer noopener\" href=\"http:\/\/www.parktherme.at\/\" target=\"_blank\">parktherme.at<\/a><\/li><li><strong>Co v\u0161e:\u00a0<\/strong>Term\u00e1ln\u00ed l\u00e1zn\u011b, Saunov\u00fd sv\u011bt, D\u011btsk\u00fd sv\u011bt, tobog\u00e1n, kemping<\/li><li> <strong>Zvl\u00e1\u0161tnost:<\/strong>\u00a0Venkovn\u00ed baz\u00e9n 34\u00b0C, D\u011btsk\u00e9 baz\u00e9ny 32\u00b0C <\/li><li> <strong>Kemp:\u00a0<\/strong>Kemping Parktherme, Bad Radkersburg, 900 m od l\u00e1zn\u00ed <\/li><li> <a href=\"https:\/\/goo.gl\/maps\/YSA6Uv9nUxR2\">Zobrazit na map\u011b<\/a> <\/li><\/ul>\n\n\n\n<figure class=\"wp-block-image size-large\"><img loading=\"lazy\" decoding=\"async\" width=\"640\" height=\"317\" src=\"https:\/\/all4camper.com\/\/wp-content\/uploads\/2019\/12\/termalni-lazne-rakousko26.jpeg\" alt=\"\" class=\"wp-image-84157\" srcset=\"https:\/\/all4camper.com\/wp-content\/uploads\/2019\/12\/termalni-lazne-rakousko26.jpeg 640w, https:\/\/all4camper.com\/wp-content\/uploads\/2019\/12\/termalni-lazne-rakousko26-300x149.jpeg 300w, https:\/\/all4camper.com\/wp-content\/uploads\/2019\/12\/termalni-lazne-rakousko26-150x74.jpeg 150w\" sizes=\"auto, (max-width: 640px) 100vw, 640px\" \/><\/figure>\n\n\n\n<p><strong>27. Rogner Bad Blumau<\/strong><\/p>\n\n\n\n<ul class=\"wp-block-list\"><li><strong>Str\u00e1nky:\u00a0<\/strong><a rel=\"noreferrer noopener\" href=\"http:\/\/www.blumau.com\/\" target=\"_blank\">blumau.com<\/a><\/li><li><strong>Co v\u0161e:\u00a0<\/strong>Term\u00e1ln\u00ed l\u00e1zn\u011b, Saunov\u00fd sv\u011bt (od 16 let)- sp\u00ed\u0161e pro dosp\u011bl\u00e9<\/li><li><strong>Zvl\u00e1\u0161tnost:<\/strong>\u00a0Jedine\u010dn\u00e1, vysoce mineralizovan\u00e1 a hork\u00e1 voda Vulkania\u00ae rozd\u011blena do dvou baz\u00e9n\u016f \u2013 37\u00b0C a 27\u00b0C. Celkem je v are\u00e1lu 14 r\u016fzn\u00fdch baz\u00e9n\u016f.<\/li><li> <strong>Kemp:\u00a0<\/strong><a rel=\"noreferrer noopener\" href=\"http:\/\/www.camping-bad-waltersdorf.at\/\" target=\"_blank\">Thermenland Camping<\/a>, Bad Waltersdorf, 7 km od l\u00e1zn\u00ed <\/li><li> <a href=\"https:\/\/goo.gl\/maps\/zfFAETcod4x\">Zobrazit na map\u011b<\/a> <\/li><\/ul>\n\n\n\n<figure class=\"wp-block-image size-large\"><img loading=\"lazy\" decoding=\"async\" width=\"600\" height=\"335\" src=\"https:\/\/all4camper.com\/\/wp-content\/uploads\/2019\/12\/termalni-lazne-rakousko27.jpeg\" alt=\"\" class=\"wp-image-84158\" srcset=\"https:\/\/all4camper.com\/wp-content\/uploads\/2019\/12\/termalni-lazne-rakousko27.jpeg 600w, https:\/\/all4camper.com\/wp-content\/uploads\/2019\/12\/termalni-lazne-rakousko27-300x168.jpeg 300w, https:\/\/all4camper.com\/wp-content\/uploads\/2019\/12\/termalni-lazne-rakousko27-150x84.jpeg 150w\" sizes=\"auto, (max-width: 600px) 100vw, 600px\" \/><\/figure>\n\n\n\n<p><strong>28. Therme Loipersdorf<\/strong><\/p>\n\n\n\n<ul class=\"wp-block-list\"><li><strong>Str\u00e1nky:\u00a0<\/strong><a rel=\"noreferrer noopener\" href=\"http:\/\/www.therme.at\/\" target=\"_blank\">therme.at<\/a><\/li><li><strong>Co v\u0161e:\u00a0<\/strong>Term\u00e1ln\u00ed l\u00e1zn\u011b, Saunov\u00fd sv\u011bt (od 6 let), Fun park s velk\u00fdm mno\u017estv\u00edm tobog\u00e1n\u016f, D\u011btsk\u00fd sv\u011bt s mnoha prol\u00e9za\u010dkami, Soln\u00e1 jeskyn\u011b, venkovn\u00ed plocha (duben \u2013 z\u00e1\u0159\u00ed) 23000 m2.<\/li><li> <strong>Zvl\u00e1\u0161tnost:<\/strong>\u00a0Tobog\u00e1n o d\u00e9lce 529 m<\/li><li> <a href=\"https:\/\/goo.gl\/maps\/MXNicorm9Hr\">Zobrazit na map\u011b<\/a><\/li><\/ul>\n\n\n\n<figure class=\"wp-block-image size-large\"><img loading=\"lazy\" decoding=\"async\" width=\"600\" height=\"250\" src=\"https:\/\/all4camper.com\/\/wp-content\/uploads\/2019\/12\/termalni-lazne-rakousko28.jpeg\" alt=\"\" class=\"wp-image-84159\" srcset=\"https:\/\/all4camper.com\/wp-content\/uploads\/2019\/12\/termalni-lazne-rakousko28.jpeg 600w, https:\/\/all4camper.com\/wp-content\/uploads\/2019\/12\/termalni-lazne-rakousko28-300x125.jpeg 300w, https:\/\/all4camper.com\/wp-content\/uploads\/2019\/12\/termalni-lazne-rakousko28-150x63.jpeg 150w\" sizes=\"auto, (max-width: 600px) 100vw, 600px\" \/><\/figure>\n\n\n\n<p><strong>29. Therme NOVA K\u00f6flach<\/strong><\/p>\n\n\n\n<ul class=\"wp-block-list\"><li><strong>Str\u00e1nky:<\/strong><a rel=\"noreferrer noopener\" href=\"http:\/\/www.novakoeflach.at\/\" target=\"_blank\">novakoeflach.at<\/a><\/li><li><strong>Co v\u0161e:\u00a0<\/strong>Term\u00e1ln\u00ed l\u00e1zn\u011b, Saunov\u00fd sv\u011bt \u2013 sp\u00ed\u0161e pro dosp\u011bl\u00e9<\/li><li><strong>Zvl\u00e1\u0161tnost:<\/strong>\u00a0Vodop\u00e1d s obl\u00e1zkovou z\u00e1tokou, tropick\u00fd prales, relaxace v Modr\u00e9 jeskyni<\/li><li><a href=\"https:\/\/goo.gl\/maps\/6xuMSoBmGay\">Zobrazit na map\u011b<\/a> <\/li><\/ul>\n\n\n\n<figure class=\"wp-block-image size-large\"><img loading=\"lazy\" decoding=\"async\" width=\"600\" height=\"270\" src=\"https:\/\/all4camper.com\/\/wp-content\/uploads\/2019\/12\/termalni-lazne-rakousko29.jpeg\" alt=\"\" class=\"wp-image-84160\" srcset=\"https:\/\/all4camper.com\/wp-content\/uploads\/2019\/12\/termalni-lazne-rakousko29.jpeg 600w, https:\/\/all4camper.com\/wp-content\/uploads\/2019\/12\/termalni-lazne-rakousko29-300x135.jpeg 300w, https:\/\/all4camper.com\/wp-content\/uploads\/2019\/12\/termalni-lazne-rakousko29-150x68.jpeg 150w\" sizes=\"auto, (max-width: 600px) 100vw, 600px\" \/><\/figure>\n\n\n\n<h3 class=\"wp-block-heading\"><strong>Korutany<\/strong><\/h3>\n\n\n\n<p><strong>30. Term\u00e1ln\u00ed l\u00e1zn\u011b R\u00f6merbad Bad Kleinkirchheim<\/strong><\/p>\n\n\n\n<ul class=\"wp-block-list\"><li><strong>Str\u00e1nky:\u00a0<\/strong><a rel=\"noreferrer noopener\" href=\"http:\/\/www.badkleinkirchheim.at\/thermal-roemerbad\/\" target=\"_blank\">badkleinkirchheim.at<\/a><\/li><li><strong>Co v\u0161e:\u00a0<\/strong>Term\u00e1ln\u00ed \u0159\u00edmsk\u00e9 l\u00e1zn\u011b, Saunov\u00fd sv\u011bt \u2013 sp\u00ed\u0161e pro dosp\u011bl\u00e9<\/li><li> <strong>Zvl\u00e1\u0161tnost:<\/strong>\u00a0Alpsk\u00e9 Wellness na nejvy\u0161\u0161\u00ed \u00farovni, kr\u00e1sn\u00e1 architektura, rozloha 12000 m2, 13 saun <\/li><li><a href=\"https:\/\/goo.gl\/maps\/Vjs6popVWQS4xZUn6\" target=\"_blank\" rel=\"noreferrer noopener\" aria-label=\"Zobrazit na map\u011b (opens in a new tab)\">Zobrazit na map\u011b<\/a><\/li><\/ul>\n\n\n\n<figure class=\"wp-block-image size-large\"><img loading=\"lazy\" decoding=\"async\" width=\"600\" height=\"306\" src=\"https:\/\/all4camper.com\/\/wp-content\/uploads\/2019\/12\/termalni-lazne-rakousko30.jpeg\" alt=\"\" class=\"wp-image-84161\" srcset=\"https:\/\/all4camper.com\/wp-content\/uploads\/2019\/12\/termalni-lazne-rakousko30.jpeg 600w, https:\/\/all4camper.com\/wp-content\/uploads\/2019\/12\/termalni-lazne-rakousko30-300x153.jpeg 300w, https:\/\/all4camper.com\/wp-content\/uploads\/2019\/12\/termalni-lazne-rakousko30-150x77.jpeg 150w\" sizes=\"auto, (max-width: 600px) 100vw, 600px\" \/><\/figure>\n\n\n\n<p><strong>31. Therme St. Kathrein Bad Kleinkirchheim<\/strong><\/p>\n\n\n\n<ul class=\"wp-block-list\"><li><strong>Str\u00e1nky:\u00a0<\/strong><a rel=\"noreferrer noopener\" href=\"http:\/\/%20http\/\/www.badkleinkirchheim.at\/therme-sankt-kathrein\/\" target=\"_blank\">badkleinkirchheim.at<\/a><\/li><li> <strong>Co v\u0161e:\u00a0<\/strong>Term\u00e1ln\u00ed l\u00e1zn\u011b, Saunov\u00fd sv\u011bt, D\u011btsk\u00fd sv\u011bt s tobog\u00e1ny <\/li><li> <strong>Kemp :<\/strong>\u00a0<a rel=\"noreferrer noopener\" href=\"http:\/\/www.camping-hobitsch.at\/\" target=\"_blank\">Camping Hobitsch<\/a>, Gnesau, 15 km od l\u00e1zn\u00ed <\/li><\/ul>\n","protected":false},"excerpt":{"rendered":"<p>Mnoho karavanist\u016f spojuje sv\u016fj pobyt v Rakousku s n\u00e1v\u0161t\u011bvou term\u00e1ln\u00edch l\u00e1zn\u00ed. Je to pochopiteln\u00e9, nebo\u0165 spojen\u00ed celodenn\u00edho trekingu, cyklistiky nebo ly\u017eov\u00e1n\u00ed s koup\u00e1n\u00edm v tepl\u00e9 vod\u011b a po\u0159\u00e1dn\u00fdm saunov\u00e1n\u00edm je t\u00edm nejlep\u0161\u00edm z\u00e1\u017eitkem, kter\u00fd si m\u016f\u017eete dop\u0159\u00e1t. Bonusem budi\u017e i to, \u017ee pro va\u0161e d\u011bti je zaru\u010dena z\u00e1bava a vy si m\u016f\u017eete dop\u0159\u00e1t zaslou\u017een\u00fd relax [&hellip;]<\/p>\n","protected":false},"author":4,"featured_media":84134,"comment_status":"closed","ping_status":"open","sticky":false,"template":"","format":"standard","meta":{"_monsterinsights_skip_tracking":false,"_monsterinsights_sitenote_active":false,"_monsterinsights_sitenote_note":"","_monsterinsights_sitenote_category":0,"footnotes":""},"categories":[2379,342],"tags":[89,106,105,81,321],"class_list":{"0":"post-14772","1":"post","2":"type-post","3":"status-publish","4":"format-standard","5":"has-post-thumbnail","7":"category-kempujeme-a-cestujeme-v-rakousku","8":"category-termalni-lazne-a-aquaparky-zabavni-parky","9":"tag-aquapark","10":"tag-dovolena-s-detmi-1","11":"tag-rakousko","12":"tag-termalni-lazne","13":"tag-winter-camping"},"yoast_head":"<!-- This site is optimized with the Yoast SEO plugin v27.5 - https:\/\/yoast.com\/product\/yoast-seo-wordpress\/ -->\n<title>31 term\u00e1ln\u00edch l\u00e1zn\u00ed v Rakousku a kde u nich kempovat - All4Camper<\/title>\n<meta name=\"description\" content=\"All4Camper - 31 term\u00e1ln\u00edch l\u00e1zn\u00ed v Rakousku a kde u nich kempovat\" \/>\n<meta name=\"robots\" content=\"index, follow, max-snippet:-1, max-image-preview:large, max-video-preview:-1\" \/>\n<link rel=\"canonical\" href=\"https:\/\/all4camper.com\/cs\/37-termalnich-lazni-rakousko\/\" \/>\n<meta property=\"og:locale\" content=\"cs_CZ\" \/>\n<meta property=\"og:type\" content=\"article\" \/>\n<meta property=\"og:title\" content=\"31 term\u00e1ln\u00edch l\u00e1zn\u00ed v Rakousku a kde u nich kempovat - All4Camper\" \/>\n<meta property=\"og:description\" content=\"All4Camper - 31 term\u00e1ln\u00edch l\u00e1zn\u00ed v Rakousku a kde u nich kempovat\" \/>\n<meta property=\"og:url\" content=\"https:\/\/all4camper.com\/cs\/37-termalnich-lazni-rakousko\/\" \/>\n<meta property=\"og:site_name\" content=\"All4Camper\" \/>\n<meta property=\"article:published_time\" content=\"2019-02-27T16:48:00+00:00\" \/>\n<meta property=\"article:modified_time\" content=\"2019-12-18T17:39:12+00:00\" \/>\n<meta property=\"og:image\" content=\"https:\/\/all4camper.com\/wp-content\/uploads\/2019\/12\/termalni-lazne-rakousko-2.jpeg\" \/>\n\t<meta property=\"og:image:width\" content=\"640\" \/>\n\t<meta property=\"og:image:height\" content=\"427\" \/>\n\t<meta property=\"og:image:type\" content=\"image\/jpeg\" \/>\n<meta name=\"author\" content=\"Kl\u00e1ra H\u00e1jkov\u00e1\" \/>\n<meta name=\"twitter:card\" content=\"summary_large_image\" \/>\n<meta name=\"twitter:label1\" content=\"Napsal(a)\" \/>\n\t<meta name=\"twitter:data1\" content=\"Kl\u00e1ra H\u00e1jkov\u00e1\" \/>\n\t<meta name=\"twitter:label2\" content=\"Odhadovan\u00e1 doba \u010dten\u00ed\" \/>\n\t<meta name=\"twitter:data2\" content=\"9 minut\" \/>\n<script type=\"application\/ld+json\" class=\"yoast-schema-graph\">{\"@context\":\"https:\\\/\\\/schema.org\",\"@graph\":[{\"@type\":\"Article\",\"@id\":\"https:\\\/\\\/all4camper.com\\\/cs\\\/37-termalnich-lazni-rakousko\\\/#article\",\"isPartOf\":{\"@id\":\"https:\\\/\\\/all4camper.com\\\/cs\\\/37-termalnich-lazni-rakousko\\\/\"},\"author\":{\"name\":\"Kl\u00e1ra H\u00e1jkov\u00e1\",\"@id\":\"https:\\\/\\\/all4camper.com\\\/cs\\\/#\\\/schema\\\/person\\\/c6f1efdf1d02bc7d8c53a891cbe18c62\"},\"headline\":\"31 term\u00e1ln\u00edch l\u00e1zn\u00ed v Rakousku a kde u nich kempovat\",\"datePublished\":\"2019-02-27T16:48:00+00:00\",\"dateModified\":\"2019-12-18T17:39:12+00:00\",\"mainEntityOfPage\":{\"@id\":\"https:\\\/\\\/all4camper.com\\\/cs\\\/37-termalnich-lazni-rakousko\\\/\"},\"wordCount\":1829,\"publisher\":{\"@id\":\"https:\\\/\\\/all4camper.com\\\/cs\\\/#organization\"},\"image\":{\"@id\":\"https:\\\/\\\/all4camper.com\\\/cs\\\/37-termalnich-lazni-rakousko\\\/#primaryimage\"},\"thumbnailUrl\":\"https:\\\/\\\/all4camper.com\\\/wp-content\\\/uploads\\\/2019\\\/12\\\/termalni-lazne-rakousko-2.jpeg\",\"keywords\":[\"aquapark\",\"Dovolen\u00e1 s d\u011btmi\",\"Rakousko\",\"Term\u00e1ln\u00ed l\u00e1zn\u011b\",\"Zimn\u00ed kempov\u00e1n\u00ed\"],\"articleSection\":[\"Kempujeme a cestujeme v Rakousku\",\"Term\u00e1ln\u00ed l\u00e1zn\u011b, akvaparky a z\u00e1bavn\u00ed parky\"],\"inLanguage\":\"cs\"},{\"@type\":\"WebPage\",\"@id\":\"https:\\\/\\\/all4camper.com\\\/cs\\\/37-termalnich-lazni-rakousko\\\/\",\"url\":\"https:\\\/\\\/all4camper.com\\\/cs\\\/37-termalnich-lazni-rakousko\\\/\",\"name\":\"31 term\u00e1ln\u00edch l\u00e1zn\u00ed v Rakousku a kde u nich kempovat - All4Camper\",\"isPartOf\":{\"@id\":\"https:\\\/\\\/all4camper.com\\\/cs\\\/#website\"},\"primaryImageOfPage\":{\"@id\":\"https:\\\/\\\/all4camper.com\\\/cs\\\/37-termalnich-lazni-rakousko\\\/#primaryimage\"},\"image\":{\"@id\":\"https:\\\/\\\/all4camper.com\\\/cs\\\/37-termalnich-lazni-rakousko\\\/#primaryimage\"},\"thumbnailUrl\":\"https:\\\/\\\/all4camper.com\\\/wp-content\\\/uploads\\\/2019\\\/12\\\/termalni-lazne-rakousko-2.jpeg\",\"datePublished\":\"2019-02-27T16:48:00+00:00\",\"dateModified\":\"2019-12-18T17:39:12+00:00\",\"description\":\"All4Camper - 31 term\u00e1ln\u00edch l\u00e1zn\u00ed v Rakousku a kde u nich kempovat\",\"breadcrumb\":{\"@id\":\"https:\\\/\\\/all4camper.com\\\/cs\\\/37-termalnich-lazni-rakousko\\\/#breadcrumb\"},\"inLanguage\":\"cs\",\"potentialAction\":[{\"@type\":\"ReadAction\",\"target\":[\"https:\\\/\\\/all4camper.com\\\/cs\\\/37-termalnich-lazni-rakousko\\\/\"]}]},{\"@type\":\"ImageObject\",\"inLanguage\":\"cs\",\"@id\":\"https:\\\/\\\/all4camper.com\\\/cs\\\/37-termalnich-lazni-rakousko\\\/#primaryimage\",\"url\":\"https:\\\/\\\/all4camper.com\\\/wp-content\\\/uploads\\\/2019\\\/12\\\/termalni-lazne-rakousko-2.jpeg\",\"contentUrl\":\"https:\\\/\\\/all4camper.com\\\/wp-content\\\/uploads\\\/2019\\\/12\\\/termalni-lazne-rakousko-2.jpeg\",\"width\":640,\"height\":427},{\"@type\":\"BreadcrumbList\",\"@id\":\"https:\\\/\\\/all4camper.com\\\/cs\\\/37-termalnich-lazni-rakousko\\\/#breadcrumb\",\"itemListElement\":[{\"@type\":\"ListItem\",\"position\":1,\"name\":\"Dom\u016f\",\"item\":\"https:\\\/\\\/all4camper.com\\\/cs\\\/\"},{\"@type\":\"ListItem\",\"position\":2,\"name\":\"Kempujeme a cestujeme v Rakousku\",\"item\":\"https:\\\/\\\/all4camper.com\\\/cs\\\/category\\\/kempujeme-a-cestujeme-v-rakousku\\\/\"},{\"@type\":\"ListItem\",\"position\":3,\"name\":\"31 term\u00e1ln\u00edch l\u00e1zn\u00ed v Rakousku a kde u nich kempovat\"}]},{\"@type\":\"WebSite\",\"@id\":\"https:\\\/\\\/all4camper.com\\\/cs\\\/#website\",\"url\":\"https:\\\/\\\/all4camper.com\\\/cs\\\/\",\"name\":\"All4Camper\",\"description\":\"Nejv\u011bt\u0161\u00ed online magaz\u00edn o kempov\u00e1n\u00ed a karavaninku. V\u00edce jak 900 \u010dl\u00e1nk\u016f pln\u00fdch rad a tip\u016f o kempech a kempov\u00e1n\u00ed.\",\"publisher\":{\"@id\":\"https:\\\/\\\/all4camper.com\\\/cs\\\/#organization\"},\"potentialAction\":[{\"@type\":\"SearchAction\",\"target\":{\"@type\":\"EntryPoint\",\"urlTemplate\":\"https:\\\/\\\/all4camper.com\\\/cs\\\/?s={search_term_string}\"},\"query-input\":{\"@type\":\"PropertyValueSpecification\",\"valueRequired\":true,\"valueName\":\"search_term_string\"}}],\"inLanguage\":\"cs\"},{\"@type\":\"Organization\",\"@id\":\"https:\\\/\\\/all4camper.com\\\/cs\\\/#organization\",\"name\":\"All4Camper - kempujeme s Kl\u00e1rou\",\"url\":\"https:\\\/\\\/all4camper.com\\\/cs\\\/\",\"logo\":{\"@type\":\"ImageObject\",\"inLanguage\":\"cs\",\"@id\":\"https:\\\/\\\/all4camper.com\\\/cs\\\/#\\\/schema\\\/logo\\\/image\\\/\",\"url\":\"https:\\\/\\\/all4camper.com\\\/wp-content\\\/uploads\\\/2018\\\/09\\\/novelogo.png\",\"contentUrl\":\"https:\\\/\\\/all4camper.com\\\/wp-content\\\/uploads\\\/2018\\\/09\\\/novelogo.png\",\"width\":1520,\"height\":600,\"caption\":\"All4Camper - kempujeme s Kl\u00e1rou\"},\"image\":{\"@id\":\"https:\\\/\\\/all4camper.com\\\/cs\\\/#\\\/schema\\\/logo\\\/image\\\/\"}},{\"@type\":\"Person\",\"@id\":\"https:\\\/\\\/all4camper.com\\\/cs\\\/#\\\/schema\\\/person\\\/c6f1efdf1d02bc7d8c53a891cbe18c62\",\"name\":\"Kl\u00e1ra H\u00e1jkov\u00e1\",\"sameAs\":[\"http:\\\/\\\/www.all4camper.com\"],\"url\":\"https:\\\/\\\/all4camper.com\\\/cs\\\/author\\\/klarinkacestuje1\\\/\"}]}<\/script>\n<!-- \/ Yoast SEO plugin. -->","yoast_head_json":{"title":"31 term\u00e1ln\u00edch l\u00e1zn\u00ed v Rakousku a kde u nich kempovat - All4Camper","description":"All4Camper - 31 term\u00e1ln\u00edch l\u00e1zn\u00ed v Rakousku a kde u nich kempovat","robots":{"index":"index","follow":"follow","max-snippet":"max-snippet:-1","max-image-preview":"max-image-preview:large","max-video-preview":"max-video-preview:-1"},"canonical":"https:\/\/all4camper.com\/cs\/37-termalnich-lazni-rakousko\/","og_locale":"cs_CZ","og_type":"article","og_title":"31 term\u00e1ln\u00edch l\u00e1zn\u00ed v Rakousku a kde u nich kempovat - All4Camper","og_description":"All4Camper - 31 term\u00e1ln\u00edch l\u00e1zn\u00ed v Rakousku a kde u nich kempovat","og_url":"https:\/\/all4camper.com\/cs\/37-termalnich-lazni-rakousko\/","og_site_name":"All4Camper","article_published_time":"2019-02-27T16:48:00+00:00","article_modified_time":"2019-12-18T17:39:12+00:00","og_image":[{"width":640,"height":427,"url":"https:\/\/all4camper.com\/wp-content\/uploads\/2019\/12\/termalni-lazne-rakousko-2.jpeg","type":"image\/jpeg"}],"author":"Kl\u00e1ra H\u00e1jkov\u00e1","twitter_card":"summary_large_image","twitter_misc":{"Napsal(a)":"Kl\u00e1ra H\u00e1jkov\u00e1","Odhadovan\u00e1 doba \u010dten\u00ed":"9 minut"},"schema":{"@context":"https:\/\/schema.org","@graph":[{"@type":"Article","@id":"https:\/\/all4camper.com\/cs\/37-termalnich-lazni-rakousko\/#article","isPartOf":{"@id":"https:\/\/all4camper.com\/cs\/37-termalnich-lazni-rakousko\/"},"author":{"name":"Kl\u00e1ra H\u00e1jkov\u00e1","@id":"https:\/\/all4camper.com\/cs\/#\/schema\/person\/c6f1efdf1d02bc7d8c53a891cbe18c62"},"headline":"31 term\u00e1ln\u00edch l\u00e1zn\u00ed v Rakousku a kde u nich kempovat","datePublished":"2019-02-27T16:48:00+00:00","dateModified":"2019-12-18T17:39:12+00:00","mainEntityOfPage":{"@id":"https:\/\/all4camper.com\/cs\/37-termalnich-lazni-rakousko\/"},"wordCount":1829,"publisher":{"@id":"https:\/\/all4camper.com\/cs\/#organization"},"image":{"@id":"https:\/\/all4camper.com\/cs\/37-termalnich-lazni-rakousko\/#primaryimage"},"thumbnailUrl":"https:\/\/all4camper.com\/wp-content\/uploads\/2019\/12\/termalni-lazne-rakousko-2.jpeg","keywords":["aquapark","Dovolen\u00e1 s d\u011btmi","Rakousko","Term\u00e1ln\u00ed l\u00e1zn\u011b","Zimn\u00ed kempov\u00e1n\u00ed"],"articleSection":["Kempujeme a cestujeme v Rakousku","Term\u00e1ln\u00ed l\u00e1zn\u011b, akvaparky a z\u00e1bavn\u00ed parky"],"inLanguage":"cs"},{"@type":"WebPage","@id":"https:\/\/all4camper.com\/cs\/37-termalnich-lazni-rakousko\/","url":"https:\/\/all4camper.com\/cs\/37-termalnich-lazni-rakousko\/","name":"31 term\u00e1ln\u00edch l\u00e1zn\u00ed v Rakousku a kde u nich kempovat - All4Camper","isPartOf":{"@id":"https:\/\/all4camper.com\/cs\/#website"},"primaryImageOfPage":{"@id":"https:\/\/all4camper.com\/cs\/37-termalnich-lazni-rakousko\/#primaryimage"},"image":{"@id":"https:\/\/all4camper.com\/cs\/37-termalnich-lazni-rakousko\/#primaryimage"},"thumbnailUrl":"https:\/\/all4camper.com\/wp-content\/uploads\/2019\/12\/termalni-lazne-rakousko-2.jpeg","datePublished":"2019-02-27T16:48:00+00:00","dateModified":"2019-12-18T17:39:12+00:00","description":"All4Camper - 31 term\u00e1ln\u00edch l\u00e1zn\u00ed v Rakousku a kde u nich kempovat","breadcrumb":{"@id":"https:\/\/all4camper.com\/cs\/37-termalnich-lazni-rakousko\/#breadcrumb"},"inLanguage":"cs","potentialAction":[{"@type":"ReadAction","target":["https:\/\/all4camper.com\/cs\/37-termalnich-lazni-rakousko\/"]}]},{"@type":"ImageObject","inLanguage":"cs","@id":"https:\/\/all4camper.com\/cs\/37-termalnich-lazni-rakousko\/#primaryimage","url":"https:\/\/all4camper.com\/wp-content\/uploads\/2019\/12\/termalni-lazne-rakousko-2.jpeg","contentUrl":"https:\/\/all4camper.com\/wp-content\/uploads\/2019\/12\/termalni-lazne-rakousko-2.jpeg","width":640,"height":427},{"@type":"BreadcrumbList","@id":"https:\/\/all4camper.com\/cs\/37-termalnich-lazni-rakousko\/#breadcrumb","itemListElement":[{"@type":"ListItem","position":1,"name":"Dom\u016f","item":"https:\/\/all4camper.com\/cs\/"},{"@type":"ListItem","position":2,"name":"Kempujeme a cestujeme v Rakousku","item":"https:\/\/all4camper.com\/cs\/category\/kempujeme-a-cestujeme-v-rakousku\/"},{"@type":"ListItem","position":3,"name":"31 term\u00e1ln\u00edch l\u00e1zn\u00ed v Rakousku a kde u nich kempovat"}]},{"@type":"WebSite","@id":"https:\/\/all4camper.com\/cs\/#website","url":"https:\/\/all4camper.com\/cs\/","name":"All4Camper","description":"Nejv\u011bt\u0161\u00ed online magaz\u00edn o kempov\u00e1n\u00ed a karavaninku. V\u00edce jak 900 \u010dl\u00e1nk\u016f pln\u00fdch rad a tip\u016f o kempech a kempov\u00e1n\u00ed.","publisher":{"@id":"https:\/\/all4camper.com\/cs\/#organization"},"potentialAction":[{"@type":"SearchAction","target":{"@type":"EntryPoint","urlTemplate":"https:\/\/all4camper.com\/cs\/?s={search_term_string}"},"query-input":{"@type":"PropertyValueSpecification","valueRequired":true,"valueName":"search_term_string"}}],"inLanguage":"cs"},{"@type":"Organization","@id":"https:\/\/all4camper.com\/cs\/#organization","name":"All4Camper - kempujeme s Kl\u00e1rou","url":"https:\/\/all4camper.com\/cs\/","logo":{"@type":"ImageObject","inLanguage":"cs","@id":"https:\/\/all4camper.com\/cs\/#\/schema\/logo\/image\/","url":"https:\/\/all4camper.com\/wp-content\/uploads\/2018\/09\/novelogo.png","contentUrl":"https:\/\/all4camper.com\/wp-content\/uploads\/2018\/09\/novelogo.png","width":1520,"height":600,"caption":"All4Camper - kempujeme s Kl\u00e1rou"},"image":{"@id":"https:\/\/all4camper.com\/cs\/#\/schema\/logo\/image\/"}},{"@type":"Person","@id":"https:\/\/all4camper.com\/cs\/#\/schema\/person\/c6f1efdf1d02bc7d8c53a891cbe18c62","name":"Kl\u00e1ra H\u00e1jkov\u00e1","sameAs":["http:\/\/www.all4camper.com"],"url":"https:\/\/all4camper.com\/cs\/author\/klarinkacestuje1\/"}]}},"_links":{"self":[{"href":"https:\/\/all4camper.com\/cs\/wp-json\/wp\/v2\/posts\/14772","targetHints":{"allow":["GET"]}}],"collection":[{"href":"https:\/\/all4camper.com\/cs\/wp-json\/wp\/v2\/posts"}],"about":[{"href":"https:\/\/all4camper.com\/cs\/wp-json\/wp\/v2\/types\/post"}],"author":[{"embeddable":true,"href":"https:\/\/all4camper.com\/cs\/wp-json\/wp\/v2\/users\/4"}],"replies":[{"embeddable":true,"href":"https:\/\/all4camper.com\/cs\/wp-json\/wp\/v2\/comments?post=14772"}],"version-history":[{"count":0,"href":"https:\/\/all4camper.com\/cs\/wp-json\/wp\/v2\/posts\/14772\/revisions"}],"wp:featuredmedia":[{"embeddable":true,"href":"https:\/\/all4camper.com\/cs\/wp-json\/wp\/v2\/media\/84134"}],"wp:attachment":[{"href":"https:\/\/all4camper.com\/cs\/wp-json\/wp\/v2\/media?parent=14772"}],"wp:term":[{"taxonomy":"category","embeddable":true,"href":"https:\/\/all4camper.com\/cs\/wp-json\/wp\/v2\/categories?post=14772"},{"taxonomy":"post_tag","embeddable":true,"href":"https:\/\/all4camper.com\/cs\/wp-json\/wp\/v2\/tags?post=14772"}],"curies":[{"name":"wp","href":"https:\/\/api.w.org\/{rel}","templated":true}]}}