{"id":14724,"date":"2018-02-27T15:36:18","date_gmt":"2018-02-27T14:36:18","guid":{"rendered":"http:\/\/all4camper.com\/cz\/?p=14724"},"modified":"2020-04-21T13:06:29","modified_gmt":"2020-04-21T11:06:29","slug":"5-okruznich-vyletu-na-kole-v-tyrolsku","status":"publish","type":"post","link":"https:\/\/all4camper.com\/cs\/5-okruznich-vyletu-na-kole-v-tyrolsku\/","title":{"rendered":"5 okru\u017en\u00edch rodinn\u00fdch v\u00fdlet\u016f na kole v Tyrolsku nedaleko kemp\u016f"},"content":{"rendered":"\n<h4 class=\"wp-block-heading\">Tyrolsko je n\u00e1dhern\u00fd region, kter\u00fd dok\u00e1\u017ee sv\u00fdm n\u00e1v\u0161t\u011bvn\u00edk\u016f nab\u00eddnout mnoho aktivit. Jednou z nich jsou i cyklov\u00fdlety, kter\u00e9 m\u016f\u017eete podnikat na mnoha zaj\u00edmav\u00fdch stezk\u00e1ch. Na jak\u00fdch a kde u nich kempovat se dozv\u00edte v dne\u0161n\u00edm m\u00e9m \u010dl\u00e1nku. <\/h4>\n\n\n\n<h3 class=\"wp-block-heading\"><strong>1. Okru\u017en\u00ed v\u00fdlet Kaiserwinkl<\/strong><\/h3>\n\n\n\n<p>Tuto trasu najdete u hranice s Bavorskem. Je vhodn\u00e1 i pro rodiny s d\u011btmi, nebo\u0165 jej\u00ed obt\u00ed\u017enost je je klasifikov\u00e1na jako \u201clehk\u00e1\u201d. Trasa vede lesy, okolo sala\u0161\u00ed, po louk\u00e1ch a dob\u0159e upraven\u00fdch cyklostezk\u00e1ch a m\u00e1lo frekventovan\u00fdch vedlej\u0161\u00edch silnic\u00edch. V\u00fdchoz\u00edm a c\u00edlov\u00fdm bodem je m\u011bsto K\u00f6ssen. <strong>Detailn\u00ed popis trasy\u00a0<\/strong>v\u010detn\u011b mo\u017enosti jej\u00edho sta\u017een\u00ed v n\u011bkolika form\u00e1tech naleznete\u00a0<a rel=\"noopener noreferrer\" href=\"https:\/\/www.tyrolsko.cz\/zazitky-v-tyrolsku\/sport\/silnicni-a-horske-kolo\/prehled-vsech-cyklotras-1\/a-bike-trail-tirol-kaiserwinkl\" target=\"_blank\">ZDE<\/a>.<\/p>\n\n\n\n<p><strong>Obt\u00ed\u017enost:<\/strong>\u00a0lehk\u00e1, <strong>V\u00fd\u0161kov\u00fd rozd\u00edl:<\/strong>\u00a0700m, <strong>Celkov\u00fd po\u010det km:<\/strong>\u00a040, <strong>\u010casov\u00e1 n\u00e1ro\u010dnost:<\/strong>\u00a05 hodin<\/p>\n\n\n\n<figure class=\"wp-block-image size-large\"><img loading=\"lazy\" decoding=\"async\" width=\"768\" height=\"324\" src=\"https:\/\/all4camper.com\/\/wp-content\/uploads\/2019\/12\/Kaiserwinkl-768x324.png\" alt=\"\" class=\"wp-image-83513\" srcset=\"https:\/\/all4camper.com\/wp-content\/uploads\/2019\/12\/Kaiserwinkl-768x324.png 768w, https:\/\/all4camper.com\/wp-content\/uploads\/2019\/12\/Kaiserwinkl-768x324-300x127.png 300w, https:\/\/all4camper.com\/wp-content\/uploads\/2019\/12\/Kaiserwinkl-768x324-150x63.png 150w\" sizes=\"auto, (max-width: 768px) 100vw, 768px\" \/><\/figure>\n\n\n\n<h4 class=\"wp-block-heading\"><strong>Kempov\u00e1n\u00ed ve m\u011bst\u011b K\u00f6ssen<\/strong><\/h4>\n\n\n\n<p><strong>Euro-Camping Wilder Kaiser<\/strong>, str\u00e1nky:\u00a0<a rel=\"noreferrer noopener\" aria-label=\" (opens in a new tab)\" href=\"https:\/\/www.eurocamp-koessen.com\/\" target=\"_blank\">eurocamp-koessen.com<\/a><\/p>\n\n\n\n<p>Tento komfortn\u00ed kemp je um\u00edst\u011bn v kr\u00e1sn\u00e9 p\u0159\u00edrod\u011b mezi loukami a lesy a nab\u00edz\u00edm sv\u00fdm n\u00e1v\u0161t\u011bvn\u00edk\u016fm mnoho sportovn\u00edch a relaxa\u010dn\u00edch z\u00e1\u017eitk\u016f. Nechyb\u00ed zde j\u00edzda na kajaku, proji\u017e\u010fka na \u010dlunech, mo\u017enost ryba\u0159en\u00ed \u010di koup\u00e1n\u00ed v z\u00e1\u017eitkov\u00e9m vyh\u0159\u00edvan\u00e9m baz\u00e9nu. Zatou\u017e\u00edte-li po relaxaci, m\u016f\u017eete se t\u011b\u0161it na pobyt v saun\u011b, kde vstup do t\u00e9to \u010d\u00e1sti je ji\u017e zahrnut do ceny ubytov\u00e1n\u00ed. Ani Va\u0161e d\u011bti se zde nudit nebudou, nebo\u0165 v kempu je velk\u00e9 dobrodru\u017en\u00e9 h\u0159i\u0161t\u011b s mnoha atrakcemi a hern\u00edmi prvky.<\/p>\n\n\n\n<figure class=\"wp-block-image size-large\"><img loading=\"lazy\" decoding=\"async\" width=\"600\" height=\"400\" src=\"https:\/\/all4camper.com\/\/wp-content\/uploads\/2019\/12\/Camping-Wilder-Kaiser-600x400.jpg\" alt=\"\" class=\"wp-image-83514\" srcset=\"https:\/\/all4camper.com\/wp-content\/uploads\/2019\/12\/Camping-Wilder-Kaiser-600x400.jpg 600w, https:\/\/all4camper.com\/wp-content\/uploads\/2019\/12\/Camping-Wilder-Kaiser-600x400-300x200.jpg 300w, https:\/\/all4camper.com\/wp-content\/uploads\/2019\/12\/Camping-Wilder-Kaiser-600x400-150x100.jpg 150w\" sizes=\"auto, (max-width: 600px) 100vw, 600px\" \/><\/figure>\n\n\n\n<p><strong>Camping Seem\u00fchle<\/strong>, str\u00e1nky:\u00a0<a rel=\"noreferrer noopener\" aria-label=\" (opens in a new tab)\" href=\"http:\/\/www.camping-seemuehle.at\/de\/\" target=\"_blank\">camping-seemuehle.at<\/a><\/p>\n\n\n\n<p>Jen 5km od m\u011bsta K\u00f6ssen najdete tento men\u0161\u00ed p\u0159\u00edrodn\u00ed rodinn\u00fd kemp, kter\u00fd V\u00e1s nadchne sv\u00fdm klidem a okoln\u00ed p\u0159\u00edrodou. \u00a0Milovn\u00edci t\u00e1bor\u00e1ku jist\u011b ocen\u00ed mo\u017enost rod\u011bl\u00e1v\u00e1n\u00ed ohn\u011b v kempu. V hork\u00fdch letn\u00edch dnech se m\u016f\u017eete vykoupat v p\u0159ilehl\u00e9m jezeru Walchsee. Tou\u017e\u00edte-li po klidu a pobytu v p\u0159\u00edrod\u011b, pak tento kemp je pro V\u00e1s tou spr\u00e1vnou volbou.<\/p>\n\n\n\n<div class=\"wp-block-image\"><figure class=\"aligncenter size-large\"><img loading=\"lazy\" decoding=\"async\" width=\"380\" height=\"253\" src=\"https:\/\/all4camper.com\/\/wp-content\/uploads\/2019\/12\/Seem\u00fchle.jpg\" alt=\"\" class=\"wp-image-83515\" srcset=\"https:\/\/all4camper.com\/wp-content\/uploads\/2019\/12\/Seem\u00fchle.jpg 380w, https:\/\/all4camper.com\/wp-content\/uploads\/2019\/12\/Seem\u00fchle-300x200.jpg 300w, https:\/\/all4camper.com\/wp-content\/uploads\/2019\/12\/Seem\u00fchle-150x100.jpg 150w\" sizes=\"auto, (max-width: 380px) 100vw, 380px\" \/><\/figure><\/div>\n\n\n\n<h4 class=\"wp-block-heading\"><strong>2. Okru\u017en\u00ed v\u00fdlet Lustvoll Radeln am Hochplateau Gnadenwald<\/strong><\/h4>\n\n\n\n<p>Z obce Hall in Tirol vede tato trasa na n\u00e1horn\u00ed plo\u0161inu Gnadenwald. Zde na v\u00e1s \u010dekaj\u00ed kr\u00e1sn\u00e9 v\u00fdhledy do \u00fadol\u00ed. V\u00fdchoz\u00edm a c\u00edlov\u00fdm bodem je Hall in Tirol. Po cest\u011b na V\u00e1s tak\u00e9 \u010dek\u00e1 kr\u00e1sn\u00fd v\u00fdhled na hlavn\u00ed m\u011bsto Tyrolska \u2013 Innsbruck. <strong>Detailn\u00ed popis trasy\u00a0<\/strong>v\u010detn\u011b mo\u017enosti jej\u00edho sta\u017een\u00ed v n\u011bkolika form\u00e1tech naleznete\u00a0<a rel=\"noopener noreferrer\" href=\"https:\/\/www.tyrolsko.cz\/zazitky-v-tyrolsku\/sport\/silnicni-a-horske-kolo\/prehled-vsech-cyklotras-1\/a-lustvoll-radeln-am-hochplateau-gnadenwald\" target=\"_blank\">ZDE<\/a>.<\/p>\n\n\n\n<p><strong>Obt\u00ed\u017enost:<\/strong>\u00a0lehk\u00e1, <strong>V\u00fd\u0161kov\u00fd rozd\u00edl:<\/strong>\u00a0560m, <strong>Celkov\u00fd po\u010det km:<\/strong>\u00a052, <strong>\u010casov\u00e1 n\u00e1ro\u010dnost:<\/strong>\u00a0nen\u00ed ud\u00e1na<\/p>\n\n\n\n<figure class=\"wp-block-image size-large\"><img loading=\"lazy\" decoding=\"async\" width=\"768\" height=\"332\" src=\"https:\/\/all4camper.com\/\/wp-content\/uploads\/2019\/12\/hall-in-tyrol-768x332.png\" alt=\"\" class=\"wp-image-83516\" srcset=\"https:\/\/all4camper.com\/wp-content\/uploads\/2019\/12\/hall-in-tyrol-768x332.png 768w, https:\/\/all4camper.com\/wp-content\/uploads\/2019\/12\/hall-in-tyrol-768x332-300x130.png 300w, https:\/\/all4camper.com\/wp-content\/uploads\/2019\/12\/hall-in-tyrol-768x332-150x65.png 150w\" sizes=\"auto, (max-width: 768px) 100vw, 768px\" \/><\/figure>\n\n\n\n<h4 class=\"wp-block-heading\"><strong>Kempov\u00e1n\u00ed u Hall in Tirol<\/strong><\/h4>\n\n\n\n<p><strong>Campingplatz Judenstein<\/strong>, Str\u00e1nky:\u00a0<a href=\"http:\/\/www.camping-judenstein.at\/wp\/\">camping-judenstein.at<\/a><\/p>\n\n\n\n<p>Tento kemp le\u017e\u00ed jen 15 minut od Innsbrucku a m\u011bsta Hall in Tirol. Jist\u011b V\u00e1s pot\u011b\u0161\u00ed mo\u017enost Wi-fi p\u0159ipojen\u00ed bez poplatku, nov\u011b vybudovan\u00e1 letn\u00ed terasa pro Va\u0161e stravov\u00e1n\u00ed a velice n\u00edzk\u00e9 ceny pobytu v kempu.<\/p>\n\n\n\n<p><strong>Schloss Camping Aschach<\/strong>, str\u00e1nky:\u00a0<a rel=\"noreferrer noopener\" aria-label=\" (opens in a new tab)\" href=\"http:\/\/www.schlosscamping.com\/\" target=\"_blank\">schlosscamping.com<\/a><\/p>\n\n\n\n<p>St\u0159edn\u011b velk\u00fd kemp le\u017e\u00edc\u00ed cca 5km od Hall in Tirol, a jen kousek od z\u00e1mku Aschach. V letn\u00edch dnech m\u00e1te mo\u017enost koup\u00e1n\u00ed ve zdej\u0161\u00edm vyh\u0159\u00edvan\u00e9m baz\u00e9nu. Kempovac\u00ed m\u00edsta jsou jak na slunn\u00fdch, tak zast\u00edn\u011bn\u00fdch ploch\u00e1ch a ka\u017ed\u00e9 m\u00edsto m\u00e1 rozlohu 100-120m2. Milovn\u00edky \u0161p\u011brk\u016f Swarovski jist\u011b pot\u011b\u0161\u00ed informace, \u017ee kemp je um\u00edst\u011bn jen 2 km od Swarovski Crystal Worlds.<\/p>\n\n\n\n<h4 class=\"wp-block-heading\"><strong>3. Okru\u017en\u00ed v\u00fdlet Guffertspitze<\/strong><\/h4>\n\n\n\n<p>Tato etapa s dv\u011bma v\u00fd\u0161lapy a jedn\u00edm sjezdem se postar\u00e1 o vzru\u0161en\u00ed i n\u00e1mahu. Za\u017eijete kr\u00e1sn\u00fd den, kdy se na sv\u00e9m kole nejen dostanete do \u201enejhez\u010d\u00edho kouta Tyrolska\u201c, ale m\u016f\u017eete tak\u00e9 p\u0159i sjezdu okolo potoka Brandenberger Ache ochladit sv\u00e9 unaven\u00e9 nohy v k\u0159i\u0161\u0165\u00e1lov\u011b \u010dir\u00e9 horsk\u00e9 vod\u011b. Cyklotrasa je v\u00fdborn\u011b upraven\u00e1 a dob\u0159e ozna\u010den\u00e1 logem Bike Trail Tirol. V\u00fdchoz\u00edm a c\u00edlov\u00fdm bodem je Kaiserhaus. <strong>Detailn\u00ed popis trasy\u00a0<\/strong>v\u010detn\u011b mo\u017enosti jej\u00edho sta\u017een\u00ed v n\u011bkolika form\u00e1tech naleznete\u00a0<a rel=\"noopener noreferrer\" href=\"https:\/\/www.tyrolsko.cz\/zazitky-v-tyrolsku\/sport\/silnicni-a-horske-kolo\/prehled-vsech-cyklotras-1\/a-bike-trail-tirol-guffertspitze\" target=\"_blank\">ZDE<\/a><\/p>\n\n\n\n<p><strong>Obt\u00ed\u017enost:<\/strong>\u00a0st\u0159edn\u00ed, <strong>V\u00fd\u0161kov\u00fd rozd\u00edl:<\/strong>\u00a01000m, <strong>Celkov\u00fd po\u010det km:<\/strong>\u00a040,5, <strong>\u010casov\u00e1 n\u00e1ro\u010dnost:<\/strong>\u00a04,5 hodiny<\/p>\n\n\n\n<figure class=\"wp-block-image size-large\"><img loading=\"lazy\" decoding=\"async\" width=\"768\" height=\"322\" src=\"https:\/\/all4camper.com\/\/wp-content\/uploads\/2019\/12\/Kaiserhaus-768x322.png\" alt=\"\" class=\"wp-image-83517\" srcset=\"https:\/\/all4camper.com\/wp-content\/uploads\/2019\/12\/Kaiserhaus-768x322.png 768w, https:\/\/all4camper.com\/wp-content\/uploads\/2019\/12\/Kaiserhaus-768x322-300x126.png 300w, https:\/\/all4camper.com\/wp-content\/uploads\/2019\/12\/Kaiserhaus-768x322-150x63.png 150w\" sizes=\"auto, (max-width: 768px) 100vw, 768px\" \/><\/figure>\n\n\n\n<h4 class=\"wp-block-heading\"><strong>Kempov\u00e1n\u00ed v nejbli\u017e\u0161\u00edm okol\u00ed \u00a0Kaiserhaus<\/strong><\/h4>\n\n\n\n<p>V okol\u00ed je velk\u00fd po\u010det kemp\u016f, ze kter\u00fdch si m\u016f\u017eete vyb\u00edrat. J\u00e1 jsem pro v\u00e1s vybrala ty nejbli\u017e\u0161\u00ed.<\/p>\n\n\n\n<p><strong>Camping &amp; Appartements Seehof<\/strong>, <strong>str\u00e1nky:<\/strong>\u00a0<a rel=\"noreferrer noopener\" aria-label=\" (opens in a new tab)\" href=\"https:\/\/www.camping-seehof.com\/\" target=\"_blank\">camping-seehof.com<\/a><\/p>\n\n\n\n<p>Luxusn\u00ed kemp le\u017e\u00edc\u00ed hned u jezera Reintalersee V\u00e1s uchv\u00e1t\u00ed. Jedn\u00e1 se o kemp um\u00edst\u011bn\u00fd na kr\u00e1sn\u00e9 slune\u010dn\u00ed louce s v\u00fdhledem na tyrolsk\u00e9 hory. V hork\u00fdch dnech ocen\u00edte mo\u017enost koup\u00e1n\u00ed v jeze\u0159e a zast\u00e1nce kvalitn\u00edch potravin pot\u011b\u0161\u00ed informace, \u017ee zdej\u0161\u00ed restaurace pod\u00e1v\u00e1 j\u00eddla va\u0159en\u00e1 z vlastn\u00ed produkce potravin na zdej\u0161\u00ed farm\u011b.<\/p>\n\n\n\n<figure class=\"wp-block-image size-large\"><img loading=\"lazy\" decoding=\"async\" width=\"800\" height=\"333\" src=\"https:\/\/all4camper.com\/\/wp-content\/uploads\/2019\/12\/seehof-800x333.jpg\" alt=\"\" class=\"wp-image-83518\" srcset=\"https:\/\/all4camper.com\/wp-content\/uploads\/2019\/12\/seehof-800x333.jpg 800w, https:\/\/all4camper.com\/wp-content\/uploads\/2019\/12\/seehof-800x333-300x125.jpg 300w, https:\/\/all4camper.com\/wp-content\/uploads\/2019\/12\/seehof-800x333-150x62.jpg 150w, https:\/\/all4camper.com\/wp-content\/uploads\/2019\/12\/seehof-800x333-768x320.jpg 768w\" sizes=\"auto, (max-width: 800px) 100vw, 800px\" \/><\/figure>\n\n\n\n<p><strong>Seen Camping Stadlerhof<\/strong>, <strong>str\u00e1nky:<\/strong>\u00a0<a rel=\"noreferrer noopener\" aria-label=\" (opens in a new tab)\" href=\"http:\/\/www.camping-stadlerhof.at\/de\/camping\/\" target=\"_blank\">camping-stadlerhof.at<\/a><\/p>\n\n\n\n<p>Dal\u0161\u00edm z luxusn\u00edch kemp\u016f pobl\u00ed\u017e\u00a0<strong>Kaiserhaus je\u00a0<\/strong>Seen Camping Stadlerhof. V tomto kempu naleznete i wellness \u010d\u00e1st, kter\u00e1 pot\u011b\u0161\u00ed milovn\u00edky relaxace.\u00a0<strong>Sou\u010d\u00e1st\u00ed t\u00e9to wellness \u010d\u00e1sti je i letn\u00ed nudistick\u00e1 zahrada.\u00a0<\/strong>Pro d\u011bti, a nejen ty, je v kempu baz\u00e9n s d\u011btsk\u00fdm brouzdali\u0161t\u011bm. V letn\u00edch dnech se m\u016f\u017eete vykoupat i v p\u0159ilehl\u00e9m jeze\u0159e Krummsee.<\/p>\n\n\n\n<figure class=\"wp-block-image size-large\"><img loading=\"lazy\" decoding=\"async\" width=\"600\" height=\"310\" src=\"https:\/\/all4camper.com\/\/wp-content\/uploads\/2019\/12\/stadlerhoff-600x310.jpg\" alt=\"\" class=\"wp-image-83519\" srcset=\"https:\/\/all4camper.com\/wp-content\/uploads\/2019\/12\/stadlerhoff-600x310.jpg 600w, https:\/\/all4camper.com\/wp-content\/uploads\/2019\/12\/stadlerhoff-600x310-300x155.jpg 300w, https:\/\/all4camper.com\/wp-content\/uploads\/2019\/12\/stadlerhoff-600x310-150x78.jpg 150w\" sizes=\"auto, (max-width: 600px) 100vw, 600px\" \/><\/figure>\n\n\n\n<h4 class=\"wp-block-heading\"><strong>4. Okru\u017en\u00ed v\u00fdlet Hohe Salve<\/strong><\/h4>\n\n\n\n<p>Hora Hohe Salve, vysok\u00e1 1.828 metr\u016f, dala jm\u00e9no t\u00e9to 36,5 kilometr\u016f dlouh\u00e9 etap\u011b. Skoro z ka\u017ed\u00e9ho m\u00edsta je vid\u011bt vrcholek t\u00e9to hory. U\u017eijte si tak\u00e9 pohledu na horu Wilder Kaiser a poho\u0159\u00ed Vysok\u00e9 Taury. V\u00fdchoz\u00edm a c\u00edlov\u00fdm bodem je Hopfgarten, Salvenaland. <strong>Detailn\u00ed popis trasy\u00a0<\/strong>v\u010detn\u011b mo\u017enosti jej\u00edho sta\u017een\u00ed v n\u011bkolika form\u00e1tech naleznete\u00a0<a rel=\"noopener noreferrer\" href=\"https:\/\/www.tyrolsko.cz\/zazitky-v-tyrolsku\/sport\/silnicni-a-horske-kolo\/prehled-vsech-cyklotras-1\/a-bike-trail-tirol-hohe-salve\" target=\"_blank\">ZDE<\/a><\/p>\n\n\n\n<p><strong>Obt\u00ed\u017enost:<\/strong>\u00a0st\u0159edn\u00ed, <strong>V\u00fd\u0161kov\u00fd rozd\u00edl:<\/strong>\u00a01100m, <strong>Celkov\u00fd po\u010det km:<\/strong>\u00a036,5, <strong>\u010casov\u00e1 n\u00e1ro\u010dnost:\u00a0<\/strong>5 hodin<\/p>\n\n\n\n<figure class=\"wp-block-image size-large\"><img loading=\"lazy\" decoding=\"async\" width=\"768\" height=\"345\" src=\"https:\/\/all4camper.com\/\/wp-content\/uploads\/2019\/12\/Hohe-Salve-768x345.png\" alt=\"\" class=\"wp-image-83520\" srcset=\"https:\/\/all4camper.com\/wp-content\/uploads\/2019\/12\/Hohe-Salve-768x345.png 768w, https:\/\/all4camper.com\/wp-content\/uploads\/2019\/12\/Hohe-Salve-768x345-300x135.png 300w, https:\/\/all4camper.com\/wp-content\/uploads\/2019\/12\/Hohe-Salve-768x345-150x67.png 150w\" sizes=\"auto, (max-width: 768px) 100vw, 768px\" \/><\/figure>\n\n\n\n<h4 class=\"wp-block-heading\"><strong>Kempy v okol\u00ed Hopfgarten, Salvenaland<\/strong><\/h4>\n\n\n\n<p><strong>Camping Reiterhof<\/strong>, <strong>str\u00e1nky:\u00a0<\/strong><a rel=\"noreferrer noopener\" aria-label=\" (opens in a new tab)\" href=\"https:\/\/www.campingreiterhof.at\/\" target=\"_blank\">campingreiterhof.at<\/a><\/p>\n\n\n\n<p>St\u0159edn\u011b velk\u00fd kemp Reiterhof naleznete jen 2km od centra Hopfgartenu. Kemp le\u017e\u00ed hned vedle rekrea\u010dn\u00edho parku Salvenaland, jeho\u017e sou\u010d\u00e1st\u00ed je vyh\u0159\u00edvan\u00fd baz\u00e9n, men\u0161\u00ed jezero na koup\u00e1n\u00ed, letn\u00ed s\u00e1\u0148ka\u0159sk\u00e1 dr\u00e1ha, bowling, pl\u00e1\u017eov\u00fd volejbal a mnoho dal\u0161\u00edho.<\/p>\n\n\n\n<p><strong>Panoramacamping Westendorf<\/strong>, <strong>str\u00e1nky:\u00a0<\/strong><a href=\"http:\/\/www.panoramacamping.at\/de\/\">www.panoramacamping.at<\/a><\/p>\n\n\n\n<p>Tento kemp najdete cca 4 km od v\u00fdchoz\u00edho bodu okru\u017en\u00edho v\u00fdletu Hohe Salve. Kemp je vybaven d\u011btsk\u00fdm h\u0159i\u0161t\u011bm, saunou a wellness \u010d\u00e1st\u00ed. K dispozici je zde ping pong, stoln\u00ed fotb\u00e1lek a vnit\u0159n\u00ed d\u011btsk\u00e1 herna. nespornou p\u0159ednost\u00ed tohoto kempu je jeho poloha, kdy kemp le\u017e\u00ed jen kousek od\u00a0<a href=\"https:\/\/www.skiwelt.at\/de\/sommer\/wilder-kaiser-brixental.html\">SkiWelt Wilder Kaiser-Brixenta<\/a>, co\u017e je jedno z nejv\u011bt\u0161\u00edch a nejmodern\u011bj\u0161\u00edch ly\u017ea\u0159sk\u00fdch st\u0159edisek na sv\u011bt\u011b.<\/p>\n\n\n\n<h4 class=\"wp-block-heading\"><strong>5. Okru\u017en\u00ed v\u00fdlet Maria Waldrast<\/strong><\/h4>\n\n\n\n<p>Tato 32 kilometr\u016f dlouh\u00e1 etapa m\u016f\u017ee b\u00fdt ozna\u010dena jako velmi zvl\u00e1\u0161tn\u00ed z\u00e1\u017eitek. O nezapomenuteln\u00e9 z\u00e1\u017eitky se postar\u00e1 n\u00e1dhern\u00e1 krajina, stejn\u011b tak jako kulturn\u00ed a spiritu\u00e1ln\u00ed pam\u011btihodnosti jako je obdivuhodn\u00e9 poutn\u00ed m\u00edsto s kostelem Wallfahrtskirche Maria Waldrast z misijn\u00edho spole\u010denstv\u00ed. V\u00fdchoz\u00edm a c\u00edlov\u00fdm bodem je Innsbruck. <strong>Detailn\u00ed popis trasy\u00a0<\/strong>v\u010detn\u011b mo\u017enosti jej\u00edho sta\u017een\u00ed v n\u011bkolika form\u00e1tech naleznete\u00a0<a rel=\"noopener noreferrer\" href=\"https:\/\/www.tyrolsko.cz\/zazitky-v-tyrolsku\/sport\/silnicni-a-horske-kolo\/prehled-vsech-cyklotras-1\/a-bike-trail-tirol-maria-waldrast\" target=\"_blank\">ZDE<\/a><\/p>\n\n\n\n<p><strong>Obt\u00ed\u017enost:<\/strong>\u00a0st\u0159edn\u00ed, <strong>V\u00fd\u0161kov\u00fd rozd\u00edl:<\/strong>\u00a0950 &#8211; 1350m, <strong>Celkov\u00fd po\u010det km:<\/strong>\u00a032, <strong>\u010casov\u00e1 n\u00e1ro\u010dnost:\u00a0<\/strong>4 hodiny<\/p>\n\n\n\n<figure class=\"wp-block-image size-large\"><img loading=\"lazy\" decoding=\"async\" width=\"600\" height=\"266\" src=\"https:\/\/all4camper.com\/\/wp-content\/uploads\/2019\/12\/Maria-Waldrast-600x266.png\" alt=\"\" class=\"wp-image-83521\" srcset=\"https:\/\/all4camper.com\/wp-content\/uploads\/2019\/12\/Maria-Waldrast-600x266.png 600w, https:\/\/all4camper.com\/wp-content\/uploads\/2019\/12\/Maria-Waldrast-600x266-300x133.png 300w, https:\/\/all4camper.com\/wp-content\/uploads\/2019\/12\/Maria-Waldrast-600x266-150x67.png 150w\" sizes=\"auto, (max-width: 600px) 100vw, 600px\" \/><\/figure>\n\n\n\n<h4 class=\"wp-block-heading\"><strong>Kempy pobl\u00ed\u017e trasy Maria Waldrast<\/strong><\/h4>\n\n\n\n<p><strong>Camping Innsbruck\/Natterer See<\/strong>, str\u00e1nky:\u00a0<a rel=\"noreferrer noopener\" aria-label=\" (opens in a new tab)\" href=\"http:\/\/www.natterersee.com\/\" target=\"_blank\">natterersee.com<\/a><\/p>\n\n\n\n<p>Tento kemp le\u017e\u00ed asi 3,3 km od m\u011bste\u010dka Mutters, kter\u00e9 se nach\u00e1z\u00ed na t\u00e9to trase. Napojit se na ni tedy nemus\u00edte v Innsbrucku, ale a\u017e v tomto m\u011bste\u010dku a n\u00e1sledn\u011b se do n\u011bj m\u016f\u017eete zase po trase vr\u00e1tit. <\/p>\n\n\n\n<p>Jak u\u017e s\u00e1m n\u00e1zev napov\u00edd\u00e1, kemp le\u017e\u00ed p\u0159\u00edmo u jezera Natterer See. jedn\u00e1 se o 5* rekrea\u010dn\u00ed st\u0159edisko s velkou nab\u00eddkou slu\u017eeb a mo\u017enost\u00ed ubytov\u00e1n\u00ed. Do tohoto kempu jezd\u00ed i zdarma kyvadlov\u00fd autobus z Innsbrucku, tak\u017ee pro z\u00e1jemce o n\u00e1v\u0161t\u011bvu tohoto m\u011bsta je doprava zaji\u0161t\u011bna. Pro d\u011bti v kempu najdete i mnoho vodn\u00edch atrakc\u00ed, jako je tobog\u00e1n, posuvn\u00e1 plo\u0161ina, vodn\u00ed trampol\u00edna, vodn\u00ed p\u0159ek\u00e1\u017ekov\u00e1 dr\u00e1ha, mo\u017enost zap\u016fj\u010den\u00ed k\u00e1no\u00ed a mnoho dal\u0161\u00edho.<\/p>\n\n\n\n<figure class=\"wp-block-image size-large\"><img loading=\"lazy\" decoding=\"async\" width=\"600\" height=\"379\" src=\"https:\/\/all4camper.com\/\/wp-content\/uploads\/2019\/12\/naturerer-see-600x379.jpg\" alt=\"\" class=\"wp-image-83522\" srcset=\"https:\/\/all4camper.com\/wp-content\/uploads\/2019\/12\/naturerer-see-600x379.jpg 600w, https:\/\/all4camper.com\/wp-content\/uploads\/2019\/12\/naturerer-see-600x379-300x190.jpg 300w, https:\/\/all4camper.com\/wp-content\/uploads\/2019\/12\/naturerer-see-600x379-150x95.jpg 150w\" sizes=\"auto, (max-width: 600px) 100vw, 600px\" \/><\/figure>\n\n\n\n<p><strong>Sonnencamping Stubai<\/strong>, <strong>str\u00e1nky:\u00a0<\/strong><a rel=\"noreferrer noopener\" aria-label=\" (opens in a new tab)\" href=\"http:\/\/www.sonnencamping-stubai.at\/\" target=\"_blank\">sonnencamping-stubai.at<\/a><\/p>\n\n\n\n<p>I tento kemp naleznete p\u0159\u00edmo na t\u00e9to okru\u017en\u00ed trase v m\u011bste\u010dku Telfes im Stubai. Le\u017e\u00ed hned vedle StuBay Freizeitcenter GmbH, kde se v letn\u00edch dnech m\u016f\u017eete vykoupat. Velkou v\u00fdhodou tohoto kempu je jeho mal\u00e1 velikost, klid a poloha na nejslunn\u011bj\u0161\u00edm m\u00edst\u011b \u00fadol\u00ed Stubai.<\/p>\n","protected":false},"excerpt":{"rendered":"<p>Tyrolsko je n\u00e1dhern\u00fd region, kter\u00fd dok\u00e1\u017ee sv\u00fdm n\u00e1v\u0161t\u011bvn\u00edk\u016f nab\u00eddnout mnoho aktivit. Jednou z nich jsou i cyklov\u00fdlety, kter\u00e9 m\u016f\u017eete podnikat na mnoha zaj\u00edmav\u00fdch stezk\u00e1ch. Na jak\u00fdch a kde u nich kempovat se dozv\u00edte v dne\u0161n\u00edm m\u00e9m \u010dl\u00e1nku. 1. Okru\u017en\u00ed v\u00fdlet Kaiserwinkl Tuto trasu najdete u hranice s Bavorskem. Je vhodn\u00e1 i pro rodiny s d\u011btmi, [&hellip;]<\/p>\n","protected":false},"author":1,"featured_media":14732,"comment_status":"closed","ping_status":"open","sticky":false,"template":"","format":"standard","meta":{"_monsterinsights_skip_tracking":false,"_monsterinsights_sitenote_active":false,"_monsterinsights_sitenote_note":"","_monsterinsights_sitenote_category":0,"footnotes":""},"categories":[2379],"tags":[106,105],"class_list":{"0":"post-14724","1":"post","2":"type-post","3":"status-publish","4":"format-standard","5":"has-post-thumbnail","7":"category-kempujeme-a-cestujeme-v-rakousku","8":"tag-dovolena-s-detmi-1","9":"tag-rakousko"},"yoast_head":"<!-- This site is optimized with the Yoast SEO plugin v27.5 - https:\/\/yoast.com\/product\/yoast-seo-wordpress\/ -->\n<title>5 okru\u017en\u00edch rodinn\u00fdch v\u00fdlet\u016f na kole v Tyrolsku nedaleko kemp\u016f - All4Camper<\/title>\n<meta name=\"description\" content=\"All4Camper - 5 okru\u017en\u00edch rodinn\u00fdch v\u00fdlet\u016f na kole v Tyrolsku nedaleko kemp\u016f\" \/>\n<meta name=\"robots\" content=\"index, follow, max-snippet:-1, max-image-preview:large, max-video-preview:-1\" \/>\n<link rel=\"canonical\" href=\"https:\/\/all4camper.com\/cs\/5-okruznich-vyletu-na-kole-v-tyrolsku\/\" \/>\n<meta property=\"og:locale\" content=\"cs_CZ\" \/>\n<meta property=\"og:type\" content=\"article\" \/>\n<meta property=\"og:title\" content=\"5 okru\u017en\u00edch rodinn\u00fdch v\u00fdlet\u016f na kole v Tyrolsku nedaleko kemp\u016f - All4Camper\" \/>\n<meta property=\"og:description\" content=\"All4Camper - 5 okru\u017en\u00edch rodinn\u00fdch v\u00fdlet\u016f na kole v Tyrolsku nedaleko kemp\u016f\" \/>\n<meta property=\"og:url\" content=\"https:\/\/all4camper.com\/cs\/5-okruznich-vyletu-na-kole-v-tyrolsku\/\" \/>\n<meta property=\"og:site_name\" content=\"All4Camper\" \/>\n<meta property=\"article:published_time\" content=\"2018-02-27T14:36:18+00:00\" \/>\n<meta property=\"article:modified_time\" content=\"2020-04-21T11:06:29+00:00\" \/>\n<meta property=\"og:image\" content=\"https:\/\/all4camper.com\/wp-content\/uploads\/2018\/02\/kemp-stubai.jpg\" \/>\n\t<meta property=\"og:image:width\" content=\"800\" \/>\n\t<meta property=\"og:image:height\" content=\"600\" \/>\n\t<meta property=\"og:image:type\" content=\"image\/jpeg\" \/>\n<meta name=\"author\" content=\"Davi\" \/>\n<meta name=\"twitter:card\" content=\"summary_large_image\" \/>\n<meta name=\"twitter:label1\" content=\"Napsal(a)\" \/>\n\t<meta name=\"twitter:data1\" content=\"Davi\" \/>\n\t<meta name=\"twitter:label2\" content=\"Odhadovan\u00e1 doba \u010dten\u00ed\" \/>\n\t<meta name=\"twitter:data2\" content=\"7 minut\" \/>\n<script type=\"application\/ld+json\" class=\"yoast-schema-graph\">{\"@context\":\"https:\\\/\\\/schema.org\",\"@graph\":[{\"@type\":\"Article\",\"@id\":\"https:\\\/\\\/all4camper.com\\\/cs\\\/5-okruznich-vyletu-na-kole-v-tyrolsku\\\/#article\",\"isPartOf\":{\"@id\":\"https:\\\/\\\/all4camper.com\\\/cs\\\/5-okruznich-vyletu-na-kole-v-tyrolsku\\\/\"},\"author\":{\"name\":\"Davi\",\"@id\":\"https:\\\/\\\/all4camper.com\\\/cs\\\/#\\\/schema\\\/person\\\/4de0ea01bd6518ef95649b160a14dcf1\"},\"headline\":\"5 okru\u017en\u00edch rodinn\u00fdch v\u00fdlet\u016f na kole v Tyrolsku nedaleko kemp\u016f\",\"datePublished\":\"2018-02-27T14:36:18+00:00\",\"dateModified\":\"2020-04-21T11:06:29+00:00\",\"mainEntityOfPage\":{\"@id\":\"https:\\\/\\\/all4camper.com\\\/cs\\\/5-okruznich-vyletu-na-kole-v-tyrolsku\\\/\"},\"wordCount\":1496,\"publisher\":{\"@id\":\"https:\\\/\\\/all4camper.com\\\/cs\\\/#organization\"},\"image\":{\"@id\":\"https:\\\/\\\/all4camper.com\\\/cs\\\/5-okruznich-vyletu-na-kole-v-tyrolsku\\\/#primaryimage\"},\"thumbnailUrl\":\"https:\\\/\\\/all4camper.com\\\/wp-content\\\/uploads\\\/2018\\\/02\\\/kemp-stubai.jpg\",\"keywords\":[\"Dovolen\u00e1 s d\u011btmi\",\"Rakousko\"],\"articleSection\":[\"Kempujeme a cestujeme v Rakousku\"],\"inLanguage\":\"cs\"},{\"@type\":\"WebPage\",\"@id\":\"https:\\\/\\\/all4camper.com\\\/cs\\\/5-okruznich-vyletu-na-kole-v-tyrolsku\\\/\",\"url\":\"https:\\\/\\\/all4camper.com\\\/cs\\\/5-okruznich-vyletu-na-kole-v-tyrolsku\\\/\",\"name\":\"5 okru\u017en\u00edch rodinn\u00fdch v\u00fdlet\u016f na kole v Tyrolsku nedaleko kemp\u016f - All4Camper\",\"isPartOf\":{\"@id\":\"https:\\\/\\\/all4camper.com\\\/cs\\\/#website\"},\"primaryImageOfPage\":{\"@id\":\"https:\\\/\\\/all4camper.com\\\/cs\\\/5-okruznich-vyletu-na-kole-v-tyrolsku\\\/#primaryimage\"},\"image\":{\"@id\":\"https:\\\/\\\/all4camper.com\\\/cs\\\/5-okruznich-vyletu-na-kole-v-tyrolsku\\\/#primaryimage\"},\"thumbnailUrl\":\"https:\\\/\\\/all4camper.com\\\/wp-content\\\/uploads\\\/2018\\\/02\\\/kemp-stubai.jpg\",\"datePublished\":\"2018-02-27T14:36:18+00:00\",\"dateModified\":\"2020-04-21T11:06:29+00:00\",\"description\":\"All4Camper - 5 okru\u017en\u00edch rodinn\u00fdch v\u00fdlet\u016f na kole v Tyrolsku nedaleko kemp\u016f\",\"breadcrumb\":{\"@id\":\"https:\\\/\\\/all4camper.com\\\/cs\\\/5-okruznich-vyletu-na-kole-v-tyrolsku\\\/#breadcrumb\"},\"inLanguage\":\"cs\",\"potentialAction\":[{\"@type\":\"ReadAction\",\"target\":[\"https:\\\/\\\/all4camper.com\\\/cs\\\/5-okruznich-vyletu-na-kole-v-tyrolsku\\\/\"]}]},{\"@type\":\"ImageObject\",\"inLanguage\":\"cs\",\"@id\":\"https:\\\/\\\/all4camper.com\\\/cs\\\/5-okruznich-vyletu-na-kole-v-tyrolsku\\\/#primaryimage\",\"url\":\"https:\\\/\\\/all4camper.com\\\/wp-content\\\/uploads\\\/2018\\\/02\\\/kemp-stubai.jpg\",\"contentUrl\":\"https:\\\/\\\/all4camper.com\\\/wp-content\\\/uploads\\\/2018\\\/02\\\/kemp-stubai.jpg\",\"width\":800,\"height\":600},{\"@type\":\"BreadcrumbList\",\"@id\":\"https:\\\/\\\/all4camper.com\\\/cs\\\/5-okruznich-vyletu-na-kole-v-tyrolsku\\\/#breadcrumb\",\"itemListElement\":[{\"@type\":\"ListItem\",\"position\":1,\"name\":\"Dom\u016f\",\"item\":\"https:\\\/\\\/all4camper.com\\\/cs\\\/\"},{\"@type\":\"ListItem\",\"position\":2,\"name\":\"Kempujeme a cestujeme v Rakousku\",\"item\":\"https:\\\/\\\/all4camper.com\\\/cs\\\/category\\\/kempujeme-a-cestujeme-v-rakousku\\\/\"},{\"@type\":\"ListItem\",\"position\":3,\"name\":\"5 okru\u017en\u00edch rodinn\u00fdch v\u00fdlet\u016f na kole v Tyrolsku nedaleko kemp\u016f\"}]},{\"@type\":\"WebSite\",\"@id\":\"https:\\\/\\\/all4camper.com\\\/cs\\\/#website\",\"url\":\"https:\\\/\\\/all4camper.com\\\/cs\\\/\",\"name\":\"All4Camper\",\"description\":\"Nejv\u011bt\u0161\u00ed online magaz\u00edn o kempov\u00e1n\u00ed a karavaninku. V\u00edce jak 900 \u010dl\u00e1nk\u016f pln\u00fdch rad a tip\u016f o kempech a kempov\u00e1n\u00ed.\",\"publisher\":{\"@id\":\"https:\\\/\\\/all4camper.com\\\/cs\\\/#organization\"},\"potentialAction\":[{\"@type\":\"SearchAction\",\"target\":{\"@type\":\"EntryPoint\",\"urlTemplate\":\"https:\\\/\\\/all4camper.com\\\/cs\\\/?s={search_term_string}\"},\"query-input\":{\"@type\":\"PropertyValueSpecification\",\"valueRequired\":true,\"valueName\":\"search_term_string\"}}],\"inLanguage\":\"cs\"},{\"@type\":\"Organization\",\"@id\":\"https:\\\/\\\/all4camper.com\\\/cs\\\/#organization\",\"name\":\"All4Camper - kempujeme s Kl\u00e1rou\",\"url\":\"https:\\\/\\\/all4camper.com\\\/cs\\\/\",\"logo\":{\"@type\":\"ImageObject\",\"inLanguage\":\"cs\",\"@id\":\"https:\\\/\\\/all4camper.com\\\/cs\\\/#\\\/schema\\\/logo\\\/image\\\/\",\"url\":\"https:\\\/\\\/all4camper.com\\\/wp-content\\\/uploads\\\/2018\\\/09\\\/novelogo.png\",\"contentUrl\":\"https:\\\/\\\/all4camper.com\\\/wp-content\\\/uploads\\\/2018\\\/09\\\/novelogo.png\",\"width\":1520,\"height\":600,\"caption\":\"All4Camper - kempujeme s Kl\u00e1rou\"},\"image\":{\"@id\":\"https:\\\/\\\/all4camper.com\\\/cs\\\/#\\\/schema\\\/logo\\\/image\\\/\"}},{\"@type\":\"Person\",\"@id\":\"https:\\\/\\\/all4camper.com\\\/cs\\\/#\\\/schema\\\/person\\\/4de0ea01bd6518ef95649b160a14dcf1\",\"name\":\"Davi\",\"url\":\"https:\\\/\\\/all4camper.com\\\/cs\\\/author\\\/david\\\/\"}]}<\/script>\n<!-- \/ Yoast SEO plugin. -->","yoast_head_json":{"title":"5 okru\u017en\u00edch rodinn\u00fdch v\u00fdlet\u016f na kole v Tyrolsku nedaleko kemp\u016f - All4Camper","description":"All4Camper - 5 okru\u017en\u00edch rodinn\u00fdch v\u00fdlet\u016f na kole v Tyrolsku nedaleko kemp\u016f","robots":{"index":"index","follow":"follow","max-snippet":"max-snippet:-1","max-image-preview":"max-image-preview:large","max-video-preview":"max-video-preview:-1"},"canonical":"https:\/\/all4camper.com\/cs\/5-okruznich-vyletu-na-kole-v-tyrolsku\/","og_locale":"cs_CZ","og_type":"article","og_title":"5 okru\u017en\u00edch rodinn\u00fdch v\u00fdlet\u016f na kole v Tyrolsku nedaleko kemp\u016f - All4Camper","og_description":"All4Camper - 5 okru\u017en\u00edch rodinn\u00fdch v\u00fdlet\u016f na kole v Tyrolsku nedaleko kemp\u016f","og_url":"https:\/\/all4camper.com\/cs\/5-okruznich-vyletu-na-kole-v-tyrolsku\/","og_site_name":"All4Camper","article_published_time":"2018-02-27T14:36:18+00:00","article_modified_time":"2020-04-21T11:06:29+00:00","og_image":[{"width":800,"height":600,"url":"https:\/\/all4camper.com\/wp-content\/uploads\/2018\/02\/kemp-stubai.jpg","type":"image\/jpeg"}],"author":"Davi","twitter_card":"summary_large_image","twitter_misc":{"Napsal(a)":"Davi","Odhadovan\u00e1 doba \u010dten\u00ed":"7 minut"},"schema":{"@context":"https:\/\/schema.org","@graph":[{"@type":"Article","@id":"https:\/\/all4camper.com\/cs\/5-okruznich-vyletu-na-kole-v-tyrolsku\/#article","isPartOf":{"@id":"https:\/\/all4camper.com\/cs\/5-okruznich-vyletu-na-kole-v-tyrolsku\/"},"author":{"name":"Davi","@id":"https:\/\/all4camper.com\/cs\/#\/schema\/person\/4de0ea01bd6518ef95649b160a14dcf1"},"headline":"5 okru\u017en\u00edch rodinn\u00fdch v\u00fdlet\u016f na kole v Tyrolsku nedaleko kemp\u016f","datePublished":"2018-02-27T14:36:18+00:00","dateModified":"2020-04-21T11:06:29+00:00","mainEntityOfPage":{"@id":"https:\/\/all4camper.com\/cs\/5-okruznich-vyletu-na-kole-v-tyrolsku\/"},"wordCount":1496,"publisher":{"@id":"https:\/\/all4camper.com\/cs\/#organization"},"image":{"@id":"https:\/\/all4camper.com\/cs\/5-okruznich-vyletu-na-kole-v-tyrolsku\/#primaryimage"},"thumbnailUrl":"https:\/\/all4camper.com\/wp-content\/uploads\/2018\/02\/kemp-stubai.jpg","keywords":["Dovolen\u00e1 s d\u011btmi","Rakousko"],"articleSection":["Kempujeme a cestujeme v Rakousku"],"inLanguage":"cs"},{"@type":"WebPage","@id":"https:\/\/all4camper.com\/cs\/5-okruznich-vyletu-na-kole-v-tyrolsku\/","url":"https:\/\/all4camper.com\/cs\/5-okruznich-vyletu-na-kole-v-tyrolsku\/","name":"5 okru\u017en\u00edch rodinn\u00fdch v\u00fdlet\u016f na kole v Tyrolsku nedaleko kemp\u016f - All4Camper","isPartOf":{"@id":"https:\/\/all4camper.com\/cs\/#website"},"primaryImageOfPage":{"@id":"https:\/\/all4camper.com\/cs\/5-okruznich-vyletu-na-kole-v-tyrolsku\/#primaryimage"},"image":{"@id":"https:\/\/all4camper.com\/cs\/5-okruznich-vyletu-na-kole-v-tyrolsku\/#primaryimage"},"thumbnailUrl":"https:\/\/all4camper.com\/wp-content\/uploads\/2018\/02\/kemp-stubai.jpg","datePublished":"2018-02-27T14:36:18+00:00","dateModified":"2020-04-21T11:06:29+00:00","description":"All4Camper - 5 okru\u017en\u00edch rodinn\u00fdch v\u00fdlet\u016f na kole v Tyrolsku nedaleko kemp\u016f","breadcrumb":{"@id":"https:\/\/all4camper.com\/cs\/5-okruznich-vyletu-na-kole-v-tyrolsku\/#breadcrumb"},"inLanguage":"cs","potentialAction":[{"@type":"ReadAction","target":["https:\/\/all4camper.com\/cs\/5-okruznich-vyletu-na-kole-v-tyrolsku\/"]}]},{"@type":"ImageObject","inLanguage":"cs","@id":"https:\/\/all4camper.com\/cs\/5-okruznich-vyletu-na-kole-v-tyrolsku\/#primaryimage","url":"https:\/\/all4camper.com\/wp-content\/uploads\/2018\/02\/kemp-stubai.jpg","contentUrl":"https:\/\/all4camper.com\/wp-content\/uploads\/2018\/02\/kemp-stubai.jpg","width":800,"height":600},{"@type":"BreadcrumbList","@id":"https:\/\/all4camper.com\/cs\/5-okruznich-vyletu-na-kole-v-tyrolsku\/#breadcrumb","itemListElement":[{"@type":"ListItem","position":1,"name":"Dom\u016f","item":"https:\/\/all4camper.com\/cs\/"},{"@type":"ListItem","position":2,"name":"Kempujeme a cestujeme v Rakousku","item":"https:\/\/all4camper.com\/cs\/category\/kempujeme-a-cestujeme-v-rakousku\/"},{"@type":"ListItem","position":3,"name":"5 okru\u017en\u00edch rodinn\u00fdch v\u00fdlet\u016f na kole v Tyrolsku nedaleko kemp\u016f"}]},{"@type":"WebSite","@id":"https:\/\/all4camper.com\/cs\/#website","url":"https:\/\/all4camper.com\/cs\/","name":"All4Camper","description":"Nejv\u011bt\u0161\u00ed online magaz\u00edn o kempov\u00e1n\u00ed a karavaninku. V\u00edce jak 900 \u010dl\u00e1nk\u016f pln\u00fdch rad a tip\u016f o kempech a kempov\u00e1n\u00ed.","publisher":{"@id":"https:\/\/all4camper.com\/cs\/#organization"},"potentialAction":[{"@type":"SearchAction","target":{"@type":"EntryPoint","urlTemplate":"https:\/\/all4camper.com\/cs\/?s={search_term_string}"},"query-input":{"@type":"PropertyValueSpecification","valueRequired":true,"valueName":"search_term_string"}}],"inLanguage":"cs"},{"@type":"Organization","@id":"https:\/\/all4camper.com\/cs\/#organization","name":"All4Camper - kempujeme s Kl\u00e1rou","url":"https:\/\/all4camper.com\/cs\/","logo":{"@type":"ImageObject","inLanguage":"cs","@id":"https:\/\/all4camper.com\/cs\/#\/schema\/logo\/image\/","url":"https:\/\/all4camper.com\/wp-content\/uploads\/2018\/09\/novelogo.png","contentUrl":"https:\/\/all4camper.com\/wp-content\/uploads\/2018\/09\/novelogo.png","width":1520,"height":600,"caption":"All4Camper - kempujeme s Kl\u00e1rou"},"image":{"@id":"https:\/\/all4camper.com\/cs\/#\/schema\/logo\/image\/"}},{"@type":"Person","@id":"https:\/\/all4camper.com\/cs\/#\/schema\/person\/4de0ea01bd6518ef95649b160a14dcf1","name":"Davi","url":"https:\/\/all4camper.com\/cs\/author\/david\/"}]}},"_links":{"self":[{"href":"https:\/\/all4camper.com\/cs\/wp-json\/wp\/v2\/posts\/14724","targetHints":{"allow":["GET"]}}],"collection":[{"href":"https:\/\/all4camper.com\/cs\/wp-json\/wp\/v2\/posts"}],"about":[{"href":"https:\/\/all4camper.com\/cs\/wp-json\/wp\/v2\/types\/post"}],"author":[{"embeddable":true,"href":"https:\/\/all4camper.com\/cs\/wp-json\/wp\/v2\/users\/1"}],"replies":[{"embeddable":true,"href":"https:\/\/all4camper.com\/cs\/wp-json\/wp\/v2\/comments?post=14724"}],"version-history":[{"count":0,"href":"https:\/\/all4camper.com\/cs\/wp-json\/wp\/v2\/posts\/14724\/revisions"}],"wp:featuredmedia":[{"embeddable":true,"href":"https:\/\/all4camper.com\/cs\/wp-json\/wp\/v2\/media\/14732"}],"wp:attachment":[{"href":"https:\/\/all4camper.com\/cs\/wp-json\/wp\/v2\/media?parent=14724"}],"wp:term":[{"taxonomy":"category","embeddable":true,"href":"https:\/\/all4camper.com\/cs\/wp-json\/wp\/v2\/categories?post=14724"},{"taxonomy":"post_tag","embeddable":true,"href":"https:\/\/all4camper.com\/cs\/wp-json\/wp\/v2\/tags?post=14724"}],"curies":[{"name":"wp","href":"https:\/\/api.w.org\/{rel}","templated":true}]}}