{"id":143859,"date":"2023-09-28T11:41:44","date_gmt":"2023-09-28T09:41:44","guid":{"rendered":"https:\/\/all4camper.com\/\/?p=143859"},"modified":"2024-01-04T10:25:35","modified_gmt":"2024-01-04T09:25:35","slug":"unikatni-evropska-cesta-za-poznanim-objevte-stezku-gotickych-hradu-v-polsku","status":"publish","type":"post","link":"https:\/\/all4camper.com\/cs\/unikatni-evropska-cesta-za-poznanim-objevte-stezku-gotickych-hradu-v-polsku\/","title":{"rendered":"Unik\u00e1tn\u00ed evropsk\u00e1 cesta za pozn\u00e1n\u00edm &#8211; objevte stezku gotick\u00fdch hrad\u016f v Polsku"},"content":{"rendered":"\n<p><strong>P\u00e1r dn\u00ed zp\u011bt jsem se vr\u00e1tila z t\u00e9to opravdu kr\u00e1sn\u00e9 cesty, jej\u00edm\u017e c\u00edlem bylo nav\u0161t\u00edvit v\u011bt\u0161inu z dvan\u00e1cti v\u00fdznamn\u00fdch gotick\u00fdch hrad\u016f na t\u00e9to sv\u011btozn\u00e1m\u00e9 Stezce gotick\u00fdch hrad\u016f. Hned na \u00favod mus\u00edm napsat, \u017ee to byl nejen kr\u00e1sn\u00fd z\u00e1\u017eitek, ale pokud do trasy je\u0161t\u011b zahrnete n\u00e1v\u0161t\u011bvu dal\u0161\u00edch pam\u00e1tek v jej\u00edm okol\u00ed, m\u00e1te o nezapomenutelnou pozn\u00e1vac\u00ed dovolenou postar\u00e1no. Jak tedy na\u0161e cesta prob\u00edhala a na co se m\u016f\u017eete t\u011b\u0161it?<\/strong><\/p>\n\n\n\n<figure class=\"wp-block-image size-full\"><img loading=\"lazy\" decoding=\"async\" width=\"1398\" height=\"836\" src=\"https:\/\/all4camper.com\/\/wp-content\/uploads\/2023\/09\/moje-trasa-stezka-gotickych-hradu.png\" alt=\"\" class=\"wp-image-143892\" srcset=\"https:\/\/all4camper.com\/wp-content\/uploads\/2023\/09\/moje-trasa-stezka-gotickych-hradu.png 1398w, https:\/\/all4camper.com\/wp-content\/uploads\/2023\/09\/moje-trasa-stezka-gotickych-hradu-450x269.png 450w, https:\/\/all4camper.com\/wp-content\/uploads\/2023\/09\/moje-trasa-stezka-gotickych-hradu-150x90.png 150w, https:\/\/all4camper.com\/wp-content\/uploads\/2023\/09\/moje-trasa-stezka-gotickych-hradu-768x459.png 768w, https:\/\/all4camper.com\/wp-content\/uploads\/2023\/09\/moje-trasa-stezka-gotickych-hradu-696x416.png 696w, https:\/\/all4camper.com\/wp-content\/uploads\/2023\/09\/moje-trasa-stezka-gotickych-hradu-1392x832.png 1392w\" sizes=\"auto, (max-width: 1398px) 100vw, 1398px\" \/><\/figure>\n\n\n\n<h2 class=\"wp-block-heading\">Obecn\u00e9 informace o stezce<\/h2>\n\n\n\n<p>Szlak Zamk\u00f3w Gotyckich, \u010desky zn\u00e1m\u00fd jako Stezka gotick\u00fdch hrad\u016f, je fascinuj\u00edc\u00ed autoturistick\u00e1 trasa spojuj\u00edc\u00ed dvan\u00e1ct historick\u00fdch hrad\u016f ve Varmii, Mazur\u00e1ch a Pomo\u0159ansku. <strong>Pro milovn\u00edky historie, architektury a kr\u00e1sn\u00fdch krajinn\u00fdch scen\u00e9ri\u00ed je tato trasa jednou z nejzaj\u00edmav\u011bj\u0161\u00edch v Evrop\u011b<\/strong>. <\/p>\n\n\n\n<figure class=\"wp-block-image size-large\"><img loading=\"lazy\" decoding=\"async\" width=\"1920\" height=\"1024\" src=\"https:\/\/all4camper.com\/\/wp-content\/uploads\/2023\/10\/Snimek-obrazovky-2023-10-12-v-10.26.50-1920x1024.png\" alt=\"\" class=\"wp-image-143963\" srcset=\"https:\/\/all4camper.com\/wp-content\/uploads\/2023\/10\/Snimek-obrazovky-2023-10-12-v-10.26.50-1920x1024.png 1920w, https:\/\/all4camper.com\/wp-content\/uploads\/2023\/10\/Snimek-obrazovky-2023-10-12-v-10.26.50-450x240.png 450w, https:\/\/all4camper.com\/wp-content\/uploads\/2023\/10\/Snimek-obrazovky-2023-10-12-v-10.26.50-150x80.png 150w, https:\/\/all4camper.com\/wp-content\/uploads\/2023\/10\/Snimek-obrazovky-2023-10-12-v-10.26.50-768x409.png 768w, https:\/\/all4camper.com\/wp-content\/uploads\/2023\/10\/Snimek-obrazovky-2023-10-12-v-10.26.50-1536x819.png 1536w, https:\/\/all4camper.com\/wp-content\/uploads\/2023\/10\/Snimek-obrazovky-2023-10-12-v-10.26.50-2048x1092.png 2048w, https:\/\/all4camper.com\/wp-content\/uploads\/2023\/10\/Snimek-obrazovky-2023-10-12-v-10.26.50-696x371.png 696w, https:\/\/all4camper.com\/wp-content\/uploads\/2023\/10\/Snimek-obrazovky-2023-10-12-v-10.26.50-1392x742.png 1392w\" sizes=\"auto, (max-width: 1920px) 100vw, 1920px\" \/><\/figure>\n\n\n\n<p>Pokud byste hrady cht\u011bli nav\u0161t\u00edvit v\u0161echny, pak doporu\u010duji se kouknout na <strong><a href=\"https:\/\/all4camper.com\/\/wp-content\/uploads\/2023\/10\/Mapa_zamki_2023.pdf\">tuto mapu<\/a><\/strong>, kde je najdete p\u0159ehledn\u011b ozna\u010deny. My, jak u\u017e jsem psala v\u00fd\u0161e, nav\u0161t\u00edvili deset z nich. Stezku zvl\u00e1dnete projet s p\u0159ehledem za t\u00fdden, pokud si stanov\u00edte, jako my, na jeden den n\u00e1v\u0161t\u011bvu dvou hrad\u016f. Stihnout se to d\u00e1 s p\u0159ehledem a budete-li dob\u0159e pl\u00e1novat cestu, je\u0161t\u011b k tomu zvl\u00e1dnete prohl\u00eddky n\u00e1m\u011bst\u00ed \u010di historick\u00fdch center m\u011bst ve kter\u00fdch hrady stoj\u00ed. To v\u0161ak neplat\u00ed pro hrad Malbork, kde, pokud budete opravdu pe\u010dliv\u00ed, v\u00e1m prohl\u00eddka zabere minim\u00e1ln\u011b 3 hodiny. U ostatn\u00edch hrad\u016f jsme se bez probl\u00e9mu ve\u0161li maxim\u00e1ln\u011b do dvou hodin prohl\u00eddky i s focen\u00edm. Na v\u0161ech hradech lze platit vstupn\u00e9 kartou, v Malborku maj\u00ed audiopr\u016fvodce v \u010desk\u00e9m jazyce, tak si jej nezapome\u0148te p\u016fj\u010dit. Rozhodn\u011b to stoj\u00ed za to.<\/p>\n\n\n\n<h2 class=\"wp-block-heading\">Pro\u010d je trasa tak popul\u00e1rn\u00ed?<\/h2>\n\n\n\n<ul class=\"wp-block-list\">\n<li><strong>Historick\u00e1 hodnota<\/strong>: Hrady na trase jsou vynikaj\u00edc\u00edm sv\u011bdectv\u00edm st\u0159edov\u011bk\u00e9 architektury a historie regionu.<\/li>\n\n\n\n<li><strong>Architektonick\u00e1 r\u016fznorodost<\/strong>: Trasa zahrnuje r\u016fzn\u00e9 typy hrad\u016f, ka\u017ed\u00fd s unik\u00e1tn\u00edmi architektonick\u00fdmi prvky.<\/li>\n\n\n\n<li><strong>Dostupnost<\/strong>: D\u00edky zna\u010den\u00ed a r\u016fzn\u00fdm variant\u00e1m trasy je snadn\u00e9 pl\u00e1novat n\u00e1v\u0161t\u011bvu podle vlastn\u00edch preferenc\u00ed.<\/li>\n\n\n\n<li><strong>Kr\u00e1sn\u00e9 scen\u00e9rie<\/strong>: Regiony Varmie, Mazury a Pomo\u0159ansko jsou zn\u00e1m\u00e9 svou \u00fachvatnou p\u0159\u00edrodou, kter\u00e1 trase dod\u00e1v\u00e1 dodate\u010dnou atraktivitu.<\/li>\n<\/ul>\n\n\n\n<p>Ne\u017e vyjete, mrkn\u011bte se i na <strong><a href=\"https:\/\/zamkigotyckie.org.pl\/3d\/\" target=\"_blank\" rel=\"noreferrer noopener\">tuto interaktivn\u00ed mapu<\/a><\/strong>. D\u00edky n\u00ed budete dop\u0159edu v\u011bd\u011bt co v\u00e1s na kter\u00e9m hradu \u010dek\u00e1 a jak\u00e1 byla jeho historie. <\/p>\n\n\n\n<h2 class=\"wp-block-heading\">N\u00e1mi nav\u0161t\u00edven\u00e9 hrady:<\/h2>\n\n\n\n<p><strong>Celou na\u0161i trasu si m\u016f\u017eete <a href=\"https:\/\/www.google.com\/maps\/d\/u\/0\/edit?mid=1p3nfbn_Ftsv1ZbZ41WH-VJ_IFUgaS_s&amp;usp=sharing\" target=\"_blank\" rel=\"noreferrer noopener\">zobrazit tady<\/a><\/strong>. Na map\u011b jsou uvedena v\u0161echny m\u00edsta, kter\u00e1 jsme nav\u0161t\u00edvili za 10 dn\u00ed, tj. ne pouze hrady, ale i dal\u0161\u00ed zaj\u00edmavosti. <\/p>\n\n\n\n<h3 class=\"wp-block-heading\"><strong>Hrad Nidzica<\/strong> <\/h3>\n\n\n\n<p>Mal\u00fd hrad se nach\u00e1z\u00ed jen kousek od centra m\u011bsta. V jeho prostor\u00e1ch naleznete Muzeum regionu Nidzica s expozicemi zam\u011b\u0159en\u00fdmi na etnografii a historii, Kulturn\u00ed centrum Nidzica, Ryt\u00ed\u0159sk\u00e9 sdru\u017een\u00ed komtury Nidzica, autorskou galerii Hieronima Surpsk\u00e9ho, socha\u0159sk\u00fd ateli\u00e9r a m\u011bstskou knihovnu. P\u0159\u00edstup do vn\u011bj\u0161\u00ed \u010d\u00e1sti a n\u00e1dvo\u0159\u00ed hradn\u00edho komplexu je bezplatn\u00fd, za vstup do muzea se plat\u00ed. Cel\u00fd objekt je lemov\u00e1n kr\u00e1sn\u00fdm parkem z 19. stolet\u00ed.<\/p>\n\n\n\n<figure class=\"wp-block-image size-large\"><img loading=\"lazy\" decoding=\"async\" width=\"1671\" height=\"1080\" src=\"https:\/\/all4camper.com\/\/wp-content\/uploads\/2023\/09\/IMG_3219-1671x1080.jpeg\" alt=\"\" class=\"wp-image-143873\" srcset=\"https:\/\/all4camper.com\/wp-content\/uploads\/2023\/09\/IMG_3219-1671x1080.jpeg 1671w, https:\/\/all4camper.com\/wp-content\/uploads\/2023\/09\/IMG_3219-450x291.jpeg 450w, https:\/\/all4camper.com\/wp-content\/uploads\/2023\/09\/IMG_3219-150x97.jpeg 150w, https:\/\/all4camper.com\/wp-content\/uploads\/2023\/09\/IMG_3219-768x496.jpeg 768w, https:\/\/all4camper.com\/wp-content\/uploads\/2023\/09\/IMG_3219-1536x993.jpeg 1536w, https:\/\/all4camper.com\/wp-content\/uploads\/2023\/09\/IMG_3219-2048x1324.jpeg 2048w, https:\/\/all4camper.com\/wp-content\/uploads\/2023\/09\/IMG_3219-696x450.jpeg 696w, https:\/\/all4camper.com\/wp-content\/uploads\/2023\/09\/IMG_3219-1392x900.jpeg 1392w, https:\/\/all4camper.com\/wp-content\/uploads\/2023\/09\/IMG_3219-1920x1241.jpeg 1920w\" sizes=\"auto, (max-width: 1671px) 100vw, 1671px\" \/><figcaption class=\"wp-element-caption\">Foto: Kl\u00e1ra H\u00e1jkov\u00e1<\/figcaption><\/figure>\n\n\n\n<p><strong>Historie hradu<\/strong><\/p>\n\n\n\n<p>Nidzica, tento malebn\u00fd hrad s bohatou histori\u00ed, byl postaven v roce 1370 a roku 1409 se prom\u011bnil v kamennou pevnost pat\u0159\u00edc\u00ed teutonsk\u00e9mu ryt\u00ed\u0159i Pflegerovi. Odtud n\u00e1sleduje jeho p\u0159\u00edslu\u0161nost k panstv\u00ed k\u0159i\u017e\u00e1k\u016f. Av\u0161ak i tento hrad m\u00e1 svoje slabiny. V roce 1410 se stal ko\u0159ist\u00ed polsk\u00fdch vojensk\u00fdch sil. V 15. stolet\u00ed nabyl nov\u00e9ho geopolitick\u00e9ho v\u00fdznamu, kdy\u017e p\u0159e\u0161el pod pruskou kontrolu, n\u00e1sledovalo jeho dobyt\u00ed \u010desk\u00fdm vojskem pod veden\u00edm charismatick\u00e9ho Jana Koldy ze Zampachu v roce 1455. Rok 1517 p\u0159inesl roz\u0161\u00ed\u0159en\u00ed a pos\u00edlen\u00ed hradu d\u00edky nov\u011b postaven\u00e9mu vnit\u0159n\u00edmu p\u0159edhrad\u00ed. Ov\u0161em v roce 1784 hrad poni\u010dil ni\u010div\u00fd po\u017e\u00e1r a v roce 1812 byl vyrabov\u00e1n a po\u0161kozen francouzsk\u00fdmi jednotkami, kter\u00e9 ho n\u00e1sledn\u011b p\u0159em\u011bnily na kombinovan\u00fd dv\u016fr s v\u011bznic\u00ed.<\/p>\n\n\n\n<figure class=\"wp-block-image size-large\"><img loading=\"lazy\" decoding=\"async\" width=\"1440\" height=\"1080\" src=\"https:\/\/all4camper.com\/\/wp-content\/uploads\/2023\/09\/IMG_3224-1440x1080.jpeg\" alt=\"\" class=\"wp-image-143880\" srcset=\"https:\/\/all4camper.com\/wp-content\/uploads\/2023\/09\/IMG_3224-1440x1080.jpeg 1440w, https:\/\/all4camper.com\/wp-content\/uploads\/2023\/09\/IMG_3224-450x338.jpeg 450w, https:\/\/all4camper.com\/wp-content\/uploads\/2023\/09\/IMG_3224-150x113.jpeg 150w, https:\/\/all4camper.com\/wp-content\/uploads\/2023\/09\/IMG_3224-768x576.jpeg 768w, https:\/\/all4camper.com\/wp-content\/uploads\/2023\/09\/IMG_3224-1536x1152.jpeg 1536w, https:\/\/all4camper.com\/wp-content\/uploads\/2023\/09\/IMG_3224-2048x1536.jpeg 2048w, https:\/\/all4camper.com\/wp-content\/uploads\/2023\/09\/IMG_3224-696x522.jpeg 696w, https:\/\/all4camper.com\/wp-content\/uploads\/2023\/09\/IMG_3224-1392x1044.jpeg 1392w, https:\/\/all4camper.com\/wp-content\/uploads\/2023\/09\/IMG_3224-1920x1440.jpeg 1920w\" sizes=\"auto, (max-width: 1440px) 100vw, 1440px\" \/><figcaption class=\"wp-element-caption\">Foto: Kl\u00e1ra H\u00e1jkov\u00e1<\/figcaption><\/figure>\n\n\n\n<p><strong>Doba n\u00e1v\u0161t\u011bvy &#8211; 1 a\u017e 2 hodiny<\/strong>. Pokud obytn\u00fdm autem p\u0159ijedete ve ve\u010dern\u00edch hodin\u00e1ch, d\u00e1 se bez probl\u00e9mu parkovat a nocovat p\u0159\u00edmo p\u0159ed hradem<a href=\"http:\/\/53.36034987986715, 20.42936659017717\" target=\"_blank\" rel=\"noreferrer noopener\"> tady<\/a>.<\/p>\n\n\n\n<figure class=\"wp-block-image size-large\"><img loading=\"lazy\" decoding=\"async\" width=\"1440\" height=\"1080\" src=\"https:\/\/all4camper.com\/\/wp-content\/uploads\/2023\/09\/IMG_3217-1440x1080.jpeg\" alt=\"\" class=\"wp-image-143878\" srcset=\"https:\/\/all4camper.com\/wp-content\/uploads\/2023\/09\/IMG_3217-1440x1080.jpeg 1440w, https:\/\/all4camper.com\/wp-content\/uploads\/2023\/09\/IMG_3217-450x338.jpeg 450w, https:\/\/all4camper.com\/wp-content\/uploads\/2023\/09\/IMG_3217-150x113.jpeg 150w, https:\/\/all4camper.com\/wp-content\/uploads\/2023\/09\/IMG_3217-768x576.jpeg 768w, https:\/\/all4camper.com\/wp-content\/uploads\/2023\/09\/IMG_3217-1536x1152.jpeg 1536w, https:\/\/all4camper.com\/wp-content\/uploads\/2023\/09\/IMG_3217-2048x1536.jpeg 2048w, https:\/\/all4camper.com\/wp-content\/uploads\/2023\/09\/IMG_3217-696x522.jpeg 696w, https:\/\/all4camper.com\/wp-content\/uploads\/2023\/09\/IMG_3217-1392x1044.jpeg 1392w, https:\/\/all4camper.com\/wp-content\/uploads\/2023\/09\/IMG_3217-1920x1440.jpeg 1920w\" sizes=\"auto, (max-width: 1440px) 100vw, 1440px\" \/><figcaption class=\"wp-element-caption\">Foto: Kl\u00e1ra H\u00e1jkov\u00e1<\/figcaption><\/figure>\n\n\n\n<h3 class=\"wp-block-heading\">Hrad Ostr\u00f3da<\/h3>\n\n\n\n<p>Hrad Ostr\u00f3da je jednou z perel polsk\u00e9ho kulturn\u00edho a historick\u00e9ho d\u011bdictv\u00ed v severn\u00edm Polsku. Tento st\u0159edov\u011bk\u00fd hrad m\u00e1 nejen historick\u00fd v\u00fdznam, ale tak\u00e9 dnes slou\u017e\u00ed jako centrum m\u011bsta pln\u00e9ho \u017eivota, obchodu a kultury stejn\u011b, jako tomu bylo v jeho historick\u00fdch dob\u00e1ch.<\/p>\n\n\n\n<figure class=\"wp-block-image size-full\"><img loading=\"lazy\" decoding=\"async\" width=\"1280\" height=\"850\" src=\"https:\/\/all4camper.com\/\/wp-content\/uploads\/2023\/09\/hrad-ostroda.jpg\" alt=\"\" class=\"wp-image-143882\" srcset=\"https:\/\/all4camper.com\/wp-content\/uploads\/2023\/09\/hrad-ostroda.jpg 1280w, https:\/\/all4camper.com\/wp-content\/uploads\/2023\/09\/hrad-ostroda-450x299.jpg 450w, https:\/\/all4camper.com\/wp-content\/uploads\/2023\/09\/hrad-ostroda-150x100.jpg 150w, https:\/\/all4camper.com\/wp-content\/uploads\/2023\/09\/hrad-ostroda-768x510.jpg 768w, https:\/\/all4camper.com\/wp-content\/uploads\/2023\/09\/hrad-ostroda-696x462.jpg 696w\" sizes=\"auto, (max-width: 1280px) 100vw, 1280px\" \/><\/figure>\n\n\n\n<p><strong>Historie hradu<\/strong><\/p>\n\n\n\n<p>Hrad Ostr\u00f3da, nach\u00e1zej\u00edc\u00ed se ve stejnojmenn\u00e9m polsk\u00e9m m\u011bst\u011b, je v\u00fdznamnou pam\u00e1tkou s bohatou histori\u00ed. Prvn\u00ed zm\u00ednky o hradu Ostr\u00f3da poch\u00e1zej\u00ed ze 14. stolet\u00ed, kdy byl vybudov\u00e1n jako d\u016fle\u017eit\u00e1 pevnost Teutonsk\u00e9ho \u0159\u00e1du. V pr\u016fb\u011bhu let hrad pro\u0161el r\u016fzn\u00fdmi f\u00e1zemi rekonstrukc\u00ed a p\u0159estaveb, kter\u00e9 odr\u00e1\u017eej\u00ed m\u011bn\u00edc\u00ed se politick\u00e9 a kulturn\u00ed pom\u011bry v dan\u00e9m regionu. V dob\u00e1ch sv\u00e9 nejv\u011bt\u0161\u00ed sl\u00e1vy hrad slou\u017eil jako s\u00eddlo m\u00edstn\u00ed \u0161lechty a byl centrem administrativn\u00edho a vojensk\u00e9ho \u017eivota. Ostr\u00f3da a jej\u00ed hrad tak\u00e9 sehr\u00e1ly kl\u00ed\u010dovou roli ve v\u00e1lk\u00e1ch a konfliktech, kter\u00e9 formovaly d\u011bjiny regionu.<\/p>\n\n\n\n<figure class=\"wp-block-image size-large\"><img loading=\"lazy\" decoding=\"async\" width=\"1440\" height=\"1080\" src=\"https:\/\/all4camper.com\/\/wp-content\/uploads\/2023\/09\/ostroda-hrad-2-1440x1080.jpeg\" alt=\"\" class=\"wp-image-143884\" srcset=\"https:\/\/all4camper.com\/wp-content\/uploads\/2023\/09\/ostroda-hrad-2-1440x1080.jpeg 1440w, https:\/\/all4camper.com\/wp-content\/uploads\/2023\/09\/ostroda-hrad-2-450x338.jpeg 450w, https:\/\/all4camper.com\/wp-content\/uploads\/2023\/09\/ostroda-hrad-2-150x113.jpeg 150w, https:\/\/all4camper.com\/wp-content\/uploads\/2023\/09\/ostroda-hrad-2-768x576.jpeg 768w, https:\/\/all4camper.com\/wp-content\/uploads\/2023\/09\/ostroda-hrad-2-1536x1152.jpeg 1536w, https:\/\/all4camper.com\/wp-content\/uploads\/2023\/09\/ostroda-hrad-2-2048x1536.jpeg 2048w, https:\/\/all4camper.com\/wp-content\/uploads\/2023\/09\/ostroda-hrad-2-696x522.jpeg 696w, https:\/\/all4camper.com\/wp-content\/uploads\/2023\/09\/ostroda-hrad-2-1392x1044.jpeg 1392w, https:\/\/all4camper.com\/wp-content\/uploads\/2023\/09\/ostroda-hrad-2-1920x1440.jpeg 1920w\" sizes=\"auto, (max-width: 1440px) 100vw, 1440px\" \/><figcaption class=\"wp-element-caption\">Foto: Kl\u00e1ra H\u00e1jkov\u00e1<\/figcaption><\/figure>\n\n\n\n<p>Nyn\u00ed hrad slou\u017e\u00ed jako muzeum a kulturn\u00ed centrum, kde krom\u011b st\u00e1l\u00fdch a do\u010dasn\u00fdch v\u00fdstav, kter\u00e9 se zam\u011b\u0159uj\u00ed na historii a kulturu regionu, hrad host\u00ed i \u0159adu kulturn\u00edch akc\u00ed, v\u010detn\u011b koncert\u016f a v\u00fdstav. Dal\u0161\u00ed informace z\u00edsk\u00e1te na str\u00e1nk\u00e1ch hradu a muzea <a href=\"http:\/\/muzeumwostrodzie.pl\/zamek-w-ostrodzie\/\" target=\"_blank\" rel=\"noreferrer noopener\">tad<\/a>y.<\/p>\n\n\n\n<p><strong>Doba n\u00e1v\u0161t\u011bvy &#8211; 1 a\u017e 2 hodiny<\/strong>. Pohodln\u011b zaparkovat byste m\u011bli na <strong><a href=\"https:\/\/maps.app.goo.gl\/JCxskFjuHpTraPjH8\" target=\"_blank\" rel=\"noreferrer noopener\">tomto<\/a> <\/strong>parkovi\u0161ti p\u0159ed hradem.<\/p>\n\n\n\n<h3 class=\"wp-block-heading\">Hrad v Ol\u0161t\u00fdn\u011b<\/h3>\n\n\n\n<p>Na \u00favod mus\u00edm napsat, \u017ee pokud se rozhodnete tento hrad nav\u0161t\u00edvit, vy\u010dle\u0148te si i \u010das na proch\u00e1zku po star\u00e9m m\u011bst\u011b stejn\u011b jako po p\u0159ilehl\u00e9m parku v podhrad\u00ed, kde prot\u00e9k\u00e1 \u0159\u00ed\u010dka \u0141yna. Nebudete litovat! Ostatn\u011b o tomto m\u011bst\u011b se \u0159\u00edk\u00e1, \u017ee je pln\u00e9 most\u016f a park\u016f, co\u017e mohu jen potvrdit. Za m\u011b byste n\u00e1v\u0161t\u011bvu tohoto m\u011bsta nem\u011bli vynechat.<\/p>\n\n\n\n<figure class=\"wp-block-image size-large\"><img loading=\"lazy\" decoding=\"async\" width=\"1440\" height=\"1080\" src=\"https:\/\/all4camper.com\/\/wp-content\/uploads\/2023\/09\/Olstyn-1440x1080.jpeg\" alt=\"\" class=\"wp-image-143886\" srcset=\"https:\/\/all4camper.com\/wp-content\/uploads\/2023\/09\/Olstyn-1440x1080.jpeg 1440w, https:\/\/all4camper.com\/wp-content\/uploads\/2023\/09\/Olstyn-450x338.jpeg 450w, https:\/\/all4camper.com\/wp-content\/uploads\/2023\/09\/Olstyn-150x113.jpeg 150w, https:\/\/all4camper.com\/wp-content\/uploads\/2023\/09\/Olstyn-768x576.jpeg 768w, https:\/\/all4camper.com\/wp-content\/uploads\/2023\/09\/Olstyn-1536x1152.jpeg 1536w, https:\/\/all4camper.com\/wp-content\/uploads\/2023\/09\/Olstyn-2048x1536.jpeg 2048w, https:\/\/all4camper.com\/wp-content\/uploads\/2023\/09\/Olstyn-696x522.jpeg 696w, https:\/\/all4camper.com\/wp-content\/uploads\/2023\/09\/Olstyn-1392x1044.jpeg 1392w, https:\/\/all4camper.com\/wp-content\/uploads\/2023\/09\/Olstyn-1920x1440.jpeg 1920w\" sizes=\"auto, (max-width: 1440px) 100vw, 1440px\" \/><figcaption class=\"wp-element-caption\">Foto: Kl\u00e1ra H\u00e1jkov\u00e1<\/figcaption><\/figure>\n\n\n\n<p><strong>Historie hradu<\/strong><\/p>\n\n\n\n<p>Olszty\u0144sk\u00fd hrad byl postaven ve 14. stolet\u00ed a p\u016fvodn\u011b slou\u017eil jako vojensk\u00e1 pevnost. Byl jedn\u00edm z mnoha hrad\u016f postaven\u00fdch <a href=\"https:\/\/cs.wikipedia.org\/wiki\/%C5%98%C3%A1d_n%C4%9Bmeck%C3%BDch_ryt%C3%AD%C5%99%C5%AF\" target=\"_blank\" rel=\"noreferrer noopener\">\u0158\u00e1dem n\u011bmeck\u00fdch ryt\u00ed\u0159\u016f<\/a>, kter\u00fd tehdy ovl\u00e1dal tento region. V pr\u016fb\u011bhu stalet\u00ed byl hrad n\u011bkolikr\u00e1t p\u0159estav\u011bn a rekonstruov\u00e1n, a jeho architektura tak reflektuje r\u016fzn\u00e9 historick\u00e9 periody a styly. Dnes je hrad domovem m\u00edstn\u00edho muzea, kter\u00e9 n\u00e1v\u0161t\u011bvn\u00edk\u016fm nab\u00edz\u00ed hlubok\u00fd pohled do historie a kultury regionu. Krom\u011b toho se zde konaj\u00ed r\u016fzn\u00e9 kulturn\u00ed akce, jako jsou koncerty, divadeln\u00ed p\u0159edstaven\u00ed a um\u011bleck\u00e9 v\u00fdstavy. Hradn\u00ed n\u00e1dvo\u0159\u00ed je p\u0159\u00edstupn\u00e9 ve\u0159ejnosti a nab\u00edz\u00ed \u00fachvatn\u00fd v\u00fdhled na okoln\u00ed krajinu. Za zm\u00ednku rozhodn\u011b stojh\u00ed strop v jednom ze s\u00e1l\u016f, na kter\u00fd jsou tamn\u00ed spr\u00e1vci velmi hrd\u00ed. Je toti\u017e stylizov\u00e1n do podoby krystalu a jeho stavba nebyla rozhodn\u011b jednoduch\u00e1.<\/p>\n\n\n\n<figure class=\"wp-block-image size-large\"><img loading=\"lazy\" decoding=\"async\" width=\"1440\" height=\"1080\" src=\"https:\/\/all4camper.com\/\/wp-content\/uploads\/2023\/09\/IMG_3475-1440x1080.jpeg\" alt=\"\" class=\"wp-image-143888\" srcset=\"https:\/\/all4camper.com\/wp-content\/uploads\/2023\/09\/IMG_3475-1440x1080.jpeg 1440w, https:\/\/all4camper.com\/wp-content\/uploads\/2023\/09\/IMG_3475-450x338.jpeg 450w, https:\/\/all4camper.com\/wp-content\/uploads\/2023\/09\/IMG_3475-150x113.jpeg 150w, https:\/\/all4camper.com\/wp-content\/uploads\/2023\/09\/IMG_3475-768x576.jpeg 768w, https:\/\/all4camper.com\/wp-content\/uploads\/2023\/09\/IMG_3475-1536x1152.jpeg 1536w, https:\/\/all4camper.com\/wp-content\/uploads\/2023\/09\/IMG_3475-2048x1536.jpeg 2048w, https:\/\/all4camper.com\/wp-content\/uploads\/2023\/09\/IMG_3475-696x522.jpeg 696w, https:\/\/all4camper.com\/wp-content\/uploads\/2023\/09\/IMG_3475-1392x1044.jpeg 1392w, https:\/\/all4camper.com\/wp-content\/uploads\/2023\/09\/IMG_3475-1920x1440.jpeg 1920w\" sizes=\"auto, (max-width: 1440px) 100vw, 1440px\" \/><figcaption class=\"wp-element-caption\">Foto: Kl\u00e1ra H\u00e1jkov\u00e1<\/figcaption><\/figure>\n\n\n\n<p>Zaj\u00edm\u00e1te-li se o Kopern\u00edka, kter\u00fd mimochodem je s n\u011bkter\u00fdmi hrady t\u00e9to stezky \u00fazce spojen, nem\u011bli byste n\u00e1v\u0161t\u011bvu hradu vynechat. Budete m\u00edt mo\u017enost shl\u00e9dnout expon\u00e1ty s n\u00edm spojen\u00e9 a navrch dod\u00e1v\u00e1m, \u017ee pr\u00e1v\u011b v tomto m\u011bst\u011b Kopern\u00edk v letech 1516\u20131519 p\u016fsobil ve funkci spr\u00e1vce kapituln\u00edho majetku a p\u0159ivedl sem na hospod\u00e1\u0159stv\u00ed kapituly nov\u00e9 osadn\u00edky a s \u00fasp\u011bchem p\u0159ipravoval ol\u0161t\u00fdnsk\u00fd hrad k obran\u011b p\u0159ed o\u010dek\u00e1van\u00fdm \u00fatokem&nbsp;k\u0159i\u017e\u00e1k\u016f. I proto najdete p\u0159ed hradem jeho bronzovou sochu a na chodn\u00edku, jen kousek od n\u00ed, z kostek sestaven jeho podpis.<\/p>\n\n\n\n<figure class=\"wp-block-image size-large\"><img loading=\"lazy\" decoding=\"async\" width=\"1440\" height=\"1080\" src=\"https:\/\/all4camper.com\/\/wp-content\/uploads\/2023\/09\/IMG_3449-1440x1080.jpeg\" alt=\"\" class=\"wp-image-143890\" srcset=\"https:\/\/all4camper.com\/wp-content\/uploads\/2023\/09\/IMG_3449-1440x1080.jpeg 1440w, https:\/\/all4camper.com\/wp-content\/uploads\/2023\/09\/IMG_3449-450x338.jpeg 450w, https:\/\/all4camper.com\/wp-content\/uploads\/2023\/09\/IMG_3449-150x113.jpeg 150w, https:\/\/all4camper.com\/wp-content\/uploads\/2023\/09\/IMG_3449-768x576.jpeg 768w, https:\/\/all4camper.com\/wp-content\/uploads\/2023\/09\/IMG_3449-1536x1152.jpeg 1536w, https:\/\/all4camper.com\/wp-content\/uploads\/2023\/09\/IMG_3449-2048x1536.jpeg 2048w, https:\/\/all4camper.com\/wp-content\/uploads\/2023\/09\/IMG_3449-696x522.jpeg 696w, https:\/\/all4camper.com\/wp-content\/uploads\/2023\/09\/IMG_3449-1392x1044.jpeg 1392w, https:\/\/all4camper.com\/wp-content\/uploads\/2023\/09\/IMG_3449-1920x1440.jpeg 1920w\" sizes=\"auto, (max-width: 1440px) 100vw, 1440px\" \/><figcaption class=\"wp-element-caption\">Foto: Kl\u00e1ra H\u00e1jkov\u00e1<\/figcaption><\/figure>\n\n\n\n<p><strong>Doba n\u00e1v\u0161t\u011bv<\/strong>y <strong>i s prohl\u00eddkou star\u00e9ho m\u011bsta a p\u0159ilehl\u00fdch park\u016f &#8211; 4 a\u017e 5 hodin<\/strong>. Sv\u016fj obytn\u00fd v\u016fz m\u016f\u017eete pohodln\u011b zaparkovat jen kousek od hradu na tomto placen\u00e9m parkovi\u0161ti. D\u00e1 se i nocovat. (<a href=\"https:\/\/maps.app.goo.gl\/JRLMmV71EqY26pYq8\" target=\"_blank\" rel=\"noreferrer noopener\">mapa<\/a>) <strong>M\u00e9 dal\u0161\u00ed fotky z n\u00e1v\u0161t\u011bvy tohoto m\u011bsta si zobraz\u00edte <a href=\"https:\/\/photos.app.goo.gl\/KM2KjL7bwuZyLpo39\" target=\"_blank\" rel=\"noreferrer noopener\">tady<\/a>.<\/strong><\/p>\n\n\n\n<h3 class=\"wp-block-heading\">Lidzbark Warmi\u0144ski &#8211; hrad varmijsk\u00fdch biskup\u016f<\/h3>\n\n\n\n<p>Po n\u00e1v\u0161t\u011bv\u011b hradu v Ol\u0161t\u00fdn\u011b budete zcela jist\u011b pozitivn\u011b nalad\u011bni a nat\u011b\u0161eni na dal\u0161\u00ed pozn\u00e1v\u00e1n\u00ed gotick\u00fdch hrad\u016f v historii pat\u0159\u00edc\u00edch \u0158\u00e1du, sou\u010dasn\u011b spojen\u00fdch s Kopern\u00edkem a sou\u010dasn\u011b pln\u00fdch dal\u0161\u00edch historick\u00fdch zaj\u00edmavost\u00ed, kter\u00e9 stoj\u00ed za vid\u011bn\u00ed. M\u00e1m pro v\u00e1s skv\u011blou informaci. Lidzbark va\u0161e o\u010dek\u00e1v\u00e1n\u00ed spln\u00ed, to jsem si jista. Jen pros\u00edm po\u010d\u00edtejte s t\u00edm, \u017ee je zp\u0159\u00edstupn\u011bna pouze \u010d\u00e1st hradu, v n\u011bm s\u00eddl\u00ed muzeum. Dal\u0161\u00ed \u010d\u00e1st je ji\u017e majetkem hotelu a tud\u00ed\u017e prohl\u00eddka nebude mo\u017en\u00e1. Ale i tak stoj\u00ed zato se tam na chvilku zastavit. Nav\u00edc, jen kousek u hradu a m\u00edsta, kde se d\u00e1 pohodln\u011b zaparkovat, najdete restauraci, kde opravdu v\u00fdborn\u011b va\u0159\u00ed. Jmenuje se Chata smakow (<a href=\"https:\/\/maps.app.goo.gl\/f4Sf2NqveURoNPCb8\" target=\"_blank\" rel=\"noreferrer noopener\">mapa<\/a>) a pokud vyjde \u010das, ob\u011bd si tam dejte.<\/p>\n\n\n\n<figure class=\"wp-block-image size-large\"><img loading=\"lazy\" decoding=\"async\" width=\"1440\" height=\"1080\" src=\"https:\/\/all4camper.com\/\/wp-content\/uploads\/2023\/09\/Lidzbark-1440x1080.jpeg\" alt=\"\" class=\"wp-image-143895\" srcset=\"https:\/\/all4camper.com\/wp-content\/uploads\/2023\/09\/Lidzbark-1440x1080.jpeg 1440w, https:\/\/all4camper.com\/wp-content\/uploads\/2023\/09\/Lidzbark-450x338.jpeg 450w, https:\/\/all4camper.com\/wp-content\/uploads\/2023\/09\/Lidzbark-150x113.jpeg 150w, https:\/\/all4camper.com\/wp-content\/uploads\/2023\/09\/Lidzbark-768x576.jpeg 768w, https:\/\/all4camper.com\/wp-content\/uploads\/2023\/09\/Lidzbark-1536x1152.jpeg 1536w, https:\/\/all4camper.com\/wp-content\/uploads\/2023\/09\/Lidzbark-2048x1536.jpeg 2048w, https:\/\/all4camper.com\/wp-content\/uploads\/2023\/09\/Lidzbark-696x522.jpeg 696w, https:\/\/all4camper.com\/wp-content\/uploads\/2023\/09\/Lidzbark-1392x1044.jpeg 1392w, https:\/\/all4camper.com\/wp-content\/uploads\/2023\/09\/Lidzbark-1920x1440.jpeg 1920w\" sizes=\"auto, (max-width: 1440px) 100vw, 1440px\" \/><figcaption class=\"wp-element-caption\">Foto: Kl\u00e1ra H\u00e1jkov\u00e1<\/figcaption><\/figure>\n\n\n\n<p><strong>Historie hradu<\/strong><\/p>\n\n\n\n<p>Tento impozantn\u00ed hrad, n\u011bkdy ozna\u010dovan\u00fd jako &#8222;Perla Warminsk\u00e9ho Hrabstv\u00ed,&#8220; je v\u00fdjime\u010dn\u00fdm p\u0159\u00edkladem gotick\u00e9 architektury a historick\u00e9ho bohatstv\u00ed regionu. Byl postaven ve 14. stolet\u00ed a slou\u017eil jako rezidence biskup\u016f z Warminsk\u00e9 diec\u00e9ze. Je jedn\u00edm z nejlep\u0161\u00edch p\u0159\u00edklad\u016f uk\u00e1zky st\u0159edov\u011bk\u00e9ho opevn\u011bn\u00ed v Polsku. Pro svou architektonickou a historickou hodnotu je hrad chr\u00e1n\u011bn jako kulturn\u00ed pam\u00e1tka. Dnes hrad slou\u017e\u00ed jako muzeum, kde m\u016f\u017eete prozkoumat \u0161irokou \u0161k\u00e1lu expon\u00e1t\u016f v\u011bnovan\u00fdch region\u00e1ln\u00ed historii, um\u011bn\u00ed a kultu\u0159e. Zahrnuje tak\u00e9 n\u00e1dhern\u00e9 zahrady a parky, kter\u00e9 jsou ide\u00e1ln\u00edm m\u00edstem pro odpo\u010dinek a piknik. <\/p>\n\n\n\n<figure class=\"wp-block-image size-large\"><img loading=\"lazy\" decoding=\"async\" width=\"1440\" height=\"1080\" src=\"https:\/\/all4camper.com\/\/wp-content\/uploads\/2023\/09\/Lidzbark-2-1440x1080.jpeg\" alt=\"\" class=\"wp-image-143897\" srcset=\"https:\/\/all4camper.com\/wp-content\/uploads\/2023\/09\/Lidzbark-2-1440x1080.jpeg 1440w, https:\/\/all4camper.com\/wp-content\/uploads\/2023\/09\/Lidzbark-2-450x338.jpeg 450w, https:\/\/all4camper.com\/wp-content\/uploads\/2023\/09\/Lidzbark-2-150x113.jpeg 150w, https:\/\/all4camper.com\/wp-content\/uploads\/2023\/09\/Lidzbark-2-768x576.jpeg 768w, https:\/\/all4camper.com\/wp-content\/uploads\/2023\/09\/Lidzbark-2-1536x1152.jpeg 1536w, https:\/\/all4camper.com\/wp-content\/uploads\/2023\/09\/Lidzbark-2-2048x1536.jpeg 2048w, https:\/\/all4camper.com\/wp-content\/uploads\/2023\/09\/Lidzbark-2-696x522.jpeg 696w, https:\/\/all4camper.com\/wp-content\/uploads\/2023\/09\/Lidzbark-2-1392x1044.jpeg 1392w, https:\/\/all4camper.com\/wp-content\/uploads\/2023\/09\/Lidzbark-2-1920x1440.jpeg 1920w\" sizes=\"auto, (max-width: 1440px) 100vw, 1440px\" \/><figcaption class=\"wp-element-caption\">Foto: Kl\u00e1ra H\u00e1jkov\u00e1<\/figcaption><\/figure>\n\n\n\n<p>A jak je hrad spojen s Kopern\u00edkem? Do Lidzbarku Warminsk\u00e9ho p\u0159i\u0161el na po\u010d\u00e1tku 16. stolet\u00ed, kdy slou\u017eil jako sekret\u00e1\u0159 a l\u00e9ka\u0159 biskupa Warminsk\u00e9 diec\u00e9ze. N\u00e1sledn\u011b v n\u011bm str\u00e1vil n\u011bkolik let sv\u00e9ho \u017eivota. V atmosf\u00e9\u0159e tohoto hradu, obklopen histori\u00ed a izolovan\u00fd od vn\u011bj\u0161\u00edho sv\u011bta, m\u011bl Kopern\u00edk mo\u017enost se soust\u0159edit na sv\u00e9 astronomick\u00e9 pozorov\u00e1n\u00ed a teoretick\u00e9 pr\u00e1ce. Je mo\u017en\u00e9, \u017ee pr\u00e1v\u011b zde polo\u017eil z\u00e1klady pro svou heliocentrickou teorii, kter\u00e1 pozd\u011bji zcela zm\u011bnila na\u0161e ch\u00e1p\u00e1n\u00ed vesm\u00edru.<\/p>\n\n\n\n<figure class=\"wp-block-image size-large\"><img loading=\"lazy\" decoding=\"async\" width=\"1626\" height=\"1080\" src=\"https:\/\/all4camper.com\/\/wp-content\/uploads\/2023\/09\/Lidzbark-3-1626x1080.jpeg\" alt=\"\" class=\"wp-image-143899\" srcset=\"https:\/\/all4camper.com\/wp-content\/uploads\/2023\/09\/Lidzbark-3-1626x1080.jpeg 1626w, https:\/\/all4camper.com\/wp-content\/uploads\/2023\/09\/Lidzbark-3-450x299.jpeg 450w, https:\/\/all4camper.com\/wp-content\/uploads\/2023\/09\/Lidzbark-3-150x100.jpeg 150w, https:\/\/all4camper.com\/wp-content\/uploads\/2023\/09\/Lidzbark-3-768x510.jpeg 768w, https:\/\/all4camper.com\/wp-content\/uploads\/2023\/09\/Lidzbark-3-1536x1020.jpeg 1536w, https:\/\/all4camper.com\/wp-content\/uploads\/2023\/09\/Lidzbark-3-2048x1360.jpeg 2048w, https:\/\/all4camper.com\/wp-content\/uploads\/2023\/09\/Lidzbark-3-696x462.jpeg 696w, https:\/\/all4camper.com\/wp-content\/uploads\/2023\/09\/Lidzbark-3-1392x925.jpeg 1392w, https:\/\/all4camper.com\/wp-content\/uploads\/2023\/09\/Lidzbark-3-1920x1275.jpeg 1920w\" sizes=\"auto, (max-width: 1626px) 100vw, 1626px\" \/><figcaption class=\"wp-element-caption\">Foto: Kl\u00e1ra H\u00e1jkov\u00e1<\/figcaption><\/figure>\n\n\n\n<h3 class=\"wp-block-heading\"><strong>Hrad Frombork <\/strong><\/h3>\n\n\n\n<p>Pokud budete z hlediska \u010dasu p\u0159em\u00fd\u0161let, kter\u00fd z hrad\u016f (Lidzbark nebo Frombork) vynechat, pak tento nesm\u00edte. Zejm\u00e9na pokud stezku gotick\u00fdch hrad\u016f spoj\u00edte s cestou po stop\u00e1ch Mikul\u00e1\u0161e Kopern\u00edka. Ten toti\u017e ve Fromborku \u017eil posledn\u00ed roky sv\u00e9ho \u017eivota a je to nejd\u016fle\u017eit\u011bj\u0161\u00ed hrad ve spojen\u00ed s n\u00edm. I proto je tu mnoho expon\u00e1t\u016f v\u011bnov\u00e1no pr\u00e1v\u011b jemu. Jinak \u0159e\u010deno, nav\u0161t\u00edvit hrad ve Fromborku znamen\u00e1 stanout na k\u0159i\u017eovatce v\u011bdy a historie. Je to m\u00edsto, kde jeden z nejv\u011bt\u0161\u00edch myslitel\u016f na\u0161\u00ed doby p\u0159eformuloval na\u0161e ch\u00e1p\u00e1n\u00ed vesm\u00edru. A\u0165 u\u017e jste milovn\u00edkem historie, v\u011bdy, nebo oboj\u00edho, Frombork v\u00e1m nab\u00eddne jedine\u010dn\u00fd vhled do \u017eivota a d\u00edla t\u00e9to v\u011bdeck\u00e9 legendy.<\/p>\n\n\n\n<figure class=\"wp-block-image size-full\"><img loading=\"lazy\" decoding=\"async\" width=\"1280\" height=\"960\" src=\"https:\/\/all4camper.com\/\/wp-content\/uploads\/2023\/09\/hrad-Frombork.jpg\" alt=\"\" class=\"wp-image-143903\" srcset=\"https:\/\/all4camper.com\/wp-content\/uploads\/2023\/09\/hrad-Frombork.jpg 1280w, https:\/\/all4camper.com\/wp-content\/uploads\/2023\/09\/hrad-Frombork-450x338.jpg 450w, https:\/\/all4camper.com\/wp-content\/uploads\/2023\/09\/hrad-Frombork-150x113.jpg 150w, https:\/\/all4camper.com\/wp-content\/uploads\/2023\/09\/hrad-Frombork-768x576.jpg 768w, https:\/\/all4camper.com\/wp-content\/uploads\/2023\/09\/hrad-Frombork-696x522.jpg 696w\" sizes=\"auto, (max-width: 1280px) 100vw, 1280px\" \/><figcaption class=\"wp-element-caption\">Foto: Pixabay<\/figcaption><\/figure>\n\n\n\n<p><strong>Historie hradu<\/strong><\/p>\n\n\n\n<p>Fromborsk\u00fd hrad, n\u011bkdy ozna\u010dovan\u00fd jako arcibiskupsk\u00e1 rezidence nebo katedr\u00e1ln\u00ed komplex, je souborem gotick\u00fdch budov v\u010detn\u011b katedr\u00e1ly, pal\u00e1ce a pevnostn\u00edch zd\u00ed. Komplex byl postaven ve 13. stolet\u00ed a slou\u017eil jako duchovn\u00ed a administrativn\u00ed centrum regionu.<\/p>\n\n\n\n<p>Mikul\u00e1\u0161 Kopern\u00edk p\u0159i\u0161el do Fromborku roku 1510 a slou\u017eil zde jako kanovn\u00edk. Krom\u011b sv\u00fdch c\u00edrkevn\u00edch povinnost\u00ed se zde v\u011bnoval i astronomick\u00fdm pozorov\u00e1n\u00edm a matematick\u00fdm v\u00fdpo\u010dt\u016fm. Je obecn\u011b p\u0159ij\u00edm\u00e1no, \u017ee pr\u00e1v\u011b zde dokon\u010dil sv\u00e9 revolu\u010dn\u00ed d\u00edlo &#8222;O ob\u011bhu nebesk\u00fdch sf\u00e9r&#8220;, v n\u011bm\u017e formuloval heliocentrick\u00fd model vesm\u00edru. Dnes je hrad ve Fromborku zp\u0159\u00edstupn\u011bn ve\u0159ejnosti a host\u00ed muzeum, kter\u00e9 n\u00e1v\u0161t\u011bvn\u00edk\u016fm umo\u017e\u0148uje nahl\u00e9dnout do st\u0159edov\u011bk\u00e9ho \u017eivota v regionu, ale tak\u00e9 do Kopern\u00edkova odkazu. M\u016f\u017eete nav\u0161t\u00edvit jeho pracovnu, kde se dochovaly n\u011bkter\u00e9 z jeho p\u016fvodn\u00edch n\u00e1stroj\u016f a dokument\u016f.<\/p>\n\n\n\n<figure class=\"wp-block-image size-large\"><img loading=\"lazy\" decoding=\"async\" width=\"1440\" height=\"1080\" src=\"https:\/\/all4camper.com\/\/wp-content\/uploads\/2023\/09\/IMG_3321-1440x1080.jpeg\" alt=\"\" class=\"wp-image-143911\" srcset=\"https:\/\/all4camper.com\/wp-content\/uploads\/2023\/09\/IMG_3321-1440x1080.jpeg 1440w, https:\/\/all4camper.com\/wp-content\/uploads\/2023\/09\/IMG_3321-450x338.jpeg 450w, https:\/\/all4camper.com\/wp-content\/uploads\/2023\/09\/IMG_3321-150x113.jpeg 150w, https:\/\/all4camper.com\/wp-content\/uploads\/2023\/09\/IMG_3321-768x576.jpeg 768w, https:\/\/all4camper.com\/wp-content\/uploads\/2023\/09\/IMG_3321-1536x1152.jpeg 1536w, https:\/\/all4camper.com\/wp-content\/uploads\/2023\/09\/IMG_3321-2048x1536.jpeg 2048w, https:\/\/all4camper.com\/wp-content\/uploads\/2023\/09\/IMG_3321-696x522.jpeg 696w, https:\/\/all4camper.com\/wp-content\/uploads\/2023\/09\/IMG_3321-1392x1044.jpeg 1392w, https:\/\/all4camper.com\/wp-content\/uploads\/2023\/09\/IMG_3321-1920x1440.jpeg 1920w\" sizes=\"auto, (max-width: 1440px) 100vw, 1440px\" \/><figcaption class=\"wp-element-caption\">Foto: Kl\u00e1ra H\u00e1jkov\u00e1<\/figcaption><\/figure>\n\n\n\n<p><strong>Doba n\u00e1v\u0161t\u011bvy &#8211; samotn\u00fd hrad a muzeum cca 1,5 hodiny.<\/strong> U hradu se nach\u00e1z\u00ed park, kter\u00fd doporu\u010duji proj\u00edt (nebojte se cedule soukrom\u00fd pozemek, je to park tamn\u00ed diec\u00e9ze) a ob\u011bd si m\u016f\u017eete dop\u0159\u00e1t v dom\u011b Kopern\u00edka. Nutno dodat, \u017ee se nejedn\u00e1 o p\u016fvodn\u00ed d\u016fm, ale d\u016fm na pozemku, kde d\u0159\u00edve d\u016fm Kopern\u00edka st\u00e1l. K parkov\u00e1n\u00ed m\u016f\u017eete vyu\u017e\u00edt parkovi\u0161t\u011b hned p\u0159ed hradem nebo jen kousek od parku. Doporu\u010duji p\u0159ijet ve ve\u010dern\u00edch hodin\u00e1ch a bezplatn\u011b p\u0159espat nebo brzy r\u00e1no. Zejm\u00e9na o sezon\u011b na hrad chod\u00ed opravdu hodn\u011b turist\u016f.<\/p>\n\n\n\n<figure class=\"wp-block-image size-large\"><img loading=\"lazy\" decoding=\"async\" width=\"1440\" height=\"1080\" src=\"https:\/\/all4camper.com\/\/wp-content\/uploads\/2023\/09\/IMG_3310-1440x1080.jpeg\" alt=\"\" class=\"wp-image-143913\" srcset=\"https:\/\/all4camper.com\/wp-content\/uploads\/2023\/09\/IMG_3310-1440x1080.jpeg 1440w, https:\/\/all4camper.com\/wp-content\/uploads\/2023\/09\/IMG_3310-450x338.jpeg 450w, https:\/\/all4camper.com\/wp-content\/uploads\/2023\/09\/IMG_3310-150x113.jpeg 150w, https:\/\/all4camper.com\/wp-content\/uploads\/2023\/09\/IMG_3310-768x576.jpeg 768w, https:\/\/all4camper.com\/wp-content\/uploads\/2023\/09\/IMG_3310-1536x1152.jpeg 1536w, https:\/\/all4camper.com\/wp-content\/uploads\/2023\/09\/IMG_3310-2048x1536.jpeg 2048w, https:\/\/all4camper.com\/wp-content\/uploads\/2023\/09\/IMG_3310-696x522.jpeg 696w, https:\/\/all4camper.com\/wp-content\/uploads\/2023\/09\/IMG_3310-1392x1044.jpeg 1392w, https:\/\/all4camper.com\/wp-content\/uploads\/2023\/09\/IMG_3310-1920x1440.jpeg 1920w\" sizes=\"auto, (max-width: 1440px) 100vw, 1440px\" \/><figcaption class=\"wp-element-caption\">foto: Kl\u00e1ra H\u00e1jkov\u00e1<\/figcaption><\/figure>\n\n\n\n<p><strong>M\u00e9 dal\u0161\u00ed fotky z n\u00e1v\u0161t\u011bvy tohoto hradu si zobraz\u00edte <a href=\"https:\/\/photos.app.goo.gl\/ZFYVrRkYgGzxof7v9\" target=\"_blank\" rel=\"noreferrer noopener\">na tomto odkazu<\/a>.<\/strong><\/p>\n\n\n\n<p>T\u00edmto hradem ukon\u010duji i prvn\u00ed \u010d\u00e1st \u010dl\u00e1nku a Stezce gotick\u00fdch hrad\u016f, nebo\u0165 aby nebyl pro v\u00e1s nekone\u010dn\u011b dlouh\u00fd, rozhodla jsem se jej rozd\u011blit. Brzy se tedy t\u011b\u0161te na jeho pokra\u010dov\u00e1n\u00ed. Nebude v n\u011bm chyb\u011bt ani Malbork a dal\u0161\u00ed zaj\u00edmavosti z t\u00e9to na\u0161\u00ed cesty.<\/p>\n\n\n\n<p><\/p>\n\n\n\n<p><\/p>\n\n\n\n<p><em><strong>Za realizaci a financov\u00e1n\u00ed t\u00e9to cesty d\u011bkuji Warmi\u0144sko-Mazursk\u00e9mu vojvodstv\u00ed a Pomo\u0159ansk\u00e9 vojvodsk\u00e9 samospr\u00e1v\u011b<\/strong><\/em><\/p>\n\n\n\n<figure class=\"wp-block-gallery has-nested-images columns-default is-cropped wp-block-gallery-1 is-layout-flex wp-block-gallery-is-layout-flex\"><div class=\"wp-block-image is-style-rounded\">\n<figure class=\"aligncenter size-large\"><img loading=\"lazy\" decoding=\"async\" width=\"190\" height=\"148\" data-id=\"143961\" src=\"https:\/\/all4camper.com\/\/wp-content\/uploads\/2023\/10\/unnamed.png\" alt=\"\" class=\"wp-image-143961\" srcset=\"https:\/\/all4camper.com\/wp-content\/uploads\/2023\/10\/unnamed.png 190w, https:\/\/all4camper.com\/wp-content\/uploads\/2023\/10\/unnamed-150x117.png 150w\" sizes=\"auto, (max-width: 190px) 100vw, 190px\" \/><\/figure>\n<\/div>\n\n<div class=\"wp-block-image is-style-default\">\n<figure class=\"aligncenter size-full\"><img loading=\"lazy\" decoding=\"async\" width=\"320\" height=\"132\" data-id=\"143960\" src=\"https:\/\/all4camper.com\/\/wp-content\/uploads\/2023\/10\/unnamed-1.png\" alt=\"\" class=\"wp-image-143960\" srcset=\"https:\/\/all4camper.com\/wp-content\/uploads\/2023\/10\/unnamed-1.png 320w, https:\/\/all4camper.com\/wp-content\/uploads\/2023\/10\/unnamed-1-150x62.png 150w\" sizes=\"auto, (max-width: 320px) 100vw, 320px\" \/><\/figure>\n<\/div><\/figure>\n","protected":false},"excerpt":{"rendered":"<p>P\u00e1r dn\u00ed zp\u011bt jsem se vr\u00e1tila z t\u00e9to opravdu kr\u00e1sn\u00e9 cesty, jej\u00edm\u017e c\u00edlem bylo nav\u0161t\u00edvit v\u011bt\u0161inu z dvan\u00e1cti v\u00fdznamn\u00fdch gotick\u00fdch hrad\u016f na t\u00e9to sv\u011btozn\u00e1m\u00e9 Stezce gotick\u00fdch hrad\u016f. Hned na \u00favod mus\u00edm napsat, \u017ee to byl nejen kr\u00e1sn\u00fd z\u00e1\u017eitek, ale pokud do trasy je\u0161t\u011b zahrnete n\u00e1v\u0161t\u011bvu dal\u0161\u00edch pam\u00e1tek v jej\u00edm okol\u00ed, m\u00e1te o nezapomenutelnou pozn\u00e1vac\u00ed dovolenou [&hellip;]<\/p>\n","protected":false},"author":4,"featured_media":143892,"comment_status":"closed","ping_status":"open","sticky":false,"template":"","format":"standard","meta":{"_monsterinsights_skip_tracking":false,"_monsterinsights_sitenote_active":false,"_monsterinsights_sitenote_note":"","_monsterinsights_sitenote_category":0,"footnotes":""},"categories":[2375,422],"tags":[94,325],"class_list":{"0":"post-143859","1":"post","2":"type-post","3":"status-publish","4":"format-standard","5":"has-post-thumbnail","7":"category-kempovani-a-cestovani-v-polsku","8":"category-novinky-kempovani-a-karavaning","9":"tag-polsko","10":"tag-poznavaci-dovolena"},"yoast_head":"<!-- This site is optimized with the Yoast SEO plugin v27.5 - https:\/\/yoast.com\/product\/yoast-seo-wordpress\/ -->\n<title>Unik\u00e1tn\u00ed evropsk\u00e1 cesta za pozn\u00e1n\u00edm - objevte stezku gotick\u00fdch hrad\u016f v Polsku - All4Camper<\/title>\n<meta name=\"description\" content=\"All4Camper - Novinky - Kempov\u00e1n\u00ed a karavaning - Unik\u00e1tn\u00ed evropsk\u00e1 cesta za pozn\u00e1n\u00edm - objevte stezku gotick\u00fdch hrad\u016f v Polsku\" \/>\n<meta name=\"robots\" content=\"index, follow, max-snippet:-1, max-image-preview:large, max-video-preview:-1\" \/>\n<link rel=\"canonical\" href=\"https:\/\/all4camper.com\/cs\/unikatni-evropska-cesta-za-poznanim-objevte-stezku-gotickych-hradu-v-polsku\/\" \/>\n<meta property=\"og:locale\" content=\"cs_CZ\" \/>\n<meta property=\"og:type\" content=\"article\" \/>\n<meta property=\"og:title\" content=\"Unik\u00e1tn\u00ed evropsk\u00e1 cesta za pozn\u00e1n\u00edm - objevte stezku gotick\u00fdch hrad\u016f v Polsku - All4Camper\" \/>\n<meta property=\"og:description\" content=\"All4Camper - Novinky - Kempov\u00e1n\u00ed a karavaning - Unik\u00e1tn\u00ed evropsk\u00e1 cesta za pozn\u00e1n\u00edm - objevte stezku gotick\u00fdch hrad\u016f v Polsku\" \/>\n<meta property=\"og:url\" content=\"https:\/\/all4camper.com\/cs\/unikatni-evropska-cesta-za-poznanim-objevte-stezku-gotickych-hradu-v-polsku\/\" \/>\n<meta property=\"og:site_name\" content=\"All4Camper\" \/>\n<meta property=\"article:published_time\" content=\"2023-09-28T09:41:44+00:00\" \/>\n<meta property=\"article:modified_time\" content=\"2024-01-04T09:25:35+00:00\" \/>\n<meta property=\"og:image\" content=\"https:\/\/all4camper.com\/wp-content\/uploads\/2023\/09\/moje-trasa-stezka-gotickych-hradu.png\" \/>\n\t<meta property=\"og:image:width\" content=\"1398\" \/>\n\t<meta property=\"og:image:height\" content=\"836\" \/>\n\t<meta property=\"og:image:type\" content=\"image\/png\" \/>\n<meta name=\"author\" content=\"Kl\u00e1ra H\u00e1jkov\u00e1\" \/>\n<meta name=\"twitter:card\" content=\"summary_large_image\" \/>\n<meta name=\"twitter:label1\" content=\"Napsal(a)\" \/>\n\t<meta name=\"twitter:data1\" content=\"Kl\u00e1ra H\u00e1jkov\u00e1\" \/>\n\t<meta name=\"twitter:label2\" content=\"Odhadovan\u00e1 doba \u010dten\u00ed\" \/>\n\t<meta name=\"twitter:data2\" content=\"12 minut\" \/>\n<script type=\"application\/ld+json\" class=\"yoast-schema-graph\">{\"@context\":\"https:\\\/\\\/schema.org\",\"@graph\":[{\"@type\":\"Article\",\"@id\":\"https:\\\/\\\/all4camper.com\\\/cs\\\/unikatni-evropska-cesta-za-poznanim-objevte-stezku-gotickych-hradu-v-polsku\\\/#article\",\"isPartOf\":{\"@id\":\"https:\\\/\\\/all4camper.com\\\/cs\\\/unikatni-evropska-cesta-za-poznanim-objevte-stezku-gotickych-hradu-v-polsku\\\/\"},\"author\":{\"name\":\"Kl\u00e1ra H\u00e1jkov\u00e1\",\"@id\":\"https:\\\/\\\/all4camper.com\\\/cs\\\/#\\\/schema\\\/person\\\/c6f1efdf1d02bc7d8c53a891cbe18c62\"},\"headline\":\"Unik\u00e1tn\u00ed evropsk\u00e1 cesta za pozn\u00e1n\u00edm &#8211; objevte stezku gotick\u00fdch hrad\u016f v Polsku\",\"datePublished\":\"2023-09-28T09:41:44+00:00\",\"dateModified\":\"2024-01-04T09:25:35+00:00\",\"mainEntityOfPage\":{\"@id\":\"https:\\\/\\\/all4camper.com\\\/cs\\\/unikatni-evropska-cesta-za-poznanim-objevte-stezku-gotickych-hradu-v-polsku\\\/\"},\"wordCount\":2434,\"publisher\":{\"@id\":\"https:\\\/\\\/all4camper.com\\\/cs\\\/#organization\"},\"image\":{\"@id\":\"https:\\\/\\\/all4camper.com\\\/cs\\\/unikatni-evropska-cesta-za-poznanim-objevte-stezku-gotickych-hradu-v-polsku\\\/#primaryimage\"},\"thumbnailUrl\":\"https:\\\/\\\/all4camper.com\\\/wp-content\\\/uploads\\\/2023\\\/09\\\/moje-trasa-stezka-gotickych-hradu.png\",\"keywords\":[\"Polsko\",\"Pozn\u00e1vac\u00ed dovolen\u00e1\"],\"articleSection\":[\"Kempov\u00e1n\u00ed a cestov\u00e1n\u00ed v Polsku\",\"Novinky - Kempov\u00e1n\u00ed a karavaning\"],\"inLanguage\":\"cs\"},{\"@type\":\"WebPage\",\"@id\":\"https:\\\/\\\/all4camper.com\\\/cs\\\/unikatni-evropska-cesta-za-poznanim-objevte-stezku-gotickych-hradu-v-polsku\\\/\",\"url\":\"https:\\\/\\\/all4camper.com\\\/cs\\\/unikatni-evropska-cesta-za-poznanim-objevte-stezku-gotickych-hradu-v-polsku\\\/\",\"name\":\"Unik\u00e1tn\u00ed evropsk\u00e1 cesta za pozn\u00e1n\u00edm - objevte stezku gotick\u00fdch hrad\u016f v Polsku - All4Camper\",\"isPartOf\":{\"@id\":\"https:\\\/\\\/all4camper.com\\\/cs\\\/#website\"},\"primaryImageOfPage\":{\"@id\":\"https:\\\/\\\/all4camper.com\\\/cs\\\/unikatni-evropska-cesta-za-poznanim-objevte-stezku-gotickych-hradu-v-polsku\\\/#primaryimage\"},\"image\":{\"@id\":\"https:\\\/\\\/all4camper.com\\\/cs\\\/unikatni-evropska-cesta-za-poznanim-objevte-stezku-gotickych-hradu-v-polsku\\\/#primaryimage\"},\"thumbnailUrl\":\"https:\\\/\\\/all4camper.com\\\/wp-content\\\/uploads\\\/2023\\\/09\\\/moje-trasa-stezka-gotickych-hradu.png\",\"datePublished\":\"2023-09-28T09:41:44+00:00\",\"dateModified\":\"2024-01-04T09:25:35+00:00\",\"description\":\"All4Camper - Novinky - Kempov\u00e1n\u00ed a karavaning - Unik\u00e1tn\u00ed evropsk\u00e1 cesta za pozn\u00e1n\u00edm - objevte stezku gotick\u00fdch hrad\u016f v Polsku\",\"breadcrumb\":{\"@id\":\"https:\\\/\\\/all4camper.com\\\/cs\\\/unikatni-evropska-cesta-za-poznanim-objevte-stezku-gotickych-hradu-v-polsku\\\/#breadcrumb\"},\"inLanguage\":\"cs\",\"potentialAction\":[{\"@type\":\"ReadAction\",\"target\":[\"https:\\\/\\\/all4camper.com\\\/cs\\\/unikatni-evropska-cesta-za-poznanim-objevte-stezku-gotickych-hradu-v-polsku\\\/\"]}]},{\"@type\":\"ImageObject\",\"inLanguage\":\"cs\",\"@id\":\"https:\\\/\\\/all4camper.com\\\/cs\\\/unikatni-evropska-cesta-za-poznanim-objevte-stezku-gotickych-hradu-v-polsku\\\/#primaryimage\",\"url\":\"https:\\\/\\\/all4camper.com\\\/wp-content\\\/uploads\\\/2023\\\/09\\\/moje-trasa-stezka-gotickych-hradu.png\",\"contentUrl\":\"https:\\\/\\\/all4camper.com\\\/wp-content\\\/uploads\\\/2023\\\/09\\\/moje-trasa-stezka-gotickych-hradu.png\",\"width\":1398,\"height\":836},{\"@type\":\"BreadcrumbList\",\"@id\":\"https:\\\/\\\/all4camper.com\\\/cs\\\/unikatni-evropska-cesta-za-poznanim-objevte-stezku-gotickych-hradu-v-polsku\\\/#breadcrumb\",\"itemListElement\":[{\"@type\":\"ListItem\",\"position\":1,\"name\":\"Dom\u016f\",\"item\":\"https:\\\/\\\/all4camper.com\\\/cs\\\/\"},{\"@type\":\"ListItem\",\"position\":2,\"name\":\"Novinky - Kempov\u00e1n\u00ed a karavaning\",\"item\":\"https:\\\/\\\/all4camper.com\\\/cs\\\/category\\\/novinky-kempovani-a-karavaning\\\/\"},{\"@type\":\"ListItem\",\"position\":3,\"name\":\"Unik\u00e1tn\u00ed evropsk\u00e1 cesta za pozn\u00e1n\u00edm &#8211; objevte stezku gotick\u00fdch hrad\u016f v Polsku\"}]},{\"@type\":\"WebSite\",\"@id\":\"https:\\\/\\\/all4camper.com\\\/cs\\\/#website\",\"url\":\"https:\\\/\\\/all4camper.com\\\/cs\\\/\",\"name\":\"All4Camper\",\"description\":\"Nejv\u011bt\u0161\u00ed online magaz\u00edn o kempov\u00e1n\u00ed a karavaninku. V\u00edce jak 900 \u010dl\u00e1nk\u016f pln\u00fdch rad a tip\u016f o kempech a kempov\u00e1n\u00ed.\",\"publisher\":{\"@id\":\"https:\\\/\\\/all4camper.com\\\/cs\\\/#organization\"},\"potentialAction\":[{\"@type\":\"SearchAction\",\"target\":{\"@type\":\"EntryPoint\",\"urlTemplate\":\"https:\\\/\\\/all4camper.com\\\/cs\\\/?s={search_term_string}\"},\"query-input\":{\"@type\":\"PropertyValueSpecification\",\"valueRequired\":true,\"valueName\":\"search_term_string\"}}],\"inLanguage\":\"cs\"},{\"@type\":\"Organization\",\"@id\":\"https:\\\/\\\/all4camper.com\\\/cs\\\/#organization\",\"name\":\"All4Camper - kempujeme s Kl\u00e1rou\",\"url\":\"https:\\\/\\\/all4camper.com\\\/cs\\\/\",\"logo\":{\"@type\":\"ImageObject\",\"inLanguage\":\"cs\",\"@id\":\"https:\\\/\\\/all4camper.com\\\/cs\\\/#\\\/schema\\\/logo\\\/image\\\/\",\"url\":\"https:\\\/\\\/all4camper.com\\\/wp-content\\\/uploads\\\/2018\\\/09\\\/novelogo.png\",\"contentUrl\":\"https:\\\/\\\/all4camper.com\\\/wp-content\\\/uploads\\\/2018\\\/09\\\/novelogo.png\",\"width\":1520,\"height\":600,\"caption\":\"All4Camper - kempujeme s Kl\u00e1rou\"},\"image\":{\"@id\":\"https:\\\/\\\/all4camper.com\\\/cs\\\/#\\\/schema\\\/logo\\\/image\\\/\"}},{\"@type\":\"Person\",\"@id\":\"https:\\\/\\\/all4camper.com\\\/cs\\\/#\\\/schema\\\/person\\\/c6f1efdf1d02bc7d8c53a891cbe18c62\",\"name\":\"Kl\u00e1ra H\u00e1jkov\u00e1\",\"sameAs\":[\"http:\\\/\\\/www.all4camper.com\"],\"url\":\"https:\\\/\\\/all4camper.com\\\/cs\\\/author\\\/klarinkacestuje1\\\/\"}]}<\/script>\n<!-- \/ Yoast SEO plugin. -->","yoast_head_json":{"title":"Unik\u00e1tn\u00ed evropsk\u00e1 cesta za pozn\u00e1n\u00edm - objevte stezku gotick\u00fdch hrad\u016f v Polsku - All4Camper","description":"All4Camper - Novinky - Kempov\u00e1n\u00ed a karavaning - Unik\u00e1tn\u00ed evropsk\u00e1 cesta za pozn\u00e1n\u00edm - objevte stezku gotick\u00fdch hrad\u016f v Polsku","robots":{"index":"index","follow":"follow","max-snippet":"max-snippet:-1","max-image-preview":"max-image-preview:large","max-video-preview":"max-video-preview:-1"},"canonical":"https:\/\/all4camper.com\/cs\/unikatni-evropska-cesta-za-poznanim-objevte-stezku-gotickych-hradu-v-polsku\/","og_locale":"cs_CZ","og_type":"article","og_title":"Unik\u00e1tn\u00ed evropsk\u00e1 cesta za pozn\u00e1n\u00edm - objevte stezku gotick\u00fdch hrad\u016f v Polsku - All4Camper","og_description":"All4Camper - Novinky - Kempov\u00e1n\u00ed a karavaning - Unik\u00e1tn\u00ed evropsk\u00e1 cesta za pozn\u00e1n\u00edm - objevte stezku gotick\u00fdch hrad\u016f v Polsku","og_url":"https:\/\/all4camper.com\/cs\/unikatni-evropska-cesta-za-poznanim-objevte-stezku-gotickych-hradu-v-polsku\/","og_site_name":"All4Camper","article_published_time":"2023-09-28T09:41:44+00:00","article_modified_time":"2024-01-04T09:25:35+00:00","og_image":[{"width":1398,"height":836,"url":"https:\/\/all4camper.com\/wp-content\/uploads\/2023\/09\/moje-trasa-stezka-gotickych-hradu.png","type":"image\/png"}],"author":"Kl\u00e1ra H\u00e1jkov\u00e1","twitter_card":"summary_large_image","twitter_misc":{"Napsal(a)":"Kl\u00e1ra H\u00e1jkov\u00e1","Odhadovan\u00e1 doba \u010dten\u00ed":"12 minut"},"schema":{"@context":"https:\/\/schema.org","@graph":[{"@type":"Article","@id":"https:\/\/all4camper.com\/cs\/unikatni-evropska-cesta-za-poznanim-objevte-stezku-gotickych-hradu-v-polsku\/#article","isPartOf":{"@id":"https:\/\/all4camper.com\/cs\/unikatni-evropska-cesta-za-poznanim-objevte-stezku-gotickych-hradu-v-polsku\/"},"author":{"name":"Kl\u00e1ra H\u00e1jkov\u00e1","@id":"https:\/\/all4camper.com\/cs\/#\/schema\/person\/c6f1efdf1d02bc7d8c53a891cbe18c62"},"headline":"Unik\u00e1tn\u00ed evropsk\u00e1 cesta za pozn\u00e1n\u00edm &#8211; objevte stezku gotick\u00fdch hrad\u016f v Polsku","datePublished":"2023-09-28T09:41:44+00:00","dateModified":"2024-01-04T09:25:35+00:00","mainEntityOfPage":{"@id":"https:\/\/all4camper.com\/cs\/unikatni-evropska-cesta-za-poznanim-objevte-stezku-gotickych-hradu-v-polsku\/"},"wordCount":2434,"publisher":{"@id":"https:\/\/all4camper.com\/cs\/#organization"},"image":{"@id":"https:\/\/all4camper.com\/cs\/unikatni-evropska-cesta-za-poznanim-objevte-stezku-gotickych-hradu-v-polsku\/#primaryimage"},"thumbnailUrl":"https:\/\/all4camper.com\/wp-content\/uploads\/2023\/09\/moje-trasa-stezka-gotickych-hradu.png","keywords":["Polsko","Pozn\u00e1vac\u00ed dovolen\u00e1"],"articleSection":["Kempov\u00e1n\u00ed a cestov\u00e1n\u00ed v Polsku","Novinky - Kempov\u00e1n\u00ed a karavaning"],"inLanguage":"cs"},{"@type":"WebPage","@id":"https:\/\/all4camper.com\/cs\/unikatni-evropska-cesta-za-poznanim-objevte-stezku-gotickych-hradu-v-polsku\/","url":"https:\/\/all4camper.com\/cs\/unikatni-evropska-cesta-za-poznanim-objevte-stezku-gotickych-hradu-v-polsku\/","name":"Unik\u00e1tn\u00ed evropsk\u00e1 cesta za pozn\u00e1n\u00edm - objevte stezku gotick\u00fdch hrad\u016f v Polsku - All4Camper","isPartOf":{"@id":"https:\/\/all4camper.com\/cs\/#website"},"primaryImageOfPage":{"@id":"https:\/\/all4camper.com\/cs\/unikatni-evropska-cesta-za-poznanim-objevte-stezku-gotickych-hradu-v-polsku\/#primaryimage"},"image":{"@id":"https:\/\/all4camper.com\/cs\/unikatni-evropska-cesta-za-poznanim-objevte-stezku-gotickych-hradu-v-polsku\/#primaryimage"},"thumbnailUrl":"https:\/\/all4camper.com\/wp-content\/uploads\/2023\/09\/moje-trasa-stezka-gotickych-hradu.png","datePublished":"2023-09-28T09:41:44+00:00","dateModified":"2024-01-04T09:25:35+00:00","description":"All4Camper - Novinky - Kempov\u00e1n\u00ed a karavaning - Unik\u00e1tn\u00ed evropsk\u00e1 cesta za pozn\u00e1n\u00edm - objevte stezku gotick\u00fdch hrad\u016f v Polsku","breadcrumb":{"@id":"https:\/\/all4camper.com\/cs\/unikatni-evropska-cesta-za-poznanim-objevte-stezku-gotickych-hradu-v-polsku\/#breadcrumb"},"inLanguage":"cs","potentialAction":[{"@type":"ReadAction","target":["https:\/\/all4camper.com\/cs\/unikatni-evropska-cesta-za-poznanim-objevte-stezku-gotickych-hradu-v-polsku\/"]}]},{"@type":"ImageObject","inLanguage":"cs","@id":"https:\/\/all4camper.com\/cs\/unikatni-evropska-cesta-za-poznanim-objevte-stezku-gotickych-hradu-v-polsku\/#primaryimage","url":"https:\/\/all4camper.com\/wp-content\/uploads\/2023\/09\/moje-trasa-stezka-gotickych-hradu.png","contentUrl":"https:\/\/all4camper.com\/wp-content\/uploads\/2023\/09\/moje-trasa-stezka-gotickych-hradu.png","width":1398,"height":836},{"@type":"BreadcrumbList","@id":"https:\/\/all4camper.com\/cs\/unikatni-evropska-cesta-za-poznanim-objevte-stezku-gotickych-hradu-v-polsku\/#breadcrumb","itemListElement":[{"@type":"ListItem","position":1,"name":"Dom\u016f","item":"https:\/\/all4camper.com\/cs\/"},{"@type":"ListItem","position":2,"name":"Novinky - Kempov\u00e1n\u00ed a karavaning","item":"https:\/\/all4camper.com\/cs\/category\/novinky-kempovani-a-karavaning\/"},{"@type":"ListItem","position":3,"name":"Unik\u00e1tn\u00ed evropsk\u00e1 cesta za pozn\u00e1n\u00edm &#8211; objevte stezku gotick\u00fdch hrad\u016f v Polsku"}]},{"@type":"WebSite","@id":"https:\/\/all4camper.com\/cs\/#website","url":"https:\/\/all4camper.com\/cs\/","name":"All4Camper","description":"Nejv\u011bt\u0161\u00ed online magaz\u00edn o kempov\u00e1n\u00ed a karavaninku. V\u00edce jak 900 \u010dl\u00e1nk\u016f pln\u00fdch rad a tip\u016f o kempech a kempov\u00e1n\u00ed.","publisher":{"@id":"https:\/\/all4camper.com\/cs\/#organization"},"potentialAction":[{"@type":"SearchAction","target":{"@type":"EntryPoint","urlTemplate":"https:\/\/all4camper.com\/cs\/?s={search_term_string}"},"query-input":{"@type":"PropertyValueSpecification","valueRequired":true,"valueName":"search_term_string"}}],"inLanguage":"cs"},{"@type":"Organization","@id":"https:\/\/all4camper.com\/cs\/#organization","name":"All4Camper - kempujeme s Kl\u00e1rou","url":"https:\/\/all4camper.com\/cs\/","logo":{"@type":"ImageObject","inLanguage":"cs","@id":"https:\/\/all4camper.com\/cs\/#\/schema\/logo\/image\/","url":"https:\/\/all4camper.com\/wp-content\/uploads\/2018\/09\/novelogo.png","contentUrl":"https:\/\/all4camper.com\/wp-content\/uploads\/2018\/09\/novelogo.png","width":1520,"height":600,"caption":"All4Camper - kempujeme s Kl\u00e1rou"},"image":{"@id":"https:\/\/all4camper.com\/cs\/#\/schema\/logo\/image\/"}},{"@type":"Person","@id":"https:\/\/all4camper.com\/cs\/#\/schema\/person\/c6f1efdf1d02bc7d8c53a891cbe18c62","name":"Kl\u00e1ra H\u00e1jkov\u00e1","sameAs":["http:\/\/www.all4camper.com"],"url":"https:\/\/all4camper.com\/cs\/author\/klarinkacestuje1\/"}]}},"_links":{"self":[{"href":"https:\/\/all4camper.com\/cs\/wp-json\/wp\/v2\/posts\/143859","targetHints":{"allow":["GET"]}}],"collection":[{"href":"https:\/\/all4camper.com\/cs\/wp-json\/wp\/v2\/posts"}],"about":[{"href":"https:\/\/all4camper.com\/cs\/wp-json\/wp\/v2\/types\/post"}],"author":[{"embeddable":true,"href":"https:\/\/all4camper.com\/cs\/wp-json\/wp\/v2\/users\/4"}],"replies":[{"embeddable":true,"href":"https:\/\/all4camper.com\/cs\/wp-json\/wp\/v2\/comments?post=143859"}],"version-history":[{"count":17,"href":"https:\/\/all4camper.com\/cs\/wp-json\/wp\/v2\/posts\/143859\/revisions"}],"predecessor-version":[{"id":170859,"href":"https:\/\/all4camper.com\/cs\/wp-json\/wp\/v2\/posts\/143859\/revisions\/170859"}],"wp:featuredmedia":[{"embeddable":true,"href":"https:\/\/all4camper.com\/cs\/wp-json\/wp\/v2\/media\/143892"}],"wp:attachment":[{"href":"https:\/\/all4camper.com\/cs\/wp-json\/wp\/v2\/media?parent=143859"}],"wp:term":[{"taxonomy":"category","embeddable":true,"href":"https:\/\/all4camper.com\/cs\/wp-json\/wp\/v2\/categories?post=143859"},{"taxonomy":"post_tag","embeddable":true,"href":"https:\/\/all4camper.com\/cs\/wp-json\/wp\/v2\/tags?post=143859"}],"curies":[{"name":"wp","href":"https:\/\/api.w.org\/{rel}","templated":true}]}}