{"id":143686,"date":"2023-06-09T14:47:28","date_gmt":"2023-06-09T12:47:28","guid":{"rendered":"https:\/\/all4camper.com\/\/?p=143686"},"modified":"2023-06-09T14:51:26","modified_gmt":"2023-06-09T12:51:26","slug":"jak-cestovat-s-obytnym-vozem-a-karavanem-na-trajektu","status":"publish","type":"post","link":"https:\/\/all4camper.com\/cs\/jak-cestovat-s-obytnym-vozem-a-karavanem-na-trajektu\/","title":{"rendered":"Jak cestovat s\u00a0obytn\u00fdm vozem a karavanem na trajektu?"},"content":{"rendered":"\n<p><strong>Cesta trajektem b\u00fdv\u00e1 obvykle nejrychlej\u0161\u00ed a nejpohodln\u011bj\u0161\u00ed zp\u016fsob, jak se s&nbsp;karavanem nebo obytn\u00fdm vozem dostat do obl\u00edben\u00fdch destinac\u00ed, kam pat\u0159\u00ed \u0158ecko, pobaltsk\u00e9 st\u00e1ty, Velk\u00e1 Brit\u00e1nie a Norsko. Cesta na trajektu neb\u00fdv\u00e1 nic slo\u017eit\u00e9ho, p\u0159esto existuje n\u011bkolik v\u011bc\u00ed, kter\u00e9 byste p\u0159ed prvn\u00ed cestou m\u011bli v\u011bd\u011bt.<\/strong><\/p>\n\n\n\n<h2 class=\"wp-block-heading\"><strong>V\u00fdb\u011br a rezervace cesty<\/strong><\/h2>\n\n\n\n<p>Podle toho, do jak\u00e9 destinace se chyst\u00e1te, budete m\u00edt na v\u00fdb\u011br z&nbsp;jedn\u00e9 nebo v\u00edce trajektov\u00fdch spole\u010dnost\u00ed, co\u017e v\u00e1m umo\u017en\u00ed vybrat si term\u00ednov\u011b i cenov\u011b nejv\u00fdhodn\u011bj\u0161\u00ed nab\u00eddku. Pokud jste \u010dasov\u011b flexibiln\u00ed, ur\u010dit\u011b se pod\u00edvejte i na cesty v&nbsp;jin\u00fdch dnech okolo pl\u00e1novan\u00e9ho odjezdu. Pravd\u011bpodobn\u011b naraz\u00edte na velk\u00e9 cenov\u00e9 rozd\u00edly a budete moci u\u0161et\u0159it n\u011bjak\u00e9 finance.<\/p>\n\n\n\n<p>Pokud jste \u010dasov\u011b flexibiln\u00ed a chyst\u00e1te se na kr\u00e1tk\u00e9 p\u0159ejezdy, kter\u00e9 jsou obl\u00edben\u00e9 p\u0159edev\u0161\u00edm v&nbsp;Norsku, kde jezd\u00ed trajekty z&nbsp;jedn\u00e9 strany fjordu na druhou, nen\u00ed v\u011bt\u0161inou nutn\u00e9 rezervovat cestu s&nbsp;p\u0159edstihem. <strong>V&nbsp;p\u0159\u00edpad\u011b, \u017ee pot\u0159ebujete dodr\u017eet pevn\u011b dan\u00fd \u010dasov\u00fd harmonogram, cestujete do vyt\u00ed\u017een\u00e9 turistick\u00e9 destinace v&nbsp;hlavn\u00ed sez\u00f3n\u011b nebo se chyst\u00e1te na n\u011bkolika hodinov\u00fd p\u0159ejezd, je lep\u0161\u00ed vy\u0159\u00eddit si rezervaci s&nbsp;p\u0159edstihem.<\/strong> Ceny na m\u00edst\u011b nav\u00edc b\u00fdvaj\u00ed dra\u017e\u0161\u00ed, zejm\u00e9na u dlouh\u00fdch plaveb.<\/p>\n\n\n\n<p><strong>Srovn\u00e1vac\u00ed port\u00e1ly, jako je nap\u0159\u00edklad Aferry nebo Direct Ferries, v\u00e1m vyhledaj\u00ed poskytovatele trajekt\u016f na v\u00e1mi zvolen\u00e9 trase a umo\u017en\u00ed porovnat cenu jednotliv\u00fdch plaveb.<\/strong> Cenu uv\u00e1d\u011bnou na srovn\u00e1vac\u00edch port\u00e1lech si v\u0161ak rad\u011bji ov\u011b\u0159te na webov\u00fdch str\u00e1nk\u00e1ch dan\u00e9 trajektov\u00e9 spole\u010dnosti. Rezervaci si vytvo\u0159te, pokud mo\u017eno, co nejd\u0159\u00edve. \u010casto je mo\u017en\u00e9 vyu\u017e\u00edt v\u010dasn\u00e9 rezervace s&nbsp;n\u011bkolikam\u011bs\u00ed\u010dn\u00edm p\u0159edstihem.<\/p>\n\n\n\n<figure class=\"wp-block-image size-full\"><img loading=\"lazy\" decoding=\"async\" width=\"1185\" height=\"600\" src=\"https:\/\/all4camper.com\/\/wp-content\/uploads\/2023\/06\/trajekty-obytna-auta.jpeg\" alt=\"\" class=\"wp-image-143687\" srcset=\"https:\/\/all4camper.com\/wp-content\/uploads\/2023\/06\/trajekty-obytna-auta.jpeg 1185w, https:\/\/all4camper.com\/wp-content\/uploads\/2023\/06\/trajekty-obytna-auta-450x228.jpeg 450w, https:\/\/all4camper.com\/wp-content\/uploads\/2023\/06\/trajekty-obytna-auta-150x76.jpeg 150w, https:\/\/all4camper.com\/wp-content\/uploads\/2023\/06\/trajekty-obytna-auta-768x389.jpeg 768w, https:\/\/all4camper.com\/wp-content\/uploads\/2023\/06\/trajekty-obytna-auta-696x352.jpeg 696w\" sizes=\"auto, (max-width: 1185px) 100vw, 1185px\" \/><figcaption class=\"wp-element-caption\">Foto: <strong>SUPERFAST FERRIES<\/strong><\/figcaption><\/figure>\n\n\n\n<p><strong>P\u0159i rezervaci budete pot\u0159ebovat zn\u00e1t rozm\u011bry vozu a jeho registra\u010dn\u00ed zna\u010dku<\/strong>, ty v\u0161ak lze \u010dasto poskytnout a\u017e pozd\u011bji za poplatek. V&nbsp;p\u0159\u00edpad\u011b cesty s&nbsp;pronajat\u00fdm vozem, je nutn\u00e9 p\u0159edem zjistit p\u0159esn\u00e9 rozm\u011bry, tedy d\u00e9lku vozidla (pop\u0159. d\u00e9lku automobilu a karavanu) a v\u00fd\u0161ku. Ceny za trajekt se budou li\u0161it podle velikosti vozidla. <strong>Nepravdiv\u00e9 informace neuv\u00e1d\u011bjte, proto\u017ee prostor na trajektech je omezen\u00fd a rozd\u00edl pouh\u00fdch n\u011bkolika centimetr\u016f m\u016f\u017ee znamenat, \u017ee nebudete vpu\u0161t\u011bni na palubu.<\/strong><\/p>\n\n\n\n<p>B\u011bhem pl\u00e1nov\u00e1n\u00ed cesty a sjedn\u00e1v\u00e1n\u00ed poji\u0161t\u011bn\u00ed se ujist\u011bte, \u017ee se va\u0161e poji\u0161t\u011bn\u00ed vztahuje i na p\u0159\u00edpadn\u00e9 \u0161kody zp\u016fsoben\u00e9 p\u0159epravou na trajektu.<\/p>\n\n\n\n<h2 class=\"wp-block-heading\"><strong>Cestov\u00e1n\u00ed na trajektu se psem<\/strong><\/h2>\n\n\n\n<p>Mnoho cestovatel\u016f vyr\u00e1\u017e\u00ed kempovat se sv\u00fdm \u010dty\u0159noh\u00fdm mazl\u00ed\u010dkem. V&nbsp;takov\u00e9m p\u0159\u00edpad\u011b je t\u0159eba zjistit si podm\u00ednky, za kter\u00fdch lze se psem vstoupit na trajekt a n\u00e1sledn\u011b do dan\u00e9 zem\u011b. P\u0159\u00edtomnost ps\u016f na trajektu je u v\u011bt\u0161iny provozovatel\u016f povolena, ov\u0161em za ur\u010dit\u00fdch podm\u00ednek. To v&nbsp;praxi znamen\u00e1, \u017ee n\u011bkde pes mus\u00ed z\u016fstat ve voze, jinde je t\u0159eba zarezervovat si zvl\u00e1\u0161tn\u00ed kajutu, ve kter\u00e9 m\u016f\u017eete pob\u00fdvat se psem, apod.<\/p>\n\n\n\n<h2 class=\"wp-block-heading\"><strong>P\u0159\u00edprava na plavbu<\/strong><\/h2>\n\n\n\n<p>Krom\u011b platn\u00e9ho ob\u010dansk\u00e9ho pr\u016fkazu nebo cestovn\u00edho pasu budete pot\u0159ebovat potvrzen\u00ed o rezervaci trajektu, bu\u010f vyti\u0161t\u011bn\u00e9, nebo alespo\u0148 v&nbsp;mobiln\u00edm telefonu. Z\u00e1rove\u0148 se ujist\u011bte, \u017ee m\u00e1te platn\u00e9 doklady pro sv\u00e9 d\u011bti, a p\u0159\u00edpadn\u011b tak\u00e9 pro psa.<\/p>\n\n\n\n<p>Je\u0161t\u011b p\u0159ed p\u0159\u00edjezdem do p\u0159\u00edstavu si sbalte do ta\u0161ky cennosti a dal\u0161\u00ed d\u016fle\u017eit\u00e9 v\u011bci. Pokud m\u00e1te rezervovanou kajutu, budete pot\u0159ebovat tak\u00e9 v\u011bci na noc a toaletn\u00ed pot\u0159eby. Je pot\u0159eba si dob\u0159e rozmyslet, co v\u0161echno budete pot\u0159ebovat, <strong>proto\u017ee b\u011bhem dlouh\u00fdch p\u0159ejezd\u016f pravd\u011bpodobn\u011b nebudete m\u00edt povolen\u00fd vstup do sv\u00e9ho vozu.<\/strong><\/p>\n\n\n\n<div class=\"wp-block-group\"><div class=\"wp-block-group__inner-container is-layout-constrained wp-block-group-is-layout-constrained\">\n<p>Sbalte si proto:<\/p>\n\n\n\n<ul class=\"wp-block-list\">\n<li>Pen\u00edze a doklady toto\u017enosti<\/li>\n\n\n\n<li>Mobiln\u00ed telefon a dal\u0161\u00ed elektroniku (fotoapar\u00e1t apod.)<\/li>\n\n\n\n<li>Ostatn\u00ed cennosti<\/li>\n\n\n\n<li>L\u00e9ky, kter\u00e9 u\u017e\u00edv\u00e1te pravideln\u011b, a p\u0159\u00edpadn\u011b i l\u00e9ky proti mo\u0159sk\u00e9 nemoci<\/li>\n\n\n\n<li>Hra\u010dky pro d\u011bti nebo psa<\/li>\n<\/ul>\n<\/div><\/div>\n\n\n\n<div class=\"wp-block-group\"><div class=\"wp-block-group__inner-container is-layout-constrained wp-block-group-is-layout-constrained\">\n<p>P\u0159i del\u0161\u00ed plavb\u011b trajektem budete pravd\u011bpodobn\u011b pot\u0159ebovat:<\/p>\n\n\n\n<ul class=\"wp-block-list\">\n<li>Toaletn\u00ed ta\u0161ku se zubn\u00edm kart\u00e1\u010dkem a pastou<\/li>\n\n\n\n<li>N\u00e1hradn\u00ed oble\u010den\u00ed<\/li>\n\n\n\n<li>N\u011bjakou z\u00e1bavu, nap\u0159. knihy nebo hry<\/li>\n\n\n\n<li>Pop\u0159\u00edpad\u011b j\u00eddlo a pit\u00ed<\/li>\n<\/ul>\n<\/div><\/div>\n\n\n\n<figure class=\"wp-block-image size-full\"><img loading=\"lazy\" decoding=\"async\" width=\"1280\" height=\"853\" src=\"https:\/\/all4camper.com\/\/wp-content\/uploads\/2023\/06\/trajekty-nemecko.jpg\" alt=\"\" class=\"wp-image-143691\" srcset=\"https:\/\/all4camper.com\/wp-content\/uploads\/2023\/06\/trajekty-nemecko.jpg 1280w, https:\/\/all4camper.com\/wp-content\/uploads\/2023\/06\/trajekty-nemecko-450x300.jpg 450w, https:\/\/all4camper.com\/wp-content\/uploads\/2023\/06\/trajekty-nemecko-150x100.jpg 150w, https:\/\/all4camper.com\/wp-content\/uploads\/2023\/06\/trajekty-nemecko-768x512.jpg 768w, https:\/\/all4camper.com\/wp-content\/uploads\/2023\/06\/trajekty-nemecko-696x464.jpg 696w\" sizes=\"auto, (max-width: 1280px) 100vw, 1280px\" \/><figcaption class=\"wp-element-caption\">Foto: Pixabay<\/figcaption><\/figure>\n\n\n\n<h2 class=\"wp-block-heading\"><strong>Lednice v&nbsp;obytn\u00e9m voze b\u011bhem plavby<\/strong><\/h2>\n\n\n\n<p>Lednice v&nbsp;obytn\u00fdch vozech v\u011bt\u0161inou funguj\u00ed na elekt\u0159inu nebo plyn a jen m\u00e1lo trajekt\u016f m\u00e1 elektrick\u00e9 p\u0159\u00edpojky pro karavany nebo obytn\u00e9 vozy. Pokud tedy pl\u00e1nujete dlouhou cestu trajektem (8 a v\u00edce hodin), zamyslete se nad obsahem sv\u00e9 lednice a mraz\u00e1ku. <strong>V\u00fddr\u017e chladni\u010dky m\u016f\u017eete tak\u00e9 prodlou\u017eit vlo\u017een\u00edm zmrazen\u00fdch s\u00e1\u010dk\u016f s&nbsp;ledem, kter\u00e9 udr\u017e\u00ed chlad o n\u011bco d\u00e9le. Ihned po p\u0159\u00edjezdu trajektu se doporu\u010duje p\u0159i nejbli\u017e\u0161\u00ed p\u0159\u00edle\u017eitosti zapnout plynov\u00fd kohoutek, aby ledni\u010dka dos\u00e1hla sv\u00e9 norm\u00e1ln\u00ed teploty.<\/strong><\/p>\n\n\n\n<h2 class=\"wp-block-heading\"><strong>Odbaven\u00ed a nalod\u011bn\u00ed v&nbsp;p\u0159\u00edstavu<\/strong><\/h2>\n\n\n\n<p>\u010cas, kdy se m\u016f\u017eete dostavit na trajekt, najdete v&nbsp;potvrzen\u00ed rezervace, nebo v\u00e1m ho p\u0159edem sd\u011bl\u00ed p\u0159epravn\u00ed spole\u010dnost. \u010casov\u00e9 okno z\u00e1vis\u00ed na d\u00e9lce cesty. U del\u0161\u00edch tras b\u00fdv\u00e1 obvykl\u00fd za\u010d\u00e1tek odbaven\u00ed jednu a\u017e dv\u011b hodiny p\u0159ed odjezdem, u krat\u0161\u00edch cest v\u011bt\u0161inou 30 a\u017e 45 minut. U velmi kr\u00e1tk\u00fdch p\u0159ejezd\u016f, nap\u0159\u00edklad v&nbsp;Norsku ve fjordech, nic takov\u00e9ho neexistuje.<\/p>\n\n\n\n<p>K&nbsp;odbaven\u00ed budete pot\u0159ebovat potvrzen\u00ed rezervace a pr\u016fkazy toto\u017enosti v\u0161ech cestuj\u00edc\u00edch. Dokumenty m\u011bjte p\u0159ipraven\u00e9 automaticky, ani\u017e byste o n\u011b byli po\u017e\u00e1d\u00e1ni.<\/p>\n\n\n\n<p>Po registraci se vyd\u00e1te na molo, kde se za\u0159ad\u00edte do p\u0159id\u011blen\u00e9 fronty a vy\u010dk\u00e1te. <strong>P\u0159ed n\u00e1stupem na palubu bude nutn\u00e9 zav\u0159\u00edt plynov\u00fd kohoutek v&nbsp;karavanu nebo v&nbsp;obytn\u00e9m aut\u011b. I kdy\u017e o to nebudete po\u017e\u00e1d\u00e1ni, na v\u011bt\u0161in\u011b trajekt\u016f je to povinn\u00e9. Jedn\u00e1 se o preventivn\u00ed opat\u0159en\u00ed, kter\u00e9 je t\u0159eba dodr\u017eovat pro ochranu sebe i ostatn\u00edch<\/strong>. N\u011bkdy informace najdete na cedul\u00edch v&nbsp;p\u0159\u00edstavu, ur\u010dit\u011b v\u0161ak budou v&nbsp;p\u0159epravn\u00edch podm\u00ednk\u00e1ch. Person\u00e1l m\u016f\u017ee p\u0159ij\u00edt zkontrolovat, zda je plynov\u00fd kohoutek zav\u0159en\u00fd.<\/p>\n\n\n\n<figure class=\"wp-block-image size-full\"><img loading=\"lazy\" decoding=\"async\" width=\"1280\" height=\"857\" src=\"https:\/\/all4camper.com\/\/wp-content\/uploads\/2023\/06\/trajekty-evropa.jpg\" alt=\"\" class=\"wp-image-143689\" srcset=\"https:\/\/all4camper.com\/wp-content\/uploads\/2023\/06\/trajekty-evropa.jpg 1280w, https:\/\/all4camper.com\/wp-content\/uploads\/2023\/06\/trajekty-evropa-450x301.jpg 450w, https:\/\/all4camper.com\/wp-content\/uploads\/2023\/06\/trajekty-evropa-150x100.jpg 150w, https:\/\/all4camper.com\/wp-content\/uploads\/2023\/06\/trajekty-evropa-768x514.jpg 768w, https:\/\/all4camper.com\/wp-content\/uploads\/2023\/06\/trajekty-evropa-696x466.jpg 696w\" sizes=\"auto, (max-width: 1280px) 100vw, 1280px\" \/><figcaption class=\"wp-element-caption\">Foto: Pixabay<\/figcaption><\/figure>\n\n\n\n<p>P\u0159i \u010dek\u00e1n\u00ed na nalod\u011bn\u00ed m\u00e1te pravd\u011bpodobn\u011b posledn\u00ed p\u0159\u00edle\u017eitost vyndat si to, co budete pot\u0159ebovat ze zadn\u00ed gar\u00e1\u017ee a z&nbsp;vn\u011bj\u0161\u00edch \u00falo\u017en\u00fdch prostor, proto\u017ee na trajektu se k&nbsp;nim u\u017e mo\u017en\u00e1 nedostanete.<\/p>\n\n\n\n<p>P\u0159i nalo\u010fov\u00e1n\u00ed nepropadejte panice. Zam\u011bstnanci v\u00e1s navedou na spr\u00e1vn\u00e9 parkovac\u00ed m\u00edsto a daj\u00ed v\u00e1m pokyny rukou. Na trajektech b\u00fdv\u00e1 t\u011bsno, proto je n\u011bkdy nutn\u00e9 sklopit bo\u010dn\u00ed zrc\u00e1tka. Z&nbsp;tohoto d\u016fvodu opravdu dbejte na to, \u017ee p\u0159i registraci uv\u00e1d\u00edte spr\u00e1vn\u00fd rozm\u011br vozidla.<\/p>\n\n\n\n<p>Na n\u011bkter\u00fdch trajektech se m\u016f\u017ee st\u00e1t, \u017ee budete muset s&nbsp;obytn\u00fdm vozem nebo karavanem na lo\u010f couvat. I zde jsou k&nbsp;dispozici zam\u011bstnanci, kte\u0159\u00ed v\u00e1m pomohou.<\/p>\n\n\n\n<p>Po zaparkov\u00e1n\u00ed je\u0161t\u011b chv\u00edli vy\u010dkejte, ne\u017e zastav\u00ed vozy okolo v\u00e1s, abyste p\u0159ede\u0161li nehod\u00e1m.<\/p>\n\n\n\n<p><strong>Ne\u017e sv\u016fj v\u016fz opust\u00edte, mus\u00edte si zapamatovat jeho p\u0159esn\u00e9 parkovac\u00ed m\u00edsto. <\/strong>Na kter\u00e9m parkovi\u0161ti stoj\u00edte a kter\u00fdm vchodem se sem dostanete? Hod\u00ed se tak\u00e9 zapamatovat si vozy, kter\u00e9 stoj\u00ed okolo v\u00e1s. V\u011bt\u0161ina trajekt\u016f m\u00e1 n\u011bkolik palub na parkov\u00e1n\u00ed. Zapamatov\u00e1n\u00edm p\u0159esn\u00e9ho parkovac\u00edho m\u00edsta se pak vyhnete probl\u00e9m\u016fm p\u0159i hled\u00e1n\u00ed sv\u00e9ho vozu p\u0159ed koncem plavby.<\/p>\n\n\n\n<h2 class=\"wp-block-heading\"><strong>Na palub\u011b trajektu<\/strong><\/h2>\n\n\n\n<p>Trajekty nab\u00edz\u00ed, v&nbsp;z\u00e1vislosti na sv\u00e9 velikosti, n\u011bkolik zp\u016fsob\u016f, jak plavbu str\u00e1vit. V\u011bt\u0161inou tu proto b\u00fdv\u00e1 k&nbsp;dispozici kav\u00e1rna nebo restaurace, obchod, salonek, prostor k&nbsp;odpo\u010dinku a vyhl\u00eddkov\u00e1 terasa. V\u011bt\u0161\u00ed trajekty m\u00edvaj\u00ed r\u016fzn\u00fd program, kter\u00fd nab\u00edz\u00ed spoustu z\u00e1bavy. P\u0159ipojen\u00ed k&nbsp;wi-fi je na trajektu v\u017edy, ale v&nbsp;n\u011bkter\u00fdch p\u0159\u00edpadech m\u016f\u017ee b\u00fdt zpoplatn\u011bna.<\/p>\n\n\n\n<p>Pokud m\u00e1te rezervovanou kajutu b\u011bhem dlouh\u00e9 cesty, po p\u0159\u00edjezdu na palubu se p\u0159ihlaste na recepci, kde v\u00e1m kajutu p\u0159id\u011bl\u00ed. Pak m\u016f\u017eete vyrazit do podpalub\u00ed a relaxovat.<\/p>\n\n\n\n<h2 class=\"wp-block-heading\"><strong>Kam vyrazit trajektem?<\/strong><\/h2>\n\n\n\n<p>V&nbsp;Evrop\u011b najdete mnoho tras, po kter\u00fdch m\u016f\u017eete cestovat trajektem. Nap\u0159\u00edklad v sousedn\u00edm N\u011bmecku pat\u0159\u00ed mezi nejv\u011bt\u0161\u00ed provozovatele trajekt\u016f spole\u010dnosti Stena Line, DFDS, Color Line, Fjord Line, Scandlines, TT-Line, P&amp;O Ferries nebo Ok-Ferry, kter\u00e9 nab\u00edz\u00ed spojen\u00ed N\u011bmecka s&nbsp;dal\u0161\u00edmi zem\u011bmi. Nejobl\u00edben\u011bj\u0161\u00edmi n\u011bmeck\u00fdmi p\u0159\u00edstavy jsou pak Rostock, Kiel a Travem\u00fcnde.<\/p>\n\n\n\n<p>Z&nbsp;Rostocku vyplouvaj\u00ed trajekty do Gedseru (D\u00e1nsko), do Trelleborgu (\u0160v\u00e9dsko), do Hanko a Helsinek (Finsko) a do Klaipedy (Litva). Z&nbsp;Kielu je mo\u017en\u00e9 dopravit se trajektem do Osla (Norsko), do G\u00f6teborgu (\u0160v\u00e9dsko) a do Klaipedy (Litva). Trajekty z&nbsp;p\u0159\u00edstavu Travem\u00fcnde pak m\u00ed\u0159\u00ed do Malm\u00f6 a Trelleborgu (\u0160v\u00e9dsko), do Helsinek a Turku (Finsko) a do Liepaji (Loty\u0161sko).<\/p>\n\n\n\n<p>Do dal\u0161\u00edch destinac\u00ed m\u016f\u017eete vyu\u017e\u00edt trajekty z&nbsp;n\u011bmeck\u00fdch m\u011bst L\u00fcbeck, Sassnitz, Puttgarden. List auf Sylt a Freiburg.<\/p>\n\n\n\n<p>Cestovat trajektem se d\u00e1 v\u0161ak z&nbsp;mnoha p\u0159\u00edstav\u016f nap\u0159\u00ed\u010d Evropou a jednotliv\u00e9 trasy se li\u0161\u00ed svou d\u00e9lkou. Mezi krat\u0161\u00ed trasy pat\u0159\u00ed nap\u0159\u00edklad plavba mezi italsk\u00fdm m\u011bstem Otranto a \u0159eck\u00fdm ostrovem Korfu (2-3 hodiny) nebo z&nbsp;d\u00e1nsk\u00e9ho Hirtshalsu do norsk\u00e9ho Kristiansandu (cca 3,5 hodiny). P\u011bt hodin pak zabere plavba z&nbsp;francouzsk\u00e9ho Nice do m\u011bsta Bastia na Korsice.<\/p>\n\n\n\n<p>Dlouh\u00e9 cesty trajektem vedou nap\u0159\u00edklad mezi n\u011bmeck\u00fdm Kielem a \u0161v\u00e9dsk\u00fdm G\u00f6teborgem (cca 15 hodin), mezi Kielem a norsk\u00fdm Oslem (cca 20 hodin) \u010di mezi n\u011bmeck\u00fdm Travem\u00fcnde a m\u011bstem Liep\u00e3ja v&nbsp;Loty\u0161sku (cca 27 hodin).<\/p>\n","protected":false},"excerpt":{"rendered":"<p>Pl\u00e1nujete dovolenou autem, karavanem \u010di obytn\u00fdm autem a hled\u00e1te informace jak na to? Pak tento \u010dl\u00e1nek je ur\u010den pr\u00e1v\u011b pro v\u00e1s.<\/p>\n","protected":false},"author":4,"featured_media":143691,"comment_status":"closed","ping_status":"open","sticky":false,"template":"","format":"standard","meta":{"_monsterinsights_skip_tracking":false,"_monsterinsights_sitenote_active":false,"_monsterinsights_sitenote_note":"","_monsterinsights_sitenote_category":0,"footnotes":""},"categories":[422,8209],"tags":[226,11763,11780],"class_list":{"0":"post-143686","1":"post","2":"type-post","3":"status-publish","4":"format-standard","5":"has-post-thumbnail","7":"category-novinky-kempovani-a-karavaning","8":"category-rady-tipy-informace","9":"tag-rady-a-tipy","10":"tag-rss","11":"tag-trajekty"},"yoast_head":"<!-- This site is optimized with the Yoast SEO plugin v27.5 - https:\/\/yoast.com\/product\/yoast-seo-wordpress\/ -->\n<title>Jak cestovat s\u00a0obytn\u00fdm vozem a karavanem na trajektu? - All4Camper<\/title>\n<meta name=\"description\" content=\"Pl\u00e1nujete dovolenou autem, karavanem \u010di obytn\u00fdm autem a hled\u00e1te informace jak na to? Pak tento \u010dl\u00e1nek je ur\u010den pr\u00e1v\u011b pro v\u00e1s.\" \/>\n<meta name=\"robots\" content=\"index, follow, max-snippet:-1, max-image-preview:large, max-video-preview:-1\" \/>\n<link rel=\"canonical\" href=\"https:\/\/all4camper.com\/cs\/jak-cestovat-s-obytnym-vozem-a-karavanem-na-trajektu\/\" \/>\n<meta property=\"og:locale\" content=\"cs_CZ\" \/>\n<meta property=\"og:type\" content=\"article\" \/>\n<meta property=\"og:title\" content=\"Jak cestovat s\u00a0obytn\u00fdm vozem a karavanem na trajektu? - All4Camper\" \/>\n<meta property=\"og:description\" content=\"Pl\u00e1nujete dovolenou autem, karavanem \u010di obytn\u00fdm autem a hled\u00e1te informace jak na to? Pak tento \u010dl\u00e1nek je ur\u010den pr\u00e1v\u011b pro v\u00e1s.\" \/>\n<meta property=\"og:url\" content=\"https:\/\/all4camper.com\/cs\/jak-cestovat-s-obytnym-vozem-a-karavanem-na-trajektu\/\" \/>\n<meta property=\"og:site_name\" content=\"All4Camper\" \/>\n<meta property=\"article:published_time\" content=\"2023-06-09T12:47:28+00:00\" \/>\n<meta property=\"article:modified_time\" content=\"2023-06-09T12:51:26+00:00\" \/>\n<meta property=\"og:image\" content=\"https:\/\/all4camper.com\/wp-content\/uploads\/2023\/06\/trajekty-nemecko.jpg\" \/>\n\t<meta property=\"og:image:width\" content=\"1280\" \/>\n\t<meta property=\"og:image:height\" content=\"853\" \/>\n\t<meta property=\"og:image:type\" content=\"image\/jpeg\" \/>\n<meta name=\"author\" content=\"Kl\u00e1ra H\u00e1jkov\u00e1\" \/>\n<meta name=\"twitter:card\" content=\"summary_large_image\" \/>\n<meta name=\"twitter:label1\" content=\"Napsal(a)\" \/>\n\t<meta name=\"twitter:data1\" content=\"Kl\u00e1ra H\u00e1jkov\u00e1\" \/>\n\t<meta name=\"twitter:label2\" content=\"Odhadovan\u00e1 doba \u010dten\u00ed\" \/>\n\t<meta name=\"twitter:data2\" content=\"9 minut\" \/>\n<script type=\"application\/ld+json\" class=\"yoast-schema-graph\">{\"@context\":\"https:\\\/\\\/schema.org\",\"@graph\":[{\"@type\":\"Article\",\"@id\":\"https:\\\/\\\/all4camper.com\\\/cs\\\/jak-cestovat-s-obytnym-vozem-a-karavanem-na-trajektu\\\/#article\",\"isPartOf\":{\"@id\":\"https:\\\/\\\/all4camper.com\\\/cs\\\/jak-cestovat-s-obytnym-vozem-a-karavanem-na-trajektu\\\/\"},\"author\":{\"name\":\"Kl\u00e1ra H\u00e1jkov\u00e1\",\"@id\":\"https:\\\/\\\/all4camper.com\\\/cs\\\/#\\\/schema\\\/person\\\/c6f1efdf1d02bc7d8c53a891cbe18c62\"},\"headline\":\"Jak cestovat s\u00a0obytn\u00fdm vozem a karavanem na trajektu?\",\"datePublished\":\"2023-06-09T12:47:28+00:00\",\"dateModified\":\"2023-06-09T12:51:26+00:00\",\"mainEntityOfPage\":{\"@id\":\"https:\\\/\\\/all4camper.com\\\/cs\\\/jak-cestovat-s-obytnym-vozem-a-karavanem-na-trajektu\\\/\"},\"wordCount\":1783,\"publisher\":{\"@id\":\"https:\\\/\\\/all4camper.com\\\/cs\\\/#organization\"},\"image\":{\"@id\":\"https:\\\/\\\/all4camper.com\\\/cs\\\/jak-cestovat-s-obytnym-vozem-a-karavanem-na-trajektu\\\/#primaryimage\"},\"thumbnailUrl\":\"https:\\\/\\\/all4camper.com\\\/wp-content\\\/uploads\\\/2023\\\/06\\\/trajekty-nemecko.jpg\",\"keywords\":[\"Rady-tipy-informace\",\"rss\",\"trajekty\"],\"articleSection\":[\"Novinky - Kempov\u00e1n\u00ed a karavaning\",\"Rady, tipy, informace\"],\"inLanguage\":\"cs\"},{\"@type\":\"WebPage\",\"@id\":\"https:\\\/\\\/all4camper.com\\\/cs\\\/jak-cestovat-s-obytnym-vozem-a-karavanem-na-trajektu\\\/\",\"url\":\"https:\\\/\\\/all4camper.com\\\/cs\\\/jak-cestovat-s-obytnym-vozem-a-karavanem-na-trajektu\\\/\",\"name\":\"Jak cestovat s\u00a0obytn\u00fdm vozem a karavanem na trajektu? - All4Camper\",\"isPartOf\":{\"@id\":\"https:\\\/\\\/all4camper.com\\\/cs\\\/#website\"},\"primaryImageOfPage\":{\"@id\":\"https:\\\/\\\/all4camper.com\\\/cs\\\/jak-cestovat-s-obytnym-vozem-a-karavanem-na-trajektu\\\/#primaryimage\"},\"image\":{\"@id\":\"https:\\\/\\\/all4camper.com\\\/cs\\\/jak-cestovat-s-obytnym-vozem-a-karavanem-na-trajektu\\\/#primaryimage\"},\"thumbnailUrl\":\"https:\\\/\\\/all4camper.com\\\/wp-content\\\/uploads\\\/2023\\\/06\\\/trajekty-nemecko.jpg\",\"datePublished\":\"2023-06-09T12:47:28+00:00\",\"dateModified\":\"2023-06-09T12:51:26+00:00\",\"description\":\"Pl\u00e1nujete dovolenou autem, karavanem \u010di obytn\u00fdm autem a hled\u00e1te informace jak na to? Pak tento \u010dl\u00e1nek je ur\u010den pr\u00e1v\u011b pro v\u00e1s.\",\"breadcrumb\":{\"@id\":\"https:\\\/\\\/all4camper.com\\\/cs\\\/jak-cestovat-s-obytnym-vozem-a-karavanem-na-trajektu\\\/#breadcrumb\"},\"inLanguage\":\"cs\",\"potentialAction\":[{\"@type\":\"ReadAction\",\"target\":[\"https:\\\/\\\/all4camper.com\\\/cs\\\/jak-cestovat-s-obytnym-vozem-a-karavanem-na-trajektu\\\/\"]}]},{\"@type\":\"ImageObject\",\"inLanguage\":\"cs\",\"@id\":\"https:\\\/\\\/all4camper.com\\\/cs\\\/jak-cestovat-s-obytnym-vozem-a-karavanem-na-trajektu\\\/#primaryimage\",\"url\":\"https:\\\/\\\/all4camper.com\\\/wp-content\\\/uploads\\\/2023\\\/06\\\/trajekty-nemecko.jpg\",\"contentUrl\":\"https:\\\/\\\/all4camper.com\\\/wp-content\\\/uploads\\\/2023\\\/06\\\/trajekty-nemecko.jpg\",\"width\":1280,\"height\":853},{\"@type\":\"BreadcrumbList\",\"@id\":\"https:\\\/\\\/all4camper.com\\\/cs\\\/jak-cestovat-s-obytnym-vozem-a-karavanem-na-trajektu\\\/#breadcrumb\",\"itemListElement\":[{\"@type\":\"ListItem\",\"position\":1,\"name\":\"Dom\u016f\",\"item\":\"https:\\\/\\\/all4camper.com\\\/cs\\\/\"},{\"@type\":\"ListItem\",\"position\":2,\"name\":\"Novinky - Kempov\u00e1n\u00ed a karavaning\",\"item\":\"https:\\\/\\\/all4camper.com\\\/cs\\\/category\\\/novinky-kempovani-a-karavaning\\\/\"},{\"@type\":\"ListItem\",\"position\":3,\"name\":\"Jak cestovat s\u00a0obytn\u00fdm vozem a karavanem na trajektu?\"}]},{\"@type\":\"WebSite\",\"@id\":\"https:\\\/\\\/all4camper.com\\\/cs\\\/#website\",\"url\":\"https:\\\/\\\/all4camper.com\\\/cs\\\/\",\"name\":\"All4Camper\",\"description\":\"Nejv\u011bt\u0161\u00ed online magaz\u00edn o kempov\u00e1n\u00ed a karavaninku. V\u00edce jak 900 \u010dl\u00e1nk\u016f pln\u00fdch rad a tip\u016f o kempech a kempov\u00e1n\u00ed.\",\"publisher\":{\"@id\":\"https:\\\/\\\/all4camper.com\\\/cs\\\/#organization\"},\"potentialAction\":[{\"@type\":\"SearchAction\",\"target\":{\"@type\":\"EntryPoint\",\"urlTemplate\":\"https:\\\/\\\/all4camper.com\\\/cs\\\/?s={search_term_string}\"},\"query-input\":{\"@type\":\"PropertyValueSpecification\",\"valueRequired\":true,\"valueName\":\"search_term_string\"}}],\"inLanguage\":\"cs\"},{\"@type\":\"Organization\",\"@id\":\"https:\\\/\\\/all4camper.com\\\/cs\\\/#organization\",\"name\":\"All4Camper - kempujeme s Kl\u00e1rou\",\"url\":\"https:\\\/\\\/all4camper.com\\\/cs\\\/\",\"logo\":{\"@type\":\"ImageObject\",\"inLanguage\":\"cs\",\"@id\":\"https:\\\/\\\/all4camper.com\\\/cs\\\/#\\\/schema\\\/logo\\\/image\\\/\",\"url\":\"https:\\\/\\\/all4camper.com\\\/wp-content\\\/uploads\\\/2018\\\/09\\\/novelogo.png\",\"contentUrl\":\"https:\\\/\\\/all4camper.com\\\/wp-content\\\/uploads\\\/2018\\\/09\\\/novelogo.png\",\"width\":1520,\"height\":600,\"caption\":\"All4Camper - kempujeme s Kl\u00e1rou\"},\"image\":{\"@id\":\"https:\\\/\\\/all4camper.com\\\/cs\\\/#\\\/schema\\\/logo\\\/image\\\/\"}},{\"@type\":\"Person\",\"@id\":\"https:\\\/\\\/all4camper.com\\\/cs\\\/#\\\/schema\\\/person\\\/c6f1efdf1d02bc7d8c53a891cbe18c62\",\"name\":\"Kl\u00e1ra H\u00e1jkov\u00e1\",\"sameAs\":[\"http:\\\/\\\/www.all4camper.com\"],\"url\":\"https:\\\/\\\/all4camper.com\\\/cs\\\/author\\\/klarinkacestuje1\\\/\"}]}<\/script>\n<!-- \/ Yoast SEO plugin. -->","yoast_head_json":{"title":"Jak cestovat s\u00a0obytn\u00fdm vozem a karavanem na trajektu? - All4Camper","description":"Pl\u00e1nujete dovolenou autem, karavanem \u010di obytn\u00fdm autem a hled\u00e1te informace jak na to? Pak tento \u010dl\u00e1nek je ur\u010den pr\u00e1v\u011b pro v\u00e1s.","robots":{"index":"index","follow":"follow","max-snippet":"max-snippet:-1","max-image-preview":"max-image-preview:large","max-video-preview":"max-video-preview:-1"},"canonical":"https:\/\/all4camper.com\/cs\/jak-cestovat-s-obytnym-vozem-a-karavanem-na-trajektu\/","og_locale":"cs_CZ","og_type":"article","og_title":"Jak cestovat s\u00a0obytn\u00fdm vozem a karavanem na trajektu? - All4Camper","og_description":"Pl\u00e1nujete dovolenou autem, karavanem \u010di obytn\u00fdm autem a hled\u00e1te informace jak na to? Pak tento \u010dl\u00e1nek je ur\u010den pr\u00e1v\u011b pro v\u00e1s.","og_url":"https:\/\/all4camper.com\/cs\/jak-cestovat-s-obytnym-vozem-a-karavanem-na-trajektu\/","og_site_name":"All4Camper","article_published_time":"2023-06-09T12:47:28+00:00","article_modified_time":"2023-06-09T12:51:26+00:00","og_image":[{"width":1280,"height":853,"url":"https:\/\/all4camper.com\/wp-content\/uploads\/2023\/06\/trajekty-nemecko.jpg","type":"image\/jpeg"}],"author":"Kl\u00e1ra H\u00e1jkov\u00e1","twitter_card":"summary_large_image","twitter_misc":{"Napsal(a)":"Kl\u00e1ra H\u00e1jkov\u00e1","Odhadovan\u00e1 doba \u010dten\u00ed":"9 minut"},"schema":{"@context":"https:\/\/schema.org","@graph":[{"@type":"Article","@id":"https:\/\/all4camper.com\/cs\/jak-cestovat-s-obytnym-vozem-a-karavanem-na-trajektu\/#article","isPartOf":{"@id":"https:\/\/all4camper.com\/cs\/jak-cestovat-s-obytnym-vozem-a-karavanem-na-trajektu\/"},"author":{"name":"Kl\u00e1ra H\u00e1jkov\u00e1","@id":"https:\/\/all4camper.com\/cs\/#\/schema\/person\/c6f1efdf1d02bc7d8c53a891cbe18c62"},"headline":"Jak cestovat s\u00a0obytn\u00fdm vozem a karavanem na trajektu?","datePublished":"2023-06-09T12:47:28+00:00","dateModified":"2023-06-09T12:51:26+00:00","mainEntityOfPage":{"@id":"https:\/\/all4camper.com\/cs\/jak-cestovat-s-obytnym-vozem-a-karavanem-na-trajektu\/"},"wordCount":1783,"publisher":{"@id":"https:\/\/all4camper.com\/cs\/#organization"},"image":{"@id":"https:\/\/all4camper.com\/cs\/jak-cestovat-s-obytnym-vozem-a-karavanem-na-trajektu\/#primaryimage"},"thumbnailUrl":"https:\/\/all4camper.com\/wp-content\/uploads\/2023\/06\/trajekty-nemecko.jpg","keywords":["Rady-tipy-informace","rss","trajekty"],"articleSection":["Novinky - Kempov\u00e1n\u00ed a karavaning","Rady, tipy, informace"],"inLanguage":"cs"},{"@type":"WebPage","@id":"https:\/\/all4camper.com\/cs\/jak-cestovat-s-obytnym-vozem-a-karavanem-na-trajektu\/","url":"https:\/\/all4camper.com\/cs\/jak-cestovat-s-obytnym-vozem-a-karavanem-na-trajektu\/","name":"Jak cestovat s\u00a0obytn\u00fdm vozem a karavanem na trajektu? - All4Camper","isPartOf":{"@id":"https:\/\/all4camper.com\/cs\/#website"},"primaryImageOfPage":{"@id":"https:\/\/all4camper.com\/cs\/jak-cestovat-s-obytnym-vozem-a-karavanem-na-trajektu\/#primaryimage"},"image":{"@id":"https:\/\/all4camper.com\/cs\/jak-cestovat-s-obytnym-vozem-a-karavanem-na-trajektu\/#primaryimage"},"thumbnailUrl":"https:\/\/all4camper.com\/wp-content\/uploads\/2023\/06\/trajekty-nemecko.jpg","datePublished":"2023-06-09T12:47:28+00:00","dateModified":"2023-06-09T12:51:26+00:00","description":"Pl\u00e1nujete dovolenou autem, karavanem \u010di obytn\u00fdm autem a hled\u00e1te informace jak na to? Pak tento \u010dl\u00e1nek je ur\u010den pr\u00e1v\u011b pro v\u00e1s.","breadcrumb":{"@id":"https:\/\/all4camper.com\/cs\/jak-cestovat-s-obytnym-vozem-a-karavanem-na-trajektu\/#breadcrumb"},"inLanguage":"cs","potentialAction":[{"@type":"ReadAction","target":["https:\/\/all4camper.com\/cs\/jak-cestovat-s-obytnym-vozem-a-karavanem-na-trajektu\/"]}]},{"@type":"ImageObject","inLanguage":"cs","@id":"https:\/\/all4camper.com\/cs\/jak-cestovat-s-obytnym-vozem-a-karavanem-na-trajektu\/#primaryimage","url":"https:\/\/all4camper.com\/wp-content\/uploads\/2023\/06\/trajekty-nemecko.jpg","contentUrl":"https:\/\/all4camper.com\/wp-content\/uploads\/2023\/06\/trajekty-nemecko.jpg","width":1280,"height":853},{"@type":"BreadcrumbList","@id":"https:\/\/all4camper.com\/cs\/jak-cestovat-s-obytnym-vozem-a-karavanem-na-trajektu\/#breadcrumb","itemListElement":[{"@type":"ListItem","position":1,"name":"Dom\u016f","item":"https:\/\/all4camper.com\/cs\/"},{"@type":"ListItem","position":2,"name":"Novinky - Kempov\u00e1n\u00ed a karavaning","item":"https:\/\/all4camper.com\/cs\/category\/novinky-kempovani-a-karavaning\/"},{"@type":"ListItem","position":3,"name":"Jak cestovat s\u00a0obytn\u00fdm vozem a karavanem na trajektu?"}]},{"@type":"WebSite","@id":"https:\/\/all4camper.com\/cs\/#website","url":"https:\/\/all4camper.com\/cs\/","name":"All4Camper","description":"Nejv\u011bt\u0161\u00ed online magaz\u00edn o kempov\u00e1n\u00ed a karavaninku. V\u00edce jak 900 \u010dl\u00e1nk\u016f pln\u00fdch rad a tip\u016f o kempech a kempov\u00e1n\u00ed.","publisher":{"@id":"https:\/\/all4camper.com\/cs\/#organization"},"potentialAction":[{"@type":"SearchAction","target":{"@type":"EntryPoint","urlTemplate":"https:\/\/all4camper.com\/cs\/?s={search_term_string}"},"query-input":{"@type":"PropertyValueSpecification","valueRequired":true,"valueName":"search_term_string"}}],"inLanguage":"cs"},{"@type":"Organization","@id":"https:\/\/all4camper.com\/cs\/#organization","name":"All4Camper - kempujeme s Kl\u00e1rou","url":"https:\/\/all4camper.com\/cs\/","logo":{"@type":"ImageObject","inLanguage":"cs","@id":"https:\/\/all4camper.com\/cs\/#\/schema\/logo\/image\/","url":"https:\/\/all4camper.com\/wp-content\/uploads\/2018\/09\/novelogo.png","contentUrl":"https:\/\/all4camper.com\/wp-content\/uploads\/2018\/09\/novelogo.png","width":1520,"height":600,"caption":"All4Camper - kempujeme s Kl\u00e1rou"},"image":{"@id":"https:\/\/all4camper.com\/cs\/#\/schema\/logo\/image\/"}},{"@type":"Person","@id":"https:\/\/all4camper.com\/cs\/#\/schema\/person\/c6f1efdf1d02bc7d8c53a891cbe18c62","name":"Kl\u00e1ra H\u00e1jkov\u00e1","sameAs":["http:\/\/www.all4camper.com"],"url":"https:\/\/all4camper.com\/cs\/author\/klarinkacestuje1\/"}]}},"_links":{"self":[{"href":"https:\/\/all4camper.com\/cs\/wp-json\/wp\/v2\/posts\/143686","targetHints":{"allow":["GET"]}}],"collection":[{"href":"https:\/\/all4camper.com\/cs\/wp-json\/wp\/v2\/posts"}],"about":[{"href":"https:\/\/all4camper.com\/cs\/wp-json\/wp\/v2\/types\/post"}],"author":[{"embeddable":true,"href":"https:\/\/all4camper.com\/cs\/wp-json\/wp\/v2\/users\/4"}],"replies":[{"embeddable":true,"href":"https:\/\/all4camper.com\/cs\/wp-json\/wp\/v2\/comments?post=143686"}],"version-history":[{"count":3,"href":"https:\/\/all4camper.com\/cs\/wp-json\/wp\/v2\/posts\/143686\/revisions"}],"predecessor-version":[{"id":143695,"href":"https:\/\/all4camper.com\/cs\/wp-json\/wp\/v2\/posts\/143686\/revisions\/143695"}],"wp:featuredmedia":[{"embeddable":true,"href":"https:\/\/all4camper.com\/cs\/wp-json\/wp\/v2\/media\/143691"}],"wp:attachment":[{"href":"https:\/\/all4camper.com\/cs\/wp-json\/wp\/v2\/media?parent=143686"}],"wp:term":[{"taxonomy":"category","embeddable":true,"href":"https:\/\/all4camper.com\/cs\/wp-json\/wp\/v2\/categories?post=143686"},{"taxonomy":"post_tag","embeddable":true,"href":"https:\/\/all4camper.com\/cs\/wp-json\/wp\/v2\/tags?post=143686"}],"curies":[{"name":"wp","href":"https:\/\/api.w.org\/{rel}","templated":true}]}}