{"id":143665,"date":"2023-06-08T18:23:51","date_gmt":"2023-06-08T16:23:51","guid":{"rendered":"https:\/\/all4camper.com\/\/?p=143665"},"modified":"2023-06-08T18:33:54","modified_gmt":"2023-06-08T16:33:54","slug":"top-zajimavosti-slunecne-provence-co-urcite-nevynechat-pri-vasi-navsteve-tohoto-slunecneho-regionu","status":"publish","type":"post","link":"https:\/\/all4camper.com\/cs\/top-zajimavosti-slunecne-provence-co-urcite-nevynechat-pri-vasi-navsteve-tohoto-slunecneho-regionu\/","title":{"rendered":"TOP zaj\u00edmavosti slune\u010dn\u00e9 Provence \u2013 co ur\u010dit\u011b nevynechat p\u0159i va\u0161\u00ed n\u00e1v\u0161t\u011bv\u011b tohoto slune\u010dn\u00e9ho regionu"},"content":{"rendered":"\n<p><strong>Na hranic\u00edch s\u00a0It\u00e1li\u00ed u b\u0159ehu St\u0159edozemn\u00edho mo\u0159e najdete ve Francii n\u00e1dhern\u00fd region Provence. Slun\u00ed\u010dko tu sv\u00edt\u00ed 300 dn\u00ed v\u00a0roce, ve vzduchu se vzn\u00e1\u0161\u00ed v\u016fn\u011b borovicov\u00fdch les\u016f a levandulov\u00fdch pol\u00ed a n\u00e1dhern\u00e1 atmosf\u00e9ra p\u0159\u00edmo vyb\u00edz\u00ed ke koup\u00e1n\u00ed i opalov\u00e1n\u00ed. M\u016f\u017eete to zkusit i naz\u00ed a pono\u0159it se tu do naprost\u00e9 harmonie s\u00a0p\u0159\u00edrodou.<\/strong><\/p>\n\n\n\n<p>Provence je n\u00e1dhern\u00fdm m\u00edstem pro romantickou dovolenou ve dvou i pro dovolenou s&nbsp;celou rodinou a d\u011btmi. Za n\u00e1v\u0161t\u011bvu ur\u010dit\u011b stoj\u00ed jezero Esparron a jeho okol\u00ed. Nenechte si uj\u00edt ani ka\u0148on Grand Canyon du Verdon. V&nbsp;Provence samoz\u0159ejm\u011b nechyb\u00ed ani zvln\u011bn\u00e9 vinice, kter\u00e9 p\u0159\u00edmo l\u00e1kaj\u00ed k&nbsp;proch\u00e1zce. Na Francouzsk\u00e9 rivi\u00e9\u0159e tu pak mezi p\u0159\u00edmo\u0159sk\u00fdmi letovisky Cannes a Saint-Tropez m\u016f\u017eete ochutnat typickou provens\u00e1lskou kuchyni. Zkuste t\u0159eba tapen\u00e1du, \u010desnekovou pastu aioli, sendvi\u010d pan pagnat nebo slan\u00fd kol\u00e1\u010d pissaladi\u00e8re.<\/p>\n\n\n\n<figure class=\"wp-block-image size-full\"><img loading=\"lazy\" decoding=\"async\" width=\"1280\" height=\"962\" src=\"https:\/\/all4camper.com\/\/wp-content\/uploads\/2023\/06\/vinice-provence.jpg\" alt=\"\" class=\"wp-image-143669\" srcset=\"https:\/\/all4camper.com\/wp-content\/uploads\/2023\/06\/vinice-provence.jpg 1280w, https:\/\/all4camper.com\/wp-content\/uploads\/2023\/06\/vinice-provence-450x338.jpg 450w, https:\/\/all4camper.com\/wp-content\/uploads\/2023\/06\/vinice-provence-150x113.jpg 150w, https:\/\/all4camper.com\/wp-content\/uploads\/2023\/06\/vinice-provence-768x577.jpg 768w, https:\/\/all4camper.com\/wp-content\/uploads\/2023\/06\/vinice-provence-696x523.jpg 696w\" sizes=\"auto, (max-width: 1280px) 100vw, 1280px\" \/><figcaption class=\"wp-element-caption\">Rozs\u00e1hl\u00e9 vinice, Foto: Pixabay<\/figcaption><\/figure>\n\n\n\n<p>Milovn\u00edci adrenalinu si mohou svou dovolenou zpest\u0159it raftingem v&nbsp;ka\u0148onu Grand Canyon du Verdon. Jedine\u010dn\u00fd z\u00e1\u017eitek pak tak\u00e9 zajist\u00ed let nad Provence v&nbsp;horkovzdu\u0161n\u00e9m bal\u00f3nu, kter\u00fd odl\u00e9t\u00e1 z&nbsp;m\u011bste\u010dka Forcalquier.<\/p>\n\n\n\n<h2 class=\"wp-block-heading\">TOP zaj\u00edmavosti v Provance<\/h2>\n\n\n\n<p><strong>Lavanda:<\/strong> Provence je zn\u00e1m\u00e1 svou rozs\u00e1hlou p\u011bstebn\u00ed oblast\u00ed levandule. B\u011bhem l\u00e9ta se pole levandule rozkv\u00e9taj\u00ed a vytv\u00e1\u0159ej\u00ed n\u00e1dhern\u00e9 fialov\u00e9 krajiny. Mnoho farem a destileri\u00ed v regionu umo\u017e\u0148uje n\u00e1v\u0161t\u011bvn\u00edk\u016fm prohl\u00eddky a ukazuje proces v\u00fdroby levandulov\u00e9ho oleje.<\/p>\n\n\n\n<figure class=\"wp-block-image size-full\"><img loading=\"lazy\" decoding=\"async\" width=\"1280\" height=\"805\" src=\"https:\/\/all4camper.com\/\/wp-content\/uploads\/2023\/06\/levandulova-pole-provence.jpg\" alt=\"\" class=\"wp-image-143667\" srcset=\"https:\/\/all4camper.com\/wp-content\/uploads\/2023\/06\/levandulova-pole-provence.jpg 1280w, https:\/\/all4camper.com\/wp-content\/uploads\/2023\/06\/levandulova-pole-provence-450x283.jpg 450w, https:\/\/all4camper.com\/wp-content\/uploads\/2023\/06\/levandulova-pole-provence-150x94.jpg 150w, https:\/\/all4camper.com\/wp-content\/uploads\/2023\/06\/levandulova-pole-provence-768x483.jpg 768w, https:\/\/all4camper.com\/wp-content\/uploads\/2023\/06\/levandulova-pole-provence-696x438.jpg 696w\" sizes=\"auto, (max-width: 1280px) 100vw, 1280px\" \/><figcaption class=\"wp-element-caption\">Foto: Pixabay <\/figcaption><\/figure>\n\n\n\n<p><strong>Gorges du Verdon:<\/strong> Tento ka\u0148on je pova\u017eov\u00e1n za jednu z nejkr\u00e1sn\u011bj\u0161\u00edch p\u0159\u00edrodn\u00edch pam\u00e1tek ve Francii. Nach\u00e1z\u00ed se v regionu Alpes-de-Haute-Provence a nab\u00edz\u00ed n\u00e1dhern\u00e9 v\u00fdhledy, turistick\u00e9 stezky a mo\u017enost vodn\u00edch sport\u016f.<\/p>\n\n\n\n<p><strong>C\u00f4te d&#8217;Azur: <\/strong>A\u010dkoli v\u011bt\u0161ina C\u00f4te d&#8217;Azur pat\u0159\u00ed do regionu Provence-Alpes-C\u00f4te d&#8217;Azur, stoj\u00ed za zm\u00ednku jako jedna z nejpopul\u00e1rn\u011bj\u0161\u00edch \u010d\u00e1st\u00ed Provence. Tento pob\u0159e\u017en\u00ed \u00fasek je zn\u00e1m\u00fd sv\u00fdmi luxusn\u00edmi letovisky, jako je Cannes, Nice nebo Saint-Tropez, a nab\u00edz\u00ed kr\u00e1sn\u00e9 pl\u00e1\u017ee a modr\u00e9 St\u0159edozemn\u00ed mo\u0159e.<\/p>\n\n\n\n<p><strong>Avignon:<\/strong> M\u011bsto Avignon bylo v 14. stolet\u00ed s\u00eddlem pape\u017ee a je zn\u00e1m\u00e9 sv\u00fdm impozantn\u00edm pape\u017esk\u00fdm pal\u00e1cem. Pal\u00e1c a opevn\u011bn\u00fd historick\u00fd centrum Avignonu byly zaps\u00e1ny na seznam sv\u011btov\u00e9ho d\u011bdictv\u00ed UNESCO. Ka\u017edoro\u010dn\u011b se zde tak\u00e9 kon\u00e1 festival um\u011bn\u00ed a divadla.<\/p>\n\n\n\n<p><strong>Aix-en-Provence:<\/strong> Toto historick\u00e9 m\u011bsto je zn\u00e1m\u00e9 sv\u00fdmi pam\u00e1tkami a bohatou um\u011bleckou sc\u00e9nou. Aix-en-Provence bylo rodi\u0161t\u011bm slavn\u00e9ho mal\u00ed\u0159e Paula C\u00e9zanna, kter\u00fd zde str\u00e1vil v\u011bt\u0161inu sv\u00e9ho \u017eivota. V m\u011bst\u011b se nach\u00e1z\u00ed muzeum C\u00e9zanna a n\u011bkolik dal\u0161\u00edch galeri\u00ed a um\u011bleck\u00fdch center.<\/p>\n\n\n\n<p><strong>Calanques:<\/strong> V regionu Provence se nach\u00e1z\u00ed \u00fachvatn\u00e1 skalnat\u00e1 pob\u0159e\u017e\u00ed naz\u00fdvan\u00e1 Calanques. Tato p\u0159\u00edrodn\u00ed \u00fazem\u00ed nab\u00edzej\u00ed \u00fa\u017easn\u00e9 mo\u0159sk\u00e9 z\u00e1livy, malebn\u00e9 pl\u00e1\u017ee a skv\u011bl\u00e9 mo\u017enosti pro p\u011b\u0161\u00ed turistiku a horolezectv\u00ed. Calanques jsou obl\u00edben\u00fdm m\u00edstem pro milovn\u00edky p\u0159\u00edrody a outdoorov\u00e9 aktivity.<\/p>\n\n\n\n<p><strong>Trh v Aix-en-Provence:<\/strong> Ka\u017ed\u00fd t\u00fdden se v centru Aix-en-Provence kon\u00e1 trh, kter\u00fd je pova\u017eov\u00e1n za jeden z nejlep\u0161\u00edch ve Francii. Zde si m\u016f\u017eete koupit \u010derstv\u00e9 ovoce a zeleninu, s\u00fdry, m\u00edstn\u00ed speciality a tak\u00e9 r\u016fzn\u00e9 \u0159emesln\u00e9 v\u00fdrobky.<\/p>\n\n\n\n<p><strong>Cassis: <\/strong>Toto p\u0159\u00edmo\u0159sk\u00e9 letovisko je zn\u00e1m\u00e9 sv\u00fdmi kr\u00e1sn\u00fdmi pl\u00e1\u017eemi a malebn\u00fdm p\u0159\u00edstavem. M\u016f\u017eete si pronajmout lo\u010f a vydat se na prohl\u00eddku \u00fachvatn\u00fdch Calanques, skalnat\u00fdch z\u00e1liv\u016f, kter\u00e9 se vinej\u00ed pod\u00e9l pob\u0159e\u017e\u00ed.<\/p>\n\n\n\n<p><strong>Luberon: <\/strong>Tento region nab\u00edz\u00ed malebn\u00e9 vesnice, jako je Gordes, Roussillon a M\u00e9nerbes, kter\u00e9 jsou postaven\u00e9 z okrov\u00e9ho kamene. Prozkoumejte zdej\u0161\u00ed trhy, ochutnejte m\u00edstn\u00ed speciality a obdivujte \u00fachvatn\u00e9 v\u00fdhledy na vinice a pol\u00ed\u010dka levandule.<\/p>\n\n\n\n<p>Jak je vidno, tento region je bohat\u00fd na kulturn\u00ed, p\u0159\u00edrodn\u00ed a historick\u00e9 poklady a nab\u00edz\u00ed n\u00e1v\u0161t\u011bvn\u00edk\u016fm mnoho mo\u017enost\u00ed prozkoumat a objevovat. D\u00edky tomu m\u00e1te z\u00e1ruku, \u017ee si dovolenou v Provence u\u017eijete naplno.<\/p>\n\n\n\n<figure class=\"wp-block-image size-full\"><img loading=\"lazy\" decoding=\"async\" width=\"1280\" height=\"960\" src=\"https:\/\/all4camper.com\/\/wp-content\/uploads\/2023\/06\/provence-francie.jpg\" alt=\"\" class=\"wp-image-143673\" srcset=\"https:\/\/all4camper.com\/wp-content\/uploads\/2023\/06\/provence-francie.jpg 1280w, https:\/\/all4camper.com\/wp-content\/uploads\/2023\/06\/provence-francie-450x338.jpg 450w, https:\/\/all4camper.com\/wp-content\/uploads\/2023\/06\/provence-francie-150x113.jpg 150w, https:\/\/all4camper.com\/wp-content\/uploads\/2023\/06\/provence-francie-768x576.jpg 768w, https:\/\/all4camper.com\/wp-content\/uploads\/2023\/06\/provence-francie-696x522.jpg 696w\" sizes=\"auto, (max-width: 1280px) 100vw, 1280px\" \/><\/figure>\n","protected":false},"excerpt":{"rendered":"<p>Pokud pl\u00e1nujete n\u00e1v\u0161t\u011bvu slune\u010dn\u00e9 Provence, existuje n\u011bkolik nezapomenuteln\u00fdch m\u00edst, kter\u00e1 byste si nem\u011bli nechat uj\u00edt. Zde je seznam n\u011bkolika TOP zaj\u00edmavost\u00ed, kter\u00e9 byste m\u011bli nav\u0161t\u00edvit.<\/p>\n","protected":false},"author":4,"featured_media":143673,"comment_status":"closed","ping_status":"open","sticky":false,"template":"","format":"standard","meta":{"_monsterinsights_skip_tracking":false,"_monsterinsights_sitenote_active":false,"_monsterinsights_sitenote_note":"","_monsterinsights_sitenote_category":0,"footnotes":""},"categories":[2381,422],"tags":[87,325,11763],"class_list":{"0":"post-143665","1":"post","2":"type-post","3":"status-publish","4":"format-standard","5":"has-post-thumbnail","7":"category-kempujeme-a-cestujeme-v-italii","8":"category-novinky-kempovani-a-karavaning","9":"tag-italie","10":"tag-poznavaci-dovolena","11":"tag-rss"},"yoast_head":"<!-- This site is optimized with the Yoast SEO plugin v27.5 - https:\/\/yoast.com\/product\/yoast-seo-wordpress\/ -->\n<title>TOP zaj\u00edmavosti slune\u010dn\u00e9 Provence \u2013 co ur\u010dit\u011b nevynechat p\u0159i va\u0161\u00ed n\u00e1v\u0161t\u011bv\u011b tohoto slune\u010dn\u00e9ho regionu - All4Camper<\/title>\n<meta name=\"description\" content=\"All4Camper - Novinky - Kempov\u00e1n\u00ed a karavaning - TOP zaj\u00edmavosti slune\u010dn\u00e9 Provence \u2013 co ur\u010dit\u011b nevynechat p\u0159i va\u0161\u00ed n\u00e1v\u0161t\u011bv\u011b tohoto slune\u010dn\u00e9ho regionu\" \/>\n<meta name=\"robots\" content=\"index, follow, max-snippet:-1, max-image-preview:large, max-video-preview:-1\" \/>\n<link rel=\"canonical\" href=\"https:\/\/all4camper.com\/cs\/top-zajimavosti-slunecne-provence-co-urcite-nevynechat-pri-vasi-navsteve-tohoto-slunecneho-regionu\/\" \/>\n<meta property=\"og:locale\" content=\"cs_CZ\" \/>\n<meta property=\"og:type\" content=\"article\" \/>\n<meta property=\"og:title\" content=\"TOP zaj\u00edmavosti slune\u010dn\u00e9 Provence \u2013 co ur\u010dit\u011b nevynechat p\u0159i va\u0161\u00ed n\u00e1v\u0161t\u011bv\u011b tohoto slune\u010dn\u00e9ho regionu - All4Camper\" \/>\n<meta property=\"og:description\" content=\"All4Camper - Novinky - Kempov\u00e1n\u00ed a karavaning - TOP zaj\u00edmavosti slune\u010dn\u00e9 Provence \u2013 co ur\u010dit\u011b nevynechat p\u0159i va\u0161\u00ed n\u00e1v\u0161t\u011bv\u011b tohoto slune\u010dn\u00e9ho regionu\" \/>\n<meta property=\"og:url\" content=\"https:\/\/all4camper.com\/cs\/top-zajimavosti-slunecne-provence-co-urcite-nevynechat-pri-vasi-navsteve-tohoto-slunecneho-regionu\/\" \/>\n<meta property=\"og:site_name\" content=\"All4Camper\" \/>\n<meta property=\"article:published_time\" content=\"2023-06-08T16:23:51+00:00\" \/>\n<meta property=\"article:modified_time\" content=\"2023-06-08T16:33:54+00:00\" \/>\n<meta property=\"og:image\" content=\"https:\/\/all4camper.com\/wp-content\/uploads\/2023\/06\/provence-francie.jpg\" \/>\n\t<meta property=\"og:image:width\" content=\"1280\" \/>\n\t<meta property=\"og:image:height\" content=\"960\" \/>\n\t<meta property=\"og:image:type\" content=\"image\/jpeg\" \/>\n<meta name=\"author\" content=\"Kl\u00e1ra H\u00e1jkov\u00e1\" \/>\n<meta name=\"twitter:card\" content=\"summary_large_image\" \/>\n<meta name=\"twitter:label1\" content=\"Napsal(a)\" \/>\n\t<meta name=\"twitter:data1\" content=\"Kl\u00e1ra H\u00e1jkov\u00e1\" \/>\n\t<meta name=\"twitter:label2\" content=\"Odhadovan\u00e1 doba \u010dten\u00ed\" \/>\n\t<meta name=\"twitter:data2\" content=\"4 minuty\" \/>\n<script type=\"application\/ld+json\" class=\"yoast-schema-graph\">{\"@context\":\"https:\\\/\\\/schema.org\",\"@graph\":[{\"@type\":\"Article\",\"@id\":\"https:\\\/\\\/all4camper.com\\\/cs\\\/top-zajimavosti-slunecne-provence-co-urcite-nevynechat-pri-vasi-navsteve-tohoto-slunecneho-regionu\\\/#article\",\"isPartOf\":{\"@id\":\"https:\\\/\\\/all4camper.com\\\/cs\\\/top-zajimavosti-slunecne-provence-co-urcite-nevynechat-pri-vasi-navsteve-tohoto-slunecneho-regionu\\\/\"},\"author\":{\"name\":\"Kl\u00e1ra H\u00e1jkov\u00e1\",\"@id\":\"https:\\\/\\\/all4camper.com\\\/cs\\\/#\\\/schema\\\/person\\\/c6f1efdf1d02bc7d8c53a891cbe18c62\"},\"headline\":\"TOP zaj\u00edmavosti slune\u010dn\u00e9 Provence \u2013 co ur\u010dit\u011b nevynechat p\u0159i va\u0161\u00ed n\u00e1v\u0161t\u011bv\u011b tohoto slune\u010dn\u00e9ho regionu\",\"datePublished\":\"2023-06-08T16:23:51+00:00\",\"dateModified\":\"2023-06-08T16:33:54+00:00\",\"mainEntityOfPage\":{\"@id\":\"https:\\\/\\\/all4camper.com\\\/cs\\\/top-zajimavosti-slunecne-provence-co-urcite-nevynechat-pri-vasi-navsteve-tohoto-slunecneho-regionu\\\/\"},\"wordCount\":760,\"publisher\":{\"@id\":\"https:\\\/\\\/all4camper.com\\\/cs\\\/#organization\"},\"image\":{\"@id\":\"https:\\\/\\\/all4camper.com\\\/cs\\\/top-zajimavosti-slunecne-provence-co-urcite-nevynechat-pri-vasi-navsteve-tohoto-slunecneho-regionu\\\/#primaryimage\"},\"thumbnailUrl\":\"https:\\\/\\\/all4camper.com\\\/wp-content\\\/uploads\\\/2023\\\/06\\\/provence-francie.jpg\",\"keywords\":[\"It\u00e1lie\",\"Pozn\u00e1vac\u00ed dovolen\u00e1\",\"rss\"],\"articleSection\":[\"Kempujeme a cestujeme v It\u00e1lii\",\"Novinky - Kempov\u00e1n\u00ed a karavaning\"],\"inLanguage\":\"cs\"},{\"@type\":\"WebPage\",\"@id\":\"https:\\\/\\\/all4camper.com\\\/cs\\\/top-zajimavosti-slunecne-provence-co-urcite-nevynechat-pri-vasi-navsteve-tohoto-slunecneho-regionu\\\/\",\"url\":\"https:\\\/\\\/all4camper.com\\\/cs\\\/top-zajimavosti-slunecne-provence-co-urcite-nevynechat-pri-vasi-navsteve-tohoto-slunecneho-regionu\\\/\",\"name\":\"TOP zaj\u00edmavosti slune\u010dn\u00e9 Provence \u2013 co ur\u010dit\u011b nevynechat p\u0159i va\u0161\u00ed n\u00e1v\u0161t\u011bv\u011b tohoto slune\u010dn\u00e9ho regionu - All4Camper\",\"isPartOf\":{\"@id\":\"https:\\\/\\\/all4camper.com\\\/cs\\\/#website\"},\"primaryImageOfPage\":{\"@id\":\"https:\\\/\\\/all4camper.com\\\/cs\\\/top-zajimavosti-slunecne-provence-co-urcite-nevynechat-pri-vasi-navsteve-tohoto-slunecneho-regionu\\\/#primaryimage\"},\"image\":{\"@id\":\"https:\\\/\\\/all4camper.com\\\/cs\\\/top-zajimavosti-slunecne-provence-co-urcite-nevynechat-pri-vasi-navsteve-tohoto-slunecneho-regionu\\\/#primaryimage\"},\"thumbnailUrl\":\"https:\\\/\\\/all4camper.com\\\/wp-content\\\/uploads\\\/2023\\\/06\\\/provence-francie.jpg\",\"datePublished\":\"2023-06-08T16:23:51+00:00\",\"dateModified\":\"2023-06-08T16:33:54+00:00\",\"description\":\"All4Camper - Novinky - Kempov\u00e1n\u00ed a karavaning - TOP zaj\u00edmavosti slune\u010dn\u00e9 Provence \u2013 co ur\u010dit\u011b nevynechat p\u0159i va\u0161\u00ed n\u00e1v\u0161t\u011bv\u011b tohoto slune\u010dn\u00e9ho regionu\",\"breadcrumb\":{\"@id\":\"https:\\\/\\\/all4camper.com\\\/cs\\\/top-zajimavosti-slunecne-provence-co-urcite-nevynechat-pri-vasi-navsteve-tohoto-slunecneho-regionu\\\/#breadcrumb\"},\"inLanguage\":\"cs\",\"potentialAction\":[{\"@type\":\"ReadAction\",\"target\":[\"https:\\\/\\\/all4camper.com\\\/cs\\\/top-zajimavosti-slunecne-provence-co-urcite-nevynechat-pri-vasi-navsteve-tohoto-slunecneho-regionu\\\/\"]}]},{\"@type\":\"ImageObject\",\"inLanguage\":\"cs\",\"@id\":\"https:\\\/\\\/all4camper.com\\\/cs\\\/top-zajimavosti-slunecne-provence-co-urcite-nevynechat-pri-vasi-navsteve-tohoto-slunecneho-regionu\\\/#primaryimage\",\"url\":\"https:\\\/\\\/all4camper.com\\\/wp-content\\\/uploads\\\/2023\\\/06\\\/provence-francie.jpg\",\"contentUrl\":\"https:\\\/\\\/all4camper.com\\\/wp-content\\\/uploads\\\/2023\\\/06\\\/provence-francie.jpg\",\"width\":1280,\"height\":960},{\"@type\":\"BreadcrumbList\",\"@id\":\"https:\\\/\\\/all4camper.com\\\/cs\\\/top-zajimavosti-slunecne-provence-co-urcite-nevynechat-pri-vasi-navsteve-tohoto-slunecneho-regionu\\\/#breadcrumb\",\"itemListElement\":[{\"@type\":\"ListItem\",\"position\":1,\"name\":\"Dom\u016f\",\"item\":\"https:\\\/\\\/all4camper.com\\\/cs\\\/\"},{\"@type\":\"ListItem\",\"position\":2,\"name\":\"Novinky - Kempov\u00e1n\u00ed a karavaning\",\"item\":\"https:\\\/\\\/all4camper.com\\\/cs\\\/category\\\/novinky-kempovani-a-karavaning\\\/\"},{\"@type\":\"ListItem\",\"position\":3,\"name\":\"TOP zaj\u00edmavosti slune\u010dn\u00e9 Provence \u2013 co ur\u010dit\u011b nevynechat p\u0159i va\u0161\u00ed n\u00e1v\u0161t\u011bv\u011b tohoto slune\u010dn\u00e9ho regionu\"}]},{\"@type\":\"WebSite\",\"@id\":\"https:\\\/\\\/all4camper.com\\\/cs\\\/#website\",\"url\":\"https:\\\/\\\/all4camper.com\\\/cs\\\/\",\"name\":\"All4Camper\",\"description\":\"Nejv\u011bt\u0161\u00ed online magaz\u00edn o kempov\u00e1n\u00ed a karavaninku. V\u00edce jak 900 \u010dl\u00e1nk\u016f pln\u00fdch rad a tip\u016f o kempech a kempov\u00e1n\u00ed.\",\"publisher\":{\"@id\":\"https:\\\/\\\/all4camper.com\\\/cs\\\/#organization\"},\"potentialAction\":[{\"@type\":\"SearchAction\",\"target\":{\"@type\":\"EntryPoint\",\"urlTemplate\":\"https:\\\/\\\/all4camper.com\\\/cs\\\/?s={search_term_string}\"},\"query-input\":{\"@type\":\"PropertyValueSpecification\",\"valueRequired\":true,\"valueName\":\"search_term_string\"}}],\"inLanguage\":\"cs\"},{\"@type\":\"Organization\",\"@id\":\"https:\\\/\\\/all4camper.com\\\/cs\\\/#organization\",\"name\":\"All4Camper - kempujeme s Kl\u00e1rou\",\"url\":\"https:\\\/\\\/all4camper.com\\\/cs\\\/\",\"logo\":{\"@type\":\"ImageObject\",\"inLanguage\":\"cs\",\"@id\":\"https:\\\/\\\/all4camper.com\\\/cs\\\/#\\\/schema\\\/logo\\\/image\\\/\",\"url\":\"https:\\\/\\\/all4camper.com\\\/wp-content\\\/uploads\\\/2018\\\/09\\\/novelogo.png\",\"contentUrl\":\"https:\\\/\\\/all4camper.com\\\/wp-content\\\/uploads\\\/2018\\\/09\\\/novelogo.png\",\"width\":1520,\"height\":600,\"caption\":\"All4Camper - kempujeme s Kl\u00e1rou\"},\"image\":{\"@id\":\"https:\\\/\\\/all4camper.com\\\/cs\\\/#\\\/schema\\\/logo\\\/image\\\/\"}},{\"@type\":\"Person\",\"@id\":\"https:\\\/\\\/all4camper.com\\\/cs\\\/#\\\/schema\\\/person\\\/c6f1efdf1d02bc7d8c53a891cbe18c62\",\"name\":\"Kl\u00e1ra H\u00e1jkov\u00e1\",\"sameAs\":[\"http:\\\/\\\/www.all4camper.com\"],\"url\":\"https:\\\/\\\/all4camper.com\\\/cs\\\/author\\\/klarinkacestuje1\\\/\"}]}<\/script>\n<!-- \/ Yoast SEO plugin. -->","yoast_head_json":{"title":"TOP zaj\u00edmavosti slune\u010dn\u00e9 Provence \u2013 co ur\u010dit\u011b nevynechat p\u0159i va\u0161\u00ed n\u00e1v\u0161t\u011bv\u011b tohoto slune\u010dn\u00e9ho regionu - All4Camper","description":"All4Camper - Novinky - Kempov\u00e1n\u00ed a karavaning - TOP zaj\u00edmavosti slune\u010dn\u00e9 Provence \u2013 co ur\u010dit\u011b nevynechat p\u0159i va\u0161\u00ed n\u00e1v\u0161t\u011bv\u011b tohoto slune\u010dn\u00e9ho regionu","robots":{"index":"index","follow":"follow","max-snippet":"max-snippet:-1","max-image-preview":"max-image-preview:large","max-video-preview":"max-video-preview:-1"},"canonical":"https:\/\/all4camper.com\/cs\/top-zajimavosti-slunecne-provence-co-urcite-nevynechat-pri-vasi-navsteve-tohoto-slunecneho-regionu\/","og_locale":"cs_CZ","og_type":"article","og_title":"TOP zaj\u00edmavosti slune\u010dn\u00e9 Provence \u2013 co ur\u010dit\u011b nevynechat p\u0159i va\u0161\u00ed n\u00e1v\u0161t\u011bv\u011b tohoto slune\u010dn\u00e9ho regionu - All4Camper","og_description":"All4Camper - Novinky - Kempov\u00e1n\u00ed a karavaning - TOP zaj\u00edmavosti slune\u010dn\u00e9 Provence \u2013 co ur\u010dit\u011b nevynechat p\u0159i va\u0161\u00ed n\u00e1v\u0161t\u011bv\u011b tohoto slune\u010dn\u00e9ho regionu","og_url":"https:\/\/all4camper.com\/cs\/top-zajimavosti-slunecne-provence-co-urcite-nevynechat-pri-vasi-navsteve-tohoto-slunecneho-regionu\/","og_site_name":"All4Camper","article_published_time":"2023-06-08T16:23:51+00:00","article_modified_time":"2023-06-08T16:33:54+00:00","og_image":[{"width":1280,"height":960,"url":"https:\/\/all4camper.com\/wp-content\/uploads\/2023\/06\/provence-francie.jpg","type":"image\/jpeg"}],"author":"Kl\u00e1ra H\u00e1jkov\u00e1","twitter_card":"summary_large_image","twitter_misc":{"Napsal(a)":"Kl\u00e1ra H\u00e1jkov\u00e1","Odhadovan\u00e1 doba \u010dten\u00ed":"4 minuty"},"schema":{"@context":"https:\/\/schema.org","@graph":[{"@type":"Article","@id":"https:\/\/all4camper.com\/cs\/top-zajimavosti-slunecne-provence-co-urcite-nevynechat-pri-vasi-navsteve-tohoto-slunecneho-regionu\/#article","isPartOf":{"@id":"https:\/\/all4camper.com\/cs\/top-zajimavosti-slunecne-provence-co-urcite-nevynechat-pri-vasi-navsteve-tohoto-slunecneho-regionu\/"},"author":{"name":"Kl\u00e1ra H\u00e1jkov\u00e1","@id":"https:\/\/all4camper.com\/cs\/#\/schema\/person\/c6f1efdf1d02bc7d8c53a891cbe18c62"},"headline":"TOP zaj\u00edmavosti slune\u010dn\u00e9 Provence \u2013 co ur\u010dit\u011b nevynechat p\u0159i va\u0161\u00ed n\u00e1v\u0161t\u011bv\u011b tohoto slune\u010dn\u00e9ho regionu","datePublished":"2023-06-08T16:23:51+00:00","dateModified":"2023-06-08T16:33:54+00:00","mainEntityOfPage":{"@id":"https:\/\/all4camper.com\/cs\/top-zajimavosti-slunecne-provence-co-urcite-nevynechat-pri-vasi-navsteve-tohoto-slunecneho-regionu\/"},"wordCount":760,"publisher":{"@id":"https:\/\/all4camper.com\/cs\/#organization"},"image":{"@id":"https:\/\/all4camper.com\/cs\/top-zajimavosti-slunecne-provence-co-urcite-nevynechat-pri-vasi-navsteve-tohoto-slunecneho-regionu\/#primaryimage"},"thumbnailUrl":"https:\/\/all4camper.com\/wp-content\/uploads\/2023\/06\/provence-francie.jpg","keywords":["It\u00e1lie","Pozn\u00e1vac\u00ed dovolen\u00e1","rss"],"articleSection":["Kempujeme a cestujeme v It\u00e1lii","Novinky - Kempov\u00e1n\u00ed a karavaning"],"inLanguage":"cs"},{"@type":"WebPage","@id":"https:\/\/all4camper.com\/cs\/top-zajimavosti-slunecne-provence-co-urcite-nevynechat-pri-vasi-navsteve-tohoto-slunecneho-regionu\/","url":"https:\/\/all4camper.com\/cs\/top-zajimavosti-slunecne-provence-co-urcite-nevynechat-pri-vasi-navsteve-tohoto-slunecneho-regionu\/","name":"TOP zaj\u00edmavosti slune\u010dn\u00e9 Provence \u2013 co ur\u010dit\u011b nevynechat p\u0159i va\u0161\u00ed n\u00e1v\u0161t\u011bv\u011b tohoto slune\u010dn\u00e9ho regionu - All4Camper","isPartOf":{"@id":"https:\/\/all4camper.com\/cs\/#website"},"primaryImageOfPage":{"@id":"https:\/\/all4camper.com\/cs\/top-zajimavosti-slunecne-provence-co-urcite-nevynechat-pri-vasi-navsteve-tohoto-slunecneho-regionu\/#primaryimage"},"image":{"@id":"https:\/\/all4camper.com\/cs\/top-zajimavosti-slunecne-provence-co-urcite-nevynechat-pri-vasi-navsteve-tohoto-slunecneho-regionu\/#primaryimage"},"thumbnailUrl":"https:\/\/all4camper.com\/wp-content\/uploads\/2023\/06\/provence-francie.jpg","datePublished":"2023-06-08T16:23:51+00:00","dateModified":"2023-06-08T16:33:54+00:00","description":"All4Camper - Novinky - Kempov\u00e1n\u00ed a karavaning - TOP zaj\u00edmavosti slune\u010dn\u00e9 Provence \u2013 co ur\u010dit\u011b nevynechat p\u0159i va\u0161\u00ed n\u00e1v\u0161t\u011bv\u011b tohoto slune\u010dn\u00e9ho regionu","breadcrumb":{"@id":"https:\/\/all4camper.com\/cs\/top-zajimavosti-slunecne-provence-co-urcite-nevynechat-pri-vasi-navsteve-tohoto-slunecneho-regionu\/#breadcrumb"},"inLanguage":"cs","potentialAction":[{"@type":"ReadAction","target":["https:\/\/all4camper.com\/cs\/top-zajimavosti-slunecne-provence-co-urcite-nevynechat-pri-vasi-navsteve-tohoto-slunecneho-regionu\/"]}]},{"@type":"ImageObject","inLanguage":"cs","@id":"https:\/\/all4camper.com\/cs\/top-zajimavosti-slunecne-provence-co-urcite-nevynechat-pri-vasi-navsteve-tohoto-slunecneho-regionu\/#primaryimage","url":"https:\/\/all4camper.com\/wp-content\/uploads\/2023\/06\/provence-francie.jpg","contentUrl":"https:\/\/all4camper.com\/wp-content\/uploads\/2023\/06\/provence-francie.jpg","width":1280,"height":960},{"@type":"BreadcrumbList","@id":"https:\/\/all4camper.com\/cs\/top-zajimavosti-slunecne-provence-co-urcite-nevynechat-pri-vasi-navsteve-tohoto-slunecneho-regionu\/#breadcrumb","itemListElement":[{"@type":"ListItem","position":1,"name":"Dom\u016f","item":"https:\/\/all4camper.com\/cs\/"},{"@type":"ListItem","position":2,"name":"Novinky - Kempov\u00e1n\u00ed a karavaning","item":"https:\/\/all4camper.com\/cs\/category\/novinky-kempovani-a-karavaning\/"},{"@type":"ListItem","position":3,"name":"TOP zaj\u00edmavosti slune\u010dn\u00e9 Provence \u2013 co ur\u010dit\u011b nevynechat p\u0159i va\u0161\u00ed n\u00e1v\u0161t\u011bv\u011b tohoto slune\u010dn\u00e9ho regionu"}]},{"@type":"WebSite","@id":"https:\/\/all4camper.com\/cs\/#website","url":"https:\/\/all4camper.com\/cs\/","name":"All4Camper","description":"Nejv\u011bt\u0161\u00ed online magaz\u00edn o kempov\u00e1n\u00ed a karavaninku. V\u00edce jak 900 \u010dl\u00e1nk\u016f pln\u00fdch rad a tip\u016f o kempech a kempov\u00e1n\u00ed.","publisher":{"@id":"https:\/\/all4camper.com\/cs\/#organization"},"potentialAction":[{"@type":"SearchAction","target":{"@type":"EntryPoint","urlTemplate":"https:\/\/all4camper.com\/cs\/?s={search_term_string}"},"query-input":{"@type":"PropertyValueSpecification","valueRequired":true,"valueName":"search_term_string"}}],"inLanguage":"cs"},{"@type":"Organization","@id":"https:\/\/all4camper.com\/cs\/#organization","name":"All4Camper - kempujeme s Kl\u00e1rou","url":"https:\/\/all4camper.com\/cs\/","logo":{"@type":"ImageObject","inLanguage":"cs","@id":"https:\/\/all4camper.com\/cs\/#\/schema\/logo\/image\/","url":"https:\/\/all4camper.com\/wp-content\/uploads\/2018\/09\/novelogo.png","contentUrl":"https:\/\/all4camper.com\/wp-content\/uploads\/2018\/09\/novelogo.png","width":1520,"height":600,"caption":"All4Camper - kempujeme s Kl\u00e1rou"},"image":{"@id":"https:\/\/all4camper.com\/cs\/#\/schema\/logo\/image\/"}},{"@type":"Person","@id":"https:\/\/all4camper.com\/cs\/#\/schema\/person\/c6f1efdf1d02bc7d8c53a891cbe18c62","name":"Kl\u00e1ra H\u00e1jkov\u00e1","sameAs":["http:\/\/www.all4camper.com"],"url":"https:\/\/all4camper.com\/cs\/author\/klarinkacestuje1\/"}]}},"_links":{"self":[{"href":"https:\/\/all4camper.com\/cs\/wp-json\/wp\/v2\/posts\/143665","targetHints":{"allow":["GET"]}}],"collection":[{"href":"https:\/\/all4camper.com\/cs\/wp-json\/wp\/v2\/posts"}],"about":[{"href":"https:\/\/all4camper.com\/cs\/wp-json\/wp\/v2\/types\/post"}],"author":[{"embeddable":true,"href":"https:\/\/all4camper.com\/cs\/wp-json\/wp\/v2\/users\/4"}],"replies":[{"embeddable":true,"href":"https:\/\/all4camper.com\/cs\/wp-json\/wp\/v2\/comments?post=143665"}],"version-history":[{"count":11,"href":"https:\/\/all4camper.com\/cs\/wp-json\/wp\/v2\/posts\/143665\/revisions"}],"predecessor-version":[{"id":143684,"href":"https:\/\/all4camper.com\/cs\/wp-json\/wp\/v2\/posts\/143665\/revisions\/143684"}],"wp:featuredmedia":[{"embeddable":true,"href":"https:\/\/all4camper.com\/cs\/wp-json\/wp\/v2\/media\/143673"}],"wp:attachment":[{"href":"https:\/\/all4camper.com\/cs\/wp-json\/wp\/v2\/media?parent=143665"}],"wp:term":[{"taxonomy":"category","embeddable":true,"href":"https:\/\/all4camper.com\/cs\/wp-json\/wp\/v2\/categories?post=143665"},{"taxonomy":"post_tag","embeddable":true,"href":"https:\/\/all4camper.com\/cs\/wp-json\/wp\/v2\/tags?post=143665"}],"curies":[{"name":"wp","href":"https:\/\/api.w.org\/{rel}","templated":true}]}}