{"id":142934,"date":"2023-01-11T10:16:43","date_gmt":"2023-01-11T09:16:43","guid":{"rendered":"https:\/\/all4camper.com\/\/?p=142934"},"modified":"2023-01-11T10:16:44","modified_gmt":"2023-01-11T09:16:44","slug":"camping-awards-2023-nejoblibenejsi-kempy-v-evrope-byl-vyhlasen","status":"publish","type":"post","link":"https:\/\/all4camper.com\/cs\/camping-awards-2023-nejoblibenejsi-kempy-v-evrope-byl-vyhlasen\/","title":{"rendered":"Camping Awards 2023 &#8211; nejobl\u00edben\u011bj\u0161\u00ed kempy v Evrop\u011b byl vyhl\u00e1\u0161en"},"content":{"rendered":"\n<p><strong>Internetov\u00fd port\u00e1l camping.info, kter\u00fd se specializuje na kempingov\u00e9 dovolen\u00e9 a&nbsp;je jedn\u00edm z p\u0159edn\u00edch kempingov\u00fdch port\u00e1l\u016f v Evrop\u011b s p\u0159ibli\u017en\u011b 90 miliony zobrazen\u00ed str\u00e1nek ro\u010dn\u011b, vyhl\u00e1sil v\u00fdsledky ka\u017edoro\u010dn\u00edho ocen\u011bn\u00ed Camping Awards 2023<strong>.<\/strong> Jak\u00e9 kempy jsou pro leto\u0161n\u00ed rok ty nej?<\/strong><\/p>\n\n\n\n<figure class=\"wp-block-image size-full is-resized\"><img loading=\"lazy\" decoding=\"async\" src=\"https:\/\/all4camper.com\/\/wp-content\/uploads\/2023\/01\/camping-awards-2023.jpg\" alt=\"\" class=\"wp-image-142941\" width=\"734\" height=\"296\" srcset=\"https:\/\/all4camper.com\/wp-content\/uploads\/2023\/01\/camping-awards-2023.jpg 1140w, https:\/\/all4camper.com\/wp-content\/uploads\/2023\/01\/camping-awards-2023-450x182.jpg 450w, https:\/\/all4camper.com\/wp-content\/uploads\/2023\/01\/camping-awards-2023-150x61.jpg 150w, https:\/\/all4camper.com\/wp-content\/uploads\/2023\/01\/camping-awards-2023-768x310.jpg 768w, https:\/\/all4camper.com\/wp-content\/uploads\/2023\/01\/camping-awards-2023-696x281.jpg 696w\" sizes=\"auto, (max-width: 734px) 100vw, 734px\" \/><figcaption class=\"wp-element-caption\">Foto: Camping.info<\/figcaption><\/figure>\n\n\n\n<p>Na v\u00fdb\u011br bylo v\u00edce ne\u017e 23 000 kemp\u016f ze 44 evropsk\u00fdch zem\u00ed.&nbsp;Pot\u0159et\u00ed za sebou prvn\u00ed m\u00edsto z\u00edsk\u00e1v\u00e1 Campingpark K\u00fchlungsborn (Meklenbursko-P\u0159edn\u00ed Pomo\u0159ansko), n\u00e1sleduje Camping Grubhof (Salzburg) a Camping Rosenfelder Strand Ostsee (\u0160lesvicko-Hol\u0161t\u00fdnsko).<\/p>\n\n\n\n<p>Ze 110 ocen\u011bn\u00fdch kemp\u016f je 69 v N\u011bmecku, 20 v Rakousku, sedm v It\u00e1lii, t\u0159i ve \u0160v\u00fdcarsku a jeden v Nizozemsku.&nbsp;Camping.info Award je jedn\u00edm z nej\u017e\u00e1dan\u011bj\u0161\u00edch ocen\u011bn\u00ed v kempingov\u00e9m pr\u016fmyslu.&nbsp;D\u00edky osv\u011bd\u010den\u00e9mu vzorci ocen\u011bn\u00ed, kter\u00fd zohled\u0148uje v\u0161eobecnou spokojenost host\u016f a po\u010det a aktu\u00e1lnost recenz\u00ed, se um\u00eds\u0165uj\u00ed v \u017eeb\u0159\u00ed\u010dku nejen velk\u00e9, ale i men\u0161\u00ed kempy, d\u00edky \u010demu\u017e mohou kempa\u0159i a karavanist\u00e9 objevovat i tyto mal\u00e9 kempy.<\/p>\n\n\n\n<p>Camping.info Award 2023 vych\u00e1z\u00ed z 230 000 hodnocen\u00ed od v\u00edce ne\u017e 150 000 host\u016f kempu.&nbsp;Dovolen\u00e1 s mobiln\u00edm domem, karavanem nebo stanem si st\u00e1le z\u00edsk\u00e1v\u00e1 na oblib\u011b.&nbsp;Odv\u011btv\u00ed kempov\u00e1n\u00ed dokonce v roce 2022 dos\u00e1hlo nov\u00fdch rekord\u016f v p\u0159enocov\u00e1n\u00ed.&nbsp;\u201eVzhledem k rostouc\u00ed atraktivit\u011b kemp\u016f doporu\u010dujeme rekreant\u016fm rezervovat si po\u017eadovan\u00fd kemp co nejd\u0159\u00edve.&nbsp;Obl\u00edben\u00e1 m\u00edsta jsou rychle obsazena \u2013 zvl\u00e1\u0161t\u011b v obdob\u00ed dovolen\u00fdch,\u201c \u0159\u00edk\u00e1 Maximilian M\u00f6hrle, CEO ve spole\u010dnosti Camping.info.&nbsp;Dostupn\u00e9 kempy v cel\u00e9 Evrop\u011b lze naj\u00edt pouh\u00fdmi n\u011bkolika kliknut\u00edmi prost\u0159ednictv\u00edm webu \u010di aplikace.<\/p>\n\n\n\n<h2 class=\"wp-block-heading\"><strong>A jak\u00e9 jsou ty nej kempy v Evrop\u011b?<\/strong><\/h2>\n\n\n\n<p>Prvn\u00ed t\u0159i nejlep\u0161\u00ed kempy jsou podle port\u00e1lu v Meklenbursku-P\u0159edn\u00edm Pomo\u0159ansku, Salcburku a \u0160lesvicku-Hol\u0161t\u00fdnsku.&nbsp;Pot\u0159et\u00ed za sebou prvn\u00ed m\u00edsto&nbsp;<strong>z\u00edsk\u00e1v\u00e1 Campingpark K\u00fchlungsborn<\/strong>&nbsp;(Meklenbursko-P\u0159edn\u00ed Pomo\u0159ansko), n\u00e1sleduje&nbsp;<a href=\"https:\/\/all4camper.com\/\/cs\/grubhof-krasny-kemp-nedaleko-salzburgu\/\" target=\"_blank\" rel=\"noreferrer noopener\"><strong>Camping Grubhof<\/strong><\/a>&nbsp;(Salzburg) a&nbsp;<strong>Camping Rosenfelder Strand Ostsee<\/strong>&nbsp;(\u0160lesvicko-Hol\u0161t\u00fdnsko).&nbsp;Mezi nejobl\u00edben\u011bj\u0161\u00ed nov\u00e9 kempy se dostaly kempy Camping Gloria Vallis (Ji\u017en\u00ed Tyrolsko-Trentino) a Campingpark Erfurt (Durynsko).<\/p>\n\n\n\n<figure class=\"wp-block-image size-full is-resized\"><img loading=\"lazy\" decoding=\"async\" src=\"https:\/\/all4camper.com\/\/wp-content\/uploads\/2023\/01\/Camping-Glurns-1024x683-1.jpeg\" alt=\"\" class=\"wp-image-142935\" width=\"734\" height=\"489\" srcset=\"https:\/\/all4camper.com\/wp-content\/uploads\/2023\/01\/Camping-Glurns-1024x683-1.jpeg 1024w, https:\/\/all4camper.com\/wp-content\/uploads\/2023\/01\/Camping-Glurns-1024x683-1-450x300.jpeg 450w, https:\/\/all4camper.com\/wp-content\/uploads\/2023\/01\/Camping-Glurns-1024x683-1-150x100.jpeg 150w, https:\/\/all4camper.com\/wp-content\/uploads\/2023\/01\/Camping-Glurns-1024x683-1-768x512.jpeg 768w, https:\/\/all4camper.com\/wp-content\/uploads\/2023\/01\/Camping-Glurns-1024x683-1-696x464.jpeg 696w\" sizes=\"auto, (max-width: 734px) 100vw, 734px\" \/><figcaption class=\"wp-element-caption\"><em>Kemp Gloria Vallis v Glurns &#8211; Foto: Camping.info GmbH<\/em><\/figcaption><\/figure>\n\n\n\n<h3 class=\"wp-block-heading\"><strong>Cena 2023: Top 10 v Evrop\u011b<\/strong><\/h3>\n\n\n\n<ol class=\"wp-block-list\">\n<li>Campingpark Kuehlungsborn (N\u011bmecko, Meklenbursko-P\u0159edn\u00ed Pomo\u0159ansko)<\/li>\n\n\n\n<li>Camping Grubhof (Salcburk, St. Martin bei Lofer)<\/li>\n\n\n\n<li>Rosenfelder Strand Ostsee Camping (N\u011bmecko, \u0160lesvicko-Hol\u0161t\u00fdnsko)<\/li>\n\n\n\n<li>Camping Sonnenland (Burgenland, Lutzmannsburg)<\/li>\n\n\n\n<li>Camp MondSeeLand (Horn\u00ed Rakousko, Tiefgraben u Mondsee)<\/li>\n\n\n\n<li>Camping H\u00fcttenberg (\u0160v\u00fdcarsko, Eschenz)<\/li>\n\n\n\n<li>Kemp Ecktannen (N\u011bmecko, Meklenbursko-P\u0159edn\u00ed Pomo\u0159ansko)<\/li>\n\n\n\n<li>Camping Murinsel (\u0160t\u00fdrsko, Grosslobming)<\/li>\n\n\n\n<li>Ostseecamping Familie Heide (N\u011bmecko, Schleswig Holstein)<\/li>\n\n\n\n<li>Campingpark Kalletal (N\u011bmecko, Severn\u00ed Por\u00fdn\u00ed-Vestf\u00e1lsko)<\/li>\n<\/ol>\n\n\n\n<figure class=\"wp-block-image size-full is-resized\"><img loading=\"lazy\" decoding=\"async\" src=\"https:\/\/all4camper.com\/\/wp-content\/uploads\/2023\/01\/Camping-Lana.jpeg\" alt=\"\" class=\"wp-image-142937\" width=\"734\" height=\"512\" srcset=\"https:\/\/all4camper.com\/wp-content\/uploads\/2023\/01\/Camping-Lana.jpeg 830w, https:\/\/all4camper.com\/wp-content\/uploads\/2023\/01\/Camping-Lana-450x314.jpeg 450w, https:\/\/all4camper.com\/wp-content\/uploads\/2023\/01\/Camping-Lana-150x105.jpeg 150w, https:\/\/all4camper.com\/wp-content\/uploads\/2023\/01\/Camping-Lana-768x537.jpeg 768w, https:\/\/all4camper.com\/wp-content\/uploads\/2023\/01\/Camping-Lana-696x486.jpeg 696w\" sizes=\"auto, (max-width: 734px) 100vw, 734px\" \/><figcaption class=\"wp-element-caption\">camping.info Award 2023: Luxury Camping Schlosshof v Lan\u011b je jedn\u00edm z nejlep\u0161\u00edch kemp\u016f v Evrop\u011b s 12. m\u00edstem.&nbsp;<br>&#8211; Foto: Camping.info GmbH<\/figcaption><\/figure>\n\n\n\n<h3 class=\"wp-block-heading\"><strong>Cena 2023: Top 10 v Rakousku<\/strong><\/h3>\n\n\n\n<ol class=\"wp-block-list\">\n<li>Camping Grubhof: Salzburg \/ St. Martin bei Lofer \/ um\u00edst\u011bn\u00ed v Evrop\u011b \u010d. 2<\/li>\n\n\n\n<li>Camping Sonnenland: Burgenland \/ Lutzmannsburg \/ um\u00edst\u011bn\u00ed v Evrop\u011b \u010d. 4 \/ Nejlep\u0161\u00ed hodnocen\u00ed pro &#8222;kempov\u00e1n\u00ed s d\u011btmi&#8220;, &#8222;kempov\u00e1n\u00ed se psy&#8220; a &#8222;voln\u00fd \u010das&#8220;<\/li>\n\n\n\n<li>Camp MondSeeLand: Horn\u00ed Rakousko \/ Tiefgraben u Mondsee \/ um\u00edst\u011bn\u00ed v Evrop\u011b \u010d. 5<\/li>\n\n\n\n<li>Camping Murinsel \u0160t\u00fdrsko \/ Gro\u00dflobming \/ um\u00edst\u011bn\u00ed v Evrop\u011b \u010d. 8 \/ Nejlep\u0161\u00ed hodnocen\u00ed pro &#8222;\u010distotu&#8220;<\/li>\n\n\n\n<li>Camping Brunner am See: Korutany \/ D\u00f6briach \/ um\u00edst\u011bn\u00ed v Evrop\u011b \u010d. 11<\/li>\n\n\n\n<li>Sportcamp Woferlgut: Salzburg \/ Bruck\/Grossglockner \/ um\u00edst\u011bn\u00ed v Evrop\u011b \u010d. 14<\/li>\n\n\n\n<li>50plus Campingpark Fisching: \u0160t\u00fdrsko \/ Weisskirchen \/ um\u00edst\u011bn\u00ed v Evrop\u011b \u010d. 19 \/ Nejlep\u0161\u00ed hodnocen\u00ed pro &#8222;seniory&#8220;<\/li>\n\n\n\n<li>Seecamping Berghof: Korutany \/ Villach \/ Landskron \/ um\u00edst\u011bn\u00ed v Evrop\u011b \u010d. 32<\/li>\n\n\n\n<li>Erlebnis-Comfort-Camping Aufenfeld GmbH: Tyrolsko \/ Aschau im Zillertal \/ um\u00edst\u011bn\u00ed v Evrop\u011b \u010d. 35<\/li>\n\n\n\n<li>Camping Neubauer: Korutany \/ Millstatt am See \/ um\u00edst\u011bn\u00ed v Evrop\u011b \u010d. 38<\/li>\n<\/ol>\n\n\n\n<figure class=\"wp-block-image size-full is-resized\"><img loading=\"lazy\" decoding=\"async\" src=\"https:\/\/all4camper.com\/\/wp-content\/uploads\/2023\/01\/mondseeland-camp.jpg\" alt=\"\" class=\"wp-image-142939\" width=\"734\" height=\"489\" srcset=\"https:\/\/all4camper.com\/wp-content\/uploads\/2023\/01\/mondseeland-camp.jpg 800w, https:\/\/all4camper.com\/wp-content\/uploads\/2023\/01\/mondseeland-camp-450x300.jpg 450w, https:\/\/all4camper.com\/wp-content\/uploads\/2023\/01\/mondseeland-camp-150x100.jpg 150w, https:\/\/all4camper.com\/wp-content\/uploads\/2023\/01\/mondseeland-camp-768x512.jpg 768w, https:\/\/all4camper.com\/wp-content\/uploads\/2023\/01\/mondseeland-camp-696x464.jpg 696w\" sizes=\"auto, (max-width: 734px) 100vw, 734px\" \/><figcaption class=\"wp-element-caption\">3. m\u00edsto v Rakousku: Camp MondSeeLand (Foto: Valentin Weinh\u00e4upl Photography)<\/figcaption><\/figure>\n\n\n\n<h3 class=\"wp-block-heading\"><strong>V\u00edt\u011bzov\u00e9 ocen\u011bn\u00ed v jednotliv\u00fdch kategori\u00edch<\/strong><\/h3>\n\n\n\n<ul class=\"wp-block-list\">\n<li>Nejlep\u0161\u00ed hodnocen\u00ed pro <strong>&#8222;gastronomie&#8220;<\/strong>: Camping Schliersee (Bavorsko)<\/li>\n\n\n\n<li>Nejlep\u0161\u00ed hodnocen\u00ed pro <strong>\u201etich\u00fd a klidn\u00fd kemp\u201c <\/strong>a <strong>\u201evysok\u00e1 kvalita za n\u00edzk\u00e9 pen\u00edze\u201c<\/strong>: Vital CAMP Bayerbach (Bavorsko)<\/li>\n\n\n\n<li>Nejlep\u0161\u00ed hodnocen\u00ed pro <strong>\u201eKempov\u00e1n\u00ed s d\u011btmi\u201c, \u201eKempov\u00e1n\u00ed se psem\u201c a \u201eVoln\u00fd \u010das\u201c<\/strong>: Camping Sonnenland (Burgenland)<\/li>\n\n\n\n<li>Nejlep\u0161\u00ed hodnocen\u00ed pro <strong>&#8222;p\u0159\u00edv\u011btivost&#8220;<\/strong>: Naturistick\u00fd rodinn\u00fd sportovn\u00ed a p\u0159\u00edrodn\u00ed kemp Sonnensee (Doln\u00ed Sasko)<\/li>\n\n\n\n<li>Nejlep\u0161\u00ed hodnocen\u00ed pro <strong>&#8222;hygienickou \u010distotu&#8220;<\/strong>: Camping Gloria Vallis (Ji\u017en\u00ed Tyrolsko-Trentino)<\/li>\n\n\n\n<li>Nejlep\u0161\u00ed hodnocen\u00ed pro <strong>&#8222;\u010distotu&#8220;<\/strong>: Camping Murinsel (\u0160t\u00fdrsko)<\/li>\n\n\n\n<li>Nejlep\u0161\u00ed hodnocen\u00ed pro <strong>&#8222;Podm\u00ednky pron\u00e1jmu ubytov\u00e1n\u00ed&#8220;<\/strong>: Camping und mehr&#8230;&nbsp;Holmernhof &#8211; Bad F\u00fcssing (Bavorsko)<\/li>\n\n\n\n<li>Nejlep\u0161\u00ed hodnocen\u00ed pro <strong>&#8222;um\u00edst\u011bn\u00ed&#8220;<\/strong>: Camping Vorderboden (Vorarlbersko)<\/li>\n\n\n\n<li>Nejvhodn\u011bj\u0161\u00ed <strong>pro seniory<\/strong>: 50 Plus Campingpark (\u0160t\u00fdrsko)<\/li>\n\n\n\n<li>Nejvhodn\u011bj\u0161\u00ed <strong>pro kempa\u0159e se stanem<\/strong>: Hafencamp Senftenberger See (Brandenburg)<\/li>\n\n\n\n<li>Nejvhodn\u011bj\u0161\u00ed <strong>pro rodiny s d\u011btmi do 6 let<\/strong>: kempov\u00e1n\u00ed na horsk\u00e9 farm\u011b Oberhasenberghof (Salcburk)<\/li>\n<\/ul>\n","protected":false},"excerpt":{"rendered":"<p>Ka\u017edoro\u010dn\u011b o\u010dek\u00e1van\u00e9 v\u00fdsledky ocen\u011bn\u00ed Camping Awards 2023 jsou tady. Jak\u00e9 kempy v Evrop\u011b jsou ty nej?<\/p>\n","protected":false},"author":4,"featured_media":142937,"comment_status":"closed","ping_status":"open","sticky":false,"template":"","format":"standard","meta":{"_monsterinsights_skip_tracking":false,"_monsterinsights_sitenote_active":false,"_monsterinsights_sitenote_note":"","_monsterinsights_sitenote_category":0,"footnotes":""},"categories":[68,422,11685],"tags":[101,380],"class_list":{"0":"post-142934","1":"post","2":"type-post","3":"status-publish","4":"format-standard","5":"has-post-thumbnail","7":"category-kempovani-a-zajimave-cile","8":"category-novinky-kempovani-a-karavaning","9":"category-top-kempy","10":"tag-kempy-1","11":"tag-topkempy"},"yoast_head":"<!-- This site is optimized with the Yoast SEO plugin v27.4 - https:\/\/yoast.com\/product\/yoast-seo-wordpress\/ -->\n<title>Camping Awards 2023 - nejobl\u00edben\u011bj\u0161\u00ed kempy v Evrop\u011b byl vyhl\u00e1\u0161en - All4Camper<\/title>\n<meta name=\"description\" content=\"Ka\u017edoro\u010dn\u011b o\u010dek\u00e1van\u00e9 v\u00fdsledky ocen\u011bn\u00ed Camping Awards 2023 jsou tady. Jak\u00e9 kempy v Evrop\u011b jsou ty nej?\" \/>\n<meta name=\"robots\" content=\"index, follow, max-snippet:-1, max-image-preview:large, max-video-preview:-1\" \/>\n<link rel=\"canonical\" href=\"https:\/\/all4camper.com\/cs\/camping-awards-2023-nejoblibenejsi-kempy-v-evrope-byl-vyhlasen\/\" \/>\n<meta property=\"og:locale\" content=\"cs_CZ\" \/>\n<meta property=\"og:type\" content=\"article\" \/>\n<meta property=\"og:title\" content=\"Camping Awards 2023 - nejobl\u00edben\u011bj\u0161\u00ed kempy v Evrop\u011b byl vyhl\u00e1\u0161en - All4Camper\" \/>\n<meta property=\"og:description\" content=\"Ka\u017edoro\u010dn\u011b o\u010dek\u00e1van\u00e9 v\u00fdsledky ocen\u011bn\u00ed Camping Awards 2023 jsou tady. Jak\u00e9 kempy v Evrop\u011b jsou ty nej?\" \/>\n<meta property=\"og:url\" content=\"https:\/\/all4camper.com\/cs\/camping-awards-2023-nejoblibenejsi-kempy-v-evrope-byl-vyhlasen\/\" \/>\n<meta property=\"og:site_name\" content=\"All4Camper\" \/>\n<meta property=\"article:published_time\" content=\"2023-01-11T09:16:43+00:00\" \/>\n<meta property=\"article:modified_time\" content=\"2023-01-11T09:16:44+00:00\" \/>\n<meta property=\"og:image\" content=\"https:\/\/all4camper.com\/wp-content\/uploads\/2023\/01\/Camping-Lana.jpeg\" \/>\n\t<meta property=\"og:image:width\" content=\"830\" \/>\n\t<meta property=\"og:image:height\" content=\"580\" \/>\n\t<meta property=\"og:image:type\" content=\"image\/jpeg\" \/>\n<meta name=\"author\" content=\"Kl\u00e1ra H\u00e1jkov\u00e1\" \/>\n<meta name=\"twitter:card\" content=\"summary_large_image\" \/>\n<meta name=\"twitter:label1\" content=\"Napsal(a)\" \/>\n\t<meta name=\"twitter:data1\" content=\"Kl\u00e1ra H\u00e1jkov\u00e1\" \/>\n\t<meta name=\"twitter:label2\" content=\"Odhadovan\u00e1 doba \u010dten\u00ed\" \/>\n\t<meta name=\"twitter:data2\" content=\"4 minuty\" \/>\n<script type=\"application\/ld+json\" class=\"yoast-schema-graph\">{\"@context\":\"https:\\\/\\\/schema.org\",\"@graph\":[{\"@type\":\"Article\",\"@id\":\"https:\\\/\\\/all4camper.com\\\/cs\\\/camping-awards-2023-nejoblibenejsi-kempy-v-evrope-byl-vyhlasen\\\/#article\",\"isPartOf\":{\"@id\":\"https:\\\/\\\/all4camper.com\\\/cs\\\/camping-awards-2023-nejoblibenejsi-kempy-v-evrope-byl-vyhlasen\\\/\"},\"author\":{\"name\":\"Kl\u00e1ra H\u00e1jkov\u00e1\",\"@id\":\"https:\\\/\\\/all4camper.com\\\/cs\\\/#\\\/schema\\\/person\\\/c6f1efdf1d02bc7d8c53a891cbe18c62\"},\"headline\":\"Camping Awards 2023 &#8211; nejobl\u00edben\u011bj\u0161\u00ed kempy v Evrop\u011b byl vyhl\u00e1\u0161en\",\"datePublished\":\"2023-01-11T09:16:43+00:00\",\"dateModified\":\"2023-01-11T09:16:44+00:00\",\"mainEntityOfPage\":{\"@id\":\"https:\\\/\\\/all4camper.com\\\/cs\\\/camping-awards-2023-nejoblibenejsi-kempy-v-evrope-byl-vyhlasen\\\/\"},\"wordCount\":814,\"publisher\":{\"@id\":\"https:\\\/\\\/all4camper.com\\\/cs\\\/#organization\"},\"image\":{\"@id\":\"https:\\\/\\\/all4camper.com\\\/cs\\\/camping-awards-2023-nejoblibenejsi-kempy-v-evrope-byl-vyhlasen\\\/#primaryimage\"},\"thumbnailUrl\":\"https:\\\/\\\/all4camper.com\\\/wp-content\\\/uploads\\\/2023\\\/01\\\/Camping-Lana.jpeg\",\"keywords\":[\"Kempy a kempovac\u00ed m\u00edsta\",\"TOPkempy\"],\"articleSection\":[\"Kempy a zaj\u00edmav\u00e1 m\u00edsta\",\"Novinky - Kempov\u00e1n\u00ed a karavaning\",\"TOP kempy\"],\"inLanguage\":\"cs\"},{\"@type\":\"WebPage\",\"@id\":\"https:\\\/\\\/all4camper.com\\\/cs\\\/camping-awards-2023-nejoblibenejsi-kempy-v-evrope-byl-vyhlasen\\\/\",\"url\":\"https:\\\/\\\/all4camper.com\\\/cs\\\/camping-awards-2023-nejoblibenejsi-kempy-v-evrope-byl-vyhlasen\\\/\",\"name\":\"Camping Awards 2023 - nejobl\u00edben\u011bj\u0161\u00ed kempy v Evrop\u011b byl vyhl\u00e1\u0161en - All4Camper\",\"isPartOf\":{\"@id\":\"https:\\\/\\\/all4camper.com\\\/cs\\\/#website\"},\"primaryImageOfPage\":{\"@id\":\"https:\\\/\\\/all4camper.com\\\/cs\\\/camping-awards-2023-nejoblibenejsi-kempy-v-evrope-byl-vyhlasen\\\/#primaryimage\"},\"image\":{\"@id\":\"https:\\\/\\\/all4camper.com\\\/cs\\\/camping-awards-2023-nejoblibenejsi-kempy-v-evrope-byl-vyhlasen\\\/#primaryimage\"},\"thumbnailUrl\":\"https:\\\/\\\/all4camper.com\\\/wp-content\\\/uploads\\\/2023\\\/01\\\/Camping-Lana.jpeg\",\"datePublished\":\"2023-01-11T09:16:43+00:00\",\"dateModified\":\"2023-01-11T09:16:44+00:00\",\"description\":\"Ka\u017edoro\u010dn\u011b o\u010dek\u00e1van\u00e9 v\u00fdsledky ocen\u011bn\u00ed Camping Awards 2023 jsou tady. Jak\u00e9 kempy v Evrop\u011b jsou ty nej?\",\"breadcrumb\":{\"@id\":\"https:\\\/\\\/all4camper.com\\\/cs\\\/camping-awards-2023-nejoblibenejsi-kempy-v-evrope-byl-vyhlasen\\\/#breadcrumb\"},\"inLanguage\":\"cs\",\"potentialAction\":[{\"@type\":\"ReadAction\",\"target\":[\"https:\\\/\\\/all4camper.com\\\/cs\\\/camping-awards-2023-nejoblibenejsi-kempy-v-evrope-byl-vyhlasen\\\/\"]}]},{\"@type\":\"ImageObject\",\"inLanguage\":\"cs\",\"@id\":\"https:\\\/\\\/all4camper.com\\\/cs\\\/camping-awards-2023-nejoblibenejsi-kempy-v-evrope-byl-vyhlasen\\\/#primaryimage\",\"url\":\"https:\\\/\\\/all4camper.com\\\/wp-content\\\/uploads\\\/2023\\\/01\\\/Camping-Lana.jpeg\",\"contentUrl\":\"https:\\\/\\\/all4camper.com\\\/wp-content\\\/uploads\\\/2023\\\/01\\\/Camping-Lana.jpeg\",\"width\":830,\"height\":580},{\"@type\":\"BreadcrumbList\",\"@id\":\"https:\\\/\\\/all4camper.com\\\/cs\\\/camping-awards-2023-nejoblibenejsi-kempy-v-evrope-byl-vyhlasen\\\/#breadcrumb\",\"itemListElement\":[{\"@type\":\"ListItem\",\"position\":1,\"name\":\"Dom\u016f\",\"item\":\"https:\\\/\\\/all4camper.com\\\/cs\\\/\"},{\"@type\":\"ListItem\",\"position\":2,\"name\":\"Novinky - Kempov\u00e1n\u00ed a karavaning\",\"item\":\"https:\\\/\\\/all4camper.com\\\/cs\\\/category\\\/novinky-kempovani-a-karavaning\\\/\"},{\"@type\":\"ListItem\",\"position\":3,\"name\":\"Camping Awards 2023 &#8211; nejobl\u00edben\u011bj\u0161\u00ed kempy v Evrop\u011b byl vyhl\u00e1\u0161en\"}]},{\"@type\":\"WebSite\",\"@id\":\"https:\\\/\\\/all4camper.com\\\/cs\\\/#website\",\"url\":\"https:\\\/\\\/all4camper.com\\\/cs\\\/\",\"name\":\"All4Camper\",\"description\":\"Nejv\u011bt\u0161\u00ed online magaz\u00edn o kempov\u00e1n\u00ed a karavaninku. V\u00edce jak 900 \u010dl\u00e1nk\u016f pln\u00fdch rad a tip\u016f o kempech a kempov\u00e1n\u00ed.\",\"publisher\":{\"@id\":\"https:\\\/\\\/all4camper.com\\\/cs\\\/#organization\"},\"potentialAction\":[{\"@type\":\"SearchAction\",\"target\":{\"@type\":\"EntryPoint\",\"urlTemplate\":\"https:\\\/\\\/all4camper.com\\\/cs\\\/?s={search_term_string}\"},\"query-input\":{\"@type\":\"PropertyValueSpecification\",\"valueRequired\":true,\"valueName\":\"search_term_string\"}}],\"inLanguage\":\"cs\"},{\"@type\":\"Organization\",\"@id\":\"https:\\\/\\\/all4camper.com\\\/cs\\\/#organization\",\"name\":\"All4Camper - kempujeme s Kl\u00e1rou\",\"url\":\"https:\\\/\\\/all4camper.com\\\/cs\\\/\",\"logo\":{\"@type\":\"ImageObject\",\"inLanguage\":\"cs\",\"@id\":\"https:\\\/\\\/all4camper.com\\\/cs\\\/#\\\/schema\\\/logo\\\/image\\\/\",\"url\":\"https:\\\/\\\/all4camper.com\\\/wp-content\\\/uploads\\\/2018\\\/09\\\/novelogo.png\",\"contentUrl\":\"https:\\\/\\\/all4camper.com\\\/wp-content\\\/uploads\\\/2018\\\/09\\\/novelogo.png\",\"width\":1520,\"height\":600,\"caption\":\"All4Camper - kempujeme s Kl\u00e1rou\"},\"image\":{\"@id\":\"https:\\\/\\\/all4camper.com\\\/cs\\\/#\\\/schema\\\/logo\\\/image\\\/\"}},{\"@type\":\"Person\",\"@id\":\"https:\\\/\\\/all4camper.com\\\/cs\\\/#\\\/schema\\\/person\\\/c6f1efdf1d02bc7d8c53a891cbe18c62\",\"name\":\"Kl\u00e1ra H\u00e1jkov\u00e1\",\"sameAs\":[\"http:\\\/\\\/www.all4camper.com\"],\"url\":\"https:\\\/\\\/all4camper.com\\\/cs\\\/author\\\/klarinkacestuje1\\\/\"}]}<\/script>\n<!-- \/ Yoast SEO plugin. -->","yoast_head_json":{"title":"Camping Awards 2023 - nejobl\u00edben\u011bj\u0161\u00ed kempy v Evrop\u011b byl vyhl\u00e1\u0161en - All4Camper","description":"Ka\u017edoro\u010dn\u011b o\u010dek\u00e1van\u00e9 v\u00fdsledky ocen\u011bn\u00ed Camping Awards 2023 jsou tady. Jak\u00e9 kempy v Evrop\u011b jsou ty nej?","robots":{"index":"index","follow":"follow","max-snippet":"max-snippet:-1","max-image-preview":"max-image-preview:large","max-video-preview":"max-video-preview:-1"},"canonical":"https:\/\/all4camper.com\/cs\/camping-awards-2023-nejoblibenejsi-kempy-v-evrope-byl-vyhlasen\/","og_locale":"cs_CZ","og_type":"article","og_title":"Camping Awards 2023 - nejobl\u00edben\u011bj\u0161\u00ed kempy v Evrop\u011b byl vyhl\u00e1\u0161en - All4Camper","og_description":"Ka\u017edoro\u010dn\u011b o\u010dek\u00e1van\u00e9 v\u00fdsledky ocen\u011bn\u00ed Camping Awards 2023 jsou tady. Jak\u00e9 kempy v Evrop\u011b jsou ty nej?","og_url":"https:\/\/all4camper.com\/cs\/camping-awards-2023-nejoblibenejsi-kempy-v-evrope-byl-vyhlasen\/","og_site_name":"All4Camper","article_published_time":"2023-01-11T09:16:43+00:00","article_modified_time":"2023-01-11T09:16:44+00:00","og_image":[{"width":830,"height":580,"url":"https:\/\/all4camper.com\/wp-content\/uploads\/2023\/01\/Camping-Lana.jpeg","type":"image\/jpeg"}],"author":"Kl\u00e1ra H\u00e1jkov\u00e1","twitter_card":"summary_large_image","twitter_misc":{"Napsal(a)":"Kl\u00e1ra H\u00e1jkov\u00e1","Odhadovan\u00e1 doba \u010dten\u00ed":"4 minuty"},"schema":{"@context":"https:\/\/schema.org","@graph":[{"@type":"Article","@id":"https:\/\/all4camper.com\/cs\/camping-awards-2023-nejoblibenejsi-kempy-v-evrope-byl-vyhlasen\/#article","isPartOf":{"@id":"https:\/\/all4camper.com\/cs\/camping-awards-2023-nejoblibenejsi-kempy-v-evrope-byl-vyhlasen\/"},"author":{"name":"Kl\u00e1ra H\u00e1jkov\u00e1","@id":"https:\/\/all4camper.com\/cs\/#\/schema\/person\/c6f1efdf1d02bc7d8c53a891cbe18c62"},"headline":"Camping Awards 2023 &#8211; nejobl\u00edben\u011bj\u0161\u00ed kempy v Evrop\u011b byl vyhl\u00e1\u0161en","datePublished":"2023-01-11T09:16:43+00:00","dateModified":"2023-01-11T09:16:44+00:00","mainEntityOfPage":{"@id":"https:\/\/all4camper.com\/cs\/camping-awards-2023-nejoblibenejsi-kempy-v-evrope-byl-vyhlasen\/"},"wordCount":814,"publisher":{"@id":"https:\/\/all4camper.com\/cs\/#organization"},"image":{"@id":"https:\/\/all4camper.com\/cs\/camping-awards-2023-nejoblibenejsi-kempy-v-evrope-byl-vyhlasen\/#primaryimage"},"thumbnailUrl":"https:\/\/all4camper.com\/wp-content\/uploads\/2023\/01\/Camping-Lana.jpeg","keywords":["Kempy a kempovac\u00ed m\u00edsta","TOPkempy"],"articleSection":["Kempy a zaj\u00edmav\u00e1 m\u00edsta","Novinky - Kempov\u00e1n\u00ed a karavaning","TOP kempy"],"inLanguage":"cs"},{"@type":"WebPage","@id":"https:\/\/all4camper.com\/cs\/camping-awards-2023-nejoblibenejsi-kempy-v-evrope-byl-vyhlasen\/","url":"https:\/\/all4camper.com\/cs\/camping-awards-2023-nejoblibenejsi-kempy-v-evrope-byl-vyhlasen\/","name":"Camping Awards 2023 - nejobl\u00edben\u011bj\u0161\u00ed kempy v Evrop\u011b byl vyhl\u00e1\u0161en - All4Camper","isPartOf":{"@id":"https:\/\/all4camper.com\/cs\/#website"},"primaryImageOfPage":{"@id":"https:\/\/all4camper.com\/cs\/camping-awards-2023-nejoblibenejsi-kempy-v-evrope-byl-vyhlasen\/#primaryimage"},"image":{"@id":"https:\/\/all4camper.com\/cs\/camping-awards-2023-nejoblibenejsi-kempy-v-evrope-byl-vyhlasen\/#primaryimage"},"thumbnailUrl":"https:\/\/all4camper.com\/wp-content\/uploads\/2023\/01\/Camping-Lana.jpeg","datePublished":"2023-01-11T09:16:43+00:00","dateModified":"2023-01-11T09:16:44+00:00","description":"Ka\u017edoro\u010dn\u011b o\u010dek\u00e1van\u00e9 v\u00fdsledky ocen\u011bn\u00ed Camping Awards 2023 jsou tady. Jak\u00e9 kempy v Evrop\u011b jsou ty nej?","breadcrumb":{"@id":"https:\/\/all4camper.com\/cs\/camping-awards-2023-nejoblibenejsi-kempy-v-evrope-byl-vyhlasen\/#breadcrumb"},"inLanguage":"cs","potentialAction":[{"@type":"ReadAction","target":["https:\/\/all4camper.com\/cs\/camping-awards-2023-nejoblibenejsi-kempy-v-evrope-byl-vyhlasen\/"]}]},{"@type":"ImageObject","inLanguage":"cs","@id":"https:\/\/all4camper.com\/cs\/camping-awards-2023-nejoblibenejsi-kempy-v-evrope-byl-vyhlasen\/#primaryimage","url":"https:\/\/all4camper.com\/wp-content\/uploads\/2023\/01\/Camping-Lana.jpeg","contentUrl":"https:\/\/all4camper.com\/wp-content\/uploads\/2023\/01\/Camping-Lana.jpeg","width":830,"height":580},{"@type":"BreadcrumbList","@id":"https:\/\/all4camper.com\/cs\/camping-awards-2023-nejoblibenejsi-kempy-v-evrope-byl-vyhlasen\/#breadcrumb","itemListElement":[{"@type":"ListItem","position":1,"name":"Dom\u016f","item":"https:\/\/all4camper.com\/cs\/"},{"@type":"ListItem","position":2,"name":"Novinky - Kempov\u00e1n\u00ed a karavaning","item":"https:\/\/all4camper.com\/cs\/category\/novinky-kempovani-a-karavaning\/"},{"@type":"ListItem","position":3,"name":"Camping Awards 2023 &#8211; nejobl\u00edben\u011bj\u0161\u00ed kempy v Evrop\u011b byl vyhl\u00e1\u0161en"}]},{"@type":"WebSite","@id":"https:\/\/all4camper.com\/cs\/#website","url":"https:\/\/all4camper.com\/cs\/","name":"All4Camper","description":"Nejv\u011bt\u0161\u00ed online magaz\u00edn o kempov\u00e1n\u00ed a karavaninku. V\u00edce jak 900 \u010dl\u00e1nk\u016f pln\u00fdch rad a tip\u016f o kempech a kempov\u00e1n\u00ed.","publisher":{"@id":"https:\/\/all4camper.com\/cs\/#organization"},"potentialAction":[{"@type":"SearchAction","target":{"@type":"EntryPoint","urlTemplate":"https:\/\/all4camper.com\/cs\/?s={search_term_string}"},"query-input":{"@type":"PropertyValueSpecification","valueRequired":true,"valueName":"search_term_string"}}],"inLanguage":"cs"},{"@type":"Organization","@id":"https:\/\/all4camper.com\/cs\/#organization","name":"All4Camper - kempujeme s Kl\u00e1rou","url":"https:\/\/all4camper.com\/cs\/","logo":{"@type":"ImageObject","inLanguage":"cs","@id":"https:\/\/all4camper.com\/cs\/#\/schema\/logo\/image\/","url":"https:\/\/all4camper.com\/wp-content\/uploads\/2018\/09\/novelogo.png","contentUrl":"https:\/\/all4camper.com\/wp-content\/uploads\/2018\/09\/novelogo.png","width":1520,"height":600,"caption":"All4Camper - kempujeme s Kl\u00e1rou"},"image":{"@id":"https:\/\/all4camper.com\/cs\/#\/schema\/logo\/image\/"}},{"@type":"Person","@id":"https:\/\/all4camper.com\/cs\/#\/schema\/person\/c6f1efdf1d02bc7d8c53a891cbe18c62","name":"Kl\u00e1ra H\u00e1jkov\u00e1","sameAs":["http:\/\/www.all4camper.com"],"url":"https:\/\/all4camper.com\/cs\/author\/klarinkacestuje1\/"}]}},"_links":{"self":[{"href":"https:\/\/all4camper.com\/cs\/wp-json\/wp\/v2\/posts\/142934","targetHints":{"allow":["GET"]}}],"collection":[{"href":"https:\/\/all4camper.com\/cs\/wp-json\/wp\/v2\/posts"}],"about":[{"href":"https:\/\/all4camper.com\/cs\/wp-json\/wp\/v2\/types\/post"}],"author":[{"embeddable":true,"href":"https:\/\/all4camper.com\/cs\/wp-json\/wp\/v2\/users\/4"}],"replies":[{"embeddable":true,"href":"https:\/\/all4camper.com\/cs\/wp-json\/wp\/v2\/comments?post=142934"}],"version-history":[{"count":0,"href":"https:\/\/all4camper.com\/cs\/wp-json\/wp\/v2\/posts\/142934\/revisions"}],"wp:featuredmedia":[{"embeddable":true,"href":"https:\/\/all4camper.com\/cs\/wp-json\/wp\/v2\/media\/142937"}],"wp:attachment":[{"href":"https:\/\/all4camper.com\/cs\/wp-json\/wp\/v2\/media?parent=142934"}],"wp:term":[{"taxonomy":"category","embeddable":true,"href":"https:\/\/all4camper.com\/cs\/wp-json\/wp\/v2\/categories?post=142934"},{"taxonomy":"post_tag","embeddable":true,"href":"https:\/\/all4camper.com\/cs\/wp-json\/wp\/v2\/tags?post=142934"}],"curies":[{"name":"wp","href":"https:\/\/api.w.org\/{rel}","templated":true}]}}