{"id":142901,"date":"2023-01-10T11:12:38","date_gmt":"2023-01-10T10:12:38","guid":{"rendered":"https:\/\/all4camper.com\/\/?p=142901"},"modified":"2023-01-10T12:05:02","modified_gmt":"2023-01-10T11:05:02","slug":"route-des-grandes-alpes-vydejte-se-pres-nejvyssi-alpske-prusmyky","status":"publish","type":"post","link":"https:\/\/all4camper.com\/cs\/route-des-grandes-alpes-vydejte-se-pres-nejvyssi-alpske-prusmyky\/","title":{"rendered":"Route des Grandes Alpes: Vydejte se p\u0159es nejvy\u0161\u0161\u00ed alpsk\u00e9 pr\u016fsmyky"},"content":{"rendered":"\n<p><strong>Horsk\u00e1 silnice Route des Grandes Alpes pat\u0159\u00ed mezi nejkr\u00e1sn\u011bj\u0161\u00ed alpsk\u00e9 trasy a opr\u00e1vn\u011bn\u011b je snem mnoha \u0159idi\u010d\u016f a milovn\u00edk\u016f dobrodru\u017estv\u00ed. Na t\u00e9m\u011b\u0159 700 kilometrech \u010dek\u00e1 spousta zat\u00e1\u010dek, p\u0159es 20 pr\u016fsmyk\u016f a \u00fachvatn\u00e9 v\u00fdhledy na n\u00e1dhernou horskou krajinu.<\/strong><\/p>\n\n\n\n<p>Spolu s&nbsp;trasou Route Napol\u00e9on pat\u0159\u00ed Route des Grandes Alpes k&nbsp;nejv\u00fdznamn\u011bj\u0161\u00edm alpsk\u00fdm p\u0159echod\u016fm. Trasa spojuje m\u011bste\u010dko Thonon-les-Bains u \u017denevsk\u00e9ho jezera a p\u0159\u00edmo\u0159sk\u00e9 letovisko Menton na Francouzsk\u00e9 rivi\u00e9\u0159e. Jedn\u00e1 se o 700 kilometr\u016f dlouhou trasu, b\u011bhem kter\u00e9 si u\u017eijete n\u00e1dhern\u00e9 v\u00fdhledy. <strong>Trasa vede p\u0159es n\u011bkolik nejvy\u0161\u0161\u00edch horsk\u00fdch pr\u016fsmyk\u016f ve Francii, v\u010detn\u011b nejvy\u0161\u0161\u00edho alpsk\u00e9ho pr\u016fsmyku Col de l&#8217;Iseran, kter\u00fd lze projet a nach\u00e1z\u00ed se ve v\u00fd\u0161ce 2770 metr\u016f nad mo\u0159em. <\/strong>Na cest\u011b v\u00e1s potk\u00e1 21 alpsk\u00fdch pr\u016fsmyk\u016f a 6 vysokohorsk\u00fdch p\u0159echod\u016f, kter\u00e9 se nach\u00e1zej\u00ed v\u00fd\u0161e ne\u017e 2000 metr\u016f nad mo\u0159em. B\u011bhem cesty p\u0159ekon\u00e1te asi 15 tis\u00edc v\u00fd\u0161kov\u00fdch metr\u016f a tis\u00edce zat\u00e1\u010dek. <strong>Dal\u0161\u00ed zaj\u00edmavost\u00ed o t\u00e9to trase je, \u017ee je pravideln\u011b sou\u010d\u00e1st\u00ed Tour de France a Rallye Monte Carlo.<\/strong><\/p>\n\n\n\n<figure class=\"wp-block-image size-full is-resized\"><img loading=\"lazy\" decoding=\"async\" src=\"https:\/\/all4camper.com\/\/wp-content\/uploads\/2023\/01\/\u00a9-Fontana-v-Belvedere-Park-.jpeg\" alt=\"\" class=\"wp-image-142915\" width=\"734\" height=\"549\" srcset=\"https:\/\/all4camper.com\/wp-content\/uploads\/2023\/01\/\u00a9-Fontana-v-Belvedere-Park-.jpeg 1025w, https:\/\/all4camper.com\/wp-content\/uploads\/2023\/01\/\u00a9-Fontana-v-Belvedere-Park--450x337.jpeg 450w, https:\/\/all4camper.com\/wp-content\/uploads\/2023\/01\/\u00a9-Fontana-v-Belvedere-Park--150x112.jpeg 150w, https:\/\/all4camper.com\/wp-content\/uploads\/2023\/01\/\u00a9-Fontana-v-Belvedere-Park--768x575.jpeg 768w, https:\/\/all4camper.com\/wp-content\/uploads\/2023\/01\/\u00a9-Fontana-v-Belvedere-Park--696x521.jpeg 696w\" sizes=\"auto, (max-width: 734px) 100vw, 734px\" \/><figcaption class=\"wp-element-caption\">\u00a9 Font\u00e1na v Belvedere Park, Foto Thonon-les-Bains<\/figcaption><\/figure>\n\n\n\n<h2 class=\"wp-block-heading\"><strong>U\u017eite\u010dn\u00e9 tipy pro \u0159idi\u010de<\/strong><\/h2>\n\n\n\n<p>Nejv\u00edc si cestu u\u017eijete, pokud si na ni vyhrad\u00edte alespo\u0148 p\u011bt dn\u00ed. D\u00edky tomu budete m\u00edt dostatek \u010dasu a klidu na p\u0159est\u00e1vky. Z\u00e1rove\u0148 je pot\u0159eba vz\u00edt v&nbsp;potaz, \u017ee i kdy\u017e je stav silnic v\u00fdborn\u00fd, ne v\u0161ude lze kv\u016fli \u00fazk\u00fdm zat\u00e1\u010dk\u00e1m p\u0159edj\u00ed\u017ed\u011bt. Je proto lep\u0161\u00ed po\u010d\u00edtat s&nbsp;n\u011bjakou \u010dasovou rezervou.<\/p>\n\n\n\n<p>Route des Grandes Alpes vyu\u017e\u00edvaj\u00ed p\u0159edev\u0161\u00edm motork\u00e1\u0159i a osobn\u00ed automobily. <strong>Opatrn\u00ed a zku\u0161en\u00ed \u0159idi\u010di v\u0161ak mohou na trasu vyrazit i s&nbsp;obytn\u00fdm vozem. <\/strong>Pod\u00e9l cel\u00e9 trasy je dostatek parkovac\u00edch m\u00edst a kemp\u016f, kde m\u016f\u017eete zastavit. <strong>Je v\u0161ak pot\u0159eba vz\u00edt v&nbsp;potaz, \u017ee v&nbsp;n\u011bkter\u00fdch pr\u016fsmyc\u00edch plat\u00ed omezen\u00ed t\u00fdkaj\u00edc\u00ed se velikosti vozu, proto se doporu\u010duje proj\u00ed\u017ed\u011bt tudy s&nbsp;vozidly do maxim\u00e1ln\u00ed hmotnosti 3,5 tuny. Cestov\u00e1n\u00ed s&nbsp;karavanem se v\u0161ak po t\u00e9to cest\u011b nedoporu\u010duje, proto\u017ee n\u011bkter\u00e9 pr\u016fsmyky jsou pro n\u011b uzav\u0159eny.<\/strong><\/p>\n\n\n\n<p>Pro cestu je nejlep\u0161\u00ed obdob\u00ed <strong>od poloviny \u010dervna do poloviny z\u00e1\u0159\u00ed<\/strong>, kdy jsou pr\u016fsmyky otev\u0159en\u00e9 a obvykle bez sn\u011bhu. V&nbsp;nadmo\u0159sk\u00e9 v\u00fd\u0161ce nad 2000 metr\u016f v\u00e1s v\u0161ak sn\u00edh m\u016f\u017ee p\u0159ekvapit i v&nbsp;l\u00e9t\u011b a n\u011bkter\u00e9 \u00faseky mohou b\u00fdt kv\u016fli \u010derstv\u00e9mu sn\u011bhu zav\u0159en\u00e9 nebo sj\u00edzdn\u00e9 pouze se sn\u011bhov\u00fdmi \u0159et\u011bzy.<\/p>\n\n\n\n<h2 class=\"wp-block-heading\"><strong>D\u016fle\u017eit\u00e9 informace:<\/strong><\/h2>\n\n\n\n<ul class=\"wp-block-list\">\n<li>Silnice a pr\u016fsmyky slou\u017e\u00ed m\u00edstn\u00edm obyvatel\u016fm prim\u00e1rn\u011b k&nbsp;doprav\u011b, nikoliv ke kr\u00e1sn\u00fdm v\u00fdhled\u016fm. Ide\u00e1ln\u00ed je proto jet tak, abyste nezdr\u017eovali.<\/li>\n\n\n\n<li>Ne v\u0161echny obytn\u00e9 vozy do 3,5 tuny se dok\u00e1\u017ee vypo\u0159\u00e1dat s&nbsp;\u0159\u00eddk\u00fdm vzduchem v&nbsp;nadmo\u0159sk\u00e9 v\u00fd\u0161ce nad 2000 metr\u016f.<\/li>\n\n\n\n<li>Nejezd\u011bte tu bez spolujezdce, proto\u017ee v&nbsp;ostr\u00fdch pravoto\u010div\u00fdch zat\u00e1\u010dk\u00e1ch pot\u0159ebujete v\u00edce prostoru a spolujezdec se mus\u00ed d\u00edvat, zda se z&nbsp;proti sm\u011bru nebl\u00ed\u017e\u00ed vozidlo.<\/li>\n<\/ul>\n\n\n\n<h2 class=\"wp-block-heading\"><strong>Od \u017denevsk\u00e9ho jezera po francouzsk\u00e9 Alpy<\/strong><\/h2>\n\n\n\n<p>Za\u010d\u00e1tek trasy se nach\u00e1z\u00ed v&nbsp;l\u00e1ze\u0148sk\u00e9m m\u011bst\u011b Thonon-les-Bains na b\u0159ehu \u017denevsk\u00e9ho jezera. D\u00edky m\u00edrn\u00e9mu podneb\u00ed a kr\u00e1sn\u00e9 krajin\u011b se jedn\u00e1 o m\u00edsto, kde si klidn\u011b m\u016f\u017eete napl\u00e1novat n\u011bkolikadenn\u00ed odpo\u010dinek. Server PinCamp.de doporu\u010duje ubytovat se v&nbsp;kempu Camping La Dranse Vacances Andr\u00e9 Trigano.<\/p>\n\n\n\n<p>Route des Grandes Alpes pak od \u017denevsk\u00e9ho jezera pokra\u010duje p\u0159es zn\u00e1m\u00e9 ly\u017ea\u0159sk\u00e9 st\u0159edisko Morzine a horskou vesnici Taninges do horsk\u00e9ho pr\u016fsmyku Col de la Colombi\u00e8re (1613 m). Pokud si chcete p\u0159ed dlouhou cestou ud\u011blat je\u0161t\u011b posledn\u00ed p\u0159est\u00e1vku, zastavte v&nbsp;kempu Camping Municipal Th\u00e9zi\u00e8res, odkud budete m\u00edt skv\u011bl\u00fd v\u00fdhled na okoln\u00ed hory a na v\u00fdchod\u011b dokonce uvid\u00edt\u011b, jak se k&nbsp;nebi ty\u010d\u00ed nejvy\u0161\u0161\u00ed evropsk\u00e1 hora Mont Blanc.<\/p>\n\n\n\n<p>Dal\u0161\u00ed zast\u00e1vkou bude m\u011bsto La Clusaz na \u00fapat\u00ed horsk\u00e9ho masivu Aravis. La Clusaz je zn\u00e1m\u00e9 p\u0159edev\u0161\u00edm jako nejv\u011bt\u0161\u00ed ly\u017ea\u0159sk\u00e9 st\u0159edisko v&nbsp;okol\u00ed, ale v&nbsp;l\u00e9t\u011b je vhodn\u00e9 i pro p\u011b\u0161\u00ed turistiku. Prohl\u00e9dnout si tu m\u016f\u017eete mnoho domk\u016f v&nbsp;tradi\u010dn\u00edm chalup\u00e1\u0159sk\u00e9m stylu a k&nbsp;ubytov\u00e1n\u00ed v\u00e1m poslou\u017e\u00ed t\u0159eba kemp Camping Le Domaine de Fernuy.<\/p>\n\n\n\n<h2 class=\"wp-block-heading\"><strong>Alpsk\u00e9 pr\u016fsmyky, m\u011bsta i vesnice<\/strong><\/h2>\n\n\n\n<p>P\u0159es vrchol Col des Aravis (1486 m) vede Route des Grandes Alpes do st\u0159ediska Ar\u00eaches-Beaufort a k p\u0159ehrad\u011b Barrage de Roselend, kter\u00e1 je \u010dtvrtou nejv\u011bt\u0161\u00ed p\u0159ehradou ve Francii. Barrage de Roselend se nach\u00e1z\u00ed ve v\u00fd\u0161ce 1600 metr\u016f a v&nbsp;l\u00e9t\u011b je vyhled\u00e1van\u00fdm turistick\u00fdm c\u00edlem. Pod\u00e9l p\u0159ehrady se pak cesta klikat\u00ed k&nbsp;pr\u016fsmyku Cormet de Roselend (1968 m).<\/p>\n\n\n\n<figure class=\"wp-block-image size-full is-resized\"><img loading=\"lazy\" decoding=\"async\" src=\"https:\/\/all4camper.com\/\/wp-content\/uploads\/2023\/01\/barrage-de-roselend-5347237_1280.jpg\" alt=\"\" class=\"wp-image-142904\" width=\"734\" height=\"489\" srcset=\"https:\/\/all4camper.com\/wp-content\/uploads\/2023\/01\/barrage-de-roselend-5347237_1280.jpg 1280w, https:\/\/all4camper.com\/wp-content\/uploads\/2023\/01\/barrage-de-roselend-5347237_1280-450x300.jpg 450w, https:\/\/all4camper.com\/wp-content\/uploads\/2023\/01\/barrage-de-roselend-5347237_1280-150x100.jpg 150w, https:\/\/all4camper.com\/wp-content\/uploads\/2023\/01\/barrage-de-roselend-5347237_1280-768x512.jpg 768w, https:\/\/all4camper.com\/wp-content\/uploads\/2023\/01\/barrage-de-roselend-5347237_1280-696x464.jpg 696w\" sizes=\"auto, (max-width: 734px) 100vw, 734px\" \/><figcaption class=\"wp-element-caption\">Barrage de Roselend, Foto Pixabay<\/figcaption><\/figure>\n\n\n\n<p>Star\u00e9 \u0159\u00edmsk\u00e9 m\u011bsto Bourg-Saint-Maurice je dal\u0161\u00edm v\u011bt\u0161\u00edm m\u011bstem, kter\u00e9 b\u011bhem j\u00edzdy potk\u00e1te. I tady na v\u00e1s \u010dek\u00e1 n\u00e1dhern\u00fd v\u00fdhled na hory, kter\u00e9 budou i v&nbsp;l\u00e9t\u011b zasn\u011b\u017een\u00e9. K&nbsp;ubytov\u00e1n\u00ed doporu\u010duje server PinCamp.de kemp Huttopia Camping Bourg-Saint-Maurice.<\/p>\n\n\n\n<p>Odtud v\u00e1s Route des Grandes Alpes zavede do zn\u00e1m\u00e9ho ly\u017ea\u0159sk\u00e9ho st\u0159ediska Val-d\u2019Is\u00e8re a pak kone\u010dn\u011b k&nbsp;nejvy\u0161\u0161\u00edmu alpsk\u00e9mu pr\u016fsmyku, kter\u00fd se d\u00e1 projet autem, Col de l\u2019Iseran (2.770 m). Po projet\u00ed pr\u016fsmyku si m\u016f\u017eete ud\u011blat kr\u00e1tkou zast\u00e1vku ve vesnici Bonneval-sur-Arc. Ta se nach\u00e1z\u00ed v&nbsp;N\u00e1rodn\u00edm parku Vanoise a pat\u0159\u00ed k&nbsp;nejkr\u00e1sn\u011bj\u0161\u00edm francouzsk\u00fdm vesnic\u00edm. Za n\u00e1v\u0161t\u011bvu tu stoj\u00ed kostel Notre-Dame-de-l\u2019Assomption a za n\u00edm stoj\u00edc\u00ed s\u00fdr\u00e1rna.<\/p>\n\n\n\n<h2 class=\"wp-block-heading\"><strong>N\u00e1rodn\u00ed park Vanoise<\/strong><\/h2>\n\n\n\n<p>Route des Grandes Alpes se pak vine n\u00e1rodn\u00edm parkem Vanoise. Ten je se sv\u00fdmi t\u0159\u00edtis\u00edcov\u00fdmi vrcholy a nedot\u010denou vysokohorskou krajinou r\u00e1jem pro milovn\u00edky p\u0159\u00edrody. Ide\u00e1ln\u00edm m\u00edstem pro prozkoum\u00e1v\u00e1n\u00ed t\u00e9to \u010d\u00e1sti Z\u00e1padn\u00edch Alp je zast\u00e1vka v&nbsp;m\u011bste\u010dku Modane a v&nbsp;kempu Les Combes.<\/p>\n\n\n\n<p>Z&nbsp;vesnice Valloire v&nbsp;departmentu Savoie cesta pokra\u010duje na slavn\u00fd Col du Galibier (2642 m). Tento pr\u016fsmyk je pravideln\u011b sou\u010d\u00e1st\u00ed z\u00e1vodu Tour de France a pat\u0159\u00ed k&nbsp;jeho nejslavn\u011bj\u0161\u00edm stoup\u00e1n\u00ed. Z&nbsp;vrcholu se pak naskytne n\u00e1dhern\u00fd v\u00fdhled na Mont Blanc. Jedn\u00e1 se v\u0161ak o \u010d\u00e1st trasy, kam vozidla s&nbsp;hmotnost\u00ed nad 3,5 t nesm\u00ed jet a\u017e nahoru, ale proj\u00ed\u017ed\u00ed tunelem, kter\u00fd vede na n\u00ed\u017ee polo\u017een\u00fd vrchol Col du Lautaret (2058 m).<\/p>\n\n\n\n<figure class=\"wp-block-image size-full is-resized\"><img loading=\"lazy\" decoding=\"async\" src=\"https:\/\/all4camper.com\/\/wp-content\/uploads\/2023\/01\/Col-du-Lautaret.jpg\" alt=\"\" class=\"wp-image-142902\" width=\"734\" height=\"489\" srcset=\"https:\/\/all4camper.com\/wp-content\/uploads\/2023\/01\/Col-du-Lautaret.jpg 1280w, https:\/\/all4camper.com\/wp-content\/uploads\/2023\/01\/Col-du-Lautaret-450x300.jpg 450w, https:\/\/all4camper.com\/wp-content\/uploads\/2023\/01\/Col-du-Lautaret-150x100.jpg 150w, https:\/\/all4camper.com\/wp-content\/uploads\/2023\/01\/Col-du-Lautaret-768x512.jpg 768w, https:\/\/all4camper.com\/wp-content\/uploads\/2023\/01\/Col-du-Lautaret-696x464.jpg 696w\" sizes=\"auto, (max-width: 734px) 100vw, 734px\" \/><figcaption class=\"wp-element-caption\">Col du Lautaret, Foto Pixabay<\/figcaption><\/figure>\n\n\n\n<p>Po zast\u00e1vce v Serre Chevalier pokra\u010duje cesta do druh\u00e9ho nejv\u00fd\u0161e polo\u017een\u00e9ho m\u011bsta v&nbsp;Evrop\u011b, do Brian\u00e7onu. Toto m\u011bsto s&nbsp;12&nbsp;000 obyvateli se nach\u00e1z\u00ed na \u00fapat\u00ed hory Col de Montgen\u00e8vre a ji\u017e v&nbsp;dob\u00e1ch \u0159\u00edmsk\u00fdch bylo d\u016fle\u017eitou spojnic\u00ed mezi \u00fadol\u00edm Rh\u00f4ny a P\u00e1dskou n\u00ed\u017einou. Star\u00e9 m\u011bsto Brian\u00e7onu je sou\u010d\u00e1st\u00ed syst\u00e9mu opevn\u011bn\u00ed a ur\u010dit\u011b stoj\u00ed za prohl\u00eddku. K&nbsp;ubytov\u00e1n\u00ed doporu\u010duje server PinCamp.de nedalek\u00fd kemp Camping Les 5 Vall\u00e9es.<\/p>\n\n\n\n<h2 class=\"wp-block-heading\"><strong>Z&nbsp;It\u00e1lie do Francie<\/strong><\/h2>\n\n\n\n<p>Pr\u016fsmyk Col d&#8217;Izoard (2361 m) se nach\u00e1z\u00ed v&nbsp;p\u0159\u00edrodn\u00edm parku Queyras, kter\u00fd pat\u0159\u00ed k&nbsp;nej\u0159\u00edd\u010deji os\u00eddlen\u00fdm oblastem Francie. V&nbsp;oblasti se nach\u00e1z\u00ed spousta sout\u011bsek a park je vhodn\u00fd pro p\u011b\u0161\u00ed turistiku i horsk\u00e9 t\u00fary. Vrchol Monte Viso, kter\u00e1 se nach\u00e1z\u00ed na italsk\u00e9 stran\u011b v&nbsp;Piemontu je obl\u00edben\u00fdm turistick\u00fdm c\u00edlem. Vhodn\u00fdm m\u00edstem k&nbsp;ubytov\u00e1n\u00ed v&nbsp;t\u00e9to oblasti pak m\u016f\u017ee b\u00fdt kemp La Rochette ve vesnici Guillestre.<\/p>\n\n\n\n<figure class=\"wp-block-image size-full is-resized\"><img loading=\"lazy\" decoding=\"async\" src=\"https:\/\/all4camper.com\/\/wp-content\/uploads\/2023\/01\/Col-dIzoard.jpg\" alt=\"\" class=\"wp-image-142906\" width=\"734\" height=\"489\" srcset=\"https:\/\/all4camper.com\/wp-content\/uploads\/2023\/01\/Col-dIzoard.jpg 1280w, https:\/\/all4camper.com\/wp-content\/uploads\/2023\/01\/Col-dIzoard-450x300.jpg 450w, https:\/\/all4camper.com\/wp-content\/uploads\/2023\/01\/Col-dIzoard-150x100.jpg 150w, https:\/\/all4camper.com\/wp-content\/uploads\/2023\/01\/Col-dIzoard-768x512.jpg 768w, https:\/\/all4camper.com\/wp-content\/uploads\/2023\/01\/Col-dIzoard-696x464.jpg 696w\" sizes=\"auto, (max-width: 734px) 100vw, 734px\" \/><figcaption class=\"wp-element-caption\">Col d&#8217;Izoard, foto Pixabay<\/figcaption><\/figure>\n\n\n\n<p>Po p\u0159ejet\u00ed Col de Vars (2108 m) \u010dek\u00e1 na cestovatele m\u011bste\u010dko Barcelonnette a za n\u00edm pr\u016fsmyk Col de la Cayolle (2326 m) v&nbsp;n\u00e1rodn\u00edm parku Mercantour. Trasa pod\u00e9l \u0159eky Var je jedn\u00edm z&nbsp;nejkr\u00e1sn\u011bj\u0161\u00edch \u00fasek\u016f Route des Grandes Alpes.<\/p>\n\n\n\n<p>Pokud chcete poznat n\u00e1rodn\u00ed park Mercantour, skv\u011bl\u00fdm v\u00fdchoz\u00edm bodem bude obec Valberg ve fransouzsk\u00e9 \u010d\u00e1sti P\u0159\u00edmo\u0159sk\u00fdch Alp, kter\u00e1 le\u017e\u00ed jen hodinu j\u00edzdy od pob\u0159e\u017e\u00ed st\u0159edozemn\u00edho mo\u0159e. Hezk\u00fdm a doporu\u010dovan\u00fdm m\u00edstem ke kempov\u00e1n\u00ed je kemp Camping de l&#8217;Amiti\u00e9. D\u016fle\u017eitou informac\u00ed v\u0161ak je, \u017ee do n\u00e1rodn\u00edho parku Mercantour nen\u00ed povolen\u00fd vstup se psy a plat\u00ed to i pro ty na vod\u00edtku.<\/p>\n\n\n\n<figure class=\"wp-block-image size-full is-resized\"><img loading=\"lazy\" decoding=\"async\" src=\"https:\/\/all4camper.com\/\/wp-content\/uploads\/2023\/01\/Col-de-la-Cayolle.jpg\" alt=\"\" class=\"wp-image-142908\" width=\"734\" height=\"550\" srcset=\"https:\/\/all4camper.com\/wp-content\/uploads\/2023\/01\/Col-de-la-Cayolle.jpg 1280w, https:\/\/all4camper.com\/wp-content\/uploads\/2023\/01\/Col-de-la-Cayolle-450x338.jpg 450w, https:\/\/all4camper.com\/wp-content\/uploads\/2023\/01\/Col-de-la-Cayolle-150x113.jpg 150w, https:\/\/all4camper.com\/wp-content\/uploads\/2023\/01\/Col-de-la-Cayolle-768x576.jpg 768w, https:\/\/all4camper.com\/wp-content\/uploads\/2023\/01\/Col-de-la-Cayolle-696x522.jpg 696w\" sizes=\"auto, (max-width: 734px) 100vw, 734px\" \/><figcaption class=\"wp-element-caption\">Col de la Cayolle, Foto Pixabay<\/figcaption><\/figure>\n\n\n\n<h2 class=\"wp-block-heading\"><strong>Odpo\u010dinek na Francouzsk\u00e9 rivi\u00e9\u0159e<\/strong><\/h2>\n\n\n\n<p>Na \u00fapat\u00ed poho\u0159\u00ed Mercantour se nach\u00e1z\u00ed vesni\u010dka Saint-Martin-V\u00e9subie, kde si m\u016f\u017eete u\u017e\u00edt hory p\u0159edt\u00edm, ne\u017e zam\u00ed\u0159\u00edte k&nbsp;pob\u0159e\u017e\u00ed. Ubytovat se m\u016f\u017eete v&nbsp;kempu Camping \u00e0 la Ferme St. Joseph. P\u0159es vrchol Col de Turini (1604 m) dojedete do st\u0159edov\u011bk\u00e9 vesnice Sospel, kter\u00e1 je zn\u00e1m\u00e1 sv\u00fdm m\u00fdtn\u00fdm mostem ze 13. stolet\u00ed. Na kone\u010dnou zast\u00e1vku v Mentonu se pak dostanete po z\u00e1v\u011bre\u010dn\u00e9m stoup\u00e1n\u00ed Col de Castillon (706 m) a kone\u010dn\u011b v\u00e1s p\u0159iv\u00edt\u00e1 Francouzsk\u00e1 rivi\u00e9ra.<\/p>\n\n\n\n<figure class=\"wp-block-image size-full is-resized\"><img loading=\"lazy\" decoding=\"async\" src=\"https:\/\/all4camper.com\/\/wp-content\/uploads\/2023\/01\/Saint-Martin-Vesubie.jpeg\" alt=\"\" class=\"wp-image-142910\" width=\"734\" height=\"414\" srcset=\"https:\/\/all4camper.com\/wp-content\/uploads\/2023\/01\/Saint-Martin-Vesubie.jpeg 1274w, https:\/\/all4camper.com\/wp-content\/uploads\/2023\/01\/Saint-Martin-Vesubie-450x254.jpeg 450w, https:\/\/all4camper.com\/wp-content\/uploads\/2023\/01\/Saint-Martin-Vesubie-150x85.jpeg 150w, https:\/\/all4camper.com\/wp-content\/uploads\/2023\/01\/Saint-Martin-Vesubie-768x434.jpeg 768w, https:\/\/all4camper.com\/wp-content\/uploads\/2023\/01\/Saint-Martin-Vesubie-696x393.jpeg 696w\" sizes=\"auto, (max-width: 734px) 100vw, 734px\" \/><figcaption class=\"wp-element-caption\">Saint-Martin-V\u00e9subie, Foto Jpchevreau<\/figcaption><\/figure>\n\n\n\n<p>Route des Grandes Alpes byla otev\u0159ena u\u017e v&nbsp;roce 1912, ale n\u011bkter\u00e9 \u00faseky byly dokon\u010deny a\u017e v&nbsp;roce 1937. V&nbsp;roce 2012 byla Route des Grandes Alpes je\u0161t\u011b nav\u00edc prodlou\u017eena a pokud chcete pokra\u010dovat v&nbsp;j\u00edzd\u011b, m\u016f\u017eete se vydat p\u0159es Col d&#8217;\u00c8ze do Nice. V&nbsp;Nice se nach\u00e1z\u00ed spousta kemp\u016f, kde se m\u016f\u017eete ubytovat a u\u017e\u00edt si pobyt na Francouzsk\u00e9 rivi\u00e9\u0159e.<\/p>\n","protected":false},"excerpt":{"rendered":"<p>Silnice Route des Grandes Alpes pat\u0159\u00ed mezi nejkr\u00e1sn\u011bj\u0161\u00ed alpsk\u00e9 trasy a je snem mnoha \u0159idi\u010d\u016f a milovn\u00edk\u016f dobrodru\u017estv\u00ed. Na t\u00e9m\u011b\u0159 700 kilometrech \u010dek\u00e1 spousta zat\u00e1\u010dek, pr\u016fsmyk\u016f a \u00fachvatn\u00fdch v\u00fdhled\u016f.<\/p>\n","protected":false},"author":4,"featured_media":142902,"comment_status":"closed","ping_status":"open","sticky":false,"template":"","format":"standard","meta":{"_monsterinsights_skip_tracking":false,"_monsterinsights_sitenote_active":false,"_monsterinsights_sitenote_note":"","_monsterinsights_sitenote_category":0,"footnotes":""},"categories":[422,2373],"tags":[383,325,11763],"class_list":{"0":"post-142901","1":"post","2":"type-post","3":"status-publish","4":"format-standard","5":"has-post-thumbnail","7":"category-novinky-kempovani-a-karavaning","8":"category-ostatni-zeme","9":"tag-ostatni-zeme","10":"tag-poznavaci-dovolena","11":"tag-rss"},"yoast_head":"<!-- This site is optimized with the Yoast SEO plugin v27.5 - https:\/\/yoast.com\/product\/yoast-seo-wordpress\/ -->\n<title>Route des Grandes Alpes: Vydejte se p\u0159es nejvy\u0161\u0161\u00ed alpsk\u00e9 pr\u016fsmyky - All4Camper<\/title>\n<meta name=\"description\" content=\"All4Camper - Novinky - Kempov\u00e1n\u00ed a karavaning - Route des Grandes Alpes: Vydejte se p\u0159es nejvy\u0161\u0161\u00ed alpsk\u00e9 pr\u016fsmyky\" \/>\n<meta name=\"robots\" content=\"index, follow, max-snippet:-1, max-image-preview:large, max-video-preview:-1\" \/>\n<link rel=\"canonical\" href=\"https:\/\/all4camper.com\/cs\/route-des-grandes-alpes-vydejte-se-pres-nejvyssi-alpske-prusmyky\/\" \/>\n<meta property=\"og:locale\" content=\"cs_CZ\" \/>\n<meta property=\"og:type\" content=\"article\" \/>\n<meta property=\"og:title\" content=\"Route des Grandes Alpes: Vydejte se p\u0159es nejvy\u0161\u0161\u00ed alpsk\u00e9 pr\u016fsmyky - All4Camper\" \/>\n<meta property=\"og:description\" content=\"All4Camper - Novinky - Kempov\u00e1n\u00ed a karavaning - Route des Grandes Alpes: Vydejte se p\u0159es nejvy\u0161\u0161\u00ed alpsk\u00e9 pr\u016fsmyky\" \/>\n<meta property=\"og:url\" content=\"https:\/\/all4camper.com\/cs\/route-des-grandes-alpes-vydejte-se-pres-nejvyssi-alpske-prusmyky\/\" \/>\n<meta property=\"og:site_name\" content=\"All4Camper\" \/>\n<meta property=\"article:published_time\" content=\"2023-01-10T10:12:38+00:00\" \/>\n<meta property=\"article:modified_time\" content=\"2023-01-10T11:05:02+00:00\" \/>\n<meta property=\"og:image\" content=\"https:\/\/all4camper.com\/wp-content\/uploads\/2023\/01\/Col-du-Lautaret.jpg\" \/>\n\t<meta property=\"og:image:width\" content=\"1280\" \/>\n\t<meta property=\"og:image:height\" content=\"853\" \/>\n\t<meta property=\"og:image:type\" content=\"image\/jpeg\" \/>\n<meta name=\"author\" content=\"Kl\u00e1ra H\u00e1jkov\u00e1\" \/>\n<meta name=\"twitter:card\" content=\"summary_large_image\" \/>\n<meta name=\"twitter:label1\" content=\"Napsal(a)\" \/>\n\t<meta name=\"twitter:data1\" content=\"Kl\u00e1ra H\u00e1jkov\u00e1\" \/>\n\t<meta name=\"twitter:label2\" content=\"Odhadovan\u00e1 doba \u010dten\u00ed\" \/>\n\t<meta name=\"twitter:data2\" content=\"9 minut\" \/>\n<script type=\"application\/ld+json\" class=\"yoast-schema-graph\">{\"@context\":\"https:\\\/\\\/schema.org\",\"@graph\":[{\"@type\":\"Article\",\"@id\":\"https:\\\/\\\/all4camper.com\\\/cs\\\/route-des-grandes-alpes-vydejte-se-pres-nejvyssi-alpske-prusmyky\\\/#article\",\"isPartOf\":{\"@id\":\"https:\\\/\\\/all4camper.com\\\/cs\\\/route-des-grandes-alpes-vydejte-se-pres-nejvyssi-alpske-prusmyky\\\/\"},\"author\":{\"name\":\"Kl\u00e1ra H\u00e1jkov\u00e1\",\"@id\":\"https:\\\/\\\/all4camper.com\\\/cs\\\/#\\\/schema\\\/person\\\/c6f1efdf1d02bc7d8c53a891cbe18c62\"},\"headline\":\"Route des Grandes Alpes: Vydejte se p\u0159es nejvy\u0161\u0161\u00ed alpsk\u00e9 pr\u016fsmyky\",\"datePublished\":\"2023-01-10T10:12:38+00:00\",\"dateModified\":\"2023-01-10T11:05:02+00:00\",\"mainEntityOfPage\":{\"@id\":\"https:\\\/\\\/all4camper.com\\\/cs\\\/route-des-grandes-alpes-vydejte-se-pres-nejvyssi-alpske-prusmyky\\\/\"},\"wordCount\":1759,\"publisher\":{\"@id\":\"https:\\\/\\\/all4camper.com\\\/cs\\\/#organization\"},\"image\":{\"@id\":\"https:\\\/\\\/all4camper.com\\\/cs\\\/route-des-grandes-alpes-vydejte-se-pres-nejvyssi-alpske-prusmyky\\\/#primaryimage\"},\"thumbnailUrl\":\"https:\\\/\\\/all4camper.com\\\/wp-content\\\/uploads\\\/2023\\\/01\\\/Col-du-Lautaret.jpg\",\"keywords\":[\"Ostatn\u00ed zem\u011b\",\"Pozn\u00e1vac\u00ed dovolen\u00e1\",\"rss\"],\"articleSection\":[\"Novinky - Kempov\u00e1n\u00ed a karavaning\",\"Ostatn\u00ed zem\u011b\"],\"inLanguage\":\"cs\"},{\"@type\":\"WebPage\",\"@id\":\"https:\\\/\\\/all4camper.com\\\/cs\\\/route-des-grandes-alpes-vydejte-se-pres-nejvyssi-alpske-prusmyky\\\/\",\"url\":\"https:\\\/\\\/all4camper.com\\\/cs\\\/route-des-grandes-alpes-vydejte-se-pres-nejvyssi-alpske-prusmyky\\\/\",\"name\":\"Route des Grandes Alpes: Vydejte se p\u0159es nejvy\u0161\u0161\u00ed alpsk\u00e9 pr\u016fsmyky - All4Camper\",\"isPartOf\":{\"@id\":\"https:\\\/\\\/all4camper.com\\\/cs\\\/#website\"},\"primaryImageOfPage\":{\"@id\":\"https:\\\/\\\/all4camper.com\\\/cs\\\/route-des-grandes-alpes-vydejte-se-pres-nejvyssi-alpske-prusmyky\\\/#primaryimage\"},\"image\":{\"@id\":\"https:\\\/\\\/all4camper.com\\\/cs\\\/route-des-grandes-alpes-vydejte-se-pres-nejvyssi-alpske-prusmyky\\\/#primaryimage\"},\"thumbnailUrl\":\"https:\\\/\\\/all4camper.com\\\/wp-content\\\/uploads\\\/2023\\\/01\\\/Col-du-Lautaret.jpg\",\"datePublished\":\"2023-01-10T10:12:38+00:00\",\"dateModified\":\"2023-01-10T11:05:02+00:00\",\"description\":\"All4Camper - Novinky - Kempov\u00e1n\u00ed a karavaning - Route des Grandes Alpes: Vydejte se p\u0159es nejvy\u0161\u0161\u00ed alpsk\u00e9 pr\u016fsmyky\",\"breadcrumb\":{\"@id\":\"https:\\\/\\\/all4camper.com\\\/cs\\\/route-des-grandes-alpes-vydejte-se-pres-nejvyssi-alpske-prusmyky\\\/#breadcrumb\"},\"inLanguage\":\"cs\",\"potentialAction\":[{\"@type\":\"ReadAction\",\"target\":[\"https:\\\/\\\/all4camper.com\\\/cs\\\/route-des-grandes-alpes-vydejte-se-pres-nejvyssi-alpske-prusmyky\\\/\"]}]},{\"@type\":\"ImageObject\",\"inLanguage\":\"cs\",\"@id\":\"https:\\\/\\\/all4camper.com\\\/cs\\\/route-des-grandes-alpes-vydejte-se-pres-nejvyssi-alpske-prusmyky\\\/#primaryimage\",\"url\":\"https:\\\/\\\/all4camper.com\\\/wp-content\\\/uploads\\\/2023\\\/01\\\/Col-du-Lautaret.jpg\",\"contentUrl\":\"https:\\\/\\\/all4camper.com\\\/wp-content\\\/uploads\\\/2023\\\/01\\\/Col-du-Lautaret.jpg\",\"width\":1280,\"height\":853},{\"@type\":\"BreadcrumbList\",\"@id\":\"https:\\\/\\\/all4camper.com\\\/cs\\\/route-des-grandes-alpes-vydejte-se-pres-nejvyssi-alpske-prusmyky\\\/#breadcrumb\",\"itemListElement\":[{\"@type\":\"ListItem\",\"position\":1,\"name\":\"Dom\u016f\",\"item\":\"https:\\\/\\\/all4camper.com\\\/cs\\\/\"},{\"@type\":\"ListItem\",\"position\":2,\"name\":\"Novinky - Kempov\u00e1n\u00ed a karavaning\",\"item\":\"https:\\\/\\\/all4camper.com\\\/cs\\\/category\\\/novinky-kempovani-a-karavaning\\\/\"},{\"@type\":\"ListItem\",\"position\":3,\"name\":\"Route des Grandes Alpes: Vydejte se p\u0159es nejvy\u0161\u0161\u00ed alpsk\u00e9 pr\u016fsmyky\"}]},{\"@type\":\"WebSite\",\"@id\":\"https:\\\/\\\/all4camper.com\\\/cs\\\/#website\",\"url\":\"https:\\\/\\\/all4camper.com\\\/cs\\\/\",\"name\":\"All4Camper\",\"description\":\"Nejv\u011bt\u0161\u00ed online magaz\u00edn o kempov\u00e1n\u00ed a karavaninku. V\u00edce jak 900 \u010dl\u00e1nk\u016f pln\u00fdch rad a tip\u016f o kempech a kempov\u00e1n\u00ed.\",\"publisher\":{\"@id\":\"https:\\\/\\\/all4camper.com\\\/cs\\\/#organization\"},\"potentialAction\":[{\"@type\":\"SearchAction\",\"target\":{\"@type\":\"EntryPoint\",\"urlTemplate\":\"https:\\\/\\\/all4camper.com\\\/cs\\\/?s={search_term_string}\"},\"query-input\":{\"@type\":\"PropertyValueSpecification\",\"valueRequired\":true,\"valueName\":\"search_term_string\"}}],\"inLanguage\":\"cs\"},{\"@type\":\"Organization\",\"@id\":\"https:\\\/\\\/all4camper.com\\\/cs\\\/#organization\",\"name\":\"All4Camper - kempujeme s Kl\u00e1rou\",\"url\":\"https:\\\/\\\/all4camper.com\\\/cs\\\/\",\"logo\":{\"@type\":\"ImageObject\",\"inLanguage\":\"cs\",\"@id\":\"https:\\\/\\\/all4camper.com\\\/cs\\\/#\\\/schema\\\/logo\\\/image\\\/\",\"url\":\"https:\\\/\\\/all4camper.com\\\/wp-content\\\/uploads\\\/2018\\\/09\\\/novelogo.png\",\"contentUrl\":\"https:\\\/\\\/all4camper.com\\\/wp-content\\\/uploads\\\/2018\\\/09\\\/novelogo.png\",\"width\":1520,\"height\":600,\"caption\":\"All4Camper - kempujeme s Kl\u00e1rou\"},\"image\":{\"@id\":\"https:\\\/\\\/all4camper.com\\\/cs\\\/#\\\/schema\\\/logo\\\/image\\\/\"}},{\"@type\":\"Person\",\"@id\":\"https:\\\/\\\/all4camper.com\\\/cs\\\/#\\\/schema\\\/person\\\/c6f1efdf1d02bc7d8c53a891cbe18c62\",\"name\":\"Kl\u00e1ra H\u00e1jkov\u00e1\",\"sameAs\":[\"http:\\\/\\\/www.all4camper.com\"],\"url\":\"https:\\\/\\\/all4camper.com\\\/cs\\\/author\\\/klarinkacestuje1\\\/\"}]}<\/script>\n<!-- \/ Yoast SEO plugin. -->","yoast_head_json":{"title":"Route des Grandes Alpes: Vydejte se p\u0159es nejvy\u0161\u0161\u00ed alpsk\u00e9 pr\u016fsmyky - All4Camper","description":"All4Camper - Novinky - Kempov\u00e1n\u00ed a karavaning - Route des Grandes Alpes: Vydejte se p\u0159es nejvy\u0161\u0161\u00ed alpsk\u00e9 pr\u016fsmyky","robots":{"index":"index","follow":"follow","max-snippet":"max-snippet:-1","max-image-preview":"max-image-preview:large","max-video-preview":"max-video-preview:-1"},"canonical":"https:\/\/all4camper.com\/cs\/route-des-grandes-alpes-vydejte-se-pres-nejvyssi-alpske-prusmyky\/","og_locale":"cs_CZ","og_type":"article","og_title":"Route des Grandes Alpes: Vydejte se p\u0159es nejvy\u0161\u0161\u00ed alpsk\u00e9 pr\u016fsmyky - All4Camper","og_description":"All4Camper - Novinky - Kempov\u00e1n\u00ed a karavaning - Route des Grandes Alpes: Vydejte se p\u0159es nejvy\u0161\u0161\u00ed alpsk\u00e9 pr\u016fsmyky","og_url":"https:\/\/all4camper.com\/cs\/route-des-grandes-alpes-vydejte-se-pres-nejvyssi-alpske-prusmyky\/","og_site_name":"All4Camper","article_published_time":"2023-01-10T10:12:38+00:00","article_modified_time":"2023-01-10T11:05:02+00:00","og_image":[{"width":1280,"height":853,"url":"https:\/\/all4camper.com\/wp-content\/uploads\/2023\/01\/Col-du-Lautaret.jpg","type":"image\/jpeg"}],"author":"Kl\u00e1ra H\u00e1jkov\u00e1","twitter_card":"summary_large_image","twitter_misc":{"Napsal(a)":"Kl\u00e1ra H\u00e1jkov\u00e1","Odhadovan\u00e1 doba \u010dten\u00ed":"9 minut"},"schema":{"@context":"https:\/\/schema.org","@graph":[{"@type":"Article","@id":"https:\/\/all4camper.com\/cs\/route-des-grandes-alpes-vydejte-se-pres-nejvyssi-alpske-prusmyky\/#article","isPartOf":{"@id":"https:\/\/all4camper.com\/cs\/route-des-grandes-alpes-vydejte-se-pres-nejvyssi-alpske-prusmyky\/"},"author":{"name":"Kl\u00e1ra H\u00e1jkov\u00e1","@id":"https:\/\/all4camper.com\/cs\/#\/schema\/person\/c6f1efdf1d02bc7d8c53a891cbe18c62"},"headline":"Route des Grandes Alpes: Vydejte se p\u0159es nejvy\u0161\u0161\u00ed alpsk\u00e9 pr\u016fsmyky","datePublished":"2023-01-10T10:12:38+00:00","dateModified":"2023-01-10T11:05:02+00:00","mainEntityOfPage":{"@id":"https:\/\/all4camper.com\/cs\/route-des-grandes-alpes-vydejte-se-pres-nejvyssi-alpske-prusmyky\/"},"wordCount":1759,"publisher":{"@id":"https:\/\/all4camper.com\/cs\/#organization"},"image":{"@id":"https:\/\/all4camper.com\/cs\/route-des-grandes-alpes-vydejte-se-pres-nejvyssi-alpske-prusmyky\/#primaryimage"},"thumbnailUrl":"https:\/\/all4camper.com\/wp-content\/uploads\/2023\/01\/Col-du-Lautaret.jpg","keywords":["Ostatn\u00ed zem\u011b","Pozn\u00e1vac\u00ed dovolen\u00e1","rss"],"articleSection":["Novinky - Kempov\u00e1n\u00ed a karavaning","Ostatn\u00ed zem\u011b"],"inLanguage":"cs"},{"@type":"WebPage","@id":"https:\/\/all4camper.com\/cs\/route-des-grandes-alpes-vydejte-se-pres-nejvyssi-alpske-prusmyky\/","url":"https:\/\/all4camper.com\/cs\/route-des-grandes-alpes-vydejte-se-pres-nejvyssi-alpske-prusmyky\/","name":"Route des Grandes Alpes: Vydejte se p\u0159es nejvy\u0161\u0161\u00ed alpsk\u00e9 pr\u016fsmyky - All4Camper","isPartOf":{"@id":"https:\/\/all4camper.com\/cs\/#website"},"primaryImageOfPage":{"@id":"https:\/\/all4camper.com\/cs\/route-des-grandes-alpes-vydejte-se-pres-nejvyssi-alpske-prusmyky\/#primaryimage"},"image":{"@id":"https:\/\/all4camper.com\/cs\/route-des-grandes-alpes-vydejte-se-pres-nejvyssi-alpske-prusmyky\/#primaryimage"},"thumbnailUrl":"https:\/\/all4camper.com\/wp-content\/uploads\/2023\/01\/Col-du-Lautaret.jpg","datePublished":"2023-01-10T10:12:38+00:00","dateModified":"2023-01-10T11:05:02+00:00","description":"All4Camper - Novinky - Kempov\u00e1n\u00ed a karavaning - Route des Grandes Alpes: Vydejte se p\u0159es nejvy\u0161\u0161\u00ed alpsk\u00e9 pr\u016fsmyky","breadcrumb":{"@id":"https:\/\/all4camper.com\/cs\/route-des-grandes-alpes-vydejte-se-pres-nejvyssi-alpske-prusmyky\/#breadcrumb"},"inLanguage":"cs","potentialAction":[{"@type":"ReadAction","target":["https:\/\/all4camper.com\/cs\/route-des-grandes-alpes-vydejte-se-pres-nejvyssi-alpske-prusmyky\/"]}]},{"@type":"ImageObject","inLanguage":"cs","@id":"https:\/\/all4camper.com\/cs\/route-des-grandes-alpes-vydejte-se-pres-nejvyssi-alpske-prusmyky\/#primaryimage","url":"https:\/\/all4camper.com\/wp-content\/uploads\/2023\/01\/Col-du-Lautaret.jpg","contentUrl":"https:\/\/all4camper.com\/wp-content\/uploads\/2023\/01\/Col-du-Lautaret.jpg","width":1280,"height":853},{"@type":"BreadcrumbList","@id":"https:\/\/all4camper.com\/cs\/route-des-grandes-alpes-vydejte-se-pres-nejvyssi-alpske-prusmyky\/#breadcrumb","itemListElement":[{"@type":"ListItem","position":1,"name":"Dom\u016f","item":"https:\/\/all4camper.com\/cs\/"},{"@type":"ListItem","position":2,"name":"Novinky - Kempov\u00e1n\u00ed a karavaning","item":"https:\/\/all4camper.com\/cs\/category\/novinky-kempovani-a-karavaning\/"},{"@type":"ListItem","position":3,"name":"Route des Grandes Alpes: Vydejte se p\u0159es nejvy\u0161\u0161\u00ed alpsk\u00e9 pr\u016fsmyky"}]},{"@type":"WebSite","@id":"https:\/\/all4camper.com\/cs\/#website","url":"https:\/\/all4camper.com\/cs\/","name":"All4Camper","description":"Nejv\u011bt\u0161\u00ed online magaz\u00edn o kempov\u00e1n\u00ed a karavaninku. V\u00edce jak 900 \u010dl\u00e1nk\u016f pln\u00fdch rad a tip\u016f o kempech a kempov\u00e1n\u00ed.","publisher":{"@id":"https:\/\/all4camper.com\/cs\/#organization"},"potentialAction":[{"@type":"SearchAction","target":{"@type":"EntryPoint","urlTemplate":"https:\/\/all4camper.com\/cs\/?s={search_term_string}"},"query-input":{"@type":"PropertyValueSpecification","valueRequired":true,"valueName":"search_term_string"}}],"inLanguage":"cs"},{"@type":"Organization","@id":"https:\/\/all4camper.com\/cs\/#organization","name":"All4Camper - kempujeme s Kl\u00e1rou","url":"https:\/\/all4camper.com\/cs\/","logo":{"@type":"ImageObject","inLanguage":"cs","@id":"https:\/\/all4camper.com\/cs\/#\/schema\/logo\/image\/","url":"https:\/\/all4camper.com\/wp-content\/uploads\/2018\/09\/novelogo.png","contentUrl":"https:\/\/all4camper.com\/wp-content\/uploads\/2018\/09\/novelogo.png","width":1520,"height":600,"caption":"All4Camper - kempujeme s Kl\u00e1rou"},"image":{"@id":"https:\/\/all4camper.com\/cs\/#\/schema\/logo\/image\/"}},{"@type":"Person","@id":"https:\/\/all4camper.com\/cs\/#\/schema\/person\/c6f1efdf1d02bc7d8c53a891cbe18c62","name":"Kl\u00e1ra H\u00e1jkov\u00e1","sameAs":["http:\/\/www.all4camper.com"],"url":"https:\/\/all4camper.com\/cs\/author\/klarinkacestuje1\/"}]}},"_links":{"self":[{"href":"https:\/\/all4camper.com\/cs\/wp-json\/wp\/v2\/posts\/142901","targetHints":{"allow":["GET"]}}],"collection":[{"href":"https:\/\/all4camper.com\/cs\/wp-json\/wp\/v2\/posts"}],"about":[{"href":"https:\/\/all4camper.com\/cs\/wp-json\/wp\/v2\/types\/post"}],"author":[{"embeddable":true,"href":"https:\/\/all4camper.com\/cs\/wp-json\/wp\/v2\/users\/4"}],"replies":[{"embeddable":true,"href":"https:\/\/all4camper.com\/cs\/wp-json\/wp\/v2\/comments?post=142901"}],"version-history":[{"count":0,"href":"https:\/\/all4camper.com\/cs\/wp-json\/wp\/v2\/posts\/142901\/revisions"}],"wp:featuredmedia":[{"embeddable":true,"href":"https:\/\/all4camper.com\/cs\/wp-json\/wp\/v2\/media\/142902"}],"wp:attachment":[{"href":"https:\/\/all4camper.com\/cs\/wp-json\/wp\/v2\/media?parent=142901"}],"wp:term":[{"taxonomy":"category","embeddable":true,"href":"https:\/\/all4camper.com\/cs\/wp-json\/wp\/v2\/categories?post=142901"},{"taxonomy":"post_tag","embeddable":true,"href":"https:\/\/all4camper.com\/cs\/wp-json\/wp\/v2\/tags?post=142901"}],"curies":[{"name":"wp","href":"https:\/\/api.w.org\/{rel}","templated":true}]}}