{"id":142563,"date":"2022-12-18T08:00:00","date_gmt":"2022-12-18T07:00:00","guid":{"rendered":"https:\/\/all4camper.com\/\/?p=142563"},"modified":"2022-12-15T12:20:16","modified_gmt":"2022-12-15T11:20:16","slug":"skladaci-kola-jsou-perfektnim-spolecnikem-pri-vasich-cestach-karavanem","status":"publish","type":"post","link":"https:\/\/all4camper.com\/cs\/skladaci-kola-jsou-perfektnim-spolecnikem-pri-vasich-cestach-karavanem\/","title":{"rendered":"Skl\u00e1dac\u00ed kola jsou perfektn\u00edm spole\u010dn\u00edkem p\u0159i va\u0161ich cest\u00e1ch karavanem"},"content":{"rendered":"\n<p>V\u011bt\u0161ina karavanist\u016f holduje i cyklistice. Pro n\u011bkoho je to nutnost, aby se od sv\u00e9ho obytn\u00e9ho vozu dostal pohodln\u011b t\u0159eba na n\u00e1kup nebo na krat\u0161\u00ed v\u00fdlet, pro jin\u00e9ho je to zaj\u00edmav\u00fd zp\u016fsob tr\u00e1ven\u00ed voln\u00e9ho \u010dasu s rodinou, a pro dal\u0161\u00edho \u017eivotn\u00ed styl. <\/p>\n\n\n\n<figure class=\"wp-block-image size-full is-resized\"><img loading=\"lazy\" decoding=\"async\" src=\"https:\/\/all4camper.com\/\/wp-content\/uploads\/2022\/12\/karavan-skladaci-elektrokola.jpeg\" alt=\"\" class=\"wp-image-142565\" width=\"734\" height=\"489\" srcset=\"https:\/\/all4camper.com\/wp-content\/uploads\/2022\/12\/karavan-skladaci-elektrokola.jpeg 800w, https:\/\/all4camper.com\/wp-content\/uploads\/2022\/12\/karavan-skladaci-elektrokola-450x300.jpeg 450w, https:\/\/all4camper.com\/wp-content\/uploads\/2022\/12\/karavan-skladaci-elektrokola-150x100.jpeg 150w, https:\/\/all4camper.com\/wp-content\/uploads\/2022\/12\/karavan-skladaci-elektrokola-768x512.jpeg 768w, https:\/\/all4camper.com\/wp-content\/uploads\/2022\/12\/karavan-skladaci-elektrokola-696x464.jpeg 696w\" sizes=\"auto, (max-width: 734px) 100vw, 734px\" \/><figcaption class=\"wp-element-caption\">Foto: AZUB bike<\/figcaption><\/figure>\n\n\n\n<p>Nejen u karavan\u016f, ale i u obytn\u00fdch voz\u016f, se \u010dasto \u0159e\u0161\u00ed ot\u00e1zka uskladn\u011bn\u00ed kol a jak je nejl\u00e9pe p\u0159ev\u00e1\u017eet. A co takhle vyzkou\u0161et skl\u00e1dac\u00ed kola? Nab\u00eddka na trhu je \u0161irok\u00e1 a dok\u00e1\u017ee pokr\u00fdt pot\u0159eby v\u0161ech kategori\u00ed cyklist\u016f. O skl\u00e1dac\u00edch kolech do karavanu \u010di obytn\u00e9ho vozu jsme si pov\u00eddali s Honzou Gallou ze spole\u010dnosti <a href=\"https:\/\/www.azub.cz\/\" target=\"_blank\" rel=\"noreferrer noopener\">AZUB bike<\/a>.<\/p>\n\n\n\n<figure class=\"wp-block-image size-full\"><img loading=\"lazy\" decoding=\"async\" width=\"1620\" height=\"1080\" src=\"https:\/\/all4camper.com\/\/wp-content\/uploads\/2022\/12\/skladaci-elektrokolo-s-motorem-bosch-active-line-plus.jpeg\" alt=\"\" class=\"wp-image-142567\" srcset=\"https:\/\/all4camper.com\/wp-content\/uploads\/2022\/12\/skladaci-elektrokolo-s-motorem-bosch-active-line-plus.jpeg 1620w, https:\/\/all4camper.com\/wp-content\/uploads\/2022\/12\/skladaci-elektrokolo-s-motorem-bosch-active-line-plus-450x300.jpeg 450w, https:\/\/all4camper.com\/wp-content\/uploads\/2022\/12\/skladaci-elektrokolo-s-motorem-bosch-active-line-plus-150x100.jpeg 150w, https:\/\/all4camper.com\/wp-content\/uploads\/2022\/12\/skladaci-elektrokolo-s-motorem-bosch-active-line-plus-768x512.jpeg 768w, https:\/\/all4camper.com\/wp-content\/uploads\/2022\/12\/skladaci-elektrokolo-s-motorem-bosch-active-line-plus-1536x1024.jpeg 1536w, https:\/\/all4camper.com\/wp-content\/uploads\/2022\/12\/skladaci-elektrokolo-s-motorem-bosch-active-line-plus-696x464.jpeg 696w, https:\/\/all4camper.com\/wp-content\/uploads\/2022\/12\/skladaci-elektrokolo-s-motorem-bosch-active-line-plus-1392x928.jpeg 1392w\" sizes=\"auto, (max-width: 1620px) 100vw, 1620px\" \/><figcaption class=\"wp-element-caption\">Foto: AZUB bike<\/figcaption><\/figure>\n\n\n\n<figure class=\"wp-block-embed is-type-rich is-provider-spotify wp-block-embed-spotify wp-embed-aspect-21-9 wp-has-aspect-ratio\"><div class=\"wp-block-embed__wrapper\">\n<iframe title=\"Spotify Embed: #22 Ide\u00e1ln\u00ed spole\u010dn\u00edk do obytn\u00e9ho auta? Skl\u00e1dac\u00ed kola!\" style=\"border-radius: 12px\" width=\"100%\" height=\"152\" frameborder=\"0\" allowfullscreen allow=\"autoplay; clipboard-write; encrypted-media; fullscreen; picture-in-picture\" loading=\"lazy\" src=\"https:\/\/open.spotify.com\/embed\/episode\/7FGRFi2mp53GnxRuaz0nok?utm_source=oembed\"><\/iframe>\n<\/div><\/figure>\n","protected":false},"excerpt":{"rendered":"<p>V\u011bt\u0161ina karavanist\u016f holduje i cyklistice. Pro n\u011bkoho je to nutnost, aby se od sv\u00e9ho obytn\u00e9ho vozu dostal pohodln\u011b t\u0159eba na n\u00e1kup nebo na krat\u0161\u00ed v\u00fdlet, pro jin\u00e9ho je to zaj\u00edmav\u00fd zp\u016fsob tr\u00e1ven\u00ed voln\u00e9ho \u010dasu s rodinou, a pro dal\u0161\u00edho \u017eivotn\u00ed styl. Nejen u karavan\u016f, ale i u obytn\u00fdch voz\u016f, se \u010dasto \u0159e\u0161\u00ed ot\u00e1zka uskladn\u011bn\u00ed kol [&hellip;]<\/p>\n","protected":false},"author":4,"featured_media":142565,"comment_status":"closed","ping_status":"open","sticky":false,"template":"","format":"audio","meta":{"_monsterinsights_skip_tracking":false,"_monsterinsights_sitenote_active":false,"_monsterinsights_sitenote_note":"","_monsterinsights_sitenote_category":0,"footnotes":""},"categories":[422,8209,11699],"tags":[11700,226,11755],"class_list":{"0":"post-142563","1":"post","2":"type-post","3":"status-publish","4":"format-audio","5":"has-post-thumbnail","7":"category-novinky-kempovani-a-karavaning","8":"category-rady-tipy-informace","9":"category-podcasty-studio-karavan","10":"tag-podcast","11":"tag-rady-a-tipy","12":"tag-studiokaravan","13":"post_format-post-format-audio"},"yoast_head":"<!-- This site is optimized with the Yoast SEO plugin v27.5 - https:\/\/yoast.com\/product\/yoast-seo-wordpress\/ -->\n<title>Skl\u00e1dac\u00ed kola jsou perfektn\u00edm spole\u010dn\u00edkem p\u0159i va\u0161ich cest\u00e1ch karavanem - All4Camper<\/title>\n<meta name=\"description\" content=\"Nejen u karavan\u016f, ale i u obytn\u00fdch voz\u016f, se \u010dasto \u0159e\u0161\u00ed ot\u00e1zka uskladn\u011bn\u00ed kol a jak je nejl\u00e9pe p\u0159ev\u00e1\u017eet. A co takhle vyzkou\u0161et skl\u00e1dac\u00ed kola? Nab\u00eddka na trhu je \u0161irok\u00e1 a dok\u00e1\u017ee pokr\u00fdt pot\u0159eby v\u0161ech kategori\u00ed cyklist\u016f.\" \/>\n<meta name=\"robots\" content=\"index, follow, max-snippet:-1, max-image-preview:large, max-video-preview:-1\" \/>\n<link rel=\"canonical\" href=\"https:\/\/all4camper.com\/cs\/skladaci-kola-jsou-perfektnim-spolecnikem-pri-vasich-cestach-karavanem\/\" \/>\n<meta property=\"og:locale\" content=\"cs_CZ\" \/>\n<meta property=\"og:type\" content=\"article\" \/>\n<meta property=\"og:title\" content=\"Skl\u00e1dac\u00ed kola jsou perfektn\u00edm spole\u010dn\u00edkem p\u0159i va\u0161ich cest\u00e1ch karavanem - All4Camper\" \/>\n<meta property=\"og:description\" content=\"Nejen u karavan\u016f, ale i u obytn\u00fdch voz\u016f, se \u010dasto \u0159e\u0161\u00ed ot\u00e1zka uskladn\u011bn\u00ed kol a jak je nejl\u00e9pe p\u0159ev\u00e1\u017eet. A co takhle vyzkou\u0161et skl\u00e1dac\u00ed kola? Nab\u00eddka na trhu je \u0161irok\u00e1 a dok\u00e1\u017ee pokr\u00fdt pot\u0159eby v\u0161ech kategori\u00ed cyklist\u016f.\" \/>\n<meta property=\"og:url\" content=\"https:\/\/all4camper.com\/cs\/skladaci-kola-jsou-perfektnim-spolecnikem-pri-vasich-cestach-karavanem\/\" \/>\n<meta property=\"og:site_name\" content=\"All4Camper\" \/>\n<meta property=\"article:published_time\" content=\"2022-12-18T07:00:00+00:00\" \/>\n<meta property=\"og:image\" content=\"https:\/\/all4camper.com\/wp-content\/uploads\/2022\/12\/karavan-skladaci-elektrokola.jpeg\" \/>\n\t<meta property=\"og:image:width\" content=\"800\" \/>\n\t<meta property=\"og:image:height\" content=\"533\" \/>\n\t<meta property=\"og:image:type\" content=\"image\/jpeg\" \/>\n<meta name=\"author\" content=\"Kl\u00e1ra H\u00e1jkov\u00e1\" \/>\n<meta name=\"twitter:card\" content=\"summary_large_image\" \/>\n<meta name=\"twitter:label1\" content=\"Napsal(a)\" \/>\n\t<meta name=\"twitter:data1\" content=\"Kl\u00e1ra H\u00e1jkov\u00e1\" \/>\n\t<meta name=\"twitter:label2\" content=\"Odhadovan\u00e1 doba \u010dten\u00ed\" \/>\n\t<meta name=\"twitter:data2\" content=\"1 minuta\" \/>\n<script type=\"application\/ld+json\" class=\"yoast-schema-graph\">{\"@context\":\"https:\\\/\\\/schema.org\",\"@graph\":[{\"@type\":\"Article\",\"@id\":\"https:\\\/\\\/all4camper.com\\\/cs\\\/skladaci-kola-jsou-perfektnim-spolecnikem-pri-vasich-cestach-karavanem\\\/#article\",\"isPartOf\":{\"@id\":\"https:\\\/\\\/all4camper.com\\\/cs\\\/skladaci-kola-jsou-perfektnim-spolecnikem-pri-vasich-cestach-karavanem\\\/\"},\"author\":{\"name\":\"Kl\u00e1ra H\u00e1jkov\u00e1\",\"@id\":\"https:\\\/\\\/all4camper.com\\\/cs\\\/#\\\/schema\\\/person\\\/c6f1efdf1d02bc7d8c53a891cbe18c62\"},\"headline\":\"Skl\u00e1dac\u00ed kola jsou perfektn\u00edm spole\u010dn\u00edkem p\u0159i va\u0161ich cest\u00e1ch karavanem\",\"datePublished\":\"2022-12-18T07:00:00+00:00\",\"mainEntityOfPage\":{\"@id\":\"https:\\\/\\\/all4camper.com\\\/cs\\\/skladaci-kola-jsou-perfektnim-spolecnikem-pri-vasich-cestach-karavanem\\\/\"},\"wordCount\":159,\"publisher\":{\"@id\":\"https:\\\/\\\/all4camper.com\\\/cs\\\/#organization\"},\"image\":{\"@id\":\"https:\\\/\\\/all4camper.com\\\/cs\\\/skladaci-kola-jsou-perfektnim-spolecnikem-pri-vasich-cestach-karavanem\\\/#primaryimage\"},\"thumbnailUrl\":\"https:\\\/\\\/all4camper.com\\\/wp-content\\\/uploads\\\/2022\\\/12\\\/karavan-skladaci-elektrokola.jpeg\",\"keywords\":[\"podcast\",\"Rady-tipy-informace\",\"studiokaravan\"],\"articleSection\":[\"Novinky - Kempov\u00e1n\u00ed a karavaning\",\"Rady, tipy, informace\",\"Studio Karavan\"],\"inLanguage\":\"cs\"},{\"@type\":\"WebPage\",\"@id\":\"https:\\\/\\\/all4camper.com\\\/cs\\\/skladaci-kola-jsou-perfektnim-spolecnikem-pri-vasich-cestach-karavanem\\\/\",\"url\":\"https:\\\/\\\/all4camper.com\\\/cs\\\/skladaci-kola-jsou-perfektnim-spolecnikem-pri-vasich-cestach-karavanem\\\/\",\"name\":\"Skl\u00e1dac\u00ed kola jsou perfektn\u00edm spole\u010dn\u00edkem p\u0159i va\u0161ich cest\u00e1ch karavanem - All4Camper\",\"isPartOf\":{\"@id\":\"https:\\\/\\\/all4camper.com\\\/cs\\\/#website\"},\"primaryImageOfPage\":{\"@id\":\"https:\\\/\\\/all4camper.com\\\/cs\\\/skladaci-kola-jsou-perfektnim-spolecnikem-pri-vasich-cestach-karavanem\\\/#primaryimage\"},\"image\":{\"@id\":\"https:\\\/\\\/all4camper.com\\\/cs\\\/skladaci-kola-jsou-perfektnim-spolecnikem-pri-vasich-cestach-karavanem\\\/#primaryimage\"},\"thumbnailUrl\":\"https:\\\/\\\/all4camper.com\\\/wp-content\\\/uploads\\\/2022\\\/12\\\/karavan-skladaci-elektrokola.jpeg\",\"datePublished\":\"2022-12-18T07:00:00+00:00\",\"description\":\"Nejen u karavan\u016f, ale i u obytn\u00fdch voz\u016f, se \u010dasto \u0159e\u0161\u00ed ot\u00e1zka uskladn\u011bn\u00ed kol a jak je nejl\u00e9pe p\u0159ev\u00e1\u017eet. A co takhle vyzkou\u0161et skl\u00e1dac\u00ed kola? Nab\u00eddka na trhu je \u0161irok\u00e1 a dok\u00e1\u017ee pokr\u00fdt pot\u0159eby v\u0161ech kategori\u00ed cyklist\u016f.\",\"breadcrumb\":{\"@id\":\"https:\\\/\\\/all4camper.com\\\/cs\\\/skladaci-kola-jsou-perfektnim-spolecnikem-pri-vasich-cestach-karavanem\\\/#breadcrumb\"},\"inLanguage\":\"cs\",\"potentialAction\":[{\"@type\":\"ReadAction\",\"target\":[\"https:\\\/\\\/all4camper.com\\\/cs\\\/skladaci-kola-jsou-perfektnim-spolecnikem-pri-vasich-cestach-karavanem\\\/\"]}]},{\"@type\":\"ImageObject\",\"inLanguage\":\"cs\",\"@id\":\"https:\\\/\\\/all4camper.com\\\/cs\\\/skladaci-kola-jsou-perfektnim-spolecnikem-pri-vasich-cestach-karavanem\\\/#primaryimage\",\"url\":\"https:\\\/\\\/all4camper.com\\\/wp-content\\\/uploads\\\/2022\\\/12\\\/karavan-skladaci-elektrokola.jpeg\",\"contentUrl\":\"https:\\\/\\\/all4camper.com\\\/wp-content\\\/uploads\\\/2022\\\/12\\\/karavan-skladaci-elektrokola.jpeg\",\"width\":800,\"height\":533},{\"@type\":\"BreadcrumbList\",\"@id\":\"https:\\\/\\\/all4camper.com\\\/cs\\\/skladaci-kola-jsou-perfektnim-spolecnikem-pri-vasich-cestach-karavanem\\\/#breadcrumb\",\"itemListElement\":[{\"@type\":\"ListItem\",\"position\":1,\"name\":\"Dom\u016f\",\"item\":\"https:\\\/\\\/all4camper.com\\\/cs\\\/\"},{\"@type\":\"ListItem\",\"position\":2,\"name\":\"Novinky - Kempov\u00e1n\u00ed a karavaning\",\"item\":\"https:\\\/\\\/all4camper.com\\\/cs\\\/category\\\/novinky-kempovani-a-karavaning\\\/\"},{\"@type\":\"ListItem\",\"position\":3,\"name\":\"Skl\u00e1dac\u00ed kola jsou perfektn\u00edm spole\u010dn\u00edkem p\u0159i va\u0161ich cest\u00e1ch karavanem\"}]},{\"@type\":\"WebSite\",\"@id\":\"https:\\\/\\\/all4camper.com\\\/cs\\\/#website\",\"url\":\"https:\\\/\\\/all4camper.com\\\/cs\\\/\",\"name\":\"All4Camper\",\"description\":\"Nejv\u011bt\u0161\u00ed online magaz\u00edn o kempov\u00e1n\u00ed a karavaninku. V\u00edce jak 900 \u010dl\u00e1nk\u016f pln\u00fdch rad a tip\u016f o kempech a kempov\u00e1n\u00ed.\",\"publisher\":{\"@id\":\"https:\\\/\\\/all4camper.com\\\/cs\\\/#organization\"},\"potentialAction\":[{\"@type\":\"SearchAction\",\"target\":{\"@type\":\"EntryPoint\",\"urlTemplate\":\"https:\\\/\\\/all4camper.com\\\/cs\\\/?s={search_term_string}\"},\"query-input\":{\"@type\":\"PropertyValueSpecification\",\"valueRequired\":true,\"valueName\":\"search_term_string\"}}],\"inLanguage\":\"cs\"},{\"@type\":\"Organization\",\"@id\":\"https:\\\/\\\/all4camper.com\\\/cs\\\/#organization\",\"name\":\"All4Camper - kempujeme s Kl\u00e1rou\",\"url\":\"https:\\\/\\\/all4camper.com\\\/cs\\\/\",\"logo\":{\"@type\":\"ImageObject\",\"inLanguage\":\"cs\",\"@id\":\"https:\\\/\\\/all4camper.com\\\/cs\\\/#\\\/schema\\\/logo\\\/image\\\/\",\"url\":\"https:\\\/\\\/all4camper.com\\\/wp-content\\\/uploads\\\/2018\\\/09\\\/novelogo.png\",\"contentUrl\":\"https:\\\/\\\/all4camper.com\\\/wp-content\\\/uploads\\\/2018\\\/09\\\/novelogo.png\",\"width\":1520,\"height\":600,\"caption\":\"All4Camper - kempujeme s Kl\u00e1rou\"},\"image\":{\"@id\":\"https:\\\/\\\/all4camper.com\\\/cs\\\/#\\\/schema\\\/logo\\\/image\\\/\"}},{\"@type\":\"Person\",\"@id\":\"https:\\\/\\\/all4camper.com\\\/cs\\\/#\\\/schema\\\/person\\\/c6f1efdf1d02bc7d8c53a891cbe18c62\",\"name\":\"Kl\u00e1ra H\u00e1jkov\u00e1\",\"sameAs\":[\"http:\\\/\\\/www.all4camper.com\"],\"url\":\"https:\\\/\\\/all4camper.com\\\/cs\\\/author\\\/klarinkacestuje1\\\/\"}]}<\/script>\n<!-- \/ Yoast SEO plugin. -->","yoast_head_json":{"title":"Skl\u00e1dac\u00ed kola jsou perfektn\u00edm spole\u010dn\u00edkem p\u0159i va\u0161ich cest\u00e1ch karavanem - All4Camper","description":"Nejen u karavan\u016f, ale i u obytn\u00fdch voz\u016f, se \u010dasto \u0159e\u0161\u00ed ot\u00e1zka uskladn\u011bn\u00ed kol a jak je nejl\u00e9pe p\u0159ev\u00e1\u017eet. A co takhle vyzkou\u0161et skl\u00e1dac\u00ed kola? Nab\u00eddka na trhu je \u0161irok\u00e1 a dok\u00e1\u017ee pokr\u00fdt pot\u0159eby v\u0161ech kategori\u00ed cyklist\u016f.","robots":{"index":"index","follow":"follow","max-snippet":"max-snippet:-1","max-image-preview":"max-image-preview:large","max-video-preview":"max-video-preview:-1"},"canonical":"https:\/\/all4camper.com\/cs\/skladaci-kola-jsou-perfektnim-spolecnikem-pri-vasich-cestach-karavanem\/","og_locale":"cs_CZ","og_type":"article","og_title":"Skl\u00e1dac\u00ed kola jsou perfektn\u00edm spole\u010dn\u00edkem p\u0159i va\u0161ich cest\u00e1ch karavanem - All4Camper","og_description":"Nejen u karavan\u016f, ale i u obytn\u00fdch voz\u016f, se \u010dasto \u0159e\u0161\u00ed ot\u00e1zka uskladn\u011bn\u00ed kol a jak je nejl\u00e9pe p\u0159ev\u00e1\u017eet. A co takhle vyzkou\u0161et skl\u00e1dac\u00ed kola? Nab\u00eddka na trhu je \u0161irok\u00e1 a dok\u00e1\u017ee pokr\u00fdt pot\u0159eby v\u0161ech kategori\u00ed cyklist\u016f.","og_url":"https:\/\/all4camper.com\/cs\/skladaci-kola-jsou-perfektnim-spolecnikem-pri-vasich-cestach-karavanem\/","og_site_name":"All4Camper","article_published_time":"2022-12-18T07:00:00+00:00","og_image":[{"width":800,"height":533,"url":"https:\/\/all4camper.com\/wp-content\/uploads\/2022\/12\/karavan-skladaci-elektrokola.jpeg","type":"image\/jpeg"}],"author":"Kl\u00e1ra H\u00e1jkov\u00e1","twitter_card":"summary_large_image","twitter_misc":{"Napsal(a)":"Kl\u00e1ra H\u00e1jkov\u00e1","Odhadovan\u00e1 doba \u010dten\u00ed":"1 minuta"},"schema":{"@context":"https:\/\/schema.org","@graph":[{"@type":"Article","@id":"https:\/\/all4camper.com\/cs\/skladaci-kola-jsou-perfektnim-spolecnikem-pri-vasich-cestach-karavanem\/#article","isPartOf":{"@id":"https:\/\/all4camper.com\/cs\/skladaci-kola-jsou-perfektnim-spolecnikem-pri-vasich-cestach-karavanem\/"},"author":{"name":"Kl\u00e1ra H\u00e1jkov\u00e1","@id":"https:\/\/all4camper.com\/cs\/#\/schema\/person\/c6f1efdf1d02bc7d8c53a891cbe18c62"},"headline":"Skl\u00e1dac\u00ed kola jsou perfektn\u00edm spole\u010dn\u00edkem p\u0159i va\u0161ich cest\u00e1ch karavanem","datePublished":"2022-12-18T07:00:00+00:00","mainEntityOfPage":{"@id":"https:\/\/all4camper.com\/cs\/skladaci-kola-jsou-perfektnim-spolecnikem-pri-vasich-cestach-karavanem\/"},"wordCount":159,"publisher":{"@id":"https:\/\/all4camper.com\/cs\/#organization"},"image":{"@id":"https:\/\/all4camper.com\/cs\/skladaci-kola-jsou-perfektnim-spolecnikem-pri-vasich-cestach-karavanem\/#primaryimage"},"thumbnailUrl":"https:\/\/all4camper.com\/wp-content\/uploads\/2022\/12\/karavan-skladaci-elektrokola.jpeg","keywords":["podcast","Rady-tipy-informace","studiokaravan"],"articleSection":["Novinky - Kempov\u00e1n\u00ed a karavaning","Rady, tipy, informace","Studio Karavan"],"inLanguage":"cs"},{"@type":"WebPage","@id":"https:\/\/all4camper.com\/cs\/skladaci-kola-jsou-perfektnim-spolecnikem-pri-vasich-cestach-karavanem\/","url":"https:\/\/all4camper.com\/cs\/skladaci-kola-jsou-perfektnim-spolecnikem-pri-vasich-cestach-karavanem\/","name":"Skl\u00e1dac\u00ed kola jsou perfektn\u00edm spole\u010dn\u00edkem p\u0159i va\u0161ich cest\u00e1ch karavanem - All4Camper","isPartOf":{"@id":"https:\/\/all4camper.com\/cs\/#website"},"primaryImageOfPage":{"@id":"https:\/\/all4camper.com\/cs\/skladaci-kola-jsou-perfektnim-spolecnikem-pri-vasich-cestach-karavanem\/#primaryimage"},"image":{"@id":"https:\/\/all4camper.com\/cs\/skladaci-kola-jsou-perfektnim-spolecnikem-pri-vasich-cestach-karavanem\/#primaryimage"},"thumbnailUrl":"https:\/\/all4camper.com\/wp-content\/uploads\/2022\/12\/karavan-skladaci-elektrokola.jpeg","datePublished":"2022-12-18T07:00:00+00:00","description":"Nejen u karavan\u016f, ale i u obytn\u00fdch voz\u016f, se \u010dasto \u0159e\u0161\u00ed ot\u00e1zka uskladn\u011bn\u00ed kol a jak je nejl\u00e9pe p\u0159ev\u00e1\u017eet. A co takhle vyzkou\u0161et skl\u00e1dac\u00ed kola? Nab\u00eddka na trhu je \u0161irok\u00e1 a dok\u00e1\u017ee pokr\u00fdt pot\u0159eby v\u0161ech kategori\u00ed cyklist\u016f.","breadcrumb":{"@id":"https:\/\/all4camper.com\/cs\/skladaci-kola-jsou-perfektnim-spolecnikem-pri-vasich-cestach-karavanem\/#breadcrumb"},"inLanguage":"cs","potentialAction":[{"@type":"ReadAction","target":["https:\/\/all4camper.com\/cs\/skladaci-kola-jsou-perfektnim-spolecnikem-pri-vasich-cestach-karavanem\/"]}]},{"@type":"ImageObject","inLanguage":"cs","@id":"https:\/\/all4camper.com\/cs\/skladaci-kola-jsou-perfektnim-spolecnikem-pri-vasich-cestach-karavanem\/#primaryimage","url":"https:\/\/all4camper.com\/wp-content\/uploads\/2022\/12\/karavan-skladaci-elektrokola.jpeg","contentUrl":"https:\/\/all4camper.com\/wp-content\/uploads\/2022\/12\/karavan-skladaci-elektrokola.jpeg","width":800,"height":533},{"@type":"BreadcrumbList","@id":"https:\/\/all4camper.com\/cs\/skladaci-kola-jsou-perfektnim-spolecnikem-pri-vasich-cestach-karavanem\/#breadcrumb","itemListElement":[{"@type":"ListItem","position":1,"name":"Dom\u016f","item":"https:\/\/all4camper.com\/cs\/"},{"@type":"ListItem","position":2,"name":"Novinky - Kempov\u00e1n\u00ed a karavaning","item":"https:\/\/all4camper.com\/cs\/category\/novinky-kempovani-a-karavaning\/"},{"@type":"ListItem","position":3,"name":"Skl\u00e1dac\u00ed kola jsou perfektn\u00edm spole\u010dn\u00edkem p\u0159i va\u0161ich cest\u00e1ch karavanem"}]},{"@type":"WebSite","@id":"https:\/\/all4camper.com\/cs\/#website","url":"https:\/\/all4camper.com\/cs\/","name":"All4Camper","description":"Nejv\u011bt\u0161\u00ed online magaz\u00edn o kempov\u00e1n\u00ed a karavaninku. V\u00edce jak 900 \u010dl\u00e1nk\u016f pln\u00fdch rad a tip\u016f o kempech a kempov\u00e1n\u00ed.","publisher":{"@id":"https:\/\/all4camper.com\/cs\/#organization"},"potentialAction":[{"@type":"SearchAction","target":{"@type":"EntryPoint","urlTemplate":"https:\/\/all4camper.com\/cs\/?s={search_term_string}"},"query-input":{"@type":"PropertyValueSpecification","valueRequired":true,"valueName":"search_term_string"}}],"inLanguage":"cs"},{"@type":"Organization","@id":"https:\/\/all4camper.com\/cs\/#organization","name":"All4Camper - kempujeme s Kl\u00e1rou","url":"https:\/\/all4camper.com\/cs\/","logo":{"@type":"ImageObject","inLanguage":"cs","@id":"https:\/\/all4camper.com\/cs\/#\/schema\/logo\/image\/","url":"https:\/\/all4camper.com\/wp-content\/uploads\/2018\/09\/novelogo.png","contentUrl":"https:\/\/all4camper.com\/wp-content\/uploads\/2018\/09\/novelogo.png","width":1520,"height":600,"caption":"All4Camper - kempujeme s Kl\u00e1rou"},"image":{"@id":"https:\/\/all4camper.com\/cs\/#\/schema\/logo\/image\/"}},{"@type":"Person","@id":"https:\/\/all4camper.com\/cs\/#\/schema\/person\/c6f1efdf1d02bc7d8c53a891cbe18c62","name":"Kl\u00e1ra H\u00e1jkov\u00e1","sameAs":["http:\/\/www.all4camper.com"],"url":"https:\/\/all4camper.com\/cs\/author\/klarinkacestuje1\/"}]}},"_links":{"self":[{"href":"https:\/\/all4camper.com\/cs\/wp-json\/wp\/v2\/posts\/142563","targetHints":{"allow":["GET"]}}],"collection":[{"href":"https:\/\/all4camper.com\/cs\/wp-json\/wp\/v2\/posts"}],"about":[{"href":"https:\/\/all4camper.com\/cs\/wp-json\/wp\/v2\/types\/post"}],"author":[{"embeddable":true,"href":"https:\/\/all4camper.com\/cs\/wp-json\/wp\/v2\/users\/4"}],"replies":[{"embeddable":true,"href":"https:\/\/all4camper.com\/cs\/wp-json\/wp\/v2\/comments?post=142563"}],"version-history":[{"count":0,"href":"https:\/\/all4camper.com\/cs\/wp-json\/wp\/v2\/posts\/142563\/revisions"}],"wp:featuredmedia":[{"embeddable":true,"href":"https:\/\/all4camper.com\/cs\/wp-json\/wp\/v2\/media\/142565"}],"wp:attachment":[{"href":"https:\/\/all4camper.com\/cs\/wp-json\/wp\/v2\/media?parent=142563"}],"wp:term":[{"taxonomy":"category","embeddable":true,"href":"https:\/\/all4camper.com\/cs\/wp-json\/wp\/v2\/categories?post=142563"},{"taxonomy":"post_tag","embeddable":true,"href":"https:\/\/all4camper.com\/cs\/wp-json\/wp\/v2\/tags?post=142563"}],"curies":[{"name":"wp","href":"https:\/\/api.w.org\/{rel}","templated":true}]}}