{"id":141569,"date":"2022-12-05T13:36:14","date_gmt":"2022-12-05T12:36:14","guid":{"rendered":"https:\/\/all4camper.com\/\/?p=141569"},"modified":"2023-01-10T11:56:34","modified_gmt":"2023-01-10T10:56:34","slug":"klara-hajek-velinska-odchazi-z-akk-cr","status":"publish","type":"post","link":"https:\/\/all4camper.com\/cs\/klara-hajek-velinska-odchazi-z-akk-cr\/","title":{"rendered":"Kl\u00e1ra H\u00e1jek Velinsk\u00e1 odch\u00e1z\u00ed z veden\u00ed AKK \u010cR"},"content":{"rendered":"\n<p><strong>Kl\u00e1ra H\u00e1jek Velinsk\u00e1, hlavn\u00ed zakladatelka Asociace kempov\u00e1n\u00ed a karavaninku se rozhodla ke konci leto\u0161n\u00edho roku ukon\u010dit sv\u00e9 p\u016fsoben\u00ed ve v\u00fdkonn\u00e9m v\u00fdboru AKK \u010cR. Hlavn\u00edm d\u016fvodem tohoto nelehk\u00e9ho rozhodnut\u00ed je nemo\u017enost nad\u00e1le v\u011bnovat Asociaci tolik \u010dasu, kolik by pot\u0159ebovala pro pln\u011bn\u00ed d\u016fle\u017eit\u00fdch \u00fakol\u016f v r\u00e1mci jej\u00edho dal\u0161\u00edho p\u016fsoben\u00ed ve veden\u00ed AKK CR.<\/strong><\/p>\n\n\n<div class=\"wp-block-image\">\n<figure class=\"aligncenter size-full\"><img loading=\"lazy\" decoding=\"async\" width=\"560\" height=\"371\" src=\"https:\/\/all4camper.com\/\/wp-content\/uploads\/2022\/12\/klara-hajek-velinska-akk-karavanistka.jpeg\" alt=\"\" class=\"wp-image-141662\" srcset=\"https:\/\/all4camper.com\/wp-content\/uploads\/2022\/12\/klara-hajek-velinska-akk-karavanistka.jpeg 560w, https:\/\/all4camper.com\/wp-content\/uploads\/2022\/12\/klara-hajek-velinska-akk-karavanistka-450x298.jpeg 450w, https:\/\/all4camper.com\/wp-content\/uploads\/2022\/12\/klara-hajek-velinska-akk-karavanistka-150x99.jpeg 150w, https:\/\/all4camper.com\/wp-content\/uploads\/2022\/12\/klara-hajek-velinska-akk-karavanistka-300x199.jpeg 300w\" sizes=\"auto, (max-width: 560px) 100vw, 560px\" \/><figcaption class=\"wp-element-caption\">Foto: Idnes<\/figcaption><\/figure>\n<\/div>\n\n\n<h3 class=\"wp-block-heading\">M\u00e9 p\u016fsoben\u00ed v AKK a nyn\u011bj\u0161\u00ed odchod &#8211; mal\u00e9 ohl\u00e9dnut\u00ed se<\/h3>\n\n\n\n<p>My\u0161lenka zalo\u017eit v \u010cesk\u00e9 republice Asociaci, kter\u00e1 by mohla ze sv\u00e9ho statutu jednat s politiky, kraji a dal\u0161\u00edmi org\u00e1ny p\u0159i\u0161la p\u0159ed skoro \u010dty\u0159mi lety. D\u016fvod byl z\u0159ejm\u00fd. Pokud chceme zlep\u0161ovat podm\u00ednky pro karavanink a chceme, aby se na v\u00fdstavb\u011b karavanov\u00fdch st\u00e1n\u00ed pod\u00edlely i kraje, m\u011bsta \u010di obce, je t\u0159eba, aby zde takov\u00e1 organizace vznikla. Z m\u00fdch p\u0159ede\u0161l\u00fdch zku\u0161enost\u00ed bylo patrn\u00e9, \u017ee tyto st\u00e1tn\u00ed instituce mohou opr\u00e1vn\u011bn\u011b jednat pouze s organizac\u00ed, kter\u00e1 bude nekomer\u010dn\u00ed a bude m\u00edt tento statut. Oslovila jsem tedy Honzu Bordovsk\u00e9ho s t\u00edm, zda by do toho \u0161el, nebo\u0165 m\u00e1 dlouholet\u00e9 zku\u0161enosti s t\u00edmto \u017eivotn\u00edm stylem. Slovo dalo slovo a AKK \u010cR byla zalo\u017eena.<\/p>\n\n\n\n<p>Za ty v\u00edce jak t\u0159i roky, i kdy\u017e to nen\u00ed na prvn\u00ed pohled patrn\u00e9, ud\u011blala AKK \u010cR obrovsk\u00fd kus pr\u00e1ce. Povedlo se j\u00ed nav\u00e1zat dlouhodob\u00e9 kontakty a st\u00e1t se cenn\u00fdm partnerem s vybran\u00fdmi kraji a m\u011bsty, kde od t\u00e9 doby pom\u00e1h\u00e1 nejen se sestavov\u00e1n\u00edm dota\u010dn\u00edch titul\u016f, ale ka\u017ed\u00fd rok edukuje d\u00edky online semin\u00e1\u0159\u016fm des\u00edtky starost\u016f. To byl zejm\u00e9na m\u016fj \u00fakol. V\u00fdsledkem toho jsou v posledn\u00edch dvou letech p\u0159ib\u00fdvaj\u00edc\u00ed dota\u010dn\u00ed v\u00fdzvy a pomalu rostouc\u00ed v\u00fdstavba t\u011bchto st\u00e1n\u00ed. A nejen to. AKK \u010cR m\u011bla a m\u00e1 m\u011bs\u00ed\u010dn\u011b des\u00edtky telefon\u00e1t\u016f od z\u00e1jemc\u016f o v\u00fdstavbu st\u00e1n\u00ed, kte\u0159\u00ed pot\u0159ebuj\u00ed pomoci. I proto vznikla velice d\u016fle\u017eit\u00e1 bro\u017eura, kterou dnes mj. vyu\u017e\u00edvaj\u00ed i zastupitel\u00e9 m\u011bst a obc\u00ed. Tu si m\u016f\u017eete zobrazit <a href=\"https:\/\/akkcr.cz\/wp-content\/uploads\/sites\/3\/2021\/12\/Brozura-StaniProKaravanyImageOnly.pdf\" target=\"_blank\" rel=\"noreferrer noopener\">tady<\/a>. <\/p>\n\n\n\n<figure class=\"wp-block-image size-full\" style=\"margin-bottom:25px\"><img loading=\"lazy\" decoding=\"async\" width=\"960\" height=\"521\" src=\"https:\/\/all4camper.com\/\/wp-content\/uploads\/2022\/12\/asociace-kempovani-na-veletrhu2.jpg\" alt=\"\" class=\"wp-image-141664\" srcset=\"https:\/\/all4camper.com\/wp-content\/uploads\/2022\/12\/asociace-kempovani-na-veletrhu2.jpg 960w, https:\/\/all4camper.com\/wp-content\/uploads\/2022\/12\/asociace-kempovani-na-veletrhu2-450x244.jpg 450w, https:\/\/all4camper.com\/wp-content\/uploads\/2022\/12\/asociace-kempovani-na-veletrhu2-150x81.jpg 150w, https:\/\/all4camper.com\/wp-content\/uploads\/2022\/12\/asociace-kempovani-na-veletrhu2-768x417.jpg 768w, https:\/\/all4camper.com\/wp-content\/uploads\/2022\/12\/asociace-kempovani-na-veletrhu2-300x163.jpg 300w, https:\/\/all4camper.com\/wp-content\/uploads\/2022\/12\/asociace-kempovani-na-veletrhu2-696x378.jpg 696w\" sizes=\"auto, (max-width: 960px) 100vw, 960px\" \/><\/figure>\n\n\n\n<p>AKK \u010cR vydala tak\u00e9 ji\u017e dva katalogy karavanov\u00fdch st\u00e1n\u00ed a je partnerem veletrhu Caravaning Brno. Tuto pr\u00e1ci si vzal na starosti Honza Bordovsk\u00fd a d\u011bl\u00e1 ji velmi dob\u0159e.<\/p>\n\n\n\n<p>Proto\u017ee pr\u00e1ce p\u0159ib\u00fdvalo, stal se \u010dlenem V\u00fdkonn\u00e9ho v\u00fdboru i Jakub Moravec, zn\u00e1m\u00fd cestovatel, fotograf a karavanista. Ten si vzal za sv\u00e9 nelehk\u00fd \u00fakol &#8211; jedn\u00e1n\u00ed s ochr\u00e1nci p\u0159\u00edrody tak, aby i oni vzali na v\u011bdom\u00ed karavanink jako sou\u010d\u00e1st tr\u00e1ven\u00ed voln\u00e9ho \u010dasu v \u010cR a coby z\u00e1stupce AKK se sna\u017e\u00ed pom\u00e1hat naj\u00edt \u0159e\u0161en\u00ed uspokojiv\u00e9 pro ob\u011b strany. I tady tak AKK \u010cR ud\u011blala mnoho pr\u00e1ce, kter\u00e1 nen\u00ed vid\u011bt. V\u00fdsledkem je, \u017ee ji\u017e nen\u00ed tolik z\u00e1kaz\u016f a sami ochr\u00e1nci, d\u00edky mnoha spole\u010dn\u00fdm jedn\u00e1n\u00edm u jednoho stolu, ji\u017e berou karavanink na v\u011bdom\u00ed a uv\u011bdomuj\u00ed si \u017ee &#8222;nezmiz\u00ed&#8220; &#8211; bude tady u\u017e napo\u0159\u00e1d a je t\u0159eba s t\u00edmto faktem do budoucna pracovat. Nutno dodat, \u017ee nem\u00e1lo pr\u00e1ce je i je\u0161t\u011b p\u0159ed n\u00edm, proto\u017ee jedn\u00e1n\u00ed s t\u011bmito institucemi je v\u017edy na dlouho a nen\u00ed zrovna jednoduch\u00e9. Prvn\u00ed v\u00fdsledek t\u00e9to doslova mraven\u010d\u00ed pr\u00e1ce mohli vid\u011bt n\u00e1v\u0161t\u011bvn\u00edci veletrhu Caravaning Brno na prvn\u00ed takov\u00e9 p\u0159edn\u00e1\u0161ce a n\u00e1sledn\u00e9 diskuzi s ochran\u00e1\u0159i a karavanisty. Za to Jakubovi pat\u0159\u00ed velik\u00e9 d\u00edky.<\/p>\n\n\n\n<p>Nutno dodat, \u017ee v\u0161echny tyto aktivity d\u011blaj\u00ed zakladatel\u00e9 AKK \u010cR ve sv\u00e9m voln\u00e9m \u010dase. A to je pr\u00e1v\u011b onen d\u016fvod, pro\u010d jsem se rozhodla Asociaci opustit. Od jara leto\u0161n\u00edho roku j\u00ed ji\u017e nemohu d\u00e1vat tolik, kolik by pot\u0159ebovala, nebo\u0165 i j\u00e1 m\u00e1m sv\u00e9 povinnosti ke sv\u00fdm \u010dten\u00e1\u0159\u016fm a hlavn\u011b rodin\u011b. Tento fakt jsem poci\u0165ovala ji\u017e n\u011bjakou dobu. Proto jsem byla moc r\u00e1da, \u017ee se k AKK \u010cR, coby aktivn\u00ed dobrovoln\u00edk, p\u0159ipojil Martin \u0160trimpfl, kter\u00fd si na ja\u0159e leto\u0161n\u00edho roku p\u0159evzal pr\u00e1v\u011b mou \u010dinnost a zodpov\u011bdnost v Asociaci na sv\u00e1 bedra. Od t\u00e9 doby velmi aktivn\u011b pom\u00e1h\u00e1 kraj\u016fm s \u0159e\u0161en\u00edm jejich ot\u00e1zek pro v\u00fdstavbu st\u00e1n\u00ed, pom\u00e1h\u00e1 zastupitel\u016fm a \u00fa\u0159edn\u00edk\u016fm naj\u00edt \u0159e\u0161en\u00ed u p\u0159ek\u00e1\u017eek na kter\u00e9 naraz\u00ed a mnoho dal\u0161\u00edho. Sama ze zku\u0161enosti v\u00edm, \u017ee je to pr\u00e1ce velmi \u010dasov\u011b a zodpov\u011bdnostn\u011b n\u00e1ro\u010dn\u00e1, proto i tady pat\u0159\u00ed Martinovi za m\u011b velik\u00e9 d\u00edky, \u017ee se toho zhostil naplno a velmi dob\u0159e. <\/p>\n\n\n\n<p>A nejen to. Martin nov\u011b p\u0159ipravuje pro AKK \u010cR i anal\u00fdzy, d\u00edky kter\u00fdm kone\u010dn\u011b vznikl, a neust\u00e1le se aktualizuje, p\u0159ehled po\u010dtu karavan\u016f, obytn\u00fdch aut a vestaveb v \u010cR a kter\u00fd vyu\u017e\u00edvaj\u00ed nejen m\u00e9dia pot\u0159ebuj\u00edc\u00ed o na\u0161em \u017eivotn\u00ed stylu hovo\u0159it, ale i dal\u0161\u00ed instituce maj\u00edc\u00ed pot\u0159ebu vych\u00e1zet z t\u011bchto dat. P\u0159esto\u017ee by se na prvn\u00ed pohled mohlo zd\u00e1t, \u017ee tento p\u0159ehled je k dispozici na Ministerstvu dopravy, nen\u00ed tomu tak. Samotn\u00e1 statistika obsahuj\u00edc\u00ed tato n\u00e1ro\u010dn\u011b vyselektovan\u00e1 data bohu\u017eel st\u00e1le je\u0161t\u011b v \u010cR neexistuje. Tedy ted u\u017e ano &#8211; je v\u00fdsledkem Martinovy pr\u00e1ce pro AKK \u010cR. <\/p>\n\n\n\n<p>Jak je z v\u00fd\u0161e uveden\u00e9ho patrn\u00e9, AKK \u010cR je dnes ji\u017e siln\u00fdm a hrd\u00fdm subjektem maj\u00edc\u00edm sv\u00e9 m\u00edsto tam, kde je pot\u0159eba. A proto\u017ee je p\u0159ed n\u00ed je\u0161t\u011b obrovsk\u00fd kus pr\u00e1ce, pot\u0159ebuje aktivn\u00ed V\u00fdkonn\u00fd v\u00fdbor. J\u00e1 u\u017e bohu\u017eel tak aktivn\u00ed b\u00fdt nemohu. AKK \u010cR jsem dala velmi mnoho, ale nastal \u010das se rozlou\u010dit. Tak to v \u017eivot\u011b chod\u00ed. Jednoho dne dojdete k z\u00e1v\u011bru, \u017ee aby to, co jste spoluvytv\u00e1\u0159eli se mohlo posouvat a rozv\u00edjet d\u00e1l, mus\u00edte to p\u0159edat n\u011bkomu dal\u0161\u00edmu, vit\u00e1ln\u011bj\u0161\u00edmu a maj\u00edc\u00edmu dal\u0161\u00ed nov\u00e9 n\u00e1pady a vize nezat\u00ed\u017een\u00e9 minulost\u00ed. <\/p>\n\n\n\n<p>AKK \u010cR bude m\u00edt v brzk\u00e9 dob\u011b nov\u00e9 slo\u017een\u00ed V\u00fdkonn\u00e9ho v\u00fdboru, o kter\u00e9m budou \u010dlenov\u00e9 zcela jist\u011b informov\u00e1ni. Jak\u00e9 &#8211; to prozrazovat nebudu, nebo\u0165 to ji\u017e nen\u00ed v m\u00e9 kompetenci. P\u0159eji j\u00ed, aby i nad\u00e1le m\u011bla stejn\u00fd drive a nad\u0161en\u00ed jako doposud a da\u0159ilo se j\u00ed podporovat rozvoj karavaninku v \u010cR minim\u00e1ln\u011b tak, jako do te\u010f.<\/p>\n","protected":false},"excerpt":{"rendered":"<p>Dlouholet\u00e1 karavanistka a zn\u00e1m\u00e1 propag\u00e1torka kempov\u00e1n\u00ed a karavaninku v \u010cR Kl\u00e1ra H\u00e1jek Velinsk\u00e1 se rozhodla ke konci leto\u0161n\u00edho roku ukon\u010dit sv\u00e9 p\u016fsoben\u00ed ve v\u00fdkonn\u00e9m v\u00fdboru AKK \u010cR. <\/p>\n","protected":false},"author":4,"featured_media":141662,"comment_status":"closed","ping_status":"open","sticky":false,"template":"","format":"standard","meta":{"_monsterinsights_skip_tracking":false,"_monsterinsights_sitenote_active":false,"_monsterinsights_sitenote_note":"","_monsterinsights_sitenote_category":0,"footnotes":""},"categories":[11194,422],"tags":[8122],"class_list":{"0":"post-141569","1":"post","2":"type-post","3":"status-publish","4":"format-standard","5":"has-post-thumbnail","7":"category-karavaning","8":"category-novinky-kempovani-a-karavaning","9":"tag-karavaning"},"yoast_head":"<!-- This site is optimized with the Yoast SEO plugin v27.5 - https:\/\/yoast.com\/product\/yoast-seo-wordpress\/ -->\n<title>Kl\u00e1ra H\u00e1jek Velinsk\u00e1 odch\u00e1z\u00ed z veden\u00ed AKK \u010cR<\/title>\n<meta name=\"description\" content=\"Kl\u00e1ra H\u00e1jek Velinsk\u00e1, hlavn\u00ed zakladatelka Asociace kempov\u00e1n\u00ed a karavaninku se rozhodla ke konci leto\u0161n\u00edho roku ukon\u010dit sv\u00e9 aktivn\u00ed p\u016fsoben\u00ed ve v\u00fdkonn\u00e9m v\u00fdboru AKK \u010cR.\" \/>\n<meta name=\"robots\" content=\"index, follow, max-snippet:-1, max-image-preview:large, max-video-preview:-1\" \/>\n<link rel=\"canonical\" href=\"https:\/\/all4camper.com\/cs\/klara-hajek-velinska-odchazi-z-akk-cr\/\" \/>\n<meta property=\"og:locale\" content=\"cs_CZ\" \/>\n<meta property=\"og:type\" content=\"article\" \/>\n<meta property=\"og:title\" content=\"Kl\u00e1ra H\u00e1jek Velinsk\u00e1 odch\u00e1z\u00ed z veden\u00ed AKK \u010cR\" \/>\n<meta property=\"og:description\" content=\"Kl\u00e1ra H\u00e1jek Velinsk\u00e1, hlavn\u00ed zakladatelka Asociace kempov\u00e1n\u00ed a karavaninku se rozhodla ke konci leto\u0161n\u00edho roku ukon\u010dit sv\u00e9 aktivn\u00ed p\u016fsoben\u00ed ve v\u00fdkonn\u00e9m v\u00fdboru AKK \u010cR.\" \/>\n<meta property=\"og:url\" content=\"https:\/\/all4camper.com\/cs\/klara-hajek-velinska-odchazi-z-akk-cr\/\" \/>\n<meta property=\"og:site_name\" content=\"All4Camper\" \/>\n<meta property=\"article:published_time\" content=\"2022-12-05T12:36:14+00:00\" \/>\n<meta property=\"article:modified_time\" content=\"2023-01-10T10:56:34+00:00\" \/>\n<meta property=\"og:image\" content=\"https:\/\/all4camper.com\/wp-content\/uploads\/2022\/12\/klara-hajek-velinska-akk-karavanistka.jpeg\" \/>\n\t<meta property=\"og:image:width\" content=\"560\" \/>\n\t<meta property=\"og:image:height\" content=\"371\" \/>\n\t<meta property=\"og:image:type\" content=\"image\/jpeg\" \/>\n<meta name=\"author\" content=\"Kl\u00e1ra H\u00e1jkov\u00e1\" \/>\n<meta name=\"twitter:card\" content=\"summary_large_image\" \/>\n<meta name=\"twitter:label1\" content=\"Napsal(a)\" \/>\n\t<meta name=\"twitter:data1\" content=\"Kl\u00e1ra H\u00e1jkov\u00e1\" \/>\n\t<meta name=\"twitter:label2\" content=\"Odhadovan\u00e1 doba \u010dten\u00ed\" \/>\n\t<meta name=\"twitter:data2\" content=\"6 minut\" \/>\n<script type=\"application\/ld+json\" class=\"yoast-schema-graph\">{\"@context\":\"https:\\\/\\\/schema.org\",\"@graph\":[{\"@type\":\"Article\",\"@id\":\"https:\\\/\\\/all4camper.com\\\/cs\\\/klara-hajek-velinska-odchazi-z-akk-cr\\\/#article\",\"isPartOf\":{\"@id\":\"https:\\\/\\\/all4camper.com\\\/cs\\\/klara-hajek-velinska-odchazi-z-akk-cr\\\/\"},\"author\":{\"name\":\"Kl\u00e1ra H\u00e1jkov\u00e1\",\"@id\":\"https:\\\/\\\/all4camper.com\\\/cs\\\/#\\\/schema\\\/person\\\/c6f1efdf1d02bc7d8c53a891cbe18c62\"},\"headline\":\"Kl\u00e1ra H\u00e1jek Velinsk\u00e1 odch\u00e1z\u00ed z veden\u00ed AKK \u010cR\",\"datePublished\":\"2022-12-05T12:36:14+00:00\",\"dateModified\":\"2023-01-10T10:56:34+00:00\",\"mainEntityOfPage\":{\"@id\":\"https:\\\/\\\/all4camper.com\\\/cs\\\/klara-hajek-velinska-odchazi-z-akk-cr\\\/\"},\"wordCount\":1168,\"publisher\":{\"@id\":\"https:\\\/\\\/all4camper.com\\\/cs\\\/#organization\"},\"image\":{\"@id\":\"https:\\\/\\\/all4camper.com\\\/cs\\\/klara-hajek-velinska-odchazi-z-akk-cr\\\/#primaryimage\"},\"thumbnailUrl\":\"https:\\\/\\\/all4camper.com\\\/wp-content\\\/uploads\\\/2022\\\/12\\\/klara-hajek-velinska-akk-karavanistka.jpeg\",\"keywords\":[\"Ze sv\u011bta karavaningu\"],\"articleSection\":[\"Karavanink\",\"Novinky - Kempov\u00e1n\u00ed a karavaning\"],\"inLanguage\":\"cs\"},{\"@type\":\"WebPage\",\"@id\":\"https:\\\/\\\/all4camper.com\\\/cs\\\/klara-hajek-velinska-odchazi-z-akk-cr\\\/\",\"url\":\"https:\\\/\\\/all4camper.com\\\/cs\\\/klara-hajek-velinska-odchazi-z-akk-cr\\\/\",\"name\":\"Kl\u00e1ra H\u00e1jek Velinsk\u00e1 odch\u00e1z\u00ed z veden\u00ed AKK \u010cR\",\"isPartOf\":{\"@id\":\"https:\\\/\\\/all4camper.com\\\/cs\\\/#website\"},\"primaryImageOfPage\":{\"@id\":\"https:\\\/\\\/all4camper.com\\\/cs\\\/klara-hajek-velinska-odchazi-z-akk-cr\\\/#primaryimage\"},\"image\":{\"@id\":\"https:\\\/\\\/all4camper.com\\\/cs\\\/klara-hajek-velinska-odchazi-z-akk-cr\\\/#primaryimage\"},\"thumbnailUrl\":\"https:\\\/\\\/all4camper.com\\\/wp-content\\\/uploads\\\/2022\\\/12\\\/klara-hajek-velinska-akk-karavanistka.jpeg\",\"datePublished\":\"2022-12-05T12:36:14+00:00\",\"dateModified\":\"2023-01-10T10:56:34+00:00\",\"description\":\"Kl\u00e1ra H\u00e1jek Velinsk\u00e1, hlavn\u00ed zakladatelka Asociace kempov\u00e1n\u00ed a karavaninku se rozhodla ke konci leto\u0161n\u00edho roku ukon\u010dit sv\u00e9 aktivn\u00ed p\u016fsoben\u00ed ve v\u00fdkonn\u00e9m v\u00fdboru AKK \u010cR.\",\"breadcrumb\":{\"@id\":\"https:\\\/\\\/all4camper.com\\\/cs\\\/klara-hajek-velinska-odchazi-z-akk-cr\\\/#breadcrumb\"},\"inLanguage\":\"cs\",\"potentialAction\":[{\"@type\":\"ReadAction\",\"target\":[\"https:\\\/\\\/all4camper.com\\\/cs\\\/klara-hajek-velinska-odchazi-z-akk-cr\\\/\"]}]},{\"@type\":\"ImageObject\",\"inLanguage\":\"cs\",\"@id\":\"https:\\\/\\\/all4camper.com\\\/cs\\\/klara-hajek-velinska-odchazi-z-akk-cr\\\/#primaryimage\",\"url\":\"https:\\\/\\\/all4camper.com\\\/wp-content\\\/uploads\\\/2022\\\/12\\\/klara-hajek-velinska-akk-karavanistka.jpeg\",\"contentUrl\":\"https:\\\/\\\/all4camper.com\\\/wp-content\\\/uploads\\\/2022\\\/12\\\/klara-hajek-velinska-akk-karavanistka.jpeg\",\"width\":560,\"height\":371},{\"@type\":\"BreadcrumbList\",\"@id\":\"https:\\\/\\\/all4camper.com\\\/cs\\\/klara-hajek-velinska-odchazi-z-akk-cr\\\/#breadcrumb\",\"itemListElement\":[{\"@type\":\"ListItem\",\"position\":1,\"name\":\"Dom\u016f\",\"item\":\"https:\\\/\\\/all4camper.com\\\/cs\\\/\"},{\"@type\":\"ListItem\",\"position\":2,\"name\":\"Novinky - Kempov\u00e1n\u00ed a karavaning\",\"item\":\"https:\\\/\\\/all4camper.com\\\/cs\\\/category\\\/novinky-kempovani-a-karavaning\\\/\"},{\"@type\":\"ListItem\",\"position\":3,\"name\":\"Kl\u00e1ra H\u00e1jek Velinsk\u00e1 odch\u00e1z\u00ed z veden\u00ed AKK \u010cR\"}]},{\"@type\":\"WebSite\",\"@id\":\"https:\\\/\\\/all4camper.com\\\/cs\\\/#website\",\"url\":\"https:\\\/\\\/all4camper.com\\\/cs\\\/\",\"name\":\"All4Camper\",\"description\":\"Nejv\u011bt\u0161\u00ed online magaz\u00edn o kempov\u00e1n\u00ed a karavaninku. V\u00edce jak 900 \u010dl\u00e1nk\u016f pln\u00fdch rad a tip\u016f o kempech a kempov\u00e1n\u00ed.\",\"publisher\":{\"@id\":\"https:\\\/\\\/all4camper.com\\\/cs\\\/#organization\"},\"potentialAction\":[{\"@type\":\"SearchAction\",\"target\":{\"@type\":\"EntryPoint\",\"urlTemplate\":\"https:\\\/\\\/all4camper.com\\\/cs\\\/?s={search_term_string}\"},\"query-input\":{\"@type\":\"PropertyValueSpecification\",\"valueRequired\":true,\"valueName\":\"search_term_string\"}}],\"inLanguage\":\"cs\"},{\"@type\":\"Organization\",\"@id\":\"https:\\\/\\\/all4camper.com\\\/cs\\\/#organization\",\"name\":\"All4Camper - kempujeme s Kl\u00e1rou\",\"url\":\"https:\\\/\\\/all4camper.com\\\/cs\\\/\",\"logo\":{\"@type\":\"ImageObject\",\"inLanguage\":\"cs\",\"@id\":\"https:\\\/\\\/all4camper.com\\\/cs\\\/#\\\/schema\\\/logo\\\/image\\\/\",\"url\":\"https:\\\/\\\/all4camper.com\\\/wp-content\\\/uploads\\\/2018\\\/09\\\/novelogo.png\",\"contentUrl\":\"https:\\\/\\\/all4camper.com\\\/wp-content\\\/uploads\\\/2018\\\/09\\\/novelogo.png\",\"width\":1520,\"height\":600,\"caption\":\"All4Camper - kempujeme s Kl\u00e1rou\"},\"image\":{\"@id\":\"https:\\\/\\\/all4camper.com\\\/cs\\\/#\\\/schema\\\/logo\\\/image\\\/\"}},{\"@type\":\"Person\",\"@id\":\"https:\\\/\\\/all4camper.com\\\/cs\\\/#\\\/schema\\\/person\\\/c6f1efdf1d02bc7d8c53a891cbe18c62\",\"name\":\"Kl\u00e1ra H\u00e1jkov\u00e1\",\"sameAs\":[\"http:\\\/\\\/www.all4camper.com\"],\"url\":\"https:\\\/\\\/all4camper.com\\\/cs\\\/author\\\/klarinkacestuje1\\\/\"}]}<\/script>\n<!-- \/ Yoast SEO plugin. -->","yoast_head_json":{"title":"Kl\u00e1ra H\u00e1jek Velinsk\u00e1 odch\u00e1z\u00ed z veden\u00ed AKK \u010cR","description":"Kl\u00e1ra H\u00e1jek Velinsk\u00e1, hlavn\u00ed zakladatelka Asociace kempov\u00e1n\u00ed a karavaninku se rozhodla ke konci leto\u0161n\u00edho roku ukon\u010dit sv\u00e9 aktivn\u00ed p\u016fsoben\u00ed ve v\u00fdkonn\u00e9m v\u00fdboru AKK \u010cR.","robots":{"index":"index","follow":"follow","max-snippet":"max-snippet:-1","max-image-preview":"max-image-preview:large","max-video-preview":"max-video-preview:-1"},"canonical":"https:\/\/all4camper.com\/cs\/klara-hajek-velinska-odchazi-z-akk-cr\/","og_locale":"cs_CZ","og_type":"article","og_title":"Kl\u00e1ra H\u00e1jek Velinsk\u00e1 odch\u00e1z\u00ed z veden\u00ed AKK \u010cR","og_description":"Kl\u00e1ra H\u00e1jek Velinsk\u00e1, hlavn\u00ed zakladatelka Asociace kempov\u00e1n\u00ed a karavaninku se rozhodla ke konci leto\u0161n\u00edho roku ukon\u010dit sv\u00e9 aktivn\u00ed p\u016fsoben\u00ed ve v\u00fdkonn\u00e9m v\u00fdboru AKK \u010cR.","og_url":"https:\/\/all4camper.com\/cs\/klara-hajek-velinska-odchazi-z-akk-cr\/","og_site_name":"All4Camper","article_published_time":"2022-12-05T12:36:14+00:00","article_modified_time":"2023-01-10T10:56:34+00:00","og_image":[{"width":560,"height":371,"url":"https:\/\/all4camper.com\/wp-content\/uploads\/2022\/12\/klara-hajek-velinska-akk-karavanistka.jpeg","type":"image\/jpeg"}],"author":"Kl\u00e1ra H\u00e1jkov\u00e1","twitter_card":"summary_large_image","twitter_misc":{"Napsal(a)":"Kl\u00e1ra H\u00e1jkov\u00e1","Odhadovan\u00e1 doba \u010dten\u00ed":"6 minut"},"schema":{"@context":"https:\/\/schema.org","@graph":[{"@type":"Article","@id":"https:\/\/all4camper.com\/cs\/klara-hajek-velinska-odchazi-z-akk-cr\/#article","isPartOf":{"@id":"https:\/\/all4camper.com\/cs\/klara-hajek-velinska-odchazi-z-akk-cr\/"},"author":{"name":"Kl\u00e1ra H\u00e1jkov\u00e1","@id":"https:\/\/all4camper.com\/cs\/#\/schema\/person\/c6f1efdf1d02bc7d8c53a891cbe18c62"},"headline":"Kl\u00e1ra H\u00e1jek Velinsk\u00e1 odch\u00e1z\u00ed z veden\u00ed AKK \u010cR","datePublished":"2022-12-05T12:36:14+00:00","dateModified":"2023-01-10T10:56:34+00:00","mainEntityOfPage":{"@id":"https:\/\/all4camper.com\/cs\/klara-hajek-velinska-odchazi-z-akk-cr\/"},"wordCount":1168,"publisher":{"@id":"https:\/\/all4camper.com\/cs\/#organization"},"image":{"@id":"https:\/\/all4camper.com\/cs\/klara-hajek-velinska-odchazi-z-akk-cr\/#primaryimage"},"thumbnailUrl":"https:\/\/all4camper.com\/wp-content\/uploads\/2022\/12\/klara-hajek-velinska-akk-karavanistka.jpeg","keywords":["Ze sv\u011bta karavaningu"],"articleSection":["Karavanink","Novinky - Kempov\u00e1n\u00ed a karavaning"],"inLanguage":"cs"},{"@type":"WebPage","@id":"https:\/\/all4camper.com\/cs\/klara-hajek-velinska-odchazi-z-akk-cr\/","url":"https:\/\/all4camper.com\/cs\/klara-hajek-velinska-odchazi-z-akk-cr\/","name":"Kl\u00e1ra H\u00e1jek Velinsk\u00e1 odch\u00e1z\u00ed z veden\u00ed AKK \u010cR","isPartOf":{"@id":"https:\/\/all4camper.com\/cs\/#website"},"primaryImageOfPage":{"@id":"https:\/\/all4camper.com\/cs\/klara-hajek-velinska-odchazi-z-akk-cr\/#primaryimage"},"image":{"@id":"https:\/\/all4camper.com\/cs\/klara-hajek-velinska-odchazi-z-akk-cr\/#primaryimage"},"thumbnailUrl":"https:\/\/all4camper.com\/wp-content\/uploads\/2022\/12\/klara-hajek-velinska-akk-karavanistka.jpeg","datePublished":"2022-12-05T12:36:14+00:00","dateModified":"2023-01-10T10:56:34+00:00","description":"Kl\u00e1ra H\u00e1jek Velinsk\u00e1, hlavn\u00ed zakladatelka Asociace kempov\u00e1n\u00ed a karavaninku se rozhodla ke konci leto\u0161n\u00edho roku ukon\u010dit sv\u00e9 aktivn\u00ed p\u016fsoben\u00ed ve v\u00fdkonn\u00e9m v\u00fdboru AKK \u010cR.","breadcrumb":{"@id":"https:\/\/all4camper.com\/cs\/klara-hajek-velinska-odchazi-z-akk-cr\/#breadcrumb"},"inLanguage":"cs","potentialAction":[{"@type":"ReadAction","target":["https:\/\/all4camper.com\/cs\/klara-hajek-velinska-odchazi-z-akk-cr\/"]}]},{"@type":"ImageObject","inLanguage":"cs","@id":"https:\/\/all4camper.com\/cs\/klara-hajek-velinska-odchazi-z-akk-cr\/#primaryimage","url":"https:\/\/all4camper.com\/wp-content\/uploads\/2022\/12\/klara-hajek-velinska-akk-karavanistka.jpeg","contentUrl":"https:\/\/all4camper.com\/wp-content\/uploads\/2022\/12\/klara-hajek-velinska-akk-karavanistka.jpeg","width":560,"height":371},{"@type":"BreadcrumbList","@id":"https:\/\/all4camper.com\/cs\/klara-hajek-velinska-odchazi-z-akk-cr\/#breadcrumb","itemListElement":[{"@type":"ListItem","position":1,"name":"Dom\u016f","item":"https:\/\/all4camper.com\/cs\/"},{"@type":"ListItem","position":2,"name":"Novinky - Kempov\u00e1n\u00ed a karavaning","item":"https:\/\/all4camper.com\/cs\/category\/novinky-kempovani-a-karavaning\/"},{"@type":"ListItem","position":3,"name":"Kl\u00e1ra H\u00e1jek Velinsk\u00e1 odch\u00e1z\u00ed z veden\u00ed AKK \u010cR"}]},{"@type":"WebSite","@id":"https:\/\/all4camper.com\/cs\/#website","url":"https:\/\/all4camper.com\/cs\/","name":"All4Camper","description":"Nejv\u011bt\u0161\u00ed online magaz\u00edn o kempov\u00e1n\u00ed a karavaninku. V\u00edce jak 900 \u010dl\u00e1nk\u016f pln\u00fdch rad a tip\u016f o kempech a kempov\u00e1n\u00ed.","publisher":{"@id":"https:\/\/all4camper.com\/cs\/#organization"},"potentialAction":[{"@type":"SearchAction","target":{"@type":"EntryPoint","urlTemplate":"https:\/\/all4camper.com\/cs\/?s={search_term_string}"},"query-input":{"@type":"PropertyValueSpecification","valueRequired":true,"valueName":"search_term_string"}}],"inLanguage":"cs"},{"@type":"Organization","@id":"https:\/\/all4camper.com\/cs\/#organization","name":"All4Camper - kempujeme s Kl\u00e1rou","url":"https:\/\/all4camper.com\/cs\/","logo":{"@type":"ImageObject","inLanguage":"cs","@id":"https:\/\/all4camper.com\/cs\/#\/schema\/logo\/image\/","url":"https:\/\/all4camper.com\/wp-content\/uploads\/2018\/09\/novelogo.png","contentUrl":"https:\/\/all4camper.com\/wp-content\/uploads\/2018\/09\/novelogo.png","width":1520,"height":600,"caption":"All4Camper - kempujeme s Kl\u00e1rou"},"image":{"@id":"https:\/\/all4camper.com\/cs\/#\/schema\/logo\/image\/"}},{"@type":"Person","@id":"https:\/\/all4camper.com\/cs\/#\/schema\/person\/c6f1efdf1d02bc7d8c53a891cbe18c62","name":"Kl\u00e1ra H\u00e1jkov\u00e1","sameAs":["http:\/\/www.all4camper.com"],"url":"https:\/\/all4camper.com\/cs\/author\/klarinkacestuje1\/"}]}},"_links":{"self":[{"href":"https:\/\/all4camper.com\/cs\/wp-json\/wp\/v2\/posts\/141569","targetHints":{"allow":["GET"]}}],"collection":[{"href":"https:\/\/all4camper.com\/cs\/wp-json\/wp\/v2\/posts"}],"about":[{"href":"https:\/\/all4camper.com\/cs\/wp-json\/wp\/v2\/types\/post"}],"author":[{"embeddable":true,"href":"https:\/\/all4camper.com\/cs\/wp-json\/wp\/v2\/users\/4"}],"replies":[{"embeddable":true,"href":"https:\/\/all4camper.com\/cs\/wp-json\/wp\/v2\/comments?post=141569"}],"version-history":[{"count":0,"href":"https:\/\/all4camper.com\/cs\/wp-json\/wp\/v2\/posts\/141569\/revisions"}],"wp:featuredmedia":[{"embeddable":true,"href":"https:\/\/all4camper.com\/cs\/wp-json\/wp\/v2\/media\/141662"}],"wp:attachment":[{"href":"https:\/\/all4camper.com\/cs\/wp-json\/wp\/v2\/media?parent=141569"}],"wp:term":[{"taxonomy":"category","embeddable":true,"href":"https:\/\/all4camper.com\/cs\/wp-json\/wp\/v2\/categories?post=141569"},{"taxonomy":"post_tag","embeddable":true,"href":"https:\/\/all4camper.com\/cs\/wp-json\/wp\/v2\/tags?post=141569"}],"curies":[{"name":"wp","href":"https:\/\/api.w.org\/{rel}","templated":true}]}}