{"id":141475,"date":"2022-11-23T12:34:48","date_gmt":"2022-11-23T11:34:48","guid":{"rendered":"https:\/\/all4camper.com\/\/?p=141475"},"modified":"2022-11-23T16:52:59","modified_gmt":"2022-11-23T15:52:59","slug":"drazdanske-vanocni-trhy-ktere-navstivil-snad-kazdy-cestovatel-informace-a-rady","status":"publish","type":"post","link":"https:\/\/all4camper.com\/cs\/drazdanske-vanocni-trhy-ktere-navstivil-snad-kazdy-cestovatel-informace-a-rady\/","title":{"rendered":"Adventn\u00ed trhy v Dr\u00e1\u017e\u010fanech &#8211; na co se letos m\u016f\u017eete t\u011b\u0161it. Informace a rady"},"content":{"rendered":"\n<p><strong>A je to tady. V\u00e1no\u010dn\u00ed trhy, kter\u00e9 nav\u0161t\u00edvil snad ka\u017ed\u00fd karavanista jsou po dvoulet\u00e9 pauze p\u0159ede dve\u0159mi a j\u00e1 v\u00e1m v m\u00e9m dne\u0161n\u00edm \u010dl\u00e1nku p\u0159in\u00e1\u0161\u00edm informace na co se na nich m\u016f\u017eete t\u011b\u0161it. Poj\u010fme na to, proto\u017ee je toho opravdu hodn\u011b. <\/strong><\/p>\n\n\n\n<figure class=\"wp-block-image size-full is-resized\"><img loading=\"lazy\" decoding=\"async\" src=\"https:\/\/all4camper.com\/\/wp-content\/uploads\/2022\/11\/578.-Dresdner-Striezelmarkt-2012-03.jpg\" alt=\"\" class=\"wp-image-141476\" width=\"696\" height=\"463\" srcset=\"https:\/\/all4camper.com\/wp-content\/uploads\/2022\/11\/578.-Dresdner-Striezelmarkt-2012-03.jpg 800w, https:\/\/all4camper.com\/wp-content\/uploads\/2022\/11\/578.-Dresdner-Striezelmarkt-2012-03-300x200.jpg 300w, https:\/\/all4camper.com\/wp-content\/uploads\/2022\/11\/578.-Dresdner-Striezelmarkt-2012-03-150x100.jpg 150w, https:\/\/all4camper.com\/wp-content\/uploads\/2022\/11\/578.-Dresdner-Striezelmarkt-2012-03-768x512.jpg 768w, https:\/\/all4camper.com\/wp-content\/uploads\/2022\/11\/578.-Dresdner-Striezelmarkt-2012-03-696x464.jpg 696w\" sizes=\"auto, (max-width: 696px) 100vw, 696px\" \/><figcaption class=\"wp-element-caption\">Foto: Sylvio Dittrich (DML-BY)<\/figcaption><\/figure>\n\n\n\n<p>Dr\u00e1\u017e\u010fansk\u00e9 v\u00e1no\u010dn\u00ed trhy jsou pravideln\u011b za\u0159azov\u00e1ny mezi nejkr\u00e1sn\u011bj\u0161\u00ed a nejv\u011bt\u0161\u00ed v cel\u00e9m N\u011bmecku.&nbsp;Letos se konaj\u00ed ji\u017e po 588. a nutno dodat, \u017ee jde o nejstar\u0161\u00ed v\u00e1no\u010dn\u00ed trhy v t\u00e9to zemi, co\u017e z nich d\u011bl\u00e1 samo o sob\u011b velk\u00e9 l\u00e1kadlo.&nbsp;A nejen to. N\u00e1v\u0161t\u011bvn\u00edci se mohou t\u011b\u0161it na<strong> <\/strong>14,61 metr\u016f vysokou kru\u0161nohorskou stup\u0148ovitou v\u00e1no\u010dn\u00ed pyramidu nebo obrovsk\u00fd sv\u00edcen. O obou se \u0159\u00edk\u00e1, \u017ee jsou nejv\u011bt\u0161\u00ed na sv\u011bt\u011b. Mimochodem, v\u011bd\u011bli jste, \u017ee Dr\u00e1\u017e\u010fany jsou b\u011b\u017en\u011b ozna\u010dov\u00e1ny jako&nbsp;<strong>n\u011bmeck\u00e9 \u201ehlavn\u00ed m\u011bsto V\u00e1noc<\/strong>&#8222;? Dal\u0161\u00ed z mnoha d\u016fvod\u016f, pro\u010d se na n\u011b zajet pod\u00edvat.<\/p>\n\n\n\n<figure class=\"wp-block-image size-full is-resized\"><img loading=\"lazy\" decoding=\"async\" src=\"https:\/\/all4camper.com\/\/wp-content\/uploads\/2022\/11\/vanocni-svicen.jpg\" alt=\"\" class=\"wp-image-141478\" width=\"696\" height=\"463\" srcset=\"https:\/\/all4camper.com\/wp-content\/uploads\/2022\/11\/vanocni-svicen.jpg 800w, https:\/\/all4camper.com\/wp-content\/uploads\/2022\/11\/vanocni-svicen-300x200.jpg 300w, https:\/\/all4camper.com\/wp-content\/uploads\/2022\/11\/vanocni-svicen-150x100.jpg 150w, https:\/\/all4camper.com\/wp-content\/uploads\/2022\/11\/vanocni-svicen-768x512.jpg 768w, https:\/\/all4camper.com\/wp-content\/uploads\/2022\/11\/vanocni-svicen-696x464.jpg 696w\" sizes=\"auto, (max-width: 696px) 100vw, 696px\" \/><figcaption class=\"wp-element-caption\">V\u00e1no\u010dn\u00ed sv\u00edcen je 5 metr\u016f vysok\u00fd a 13,5 metru \u0161irok\u00fd, foto: Sylvio Dittrich (DML-BY)<\/figcaption><\/figure>\n\n\n\n<figure class=\"wp-block-image size-full is-resized\"><img loading=\"lazy\" decoding=\"async\" src=\"https:\/\/all4camper.com\/\/wp-content\/uploads\/2022\/11\/vanocni-pyramida-drazdany.jpg\" alt=\"\" class=\"wp-image-141480\" width=\"696\" height=\"463\" srcset=\"https:\/\/all4camper.com\/wp-content\/uploads\/2022\/11\/vanocni-pyramida-drazdany.jpg 800w, https:\/\/all4camper.com\/wp-content\/uploads\/2022\/11\/vanocni-pyramida-drazdany-300x200.jpg 300w, https:\/\/all4camper.com\/wp-content\/uploads\/2022\/11\/vanocni-pyramida-drazdany-150x100.jpg 150w, https:\/\/all4camper.com\/wp-content\/uploads\/2022\/11\/vanocni-pyramida-drazdany-768x512.jpg 768w, https:\/\/all4camper.com\/wp-content\/uploads\/2022\/11\/vanocni-pyramida-drazdany-696x464.jpg 696w\" sizes=\"auto, (max-width: 696px) 100vw, 696px\" \/><figcaption class=\"wp-element-caption\">V\u00e1no\u010dn\u00ed pyramida, foto: Sylvio Dittrich (DML-BY)<\/figcaption><\/figure>\n\n\n\n<p>Dal\u0161\u00edm velk\u00fdm l\u00e1kadlem \u010di sp\u00ed\u0161e velkou ud\u00e1lost\u00ed je tamn\u00ed <strong>festival dr\u00e1\u017e\u010fansk\u00e9 v\u00e1no\u010dn\u00ed \u0161toly<\/strong>. Pokud se na n\u011bj chcete vydat, zapi\u0161te si do kalend\u00e1\u0159e datum <strong>3. prosince 2022<\/strong>. <strong>Nebudete litovat<\/strong>. <\/p>\n\n\n\n<p>O co jde? Dr\u00e1\u017e\u010fan\u0161t\u00ed \u0161tolov\u00ed peka\u0159i oslavuj\u00ed spole\u010dn\u011b s n\u00e1v\u0161t\u011bvn\u00edky trh\u016f zn\u00e1mou dr\u00e1\u017e\u010fanskou \u0161tolu moc hezk\u00fdm pr\u016fvodem a n\u00e1slednou jej\u00ed ochutn\u00e1vkou.&nbsp;St\u0159edem z\u00e1jmu tohoto pr\u016fvodu je samoz\u0159ejm\u011b ona <strong>obrovsk\u00e1 \u010dty\u0159metrov\u00e1 \u0161tola v\u00e1\u017e\u00edc\u00ed t\u0159i tuny.<\/strong> <\/p>\n\n\n\n<figure class=\"wp-block-image size-full is-resized\"><img loading=\"lazy\" decoding=\"async\" src=\"https:\/\/all4camper.com\/\/wp-content\/uploads\/2022\/11\/drazdanska-stola2022.jpeg\" alt=\"\" class=\"wp-image-141482\" width=\"696\" height=\"464\" srcset=\"https:\/\/all4camper.com\/wp-content\/uploads\/2022\/11\/drazdanska-stola2022.jpeg 900w, https:\/\/all4camper.com\/wp-content\/uploads\/2022\/11\/drazdanska-stola2022-300x200.jpeg 300w, https:\/\/all4camper.com\/wp-content\/uploads\/2022\/11\/drazdanska-stola2022-150x100.jpeg 150w, https:\/\/all4camper.com\/wp-content\/uploads\/2022\/11\/drazdanska-stola2022-768x512.jpeg 768w, https:\/\/all4camper.com\/wp-content\/uploads\/2022\/11\/drazdanska-stola2022-696x464.jpeg 696w\" sizes=\"auto, (max-width: 696px) 100vw, 696px\" \/><\/figure>\n\n\n\n<p>Pokud chcete pr\u016fvod vid\u011bt, doporu\u010duji se za\u0159adit mezi p\u0159ihl\u00ed\u017eej\u00edc\u00ed n\u00e1v\u0161t\u011bvn\u00edky co nejd\u0159\u00edve. V uli\u010dce, kterou n\u00e1sledn\u011b pr\u016fvod pokra\u010duje, b\u00fdv\u00e1 hodn\u011b lid\u00ed. Ka\u017ed\u00fd chce toti\u017e vid\u011bt tu kr\u00e1su. Zmi\u0148ovan\u00fd pr\u016fvod za\u010d\u00edn\u00e1 na Striezelmarkt a je zakon\u010den mo\u017enost\u00ed si zakoupit a ochutnat jej\u00ed kousek na dal\u0161\u00edm n\u00e1m\u011bst\u00ed. No, a pokud si jej nekoup\u00edte, nevad\u00ed. Ono u\u017e jen vid\u011bt jak se kr\u00e1j\u00ed 1,6 metru dlouh\u00fdm no\u017eem je dostate\u010dn\u00fdm z\u00e1\u017eitkem pro zakon\u010den\u00ed tohoto festivalu.<\/p>\n\n\n\n<figure class=\"wp-block-image size-full is-resized\"><img loading=\"lazy\" decoding=\"async\" src=\"https:\/\/all4camper.com\/\/wp-content\/uploads\/2022\/11\/festival-stoly-drazdany.jpeg\" alt=\"\" class=\"wp-image-141486\" width=\"696\" height=\"464\" srcset=\"https:\/\/all4camper.com\/wp-content\/uploads\/2022\/11\/festival-stoly-drazdany.jpeg 1600w, https:\/\/all4camper.com\/wp-content\/uploads\/2022\/11\/festival-stoly-drazdany-300x200.jpeg 300w, https:\/\/all4camper.com\/wp-content\/uploads\/2022\/11\/festival-stoly-drazdany-150x100.jpeg 150w, https:\/\/all4camper.com\/wp-content\/uploads\/2022\/11\/festival-stoly-drazdany-768x512.jpeg 768w, https:\/\/all4camper.com\/wp-content\/uploads\/2022\/11\/festival-stoly-drazdany-1536x1024.jpeg 1536w, https:\/\/all4camper.com\/wp-content\/uploads\/2022\/11\/festival-stoly-drazdany-696x464.jpeg 696w, https:\/\/all4camper.com\/wp-content\/uploads\/2022\/11\/festival-stoly-drazdany-1068x712.jpeg 1068w\" sizes=\"auto, (max-width: 696px) 100vw, 696px\" \/><figcaption class=\"wp-element-caption\">Foto: \u00a9 2019 Michael Schmidt &#8211; www.schmidt.fm<\/figcaption><\/figure>\n\n\n\n<h2 class=\"wp-block-heading\">Kdy a kde se trhy konaj\u00ed<\/h2>\n\n\n\n<p>Trhy jako takov\u00e9 se konaj\u00ed od <strong>23. listopadu do 24. prosince 2022<\/strong>. Adventn\u00edch trh\u016f je v Dr\u00e1\u017e\u010fan\u011bch samoz\u0159ejm\u011b v\u00edce a ka\u017ed\u00fd z nich je n\u011bjak t\u00e9maticky lad\u011bn. A nejen to. Ve vybran\u00fdch dnech tam prob\u00edhaj\u00ed r\u016fzn\u00e9 festivaly, tak\u017ee pokud nestihnete \u0161tolov\u00fd, ur\u010dit\u011b stihnete jin\u00fd.<\/p>\n\n\n\n<div class=\"wp-block-group\"><div class=\"wp-block-group__inner-container is-layout-constrained wp-block-group-is-layout-constrained\">\n<h2 class=\"wp-block-heading\">Festivaly<\/h2>\n\n\n\n<ul class=\"wp-block-list\">\n<li><strong>Festival pern\u00edku |&nbsp;27. listopadu 2022:<\/strong>&nbsp;Sask\u00e1 rukod\u011bln\u00e1 v\u00fdroba je na Striezelmarktu nejvy\u0161\u0161\u00ed prioritou, proto\u017ee&nbsp;p\u0159ibli\u017euje historii tolik obl\u00edben\u00e9ho pern\u00edku.&nbsp;Na festivalu se krom\u011b korunov\u00e1n\u00ed pern\u00edkov\u00e9 princezny ud\u011bluje vybran\u00fdm lidem z regionu tzv. \u201epern\u00edkov\u00fd \u0159\u00e1d\u201c.<\/li>\n\n\n\n<li><strong>Stollen Festival |&nbsp;3. prosince 2022<\/strong>&nbsp;: Dr\u00e1\u017e\u010fan\u0161t\u00ed \u0161tolov\u00ed peka\u0159i oslavuj\u00ed dr\u00e1\u017e\u010fanskou \u0161tolu velk\u00fdm pr\u016fvodem zakon\u010den\u00fdm jej\u00ed ochutn\u00e1vkou.&nbsp;St\u0159edem z\u00e1jmu je samotn\u00e1 \u0161tola v\u00e1\u017e\u00edc\u00ed asi t\u0159i tuny.<\/li>\n\n\n\n<li><strong>Sv\u00e1tek \u0161vestek |&nbsp;17. prosince 2022:<\/strong>&nbsp;T\u011b\u017ei\u0161t\u011bm festivalu o prvn\u00edm adventn\u00edm v\u00edkendu je vytvo\u0159en\u00ed dr\u00e1\u017e\u010fansk\u00e9ho Pflaumentoffel a jeho prom\u011bna v talisman pro \u0161t\u011bst\u00ed.&nbsp;Program doprov\u00e1zej\u00ed tradi\u010dn\u00ed postavy ze Striezelmarktu a p\u011bveck\u00fd sbor Pflaumentoffel.<\/li>\n\n\n\n<li><strong>Pyramidov\u00fd festival |&nbsp;11. prosince 2022:<\/strong>&nbsp;Na Striezelmarktu se nach\u00e1z\u00ed nejv\u011bt\u0161\u00ed stup\u0148ovit\u00e1 pyramida Erzgebirge na sv\u011bt\u011b. Z t\u00e9 se pravideln\u011b oz\u00fdv\u00e1 hl\u00e1\u0161en\u00ed o region\u00e1ln\u00edch \u0159emeslech. Tyto \u0159emesln\u00e9 v\u00fdrobky si pak samoz\u0159ejm\u011b m\u016f\u017eete zakoupit v okoln\u00edch stanc\u00edch a ozdobit tak jimi v\u00e1no\u010dn\u00ed strome\u010dek.<\/li>\n<\/ul>\n<\/div><\/div>\n\n\n\n<div class=\"wp-block-group\"><div class=\"wp-block-group__inner-container is-layout-constrained wp-block-group-is-layout-constrained\">\n<h2 class=\"wp-block-heading\">Adventn\u00ed trhy dle n\u00e1zv\u016f a um\u00edst\u011bn\u00ed<\/h2>\n\n\n\n<div class=\"wp-block-group\"><div class=\"wp-block-group__inner-container is-layout-constrained wp-block-group-is-layout-constrained\">\n<div class=\"wp-block-columns is-layout-flex wp-container-core-columns-is-layout-9d6595d7 wp-block-columns-is-layout-flex\">\n<div class=\"wp-block-column is-layout-flow wp-block-column-is-layout-flow\" style=\"flex-basis:100%\">\n<div class=\"wp-block-group\"><div class=\"wp-block-group__inner-container is-layout-constrained wp-block-group-is-layout-constrained\">\n<figure class=\"wp-block-table\"><table><tbody><tr><td>Striezelmarkt v Dr\u00e1\u017e\u010fanech<\/td><td>Altmarkt<\/td><td>&nbsp;<a href=\"https:\/\/goo.gl\/maps\/eUa1CeRWaRB2\" target=\"_blank\" rel=\"noreferrer noopener\">Mapa<\/a><\/td><\/tr><tr><td>Stallhof adventn\u00ed pod\u00edvan\u00e1<\/td><td>Stallhof, Residenzschloss<\/td><td>&nbsp;<a href=\"https:\/\/goo.gl\/maps\/mGRWiRunQHK2\" target=\"_blank\" rel=\"noreferrer noopener\">Mapa<\/a><\/td><\/tr><tr><td>C\u00edrkevn\u00ed v\u00e1no\u010dn\u00ed trh<\/td><td>M\u00fcnzgasse<\/td><td>&nbsp;<a href=\"https:\/\/www.google.de\/maps\/place\/Weihnachtsmarkt+an+der+Frauenkirche+-+Dresden\/@51.0526062,13.7391006,17z\/data=!3m1!4b1!4m5!3m4!1s0x4709cf42a3ec2c1d:0x8513479a85bffcbb!8m2!3d51.0526028!4d13.7412893\" target=\"_blank\" rel=\"noreferrer noopener\">Mapa<\/a><\/td><\/tr><tr><td>V\u00e1no\u010dn\u00ed trh na z\u00e1mku<\/td><td>Taschenberg<\/td><td>&nbsp;<a href=\"https:\/\/goo.gl\/maps\/jGfhvHrczoK2\" target=\"_blank\" rel=\"noreferrer noopener\">Mapa<\/a><\/td><\/tr><tr><td>Dr\u00e1\u017e\u010fansk\u00e9 zimn\u00ed osv\u011btlen\u00ed<\/td><td>Prager Stra\u00dfe<\/td><td>&nbsp;<a href=\"https:\/\/goo.gl\/maps\/uGzggoE2yzs\" target=\"_blank\" rel=\"noreferrer noopener\">Mapa<\/a><\/td><\/tr><tr><td>Advent na Neumarktu<\/td><td>Frauenkirche,&nbsp;Neumarkt<\/td><td>&nbsp;<a href=\"https:\/\/goo.gl\/maps\/KxGCyKuRgnD2\" target=\"_blank\" rel=\"noreferrer noopener\">Mapa<\/a><\/td><\/tr><tr><td>Kouzlo dr\u00e1\u017e\u010fansk\u00fdch chat<\/td><td>Postplatz<\/td><td>&nbsp;<a href=\"https:\/\/goo.gl\/maps\/h7tKqr3s5m32\" target=\"_blank\" rel=\"noreferrer noopener\">Mapa<\/a><\/td><\/tr><tr><td>August\u016fv trh<\/td><td>Neust\u00e4dter Markt, Goldener Reiter<\/td><td>&nbsp;<a href=\"https:\/\/goo.gl\/maps\/UX6qEMwRePy\" target=\"_blank\" rel=\"noreferrer noopener\">Mapa<\/a><\/td><\/tr><tr><td>Neust\u00e4dtersk\u00e1 sv\u011btla<\/td><td>Alaunstra\u00dfe 36-40, scheune e.V.<\/td><td>&nbsp;<a href=\"https:\/\/goo.gl\/maps\/SzEa3ZqsTat\" target=\"_blank\" rel=\"noreferrer noopener\">Mapa<\/a><\/td><\/tr><tr><td>Labsk\u00fd v\u00e1no\u010dn\u00ed trh<\/td><td>K\u00f6rnerplatz,&nbsp;<a href=\"https:\/\/www.dresdenausflug.de\/blaue-wunder-in-dresden\/\" target=\"_blank\" rel=\"noreferrer noopener\">Blaues Wunder<\/a><\/td><td>&nbsp;<a href=\"https:\/\/goo.gl\/maps\/xRAQof8dQrr\" target=\"_blank\" rel=\"noreferrer noopener\">Mapa<\/a><\/td><\/tr><tr><td>Neust\u00e4dter Advent<\/td><td>Barockviertel, Dreik\u00f6nigskirche<\/td><td>&nbsp;<a href=\"https:\/\/goo.gl\/maps\/kcwywqJ3m4y\" target=\"_blank\" rel=\"noreferrer noopener\">Mapa<\/a><\/td><\/tr><tr><td>Mikul\u00e1\u0161sk\u00fd trh<\/td><td>Kunsthofpassage<\/td><td>&nbsp;<a href=\"https:\/\/goo.gl\/maps\/EhiRb3nX7vq\" target=\"_blank\" rel=\"noreferrer noopener\">Mapa<\/a><\/td><\/tr><\/tbody><\/table><figcaption class=\"wp-element-caption\">Detailn\u00ed informace o jednotliv\u00fdch trz\u00edch se dozv\u00edte na <a href=\"https:\/\/www.stadtrundfahrt.de\/weihnachtsmaerkte-dresden-sachsen-tipps\/\" target=\"_blank\" rel=\"noreferrer noopener\">stadtrundfahrt.de<\/a><\/figcaption><\/figure>\n<\/div><\/div>\n<\/div>\n<\/div>\n<\/div><\/div>\n<\/div><\/div>\n\n\n\n<h2 class=\"wp-block-heading\">A kde parkovat<\/h2>\n\n\n\n<p>S parkov\u00e1n\u00edm je to v\u017edy v tomto \u010dase slo\u017eit\u011bj\u0161\u00ed. Pokud v\u0161ak pojedete karavanem, n\u011bkolik doporu\u010den\u00ed pro v\u00e1s m\u00e1m. Kousek od Labe a trh\u016f se nach\u00e1z\u00ed stellplatz Contipark Stellplatz Wiesentorstra\u00df. B\u00fdv\u00e1 v\u0161ak pln\u00fd, proto doporu\u010duji do n\u011bj najet co nejd\u0159\u00edve po va\u0161em p\u0159\u00edjezdu. Dal\u0161\u00ed mo\u017enost\u00ed je zn\u00e1m\u00e9 parkovi\u0161t\u011b Dresden, 21 L\u00f6btauer Stra\u00dfe. I tady v\u0161ak p\u0159edpokl\u00e1dejte v t\u00e9to dob\u011b v\u011bt\u0161\u00ed mno\u017estv\u00ed karavan\u016f. T\u0159et\u00ed mo\u017enost\u00ed jak parkovat a nocovat nejbl\u00ed\u017ee trh\u016fm je Dresden, 14 Pieschener Allee. Samoz\u0159ejm\u011b to nen\u00ed v\u0161e. Pokud se pod\u00edv\u00e1te do aplikace Park4night, najdete i dal\u0161\u00ed mo\u017enosti. Po\u010d\u00edtejte v\u0161ak s t\u00edm, \u017ee skoro na v\u0161ech m\u00edstech budete muset za tuto slu\u017ebu platit. P\u0159eji v\u00e1m kr\u00e1sn\u00fd v\u00fdlet do Dr\u00e1\u017e\u010fan a u\u017eijte si nezapomenutelnou atmosf\u00e9ru t\u011bchto trh\u016f, proto\u017ee to v\u00e1\u017en\u011b stoj\u00ed za to.<\/p>\n\n\n\n<figure class=\"wp-block-gallery has-nested-images columns-2 is-cropped wp-block-gallery-1 is-layout-flex wp-block-gallery-is-layout-flex\">\n<figure class=\"wp-block-image size-full\"><img loading=\"lazy\" decoding=\"async\" width=\"800\" height=\"533\" data-id=\"141499\" src=\"https:\/\/all4camper.com\/\/wp-content\/uploads\/2022\/11\/578.-Dresdner-Striezelmarkt-2012-06.jpg\" alt=\"\" class=\"wp-image-141499\" srcset=\"https:\/\/all4camper.com\/wp-content\/uploads\/2022\/11\/578.-Dresdner-Striezelmarkt-2012-06.jpg 800w, https:\/\/all4camper.com\/wp-content\/uploads\/2022\/11\/578.-Dresdner-Striezelmarkt-2012-06-300x200.jpg 300w, https:\/\/all4camper.com\/wp-content\/uploads\/2022\/11\/578.-Dresdner-Striezelmarkt-2012-06-150x100.jpg 150w, https:\/\/all4camper.com\/wp-content\/uploads\/2022\/11\/578.-Dresdner-Striezelmarkt-2012-06-768x512.jpg 768w, https:\/\/all4camper.com\/wp-content\/uploads\/2022\/11\/578.-Dresdner-Striezelmarkt-2012-06-696x464.jpg 696w\" sizes=\"auto, (max-width: 800px) 100vw, 800px\" \/><figcaption class=\"wp-element-caption\"> Foto: Sylvio Dittrich (DML-BY)<\/figcaption><\/figure>\n\n\n\n<figure class=\"wp-block-image size-large\"><img loading=\"lazy\" decoding=\"async\" width=\"800\" height=\"533\" data-id=\"141500\" src=\"https:\/\/all4camper.com\/\/wp-content\/uploads\/2022\/11\/576.-Dresdner-Striezelmarkt-2010-97.jpg\" alt=\"\" class=\"wp-image-141500\" srcset=\"https:\/\/all4camper.com\/wp-content\/uploads\/2022\/11\/576.-Dresdner-Striezelmarkt-2010-97.jpg 800w, https:\/\/all4camper.com\/wp-content\/uploads\/2022\/11\/576.-Dresdner-Striezelmarkt-2010-97-300x200.jpg 300w, https:\/\/all4camper.com\/wp-content\/uploads\/2022\/11\/576.-Dresdner-Striezelmarkt-2010-97-150x100.jpg 150w, https:\/\/all4camper.com\/wp-content\/uploads\/2022\/11\/576.-Dresdner-Striezelmarkt-2010-97-768x512.jpg 768w, https:\/\/all4camper.com\/wp-content\/uploads\/2022\/11\/576.-Dresdner-Striezelmarkt-2010-97-696x464.jpg 696w\" sizes=\"auto, (max-width: 800px) 100vw, 800px\" \/><figcaption class=\"wp-element-caption\"> Foto: Sylvio Dittrich (DML-BY)<\/figcaption><\/figure>\n\n\n\n<figure class=\"wp-block-image size-large\"><img loading=\"lazy\" decoding=\"async\" width=\"800\" height=\"538\" data-id=\"141497\" src=\"https:\/\/all4camper.com\/\/wp-content\/uploads\/2022\/11\/576.-Dresdner-Striezelmarkt-2010-102.jpg\" alt=\"\" class=\"wp-image-141497\" srcset=\"https:\/\/all4camper.com\/wp-content\/uploads\/2022\/11\/576.-Dresdner-Striezelmarkt-2010-102.jpg 800w, https:\/\/all4camper.com\/wp-content\/uploads\/2022\/11\/576.-Dresdner-Striezelmarkt-2010-102-300x202.jpg 300w, https:\/\/all4camper.com\/wp-content\/uploads\/2022\/11\/576.-Dresdner-Striezelmarkt-2010-102-150x101.jpg 150w, https:\/\/all4camper.com\/wp-content\/uploads\/2022\/11\/576.-Dresdner-Striezelmarkt-2010-102-768x516.jpg 768w, https:\/\/all4camper.com\/wp-content\/uploads\/2022\/11\/576.-Dresdner-Striezelmarkt-2010-102-696x468.jpg 696w\" sizes=\"auto, (max-width: 800px) 100vw, 800px\" \/><figcaption class=\"wp-element-caption\">Foto: Torsten Hufsky (DML-BY)<\/figcaption><\/figure>\n<\/figure>\n\n\n\n<pre class=\"wp-block-verse has-cyan-bluish-gray-background-color has-background\">Pod\u00edvejte se i na dal\u0161\u00ed m\u00e9 tipy spojen\u00e9 se zimn\u00edm kempov\u00e1n\u00edm t\u0159eba <a href=\"https:\/\/all4camper.com\/\/cs\/category\/zimni-kempovani\/\" target=\"_blank\" rel=\"noreferrer noopener\">v t\u00e9to rubrice<\/a>.<\/pre>\n","protected":false},"excerpt":{"rendered":"<p>A je to tady. V\u00e1no\u010dn\u00ed trhy, kter\u00e9 nav\u0161t\u00edvil snad ka\u017ed\u00fd karavanista jsou po dvoulet\u00e9 pauze p\u0159ede dve\u0159mi a j\u00e1 v\u00e1m v m\u00e9m dne\u0161n\u00edm \u010dl\u00e1nku p\u0159in\u00e1\u0161\u00edm informace na co se na nich m\u016f\u017eete t\u011b\u0161it. Poj\u010fme na to, proto\u017ee je toho opravdu hodn\u011b. Dr\u00e1\u017e\u010fansk\u00e9 v\u00e1no\u010dn\u00ed trhy jsou pravideln\u011b za\u0159azov\u00e1ny mezi nejkr\u00e1sn\u011bj\u0161\u00ed a nejv\u011bt\u0161\u00ed v cel\u00e9m N\u011bmecku.&nbsp;Letos se [&hellip;]<\/p>\n","protected":false},"author":4,"featured_media":141497,"comment_status":"closed","ping_status":"open","sticky":false,"template":"","format":"standard","meta":{"_monsterinsights_skip_tracking":false,"_monsterinsights_sitenote_active":false,"_monsterinsights_sitenote_note":"","_monsterinsights_sitenote_category":0,"footnotes":""},"categories":[2377,422,341],"tags":[97,344,321],"class_list":{"0":"post-141475","1":"post","2":"type-post","3":"status-publish","4":"format-standard","5":"has-post-thumbnail","7":"category-kempovani-a-cestovani-v-nemecku","8":"category-novinky-kempovani-a-karavaning","9":"category-zimni-kempovani","10":"tag-nemecko","11":"tag-vanoce-v-karavanu","12":"tag-winter-camping"},"yoast_head":"<!-- This site is optimized with the Yoast SEO plugin v27.5 - https:\/\/yoast.com\/product\/yoast-seo-wordpress\/ -->\n<title>Adventn\u00ed trhy v Dr\u00e1\u017e\u010fanech - na co se letos m\u016f\u017eete t\u011b\u0161it. Informace a rady - All4Camper<\/title>\n<meta name=\"description\" content=\"Dr\u00e1\u017e\u010fansk\u00e9 v\u00e1no\u010dn\u00ed trhy jsou pravideln\u011b za\u0159azov\u00e1ny mezi nejkr\u00e1sn\u011bj\u0161\u00ed a nejv\u011bt\u0161\u00ed v cel\u00e9m N\u011bmecku.\u00a0Letos se konaj\u00ed ji\u017e po 588. a nutno dodat, \u017ee jde o nejstar\u0161\u00ed v\u00e1no\u010dn\u00ed trhy v t\u00e9to zemi, co\u017e z nich d\u011bl\u00e1 samo o sob\u011b velk\u00e9 l\u00e1kadlo.\u00a0A nejen to. N\u00e1v\u0161t\u011bvn\u00edci se mohou t\u011b\u0161it na 14,61 metr\u016f vysokou kru\u0161nohorskou stup\u0148ovitou v\u00e1no\u010dn\u00ed pyramidu nebo obrovsk\u00fd sv\u00edcen.\" \/>\n<meta name=\"robots\" content=\"index, follow, max-snippet:-1, max-image-preview:large, max-video-preview:-1\" \/>\n<link rel=\"canonical\" href=\"https:\/\/all4camper.com\/cs\/drazdanske-vanocni-trhy-ktere-navstivil-snad-kazdy-cestovatel-informace-a-rady\/\" \/>\n<meta property=\"og:locale\" content=\"cs_CZ\" \/>\n<meta property=\"og:type\" content=\"article\" \/>\n<meta property=\"og:title\" content=\"Adventn\u00ed trhy v Dr\u00e1\u017e\u010fanech - na co se letos m\u016f\u017eete t\u011b\u0161it. Informace a rady - All4Camper\" \/>\n<meta property=\"og:description\" content=\"Dr\u00e1\u017e\u010fansk\u00e9 v\u00e1no\u010dn\u00ed trhy jsou pravideln\u011b za\u0159azov\u00e1ny mezi nejkr\u00e1sn\u011bj\u0161\u00ed a nejv\u011bt\u0161\u00ed v cel\u00e9m N\u011bmecku.\u00a0Letos se konaj\u00ed ji\u017e po 588. a nutno dodat, \u017ee jde o nejstar\u0161\u00ed v\u00e1no\u010dn\u00ed trhy v t\u00e9to zemi, co\u017e z nich d\u011bl\u00e1 samo o sob\u011b velk\u00e9 l\u00e1kadlo.\u00a0A nejen to. N\u00e1v\u0161t\u011bvn\u00edci se mohou t\u011b\u0161it na 14,61 metr\u016f vysokou kru\u0161nohorskou stup\u0148ovitou v\u00e1no\u010dn\u00ed pyramidu nebo obrovsk\u00fd sv\u00edcen.\" \/>\n<meta property=\"og:url\" content=\"https:\/\/all4camper.com\/cs\/drazdanske-vanocni-trhy-ktere-navstivil-snad-kazdy-cestovatel-informace-a-rady\/\" \/>\n<meta property=\"og:site_name\" content=\"All4Camper\" \/>\n<meta property=\"article:published_time\" content=\"2022-11-23T11:34:48+00:00\" \/>\n<meta property=\"article:modified_time\" content=\"2022-11-23T15:52:59+00:00\" \/>\n<meta property=\"og:image\" content=\"https:\/\/all4camper.com\/wp-content\/uploads\/2022\/11\/576.-Dresdner-Striezelmarkt-2010-102.jpg\" \/>\n\t<meta property=\"og:image:width\" content=\"800\" \/>\n\t<meta property=\"og:image:height\" content=\"538\" \/>\n\t<meta property=\"og:image:type\" content=\"image\/jpeg\" \/>\n<meta name=\"author\" content=\"Kl\u00e1ra H\u00e1jkov\u00e1\" \/>\n<meta name=\"twitter:card\" content=\"summary_large_image\" \/>\n<meta name=\"twitter:label1\" content=\"Napsal(a)\" \/>\n\t<meta name=\"twitter:data1\" content=\"Kl\u00e1ra H\u00e1jkov\u00e1\" \/>\n\t<meta name=\"twitter:label2\" content=\"Odhadovan\u00e1 doba \u010dten\u00ed\" \/>\n\t<meta name=\"twitter:data2\" content=\"5 minut\" \/>\n<script type=\"application\/ld+json\" class=\"yoast-schema-graph\">{\"@context\":\"https:\\\/\\\/schema.org\",\"@graph\":[{\"@type\":\"Article\",\"@id\":\"https:\\\/\\\/all4camper.com\\\/cs\\\/drazdanske-vanocni-trhy-ktere-navstivil-snad-kazdy-cestovatel-informace-a-rady\\\/#article\",\"isPartOf\":{\"@id\":\"https:\\\/\\\/all4camper.com\\\/cs\\\/drazdanske-vanocni-trhy-ktere-navstivil-snad-kazdy-cestovatel-informace-a-rady\\\/\"},\"author\":{\"name\":\"Kl\u00e1ra H\u00e1jkov\u00e1\",\"@id\":\"https:\\\/\\\/all4camper.com\\\/cs\\\/#\\\/schema\\\/person\\\/c6f1efdf1d02bc7d8c53a891cbe18c62\"},\"headline\":\"Adventn\u00ed trhy v Dr\u00e1\u017e\u010fanech &#8211; na co se letos m\u016f\u017eete t\u011b\u0161it. Informace a rady\",\"datePublished\":\"2022-11-23T11:34:48+00:00\",\"dateModified\":\"2022-11-23T15:52:59+00:00\",\"mainEntityOfPage\":{\"@id\":\"https:\\\/\\\/all4camper.com\\\/cs\\\/drazdanske-vanocni-trhy-ktere-navstivil-snad-kazdy-cestovatel-informace-a-rady\\\/\"},\"wordCount\":1016,\"publisher\":{\"@id\":\"https:\\\/\\\/all4camper.com\\\/cs\\\/#organization\"},\"image\":{\"@id\":\"https:\\\/\\\/all4camper.com\\\/cs\\\/drazdanske-vanocni-trhy-ktere-navstivil-snad-kazdy-cestovatel-informace-a-rady\\\/#primaryimage\"},\"thumbnailUrl\":\"https:\\\/\\\/all4camper.com\\\/wp-content\\\/uploads\\\/2022\\\/11\\\/576.-Dresdner-Striezelmarkt-2010-102.jpg\",\"keywords\":[\"N\u011bmecko\",\"V\u00e1noce v karavanu\",\"Zimn\u00ed kempov\u00e1n\u00ed\"],\"articleSection\":[\"Kempov\u00e1n\u00ed a cestov\u00e1n\u00ed v N\u011bmecku\",\"Novinky - Kempov\u00e1n\u00ed a karavaning\",\"Zimn\u00ed kempov\u00e1n\u00ed\"],\"inLanguage\":\"cs\"},{\"@type\":\"WebPage\",\"@id\":\"https:\\\/\\\/all4camper.com\\\/cs\\\/drazdanske-vanocni-trhy-ktere-navstivil-snad-kazdy-cestovatel-informace-a-rady\\\/\",\"url\":\"https:\\\/\\\/all4camper.com\\\/cs\\\/drazdanske-vanocni-trhy-ktere-navstivil-snad-kazdy-cestovatel-informace-a-rady\\\/\",\"name\":\"Adventn\u00ed trhy v Dr\u00e1\u017e\u010fanech - na co se letos m\u016f\u017eete t\u011b\u0161it. Informace a rady - All4Camper\",\"isPartOf\":{\"@id\":\"https:\\\/\\\/all4camper.com\\\/cs\\\/#website\"},\"primaryImageOfPage\":{\"@id\":\"https:\\\/\\\/all4camper.com\\\/cs\\\/drazdanske-vanocni-trhy-ktere-navstivil-snad-kazdy-cestovatel-informace-a-rady\\\/#primaryimage\"},\"image\":{\"@id\":\"https:\\\/\\\/all4camper.com\\\/cs\\\/drazdanske-vanocni-trhy-ktere-navstivil-snad-kazdy-cestovatel-informace-a-rady\\\/#primaryimage\"},\"thumbnailUrl\":\"https:\\\/\\\/all4camper.com\\\/wp-content\\\/uploads\\\/2022\\\/11\\\/576.-Dresdner-Striezelmarkt-2010-102.jpg\",\"datePublished\":\"2022-11-23T11:34:48+00:00\",\"dateModified\":\"2022-11-23T15:52:59+00:00\",\"description\":\"Dr\u00e1\u017e\u010fansk\u00e9 v\u00e1no\u010dn\u00ed trhy jsou pravideln\u011b za\u0159azov\u00e1ny mezi nejkr\u00e1sn\u011bj\u0161\u00ed a nejv\u011bt\u0161\u00ed v cel\u00e9m N\u011bmecku.\u00a0Letos se konaj\u00ed ji\u017e po 588. a nutno dodat, \u017ee jde o nejstar\u0161\u00ed v\u00e1no\u010dn\u00ed trhy v t\u00e9to zemi, co\u017e z nich d\u011bl\u00e1 samo o sob\u011b velk\u00e9 l\u00e1kadlo.\u00a0A nejen to. N\u00e1v\u0161t\u011bvn\u00edci se mohou t\u011b\u0161it na 14,61 metr\u016f vysokou kru\u0161nohorskou stup\u0148ovitou v\u00e1no\u010dn\u00ed pyramidu nebo obrovsk\u00fd sv\u00edcen.\",\"breadcrumb\":{\"@id\":\"https:\\\/\\\/all4camper.com\\\/cs\\\/drazdanske-vanocni-trhy-ktere-navstivil-snad-kazdy-cestovatel-informace-a-rady\\\/#breadcrumb\"},\"inLanguage\":\"cs\",\"potentialAction\":[{\"@type\":\"ReadAction\",\"target\":[\"https:\\\/\\\/all4camper.com\\\/cs\\\/drazdanske-vanocni-trhy-ktere-navstivil-snad-kazdy-cestovatel-informace-a-rady\\\/\"]}]},{\"@type\":\"ImageObject\",\"inLanguage\":\"cs\",\"@id\":\"https:\\\/\\\/all4camper.com\\\/cs\\\/drazdanske-vanocni-trhy-ktere-navstivil-snad-kazdy-cestovatel-informace-a-rady\\\/#primaryimage\",\"url\":\"https:\\\/\\\/all4camper.com\\\/wp-content\\\/uploads\\\/2022\\\/11\\\/576.-Dresdner-Striezelmarkt-2010-102.jpg\",\"contentUrl\":\"https:\\\/\\\/all4camper.com\\\/wp-content\\\/uploads\\\/2022\\\/11\\\/576.-Dresdner-Striezelmarkt-2010-102.jpg\",\"width\":800,\"height\":538,\"caption\":\"Der Dresdner Striezelmarkt pr\u00e4sentiert sich ganz in wei\u00df in seinem winterlichen Gewand. Rechts im Hintergrund sind die T\u00fcrme der Kreuzkirche und des Rathauses, links der Turm der Frauenkirche zu sehen. Foto: Torsten Hufsky (DML-BY)\"},{\"@type\":\"BreadcrumbList\",\"@id\":\"https:\\\/\\\/all4camper.com\\\/cs\\\/drazdanske-vanocni-trhy-ktere-navstivil-snad-kazdy-cestovatel-informace-a-rady\\\/#breadcrumb\",\"itemListElement\":[{\"@type\":\"ListItem\",\"position\":1,\"name\":\"Dom\u016f\",\"item\":\"https:\\\/\\\/all4camper.com\\\/cs\\\/\"},{\"@type\":\"ListItem\",\"position\":2,\"name\":\"Novinky - Kempov\u00e1n\u00ed a karavaning\",\"item\":\"https:\\\/\\\/all4camper.com\\\/cs\\\/category\\\/novinky-kempovani-a-karavaning\\\/\"},{\"@type\":\"ListItem\",\"position\":3,\"name\":\"Adventn\u00ed trhy v Dr\u00e1\u017e\u010fanech &#8211; na co se letos m\u016f\u017eete t\u011b\u0161it. Informace a rady\"}]},{\"@type\":\"WebSite\",\"@id\":\"https:\\\/\\\/all4camper.com\\\/cs\\\/#website\",\"url\":\"https:\\\/\\\/all4camper.com\\\/cs\\\/\",\"name\":\"All4Camper\",\"description\":\"Nejv\u011bt\u0161\u00ed online magaz\u00edn o kempov\u00e1n\u00ed a karavaninku. V\u00edce jak 900 \u010dl\u00e1nk\u016f pln\u00fdch rad a tip\u016f o kempech a kempov\u00e1n\u00ed.\",\"publisher\":{\"@id\":\"https:\\\/\\\/all4camper.com\\\/cs\\\/#organization\"},\"potentialAction\":[{\"@type\":\"SearchAction\",\"target\":{\"@type\":\"EntryPoint\",\"urlTemplate\":\"https:\\\/\\\/all4camper.com\\\/cs\\\/?s={search_term_string}\"},\"query-input\":{\"@type\":\"PropertyValueSpecification\",\"valueRequired\":true,\"valueName\":\"search_term_string\"}}],\"inLanguage\":\"cs\"},{\"@type\":\"Organization\",\"@id\":\"https:\\\/\\\/all4camper.com\\\/cs\\\/#organization\",\"name\":\"All4Camper - kempujeme s Kl\u00e1rou\",\"url\":\"https:\\\/\\\/all4camper.com\\\/cs\\\/\",\"logo\":{\"@type\":\"ImageObject\",\"inLanguage\":\"cs\",\"@id\":\"https:\\\/\\\/all4camper.com\\\/cs\\\/#\\\/schema\\\/logo\\\/image\\\/\",\"url\":\"https:\\\/\\\/all4camper.com\\\/wp-content\\\/uploads\\\/2018\\\/09\\\/novelogo.png\",\"contentUrl\":\"https:\\\/\\\/all4camper.com\\\/wp-content\\\/uploads\\\/2018\\\/09\\\/novelogo.png\",\"width\":1520,\"height\":600,\"caption\":\"All4Camper - kempujeme s Kl\u00e1rou\"},\"image\":{\"@id\":\"https:\\\/\\\/all4camper.com\\\/cs\\\/#\\\/schema\\\/logo\\\/image\\\/\"}},{\"@type\":\"Person\",\"@id\":\"https:\\\/\\\/all4camper.com\\\/cs\\\/#\\\/schema\\\/person\\\/c6f1efdf1d02bc7d8c53a891cbe18c62\",\"name\":\"Kl\u00e1ra H\u00e1jkov\u00e1\",\"sameAs\":[\"http:\\\/\\\/www.all4camper.com\"],\"url\":\"https:\\\/\\\/all4camper.com\\\/cs\\\/author\\\/klarinkacestuje1\\\/\"}]}<\/script>\n<!-- \/ Yoast SEO plugin. -->","yoast_head_json":{"title":"Adventn\u00ed trhy v Dr\u00e1\u017e\u010fanech - na co se letos m\u016f\u017eete t\u011b\u0161it. Informace a rady - All4Camper","description":"Dr\u00e1\u017e\u010fansk\u00e9 v\u00e1no\u010dn\u00ed trhy jsou pravideln\u011b za\u0159azov\u00e1ny mezi nejkr\u00e1sn\u011bj\u0161\u00ed a nejv\u011bt\u0161\u00ed v cel\u00e9m N\u011bmecku.\u00a0Letos se konaj\u00ed ji\u017e po 588. a nutno dodat, \u017ee jde o nejstar\u0161\u00ed v\u00e1no\u010dn\u00ed trhy v t\u00e9to zemi, co\u017e z nich d\u011bl\u00e1 samo o sob\u011b velk\u00e9 l\u00e1kadlo.\u00a0A nejen to. N\u00e1v\u0161t\u011bvn\u00edci se mohou t\u011b\u0161it na 14,61 metr\u016f vysokou kru\u0161nohorskou stup\u0148ovitou v\u00e1no\u010dn\u00ed pyramidu nebo obrovsk\u00fd sv\u00edcen.","robots":{"index":"index","follow":"follow","max-snippet":"max-snippet:-1","max-image-preview":"max-image-preview:large","max-video-preview":"max-video-preview:-1"},"canonical":"https:\/\/all4camper.com\/cs\/drazdanske-vanocni-trhy-ktere-navstivil-snad-kazdy-cestovatel-informace-a-rady\/","og_locale":"cs_CZ","og_type":"article","og_title":"Adventn\u00ed trhy v Dr\u00e1\u017e\u010fanech - na co se letos m\u016f\u017eete t\u011b\u0161it. Informace a rady - All4Camper","og_description":"Dr\u00e1\u017e\u010fansk\u00e9 v\u00e1no\u010dn\u00ed trhy jsou pravideln\u011b za\u0159azov\u00e1ny mezi nejkr\u00e1sn\u011bj\u0161\u00ed a nejv\u011bt\u0161\u00ed v cel\u00e9m N\u011bmecku.\u00a0Letos se konaj\u00ed ji\u017e po 588. a nutno dodat, \u017ee jde o nejstar\u0161\u00ed v\u00e1no\u010dn\u00ed trhy v t\u00e9to zemi, co\u017e z nich d\u011bl\u00e1 samo o sob\u011b velk\u00e9 l\u00e1kadlo.\u00a0A nejen to. N\u00e1v\u0161t\u011bvn\u00edci se mohou t\u011b\u0161it na 14,61 metr\u016f vysokou kru\u0161nohorskou stup\u0148ovitou v\u00e1no\u010dn\u00ed pyramidu nebo obrovsk\u00fd sv\u00edcen.","og_url":"https:\/\/all4camper.com\/cs\/drazdanske-vanocni-trhy-ktere-navstivil-snad-kazdy-cestovatel-informace-a-rady\/","og_site_name":"All4Camper","article_published_time":"2022-11-23T11:34:48+00:00","article_modified_time":"2022-11-23T15:52:59+00:00","og_image":[{"width":800,"height":538,"url":"https:\/\/all4camper.com\/wp-content\/uploads\/2022\/11\/576.-Dresdner-Striezelmarkt-2010-102.jpg","type":"image\/jpeg"}],"author":"Kl\u00e1ra H\u00e1jkov\u00e1","twitter_card":"summary_large_image","twitter_misc":{"Napsal(a)":"Kl\u00e1ra H\u00e1jkov\u00e1","Odhadovan\u00e1 doba \u010dten\u00ed":"5 minut"},"schema":{"@context":"https:\/\/schema.org","@graph":[{"@type":"Article","@id":"https:\/\/all4camper.com\/cs\/drazdanske-vanocni-trhy-ktere-navstivil-snad-kazdy-cestovatel-informace-a-rady\/#article","isPartOf":{"@id":"https:\/\/all4camper.com\/cs\/drazdanske-vanocni-trhy-ktere-navstivil-snad-kazdy-cestovatel-informace-a-rady\/"},"author":{"name":"Kl\u00e1ra H\u00e1jkov\u00e1","@id":"https:\/\/all4camper.com\/cs\/#\/schema\/person\/c6f1efdf1d02bc7d8c53a891cbe18c62"},"headline":"Adventn\u00ed trhy v Dr\u00e1\u017e\u010fanech &#8211; na co se letos m\u016f\u017eete t\u011b\u0161it. Informace a rady","datePublished":"2022-11-23T11:34:48+00:00","dateModified":"2022-11-23T15:52:59+00:00","mainEntityOfPage":{"@id":"https:\/\/all4camper.com\/cs\/drazdanske-vanocni-trhy-ktere-navstivil-snad-kazdy-cestovatel-informace-a-rady\/"},"wordCount":1016,"publisher":{"@id":"https:\/\/all4camper.com\/cs\/#organization"},"image":{"@id":"https:\/\/all4camper.com\/cs\/drazdanske-vanocni-trhy-ktere-navstivil-snad-kazdy-cestovatel-informace-a-rady\/#primaryimage"},"thumbnailUrl":"https:\/\/all4camper.com\/wp-content\/uploads\/2022\/11\/576.-Dresdner-Striezelmarkt-2010-102.jpg","keywords":["N\u011bmecko","V\u00e1noce v karavanu","Zimn\u00ed kempov\u00e1n\u00ed"],"articleSection":["Kempov\u00e1n\u00ed a cestov\u00e1n\u00ed v N\u011bmecku","Novinky - Kempov\u00e1n\u00ed a karavaning","Zimn\u00ed kempov\u00e1n\u00ed"],"inLanguage":"cs"},{"@type":"WebPage","@id":"https:\/\/all4camper.com\/cs\/drazdanske-vanocni-trhy-ktere-navstivil-snad-kazdy-cestovatel-informace-a-rady\/","url":"https:\/\/all4camper.com\/cs\/drazdanske-vanocni-trhy-ktere-navstivil-snad-kazdy-cestovatel-informace-a-rady\/","name":"Adventn\u00ed trhy v Dr\u00e1\u017e\u010fanech - na co se letos m\u016f\u017eete t\u011b\u0161it. Informace a rady - All4Camper","isPartOf":{"@id":"https:\/\/all4camper.com\/cs\/#website"},"primaryImageOfPage":{"@id":"https:\/\/all4camper.com\/cs\/drazdanske-vanocni-trhy-ktere-navstivil-snad-kazdy-cestovatel-informace-a-rady\/#primaryimage"},"image":{"@id":"https:\/\/all4camper.com\/cs\/drazdanske-vanocni-trhy-ktere-navstivil-snad-kazdy-cestovatel-informace-a-rady\/#primaryimage"},"thumbnailUrl":"https:\/\/all4camper.com\/wp-content\/uploads\/2022\/11\/576.-Dresdner-Striezelmarkt-2010-102.jpg","datePublished":"2022-11-23T11:34:48+00:00","dateModified":"2022-11-23T15:52:59+00:00","description":"Dr\u00e1\u017e\u010fansk\u00e9 v\u00e1no\u010dn\u00ed trhy jsou pravideln\u011b za\u0159azov\u00e1ny mezi nejkr\u00e1sn\u011bj\u0161\u00ed a nejv\u011bt\u0161\u00ed v cel\u00e9m N\u011bmecku.\u00a0Letos se konaj\u00ed ji\u017e po 588. a nutno dodat, \u017ee jde o nejstar\u0161\u00ed v\u00e1no\u010dn\u00ed trhy v t\u00e9to zemi, co\u017e z nich d\u011bl\u00e1 samo o sob\u011b velk\u00e9 l\u00e1kadlo.\u00a0A nejen to. N\u00e1v\u0161t\u011bvn\u00edci se mohou t\u011b\u0161it na 14,61 metr\u016f vysokou kru\u0161nohorskou stup\u0148ovitou v\u00e1no\u010dn\u00ed pyramidu nebo obrovsk\u00fd sv\u00edcen.","breadcrumb":{"@id":"https:\/\/all4camper.com\/cs\/drazdanske-vanocni-trhy-ktere-navstivil-snad-kazdy-cestovatel-informace-a-rady\/#breadcrumb"},"inLanguage":"cs","potentialAction":[{"@type":"ReadAction","target":["https:\/\/all4camper.com\/cs\/drazdanske-vanocni-trhy-ktere-navstivil-snad-kazdy-cestovatel-informace-a-rady\/"]}]},{"@type":"ImageObject","inLanguage":"cs","@id":"https:\/\/all4camper.com\/cs\/drazdanske-vanocni-trhy-ktere-navstivil-snad-kazdy-cestovatel-informace-a-rady\/#primaryimage","url":"https:\/\/all4camper.com\/wp-content\/uploads\/2022\/11\/576.-Dresdner-Striezelmarkt-2010-102.jpg","contentUrl":"https:\/\/all4camper.com\/wp-content\/uploads\/2022\/11\/576.-Dresdner-Striezelmarkt-2010-102.jpg","width":800,"height":538,"caption":"Der Dresdner Striezelmarkt pr\u00e4sentiert sich ganz in wei\u00df in seinem winterlichen Gewand. Rechts im Hintergrund sind die T\u00fcrme der Kreuzkirche und des Rathauses, links der Turm der Frauenkirche zu sehen. Foto: Torsten Hufsky (DML-BY)"},{"@type":"BreadcrumbList","@id":"https:\/\/all4camper.com\/cs\/drazdanske-vanocni-trhy-ktere-navstivil-snad-kazdy-cestovatel-informace-a-rady\/#breadcrumb","itemListElement":[{"@type":"ListItem","position":1,"name":"Dom\u016f","item":"https:\/\/all4camper.com\/cs\/"},{"@type":"ListItem","position":2,"name":"Novinky - Kempov\u00e1n\u00ed a karavaning","item":"https:\/\/all4camper.com\/cs\/category\/novinky-kempovani-a-karavaning\/"},{"@type":"ListItem","position":3,"name":"Adventn\u00ed trhy v Dr\u00e1\u017e\u010fanech &#8211; na co se letos m\u016f\u017eete t\u011b\u0161it. Informace a rady"}]},{"@type":"WebSite","@id":"https:\/\/all4camper.com\/cs\/#website","url":"https:\/\/all4camper.com\/cs\/","name":"All4Camper","description":"Nejv\u011bt\u0161\u00ed online magaz\u00edn o kempov\u00e1n\u00ed a karavaninku. V\u00edce jak 900 \u010dl\u00e1nk\u016f pln\u00fdch rad a tip\u016f o kempech a kempov\u00e1n\u00ed.","publisher":{"@id":"https:\/\/all4camper.com\/cs\/#organization"},"potentialAction":[{"@type":"SearchAction","target":{"@type":"EntryPoint","urlTemplate":"https:\/\/all4camper.com\/cs\/?s={search_term_string}"},"query-input":{"@type":"PropertyValueSpecification","valueRequired":true,"valueName":"search_term_string"}}],"inLanguage":"cs"},{"@type":"Organization","@id":"https:\/\/all4camper.com\/cs\/#organization","name":"All4Camper - kempujeme s Kl\u00e1rou","url":"https:\/\/all4camper.com\/cs\/","logo":{"@type":"ImageObject","inLanguage":"cs","@id":"https:\/\/all4camper.com\/cs\/#\/schema\/logo\/image\/","url":"https:\/\/all4camper.com\/wp-content\/uploads\/2018\/09\/novelogo.png","contentUrl":"https:\/\/all4camper.com\/wp-content\/uploads\/2018\/09\/novelogo.png","width":1520,"height":600,"caption":"All4Camper - kempujeme s Kl\u00e1rou"},"image":{"@id":"https:\/\/all4camper.com\/cs\/#\/schema\/logo\/image\/"}},{"@type":"Person","@id":"https:\/\/all4camper.com\/cs\/#\/schema\/person\/c6f1efdf1d02bc7d8c53a891cbe18c62","name":"Kl\u00e1ra H\u00e1jkov\u00e1","sameAs":["http:\/\/www.all4camper.com"],"url":"https:\/\/all4camper.com\/cs\/author\/klarinkacestuje1\/"}]}},"_links":{"self":[{"href":"https:\/\/all4camper.com\/cs\/wp-json\/wp\/v2\/posts\/141475","targetHints":{"allow":["GET"]}}],"collection":[{"href":"https:\/\/all4camper.com\/cs\/wp-json\/wp\/v2\/posts"}],"about":[{"href":"https:\/\/all4camper.com\/cs\/wp-json\/wp\/v2\/types\/post"}],"author":[{"embeddable":true,"href":"https:\/\/all4camper.com\/cs\/wp-json\/wp\/v2\/users\/4"}],"replies":[{"embeddable":true,"href":"https:\/\/all4camper.com\/cs\/wp-json\/wp\/v2\/comments?post=141475"}],"version-history":[{"count":0,"href":"https:\/\/all4camper.com\/cs\/wp-json\/wp\/v2\/posts\/141475\/revisions"}],"wp:featuredmedia":[{"embeddable":true,"href":"https:\/\/all4camper.com\/cs\/wp-json\/wp\/v2\/media\/141497"}],"wp:attachment":[{"href":"https:\/\/all4camper.com\/cs\/wp-json\/wp\/v2\/media?parent=141475"}],"wp:term":[{"taxonomy":"category","embeddable":true,"href":"https:\/\/all4camper.com\/cs\/wp-json\/wp\/v2\/categories?post=141475"},{"taxonomy":"post_tag","embeddable":true,"href":"https:\/\/all4camper.com\/cs\/wp-json\/wp\/v2\/tags?post=141475"}],"curies":[{"name":"wp","href":"https:\/\/api.w.org\/{rel}","templated":true}]}}