{"id":141188,"date":"2022-11-24T13:00:00","date_gmt":"2022-11-24T12:00:00","guid":{"rendered":"https:\/\/all4camper.com\/\/?p=141188"},"modified":"2022-11-24T11:28:13","modified_gmt":"2022-11-24T10:28:13","slug":"nejkrasnejsi-vanocni-trhy-v-cr-na-co-se-muzete-tesit","status":"publish","type":"post","link":"https:\/\/all4camper.com\/cs\/nejkrasnejsi-vanocni-trhy-v-cr-na-co-se-muzete-tesit\/","title":{"rendered":"Nejkr\u00e1sn\u011bj\u0161\u00ed adventn\u00ed trhy v \u010cR &#8211; na co se m\u016f\u017eete t\u011b\u0161it"},"content":{"rendered":"\n<p><strong>Obdob\u00ed p\u0159ed V\u00e1noci je snad t\u00edm nejkr\u00e1sn\u011bj\u0161\u00edm v roce. A to plat\u00ed i pro karavanink. Mnoho z n\u00e1s se u\u017e nem\u016f\u017ee do\u010dkat a\u017e sedne do sv\u00e9ho milovan\u00e9ho domu na kole\u010dk\u00e1ch, nastartuje, a vyraz\u00ed sm\u011br v\u00e1no\u010dn\u00ed trhy. <\/strong><\/p>\n\n\n\n<figure class=\"wp-block-image size-full\"><img loading=\"lazy\" decoding=\"async\" width=\"1280\" height=\"854\" src=\"https:\/\/all4camper.com\/\/wp-content\/uploads\/2022\/11\/vanoce-2022.jpg\" alt=\"\" class=\"wp-image-141220\" srcset=\"https:\/\/all4camper.com\/wp-content\/uploads\/2022\/11\/vanoce-2022.jpg 1280w, https:\/\/all4camper.com\/wp-content\/uploads\/2022\/11\/vanoce-2022-300x200.jpg 300w, https:\/\/all4camper.com\/wp-content\/uploads\/2022\/11\/vanoce-2022-150x100.jpg 150w, https:\/\/all4camper.com\/wp-content\/uploads\/2022\/11\/vanoce-2022-768x512.jpg 768w, https:\/\/all4camper.com\/wp-content\/uploads\/2022\/11\/vanoce-2022-696x464.jpg 696w, https:\/\/all4camper.com\/wp-content\/uploads\/2022\/11\/vanoce-2022-1068x713.jpg 1068w\" sizes=\"auto, (max-width: 1280px) 100vw, 1280px\" \/><\/figure>\n\n\n\n<p>V minulosti to u karavanist\u016f bylo zejm\u00e9na do N\u011bmecka a Rakouska. V t\u00e9to slo\u017eit\u00e9 dob\u011b, kdy nafta v\u00fdrazn\u011b zdra\u017eila, se mnoho z n\u00e1s spokoj\u00ed s v\u00e1no\u010dn\u00edmi trhy u n\u00e1s. A pro\u010d by ne. V\u017edy\u0165 i na\u0161e m\u011bsta maj\u00ed co nab\u00eddnout a n\u00e1v\u0161t\u011bvn\u00edci t\u011bchto trh\u016f nebudou rozhodn\u011b o nic ochuzeni. Nav\u00edc, i ty pe\u010den\u00e9 ka\u0161tany a dobr\u00fd sva\u0159\u00e1k je tady u n\u00e1s tradi\u010dn\u011b v nab\u00eddce a nechyb\u00ed pestr\u00fd doprovodn\u00fd program. Poj\u010fme se tedy pod\u00edvat do na\u0161ich vybran\u00fdch m\u011bst a jejich leto\u0161n\u00ed nab\u00eddku.<\/p>\n\n\n\n<figure class=\"wp-block-image size-full is-resized\"><img loading=\"lazy\" decoding=\"async\" src=\"https:\/\/all4camper.com\/\/wp-content\/uploads\/2022\/11\/vanoce-2022_2.jpg\" alt=\"\" class=\"wp-image-141222\" width=\"696\" height=\"463\" srcset=\"https:\/\/all4camper.com\/wp-content\/uploads\/2022\/11\/vanoce-2022_2.jpg 1280w, https:\/\/all4camper.com\/wp-content\/uploads\/2022\/11\/vanoce-2022_2-300x200.jpg 300w, https:\/\/all4camper.com\/wp-content\/uploads\/2022\/11\/vanoce-2022_2-150x100.jpg 150w, https:\/\/all4camper.com\/wp-content\/uploads\/2022\/11\/vanoce-2022_2-768x511.jpg 768w, https:\/\/all4camper.com\/wp-content\/uploads\/2022\/11\/vanoce-2022_2-696x463.jpg 696w, https:\/\/all4camper.com\/wp-content\/uploads\/2022\/11\/vanoce-2022_2-1068x711.jpg 1068w\" sizes=\"auto, (max-width: 696px) 100vw, 696px\" \/><figcaption class=\"wp-element-caption\">Ilustra\u010dn\u00ed obr\u00e1zek<\/figcaption><\/figure>\n\n\n\n<div class=\"wp-block-group\"><div class=\"wp-block-group__inner-container is-layout-constrained wp-block-group-is-layout-constrained\">\n<h2 class=\"wp-block-heading\"><a href=\"https:\/\/www.kudyznudy.cz\/akce\/vanocni-trhy-v-praze\" target=\"_blank\" rel=\"noreferrer noopener\">V\u00e1no\u010dn\u00ed trhy v Praze<\/a><\/h2>\n\n\n\n<p>O t\u011bchto trz\u00edch se \u0159\u00edk\u00e1, \u017ee to jsou nejkr\u00e1sn\u011bj\u0161\u00ed v\u00e1no\u010dn\u00ed trhy u n\u00e1s. Ty hlavn\u00ed najdete na Starom\u011bstsk\u00e9m n\u00e1m\u011bst\u00ed, dal\u0161\u00ed m\u016f\u017eete nav\u0161t\u00edvit na V\u00e1clavsk\u00e9m n\u00e1m\u011bst\u00ed. Jejich zah\u00e1jen\u00ed letos p\u0159ipadlo na 26. listopadu 2022 a kon\u010d\u00ed 6. ledna 2023, tedy na T\u0159i kr\u00e1le. <\/p>\n<\/div><\/div>\n\n\n\n<figure class=\"wp-block-image size-large is-resized\"><a href=\"https:\/\/www.kudyznudy.cz\/akce\/vanocni-trhy-v-praze\" target=\"_blank\" rel=\"noreferrer noopener\"><img loading=\"lazy\" decoding=\"async\" src=\"https:\/\/all4camper.com\/\/wp-content\/uploads\/2022\/11\/vanocni-trhy-praha-2022-1593x1080.webp\" alt=\"\" class=\"wp-image-141189\" width=\"696\" height=\"471\" srcset=\"https:\/\/all4camper.com\/wp-content\/uploads\/2022\/11\/vanocni-trhy-praha-2022-1593x1080.webp 1593w, https:\/\/all4camper.com\/wp-content\/uploads\/2022\/11\/vanocni-trhy-praha-2022-300x203.webp 300w, https:\/\/all4camper.com\/wp-content\/uploads\/2022\/11\/vanocni-trhy-praha-2022-150x102.webp 150w, https:\/\/all4camper.com\/wp-content\/uploads\/2022\/11\/vanocni-trhy-praha-2022-768x521.webp 768w, https:\/\/all4camper.com\/wp-content\/uploads\/2022\/11\/vanocni-trhy-praha-2022-1536x1041.webp 1536w, https:\/\/all4camper.com\/wp-content\/uploads\/2022\/11\/vanocni-trhy-praha-2022-696x472.webp 696w, https:\/\/all4camper.com\/wp-content\/uploads\/2022\/11\/vanocni-trhy-praha-2022-1068x724.webp 1068w, https:\/\/all4camper.com\/wp-content\/uploads\/2022\/11\/vanocni-trhy-praha-2022-1920x1302.webp 1920w, https:\/\/all4camper.com\/wp-content\/uploads\/2022\/11\/vanocni-trhy-praha-2022.webp 2000w\" sizes=\"auto, (max-width: 696px) 100vw, 696px\" \/><\/a><figcaption class=\"wp-element-caption\">Foto: Kudy z nudy<\/figcaption><\/figure>\n\n\n\n<p>Prodejn\u00ed st\u00e1nky s&nbsp;\u0161irok\u00fdm produktov\u00fdm sortimentem i ob\u010derstven\u00edm budou otev\u0159en\u00e9 ka\u017ed\u00fd den od 10 do 22 hodin. Ve spolupr\u00e1ci s&nbsp;Chateau Valtice, kter\u00e9 budou na trz\u00edch prod\u00e1vat Svatovav\u0159ineck\u00e9 a Rulandsk\u00e9 b\u00edl\u00e9 v\u00edno v&nbsp;lahv\u00edch s&nbsp;logem V\u00e1no\u010dn\u00ed trhy Praha, p\u0159iprav\u00ed organiz\u00e1to\u0159i speci\u00e1ln\u00ed dom\u00e1c\u00ed &#8222;sva\u0159\u00e1k&#8220;. Host\u00e9 trh\u016f si tak\u00e9 mohou pochutnat na klob\u00e1s\u00e1ch z&nbsp;\u010desk\u00e9ho masa, na klasick\u00e9m \u010desk\u00e9m trdeln\u00edku, cukrov\u00ed od tuzemsk\u00fdch v\u00fdrobc\u016f a gurm\u00e1ni si s chut\u00ed daj\u00ed t\u0159eba \u00fast\u0159ice \u010di \u0161neky. V\u00e1no\u010dn\u00ed strom by m\u011bl sv\u00edtit ka\u017ed\u00fd den po dobu kon\u00e1n\u00ed trh\u016f s hudebn\u00edm podkladem v 16:30, 17:30, 18:30, 19:30, 20:30 a 21:30 hodin.<\/p>\n\n\n\n<figure class=\"wp-block-image size-full is-resized\"><a href=\"https:\/\/www.kudyznudy.cz\/akce\/vanocni-trhy-v-praze\" target=\"_blank\" rel=\"noreferrer noopener\"><img loading=\"lazy\" decoding=\"async\" src=\"https:\/\/all4camper.com\/\/wp-content\/uploads\/2022\/11\/trhy-Praha.webp\" alt=\"\" class=\"wp-image-141191\" width=\"696\" height=\"462\" srcset=\"https:\/\/all4camper.com\/wp-content\/uploads\/2022\/11\/trhy-Praha.webp 1000w, https:\/\/all4camper.com\/wp-content\/uploads\/2022\/11\/trhy-Praha-300x199.webp 300w, https:\/\/all4camper.com\/wp-content\/uploads\/2022\/11\/trhy-Praha-150x100.webp 150w, https:\/\/all4camper.com\/wp-content\/uploads\/2022\/11\/trhy-Praha-768x510.webp 768w, https:\/\/all4camper.com\/wp-content\/uploads\/2022\/11\/trhy-Praha-696x462.webp 696w\" sizes=\"auto, (max-width: 696px) 100vw, 696px\" \/><\/a><figcaption class=\"wp-element-caption\">Foro: Kudy z nudy<\/figcaption><\/figure>\n\n\n\n<p>Ned\u00edlnou sou\u010d\u00e1st\u00ed trh\u016f se op\u011bt stane adventn\u00ed vesni\u010dka, kter\u00e1 je typick\u00e1 sv\u00fdmi domky s \u010dervenou st\u0159echou. Ty nab\u00edz\u00ed&nbsp;r\u016fzn\u00e9 v\u00e1no\u010dn\u00ed dekorace, ob\u010derstven\u00ed, ale i drobn\u00e9 d\u00e1re\u010dky. Krom\u011b toho vystoup\u00ed na podiu d\u011btsk\u00e9 soubory s koledami, ale i dal\u0161\u00ed host\u00e9, v\u010detn\u011b zahrani\u010dn\u00edch soubor\u016f, kter\u00e9 sem na sv\u00e1tky rovn\u011b\u017e zav\u00edtaj\u00ed.<\/p>\n\n\n\n<p>Program si p\u0159ipravila i obl\u00edben\u00e1 Starom\u011bstsk\u00e1 d\u011btsk\u00e1 d\u00edlni\u010dka. Doprovod j\u00ed budou d\u011blat sv\u00e1te\u010dn\u00ed zp\u011bvy. Ani letos nechyb\u00ed tradi\u010dn\u00ed Mikul\u00e1\u0161sk\u00e1, rozl\u00e9v\u00e1n\u00ed ryb\u00ed pol\u00e9vky na \u0160t\u011bdr\u00fd den a tak\u00e9 oslava Silvestra v z\u00e1bavn\u00e9m duchu.<\/p>\n\n\n\n<p><strong>A kde kempovat \u010di nocovat? <\/strong>Rozhodn\u011b doporu\u010duji <strong>Stellplatz &#8211; Praha &#8211; Rezidence BULIRO<\/strong>. Nejen\u017ee se odtamtud dostanete za 20 minut do centra m\u011bsta, ale m\u00e1te zaji\u0161t\u011bn\u00e9 klidn\u00e9 kempov\u00e1n\u00ed, mo\u017enost si doj\u00edt na WC a nov\u011b bude otev\u0159ena i vyt\u00e1p\u011bn\u00e1 koupelna se sprchou. V BULIRU samoz\u0159ejm\u011b maj\u00ed V\u00e1noce tak\u00e9 r\u00e1di. Proto na stellplatzu nebude nouze o v\u00e1no\u010dn\u00ed dekorace. Pohodov\u00e1 atmosf\u00e9ra tohoto m\u00edsta v\u00e1m dod\u00e1 tu pomyslnou t\u0159e\u0161inku na dortu p\u0159i n\u00e1v\u0161t\u011bv\u011b Prahy. V\u00edce na <a href=\"https:\/\/stellplatzinprag.com\/\" target=\"_blank\" rel=\"noreferrer noopener\">Rezidence BULIRO<\/a>.<\/p>\n\n\n\n<figure class=\"wp-block-image size-full is-resized\"><img loading=\"lazy\" decoding=\"async\" src=\"https:\/\/all4camper.com\/\/wp-content\/uploads\/2022\/11\/Stellplatz-Bulliro.jpeg\" alt=\"\" class=\"wp-image-141193\" width=\"696\" height=\"473\" srcset=\"https:\/\/all4camper.com\/wp-content\/uploads\/2022\/11\/Stellplatz-Bulliro.jpeg 1024w, https:\/\/all4camper.com\/wp-content\/uploads\/2022\/11\/Stellplatz-Bulliro-300x204.jpeg 300w, https:\/\/all4camper.com\/wp-content\/uploads\/2022\/11\/Stellplatz-Bulliro-150x102.jpeg 150w, https:\/\/all4camper.com\/wp-content\/uploads\/2022\/11\/Stellplatz-Bulliro-768x523.jpeg 768w, https:\/\/all4camper.com\/wp-content\/uploads\/2022\/11\/Stellplatz-Bulliro-696x474.jpeg 696w\" sizes=\"auto, (max-width: 696px) 100vw, 696px\" \/><figcaption class=\"wp-element-caption\">Rezidence Buliro<\/figcaption><\/figure>\n\n\n\n<div class=\"wp-block-group\"><div class=\"wp-block-group__inner-container is-layout-constrained wp-block-group-is-layout-constrained\">\n<div class=\"wp-block-group\"><div class=\"wp-block-group__inner-container is-layout-constrained wp-block-group-is-layout-constrained\">\n<h2 class=\"wp-block-heading\">V\u00e1no\u010dn\u00ed trhy v Brn\u011b<\/h2>\n\n\n\n<p>V\u00e1no\u010dn\u00ed trhy jsou v Brn\u011b ka\u017edoro\u010dn\u00ed velkou ud\u00e1lost\u00ed. A to zejm\u00e9na ty, kter\u00e9 se konaj\u00ed na n\u00e1m\u011bst\u00ed Svobody. P\u0159edstavte si nejv\u011bt\u0161\u00ed n\u00e1m\u011bst\u00ed Brna pln\u00e9 \u00fa\u017easn\u00e9 hudby, divadla, spousty z\u00e1bavy a dobrot. Tam prost\u011b nem\u016f\u017eete chyb\u011bt.<\/p>\n<\/div><\/div>\n<\/div><\/div>\n\n\n\n<figure class=\"wp-block-image size-full is-resized\"><a href=\"https:\/\/www.kudyznudy.cz\/akce\/vanocni-trhy-brno\" target=\"_blank\" rel=\"noreferrer noopener\"><img loading=\"lazy\" decoding=\"async\" src=\"https:\/\/all4camper.com\/\/wp-content\/uploads\/2022\/11\/vanocni-trhy-brno-2022.webp\" alt=\"\" class=\"wp-image-141199\" width=\"696\" height=\"464\" srcset=\"https:\/\/all4camper.com\/wp-content\/uploads\/2022\/11\/vanocni-trhy-brno-2022.webp 1200w, https:\/\/all4camper.com\/wp-content\/uploads\/2022\/11\/vanocni-trhy-brno-2022-300x200.webp 300w, https:\/\/all4camper.com\/wp-content\/uploads\/2022\/11\/vanocni-trhy-brno-2022-150x100.webp 150w, https:\/\/all4camper.com\/wp-content\/uploads\/2022\/11\/vanocni-trhy-brno-2022-768x512.webp 768w, https:\/\/all4camper.com\/wp-content\/uploads\/2022\/11\/vanocni-trhy-brno-2022-696x464.webp 696w, https:\/\/all4camper.com\/wp-content\/uploads\/2022\/11\/vanocni-trhy-brno-2022-1068x712.webp 1068w\" sizes=\"auto, (max-width: 696px) 100vw, 696px\" \/><\/a><figcaption class=\"wp-element-caption\">Foto Kudy z nudy<\/figcaption><\/figure>\n\n\n\n<p>V centru m\u011bsta si budete moci prohl\u00e9dnout tak\u00e9 tradi\u010dn\u00ed d\u0159ev\u011bn\u00fd Halouzk\u016fv betl\u00e9m na Dominik\u00e1nsk\u00e9m n\u00e1m\u011bst\u00ed, vyfotit se u v\u00e1no\u010dn\u00edho photopointu ve tvaru hv\u011bzdy na n\u00e1dvo\u0159\u00ed Star\u00e9 radnice a zcela jist\u011b v\u00e1s okouzl\u00ed v\u00e1no\u010dn\u00ed stromy na n\u00e1m\u011bst\u00ed Svobody a Zeln\u00e9m trhu. Trhy se budou konat od 25. listopadu 2022 do 23. prosince 2022.<\/p>\n\n\n\n<div class=\"wp-block-group\"><div class=\"wp-block-group__inner-container is-layout-constrained wp-block-group-is-layout-constrained\">\n<p><strong>V\u00e1no\u010dn\u00ed trhy na V\u00fdstavi\u0161ti<\/strong><\/p>\n\n\n\n<p>V\u00e1no\u010dn\u00ed trhy po\u0159\u00e1daj\u00ed tak\u00e9, mezi karavanisty obl\u00edben\u00e9, Veletrhy&nbsp;Brno. Konaj\u00ed se od 9.12.2022 do 18.12.2022. Pokud se pro n\u011b rozhodnete, m\u016f\u017eete se t\u011b\u0161it na t\u00e9m\u011b\u0159 400 prodejc\u016f a \u0161irok\u00fd sortiment zbo\u017e\u00ed. Nebude chyb\u011bt ani \u0159emeslnick\u00fd jarmark s v\u00fdrobky p\u0159\u00edmo od tv\u016frc\u016f a workshopy v \u0159emeslnick\u00e9 d\u00edln\u011b. V t\u00e9 si budete moci vyzkou\u0161et tvorbu adventn\u00edch v\u011bnc\u016f a dal\u0161\u00edch dekorac\u00ed. Parkov\u00e1n\u00ed v are\u00e1lu je ZDARMA, co\u017e rozhodn\u011b ocen\u00edte. V\u00edce informac\u00ed najdete na <a href=\"https:\/\/www.bvv.cz\/vanocni-trhy\/\" target=\"_blank\" rel=\"noreferrer noopener\">bvv.cz\/vanocni-trhy<\/a><\/p>\n<\/div><\/div>\n\n\n<div class=\"wp-block-image\">\n<figure class=\"aligncenter size-large\"><img loading=\"lazy\" decoding=\"async\" width=\"1620\" height=\"1080\" src=\"https:\/\/all4camper.com\/\/wp-content\/uploads\/2022\/11\/vanocni-trhy-veletrhy-brno-2022-1620x1080.jpeg\" alt=\"\" class=\"wp-image-141197\" srcset=\"https:\/\/all4camper.com\/wp-content\/uploads\/2022\/11\/vanocni-trhy-veletrhy-brno-2022-1620x1080.jpeg 1620w, https:\/\/all4camper.com\/wp-content\/uploads\/2022\/11\/vanocni-trhy-veletrhy-brno-2022-300x200.jpeg 300w, https:\/\/all4camper.com\/wp-content\/uploads\/2022\/11\/vanocni-trhy-veletrhy-brno-2022-150x100.jpeg 150w, https:\/\/all4camper.com\/wp-content\/uploads\/2022\/11\/vanocni-trhy-veletrhy-brno-2022-768x512.jpeg 768w, https:\/\/all4camper.com\/wp-content\/uploads\/2022\/11\/vanocni-trhy-veletrhy-brno-2022-1536x1024.jpeg 1536w, https:\/\/all4camper.com\/wp-content\/uploads\/2022\/11\/vanocni-trhy-veletrhy-brno-2022-696x464.jpeg 696w, https:\/\/all4camper.com\/wp-content\/uploads\/2022\/11\/vanocni-trhy-veletrhy-brno-2022-1068x712.jpeg 1068w, https:\/\/all4camper.com\/wp-content\/uploads\/2022\/11\/vanocni-trhy-veletrhy-brno-2022.jpeg 1800w\" sizes=\"auto, (max-width: 1620px) 100vw, 1620px\" \/><\/figure>\n<\/div>\n\n\n<div class=\"wp-block-group\"><div class=\"wp-block-group__inner-container is-layout-constrained wp-block-group-is-layout-constrained\">\n<div class=\"wp-block-group\"><div class=\"wp-block-group__inner-container is-layout-constrained wp-block-group-is-layout-constrained\">\n<h2 class=\"wp-block-heading\">Ostravsk\u00e9 v\u00e1no\u010dn\u00ed trhy<\/h2>\n\n\n\n<p>Ostravsk\u00e9 V\u00e1noce letos prob\u011bhnou v&nbsp;centru m\u011bsta hned na p\u011bti sc\u00e9n\u00e1ch. Hlavn\u00ed sc\u00e9na bude tradi\u010dn\u011b um\u00edst\u011bna na Masarykov\u011b n\u00e1m\u011bst\u00ed, kde bude prob\u00edhat v\u011bt\u0161ina kulturn\u00edho programu. Z\u00e1rove\u0148 zde n\u00e1v\u0161t\u011bvn\u00edci najdou obl\u00edben\u00e9 st\u00e1nky s&nbsp;gastro sortimentem i&nbsp;d\u00e1rkov\u00fdm zbo\u017e\u00edm.<\/p>\n<\/div><\/div>\n<\/div><\/div>\n\n\n\n<figure class=\"wp-block-image size-full\"><img loading=\"lazy\" decoding=\"async\" width=\"1509\" height=\"1030\" src=\"https:\/\/all4camper.com\/\/wp-content\/uploads\/2022\/11\/vanocni-trhy-Ostrava-2022_2.jpeg\" alt=\"\" class=\"wp-image-141203\" srcset=\"https:\/\/all4camper.com\/wp-content\/uploads\/2022\/11\/vanocni-trhy-Ostrava-2022_2.jpeg 1509w, https:\/\/all4camper.com\/wp-content\/uploads\/2022\/11\/vanocni-trhy-Ostrava-2022_2-300x205.jpeg 300w, https:\/\/all4camper.com\/wp-content\/uploads\/2022\/11\/vanocni-trhy-Ostrava-2022_2-150x102.jpeg 150w, https:\/\/all4camper.com\/wp-content\/uploads\/2022\/11\/vanocni-trhy-Ostrava-2022_2-768x524.jpeg 768w, https:\/\/all4camper.com\/wp-content\/uploads\/2022\/11\/vanocni-trhy-Ostrava-2022_2-218x150.jpeg 218w, https:\/\/all4camper.com\/wp-content\/uploads\/2022\/11\/vanocni-trhy-Ostrava-2022_2-696x475.jpeg 696w, https:\/\/all4camper.com\/wp-content\/uploads\/2022\/11\/vanocni-trhy-Ostrava-2022_2-1068x729.jpeg 1068w\" sizes=\"auto, (max-width: 1509px) 100vw, 1509px\" \/><\/figure>\n\n\n\n<p>V&nbsp;bezprost\u0159edn\u00ed bl\u00edzkosti Hlavn\u00ed sc\u00e9ny bude i&nbsp;letos um\u00edst\u011bno obl\u00edben\u00e9 vyhl\u00eddkov\u00e9 kolo, kter\u00e9 nav\u00edc nov\u011b nab\u00eddne bezbari\u00e9rovou kabinu pro cestuj\u00edc\u00ed s&nbsp;omezenou mo\u017enost\u00ed pohybu. V\u00e1no\u010dn\u00ed kluzi\u0161t\u011b u\u017e druh\u00fdm rokem vyroste na n\u00e1m\u011bst\u00ed Dr. Edvarda Bene\u0161e.<\/p>\n\n\n\n<figure class=\"wp-block-image size-full is-resized\"><img loading=\"lazy\" decoding=\"async\" src=\"https:\/\/all4camper.com\/\/wp-content\/uploads\/2022\/11\/ostrava-vanocni-trhy-2022.jpeg\" alt=\"\" class=\"wp-image-141201\" width=\"696\" height=\"464\" srcset=\"https:\/\/all4camper.com\/wp-content\/uploads\/2022\/11\/ostrava-vanocni-trhy-2022.jpeg 1200w, https:\/\/all4camper.com\/wp-content\/uploads\/2022\/11\/ostrava-vanocni-trhy-2022-300x200.jpeg 300w, https:\/\/all4camper.com\/wp-content\/uploads\/2022\/11\/ostrava-vanocni-trhy-2022-150x100.jpeg 150w, https:\/\/all4camper.com\/wp-content\/uploads\/2022\/11\/ostrava-vanocni-trhy-2022-768x512.jpeg 768w, https:\/\/all4camper.com\/wp-content\/uploads\/2022\/11\/ostrava-vanocni-trhy-2022-696x464.jpeg 696w, https:\/\/all4camper.com\/wp-content\/uploads\/2022\/11\/ostrava-vanocni-trhy-2022-1068x712.jpeg 1068w\" sizes=\"auto, (max-width: 696px) 100vw, 696px\" \/><\/figure>\n\n\n\n<p>Program pro rodiny s&nbsp;d\u011btmi tradi\u010dn\u011b ovl\u00e1dne Jir\u00e1skovo n\u00e1m\u011bst\u00ed a pozadu nez\u016fstane ani Proke\u0161ovo n\u00e1m\u011bst\u00ed, kde znovu vznikne takzvan\u00e1 Um\u011bleck\u00e1 sc\u00e9na. Novinkou leto\u0161n\u00edho ro\u010dn\u00edku je pak takzvan\u00e1 \u0158emesln\u00e1 sc\u00e9na, kterou najdete v&nbsp;Husov\u011b sadu, a&nbsp;na jej\u00edm\u017e programu, zam\u011b\u0159uj\u00edc\u00edm se na \u0159emesla a&nbsp;tradice, spolupracuje raliz\u00e1tor s&nbsp;Centrem kultury a&nbsp;vzd\u011bl\u00e1v\u00e1n\u00ed Moravsk\u00e1 Ostrava. <\/p>\n\n\n\n<p>Dramaturgie respektuje pestrou skupinu n\u00e1v\u0161t\u011bvn\u00edk\u016f a&nbsp;nezapom\u00edn\u00e1 ani na komunitn\u00ed rozm\u011br V\u00e1noc. V&nbsp;r\u00e1mci Hlavn\u00ed sc\u00e9ny vystoup\u00ed Ond\u0159ej Gregor Brzobohat\u00fd nebo cimb\u00e1lov\u00e1 muzika Ir\u0161ava, d\u00e1le pak nap\u0159\u00edklad p\u011bveck\u00e9 sbory. Prob\u011bhnou tak\u00e9 talk show \u010di swingov\u00e9 podve\u010dery. Rozhodn\u011b je tedy se na co t\u011b\u0161it. Trhy se konaj\u00ed v term\u00ednu od 26.11.2022 do 1.1.2023. Detailn\u00ed program si prohl\u00e9dnete na<a href=\"https:\/\/www.ostravskevanoce.cz\/\" target=\"_blank\" rel=\"noreferrer noopener\"> ostravskevanoce.cz<\/a><\/p>\n\n\n\n<p><strong>A kde parkovat \u010di nocovat?<\/strong> M\u016f\u017eete si vybrat z mo\u017enosti st\u00e1t a nocovat v <a href=\"https:\/\/www.landekpark.cz\/\" target=\"_blank\" rel=\"noreferrer noopener\">Landek parku<\/a> nebo p\u0159ejet o kousek d\u00e1l a spojit sv\u016fj v\u00fdlet s pozn\u00e1n\u00edm m\u011bsta \u0160tramberk, kde se v\u00e1no\u010dn\u00ed trhy budou tak\u00e9 konat. Pak doporu\u010duji <a href=\"https:\/\/www.kempstramberk.cz\/kemp\/karavanove-stani-stlp\/\" target=\"_blank\" rel=\"noreferrer noopener\">stellplatz \u0160tramberk<\/a>.<\/p>\n\n\n\n<figure class=\"wp-block-image size-full\"><a href=\"https:\/\/www.kempstramberk.cz\/kemp\/karavanove-stani-stlp\/\" target=\"_blank\" rel=\"noreferrer noopener\"><img loading=\"lazy\" decoding=\"async\" width=\"765\" height=\"406\" src=\"https:\/\/all4camper.com\/\/wp-content\/uploads\/2022\/11\/stellplatz-stramberk.jpeg\" alt=\"\" class=\"wp-image-141206\" srcset=\"https:\/\/all4camper.com\/wp-content\/uploads\/2022\/11\/stellplatz-stramberk.jpeg 765w, https:\/\/all4camper.com\/wp-content\/uploads\/2022\/11\/stellplatz-stramberk-300x159.jpeg 300w, https:\/\/all4camper.com\/wp-content\/uploads\/2022\/11\/stellplatz-stramberk-150x80.jpeg 150w, https:\/\/all4camper.com\/wp-content\/uploads\/2022\/11\/stellplatz-stramberk-696x369.jpeg 696w\" sizes=\"auto, (max-width: 765px) 100vw, 765px\" \/><\/a><\/figure>\n\n\n\n<div class=\"wp-block-group\"><div class=\"wp-block-group__inner-container is-layout-constrained wp-block-group-is-layout-constrained\">\n<div class=\"wp-block-group\"><div class=\"wp-block-group__inner-container is-layout-constrained wp-block-group-is-layout-constrained\">\n<h2 class=\"wp-block-heading\">V\u00e1no\u010dn\u00ed trhy v Olomouci<\/h2>\n\n\n\n<p>Po\u0159adatel\u00e9 si na leto\u0161n\u00ed rok pro n\u00e1v\u0161t\u011bvn\u00edky p\u0159ipravili&nbsp;<strong>vych\u00e1zkovou trasu<\/strong>, na kter\u00e9 budou moci obdivovat jedine\u010dn\u00e9 olomouck\u00e9 pam\u00e1tky (ka\u0161ny, barokn\u00ed sloupy, architekturu), vychutnat si neopakovatelnou atmosf\u00e9ru adventn\u00edch trh\u016f a pokochat se pohledem na historick\u00e9 j\u00e1dro&nbsp;<strong>z n\u011bkolika vyhl\u00eddek<\/strong>. Prvn\u00ed je postaven\u00e1 na Horn\u00edm n\u00e1m\u011bst\u00ed a poskytne neobvykl\u00fd v\u00fdhled p\u0159\u00edmo na trhy. Druh\u00e1 je z Radni\u010dn\u00ed v\u011b\u017ee a t\u0159et\u00ed z 30 metr\u016f vysok\u00e9ho vyhl\u00eddkov\u00e9ho kola na tr\u017enici. Posledn\u00ed dv\u011b umo\u017en\u00ed nejen vyhl\u00eddku na stylov\u011b nasv\u00edcen\u00e9 trhy, ale i velkou \u010d\u00e1st p\u0159edv\u00e1no\u010dn\u00ed Olomouce.<\/p>\n<\/div><\/div>\n<\/div><\/div>\n\n\n\n<figure class=\"wp-block-image size-large\"><img loading=\"lazy\" decoding=\"async\" width=\"1703\" height=\"1080\" src=\"https:\/\/all4camper.com\/\/wp-content\/uploads\/2022\/11\/vanocni-trhy-olomouc-1703x1080.jpeg\" alt=\"\" class=\"wp-image-141208\" srcset=\"https:\/\/all4camper.com\/wp-content\/uploads\/2022\/11\/vanocni-trhy-olomouc-1703x1080.jpeg 1703w, https:\/\/all4camper.com\/wp-content\/uploads\/2022\/11\/vanocni-trhy-olomouc-300x190.jpeg 300w, https:\/\/all4camper.com\/wp-content\/uploads\/2022\/11\/vanocni-trhy-olomouc-150x95.jpeg 150w, https:\/\/all4camper.com\/wp-content\/uploads\/2022\/11\/vanocni-trhy-olomouc-768x487.jpeg 768w, https:\/\/all4camper.com\/wp-content\/uploads\/2022\/11\/vanocni-trhy-olomouc-1536x974.jpeg 1536w, https:\/\/all4camper.com\/wp-content\/uploads\/2022\/11\/vanocni-trhy-olomouc-696x441.jpeg 696w, https:\/\/all4camper.com\/wp-content\/uploads\/2022\/11\/vanocni-trhy-olomouc-1068x677.jpeg 1068w, https:\/\/all4camper.com\/wp-content\/uploads\/2022\/11\/vanocni-trhy-olomouc-1920x1218.jpeg 1920w, https:\/\/all4camper.com\/wp-content\/uploads\/2022\/11\/vanocni-trhy-olomouc.jpeg 2048w\" sizes=\"auto, (max-width: 1703px) 100vw, 1703px\" \/><\/figure>\n\n\n\n<p>A co na n\u00e1v\u0161t\u011bvn\u00edky je\u0161t\u011b \u010dek\u00e1? Po\u0159\u00e1daj\u00edc\u00ed spolek Kulturn\u00ed Olomouc nezapomene ani letos na zaj\u00edmav\u00fd program pro mal\u00e9 i velk\u00e9.&nbsp;Na p\u00f3diu na Horn\u00edm n\u00e1m\u011bst\u00ed vystoup\u00ed zn\u00e1m\u00e9 soubory a interpreti, nap\u0159\u00edklad&nbsp;<strong>B\u00e1ra Basikov\u00e1, Turbo, Pavel Dobe\u0161<\/strong>&nbsp;nebo&nbsp;<strong>Poutn\u00edci<\/strong>, prostor dostanou i olomouck\u00e9 kapely a zp\u011bv\u00e1ci \u2013&nbsp;<strong>Bluesberg, Homebwoyrasta, Terez Wrau, Blues Power, Olomouck\u00fd dixieland jazz band, Isbina<\/strong>&nbsp;a \u0159ada dal\u0161\u00edch. Rodi\u010de s d\u011btmi jist\u011b ocen\u00ed prom\u00edt\u00e1n\u00ed poh\u00e1dek a film\u016f, nap\u0159.&nbsp;<strong>Jak dostat tat\u00ednka do polep\u0161ovny, V\u00e1no\u010dn\u00ed hv\u011bzda, L\u00e1ska rohat\u00e1<\/strong>&nbsp;aj. <\/p>\n\n\n\n<p>Nebude chyb\u011bt ani tradi\u010dn\u00ed zp\u00edv\u00e1n\u00ed koled s Den\u00edkem a d\u011btsk\u00fdm souborem&nbsp;<strong>Kassiopea&nbsp;<\/strong>nebo pr\u016fvod \u010dert\u016f&nbsp;<strong>Krampus\u016f<\/strong>. Letos n\u00e1v\u0161t\u011bvn\u00edci nep\u0159ijdou o tradi\u010dn\u00ed rozsv\u00edcen\u00ed v\u00e1no\u010dn\u00edho stromu, v provozu bude&nbsp;<strong>Je\u017e\u00ed\u0161kova po\u0161ta<\/strong>&nbsp;a d\u00edlni\u010dky pro d\u011bti. Trhy se konaj\u00ed od 18.11. do 23.12.2022. V\u00edce informac\u00ed na <a href=\"https:\/\/www.vanocnitrhy.eu\/\" target=\"_blank\" rel=\"noreferrer noopener\">vanocnitrhy.eu<\/a><\/p>\n\n\n\n<p><strong>A kde kempovat?<\/strong> Tip na kempov\u00e1n\u00ed p\u0159\u00edmo v Olomouci pro v\u00e1s nem\u00e1m. Doporu\u010duji si v\u00fdlet prodlou\u017eit a u\u017e\u00edt alespo\u0148 jeden den a noc v Radslavic\u00edch. Jak mnoho karavanist\u016f v\u00ed, je tam opravdu kr\u00e1sn\u00e9 karavanov\u00e9 st\u00e1n\u00ed s nab\u00eddkou p\u0159\u00edjemn\u00e9ho posezen\u00ed v malebn\u00e9m &#8222;ob\u00fdv\u00e1ku&#8220;, koupelny a samoz\u0159ejm\u011b i servisn\u00edho m\u00edsta. Ostatn\u011b o tomto resortu jsem psala. <a href=\"https:\/\/all4camper.com\/\/cs\/oaza-klidu-pro-nejen-pro-karavanisty-a-milovniky-vyletu%EF%BF%BC\/\" target=\"_blank\" rel=\"noreferrer noopener\">O\u00e1za klidu pro nejen pro karavanisty a milovn\u00edky v\u00fdlet\u016f<\/a>.<\/p>\n\n\n\n<figure class=\"wp-block-image size-full\"><img loading=\"lazy\" decoding=\"async\" width=\"960\" height=\"720\" src=\"https:\/\/all4camper.com\/\/wp-content\/uploads\/2022\/11\/radlsavice-vanoce.jpeg\" alt=\"\" class=\"wp-image-141210\" srcset=\"https:\/\/all4camper.com\/wp-content\/uploads\/2022\/11\/radlsavice-vanoce.jpeg 960w, https:\/\/all4camper.com\/wp-content\/uploads\/2022\/11\/radlsavice-vanoce-300x225.jpeg 300w, https:\/\/all4camper.com\/wp-content\/uploads\/2022\/11\/radlsavice-vanoce-150x113.jpeg 150w, https:\/\/all4camper.com\/wp-content\/uploads\/2022\/11\/radlsavice-vanoce-768x576.jpeg 768w, https:\/\/all4camper.com\/wp-content\/uploads\/2022\/11\/radlsavice-vanoce-696x522.jpeg 696w\" sizes=\"auto, (max-width: 960px) 100vw, 960px\" \/><\/figure>\n\n\n\n<div class=\"wp-block-group\"><div class=\"wp-block-group__inner-container is-layout-constrained wp-block-group-is-layout-constrained\">\n<div class=\"wp-block-group\"><div class=\"wp-block-group__inner-container is-layout-constrained wp-block-group-is-layout-constrained\">\n<h2 class=\"wp-block-heading\">V\u00e1no\u010dn\u00ed trhy Plze\u0148<\/h2>\n\n\n\n<p>Ka\u017ed\u00fdm rokem se na n\u00e1m\u011bst\u00ed Republiky konaj\u00ed Adventn\u00ed trhy. Letos, v roce 2022, budou trhy v term\u00ednu 23.11. &#8211; 23.12.2022 N\u00e1m\u011bst\u00ed obklop\u00ed v\u00e1no\u010dn\u00ed atmosf\u00e9ra, v\u016fn\u011b sva\u0159en\u00e9ho v\u00edna, staro\u010desk\u00e9ho trdla a pern\u00ed\u010dk\u016f.<\/p>\n<\/div><\/div>\n\n\n\n<figure class=\"wp-block-image size-large is-resized\"><a href=\"https:\/\/www.kudyznudy.cz\/akce\/adventni-trhy-plzen\" target=\"_blank\" rel=\"noreferrer noopener\"><img loading=\"lazy\" decoding=\"async\" src=\"https:\/\/all4camper.com\/\/wp-content\/uploads\/2022\/11\/vanocni-trhy-plzen-2022-1617x1080.webp\" alt=\"\" class=\"wp-image-141212\" width=\"696\" height=\"464\" srcset=\"https:\/\/all4camper.com\/wp-content\/uploads\/2022\/11\/vanocni-trhy-plzen-2022-1617x1080.webp 1617w, https:\/\/all4camper.com\/wp-content\/uploads\/2022\/11\/vanocni-trhy-plzen-2022-300x200.webp 300w, https:\/\/all4camper.com\/wp-content\/uploads\/2022\/11\/vanocni-trhy-plzen-2022-150x100.webp 150w, https:\/\/all4camper.com\/wp-content\/uploads\/2022\/11\/vanocni-trhy-plzen-2022-768x513.webp 768w, https:\/\/all4camper.com\/wp-content\/uploads\/2022\/11\/vanocni-trhy-plzen-2022-1536x1026.webp 1536w, https:\/\/all4camper.com\/wp-content\/uploads\/2022\/11\/vanocni-trhy-plzen-2022-696x465.webp 696w, https:\/\/all4camper.com\/wp-content\/uploads\/2022\/11\/vanocni-trhy-plzen-2022-1068x713.webp 1068w, https:\/\/all4camper.com\/wp-content\/uploads\/2022\/11\/vanocni-trhy-plzen-2022-1920x1283.webp 1920w, https:\/\/all4camper.com\/wp-content\/uploads\/2022\/11\/vanocni-trhy-plzen-2022.webp 2000w\" sizes=\"auto, (max-width: 696px) 100vw, 696px\" \/><\/a><figcaption class=\"wp-element-caption\">Foto Kudy z nudy<\/figcaption><\/figure>\n<\/div><\/div>\n\n\n\n<p>Jako na ka\u017ed\u00fdch trz\u00edch, i zde si nesm\u00edte nechat uj\u00edt uk\u00e1zky z lidov\u00fdch tradic a \u0159emesel se zam\u011b\u0159en\u00edm na V\u00e1noce a v\u00e1no\u010dn\u00ed tematiku. Na\u010derpejte inspiraci na v\u00e1no\u010dn\u00ed d\u00e1rky nebo je na trz\u00edch rovnou nakupte! D\u011bti jist\u011b pot\u011b\u0161\u00ed osl\u00edk s ove\u010dkami v \u017eiv\u00e9m betl\u00e9m\u011b nebo program pln\u00fd v\u00e1no\u010dn\u00edch koled. Aktu\u00e1ln\u00ed program je\u0161t\u011b nen\u00ed vyd\u00e1n, proto sledujte str\u00e1nky<a href=\"http:\/\/www.trhyplzen.cz\/\" target=\"_blank\" rel=\"noreferrer noopener\"> trhyplzen.cz<\/a><\/p>\n\n\n\n<div class=\"wp-block-group\"><div class=\"wp-block-group__inner-container is-layout-constrained wp-block-group-is-layout-constrained\">\n<h2 class=\"wp-block-heading\">V\u00e1noce v \u010cesk\u00e9m Krumlov\u011b<\/h2>\n\n\n\n<p>Zazp\u00edvat si koledy pod \u0161ir\u00fdm nebem, bavit se v pr\u016fvodu and\u011bl\u016f, pop\u00edjet pun\u010d na nejkr\u00e1sn\u011bj\u0161\u00edm n\u00e1m\u011bst\u00ed\u2026 To v\u0161e zahaleno do sv\u00e1te\u010dn\u00ed atmosf\u00e9ry. Advent a V\u00e1noce maj\u00ed v \u010cesk\u00e9m Krumlov\u011b sv\u016fj nezam\u011bniteln\u00fd p\u016fvab.<\/p>\n\n\n\n<figure class=\"wp-block-image size-full\"><a href=\"https:\/\/www.kudyznudy.cz\/akce\/advent-a-vanoce-v-ceskem-krumlove-2\" target=\"_blank\" rel=\"noreferrer noopener\"><img loading=\"lazy\" decoding=\"async\" width=\"900\" height=\"709\" src=\"https:\/\/all4camper.com\/\/wp-content\/uploads\/2022\/11\/vanoce-cesky-krumlov-2022_2.webp\" alt=\"\" class=\"wp-image-141215\" srcset=\"https:\/\/all4camper.com\/wp-content\/uploads\/2022\/11\/vanoce-cesky-krumlov-2022_2.webp 900w, https:\/\/all4camper.com\/wp-content\/uploads\/2022\/11\/vanoce-cesky-krumlov-2022_2-300x236.webp 300w, https:\/\/all4camper.com\/wp-content\/uploads\/2022\/11\/vanoce-cesky-krumlov-2022_2-150x118.webp 150w, https:\/\/all4camper.com\/wp-content\/uploads\/2022\/11\/vanoce-cesky-krumlov-2022_2-768x605.webp 768w, https:\/\/all4camper.com\/wp-content\/uploads\/2022\/11\/vanoce-cesky-krumlov-2022_2-696x548.webp 696w\" sizes=\"auto, (max-width: 900px) 100vw, 900px\" \/><\/a><figcaption class=\"wp-element-caption\">Foto Kudy z nudy<\/figcaption><\/figure>\n<\/div><\/div>\n\n\n\n<p>Bohat\u00fd adventn\u00ed a v\u00e1no\u010dn\u00ed program, zpest\u0159en\u00fd tradi\u010dn\u00edm v\u00e1no\u010dn\u00edm trhem, spole\u010dn\u00e9 zp\u00edv\u00e1n\u00ed koled u v\u00e1no\u010dn\u00edho stromu, adventn\u00ed a v\u00e1no\u010dn\u00ed koncerty, ale tak\u00e9 v\u0161ude se linouc\u00ed v\u016fn\u011b hork\u00e9ho pun\u010de a pra\u017een\u00fdch mandl\u00ed v\u00e1s dokonale vt\u00e1hnou do poh\u00e1dkov\u00e9 atmosf\u00e9ry sv\u00e1te\u010dn\u011b vyzdoben\u00e9ho m\u011bsta.<\/p>\n\n\n\n<p>Hudebn\u011b poetick\u00e9 rozsv\u00edcen\u00ed v\u00e1no\u010dn\u00edho stromu, mikul\u00e1\u0161sk\u00e1 nad\u00edlka, Je\u017e\u00ed\u0161kova po\u0161ta, and\u011blsk\u00fd pr\u016fvod m\u011bstem, betl\u00e9my, v\u00e1no\u010dn\u00ed poh\u00e1dky a mnoho dal\u0161\u00edho z programu oslov\u00ed mal\u00e9 i velk\u00e9. Kouzeln\u00fdm zavr\u0161en\u00edm p\u0159edv\u00e1no\u010dn\u00edho obdob\u00ed je pak \u017div\u00fd Betl\u00e9m \u2013 ztv\u00e1rn\u011bn\u00ed biblick\u00e9ho p\u0159\u00edb\u011bhu za p\u016fsobiv\u00e9ho hudebn\u00edho doprovodu.<\/p>\n\n\n\n<figure class=\"wp-block-image size-full\"><img loading=\"lazy\" decoding=\"async\" width=\"750\" height=\"500\" src=\"https:\/\/all4camper.com\/\/wp-content\/uploads\/2022\/11\/vanoce-cesky-krumlov-2022.webp\" alt=\"\" class=\"wp-image-141217\" srcset=\"https:\/\/all4camper.com\/wp-content\/uploads\/2022\/11\/vanoce-cesky-krumlov-2022.webp 750w, https:\/\/all4camper.com\/wp-content\/uploads\/2022\/11\/vanoce-cesky-krumlov-2022-300x200.webp 300w, https:\/\/all4camper.com\/wp-content\/uploads\/2022\/11\/vanoce-cesky-krumlov-2022-150x100.webp 150w, https:\/\/all4camper.com\/wp-content\/uploads\/2022\/11\/vanoce-cesky-krumlov-2022-696x464.webp 696w\" sizes=\"auto, (max-width: 750px) 100vw, 750px\" \/><\/figure>\n\n\n\n<p><strong>A kde kempovat? <\/strong>M\u00e1te dv\u011b mo\u017enosti, bu\u010f budete st\u00e1t bez jak\u00e9hokoliv z\u00e1zem\u00ed na parkovi\u0161ti pro karavany <a href=\"https:\/\/goo.gl\/maps\/7YbZhB2iP5Crcjzb6\" target=\"_blank\" rel=\"noreferrer noopener\">mapa<\/a>. Nebo vyu\u017eijete nab\u00eddky kempu Fox, kter\u00fd je mimochodem i pro letn\u00ed zastaven\u00ed. Le\u017e\u00ed u \u0159eky a nab\u00edzej\u00ed slu\u017eby pro vod\u00e1ky <a href=\"https:\/\/g.page\/KempFox?share\" target=\"_blank\" rel=\"noreferrer noopener\">mapa<\/a>. Dal\u0161\u00ed mo\u017enost\u00ed je je\u0161t\u011b kempov\u00e1n\u00ed v kempu \u010cesk\u00fd Krumlov <a href=\"https:\/\/goo.gl\/maps\/Wc5cX3k8GWb9ii5P8\" target=\"_blank\" rel=\"noreferrer noopener\">mapa<\/a>. U kemp\u016f doporu\u010duji ov\u011b\u0159it mo\u017enost p\u0159\u00edjezdu.<\/p>\n","protected":false},"excerpt":{"rendered":"<p>Obdob\u00ed p\u0159ed V\u00e1noci je snad t\u00edm nejkr\u00e1sn\u011bj\u0161\u00edm v roce. A to plat\u00ed i pro karavanink. Mnoho z n\u00e1s se u\u017e nem\u016f\u017ee do\u010dkat a\u017e sedne do sv\u00e9ho milovan\u00e9ho domu na kole\u010dk\u00e1ch, nastartuje, a vyraz\u00ed sm\u011br v\u00e1no\u010dn\u00ed trhy. V minulosti to u karavanist\u016f bylo zejm\u00e9na do N\u011bmecka a Rakouska. V t\u00e9to slo\u017eit\u00e9 dob\u011b, kdy nafta v\u00fdrazn\u011b zdra\u017eila, [&hellip;]<\/p>\n","protected":false},"author":4,"featured_media":141203,"comment_status":"closed","ping_status":"open","sticky":false,"template":"","format":"standard","meta":{"_monsterinsights_skip_tracking":false,"_monsterinsights_sitenote_active":false,"_monsterinsights_sitenote_note":"","_monsterinsights_sitenote_category":0,"footnotes":""},"categories":[364,422,341],"tags":[100,354,344,321],"class_list":{"0":"post-141188","1":"post","2":"type-post","3":"status-publish","4":"format-standard","5":"has-post-thumbnail","7":"category-cestujeme-a-kempujeme-v-cr","8":"category-novinky-kempovani-a-karavaning","9":"category-zimni-kempovani","10":"tag-cechy","11":"tag-morava","12":"tag-vanoce-v-karavanu","13":"tag-winter-camping"},"yoast_head":"<!-- This site is optimized with the Yoast SEO plugin v27.5 - https:\/\/yoast.com\/product\/yoast-seo-wordpress\/ -->\n<title>Nejkr\u00e1sn\u011bj\u0161\u00ed adventn\u00ed trhy v \u010cR - na co se m\u016f\u017eete t\u011b\u0161it - All4Camper<\/title>\n<meta name=\"description\" content=\"Obdob\u00ed p\u0159ed V\u00e1noci je snad t\u00edm nejkr\u00e1sn\u011bj\u0161\u00edm v roce. A to plat\u00ed i pro karavanink. Mnoho z n\u00e1s se u\u017e nem\u016f\u017ee do\u010dkat a\u017e sedne do sv\u00e9ho milovan\u00e9ho domu na kole\u010dk\u00e1ch, nastartuje, a vyraz\u00ed sm\u011br v\u00e1no\u010dn\u00ed trhy.\" \/>\n<meta name=\"robots\" content=\"index, follow, max-snippet:-1, max-image-preview:large, max-video-preview:-1\" \/>\n<link rel=\"canonical\" href=\"https:\/\/all4camper.com\/cs\/nejkrasnejsi-vanocni-trhy-v-cr-na-co-se-muzete-tesit\/\" \/>\n<meta property=\"og:locale\" content=\"cs_CZ\" \/>\n<meta property=\"og:type\" content=\"article\" \/>\n<meta property=\"og:title\" content=\"Nejkr\u00e1sn\u011bj\u0161\u00ed adventn\u00ed trhy v \u010cR - na co se m\u016f\u017eete t\u011b\u0161it - All4Camper\" \/>\n<meta property=\"og:description\" content=\"Obdob\u00ed p\u0159ed V\u00e1noci je snad t\u00edm nejkr\u00e1sn\u011bj\u0161\u00edm v roce. A to plat\u00ed i pro karavanink. Mnoho z n\u00e1s se u\u017e nem\u016f\u017ee do\u010dkat a\u017e sedne do sv\u00e9ho milovan\u00e9ho domu na kole\u010dk\u00e1ch, nastartuje, a vyraz\u00ed sm\u011br v\u00e1no\u010dn\u00ed trhy.\" \/>\n<meta property=\"og:url\" content=\"https:\/\/all4camper.com\/cs\/nejkrasnejsi-vanocni-trhy-v-cr-na-co-se-muzete-tesit\/\" \/>\n<meta property=\"og:site_name\" content=\"All4Camper\" \/>\n<meta property=\"article:published_time\" content=\"2022-11-24T12:00:00+00:00\" \/>\n<meta property=\"og:image\" content=\"https:\/\/all4camper.com\/wp-content\/uploads\/2022\/11\/vanocni-trhy-Ostrava-2022_2.jpeg\" \/>\n\t<meta property=\"og:image:width\" content=\"1509\" \/>\n\t<meta property=\"og:image:height\" content=\"1030\" \/>\n\t<meta property=\"og:image:type\" content=\"image\/jpeg\" \/>\n<meta name=\"author\" content=\"Kl\u00e1ra H\u00e1jkov\u00e1\" \/>\n<meta name=\"twitter:card\" content=\"summary_large_image\" \/>\n<meta name=\"twitter:label1\" content=\"Napsal(a)\" \/>\n\t<meta name=\"twitter:data1\" content=\"Kl\u00e1ra H\u00e1jkov\u00e1\" \/>\n\t<meta name=\"twitter:label2\" content=\"Odhadovan\u00e1 doba \u010dten\u00ed\" \/>\n\t<meta name=\"twitter:data2\" content=\"10 minut\" \/>\n<script type=\"application\/ld+json\" class=\"yoast-schema-graph\">{\"@context\":\"https:\\\/\\\/schema.org\",\"@graph\":[{\"@type\":\"Article\",\"@id\":\"https:\\\/\\\/all4camper.com\\\/cs\\\/nejkrasnejsi-vanocni-trhy-v-cr-na-co-se-muzete-tesit\\\/#article\",\"isPartOf\":{\"@id\":\"https:\\\/\\\/all4camper.com\\\/cs\\\/nejkrasnejsi-vanocni-trhy-v-cr-na-co-se-muzete-tesit\\\/\"},\"author\":{\"name\":\"Kl\u00e1ra H\u00e1jkov\u00e1\",\"@id\":\"https:\\\/\\\/all4camper.com\\\/cs\\\/#\\\/schema\\\/person\\\/c6f1efdf1d02bc7d8c53a891cbe18c62\"},\"headline\":\"Nejkr\u00e1sn\u011bj\u0161\u00ed adventn\u00ed trhy v \u010cR &#8211; na co se m\u016f\u017eete t\u011b\u0161it\",\"datePublished\":\"2022-11-24T12:00:00+00:00\",\"mainEntityOfPage\":{\"@id\":\"https:\\\/\\\/all4camper.com\\\/cs\\\/nejkrasnejsi-vanocni-trhy-v-cr-na-co-se-muzete-tesit\\\/\"},\"wordCount\":1998,\"publisher\":{\"@id\":\"https:\\\/\\\/all4camper.com\\\/cs\\\/#organization\"},\"image\":{\"@id\":\"https:\\\/\\\/all4camper.com\\\/cs\\\/nejkrasnejsi-vanocni-trhy-v-cr-na-co-se-muzete-tesit\\\/#primaryimage\"},\"thumbnailUrl\":\"https:\\\/\\\/all4camper.com\\\/wp-content\\\/uploads\\\/2022\\\/11\\\/vanocni-trhy-Ostrava-2022_2.jpeg\",\"keywords\":[\"\u010cechy\",\"Morava\",\"V\u00e1noce v karavanu\",\"Zimn\u00ed kempov\u00e1n\u00ed\"],\"articleSection\":[\"Cestujeme a kempujeme v \u010cR\",\"Novinky - Kempov\u00e1n\u00ed a karavaning\",\"Zimn\u00ed kempov\u00e1n\u00ed\"],\"inLanguage\":\"cs\"},{\"@type\":\"WebPage\",\"@id\":\"https:\\\/\\\/all4camper.com\\\/cs\\\/nejkrasnejsi-vanocni-trhy-v-cr-na-co-se-muzete-tesit\\\/\",\"url\":\"https:\\\/\\\/all4camper.com\\\/cs\\\/nejkrasnejsi-vanocni-trhy-v-cr-na-co-se-muzete-tesit\\\/\",\"name\":\"Nejkr\u00e1sn\u011bj\u0161\u00ed adventn\u00ed trhy v \u010cR - na co se m\u016f\u017eete t\u011b\u0161it - All4Camper\",\"isPartOf\":{\"@id\":\"https:\\\/\\\/all4camper.com\\\/cs\\\/#website\"},\"primaryImageOfPage\":{\"@id\":\"https:\\\/\\\/all4camper.com\\\/cs\\\/nejkrasnejsi-vanocni-trhy-v-cr-na-co-se-muzete-tesit\\\/#primaryimage\"},\"image\":{\"@id\":\"https:\\\/\\\/all4camper.com\\\/cs\\\/nejkrasnejsi-vanocni-trhy-v-cr-na-co-se-muzete-tesit\\\/#primaryimage\"},\"thumbnailUrl\":\"https:\\\/\\\/all4camper.com\\\/wp-content\\\/uploads\\\/2022\\\/11\\\/vanocni-trhy-Ostrava-2022_2.jpeg\",\"datePublished\":\"2022-11-24T12:00:00+00:00\",\"description\":\"Obdob\u00ed p\u0159ed V\u00e1noci je snad t\u00edm nejkr\u00e1sn\u011bj\u0161\u00edm v roce. A to plat\u00ed i pro karavanink. Mnoho z n\u00e1s se u\u017e nem\u016f\u017ee do\u010dkat a\u017e sedne do sv\u00e9ho milovan\u00e9ho domu na kole\u010dk\u00e1ch, nastartuje, a vyraz\u00ed sm\u011br v\u00e1no\u010dn\u00ed trhy.\",\"breadcrumb\":{\"@id\":\"https:\\\/\\\/all4camper.com\\\/cs\\\/nejkrasnejsi-vanocni-trhy-v-cr-na-co-se-muzete-tesit\\\/#breadcrumb\"},\"inLanguage\":\"cs\",\"potentialAction\":[{\"@type\":\"ReadAction\",\"target\":[\"https:\\\/\\\/all4camper.com\\\/cs\\\/nejkrasnejsi-vanocni-trhy-v-cr-na-co-se-muzete-tesit\\\/\"]}]},{\"@type\":\"ImageObject\",\"inLanguage\":\"cs\",\"@id\":\"https:\\\/\\\/all4camper.com\\\/cs\\\/nejkrasnejsi-vanocni-trhy-v-cr-na-co-se-muzete-tesit\\\/#primaryimage\",\"url\":\"https:\\\/\\\/all4camper.com\\\/wp-content\\\/uploads\\\/2022\\\/11\\\/vanocni-trhy-Ostrava-2022_2.jpeg\",\"contentUrl\":\"https:\\\/\\\/all4camper.com\\\/wp-content\\\/uploads\\\/2022\\\/11\\\/vanocni-trhy-Ostrava-2022_2.jpeg\",\"width\":1509,\"height\":1030},{\"@type\":\"BreadcrumbList\",\"@id\":\"https:\\\/\\\/all4camper.com\\\/cs\\\/nejkrasnejsi-vanocni-trhy-v-cr-na-co-se-muzete-tesit\\\/#breadcrumb\",\"itemListElement\":[{\"@type\":\"ListItem\",\"position\":1,\"name\":\"Dom\u016f\",\"item\":\"https:\\\/\\\/all4camper.com\\\/cs\\\/\"},{\"@type\":\"ListItem\",\"position\":2,\"name\":\"Novinky - Kempov\u00e1n\u00ed a karavaning\",\"item\":\"https:\\\/\\\/all4camper.com\\\/cs\\\/category\\\/novinky-kempovani-a-karavaning\\\/\"},{\"@type\":\"ListItem\",\"position\":3,\"name\":\"Nejkr\u00e1sn\u011bj\u0161\u00ed adventn\u00ed trhy v \u010cR &#8211; na co se m\u016f\u017eete t\u011b\u0161it\"}]},{\"@type\":\"WebSite\",\"@id\":\"https:\\\/\\\/all4camper.com\\\/cs\\\/#website\",\"url\":\"https:\\\/\\\/all4camper.com\\\/cs\\\/\",\"name\":\"All4Camper\",\"description\":\"Nejv\u011bt\u0161\u00ed online magaz\u00edn o kempov\u00e1n\u00ed a karavaninku. V\u00edce jak 900 \u010dl\u00e1nk\u016f pln\u00fdch rad a tip\u016f o kempech a kempov\u00e1n\u00ed.\",\"publisher\":{\"@id\":\"https:\\\/\\\/all4camper.com\\\/cs\\\/#organization\"},\"potentialAction\":[{\"@type\":\"SearchAction\",\"target\":{\"@type\":\"EntryPoint\",\"urlTemplate\":\"https:\\\/\\\/all4camper.com\\\/cs\\\/?s={search_term_string}\"},\"query-input\":{\"@type\":\"PropertyValueSpecification\",\"valueRequired\":true,\"valueName\":\"search_term_string\"}}],\"inLanguage\":\"cs\"},{\"@type\":\"Organization\",\"@id\":\"https:\\\/\\\/all4camper.com\\\/cs\\\/#organization\",\"name\":\"All4Camper - kempujeme s Kl\u00e1rou\",\"url\":\"https:\\\/\\\/all4camper.com\\\/cs\\\/\",\"logo\":{\"@type\":\"ImageObject\",\"inLanguage\":\"cs\",\"@id\":\"https:\\\/\\\/all4camper.com\\\/cs\\\/#\\\/schema\\\/logo\\\/image\\\/\",\"url\":\"https:\\\/\\\/all4camper.com\\\/wp-content\\\/uploads\\\/2018\\\/09\\\/novelogo.png\",\"contentUrl\":\"https:\\\/\\\/all4camper.com\\\/wp-content\\\/uploads\\\/2018\\\/09\\\/novelogo.png\",\"width\":1520,\"height\":600,\"caption\":\"All4Camper - kempujeme s Kl\u00e1rou\"},\"image\":{\"@id\":\"https:\\\/\\\/all4camper.com\\\/cs\\\/#\\\/schema\\\/logo\\\/image\\\/\"}},{\"@type\":\"Person\",\"@id\":\"https:\\\/\\\/all4camper.com\\\/cs\\\/#\\\/schema\\\/person\\\/c6f1efdf1d02bc7d8c53a891cbe18c62\",\"name\":\"Kl\u00e1ra H\u00e1jkov\u00e1\",\"sameAs\":[\"http:\\\/\\\/www.all4camper.com\"],\"url\":\"https:\\\/\\\/all4camper.com\\\/cs\\\/author\\\/klarinkacestuje1\\\/\"}]}<\/script>\n<!-- \/ Yoast SEO plugin. -->","yoast_head_json":{"title":"Nejkr\u00e1sn\u011bj\u0161\u00ed adventn\u00ed trhy v \u010cR - na co se m\u016f\u017eete t\u011b\u0161it - All4Camper","description":"Obdob\u00ed p\u0159ed V\u00e1noci je snad t\u00edm nejkr\u00e1sn\u011bj\u0161\u00edm v roce. A to plat\u00ed i pro karavanink. Mnoho z n\u00e1s se u\u017e nem\u016f\u017ee do\u010dkat a\u017e sedne do sv\u00e9ho milovan\u00e9ho domu na kole\u010dk\u00e1ch, nastartuje, a vyraz\u00ed sm\u011br v\u00e1no\u010dn\u00ed trhy.","robots":{"index":"index","follow":"follow","max-snippet":"max-snippet:-1","max-image-preview":"max-image-preview:large","max-video-preview":"max-video-preview:-1"},"canonical":"https:\/\/all4camper.com\/cs\/nejkrasnejsi-vanocni-trhy-v-cr-na-co-se-muzete-tesit\/","og_locale":"cs_CZ","og_type":"article","og_title":"Nejkr\u00e1sn\u011bj\u0161\u00ed adventn\u00ed trhy v \u010cR - na co se m\u016f\u017eete t\u011b\u0161it - All4Camper","og_description":"Obdob\u00ed p\u0159ed V\u00e1noci je snad t\u00edm nejkr\u00e1sn\u011bj\u0161\u00edm v roce. A to plat\u00ed i pro karavanink. Mnoho z n\u00e1s se u\u017e nem\u016f\u017ee do\u010dkat a\u017e sedne do sv\u00e9ho milovan\u00e9ho domu na kole\u010dk\u00e1ch, nastartuje, a vyraz\u00ed sm\u011br v\u00e1no\u010dn\u00ed trhy.","og_url":"https:\/\/all4camper.com\/cs\/nejkrasnejsi-vanocni-trhy-v-cr-na-co-se-muzete-tesit\/","og_site_name":"All4Camper","article_published_time":"2022-11-24T12:00:00+00:00","og_image":[{"width":1509,"height":1030,"url":"https:\/\/all4camper.com\/wp-content\/uploads\/2022\/11\/vanocni-trhy-Ostrava-2022_2.jpeg","type":"image\/jpeg"}],"author":"Kl\u00e1ra H\u00e1jkov\u00e1","twitter_card":"summary_large_image","twitter_misc":{"Napsal(a)":"Kl\u00e1ra H\u00e1jkov\u00e1","Odhadovan\u00e1 doba \u010dten\u00ed":"10 minut"},"schema":{"@context":"https:\/\/schema.org","@graph":[{"@type":"Article","@id":"https:\/\/all4camper.com\/cs\/nejkrasnejsi-vanocni-trhy-v-cr-na-co-se-muzete-tesit\/#article","isPartOf":{"@id":"https:\/\/all4camper.com\/cs\/nejkrasnejsi-vanocni-trhy-v-cr-na-co-se-muzete-tesit\/"},"author":{"name":"Kl\u00e1ra H\u00e1jkov\u00e1","@id":"https:\/\/all4camper.com\/cs\/#\/schema\/person\/c6f1efdf1d02bc7d8c53a891cbe18c62"},"headline":"Nejkr\u00e1sn\u011bj\u0161\u00ed adventn\u00ed trhy v \u010cR &#8211; na co se m\u016f\u017eete t\u011b\u0161it","datePublished":"2022-11-24T12:00:00+00:00","mainEntityOfPage":{"@id":"https:\/\/all4camper.com\/cs\/nejkrasnejsi-vanocni-trhy-v-cr-na-co-se-muzete-tesit\/"},"wordCount":1998,"publisher":{"@id":"https:\/\/all4camper.com\/cs\/#organization"},"image":{"@id":"https:\/\/all4camper.com\/cs\/nejkrasnejsi-vanocni-trhy-v-cr-na-co-se-muzete-tesit\/#primaryimage"},"thumbnailUrl":"https:\/\/all4camper.com\/wp-content\/uploads\/2022\/11\/vanocni-trhy-Ostrava-2022_2.jpeg","keywords":["\u010cechy","Morava","V\u00e1noce v karavanu","Zimn\u00ed kempov\u00e1n\u00ed"],"articleSection":["Cestujeme a kempujeme v \u010cR","Novinky - Kempov\u00e1n\u00ed a karavaning","Zimn\u00ed kempov\u00e1n\u00ed"],"inLanguage":"cs"},{"@type":"WebPage","@id":"https:\/\/all4camper.com\/cs\/nejkrasnejsi-vanocni-trhy-v-cr-na-co-se-muzete-tesit\/","url":"https:\/\/all4camper.com\/cs\/nejkrasnejsi-vanocni-trhy-v-cr-na-co-se-muzete-tesit\/","name":"Nejkr\u00e1sn\u011bj\u0161\u00ed adventn\u00ed trhy v \u010cR - na co se m\u016f\u017eete t\u011b\u0161it - All4Camper","isPartOf":{"@id":"https:\/\/all4camper.com\/cs\/#website"},"primaryImageOfPage":{"@id":"https:\/\/all4camper.com\/cs\/nejkrasnejsi-vanocni-trhy-v-cr-na-co-se-muzete-tesit\/#primaryimage"},"image":{"@id":"https:\/\/all4camper.com\/cs\/nejkrasnejsi-vanocni-trhy-v-cr-na-co-se-muzete-tesit\/#primaryimage"},"thumbnailUrl":"https:\/\/all4camper.com\/wp-content\/uploads\/2022\/11\/vanocni-trhy-Ostrava-2022_2.jpeg","datePublished":"2022-11-24T12:00:00+00:00","description":"Obdob\u00ed p\u0159ed V\u00e1noci je snad t\u00edm nejkr\u00e1sn\u011bj\u0161\u00edm v roce. A to plat\u00ed i pro karavanink. Mnoho z n\u00e1s se u\u017e nem\u016f\u017ee do\u010dkat a\u017e sedne do sv\u00e9ho milovan\u00e9ho domu na kole\u010dk\u00e1ch, nastartuje, a vyraz\u00ed sm\u011br v\u00e1no\u010dn\u00ed trhy.","breadcrumb":{"@id":"https:\/\/all4camper.com\/cs\/nejkrasnejsi-vanocni-trhy-v-cr-na-co-se-muzete-tesit\/#breadcrumb"},"inLanguage":"cs","potentialAction":[{"@type":"ReadAction","target":["https:\/\/all4camper.com\/cs\/nejkrasnejsi-vanocni-trhy-v-cr-na-co-se-muzete-tesit\/"]}]},{"@type":"ImageObject","inLanguage":"cs","@id":"https:\/\/all4camper.com\/cs\/nejkrasnejsi-vanocni-trhy-v-cr-na-co-se-muzete-tesit\/#primaryimage","url":"https:\/\/all4camper.com\/wp-content\/uploads\/2022\/11\/vanocni-trhy-Ostrava-2022_2.jpeg","contentUrl":"https:\/\/all4camper.com\/wp-content\/uploads\/2022\/11\/vanocni-trhy-Ostrava-2022_2.jpeg","width":1509,"height":1030},{"@type":"BreadcrumbList","@id":"https:\/\/all4camper.com\/cs\/nejkrasnejsi-vanocni-trhy-v-cr-na-co-se-muzete-tesit\/#breadcrumb","itemListElement":[{"@type":"ListItem","position":1,"name":"Dom\u016f","item":"https:\/\/all4camper.com\/cs\/"},{"@type":"ListItem","position":2,"name":"Novinky - Kempov\u00e1n\u00ed a karavaning","item":"https:\/\/all4camper.com\/cs\/category\/novinky-kempovani-a-karavaning\/"},{"@type":"ListItem","position":3,"name":"Nejkr\u00e1sn\u011bj\u0161\u00ed adventn\u00ed trhy v \u010cR &#8211; na co se m\u016f\u017eete t\u011b\u0161it"}]},{"@type":"WebSite","@id":"https:\/\/all4camper.com\/cs\/#website","url":"https:\/\/all4camper.com\/cs\/","name":"All4Camper","description":"Nejv\u011bt\u0161\u00ed online magaz\u00edn o kempov\u00e1n\u00ed a karavaninku. V\u00edce jak 900 \u010dl\u00e1nk\u016f pln\u00fdch rad a tip\u016f o kempech a kempov\u00e1n\u00ed.","publisher":{"@id":"https:\/\/all4camper.com\/cs\/#organization"},"potentialAction":[{"@type":"SearchAction","target":{"@type":"EntryPoint","urlTemplate":"https:\/\/all4camper.com\/cs\/?s={search_term_string}"},"query-input":{"@type":"PropertyValueSpecification","valueRequired":true,"valueName":"search_term_string"}}],"inLanguage":"cs"},{"@type":"Organization","@id":"https:\/\/all4camper.com\/cs\/#organization","name":"All4Camper - kempujeme s Kl\u00e1rou","url":"https:\/\/all4camper.com\/cs\/","logo":{"@type":"ImageObject","inLanguage":"cs","@id":"https:\/\/all4camper.com\/cs\/#\/schema\/logo\/image\/","url":"https:\/\/all4camper.com\/wp-content\/uploads\/2018\/09\/novelogo.png","contentUrl":"https:\/\/all4camper.com\/wp-content\/uploads\/2018\/09\/novelogo.png","width":1520,"height":600,"caption":"All4Camper - kempujeme s Kl\u00e1rou"},"image":{"@id":"https:\/\/all4camper.com\/cs\/#\/schema\/logo\/image\/"}},{"@type":"Person","@id":"https:\/\/all4camper.com\/cs\/#\/schema\/person\/c6f1efdf1d02bc7d8c53a891cbe18c62","name":"Kl\u00e1ra H\u00e1jkov\u00e1","sameAs":["http:\/\/www.all4camper.com"],"url":"https:\/\/all4camper.com\/cs\/author\/klarinkacestuje1\/"}]}},"_links":{"self":[{"href":"https:\/\/all4camper.com\/cs\/wp-json\/wp\/v2\/posts\/141188","targetHints":{"allow":["GET"]}}],"collection":[{"href":"https:\/\/all4camper.com\/cs\/wp-json\/wp\/v2\/posts"}],"about":[{"href":"https:\/\/all4camper.com\/cs\/wp-json\/wp\/v2\/types\/post"}],"author":[{"embeddable":true,"href":"https:\/\/all4camper.com\/cs\/wp-json\/wp\/v2\/users\/4"}],"replies":[{"embeddable":true,"href":"https:\/\/all4camper.com\/cs\/wp-json\/wp\/v2\/comments?post=141188"}],"version-history":[{"count":0,"href":"https:\/\/all4camper.com\/cs\/wp-json\/wp\/v2\/posts\/141188\/revisions"}],"wp:featuredmedia":[{"embeddable":true,"href":"https:\/\/all4camper.com\/cs\/wp-json\/wp\/v2\/media\/141203"}],"wp:attachment":[{"href":"https:\/\/all4camper.com\/cs\/wp-json\/wp\/v2\/media?parent=141188"}],"wp:term":[{"taxonomy":"category","embeddable":true,"href":"https:\/\/all4camper.com\/cs\/wp-json\/wp\/v2\/categories?post=141188"},{"taxonomy":"post_tag","embeddable":true,"href":"https:\/\/all4camper.com\/cs\/wp-json\/wp\/v2\/tags?post=141188"}],"curies":[{"name":"wp","href":"https:\/\/api.w.org\/{rel}","templated":true}]}}