{"id":141115,"date":"2022-11-06T08:00:00","date_gmt":"2022-11-06T07:00:00","guid":{"rendered":"https:\/\/all4camper.com\/\/?p=141115"},"modified":"2022-11-06T18:31:26","modified_gmt":"2022-11-06T17:31:26","slug":"pet-tipu-co-navstivit-v-barcelone","status":"publish","type":"post","link":"https:\/\/all4camper.com\/cs\/pet-tipu-co-navstivit-v-barcelone\/","title":{"rendered":"P\u011bt tip\u016f, co nav\u0161t\u00edvit v Barcelon\u011b"},"content":{"rendered":"\n<p><strong>V&nbsp;Barcelon\u011b \u010dek\u00e1 na cestovatele slunce, mo\u0159e a v\u00fdjime\u010dn\u00e1 architektura spolu s&nbsp;lahodn\u00fdmi tapas a v\u00ednem. Toto m\u011bsto by m\u011bli nav\u0161t\u00edvit nejen milovn\u00edci \u0160pan\u011blska, ale na sv\u00e9 si tu p\u0159ijdou v\u0161ichni n\u00e1v\u0161t\u011bvn\u00edci. U\u017eijete si tu j\u00edzdu lanovkou, ze kter\u00e9 budete m\u00edt jedine\u010dn\u00fd v\u00fdhled, historick\u00e9 tr\u017enice i modern\u00ed bary. Vrcholem n\u00e1v\u0161t\u011bvy Barcelony je prohl\u00eddka vina\u0159stv\u00ed tradi\u010dn\u00edho v\u00fdrobce \u0161umiv\u00e9ho v\u00edna Freixenet s&nbsp;j\u00edzdou vl\u00e1\u010dkem ve sklep\u011b 20 metr\u016f pod zem\u00ed.<\/strong><\/p>\n\n\n\n<figure class=\"wp-block-embed is-type-video is-provider-vimeo wp-block-embed-vimeo wp-embed-aspect-16-9 wp-has-aspect-ratio\"><div class=\"wp-block-embed__wrapper\">\n<iframe loading=\"lazy\" title=\"Barcelona GO!  - A Rob Whitworth Timelapse\" src=\"https:\/\/player.vimeo.com\/video\/98123388?h=625f9cadeb&amp;dnt=1&amp;app_id=122963\" width=\"696\" height=\"392\" frameborder=\"0\" allow=\"autoplay; fullscreen; picture-in-picture\" allowfullscreen><\/iframe>\n<\/div><\/figure>\n\n\n\n<h2 class=\"wp-block-heading\"><strong>Funincular de Montju\u00efc \u2013 Barcelona ze vzduchu<\/strong><\/h2>\n\n\n\n<p>Lanovka Funincular de Montju\u00efc nab\u00edz\u00ed jedine\u010dn\u00fd v\u00fdhled na Barcelonu p\u0159i 750 metr\u016f dlouh\u00e9 j\u00edzd\u011b na horu Castell de Montju\u00efc. B\u011bhem cesty maj\u00ed n\u00e1v\u0161t\u011bvn\u00edci mo\u017enost vid\u011bt ze vzduchu mo\u0159e, p\u0159\u00edstav a zn\u00e1m\u00e9 m\u011bstsk\u00e9 pam\u00e1tky. J\u00edzda za\u010d\u00edn\u00e1 ve stanici Parc Montju\u00efc a lanovka odtud jezd\u00ed bez zast\u00e1vky a\u017e k&nbsp;pevnosti Castell de Montju\u00efc. Zp\u00e1te\u010dn\u00ed cesta vede do v\u00fdchoz\u00edho bodu p\u0159es zast\u00e1vku na vyhl\u00eddce Mirador de l&#8217;Alcalde. Cena j\u00edzdenky se pohybuje od 10,20 do 14,20 euro a d\u011bt\u00ed do 4 let maj\u00ed j\u00edzdu zdarma. V\u00edce informac\u00ed najdete na webu <a href=\"https:\/\/www.telefericdemontjuic.cat\/de\" target=\"_blank\" rel=\"noreferrer noopener\">telefericdemontjuic.cat<\/a>.<\/p>\n\n\n\n<figure class=\"wp-block-image size-full is-resized\"><img loading=\"lazy\" decoding=\"async\" src=\"https:\/\/all4camper.com\/\/wp-content\/uploads\/2022\/11\/Barcelona-lanovka.jpeg\" alt=\"\" class=\"wp-image-141116\" width=\"696\" height=\"486\" srcset=\"https:\/\/all4camper.com\/wp-content\/uploads\/2022\/11\/Barcelona-lanovka.jpeg 1200w, https:\/\/all4camper.com\/wp-content\/uploads\/2022\/11\/Barcelona-lanovka-300x210.jpeg 300w, https:\/\/all4camper.com\/wp-content\/uploads\/2022\/11\/Barcelona-lanovka-150x105.jpeg 150w, https:\/\/all4camper.com\/wp-content\/uploads\/2022\/11\/Barcelona-lanovka-768x536.jpeg 768w, https:\/\/all4camper.com\/wp-content\/uploads\/2022\/11\/Barcelona-lanovka-696x486.jpeg 696w, https:\/\/all4camper.com\/wp-content\/uploads\/2022\/11\/Barcelona-lanovka-1068x746.jpeg 1068w\" sizes=\"auto, (max-width: 696px) 100vw, 696px\" \/><\/figure>\n\n\n\n<h2 class=\"wp-block-heading\"><strong>Proch\u00e1zka po tr\u017enici Mercat de la Boqueria<\/strong><\/h2>\n\n\n\n<p>Gurm\u00e1ni by si v&nbsp;Barcelon\u011b nem\u011bli nechat uj\u00edt proch\u00e1zku po Mercat de la Boqueria. Nejzn\u00e1m\u011bj\u0161\u00ed barcelonsk\u00e1 tr\u017enice se nach\u00e1z\u00ed p\u0159\u00edmo na bulv\u00e1ru La Rambla a spojuje n\u00e1m\u011bst\u00ed Pla\u00e7a de Catalunya se Star\u00fdm p\u0159\u00edstavem. Na tr\u017ei\u0161ti najdete mnoho kulin\u00e1\u0159sk\u00fdch specialit, typick\u00e9 \u0161pan\u011blsk\u00e9 bary a kav\u00e1rny. Nakupovat sem chod\u00ed mnoho m\u00edstn\u00edch obyvatel, ve vzduchu se vzn\u00e1\u0161\u00ed zn\u00e1m\u00e9 i exotick\u00e9 v\u016fn\u011b a trhovci sv\u00e9 zbo\u017e\u00ed mnohdy hlasit\u011b inzeruj\u00ed, tak\u017ee tu potk\u00e1te pravou \u0161pan\u011blskou atmosf\u00e9ru. St\u00e1nky jsou otev\u0159eny od pond\u011bl\u00ed do ned\u011ble obvykle od 8 do 19 hodin, v&nbsp;sobotu n\u011bkdy zav\u00edraj\u00ed u\u017e kolem 14. hodiny. <\/p>\n\n\n<div class=\"wp-block-image\">\n<figure class=\"aligncenter size-full is-resized\"><img loading=\"lazy\" decoding=\"async\" src=\"https:\/\/all4camper.com\/\/wp-content\/uploads\/2022\/11\/barcelona-tr\u017enice.jpeg\" alt=\"\" class=\"wp-image-141124\" width=\"640\" height=\"428\"\/><\/figure>\n<\/div>\n\n\n<h2 class=\"wp-block-heading\"><strong>Prohl\u00eddka vina\u0159stv\u00ed Freixenet<\/strong><\/h2>\n\n\n\n<p>Mnoho znalc\u016f pova\u017euje skleni\u010dku \u0161umiv\u00e9ho v\u00edna Cava za zt\u011blesn\u011bn\u00ed \u0161pan\u011blsk\u00e9 radosti ze \u017eivota. Pokud si b\u011bhem sv\u00e9ho pobytu v&nbsp;Barcelon\u011b ud\u011bl\u00e1te v\u00fdlet do vina\u0159stv\u00ed Freixenet, tradi\u010dn\u00edho v\u00fdrobce \u0161umiv\u00e9ho v\u00edna Cava, sezn\u00e1m\u00edte se s&nbsp;procesem jeho v\u00fdroby. Vina\u0159stv\u00ed se nach\u00e1z\u00ed Sant Sandurn\u00ed d&#8217;Anoia, asi 40 minut j\u00edzdy od Barcelony. Snadno dostupn\u00e9 je vina\u0159stv\u00ed i vlakem a je ide\u00e1ln\u00ed na p\u016fldenn\u00ed v\u00fdlet.<\/p>\n\n\n\n<p>Na n\u00e1v\u0161t\u011bvn\u00edky tohoto vina\u0159stv\u00ed \u010dek\u00e1 prohl\u00eddka zahrnuj\u00edc\u00ed v\u0161e od nejstar\u0161\u00edch a\u017e po nejmodern\u011bj\u0161\u00ed \u010d\u00e1sti. Nechyb\u00ed tu ani pohled na tradi\u010dn\u00ed v\u00fdrobu \u0161umiv\u00e9ho v\u00edna a j\u00edzda vl\u00e1\u010dkem po stalet\u00e9m vinn\u00e9m sklep\u011b 20 metr\u016f pod zem\u00ed. Na z\u00e1v\u011br prohl\u00eddky skl\u00edpku je nachystan\u00e1 ochutn\u00e1vka pr\u00e9miov\u00e9ho \u0161umiv\u00e9ho v\u00edna Cava. V\u00edno tu podle osv\u011bd\u010den\u00e9 \u0161pan\u011blsk\u00e9 tradice zraje v&nbsp;l\u00e1hvi n\u011bkolik m\u011bs\u00edc\u016f, dokud se pln\u011b nerozvine jeho nezam\u011bniteln\u00e9 aroma.<\/p>\n\n\n\n<figure class=\"wp-block-image size-full is-resized\"><img loading=\"lazy\" decoding=\"async\" src=\"https:\/\/all4camper.com\/\/wp-content\/uploads\/2022\/11\/vina\u0159stv\u00ed-barcelona.png\" alt=\"\" class=\"wp-image-141122\" width=\"696\" height=\"298\"\/><\/figure>\n\n\n\n<p>Prohl\u00eddka vina\u0159stv\u00ed trv\u00e1 asi 1,5 hodiny a vstupn\u00e9 se pohybuje od 10,50 do 15,50 eur a pro d\u011bti do 8 let je zdarma. Prohl\u00eddky je t\u0159eba rezervovat p\u0159edem. <\/p>\n\n\n\n<h2 class=\"wp-block-heading\"><strong>Tapas v&nbsp;restauraci Croma by Flash<\/strong><\/h2>\n\n\n\n<p>Barcelona je zn\u00e1m\u00e1 svou architekturou i kulin\u00e1\u0159sk\u00fdmi specialitami. V&nbsp;restauraci Croma by Flash se spojuje oboj\u00ed. Prostory t\u00e9to restaurace navrhl architekt Iv\u00e1n Pom\u00e9s a na n\u00e1v\u0161t\u011bvn\u00edky tu \u010dek\u00e1 kouzeln\u00e1 hra sv\u011btel, odraz\u016f a barev. J\u00eddeln\u00ed l\u00edstek nab\u00edz\u00ed chu\u0165ov\u00fd z\u00e1\u017eitek v&nbsp;podob\u011b tapas z&nbsp;kvalitn\u00edch surovin. Pokud budete cht\u00edt n\u011bco vydatn\u011bj\u0161\u00edho, m\u016f\u017eete vyzkou\u0161et m\u00edstn\u00ed tortilly, t\u011bstoviny nebo hamburgery. Restauraci Croma by Flash najdete na adrese Avinguda Diagonal 640 v&nbsp;centru Barcelony. Cena za porci tapas se pohybuje od 1,80 do 9 euro. <\/p>\n\n\n\n<figure class=\"wp-block-image size-full\"><img loading=\"lazy\" decoding=\"async\" width=\"1433\" height=\"978\" src=\"https:\/\/all4camper.com\/\/wp-content\/uploads\/2022\/11\/tapas-barcelona.jpeg\" alt=\"\" class=\"wp-image-141120\" srcset=\"https:\/\/all4camper.com\/wp-content\/uploads\/2022\/11\/tapas-barcelona.jpeg 1433w, https:\/\/all4camper.com\/wp-content\/uploads\/2022\/11\/tapas-barcelona-300x205.jpeg 300w, https:\/\/all4camper.com\/wp-content\/uploads\/2022\/11\/tapas-barcelona-150x102.jpeg 150w, https:\/\/all4camper.com\/wp-content\/uploads\/2022\/11\/tapas-barcelona-768x524.jpeg 768w, https:\/\/all4camper.com\/wp-content\/uploads\/2022\/11\/tapas-barcelona-218x150.jpeg 218w, https:\/\/all4camper.com\/wp-content\/uploads\/2022\/11\/tapas-barcelona-696x475.jpeg 696w, https:\/\/all4camper.com\/wp-content\/uploads\/2022\/11\/tapas-barcelona-1068x729.jpeg 1068w\" sizes=\"auto, (max-width: 1433px) 100vw, 1433px\" \/><\/figure>\n\n\n\n<div class=\"wp-block-group\"><div class=\"wp-block-group__inner-container is-layout-flow wp-block-group-is-layout-flow\">\n<h2 class=\"wp-block-heading\"><strong>Drink ve st\u0159e\u0161n\u00edm baru Ayre Hotel Rosell\u00f3n<\/strong><\/h2>\n\n\n\n<p>Den v&nbsp;Barcelon\u011b je nejlep\u0161\u00ed zakon\u010dit skleni\u010dkou n\u011b\u010deho dobr\u00e9ho p\u0159i z\u00e1padu slunce. K&nbsp;tomu m\u016f\u017eete vyu\u017e\u00edt t\u0159eba st\u0159e\u0161n\u00ed bar hotelu Ayre Hotel Rosell\u00f3n v&nbsp;ulici Gran V\u00eda de Les Corts Catalanes. B\u011bhem pop\u00edjen\u00ed vychlazen\u00fdch n\u00e1poj\u016f a koktejl\u016f se m\u016f\u017eete kochat pohledem na baziliku Sagrada Fam\u00edlia vzd\u00e1lenou 200 metr\u016f od hotelu. <\/p>\n<\/div><\/div>\n\n\n\n<div class=\"wp-block-group\"><div class=\"wp-block-group__inner-container is-layout-flow wp-block-group-is-layout-flow\">\n<h2 class=\"wp-block-heading\">A kde kempovat?<\/h2>\n\n\n\n<p>Na webov\u00e9m port\u00e1le pincamp.de najdete n\u011bkolik kemp\u016f v okol\u00ed, kter\u00e9 se v\u00e1m ur\u010dit\u011b budou l\u00edbit &#8211; <a href=\"https:\/\/www.pincamp.de\/campingurlaub\/barcelona\" target=\"_blank\" rel=\"noreferrer noopener\">tady<\/a>. <\/p>\n\n\n\n<figure class=\"wp-block-image size-full\"><a href=\"https:\/\/www.campinglasdunas.com\/\" target=\"_blank\" rel=\"noreferrer noopener\"><img decoding=\"async\" src=\"https:\/\/all4camper.com\/\/wp-content\/uploads\/2022\/11\/kemp-okol\u00ed-barcelony.jpeg\" alt=\"\" class=\"wp-image-141118\"\/><\/a><\/figure>\n<\/div><\/div>\n\n\n\n<pre class=\"wp-block-verse\">Dal\u0161\u00ed tipy co nav\u0161t\u00edvit ve \u0160pan\u011blsku si m\u016f\u017eete p\u0159e\u010d\u00edst v rubrice Kempov\u00e1n\u00ed a cestov\u00e1n\u00ed ve \u0160pan\u011blsku <a href=\"\/cs?cat_ID=11546\" target=\"_blank\" rel=\"noreferrer noopener\">zde<\/a>.<\/pre>\n","protected":false},"excerpt":{"rendered":"<p>V&nbsp;Barcelon\u011b \u010dek\u00e1 na cestovatele slunce, mo\u0159e a v\u00fdjime\u010dn\u00e1 architektura spolu s&nbsp;lahodn\u00fdmi tapas a v\u00ednem. Toto m\u011bsto by m\u011bli nav\u0161t\u00edvit nejen milovn\u00edci \u0160pan\u011blska, ale na sv\u00e9 si tu p\u0159ijdou v\u0161ichni n\u00e1v\u0161t\u011bvn\u00edci. U\u017eijete si tu j\u00edzdu lanovkou, ze kter\u00e9 budete m\u00edt jedine\u010dn\u00fd v\u00fdhled, historick\u00e9 tr\u017enice i modern\u00ed bary. Vrcholem n\u00e1v\u0161t\u011bvy Barcelony je prohl\u00eddka vina\u0159stv\u00ed tradi\u010dn\u00edho v\u00fdrobce \u0161umiv\u00e9ho [&hellip;]<\/p>\n","protected":false},"author":4,"featured_media":141126,"comment_status":"closed","ping_status":"open","sticky":false,"template":"","format":"standard","meta":{"_monsterinsights_skip_tracking":false,"_monsterinsights_sitenote_active":false,"_monsterinsights_sitenote_note":"","_monsterinsights_sitenote_category":0,"footnotes":""},"categories":[11546,422],"tags":[325,85],"class_list":{"0":"post-141115","1":"post","2":"type-post","3":"status-publish","4":"format-standard","5":"has-post-thumbnail","7":"category-kempujeme-a-cestujeme-spanelsko","8":"category-novinky-kempovani-a-karavaning","10":"tag-spanelsko"},"yoast_head":"<!-- This site is optimized with the Yoast SEO plugin v27.5 - https:\/\/yoast.com\/product\/yoast-seo-wordpress\/ -->\n<title>P\u011bt tip\u016f, co nav\u0161t\u00edvit v Barcelon\u011b<\/title>\n<meta name=\"description\" content=\"V Barcelon\u011b \u010dek\u00e1 na cestovatele slunce, mo\u0159e a v\u00fdjime\u010dn\u00e1 architektura spolu s lahodn\u00fdmi tapas a v\u00ednem. Toto m\u011bsto by m\u011bli nav\u0161t\u00edvit nejen milovn\u00edci \u0160pan\u011blska, ale na sv\u00e9 si tu p\u0159ijdou v\u0161ichni n\u00e1v\u0161t\u011bvn\u00edci.\" \/>\n<meta name=\"robots\" content=\"index, follow, max-snippet:-1, max-image-preview:large, max-video-preview:-1\" \/>\n<link rel=\"canonical\" href=\"https:\/\/all4camper.com\/cs\/pet-tipu-co-navstivit-v-barcelone\/\" \/>\n<meta property=\"og:locale\" content=\"cs_CZ\" \/>\n<meta property=\"og:type\" content=\"article\" \/>\n<meta property=\"og:title\" content=\"P\u011bt tip\u016f, co nav\u0161t\u00edvit v Barcelon\u011b\" \/>\n<meta property=\"og:description\" content=\"V Barcelon\u011b \u010dek\u00e1 na cestovatele slunce, mo\u0159e a v\u00fdjime\u010dn\u00e1 architektura spolu s lahodn\u00fdmi tapas a v\u00ednem. Toto m\u011bsto by m\u011bli nav\u0161t\u00edvit nejen milovn\u00edci \u0160pan\u011blska, ale na sv\u00e9 si tu p\u0159ijdou v\u0161ichni n\u00e1v\u0161t\u011bvn\u00edci.\" \/>\n<meta property=\"og:url\" content=\"https:\/\/all4camper.com\/cs\/pet-tipu-co-navstivit-v-barcelone\/\" \/>\n<meta property=\"og:site_name\" content=\"All4Camper\" \/>\n<meta property=\"article:published_time\" content=\"2022-11-06T07:00:00+00:00\" \/>\n<meta property=\"article:modified_time\" content=\"2022-11-06T17:31:26+00:00\" \/>\n<meta property=\"og:image\" content=\"https:\/\/all4camper.com\/wp-content\/uploads\/2022\/11\/Barcelona.jpg\" \/>\n\t<meta property=\"og:image:width\" content=\"1280\" \/>\n\t<meta property=\"og:image:height\" content=\"854\" \/>\n\t<meta property=\"og:image:type\" content=\"image\/jpeg\" \/>\n<meta name=\"author\" content=\"Kl\u00e1ra H\u00e1jkov\u00e1\" \/>\n<meta name=\"twitter:card\" content=\"summary_large_image\" \/>\n<meta name=\"twitter:label1\" content=\"Napsal(a)\" \/>\n\t<meta name=\"twitter:data1\" content=\"Kl\u00e1ra H\u00e1jkov\u00e1\" \/>\n\t<meta name=\"twitter:label2\" content=\"Odhadovan\u00e1 doba \u010dten\u00ed\" \/>\n\t<meta name=\"twitter:data2\" content=\"4 minuty\" \/>\n<script type=\"application\/ld+json\" class=\"yoast-schema-graph\">{\"@context\":\"https:\\\/\\\/schema.org\",\"@graph\":[{\"@type\":\"Article\",\"@id\":\"https:\\\/\\\/all4camper.com\\\/cs\\\/pet-tipu-co-navstivit-v-barcelone\\\/#article\",\"isPartOf\":{\"@id\":\"https:\\\/\\\/all4camper.com\\\/cs\\\/pet-tipu-co-navstivit-v-barcelone\\\/\"},\"author\":{\"name\":\"Kl\u00e1ra H\u00e1jkov\u00e1\",\"@id\":\"https:\\\/\\\/all4camper.com\\\/cs\\\/#\\\/schema\\\/person\\\/c6f1efdf1d02bc7d8c53a891cbe18c62\"},\"headline\":\"P\u011bt tip\u016f, co nav\u0161t\u00edvit v Barcelon\u011b\",\"datePublished\":\"2022-11-06T07:00:00+00:00\",\"dateModified\":\"2022-11-06T17:31:26+00:00\",\"mainEntityOfPage\":{\"@id\":\"https:\\\/\\\/all4camper.com\\\/cs\\\/pet-tipu-co-navstivit-v-barcelone\\\/\"},\"wordCount\":828,\"publisher\":{\"@id\":\"https:\\\/\\\/all4camper.com\\\/cs\\\/#organization\"},\"image\":{\"@id\":\"https:\\\/\\\/all4camper.com\\\/cs\\\/pet-tipu-co-navstivit-v-barcelone\\\/#primaryimage\"},\"thumbnailUrl\":\"https:\\\/\\\/all4camper.com\\\/wp-content\\\/uploads\\\/2022\\\/11\\\/Barcelona.jpg\",\"keywords\":[\"Pozn\u00e1vac\u00ed dovolen\u00e1\",\"\u0160pan\u011blsko\"],\"articleSection\":[\"Kempujeme a cestujeme \u0160pan\u011blsko\",\"Novinky - Kempov\u00e1n\u00ed a karavaning\"],\"inLanguage\":\"cs\"},{\"@type\":\"WebPage\",\"@id\":\"https:\\\/\\\/all4camper.com\\\/cs\\\/pet-tipu-co-navstivit-v-barcelone\\\/\",\"url\":\"https:\\\/\\\/all4camper.com\\\/cs\\\/pet-tipu-co-navstivit-v-barcelone\\\/\",\"name\":\"P\u011bt tip\u016f, co nav\u0161t\u00edvit v Barcelon\u011b\",\"isPartOf\":{\"@id\":\"https:\\\/\\\/all4camper.com\\\/cs\\\/#website\"},\"primaryImageOfPage\":{\"@id\":\"https:\\\/\\\/all4camper.com\\\/cs\\\/pet-tipu-co-navstivit-v-barcelone\\\/#primaryimage\"},\"image\":{\"@id\":\"https:\\\/\\\/all4camper.com\\\/cs\\\/pet-tipu-co-navstivit-v-barcelone\\\/#primaryimage\"},\"thumbnailUrl\":\"https:\\\/\\\/all4camper.com\\\/wp-content\\\/uploads\\\/2022\\\/11\\\/Barcelona.jpg\",\"datePublished\":\"2022-11-06T07:00:00+00:00\",\"dateModified\":\"2022-11-06T17:31:26+00:00\",\"description\":\"V Barcelon\u011b \u010dek\u00e1 na cestovatele slunce, mo\u0159e a v\u00fdjime\u010dn\u00e1 architektura spolu s lahodn\u00fdmi tapas a v\u00ednem. Toto m\u011bsto by m\u011bli nav\u0161t\u00edvit nejen milovn\u00edci \u0160pan\u011blska, ale na sv\u00e9 si tu p\u0159ijdou v\u0161ichni n\u00e1v\u0161t\u011bvn\u00edci.\",\"breadcrumb\":{\"@id\":\"https:\\\/\\\/all4camper.com\\\/cs\\\/pet-tipu-co-navstivit-v-barcelone\\\/#breadcrumb\"},\"inLanguage\":\"cs\",\"potentialAction\":[{\"@type\":\"ReadAction\",\"target\":[\"https:\\\/\\\/all4camper.com\\\/cs\\\/pet-tipu-co-navstivit-v-barcelone\\\/\"]}]},{\"@type\":\"ImageObject\",\"inLanguage\":\"cs\",\"@id\":\"https:\\\/\\\/all4camper.com\\\/cs\\\/pet-tipu-co-navstivit-v-barcelone\\\/#primaryimage\",\"url\":\"https:\\\/\\\/all4camper.com\\\/wp-content\\\/uploads\\\/2022\\\/11\\\/Barcelona.jpg\",\"contentUrl\":\"https:\\\/\\\/all4camper.com\\\/wp-content\\\/uploads\\\/2022\\\/11\\\/Barcelona.jpg\",\"width\":1280,\"height\":854},{\"@type\":\"BreadcrumbList\",\"@id\":\"https:\\\/\\\/all4camper.com\\\/cs\\\/pet-tipu-co-navstivit-v-barcelone\\\/#breadcrumb\",\"itemListElement\":[{\"@type\":\"ListItem\",\"position\":1,\"name\":\"Dom\u016f\",\"item\":\"https:\\\/\\\/all4camper.com\\\/cs\\\/\"},{\"@type\":\"ListItem\",\"position\":2,\"name\":\"Kempujeme a cestujeme \u0160pan\u011blsko\",\"item\":\"https:\\\/\\\/all4camper.com\\\/cs\\\/category\\\/kempujeme-a-cestujeme-spanelsko\\\/\"},{\"@type\":\"ListItem\",\"position\":3,\"name\":\"P\u011bt tip\u016f, co nav\u0161t\u00edvit v Barcelon\u011b\"}]},{\"@type\":\"WebSite\",\"@id\":\"https:\\\/\\\/all4camper.com\\\/cs\\\/#website\",\"url\":\"https:\\\/\\\/all4camper.com\\\/cs\\\/\",\"name\":\"All4Camper\",\"description\":\"Nejv\u011bt\u0161\u00ed online magaz\u00edn o kempov\u00e1n\u00ed a karavaninku. V\u00edce jak 900 \u010dl\u00e1nk\u016f pln\u00fdch rad a tip\u016f o kempech a kempov\u00e1n\u00ed.\",\"publisher\":{\"@id\":\"https:\\\/\\\/all4camper.com\\\/cs\\\/#organization\"},\"potentialAction\":[{\"@type\":\"SearchAction\",\"target\":{\"@type\":\"EntryPoint\",\"urlTemplate\":\"https:\\\/\\\/all4camper.com\\\/cs\\\/?s={search_term_string}\"},\"query-input\":{\"@type\":\"PropertyValueSpecification\",\"valueRequired\":true,\"valueName\":\"search_term_string\"}}],\"inLanguage\":\"cs\"},{\"@type\":\"Organization\",\"@id\":\"https:\\\/\\\/all4camper.com\\\/cs\\\/#organization\",\"name\":\"All4Camper - kempujeme s Kl\u00e1rou\",\"url\":\"https:\\\/\\\/all4camper.com\\\/cs\\\/\",\"logo\":{\"@type\":\"ImageObject\",\"inLanguage\":\"cs\",\"@id\":\"https:\\\/\\\/all4camper.com\\\/cs\\\/#\\\/schema\\\/logo\\\/image\\\/\",\"url\":\"https:\\\/\\\/all4camper.com\\\/wp-content\\\/uploads\\\/2018\\\/09\\\/novelogo.png\",\"contentUrl\":\"https:\\\/\\\/all4camper.com\\\/wp-content\\\/uploads\\\/2018\\\/09\\\/novelogo.png\",\"width\":1520,\"height\":600,\"caption\":\"All4Camper - kempujeme s Kl\u00e1rou\"},\"image\":{\"@id\":\"https:\\\/\\\/all4camper.com\\\/cs\\\/#\\\/schema\\\/logo\\\/image\\\/\"}},{\"@type\":\"Person\",\"@id\":\"https:\\\/\\\/all4camper.com\\\/cs\\\/#\\\/schema\\\/person\\\/c6f1efdf1d02bc7d8c53a891cbe18c62\",\"name\":\"Kl\u00e1ra H\u00e1jkov\u00e1\",\"sameAs\":[\"http:\\\/\\\/www.all4camper.com\"],\"url\":\"https:\\\/\\\/all4camper.com\\\/cs\\\/author\\\/klarinkacestuje1\\\/\"}]}<\/script>\n<!-- \/ Yoast SEO plugin. -->","yoast_head_json":{"title":"P\u011bt tip\u016f, co nav\u0161t\u00edvit v Barcelon\u011b","description":"V Barcelon\u011b \u010dek\u00e1 na cestovatele slunce, mo\u0159e a v\u00fdjime\u010dn\u00e1 architektura spolu s lahodn\u00fdmi tapas a v\u00ednem. Toto m\u011bsto by m\u011bli nav\u0161t\u00edvit nejen milovn\u00edci \u0160pan\u011blska, ale na sv\u00e9 si tu p\u0159ijdou v\u0161ichni n\u00e1v\u0161t\u011bvn\u00edci.","robots":{"index":"index","follow":"follow","max-snippet":"max-snippet:-1","max-image-preview":"max-image-preview:large","max-video-preview":"max-video-preview:-1"},"canonical":"https:\/\/all4camper.com\/cs\/pet-tipu-co-navstivit-v-barcelone\/","og_locale":"cs_CZ","og_type":"article","og_title":"P\u011bt tip\u016f, co nav\u0161t\u00edvit v Barcelon\u011b","og_description":"V Barcelon\u011b \u010dek\u00e1 na cestovatele slunce, mo\u0159e a v\u00fdjime\u010dn\u00e1 architektura spolu s lahodn\u00fdmi tapas a v\u00ednem. Toto m\u011bsto by m\u011bli nav\u0161t\u00edvit nejen milovn\u00edci \u0160pan\u011blska, ale na sv\u00e9 si tu p\u0159ijdou v\u0161ichni n\u00e1v\u0161t\u011bvn\u00edci.","og_url":"https:\/\/all4camper.com\/cs\/pet-tipu-co-navstivit-v-barcelone\/","og_site_name":"All4Camper","article_published_time":"2022-11-06T07:00:00+00:00","article_modified_time":"2022-11-06T17:31:26+00:00","og_image":[{"width":1280,"height":854,"url":"https:\/\/all4camper.com\/wp-content\/uploads\/2022\/11\/Barcelona.jpg","type":"image\/jpeg"}],"author":"Kl\u00e1ra H\u00e1jkov\u00e1","twitter_card":"summary_large_image","twitter_misc":{"Napsal(a)":"Kl\u00e1ra H\u00e1jkov\u00e1","Odhadovan\u00e1 doba \u010dten\u00ed":"4 minuty"},"schema":{"@context":"https:\/\/schema.org","@graph":[{"@type":"Article","@id":"https:\/\/all4camper.com\/cs\/pet-tipu-co-navstivit-v-barcelone\/#article","isPartOf":{"@id":"https:\/\/all4camper.com\/cs\/pet-tipu-co-navstivit-v-barcelone\/"},"author":{"name":"Kl\u00e1ra H\u00e1jkov\u00e1","@id":"https:\/\/all4camper.com\/cs\/#\/schema\/person\/c6f1efdf1d02bc7d8c53a891cbe18c62"},"headline":"P\u011bt tip\u016f, co nav\u0161t\u00edvit v Barcelon\u011b","datePublished":"2022-11-06T07:00:00+00:00","dateModified":"2022-11-06T17:31:26+00:00","mainEntityOfPage":{"@id":"https:\/\/all4camper.com\/cs\/pet-tipu-co-navstivit-v-barcelone\/"},"wordCount":828,"publisher":{"@id":"https:\/\/all4camper.com\/cs\/#organization"},"image":{"@id":"https:\/\/all4camper.com\/cs\/pet-tipu-co-navstivit-v-barcelone\/#primaryimage"},"thumbnailUrl":"https:\/\/all4camper.com\/wp-content\/uploads\/2022\/11\/Barcelona.jpg","keywords":["Pozn\u00e1vac\u00ed dovolen\u00e1","\u0160pan\u011blsko"],"articleSection":["Kempujeme a cestujeme \u0160pan\u011blsko","Novinky - Kempov\u00e1n\u00ed a karavaning"],"inLanguage":"cs"},{"@type":"WebPage","@id":"https:\/\/all4camper.com\/cs\/pet-tipu-co-navstivit-v-barcelone\/","url":"https:\/\/all4camper.com\/cs\/pet-tipu-co-navstivit-v-barcelone\/","name":"P\u011bt tip\u016f, co nav\u0161t\u00edvit v Barcelon\u011b","isPartOf":{"@id":"https:\/\/all4camper.com\/cs\/#website"},"primaryImageOfPage":{"@id":"https:\/\/all4camper.com\/cs\/pet-tipu-co-navstivit-v-barcelone\/#primaryimage"},"image":{"@id":"https:\/\/all4camper.com\/cs\/pet-tipu-co-navstivit-v-barcelone\/#primaryimage"},"thumbnailUrl":"https:\/\/all4camper.com\/wp-content\/uploads\/2022\/11\/Barcelona.jpg","datePublished":"2022-11-06T07:00:00+00:00","dateModified":"2022-11-06T17:31:26+00:00","description":"V Barcelon\u011b \u010dek\u00e1 na cestovatele slunce, mo\u0159e a v\u00fdjime\u010dn\u00e1 architektura spolu s lahodn\u00fdmi tapas a v\u00ednem. Toto m\u011bsto by m\u011bli nav\u0161t\u00edvit nejen milovn\u00edci \u0160pan\u011blska, ale na sv\u00e9 si tu p\u0159ijdou v\u0161ichni n\u00e1v\u0161t\u011bvn\u00edci.","breadcrumb":{"@id":"https:\/\/all4camper.com\/cs\/pet-tipu-co-navstivit-v-barcelone\/#breadcrumb"},"inLanguage":"cs","potentialAction":[{"@type":"ReadAction","target":["https:\/\/all4camper.com\/cs\/pet-tipu-co-navstivit-v-barcelone\/"]}]},{"@type":"ImageObject","inLanguage":"cs","@id":"https:\/\/all4camper.com\/cs\/pet-tipu-co-navstivit-v-barcelone\/#primaryimage","url":"https:\/\/all4camper.com\/wp-content\/uploads\/2022\/11\/Barcelona.jpg","contentUrl":"https:\/\/all4camper.com\/wp-content\/uploads\/2022\/11\/Barcelona.jpg","width":1280,"height":854},{"@type":"BreadcrumbList","@id":"https:\/\/all4camper.com\/cs\/pet-tipu-co-navstivit-v-barcelone\/#breadcrumb","itemListElement":[{"@type":"ListItem","position":1,"name":"Dom\u016f","item":"https:\/\/all4camper.com\/cs\/"},{"@type":"ListItem","position":2,"name":"Kempujeme a cestujeme \u0160pan\u011blsko","item":"https:\/\/all4camper.com\/cs\/category\/kempujeme-a-cestujeme-spanelsko\/"},{"@type":"ListItem","position":3,"name":"P\u011bt tip\u016f, co nav\u0161t\u00edvit v Barcelon\u011b"}]},{"@type":"WebSite","@id":"https:\/\/all4camper.com\/cs\/#website","url":"https:\/\/all4camper.com\/cs\/","name":"All4Camper","description":"Nejv\u011bt\u0161\u00ed online magaz\u00edn o kempov\u00e1n\u00ed a karavaninku. V\u00edce jak 900 \u010dl\u00e1nk\u016f pln\u00fdch rad a tip\u016f o kempech a kempov\u00e1n\u00ed.","publisher":{"@id":"https:\/\/all4camper.com\/cs\/#organization"},"potentialAction":[{"@type":"SearchAction","target":{"@type":"EntryPoint","urlTemplate":"https:\/\/all4camper.com\/cs\/?s={search_term_string}"},"query-input":{"@type":"PropertyValueSpecification","valueRequired":true,"valueName":"search_term_string"}}],"inLanguage":"cs"},{"@type":"Organization","@id":"https:\/\/all4camper.com\/cs\/#organization","name":"All4Camper - kempujeme s Kl\u00e1rou","url":"https:\/\/all4camper.com\/cs\/","logo":{"@type":"ImageObject","inLanguage":"cs","@id":"https:\/\/all4camper.com\/cs\/#\/schema\/logo\/image\/","url":"https:\/\/all4camper.com\/wp-content\/uploads\/2018\/09\/novelogo.png","contentUrl":"https:\/\/all4camper.com\/wp-content\/uploads\/2018\/09\/novelogo.png","width":1520,"height":600,"caption":"All4Camper - kempujeme s Kl\u00e1rou"},"image":{"@id":"https:\/\/all4camper.com\/cs\/#\/schema\/logo\/image\/"}},{"@type":"Person","@id":"https:\/\/all4camper.com\/cs\/#\/schema\/person\/c6f1efdf1d02bc7d8c53a891cbe18c62","name":"Kl\u00e1ra H\u00e1jkov\u00e1","sameAs":["http:\/\/www.all4camper.com"],"url":"https:\/\/all4camper.com\/cs\/author\/klarinkacestuje1\/"}]}},"_links":{"self":[{"href":"https:\/\/all4camper.com\/cs\/wp-json\/wp\/v2\/posts\/141115","targetHints":{"allow":["GET"]}}],"collection":[{"href":"https:\/\/all4camper.com\/cs\/wp-json\/wp\/v2\/posts"}],"about":[{"href":"https:\/\/all4camper.com\/cs\/wp-json\/wp\/v2\/types\/post"}],"author":[{"embeddable":true,"href":"https:\/\/all4camper.com\/cs\/wp-json\/wp\/v2\/users\/4"}],"replies":[{"embeddable":true,"href":"https:\/\/all4camper.com\/cs\/wp-json\/wp\/v2\/comments?post=141115"}],"version-history":[{"count":0,"href":"https:\/\/all4camper.com\/cs\/wp-json\/wp\/v2\/posts\/141115\/revisions"}],"wp:featuredmedia":[{"embeddable":true,"href":"https:\/\/all4camper.com\/cs\/wp-json\/wp\/v2\/media\/141126"}],"wp:attachment":[{"href":"https:\/\/all4camper.com\/cs\/wp-json\/wp\/v2\/media?parent=141115"}],"wp:term":[{"taxonomy":"category","embeddable":true,"href":"https:\/\/all4camper.com\/cs\/wp-json\/wp\/v2\/categories?post=141115"},{"taxonomy":"post_tag","embeddable":true,"href":"https:\/\/all4camper.com\/cs\/wp-json\/wp\/v2\/tags?post=141115"}],"curies":[{"name":"wp","href":"https:\/\/api.w.org\/{rel}","templated":true}]}}