{"id":140958,"date":"2022-10-25T08:39:26","date_gmt":"2022-10-25T06:39:26","guid":{"rendered":"https:\/\/all4camper.com\/\/?p=140958"},"modified":"2022-10-25T08:46:12","modified_gmt":"2022-10-25T06:46:12","slug":"aktivni-dovolena-po-cely-rok-v-nejzelenejsi-cestovni-destinaci-na-svete%ef%bf%bc","status":"publish","type":"post","link":"https:\/\/all4camper.com\/cs\/aktivni-dovolena-po-cely-rok-v-nejzelenejsi-cestovni-destinaci-na-svete%ef%bf%bc\/","title":{"rendered":"Aktivn\u00ed dovolen\u00e1 po cel\u00fd rok v nejzelen\u011bj\u0161\u00ed cestovn\u00ed destinaci na sv\u011bt\u011b\ufffc"},"content":{"rendered":"\n<div class=\"wp-block-group\"><div class=\"wp-block-group__inner-container is-layout-flow wp-block-group-is-layout-flow\">\n<p><strong>Slovinsko je zn\u00e1m\u00e9 jako \u201ezelen\u00e9 srdce Evropy\u201c. D\u00edky sv\u00fdm z\u00e1sad\u00e1m udr\u017eiteln\u00e9ho rozvoje bylo dokonce vyhl\u00e1\u0161eno \u201enejzelen\u011bj\u0161\u00ed cestovn\u00ed destinac\u00ed na sv\u011bt\u011b\u201c a nen\u00ed divu, proto\u017ee se jedn\u00e1 o m\u00edsto s\u00a0\u00fachvatnou p\u0159\u00edrodou. <\/strong><\/p>\n\n\n\n<figure class=\"wp-block-image size-full\"><img loading=\"lazy\" decoding=\"async\" width=\"800\" height=\"534\" src=\"https:\/\/all4camper.com\/\/wp-content\/uploads\/2022\/10\/F015416-0037_paragliding_tolmin_soca_river_valley_tent_film-photo-s.jpg\" alt=\"\" class=\"wp-image-140959\" srcset=\"https:\/\/all4camper.com\/wp-content\/uploads\/2022\/10\/F015416-0037_paragliding_tolmin_soca_river_valley_tent_film-photo-s.jpg 800w, https:\/\/all4camper.com\/wp-content\/uploads\/2022\/10\/F015416-0037_paragliding_tolmin_soca_river_valley_tent_film-photo-s-300x200.jpg 300w, https:\/\/all4camper.com\/wp-content\/uploads\/2022\/10\/F015416-0037_paragliding_tolmin_soca_river_valley_tent_film-photo-s-150x100.jpg 150w, https:\/\/all4camper.com\/wp-content\/uploads\/2022\/10\/F015416-0037_paragliding_tolmin_soca_river_valley_tent_film-photo-s-768x513.jpg 768w, https:\/\/all4camper.com\/wp-content\/uploads\/2022\/10\/F015416-0037_paragliding_tolmin_soca_river_valley_tent_film-photo-s-696x465.jpg 696w\" sizes=\"auto, (max-width: 800px) 100vw, 800px\" \/><\/figure>\n<\/div><\/div>\n\n\n\n<p>Slovinsko le\u017e\u00edc\u00ed mezi Jadersk\u00fdm mo\u0159em, Panonskou n\u00ed\u017einou a Krasem <strong>je celoro\u010dn\u00edm outdoorov\u00fdm r\u00e1jem<\/strong>. P\u011b\u0161\u00ed turist\u00e9 i cyklist\u00e9 si tu v\u00a0jakoukoliv ro\u010dn\u00ed dobu mohou u\u017e\u00edvat rozmanitou krajinu s\u00a0prastar\u00fdmi lesy, s k\u0159i\u0161\u0165\u00e1lov\u011b \u010distou vodou, s vysok\u00fdmi horami a s tajemn\u00fdm podzem\u00edm. D\u00edky Slovinsk\u00e9mu d\u016frazu na p\u0159\u00edrodu \u010dekaj\u00ed n\u00e1v\u0161t\u011bvn\u00edky z\u00a0cel\u00e9ho sv\u011bta nedot\u010den\u00e1 z\u00e1kout\u00ed a mimo\u0159\u00e1dn\u00e1 biologick\u00e1 rozmanitost.<\/p>\n\n\n\n<div class=\"wp-block-group\"><div class=\"wp-block-group__inner-container is-layout-flow wp-block-group-is-layout-flow\">\n<h2 class=\"wp-block-heading\"><strong>Bezpe\u010dnost, udr\u017eitelnost a jedine\u010dnost \u2013 to je Slovinsko<\/strong><\/h2>\n\n\n\n<p>V\u00a0souvislosti s\u00a0celosv\u011btovou pandemi\u00ed se zdrav\u00ed a bezpe\u010dnost staly d\u016fle\u017eit\u011bj\u0161\u00edmi ne\u017e kdy jindy. Vysok\u00e9 hygienick\u00e9 po\u017eadavky a doporu\u010den\u00ed na ochranu zdrav\u00ed jsou ve Slovinsku realizov\u00e1ny pod zna\u010dkou a standardy \u201eGreen &amp; Safe\u201c. <strong>Slovinsko z\u00e1rove\u0148 pat\u0159\u00ed mezi nejbezpe\u010dn\u011bj\u0161\u00ed zem\u011b na sv\u011bt\u011b a usiluje o udr\u017eitelnou budoucnost.<\/strong> D\u011bl\u00e1 v\u0161e pro to, aby p\u016fvodn\u00ed, nezka\u017een\u00e1 p\u0159\u00edroda z\u016fstala zachov\u00e1na i pro budouc\u00ed generace. Proto na Slovinsku najdete \u0161irokou nab\u00eddku tradi\u010dn\u00edch a m\u00edstn\u00edch produkt\u016f a slu\u017eeb, <strong>up\u0159ednost\u0148ov\u00e1n\u00ed individu\u00e1ln\u00ed turistiky nad masovou<\/strong> nebo snadnou dostupnost zem\u011b autem, autobusem i vlakem.<\/p>\n\n\n\n<figure class=\"wp-block-image size-full\"><img loading=\"lazy\" decoding=\"async\" width=\"800\" height=\"534\" src=\"https:\/\/all4camper.com\/\/wp-content\/uploads\/2022\/10\/F015472-0095_rok_zalokar_mountain_guide_family_slemenova_spica_hike_tent_film-photo-s.jpg\" alt=\"\" class=\"wp-image-140961\" srcset=\"https:\/\/all4camper.com\/wp-content\/uploads\/2022\/10\/F015472-0095_rok_zalokar_mountain_guide_family_slemenova_spica_hike_tent_film-photo-s.jpg 800w, https:\/\/all4camper.com\/wp-content\/uploads\/2022\/10\/F015472-0095_rok_zalokar_mountain_guide_family_slemenova_spica_hike_tent_film-photo-s-300x200.jpg 300w, https:\/\/all4camper.com\/wp-content\/uploads\/2022\/10\/F015472-0095_rok_zalokar_mountain_guide_family_slemenova_spica_hike_tent_film-photo-s-150x100.jpg 150w, https:\/\/all4camper.com\/wp-content\/uploads\/2022\/10\/F015472-0095_rok_zalokar_mountain_guide_family_slemenova_spica_hike_tent_film-photo-s-768x513.jpg 768w, https:\/\/all4camper.com\/wp-content\/uploads\/2022\/10\/F015472-0095_rok_zalokar_mountain_guide_family_slemenova_spica_hike_tent_film-photo-s-696x465.jpg 696w\" sizes=\"auto, (max-width: 800px) 100vw, 800px\" \/><\/figure>\n<\/div><\/div>\n\n\n\n<div class=\"wp-block-group\"><div class=\"wp-block-group__inner-container is-layout-flow wp-block-group-is-layout-flow\">\n<p>Na Slovinsku se tak\u00e9 setk\u00e1te s\u00a0velk\u00fdm d\u016frazem na m\u00edstn\u00ed tradice, s\u00a0v\u00fdjime\u010dnou gastronomi\u00ed z\u00a0m\u00edstn\u00edch surovin a s\u00a0nedot\u010denou p\u0159\u00edrodou, ve kter\u00e9 se up\u0159ednost\u0148uje koncept \u201ebutikov\u00e9 destinace\u201c zd\u016fraz\u0148uj\u00edc\u00ed jedine\u010dnost region\u016f a z\u00e1\u017eitk\u016f ve Slovinsku.<\/p>\n\n\n\n<figure class=\"wp-block-gallery has-nested-images columns-2 is-cropped wp-block-gallery-1 is-layout-flex wp-block-gallery-is-layout-flex\">\n<figure class=\"wp-block-image size-large\"><img loading=\"lazy\" decoding=\"async\" width=\"800\" height=\"534\" data-id=\"140963\" src=\"https:\/\/all4camper.com\/\/wp-content\/uploads\/2022\/10\/F015469-0092_biodynamic_farmers_jeanne_mateo_srednje_village_ana_ros_tent_film-photo-s.jpg\" alt=\"\" class=\"wp-image-140963\" srcset=\"https:\/\/all4camper.com\/wp-content\/uploads\/2022\/10\/F015469-0092_biodynamic_farmers_jeanne_mateo_srednje_village_ana_ros_tent_film-photo-s.jpg 800w, https:\/\/all4camper.com\/wp-content\/uploads\/2022\/10\/F015469-0092_biodynamic_farmers_jeanne_mateo_srednje_village_ana_ros_tent_film-photo-s-300x200.jpg 300w, https:\/\/all4camper.com\/wp-content\/uploads\/2022\/10\/F015469-0092_biodynamic_farmers_jeanne_mateo_srednje_village_ana_ros_tent_film-photo-s-150x100.jpg 150w, https:\/\/all4camper.com\/wp-content\/uploads\/2022\/10\/F015469-0092_biodynamic_farmers_jeanne_mateo_srednje_village_ana_ros_tent_film-photo-s-768x513.jpg 768w, https:\/\/all4camper.com\/wp-content\/uploads\/2022\/10\/F015469-0092_biodynamic_farmers_jeanne_mateo_srednje_village_ana_ros_tent_film-photo-s-696x465.jpg 696w\" sizes=\"auto, (max-width: 800px) 100vw, 800px\" \/><\/figure>\n\n\n\n<figure class=\"wp-block-image size-large\"><img loading=\"lazy\" decoding=\"async\" width=\"1630\" height=\"1080\" data-id=\"140965\" src=\"https:\/\/all4camper.com\/\/wp-content\/uploads\/2022\/10\/F015170-l1009451_ret-photo-m-1630x1080.jpg\" alt=\"\" class=\"wp-image-140965\" srcset=\"https:\/\/all4camper.com\/wp-content\/uploads\/2022\/10\/F015170-l1009451_ret-photo-m-1630x1080.jpg 1630w, https:\/\/all4camper.com\/wp-content\/uploads\/2022\/10\/F015170-l1009451_ret-photo-m-300x199.jpg 300w, https:\/\/all4camper.com\/wp-content\/uploads\/2022\/10\/F015170-l1009451_ret-photo-m-150x99.jpg 150w, https:\/\/all4camper.com\/wp-content\/uploads\/2022\/10\/F015170-l1009451_ret-photo-m-768x509.jpg 768w, https:\/\/all4camper.com\/wp-content\/uploads\/2022\/10\/F015170-l1009451_ret-photo-m-1536x1018.jpg 1536w, https:\/\/all4camper.com\/wp-content\/uploads\/2022\/10\/F015170-l1009451_ret-photo-m-696x461.jpg 696w, https:\/\/all4camper.com\/wp-content\/uploads\/2022\/10\/F015170-l1009451_ret-photo-m-1068x708.jpg 1068w, https:\/\/all4camper.com\/wp-content\/uploads\/2022\/10\/F015170-l1009451_ret-photo-m-1920x1272.jpg 1920w, https:\/\/all4camper.com\/wp-content\/uploads\/2022\/10\/F015170-l1009451_ret-photo-m.jpg 2000w\" sizes=\"auto, (max-width: 1630px) 100vw, 1630px\" \/><\/figure>\n\n\n\n<figure class=\"wp-block-image size-large\"><img loading=\"lazy\" decoding=\"async\" width=\"1620\" height=\"1080\" data-id=\"140967\" src=\"https:\/\/all4camper.com\/\/wp-content\/uploads\/2022\/10\/F014063-zelena_slovenija_ciril_jazbec_l1004233-photo-m-1620x1080.jpg\" alt=\"\" class=\"wp-image-140967\" srcset=\"https:\/\/all4camper.com\/wp-content\/uploads\/2022\/10\/F014063-zelena_slovenija_ciril_jazbec_l1004233-photo-m-1620x1080.jpg 1620w, https:\/\/all4camper.com\/wp-content\/uploads\/2022\/10\/F014063-zelena_slovenija_ciril_jazbec_l1004233-photo-m-300x200.jpg 300w, https:\/\/all4camper.com\/wp-content\/uploads\/2022\/10\/F014063-zelena_slovenija_ciril_jazbec_l1004233-photo-m-150x100.jpg 150w, https:\/\/all4camper.com\/wp-content\/uploads\/2022\/10\/F014063-zelena_slovenija_ciril_jazbec_l1004233-photo-m-768x512.jpg 768w, https:\/\/all4camper.com\/wp-content\/uploads\/2022\/10\/F014063-zelena_slovenija_ciril_jazbec_l1004233-photo-m-1536x1024.jpg 1536w, https:\/\/all4camper.com\/wp-content\/uploads\/2022\/10\/F014063-zelena_slovenija_ciril_jazbec_l1004233-photo-m-696x464.jpg 696w, https:\/\/all4camper.com\/wp-content\/uploads\/2022\/10\/F014063-zelena_slovenija_ciril_jazbec_l1004233-photo-m-1068x712.jpg 1068w, https:\/\/all4camper.com\/wp-content\/uploads\/2022\/10\/F014063-zelena_slovenija_ciril_jazbec_l1004233-photo-m-1920x1280.jpg 1920w, https:\/\/all4camper.com\/wp-content\/uploads\/2022\/10\/F014063-zelena_slovenija_ciril_jazbec_l1004233-photo-m.jpg 2000w\" sizes=\"auto, (max-width: 1620px) 100vw, 1620px\" \/><\/figure>\n<\/figure>\n\n\n\n<h2 class=\"wp-block-heading\"><strong>365 dn\u00ed pln\u00fdch vzru\u0161en\u00ed<\/strong><\/h2>\n<\/div><\/div>\n\n\n\n<div class=\"wp-block-group\"><div class=\"wp-block-group__inner-container is-layout-flow wp-block-group-is-layout-flow\">\n<p>Zem\u011b se \u010dty\u0159mi odli\u0161n\u00fdmi ro\u010dn\u00edmi obdob\u00edmi je v\u017edy tou spr\u00e1vnou volbou p\u0159i v\u00fdb\u011bru outdoorov\u00fdch aktivit. Pohyb tu m\u016f\u017ee b\u00fdt spojen\u00fd s\u00a0vysok\u00fdmi horami, s\u00a0mo\u0159sk\u00fdm pob\u0159e\u017e\u00edm, s\u00a0\u00fadol\u00edmi t\u00e1hnouc\u00edmi se pod\u00e9l \u0159ek \u010di s\u00a0kopci porostl\u00fdmi vinou r\u00e9vou. P\u0159\u00edle\u017eitosti k\u00a0pohybu najdete nap\u0159\u00ed\u010d cel\u00fdm Slovinskem a z\u00e1le\u017e\u00ed jen na va\u0161ich preferenc\u00edch. Jeliko\u017e je na Slovinsku v\u0161e relativn\u011b bl\u00edzko, m\u016f\u017eete b\u011bhem jedn\u00e9 n\u00e1v\u0161t\u011bvy poznat rozmanitosti t\u00e9to evropsk\u00e9 zem\u011b a mnoho tv\u00e1\u0159\u00ed jej\u00ed p\u0159\u00edrody. <strong>Na Slovinsku si u\u017eijete v\u0161e od ly\u017eov\u00e1n\u00ed a b\u011b\u017ekov\u00e1n\u00ed v\u00a0zim\u011b a\u017e po p\u011b\u0161\u00ed turistiku a cyklistiku v\u00a0teplej\u0161\u00edch m\u011bs\u00edc\u00edch.<\/strong><\/p>\n\n\n\n<figure class=\"wp-block-gallery has-nested-images columns-1 is-cropped wp-block-gallery-2 is-layout-flex wp-block-gallery-is-layout-flex\">\n<figure class=\"wp-block-image size-large\"><img loading=\"lazy\" decoding=\"async\" width=\"1618\" height=\"1080\" data-id=\"140971\" src=\"https:\/\/all4camper.com\/\/wp-content\/uploads\/2022\/10\/F015484-0107_winter_family_fun_tamar_valley_tent_film-photo-m-1618x1080.jpg\" alt=\"\" class=\"wp-image-140971\" srcset=\"https:\/\/all4camper.com\/wp-content\/uploads\/2022\/10\/F015484-0107_winter_family_fun_tamar_valley_tent_film-photo-m-1618x1080.jpg 1618w, https:\/\/all4camper.com\/wp-content\/uploads\/2022\/10\/F015484-0107_winter_family_fun_tamar_valley_tent_film-photo-m-300x200.jpg 300w, https:\/\/all4camper.com\/wp-content\/uploads\/2022\/10\/F015484-0107_winter_family_fun_tamar_valley_tent_film-photo-m-150x100.jpg 150w, https:\/\/all4camper.com\/wp-content\/uploads\/2022\/10\/F015484-0107_winter_family_fun_tamar_valley_tent_film-photo-m-768x513.jpg 768w, https:\/\/all4camper.com\/wp-content\/uploads\/2022\/10\/F015484-0107_winter_family_fun_tamar_valley_tent_film-photo-m-1536x1025.jpg 1536w, https:\/\/all4camper.com\/wp-content\/uploads\/2022\/10\/F015484-0107_winter_family_fun_tamar_valley_tent_film-photo-m-696x465.jpg 696w, https:\/\/all4camper.com\/wp-content\/uploads\/2022\/10\/F015484-0107_winter_family_fun_tamar_valley_tent_film-photo-m-1068x713.jpg 1068w, https:\/\/all4camper.com\/wp-content\/uploads\/2022\/10\/F015484-0107_winter_family_fun_tamar_valley_tent_film-photo-m-1920x1282.jpg 1920w, https:\/\/all4camper.com\/wp-content\/uploads\/2022\/10\/F015484-0107_winter_family_fun_tamar_valley_tent_film-photo-m.jpg 2000w\" sizes=\"auto, (max-width: 1618px) 100vw, 1618px\" \/><\/figure>\n\n\n\n<figure class=\"wp-block-image size-large\"><img loading=\"lazy\" decoding=\"async\" width=\"1618\" height=\"1080\" data-id=\"140969\" src=\"https:\/\/all4camper.com\/\/wp-content\/uploads\/2022\/10\/F015504-0123_cross_country_skiing_tamar_valley_planica_tent_film-photo-m-1618x1080.jpg\" alt=\"\" class=\"wp-image-140969\" srcset=\"https:\/\/all4camper.com\/wp-content\/uploads\/2022\/10\/F015504-0123_cross_country_skiing_tamar_valley_planica_tent_film-photo-m-1618x1080.jpg 1618w, https:\/\/all4camper.com\/wp-content\/uploads\/2022\/10\/F015504-0123_cross_country_skiing_tamar_valley_planica_tent_film-photo-m-300x200.jpg 300w, https:\/\/all4camper.com\/wp-content\/uploads\/2022\/10\/F015504-0123_cross_country_skiing_tamar_valley_planica_tent_film-photo-m-150x100.jpg 150w, https:\/\/all4camper.com\/wp-content\/uploads\/2022\/10\/F015504-0123_cross_country_skiing_tamar_valley_planica_tent_film-photo-m-768x513.jpg 768w, https:\/\/all4camper.com\/wp-content\/uploads\/2022\/10\/F015504-0123_cross_country_skiing_tamar_valley_planica_tent_film-photo-m-1536x1025.jpg 1536w, https:\/\/all4camper.com\/wp-content\/uploads\/2022\/10\/F015504-0123_cross_country_skiing_tamar_valley_planica_tent_film-photo-m-696x465.jpg 696w, https:\/\/all4camper.com\/wp-content\/uploads\/2022\/10\/F015504-0123_cross_country_skiing_tamar_valley_planica_tent_film-photo-m-1068x713.jpg 1068w, https:\/\/all4camper.com\/wp-content\/uploads\/2022\/10\/F015504-0123_cross_country_skiing_tamar_valley_planica_tent_film-photo-m-1920x1282.jpg 1920w, https:\/\/all4camper.com\/wp-content\/uploads\/2022\/10\/F015504-0123_cross_country_skiing_tamar_valley_planica_tent_film-photo-m.jpg 2000w\" sizes=\"auto, (max-width: 1618px) 100vw, 1618px\" \/><\/figure>\n<\/figure>\n<\/div><\/div>\n\n\n\n<div class=\"wp-block-group\"><div class=\"wp-block-group__inner-container is-layout-flow wp-block-group-is-layout-flow\">\n<h2 class=\"wp-block-heading\"><strong>5 d\u016fvod\u016f pro outdoorov\u00fd v\u00fdlet do Slovinska<\/strong><\/h2>\n\n\n\n<p><strong>1. Slovinsko je r\u00e1jem p\u011b\u0161\u00ed turistiky: <\/strong>D\u00edky 10&nbsp;000 kilometr\u016f dob\u0159e udr\u017eovan\u00fdch turistick\u00fdch tras si zde najdou svoji cestu a c\u00edl rodiny s&nbsp;d\u011btmi, rekreanti i ambici\u00f3zn\u00ed horolezci. Turistick\u00e9 trasy v\u00e1s zavedou do n\u00ed\u017ein, kopcovit\u00fdch oblast\u00ed i vysok\u00fdch hor. Pro v\u011bt\u0161\u00ed pohodl\u00ed v\u00e1m na Slovinsku bude k&nbsp;dispozici rozs\u00e1hl\u00e1 s\u00ed\u0165 horsk\u00fdch chat a turistick\u00fdch hotel\u016f.<\/p>\n\n\n\n<p><strong>2. Nezapomenuteln\u00e9 cyklistick\u00e9 z\u00e1\u017eitky:<\/strong> Slovinsko nab\u00edz\u00ed milovn\u00edk\u016fm horsk\u00fdch kol, silni\u010dn\u00edch kol, jednotlivc\u016fm i rodin\u00e1m rozmanit\u00e9 cyklostezky a cesty s&nbsp;\u00fa\u017easn\u00fdmi v\u00fdhledy, n\u00e1ro\u010dn\u00e9 bike &amp; trail parky, d\u00e1lkov\u00e9 trasy a skv\u011bl\u00fd komfort v&nbsp;cyklistick\u00fdch hotelech.<\/p>\n\n\n\n<p><strong>3. Vodn\u00ed sporty a adrenalinov\u00e1 dobrodru\u017estv\u00ed jsou v\u0161udyp\u0159\u00edtomn\u00e1:<\/strong> Rafting nebo v\u00fdlet na kajaku, v\u00fdprava do tajemn\u00fdch krasov\u00fdch jeskyn\u00ed, proj\u00ed\u017e\u010fka na koni po zelen\u00fdch louk\u00e1ch nebo adrenalinov\u00fd let paraglidingem? Nic z&nbsp;toho nen\u00ed ve Slovinsku probl\u00e9m.<\/p>\n\n\n\n<p><strong>4. R\u00e1j pro ly\u017ea\u0159e a milovn\u00edky zimn\u00edch sport\u016f:<\/strong> Na Slovinsku najdete p\u0159es deset velk\u00fdch ly\u017ea\u0159sk\u00fdch center, ve kter\u00fdch m\u016f\u017eete b\u00fdt aktivn\u00ed 365 dn\u00ed v&nbsp;roce. Nab\u00eddku nav\u00edc dopl\u0148uje je\u0161t\u011b t\u0159icet men\u0161\u00edch ly\u017ea\u0159sk\u00fdch are\u00e1l\u016f a samoz\u0159ejm\u011b tu nechyb\u00ed ani nes\u010detn\u00e9 p\u0159\u00edle\u017eitosti pro b\u011b\u017eeck\u00e9 ly\u017eov\u00e1n\u00ed i skialpinismus.<\/p>\n\n\n\n<p><strong>5. N\u00e1dhern\u00e1 p\u0159\u00edroda v&nbsp;zelen\u00e9m srdci Evropy: <\/strong>Po cel\u00e9m Slovinsku je rozeseta nedot\u010den\u00e1 p\u0159\u00edroda s&nbsp;mohutn\u00fdmi vodop\u00e1dy, smaragdov\u011b zelen\u00fdmi \u0159ekami, tajemn\u00fdmi krasov\u00fdmi jeskyn\u011bmi a malebn\u00fdmi horami.<\/p>\n\n\n\n<pre class=\"wp-block-verse\"><a href=\"https:\/\/www.slovenia.info\/de\/urlaub-in-slowenien-2022\/aktivurlaub\" target=\"_blank\" rel=\"noreferrer noopener\">Zjist\u011bte v\u00edce o aktivn\u00ed dovolen\u00e9 na Slovinsku!<\/a> Dal\u0161\u00ed m\u00e9 \u010dl\u00e1nky o Slovinsku si m\u016f\u017eete p\u0159e\u010d\u00edst <a href=\"\/cs?cat_ID=2380\" target=\"_blank\" rel=\"noreferrer noopener\">v t\u00e9to rubrice<\/a>.<\/pre>\n<\/div><\/div>\n\n\n\n<figure class=\"wp-block-gallery has-nested-images columns-1 is-cropped wp-block-gallery-3 is-layout-flex wp-block-gallery-is-layout-flex\">\n<figure class=\"wp-block-image size-large\"><img loading=\"lazy\" decoding=\"async\" width=\"1438\" height=\"1080\" data-id=\"140977\" src=\"https:\/\/all4camper.com\/\/wp-content\/uploads\/2022\/10\/F015531-0155_ice_climbing_klemen_premrl_tamar_valley_tent_film-photo-m-1438x1080.jpg\" alt=\"\" class=\"wp-image-140977\" srcset=\"https:\/\/all4camper.com\/wp-content\/uploads\/2022\/10\/F015531-0155_ice_climbing_klemen_premrl_tamar_valley_tent_film-photo-m-1438x1080.jpg 1438w, https:\/\/all4camper.com\/wp-content\/uploads\/2022\/10\/F015531-0155_ice_climbing_klemen_premrl_tamar_valley_tent_film-photo-m-300x225.jpg 300w, https:\/\/all4camper.com\/wp-content\/uploads\/2022\/10\/F015531-0155_ice_climbing_klemen_premrl_tamar_valley_tent_film-photo-m-150x113.jpg 150w, https:\/\/all4camper.com\/wp-content\/uploads\/2022\/10\/F015531-0155_ice_climbing_klemen_premrl_tamar_valley_tent_film-photo-m-768x577.jpg 768w, https:\/\/all4camper.com\/wp-content\/uploads\/2022\/10\/F015531-0155_ice_climbing_klemen_premrl_tamar_valley_tent_film-photo-m-1536x1154.jpg 1536w, https:\/\/all4camper.com\/wp-content\/uploads\/2022\/10\/F015531-0155_ice_climbing_klemen_premrl_tamar_valley_tent_film-photo-m-696x523.jpg 696w, https:\/\/all4camper.com\/wp-content\/uploads\/2022\/10\/F015531-0155_ice_climbing_klemen_premrl_tamar_valley_tent_film-photo-m-1068x802.jpg 1068w, https:\/\/all4camper.com\/wp-content\/uploads\/2022\/10\/F015531-0155_ice_climbing_klemen_premrl_tamar_valley_tent_film-photo-m-1920x1442.jpg 1920w, https:\/\/all4camper.com\/wp-content\/uploads\/2022\/10\/F015531-0155_ice_climbing_klemen_premrl_tamar_valley_tent_film-photo-m.jpg 2000w\" sizes=\"auto, (max-width: 1438px) 100vw, 1438px\" \/><\/figure>\n\n\n\n<figure class=\"wp-block-image size-large\"><img loading=\"lazy\" decoding=\"async\" width=\"1620\" height=\"1080\" data-id=\"140975\" src=\"https:\/\/all4camper.com\/\/wp-content\/uploads\/2022\/10\/F014920-alpe_adria_trail_dolina_soce_jost_gantar_1-photo-m-1620x1080.jpg\" alt=\"\" class=\"wp-image-140975\" srcset=\"https:\/\/all4camper.com\/wp-content\/uploads\/2022\/10\/F014920-alpe_adria_trail_dolina_soce_jost_gantar_1-photo-m-1620x1080.jpg 1620w, https:\/\/all4camper.com\/wp-content\/uploads\/2022\/10\/F014920-alpe_adria_trail_dolina_soce_jost_gantar_1-photo-m-300x200.jpg 300w, https:\/\/all4camper.com\/wp-content\/uploads\/2022\/10\/F014920-alpe_adria_trail_dolina_soce_jost_gantar_1-photo-m-150x100.jpg 150w, https:\/\/all4camper.com\/wp-content\/uploads\/2022\/10\/F014920-alpe_adria_trail_dolina_soce_jost_gantar_1-photo-m-768x512.jpg 768w, https:\/\/all4camper.com\/wp-content\/uploads\/2022\/10\/F014920-alpe_adria_trail_dolina_soce_jost_gantar_1-photo-m-1536x1024.jpg 1536w, https:\/\/all4camper.com\/wp-content\/uploads\/2022\/10\/F014920-alpe_adria_trail_dolina_soce_jost_gantar_1-photo-m-696x464.jpg 696w, https:\/\/all4camper.com\/wp-content\/uploads\/2022\/10\/F014920-alpe_adria_trail_dolina_soce_jost_gantar_1-photo-m-1068x712.jpg 1068w, https:\/\/all4camper.com\/wp-content\/uploads\/2022\/10\/F014920-alpe_adria_trail_dolina_soce_jost_gantar_1-photo-m-1920x1280.jpg 1920w, https:\/\/all4camper.com\/wp-content\/uploads\/2022\/10\/F014920-alpe_adria_trail_dolina_soce_jost_gantar_1-photo-m.jpg 2000w\" sizes=\"auto, (max-width: 1620px) 100vw, 1620px\" \/><\/figure>\n\n\n\n<figure class=\"wp-block-image size-large\"><img loading=\"lazy\" decoding=\"async\" width=\"1620\" height=\"1080\" data-id=\"140979\" src=\"https:\/\/all4camper.com\/\/wp-content\/uploads\/2022\/10\/F014925-kapela_bes_dolina_soce_jost_gantar-photo-m-1-1620x1080.jpg\" alt=\"\" class=\"wp-image-140979\" srcset=\"https:\/\/all4camper.com\/wp-content\/uploads\/2022\/10\/F014925-kapela_bes_dolina_soce_jost_gantar-photo-m-1-1620x1080.jpg 1620w, https:\/\/all4camper.com\/wp-content\/uploads\/2022\/10\/F014925-kapela_bes_dolina_soce_jost_gantar-photo-m-1-300x200.jpg 300w, https:\/\/all4camper.com\/wp-content\/uploads\/2022\/10\/F014925-kapela_bes_dolina_soce_jost_gantar-photo-m-1-150x100.jpg 150w, https:\/\/all4camper.com\/wp-content\/uploads\/2022\/10\/F014925-kapela_bes_dolina_soce_jost_gantar-photo-m-1-768x512.jpg 768w, https:\/\/all4camper.com\/wp-content\/uploads\/2022\/10\/F014925-kapela_bes_dolina_soce_jost_gantar-photo-m-1-1536x1024.jpg 1536w, https:\/\/all4camper.com\/wp-content\/uploads\/2022\/10\/F014925-kapela_bes_dolina_soce_jost_gantar-photo-m-1-696x464.jpg 696w, https:\/\/all4camper.com\/wp-content\/uploads\/2022\/10\/F014925-kapela_bes_dolina_soce_jost_gantar-photo-m-1-1068x712.jpg 1068w, https:\/\/all4camper.com\/wp-content\/uploads\/2022\/10\/F014925-kapela_bes_dolina_soce_jost_gantar-photo-m-1-1920x1280.jpg 1920w, https:\/\/all4camper.com\/wp-content\/uploads\/2022\/10\/F014925-kapela_bes_dolina_soce_jost_gantar-photo-m-1.jpg 2000w\" sizes=\"auto, (max-width: 1620px) 100vw, 1620px\" \/><\/figure>\n\n\n\n<figure class=\"wp-block-image size-large\"><img loading=\"lazy\" decoding=\"async\" width=\"1620\" height=\"1080\" data-id=\"140981\" src=\"https:\/\/all4camper.com\/\/wp-content\/uploads\/2022\/10\/F014929-soca_alpe_adria_jost_gantar-photo-m-1620x1080.jpg\" alt=\"\" class=\"wp-image-140981\" srcset=\"https:\/\/all4camper.com\/wp-content\/uploads\/2022\/10\/F014929-soca_alpe_adria_jost_gantar-photo-m-1620x1080.jpg 1620w, https:\/\/all4camper.com\/wp-content\/uploads\/2022\/10\/F014929-soca_alpe_adria_jost_gantar-photo-m-300x200.jpg 300w, https:\/\/all4camper.com\/wp-content\/uploads\/2022\/10\/F014929-soca_alpe_adria_jost_gantar-photo-m-150x100.jpg 150w, https:\/\/all4camper.com\/wp-content\/uploads\/2022\/10\/F014929-soca_alpe_adria_jost_gantar-photo-m-768x512.jpg 768w, https:\/\/all4camper.com\/wp-content\/uploads\/2022\/10\/F014929-soca_alpe_adria_jost_gantar-photo-m-1536x1024.jpg 1536w, https:\/\/all4camper.com\/wp-content\/uploads\/2022\/10\/F014929-soca_alpe_adria_jost_gantar-photo-m-696x464.jpg 696w, https:\/\/all4camper.com\/wp-content\/uploads\/2022\/10\/F014929-soca_alpe_adria_jost_gantar-photo-m-1068x712.jpg 1068w, https:\/\/all4camper.com\/wp-content\/uploads\/2022\/10\/F014929-soca_alpe_adria_jost_gantar-photo-m-1920x1280.jpg 1920w, https:\/\/all4camper.com\/wp-content\/uploads\/2022\/10\/F014929-soca_alpe_adria_jost_gantar-photo-m.jpg 2000w\" sizes=\"auto, (max-width: 1620px) 100vw, 1620px\" \/><\/figure>\n\n\n\n<figure class=\"wp-block-image size-large\"><img loading=\"lazy\" decoding=\"async\" width=\"1620\" height=\"1080\" data-id=\"140983\" src=\"https:\/\/all4camper.com\/\/wp-content\/uploads\/2022\/10\/F014917-soca_alpe_adria_trail_jost_gantar_2-photo-m-1620x1080.jpg\" alt=\"\" class=\"wp-image-140983\" srcset=\"https:\/\/all4camper.com\/wp-content\/uploads\/2022\/10\/F014917-soca_alpe_adria_trail_jost_gantar_2-photo-m-1620x1080.jpg 1620w, https:\/\/all4camper.com\/wp-content\/uploads\/2022\/10\/F014917-soca_alpe_adria_trail_jost_gantar_2-photo-m-300x200.jpg 300w, https:\/\/all4camper.com\/wp-content\/uploads\/2022\/10\/F014917-soca_alpe_adria_trail_jost_gantar_2-photo-m-150x100.jpg 150w, https:\/\/all4camper.com\/wp-content\/uploads\/2022\/10\/F014917-soca_alpe_adria_trail_jost_gantar_2-photo-m-768x512.jpg 768w, https:\/\/all4camper.com\/wp-content\/uploads\/2022\/10\/F014917-soca_alpe_adria_trail_jost_gantar_2-photo-m-1536x1024.jpg 1536w, https:\/\/all4camper.com\/wp-content\/uploads\/2022\/10\/F014917-soca_alpe_adria_trail_jost_gantar_2-photo-m-696x464.jpg 696w, https:\/\/all4camper.com\/wp-content\/uploads\/2022\/10\/F014917-soca_alpe_adria_trail_jost_gantar_2-photo-m-1068x712.jpg 1068w, https:\/\/all4camper.com\/wp-content\/uploads\/2022\/10\/F014917-soca_alpe_adria_trail_jost_gantar_2-photo-m-1920x1280.jpg 1920w, https:\/\/all4camper.com\/wp-content\/uploads\/2022\/10\/F014917-soca_alpe_adria_trail_jost_gantar_2-photo-m.jpg 2000w\" sizes=\"auto, (max-width: 1620px) 100vw, 1620px\" \/><\/figure>\n<\/figure>\n","protected":false},"excerpt":{"rendered":"<p>Slovinsko je zn\u00e1m\u00e9 jako \u201ezelen\u00e9 srdce Evropy\u201c. D\u00edky sv\u00fdm z\u00e1sad\u00e1m udr\u017eiteln\u00e9ho rozvoje bylo dokonce vyhl\u00e1\u0161eno \u201enejzelen\u011bj\u0161\u00ed cestovn\u00ed destinac\u00ed na sv\u011bt\u011b\u201c a nen\u00ed divu, proto\u017ee se jedn\u00e1 o m\u00edsto s\u00a0\u00fachvatnou p\u0159\u00edrodou. Slovinsko le\u017e\u00edc\u00ed mezi Jadersk\u00fdm mo\u0159em, Panonskou n\u00ed\u017einou a Krasem je celoro\u010dn\u00edm outdoorov\u00fdm r\u00e1jem. P\u011b\u0161\u00ed turist\u00e9 i cyklist\u00e9 si tu v\u00a0jakoukoliv ro\u010dn\u00ed dobu mohou u\u017e\u00edvat rozmanitou [&hellip;]<\/p>\n","protected":false},"author":4,"featured_media":140973,"comment_status":"closed","ping_status":"open","sticky":false,"template":"","format":"standard","meta":{"_monsterinsights_skip_tracking":false,"_monsterinsights_sitenote_active":false,"_monsterinsights_sitenote_note":"","_monsterinsights_sitenote_category":0,"footnotes":""},"categories":[2380,422,341],"tags":[227,321],"class_list":{"0":"post-140958","1":"post","2":"type-post","3":"status-publish","4":"format-standard","5":"has-post-thumbnail","7":"category-kempujeme-a-cestujeme-ve-slovinsku","8":"category-novinky-kempovani-a-karavaning","9":"category-zimni-kempovani","10":"tag-slovinsko","11":"tag-winter-camping"},"yoast_head":"<!-- This site is optimized with the Yoast SEO plugin v27.5 - https:\/\/yoast.com\/product\/yoast-seo-wordpress\/ -->\n<title>Aktivn\u00ed dovolen\u00e1 po cel\u00fd rok v nejzelen\u011bj\u0161\u00ed cestovn\u00ed destinaci na sv\u011bt\u011b\ufffc<\/title>\n<meta name=\"description\" content=\"Slovinsko je zn\u00e1m\u00e9 jako \u201ezelen\u00e9 srdce Evropy\u201c. D\u00edky sv\u00fdm z\u00e1sad\u00e1m udr\u017eiteln\u00e9ho rozvoje bylo dokonce vyhl\u00e1\u0161eno \u201enejzelen\u011bj\u0161\u00ed cestovn\u00ed destinac\u00ed na sv\u011bt\u011b\u201c a nen\u00ed divu, proto\u017ee se jedn\u00e1 o m\u00edsto s \u00fachvatnou p\u0159\u00edrodou.\" \/>\n<meta name=\"robots\" content=\"index, follow, max-snippet:-1, max-image-preview:large, max-video-preview:-1\" \/>\n<link rel=\"canonical\" href=\"https:\/\/all4camper.com\/cs\/aktivni-dovolena-po-cely-rok-v-nejzelenejsi-cestovni-destinaci-na-svete%ef%bf%bc\/\" \/>\n<meta property=\"og:locale\" content=\"cs_CZ\" \/>\n<meta property=\"og:type\" content=\"article\" \/>\n<meta property=\"og:title\" content=\"Aktivn\u00ed dovolen\u00e1 po cel\u00fd rok v nejzelen\u011bj\u0161\u00ed cestovn\u00ed destinaci na sv\u011bt\u011b\ufffc\" \/>\n<meta property=\"og:description\" content=\"Slovinsko je zn\u00e1m\u00e9 jako \u201ezelen\u00e9 srdce Evropy\u201c. D\u00edky sv\u00fdm z\u00e1sad\u00e1m udr\u017eiteln\u00e9ho rozvoje bylo dokonce vyhl\u00e1\u0161eno \u201enejzelen\u011bj\u0161\u00ed cestovn\u00ed destinac\u00ed na sv\u011bt\u011b\u201c a nen\u00ed divu, proto\u017ee se jedn\u00e1 o m\u00edsto s \u00fachvatnou p\u0159\u00edrodou.\" \/>\n<meta property=\"og:url\" content=\"https:\/\/all4camper.com\/cs\/aktivni-dovolena-po-cely-rok-v-nejzelenejsi-cestovni-destinaci-na-svete%ef%bf%bc\/\" \/>\n<meta property=\"og:site_name\" content=\"All4Camper\" \/>\n<meta property=\"article:published_time\" content=\"2022-10-25T06:39:26+00:00\" \/>\n<meta property=\"article:modified_time\" content=\"2022-10-25T06:46:12+00:00\" \/>\n<meta property=\"og:image\" content=\"https:\/\/all4camper.com\/wp-content\/uploads\/2022\/10\/F014925-kapela_bes_dolina_soce_jost_gantar-photo-m-1620x1080.jpg\" \/>\n\t<meta property=\"og:image:width\" content=\"1620\" \/>\n\t<meta property=\"og:image:height\" content=\"1080\" \/>\n\t<meta property=\"og:image:type\" content=\"image\/jpeg\" \/>\n<meta name=\"author\" content=\"Kl\u00e1ra H\u00e1jkov\u00e1\" \/>\n<meta name=\"twitter:card\" content=\"summary_large_image\" \/>\n<meta name=\"twitter:label1\" content=\"Napsal(a)\" \/>\n\t<meta name=\"twitter:data1\" content=\"Kl\u00e1ra H\u00e1jkov\u00e1\" \/>\n\t<meta name=\"twitter:label2\" content=\"Odhadovan\u00e1 doba \u010dten\u00ed\" \/>\n\t<meta name=\"twitter:data2\" content=\"4 minuty\" \/>\n<script type=\"application\/ld+json\" class=\"yoast-schema-graph\">{\"@context\":\"https:\\\/\\\/schema.org\",\"@graph\":[{\"@type\":\"Article\",\"@id\":\"https:\\\/\\\/all4camper.com\\\/cs\\\/aktivni-dovolena-po-cely-rok-v-nejzelenejsi-cestovni-destinaci-na-svete%ef%bf%bc\\\/#article\",\"isPartOf\":{\"@id\":\"https:\\\/\\\/all4camper.com\\\/cs\\\/aktivni-dovolena-po-cely-rok-v-nejzelenejsi-cestovni-destinaci-na-svete%ef%bf%bc\\\/\"},\"author\":{\"name\":\"Kl\u00e1ra H\u00e1jkov\u00e1\",\"@id\":\"https:\\\/\\\/all4camper.com\\\/cs\\\/#\\\/schema\\\/person\\\/c6f1efdf1d02bc7d8c53a891cbe18c62\"},\"headline\":\"Aktivn\u00ed dovolen\u00e1 po cel\u00fd rok v nejzelen\u011bj\u0161\u00ed cestovn\u00ed destinaci na sv\u011bt\u011b\ufffc\",\"datePublished\":\"2022-10-25T06:39:26+00:00\",\"dateModified\":\"2022-10-25T06:46:12+00:00\",\"mainEntityOfPage\":{\"@id\":\"https:\\\/\\\/all4camper.com\\\/cs\\\/aktivni-dovolena-po-cely-rok-v-nejzelenejsi-cestovni-destinaci-na-svete%ef%bf%bc\\\/\"},\"wordCount\":761,\"publisher\":{\"@id\":\"https:\\\/\\\/all4camper.com\\\/cs\\\/#organization\"},\"image\":{\"@id\":\"https:\\\/\\\/all4camper.com\\\/cs\\\/aktivni-dovolena-po-cely-rok-v-nejzelenejsi-cestovni-destinaci-na-svete%ef%bf%bc\\\/#primaryimage\"},\"thumbnailUrl\":\"https:\\\/\\\/all4camper.com\\\/wp-content\\\/uploads\\\/2022\\\/10\\\/F014925-kapela_bes_dolina_soce_jost_gantar-photo-m.jpg\",\"keywords\":[\"Slovinsko\",\"Zimn\u00ed kempov\u00e1n\u00ed\"],\"articleSection\":[\"Kempujeme a cestujeme ve Slovinsku\",\"Novinky - Kempov\u00e1n\u00ed a karavaning\",\"Zimn\u00ed kempov\u00e1n\u00ed\"],\"inLanguage\":\"cs\"},{\"@type\":\"WebPage\",\"@id\":\"https:\\\/\\\/all4camper.com\\\/cs\\\/aktivni-dovolena-po-cely-rok-v-nejzelenejsi-cestovni-destinaci-na-svete%ef%bf%bc\\\/\",\"url\":\"https:\\\/\\\/all4camper.com\\\/cs\\\/aktivni-dovolena-po-cely-rok-v-nejzelenejsi-cestovni-destinaci-na-svete%ef%bf%bc\\\/\",\"name\":\"Aktivn\u00ed dovolen\u00e1 po cel\u00fd rok v nejzelen\u011bj\u0161\u00ed cestovn\u00ed destinaci na sv\u011bt\u011b\ufffc\",\"isPartOf\":{\"@id\":\"https:\\\/\\\/all4camper.com\\\/cs\\\/#website\"},\"primaryImageOfPage\":{\"@id\":\"https:\\\/\\\/all4camper.com\\\/cs\\\/aktivni-dovolena-po-cely-rok-v-nejzelenejsi-cestovni-destinaci-na-svete%ef%bf%bc\\\/#primaryimage\"},\"image\":{\"@id\":\"https:\\\/\\\/all4camper.com\\\/cs\\\/aktivni-dovolena-po-cely-rok-v-nejzelenejsi-cestovni-destinaci-na-svete%ef%bf%bc\\\/#primaryimage\"},\"thumbnailUrl\":\"https:\\\/\\\/all4camper.com\\\/wp-content\\\/uploads\\\/2022\\\/10\\\/F014925-kapela_bes_dolina_soce_jost_gantar-photo-m.jpg\",\"datePublished\":\"2022-10-25T06:39:26+00:00\",\"dateModified\":\"2022-10-25T06:46:12+00:00\",\"description\":\"Slovinsko je zn\u00e1m\u00e9 jako \u201ezelen\u00e9 srdce Evropy\u201c. D\u00edky sv\u00fdm z\u00e1sad\u00e1m udr\u017eiteln\u00e9ho rozvoje bylo dokonce vyhl\u00e1\u0161eno \u201enejzelen\u011bj\u0161\u00ed cestovn\u00ed destinac\u00ed na sv\u011bt\u011b\u201c a nen\u00ed divu, proto\u017ee se jedn\u00e1 o m\u00edsto s \u00fachvatnou p\u0159\u00edrodou.\",\"breadcrumb\":{\"@id\":\"https:\\\/\\\/all4camper.com\\\/cs\\\/aktivni-dovolena-po-cely-rok-v-nejzelenejsi-cestovni-destinaci-na-svete%ef%bf%bc\\\/#breadcrumb\"},\"inLanguage\":\"cs\",\"potentialAction\":[{\"@type\":\"ReadAction\",\"target\":[\"https:\\\/\\\/all4camper.com\\\/cs\\\/aktivni-dovolena-po-cely-rok-v-nejzelenejsi-cestovni-destinaci-na-svete%ef%bf%bc\\\/\"]}]},{\"@type\":\"ImageObject\",\"inLanguage\":\"cs\",\"@id\":\"https:\\\/\\\/all4camper.com\\\/cs\\\/aktivni-dovolena-po-cely-rok-v-nejzelenejsi-cestovni-destinaci-na-svete%ef%bf%bc\\\/#primaryimage\",\"url\":\"https:\\\/\\\/all4camper.com\\\/wp-content\\\/uploads\\\/2022\\\/10\\\/F014925-kapela_bes_dolina_soce_jost_gantar-photo-m.jpg\",\"contentUrl\":\"https:\\\/\\\/all4camper.com\\\/wp-content\\\/uploads\\\/2022\\\/10\\\/F014925-kapela_bes_dolina_soce_jost_gantar-photo-m.jpg\",\"width\":2000,\"height\":1333},{\"@type\":\"BreadcrumbList\",\"@id\":\"https:\\\/\\\/all4camper.com\\\/cs\\\/aktivni-dovolena-po-cely-rok-v-nejzelenejsi-cestovni-destinaci-na-svete%ef%bf%bc\\\/#breadcrumb\",\"itemListElement\":[{\"@type\":\"ListItem\",\"position\":1,\"name\":\"Dom\u016f\",\"item\":\"https:\\\/\\\/all4camper.com\\\/cs\\\/\"},{\"@type\":\"ListItem\",\"position\":2,\"name\":\"Kempujeme a cestujeme ve Slovinsku\",\"item\":\"https:\\\/\\\/all4camper.com\\\/cs\\\/category\\\/kempujeme-a-cestujeme-ve-slovinsku\\\/\"},{\"@type\":\"ListItem\",\"position\":3,\"name\":\"Aktivn\u00ed dovolen\u00e1 po cel\u00fd rok v nejzelen\u011bj\u0161\u00ed cestovn\u00ed destinaci na sv\u011bt\u011b\ufffc\"}]},{\"@type\":\"WebSite\",\"@id\":\"https:\\\/\\\/all4camper.com\\\/cs\\\/#website\",\"url\":\"https:\\\/\\\/all4camper.com\\\/cs\\\/\",\"name\":\"All4Camper\",\"description\":\"Nejv\u011bt\u0161\u00ed online magaz\u00edn o kempov\u00e1n\u00ed a karavaninku. V\u00edce jak 900 \u010dl\u00e1nk\u016f pln\u00fdch rad a tip\u016f o kempech a kempov\u00e1n\u00ed.\",\"publisher\":{\"@id\":\"https:\\\/\\\/all4camper.com\\\/cs\\\/#organization\"},\"potentialAction\":[{\"@type\":\"SearchAction\",\"target\":{\"@type\":\"EntryPoint\",\"urlTemplate\":\"https:\\\/\\\/all4camper.com\\\/cs\\\/?s={search_term_string}\"},\"query-input\":{\"@type\":\"PropertyValueSpecification\",\"valueRequired\":true,\"valueName\":\"search_term_string\"}}],\"inLanguage\":\"cs\"},{\"@type\":\"Organization\",\"@id\":\"https:\\\/\\\/all4camper.com\\\/cs\\\/#organization\",\"name\":\"All4Camper - kempujeme s Kl\u00e1rou\",\"url\":\"https:\\\/\\\/all4camper.com\\\/cs\\\/\",\"logo\":{\"@type\":\"ImageObject\",\"inLanguage\":\"cs\",\"@id\":\"https:\\\/\\\/all4camper.com\\\/cs\\\/#\\\/schema\\\/logo\\\/image\\\/\",\"url\":\"https:\\\/\\\/all4camper.com\\\/wp-content\\\/uploads\\\/2018\\\/09\\\/novelogo.png\",\"contentUrl\":\"https:\\\/\\\/all4camper.com\\\/wp-content\\\/uploads\\\/2018\\\/09\\\/novelogo.png\",\"width\":1520,\"height\":600,\"caption\":\"All4Camper - kempujeme s Kl\u00e1rou\"},\"image\":{\"@id\":\"https:\\\/\\\/all4camper.com\\\/cs\\\/#\\\/schema\\\/logo\\\/image\\\/\"}},{\"@type\":\"Person\",\"@id\":\"https:\\\/\\\/all4camper.com\\\/cs\\\/#\\\/schema\\\/person\\\/c6f1efdf1d02bc7d8c53a891cbe18c62\",\"name\":\"Kl\u00e1ra H\u00e1jkov\u00e1\",\"sameAs\":[\"http:\\\/\\\/www.all4camper.com\"],\"url\":\"https:\\\/\\\/all4camper.com\\\/cs\\\/author\\\/klarinkacestuje1\\\/\"}]}<\/script>\n<!-- \/ Yoast SEO plugin. -->","yoast_head_json":{"title":"Aktivn\u00ed dovolen\u00e1 po cel\u00fd rok v nejzelen\u011bj\u0161\u00ed cestovn\u00ed destinaci na sv\u011bt\u011b\ufffc","description":"Slovinsko je zn\u00e1m\u00e9 jako \u201ezelen\u00e9 srdce Evropy\u201c. D\u00edky sv\u00fdm z\u00e1sad\u00e1m udr\u017eiteln\u00e9ho rozvoje bylo dokonce vyhl\u00e1\u0161eno \u201enejzelen\u011bj\u0161\u00ed cestovn\u00ed destinac\u00ed na sv\u011bt\u011b\u201c a nen\u00ed divu, proto\u017ee se jedn\u00e1 o m\u00edsto s \u00fachvatnou p\u0159\u00edrodou.","robots":{"index":"index","follow":"follow","max-snippet":"max-snippet:-1","max-image-preview":"max-image-preview:large","max-video-preview":"max-video-preview:-1"},"canonical":"https:\/\/all4camper.com\/cs\/aktivni-dovolena-po-cely-rok-v-nejzelenejsi-cestovni-destinaci-na-svete%ef%bf%bc\/","og_locale":"cs_CZ","og_type":"article","og_title":"Aktivn\u00ed dovolen\u00e1 po cel\u00fd rok v nejzelen\u011bj\u0161\u00ed cestovn\u00ed destinaci na sv\u011bt\u011b\ufffc","og_description":"Slovinsko je zn\u00e1m\u00e9 jako \u201ezelen\u00e9 srdce Evropy\u201c. D\u00edky sv\u00fdm z\u00e1sad\u00e1m udr\u017eiteln\u00e9ho rozvoje bylo dokonce vyhl\u00e1\u0161eno \u201enejzelen\u011bj\u0161\u00ed cestovn\u00ed destinac\u00ed na sv\u011bt\u011b\u201c a nen\u00ed divu, proto\u017ee se jedn\u00e1 o m\u00edsto s \u00fachvatnou p\u0159\u00edrodou.","og_url":"https:\/\/all4camper.com\/cs\/aktivni-dovolena-po-cely-rok-v-nejzelenejsi-cestovni-destinaci-na-svete%ef%bf%bc\/","og_site_name":"All4Camper","article_published_time":"2022-10-25T06:39:26+00:00","article_modified_time":"2022-10-25T06:46:12+00:00","og_image":[{"width":1620,"height":1080,"url":"https:\/\/all4camper.com\/wp-content\/uploads\/2022\/10\/F014925-kapela_bes_dolina_soce_jost_gantar-photo-m-1620x1080.jpg","type":"image\/jpeg"}],"author":"Kl\u00e1ra H\u00e1jkov\u00e1","twitter_card":"summary_large_image","twitter_misc":{"Napsal(a)":"Kl\u00e1ra H\u00e1jkov\u00e1","Odhadovan\u00e1 doba \u010dten\u00ed":"4 minuty"},"schema":{"@context":"https:\/\/schema.org","@graph":[{"@type":"Article","@id":"https:\/\/all4camper.com\/cs\/aktivni-dovolena-po-cely-rok-v-nejzelenejsi-cestovni-destinaci-na-svete%ef%bf%bc\/#article","isPartOf":{"@id":"https:\/\/all4camper.com\/cs\/aktivni-dovolena-po-cely-rok-v-nejzelenejsi-cestovni-destinaci-na-svete%ef%bf%bc\/"},"author":{"name":"Kl\u00e1ra H\u00e1jkov\u00e1","@id":"https:\/\/all4camper.com\/cs\/#\/schema\/person\/c6f1efdf1d02bc7d8c53a891cbe18c62"},"headline":"Aktivn\u00ed dovolen\u00e1 po cel\u00fd rok v nejzelen\u011bj\u0161\u00ed cestovn\u00ed destinaci na sv\u011bt\u011b\ufffc","datePublished":"2022-10-25T06:39:26+00:00","dateModified":"2022-10-25T06:46:12+00:00","mainEntityOfPage":{"@id":"https:\/\/all4camper.com\/cs\/aktivni-dovolena-po-cely-rok-v-nejzelenejsi-cestovni-destinaci-na-svete%ef%bf%bc\/"},"wordCount":761,"publisher":{"@id":"https:\/\/all4camper.com\/cs\/#organization"},"image":{"@id":"https:\/\/all4camper.com\/cs\/aktivni-dovolena-po-cely-rok-v-nejzelenejsi-cestovni-destinaci-na-svete%ef%bf%bc\/#primaryimage"},"thumbnailUrl":"https:\/\/all4camper.com\/wp-content\/uploads\/2022\/10\/F014925-kapela_bes_dolina_soce_jost_gantar-photo-m.jpg","keywords":["Slovinsko","Zimn\u00ed kempov\u00e1n\u00ed"],"articleSection":["Kempujeme a cestujeme ve Slovinsku","Novinky - Kempov\u00e1n\u00ed a karavaning","Zimn\u00ed kempov\u00e1n\u00ed"],"inLanguage":"cs"},{"@type":"WebPage","@id":"https:\/\/all4camper.com\/cs\/aktivni-dovolena-po-cely-rok-v-nejzelenejsi-cestovni-destinaci-na-svete%ef%bf%bc\/","url":"https:\/\/all4camper.com\/cs\/aktivni-dovolena-po-cely-rok-v-nejzelenejsi-cestovni-destinaci-na-svete%ef%bf%bc\/","name":"Aktivn\u00ed dovolen\u00e1 po cel\u00fd rok v nejzelen\u011bj\u0161\u00ed cestovn\u00ed destinaci na sv\u011bt\u011b\ufffc","isPartOf":{"@id":"https:\/\/all4camper.com\/cs\/#website"},"primaryImageOfPage":{"@id":"https:\/\/all4camper.com\/cs\/aktivni-dovolena-po-cely-rok-v-nejzelenejsi-cestovni-destinaci-na-svete%ef%bf%bc\/#primaryimage"},"image":{"@id":"https:\/\/all4camper.com\/cs\/aktivni-dovolena-po-cely-rok-v-nejzelenejsi-cestovni-destinaci-na-svete%ef%bf%bc\/#primaryimage"},"thumbnailUrl":"https:\/\/all4camper.com\/wp-content\/uploads\/2022\/10\/F014925-kapela_bes_dolina_soce_jost_gantar-photo-m.jpg","datePublished":"2022-10-25T06:39:26+00:00","dateModified":"2022-10-25T06:46:12+00:00","description":"Slovinsko je zn\u00e1m\u00e9 jako \u201ezelen\u00e9 srdce Evropy\u201c. D\u00edky sv\u00fdm z\u00e1sad\u00e1m udr\u017eiteln\u00e9ho rozvoje bylo dokonce vyhl\u00e1\u0161eno \u201enejzelen\u011bj\u0161\u00ed cestovn\u00ed destinac\u00ed na sv\u011bt\u011b\u201c a nen\u00ed divu, proto\u017ee se jedn\u00e1 o m\u00edsto s \u00fachvatnou p\u0159\u00edrodou.","breadcrumb":{"@id":"https:\/\/all4camper.com\/cs\/aktivni-dovolena-po-cely-rok-v-nejzelenejsi-cestovni-destinaci-na-svete%ef%bf%bc\/#breadcrumb"},"inLanguage":"cs","potentialAction":[{"@type":"ReadAction","target":["https:\/\/all4camper.com\/cs\/aktivni-dovolena-po-cely-rok-v-nejzelenejsi-cestovni-destinaci-na-svete%ef%bf%bc\/"]}]},{"@type":"ImageObject","inLanguage":"cs","@id":"https:\/\/all4camper.com\/cs\/aktivni-dovolena-po-cely-rok-v-nejzelenejsi-cestovni-destinaci-na-svete%ef%bf%bc\/#primaryimage","url":"https:\/\/all4camper.com\/wp-content\/uploads\/2022\/10\/F014925-kapela_bes_dolina_soce_jost_gantar-photo-m.jpg","contentUrl":"https:\/\/all4camper.com\/wp-content\/uploads\/2022\/10\/F014925-kapela_bes_dolina_soce_jost_gantar-photo-m.jpg","width":2000,"height":1333},{"@type":"BreadcrumbList","@id":"https:\/\/all4camper.com\/cs\/aktivni-dovolena-po-cely-rok-v-nejzelenejsi-cestovni-destinaci-na-svete%ef%bf%bc\/#breadcrumb","itemListElement":[{"@type":"ListItem","position":1,"name":"Dom\u016f","item":"https:\/\/all4camper.com\/cs\/"},{"@type":"ListItem","position":2,"name":"Kempujeme a cestujeme ve Slovinsku","item":"https:\/\/all4camper.com\/cs\/category\/kempujeme-a-cestujeme-ve-slovinsku\/"},{"@type":"ListItem","position":3,"name":"Aktivn\u00ed dovolen\u00e1 po cel\u00fd rok v nejzelen\u011bj\u0161\u00ed cestovn\u00ed destinaci na sv\u011bt\u011b\ufffc"}]},{"@type":"WebSite","@id":"https:\/\/all4camper.com\/cs\/#website","url":"https:\/\/all4camper.com\/cs\/","name":"All4Camper","description":"Nejv\u011bt\u0161\u00ed online magaz\u00edn o kempov\u00e1n\u00ed a karavaninku. V\u00edce jak 900 \u010dl\u00e1nk\u016f pln\u00fdch rad a tip\u016f o kempech a kempov\u00e1n\u00ed.","publisher":{"@id":"https:\/\/all4camper.com\/cs\/#organization"},"potentialAction":[{"@type":"SearchAction","target":{"@type":"EntryPoint","urlTemplate":"https:\/\/all4camper.com\/cs\/?s={search_term_string}"},"query-input":{"@type":"PropertyValueSpecification","valueRequired":true,"valueName":"search_term_string"}}],"inLanguage":"cs"},{"@type":"Organization","@id":"https:\/\/all4camper.com\/cs\/#organization","name":"All4Camper - kempujeme s Kl\u00e1rou","url":"https:\/\/all4camper.com\/cs\/","logo":{"@type":"ImageObject","inLanguage":"cs","@id":"https:\/\/all4camper.com\/cs\/#\/schema\/logo\/image\/","url":"https:\/\/all4camper.com\/wp-content\/uploads\/2018\/09\/novelogo.png","contentUrl":"https:\/\/all4camper.com\/wp-content\/uploads\/2018\/09\/novelogo.png","width":1520,"height":600,"caption":"All4Camper - kempujeme s Kl\u00e1rou"},"image":{"@id":"https:\/\/all4camper.com\/cs\/#\/schema\/logo\/image\/"}},{"@type":"Person","@id":"https:\/\/all4camper.com\/cs\/#\/schema\/person\/c6f1efdf1d02bc7d8c53a891cbe18c62","name":"Kl\u00e1ra H\u00e1jkov\u00e1","sameAs":["http:\/\/www.all4camper.com"],"url":"https:\/\/all4camper.com\/cs\/author\/klarinkacestuje1\/"}]}},"_links":{"self":[{"href":"https:\/\/all4camper.com\/cs\/wp-json\/wp\/v2\/posts\/140958","targetHints":{"allow":["GET"]}}],"collection":[{"href":"https:\/\/all4camper.com\/cs\/wp-json\/wp\/v2\/posts"}],"about":[{"href":"https:\/\/all4camper.com\/cs\/wp-json\/wp\/v2\/types\/post"}],"author":[{"embeddable":true,"href":"https:\/\/all4camper.com\/cs\/wp-json\/wp\/v2\/users\/4"}],"replies":[{"embeddable":true,"href":"https:\/\/all4camper.com\/cs\/wp-json\/wp\/v2\/comments?post=140958"}],"version-history":[{"count":0,"href":"https:\/\/all4camper.com\/cs\/wp-json\/wp\/v2\/posts\/140958\/revisions"}],"wp:featuredmedia":[{"embeddable":true,"href":"https:\/\/all4camper.com\/cs\/wp-json\/wp\/v2\/media\/140973"}],"wp:attachment":[{"href":"https:\/\/all4camper.com\/cs\/wp-json\/wp\/v2\/media?parent=140958"}],"wp:term":[{"taxonomy":"category","embeddable":true,"href":"https:\/\/all4camper.com\/cs\/wp-json\/wp\/v2\/categories?post=140958"},{"taxonomy":"post_tag","embeddable":true,"href":"https:\/\/all4camper.com\/cs\/wp-json\/wp\/v2\/tags?post=140958"}],"curies":[{"name":"wp","href":"https:\/\/api.w.org\/{rel}","templated":true}]}}