{"id":140871,"date":"2022-10-11T15:54:29","date_gmt":"2022-10-11T13:54:29","guid":{"rendered":"https:\/\/all4camper.com\/\/?p=140871"},"modified":"2022-10-12T18:33:47","modified_gmt":"2022-10-12T16:33:47","slug":"tip-na-jaro-a-podzim-obytnym-autem-po-osmi-stezkach-vedoucich-za-stredovekou-atmosferu-nemeckych-hrazdenych-domu","status":"publish","type":"post","link":"https:\/\/all4camper.com\/cs\/tip-na-jaro-a-podzim-obytnym-autem-po-osmi-stezkach-vedoucich-za-stredovekou-atmosferu-nemeckych-hrazdenych-domu\/","title":{"rendered":"Tip na jaro a podzim. Obytn\u00fdm autem po osmi tras\u00e1ch vedouc\u00edch za st\u0159edov\u011bkou atmosf\u00e9ru n\u011bmeck\u00fdch hr\u00e1zd\u011bn\u00fdch dom\u016f\u00a0"},"content":{"rendered":"\n<p><strong>Nap\u0159\u00ed\u010d sedmi spolkov\u00fdmi zem\u011bmi vede v&nbsp;N\u011bmecku 3&nbsp;500 km dlouh\u00e1 stezka vhodn\u00e1 i pro obytn\u00e1 auta, tzv. <a href=\"https:\/\/www.deutsche-fachwerkstrasse.de\/\" target=\"_blank\" rel=\"noreferrer noopener\">Fachwerkstra\u00dfe<\/a>, kter\u00e1 propojuje p\u0159es 100 m\u011bst s&nbsp;hr\u00e1zd\u011bn\u00fdmi domy a pot\u011b\u0161\u00ed nejen milovn\u00edky historie. P\u0159edev\u0161\u00edm te\u010f v&nbsp;zim\u011b m\u00e1 trasa sv\u00e9 nezapomenuteln\u00e9 kouzlo a daj\u00ed se zde spojit n\u00e1dhern\u00e9 kulturn\u00ed z\u00e1\u017eitky se zimn\u00ed turistikou.<\/strong><\/p>\n\n\n<div class=\"wp-block-image\">\n<figure class=\"aligncenter size-full is-resized\"><a href=\"https:\/\/www.deutsche-fachwerkstrasse.de\/Regionalstrecken_Staedte.html\" target=\"_blank\" rel=\"noreferrer noopener\"><img loading=\"lazy\" decoding=\"async\" src=\"https:\/\/all4camper.com\/\/wp-content\/uploads\/2022\/10\/deutsche-fachwerkstrasse-karte-uebersicht.png\" alt=\"\" class=\"wp-image-140872\" width=\"381\" height=\"500\" srcset=\"https:\/\/all4camper.com\/wp-content\/uploads\/2022\/10\/deutsche-fachwerkstrasse-karte-uebersicht.png 762w, https:\/\/all4camper.com\/wp-content\/uploads\/2022\/10\/deutsche-fachwerkstrasse-karte-uebersicht-229x300.png 229w, https:\/\/all4camper.com\/wp-content\/uploads\/2022\/10\/deutsche-fachwerkstrasse-karte-uebersicht-114x150.png 114w, https:\/\/all4camper.com\/wp-content\/uploads\/2022\/10\/deutsche-fachwerkstrasse-karte-uebersicht-150x197.png 150w, https:\/\/all4camper.com\/wp-content\/uploads\/2022\/10\/deutsche-fachwerkstrasse-karte-uebersicht-300x394.png 300w, https:\/\/all4camper.com\/wp-content\/uploads\/2022\/10\/deutsche-fachwerkstrasse-karte-uebersicht-696x913.png 696w\" sizes=\"auto, (max-width: 381px) 100vw, 381px\" \/><\/a><\/figure>\n<\/div>\n\n\n<ol class=\"wp-block-list\"><li><a href=\"#Labe,-Luneburske-vresoviste\">Labe, L\u00fcnebursk\u00e9 v\u0159esovi\u0161t\u011b a poho\u0159\u00ed Harz (1083 km)<\/a><\/li><li><a href=\"#Hornoluzicka-cesta\">Hornolu\u017eick\u00e1 cesta (112 km)<\/a><\/li><li><a href=\"#Harz\">Od poho\u0159\u00ed Harz do Durynsk\u00e9ho-lesa (260 km)<\/a><\/li><li><a href=\"#z-Weserberglandu\">Z&nbsp;Weserberglandu a Severn\u00edho Hesenska do Vogelsbergu a Spessartu (580 km)<\/a><\/li><li><a href=\"#Westerwald\">Mezi poho\u0159\u00edm Westerwald a \u0159ekou Mohan (182 km)<\/a><\/li><li><a href=\"#Mohanem\">Mezi-R\u00fdnem, Mohanem a Odenwaldem (235 km)<\/a><\/li><li><a href=\"#Franky\">Franky (407 km)<\/a><\/li><li><a href=\"#Neckar\">Neckar, \u010cern\u00fd les a Bodamsk\u00e9-jezero (772 km)<\/a><\/li><\/ol>\n\n\n\n<h2 class=\"wp-block-heading\" id=\"Labe,-Luneburske-vresoviste\"><strong>Labe, L\u00fcnebursk\u00e9 v\u0159esovi\u0161t\u011b a poho\u0159\u00ed Harz<\/strong><\/h2>\n\n\n\n<p>Severn\u00ed \u010d\u00e1st stezky se t\u00e1hne tou nejkr\u00e1sn\u011bj\u0161\u00ed \u010d\u00e1st\u00ed n\u011bmeck\u00e9 krajiny. Na severu v\u00e1s toti\u017e zavede do poho\u0159\u00ed Altmark a Elbtalaue p\u0159es L\u00fcnebursk\u00e9 v\u0159esovi\u0161t\u011b a tajemn\u00e9 poho\u0159\u00ed Harz. V&nbsp;z\u00e1vislosti na ro\u010dn\u00edm obdob\u00ed, ve kter\u00e9m se sem vyprav\u00edte, v\u00e1s p\u0159iv\u00edtaj\u00ed kvetouc\u00ed v\u0159esovi\u0161t\u011b a rozlehl\u00e9 lesy. Tato tis\u00edc kilometr\u016f dlouh\u00e1 \u010d\u00e1st trasy vede z&nbsp;m\u011bsta Stade a\u017e do Nienburgu a po cest\u011b m\u016f\u017eete nav\u0161t\u00edvit spoustu kr\u00e1sn\u00fdch m\u011bst, s&nbsp;jejich\u017e p\u0159\u00edb\u011bhy se m\u016f\u017eete sezn\u00e1mit v&nbsp;nespo\u010dtu muze\u00ed. Ze v\u0161eho nejv\u00edc v\u00e1s tu pravd\u011bpodobn\u011b zaujme m\u011bsto Quedlinburg, jeho\u017e zna\u010dn\u00e1 \u010d\u00e1st je zapsan\u00e1 na Seznamu sv\u011btov\u00e9ho kulturn\u00edho d\u011bdictv\u00ed UNESCO. Toto v\u00edce ne\u017e tis\u00edc let star\u00e9 m\u011bsto okouzl\u00ed sv\u00e9 n\u00e1v\u0161t\u011bvn\u00edky malebnou atmosf\u00e9rou, kter\u00e1 je nejp\u016fsobiv\u011bj\u0161\u00ed v&nbsp;p\u0159edv\u00e1no\u010dn\u00edm obdob\u00ed. <strong>Stezka je dlouh\u00e1 1 083 kilometr\u016f a zobraz\u00edte si ji <a href=\"https:\/\/www.deutsche-fachwerkstrasse.de\/Regionalstrecken_Staedte\/Von-der-Elbe-zum-Harz.html\" target=\"_blank\" rel=\"noreferrer noopener\">zde<\/a>. Po kliknut\u00ed na jednotliv\u00e1 m\u00edsta se v\u00e1m zobraz\u00ed mj. i doporu\u010den\u00e9 kempy a karavanov\u00e1 st\u00e1n\u00ed. <\/strong><em>(pozn. autora &#8211; <em>to plat\u00ed pro v\u0161echny n\u00ed\u017ee uveden\u00e9 stezky<\/em>)<\/em><\/p>\n\n\n\n<figure class=\"wp-block-image size-full is-resized\"><img loading=\"lazy\" decoding=\"async\" src=\"https:\/\/all4camper.com\/\/wp-content\/uploads\/2022\/10\/alfeld.jpeg\" alt=\"\" class=\"wp-image-140874\" width=\"696\" height=\"464\" srcset=\"https:\/\/all4camper.com\/wp-content\/uploads\/2022\/10\/alfeld.jpeg 1200w, https:\/\/all4camper.com\/wp-content\/uploads\/2022\/10\/alfeld-300x200.jpeg 300w, https:\/\/all4camper.com\/wp-content\/uploads\/2022\/10\/alfeld-150x100.jpeg 150w, https:\/\/all4camper.com\/wp-content\/uploads\/2022\/10\/alfeld-768x512.jpeg 768w, https:\/\/all4camper.com\/wp-content\/uploads\/2022\/10\/alfeld-696x464.jpeg 696w, https:\/\/all4camper.com\/wp-content\/uploads\/2022\/10\/alfeld-1068x712.jpeg 1068w\" sizes=\"auto, (max-width: 696px) 100vw, 696px\" \/><figcaption>Alfeld<\/figcaption><\/figure>\n\n\n\n<h2 class=\"wp-block-heading\" id=\"Hornoluzicka-cesta\"><strong>Hornolu\u017eick\u00e1 cesta<\/strong><\/h2>\n\n\n\n<p>\u010c\u00e1st trasy, kter\u00e9 vede Horn\u00ed Lu\u017eic\u00ed, je nejkrat\u0161\u00edm \u00fasekem cel\u00e9 stezky a spojuje pouh\u00fdch sedm m\u011bst. Je v\u0161ak koncipov\u00e1na jako okru\u017en\u00ed, tak\u017ee svoji cestu m\u016f\u017eete za\u010d\u00edt ve kter\u00e9mkoliv m\u011bst\u011b. Geograficky se trasa nach\u00e1z\u00ed v&nbsp;Hornolu\u017eick\u00fdch a v&nbsp;\u017ditavsk\u00fdch hor\u00e1ch, kter\u00e9 l\u00e1kaj\u00ed turisty na p\u011b\u0161\u00ed i cyklistick\u00e9 v\u00fdlety a ur\u010dit\u011b stoj\u00ed za to vyrazit sem i v&nbsp;zim\u011b. <strong>Zaj\u00edmavost\u00ed je, \u017ee pr\u00e1v\u011b z&nbsp;t\u00e9to oblasti pronikala koncem 15. stolet\u00ed technika stavby hr\u00e1zd\u011bn\u00fdch dom\u016f na \u00fazem\u00ed \u010cesk\u00e9 republiky a Polska.<\/strong> Stezka je dlouh\u00e1 112 kilometr\u016f a zobraz\u00edte si ji <a href=\"https:\/\/www.deutsche-fachwerkstrasse.de\/Regionalstrecken_Staedte\/Oberlausitzer-Umgebindehausstrasse.html\" target=\"_blank\" rel=\"noreferrer noopener\">zde<\/a>.<\/p>\n\n\n\n<figure class=\"wp-block-image size-full is-resized\"><img loading=\"lazy\" decoding=\"async\" src=\"https:\/\/all4camper.com\/\/wp-content\/uploads\/2022\/10\/EBERSBACH-NEUGERSDORF.jpeg\" alt=\"\" class=\"wp-image-140876\" width=\"696\" height=\"459\" srcset=\"https:\/\/all4camper.com\/wp-content\/uploads\/2022\/10\/EBERSBACH-NEUGERSDORF.jpeg 1200w, https:\/\/all4camper.com\/wp-content\/uploads\/2022\/10\/EBERSBACH-NEUGERSDORF-300x198.jpeg 300w, https:\/\/all4camper.com\/wp-content\/uploads\/2022\/10\/EBERSBACH-NEUGERSDORF-150x99.jpeg 150w, https:\/\/all4camper.com\/wp-content\/uploads\/2022\/10\/EBERSBACH-NEUGERSDORF-768x507.jpeg 768w, https:\/\/all4camper.com\/wp-content\/uploads\/2022\/10\/EBERSBACH-NEUGERSDORF-696x459.jpeg 696w, https:\/\/all4camper.com\/wp-content\/uploads\/2022\/10\/EBERSBACH-NEUGERSDORF-1068x705.jpeg 1068w\" sizes=\"auto, (max-width: 696px) 100vw, 696px\" \/><figcaption>EBERSBACH-NEUGERSDORF<\/figcaption><\/figure>\n\n\n\n<h2 class=\"wp-block-heading\" id=\"ze-saska\"><strong>Ze Saska-Anhaltska a\u017e do Hesenska a Bavorska<\/strong><\/h2>\n\n\n\n<p>Ve st\u0159edn\u00ed \u010d\u00e1sti N\u011bmecka se nach\u00e1z\u00ed velk\u00e9 mno\u017estv\u00ed m\u011bst a hr\u00e1zd\u011bn\u00fdch dom\u016f, proto je tato oblast rozd\u011blena na men\u0161\u00ed regiony a trasy, kter\u00e9 m\u016f\u017eete nav\u0161t\u00edvit. <\/p>\n\n\n\n<p id=\"Harz\">Prvn\u00ed \u010d\u00e1st stezky vede <strong>od poho\u0159\u00ed Harz do Durynsk\u00e9ho lesa<\/strong>. Mezi poho\u0159\u00edm Harz a Durynsk\u00fdm lesem se nach\u00e1zej\u00ed m\u011bsta s&nbsp;r\u016fzn\u00fdmi architektonick\u00fdmi styly. Jsou to nap\u0159\u00edklad l\u00e1ze\u0148sk\u00e1 m\u011bsta Bad Langesalza anebo Schmalkaldy. Trasa je dlouh\u00e1 260 kilometr\u016f a vede n\u00edzk\u00fdm poho\u0159\u00edm. Cestovatel\u00e9 tu v\u0161ak budou m\u00edt mo\u017enost nav\u0161t\u00edvit m\u00edsta, kde se m\u00eds\u00ed r\u016fzn\u00e9 architektonick\u00e9 styly a hr\u00e1zd\u011bn\u00e9 domy jsou tu vybudov\u00e1ny opravdu jedine\u010dn\u00fdm zp\u016fsobem. Stezku si zobraz\u00edte <a href=\"https:\/\/www.deutsche-fachwerkstrasse.de\/Regionalstrecken_Staedte\/Vom-Harz-zum-Thueringer-Wald.html\" target=\"_blank\" rel=\"noreferrer noopener\">zde.<\/a><\/p>\n\n\n\n<figure class=\"wp-block-image size-large is-resized\"><a href=\"https:\/\/www.mdr.de\/mdr-thueringen\/sendungen\/muehlhausen_ortsname100.html\" target=\"_blank\" rel=\"noreferrer noopener\"><img loading=\"lazy\" decoding=\"async\" src=\"https:\/\/all4camper.com\/\/wp-content\/uploads\/2022\/10\/muehlhausen146-resimage_v-variantBig24x9_w-2048-1920x720.webp\" alt=\"\" class=\"wp-image-140878\" width=\"696\" height=\"261\" srcset=\"https:\/\/all4camper.com\/wp-content\/uploads\/2022\/10\/muehlhausen146-resimage_v-variantBig24x9_w-2048-1920x720.webp 1920w, https:\/\/all4camper.com\/wp-content\/uploads\/2022\/10\/muehlhausen146-resimage_v-variantBig24x9_w-2048-300x113.webp 300w, https:\/\/all4camper.com\/wp-content\/uploads\/2022\/10\/muehlhausen146-resimage_v-variantBig24x9_w-2048-150x56.webp 150w, https:\/\/all4camper.com\/wp-content\/uploads\/2022\/10\/muehlhausen146-resimage_v-variantBig24x9_w-2048-768x288.webp 768w, https:\/\/all4camper.com\/wp-content\/uploads\/2022\/10\/muehlhausen146-resimage_v-variantBig24x9_w-2048-1536x576.webp 1536w, https:\/\/all4camper.com\/wp-content\/uploads\/2022\/10\/muehlhausen146-resimage_v-variantBig24x9_w-2048-696x261.webp 696w, https:\/\/all4camper.com\/wp-content\/uploads\/2022\/10\/muehlhausen146-resimage_v-variantBig24x9_w-2048-1068x401.webp 1068w, https:\/\/all4camper.com\/wp-content\/uploads\/2022\/10\/muehlhausen146-resimage_v-variantBig24x9_w-2048.webp 2048w\" sizes=\"auto, (max-width: 696px) 100vw, 696px\" \/><\/a><figcaption>MUEHLHAUSEN<\/figcaption><\/figure>\n\n\n\n<p id=\"z-Weserberglandu\">Dal\u0161\u00ed \u010d\u00e1st stezky <strong>z&nbsp;Weserberglandu a Severn\u00edho Hesenska do Vogelsbergu a Spessartu<\/strong> je p\u016fvodn\u00edm v\u00fdchoz\u00edm bodem cel\u00e9 trasy a odtud se postupn\u011b cel\u00e1 s\u00ed\u0165 stezek roz\u0161\u00ed\u0159ila nap\u0159\u00ed\u010d N\u011bmeckem. Trasa tu m\u00e1 zhruba 580 kilometr\u016f a vede p\u0159es Severn\u00ed Hesensko z&nbsp;Weserberglandu do Vogelsbergu a Spessartu. Cestou naraz\u00edte na jedine\u010dn\u00e1 m\u00edsta, jako je Homburg nebo Eschwege. I v&nbsp;t\u00e9to \u010d\u00e1sti se v&nbsp;architektu\u0159e dom\u016f odr\u00e1\u017e\u00ed vlivy z&nbsp;r\u016fzn\u00fdch region\u016f a v\u0161e je zasazeno do malebn\u00e9 a romantick\u00e9 krajiny pln\u00e9 \u0159\u00ed\u010dn\u00edch \u00fadol\u00ed a majest\u00e1tn\u00edch hor. Stezku si zobraz\u00edte <a href=\"https:\/\/www.deutsche-fachwerkstrasse.de\/Regionalstrecken_Staedte\/Vom-Weserbergland-ueber-Nordhessen-zum-Vogelsberg-und-Spessart.html\" target=\"_blank\" rel=\"noreferrer noopener\">zde<\/a>.<\/p>\n\n\n\n<figure class=\"wp-block-image size-large is-resized\"><img loading=\"lazy\" decoding=\"async\" src=\"https:\/\/all4camper.com\/\/wp-content\/uploads\/2022\/10\/WerratlTherme-1682x1080.jpeg\" alt=\"\" class=\"wp-image-140880\" width=\"696\" height=\"446\" srcset=\"https:\/\/all4camper.com\/wp-content\/uploads\/2022\/10\/WerratlTherme-1682x1080.jpeg 1682w, https:\/\/all4camper.com\/wp-content\/uploads\/2022\/10\/WerratlTherme-300x193.jpeg 300w, https:\/\/all4camper.com\/wp-content\/uploads\/2022\/10\/WerratlTherme-150x96.jpeg 150w, https:\/\/all4camper.com\/wp-content\/uploads\/2022\/10\/WerratlTherme-768x493.jpeg 768w, https:\/\/all4camper.com\/wp-content\/uploads\/2022\/10\/WerratlTherme-1536x986.jpeg 1536w, https:\/\/all4camper.com\/wp-content\/uploads\/2022\/10\/WerratlTherme-2048x1315.jpeg 2048w, https:\/\/all4camper.com\/wp-content\/uploads\/2022\/10\/WerratlTherme-696x447.jpeg 696w, https:\/\/all4camper.com\/wp-content\/uploads\/2022\/10\/WerratlTherme-1068x686.jpeg 1068w, https:\/\/all4camper.com\/wp-content\/uploads\/2022\/10\/WerratlTherme-1920x1233.jpeg 1920w\" sizes=\"auto, (max-width: 696px) 100vw, 696px\" \/><figcaption>BAD SOODEN-ALLENDORF &#8211; WERRATALTHERME<\/figcaption><\/figure>\n\n\n\n<p id=\"Westerwald\">Na trase <strong>mezi poho\u0159\u00edm Westerwald a \u0159ekou Mohan<\/strong> naraz\u00edte na spoustu hrad\u016f, z\u00e1mk\u016f i malebn\u00fdch rezidenc\u00ed. Cesta vede \u00fadol\u00edm Lahn a Taunus a m\u016f\u017eete se tu zastavit t\u0159eba ve m\u011bstech Limburg, Wetzlar nebo Idstein. V&nbsp;Limburgu si va\u0161i pozornost zaslou\u017e\u00ed sedmi v\u011b\u017eat\u00e1 katedr\u00e1la svat\u00e9ho Ji\u0159\u00ed. V&nbsp;Montabauru m\u016f\u017eete nav\u0161t\u00edvit barokn\u00ed z\u00e1mek a v&nbsp;Dillenburgu jsou nejv\u011bt\u0161\u00ed zaj\u00edmavost\u00ed \u00fazk\u00e9 uli\u010dky a nejv\u011bt\u0161\u00ed podzemn\u00ed obrann\u00fd syst\u00e9m v&nbsp;z\u00e1padn\u00ed Evrop\u011b. Stezka je dlouh\u00e1 182 kilometr\u016f a zobraz\u00edte si ji <a href=\"https:\/\/www.deutsche-fachwerkstrasse.de\/Regionalstrecken_Staedte\/Vom-Westerwald-ueber-Lahntal-und-Taunus-zum-Main.html\" target=\"_blank\" rel=\"noreferrer noopener\">zde<\/a>.<\/p>\n\n\n\n<figure class=\"wp-block-image size-full is-resized\"><a href=\"https:\/\/www.bergfex.com\/sommer\/bad-camberg\/\" target=\"_blank\" rel=\"noreferrer noopener\"><img loading=\"lazy\" decoding=\"async\" src=\"https:\/\/all4camper.com\/\/wp-content\/uploads\/2022\/10\/bad-camberg.jpeg\" alt=\"\" class=\"wp-image-140882\" width=\"696\" height=\"361\" srcset=\"https:\/\/all4camper.com\/wp-content\/uploads\/2022\/10\/bad-camberg.jpeg 1000w, https:\/\/all4camper.com\/wp-content\/uploads\/2022\/10\/bad-camberg-300x156.jpeg 300w, https:\/\/all4camper.com\/wp-content\/uploads\/2022\/10\/bad-camberg-150x78.jpeg 150w, https:\/\/all4camper.com\/wp-content\/uploads\/2022\/10\/bad-camberg-768x399.jpeg 768w, https:\/\/all4camper.com\/wp-content\/uploads\/2022\/10\/bad-camberg-696x362.jpeg 696w\" sizes=\"auto, (max-width: 696px) 100vw, 696px\" \/><\/a><figcaption>BAD CAMBERG<\/figcaption><\/figure>\n\n\n\n<p id=\"Mohanem\"><strong>Mezi R\u00fdnem, Mohanem a Odenwaldem <\/strong>vede dal\u0161\u00ed \u010d\u00e1st stezky dlouh\u00e1 235 kilometr\u016f. Jen v&nbsp;Treburu najdete t\u00e9m\u011b\u0159 t\u0159i stovky hr\u00e1zd\u011bn\u00fdch dom\u016f, kter\u00e9 jist\u011b nep\u0159ehl\u00e9dnete. Ve m\u011bst\u011b Hanau se zase nach\u00e1z\u00ed st\u0159edov\u011bk\u00e1 \u010dtvr\u0165, tak\u017ee pokud budete m\u00edt p\u0159i sv\u00e9 cest\u011b \u010das, nenechte si uj\u00edt jej\u00ed n\u00e1v\u0161t\u011bvu. Ve Steinheimu krom\u011b star\u00fdch hr\u00e1zd\u011bn\u00fdch dom\u016f najdete neporu\u0161en\u00e9 m\u011bstsk\u00e9 hradby a malebn\u00e9 uli\u010dky. Perlou t\u00e9to oblasti je pak bezesporu kouzeln\u00e9 m\u011bste\u010dko Miltenberg na b\u0159ehu Mohanu. Stezku si zobraz\u00edte <a href=\"https:\/\/www.deutsche-fachwerkstrasse.de\/Regionalstrecken_Staedte\/Vom-Rhein-zum-Main-und-Odenwald.html\" target=\"_blank\" rel=\"noreferrer noopener\">tady<\/a>.<\/p>\n\n\n\n<figure class=\"wp-block-image size-full is-resized\"><a href=\"https:\/\/www.tourismus-wertheim.de\/bauwerke-kultur\/burgen-schloesser\" target=\"_blank\" rel=\"noreferrer noopener\"><img loading=\"lazy\" decoding=\"async\" src=\"https:\/\/all4camper.com\/\/wp-content\/uploads\/2022\/10\/wertheim.jpeg\" alt=\"\" class=\"wp-image-140884\" width=\"696\" height=\"278\" srcset=\"https:\/\/all4camper.com\/wp-content\/uploads\/2022\/10\/wertheim.jpeg 1920w, https:\/\/all4camper.com\/wp-content\/uploads\/2022\/10\/wertheim-300x120.jpeg 300w, https:\/\/all4camper.com\/wp-content\/uploads\/2022\/10\/wertheim-150x60.jpeg 150w, https:\/\/all4camper.com\/wp-content\/uploads\/2022\/10\/wertheim-768x307.jpeg 768w, https:\/\/all4camper.com\/wp-content\/uploads\/2022\/10\/wertheim-1536x614.jpeg 1536w, https:\/\/all4camper.com\/wp-content\/uploads\/2022\/10\/wertheim-696x278.jpeg 696w, https:\/\/all4camper.com\/wp-content\/uploads\/2022\/10\/wertheim-1068x427.jpeg 1068w\" sizes=\"auto, (max-width: 696px) 100vw, 696px\" \/><\/a><figcaption>WERTHEIM<\/figcaption><\/figure>\n\n\n\n<p id=\"Franky\">V&nbsp;b\u0159eznu lo\u0148sk\u00e9ho roku se stezka prodlou\u017eila o 407 kilometr\u016f a dal\u0161\u00edch 16 m\u011bst, kter\u00e1 se nach\u00e1zej\u00ed <strong>ve Frank\u00e1ch<\/strong>. Jsou to m\u011bsta s&nbsp;bohatou histori\u00ed vystav\u011bn\u00e1 v&nbsp;architektonick\u00e9m stylu z&nbsp;doby renesance a zasazen\u00e1 jsou v&nbsp;n\u00e1dhern\u00e9 krajin\u011b. Mezi tyto m\u011bsta pat\u0159\u00ed nap\u0159\u00edklad Ochsenfurt, Herzogenaurach, Heldburg nebo K\u00f6nigsberg v&nbsp;Bavorsku. Krom\u011b historie, turistiky, cyklistiky a wellness tato \u010d\u00e1st trasy <strong>nab\u00edz\u00ed gurm\u00e1nsk\u00e9 po\u017eitky v&nbsp;podob\u011b fransk\u00fdch v\u00edn a piv z&nbsp;rodinn\u00fdch pivovar\u016f<\/strong>. Stezku si zobraz\u00edte <a href=\"https:\/\/www.deutsche-fachwerkstrasse.de\/Regionalstrecken_Staedte\/Franken.html\">tady<\/a>.<\/p>\n\n\n\n<p><\/p>\n\n\n\n<h2 class=\"wp-block-heading\" id=\"Neckar\"><strong>Neckar, \u010cern\u00fd les a Bodamsk\u00e9 jezero<\/strong><\/h2>\n\n\n\n<p>Ji\u017en\u00ed oblast stezky, kter\u00e1 v\u00e1s provede po m\u011bstech s&nbsp;n\u00e1dhern\u00fdmi hr\u00e1zd\u011bn\u00fdmi domy, najdete v&nbsp;nejkr\u00e1sn\u011bj\u0161\u00ed \u010d\u00e1sti B\u00e1denska-W\u00fcrttemberska v&nbsp;\u00fadol\u00ed kolem \u0159eky Neckar, v&nbsp;\u010cern\u00e9m lese a okolo Bodamsk\u00e9ho jezera a celkem je dlouh\u00e1 772 kilometr\u016f. T\u0159icet hr\u00e1zd\u011bn\u00fdch m\u011bst, kter\u00e1 tu \u010dekaj\u00ed na sv\u00e9 n\u00e1v\u0161t\u011bvn\u00edky, okouzl\u00ed st\u0159edov\u011bkou a romantickou atmosf\u00e9rou. Trasa za\u010d\u00edn\u00e1 v&nbsp;Mosbachu a pokra\u010duje okolo Stuttgartu. Nejv\u011bt\u0161\u00edmi klenoty mezi m\u011bsty s&nbsp;hr\u00e1zd\u011bn\u00fdmi domy jsou Besigheim a B\u00f6nnigheim. Pod\u00e9l \u0159eky Neckar se pak nav\u00edc rozprost\u00edraj\u00ed vinice a ovocn\u00e9 sady, kter\u00e9 m\u016f\u017eete v&nbsp;ka\u017ed\u00e9m ro\u010dn\u00edm obdob\u00ed vyu\u017e\u00edt k&nbsp;proch\u00e1zk\u00e1m. V&nbsp;\u010cern\u00e9m lese, kam trasa pokra\u010duje, jsou skv\u011blou zast\u00e1vkou vodop\u00e1dy v&nbsp;Bad Urachu na \u00fapat\u00ed \u0160v\u00e1bsk\u00e9 Alby. Stezku si zobraz\u00edte <a href=\"https:\/\/www.deutsche-fachwerkstrasse.de\/Regionalstrecken_Staedte\/Vom-Neckar-zum-Schwarzwald-und-Bodensee.html\" target=\"_blank\" rel=\"noreferrer noopener\">tady<\/a>.<\/p>\n\n\n\n<figure class=\"wp-block-image size-large\"><a href=\"https:\/\/www.deutsche-fachwerkstrasse.de\/Regionalstrecken_Staedte\/Vom-Neckar-zum-Schwarzwald-und-Bodensee\/Eppingen.html?show=sights\" target=\"_blank\" rel=\"noreferrer noopener\"><img loading=\"lazy\" decoding=\"async\" width=\"1620\" height=\"1080\" src=\"https:\/\/all4camper.com\/\/wp-content\/uploads\/2022\/10\/2018_05_31_Eppingen_018-1620x1080.jpeg\" alt=\"\" class=\"wp-image-140886\" srcset=\"https:\/\/all4camper.com\/wp-content\/uploads\/2022\/10\/2018_05_31_Eppingen_018-1620x1080.jpeg 1620w, https:\/\/all4camper.com\/wp-content\/uploads\/2022\/10\/2018_05_31_Eppingen_018-300x200.jpeg 300w, https:\/\/all4camper.com\/wp-content\/uploads\/2022\/10\/2018_05_31_Eppingen_018-150x100.jpeg 150w, https:\/\/all4camper.com\/wp-content\/uploads\/2022\/10\/2018_05_31_Eppingen_018-768x512.jpeg 768w, https:\/\/all4camper.com\/wp-content\/uploads\/2022\/10\/2018_05_31_Eppingen_018-1536x1024.jpeg 1536w, https:\/\/all4camper.com\/wp-content\/uploads\/2022\/10\/2018_05_31_Eppingen_018-696x464.jpeg 696w, https:\/\/all4camper.com\/wp-content\/uploads\/2022\/10\/2018_05_31_Eppingen_018-1068x712.jpeg 1068w, https:\/\/all4camper.com\/wp-content\/uploads\/2022\/10\/2018_05_31_Eppingen_018-1920x1280.jpeg 1920w, https:\/\/all4camper.com\/wp-content\/uploads\/2022\/10\/2018_05_31_Eppingen_018.jpeg 2000w\" sizes=\"auto, (max-width: 1620px) 100vw, 1620px\" \/><\/a><\/figure>\n\n\n\n<p><em>Zdroj: Promobile<\/em><\/p>\n\n\n\n<pre class=\"wp-block-verse\">P\u0159e\u010dtete si dal\u0161\u00ed m\u00e9 \u010dl\u00e1nky z t\u00e9to oblasti - <a href=\"\/cs?cat_ID=2377\" target=\"_blank\" rel=\"noreferrer noopener\">N\u011bmecko<\/a><\/pre>\n","protected":false},"excerpt":{"rendered":"<p>Nap\u0159\u00ed\u010d sedmi spolkov\u00fdmi zem\u011bmi vede v&nbsp;N\u011bmecku 3&nbsp;500 km dlouh\u00e1 stezka vhodn\u00e1 i pro obytn\u00e1 auta, tzv. Fachwerkstra\u00dfe, kter\u00e1 propojuje p\u0159es 100 m\u011bst s&nbsp;hr\u00e1zd\u011bn\u00fdmi domy a pot\u011b\u0161\u00ed nejen milovn\u00edky historie. P\u0159edev\u0161\u00edm te\u010f v&nbsp;zim\u011b m\u00e1 trasa sv\u00e9 nezapomenuteln\u00e9 kouzlo a daj\u00ed se zde spojit n\u00e1dhern\u00e9 kulturn\u00ed z\u00e1\u017eitky se zimn\u00ed turistikou. Labe, L\u00fcnebursk\u00e9 v\u0159esovi\u0161t\u011b a poho\u0159\u00ed Harz (1083 [&hellip;]<\/p>\n","protected":false},"author":4,"featured_media":140889,"comment_status":"closed","ping_status":"open","sticky":false,"template":"","format":"standard","meta":{"_monsterinsights_skip_tracking":false,"_monsterinsights_sitenote_active":false,"_monsterinsights_sitenote_note":"","_monsterinsights_sitenote_category":0,"footnotes":""},"categories":[2377,422],"tags":[97,11694,325],"class_list":{"0":"post-140871","1":"post","2":"type-post","3":"status-publish","4":"format-standard","5":"has-post-thumbnail","7":"category-kempovani-a-cestovani-v-nemecku","8":"category-novinky-kempovani-a-karavaning","9":"tag-nemecko","10":"tag-podzim","11":"tag-poznavaci-dovolena"},"yoast_head":"<!-- This site is optimized with the Yoast SEO plugin v27.5 - https:\/\/yoast.com\/product\/yoast-seo-wordpress\/ -->\n<title>Tip na jaro a podzim. Obytn\u00fdm autem po osmi tras\u00e1ch vedouc\u00edch za st\u0159edov\u011bkou atmosf\u00e9ru n\u011bmeck\u00fdch hr\u00e1zd\u011bn\u00fdch dom\u016f\u00a0 - All4Camper<\/title>\n<meta name=\"description\" content=\"Nap\u0159\u00ed\u010d sedmi spolkov\u00fdmi zem\u011bmi vede v N\u011bmecku 3 500 km dlouh\u00e1 stezka vhodn\u00e1 i pro obytn\u00e1 auta, tzv. Fachwerkstra\u00dfe, kter\u00e1 propojuje p\u0159es 100 m\u011bst s hr\u00e1zd\u011bn\u00fdmi domy a pot\u011b\u0161\u00ed nejen milovn\u00edky historie. P\u0159edev\u0161\u00edm te\u010f v zim\u011b m\u00e1 trasa sv\u00e9 nezapomenuteln\u00e9 kouzlo a daj\u00ed se zde spojit n\u00e1dhern\u00e9 kulturn\u00ed z\u00e1\u017eitky se zimn\u00ed turistikou.\" \/>\n<meta name=\"robots\" content=\"index, follow, max-snippet:-1, max-image-preview:large, max-video-preview:-1\" \/>\n<link rel=\"canonical\" href=\"https:\/\/all4camper.com\/cs\/tip-na-jaro-a-podzim-obytnym-autem-po-osmi-stezkach-vedoucich-za-stredovekou-atmosferu-nemeckych-hrazdenych-domu\/\" \/>\n<meta property=\"og:locale\" content=\"cs_CZ\" \/>\n<meta property=\"og:type\" content=\"article\" \/>\n<meta property=\"og:title\" content=\"Tip na jaro a podzim. Obytn\u00fdm autem po osmi tras\u00e1ch vedouc\u00edch za st\u0159edov\u011bkou atmosf\u00e9ru n\u011bmeck\u00fdch hr\u00e1zd\u011bn\u00fdch dom\u016f\u00a0 - All4Camper\" \/>\n<meta property=\"og:description\" content=\"Nap\u0159\u00ed\u010d sedmi spolkov\u00fdmi zem\u011bmi vede v N\u011bmecku 3 500 km dlouh\u00e1 stezka vhodn\u00e1 i pro obytn\u00e1 auta, tzv. Fachwerkstra\u00dfe, kter\u00e1 propojuje p\u0159es 100 m\u011bst s hr\u00e1zd\u011bn\u00fdmi domy a pot\u011b\u0161\u00ed nejen milovn\u00edky historie. P\u0159edev\u0161\u00edm te\u010f v zim\u011b m\u00e1 trasa sv\u00e9 nezapomenuteln\u00e9 kouzlo a daj\u00ed se zde spojit n\u00e1dhern\u00e9 kulturn\u00ed z\u00e1\u017eitky se zimn\u00ed turistikou.\" \/>\n<meta property=\"og:url\" content=\"https:\/\/all4camper.com\/cs\/tip-na-jaro-a-podzim-obytnym-autem-po-osmi-stezkach-vedoucich-za-stredovekou-atmosferu-nemeckych-hrazdenych-domu\/\" \/>\n<meta property=\"og:site_name\" content=\"All4Camper\" \/>\n<meta property=\"article:published_time\" content=\"2022-10-11T13:54:29+00:00\" \/>\n<meta property=\"article:modified_time\" content=\"2022-10-12T16:33:47+00:00\" \/>\n<meta property=\"og:image\" content=\"https:\/\/all4camper.com\/wp-content\/uploads\/2022\/10\/podzimni\u0301-ne\u030cmecko-stezky.png\" \/>\n\t<meta property=\"og:image:width\" content=\"696\" \/>\n\t<meta property=\"og:image:height\" content=\"392\" \/>\n\t<meta property=\"og:image:type\" content=\"image\/png\" \/>\n<meta name=\"author\" content=\"Kl\u00e1ra H\u00e1jkov\u00e1\" \/>\n<meta name=\"twitter:card\" content=\"summary_large_image\" \/>\n<meta name=\"twitter:label1\" content=\"Napsal(a)\" \/>\n\t<meta name=\"twitter:data1\" content=\"Kl\u00e1ra H\u00e1jkov\u00e1\" \/>\n\t<meta name=\"twitter:label2\" content=\"Odhadovan\u00e1 doba \u010dten\u00ed\" \/>\n\t<meta name=\"twitter:data2\" content=\"6 minut\" \/>\n<script type=\"application\/ld+json\" class=\"yoast-schema-graph\">{\"@context\":\"https:\\\/\\\/schema.org\",\"@graph\":[{\"@type\":\"Article\",\"@id\":\"https:\\\/\\\/all4camper.com\\\/cs\\\/tip-na-jaro-a-podzim-obytnym-autem-po-osmi-stezkach-vedoucich-za-stredovekou-atmosferu-nemeckych-hrazdenych-domu\\\/#article\",\"isPartOf\":{\"@id\":\"https:\\\/\\\/all4camper.com\\\/cs\\\/tip-na-jaro-a-podzim-obytnym-autem-po-osmi-stezkach-vedoucich-za-stredovekou-atmosferu-nemeckych-hrazdenych-domu\\\/\"},\"author\":{\"name\":\"Kl\u00e1ra H\u00e1jkov\u00e1\",\"@id\":\"https:\\\/\\\/all4camper.com\\\/cs\\\/#\\\/schema\\\/person\\\/c6f1efdf1d02bc7d8c53a891cbe18c62\"},\"headline\":\"Tip na jaro a podzim. Obytn\u00fdm autem po osmi tras\u00e1ch vedouc\u00edch za st\u0159edov\u011bkou atmosf\u00e9ru n\u011bmeck\u00fdch hr\u00e1zd\u011bn\u00fdch dom\u016f\u00a0\",\"datePublished\":\"2022-10-11T13:54:29+00:00\",\"dateModified\":\"2022-10-12T16:33:47+00:00\",\"mainEntityOfPage\":{\"@id\":\"https:\\\/\\\/all4camper.com\\\/cs\\\/tip-na-jaro-a-podzim-obytnym-autem-po-osmi-stezkach-vedoucich-za-stredovekou-atmosferu-nemeckych-hrazdenych-domu\\\/\"},\"wordCount\":1247,\"publisher\":{\"@id\":\"https:\\\/\\\/all4camper.com\\\/cs\\\/#organization\"},\"image\":{\"@id\":\"https:\\\/\\\/all4camper.com\\\/cs\\\/tip-na-jaro-a-podzim-obytnym-autem-po-osmi-stezkach-vedoucich-za-stredovekou-atmosferu-nemeckych-hrazdenych-domu\\\/#primaryimage\"},\"thumbnailUrl\":\"https:\\\/\\\/all4camper.com\\\/wp-content\\\/uploads\\\/2022\\\/10\\\/podzimni\u0301-ne\u030cmecko-stezky.png\",\"keywords\":[\"N\u011bmecko\",\"podzim\",\"Pozn\u00e1vac\u00ed dovolen\u00e1\"],\"articleSection\":[\"Kempov\u00e1n\u00ed a cestov\u00e1n\u00ed v N\u011bmecku\",\"Novinky - Kempov\u00e1n\u00ed a karavaning\"],\"inLanguage\":\"cs\"},{\"@type\":\"WebPage\",\"@id\":\"https:\\\/\\\/all4camper.com\\\/cs\\\/tip-na-jaro-a-podzim-obytnym-autem-po-osmi-stezkach-vedoucich-za-stredovekou-atmosferu-nemeckych-hrazdenych-domu\\\/\",\"url\":\"https:\\\/\\\/all4camper.com\\\/cs\\\/tip-na-jaro-a-podzim-obytnym-autem-po-osmi-stezkach-vedoucich-za-stredovekou-atmosferu-nemeckych-hrazdenych-domu\\\/\",\"name\":\"Tip na jaro a podzim. Obytn\u00fdm autem po osmi tras\u00e1ch vedouc\u00edch za st\u0159edov\u011bkou atmosf\u00e9ru n\u011bmeck\u00fdch hr\u00e1zd\u011bn\u00fdch dom\u016f\u00a0 - All4Camper\",\"isPartOf\":{\"@id\":\"https:\\\/\\\/all4camper.com\\\/cs\\\/#website\"},\"primaryImageOfPage\":{\"@id\":\"https:\\\/\\\/all4camper.com\\\/cs\\\/tip-na-jaro-a-podzim-obytnym-autem-po-osmi-stezkach-vedoucich-za-stredovekou-atmosferu-nemeckych-hrazdenych-domu\\\/#primaryimage\"},\"image\":{\"@id\":\"https:\\\/\\\/all4camper.com\\\/cs\\\/tip-na-jaro-a-podzim-obytnym-autem-po-osmi-stezkach-vedoucich-za-stredovekou-atmosferu-nemeckych-hrazdenych-domu\\\/#primaryimage\"},\"thumbnailUrl\":\"https:\\\/\\\/all4camper.com\\\/wp-content\\\/uploads\\\/2022\\\/10\\\/podzimni\u0301-ne\u030cmecko-stezky.png\",\"datePublished\":\"2022-10-11T13:54:29+00:00\",\"dateModified\":\"2022-10-12T16:33:47+00:00\",\"description\":\"Nap\u0159\u00ed\u010d sedmi spolkov\u00fdmi zem\u011bmi vede v N\u011bmecku 3 500 km dlouh\u00e1 stezka vhodn\u00e1 i pro obytn\u00e1 auta, tzv. Fachwerkstra\u00dfe, kter\u00e1 propojuje p\u0159es 100 m\u011bst s hr\u00e1zd\u011bn\u00fdmi domy a pot\u011b\u0161\u00ed nejen milovn\u00edky historie. P\u0159edev\u0161\u00edm te\u010f v zim\u011b m\u00e1 trasa sv\u00e9 nezapomenuteln\u00e9 kouzlo a daj\u00ed se zde spojit n\u00e1dhern\u00e9 kulturn\u00ed z\u00e1\u017eitky se zimn\u00ed turistikou.\",\"breadcrumb\":{\"@id\":\"https:\\\/\\\/all4camper.com\\\/cs\\\/tip-na-jaro-a-podzim-obytnym-autem-po-osmi-stezkach-vedoucich-za-stredovekou-atmosferu-nemeckych-hrazdenych-domu\\\/#breadcrumb\"},\"inLanguage\":\"cs\",\"potentialAction\":[{\"@type\":\"ReadAction\",\"target\":[\"https:\\\/\\\/all4camper.com\\\/cs\\\/tip-na-jaro-a-podzim-obytnym-autem-po-osmi-stezkach-vedoucich-za-stredovekou-atmosferu-nemeckych-hrazdenych-domu\\\/\"]}]},{\"@type\":\"ImageObject\",\"inLanguage\":\"cs\",\"@id\":\"https:\\\/\\\/all4camper.com\\\/cs\\\/tip-na-jaro-a-podzim-obytnym-autem-po-osmi-stezkach-vedoucich-za-stredovekou-atmosferu-nemeckych-hrazdenych-domu\\\/#primaryimage\",\"url\":\"https:\\\/\\\/all4camper.com\\\/wp-content\\\/uploads\\\/2022\\\/10\\\/podzimni\u0301-ne\u030cmecko-stezky.png\",\"contentUrl\":\"https:\\\/\\\/all4camper.com\\\/wp-content\\\/uploads\\\/2022\\\/10\\\/podzimni\u0301-ne\u030cmecko-stezky.png\",\"width\":1640,\"height\":924},{\"@type\":\"BreadcrumbList\",\"@id\":\"https:\\\/\\\/all4camper.com\\\/cs\\\/tip-na-jaro-a-podzim-obytnym-autem-po-osmi-stezkach-vedoucich-za-stredovekou-atmosferu-nemeckych-hrazdenych-domu\\\/#breadcrumb\",\"itemListElement\":[{\"@type\":\"ListItem\",\"position\":1,\"name\":\"Dom\u016f\",\"item\":\"https:\\\/\\\/all4camper.com\\\/cs\\\/\"},{\"@type\":\"ListItem\",\"position\":2,\"name\":\"Novinky - Kempov\u00e1n\u00ed a karavaning\",\"item\":\"https:\\\/\\\/all4camper.com\\\/cs\\\/category\\\/novinky-kempovani-a-karavaning\\\/\"},{\"@type\":\"ListItem\",\"position\":3,\"name\":\"Tip na jaro a podzim. Obytn\u00fdm autem po osmi tras\u00e1ch vedouc\u00edch za st\u0159edov\u011bkou atmosf\u00e9ru n\u011bmeck\u00fdch hr\u00e1zd\u011bn\u00fdch dom\u016f\u00a0\"}]},{\"@type\":\"WebSite\",\"@id\":\"https:\\\/\\\/all4camper.com\\\/cs\\\/#website\",\"url\":\"https:\\\/\\\/all4camper.com\\\/cs\\\/\",\"name\":\"All4Camper\",\"description\":\"Nejv\u011bt\u0161\u00ed online magaz\u00edn o kempov\u00e1n\u00ed a karavaninku. V\u00edce jak 900 \u010dl\u00e1nk\u016f pln\u00fdch rad a tip\u016f o kempech a kempov\u00e1n\u00ed.\",\"publisher\":{\"@id\":\"https:\\\/\\\/all4camper.com\\\/cs\\\/#organization\"},\"potentialAction\":[{\"@type\":\"SearchAction\",\"target\":{\"@type\":\"EntryPoint\",\"urlTemplate\":\"https:\\\/\\\/all4camper.com\\\/cs\\\/?s={search_term_string}\"},\"query-input\":{\"@type\":\"PropertyValueSpecification\",\"valueRequired\":true,\"valueName\":\"search_term_string\"}}],\"inLanguage\":\"cs\"},{\"@type\":\"Organization\",\"@id\":\"https:\\\/\\\/all4camper.com\\\/cs\\\/#organization\",\"name\":\"All4Camper - kempujeme s Kl\u00e1rou\",\"url\":\"https:\\\/\\\/all4camper.com\\\/cs\\\/\",\"logo\":{\"@type\":\"ImageObject\",\"inLanguage\":\"cs\",\"@id\":\"https:\\\/\\\/all4camper.com\\\/cs\\\/#\\\/schema\\\/logo\\\/image\\\/\",\"url\":\"https:\\\/\\\/all4camper.com\\\/wp-content\\\/uploads\\\/2018\\\/09\\\/novelogo.png\",\"contentUrl\":\"https:\\\/\\\/all4camper.com\\\/wp-content\\\/uploads\\\/2018\\\/09\\\/novelogo.png\",\"width\":1520,\"height\":600,\"caption\":\"All4Camper - kempujeme s Kl\u00e1rou\"},\"image\":{\"@id\":\"https:\\\/\\\/all4camper.com\\\/cs\\\/#\\\/schema\\\/logo\\\/image\\\/\"}},{\"@type\":\"Person\",\"@id\":\"https:\\\/\\\/all4camper.com\\\/cs\\\/#\\\/schema\\\/person\\\/c6f1efdf1d02bc7d8c53a891cbe18c62\",\"name\":\"Kl\u00e1ra H\u00e1jkov\u00e1\",\"sameAs\":[\"http:\\\/\\\/www.all4camper.com\"],\"url\":\"https:\\\/\\\/all4camper.com\\\/cs\\\/author\\\/klarinkacestuje1\\\/\"}]}<\/script>\n<!-- \/ Yoast SEO plugin. -->","yoast_head_json":{"title":"Tip na jaro a podzim. Obytn\u00fdm autem po osmi tras\u00e1ch vedouc\u00edch za st\u0159edov\u011bkou atmosf\u00e9ru n\u011bmeck\u00fdch hr\u00e1zd\u011bn\u00fdch dom\u016f\u00a0 - All4Camper","description":"Nap\u0159\u00ed\u010d sedmi spolkov\u00fdmi zem\u011bmi vede v N\u011bmecku 3 500 km dlouh\u00e1 stezka vhodn\u00e1 i pro obytn\u00e1 auta, tzv. Fachwerkstra\u00dfe, kter\u00e1 propojuje p\u0159es 100 m\u011bst s hr\u00e1zd\u011bn\u00fdmi domy a pot\u011b\u0161\u00ed nejen milovn\u00edky historie. P\u0159edev\u0161\u00edm te\u010f v zim\u011b m\u00e1 trasa sv\u00e9 nezapomenuteln\u00e9 kouzlo a daj\u00ed se zde spojit n\u00e1dhern\u00e9 kulturn\u00ed z\u00e1\u017eitky se zimn\u00ed turistikou.","robots":{"index":"index","follow":"follow","max-snippet":"max-snippet:-1","max-image-preview":"max-image-preview:large","max-video-preview":"max-video-preview:-1"},"canonical":"https:\/\/all4camper.com\/cs\/tip-na-jaro-a-podzim-obytnym-autem-po-osmi-stezkach-vedoucich-za-stredovekou-atmosferu-nemeckych-hrazdenych-domu\/","og_locale":"cs_CZ","og_type":"article","og_title":"Tip na jaro a podzim. Obytn\u00fdm autem po osmi tras\u00e1ch vedouc\u00edch za st\u0159edov\u011bkou atmosf\u00e9ru n\u011bmeck\u00fdch hr\u00e1zd\u011bn\u00fdch dom\u016f\u00a0 - All4Camper","og_description":"Nap\u0159\u00ed\u010d sedmi spolkov\u00fdmi zem\u011bmi vede v N\u011bmecku 3 500 km dlouh\u00e1 stezka vhodn\u00e1 i pro obytn\u00e1 auta, tzv. Fachwerkstra\u00dfe, kter\u00e1 propojuje p\u0159es 100 m\u011bst s hr\u00e1zd\u011bn\u00fdmi domy a pot\u011b\u0161\u00ed nejen milovn\u00edky historie. P\u0159edev\u0161\u00edm te\u010f v zim\u011b m\u00e1 trasa sv\u00e9 nezapomenuteln\u00e9 kouzlo a daj\u00ed se zde spojit n\u00e1dhern\u00e9 kulturn\u00ed z\u00e1\u017eitky se zimn\u00ed turistikou.","og_url":"https:\/\/all4camper.com\/cs\/tip-na-jaro-a-podzim-obytnym-autem-po-osmi-stezkach-vedoucich-za-stredovekou-atmosferu-nemeckych-hrazdenych-domu\/","og_site_name":"All4Camper","article_published_time":"2022-10-11T13:54:29+00:00","article_modified_time":"2022-10-12T16:33:47+00:00","og_image":[{"url":"https:\/\/all4camper.com\/wp-content\/uploads\/2022\/10\/podzimni\u0301-ne\u030cmecko-stezky.png","width":696,"height":392,"type":"image\/png"}],"author":"Kl\u00e1ra H\u00e1jkov\u00e1","twitter_card":"summary_large_image","twitter_misc":{"Napsal(a)":"Kl\u00e1ra H\u00e1jkov\u00e1","Odhadovan\u00e1 doba \u010dten\u00ed":"6 minut"},"schema":{"@context":"https:\/\/schema.org","@graph":[{"@type":"Article","@id":"https:\/\/all4camper.com\/cs\/tip-na-jaro-a-podzim-obytnym-autem-po-osmi-stezkach-vedoucich-za-stredovekou-atmosferu-nemeckych-hrazdenych-domu\/#article","isPartOf":{"@id":"https:\/\/all4camper.com\/cs\/tip-na-jaro-a-podzim-obytnym-autem-po-osmi-stezkach-vedoucich-za-stredovekou-atmosferu-nemeckych-hrazdenych-domu\/"},"author":{"name":"Kl\u00e1ra H\u00e1jkov\u00e1","@id":"https:\/\/all4camper.com\/cs\/#\/schema\/person\/c6f1efdf1d02bc7d8c53a891cbe18c62"},"headline":"Tip na jaro a podzim. Obytn\u00fdm autem po osmi tras\u00e1ch vedouc\u00edch za st\u0159edov\u011bkou atmosf\u00e9ru n\u011bmeck\u00fdch hr\u00e1zd\u011bn\u00fdch dom\u016f\u00a0","datePublished":"2022-10-11T13:54:29+00:00","dateModified":"2022-10-12T16:33:47+00:00","mainEntityOfPage":{"@id":"https:\/\/all4camper.com\/cs\/tip-na-jaro-a-podzim-obytnym-autem-po-osmi-stezkach-vedoucich-za-stredovekou-atmosferu-nemeckych-hrazdenych-domu\/"},"wordCount":1247,"publisher":{"@id":"https:\/\/all4camper.com\/cs\/#organization"},"image":{"@id":"https:\/\/all4camper.com\/cs\/tip-na-jaro-a-podzim-obytnym-autem-po-osmi-stezkach-vedoucich-za-stredovekou-atmosferu-nemeckych-hrazdenych-domu\/#primaryimage"},"thumbnailUrl":"https:\/\/all4camper.com\/wp-content\/uploads\/2022\/10\/podzimni\u0301-ne\u030cmecko-stezky.png","keywords":["N\u011bmecko","podzim","Pozn\u00e1vac\u00ed dovolen\u00e1"],"articleSection":["Kempov\u00e1n\u00ed a cestov\u00e1n\u00ed v N\u011bmecku","Novinky - Kempov\u00e1n\u00ed a karavaning"],"inLanguage":"cs"},{"@type":"WebPage","@id":"https:\/\/all4camper.com\/cs\/tip-na-jaro-a-podzim-obytnym-autem-po-osmi-stezkach-vedoucich-za-stredovekou-atmosferu-nemeckych-hrazdenych-domu\/","url":"https:\/\/all4camper.com\/cs\/tip-na-jaro-a-podzim-obytnym-autem-po-osmi-stezkach-vedoucich-za-stredovekou-atmosferu-nemeckych-hrazdenych-domu\/","name":"Tip na jaro a podzim. Obytn\u00fdm autem po osmi tras\u00e1ch vedouc\u00edch za st\u0159edov\u011bkou atmosf\u00e9ru n\u011bmeck\u00fdch hr\u00e1zd\u011bn\u00fdch dom\u016f\u00a0 - All4Camper","isPartOf":{"@id":"https:\/\/all4camper.com\/cs\/#website"},"primaryImageOfPage":{"@id":"https:\/\/all4camper.com\/cs\/tip-na-jaro-a-podzim-obytnym-autem-po-osmi-stezkach-vedoucich-za-stredovekou-atmosferu-nemeckych-hrazdenych-domu\/#primaryimage"},"image":{"@id":"https:\/\/all4camper.com\/cs\/tip-na-jaro-a-podzim-obytnym-autem-po-osmi-stezkach-vedoucich-za-stredovekou-atmosferu-nemeckych-hrazdenych-domu\/#primaryimage"},"thumbnailUrl":"https:\/\/all4camper.com\/wp-content\/uploads\/2022\/10\/podzimni\u0301-ne\u030cmecko-stezky.png","datePublished":"2022-10-11T13:54:29+00:00","dateModified":"2022-10-12T16:33:47+00:00","description":"Nap\u0159\u00ed\u010d sedmi spolkov\u00fdmi zem\u011bmi vede v N\u011bmecku 3 500 km dlouh\u00e1 stezka vhodn\u00e1 i pro obytn\u00e1 auta, tzv. Fachwerkstra\u00dfe, kter\u00e1 propojuje p\u0159es 100 m\u011bst s hr\u00e1zd\u011bn\u00fdmi domy a pot\u011b\u0161\u00ed nejen milovn\u00edky historie. P\u0159edev\u0161\u00edm te\u010f v zim\u011b m\u00e1 trasa sv\u00e9 nezapomenuteln\u00e9 kouzlo a daj\u00ed se zde spojit n\u00e1dhern\u00e9 kulturn\u00ed z\u00e1\u017eitky se zimn\u00ed turistikou.","breadcrumb":{"@id":"https:\/\/all4camper.com\/cs\/tip-na-jaro-a-podzim-obytnym-autem-po-osmi-stezkach-vedoucich-za-stredovekou-atmosferu-nemeckych-hrazdenych-domu\/#breadcrumb"},"inLanguage":"cs","potentialAction":[{"@type":"ReadAction","target":["https:\/\/all4camper.com\/cs\/tip-na-jaro-a-podzim-obytnym-autem-po-osmi-stezkach-vedoucich-za-stredovekou-atmosferu-nemeckych-hrazdenych-domu\/"]}]},{"@type":"ImageObject","inLanguage":"cs","@id":"https:\/\/all4camper.com\/cs\/tip-na-jaro-a-podzim-obytnym-autem-po-osmi-stezkach-vedoucich-za-stredovekou-atmosferu-nemeckych-hrazdenych-domu\/#primaryimage","url":"https:\/\/all4camper.com\/wp-content\/uploads\/2022\/10\/podzimni\u0301-ne\u030cmecko-stezky.png","contentUrl":"https:\/\/all4camper.com\/wp-content\/uploads\/2022\/10\/podzimni\u0301-ne\u030cmecko-stezky.png","width":1640,"height":924},{"@type":"BreadcrumbList","@id":"https:\/\/all4camper.com\/cs\/tip-na-jaro-a-podzim-obytnym-autem-po-osmi-stezkach-vedoucich-za-stredovekou-atmosferu-nemeckych-hrazdenych-domu\/#breadcrumb","itemListElement":[{"@type":"ListItem","position":1,"name":"Dom\u016f","item":"https:\/\/all4camper.com\/cs\/"},{"@type":"ListItem","position":2,"name":"Novinky - Kempov\u00e1n\u00ed a karavaning","item":"https:\/\/all4camper.com\/cs\/category\/novinky-kempovani-a-karavaning\/"},{"@type":"ListItem","position":3,"name":"Tip na jaro a podzim. Obytn\u00fdm autem po osmi tras\u00e1ch vedouc\u00edch za st\u0159edov\u011bkou atmosf\u00e9ru n\u011bmeck\u00fdch hr\u00e1zd\u011bn\u00fdch dom\u016f\u00a0"}]},{"@type":"WebSite","@id":"https:\/\/all4camper.com\/cs\/#website","url":"https:\/\/all4camper.com\/cs\/","name":"All4Camper","description":"Nejv\u011bt\u0161\u00ed online magaz\u00edn o kempov\u00e1n\u00ed a karavaninku. V\u00edce jak 900 \u010dl\u00e1nk\u016f pln\u00fdch rad a tip\u016f o kempech a kempov\u00e1n\u00ed.","publisher":{"@id":"https:\/\/all4camper.com\/cs\/#organization"},"potentialAction":[{"@type":"SearchAction","target":{"@type":"EntryPoint","urlTemplate":"https:\/\/all4camper.com\/cs\/?s={search_term_string}"},"query-input":{"@type":"PropertyValueSpecification","valueRequired":true,"valueName":"search_term_string"}}],"inLanguage":"cs"},{"@type":"Organization","@id":"https:\/\/all4camper.com\/cs\/#organization","name":"All4Camper - kempujeme s Kl\u00e1rou","url":"https:\/\/all4camper.com\/cs\/","logo":{"@type":"ImageObject","inLanguage":"cs","@id":"https:\/\/all4camper.com\/cs\/#\/schema\/logo\/image\/","url":"https:\/\/all4camper.com\/wp-content\/uploads\/2018\/09\/novelogo.png","contentUrl":"https:\/\/all4camper.com\/wp-content\/uploads\/2018\/09\/novelogo.png","width":1520,"height":600,"caption":"All4Camper - kempujeme s Kl\u00e1rou"},"image":{"@id":"https:\/\/all4camper.com\/cs\/#\/schema\/logo\/image\/"}},{"@type":"Person","@id":"https:\/\/all4camper.com\/cs\/#\/schema\/person\/c6f1efdf1d02bc7d8c53a891cbe18c62","name":"Kl\u00e1ra H\u00e1jkov\u00e1","sameAs":["http:\/\/www.all4camper.com"],"url":"https:\/\/all4camper.com\/cs\/author\/klarinkacestuje1\/"}]}},"_links":{"self":[{"href":"https:\/\/all4camper.com\/cs\/wp-json\/wp\/v2\/posts\/140871","targetHints":{"allow":["GET"]}}],"collection":[{"href":"https:\/\/all4camper.com\/cs\/wp-json\/wp\/v2\/posts"}],"about":[{"href":"https:\/\/all4camper.com\/cs\/wp-json\/wp\/v2\/types\/post"}],"author":[{"embeddable":true,"href":"https:\/\/all4camper.com\/cs\/wp-json\/wp\/v2\/users\/4"}],"replies":[{"embeddable":true,"href":"https:\/\/all4camper.com\/cs\/wp-json\/wp\/v2\/comments?post=140871"}],"version-history":[{"count":0,"href":"https:\/\/all4camper.com\/cs\/wp-json\/wp\/v2\/posts\/140871\/revisions"}],"wp:featuredmedia":[{"embeddable":true,"href":"https:\/\/all4camper.com\/cs\/wp-json\/wp\/v2\/media\/140889"}],"wp:attachment":[{"href":"https:\/\/all4camper.com\/cs\/wp-json\/wp\/v2\/media?parent=140871"}],"wp:term":[{"taxonomy":"category","embeddable":true,"href":"https:\/\/all4camper.com\/cs\/wp-json\/wp\/v2\/categories?post=140871"},{"taxonomy":"post_tag","embeddable":true,"href":"https:\/\/all4camper.com\/cs\/wp-json\/wp\/v2\/tags?post=140871"}],"curies":[{"name":"wp","href":"https:\/\/api.w.org\/{rel}","templated":true}]}}