{"id":140749,"date":"2022-10-04T16:18:06","date_gmt":"2022-10-04T14:18:06","guid":{"rendered":"https:\/\/all4camper.com\/\/?p=140749"},"modified":"2022-10-05T10:53:55","modified_gmt":"2022-10-05T08:53:55","slug":"uzasne-kempovani-v-celorocnim-kempu-s-bazenem-v-roznove-pod-radhostem","status":"publish","type":"post","link":"https:\/\/all4camper.com\/cs\/uzasne-kempovani-v-celorocnim-kempu-s-bazenem-v-roznove-pod-radhostem\/","title":{"rendered":"\u00da\u017easn\u00e9 kempov\u00e1n\u00ed v celoro\u010dn\u00edm kempu s baz\u00e9nem v\u00a0Ro\u017enov\u011b pod Radho\u0161t\u011bm"},"content":{"rendered":"\n<p><strong>Podzim je tady a vy mo\u017en\u00e1 zva\u017eujete, kam je\u0161t\u011b tak vyrazit sv\u00fdm karavanem. Jedn\u00edm z&nbsp;kemp\u016f s&nbsp;celoro\u010dn\u00edm provozem pro karavany a obytn\u00e1 auta je jeden z&nbsp;nejl\u00e9pe hodnocen\u00fdch kemp\u016f u n\u00e1s, a to Camping Ro\u017enov. Tento kemp je tak ide\u00e1ln\u00ed volbou pro pl\u00e1nov\u00e1n\u00ed nejen letn\u00ed a podzimn\u00ed dovolen\u00e9, ale poskytuje tak\u00e9 mo\u017enost ubytov\u00e1n\u00ed i pro stana\u0159e, p\u0159\u00edpadn\u011b lze vyu\u017e\u00edt n\u011bkter\u00fd z&nbsp;modern\u00edch apartm\u00e1n\u016f. A jak jinak, okol\u00ed p\u0159\u00edmo vyb\u00edz\u00ed k&nbsp;\u0159ad\u011b proch\u00e1zek a v\u00fdlet\u016f. Tak\u017ee pokud nem\u00e1te tento kraj je\u0161t\u011b prozkouman\u00fd, tak nev\u00e1hejte a dorazte.<\/strong><\/p>\n\n\n\n<figure class=\"wp-block-image size-large is-resized\"><img loading=\"lazy\" decoding=\"async\" src=\"https:\/\/all4camper.com\/\/wp-content\/uploads\/2022\/10\/IMG_20210627_102228-1920x864.jpg\" alt=\"\" class=\"wp-image-140752\" width=\"696\" height=\"313\" srcset=\"https:\/\/all4camper.com\/wp-content\/uploads\/2022\/10\/IMG_20210627_102228-1920x864.jpg 1920w, https:\/\/all4camper.com\/wp-content\/uploads\/2022\/10\/IMG_20210627_102228-300x135.jpg 300w, https:\/\/all4camper.com\/wp-content\/uploads\/2022\/10\/IMG_20210627_102228-150x67.jpg 150w, https:\/\/all4camper.com\/wp-content\/uploads\/2022\/10\/IMG_20210627_102228-768x345.jpg 768w, https:\/\/all4camper.com\/wp-content\/uploads\/2022\/10\/IMG_20210627_102228-1536x691.jpg 1536w, https:\/\/all4camper.com\/wp-content\/uploads\/2022\/10\/IMG_20210627_102228-2048x921.jpg 2048w, https:\/\/all4camper.com\/wp-content\/uploads\/2022\/10\/IMG_20210627_102228-696x313.jpg 696w, https:\/\/all4camper.com\/wp-content\/uploads\/2022\/10\/IMG_20210627_102228-1068x480.jpg 1068w\" sizes=\"auto, (max-width: 696px) 100vw, 696px\" \/><\/figure>\n\n\n\n<p>My m\u00e1me tento kemp a vlastn\u011b cel\u00e9 Ro\u017enovsko a okol\u00ed ve velk\u00e9 oblib\u011b. Proto byla jasn\u00e1 volba kam vyraz\u00edme pod stan. Zvolili jsme v\u00edkendov\u00fd pobyt v&nbsp;\u010dervnu, kdy je\u0161t\u011b kemp nen\u00ed tak kapacitn\u011b vyt\u00ed\u017een jako o pr\u00e1zdninov\u00fdch m\u011bs\u00edc\u00edch a p\u0159itom je u\u017e kr\u00e1sn\u00e9 tepl\u00e9 po\u010das\u00ed, vhodn\u00e9 na koup\u00e1n\u00ed. Na str\u00e1nk\u00e1ch kempu naleznete provozn\u00ed dobu <a href=\"https:\/\/www.camproznov.cz\/kontakty.html\" target=\"_blank\" rel=\"noreferrer noopener\">recepce<\/a>. Ide\u00e1ln\u011b doporu\u010duji si p\u0159edem zavolat a domluvit se, p\u0159\u00edpadn\u011b rezervovat m\u00edsto.&nbsp;<\/p>\n\n\n\n<p>Po p\u0159\u00edjezdu nech\u00e1te vozidlo u hlavn\u00ed br\u00e1ny a zav\u00edt\u00e1te na recepci, kde si domluv\u00edte po\u010det dn\u00ed, kter\u00e9 zde chcete str\u00e1vit a rovnu zaplat\u00edte. Berou i platebn\u00ed karty. Are\u00e1l je rozd\u011blen na n\u011bkolik \u010d\u00e1st\u00ed. Jedna je vyhrazena pro karavanisty, dal\u0161\u00ed jako stanov\u00e1 louka. Celou plochu kempu dopl\u0148uj\u00ed r\u016fzn\u00e9 apartm\u00e1ny a chatky. My vyu\u017e\u00edv\u00e1me p\u011bkn\u00e1 m\u00edsta na stanov\u00e9 louce, kde je mo\u017eno za poplatek vyu\u017e\u00edt elektrickou p\u0159\u00edpojku. <strong>Zde bych r\u00e1d podotknul, \u017ee m\u00edsta pro stan jsou na hezk\u00e9 rovn\u00e9 plo\u0161e, kter\u00e1 je dopln\u011bna stromy, a tak si m\u016f\u017ee ka\u017ed\u00fd vybrat dle libosti.<\/strong> Nav\u00edc, jak u\u017e jsem uvedl d\u0159\u00edve, vyr\u00e1\u017e\u00edme sem p\u0159ed pr\u00e1zdninami kdy je je\u0161t\u011b v\u00fdrazn\u011b voln\u011bji. I kdy\u017e v&nbsp;pr\u016fb\u011bhu p\u00e1te\u010dn\u00edho ve\u010dera dorazila \u0159ada dal\u0161\u00edch n\u00e1v\u0161t\u011bvn\u00edk\u016f.<\/p>\n\n\n\n<figure class=\"wp-block-image size-large is-resized\"><img loading=\"lazy\" decoding=\"async\" src=\"https:\/\/all4camper.com\/\/wp-content\/uploads\/2022\/10\/IMG_20210625_170902-1920x864.jpg\" alt=\"\" class=\"wp-image-140773\" width=\"696\" height=\"313\" srcset=\"https:\/\/all4camper.com\/wp-content\/uploads\/2022\/10\/IMG_20210625_170902-1920x864.jpg 1920w, https:\/\/all4camper.com\/wp-content\/uploads\/2022\/10\/IMG_20210625_170902-300x135.jpg 300w, https:\/\/all4camper.com\/wp-content\/uploads\/2022\/10\/IMG_20210625_170902-150x67.jpg 150w, https:\/\/all4camper.com\/wp-content\/uploads\/2022\/10\/IMG_20210625_170902-768x345.jpg 768w, https:\/\/all4camper.com\/wp-content\/uploads\/2022\/10\/IMG_20210625_170902-1536x691.jpg 1536w, https:\/\/all4camper.com\/wp-content\/uploads\/2022\/10\/IMG_20210625_170902-2048x921.jpg 2048w, https:\/\/all4camper.com\/wp-content\/uploads\/2022\/10\/IMG_20210625_170902-696x313.jpg 696w, https:\/\/all4camper.com\/wp-content\/uploads\/2022\/10\/IMG_20210625_170902-1068x480.jpg 1068w\" sizes=\"auto, (max-width: 696px) 100vw, 696px\" \/><\/figure>\n\n\n\n<p>Karavanist\u00e9 maj\u00ed v&nbsp;kempu sv\u016fj samostatn\u00fd \u00fasek a jednotliv\u00e9 parcely jsou opat\u0159eny p\u0159\u00edpojkami elekt\u0159iny a vody. Nechyb\u00ed pochopiteln\u011b ani v\u00fdlevka odpadn\u00edch vod. Karavanistick\u00e1 z\u00f3na je v&nbsp;okrajov\u00e9 \u010d\u00e1sti kempu, nav\u00edc je zde vybudov\u00e1no jedno ze dvou soci\u00e1ln\u00edch za\u0159\u00edzen\u00ed. Nemus\u00edte tak od karavanu chodit nikam daleko.<\/p>\n\n\n\n<figure class=\"wp-block-gallery has-nested-images columns-default is-cropped wp-block-gallery-1 is-layout-flex wp-block-gallery-is-layout-flex\">\n<figure class=\"wp-block-image size-large\"><a href=\"https:\/\/all4camper.com\/\/cs\/?attachment_id=140779\" target=\"_blank\" rel=\"noopener\"><img loading=\"lazy\" decoding=\"async\" width=\"1024\" height=\"768\" data-id=\"140779\" src=\"https:\/\/all4camper.com\/\/wp-content\/uploads\/2022\/10\/kemp-roz\u030cnov-louka.jpeg\" alt=\"\" class=\"wp-image-140779\" srcset=\"https:\/\/all4camper.com\/wp-content\/uploads\/2022\/10\/kemp-roz\u030cnov-louka.jpeg 1024w, https:\/\/all4camper.com\/wp-content\/uploads\/2022\/10\/kemp-roz\u030cnov-louka-300x225.jpeg 300w, https:\/\/all4camper.com\/wp-content\/uploads\/2022\/10\/kemp-roz\u030cnov-louka-150x113.jpeg 150w, https:\/\/all4camper.com\/wp-content\/uploads\/2022\/10\/kemp-roz\u030cnov-louka-768x576.jpeg 768w, https:\/\/all4camper.com\/wp-content\/uploads\/2022\/10\/kemp-roz\u030cnov-louka-696x522.jpeg 696w\" sizes=\"auto, (max-width: 1024px) 100vw, 1024px\" \/><\/a><\/figure>\n\n\n\n<figure class=\"wp-block-image size-large\"><a href=\"https:\/\/all4camper.com\/\/cs\/?attachment_id=140755\" target=\"_blank\" rel=\"noopener\"><img loading=\"lazy\" decoding=\"async\" width=\"1920\" height=\"864\" data-id=\"140755\" src=\"https:\/\/all4camper.com\/\/wp-content\/uploads\/2022\/10\/IMG_20210625_210033-1920x864.jpg\" alt=\"\" class=\"wp-image-140755\" srcset=\"https:\/\/all4camper.com\/wp-content\/uploads\/2022\/10\/IMG_20210625_210033-1920x864.jpg 1920w, https:\/\/all4camper.com\/wp-content\/uploads\/2022\/10\/IMG_20210625_210033-300x135.jpg 300w, https:\/\/all4camper.com\/wp-content\/uploads\/2022\/10\/IMG_20210625_210033-150x67.jpg 150w, https:\/\/all4camper.com\/wp-content\/uploads\/2022\/10\/IMG_20210625_210033-768x345.jpg 768w, https:\/\/all4camper.com\/wp-content\/uploads\/2022\/10\/IMG_20210625_210033-1536x691.jpg 1536w, https:\/\/all4camper.com\/wp-content\/uploads\/2022\/10\/IMG_20210625_210033-2048x921.jpg 2048w, https:\/\/all4camper.com\/wp-content\/uploads\/2022\/10\/IMG_20210625_210033-696x313.jpg 696w, https:\/\/all4camper.com\/wp-content\/uploads\/2022\/10\/IMG_20210625_210033-1068x480.jpg 1068w\" sizes=\"auto, (max-width: 1920px) 100vw, 1920px\" \/><\/a><\/figure>\n<\/figure>\n\n\n\n<p>Soci\u00e1ln\u00ed za\u0159\u00edzen\u00ed je modern\u00ed a mimo pr\u00e1zdniny m\u00e1te sprchu zdarma. Jinak je t\u0159eba zakoupit na recepci \u017eeton. V&nbsp;dob\u011b na\u0161eho pobytu bylo soci\u00e1ln\u00ed za\u0159\u00edzen\u00ed pravideln\u011b udr\u017eovan\u00e9 a v&nbsp;perfektn\u00ed \u010distot\u011b. Nechyb\u011bl ani f\u00e9n na vysou\u0161en\u00ed vlas\u016f. Vzhledem k&nbsp;dostate\u010dn\u00e9 kapacit\u011b tady nehroz\u00ed, \u017ee budete muset n\u011bjak v\u00fdrazn\u011b \u010dekat, respektive n\u00e1m se to nikdy nestalo. <\/p>\n\n\n\n<p><strong>Pro\u010d pat\u0159\u00ed tento kemp k&nbsp;nejl\u00e9pe hodnocen\u00fdm a v&nbsp;roce 2020 byl dokonce v\u00edt\u011bzem cel\u00e9 ankety?<\/strong> To nejl\u00e9pe posoud\u00edte sami na m\u00edst\u011b. <strong>N\u00e1s oslovilo jak samotn\u00e9 prost\u0159ed\u00ed, tak i perfektn\u00ed z\u00e1zem\u00ed a slu\u017eby, kter\u00e9 tento resort poskytuje. <\/strong>Nap\u0159\u00edklad kuchy\u0148ka, kter\u00e1 je p\u0159\u00edstupn\u00e1 v\u0161em ubytovan\u00fdm. Kompletn\u011b vybaven\u00e1, od va\u0159i\u010d\u016f, p\u0159es mikrovlnn\u00e9 trouby, dopl\u0148kov\u00e9 n\u00e1dob\u00ed, toustova\u010d a dal\u0161\u00ed. Kuchy\u0148ka je perfektn\u011b um\u00edst\u011bn\u00e1 pobl\u00ed\u017e stanov\u00e9 louky, a tak jsme nemuseli se \u0161pinav\u00fdm n\u00e1dob\u00edm nikam daleko.<\/p>\n\n\n\n<figure class=\"wp-block-gallery has-nested-images columns-default is-cropped wp-block-gallery-2 is-layout-flex wp-block-gallery-is-layout-flex\">\n<figure class=\"wp-block-image size-large\"><a href=\"https:\/\/all4camper.com\/\/cs\/?attachment_id=140759\" target=\"_blank\" rel=\"noopener\"><img loading=\"lazy\" decoding=\"async\" width=\"1920\" height=\"864\" data-id=\"140759\" src=\"https:\/\/all4camper.com\/\/wp-content\/uploads\/2022\/10\/IMG_20210625_195412-1920x864.jpg\" alt=\"\" class=\"wp-image-140759\" srcset=\"https:\/\/all4camper.com\/wp-content\/uploads\/2022\/10\/IMG_20210625_195412-1920x864.jpg 1920w, https:\/\/all4camper.com\/wp-content\/uploads\/2022\/10\/IMG_20210625_195412-300x135.jpg 300w, https:\/\/all4camper.com\/wp-content\/uploads\/2022\/10\/IMG_20210625_195412-150x67.jpg 150w, https:\/\/all4camper.com\/wp-content\/uploads\/2022\/10\/IMG_20210625_195412-768x345.jpg 768w, https:\/\/all4camper.com\/wp-content\/uploads\/2022\/10\/IMG_20210625_195412-1536x691.jpg 1536w, https:\/\/all4camper.com\/wp-content\/uploads\/2022\/10\/IMG_20210625_195412-2048x921.jpg 2048w, https:\/\/all4camper.com\/wp-content\/uploads\/2022\/10\/IMG_20210625_195412-696x313.jpg 696w, https:\/\/all4camper.com\/wp-content\/uploads\/2022\/10\/IMG_20210625_195412-1068x480.jpg 1068w\" sizes=\"auto, (max-width: 1920px) 100vw, 1920px\" \/><\/a><\/figure>\n\n\n\n<figure class=\"wp-block-image size-large\"><a href=\"https:\/\/all4camper.com\/\/cs\/?attachment_id=140757\" target=\"_blank\" rel=\"noopener\"><img loading=\"lazy\" decoding=\"async\" width=\"1920\" height=\"864\" data-id=\"140757\" src=\"https:\/\/all4camper.com\/\/wp-content\/uploads\/2022\/10\/IMG_20210625_195348-1920x864.jpg\" alt=\"\" class=\"wp-image-140757\" srcset=\"https:\/\/all4camper.com\/wp-content\/uploads\/2022\/10\/IMG_20210625_195348-1920x864.jpg 1920w, https:\/\/all4camper.com\/wp-content\/uploads\/2022\/10\/IMG_20210625_195348-300x135.jpg 300w, https:\/\/all4camper.com\/wp-content\/uploads\/2022\/10\/IMG_20210625_195348-150x67.jpg 150w, https:\/\/all4camper.com\/wp-content\/uploads\/2022\/10\/IMG_20210625_195348-768x345.jpg 768w, https:\/\/all4camper.com\/wp-content\/uploads\/2022\/10\/IMG_20210625_195348-1536x691.jpg 1536w, https:\/\/all4camper.com\/wp-content\/uploads\/2022\/10\/IMG_20210625_195348-2048x921.jpg 2048w, https:\/\/all4camper.com\/wp-content\/uploads\/2022\/10\/IMG_20210625_195348-696x313.jpg 696w, https:\/\/all4camper.com\/wp-content\/uploads\/2022\/10\/IMG_20210625_195348-1068x480.jpg 1068w\" sizes=\"auto, (max-width: 1920px) 100vw, 1920px\" \/><\/a><\/figure>\n<\/figure>\n\n\n\n<p>Sou\u010d\u00e1st\u00ed tohoto prostoru je i posezen\u00ed, kde si m\u016f\u017eete pokl\u00e1bosit p\u0159i p\u0159\u00edprav\u011b j\u00eddla a za de\u0161tiv\u00e9ho po\u010das\u00ed se zde i uch\u00fdlit do tepla a sucha. Dostupn\u00e9 jsou i z\u00e1suvky, tak\u017ee i mobiln\u00ed telefony zde dostanou v\u0161e pot\u0159ebn\u00e9. Nav\u00edc m\u00e1te p\u0159i p\u0159\u00edprav\u011b j\u00eddla hezk\u00fd v\u00fdhled na stanovou louku a tak jste vlastn\u011b po\u0159\u00e1d v&nbsp;kontaktu. V&nbsp;kuchy\u0148ce se jist\u011b potk\u00e1te s&nbsp;ostatn\u00edmi n\u00e1v\u0161t\u011bvn\u00edky a je to takov\u00e9 centrum pro spole\u010dn\u00e9 sezn\u00e1men\u00ed a kl\u00e1bosen\u00ed.<\/p>\n\n\n\n<figure class=\"wp-block-image size-large\"><img loading=\"lazy\" decoding=\"async\" width=\"1920\" height=\"864\" src=\"https:\/\/all4camper.com\/\/wp-content\/uploads\/2022\/10\/IMG_20210625_195357-1920x864.jpg\" alt=\"\" class=\"wp-image-140761\" srcset=\"https:\/\/all4camper.com\/wp-content\/uploads\/2022\/10\/IMG_20210625_195357-1920x864.jpg 1920w, https:\/\/all4camper.com\/wp-content\/uploads\/2022\/10\/IMG_20210625_195357-300x135.jpg 300w, https:\/\/all4camper.com\/wp-content\/uploads\/2022\/10\/IMG_20210625_195357-150x67.jpg 150w, https:\/\/all4camper.com\/wp-content\/uploads\/2022\/10\/IMG_20210625_195357-768x345.jpg 768w, https:\/\/all4camper.com\/wp-content\/uploads\/2022\/10\/IMG_20210625_195357-1536x691.jpg 1536w, https:\/\/all4camper.com\/wp-content\/uploads\/2022\/10\/IMG_20210625_195357-2048x921.jpg 2048w, https:\/\/all4camper.com\/wp-content\/uploads\/2022\/10\/IMG_20210625_195357-696x313.jpg 696w, https:\/\/all4camper.com\/wp-content\/uploads\/2022\/10\/IMG_20210625_195357-1068x480.jpg 1068w\" sizes=\"auto, (max-width: 1920px) 100vw, 1920px\" \/><\/figure>\n\n\n\n<p>Karavanist\u00e9 a stana\u0159i u\u017e tedy v\u011bd\u00ed, kde zde slo\u017e\u00ed hlavu. Ale pamatujeme i na ty, kte\u0159\u00ed cht\u011bj\u00ed str\u00e1vit dovolenku v&nbsp;apartm\u00e1nech \u010di chatk\u00e1ch. Nebudu zde rozepisovat v\u0161echny varianty, ty najdete na str\u00e1nk\u00e1ch kempu, a \u017ee jich nen\u00ed m\u00e1lo. Jen nap\u00ed\u0161u, \u017ee si m\u016f\u017eete vybrat z&nbsp;kr\u00e1sn\u00fdch apartm\u00e1n\u016f um\u00edst\u011bn\u00fdch p\u0159\u00edmo u baz\u00e9nu nebo zvolit \u00fato\u010di\u0161t\u011b pobl\u00ed\u017e stanov\u00e9 louky. A jsou zde i dal\u0161\u00ed varianty, zde si vybere opravdu ka\u017ed\u00fd. Apartm\u00e1ny Pool, Comfort a Deluxe jsou v&nbsp;provozu celoro\u010dn\u011b.&nbsp;<\/p>\n\n\n\n<figure class=\"wp-block-image size-full\"><img loading=\"lazy\" decoding=\"async\" width=\"1024\" height=\"769\" src=\"https:\/\/all4camper.com\/\/wp-content\/uploads\/2022\/10\/pool-11.jpg\" alt=\"\" class=\"wp-image-140763\" srcset=\"https:\/\/all4camper.com\/wp-content\/uploads\/2022\/10\/pool-11.jpg 1024w, https:\/\/all4camper.com\/wp-content\/uploads\/2022\/10\/pool-11-300x225.jpg 300w, https:\/\/all4camper.com\/wp-content\/uploads\/2022\/10\/pool-11-150x113.jpg 150w, https:\/\/all4camper.com\/wp-content\/uploads\/2022\/10\/pool-11-768x577.jpg 768w, https:\/\/all4camper.com\/wp-content\/uploads\/2022\/10\/pool-11-696x523.jpg 696w\" sizes=\"auto, (max-width: 1024px) 100vw, 1024px\" \/><\/figure>\n\n\n\n<p>Pokud se v\u00e1m zrovna nechce n\u011bco kuchtit, tak m\u016f\u017eete vyu\u017e\u00edt restauraci v&nbsp;centr\u00e1ln\u00ed \u010d\u00e1sti kempu, p\u0159\u00edpadn\u011b si sem jen odsko\u010dit pro jedno to\u010den\u00e9 \u010di posed\u011bt na terase. Po cel\u00fd den je zde nab\u00eddka hotov\u00fdch j\u00eddel a v&nbsp;p\u0159\u00edpadn\u011b chladn\u011bj\u0161\u00edho po\u010das\u00ed lze vyu\u017e\u00edt k&nbsp;posezen\u00ed vnit\u0159n\u00ed prostory restaurace. I zde, stejn\u011b tak jako v&nbsp;cel\u00e9m kempu, je dostate\u010dn\u00e9 pokryt\u00ed sign\u00e1lem WIFI. Vedle restaurace se tak\u00e9 nach\u00e1z\u00ed trampol\u00ednov\u00e9 centrum pro d\u011bti i dosp\u011bl\u00e9, kter\u00e9 je v&nbsp;provozu o pr\u00e1zdnin\u00e1ch. Baz\u00e9n je pro ubytovan\u00e9 zdarma, a tak se zde lze v&nbsp;l\u00e9t\u011b dokonale osv\u011b\u017eit. U baz\u00e9nu je z\u00e1rove\u0148 um\u00edst\u011bna <a href=\"https:\/\/www.hvfree.net\/kamery\/kamera-camping-roznov-p-r\/\" target=\"_blank\" rel=\"noreferrer noopener\">webkamera<\/a>. D\u011bti jist\u011b ocen\u00ed i d\u011btsk\u00e9 h\u0159i\u0161t\u011b, op\u011bt v&nbsp;bezprost\u0159edn\u00ed bl\u00edzkosti baz\u00e9nu a rodi\u010de tak mohou posed\u011bt na terase restaurace a p\u0159itom m\u00edt o d\u011btech dokonal\u00fd p\u0159ehled.&nbsp;<\/p>\n\n\n\n<figure class=\"wp-block-gallery has-nested-images columns-2 is-cropped wp-block-gallery-3 is-layout-flex wp-block-gallery-is-layout-flex\">\n<figure class=\"wp-block-image size-large\"><a href=\"https:\/\/all4camper.com\/\/cs\/?attachment_id=140765\" target=\"_blank\" rel=\"noopener\"><img loading=\"lazy\" decoding=\"async\" width=\"1920\" height=\"864\" data-id=\"140765\" src=\"https:\/\/all4camper.com\/\/wp-content\/uploads\/2022\/10\/IMG_20210626_164704-1920x864.jpg\" alt=\"\" class=\"wp-image-140765\" srcset=\"https:\/\/all4camper.com\/wp-content\/uploads\/2022\/10\/IMG_20210626_164704-1920x864.jpg 1920w, https:\/\/all4camper.com\/wp-content\/uploads\/2022\/10\/IMG_20210626_164704-300x135.jpg 300w, https:\/\/all4camper.com\/wp-content\/uploads\/2022\/10\/IMG_20210626_164704-150x67.jpg 150w, https:\/\/all4camper.com\/wp-content\/uploads\/2022\/10\/IMG_20210626_164704-768x345.jpg 768w, https:\/\/all4camper.com\/wp-content\/uploads\/2022\/10\/IMG_20210626_164704-1536x691.jpg 1536w, https:\/\/all4camper.com\/wp-content\/uploads\/2022\/10\/IMG_20210626_164704-2048x921.jpg 2048w, https:\/\/all4camper.com\/wp-content\/uploads\/2022\/10\/IMG_20210626_164704-696x313.jpg 696w, https:\/\/all4camper.com\/wp-content\/uploads\/2022\/10\/IMG_20210626_164704-1068x480.jpg 1068w\" sizes=\"auto, (max-width: 1920px) 100vw, 1920px\" \/><\/a><\/figure>\n\n\n\n<figure class=\"wp-block-image size-large\"><a href=\"https:\/\/all4camper.com\/\/cs\/?attachment_id=140775\" target=\"_blank\" rel=\"noopener\"><img loading=\"lazy\" decoding=\"async\" width=\"1000\" height=\"750\" data-id=\"140775\" src=\"https:\/\/all4camper.com\/\/wp-content\/uploads\/2022\/10\/minizoo-kemp-radhos\u030ct.jpeg\" alt=\"\" class=\"wp-image-140775\" srcset=\"https:\/\/all4camper.com\/wp-content\/uploads\/2022\/10\/minizoo-kemp-radhos\u030ct.jpeg 1000w, https:\/\/all4camper.com\/wp-content\/uploads\/2022\/10\/minizoo-kemp-radhos\u030ct-300x225.jpeg 300w, https:\/\/all4camper.com\/wp-content\/uploads\/2022\/10\/minizoo-kemp-radhos\u030ct-150x113.jpeg 150w, https:\/\/all4camper.com\/wp-content\/uploads\/2022\/10\/minizoo-kemp-radhos\u030ct-768x576.jpeg 768w, https:\/\/all4camper.com\/wp-content\/uploads\/2022\/10\/minizoo-kemp-radhos\u030ct-696x522.jpeg 696w\" sizes=\"auto, (max-width: 1000px) 100vw, 1000px\" \/><\/a><\/figure>\n\n\n\n<figure class=\"wp-block-image size-large\"><a href=\"https:\/\/all4camper.com\/\/cs\/?attachment_id=140777\" target=\"_blank\" rel=\"noopener\"><img loading=\"lazy\" decoding=\"async\" width=\"1000\" height=\"751\" data-id=\"140777\" src=\"https:\/\/all4camper.com\/\/wp-content\/uploads\/2022\/10\/hr\u030cis\u030cte\u030c-kemp-roz\u030cnov.jpeg\" alt=\"\" class=\"wp-image-140777\" srcset=\"https:\/\/all4camper.com\/wp-content\/uploads\/2022\/10\/hr\u030cis\u030cte\u030c-kemp-roz\u030cnov.jpeg 1000w, https:\/\/all4camper.com\/wp-content\/uploads\/2022\/10\/hr\u030cis\u030cte\u030c-kemp-roz\u030cnov-300x225.jpeg 300w, https:\/\/all4camper.com\/wp-content\/uploads\/2022\/10\/hr\u030cis\u030cte\u030c-kemp-roz\u030cnov-150x113.jpeg 150w, https:\/\/all4camper.com\/wp-content\/uploads\/2022\/10\/hr\u030cis\u030cte\u030c-kemp-roz\u030cnov-768x577.jpeg 768w, https:\/\/all4camper.com\/wp-content\/uploads\/2022\/10\/hr\u030cis\u030cte\u030c-kemp-roz\u030cnov-696x523.jpeg 696w\" sizes=\"auto, (max-width: 1000px) 100vw, 1000px\" \/><\/a><\/figure>\n<\/figure>\n\n\n\n<p>Komu je takov\u00e9 vy\u017eit\u00ed m\u00e1lo, naproti kempu, p\u0159es hlavn\u00ed cestu se nach\u00e1z\u00ed ro\u017enovsk\u00e9 koupali\u0161t\u011b s&nbsp;mnoha atrakcemi. Vstupn\u00e9 lze platit kartou a z&nbsp;kempu tam dojdete za p\u00e1r minut. Dal\u0161\u00ed mo\u017enost\u00ed z\u00e1bavy je sousedn\u00ed Gibon Park, kde si rodina m\u016f\u017ee st\u0159ihnout turnaj v&nbsp;minigolfu, u\u017e\u00edt si lanov\u00e9 centrum v&nbsp;korun\u00e1ch strom\u016f pod dohledem odborn\u00fdch asistent\u016f, trampol\u00ednov\u00e9 centrum a t\u0159eba i aquazorbing. Poplatky za jednotliv\u00e9 atrakce naleznete na webov\u00fdch str\u00e1nk\u00e1ch <a href=\"https:\/\/www.gibon-park.cz\/atrakce\" target=\"_blank\" rel=\"noreferrer noopener\">Gibon Parku<\/a>, kter\u00fd je v&nbsp;provozu od za\u010d\u00e1tku dubna do konce \u0159\u00edjna. Sou\u010d\u00e1st\u00ed are\u00e1lu je i restaurace s&nbsp;bohatou nab\u00eddkou j\u00eddla a n\u00e1poj\u016f.<\/p>\n\n\n\n<figure class=\"wp-block-gallery has-nested-images columns-default is-cropped wp-block-gallery-4 is-layout-flex wp-block-gallery-is-layout-flex\">\n<figure class=\"wp-block-image size-large\"><img loading=\"lazy\" decoding=\"async\" width=\"486\" height=\"1080\" data-id=\"140767\" src=\"https:\/\/all4camper.com\/\/wp-content\/uploads\/2022\/10\/IMG_20210626_115649-486x1080.jpg\" alt=\"\" class=\"wp-image-140767\" srcset=\"https:\/\/all4camper.com\/wp-content\/uploads\/2022\/10\/IMG_20210626_115649-486x1080.jpg 486w, https:\/\/all4camper.com\/wp-content\/uploads\/2022\/10\/IMG_20210626_115649-135x300.jpg 135w, https:\/\/all4camper.com\/wp-content\/uploads\/2022\/10\/IMG_20210626_115649-67x150.jpg 67w, https:\/\/all4camper.com\/wp-content\/uploads\/2022\/10\/IMG_20210626_115649-768x1707.jpg 768w, https:\/\/all4camper.com\/wp-content\/uploads\/2022\/10\/IMG_20210626_115649-691x1536.jpg 691w, https:\/\/all4camper.com\/wp-content\/uploads\/2022\/10\/IMG_20210626_115649-921x2048.jpg 921w, https:\/\/all4camper.com\/wp-content\/uploads\/2022\/10\/IMG_20210626_115649-150x333.jpg 150w, https:\/\/all4camper.com\/wp-content\/uploads\/2022\/10\/IMG_20210626_115649-300x667.jpg 300w, https:\/\/all4camper.com\/wp-content\/uploads\/2022\/10\/IMG_20210626_115649-696x1547.jpg 696w, https:\/\/all4camper.com\/wp-content\/uploads\/2022\/10\/IMG_20210626_115649-1068x2374.jpg 1068w, https:\/\/all4camper.com\/wp-content\/uploads\/2022\/10\/IMG_20210626_115649-1920x4268.jpg 1920w, https:\/\/all4camper.com\/wp-content\/uploads\/2022\/10\/IMG_20210626_115649-scaled.jpg 1152w\" sizes=\"auto, (max-width: 486px) 100vw, 486px\" \/><\/figure>\n\n\n\n<figure class=\"wp-block-image size-large\"><img loading=\"lazy\" decoding=\"async\" width=\"486\" height=\"1080\" data-id=\"140769\" src=\"https:\/\/all4camper.com\/\/wp-content\/uploads\/2022\/10\/IMG_20220626_113902-486x1080.jpg\" alt=\"\" class=\"wp-image-140769\" srcset=\"https:\/\/all4camper.com\/wp-content\/uploads\/2022\/10\/IMG_20220626_113902-486x1080.jpg 486w, https:\/\/all4camper.com\/wp-content\/uploads\/2022\/10\/IMG_20220626_113902-135x300.jpg 135w, https:\/\/all4camper.com\/wp-content\/uploads\/2022\/10\/IMG_20220626_113902-67x150.jpg 67w, https:\/\/all4camper.com\/wp-content\/uploads\/2022\/10\/IMG_20220626_113902-768x1707.jpg 768w, https:\/\/all4camper.com\/wp-content\/uploads\/2022\/10\/IMG_20220626_113902-691x1536.jpg 691w, https:\/\/all4camper.com\/wp-content\/uploads\/2022\/10\/IMG_20220626_113902-921x2048.jpg 921w, https:\/\/all4camper.com\/wp-content\/uploads\/2022\/10\/IMG_20220626_113902-150x333.jpg 150w, https:\/\/all4camper.com\/wp-content\/uploads\/2022\/10\/IMG_20220626_113902-300x667.jpg 300w, https:\/\/all4camper.com\/wp-content\/uploads\/2022\/10\/IMG_20220626_113902-696x1547.jpg 696w, https:\/\/all4camper.com\/wp-content\/uploads\/2022\/10\/IMG_20220626_113902-1068x2374.jpg 1068w, https:\/\/all4camper.com\/wp-content\/uploads\/2022\/10\/IMG_20220626_113902-1920x4268.jpg 1920w, https:\/\/all4camper.com\/wp-content\/uploads\/2022\/10\/IMG_20220626_113902-scaled.jpg 1152w\" sizes=\"auto, (max-width: 486px) 100vw, 486px\" \/><\/figure>\n<\/figure>\n\n\n\n<p>P\u0159\u00edjemn\u00fd ve\u010der pak m\u016f\u017eete str\u00e1vit t\u0159eba grilov\u00e1n\u00edm, v&nbsp;are\u00e1lu kempu je n\u011bkolik voln\u011b dostupn\u00fdch vyzd\u011bn\u00fdch gril\u016f s&nbsp;posezen\u00edm, tak\u00e9 klasick\u00e9 ohni\u0161t\u011b a pro fajn\u0161mekry je tady speci\u00e1ln\u00ed Gril Srub, kter\u00fd si m\u016f\u017eete za poplatek pronajmout a u\u017e\u00edt si zde b\u00e1je\u010dn\u00fd ve\u010der ve v\u011bt\u0161\u00ed spole\u010dnosti.<\/p>\n\n\n\n<figure class=\"wp-block-image size-full\"><img loading=\"lazy\" decoding=\"async\" width=\"1024\" height=\"683\" src=\"https:\/\/all4camper.com\/\/wp-content\/uploads\/2022\/10\/gril-srub-2.jpg\" alt=\"\" class=\"wp-image-140771\" srcset=\"https:\/\/all4camper.com\/wp-content\/uploads\/2022\/10\/gril-srub-2.jpg 1024w, https:\/\/all4camper.com\/wp-content\/uploads\/2022\/10\/gril-srub-2-300x200.jpg 300w, https:\/\/all4camper.com\/wp-content\/uploads\/2022\/10\/gril-srub-2-150x100.jpg 150w, https:\/\/all4camper.com\/wp-content\/uploads\/2022\/10\/gril-srub-2-768x512.jpg 768w, https:\/\/all4camper.com\/wp-content\/uploads\/2022\/10\/gril-srub-2-696x464.jpg 696w\" sizes=\"auto, (max-width: 1024px) 100vw, 1024px\" \/><\/figure>\n\n\n\n<p>Camping Ro\u017enov je opravdu jeden z&nbsp;nejl\u00e9pe vybaven\u00fdch u n\u00e1s a my se sem velice r\u00e1di ka\u017edoro\u010dn\u011b vrac\u00edme. Nejde jen o samotn\u00fd kemp, ale i o \u00fa\u017easn\u00e9 okol\u00ed, kter\u00e9 vyb\u00edz\u00ed k&nbsp;\u0159ad\u011b v\u00fdlet\u016f za pozn\u00e1n\u00edm. Dal\u0161\u00ed tipy najdete v&nbsp;m\u00e9m minul\u00e9m \u010dl\u00e1nku <a href=\"\/cs?p=89810\" target=\"_blank\" rel=\"noreferrer noopener\">zde<\/a>. Pokud v\u00e1s \u010dl\u00e1nek zaujal a nal\u00e1kal, tak nev\u00e1hejte. Nebudete litovat.&nbsp;<\/p>\n","protected":false},"excerpt":{"rendered":"<p>Podzim je tady a vy mo\u017en\u00e1 zva\u017eujete, kam je\u0161t\u011b tak vyrazit sv\u00fdm karavanem. Jedn\u00edm z&nbsp;kemp\u016f s&nbsp;celoro\u010dn\u00edm provozem pro karavany a obytn\u00e1 auta je jeden z&nbsp;nejl\u00e9pe hodnocen\u00fdch kemp\u016f u n\u00e1s, a to Camping Ro\u017enov. Tento kemp je tak ide\u00e1ln\u00ed volbou pro pl\u00e1nov\u00e1n\u00ed nejen letn\u00ed a podzimn\u00ed dovolen\u00e9, ale poskytuje tak\u00e9 mo\u017enost ubytov\u00e1n\u00ed i pro stana\u0159e, p\u0159\u00edpadn\u011b [&hellip;]<\/p>\n","protected":false},"author":381,"featured_media":140779,"comment_status":"closed","ping_status":"open","sticky":false,"template":"","format":"standard","meta":{"_monsterinsights_skip_tracking":false,"_monsterinsights_sitenote_active":false,"_monsterinsights_sitenote_note":"","_monsterinsights_sitenote_category":0,"footnotes":""},"categories":[364,68,422,11685],"tags":[89,101,354,380,321],"class_list":{"0":"post-140749","1":"post","2":"type-post","3":"status-publish","4":"format-standard","5":"has-post-thumbnail","7":"category-cestujeme-a-kempujeme-v-cr","8":"category-kempovani-a-zajimave-cile","9":"category-novinky-kempovani-a-karavaning","10":"category-top-kempy","11":"tag-aquapark","12":"tag-kempy-1","13":"tag-morava","14":"tag-topkempy","15":"tag-winter-camping"},"yoast_head":"<!-- This site is optimized with the Yoast SEO plugin v27.5 - https:\/\/yoast.com\/product\/yoast-seo-wordpress\/ -->\n<title>\u00da\u017easn\u00e9 kempov\u00e1n\u00ed v celoro\u010dn\u00edm kempu s baz\u00e9nem v\u00a0Ro\u017enov\u011b pod Radho\u0161t\u011bm - All4Camper<\/title>\n<meta name=\"description\" content=\"Jedn\u00edm z\u00a0kemp\u016f s\u00a0celoro\u010dn\u00edm provozem pro karavany a obytn\u00e1 auta je jeden z\u00a0nejl\u00e9pe hodnocen\u00fdch kemp\u016f u n\u00e1s, a to Camping Ro\u017enov. Tento kemp je tak ide\u00e1ln\u00ed volbou pro pl\u00e1nov\u00e1n\u00ed nejen letn\u00ed a podzimn\u00ed dovolen\u00e9, ale poskytuje tak\u00e9 mo\u017enost ubytov\u00e1n\u00ed i pro stana\u0159e, p\u0159\u00edpadn\u011b lze vyu\u017e\u00edt n\u011bkter\u00fd z\u00a0modern\u00edch apartm\u00e1n\u016f.\" \/>\n<meta name=\"robots\" content=\"index, follow, max-snippet:-1, max-image-preview:large, max-video-preview:-1\" \/>\n<link rel=\"canonical\" href=\"https:\/\/all4camper.com\/cs\/uzasne-kempovani-v-celorocnim-kempu-s-bazenem-v-roznove-pod-radhostem\/\" \/>\n<meta property=\"og:locale\" content=\"cs_CZ\" \/>\n<meta property=\"og:type\" content=\"article\" \/>\n<meta property=\"og:title\" content=\"\u00da\u017easn\u00e9 kempov\u00e1n\u00ed v celoro\u010dn\u00edm kempu s baz\u00e9nem v\u00a0Ro\u017enov\u011b pod Radho\u0161t\u011bm - All4Camper\" \/>\n<meta property=\"og:description\" content=\"Jedn\u00edm z\u00a0kemp\u016f s\u00a0celoro\u010dn\u00edm provozem pro karavany a obytn\u00e1 auta je jeden z\u00a0nejl\u00e9pe hodnocen\u00fdch kemp\u016f u n\u00e1s, a to Camping Ro\u017enov. Tento kemp je tak ide\u00e1ln\u00ed volbou pro pl\u00e1nov\u00e1n\u00ed nejen letn\u00ed a podzimn\u00ed dovolen\u00e9, ale poskytuje tak\u00e9 mo\u017enost ubytov\u00e1n\u00ed i pro stana\u0159e, p\u0159\u00edpadn\u011b lze vyu\u017e\u00edt n\u011bkter\u00fd z\u00a0modern\u00edch apartm\u00e1n\u016f.\" \/>\n<meta property=\"og:url\" content=\"https:\/\/all4camper.com\/cs\/uzasne-kempovani-v-celorocnim-kempu-s-bazenem-v-roznove-pod-radhostem\/\" \/>\n<meta property=\"og:site_name\" content=\"All4Camper\" \/>\n<meta property=\"article:published_time\" content=\"2022-10-04T14:18:06+00:00\" \/>\n<meta property=\"article:modified_time\" content=\"2022-10-05T08:53:55+00:00\" \/>\n<meta property=\"og:image\" content=\"https:\/\/all4camper.com\/wp-content\/uploads\/2022\/10\/kemp-roz\u030cnov-louka.jpeg\" \/>\n\t<meta property=\"og:image:width\" content=\"1024\" \/>\n\t<meta property=\"og:image:height\" content=\"768\" \/>\n\t<meta property=\"og:image:type\" content=\"image\/jpeg\" \/>\n<meta name=\"author\" content=\"Ivo Pavelek\" \/>\n<meta name=\"twitter:card\" content=\"summary_large_image\" \/>\n<meta name=\"twitter:label1\" content=\"Napsal(a)\" \/>\n\t<meta name=\"twitter:data1\" content=\"Ivo Pavelek\" \/>\n\t<meta name=\"twitter:label2\" content=\"Odhadovan\u00e1 doba \u010dten\u00ed\" \/>\n\t<meta name=\"twitter:data2\" content=\"8 minut\" \/>\n<script type=\"application\/ld+json\" class=\"yoast-schema-graph\">{\"@context\":\"https:\\\/\\\/schema.org\",\"@graph\":[{\"@type\":\"Article\",\"@id\":\"https:\\\/\\\/all4camper.com\\\/cs\\\/uzasne-kempovani-v-celorocnim-kempu-s-bazenem-v-roznove-pod-radhostem\\\/#article\",\"isPartOf\":{\"@id\":\"https:\\\/\\\/all4camper.com\\\/cs\\\/uzasne-kempovani-v-celorocnim-kempu-s-bazenem-v-roznove-pod-radhostem\\\/\"},\"author\":{\"name\":\"Ivo Pavelek\",\"@id\":\"https:\\\/\\\/all4camper.com\\\/cs\\\/#\\\/schema\\\/person\\\/a6387842443a2105d550878fdd898965\"},\"headline\":\"\u00da\u017easn\u00e9 kempov\u00e1n\u00ed v celoro\u010dn\u00edm kempu s baz\u00e9nem v\u00a0Ro\u017enov\u011b pod Radho\u0161t\u011bm\",\"datePublished\":\"2022-10-04T14:18:06+00:00\",\"dateModified\":\"2022-10-05T08:53:55+00:00\",\"mainEntityOfPage\":{\"@id\":\"https:\\\/\\\/all4camper.com\\\/cs\\\/uzasne-kempovani-v-celorocnim-kempu-s-bazenem-v-roznove-pod-radhostem\\\/\"},\"wordCount\":1283,\"publisher\":{\"@id\":\"https:\\\/\\\/all4camper.com\\\/cs\\\/#organization\"},\"image\":{\"@id\":\"https:\\\/\\\/all4camper.com\\\/cs\\\/uzasne-kempovani-v-celorocnim-kempu-s-bazenem-v-roznove-pod-radhostem\\\/#primaryimage\"},\"thumbnailUrl\":\"https:\\\/\\\/all4camper.com\\\/wp-content\\\/uploads\\\/2022\\\/10\\\/kemp-roz\u030cnov-louka.jpeg\",\"keywords\":[\"aquapark\",\"Kempy a kempovac\u00ed m\u00edsta\",\"Morava\",\"TOPkempy\",\"Zimn\u00ed kempov\u00e1n\u00ed\"],\"articleSection\":[\"Cestujeme a kempujeme v \u010cR\",\"Kempy a zaj\u00edmav\u00e1 m\u00edsta\",\"Novinky - Kempov\u00e1n\u00ed a karavaning\",\"TOP kempy\"],\"inLanguage\":\"cs\"},{\"@type\":\"WebPage\",\"@id\":\"https:\\\/\\\/all4camper.com\\\/cs\\\/uzasne-kempovani-v-celorocnim-kempu-s-bazenem-v-roznove-pod-radhostem\\\/\",\"url\":\"https:\\\/\\\/all4camper.com\\\/cs\\\/uzasne-kempovani-v-celorocnim-kempu-s-bazenem-v-roznove-pod-radhostem\\\/\",\"name\":\"\u00da\u017easn\u00e9 kempov\u00e1n\u00ed v celoro\u010dn\u00edm kempu s baz\u00e9nem v\u00a0Ro\u017enov\u011b pod Radho\u0161t\u011bm - All4Camper\",\"isPartOf\":{\"@id\":\"https:\\\/\\\/all4camper.com\\\/cs\\\/#website\"},\"primaryImageOfPage\":{\"@id\":\"https:\\\/\\\/all4camper.com\\\/cs\\\/uzasne-kempovani-v-celorocnim-kempu-s-bazenem-v-roznove-pod-radhostem\\\/#primaryimage\"},\"image\":{\"@id\":\"https:\\\/\\\/all4camper.com\\\/cs\\\/uzasne-kempovani-v-celorocnim-kempu-s-bazenem-v-roznove-pod-radhostem\\\/#primaryimage\"},\"thumbnailUrl\":\"https:\\\/\\\/all4camper.com\\\/wp-content\\\/uploads\\\/2022\\\/10\\\/kemp-roz\u030cnov-louka.jpeg\",\"datePublished\":\"2022-10-04T14:18:06+00:00\",\"dateModified\":\"2022-10-05T08:53:55+00:00\",\"description\":\"Jedn\u00edm z\u00a0kemp\u016f s\u00a0celoro\u010dn\u00edm provozem pro karavany a obytn\u00e1 auta je jeden z\u00a0nejl\u00e9pe hodnocen\u00fdch kemp\u016f u n\u00e1s, a to Camping Ro\u017enov. Tento kemp je tak ide\u00e1ln\u00ed volbou pro pl\u00e1nov\u00e1n\u00ed nejen letn\u00ed a podzimn\u00ed dovolen\u00e9, ale poskytuje tak\u00e9 mo\u017enost ubytov\u00e1n\u00ed i pro stana\u0159e, p\u0159\u00edpadn\u011b lze vyu\u017e\u00edt n\u011bkter\u00fd z\u00a0modern\u00edch apartm\u00e1n\u016f.\",\"breadcrumb\":{\"@id\":\"https:\\\/\\\/all4camper.com\\\/cs\\\/uzasne-kempovani-v-celorocnim-kempu-s-bazenem-v-roznove-pod-radhostem\\\/#breadcrumb\"},\"inLanguage\":\"cs\",\"potentialAction\":[{\"@type\":\"ReadAction\",\"target\":[\"https:\\\/\\\/all4camper.com\\\/cs\\\/uzasne-kempovani-v-celorocnim-kempu-s-bazenem-v-roznove-pod-radhostem\\\/\"]}]},{\"@type\":\"ImageObject\",\"inLanguage\":\"cs\",\"@id\":\"https:\\\/\\\/all4camper.com\\\/cs\\\/uzasne-kempovani-v-celorocnim-kempu-s-bazenem-v-roznove-pod-radhostem\\\/#primaryimage\",\"url\":\"https:\\\/\\\/all4camper.com\\\/wp-content\\\/uploads\\\/2022\\\/10\\\/kemp-roz\u030cnov-louka.jpeg\",\"contentUrl\":\"https:\\\/\\\/all4camper.com\\\/wp-content\\\/uploads\\\/2022\\\/10\\\/kemp-roz\u030cnov-louka.jpeg\",\"width\":1024,\"height\":768},{\"@type\":\"BreadcrumbList\",\"@id\":\"https:\\\/\\\/all4camper.com\\\/cs\\\/uzasne-kempovani-v-celorocnim-kempu-s-bazenem-v-roznove-pod-radhostem\\\/#breadcrumb\",\"itemListElement\":[{\"@type\":\"ListItem\",\"position\":1,\"name\":\"Dom\u016f\",\"item\":\"https:\\\/\\\/all4camper.com\\\/cs\\\/\"},{\"@type\":\"ListItem\",\"position\":2,\"name\":\"Novinky - Kempov\u00e1n\u00ed a karavaning\",\"item\":\"https:\\\/\\\/all4camper.com\\\/cs\\\/category\\\/novinky-kempovani-a-karavaning\\\/\"},{\"@type\":\"ListItem\",\"position\":3,\"name\":\"\u00da\u017easn\u00e9 kempov\u00e1n\u00ed v celoro\u010dn\u00edm kempu s baz\u00e9nem v\u00a0Ro\u017enov\u011b pod Radho\u0161t\u011bm\"}]},{\"@type\":\"WebSite\",\"@id\":\"https:\\\/\\\/all4camper.com\\\/cs\\\/#website\",\"url\":\"https:\\\/\\\/all4camper.com\\\/cs\\\/\",\"name\":\"All4Camper\",\"description\":\"Nejv\u011bt\u0161\u00ed online magaz\u00edn o kempov\u00e1n\u00ed a karavaninku. V\u00edce jak 900 \u010dl\u00e1nk\u016f pln\u00fdch rad a tip\u016f o kempech a kempov\u00e1n\u00ed.\",\"publisher\":{\"@id\":\"https:\\\/\\\/all4camper.com\\\/cs\\\/#organization\"},\"potentialAction\":[{\"@type\":\"SearchAction\",\"target\":{\"@type\":\"EntryPoint\",\"urlTemplate\":\"https:\\\/\\\/all4camper.com\\\/cs\\\/?s={search_term_string}\"},\"query-input\":{\"@type\":\"PropertyValueSpecification\",\"valueRequired\":true,\"valueName\":\"search_term_string\"}}],\"inLanguage\":\"cs\"},{\"@type\":\"Organization\",\"@id\":\"https:\\\/\\\/all4camper.com\\\/cs\\\/#organization\",\"name\":\"All4Camper - kempujeme s Kl\u00e1rou\",\"url\":\"https:\\\/\\\/all4camper.com\\\/cs\\\/\",\"logo\":{\"@type\":\"ImageObject\",\"inLanguage\":\"cs\",\"@id\":\"https:\\\/\\\/all4camper.com\\\/cs\\\/#\\\/schema\\\/logo\\\/image\\\/\",\"url\":\"https:\\\/\\\/all4camper.com\\\/wp-content\\\/uploads\\\/2018\\\/09\\\/novelogo.png\",\"contentUrl\":\"https:\\\/\\\/all4camper.com\\\/wp-content\\\/uploads\\\/2018\\\/09\\\/novelogo.png\",\"width\":1520,\"height\":600,\"caption\":\"All4Camper - kempujeme s Kl\u00e1rou\"},\"image\":{\"@id\":\"https:\\\/\\\/all4camper.com\\\/cs\\\/#\\\/schema\\\/logo\\\/image\\\/\"}},{\"@type\":\"Person\",\"@id\":\"https:\\\/\\\/all4camper.com\\\/cs\\\/#\\\/schema\\\/person\\\/a6387842443a2105d550878fdd898965\",\"name\":\"Ivo Pavelek\",\"url\":\"https:\\\/\\\/all4camper.com\\\/cs\\\/author\\\/ivopavelek\\\/\"}]}<\/script>\n<!-- \/ Yoast SEO plugin. -->","yoast_head_json":{"title":"\u00da\u017easn\u00e9 kempov\u00e1n\u00ed v celoro\u010dn\u00edm kempu s baz\u00e9nem v\u00a0Ro\u017enov\u011b pod Radho\u0161t\u011bm - All4Camper","description":"Jedn\u00edm z\u00a0kemp\u016f s\u00a0celoro\u010dn\u00edm provozem pro karavany a obytn\u00e1 auta je jeden z\u00a0nejl\u00e9pe hodnocen\u00fdch kemp\u016f u n\u00e1s, a to Camping Ro\u017enov. Tento kemp je tak ide\u00e1ln\u00ed volbou pro pl\u00e1nov\u00e1n\u00ed nejen letn\u00ed a podzimn\u00ed dovolen\u00e9, ale poskytuje tak\u00e9 mo\u017enost ubytov\u00e1n\u00ed i pro stana\u0159e, p\u0159\u00edpadn\u011b lze vyu\u017e\u00edt n\u011bkter\u00fd z\u00a0modern\u00edch apartm\u00e1n\u016f.","robots":{"index":"index","follow":"follow","max-snippet":"max-snippet:-1","max-image-preview":"max-image-preview:large","max-video-preview":"max-video-preview:-1"},"canonical":"https:\/\/all4camper.com\/cs\/uzasne-kempovani-v-celorocnim-kempu-s-bazenem-v-roznove-pod-radhostem\/","og_locale":"cs_CZ","og_type":"article","og_title":"\u00da\u017easn\u00e9 kempov\u00e1n\u00ed v celoro\u010dn\u00edm kempu s baz\u00e9nem v\u00a0Ro\u017enov\u011b pod Radho\u0161t\u011bm - All4Camper","og_description":"Jedn\u00edm z\u00a0kemp\u016f s\u00a0celoro\u010dn\u00edm provozem pro karavany a obytn\u00e1 auta je jeden z\u00a0nejl\u00e9pe hodnocen\u00fdch kemp\u016f u n\u00e1s, a to Camping Ro\u017enov. Tento kemp je tak ide\u00e1ln\u00ed volbou pro pl\u00e1nov\u00e1n\u00ed nejen letn\u00ed a podzimn\u00ed dovolen\u00e9, ale poskytuje tak\u00e9 mo\u017enost ubytov\u00e1n\u00ed i pro stana\u0159e, p\u0159\u00edpadn\u011b lze vyu\u017e\u00edt n\u011bkter\u00fd z\u00a0modern\u00edch apartm\u00e1n\u016f.","og_url":"https:\/\/all4camper.com\/cs\/uzasne-kempovani-v-celorocnim-kempu-s-bazenem-v-roznove-pod-radhostem\/","og_site_name":"All4Camper","article_published_time":"2022-10-04T14:18:06+00:00","article_modified_time":"2022-10-05T08:53:55+00:00","og_image":[{"width":1024,"height":768,"url":"https:\/\/all4camper.com\/wp-content\/uploads\/2022\/10\/kemp-roz\u030cnov-louka.jpeg","type":"image\/jpeg"}],"author":"Ivo Pavelek","twitter_card":"summary_large_image","twitter_misc":{"Napsal(a)":"Ivo Pavelek","Odhadovan\u00e1 doba \u010dten\u00ed":"8 minut"},"schema":{"@context":"https:\/\/schema.org","@graph":[{"@type":"Article","@id":"https:\/\/all4camper.com\/cs\/uzasne-kempovani-v-celorocnim-kempu-s-bazenem-v-roznove-pod-radhostem\/#article","isPartOf":{"@id":"https:\/\/all4camper.com\/cs\/uzasne-kempovani-v-celorocnim-kempu-s-bazenem-v-roznove-pod-radhostem\/"},"author":{"name":"Ivo Pavelek","@id":"https:\/\/all4camper.com\/cs\/#\/schema\/person\/a6387842443a2105d550878fdd898965"},"headline":"\u00da\u017easn\u00e9 kempov\u00e1n\u00ed v celoro\u010dn\u00edm kempu s baz\u00e9nem v\u00a0Ro\u017enov\u011b pod Radho\u0161t\u011bm","datePublished":"2022-10-04T14:18:06+00:00","dateModified":"2022-10-05T08:53:55+00:00","mainEntityOfPage":{"@id":"https:\/\/all4camper.com\/cs\/uzasne-kempovani-v-celorocnim-kempu-s-bazenem-v-roznove-pod-radhostem\/"},"wordCount":1283,"publisher":{"@id":"https:\/\/all4camper.com\/cs\/#organization"},"image":{"@id":"https:\/\/all4camper.com\/cs\/uzasne-kempovani-v-celorocnim-kempu-s-bazenem-v-roznove-pod-radhostem\/#primaryimage"},"thumbnailUrl":"https:\/\/all4camper.com\/wp-content\/uploads\/2022\/10\/kemp-roz\u030cnov-louka.jpeg","keywords":["aquapark","Kempy a kempovac\u00ed m\u00edsta","Morava","TOPkempy","Zimn\u00ed kempov\u00e1n\u00ed"],"articleSection":["Cestujeme a kempujeme v \u010cR","Kempy a zaj\u00edmav\u00e1 m\u00edsta","Novinky - Kempov\u00e1n\u00ed a karavaning","TOP kempy"],"inLanguage":"cs"},{"@type":"WebPage","@id":"https:\/\/all4camper.com\/cs\/uzasne-kempovani-v-celorocnim-kempu-s-bazenem-v-roznove-pod-radhostem\/","url":"https:\/\/all4camper.com\/cs\/uzasne-kempovani-v-celorocnim-kempu-s-bazenem-v-roznove-pod-radhostem\/","name":"\u00da\u017easn\u00e9 kempov\u00e1n\u00ed v celoro\u010dn\u00edm kempu s baz\u00e9nem v\u00a0Ro\u017enov\u011b pod Radho\u0161t\u011bm - All4Camper","isPartOf":{"@id":"https:\/\/all4camper.com\/cs\/#website"},"primaryImageOfPage":{"@id":"https:\/\/all4camper.com\/cs\/uzasne-kempovani-v-celorocnim-kempu-s-bazenem-v-roznove-pod-radhostem\/#primaryimage"},"image":{"@id":"https:\/\/all4camper.com\/cs\/uzasne-kempovani-v-celorocnim-kempu-s-bazenem-v-roznove-pod-radhostem\/#primaryimage"},"thumbnailUrl":"https:\/\/all4camper.com\/wp-content\/uploads\/2022\/10\/kemp-roz\u030cnov-louka.jpeg","datePublished":"2022-10-04T14:18:06+00:00","dateModified":"2022-10-05T08:53:55+00:00","description":"Jedn\u00edm z\u00a0kemp\u016f s\u00a0celoro\u010dn\u00edm provozem pro karavany a obytn\u00e1 auta je jeden z\u00a0nejl\u00e9pe hodnocen\u00fdch kemp\u016f u n\u00e1s, a to Camping Ro\u017enov. Tento kemp je tak ide\u00e1ln\u00ed volbou pro pl\u00e1nov\u00e1n\u00ed nejen letn\u00ed a podzimn\u00ed dovolen\u00e9, ale poskytuje tak\u00e9 mo\u017enost ubytov\u00e1n\u00ed i pro stana\u0159e, p\u0159\u00edpadn\u011b lze vyu\u017e\u00edt n\u011bkter\u00fd z\u00a0modern\u00edch apartm\u00e1n\u016f.","breadcrumb":{"@id":"https:\/\/all4camper.com\/cs\/uzasne-kempovani-v-celorocnim-kempu-s-bazenem-v-roznove-pod-radhostem\/#breadcrumb"},"inLanguage":"cs","potentialAction":[{"@type":"ReadAction","target":["https:\/\/all4camper.com\/cs\/uzasne-kempovani-v-celorocnim-kempu-s-bazenem-v-roznove-pod-radhostem\/"]}]},{"@type":"ImageObject","inLanguage":"cs","@id":"https:\/\/all4camper.com\/cs\/uzasne-kempovani-v-celorocnim-kempu-s-bazenem-v-roznove-pod-radhostem\/#primaryimage","url":"https:\/\/all4camper.com\/wp-content\/uploads\/2022\/10\/kemp-roz\u030cnov-louka.jpeg","contentUrl":"https:\/\/all4camper.com\/wp-content\/uploads\/2022\/10\/kemp-roz\u030cnov-louka.jpeg","width":1024,"height":768},{"@type":"BreadcrumbList","@id":"https:\/\/all4camper.com\/cs\/uzasne-kempovani-v-celorocnim-kempu-s-bazenem-v-roznove-pod-radhostem\/#breadcrumb","itemListElement":[{"@type":"ListItem","position":1,"name":"Dom\u016f","item":"https:\/\/all4camper.com\/cs\/"},{"@type":"ListItem","position":2,"name":"Novinky - Kempov\u00e1n\u00ed a karavaning","item":"https:\/\/all4camper.com\/cs\/category\/novinky-kempovani-a-karavaning\/"},{"@type":"ListItem","position":3,"name":"\u00da\u017easn\u00e9 kempov\u00e1n\u00ed v celoro\u010dn\u00edm kempu s baz\u00e9nem v\u00a0Ro\u017enov\u011b pod Radho\u0161t\u011bm"}]},{"@type":"WebSite","@id":"https:\/\/all4camper.com\/cs\/#website","url":"https:\/\/all4camper.com\/cs\/","name":"All4Camper","description":"Nejv\u011bt\u0161\u00ed online magaz\u00edn o kempov\u00e1n\u00ed a karavaninku. V\u00edce jak 900 \u010dl\u00e1nk\u016f pln\u00fdch rad a tip\u016f o kempech a kempov\u00e1n\u00ed.","publisher":{"@id":"https:\/\/all4camper.com\/cs\/#organization"},"potentialAction":[{"@type":"SearchAction","target":{"@type":"EntryPoint","urlTemplate":"https:\/\/all4camper.com\/cs\/?s={search_term_string}"},"query-input":{"@type":"PropertyValueSpecification","valueRequired":true,"valueName":"search_term_string"}}],"inLanguage":"cs"},{"@type":"Organization","@id":"https:\/\/all4camper.com\/cs\/#organization","name":"All4Camper - kempujeme s Kl\u00e1rou","url":"https:\/\/all4camper.com\/cs\/","logo":{"@type":"ImageObject","inLanguage":"cs","@id":"https:\/\/all4camper.com\/cs\/#\/schema\/logo\/image\/","url":"https:\/\/all4camper.com\/wp-content\/uploads\/2018\/09\/novelogo.png","contentUrl":"https:\/\/all4camper.com\/wp-content\/uploads\/2018\/09\/novelogo.png","width":1520,"height":600,"caption":"All4Camper - kempujeme s Kl\u00e1rou"},"image":{"@id":"https:\/\/all4camper.com\/cs\/#\/schema\/logo\/image\/"}},{"@type":"Person","@id":"https:\/\/all4camper.com\/cs\/#\/schema\/person\/a6387842443a2105d550878fdd898965","name":"Ivo Pavelek","url":"https:\/\/all4camper.com\/cs\/author\/ivopavelek\/"}]}},"_links":{"self":[{"href":"https:\/\/all4camper.com\/cs\/wp-json\/wp\/v2\/posts\/140749","targetHints":{"allow":["GET"]}}],"collection":[{"href":"https:\/\/all4camper.com\/cs\/wp-json\/wp\/v2\/posts"}],"about":[{"href":"https:\/\/all4camper.com\/cs\/wp-json\/wp\/v2\/types\/post"}],"author":[{"embeddable":true,"href":"https:\/\/all4camper.com\/cs\/wp-json\/wp\/v2\/users\/381"}],"replies":[{"embeddable":true,"href":"https:\/\/all4camper.com\/cs\/wp-json\/wp\/v2\/comments?post=140749"}],"version-history":[{"count":0,"href":"https:\/\/all4camper.com\/cs\/wp-json\/wp\/v2\/posts\/140749\/revisions"}],"wp:featuredmedia":[{"embeddable":true,"href":"https:\/\/all4camper.com\/cs\/wp-json\/wp\/v2\/media\/140779"}],"wp:attachment":[{"href":"https:\/\/all4camper.com\/cs\/wp-json\/wp\/v2\/media?parent=140749"}],"wp:term":[{"taxonomy":"category","embeddable":true,"href":"https:\/\/all4camper.com\/cs\/wp-json\/wp\/v2\/categories?post=140749"},{"taxonomy":"post_tag","embeddable":true,"href":"https:\/\/all4camper.com\/cs\/wp-json\/wp\/v2\/tags?post=140749"}],"curies":[{"name":"wp","href":"https:\/\/api.w.org\/{rel}","templated":true}]}}