{"id":140621,"date":"2022-09-21T10:43:24","date_gmt":"2022-09-21T08:43:24","guid":{"rendered":"https:\/\/all4camper.com\/\/?p=140621"},"modified":"2022-09-21T10:43:29","modified_gmt":"2022-09-21T08:43:29","slug":"10-prirodnich-termalnich-pramenu-napric-evropou","status":"publish","type":"post","link":"https:\/\/all4camper.com\/cs\/10-prirodnich-termalnich-pramenu-napric-evropou\/","title":{"rendered":"10 p\u0159\u00edrodn\u00edch term\u00e1ln\u00edch pramen\u016f nap\u0159\u00ed\u010d Evropou"},"content":{"rendered":"\n<p><strong>Term\u00e1ln\u00ed prameny obsahuj\u00ed vysok\u00e9 mno\u017estv\u00ed miner\u00e1ln\u00edch l\u00e1tek, kter\u00e9 zm\u00edr\u0148uj\u00ed zdravotn\u00ed obt\u00ed\u017ee od onemocn\u011bn\u00ed d\u00fdchac\u00edch cest a\u017e po ko\u017en\u00ed probl\u00e9my. Z\u00e1rove\u0148 jsou skv\u011bl\u00fdm m\u00edstem na relaxaci, co\u017e z&nbsp;nich d\u011bl\u00e1 obl\u00edben\u00fd c\u00edl mnoha cestovatel\u016f. P\u0159\u00edrodn\u00ed hork\u00e9 prameny nejsou jen dominantou Islandu, ale najdete je nap\u0159\u00ed\u010d celou Evropou. Obvykle vznikaj\u00ed v&nbsp;bl\u00edzkosti sopek nebo v&nbsp;m\u00edstech, kde se voda oh\u0159\u00edv\u00e1 ve velk\u00e9 hloubce pod zem\u00ed.<\/strong><\/p>\n\n\n\n<p><strong>Term\u00e1ln\u00ed l\u00e1zn\u011b Gell\u00e9rt, Ma\u010farsko<\/strong><\/p>\n\n\n\n<p>Historie ma\u010farsk\u00fdch term\u00e1ln\u00ed l\u00e1zn\u00ed za\u010dala u\u017e zhruba p\u0159ed dv\u011bma tis\u00edci lety, kdy\u017e je tu zalo\u017eili \u0158\u00edman\u00e9. Jen v&nbsp;Budape\u0161ti je v&nbsp;sou\u010dasn\u00e9 dob\u011b asi 120 hork\u00fdch pramen\u016f. Na \u00fapat\u00ed kopce Gell\u00e9rt se nach\u00e1z\u00ed stejnojmenn\u00e9 l\u00e1zn\u011b p\u0159\u00edmo u Dunaje, kter\u00e9 pat\u0159\u00ed k&nbsp;nejzn\u00e1m\u011bj\u0161\u00edm. V&nbsp;obrovsk\u00e9m zast\u0159e\u0161en\u00e9m baz\u00e9n\u011b se tu m\u016f\u017eete vykoupat ve vod\u011b o 36 \u00b0C. K&nbsp;dispozici jsou ale i dal\u0161\u00ed vnit\u0159n\u00ed i venkovn\u00ed baz\u00e9ny, ve kter\u00fdch teplota dosahuje 42 \u00b0C. Zaj\u00edmavost\u00ed je, \u017ee a\u017e do roku 2005 byly tyto term\u00e1ln\u00ed l\u00e1zn\u011b otev\u0159en\u00e9 pouze pro mu\u017ee, ale dnes do nich maj\u00ed p\u0159\u00edstup v\u0161ichni.(<a href=\"https:\/\/www.gellertfurdo.hu\/\" target=\"_blank\" rel=\"noreferrer noopener\">gellertfurdo.hu<\/a>)<\/p>\n\n\n\n<figure class=\"wp-block-image size-large is-resized\"><img loading=\"lazy\" decoding=\"async\" src=\"https:\/\/all4camper.com\/\/wp-content\/uploads\/2022\/09\/Gellert-therme-1440x1080.jpeg\" alt=\"\" class=\"wp-image-140629\" width=\"696\" height=\"522\" srcset=\"https:\/\/all4camper.com\/wp-content\/uploads\/2022\/09\/Gellert-therme-1440x1080.jpeg 1440w, https:\/\/all4camper.com\/wp-content\/uploads\/2022\/09\/Gellert-therme-300x225.jpeg 300w, https:\/\/all4camper.com\/wp-content\/uploads\/2022\/09\/Gellert-therme-150x113.jpeg 150w, https:\/\/all4camper.com\/wp-content\/uploads\/2022\/09\/Gellert-therme-768x576.jpeg 768w, https:\/\/all4camper.com\/wp-content\/uploads\/2022\/09\/Gellert-therme-1536x1152.jpeg 1536w, https:\/\/all4camper.com\/wp-content\/uploads\/2022\/09\/Gellert-therme-696x522.jpeg 696w, https:\/\/all4camper.com\/wp-content\/uploads\/2022\/09\/Gellert-therme-1068x801.jpeg 1068w, https:\/\/all4camper.com\/wp-content\/uploads\/2022\/09\/Gellert-therme-1920x1440.jpeg 1920w, https:\/\/all4camper.com\/wp-content\/uploads\/2022\/09\/Gellert-therme.jpeg 2048w\" sizes=\"auto, (max-width: 696px) 100vw, 696px\" \/><figcaption>Foto: facebook <a href=\"https:\/\/www.gellertfurdo.hu\/\" target=\"_blank\" rel=\"noreferrer noopener\">gellertfurdo<\/a><\/figcaption><\/figure>\n\n\n\n<p><strong>Jezero H\u00e9v\u00edz, Ma\u010farsko<\/strong><\/p>\n\n\n\n<p>Ma\u010farsk\u00e9 jezero H\u00e9v\u00edz m\u00e1 rozlohu 4,5 hektaru, tak\u017ee se jedn\u00e1 o nejv\u011bt\u0161\u00ed p\u0159\u00edrodn\u00ed term\u00e1ln\u00ed jezero na sv\u011bt\u011b. Voda tu m\u00e1 cel\u00fd rok p\u0159\u00edjemn\u00fdch 24\u201332 \u00b0C. Jezero nap\u00e1jej\u00ed hork\u00e9 prameny vyv\u011braj\u00edc\u00ed z&nbsp;hloubky 38 metr\u016f a zdej\u0161\u00ed voda obsahuje spoustu l\u00e1tek, v\u010detn\u011b s\u00edry, radia a v\u00e1pn\u00edku, kter\u00e9 jsou vhodn\u00e9 p\u0159i revmatu, bolestech kloub\u016f a ko\u017en\u00edch pot\u00ed\u017e\u00edch. Pit\u00ed t\u00e9to vody pom\u00e1h\u00e1 proti za\u017e\u00edvac\u00edm pot\u00ed\u017e\u00edm. Na jezero je z\u00e1rove\u0148 n\u00e1dhern\u00e1 pod\u00edvan\u00e1, proto\u017ee d\u00edky tepl\u00e9 vod\u011b na n\u011bm roste lotos a lekn\u00edny. (<a href=\"https:\/\/www.heviz.hu\/de\" target=\"_blank\" rel=\"noreferrer noopener\">heviz.hu<\/a>)<\/p>\n\n\n\n<figure class=\"wp-block-embed is-type-video is-provider-youtube wp-block-embed-youtube wp-embed-aspect-16-9 wp-has-aspect-ratio\"><div class=\"wp-block-embed__wrapper\">\n<iframe loading=\"lazy\" title=\"Bad Heviz 2020 - Fr\u00fchling\" width=\"696\" height=\"392\" src=\"https:\/\/www.youtube.com\/embed\/h4Ggxh9KPcY?feature=oembed\" frameborder=\"0\" allow=\"accelerometer; autoplay; clipboard-write; encrypted-media; gyroscope; picture-in-picture\" allowfullscreen><\/iframe>\n<\/div><\/figure>\n\n\n\n<p><strong>Velingrad, Bulharsko<\/strong><\/p>\n\n\n\n<p>Bulharsk\u00e9 m\u011bsto Velingrad pat\u0159\u00ed k&nbsp;m\u00edst\u016fm s&nbsp;jednou z&nbsp;nejv\u011bt\u0161\u00edch koncentrac\u00ed tepl\u00fdch pramen\u016f na sv\u011bt\u011b. Nach\u00e1z\u00ed se jich tu v\u00edce ne\u017e devades\u00e1t. Teplota vody se tu pohybuje od 28 do 86 \u00b0C. D\u00edky miner\u00e1l\u016fm, radonu, kyseliny k\u0159emi\u010dit\u00e9 a fluoru je zdej\u0161\u00ed voda vhodn\u00e1 pro l\u00e9\u010dbu \u0161irok\u00e9 \u0161k\u00e1ly onemocn\u011bn\u00ed. V&nbsp;t\u00e9to oblasti se tak\u00e9 nach\u00e1z\u00ed nejv\u011bt\u0161\u00ed krasov\u00fd pramen v&nbsp;Bulharsku, Kleptusa, ze kter\u00e9ho ka\u017edou vte\u0159inu vyv\u011br\u00e1 p\u0159es 500 litr\u016f vody. <strong>Ta je ov\u0161em studen\u00e1<\/strong>.(<a href=\"https:\/\/campingvelingrad.com\/\" target=\"_blank\" rel=\"noreferrer noopener\">campingvelingrad.com<\/a>, <a href=\"https:\/\/bulgariatravel.org\/kleptuza\/\" target=\"_blank\" rel=\"noreferrer noopener\">bulgariatravel\/kleptuza<\/a>, <a href=\"http:\/\/tic.velingrad.bg\/\" target=\"_blank\" rel=\"noreferrer noopener\">velingrad.bg<\/a>)<\/p>\n\n\n\n<p><strong>Cascate del Mulino, It\u00e1lie<\/strong><\/p>\n\n\n\n<p>V&nbsp;mal\u00e9 vesni\u010dce Saturnia v&nbsp;Tosk\u00e1nsku najdete dal\u0161\u00ed hork\u00fd pramen. Vodop\u00e1d z&nbsp;p\u0159\u00edrodn\u00edho pramene Cascate del Mulino st\u00e9k\u00e1 do t\u016fn\u00ed na \u00fapat\u00ed sopky Monta Amiata. Koupat se zde m\u016f\u017eete zdarma. Teplota zdej\u0161\u00ed sirn\u00e9 vody, kter\u00e1 pom\u00e1h\u00e1 p\u0159i kloubn\u00edch a ko\u017en\u00edch pot\u00ed\u017e\u00edch, je p\u0159\u00edjemn\u00fdch 37 \u00b0C. (<a href=\"https:\/\/lecascatedisaturnia.com\/\" target=\"_blank\" rel=\"noreferrer noopener\">lecascatedisaturnia.com<\/a>)<\/p>\n\n\n\n<figure class=\"wp-block-gallery has-nested-images columns-default is-cropped wp-block-gallery-1 is-layout-flex wp-block-gallery-is-layout-flex\">\n<figure class=\"wp-block-image size-large\"><img loading=\"lazy\" decoding=\"async\" width=\"960\" height=\"491\" data-id=\"140626\" src=\"https:\/\/all4camper.com\/\/wp-content\/uploads\/2022\/09\/saturnia.jpeg\" alt=\"\" class=\"wp-image-140626\" srcset=\"https:\/\/all4camper.com\/wp-content\/uploads\/2022\/09\/saturnia.jpeg 960w, https:\/\/all4camper.com\/wp-content\/uploads\/2022\/09\/saturnia-300x153.jpeg 300w, https:\/\/all4camper.com\/wp-content\/uploads\/2022\/09\/saturnia-150x77.jpeg 150w, https:\/\/all4camper.com\/wp-content\/uploads\/2022\/09\/saturnia-768x393.jpeg 768w, https:\/\/all4camper.com\/wp-content\/uploads\/2022\/09\/saturnia-696x356.jpeg 696w\" sizes=\"auto, (max-width: 960px) 100vw, 960px\" \/><\/figure>\n<\/figure>\n\n\n\n<p><strong>Pamukkale, Turecko<\/strong><\/p>\n\n\n\n<p>V\u00a0z\u00e1padn\u00edm Turecku pat\u0159\u00ed k\u00a0jedn\u00e9 z\u00a0nejobl\u00edben\u011bj\u0161\u00edch destinac\u00ed mal\u00e9 m\u011bste\u010dko Pamukkale, ve kter\u00e9m najdete soln\u00e9 terasy a n\u011bkolik hork\u00fdch pramen\u016f s\u00a0teplotou vody, kter\u00e1 dosahuje a\u017e 30 \u00b0C. Vysok\u00fd obsah v\u00e1pna ve zdej\u0161\u00ed vod\u011b zm\u00edr\u0148uje revmatismus a probl\u00e9my s\u00a0krevn\u00edm ob\u011bhem a srdcem. Jedn\u00e1 se o n\u00e1dhern\u00e9 m\u00edsto, kter\u00e9 je dokonce zaps\u00e1no na seznamu sv\u011btov\u00e9ho kulturn\u00edho d\u011bdictv\u00ed UNESCO. (<a href=\"https:\/\/cs.wikipedia.org\/wiki\/Pamukkale\" target=\"_blank\" rel=\"noreferrer noopener\">Pamukkale<\/a>)<\/p>\n\n\n\n<figure class=\"wp-block-image size-large\"><img loading=\"lazy\" decoding=\"async\" width=\"1602\" height=\"1080\" src=\"https:\/\/all4camper.com\/\/wp-content\/uploads\/2022\/09\/Pamukkale-1602x1080.jpg\" alt=\"\" class=\"wp-image-140635\" srcset=\"https:\/\/all4camper.com\/wp-content\/uploads\/2022\/09\/Pamukkale-1602x1080.jpg 1602w, https:\/\/all4camper.com\/wp-content\/uploads\/2022\/09\/Pamukkale-300x202.jpg 300w, https:\/\/all4camper.com\/wp-content\/uploads\/2022\/09\/Pamukkale-150x101.jpg 150w, https:\/\/all4camper.com\/wp-content\/uploads\/2022\/09\/Pamukkale-768x518.jpg 768w, https:\/\/all4camper.com\/wp-content\/uploads\/2022\/09\/Pamukkale-1536x1035.jpg 1536w, https:\/\/all4camper.com\/wp-content\/uploads\/2022\/09\/Pamukkale-696x469.jpg 696w, https:\/\/all4camper.com\/wp-content\/uploads\/2022\/09\/Pamukkale-1068x720.jpg 1068w, https:\/\/all4camper.com\/wp-content\/uploads\/2022\/09\/Pamukkale.jpg 1920w\" sizes=\"auto, (max-width: 1602px) 100vw, 1602px\" \/><\/figure>\n\n\n\n<p><strong>Leukerbad, \u0160v\u00fdcarsko<\/strong><\/p>\n\n\n\n<p>Ve \u0160v\u00fdcarsk\u00e9 oblasti Valais najdete term\u00e1ln\u00ed l\u00e1zn\u011b Leukerbad. Ka\u017ed\u00fd den tu na povrch vyv\u011br\u00e1 3,9 milionu litr\u016f hork\u00e9 vody a oblast je nejv\u011bt\u0161\u00edm wellness centrem ve \u0160v\u00fdcarsku, proto\u017ee se tu nach\u00e1z\u00ed 65 pramen\u016f. Mnoh\u00e9 hotely v&nbsp;okol\u00ed tyto prameny vyu\u017e\u00edvaj\u00ed jako wellness. Voda tu m\u00e1 51 \u00b0C a m\u00e1 l\u00e9\u010debn\u00e9 \u00fa\u010dinky, proto v&nbsp;Leukerbadu vzniklo l\u00e9\u010debn\u00e9 rehabilita\u010dn\u00ed centrum. <a href=\"https:\/\/www.leukerbad.ch\/therme\" target=\"_blank\" rel=\"noreferrer noopener\">(leukerbad.ch<\/a>)<\/p>\n\n\n\n<figure class=\"wp-block-image size-large is-resized\"><img loading=\"lazy\" decoding=\"async\" src=\"https:\/\/all4camper.com\/\/wp-content\/uploads\/2022\/09\/LB2020_LeuTherme-1620x1080.jpeg\" alt=\"\" class=\"wp-image-140633\" width=\"696\" height=\"464\" srcset=\"https:\/\/all4camper.com\/wp-content\/uploads\/2022\/09\/LB2020_LeuTherme-1620x1080.jpeg 1620w, https:\/\/all4camper.com\/wp-content\/uploads\/2022\/09\/LB2020_LeuTherme-300x200.jpeg 300w, https:\/\/all4camper.com\/wp-content\/uploads\/2022\/09\/LB2020_LeuTherme-150x100.jpeg 150w, https:\/\/all4camper.com\/wp-content\/uploads\/2022\/09\/LB2020_LeuTherme-768x512.jpeg 768w, https:\/\/all4camper.com\/wp-content\/uploads\/2022\/09\/LB2020_LeuTherme-1536x1024.jpeg 1536w, https:\/\/all4camper.com\/wp-content\/uploads\/2022\/09\/LB2020_LeuTherme-696x464.jpeg 696w, https:\/\/all4camper.com\/wp-content\/uploads\/2022\/09\/LB2020_LeuTherme-1068x712.jpeg 1068w, https:\/\/all4camper.com\/wp-content\/uploads\/2022\/09\/LB2020_LeuTherme-1920x1280.jpeg 1920w, https:\/\/all4camper.com\/wp-content\/uploads\/2022\/09\/LB2020_LeuTherme.jpeg 2000w\" sizes=\"auto, (max-width: 696px) 100vw, 696px\" \/><figcaption>Zdroj: https:\/\/leukerbad.ch\/<\/figcaption><\/figure>\n\n\n\n<p><strong>Modr\u00e1 laguna, Island<\/strong><\/p>\n\n\n\n<p>Island je sv\u00fdmi term\u00e1ln\u00edmi prameny proslul\u00fd a jeho Modr\u00e1 laguna (Blue Lagoon) v&nbsp;bl\u00edzkosti Reykjav\u00edku pat\u0159\u00ed k&nbsp;nejobl\u00edben\u011bj\u0161\u00edm islandsk\u00fdm destinac\u00edm. Voda ve zdej\u0161\u00ed lagun\u011b je p\u0159\u00edrodn\u00ed a obsahuje r\u016fzn\u00e9 druhy \u0159as, soli a miner\u00e1l\u016f. I v&nbsp;zim\u011b tu m\u00e1 voda teplotu mezi 37 a\u017e 42 \u00b0C a za jej\u00ed n\u00e1dhern\u00e9 modr\u00e9 zbarven\u00ed m\u016f\u017ee k\u0159em\u00edk.<\/p>\n\n\n\n<figure class=\"wp-block-gallery has-nested-images columns-default is-cropped wp-block-gallery-2 is-layout-flex wp-block-gallery-is-layout-flex\">\n<figure class=\"wp-block-image size-large\"><img loading=\"lazy\" decoding=\"async\" width=\"864\" height=\"1080\" data-id=\"140624\" src=\"https:\/\/all4camper.com\/\/wp-content\/uploads\/2022\/09\/bluelagoon1-864x1080.jpeg\" alt=\"\" class=\"wp-image-140624\" srcset=\"https:\/\/all4camper.com\/wp-content\/uploads\/2022\/09\/bluelagoon1-864x1080.jpeg 864w, https:\/\/all4camper.com\/wp-content\/uploads\/2022\/09\/bluelagoon1-240x300.jpeg 240w, https:\/\/all4camper.com\/wp-content\/uploads\/2022\/09\/bluelagoon1-120x150.jpeg 120w, https:\/\/all4camper.com\/wp-content\/uploads\/2022\/09\/bluelagoon1-768x960.jpeg 768w, https:\/\/all4camper.com\/wp-content\/uploads\/2022\/09\/bluelagoon1-150x188.jpeg 150w, https:\/\/all4camper.com\/wp-content\/uploads\/2022\/09\/bluelagoon1-300x375.jpeg 300w, https:\/\/all4camper.com\/wp-content\/uploads\/2022\/09\/bluelagoon1-696x870.jpeg 696w, https:\/\/all4camper.com\/wp-content\/uploads\/2022\/09\/bluelagoon1-1068x1335.jpeg 1068w, https:\/\/all4camper.com\/wp-content\/uploads\/2022\/09\/bluelagoon1.jpeg 1080w\" sizes=\"auto, (max-width: 864px) 100vw, 864px\" \/><figcaption>foto: facebook BlueLagoonIceland<\/figcaption><\/figure>\n\n\n\n<figure class=\"wp-block-image size-large\"><img loading=\"lazy\" decoding=\"async\" width=\"864\" height=\"1080\" data-id=\"140622\" src=\"https:\/\/all4camper.com\/\/wp-content\/uploads\/2022\/09\/bluelagoon2-864x1080.jpeg\" alt=\"\" class=\"wp-image-140622\" srcset=\"https:\/\/all4camper.com\/wp-content\/uploads\/2022\/09\/bluelagoon2-864x1080.jpeg 864w, https:\/\/all4camper.com\/wp-content\/uploads\/2022\/09\/bluelagoon2-240x300.jpeg 240w, https:\/\/all4camper.com\/wp-content\/uploads\/2022\/09\/bluelagoon2-120x150.jpeg 120w, https:\/\/all4camper.com\/wp-content\/uploads\/2022\/09\/bluelagoon2-768x960.jpeg 768w, https:\/\/all4camper.com\/wp-content\/uploads\/2022\/09\/bluelagoon2-150x188.jpeg 150w, https:\/\/all4camper.com\/wp-content\/uploads\/2022\/09\/bluelagoon2-300x375.jpeg 300w, https:\/\/all4camper.com\/wp-content\/uploads\/2022\/09\/bluelagoon2-696x870.jpeg 696w, https:\/\/all4camper.com\/wp-content\/uploads\/2022\/09\/bluelagoon2-1068x1335.jpeg 1068w, https:\/\/all4camper.com\/wp-content\/uploads\/2022\/09\/bluelagoon2.jpeg 1080w\" sizes=\"auto, (max-width: 864px) 100vw, 864px\" \/><figcaption>foto: facebook BlueLagoonIceland<\/figcaption><\/figure>\n<\/figure>\n\n\n\n<p>Sama laguna v\u0161ak nen\u00ed p\u0159\u00edrodn\u00edho p\u016fvodu, proto\u017ee vznikla p\u0159i stavb\u011b nedalek\u00e9 geoterm\u00e1ln\u00ed elektr\u00e1rny. Hork\u00e1 voda je zde \u010derp\u00e1na z\u00a0podzem\u00ed a pak st\u00e9k\u00e1 do okoln\u00edch l\u00e1vov\u00fdch pol\u00ed. Prvn\u00ed l\u00e1zn\u011b pro osoby s\u00a0ko\u017en\u00edmi probl\u00e9my tu byly otev\u0159eny v\u00a0roce 1987. Dneska jsou tu vybudovan\u00e9 i sauny a parn\u00ed l\u00e1zn\u011b a m\u016f\u017eete si tady dop\u0159\u00e1t i mas\u00e1\u017e. Pokud v\u0161ak pl\u00e1nujete n\u00e1v\u0161t\u011bvu, rezervujte si ji s\u00a0p\u0159edstihem, proto\u017ee m\u00edsto je velmi vyt\u00ed\u017een\u00e9. (<a href=\"https:\/\/www.bluelagoon.com\/\" target=\"_blank\" rel=\"noreferrer noopener\">bluelagoon.com<\/a>)<\/p>\n\n\n\n<p><strong>Thu\u00e8s-les-Bains, Francie<\/strong><\/p>\n\n\n\n<p>Dostat se do francouzsk\u00fdch term\u00e1ln\u00edch pramen\u016f Thu\u00e8s-les-Bains je pon\u011bkud dobrodru\u017en\u00fdm z\u00e1\u017eitkem, proto\u017ee stezka vede v\u00edce ne\u017e \u0161est kilometr\u016f podl\u00e9 \u0159eky a kles\u00e1 a stoup\u00e1 do term\u00e1ln\u00ed sout\u011bsky, co\u017e ocen\u00ed v\u0161ichni milovn\u00edci canyoningu. Na konci cesty pak \u010dek\u00e1 voda, jej\u00ed\u017e teplota dosahuje a\u017e 60 \u00b0C, p\u0159\u00edrodn\u00ed skluzavky i \u00fa\u017easn\u00fd v\u00fdhled. Zdej\u0161\u00ed voda s\u00a0vysok\u00fdm obsahem s\u00edry je obzvl\u00e1\u0161t\u011b vhodn\u00e1 pro ko\u017en\u00ed a kloubn\u00ed pot\u00ed\u017ee. V\u00a019. stolet\u00ed byly tyto term\u00e1ln\u00ed prameny velmi obl\u00edben\u00e9, dnes jsou z\u00a0nich sp\u00ed\u0161e ruiny, co\u017e jim ale na kouzelnosti neub\u00edr\u00e1.<\/p>\n\n\n\n<p><strong>Thermopyly, \u0158ecko<\/strong><\/p>\n\n\n\n<p>Thermopyly v&nbsp;\u010desk\u00e9m p\u0159ekladu znamenaj\u00ed \u201ehork\u00e9 prameny\u201c a nach\u00e1zej\u00ed se v&nbsp;samotn\u00e9m srdci \u0158ecka na okraji poho\u0159\u00ed Kallidromo. Zdej\u0161\u00ed \u0159eka m\u00e1 40 \u00b0C a vykoupat se tu m\u016f\u017eete i pod um\u011ble vybudovan\u00fdm vodop\u00e1dem. Voda obsahuje velk\u00e9 mno\u017estv\u00ed s\u00edry, d\u00edky \u010demu\u017e by m\u011bla m\u00edt l\u00e9\u010div\u00e9 \u00fa\u010dinky. Zaj\u00edmavost\u00ed je, \u017ee se tu \u00fadajn\u011b koupal i b\u00e1jn\u00fd Herkules, aby nabral s\u00edlu.<\/p>\n","protected":false},"excerpt":{"rendered":"<p>Term\u00e1ln\u00ed prameny obsahuj\u00ed vysok\u00e9 mno\u017estv\u00ed miner\u00e1ln\u00edch l\u00e1tek, kter\u00e9 zm\u00edr\u0148uj\u00ed zdravotn\u00ed obt\u00ed\u017ee od onemocn\u011bn\u00ed d\u00fdchac\u00edch cest a\u017e po ko\u017en\u00ed probl\u00e9my. Z\u00e1rove\u0148 jsou skv\u011bl\u00fdm m\u00edstem na relaxaci, co\u017e z&nbsp;nich d\u011bl\u00e1 obl\u00edben\u00fd c\u00edl mnoha cestovatel\u016f. P\u0159\u00edrodn\u00ed hork\u00e9 prameny nejsou jen dominantou Islandu, ale najdete je nap\u0159\u00ed\u010d celou Evropou. Obvykle vznikaj\u00ed v&nbsp;bl\u00edzkosti sopek nebo v&nbsp;m\u00edstech, kde se voda oh\u0159\u00edv\u00e1 [&hellip;]<\/p>\n","protected":false},"author":4,"featured_media":140635,"comment_status":"closed","ping_status":"open","sticky":false,"template":"","format":"standard","meta":{"_monsterinsights_skip_tracking":false,"_monsterinsights_sitenote_active":false,"_monsterinsights_sitenote_note":"","_monsterinsights_sitenote_category":0,"footnotes":""},"categories":[422,342],"tags":[81],"class_list":{"0":"post-140621","1":"post","2":"type-post","3":"status-publish","4":"format-standard","5":"has-post-thumbnail","7":"category-novinky-kempovani-a-karavaning","8":"category-termalni-lazne-a-aquaparky-zabavni-parky","9":"tag-termalni-lazne"},"yoast_head":"<!-- This site is optimized with the Yoast SEO plugin v27.5 - https:\/\/yoast.com\/product\/yoast-seo-wordpress\/ -->\n<title>10 p\u0159\u00edrodn\u00edch term\u00e1ln\u00edch pramen\u016f nap\u0159\u00ed\u010d Evropou - All4Camper<\/title>\n<meta name=\"description\" content=\"Term\u00e1ln\u00ed prameny obsahuj\u00ed vysok\u00e9 mno\u017estv\u00ed miner\u00e1ln\u00edch l\u00e1tek, kter\u00e9 zm\u00edr\u0148uj\u00ed zdravotn\u00ed obt\u00ed\u017ee od onemocn\u011bn\u00ed d\u00fdchac\u00edch cest a\u017e po ko\u017en\u00ed probl\u00e9my. Z\u00e1rove\u0148 jsou skv\u011bl\u00fdm m\u00edstem na relaxaci, co\u017e z\u00a0nich d\u011bl\u00e1 obl\u00edben\u00fd c\u00edl mnoha cestovatel\u016f.\" \/>\n<meta name=\"robots\" content=\"index, follow, max-snippet:-1, max-image-preview:large, max-video-preview:-1\" \/>\n<link rel=\"canonical\" href=\"https:\/\/all4camper.com\/cs\/10-prirodnich-termalnich-pramenu-napric-evropou\/\" \/>\n<meta property=\"og:locale\" content=\"cs_CZ\" \/>\n<meta property=\"og:type\" content=\"article\" \/>\n<meta property=\"og:title\" content=\"10 p\u0159\u00edrodn\u00edch term\u00e1ln\u00edch pramen\u016f nap\u0159\u00ed\u010d Evropou - All4Camper\" \/>\n<meta property=\"og:description\" content=\"Term\u00e1ln\u00ed prameny obsahuj\u00ed vysok\u00e9 mno\u017estv\u00ed miner\u00e1ln\u00edch l\u00e1tek, kter\u00e9 zm\u00edr\u0148uj\u00ed zdravotn\u00ed obt\u00ed\u017ee od onemocn\u011bn\u00ed d\u00fdchac\u00edch cest a\u017e po ko\u017en\u00ed probl\u00e9my. Z\u00e1rove\u0148 jsou skv\u011bl\u00fdm m\u00edstem na relaxaci, co\u017e z\u00a0nich d\u011bl\u00e1 obl\u00edben\u00fd c\u00edl mnoha cestovatel\u016f.\" \/>\n<meta property=\"og:url\" content=\"https:\/\/all4camper.com\/cs\/10-prirodnich-termalnich-pramenu-napric-evropou\/\" \/>\n<meta property=\"og:site_name\" content=\"All4Camper\" \/>\n<meta property=\"article:published_time\" content=\"2022-09-21T08:43:24+00:00\" \/>\n<meta property=\"article:modified_time\" content=\"2022-09-21T08:43:29+00:00\" \/>\n<meta property=\"og:image\" content=\"https:\/\/all4camper.com\/wp-content\/uploads\/2022\/09\/Pamukkale.jpg\" \/>\n\t<meta property=\"og:image:width\" content=\"1920\" \/>\n\t<meta property=\"og:image:height\" content=\"1294\" \/>\n\t<meta property=\"og:image:type\" content=\"image\/jpeg\" \/>\n<meta name=\"author\" content=\"Kl\u00e1ra H\u00e1jkov\u00e1\" \/>\n<meta name=\"twitter:card\" content=\"summary_large_image\" \/>\n<meta name=\"twitter:label1\" content=\"Napsal(a)\" \/>\n\t<meta name=\"twitter:data1\" content=\"Kl\u00e1ra H\u00e1jkov\u00e1\" \/>\n\t<meta name=\"twitter:label2\" content=\"Odhadovan\u00e1 doba \u010dten\u00ed\" \/>\n\t<meta name=\"twitter:data2\" content=\"6 minut\" \/>\n<script type=\"application\/ld+json\" class=\"yoast-schema-graph\">{\"@context\":\"https:\\\/\\\/schema.org\",\"@graph\":[{\"@type\":\"Article\",\"@id\":\"https:\\\/\\\/all4camper.com\\\/cs\\\/10-prirodnich-termalnich-pramenu-napric-evropou\\\/#article\",\"isPartOf\":{\"@id\":\"https:\\\/\\\/all4camper.com\\\/cs\\\/10-prirodnich-termalnich-pramenu-napric-evropou\\\/\"},\"author\":{\"name\":\"Kl\u00e1ra H\u00e1jkov\u00e1\",\"@id\":\"https:\\\/\\\/all4camper.com\\\/cs\\\/#\\\/schema\\\/person\\\/c6f1efdf1d02bc7d8c53a891cbe18c62\"},\"headline\":\"10 p\u0159\u00edrodn\u00edch term\u00e1ln\u00edch pramen\u016f nap\u0159\u00ed\u010d Evropou\",\"datePublished\":\"2022-09-21T08:43:24+00:00\",\"dateModified\":\"2022-09-21T08:43:29+00:00\",\"mainEntityOfPage\":{\"@id\":\"https:\\\/\\\/all4camper.com\\\/cs\\\/10-prirodnich-termalnich-pramenu-napric-evropou\\\/\"},\"wordCount\":1079,\"publisher\":{\"@id\":\"https:\\\/\\\/all4camper.com\\\/cs\\\/#organization\"},\"image\":{\"@id\":\"https:\\\/\\\/all4camper.com\\\/cs\\\/10-prirodnich-termalnich-pramenu-napric-evropou\\\/#primaryimage\"},\"thumbnailUrl\":\"https:\\\/\\\/all4camper.com\\\/wp-content\\\/uploads\\\/2022\\\/09\\\/Pamukkale.jpg\",\"keywords\":[\"Term\u00e1ln\u00ed l\u00e1zn\u011b\"],\"articleSection\":[\"Novinky - Kempov\u00e1n\u00ed a karavaning\",\"Term\u00e1ln\u00ed l\u00e1zn\u011b, akvaparky a z\u00e1bavn\u00ed parky\"],\"inLanguage\":\"cs\"},{\"@type\":\"WebPage\",\"@id\":\"https:\\\/\\\/all4camper.com\\\/cs\\\/10-prirodnich-termalnich-pramenu-napric-evropou\\\/\",\"url\":\"https:\\\/\\\/all4camper.com\\\/cs\\\/10-prirodnich-termalnich-pramenu-napric-evropou\\\/\",\"name\":\"10 p\u0159\u00edrodn\u00edch term\u00e1ln\u00edch pramen\u016f nap\u0159\u00ed\u010d Evropou - All4Camper\",\"isPartOf\":{\"@id\":\"https:\\\/\\\/all4camper.com\\\/cs\\\/#website\"},\"primaryImageOfPage\":{\"@id\":\"https:\\\/\\\/all4camper.com\\\/cs\\\/10-prirodnich-termalnich-pramenu-napric-evropou\\\/#primaryimage\"},\"image\":{\"@id\":\"https:\\\/\\\/all4camper.com\\\/cs\\\/10-prirodnich-termalnich-pramenu-napric-evropou\\\/#primaryimage\"},\"thumbnailUrl\":\"https:\\\/\\\/all4camper.com\\\/wp-content\\\/uploads\\\/2022\\\/09\\\/Pamukkale.jpg\",\"datePublished\":\"2022-09-21T08:43:24+00:00\",\"dateModified\":\"2022-09-21T08:43:29+00:00\",\"description\":\"Term\u00e1ln\u00ed prameny obsahuj\u00ed vysok\u00e9 mno\u017estv\u00ed miner\u00e1ln\u00edch l\u00e1tek, kter\u00e9 zm\u00edr\u0148uj\u00ed zdravotn\u00ed obt\u00ed\u017ee od onemocn\u011bn\u00ed d\u00fdchac\u00edch cest a\u017e po ko\u017en\u00ed probl\u00e9my. Z\u00e1rove\u0148 jsou skv\u011bl\u00fdm m\u00edstem na relaxaci, co\u017e z\u00a0nich d\u011bl\u00e1 obl\u00edben\u00fd c\u00edl mnoha cestovatel\u016f.\",\"breadcrumb\":{\"@id\":\"https:\\\/\\\/all4camper.com\\\/cs\\\/10-prirodnich-termalnich-pramenu-napric-evropou\\\/#breadcrumb\"},\"inLanguage\":\"cs\",\"potentialAction\":[{\"@type\":\"ReadAction\",\"target\":[\"https:\\\/\\\/all4camper.com\\\/cs\\\/10-prirodnich-termalnich-pramenu-napric-evropou\\\/\"]}]},{\"@type\":\"ImageObject\",\"inLanguage\":\"cs\",\"@id\":\"https:\\\/\\\/all4camper.com\\\/cs\\\/10-prirodnich-termalnich-pramenu-napric-evropou\\\/#primaryimage\",\"url\":\"https:\\\/\\\/all4camper.com\\\/wp-content\\\/uploads\\\/2022\\\/09\\\/Pamukkale.jpg\",\"contentUrl\":\"https:\\\/\\\/all4camper.com\\\/wp-content\\\/uploads\\\/2022\\\/09\\\/Pamukkale.jpg\",\"width\":1920,\"height\":1294},{\"@type\":\"BreadcrumbList\",\"@id\":\"https:\\\/\\\/all4camper.com\\\/cs\\\/10-prirodnich-termalnich-pramenu-napric-evropou\\\/#breadcrumb\",\"itemListElement\":[{\"@type\":\"ListItem\",\"position\":1,\"name\":\"Dom\u016f\",\"item\":\"https:\\\/\\\/all4camper.com\\\/cs\\\/\"},{\"@type\":\"ListItem\",\"position\":2,\"name\":\"Novinky - Kempov\u00e1n\u00ed a karavaning\",\"item\":\"https:\\\/\\\/all4camper.com\\\/cs\\\/category\\\/novinky-kempovani-a-karavaning\\\/\"},{\"@type\":\"ListItem\",\"position\":3,\"name\":\"10 p\u0159\u00edrodn\u00edch term\u00e1ln\u00edch pramen\u016f nap\u0159\u00ed\u010d Evropou\"}]},{\"@type\":\"WebSite\",\"@id\":\"https:\\\/\\\/all4camper.com\\\/cs\\\/#website\",\"url\":\"https:\\\/\\\/all4camper.com\\\/cs\\\/\",\"name\":\"All4Camper\",\"description\":\"Nejv\u011bt\u0161\u00ed online magaz\u00edn o kempov\u00e1n\u00ed a karavaninku. V\u00edce jak 900 \u010dl\u00e1nk\u016f pln\u00fdch rad a tip\u016f o kempech a kempov\u00e1n\u00ed.\",\"publisher\":{\"@id\":\"https:\\\/\\\/all4camper.com\\\/cs\\\/#organization\"},\"potentialAction\":[{\"@type\":\"SearchAction\",\"target\":{\"@type\":\"EntryPoint\",\"urlTemplate\":\"https:\\\/\\\/all4camper.com\\\/cs\\\/?s={search_term_string}\"},\"query-input\":{\"@type\":\"PropertyValueSpecification\",\"valueRequired\":true,\"valueName\":\"search_term_string\"}}],\"inLanguage\":\"cs\"},{\"@type\":\"Organization\",\"@id\":\"https:\\\/\\\/all4camper.com\\\/cs\\\/#organization\",\"name\":\"All4Camper - kempujeme s Kl\u00e1rou\",\"url\":\"https:\\\/\\\/all4camper.com\\\/cs\\\/\",\"logo\":{\"@type\":\"ImageObject\",\"inLanguage\":\"cs\",\"@id\":\"https:\\\/\\\/all4camper.com\\\/cs\\\/#\\\/schema\\\/logo\\\/image\\\/\",\"url\":\"https:\\\/\\\/all4camper.com\\\/wp-content\\\/uploads\\\/2018\\\/09\\\/novelogo.png\",\"contentUrl\":\"https:\\\/\\\/all4camper.com\\\/wp-content\\\/uploads\\\/2018\\\/09\\\/novelogo.png\",\"width\":1520,\"height\":600,\"caption\":\"All4Camper - kempujeme s Kl\u00e1rou\"},\"image\":{\"@id\":\"https:\\\/\\\/all4camper.com\\\/cs\\\/#\\\/schema\\\/logo\\\/image\\\/\"}},{\"@type\":\"Person\",\"@id\":\"https:\\\/\\\/all4camper.com\\\/cs\\\/#\\\/schema\\\/person\\\/c6f1efdf1d02bc7d8c53a891cbe18c62\",\"name\":\"Kl\u00e1ra H\u00e1jkov\u00e1\",\"sameAs\":[\"http:\\\/\\\/www.all4camper.com\"],\"url\":\"https:\\\/\\\/all4camper.com\\\/cs\\\/author\\\/klarinkacestuje1\\\/\"}]}<\/script>\n<!-- \/ Yoast SEO plugin. -->","yoast_head_json":{"title":"10 p\u0159\u00edrodn\u00edch term\u00e1ln\u00edch pramen\u016f nap\u0159\u00ed\u010d Evropou - All4Camper","description":"Term\u00e1ln\u00ed prameny obsahuj\u00ed vysok\u00e9 mno\u017estv\u00ed miner\u00e1ln\u00edch l\u00e1tek, kter\u00e9 zm\u00edr\u0148uj\u00ed zdravotn\u00ed obt\u00ed\u017ee od onemocn\u011bn\u00ed d\u00fdchac\u00edch cest a\u017e po ko\u017en\u00ed probl\u00e9my. Z\u00e1rove\u0148 jsou skv\u011bl\u00fdm m\u00edstem na relaxaci, co\u017e z\u00a0nich d\u011bl\u00e1 obl\u00edben\u00fd c\u00edl mnoha cestovatel\u016f.","robots":{"index":"index","follow":"follow","max-snippet":"max-snippet:-1","max-image-preview":"max-image-preview:large","max-video-preview":"max-video-preview:-1"},"canonical":"https:\/\/all4camper.com\/cs\/10-prirodnich-termalnich-pramenu-napric-evropou\/","og_locale":"cs_CZ","og_type":"article","og_title":"10 p\u0159\u00edrodn\u00edch term\u00e1ln\u00edch pramen\u016f nap\u0159\u00ed\u010d Evropou - All4Camper","og_description":"Term\u00e1ln\u00ed prameny obsahuj\u00ed vysok\u00e9 mno\u017estv\u00ed miner\u00e1ln\u00edch l\u00e1tek, kter\u00e9 zm\u00edr\u0148uj\u00ed zdravotn\u00ed obt\u00ed\u017ee od onemocn\u011bn\u00ed d\u00fdchac\u00edch cest a\u017e po ko\u017en\u00ed probl\u00e9my. Z\u00e1rove\u0148 jsou skv\u011bl\u00fdm m\u00edstem na relaxaci, co\u017e z\u00a0nich d\u011bl\u00e1 obl\u00edben\u00fd c\u00edl mnoha cestovatel\u016f.","og_url":"https:\/\/all4camper.com\/cs\/10-prirodnich-termalnich-pramenu-napric-evropou\/","og_site_name":"All4Camper","article_published_time":"2022-09-21T08:43:24+00:00","article_modified_time":"2022-09-21T08:43:29+00:00","og_image":[{"width":1920,"height":1294,"url":"https:\/\/all4camper.com\/wp-content\/uploads\/2022\/09\/Pamukkale.jpg","type":"image\/jpeg"}],"author":"Kl\u00e1ra H\u00e1jkov\u00e1","twitter_card":"summary_large_image","twitter_misc":{"Napsal(a)":"Kl\u00e1ra H\u00e1jkov\u00e1","Odhadovan\u00e1 doba \u010dten\u00ed":"6 minut"},"schema":{"@context":"https:\/\/schema.org","@graph":[{"@type":"Article","@id":"https:\/\/all4camper.com\/cs\/10-prirodnich-termalnich-pramenu-napric-evropou\/#article","isPartOf":{"@id":"https:\/\/all4camper.com\/cs\/10-prirodnich-termalnich-pramenu-napric-evropou\/"},"author":{"name":"Kl\u00e1ra H\u00e1jkov\u00e1","@id":"https:\/\/all4camper.com\/cs\/#\/schema\/person\/c6f1efdf1d02bc7d8c53a891cbe18c62"},"headline":"10 p\u0159\u00edrodn\u00edch term\u00e1ln\u00edch pramen\u016f nap\u0159\u00ed\u010d Evropou","datePublished":"2022-09-21T08:43:24+00:00","dateModified":"2022-09-21T08:43:29+00:00","mainEntityOfPage":{"@id":"https:\/\/all4camper.com\/cs\/10-prirodnich-termalnich-pramenu-napric-evropou\/"},"wordCount":1079,"publisher":{"@id":"https:\/\/all4camper.com\/cs\/#organization"},"image":{"@id":"https:\/\/all4camper.com\/cs\/10-prirodnich-termalnich-pramenu-napric-evropou\/#primaryimage"},"thumbnailUrl":"https:\/\/all4camper.com\/wp-content\/uploads\/2022\/09\/Pamukkale.jpg","keywords":["Term\u00e1ln\u00ed l\u00e1zn\u011b"],"articleSection":["Novinky - Kempov\u00e1n\u00ed a karavaning","Term\u00e1ln\u00ed l\u00e1zn\u011b, akvaparky a z\u00e1bavn\u00ed parky"],"inLanguage":"cs"},{"@type":"WebPage","@id":"https:\/\/all4camper.com\/cs\/10-prirodnich-termalnich-pramenu-napric-evropou\/","url":"https:\/\/all4camper.com\/cs\/10-prirodnich-termalnich-pramenu-napric-evropou\/","name":"10 p\u0159\u00edrodn\u00edch term\u00e1ln\u00edch pramen\u016f nap\u0159\u00ed\u010d Evropou - All4Camper","isPartOf":{"@id":"https:\/\/all4camper.com\/cs\/#website"},"primaryImageOfPage":{"@id":"https:\/\/all4camper.com\/cs\/10-prirodnich-termalnich-pramenu-napric-evropou\/#primaryimage"},"image":{"@id":"https:\/\/all4camper.com\/cs\/10-prirodnich-termalnich-pramenu-napric-evropou\/#primaryimage"},"thumbnailUrl":"https:\/\/all4camper.com\/wp-content\/uploads\/2022\/09\/Pamukkale.jpg","datePublished":"2022-09-21T08:43:24+00:00","dateModified":"2022-09-21T08:43:29+00:00","description":"Term\u00e1ln\u00ed prameny obsahuj\u00ed vysok\u00e9 mno\u017estv\u00ed miner\u00e1ln\u00edch l\u00e1tek, kter\u00e9 zm\u00edr\u0148uj\u00ed zdravotn\u00ed obt\u00ed\u017ee od onemocn\u011bn\u00ed d\u00fdchac\u00edch cest a\u017e po ko\u017en\u00ed probl\u00e9my. Z\u00e1rove\u0148 jsou skv\u011bl\u00fdm m\u00edstem na relaxaci, co\u017e z\u00a0nich d\u011bl\u00e1 obl\u00edben\u00fd c\u00edl mnoha cestovatel\u016f.","breadcrumb":{"@id":"https:\/\/all4camper.com\/cs\/10-prirodnich-termalnich-pramenu-napric-evropou\/#breadcrumb"},"inLanguage":"cs","potentialAction":[{"@type":"ReadAction","target":["https:\/\/all4camper.com\/cs\/10-prirodnich-termalnich-pramenu-napric-evropou\/"]}]},{"@type":"ImageObject","inLanguage":"cs","@id":"https:\/\/all4camper.com\/cs\/10-prirodnich-termalnich-pramenu-napric-evropou\/#primaryimage","url":"https:\/\/all4camper.com\/wp-content\/uploads\/2022\/09\/Pamukkale.jpg","contentUrl":"https:\/\/all4camper.com\/wp-content\/uploads\/2022\/09\/Pamukkale.jpg","width":1920,"height":1294},{"@type":"BreadcrumbList","@id":"https:\/\/all4camper.com\/cs\/10-prirodnich-termalnich-pramenu-napric-evropou\/#breadcrumb","itemListElement":[{"@type":"ListItem","position":1,"name":"Dom\u016f","item":"https:\/\/all4camper.com\/cs\/"},{"@type":"ListItem","position":2,"name":"Novinky - Kempov\u00e1n\u00ed a karavaning","item":"https:\/\/all4camper.com\/cs\/category\/novinky-kempovani-a-karavaning\/"},{"@type":"ListItem","position":3,"name":"10 p\u0159\u00edrodn\u00edch term\u00e1ln\u00edch pramen\u016f nap\u0159\u00ed\u010d Evropou"}]},{"@type":"WebSite","@id":"https:\/\/all4camper.com\/cs\/#website","url":"https:\/\/all4camper.com\/cs\/","name":"All4Camper","description":"Nejv\u011bt\u0161\u00ed online magaz\u00edn o kempov\u00e1n\u00ed a karavaninku. V\u00edce jak 900 \u010dl\u00e1nk\u016f pln\u00fdch rad a tip\u016f o kempech a kempov\u00e1n\u00ed.","publisher":{"@id":"https:\/\/all4camper.com\/cs\/#organization"},"potentialAction":[{"@type":"SearchAction","target":{"@type":"EntryPoint","urlTemplate":"https:\/\/all4camper.com\/cs\/?s={search_term_string}"},"query-input":{"@type":"PropertyValueSpecification","valueRequired":true,"valueName":"search_term_string"}}],"inLanguage":"cs"},{"@type":"Organization","@id":"https:\/\/all4camper.com\/cs\/#organization","name":"All4Camper - kempujeme s Kl\u00e1rou","url":"https:\/\/all4camper.com\/cs\/","logo":{"@type":"ImageObject","inLanguage":"cs","@id":"https:\/\/all4camper.com\/cs\/#\/schema\/logo\/image\/","url":"https:\/\/all4camper.com\/wp-content\/uploads\/2018\/09\/novelogo.png","contentUrl":"https:\/\/all4camper.com\/wp-content\/uploads\/2018\/09\/novelogo.png","width":1520,"height":600,"caption":"All4Camper - kempujeme s Kl\u00e1rou"},"image":{"@id":"https:\/\/all4camper.com\/cs\/#\/schema\/logo\/image\/"}},{"@type":"Person","@id":"https:\/\/all4camper.com\/cs\/#\/schema\/person\/c6f1efdf1d02bc7d8c53a891cbe18c62","name":"Kl\u00e1ra H\u00e1jkov\u00e1","sameAs":["http:\/\/www.all4camper.com"],"url":"https:\/\/all4camper.com\/cs\/author\/klarinkacestuje1\/"}]}},"_links":{"self":[{"href":"https:\/\/all4camper.com\/cs\/wp-json\/wp\/v2\/posts\/140621","targetHints":{"allow":["GET"]}}],"collection":[{"href":"https:\/\/all4camper.com\/cs\/wp-json\/wp\/v2\/posts"}],"about":[{"href":"https:\/\/all4camper.com\/cs\/wp-json\/wp\/v2\/types\/post"}],"author":[{"embeddable":true,"href":"https:\/\/all4camper.com\/cs\/wp-json\/wp\/v2\/users\/4"}],"replies":[{"embeddable":true,"href":"https:\/\/all4camper.com\/cs\/wp-json\/wp\/v2\/comments?post=140621"}],"version-history":[{"count":0,"href":"https:\/\/all4camper.com\/cs\/wp-json\/wp\/v2\/posts\/140621\/revisions"}],"wp:featuredmedia":[{"embeddable":true,"href":"https:\/\/all4camper.com\/cs\/wp-json\/wp\/v2\/media\/140635"}],"wp:attachment":[{"href":"https:\/\/all4camper.com\/cs\/wp-json\/wp\/v2\/media?parent=140621"}],"wp:term":[{"taxonomy":"category","embeddable":true,"href":"https:\/\/all4camper.com\/cs\/wp-json\/wp\/v2\/categories?post=140621"},{"taxonomy":"post_tag","embeddable":true,"href":"https:\/\/all4camper.com\/cs\/wp-json\/wp\/v2\/tags?post=140621"}],"curies":[{"name":"wp","href":"https:\/\/api.w.org\/{rel}","templated":true}]}}