{"id":140535,"date":"2022-07-24T10:34:18","date_gmt":"2022-07-24T08:34:18","guid":{"rendered":"https:\/\/all4camper.com\/\/?p=140535"},"modified":"2022-07-24T12:33:43","modified_gmt":"2022-07-24T10:33:43","slug":"oaza-klidu-pro-nejen-pro-karavanisty-a-milovniky-vyletu%ef%bf%bc","status":"publish","type":"post","link":"https:\/\/all4camper.com\/cs\/oaza-klidu-pro-nejen-pro-karavanisty-a-milovniky-vyletu%ef%bf%bc\/","title":{"rendered":"O\u00e1za klidu pro nejen pro karavanisty a milovn\u00edky v\u00fdlet\u016f\ufffc"},"content":{"rendered":"\n<p>L\u00e9to se n\u00e1m rozb\u011bhlo na pln\u00e9 obr\u00e1tky a vy jist\u011b pl\u00e1nujete kam vyrazit se sv\u00fdm obytn\u00fdm kamar\u00e1dem. Zva\u017eujete, zda to n\u011bkde zaparkovat na dva t\u00fddny anebo prost\u011b p\u00e1r dn\u00ed poznat jedno m\u00edsto a zase pokra\u010dovat za dobrodru\u017estv\u00edm d\u00e1le. Dnes v\u00e1m p\u0159in\u00e1\u0161\u00edme recenzi na fantastick\u00fd rodinn\u00fd kemp, kter\u00fd rozhodn\u011b vyb\u00edz\u00ed k&nbsp;vyu\u017eit\u00ed t\u00e9 prvn\u00ed varianty, tedy del\u0161\u00edho pobytu. Zde je opravdu co pozn\u00e1vat a jedna dovolenka v\u00e1m na to ani nebude sta\u010dit. V\u00edtejte v&nbsp;Resortu Radslavice, b\u00e1je\u010dn\u00e9m m\u00edst\u011b na P\u0159erovsku. (<a href=\"https:\/\/resort-radslavice.cz\/cs\/domu\/\" target=\"_blank\" rel=\"noreferrer noopener\">odkaz zde<\/a>, <a href=\"https:\/\/www.google.cz\/maps\/place\/Resort+Radslavice+-+camp\/@49.4872989,17.5132239,14.02z\/data=!4m5!3m4!1s0x4713af8c25f54de1:0x2f90062a2e7f5dae!8m2!3d49.4802536!4d17.5173003?hl=cs&amp;authuser=0\" target=\"_blank\" rel=\"noreferrer noopener\">mapa<\/a>)<\/p>\n\n\n\n<figure class=\"wp-block-image size-large\"><img loading=\"lazy\" decoding=\"async\" width=\"1920\" height=\"865\" src=\"https:\/\/all4camper.com\/\/wp-content\/uploads\/2022\/07\/20220604_115203-1920x865.jpg\" alt=\"\" class=\"wp-image-140536\" srcset=\"https:\/\/all4camper.com\/wp-content\/uploads\/2022\/07\/20220604_115203-1920x865.jpg 1920w, https:\/\/all4camper.com\/wp-content\/uploads\/2022\/07\/20220604_115203-300x135.jpg 300w, https:\/\/all4camper.com\/wp-content\/uploads\/2022\/07\/20220604_115203-150x68.jpg 150w, https:\/\/all4camper.com\/wp-content\/uploads\/2022\/07\/20220604_115203-768x346.jpg 768w, https:\/\/all4camper.com\/wp-content\/uploads\/2022\/07\/20220604_115203-1536x692.jpg 1536w, https:\/\/all4camper.com\/wp-content\/uploads\/2022\/07\/20220604_115203-2048x923.jpg 2048w, https:\/\/all4camper.com\/wp-content\/uploads\/2022\/07\/20220604_115203-696x314.jpg 696w, https:\/\/all4camper.com\/wp-content\/uploads\/2022\/07\/20220604_115203-1068x481.jpg 1068w\" sizes=\"auto, (max-width: 1920px) 100vw, 1920px\" \/><\/figure>\n\n\n\n<p>Rok se s&nbsp;rokem se\u0161el a my jsme op\u011bt p\u0159ijali pozv\u00e1n\u00ed \u00fa\u017easn\u00e9 majitelky kempu V\u011brky Haluz\u00edkov\u00e9 na str\u00e1ven\u00ed pohodov\u00e9ho v\u00edkendu. Vzhledem k&nbsp;pozitivn\u00ed zku\u0161enosti z&nbsp;minul\u00e9ho roku jsme se velice t\u011b\u0161ili, a\u017e si to zde op\u011bt u\u017eijeme. Samotn\u00fd kemp se nach\u00e1z\u00ed v&nbsp;obci Radslavice, jen p\u00e1r kilometr\u016f od P\u0159erova. Nav\u00edc je \u0161ikovn\u011b um\u00edst\u011bn na okraji obce, v&nbsp;bl\u00edzkosti les\u00edku, okolo jsou louky, tak\u017ee opravdu klidn\u00e9 m\u00edsto.<\/p>\n\n\n\n<figure class=\"wp-block-image size-large\"><img loading=\"lazy\" decoding=\"async\" width=\"1920\" height=\"865\" src=\"https:\/\/all4camper.com\/\/wp-content\/uploads\/2022\/07\/20220604_180437-1920x865.jpg\" alt=\"\" class=\"wp-image-140538\" srcset=\"https:\/\/all4camper.com\/wp-content\/uploads\/2022\/07\/20220604_180437-1920x865.jpg 1920w, https:\/\/all4camper.com\/wp-content\/uploads\/2022\/07\/20220604_180437-300x135.jpg 300w, https:\/\/all4camper.com\/wp-content\/uploads\/2022\/07\/20220604_180437-150x68.jpg 150w, https:\/\/all4camper.com\/wp-content\/uploads\/2022\/07\/20220604_180437-768x346.jpg 768w, https:\/\/all4camper.com\/wp-content\/uploads\/2022\/07\/20220604_180437-1536x692.jpg 1536w, https:\/\/all4camper.com\/wp-content\/uploads\/2022\/07\/20220604_180437-2048x923.jpg 2048w, https:\/\/all4camper.com\/wp-content\/uploads\/2022\/07\/20220604_180437-696x314.jpg 696w, https:\/\/all4camper.com\/wp-content\/uploads\/2022\/07\/20220604_180437-1068x481.jpg 1068w\" sizes=\"auto, (max-width: 1920px) 100vw, 1920px\" \/><\/figure>\n\n\n\n<p>Nespornou v\u00fdhodou kempu je jeho samoobslu\u017enou, tedy p\u0159\u00edstupnost 24\/7. Nen\u00ed zde \u017e\u00e1dn\u00e1 recepce a vy m\u016f\u017eete p\u0159ijet v\u00a0podstat\u011b kdykoliv, projet vstupn\u00ed branou, zaplatit za ubytov\u00e1n\u00ed a za\u010d\u00edt u\u017e\u00edvat. A dorazit m\u016f\u017eete klidn\u011b t\u0159eba ve t\u0159i hodiny r\u00e1no. Pokud by jste pot\u0159ebovali s\u00a0n\u011b\u010d\u00edm poradit, tak bez obav, jde zde uveden kontakt na majitele, kte\u0159\u00ed nav\u00edc pravideln\u011b aspo\u0148 1x denn\u011b do kempu doch\u00e1zej\u00ed a m\u016f\u017eete si s\u00a0nimi skv\u011ble popov\u00eddat. Majitel\u00e9 jsou velmi vst\u0159\u00edcn\u00ed, nemus\u00edte m\u00edt obavy se na cokoliv zeptat a z\u00e1rove\u0148 od nich dostanete spoustu doporu\u010den\u00ed na v\u00fdlety v\u00a0bl\u00edzk\u00e9m i \u0161ir\u0161\u00edm okol\u00ed.<\/p>\n\n\n\n<p>Jak jsem uvedl v\u00fd\u0161e, resort je p\u0159\u00edstupn\u00fd nonstop. My jsme m\u011bli domluvenu rezervaci p\u0159edem, jeliko\u017e jsme ob\u00fdvali apartm\u00e1n, ale jinak to nen\u00ed nezbytn\u011b nutn\u00e9, mo\u017en\u00e1 v&nbsp;sez\u00f3n\u011b bych si pro jistotu zavolal p\u0159edem a ov\u011b\u0159il kapacitu. V&nbsp;p\u0159\u00edpad\u011b rezervace obdr\u017e\u00edte v\u011bt\u0161inou v&nbsp;den p\u0159\u00edjezdu SMS, kde m\u00e1te uvedeny ve\u0161ker\u00e9 dispozice k&nbsp;ubytov\u00e1n\u00ed i samotn\u00e9mu vstupu a vyu\u017e\u00edv\u00e1n\u00ed are\u00e1lu. U vstupn\u00ed br\u00e1ny je automat, k&nbsp;n\u011bmu\u017e najedete autem a obdr\u017e\u00edte \u010dipovou kartu. Br\u00e1na se n\u00e1sledn\u011b otev\u0159e a vy vj\u00ed\u017ed\u00edte do toho karavanistick\u00e9ho r\u00e1je, vyberete si parkovac\u00ed m\u00edsto, kter\u00e9 v\u00e1m vyhovuje. Zde podotknu, \u017ee aktu\u00e1ln\u011b resort disponuje cca 15 parkovac\u00edmi m\u00edsty pro karavany a obytn\u00e9 vozy, plocha je luxusn\u011b zatravn\u011bna a v\u0161echny placy jsou opat\u0159eny p\u0159\u00edpojkou elekt\u0159iny.<\/p>\n\n\n\n<figure class=\"wp-block-image size-large\"><img loading=\"lazy\" decoding=\"async\" width=\"1920\" height=\"865\" src=\"https:\/\/all4camper.com\/\/wp-content\/uploads\/2022\/07\/20220604_180549-1920x865.jpg\" alt=\"\" class=\"wp-image-140540\" srcset=\"https:\/\/all4camper.com\/wp-content\/uploads\/2022\/07\/20220604_180549-1920x865.jpg 1920w, https:\/\/all4camper.com\/wp-content\/uploads\/2022\/07\/20220604_180549-300x135.jpg 300w, https:\/\/all4camper.com\/wp-content\/uploads\/2022\/07\/20220604_180549-150x68.jpg 150w, https:\/\/all4camper.com\/wp-content\/uploads\/2022\/07\/20220604_180549-768x346.jpg 768w, https:\/\/all4camper.com\/wp-content\/uploads\/2022\/07\/20220604_180549-1536x692.jpg 1536w, https:\/\/all4camper.com\/wp-content\/uploads\/2022\/07\/20220604_180549-2048x923.jpg 2048w, https:\/\/all4camper.com\/wp-content\/uploads\/2022\/07\/20220604_180549-696x314.jpg 696w, https:\/\/all4camper.com\/wp-content\/uploads\/2022\/07\/20220604_180549-1068x481.jpg 1068w\" sizes=\"auto, (max-width: 1920px) 100vw, 1920px\" \/><\/figure>\n\n\n\n<p>Ve vnit\u0159n\u00edch prostor\u00e1ch hned za vstupn\u00ed branou se nach\u00e1z\u00ed automat, kde si sami navol\u00edte kolik noc\u00ed zde chcete z\u016fstat a t\u00edm se aktivuje va\u0161e \u010dipov\u00e1 karta, kterou jste obdr\u017eeli p\u0159i vjezdu. Platit m\u016f\u017ee pouze hotov\u011b. N\u00e1sledn\u011b m\u016f\u017eete vyu\u017e\u00edvat prostor hlavn\u00ed budovy (viz.n\u00e1sleduj\u00edc\u00ed foto), kde se nach\u00e1z\u00ed soci\u00e1ln\u00ed za\u0159\u00edzen\u00ed, velmi dob\u0159e vybaven\u00e1 kuchy\u0148ka a spole\u010densk\u00e1 m\u00edstnost. Mimo to jsou zde i pokoje, ve kter\u00fdch se mohou ubytovat dal\u0161\u00ed n\u00e1v\u0161t\u011bvn\u00edci. V\u00a0kuchy\u0148ce je tak\u00e9 lednice, vybaven\u00e1 alko a nealko n\u00e1poji, uva\u0159it si zde m\u016f\u017eete i k\u00e1vu. Ceny jsou vyv\u011b\u0161eny na lednici a vy zde zanech\u00e1te p\u0159\u00edslu\u0161n\u00fd obnos, jak jednoduch\u00e9.<\/p>\n\n\n\n<figure class=\"wp-block-image size-large\"><img loading=\"lazy\" decoding=\"async\" width=\"1920\" height=\"865\" src=\"https:\/\/all4camper.com\/\/wp-content\/uploads\/2022\/07\/20220604_115141-1920x865.jpg\" alt=\"\" class=\"wp-image-140542\" srcset=\"https:\/\/all4camper.com\/wp-content\/uploads\/2022\/07\/20220604_115141-1920x865.jpg 1920w, https:\/\/all4camper.com\/wp-content\/uploads\/2022\/07\/20220604_115141-300x135.jpg 300w, https:\/\/all4camper.com\/wp-content\/uploads\/2022\/07\/20220604_115141-150x68.jpg 150w, https:\/\/all4camper.com\/wp-content\/uploads\/2022\/07\/20220604_115141-768x346.jpg 768w, https:\/\/all4camper.com\/wp-content\/uploads\/2022\/07\/20220604_115141-1536x692.jpg 1536w, https:\/\/all4camper.com\/wp-content\/uploads\/2022\/07\/20220604_115141-2048x923.jpg 2048w, https:\/\/all4camper.com\/wp-content\/uploads\/2022\/07\/20220604_115141-696x314.jpg 696w, https:\/\/all4camper.com\/wp-content\/uploads\/2022\/07\/20220604_115141-1068x481.jpg 1068w\" sizes=\"auto, (max-width: 1920px) 100vw, 1920px\" \/><\/figure>\n\n\n\n<p>Nejen pro karavanisty je u zadn\u00edho vstupu do hlavn\u00ed budovy k&nbsp;dispozici d\u0159ez s&nbsp;pitnou vodou, vodu m\u016f\u017eete tak\u00e9 na\u010derpat u vjezdu do are\u00e1lu, kde se nach\u00e1z\u00ed odpadn\u00ed kontejnery a tak\u00e9 v\u00fdlevka. Pokud vyraz\u00edte s&nbsp;d\u011btmi, tak je zde i men\u0161\u00ed h\u0159i\u0161t\u011b, kde se mohou vydov\u00e1d\u011bt, k&nbsp;dispozici jsou i voln\u011b p\u0159\u00edstupn\u00e9 rusk\u00e9 ku\u017eelky a lze si domluvit zap\u016fj\u010den\u00ed elektrokol. V&nbsp;zadn\u00ed \u010d\u00e1sti are\u00e1lu je pak velmi p\u011bkn\u00e9 a upraven\u00e9 ohni\u0161t\u011b s&nbsp;dostate\u010dnou kapacitou, tak\u017ee klidn\u011b se tady m\u016f\u017ee sej\u00edt v\u011bt\u0161\u00ed spole\u010dnost a str\u00e1v\u00edte zde b\u00e1je\u010dn\u00fd ve\u010der p\u0159i op\u00e9k\u00e1n\u00ed n\u011bjak\u00e9 t\u00e9 dobroty. Zde podot\u00fdk\u00e1m, \u017ee otop nen\u00ed sou\u010d\u00e1st\u00ed vybaven\u00ed a je nutno si p\u0159in\u00e9st vlastn\u00ed.<\/p>\n\n\n\n<figure class=\"wp-block-gallery has-nested-images columns-2 is-cropped wp-block-gallery-1 is-layout-flex wp-block-gallery-is-layout-flex\">\n<figure class=\"wp-block-image size-large\"><a href=\"https:\/\/all4camper.com\/\/cs\/?attachment_id=140544\"><img loading=\"lazy\" decoding=\"async\" width=\"1920\" height=\"864\" data-id=\"140544\" src=\"https:\/\/all4camper.com\/\/wp-content\/uploads\/2022\/07\/20220604_184744-1920x864.jpg\" alt=\"\" class=\"wp-image-140544\" srcset=\"https:\/\/all4camper.com\/wp-content\/uploads\/2022\/07\/20220604_184744-1920x864.jpg 1920w, https:\/\/all4camper.com\/wp-content\/uploads\/2022\/07\/20220604_184744-300x135.jpg 300w, https:\/\/all4camper.com\/wp-content\/uploads\/2022\/07\/20220604_184744-150x68.jpg 150w, https:\/\/all4camper.com\/wp-content\/uploads\/2022\/07\/20220604_184744-768x346.jpg 768w, https:\/\/all4camper.com\/wp-content\/uploads\/2022\/07\/20220604_184744-1536x691.jpg 1536w, https:\/\/all4camper.com\/wp-content\/uploads\/2022\/07\/20220604_184744-2048x922.jpg 2048w, https:\/\/all4camper.com\/wp-content\/uploads\/2022\/07\/20220604_184744-696x313.jpg 696w, https:\/\/all4camper.com\/wp-content\/uploads\/2022\/07\/20220604_184744-1068x481.jpg 1068w\" sizes=\"auto, (max-width: 1920px) 100vw, 1920px\" \/><\/a><\/figure>\n\n\n\n<figure class=\"wp-block-image size-large\"><a href=\"https:\/\/all4camper.com\/\/cs\/?attachment_id=140546\"><img loading=\"lazy\" decoding=\"async\" width=\"1920\" height=\"864\" data-id=\"140546\" src=\"https:\/\/all4camper.com\/\/wp-content\/uploads\/2022\/07\/20220604_180929-1920x864.jpg\" alt=\"\" class=\"wp-image-140546\" srcset=\"https:\/\/all4camper.com\/wp-content\/uploads\/2022\/07\/20220604_180929-1920x864.jpg 1920w, https:\/\/all4camper.com\/wp-content\/uploads\/2022\/07\/20220604_180929-300x135.jpg 300w, https:\/\/all4camper.com\/wp-content\/uploads\/2022\/07\/20220604_180929-150x68.jpg 150w, https:\/\/all4camper.com\/wp-content\/uploads\/2022\/07\/20220604_180929-768x346.jpg 768w, https:\/\/all4camper.com\/wp-content\/uploads\/2022\/07\/20220604_180929-1536x691.jpg 1536w, https:\/\/all4camper.com\/wp-content\/uploads\/2022\/07\/20220604_180929-2048x922.jpg 2048w, https:\/\/all4camper.com\/wp-content\/uploads\/2022\/07\/20220604_180929-696x313.jpg 696w, https:\/\/all4camper.com\/wp-content\/uploads\/2022\/07\/20220604_180929-1068x481.jpg 1068w\" sizes=\"auto, (max-width: 1920px) 100vw, 1920px\" \/><\/a><\/figure>\n\n\n\n<figure class=\"wp-block-image size-large\"><a href=\"https:\/\/all4camper.com\/\/cs\/?attachment_id=140548\"><img loading=\"lazy\" decoding=\"async\" width=\"1438\" height=\"1080\" data-id=\"140548\" src=\"https:\/\/all4camper.com\/\/wp-content\/uploads\/2022\/07\/IMG_20210611_172919-1438x1080.jpg\" alt=\"\" class=\"wp-image-140548\" srcset=\"https:\/\/all4camper.com\/wp-content\/uploads\/2022\/07\/IMG_20210611_172919-1438x1080.jpg 1438w, https:\/\/all4camper.com\/wp-content\/uploads\/2022\/07\/IMG_20210611_172919-300x225.jpg 300w, https:\/\/all4camper.com\/wp-content\/uploads\/2022\/07\/IMG_20210611_172919-150x113.jpg 150w, https:\/\/all4camper.com\/wp-content\/uploads\/2022\/07\/IMG_20210611_172919-768x577.jpg 768w, https:\/\/all4camper.com\/wp-content\/uploads\/2022\/07\/IMG_20210611_172919-1536x1153.jpg 1536w, https:\/\/all4camper.com\/wp-content\/uploads\/2022\/07\/IMG_20210611_172919-2048x1538.jpg 2048w, https:\/\/all4camper.com\/wp-content\/uploads\/2022\/07\/IMG_20210611_172919-696x523.jpg 696w, https:\/\/all4camper.com\/wp-content\/uploads\/2022\/07\/IMG_20210611_172919-1068x802.jpg 1068w, https:\/\/all4camper.com\/wp-content\/uploads\/2022\/07\/IMG_20210611_172919-1920x1442.jpg 1920w\" sizes=\"auto, (max-width: 1438px) 100vw, 1438px\" \/><\/a><\/figure>\n<\/figure>\n\n\n\n<p>Jak u\u017e jsem se zm\u00ednil, my jste vyu\u017eili ubytov\u00e1n\u00ed v&nbsp;apartm\u00e1nov\u00fdch domech a byli jsme op\u011bt nadm\u00edru spokojeni, v&nbsp;are\u00e1lu se nach\u00e1z\u00ed dv\u011b takov\u00e9 budovy, ka\u017ed\u00e1 s&nbsp;kapacitou pro 4 osoby, vybaven\u00e9 kuchy\u0148kou a soci\u00e1ln\u00edm za\u0159\u00edzen\u00edm. D\u011bti ocen\u00ed poscho\u010fovou postel a pro dosp\u011bl\u00e9 je p\u0159ipraveno pohodln\u00e9 \u201eleti\u0161t\u011b\u201c. P\u0159ed ka\u017ed\u00fdm apartm\u00e1nem je nav\u00edc p\u011bkn\u00e9 posezen\u00ed a cel\u00e9 prost\u0159ed\u00ed je velice hezky upraveno.<\/p>\n\n\n\n<figure class=\"wp-block-gallery has-nested-images columns-default is-cropped wp-block-gallery-2 is-layout-flex wp-block-gallery-is-layout-flex\">\n<figure class=\"wp-block-image size-large\"><img loading=\"lazy\" decoding=\"async\" width=\"1152\" height=\"2560\" data-id=\"140550\" src=\"https:\/\/all4camper.com\/\/wp-content\/uploads\/2022\/07\/20220603_182023-scaled-e1658651140285.jpg\" alt=\"\" class=\"wp-image-140550\" srcset=\"https:\/\/all4camper.com\/wp-content\/uploads\/2022\/07\/20220603_182023-scaled-e1658651140285.jpg 1152w, https:\/\/all4camper.com\/wp-content\/uploads\/2022\/07\/20220603_182023-scaled-e1658651140285-135x300.jpg 135w, https:\/\/all4camper.com\/wp-content\/uploads\/2022\/07\/20220603_182023-scaled-e1658651140285-486x1080.jpg 486w, https:\/\/all4camper.com\/wp-content\/uploads\/2022\/07\/20220603_182023-scaled-e1658651140285-68x150.jpg 68w, https:\/\/all4camper.com\/wp-content\/uploads\/2022\/07\/20220603_182023-scaled-e1658651140285-768x1707.jpg 768w, https:\/\/all4camper.com\/wp-content\/uploads\/2022\/07\/20220603_182023-scaled-e1658651140285-691x1536.jpg 691w, https:\/\/all4camper.com\/wp-content\/uploads\/2022\/07\/20220603_182023-scaled-e1658651140285-922x2048.jpg 922w, https:\/\/all4camper.com\/wp-content\/uploads\/2022\/07\/20220603_182023-scaled-e1658651140285-150x333.jpg 150w, https:\/\/all4camper.com\/wp-content\/uploads\/2022\/07\/20220603_182023-scaled-e1658651140285-300x667.jpg 300w, https:\/\/all4camper.com\/wp-content\/uploads\/2022\/07\/20220603_182023-scaled-e1658651140285-696x1547.jpg 696w, https:\/\/all4camper.com\/wp-content\/uploads\/2022\/07\/20220603_182023-scaled-e1658651140285-1068x2373.jpg 1068w\" sizes=\"auto, (max-width: 1152px) 100vw, 1152px\" \/><\/figure>\n\n\n\n<figure class=\"wp-block-image size-large\"><img loading=\"lazy\" decoding=\"async\" width=\"1920\" height=\"2560\" data-id=\"140552\" src=\"https:\/\/all4camper.com\/\/wp-content\/uploads\/2022\/07\/IMG_20210611_175416-scaled.jpg\" alt=\"\" class=\"wp-image-140552\" srcset=\"https:\/\/all4camper.com\/wp-content\/uploads\/2022\/07\/IMG_20210611_175416-scaled.jpg 1920w, https:\/\/all4camper.com\/wp-content\/uploads\/2022\/07\/IMG_20210611_175416-225x300.jpg 225w, https:\/\/all4camper.com\/wp-content\/uploads\/2022\/07\/IMG_20210611_175416-810x1080.jpg 810w, https:\/\/all4camper.com\/wp-content\/uploads\/2022\/07\/IMG_20210611_175416-113x150.jpg 113w, https:\/\/all4camper.com\/wp-content\/uploads\/2022\/07\/IMG_20210611_175416-768x1024.jpg 768w, https:\/\/all4camper.com\/wp-content\/uploads\/2022\/07\/IMG_20210611_175416-1152x1536.jpg 1152w, https:\/\/all4camper.com\/wp-content\/uploads\/2022\/07\/IMG_20210611_175416-1536x2048.jpg 1536w, https:\/\/all4camper.com\/wp-content\/uploads\/2022\/07\/IMG_20210611_175416-150x200.jpg 150w, https:\/\/all4camper.com\/wp-content\/uploads\/2022\/07\/IMG_20210611_175416-300x400.jpg 300w, https:\/\/all4camper.com\/wp-content\/uploads\/2022\/07\/IMG_20210611_175416-696x928.jpg 696w, https:\/\/all4camper.com\/wp-content\/uploads\/2022\/07\/IMG_20210611_175416-1068x1424.jpg 1068w\" sizes=\"auto, (max-width: 1920px) 100vw, 1920px\" \/><\/figure>\n<\/figure>\n\n\n\n<p>Pokud budete cht\u00edt vyrazit na v\u00fdlet a nebudete m\u00edt p\u0159edem nic napl\u00e1nov\u00e1no, tak to nen\u00ed v\u016fbec \u017e\u00e1dn\u00fd probl\u00e9m. Jednak se ve spole\u010densk\u00e9 m\u00edstnosti v&nbsp;hlavn\u00ed budov\u011b nach\u00e1z\u00ed spousta propaga\u010dn\u00edch materi\u00e1l\u016f, velmi p\u0159ehledn\u011b zpracovan\u00fdch, v\u0161e m\u00e1te na jednom list\u011b a jen vyb\u00edr\u00e1te. Dal\u0161\u00ed variantou je pobavit se s&nbsp;majiteli, kte\u0159\u00ed velice ochotn\u011b doporu\u010d\u00ed jak mo\u017enosti pro v\u00fdlet autem, pro p\u011b\u0161\u00ed \u010di cyklisty, stejn\u011b tak dobrou restauraci v&nbsp;bl\u00edzk\u00e9m okol\u00ed. Pokud holdujete cyklistice, tak si ur\u010dit\u011b p\u0159ivezte sv\u00e9 stroje, proto\u017ee tento kraje je cyklostezkami doslova protkan\u00fd a vy si tak m\u016f\u017eete dop\u0159\u00e1t \u0159adu v\u00fdlet\u016f. Nam\u00e1tkou t\u0159eba na hrad Helf\u0161t\u00fdn, co\u017e je pohodov\u00fdch 10 km, pak t\u0159eba k&nbsp;Hranick\u00e9 propasti (20km), dal\u0161\u00ed kulturn\u00ed pam\u00e1tkou dostupnou po cyklostezce je 15 km vzd\u00e1len\u00fd z\u00e1mek v&nbsp;Tova\u010dov\u011b.<\/p>\n\n\n\n<p>My jsme loni absolvovali v\u00fdlet do Zoo Le\u0161n\u00e1 u Zl\u00edna, kter\u00e1 je dle m\u00e9ho n\u00e1zoru pr\u00e1vem ozna\u010dov\u00e1na jako nejkr\u00e1sn\u011bj\u0161\u00ed zoologick\u00e1 zahrada u n\u00e1s, sami m\u016f\u017eete posoudit. Pokud jste zde ji\u017e byli, tak si m\u016f\u017eete st\u0159ihnout Zoo v&nbsp;Olomouci a jist\u011b tak\u00e9 nebudete zklam\u00e1ni v\u00fdletem na Svat\u00fd Kope\u010dek. V&nbsp;hork\u00fdch letn\u00edch dnech se m\u016f\u017eete vykoupat v&nbsp;p\u0159\u00edrodn\u00edm koupali\u0161ti Jadran, dal\u0161\u00ed t\u00e9ma pro cyklov\u00fdlet, p\u0159\u00edpadn\u011b autem n\u011bjak\u00fdch 7 km.<\/p>\n\n\n\n<figure class=\"wp-block-image size-large\"><img loading=\"lazy\" decoding=\"async\" width=\"1920\" height=\"865\" src=\"https:\/\/all4camper.com\/\/wp-content\/uploads\/2022\/07\/20220604_180903-1920x865.jpg\" alt=\"\" class=\"wp-image-140557\" srcset=\"https:\/\/all4camper.com\/wp-content\/uploads\/2022\/07\/20220604_180903-1920x865.jpg 1920w, https:\/\/all4camper.com\/wp-content\/uploads\/2022\/07\/20220604_180903-300x135.jpg 300w, https:\/\/all4camper.com\/wp-content\/uploads\/2022\/07\/20220604_180903-150x68.jpg 150w, https:\/\/all4camper.com\/wp-content\/uploads\/2022\/07\/20220604_180903-768x346.jpg 768w, https:\/\/all4camper.com\/wp-content\/uploads\/2022\/07\/20220604_180903-1536x692.jpg 1536w, https:\/\/all4camper.com\/wp-content\/uploads\/2022\/07\/20220604_180903-2048x923.jpg 2048w, https:\/\/all4camper.com\/wp-content\/uploads\/2022\/07\/20220604_180903-696x314.jpg 696w, https:\/\/all4camper.com\/wp-content\/uploads\/2022\/07\/20220604_180903-1068x481.jpg 1068w\" sizes=\"auto, (max-width: 1920px) 100vw, 1920px\" \/><\/figure>\n\n\n\n<p>Letos jsme jako c\u00edl v\u00fdletu vybrali legend\u00e1rn\u00ed Kv\u011btnou zahradu v&nbsp;Krom\u011b\u0159\u00ed\u017ei (<a href=\"https:\/\/www.kvetnazahrada-kromeriz.cz\/cs\">web<\/a>), kde jsme doposud nebyli. Autem cca 30 km, slab\u00e1 p\u016flhodinka cesty. Parkovat m\u016f\u017eete p\u0159\u00edmo p\u0159ed vstupem do are\u00e1lu. Vstup do Kv\u011btn\u00e9 zahrady je placen\u00fd a uhradit jej m\u016f\u017eete klidn\u011b kartou, tak\u017ee nen\u00ed t\u0159eba se zat\u011b\u017eovat hled\u00e1n\u00edm hotovosti. Samotn\u00e1 zahrada je opravdov\u00fd skvost, kter\u00fd jsme doposud znali jen z&nbsp;poh\u00e1dek a fotografi\u00ed, ur\u010dit\u011b doporu\u010duji nav\u0161t\u00edvit. Obdivovat zde bude mno\u017estv\u00ed r\u016fzn\u00fdch historick\u00fdch font\u00e1n, d\u011bti si vyhraj\u00ed v&nbsp;p\u0159\u00edrodn\u00edm bludi\u0161ti a are\u00e1l sk\u00fdt\u00e1 \u0159adu stinn\u00fdch m\u00edst pod stromy. Nebo si prost\u011b jen tak najdete p\u011bknou lavi\u010dku a budete relaxovat. Sou\u010d\u00e1st\u00ed zahrady je mj. vyhl\u00eddkov\u00e1 kolon\u00e1da, kter\u00e1 v&nbsp;sou\u010dasn\u00e9 dob\u011b proch\u00e1z\u00ed rekonstrukc\u00ed, jinak v\u0161ak nab\u00edz\u00ed n\u00e1dhern\u00fd v\u00fdhled z&nbsp;pta\u010d\u00ed perspektivy na zdej\u0161\u00ed zahradu.<\/p>\n\n\n\n<figure class=\"wp-block-gallery has-nested-images columns-default is-cropped wp-block-gallery-3 is-layout-flex wp-block-gallery-is-layout-flex\">\n<figure class=\"wp-block-image size-large\"><img loading=\"lazy\" decoding=\"async\" width=\"487\" height=\"1080\" data-id=\"140559\" src=\"https:\/\/all4camper.com\/\/wp-content\/uploads\/2022\/07\/20220604_154715-487x1080.jpg\" alt=\"\" class=\"wp-image-140559\" srcset=\"https:\/\/all4camper.com\/wp-content\/uploads\/2022\/07\/20220604_154715-487x1080.jpg 487w, https:\/\/all4camper.com\/wp-content\/uploads\/2022\/07\/20220604_154715-135x300.jpg 135w, https:\/\/all4camper.com\/wp-content\/uploads\/2022\/07\/20220604_154715-68x150.jpg 68w, https:\/\/all4camper.com\/wp-content\/uploads\/2022\/07\/20220604_154715-768x1704.jpg 768w, https:\/\/all4camper.com\/wp-content\/uploads\/2022\/07\/20220604_154715-692x1536.jpg 692w, https:\/\/all4camper.com\/wp-content\/uploads\/2022\/07\/20220604_154715-923x2048.jpg 923w, https:\/\/all4camper.com\/wp-content\/uploads\/2022\/07\/20220604_154715-150x333.jpg 150w, https:\/\/all4camper.com\/wp-content\/uploads\/2022\/07\/20220604_154715-300x666.jpg 300w, https:\/\/all4camper.com\/wp-content\/uploads\/2022\/07\/20220604_154715-696x1544.jpg 696w, https:\/\/all4camper.com\/wp-content\/uploads\/2022\/07\/20220604_154715-1068x2370.jpg 1068w, https:\/\/all4camper.com\/wp-content\/uploads\/2022\/07\/20220604_154715-1920x4260.jpg 1920w, https:\/\/all4camper.com\/wp-content\/uploads\/2022\/07\/20220604_154715-scaled.jpg 1154w\" sizes=\"auto, (max-width: 487px) 100vw, 487px\" \/><\/figure>\n\n\n\n<figure class=\"wp-block-image size-large\"><img loading=\"lazy\" decoding=\"async\" width=\"487\" height=\"1080\" data-id=\"140561\" src=\"https:\/\/all4camper.com\/\/wp-content\/uploads\/2022\/07\/20220604_161449-487x1080.jpg\" alt=\"\" class=\"wp-image-140561\" srcset=\"https:\/\/all4camper.com\/wp-content\/uploads\/2022\/07\/20220604_161449-487x1080.jpg 487w, https:\/\/all4camper.com\/wp-content\/uploads\/2022\/07\/20220604_161449-135x300.jpg 135w, https:\/\/all4camper.com\/wp-content\/uploads\/2022\/07\/20220604_161449-68x150.jpg 68w, https:\/\/all4camper.com\/wp-content\/uploads\/2022\/07\/20220604_161449-768x1704.jpg 768w, https:\/\/all4camper.com\/wp-content\/uploads\/2022\/07\/20220604_161449-692x1536.jpg 692w, https:\/\/all4camper.com\/wp-content\/uploads\/2022\/07\/20220604_161449-923x2048.jpg 923w, https:\/\/all4camper.com\/wp-content\/uploads\/2022\/07\/20220604_161449-150x333.jpg 150w, https:\/\/all4camper.com\/wp-content\/uploads\/2022\/07\/20220604_161449-300x666.jpg 300w, https:\/\/all4camper.com\/wp-content\/uploads\/2022\/07\/20220604_161449-696x1544.jpg 696w, https:\/\/all4camper.com\/wp-content\/uploads\/2022\/07\/20220604_161449-1068x2370.jpg 1068w, https:\/\/all4camper.com\/wp-content\/uploads\/2022\/07\/20220604_161449-1920x4260.jpg 1920w, https:\/\/all4camper.com\/wp-content\/uploads\/2022\/07\/20220604_161449-scaled.jpg 1154w\" sizes=\"auto, (max-width: 487px) 100vw, 487px\" \/><\/figure>\n<\/figure>\n\n\n\n<p>Jeliko\u017e jsou na\u0161e holky zat\u00ed\u017een\u00e9 na ko\u010dky a doma m\u00e1me aktu\u00e1ln\u011b 3 exempl\u00e1\u0159e, tak jsme pro n\u011b p\u0159ipravili mal\u00e9 p\u0159ekvapen\u00ed a v\u011bzte, \u017ee i vy \u010di va\u0161e d\u011bti budete m\u00edt radost. V&nbsp;bl\u00edzkosti Kv\u011btn\u00e9 zahrady se nach\u00e1z\u00ed ko\u010di\u010d\u00ed adop\u010dn\u00ed kav\u00e1rna Kitt Caf\u00e9 Toulav\u00fd r\u00e1j, kde si m\u016f\u017eete d\u00e1t velmi dobrou k\u00e1vu, v\u00fdbornou dom\u00e1c\u00ed limon\u00e1du a t\u0159eba i n\u011bjak\u00fd ten z\u00e1kusek. Posed\u011bt zde m\u016f\u017eete dle libosti a po celou dobu se mazlit s&nbsp;ko\u010dkami a kocoury. V&nbsp;podstat\u011b v\u0161echny jsou zvykl\u00e9 na kontakt a naopak jej velmi vyhled\u00e1vaj\u00ed, tak\u017ee ka\u017edou chv\u00edli v\u00e1m n\u011bjak\u00e1 skon\u010d\u00ed na kl\u00edn\u011b. Jen upozor\u0148uji, \u017ee se jedn\u00e1 o adop\u010dn\u00ed kav\u00e1rnu, tak\u017ee je mo\u017en\u00e9, \u017ee se v\u00e1m n\u011bkter\u00e1 zal\u00edb\u00ed natolik, \u017ee si ji odvezete zp\u00e1tky do Radslavic.<\/p>\n\n\n\n<p>Tohle je n\u00e1\u0161 tip na v\u00fdlet, vy v\u0161ak m\u016f\u017eete vyb\u00edrat z&nbsp;cel\u00e9 \u0159ady dal\u0161\u00edch a ur\u010dit\u011b si najdete to sv\u00e9. Majitel\u00e9 st\u00e1le investuj\u00ed do vylep\u0161en\u00ed cel\u00e9ho resortu, p\u0159ibyly nap\u0159\u00edklad kr\u00e1sn\u00e9 lavi\u010dky, pak slune\u010dn\u00ed clony p\u0159ed apartm\u00e1ny a hlavn\u00ed budovou a cel\u00fd are\u00e1l st\u00e1le p\u016fsob\u00ed dojmem, jako by byl postaven teprve v\u010dera, v\u0161e je jako nov\u00e9 a \u00fapln\u011b kr\u00e1sn\u00e9. Jinak a\u010d je resort prim\u00e1rn\u011b zam\u011b\u0159en na karavanisty a apartm\u00e1ny, tak v\u00e1s nevy\u017eenou ani se stanem \uf04a Are\u00e1l je nav\u00edc DogFriendly, tud\u00ed\u017e si sv\u00e9ho \u010dty\u0159noh\u00e9ho p\u0159\u00edtele m\u016f\u017eete vz\u00edt s&nbsp;sebou, jen pros\u00edm dbejte, aby si moc nev\u0161\u00edmal t\u0159eba bylinkov\u00e9 zahrady p\u0159ed hlavn\u00ed budovou, ty bylinky jsou v\u00e1m zcela k&nbsp;dispozici. Voln\u00e9 chv\u00edle m\u016f\u017eete tak\u00e9 tr\u00e1vit na nedalek\u00e9m d\u011btsk\u00e9m h\u0159i\u0161ti u fotbalov\u00e9ho stadionu, kde je z\u00e1rove\u0148 mal\u00e1 hosp\u016fdka. Rozhodn\u011b si tedy tento tip ulo\u017ete a vyrazte co nejd\u0159\u00edve, tady se v\u00e1m bude l\u00edbit, my se sem v\u017edy r\u00e1di vrac\u00edme a i v\u00e1m p\u0159ejeme kr\u00e1snou dovolenku.<\/p>\n\n\n\n<p>Dal\u0161\u00ed \u010dl\u00e1nek o tomto malebn\u00e9m resortu si m\u016f\u017eete p\u0159e\u010d\u00edst v \u010dl\u00e1nku <a href=\"\/cs?p=135890\" target=\"_blank\" rel=\"noreferrer noopener\">Par\u00e1dn\u00ed dovolen\u00e1 v mal\u00e9m rodinn\u00e9m kempu, kde osobn\u00ed p\u0159\u00edstup je prioritou<\/a><\/p>\n","protected":false},"excerpt":{"rendered":"<p>L\u00e9to se n\u00e1m rozb\u011bhlo na pln\u00e9 obr\u00e1tky a vy jist\u011b pl\u00e1nujete kam vyrazit se sv\u00fdm obytn\u00fdm kamar\u00e1dem. Zva\u017eujete, zda to n\u011bkde zaparkovat na dva t\u00fddny anebo prost\u011b p\u00e1r dn\u00ed poznat jedno m\u00edsto a zase pokra\u010dovat za dobrodru\u017estv\u00edm d\u00e1le. Dnes v\u00e1m p\u0159in\u00e1\u0161\u00edme recenzi na fantastick\u00fd rodinn\u00fd kemp, kter\u00fd rozhodn\u011b vyb\u00edz\u00ed k&nbsp;vyu\u017eit\u00ed t\u00e9 prvn\u00ed varianty, tedy del\u0161\u00edho [&hellip;]<\/p>\n","protected":false},"author":381,"featured_media":79252,"comment_status":"closed","ping_status":"open","sticky":false,"template":"","format":"standard","meta":{"_monsterinsights_skip_tracking":false,"_monsterinsights_sitenote_active":false,"_monsterinsights_sitenote_note":"","_monsterinsights_sitenote_category":0,"footnotes":""},"categories":[364,68,422,11685],"tags":[100,101,354,380],"class_list":{"0":"post-140535","1":"post","2":"type-post","3":"status-publish","4":"format-standard","5":"has-post-thumbnail","7":"category-cestujeme-a-kempujeme-v-cr","8":"category-kempovani-a-zajimave-cile","9":"category-novinky-kempovani-a-karavaning","10":"category-top-kempy","11":"tag-cechy","12":"tag-kempy-1","13":"tag-morava","14":"tag-topkempy"},"yoast_head":"<!-- This site is optimized with the Yoast SEO plugin v27.5 - https:\/\/yoast.com\/product\/yoast-seo-wordpress\/ -->\n<title>O\u00e1za klidu pro nejen pro karavanisty a milovn\u00edky v\u00fdlet\u016f\ufffc - All4Camper<\/title>\n<meta name=\"description\" content=\"Dnes v\u00e1m p\u0159in\u00e1\u0161\u00edme recenzi na fantastick\u00fd rodinn\u00fd kemp, kter\u00fd rozhodn\u011b vyb\u00edz\u00ed k\u00a0vyu\u017eit\u00ed t\u00e9 prvn\u00ed varianty, tedy del\u0161\u00edho pobytu. Zde je opravdu co pozn\u00e1vat a jedna dovolenka v\u00e1m na to ani nebude sta\u010dit.\" \/>\n<meta name=\"robots\" content=\"index, follow, max-snippet:-1, max-image-preview:large, max-video-preview:-1\" \/>\n<link rel=\"canonical\" href=\"https:\/\/all4camper.com\/cs\/oaza-klidu-pro-nejen-pro-karavanisty-a-milovniky-vyletu%ef%bf%bc\/\" \/>\n<meta property=\"og:locale\" content=\"cs_CZ\" \/>\n<meta property=\"og:type\" content=\"article\" \/>\n<meta property=\"og:title\" content=\"O\u00e1za klidu pro nejen pro karavanisty a milovn\u00edky v\u00fdlet\u016f\ufffc - All4Camper\" \/>\n<meta property=\"og:description\" content=\"Dnes v\u00e1m p\u0159in\u00e1\u0161\u00edme recenzi na fantastick\u00fd rodinn\u00fd kemp, kter\u00fd rozhodn\u011b vyb\u00edz\u00ed k\u00a0vyu\u017eit\u00ed t\u00e9 prvn\u00ed varianty, tedy del\u0161\u00edho pobytu. Zde je opravdu co pozn\u00e1vat a jedna dovolenka v\u00e1m na to ani nebude sta\u010dit.\" \/>\n<meta property=\"og:url\" content=\"https:\/\/all4camper.com\/cs\/oaza-klidu-pro-nejen-pro-karavanisty-a-milovniky-vyletu%ef%bf%bc\/\" \/>\n<meta property=\"og:site_name\" content=\"All4Camper\" \/>\n<meta property=\"article:published_time\" content=\"2022-07-24T08:34:18+00:00\" \/>\n<meta property=\"article:modified_time\" content=\"2022-07-24T10:33:43+00:00\" \/>\n<meta property=\"og:image\" content=\"https:\/\/all4camper.com\/wp-content\/uploads\/2019\/06\/radslavice.jpg\" \/>\n\t<meta property=\"og:image:width\" content=\"960\" \/>\n\t<meta property=\"og:image:height\" content=\"720\" \/>\n\t<meta property=\"og:image:type\" content=\"image\/jpeg\" \/>\n<meta name=\"author\" content=\"Ivo Pavelek\" \/>\n<meta name=\"twitter:card\" content=\"summary_large_image\" \/>\n<meta name=\"twitter:label1\" content=\"Napsal(a)\" \/>\n\t<meta name=\"twitter:data1\" content=\"Ivo Pavelek\" \/>\n\t<meta name=\"twitter:label2\" content=\"Odhadovan\u00e1 doba \u010dten\u00ed\" \/>\n\t<meta name=\"twitter:data2\" content=\"9 minut\" \/>\n<script type=\"application\/ld+json\" class=\"yoast-schema-graph\">{\"@context\":\"https:\\\/\\\/schema.org\",\"@graph\":[{\"@type\":\"Article\",\"@id\":\"https:\\\/\\\/all4camper.com\\\/cs\\\/oaza-klidu-pro-nejen-pro-karavanisty-a-milovniky-vyletu%ef%bf%bc\\\/#article\",\"isPartOf\":{\"@id\":\"https:\\\/\\\/all4camper.com\\\/cs\\\/oaza-klidu-pro-nejen-pro-karavanisty-a-milovniky-vyletu%ef%bf%bc\\\/\"},\"author\":{\"name\":\"Ivo Pavelek\",\"@id\":\"https:\\\/\\\/all4camper.com\\\/cs\\\/#\\\/schema\\\/person\\\/a6387842443a2105d550878fdd898965\"},\"headline\":\"O\u00e1za klidu pro nejen pro karavanisty a milovn\u00edky v\u00fdlet\u016f\ufffc\",\"datePublished\":\"2022-07-24T08:34:18+00:00\",\"dateModified\":\"2022-07-24T10:33:43+00:00\",\"mainEntityOfPage\":{\"@id\":\"https:\\\/\\\/all4camper.com\\\/cs\\\/oaza-klidu-pro-nejen-pro-karavanisty-a-milovniky-vyletu%ef%bf%bc\\\/\"},\"wordCount\":1730,\"publisher\":{\"@id\":\"https:\\\/\\\/all4camper.com\\\/cs\\\/#organization\"},\"image\":{\"@id\":\"https:\\\/\\\/all4camper.com\\\/cs\\\/oaza-klidu-pro-nejen-pro-karavanisty-a-milovniky-vyletu%ef%bf%bc\\\/#primaryimage\"},\"thumbnailUrl\":\"https:\\\/\\\/all4camper.com\\\/wp-content\\\/uploads\\\/2019\\\/06\\\/radslavice.jpg\",\"keywords\":[\"\u010cechy\",\"Kempy a kempovac\u00ed m\u00edsta\",\"Morava\",\"TOPkempy\"],\"articleSection\":[\"Cestujeme a kempujeme v \u010cR\",\"Kempy a zaj\u00edmav\u00e1 m\u00edsta\",\"Novinky - Kempov\u00e1n\u00ed a karavaning\",\"TOP kempy\"],\"inLanguage\":\"cs\"},{\"@type\":\"WebPage\",\"@id\":\"https:\\\/\\\/all4camper.com\\\/cs\\\/oaza-klidu-pro-nejen-pro-karavanisty-a-milovniky-vyletu%ef%bf%bc\\\/\",\"url\":\"https:\\\/\\\/all4camper.com\\\/cs\\\/oaza-klidu-pro-nejen-pro-karavanisty-a-milovniky-vyletu%ef%bf%bc\\\/\",\"name\":\"O\u00e1za klidu pro nejen pro karavanisty a milovn\u00edky v\u00fdlet\u016f\ufffc - All4Camper\",\"isPartOf\":{\"@id\":\"https:\\\/\\\/all4camper.com\\\/cs\\\/#website\"},\"primaryImageOfPage\":{\"@id\":\"https:\\\/\\\/all4camper.com\\\/cs\\\/oaza-klidu-pro-nejen-pro-karavanisty-a-milovniky-vyletu%ef%bf%bc\\\/#primaryimage\"},\"image\":{\"@id\":\"https:\\\/\\\/all4camper.com\\\/cs\\\/oaza-klidu-pro-nejen-pro-karavanisty-a-milovniky-vyletu%ef%bf%bc\\\/#primaryimage\"},\"thumbnailUrl\":\"https:\\\/\\\/all4camper.com\\\/wp-content\\\/uploads\\\/2019\\\/06\\\/radslavice.jpg\",\"datePublished\":\"2022-07-24T08:34:18+00:00\",\"dateModified\":\"2022-07-24T10:33:43+00:00\",\"description\":\"Dnes v\u00e1m p\u0159in\u00e1\u0161\u00edme recenzi na fantastick\u00fd rodinn\u00fd kemp, kter\u00fd rozhodn\u011b vyb\u00edz\u00ed k\u00a0vyu\u017eit\u00ed t\u00e9 prvn\u00ed varianty, tedy del\u0161\u00edho pobytu. Zde je opravdu co pozn\u00e1vat a jedna dovolenka v\u00e1m na to ani nebude sta\u010dit.\",\"breadcrumb\":{\"@id\":\"https:\\\/\\\/all4camper.com\\\/cs\\\/oaza-klidu-pro-nejen-pro-karavanisty-a-milovniky-vyletu%ef%bf%bc\\\/#breadcrumb\"},\"inLanguage\":\"cs\",\"potentialAction\":[{\"@type\":\"ReadAction\",\"target\":[\"https:\\\/\\\/all4camper.com\\\/cs\\\/oaza-klidu-pro-nejen-pro-karavanisty-a-milovniky-vyletu%ef%bf%bc\\\/\"]}]},{\"@type\":\"ImageObject\",\"inLanguage\":\"cs\",\"@id\":\"https:\\\/\\\/all4camper.com\\\/cs\\\/oaza-klidu-pro-nejen-pro-karavanisty-a-milovniky-vyletu%ef%bf%bc\\\/#primaryimage\",\"url\":\"https:\\\/\\\/all4camper.com\\\/wp-content\\\/uploads\\\/2019\\\/06\\\/radslavice.jpg\",\"contentUrl\":\"https:\\\/\\\/all4camper.com\\\/wp-content\\\/uploads\\\/2019\\\/06\\\/radslavice.jpg\",\"width\":960,\"height\":720},{\"@type\":\"BreadcrumbList\",\"@id\":\"https:\\\/\\\/all4camper.com\\\/cs\\\/oaza-klidu-pro-nejen-pro-karavanisty-a-milovniky-vyletu%ef%bf%bc\\\/#breadcrumb\",\"itemListElement\":[{\"@type\":\"ListItem\",\"position\":1,\"name\":\"Dom\u016f\",\"item\":\"https:\\\/\\\/all4camper.com\\\/cs\\\/\"},{\"@type\":\"ListItem\",\"position\":2,\"name\":\"Novinky - Kempov\u00e1n\u00ed a karavaning\",\"item\":\"https:\\\/\\\/all4camper.com\\\/cs\\\/category\\\/novinky-kempovani-a-karavaning\\\/\"},{\"@type\":\"ListItem\",\"position\":3,\"name\":\"O\u00e1za klidu pro nejen pro karavanisty a milovn\u00edky v\u00fdlet\u016f\ufffc\"}]},{\"@type\":\"WebSite\",\"@id\":\"https:\\\/\\\/all4camper.com\\\/cs\\\/#website\",\"url\":\"https:\\\/\\\/all4camper.com\\\/cs\\\/\",\"name\":\"All4Camper\",\"description\":\"Nejv\u011bt\u0161\u00ed online magaz\u00edn o kempov\u00e1n\u00ed a karavaninku. V\u00edce jak 900 \u010dl\u00e1nk\u016f pln\u00fdch rad a tip\u016f o kempech a kempov\u00e1n\u00ed.\",\"publisher\":{\"@id\":\"https:\\\/\\\/all4camper.com\\\/cs\\\/#organization\"},\"potentialAction\":[{\"@type\":\"SearchAction\",\"target\":{\"@type\":\"EntryPoint\",\"urlTemplate\":\"https:\\\/\\\/all4camper.com\\\/cs\\\/?s={search_term_string}\"},\"query-input\":{\"@type\":\"PropertyValueSpecification\",\"valueRequired\":true,\"valueName\":\"search_term_string\"}}],\"inLanguage\":\"cs\"},{\"@type\":\"Organization\",\"@id\":\"https:\\\/\\\/all4camper.com\\\/cs\\\/#organization\",\"name\":\"All4Camper - kempujeme s Kl\u00e1rou\",\"url\":\"https:\\\/\\\/all4camper.com\\\/cs\\\/\",\"logo\":{\"@type\":\"ImageObject\",\"inLanguage\":\"cs\",\"@id\":\"https:\\\/\\\/all4camper.com\\\/cs\\\/#\\\/schema\\\/logo\\\/image\\\/\",\"url\":\"https:\\\/\\\/all4camper.com\\\/wp-content\\\/uploads\\\/2018\\\/09\\\/novelogo.png\",\"contentUrl\":\"https:\\\/\\\/all4camper.com\\\/wp-content\\\/uploads\\\/2018\\\/09\\\/novelogo.png\",\"width\":1520,\"height\":600,\"caption\":\"All4Camper - kempujeme s Kl\u00e1rou\"},\"image\":{\"@id\":\"https:\\\/\\\/all4camper.com\\\/cs\\\/#\\\/schema\\\/logo\\\/image\\\/\"}},{\"@type\":\"Person\",\"@id\":\"https:\\\/\\\/all4camper.com\\\/cs\\\/#\\\/schema\\\/person\\\/a6387842443a2105d550878fdd898965\",\"name\":\"Ivo Pavelek\",\"url\":\"https:\\\/\\\/all4camper.com\\\/cs\\\/author\\\/ivopavelek\\\/\"}]}<\/script>\n<!-- \/ Yoast SEO plugin. -->","yoast_head_json":{"title":"O\u00e1za klidu pro nejen pro karavanisty a milovn\u00edky v\u00fdlet\u016f\ufffc - All4Camper","description":"Dnes v\u00e1m p\u0159in\u00e1\u0161\u00edme recenzi na fantastick\u00fd rodinn\u00fd kemp, kter\u00fd rozhodn\u011b vyb\u00edz\u00ed k\u00a0vyu\u017eit\u00ed t\u00e9 prvn\u00ed varianty, tedy del\u0161\u00edho pobytu. Zde je opravdu co pozn\u00e1vat a jedna dovolenka v\u00e1m na to ani nebude sta\u010dit.","robots":{"index":"index","follow":"follow","max-snippet":"max-snippet:-1","max-image-preview":"max-image-preview:large","max-video-preview":"max-video-preview:-1"},"canonical":"https:\/\/all4camper.com\/cs\/oaza-klidu-pro-nejen-pro-karavanisty-a-milovniky-vyletu%ef%bf%bc\/","og_locale":"cs_CZ","og_type":"article","og_title":"O\u00e1za klidu pro nejen pro karavanisty a milovn\u00edky v\u00fdlet\u016f\ufffc - All4Camper","og_description":"Dnes v\u00e1m p\u0159in\u00e1\u0161\u00edme recenzi na fantastick\u00fd rodinn\u00fd kemp, kter\u00fd rozhodn\u011b vyb\u00edz\u00ed k\u00a0vyu\u017eit\u00ed t\u00e9 prvn\u00ed varianty, tedy del\u0161\u00edho pobytu. Zde je opravdu co pozn\u00e1vat a jedna dovolenka v\u00e1m na to ani nebude sta\u010dit.","og_url":"https:\/\/all4camper.com\/cs\/oaza-klidu-pro-nejen-pro-karavanisty-a-milovniky-vyletu%ef%bf%bc\/","og_site_name":"All4Camper","article_published_time":"2022-07-24T08:34:18+00:00","article_modified_time":"2022-07-24T10:33:43+00:00","og_image":[{"width":960,"height":720,"url":"https:\/\/all4camper.com\/wp-content\/uploads\/2019\/06\/radslavice.jpg","type":"image\/jpeg"}],"author":"Ivo Pavelek","twitter_card":"summary_large_image","twitter_misc":{"Napsal(a)":"Ivo Pavelek","Odhadovan\u00e1 doba \u010dten\u00ed":"9 minut"},"schema":{"@context":"https:\/\/schema.org","@graph":[{"@type":"Article","@id":"https:\/\/all4camper.com\/cs\/oaza-klidu-pro-nejen-pro-karavanisty-a-milovniky-vyletu%ef%bf%bc\/#article","isPartOf":{"@id":"https:\/\/all4camper.com\/cs\/oaza-klidu-pro-nejen-pro-karavanisty-a-milovniky-vyletu%ef%bf%bc\/"},"author":{"name":"Ivo Pavelek","@id":"https:\/\/all4camper.com\/cs\/#\/schema\/person\/a6387842443a2105d550878fdd898965"},"headline":"O\u00e1za klidu pro nejen pro karavanisty a milovn\u00edky v\u00fdlet\u016f\ufffc","datePublished":"2022-07-24T08:34:18+00:00","dateModified":"2022-07-24T10:33:43+00:00","mainEntityOfPage":{"@id":"https:\/\/all4camper.com\/cs\/oaza-klidu-pro-nejen-pro-karavanisty-a-milovniky-vyletu%ef%bf%bc\/"},"wordCount":1730,"publisher":{"@id":"https:\/\/all4camper.com\/cs\/#organization"},"image":{"@id":"https:\/\/all4camper.com\/cs\/oaza-klidu-pro-nejen-pro-karavanisty-a-milovniky-vyletu%ef%bf%bc\/#primaryimage"},"thumbnailUrl":"https:\/\/all4camper.com\/wp-content\/uploads\/2019\/06\/radslavice.jpg","keywords":["\u010cechy","Kempy a kempovac\u00ed m\u00edsta","Morava","TOPkempy"],"articleSection":["Cestujeme a kempujeme v \u010cR","Kempy a zaj\u00edmav\u00e1 m\u00edsta","Novinky - Kempov\u00e1n\u00ed a karavaning","TOP kempy"],"inLanguage":"cs"},{"@type":"WebPage","@id":"https:\/\/all4camper.com\/cs\/oaza-klidu-pro-nejen-pro-karavanisty-a-milovniky-vyletu%ef%bf%bc\/","url":"https:\/\/all4camper.com\/cs\/oaza-klidu-pro-nejen-pro-karavanisty-a-milovniky-vyletu%ef%bf%bc\/","name":"O\u00e1za klidu pro nejen pro karavanisty a milovn\u00edky v\u00fdlet\u016f\ufffc - All4Camper","isPartOf":{"@id":"https:\/\/all4camper.com\/cs\/#website"},"primaryImageOfPage":{"@id":"https:\/\/all4camper.com\/cs\/oaza-klidu-pro-nejen-pro-karavanisty-a-milovniky-vyletu%ef%bf%bc\/#primaryimage"},"image":{"@id":"https:\/\/all4camper.com\/cs\/oaza-klidu-pro-nejen-pro-karavanisty-a-milovniky-vyletu%ef%bf%bc\/#primaryimage"},"thumbnailUrl":"https:\/\/all4camper.com\/wp-content\/uploads\/2019\/06\/radslavice.jpg","datePublished":"2022-07-24T08:34:18+00:00","dateModified":"2022-07-24T10:33:43+00:00","description":"Dnes v\u00e1m p\u0159in\u00e1\u0161\u00edme recenzi na fantastick\u00fd rodinn\u00fd kemp, kter\u00fd rozhodn\u011b vyb\u00edz\u00ed k\u00a0vyu\u017eit\u00ed t\u00e9 prvn\u00ed varianty, tedy del\u0161\u00edho pobytu. Zde je opravdu co pozn\u00e1vat a jedna dovolenka v\u00e1m na to ani nebude sta\u010dit.","breadcrumb":{"@id":"https:\/\/all4camper.com\/cs\/oaza-klidu-pro-nejen-pro-karavanisty-a-milovniky-vyletu%ef%bf%bc\/#breadcrumb"},"inLanguage":"cs","potentialAction":[{"@type":"ReadAction","target":["https:\/\/all4camper.com\/cs\/oaza-klidu-pro-nejen-pro-karavanisty-a-milovniky-vyletu%ef%bf%bc\/"]}]},{"@type":"ImageObject","inLanguage":"cs","@id":"https:\/\/all4camper.com\/cs\/oaza-klidu-pro-nejen-pro-karavanisty-a-milovniky-vyletu%ef%bf%bc\/#primaryimage","url":"https:\/\/all4camper.com\/wp-content\/uploads\/2019\/06\/radslavice.jpg","contentUrl":"https:\/\/all4camper.com\/wp-content\/uploads\/2019\/06\/radslavice.jpg","width":960,"height":720},{"@type":"BreadcrumbList","@id":"https:\/\/all4camper.com\/cs\/oaza-klidu-pro-nejen-pro-karavanisty-a-milovniky-vyletu%ef%bf%bc\/#breadcrumb","itemListElement":[{"@type":"ListItem","position":1,"name":"Dom\u016f","item":"https:\/\/all4camper.com\/cs\/"},{"@type":"ListItem","position":2,"name":"Novinky - Kempov\u00e1n\u00ed a karavaning","item":"https:\/\/all4camper.com\/cs\/category\/novinky-kempovani-a-karavaning\/"},{"@type":"ListItem","position":3,"name":"O\u00e1za klidu pro nejen pro karavanisty a milovn\u00edky v\u00fdlet\u016f\ufffc"}]},{"@type":"WebSite","@id":"https:\/\/all4camper.com\/cs\/#website","url":"https:\/\/all4camper.com\/cs\/","name":"All4Camper","description":"Nejv\u011bt\u0161\u00ed online magaz\u00edn o kempov\u00e1n\u00ed a karavaninku. V\u00edce jak 900 \u010dl\u00e1nk\u016f pln\u00fdch rad a tip\u016f o kempech a kempov\u00e1n\u00ed.","publisher":{"@id":"https:\/\/all4camper.com\/cs\/#organization"},"potentialAction":[{"@type":"SearchAction","target":{"@type":"EntryPoint","urlTemplate":"https:\/\/all4camper.com\/cs\/?s={search_term_string}"},"query-input":{"@type":"PropertyValueSpecification","valueRequired":true,"valueName":"search_term_string"}}],"inLanguage":"cs"},{"@type":"Organization","@id":"https:\/\/all4camper.com\/cs\/#organization","name":"All4Camper - kempujeme s Kl\u00e1rou","url":"https:\/\/all4camper.com\/cs\/","logo":{"@type":"ImageObject","inLanguage":"cs","@id":"https:\/\/all4camper.com\/cs\/#\/schema\/logo\/image\/","url":"https:\/\/all4camper.com\/wp-content\/uploads\/2018\/09\/novelogo.png","contentUrl":"https:\/\/all4camper.com\/wp-content\/uploads\/2018\/09\/novelogo.png","width":1520,"height":600,"caption":"All4Camper - kempujeme s Kl\u00e1rou"},"image":{"@id":"https:\/\/all4camper.com\/cs\/#\/schema\/logo\/image\/"}},{"@type":"Person","@id":"https:\/\/all4camper.com\/cs\/#\/schema\/person\/a6387842443a2105d550878fdd898965","name":"Ivo Pavelek","url":"https:\/\/all4camper.com\/cs\/author\/ivopavelek\/"}]}},"_links":{"self":[{"href":"https:\/\/all4camper.com\/cs\/wp-json\/wp\/v2\/posts\/140535","targetHints":{"allow":["GET"]}}],"collection":[{"href":"https:\/\/all4camper.com\/cs\/wp-json\/wp\/v2\/posts"}],"about":[{"href":"https:\/\/all4camper.com\/cs\/wp-json\/wp\/v2\/types\/post"}],"author":[{"embeddable":true,"href":"https:\/\/all4camper.com\/cs\/wp-json\/wp\/v2\/users\/381"}],"replies":[{"embeddable":true,"href":"https:\/\/all4camper.com\/cs\/wp-json\/wp\/v2\/comments?post=140535"}],"version-history":[{"count":0,"href":"https:\/\/all4camper.com\/cs\/wp-json\/wp\/v2\/posts\/140535\/revisions"}],"wp:featuredmedia":[{"embeddable":true,"href":"https:\/\/all4camper.com\/cs\/wp-json\/wp\/v2\/media\/79252"}],"wp:attachment":[{"href":"https:\/\/all4camper.com\/cs\/wp-json\/wp\/v2\/media?parent=140535"}],"wp:term":[{"taxonomy":"category","embeddable":true,"href":"https:\/\/all4camper.com\/cs\/wp-json\/wp\/v2\/categories?post=140535"},{"taxonomy":"post_tag","embeddable":true,"href":"https:\/\/all4camper.com\/cs\/wp-json\/wp\/v2\/tags?post=140535"}],"curies":[{"name":"wp","href":"https:\/\/api.w.org\/{rel}","templated":true}]}}