{"id":140521,"date":"2022-06-21T07:00:00","date_gmt":"2022-06-21T05:00:00","guid":{"rendered":"https:\/\/all4camper.com\/\/?p=140521"},"modified":"2022-12-13T14:02:31","modified_gmt":"2022-12-13T13:02:31","slug":"spanelske-kempy-jsou-skvele-pripravene-na-karavanisty","status":"publish","type":"post","link":"https:\/\/all4camper.com\/cs\/spanelske-kempy-jsou-skvele-pripravene-na-karavanisty\/","title":{"rendered":"\u0160pan\u011blsk\u00e9 kempy jsou skv\u011ble p\u0159ipraven\u00e9 na karavanisty"},"content":{"rendered":"\n<p><strong>Hostem dal\u0161\u00edho d\u00edlu podcastu Studio Karavan byla op\u011bt Zuzana Churanov\u00e1, z\u00e1stupkyn\u011b \u0160pan\u011blsk\u00e9 centr\u00e1ly cestovn\u00edho ruchu pro \u010ceskou republiku. Ta Studio Karavan nav\u0161t\u00edvila ji\u017e po druh\u00e9. Zat\u00edmco poprv\u00e9 mluvila o <\/strong><a href=\"https:\/\/studiokaravan.cz\/spanelsko-krasna-zeme-pro-aktivni-dovolenou-i-karavaning\/\" target=\"_blank\" rel=\"noreferrer noopener\"><strong>cestov\u00e1n\u00ed po \u0160pan\u011blsku s&nbsp;karavanem obecn\u011b<\/strong><\/a><strong>, tentokr\u00e1t poslucha\u010de sezn\u00e1mila se \u0161pan\u011blsk\u00fdmi kempy, doporu\u010dila, kam si zaj\u00edt na ob\u011bd, a jak se vyhnout probl\u00e9m\u016fm p\u0159i placen\u00ed m\u00fdtn\u00e9ho na \u0161pan\u011blsk\u00fdch d\u00e1lnic\u00edch.<\/strong><\/p>\n\n\n\n<figure class=\"wp-block-embed is-type-rich is-provider-spotify wp-block-embed-spotify wp-embed-aspect-21-9 wp-has-aspect-ratio\"><div class=\"wp-block-embed__wrapper\">\n<iframe title=\"Spotify Embed: #20 Kempov\u00e1n\u00ed ve \u0160pan\u011blsku\" style=\"border-radius: 12px\" width=\"100%\" height=\"152\" frameborder=\"0\" allowfullscreen allow=\"autoplay; clipboard-write; encrypted-media; fullscreen; picture-in-picture\" loading=\"lazy\" src=\"https:\/\/open.spotify.com\/embed\/episode\/4WQfhQHI2TmIIQKcuBbsNt?si=vp6cQJ1ESYyfOOckH-KHTQ&#038;utm_source=oembed\"><\/iframe>\n<\/div><\/figure>\n\n\n\n<figure class=\"wp-block-image size-full\"><img loading=\"lazy\" decoding=\"async\" width=\"1280\" height=\"853\" src=\"https:\/\/all4camper.com\/\/wp-content\/uploads\/2022\/06\/sea-gd65f15790_1280.jpg\" alt=\"\" class=\"wp-image-140522\" srcset=\"https:\/\/all4camper.com\/wp-content\/uploads\/2022\/06\/sea-gd65f15790_1280.jpg 1280w, https:\/\/all4camper.com\/wp-content\/uploads\/2022\/06\/sea-gd65f15790_1280-300x200.jpg 300w, https:\/\/all4camper.com\/wp-content\/uploads\/2022\/06\/sea-gd65f15790_1280-150x100.jpg 150w, https:\/\/all4camper.com\/wp-content\/uploads\/2022\/06\/sea-gd65f15790_1280-768x512.jpg 768w, https:\/\/all4camper.com\/wp-content\/uploads\/2022\/06\/sea-gd65f15790_1280-696x464.jpg 696w, https:\/\/all4camper.com\/wp-content\/uploads\/2022\/06\/sea-gd65f15790_1280-1068x712.jpg 1068w\" sizes=\"auto, (max-width: 1280px) 100vw, 1280px\" \/><\/figure>\n\n\n\n<p>Na ot\u00e1zku, jak je \u0160pan\u011blsko p\u0159ipraveno na karavanisty, odpov\u00edd\u00e1 Zuzana Churanov\u00e1 jasn\u011b: Skv\u011ble. \u0160pan\u011bl\u00e9 dlouh\u00e1 l\u00e9ta p\u0159ij\u00edmaj\u00ed karavanisty z&nbsp;okoln\u00edch zem\u00ed, jako je Francie a N\u011bmecko, kte\u0159\u00ed vy\u017eaduj\u00ed ur\u010dit\u00fd standard, \u010demu\u017e odpov\u00edd\u00e1 stav m\u00edstn\u00edch kemp\u016f. V&nbsp;dob\u011b koronaviru nav\u00edc \u0160pan\u011blsko pro\u017e\u00edvalo boom v&nbsp;r\u00e1mci dom\u00e1c\u00ed turistiky. <strong>D\u00edky tomu se ve \u0160pan\u011blsku moment\u00e1ln\u011b nach\u00e1z\u00ed zhruba \u0161est set kemp\u016f, ve kter\u00fdch mohou st\u00e1t i karavany. <\/strong>Kempy jsou rozesety po cel\u00e9m \u0160pan\u011blsku, ale nejv\u00edce jich cestovatel\u00e9 najdou na pob\u0159e\u017e\u00ed. Kempy se ale hojn\u011b nach\u00e1zej\u00ed i ve vnitrozem\u00ed v&nbsp;oblasti Aragonie a Kastilie a kolem Madridu.<\/p>\n\n\n\n<div class=\"wp-block-group\"><div class=\"wp-block-group__inner-container is-layout-flow wp-block-group-is-layout-flow\">\n<p><strong>Kempov\u00e1n\u00ed na divoko je ve \u0160pan\u011blsku zak\u00e1zan\u00e9. Kempovat zde lze pouze na vymezen\u00fdch m\u00edstech.<\/strong> Je to z&nbsp;toho d\u016fvodu, \u017ee ve \u0160pan\u011blsku je p\u0159\u00edli\u0161 velk\u00e9 teplo a \u010dasto zde propukaj\u00ed po\u017e\u00e1ry. <strong>St\u00e1t s&nbsp;karavanem \u010di obytn\u00fdm vozem lze v\u0161ak t\u00e9m\u011b\u0159 kdekoliv v&nbsp;souladu s&nbsp;p\u0159edpisy, ale nelze p\u0159i tom kempovat, roztahovat mark\u00fdzu a vytahovat \u017eidli\u010dky.<\/strong><\/p>\n\n\n\n<figure class=\"wp-block-image size-full\"><img loading=\"lazy\" decoding=\"async\" width=\"1280\" height=\"853\" src=\"https:\/\/all4camper.com\/\/wp-content\/uploads\/2022\/06\/cala-agulla-2000385_1280.jpg\" alt=\"\" class=\"wp-image-140524\" srcset=\"https:\/\/all4camper.com\/wp-content\/uploads\/2022\/06\/cala-agulla-2000385_1280.jpg 1280w, https:\/\/all4camper.com\/wp-content\/uploads\/2022\/06\/cala-agulla-2000385_1280-300x200.jpg 300w, https:\/\/all4camper.com\/wp-content\/uploads\/2022\/06\/cala-agulla-2000385_1280-150x100.jpg 150w, https:\/\/all4camper.com\/wp-content\/uploads\/2022\/06\/cala-agulla-2000385_1280-768x512.jpg 768w, https:\/\/all4camper.com\/wp-content\/uploads\/2022\/06\/cala-agulla-2000385_1280-696x464.jpg 696w, https:\/\/all4camper.com\/wp-content\/uploads\/2022\/06\/cala-agulla-2000385_1280-1068x712.jpg 1068w\" sizes=\"auto, (max-width: 1280px) 100vw, 1280px\" \/><\/figure>\n\n\n\n<p>Kvalita kemp\u016f se ve \u0160pan\u011blsku m\u011b\u0159\u00ed pomoc\u00ed piktogramu stan\u016f, kter\u00e9 uvid\u00edte p\u0159i p\u0159\u00edjezdu do kempu. \u010c\u00edm v\u00edce \u201estan\u016f\u201c, t\u00edm kvalitn\u011bj\u0161\u00ed kemp. Nejvy\u0161\u0161\u00ed po\u010det \u201estan\u016f\u201c, kter\u00fdmi se kemp m\u016f\u017ee py\u0161nit, jsou t\u0159i. I kempy s&nbsp;jedn\u00edm \u201estanem\u201c ov\u0161em poskytuj\u00ed dostate\u010dn\u00e9 z\u00e1zem\u00ed, je zde k&nbsp;dispozici voda a ve\u0161ker\u00e1 infrastruktura, ale chyb\u00ed vybaven\u00ed typu su\u0161\u00e1rna, baz\u00e9n apod.<\/p>\n<\/div><\/div>\n\n\n\n<div class=\"wp-block-group\"><div class=\"wp-block-group__inner-container is-layout-flow wp-block-group-is-layout-flow\">\n<p>Ve \u0160pan\u011blsku b\u00fdv\u00e1 standardem, \u017ee kempy poskytuj\u00ed r\u016fzn\u00e9 slevy na okoln\u00ed atrakce a do restaurac\u00ed \u010di vinn\u00fdch sklep\u016f. Nav\u00edc samy kempy doporu\u010duj\u00ed aktivity v&nbsp;okol\u00ed a vystav\u00ed v\u00e1m potvrzen\u00ed, \u017ee jste u nich ubytovan\u00ed, na z\u00e1klad\u011b \u010deho\u017e pak na dan\u00e9m m\u00edst\u011b dostanete slevu.<\/p>\n\n\n\n<p>Cena kempu se odv\u00edj\u00ed od ro\u010dn\u00edho obdob\u00ed, ve kter\u00e9m po \u0160pan\u011blsku cestujete. Od kv\u011btna do srpna jsou ceny nejvy\u0161\u0161\u00ed, pak za\u010d\u00ednaj\u00ed klesat a mohou se li\u0161it a\u017e o polovinu. Od ledna do b\u0159ezna se ceny pohybuj\u00ed okolo 15 a\u017e 17 eur za karavan a dv\u011b osoby. Za d\u011bti se podle v\u011bku p\u0159ipl\u00e1c\u00ed asi 3 a\u017e 4 eura. V&nbsp;l\u00e9t\u011b pak cena kempu m\u016f\u017ee b\u00fdt 25 a\u017e 30 eur za karavan.<\/p>\n<\/div><\/div>\n\n\n\n<figure class=\"wp-block-image size-full is-resized\"><img loading=\"lazy\" decoding=\"async\" src=\"https:\/\/all4camper.com\/\/wp-content\/uploads\/2022\/06\/ruidera-lagoons-247935_1280.jpg\" alt=\"\" class=\"wp-image-140526\" width=\"696\" height=\"522\" srcset=\"https:\/\/all4camper.com\/wp-content\/uploads\/2022\/06\/ruidera-lagoons-247935_1280.jpg 1280w, https:\/\/all4camper.com\/wp-content\/uploads\/2022\/06\/ruidera-lagoons-247935_1280-300x225.jpg 300w, https:\/\/all4camper.com\/wp-content\/uploads\/2022\/06\/ruidera-lagoons-247935_1280-150x113.jpg 150w, https:\/\/all4camper.com\/wp-content\/uploads\/2022\/06\/ruidera-lagoons-247935_1280-768x576.jpg 768w, https:\/\/all4camper.com\/wp-content\/uploads\/2022\/06\/ruidera-lagoons-247935_1280-696x522.jpg 696w, https:\/\/all4camper.com\/wp-content\/uploads\/2022\/06\/ruidera-lagoons-247935_1280-1068x801.jpg 1068w\" sizes=\"auto, (max-width: 696px) 100vw, 696px\" \/><figcaption class=\"wp-element-caption\">laguny Ruidera<\/figcaption><\/figure>\n\n\n\n<p>Pokud jde o potraviny, jejich ceny jsou v&nbsp;obchodech srovnateln\u00e9 s&nbsp;\u010ceskou republikou. N\u011bkter\u00e9 potraviny budou dra\u017e\u0161\u00ed, jin\u00e9 zase naopak lacin\u011bj\u0161\u00ed. Levn\u00e9 je nap\u0159\u00edklad v\u00edno \u010di olivov\u00fd olej. <strong>Na ob\u011bd doporu\u010duje Zuzana Churanov\u00e1 zaj\u00edt do restaurace na menu, kter\u00e1 se ve v\u0161edn\u00ed dny za\u010d\u00ednaj\u00ed vyd\u00e1vat zhruba od jedn\u00e9 hodiny, proto\u017ee ve \u0160pan\u011blsku se neob\u011bdv\u00e1 ve dvan\u00e1ct. Ceny t\u011bchto menu se pohybuj\u00ed okolo 12 eur, ale je pot\u0159eba d\u00e1vat pozor, zda je cena uveden\u00e1 s&nbsp;DPH. <\/strong>Menu je slo\u017een\u00e9 ze dvou j\u00eddel, jejich\u017e kombinaci si sami vyb\u00edr\u00e1te, ze z\u00e1kusku, v\u00edna a vody.<\/p>\n\n\n\n<h2 class=\"wp-block-heading\">D\u00e1lni\u010dn\u00ed poplatky<\/h2>\n\n\n\n<p>Ve \u0160pan\u011blsku nejsou d\u00e1lni\u010dn\u00ed zn\u00e1mky, plat\u00ed se zde m\u00fdtn\u00e9. D\u016fle\u017eitou v\u011bc\u00ed, na kterou Zuzana Churanov\u00e1 upozor\u0148uje, je to, \u017ee \u010desk\u00e9 karty vy\u017eaduj\u00ed p\u0159i platb\u011b nad 500 korun zad\u00e1n\u00ed pinu. Na \u0161pan\u011blsk\u00fdch d\u00e1lnic\u00edch pak m\u016f\u017ee doj\u00edt k&nbsp;probl\u00e9mu, proto\u017ee zde p\u0159i platb\u011b kartou nen\u00ed kde zadat pin. Zuzana Churanov\u00e1 proto doporu\u010duje zjistit si p\u0159ed cestou ceny m\u00fdtn\u00e9ho a vybavit se pro jistotu hotovost\u00ed. <strong>Na str\u00e1nk\u00e1ch <a href=\"https:\/\/www.mitma.gob.es\/carreteras\">\u0161pan\u011blsk\u00e9ho ministerstva dopravy<\/a> najdete mapu, ceny jednotliv\u00fdch \u00fasek\u016f i m\u00edsta, kde se poplatky neplat\u00ed.<\/strong><\/p>\n\n\n\n<div class=\"wp-block-group has-very-light-gray-to-cyan-bluish-gray-gradient-background has-background\"><div class=\"wp-block-group__inner-container is-layout-flow wp-block-group-is-layout-flow\">\n<p>Karavanist\u00e9 ocen\u00ed port\u00e1l <a href=\"https:\/\/www.caramaps.com\/\">Caramaps.com<\/a>, kde jsou k&nbsp;dispozici mapy, doporu\u010den\u00e9 itiner\u00e1\u0159e a parkovac\u00ed m\u00edsta. Dal\u0161\u00ed hotov\u00e9 itiner\u00e1\u0159e cest najdete na webu <a href=\"https:\/\/www.vayacamping.net\/\">Vayacamping<\/a>. Kdo netu\u0161\u00ed, kam se ve \u0160pan\u011blsku vydat, najde tam spoustu cest po r\u016fzn\u00fdch oblastech i s&nbsp;informacemi, kde p\u0159espat a co nav\u0161t\u00edvit. Na port\u00e1lu <a href=\"https:\/\/www.wikiloc.com\/\">Wikiloc.com<\/a> se nach\u00e1zej\u00ed dal\u0161\u00ed itiner\u00e1\u0159e vytvo\u0159en\u00e9 p\u0159\u00edmo lidmi, kte\u0159\u00ed je sami absolvovali a p\u0159ipojuj\u00ed vlastn\u00ed zku\u0161enosti.<\/p>\n\n\n\n<p>Pokud p\u0159i sv\u00e9 cest\u011b hled\u00e1te stellplatz, najdete je zmapovan\u00e9 na webu <a href=\"https:\/\/www.areasac.es\/area-autocaravanas\/areasaces\/inicio_132_1_ap.html\">Areasac.es<\/a>. Nach\u00e1z\u00ed se tu mapa cel\u00e9ho \u0160pan\u011blska. U v\u0161ech m\u00edst se nach\u00e1z\u00ed i jejich popis s&nbsp;podrobn\u00fdmi informacemi o jejich vybaven\u00ed a sou\u0159adnicemi. Obecn\u00e9 informace o cestov\u00e1n\u00ed po \u0160pan\u011blsku najdete na webu <a href=\"http:\/\/www.spain.info\/\">spain.info<\/a>.<\/p>\n<\/div><\/div>\n\n\n\n<pre class=\"wp-block-preformatted\"><strong>Poslechn\u011bte si n\u00e1s. A kde n\u00e1s najdete? Na platform\u011b Spotify (viz. v\u00fd\u0161e), d\u00e1le na&nbsp;<a href=\"https:\/\/podcasts.apple.com\/us\/podcast\/studio-karavan\/id1603600027\" target=\"_blank\" rel=\"noreferrer noopener\">Apple podcast<\/a>&nbsp;a samoz\u0159ejm\u011b na&nbsp;<a href=\"https:\/\/anchor.fm\/studio-karavan\" target=\"_blank\" rel=\"noreferrer noopener\">Anchor<\/a>&nbsp;a&nbsp;<a href=\"https:\/\/podcasts.google.com\/feed\/aHR0cHM6Ly9hbmNob3IuZm0vcy83MzQ5MzYwOC9wb2RjYXN0L3Jzcw\" target=\"_blank\" rel=\"noreferrer noopener\">Google Podcasty<\/a>.&nbsp;V\u0161echny na\u0161e vydan\u00e9 d\u00edly si samoz\u0159ejm\u011b m\u016f\u017eete prohl\u00e9dnout i&nbsp;<a href=\"\/cs?cat_ID=11699\" target=\"_blank\" rel=\"noreferrer noopener\">v t\u00e9to rubrice<\/a>.<\/strong> Nov\u011b je studio karavan i na <a href=\"https:\/\/studiokaravan.cz\/\" target=\"_blank\" rel=\"noreferrer noopener\">t\u011bchto<\/a> webov\u00fdch str\u00e1nk\u00e1ch.<\/pre>\n","protected":false},"excerpt":{"rendered":"<p>Hostem dal\u0161\u00edho d\u00edlu podcastu Studio Karavan byla op\u011bt Zuzana Churanov\u00e1, z\u00e1stupkyn\u011b \u0160pan\u011blsk\u00e9 centr\u00e1ly cestovn\u00edho ruchu pro \u010ceskou republiku. Ta Studio Karavan nav\u0161t\u00edvila ji\u017e po druh\u00e9. Zat\u00edmco poprv\u00e9 mluvila o cestov\u00e1n\u00ed po \u0160pan\u011blsku s&nbsp;karavanem obecn\u011b, tentokr\u00e1t poslucha\u010de sezn\u00e1mila se \u0161pan\u011blsk\u00fdmi kempy, doporu\u010dila, kam si zaj\u00edt na ob\u011bd, a jak se vyhnout probl\u00e9m\u016fm p\u0159i placen\u00ed m\u00fdtn\u00e9ho na [&hellip;]<\/p>\n","protected":false},"author":4,"featured_media":140522,"comment_status":"closed","ping_status":"open","sticky":false,"template":"","format":"audio","meta":{"_monsterinsights_skip_tracking":false,"_monsterinsights_sitenote_active":false,"_monsterinsights_sitenote_note":"","_monsterinsights_sitenote_category":0,"footnotes":""},"categories":[11546,68,422,8209,11699],"tags":[101,11700,85,11755],"class_list":{"0":"post-140521","1":"post","2":"type-post","3":"status-publish","4":"format-audio","5":"has-post-thumbnail","7":"category-kempujeme-a-cestujeme-spanelsko","8":"category-kempovani-a-zajimave-cile","9":"category-novinky-kempovani-a-karavaning","10":"category-rady-tipy-informace","11":"category-podcasty-studio-karavan","12":"tag-kempy-1","14":"tag-spanelsko","15":"tag-studiokaravan","16":"post_format-post-format-audio"},"yoast_head":"<!-- This site is optimized with the Yoast SEO plugin v27.4 - https:\/\/yoast.com\/product\/yoast-seo-wordpress\/ -->\n<title>\u0160pan\u011blsk\u00e9 kempy jsou skv\u011ble p\u0159ipraven\u00e9 na karavanisty - All4Camper<\/title>\n<meta name=\"description\" content=\"St\u00e1t s\u00a0karavanem \u010di obytn\u00fdm vozem lze v\u0161ak t\u00e9m\u011b\u0159 kdekoliv v\u00a0souladu s\u00a0p\u0159edpisy, ale nelze p\u0159i tom kempovat, roztahovat mark\u00fdzu a vytahovat \u017eidli\u010dky.\" \/>\n<meta name=\"robots\" content=\"index, follow, max-snippet:-1, max-image-preview:large, max-video-preview:-1\" \/>\n<link rel=\"canonical\" href=\"https:\/\/all4camper.com\/cs\/spanelske-kempy-jsou-skvele-pripravene-na-karavanisty\/\" \/>\n<meta property=\"og:locale\" content=\"cs_CZ\" \/>\n<meta property=\"og:type\" content=\"article\" \/>\n<meta property=\"og:title\" content=\"\u0160pan\u011blsk\u00e9 kempy jsou skv\u011ble p\u0159ipraven\u00e9 na karavanisty - All4Camper\" \/>\n<meta property=\"og:description\" content=\"St\u00e1t s\u00a0karavanem \u010di obytn\u00fdm vozem lze v\u0161ak t\u00e9m\u011b\u0159 kdekoliv v\u00a0souladu s\u00a0p\u0159edpisy, ale nelze p\u0159i tom kempovat, roztahovat mark\u00fdzu a vytahovat \u017eidli\u010dky.\" \/>\n<meta property=\"og:url\" content=\"https:\/\/all4camper.com\/cs\/spanelske-kempy-jsou-skvele-pripravene-na-karavanisty\/\" \/>\n<meta property=\"og:site_name\" content=\"All4Camper\" \/>\n<meta property=\"article:published_time\" content=\"2022-06-21T05:00:00+00:00\" \/>\n<meta property=\"article:modified_time\" content=\"2022-12-13T13:02:31+00:00\" \/>\n<meta property=\"og:image\" content=\"https:\/\/all4camper.com\/wp-content\/uploads\/2022\/06\/sea-gd65f15790_1280.jpg\" \/>\n\t<meta property=\"og:image:width\" content=\"1280\" \/>\n\t<meta property=\"og:image:height\" content=\"853\" \/>\n\t<meta property=\"og:image:type\" content=\"image\/jpeg\" \/>\n<meta name=\"author\" content=\"Kl\u00e1ra H\u00e1jkov\u00e1\" \/>\n<meta name=\"twitter:card\" content=\"summary_large_image\" \/>\n<meta name=\"twitter:label1\" content=\"Napsal(a)\" \/>\n\t<meta name=\"twitter:data1\" content=\"Kl\u00e1ra H\u00e1jkov\u00e1\" \/>\n\t<meta name=\"twitter:label2\" content=\"Odhadovan\u00e1 doba \u010dten\u00ed\" \/>\n\t<meta name=\"twitter:data2\" content=\"5 minut\" \/>\n<script type=\"application\/ld+json\" class=\"yoast-schema-graph\">{\"@context\":\"https:\\\/\\\/schema.org\",\"@graph\":[{\"@type\":\"Article\",\"@id\":\"https:\\\/\\\/all4camper.com\\\/cs\\\/spanelske-kempy-jsou-skvele-pripravene-na-karavanisty\\\/#article\",\"isPartOf\":{\"@id\":\"https:\\\/\\\/all4camper.com\\\/cs\\\/spanelske-kempy-jsou-skvele-pripravene-na-karavanisty\\\/\"},\"author\":{\"name\":\"Kl\u00e1ra H\u00e1jkov\u00e1\",\"@id\":\"https:\\\/\\\/all4camper.com\\\/cs\\\/#\\\/schema\\\/person\\\/c6f1efdf1d02bc7d8c53a891cbe18c62\"},\"headline\":\"\u0160pan\u011blsk\u00e9 kempy jsou skv\u011ble p\u0159ipraven\u00e9 na karavanisty\",\"datePublished\":\"2022-06-21T05:00:00+00:00\",\"dateModified\":\"2022-12-13T13:02:31+00:00\",\"mainEntityOfPage\":{\"@id\":\"https:\\\/\\\/all4camper.com\\\/cs\\\/spanelske-kempy-jsou-skvele-pripravene-na-karavanisty\\\/\"},\"wordCount\":898,\"publisher\":{\"@id\":\"https:\\\/\\\/all4camper.com\\\/cs\\\/#organization\"},\"image\":{\"@id\":\"https:\\\/\\\/all4camper.com\\\/cs\\\/spanelske-kempy-jsou-skvele-pripravene-na-karavanisty\\\/#primaryimage\"},\"thumbnailUrl\":\"https:\\\/\\\/all4camper.com\\\/wp-content\\\/uploads\\\/2022\\\/06\\\/sea-gd65f15790_1280.jpg\",\"keywords\":[\"Kempy a kempovac\u00ed m\u00edsta\",\"podcast\",\"\u0160pan\u011blsko\",\"studiokaravan\"],\"articleSection\":[\"Kempujeme a cestujeme \u0160pan\u011blsko\",\"Kempy a zaj\u00edmav\u00e1 m\u00edsta\",\"Novinky - Kempov\u00e1n\u00ed a karavaning\",\"Rady, tipy, informace\",\"Studio Karavan\"],\"inLanguage\":\"cs\"},{\"@type\":\"WebPage\",\"@id\":\"https:\\\/\\\/all4camper.com\\\/cs\\\/spanelske-kempy-jsou-skvele-pripravene-na-karavanisty\\\/\",\"url\":\"https:\\\/\\\/all4camper.com\\\/cs\\\/spanelske-kempy-jsou-skvele-pripravene-na-karavanisty\\\/\",\"name\":\"\u0160pan\u011blsk\u00e9 kempy jsou skv\u011ble p\u0159ipraven\u00e9 na karavanisty - All4Camper\",\"isPartOf\":{\"@id\":\"https:\\\/\\\/all4camper.com\\\/cs\\\/#website\"},\"primaryImageOfPage\":{\"@id\":\"https:\\\/\\\/all4camper.com\\\/cs\\\/spanelske-kempy-jsou-skvele-pripravene-na-karavanisty\\\/#primaryimage\"},\"image\":{\"@id\":\"https:\\\/\\\/all4camper.com\\\/cs\\\/spanelske-kempy-jsou-skvele-pripravene-na-karavanisty\\\/#primaryimage\"},\"thumbnailUrl\":\"https:\\\/\\\/all4camper.com\\\/wp-content\\\/uploads\\\/2022\\\/06\\\/sea-gd65f15790_1280.jpg\",\"datePublished\":\"2022-06-21T05:00:00+00:00\",\"dateModified\":\"2022-12-13T13:02:31+00:00\",\"description\":\"St\u00e1t s\u00a0karavanem \u010di obytn\u00fdm vozem lze v\u0161ak t\u00e9m\u011b\u0159 kdekoliv v\u00a0souladu s\u00a0p\u0159edpisy, ale nelze p\u0159i tom kempovat, roztahovat mark\u00fdzu a vytahovat \u017eidli\u010dky.\",\"breadcrumb\":{\"@id\":\"https:\\\/\\\/all4camper.com\\\/cs\\\/spanelske-kempy-jsou-skvele-pripravene-na-karavanisty\\\/#breadcrumb\"},\"inLanguage\":\"cs\",\"potentialAction\":[{\"@type\":\"ReadAction\",\"target\":[\"https:\\\/\\\/all4camper.com\\\/cs\\\/spanelske-kempy-jsou-skvele-pripravene-na-karavanisty\\\/\"]}]},{\"@type\":\"ImageObject\",\"inLanguage\":\"cs\",\"@id\":\"https:\\\/\\\/all4camper.com\\\/cs\\\/spanelske-kempy-jsou-skvele-pripravene-na-karavanisty\\\/#primaryimage\",\"url\":\"https:\\\/\\\/all4camper.com\\\/wp-content\\\/uploads\\\/2022\\\/06\\\/sea-gd65f15790_1280.jpg\",\"contentUrl\":\"https:\\\/\\\/all4camper.com\\\/wp-content\\\/uploads\\\/2022\\\/06\\\/sea-gd65f15790_1280.jpg\",\"width\":1280,\"height\":853},{\"@type\":\"BreadcrumbList\",\"@id\":\"https:\\\/\\\/all4camper.com\\\/cs\\\/spanelske-kempy-jsou-skvele-pripravene-na-karavanisty\\\/#breadcrumb\",\"itemListElement\":[{\"@type\":\"ListItem\",\"position\":1,\"name\":\"Dom\u016f\",\"item\":\"https:\\\/\\\/all4camper.com\\\/cs\\\/\"},{\"@type\":\"ListItem\",\"position\":2,\"name\":\"Kempy a zaj\u00edmav\u00e1 m\u00edsta\",\"item\":\"https:\\\/\\\/all4camper.com\\\/cs\\\/category\\\/kempovani-a-zajimave-cile\\\/\"},{\"@type\":\"ListItem\",\"position\":3,\"name\":\"\u0160pan\u011blsk\u00e9 kempy jsou skv\u011ble p\u0159ipraven\u00e9 na karavanisty\"}]},{\"@type\":\"WebSite\",\"@id\":\"https:\\\/\\\/all4camper.com\\\/cs\\\/#website\",\"url\":\"https:\\\/\\\/all4camper.com\\\/cs\\\/\",\"name\":\"All4Camper\",\"description\":\"Nejv\u011bt\u0161\u00ed online magaz\u00edn o kempov\u00e1n\u00ed a karavaninku. V\u00edce jak 900 \u010dl\u00e1nk\u016f pln\u00fdch rad a tip\u016f o kempech a kempov\u00e1n\u00ed.\",\"publisher\":{\"@id\":\"https:\\\/\\\/all4camper.com\\\/cs\\\/#organization\"},\"potentialAction\":[{\"@type\":\"SearchAction\",\"target\":{\"@type\":\"EntryPoint\",\"urlTemplate\":\"https:\\\/\\\/all4camper.com\\\/cs\\\/?s={search_term_string}\"},\"query-input\":{\"@type\":\"PropertyValueSpecification\",\"valueRequired\":true,\"valueName\":\"search_term_string\"}}],\"inLanguage\":\"cs\"},{\"@type\":\"Organization\",\"@id\":\"https:\\\/\\\/all4camper.com\\\/cs\\\/#organization\",\"name\":\"All4Camper - kempujeme s Kl\u00e1rou\",\"url\":\"https:\\\/\\\/all4camper.com\\\/cs\\\/\",\"logo\":{\"@type\":\"ImageObject\",\"inLanguage\":\"cs\",\"@id\":\"https:\\\/\\\/all4camper.com\\\/cs\\\/#\\\/schema\\\/logo\\\/image\\\/\",\"url\":\"https:\\\/\\\/all4camper.com\\\/wp-content\\\/uploads\\\/2018\\\/09\\\/novelogo.png\",\"contentUrl\":\"https:\\\/\\\/all4camper.com\\\/wp-content\\\/uploads\\\/2018\\\/09\\\/novelogo.png\",\"width\":1520,\"height\":600,\"caption\":\"All4Camper - kempujeme s Kl\u00e1rou\"},\"image\":{\"@id\":\"https:\\\/\\\/all4camper.com\\\/cs\\\/#\\\/schema\\\/logo\\\/image\\\/\"}},{\"@type\":\"Person\",\"@id\":\"https:\\\/\\\/all4camper.com\\\/cs\\\/#\\\/schema\\\/person\\\/c6f1efdf1d02bc7d8c53a891cbe18c62\",\"name\":\"Kl\u00e1ra H\u00e1jkov\u00e1\",\"sameAs\":[\"http:\\\/\\\/www.all4camper.com\"],\"url\":\"https:\\\/\\\/all4camper.com\\\/cs\\\/author\\\/klarinkacestuje1\\\/\"}]}<\/script>\n<!-- \/ Yoast SEO plugin. -->","yoast_head_json":{"title":"\u0160pan\u011blsk\u00e9 kempy jsou skv\u011ble p\u0159ipraven\u00e9 na karavanisty - All4Camper","description":"St\u00e1t s\u00a0karavanem \u010di obytn\u00fdm vozem lze v\u0161ak t\u00e9m\u011b\u0159 kdekoliv v\u00a0souladu s\u00a0p\u0159edpisy, ale nelze p\u0159i tom kempovat, roztahovat mark\u00fdzu a vytahovat \u017eidli\u010dky.","robots":{"index":"index","follow":"follow","max-snippet":"max-snippet:-1","max-image-preview":"max-image-preview:large","max-video-preview":"max-video-preview:-1"},"canonical":"https:\/\/all4camper.com\/cs\/spanelske-kempy-jsou-skvele-pripravene-na-karavanisty\/","og_locale":"cs_CZ","og_type":"article","og_title":"\u0160pan\u011blsk\u00e9 kempy jsou skv\u011ble p\u0159ipraven\u00e9 na karavanisty - All4Camper","og_description":"St\u00e1t s\u00a0karavanem \u010di obytn\u00fdm vozem lze v\u0161ak t\u00e9m\u011b\u0159 kdekoliv v\u00a0souladu s\u00a0p\u0159edpisy, ale nelze p\u0159i tom kempovat, roztahovat mark\u00fdzu a vytahovat \u017eidli\u010dky.","og_url":"https:\/\/all4camper.com\/cs\/spanelske-kempy-jsou-skvele-pripravene-na-karavanisty\/","og_site_name":"All4Camper","article_published_time":"2022-06-21T05:00:00+00:00","article_modified_time":"2022-12-13T13:02:31+00:00","og_image":[{"width":1280,"height":853,"url":"https:\/\/all4camper.com\/wp-content\/uploads\/2022\/06\/sea-gd65f15790_1280.jpg","type":"image\/jpeg"}],"author":"Kl\u00e1ra H\u00e1jkov\u00e1","twitter_card":"summary_large_image","twitter_misc":{"Napsal(a)":"Kl\u00e1ra H\u00e1jkov\u00e1","Odhadovan\u00e1 doba \u010dten\u00ed":"5 minut"},"schema":{"@context":"https:\/\/schema.org","@graph":[{"@type":"Article","@id":"https:\/\/all4camper.com\/cs\/spanelske-kempy-jsou-skvele-pripravene-na-karavanisty\/#article","isPartOf":{"@id":"https:\/\/all4camper.com\/cs\/spanelske-kempy-jsou-skvele-pripravene-na-karavanisty\/"},"author":{"name":"Kl\u00e1ra H\u00e1jkov\u00e1","@id":"https:\/\/all4camper.com\/cs\/#\/schema\/person\/c6f1efdf1d02bc7d8c53a891cbe18c62"},"headline":"\u0160pan\u011blsk\u00e9 kempy jsou skv\u011ble p\u0159ipraven\u00e9 na karavanisty","datePublished":"2022-06-21T05:00:00+00:00","dateModified":"2022-12-13T13:02:31+00:00","mainEntityOfPage":{"@id":"https:\/\/all4camper.com\/cs\/spanelske-kempy-jsou-skvele-pripravene-na-karavanisty\/"},"wordCount":898,"publisher":{"@id":"https:\/\/all4camper.com\/cs\/#organization"},"image":{"@id":"https:\/\/all4camper.com\/cs\/spanelske-kempy-jsou-skvele-pripravene-na-karavanisty\/#primaryimage"},"thumbnailUrl":"https:\/\/all4camper.com\/wp-content\/uploads\/2022\/06\/sea-gd65f15790_1280.jpg","keywords":["Kempy a kempovac\u00ed m\u00edsta","podcast","\u0160pan\u011blsko","studiokaravan"],"articleSection":["Kempujeme a cestujeme \u0160pan\u011blsko","Kempy a zaj\u00edmav\u00e1 m\u00edsta","Novinky - Kempov\u00e1n\u00ed a karavaning","Rady, tipy, informace","Studio Karavan"],"inLanguage":"cs"},{"@type":"WebPage","@id":"https:\/\/all4camper.com\/cs\/spanelske-kempy-jsou-skvele-pripravene-na-karavanisty\/","url":"https:\/\/all4camper.com\/cs\/spanelske-kempy-jsou-skvele-pripravene-na-karavanisty\/","name":"\u0160pan\u011blsk\u00e9 kempy jsou skv\u011ble p\u0159ipraven\u00e9 na karavanisty - All4Camper","isPartOf":{"@id":"https:\/\/all4camper.com\/cs\/#website"},"primaryImageOfPage":{"@id":"https:\/\/all4camper.com\/cs\/spanelske-kempy-jsou-skvele-pripravene-na-karavanisty\/#primaryimage"},"image":{"@id":"https:\/\/all4camper.com\/cs\/spanelske-kempy-jsou-skvele-pripravene-na-karavanisty\/#primaryimage"},"thumbnailUrl":"https:\/\/all4camper.com\/wp-content\/uploads\/2022\/06\/sea-gd65f15790_1280.jpg","datePublished":"2022-06-21T05:00:00+00:00","dateModified":"2022-12-13T13:02:31+00:00","description":"St\u00e1t s\u00a0karavanem \u010di obytn\u00fdm vozem lze v\u0161ak t\u00e9m\u011b\u0159 kdekoliv v\u00a0souladu s\u00a0p\u0159edpisy, ale nelze p\u0159i tom kempovat, roztahovat mark\u00fdzu a vytahovat \u017eidli\u010dky.","breadcrumb":{"@id":"https:\/\/all4camper.com\/cs\/spanelske-kempy-jsou-skvele-pripravene-na-karavanisty\/#breadcrumb"},"inLanguage":"cs","potentialAction":[{"@type":"ReadAction","target":["https:\/\/all4camper.com\/cs\/spanelske-kempy-jsou-skvele-pripravene-na-karavanisty\/"]}]},{"@type":"ImageObject","inLanguage":"cs","@id":"https:\/\/all4camper.com\/cs\/spanelske-kempy-jsou-skvele-pripravene-na-karavanisty\/#primaryimage","url":"https:\/\/all4camper.com\/wp-content\/uploads\/2022\/06\/sea-gd65f15790_1280.jpg","contentUrl":"https:\/\/all4camper.com\/wp-content\/uploads\/2022\/06\/sea-gd65f15790_1280.jpg","width":1280,"height":853},{"@type":"BreadcrumbList","@id":"https:\/\/all4camper.com\/cs\/spanelske-kempy-jsou-skvele-pripravene-na-karavanisty\/#breadcrumb","itemListElement":[{"@type":"ListItem","position":1,"name":"Dom\u016f","item":"https:\/\/all4camper.com\/cs\/"},{"@type":"ListItem","position":2,"name":"Kempy a zaj\u00edmav\u00e1 m\u00edsta","item":"https:\/\/all4camper.com\/cs\/category\/kempovani-a-zajimave-cile\/"},{"@type":"ListItem","position":3,"name":"\u0160pan\u011blsk\u00e9 kempy jsou skv\u011ble p\u0159ipraven\u00e9 na karavanisty"}]},{"@type":"WebSite","@id":"https:\/\/all4camper.com\/cs\/#website","url":"https:\/\/all4camper.com\/cs\/","name":"All4Camper","description":"Nejv\u011bt\u0161\u00ed online magaz\u00edn o kempov\u00e1n\u00ed a karavaninku. V\u00edce jak 900 \u010dl\u00e1nk\u016f pln\u00fdch rad a tip\u016f o kempech a kempov\u00e1n\u00ed.","publisher":{"@id":"https:\/\/all4camper.com\/cs\/#organization"},"potentialAction":[{"@type":"SearchAction","target":{"@type":"EntryPoint","urlTemplate":"https:\/\/all4camper.com\/cs\/?s={search_term_string}"},"query-input":{"@type":"PropertyValueSpecification","valueRequired":true,"valueName":"search_term_string"}}],"inLanguage":"cs"},{"@type":"Organization","@id":"https:\/\/all4camper.com\/cs\/#organization","name":"All4Camper - kempujeme s Kl\u00e1rou","url":"https:\/\/all4camper.com\/cs\/","logo":{"@type":"ImageObject","inLanguage":"cs","@id":"https:\/\/all4camper.com\/cs\/#\/schema\/logo\/image\/","url":"https:\/\/all4camper.com\/wp-content\/uploads\/2018\/09\/novelogo.png","contentUrl":"https:\/\/all4camper.com\/wp-content\/uploads\/2018\/09\/novelogo.png","width":1520,"height":600,"caption":"All4Camper - kempujeme s Kl\u00e1rou"},"image":{"@id":"https:\/\/all4camper.com\/cs\/#\/schema\/logo\/image\/"}},{"@type":"Person","@id":"https:\/\/all4camper.com\/cs\/#\/schema\/person\/c6f1efdf1d02bc7d8c53a891cbe18c62","name":"Kl\u00e1ra H\u00e1jkov\u00e1","sameAs":["http:\/\/www.all4camper.com"],"url":"https:\/\/all4camper.com\/cs\/author\/klarinkacestuje1\/"}]}},"_links":{"self":[{"href":"https:\/\/all4camper.com\/cs\/wp-json\/wp\/v2\/posts\/140521","targetHints":{"allow":["GET"]}}],"collection":[{"href":"https:\/\/all4camper.com\/cs\/wp-json\/wp\/v2\/posts"}],"about":[{"href":"https:\/\/all4camper.com\/cs\/wp-json\/wp\/v2\/types\/post"}],"author":[{"embeddable":true,"href":"https:\/\/all4camper.com\/cs\/wp-json\/wp\/v2\/users\/4"}],"replies":[{"embeddable":true,"href":"https:\/\/all4camper.com\/cs\/wp-json\/wp\/v2\/comments?post=140521"}],"version-history":[{"count":0,"href":"https:\/\/all4camper.com\/cs\/wp-json\/wp\/v2\/posts\/140521\/revisions"}],"wp:featuredmedia":[{"embeddable":true,"href":"https:\/\/all4camper.com\/cs\/wp-json\/wp\/v2\/media\/140522"}],"wp:attachment":[{"href":"https:\/\/all4camper.com\/cs\/wp-json\/wp\/v2\/media?parent=140521"}],"wp:term":[{"taxonomy":"category","embeddable":true,"href":"https:\/\/all4camper.com\/cs\/wp-json\/wp\/v2\/categories?post=140521"},{"taxonomy":"post_tag","embeddable":true,"href":"https:\/\/all4camper.com\/cs\/wp-json\/wp\/v2\/tags?post=140521"}],"curies":[{"name":"wp","href":"https:\/\/api.w.org\/{rel}","templated":true}]}}