{"id":140477,"date":"2022-06-15T15:05:11","date_gmt":"2022-06-15T13:05:11","guid":{"rendered":"https:\/\/all4camper.com\/\/?p=140477"},"modified":"2022-06-16T13:48:40","modified_gmt":"2022-06-16T11:48:40","slug":"zajimavy-tip-na-aktivni-dovolenou-nejen-karavanem-jihotyrolske-farmy-roter-hahn","status":"publish","type":"post","link":"https:\/\/all4camper.com\/cs\/zajimavy-tip-na-aktivni-dovolenou-nejen-karavanem-jihotyrolske-farmy-roter-hahn\/","title":{"rendered":"Zaj\u00edmav\u00fd tip na aktivn\u00ed dovolenou nejen karavanem &#8211; jihotyrolsk\u00e9 farmy Roter Hahn"},"content":{"rendered":"\n<p><strong>Pl\u00e1nujete aktivn\u00ed dovolenou a chcete si ji po\u0159\u00e1dn\u011b u\u017e\u00edt? Znamen\u00e1 to pro v\u00e1s podnikat p\u011b\u0161\u00ed turistick\u00e9 v\u00fdlety \u010di vysokohorsk\u00e9 v\u00fd\u0161lapy, jezdit na kole po skv\u011ble udr\u017eovan\u00fdch cyklistick\u00fdch stezk\u00e1ch a zaplavat si v&nbsp;\u010dist\u00fdch alpsk\u00fdch jezerech? Chcete se ubytovat v&nbsp;prostorn\u00fdch a&nbsp;\u00fatuln\u00fdch apartm\u00e1nech uprost\u0159ed neodolateln\u00e9 jihotyrolsk\u00e9 p\u0159\u00edrody, kde v\u00e1m nab\u00eddnou tu nejlep\u0161\u00ed sn\u00eddani serv\u00edrovanou t\u0159eba v zahrad\u011b? Pokud ano, pak pro v\u00e1s m\u00e1me ide\u00e1ln\u00ed tipy. To v\u0161e a mnohem v\u00edc za\u017eijete na jihotyrolsk\u00fdch farm\u00e1ch Roter Hahn.<\/strong><\/p>\n\n\n\n<div class=\"wp-block-image\"><figure class=\"aligncenter size-full is-resized\"><img loading=\"lazy\" decoding=\"async\" src=\"https:\/\/all4camper.com\/\/wp-content\/uploads\/2022\/06\/Turistika-v-Jiz\u030cni\u0301m-Tyrolsku_rodina-na\u0301hled-\u00a9Roter-Hahn_Frieder-Blickle.jpg\" alt=\"\" class=\"wp-image-140479\" width=\"571\" height=\"380\" srcset=\"https:\/\/all4camper.com\/wp-content\/uploads\/2022\/06\/Turistika-v-Jiz\u030cni\u0301m-Tyrolsku_rodina-na\u0301hled-\u00a9Roter-Hahn_Frieder-Blickle.jpg 571w, https:\/\/all4camper.com\/wp-content\/uploads\/2022\/06\/Turistika-v-Jiz\u030cni\u0301m-Tyrolsku_rodina-na\u0301hled-\u00a9Roter-Hahn_Frieder-Blickle-300x200.jpg 300w, https:\/\/all4camper.com\/wp-content\/uploads\/2022\/06\/Turistika-v-Jiz\u030cni\u0301m-Tyrolsku_rodina-na\u0301hled-\u00a9Roter-Hahn_Frieder-Blickle-150x100.jpg 150w\" sizes=\"auto, (max-width: 571px) 100vw, 571px\" \/><figcaption>Turistika v&nbsp;Ji\u017en\u00edm Tyrolsku \u00a9Roter Hahn, Frieder Blickle<\/figcaption><\/figure><\/div>\n\n\n\n<h2 class=\"wp-block-heading\"><strong>P\u011b\u0161\u00ed turistika pro celou rodinu<\/strong><\/h2>\n\n\n\n<p>Napl\u00e1novat v\u00fdlet n\u011bkdy nen\u00ed snadn\u00e9, obzvl\u00e1\u0161t\u011b pak v&nbsp;nov\u00e9m prost\u0159ed\u00ed. Proto maj\u00ed farm\u00e1\u0159i pro sv\u00e9 hosty p\u0159ipraven\u00e9 tipy na p\u011b\u0161\u00ed t\u00fary a obl\u00edben\u00e9 c\u00edle rodinn\u00fdch v\u00fdlet\u016f. Nen\u00ed v\u00fdjimkou, \u017ee v\u00e1s na cestu doprovod\u00ed a vy se dozv\u00edte \u0159adu&nbsp;m\u00edstn\u00edch zaj\u00edmavost\u00ed. A konkr\u00e9tn\u00ed <a href=\"https:\/\/www.roterhahn.cz\/cz\/dovolena-na-statku-v-jiznim-tyrolsku\/apartmany-a-pokoje\/dovolena-na-statku\/statek-pro-turisty\/#%5Bp=001%5D%7Creisende=2%7Ctyp=3%7Cspez=2%7Cbez0=1\" target=\"_blank\" rel=\"noreferrer noopener\">tipy na m\u00edsta<\/a>, kde se na p\u011b\u0161\u00ed turistiku specializuj\u00ed? Hospod\u00e1\u0159sk\u00e1 usedlost <a href=\"https:\/\/www.roterhahn.cz\/cz\/dovolena-na-statku-v-jiznim-tyrolsku\/apartmany-a-pokoje\/dovolena-na-statku-detail\/binterhof-kastelruth+2660.html\" target=\"_blank\" rel=\"noreferrer noopener\">Binterhof<\/a>&nbsp;v Kastelruthu, kter\u00e1 se nach\u00e1z\u00ed oblasti Dolomit na slune\u010dn\u00e9 n\u00e1horn\u00ed plo\u0161in\u011b. M\u00edsto s&nbsp;n\u00e1dhern\u00fdm v\u00fdhledem, obklopen\u00e9 lesy a loukami, jednodu\u0161e ide\u00e1ln\u00ed pro zah\u00e1jen\u00ed horsk\u00e9 t\u00fary. Tak\u00e9 farma <a href=\"https:\/\/www.roterhahn.cz\/cz\/dovolena-na-statku-v-jiznim-tyrolsku\/apartmany-a-pokoje\/dovolena-na-statku-detail\/inner-glieshof-mals+4256.html\" target=\"_blank\" rel=\"noreferrer noopener\">Inner-Glieshof<\/a> v&nbsp;Mals, je\u017e se nach\u00e1z\u00ed v&nbsp;nedot\u010den\u00e9m horsk\u00e9m \u00fadol\u00ed Vinschgau, je jedine\u010dn\u00fdm v\u00fdchoz\u00edm bodem jak pro rekrea\u010dn\u00ed turisty, tak pro horolezce. A do t\u0159etice <a href=\"https:\/\/www.roterhahn.cz\/cz\/dovolena-na-statku-v-jiznim-tyrolsku\/apartmany-a-pokoje\/dovolena-na-statku-detail\/schmalzerhof-eppan-a-d-weinstrasse+2462.html\" target=\"_blank\" rel=\"noreferrer noopener\">Schmalzerhof<\/a>, hospod\u00e1\u0159sk\u00e1 usedlost nedaleko Bolzana, odkud snadno vyraz\u00edte na n\u00e1ro\u010dn\u00e9 horsk\u00e9 v\u00fdpravy po Dolomitech, proch\u00e1zky po rozkvetl\u00fdch sadech, nebo prohl\u00eddky bl\u00edzk\u00fdch hrad\u016f. V&nbsp;okol\u00ed se nach\u00e1z\u00ed tak\u00e9 jezera <a href=\"https:\/\/goo.gl\/maps\/PgNQW1Svj4zKYoVe6\" target=\"_blank\" rel=\"noreferrer noopener\">Kalterer See<\/a> a <a href=\"https:\/\/goo.gl\/maps\/YDrnTHtM9L3iFuBy8\" target=\"_blank\" rel=\"noreferrer noopener\">Montiggler See<\/a>, ve kter\u00fdch si m\u016f\u017eete skv\u011ble zaplavat. Kempy u jezera Kalterer &#8211; <a href=\"https:\/\/www.kalterersee.com\/de\/freizeit-aktiv\/camping-am-kalterer-see\/\" target=\"_blank\" rel=\"noreferrer noopener\">tady<\/a>. <\/p>\n\n\n\n<figure class=\"wp-block-image size-full is-resized\"><img loading=\"lazy\" decoding=\"async\" src=\"https:\/\/all4camper.com\/\/wp-content\/uploads\/2022\/06\/Turistika-v-Jiz\u030cni\u0301m-Tyrolsku-na\u0301hled-\u00a9Roter-Hahn_Frieder-Blickle.jpg\" alt=\"\" class=\"wp-image-140483\" width=\"696\" height=\"464\" srcset=\"https:\/\/all4camper.com\/wp-content\/uploads\/2022\/06\/Turistika-v-Jiz\u030cni\u0301m-Tyrolsku-na\u0301hled-\u00a9Roter-Hahn_Frieder-Blickle.jpg 951w, https:\/\/all4camper.com\/wp-content\/uploads\/2022\/06\/Turistika-v-Jiz\u030cni\u0301m-Tyrolsku-na\u0301hled-\u00a9Roter-Hahn_Frieder-Blickle-300x200.jpg 300w, https:\/\/all4camper.com\/wp-content\/uploads\/2022\/06\/Turistika-v-Jiz\u030cni\u0301m-Tyrolsku-na\u0301hled-\u00a9Roter-Hahn_Frieder-Blickle-150x100.jpg 150w, https:\/\/all4camper.com\/wp-content\/uploads\/2022\/06\/Turistika-v-Jiz\u030cni\u0301m-Tyrolsku-na\u0301hled-\u00a9Roter-Hahn_Frieder-Blickle-768x512.jpg 768w, https:\/\/all4camper.com\/wp-content\/uploads\/2022\/06\/Turistika-v-Jiz\u030cni\u0301m-Tyrolsku-na\u0301hled-\u00a9Roter-Hahn_Frieder-Blickle-696x464.jpg 696w\" sizes=\"auto, (max-width: 696px) 100vw, 696px\" \/><figcaption>Turistika v&nbsp;Ji\u017en\u00edm Tyrolsku \u00a9Roter Hahn, Frieder Blickle<\/figcaption><\/figure>\n\n\n\n<h2 class=\"wp-block-heading\"><strong>Hur\u00e1 na kolo<\/strong><\/h2>\n\n\n\n<p>Jihotyrolsk\u00fd region nab\u00edz\u00ed v\u00edce ne\u017e \u0161est set kilometr\u016f kvalitn\u00edch cyklostezek. Co se n\u00e1ro\u010dnosti t\u00fd\u010de, vhodnou trasu zde najde opravdu ka\u017ed\u00fd. Trasy jsou vhodn\u00e9 jak pro sv\u00e1te\u010dn\u00ed cyklisty, rodiny s&nbsp;d\u011btmi, seniory \u010di zap\u00e1len\u00e9 sportovce i profesion\u00e1ly. Jihotyrolsk\u00e9 cyklistick\u00e9 stezky byly \u010d\u00e1ste\u010dn\u011b vybudov\u00e1ny na dnes ji\u017e nepou\u017e\u00edvan\u00fdch \u017eelezni\u010dn\u00edch trat\u00edch. D\u00edky tomu trasy vedou \u00fadol\u00edmi, ale n\u011bkdy tak\u00e9 vysok\u00fdmi svahy, ze kter\u00fdch je kouzeln\u00fd v\u00fdhled na okoln\u00ed krajinu. N\u011bkter\u00e9 z&nbsp;farem Roter Hahn se p\u0159\u00edmo specializuj\u00ed na poskytov\u00e1n\u00ed slu\u017eeb pro cyklisty. Je mo\u017en\u00e9 si zde kolo zap\u016fj\u010dit, na n\u011bkter\u00fdch m\u00edstech dokonce i zcela zdarma. <\/p>\n\n\n\n<p>Farmy nab\u00edzej\u00ed tak\u00e9 z\u00e1zem\u00ed pro cyklisty v&nbsp;podob\u011b servisn\u00edch stanic, na kter\u00fdch lze zvl\u00e1dnout b\u011b\u017en\u00e9 opravy. Jednou z&nbsp;takov\u00fdch farem je <a href=\"https:\/\/www.roterhahn.cz\/cz\/dovolena-na-statku-v-jiznim-tyrolsku\/apartmany-a-pokoje\/dovolena-na-statku-detail\/feldhof-terlan+5678.html\" target=\"_blank\" rel=\"noreferrer noopener\"><strong>Feldhof v&nbsp;Terlanu<\/strong><\/a>, kde jsou p\u0159ipraveni i na cyklisty s&nbsp;elektrokoly. Dal\u0161\u00ed skv\u011bl\u00e9 m\u00edsto, kde jsou cyklist\u00e9 v\u00edt\u00e1ni, je <strong><a href=\"https:\/\/www.roterhahn.cz\/cz\/dovolena-na-statku-v-jiznim-tyrolsku\/apartmany-a-pokoje\/dovolena-na-statku-detail\/haeuslerhof-natz-schabs+3075.html\" target=\"_blank\" rel=\"noreferrer noopener\">H\u00e4uslerhof<\/a>.<\/strong> Ten se nach\u00e1z\u00ed na slune\u010dn\u00e9 n\u00e1horn\u00ed plo\u0161in\u011b uprost\u0159ed jable\u010dn\u00fdch plant\u00e1\u017e\u00ed v&nbsp;Natz-Schabs. M\u00edstn\u00ed farm\u00e1\u0159 Konrad Delazer sv\u00e9 hosty r\u00e1d doprovod\u00ed na vyj\u00ed\u017e\u010fky na horsk\u00fdch kolech a porad\u00ed s&nbsp;vhodnou trasou i pro rekrea\u010dn\u00ed sportovce. Nav\u00edc, pokud se na tuto hospod\u00e1\u0159skou usedlost vyprav\u00edte vlakem \u010di autobusem, vyzvednou v\u00e1s na n\u00e1dra\u017e\u00ed a kola V\u00e1m zap\u016fj\u010d\u00ed.<\/p>\n\n\n\n<figure class=\"wp-block-image size-full is-resized\"><img loading=\"lazy\" decoding=\"async\" src=\"https:\/\/all4camper.com\/\/wp-content\/uploads\/2022\/06\/Hura\u0301-na-kolo-2-na\u0301hled-\u00a9Roter-Hahn_Frieder-Blickle.jpg\" alt=\"\" class=\"wp-image-140481\" width=\"696\" height=\"463\" srcset=\"https:\/\/all4camper.com\/wp-content\/uploads\/2022\/06\/Hura\u0301-na-kolo-2-na\u0301hled-\u00a9Roter-Hahn_Frieder-Blickle.jpg 713w, https:\/\/all4camper.com\/wp-content\/uploads\/2022\/06\/Hura\u0301-na-kolo-2-na\u0301hled-\u00a9Roter-Hahn_Frieder-Blickle-300x200.jpg 300w, https:\/\/all4camper.com\/wp-content\/uploads\/2022\/06\/Hura\u0301-na-kolo-2-na\u0301hled-\u00a9Roter-Hahn_Frieder-Blickle-150x100.jpg 150w, https:\/\/all4camper.com\/wp-content\/uploads\/2022\/06\/Hura\u0301-na-kolo-2-na\u0301hled-\u00a9Roter-Hahn_Frieder-Blickle-696x464.jpg 696w\" sizes=\"auto, (max-width: 696px) 100vw, 696px\" \/><figcaption>Hur\u00e1 na kolo \u00a9Roter Hahn, Frieder Blickle<\/figcaption><\/figure>\n\n\n\n<p><strong>\u2026 a je\u0161t\u011b p\u0159ipom\u00ednka v\u00fdborn\u00e9 jihotyrolsk\u00e9 kuchyn\u011b<\/strong><\/p>\n\n\n\n<p>Bl\u00ed\u017e\u00ed se obdob\u00ed, kdy i u n\u00e1s v&nbsp;\u010cech\u00e1ch a na Morav\u011b za\u010d\u00edn\u00e1 kv\u00e9st Bez \u010dern\u00fd. Jihotyrolsk\u00e9 hospodyn\u011b z&nbsp;farem Roter Hahn z&nbsp;kv\u011bt\u016f bezu r\u00e1dy p\u0159ipravuj\u00ed bezov\u00fd sirup. Ten se skv\u011ble hod\u00ed k&nbsp;dezertu bezov\u00e1 panna cotta. Zde V\u00e1m p\u0159in\u00e1\u0161\u00edme osv\u011bd\u010den\u00e9 recepty na ob\u011b tyto pochoutky.<\/p>\n\n\n\n<div class=\"wp-block-group has-very-light-gray-to-cyan-bluish-gray-gradient-background has-background\"><div class=\"wp-block-group__inner-container is-layout-flow wp-block-group-is-layout-flow\">\n<h2 class=\"wp-block-heading\"><strong>Bezov\u00e1 panna cotta<\/strong><\/h2>\n\n\n\n<div class=\"wp-block-image\"><figure class=\"alignleft size-full\"><img loading=\"lazy\" decoding=\"async\" width=\"490\" height=\"328\" src=\"https:\/\/all4camper.com\/\/wp-content\/uploads\/2022\/06\/Bezova\u0301-panna-cotta-z-Hofschanku-Kinigerhof-\u00a9Kinigerhof.jpeg\" alt=\"\" class=\"wp-image-140487\" srcset=\"https:\/\/all4camper.com\/wp-content\/uploads\/2022\/06\/Bezova\u0301-panna-cotta-z-Hofschanku-Kinigerhof-\u00a9Kinigerhof.jpeg 490w, https:\/\/all4camper.com\/wp-content\/uploads\/2022\/06\/Bezova\u0301-panna-cotta-z-Hofschanku-Kinigerhof-\u00a9Kinigerhof-300x201.jpeg 300w, https:\/\/all4camper.com\/wp-content\/uploads\/2022\/06\/Bezova\u0301-panna-cotta-z-Hofschanku-Kinigerhof-\u00a9Kinigerhof-150x100.jpeg 150w\" sizes=\"auto, (max-width: 490px) 100vw, 490px\" \/><figcaption>Bezov\u00e1 panna cotta z Hofschanku Kinigerhof \u00a9Kinigerhof<\/figcaption><\/figure><\/div>\n\n\n\n<p class=\"has-small-font-size\">Na p\u0159\u00edpravu \u010dty\u0159 porc\u00ed <a href=\"https:\/\/www.roterhahn.cz\/cz\/statkari-senky\/recepty-jizni-tyrolsko\/bezova-panna-cotta-155\/\">panna cotty<\/a> budeme pot\u0159ebovat: jeden a p\u016fl \u017eelatinov\u00e9ho pl\u00e1tu, 400 ml smetany, 20 g cukru, 50 ml sirupu z bezov\u00fdch kv\u011bt\u016f, jednu l\u017e\u00edci vanilkov\u00e9ho cukru, nastrouhanou citronovou k\u016fru a \u0161\u0165\u00e1vu z p\u016flky citronu a tak\u00e9 \u0161petku soli.<\/p>\n\n\n\n<p class=\"has-small-font-size\">\u017delatinu nechejte zm\u011bknout v chladn\u00e9 vod\u011b. Smetanu, cukr a bezov\u00fd sirup p\u0159ive\u010fte v hrnci k varu. P\u0159idejte vyma\u010dkanou \u017eelatinu, s\u016fl, vanilkov\u00fd cukr a citron. Hmotu nechejte trochu zchladnout, nalejte do mal\u00fdch formi\u010dek a odstavte zhruba na 2 hodiny do lednice.Postup prozradila Margit Stabinger z&nbsp;Hofschanku <a href=\"https:\/\/www.roterhahn.cz\/cz\/statkari-senky\/toerggelen-jizni-tyrolsko\/statek-detailne\/kinigerhof-sexten+3378.html\" target=\"_blank\" rel=\"noreferrer noopener\">Kinigerhof<\/a>.<\/p>\n<\/div><\/div>\n\n\n\n<div class=\"wp-block-group has-very-light-gray-to-cyan-bluish-gray-gradient-background has-background\"><div class=\"wp-block-group__inner-container is-layout-flow wp-block-group-is-layout-flow\">\n<h2 class=\"wp-block-heading\"><strong>Bezov\u00e1 panna cotta<\/strong><\/h2>\n\n\n\n<div class=\"wp-block-image\"><figure class=\"alignleft size-full is-resized\"><img decoding=\"async\" src=\"https:\/\/all4camper.com\/\/wp-content\/uploads\/2022\/06\/Bezovy\u0301-sirup-z-Buschenschanku-Oberlegar-u-Terlan-na\u0301hled\u00a9Roter-Hahn_Frieder-Blickle.jpg\" alt=\"\" class=\"wp-image-140485\" width=\"490\" srcset=\"https:\/\/all4camper.com\/wp-content\/uploads\/2022\/06\/Bezovy\u0301-sirup-z-Buschenschanku-Oberlegar-u-Terlan-na\u0301hled\u00a9Roter-Hahn_Frieder-Blickle.jpg 713w, https:\/\/all4camper.com\/wp-content\/uploads\/2022\/06\/Bezovy\u0301-sirup-z-Buschenschanku-Oberlegar-u-Terlan-na\u0301hled\u00a9Roter-Hahn_Frieder-Blickle-300x200.jpg 300w, https:\/\/all4camper.com\/wp-content\/uploads\/2022\/06\/Bezovy\u0301-sirup-z-Buschenschanku-Oberlegar-u-Terlan-na\u0301hled\u00a9Roter-Hahn_Frieder-Blickle-150x100.jpg 150w, https:\/\/all4camper.com\/wp-content\/uploads\/2022\/06\/Bezovy\u0301-sirup-z-Buschenschanku-Oberlegar-u-Terlan-na\u0301hled\u00a9Roter-Hahn_Frieder-Blickle-696x464.jpg 696w\" sizes=\"(max-width: 713px) 100vw, 713px\" \/><figcaption>Bezov\u00fd sirup z&nbsp;Buschenschanku Oberlegar u Terlan \u00a9Roter Hahn, Frieder Blickle<\/figcaption><\/figure><\/div>\n\n\n\n<p class=\"has-small-font-size\">Na p\u0159\u00edpravu <a href=\"https:\/\/www.roterhahn.cz\/cz\/statkari-senky\/recepty-jizni-tyrolsko\/bezov-sirup-94\/\">bezov\u00e9ho sirupu<\/a> budeme pot\u0159ebovat asi 20 kv\u011bt\u016f bezu, 3 kg cukru, 5&nbsp;bio citr\u00f3n\u016f nakr\u00e1jen\u00fdch na pl\u00e1tky, 200 ml ovocn\u00e9ho octa a 2 l vody.<\/p>\n\n\n\n<p class=\"has-small-font-size\">Vodu a cukr na plotn\u011b zah\u0159ejeme a pot\u00e9 nech\u00e1me vychladnout. Do n\u00e1doby p\u0159id\u00e1me bezov\u00e9 kv\u011bty, citr\u00f3nov\u00e9 pl\u00e1tky a ovocn\u00fd ocet. V\u0161e nech\u00e1me 3 dny odst\u00e1t. Z\u00edskanou tekutinu p\u0159elejeme p\u0159es s\u00edto do \u010dist\u00fdch sklen\u011bn\u00fdch lahv\u00ed a pe\u010dliv\u011b uzav\u0159eme. O tento recept se pod\u011blila Helen Schwarz z&nbsp;Buschenschanku <a href=\"https:\/\/www.roterhahn.cz\/cz\/statkari-senky\/toerggelen-jizni-tyrolsko\/statek-detailne\/oberlegar-terlan+3712.html\" target=\"_blank\" rel=\"noreferrer noopener\">Oberlegar<\/a> u Terlan.<\/p>\n\n\n\n<p><\/p>\n<\/div><\/div>\n\n\n\n<p>Zna\u010dku kvality Roter Hahn (\u010cerven\u00fd kohout) p\u0159edstavilo v&nbsp;roce 1998 Sdru\u017een\u00ed zem\u011bd\u011blc\u016f Ji\u017en\u00edho Tyrolska. Propojuje farmy, kter\u00e9 nab\u00edzej\u00ed turist\u016fm mo\u017enost str\u00e1vit aktivn\u00ed dovolenou v&nbsp;malebn\u00e9m prost\u0159ed\u00ed Ji\u017en\u00edho Tyrolska, slunn\u00e9m regionu v&nbsp;italsk\u00fdch Alp\u00e1ch. V&nbsp;nab\u00eddce je nyn\u00ed v\u00edce ne\u017e 1 600 farem specializovan\u00fdch na chov dobytka, p\u011bstov\u00e1n\u00ed v\u00edna a ovoce.<\/p>\n\n\n\n<p>Host\u00e9 se mohou celoro\u010dn\u011b ubytovat na farm\u00e1ch v apartm\u00e1nech \u010di&nbsp;samostatn\u00fdch pokoj\u00edch, kter\u00e9 jsou proslul\u00e9 svou \u00fatulnou \u010distotou a p\u0159\u00edjemnou atmosf\u00e9rou. Farmy jsou zn\u00e1m\u00e9 vynikaj\u00edc\u00ed dom\u00e1c\u00ed gastronomi\u00ed, v\u00fdjime\u010dnou pohostinnost\u00ed a vzornou p\u00e9\u010d\u00ed o hosty. Nab\u00edzej\u00ed mnoho p\u0159\u00edle\u017eitost\u00ed pro str\u00e1ven\u00ed aktivn\u00ed dovolen\u00e9.<\/p>\n\n\n\n<p><strong>Pokud se chcete ubytovat v t\u00e9to lokalit\u011b v kempu, pak sta\u010d\u00ed si otev\u0159\u00edt <a href=\"https:\/\/www.suedtirols-sueden.info\/de\/unterkuenfte-pauschalen.html\" target=\"_blank\" rel=\"noreferrer noopener\">tento odkaz<\/a>, na kter\u00e9m se v\u00e1m otev\u0159e jejich seznam.<\/strong> <strong>Samoz\u0159ejm\u011b v\u0161ak i na vybran\u00fdch farm\u00e1ch lze kempovat.<\/strong> Sta\u010d\u00ed jen na vybranou farmu poslat email s dotazem a po\u010dkat na odpov\u011b\u010f.<\/p>\n\n\n\n<pre class=\"wp-block-verse\">N\u00e1v\u0161t\u011bvn\u00edci se mohou zbl\u00edzka sezn\u00e1mit se\u202f\u017eivotem na jihotyrolsk\u00e9 farm\u011b a&nbsp;ochutnat vynikaj\u00edc\u00ed dom\u00e1c\u00ed speciality \u2013 \u010derstv\u00e9 ml\u00e9ko, s\u00fdry, d\u017eusy, chl\u00e9b a&nbsp;mnoho dal\u0161\u00edch pochoutek.&nbsp;Farmy jsou skv\u011bl\u00fdm v\u00fdchoz\u00edm bodem pro pozn\u00e1v\u00e1n\u00ed okol\u00ed a&nbsp;nab\u00edzej\u00ed nespo\u010det mo\u017enost\u00ed tr\u00e1ven\u00ed voln\u00e9ho \u010dasu. Host\u00e9 si mohou vybrat od turistiky p\u0159es silni\u010dn\u00ed i&nbsp;horskou cyklistiku a\u017e po sjezdov\u00e9 a&nbsp;b\u011b\u017eeck\u00e9 ly\u017eov\u00e1n\u00ed a&nbsp;dal\u0161\u00ed&nbsp;outdoorov\u00e9&nbsp;sporty. Krom\u011b ubytov\u00e1n\u00ed na farm\u00e1ch provozuje sdru\u017een\u00ed Roter&nbsp;Hahn rodinn\u00e9 restaurace um\u00edst\u011bn\u00e9 p\u0159\u00edmo na statc\u00edch, udr\u017euje tradici \u0159emesel a&nbsp;provozuje tak\u00e9 prodejny m\u00edstn\u00edch potravin\u00e1\u0159sk\u00fdch specialit. Dal\u0161\u00ed informace o&nbsp;farm\u00e1ch Roter&nbsp;Hahn najdete <a href=\"http:\/\/www.roterhahn.cz\/cz\/\" target=\"_blank\" rel=\"noreferrer noopener\">na roterhahn.cz<\/a>. <strong>Katalog, ve kter\u00e9 jsou p\u0159edstaveny mo\u017enosti ubytov\u00e1n\u00ed na farm\u00e1ch v&nbsp;Ji\u017en\u00edm Tyrolsku, si m\u016f\u017eete objednat <a href=\"https:\/\/www.roterhahn.cz\/cz\/dovolena-na-statku-v-jiznim-tyrolsku\/katalog\/\" target=\"_blank\" rel=\"noreferrer noopener\">zde<\/a>.<\/strong> Na stejn\u00e9m m\u00edst\u011b v&nbsp;n\u011bm m\u016f\u017eete online listovat, p\u0159\u00edpadn\u011b je mo\u017en\u00e9 ho st\u00e1hnout ve form\u00e1tu <a href=\"https:\/\/www.sbb.it\/ebooks\/roter_hahn\/Urlaub_auf_dem_Bauernhof_2021\/index-h5.html#page=1\" target=\"_blank\" rel=\"noreferrer noopener\">pdf<\/a> ze str\u00e1nek na <a href=\"https:\/\/www.sbb.it\/ebooks\/roter_hahn\/Urlaub_auf_dem_Bauernhof_2021\/index-h5.html#page=1\" target=\"_blank\" rel=\"noreferrer noopener\">tomto odkazu<\/a>.<\/pre>\n\n\n\n<p><em>Zdroj: Tiskov\u00e1 zpr\u00e1va <\/em><\/p>\n","protected":false},"excerpt":{"rendered":"<p>Pl\u00e1nujete aktivn\u00ed dovolenou a chcete si ji po\u0159\u00e1dn\u011b u\u017e\u00edt? Znamen\u00e1 to pro v\u00e1s podnikat p\u011b\u0161\u00ed turistick\u00e9 v\u00fdlety \u010di vysokohorsk\u00e9 v\u00fd\u0161lapy, jezdit na kole po skv\u011ble udr\u017eovan\u00fdch cyklistick\u00fdch stezk\u00e1ch a zaplavat si v&nbsp;\u010dist\u00fdch alpsk\u00fdch jezerech? Chcete se ubytovat v&nbsp;prostorn\u00fdch a&nbsp;\u00fatuln\u00fdch apartm\u00e1nech uprost\u0159ed neodolateln\u00e9 jihotyrolsk\u00e9 p\u0159\u00edrody, kde v\u00e1m nab\u00eddnou tu nejlep\u0161\u00ed sn\u00eddani serv\u00edrovanou t\u0159eba v zahrad\u011b? Pokud [&hellip;]<\/p>\n","protected":false},"author":4,"featured_media":140479,"comment_status":"closed","ping_status":"open","sticky":false,"template":"","format":"standard","meta":{"_monsterinsights_skip_tracking":false,"_monsterinsights_sitenote_active":false,"_monsterinsights_sitenote_note":"","_monsterinsights_sitenote_category":0,"footnotes":""},"categories":[2379,422],"tags":[325,105],"class_list":{"0":"post-140477","1":"post","2":"type-post","3":"status-publish","4":"format-standard","5":"has-post-thumbnail","7":"category-kempujeme-a-cestujeme-v-rakousku","8":"category-novinky-kempovani-a-karavaning","9":"tag-poznavaci-dovolena","10":"tag-rakousko"},"yoast_head":"<!-- This site is optimized with the Yoast SEO plugin v27.5 - https:\/\/yoast.com\/product\/yoast-seo-wordpress\/ -->\n<title>Zaj\u00edmav\u00fd tip na aktivn\u00ed dovolenou nejen karavanem - jihotyrolsk\u00e9 farmy Roter Hahn - All4Camper<\/title>\n<meta name=\"description\" content=\"Znamen\u00e1 to pro v\u00e1s podnikat p\u011b\u0161\u00ed turistick\u00e9 v\u00fdlety \u010di vysokohorsk\u00e9 v\u00fd\u0161lapy, jezdit na kole po skv\u011ble udr\u017eovan\u00fdch cyklistick\u00fdch stezk\u00e1ch a zaplavat si v\u00a0\u010dist\u00fdch alpsk\u00fdch jezerech?\" \/>\n<meta name=\"robots\" content=\"index, follow, max-snippet:-1, max-image-preview:large, max-video-preview:-1\" \/>\n<link rel=\"canonical\" href=\"https:\/\/all4camper.com\/cs\/zajimavy-tip-na-aktivni-dovolenou-nejen-karavanem-jihotyrolske-farmy-roter-hahn\/\" \/>\n<meta property=\"og:locale\" content=\"cs_CZ\" \/>\n<meta property=\"og:type\" content=\"article\" \/>\n<meta property=\"og:title\" content=\"Zaj\u00edmav\u00fd tip na aktivn\u00ed dovolenou nejen karavanem - jihotyrolsk\u00e9 farmy Roter Hahn - All4Camper\" \/>\n<meta property=\"og:description\" content=\"Znamen\u00e1 to pro v\u00e1s podnikat p\u011b\u0161\u00ed turistick\u00e9 v\u00fdlety \u010di vysokohorsk\u00e9 v\u00fd\u0161lapy, jezdit na kole po skv\u011ble udr\u017eovan\u00fdch cyklistick\u00fdch stezk\u00e1ch a zaplavat si v\u00a0\u010dist\u00fdch alpsk\u00fdch jezerech?\" \/>\n<meta property=\"og:url\" content=\"https:\/\/all4camper.com\/cs\/zajimavy-tip-na-aktivni-dovolenou-nejen-karavanem-jihotyrolske-farmy-roter-hahn\/\" \/>\n<meta property=\"og:site_name\" content=\"All4Camper\" \/>\n<meta property=\"article:published_time\" content=\"2022-06-15T13:05:11+00:00\" \/>\n<meta property=\"article:modified_time\" content=\"2022-06-16T11:48:40+00:00\" \/>\n<meta property=\"og:image\" content=\"https:\/\/all4camper.com\/wp-content\/uploads\/2022\/06\/Turistika-v-Jiz\u030cni\u0301m-Tyrolsku_rodina-na\u0301hled-\u00a9Roter-Hahn_Frieder-Blickle.jpg\" \/>\n\t<meta property=\"og:image:width\" content=\"571\" \/>\n\t<meta property=\"og:image:height\" content=\"380\" \/>\n\t<meta property=\"og:image:type\" content=\"image\/jpeg\" \/>\n<meta name=\"author\" content=\"Kl\u00e1ra H\u00e1jkov\u00e1\" \/>\n<meta name=\"twitter:card\" content=\"summary_large_image\" \/>\n<meta name=\"twitter:label1\" content=\"Napsal(a)\" \/>\n\t<meta name=\"twitter:data1\" content=\"Kl\u00e1ra H\u00e1jkov\u00e1\" \/>\n\t<meta name=\"twitter:label2\" content=\"Odhadovan\u00e1 doba \u010dten\u00ed\" \/>\n\t<meta name=\"twitter:data2\" content=\"6 minut\" \/>\n<script type=\"application\/ld+json\" class=\"yoast-schema-graph\">{\"@context\":\"https:\\\/\\\/schema.org\",\"@graph\":[{\"@type\":\"Article\",\"@id\":\"https:\\\/\\\/all4camper.com\\\/cs\\\/zajimavy-tip-na-aktivni-dovolenou-nejen-karavanem-jihotyrolske-farmy-roter-hahn\\\/#article\",\"isPartOf\":{\"@id\":\"https:\\\/\\\/all4camper.com\\\/cs\\\/zajimavy-tip-na-aktivni-dovolenou-nejen-karavanem-jihotyrolske-farmy-roter-hahn\\\/\"},\"author\":{\"name\":\"Kl\u00e1ra H\u00e1jkov\u00e1\",\"@id\":\"https:\\\/\\\/all4camper.com\\\/cs\\\/#\\\/schema\\\/person\\\/c6f1efdf1d02bc7d8c53a891cbe18c62\"},\"headline\":\"Zaj\u00edmav\u00fd tip na aktivn\u00ed dovolenou nejen karavanem &#8211; jihotyrolsk\u00e9 farmy Roter Hahn\",\"datePublished\":\"2022-06-15T13:05:11+00:00\",\"dateModified\":\"2022-06-16T11:48:40+00:00\",\"mainEntityOfPage\":{\"@id\":\"https:\\\/\\\/all4camper.com\\\/cs\\\/zajimavy-tip-na-aktivni-dovolenou-nejen-karavanem-jihotyrolske-farmy-roter-hahn\\\/\"},\"wordCount\":1018,\"publisher\":{\"@id\":\"https:\\\/\\\/all4camper.com\\\/cs\\\/#organization\"},\"image\":{\"@id\":\"https:\\\/\\\/all4camper.com\\\/cs\\\/zajimavy-tip-na-aktivni-dovolenou-nejen-karavanem-jihotyrolske-farmy-roter-hahn\\\/#primaryimage\"},\"thumbnailUrl\":\"https:\\\/\\\/all4camper.com\\\/wp-content\\\/uploads\\\/2022\\\/06\\\/Turistika-v-Jiz\u030cni\u0301m-Tyrolsku_rodina-na\u0301hled-\u00a9Roter-Hahn_Frieder-Blickle.jpg\",\"keywords\":[\"Pozn\u00e1vac\u00ed dovolen\u00e1\",\"Rakousko\"],\"articleSection\":[\"Kempujeme a cestujeme v Rakousku\",\"Novinky - Kempov\u00e1n\u00ed a karavaning\"],\"inLanguage\":\"cs\"},{\"@type\":\"WebPage\",\"@id\":\"https:\\\/\\\/all4camper.com\\\/cs\\\/zajimavy-tip-na-aktivni-dovolenou-nejen-karavanem-jihotyrolske-farmy-roter-hahn\\\/\",\"url\":\"https:\\\/\\\/all4camper.com\\\/cs\\\/zajimavy-tip-na-aktivni-dovolenou-nejen-karavanem-jihotyrolske-farmy-roter-hahn\\\/\",\"name\":\"Zaj\u00edmav\u00fd tip na aktivn\u00ed dovolenou nejen karavanem - jihotyrolsk\u00e9 farmy Roter Hahn - All4Camper\",\"isPartOf\":{\"@id\":\"https:\\\/\\\/all4camper.com\\\/cs\\\/#website\"},\"primaryImageOfPage\":{\"@id\":\"https:\\\/\\\/all4camper.com\\\/cs\\\/zajimavy-tip-na-aktivni-dovolenou-nejen-karavanem-jihotyrolske-farmy-roter-hahn\\\/#primaryimage\"},\"image\":{\"@id\":\"https:\\\/\\\/all4camper.com\\\/cs\\\/zajimavy-tip-na-aktivni-dovolenou-nejen-karavanem-jihotyrolske-farmy-roter-hahn\\\/#primaryimage\"},\"thumbnailUrl\":\"https:\\\/\\\/all4camper.com\\\/wp-content\\\/uploads\\\/2022\\\/06\\\/Turistika-v-Jiz\u030cni\u0301m-Tyrolsku_rodina-na\u0301hled-\u00a9Roter-Hahn_Frieder-Blickle.jpg\",\"datePublished\":\"2022-06-15T13:05:11+00:00\",\"dateModified\":\"2022-06-16T11:48:40+00:00\",\"description\":\"Znamen\u00e1 to pro v\u00e1s podnikat p\u011b\u0161\u00ed turistick\u00e9 v\u00fdlety \u010di vysokohorsk\u00e9 v\u00fd\u0161lapy, jezdit na kole po skv\u011ble udr\u017eovan\u00fdch cyklistick\u00fdch stezk\u00e1ch a zaplavat si v\u00a0\u010dist\u00fdch alpsk\u00fdch jezerech?\",\"breadcrumb\":{\"@id\":\"https:\\\/\\\/all4camper.com\\\/cs\\\/zajimavy-tip-na-aktivni-dovolenou-nejen-karavanem-jihotyrolske-farmy-roter-hahn\\\/#breadcrumb\"},\"inLanguage\":\"cs\",\"potentialAction\":[{\"@type\":\"ReadAction\",\"target\":[\"https:\\\/\\\/all4camper.com\\\/cs\\\/zajimavy-tip-na-aktivni-dovolenou-nejen-karavanem-jihotyrolske-farmy-roter-hahn\\\/\"]}]},{\"@type\":\"ImageObject\",\"inLanguage\":\"cs\",\"@id\":\"https:\\\/\\\/all4camper.com\\\/cs\\\/zajimavy-tip-na-aktivni-dovolenou-nejen-karavanem-jihotyrolske-farmy-roter-hahn\\\/#primaryimage\",\"url\":\"https:\\\/\\\/all4camper.com\\\/wp-content\\\/uploads\\\/2022\\\/06\\\/Turistika-v-Jiz\u030cni\u0301m-Tyrolsku_rodina-na\u0301hled-\u00a9Roter-Hahn_Frieder-Blickle.jpg\",\"contentUrl\":\"https:\\\/\\\/all4camper.com\\\/wp-content\\\/uploads\\\/2022\\\/06\\\/Turistika-v-Jiz\u030cni\u0301m-Tyrolsku_rodina-na\u0301hled-\u00a9Roter-Hahn_Frieder-Blickle.jpg\",\"width\":571,\"height\":380,\"caption\":\"Suedtirol, Shooting Roter Hahn, Pustertal, Niederdorf, Rainerhof,\"},{\"@type\":\"BreadcrumbList\",\"@id\":\"https:\\\/\\\/all4camper.com\\\/cs\\\/zajimavy-tip-na-aktivni-dovolenou-nejen-karavanem-jihotyrolske-farmy-roter-hahn\\\/#breadcrumb\",\"itemListElement\":[{\"@type\":\"ListItem\",\"position\":1,\"name\":\"Dom\u016f\",\"item\":\"https:\\\/\\\/all4camper.com\\\/cs\\\/\"},{\"@type\":\"ListItem\",\"position\":2,\"name\":\"Novinky - Kempov\u00e1n\u00ed a karavaning\",\"item\":\"https:\\\/\\\/all4camper.com\\\/cs\\\/category\\\/novinky-kempovani-a-karavaning\\\/\"},{\"@type\":\"ListItem\",\"position\":3,\"name\":\"Zaj\u00edmav\u00fd tip na aktivn\u00ed dovolenou nejen karavanem &#8211; jihotyrolsk\u00e9 farmy Roter Hahn\"}]},{\"@type\":\"WebSite\",\"@id\":\"https:\\\/\\\/all4camper.com\\\/cs\\\/#website\",\"url\":\"https:\\\/\\\/all4camper.com\\\/cs\\\/\",\"name\":\"All4Camper\",\"description\":\"Nejv\u011bt\u0161\u00ed online magaz\u00edn o kempov\u00e1n\u00ed a karavaninku. V\u00edce jak 900 \u010dl\u00e1nk\u016f pln\u00fdch rad a tip\u016f o kempech a kempov\u00e1n\u00ed.\",\"publisher\":{\"@id\":\"https:\\\/\\\/all4camper.com\\\/cs\\\/#organization\"},\"potentialAction\":[{\"@type\":\"SearchAction\",\"target\":{\"@type\":\"EntryPoint\",\"urlTemplate\":\"https:\\\/\\\/all4camper.com\\\/cs\\\/?s={search_term_string}\"},\"query-input\":{\"@type\":\"PropertyValueSpecification\",\"valueRequired\":true,\"valueName\":\"search_term_string\"}}],\"inLanguage\":\"cs\"},{\"@type\":\"Organization\",\"@id\":\"https:\\\/\\\/all4camper.com\\\/cs\\\/#organization\",\"name\":\"All4Camper - kempujeme s Kl\u00e1rou\",\"url\":\"https:\\\/\\\/all4camper.com\\\/cs\\\/\",\"logo\":{\"@type\":\"ImageObject\",\"inLanguage\":\"cs\",\"@id\":\"https:\\\/\\\/all4camper.com\\\/cs\\\/#\\\/schema\\\/logo\\\/image\\\/\",\"url\":\"https:\\\/\\\/all4camper.com\\\/wp-content\\\/uploads\\\/2018\\\/09\\\/novelogo.png\",\"contentUrl\":\"https:\\\/\\\/all4camper.com\\\/wp-content\\\/uploads\\\/2018\\\/09\\\/novelogo.png\",\"width\":1520,\"height\":600,\"caption\":\"All4Camper - kempujeme s Kl\u00e1rou\"},\"image\":{\"@id\":\"https:\\\/\\\/all4camper.com\\\/cs\\\/#\\\/schema\\\/logo\\\/image\\\/\"}},{\"@type\":\"Person\",\"@id\":\"https:\\\/\\\/all4camper.com\\\/cs\\\/#\\\/schema\\\/person\\\/c6f1efdf1d02bc7d8c53a891cbe18c62\",\"name\":\"Kl\u00e1ra H\u00e1jkov\u00e1\",\"sameAs\":[\"http:\\\/\\\/www.all4camper.com\"],\"url\":\"https:\\\/\\\/all4camper.com\\\/cs\\\/author\\\/klarinkacestuje1\\\/\"}]}<\/script>\n<!-- \/ Yoast SEO plugin. -->","yoast_head_json":{"title":"Zaj\u00edmav\u00fd tip na aktivn\u00ed dovolenou nejen karavanem - jihotyrolsk\u00e9 farmy Roter Hahn - All4Camper","description":"Znamen\u00e1 to pro v\u00e1s podnikat p\u011b\u0161\u00ed turistick\u00e9 v\u00fdlety \u010di vysokohorsk\u00e9 v\u00fd\u0161lapy, jezdit na kole po skv\u011ble udr\u017eovan\u00fdch cyklistick\u00fdch stezk\u00e1ch a zaplavat si v\u00a0\u010dist\u00fdch alpsk\u00fdch jezerech?","robots":{"index":"index","follow":"follow","max-snippet":"max-snippet:-1","max-image-preview":"max-image-preview:large","max-video-preview":"max-video-preview:-1"},"canonical":"https:\/\/all4camper.com\/cs\/zajimavy-tip-na-aktivni-dovolenou-nejen-karavanem-jihotyrolske-farmy-roter-hahn\/","og_locale":"cs_CZ","og_type":"article","og_title":"Zaj\u00edmav\u00fd tip na aktivn\u00ed dovolenou nejen karavanem - jihotyrolsk\u00e9 farmy Roter Hahn - All4Camper","og_description":"Znamen\u00e1 to pro v\u00e1s podnikat p\u011b\u0161\u00ed turistick\u00e9 v\u00fdlety \u010di vysokohorsk\u00e9 v\u00fd\u0161lapy, jezdit na kole po skv\u011ble udr\u017eovan\u00fdch cyklistick\u00fdch stezk\u00e1ch a zaplavat si v\u00a0\u010dist\u00fdch alpsk\u00fdch jezerech?","og_url":"https:\/\/all4camper.com\/cs\/zajimavy-tip-na-aktivni-dovolenou-nejen-karavanem-jihotyrolske-farmy-roter-hahn\/","og_site_name":"All4Camper","article_published_time":"2022-06-15T13:05:11+00:00","article_modified_time":"2022-06-16T11:48:40+00:00","og_image":[{"width":571,"height":380,"url":"https:\/\/all4camper.com\/wp-content\/uploads\/2022\/06\/Turistika-v-Jiz\u030cni\u0301m-Tyrolsku_rodina-na\u0301hled-\u00a9Roter-Hahn_Frieder-Blickle.jpg","type":"image\/jpeg"}],"author":"Kl\u00e1ra H\u00e1jkov\u00e1","twitter_card":"summary_large_image","twitter_misc":{"Napsal(a)":"Kl\u00e1ra H\u00e1jkov\u00e1","Odhadovan\u00e1 doba \u010dten\u00ed":"6 minut"},"schema":{"@context":"https:\/\/schema.org","@graph":[{"@type":"Article","@id":"https:\/\/all4camper.com\/cs\/zajimavy-tip-na-aktivni-dovolenou-nejen-karavanem-jihotyrolske-farmy-roter-hahn\/#article","isPartOf":{"@id":"https:\/\/all4camper.com\/cs\/zajimavy-tip-na-aktivni-dovolenou-nejen-karavanem-jihotyrolske-farmy-roter-hahn\/"},"author":{"name":"Kl\u00e1ra H\u00e1jkov\u00e1","@id":"https:\/\/all4camper.com\/cs\/#\/schema\/person\/c6f1efdf1d02bc7d8c53a891cbe18c62"},"headline":"Zaj\u00edmav\u00fd tip na aktivn\u00ed dovolenou nejen karavanem &#8211; jihotyrolsk\u00e9 farmy Roter Hahn","datePublished":"2022-06-15T13:05:11+00:00","dateModified":"2022-06-16T11:48:40+00:00","mainEntityOfPage":{"@id":"https:\/\/all4camper.com\/cs\/zajimavy-tip-na-aktivni-dovolenou-nejen-karavanem-jihotyrolske-farmy-roter-hahn\/"},"wordCount":1018,"publisher":{"@id":"https:\/\/all4camper.com\/cs\/#organization"},"image":{"@id":"https:\/\/all4camper.com\/cs\/zajimavy-tip-na-aktivni-dovolenou-nejen-karavanem-jihotyrolske-farmy-roter-hahn\/#primaryimage"},"thumbnailUrl":"https:\/\/all4camper.com\/wp-content\/uploads\/2022\/06\/Turistika-v-Jiz\u030cni\u0301m-Tyrolsku_rodina-na\u0301hled-\u00a9Roter-Hahn_Frieder-Blickle.jpg","keywords":["Pozn\u00e1vac\u00ed dovolen\u00e1","Rakousko"],"articleSection":["Kempujeme a cestujeme v Rakousku","Novinky - Kempov\u00e1n\u00ed a karavaning"],"inLanguage":"cs"},{"@type":"WebPage","@id":"https:\/\/all4camper.com\/cs\/zajimavy-tip-na-aktivni-dovolenou-nejen-karavanem-jihotyrolske-farmy-roter-hahn\/","url":"https:\/\/all4camper.com\/cs\/zajimavy-tip-na-aktivni-dovolenou-nejen-karavanem-jihotyrolske-farmy-roter-hahn\/","name":"Zaj\u00edmav\u00fd tip na aktivn\u00ed dovolenou nejen karavanem - jihotyrolsk\u00e9 farmy Roter Hahn - All4Camper","isPartOf":{"@id":"https:\/\/all4camper.com\/cs\/#website"},"primaryImageOfPage":{"@id":"https:\/\/all4camper.com\/cs\/zajimavy-tip-na-aktivni-dovolenou-nejen-karavanem-jihotyrolske-farmy-roter-hahn\/#primaryimage"},"image":{"@id":"https:\/\/all4camper.com\/cs\/zajimavy-tip-na-aktivni-dovolenou-nejen-karavanem-jihotyrolske-farmy-roter-hahn\/#primaryimage"},"thumbnailUrl":"https:\/\/all4camper.com\/wp-content\/uploads\/2022\/06\/Turistika-v-Jiz\u030cni\u0301m-Tyrolsku_rodina-na\u0301hled-\u00a9Roter-Hahn_Frieder-Blickle.jpg","datePublished":"2022-06-15T13:05:11+00:00","dateModified":"2022-06-16T11:48:40+00:00","description":"Znamen\u00e1 to pro v\u00e1s podnikat p\u011b\u0161\u00ed turistick\u00e9 v\u00fdlety \u010di vysokohorsk\u00e9 v\u00fd\u0161lapy, jezdit na kole po skv\u011ble udr\u017eovan\u00fdch cyklistick\u00fdch stezk\u00e1ch a zaplavat si v\u00a0\u010dist\u00fdch alpsk\u00fdch jezerech?","breadcrumb":{"@id":"https:\/\/all4camper.com\/cs\/zajimavy-tip-na-aktivni-dovolenou-nejen-karavanem-jihotyrolske-farmy-roter-hahn\/#breadcrumb"},"inLanguage":"cs","potentialAction":[{"@type":"ReadAction","target":["https:\/\/all4camper.com\/cs\/zajimavy-tip-na-aktivni-dovolenou-nejen-karavanem-jihotyrolske-farmy-roter-hahn\/"]}]},{"@type":"ImageObject","inLanguage":"cs","@id":"https:\/\/all4camper.com\/cs\/zajimavy-tip-na-aktivni-dovolenou-nejen-karavanem-jihotyrolske-farmy-roter-hahn\/#primaryimage","url":"https:\/\/all4camper.com\/wp-content\/uploads\/2022\/06\/Turistika-v-Jiz\u030cni\u0301m-Tyrolsku_rodina-na\u0301hled-\u00a9Roter-Hahn_Frieder-Blickle.jpg","contentUrl":"https:\/\/all4camper.com\/wp-content\/uploads\/2022\/06\/Turistika-v-Jiz\u030cni\u0301m-Tyrolsku_rodina-na\u0301hled-\u00a9Roter-Hahn_Frieder-Blickle.jpg","width":571,"height":380,"caption":"Suedtirol, Shooting Roter Hahn, Pustertal, Niederdorf, Rainerhof,"},{"@type":"BreadcrumbList","@id":"https:\/\/all4camper.com\/cs\/zajimavy-tip-na-aktivni-dovolenou-nejen-karavanem-jihotyrolske-farmy-roter-hahn\/#breadcrumb","itemListElement":[{"@type":"ListItem","position":1,"name":"Dom\u016f","item":"https:\/\/all4camper.com\/cs\/"},{"@type":"ListItem","position":2,"name":"Novinky - Kempov\u00e1n\u00ed a karavaning","item":"https:\/\/all4camper.com\/cs\/category\/novinky-kempovani-a-karavaning\/"},{"@type":"ListItem","position":3,"name":"Zaj\u00edmav\u00fd tip na aktivn\u00ed dovolenou nejen karavanem &#8211; jihotyrolsk\u00e9 farmy Roter Hahn"}]},{"@type":"WebSite","@id":"https:\/\/all4camper.com\/cs\/#website","url":"https:\/\/all4camper.com\/cs\/","name":"All4Camper","description":"Nejv\u011bt\u0161\u00ed online magaz\u00edn o kempov\u00e1n\u00ed a karavaninku. V\u00edce jak 900 \u010dl\u00e1nk\u016f pln\u00fdch rad a tip\u016f o kempech a kempov\u00e1n\u00ed.","publisher":{"@id":"https:\/\/all4camper.com\/cs\/#organization"},"potentialAction":[{"@type":"SearchAction","target":{"@type":"EntryPoint","urlTemplate":"https:\/\/all4camper.com\/cs\/?s={search_term_string}"},"query-input":{"@type":"PropertyValueSpecification","valueRequired":true,"valueName":"search_term_string"}}],"inLanguage":"cs"},{"@type":"Organization","@id":"https:\/\/all4camper.com\/cs\/#organization","name":"All4Camper - kempujeme s Kl\u00e1rou","url":"https:\/\/all4camper.com\/cs\/","logo":{"@type":"ImageObject","inLanguage":"cs","@id":"https:\/\/all4camper.com\/cs\/#\/schema\/logo\/image\/","url":"https:\/\/all4camper.com\/wp-content\/uploads\/2018\/09\/novelogo.png","contentUrl":"https:\/\/all4camper.com\/wp-content\/uploads\/2018\/09\/novelogo.png","width":1520,"height":600,"caption":"All4Camper - kempujeme s Kl\u00e1rou"},"image":{"@id":"https:\/\/all4camper.com\/cs\/#\/schema\/logo\/image\/"}},{"@type":"Person","@id":"https:\/\/all4camper.com\/cs\/#\/schema\/person\/c6f1efdf1d02bc7d8c53a891cbe18c62","name":"Kl\u00e1ra H\u00e1jkov\u00e1","sameAs":["http:\/\/www.all4camper.com"],"url":"https:\/\/all4camper.com\/cs\/author\/klarinkacestuje1\/"}]}},"_links":{"self":[{"href":"https:\/\/all4camper.com\/cs\/wp-json\/wp\/v2\/posts\/140477","targetHints":{"allow":["GET"]}}],"collection":[{"href":"https:\/\/all4camper.com\/cs\/wp-json\/wp\/v2\/posts"}],"about":[{"href":"https:\/\/all4camper.com\/cs\/wp-json\/wp\/v2\/types\/post"}],"author":[{"embeddable":true,"href":"https:\/\/all4camper.com\/cs\/wp-json\/wp\/v2\/users\/4"}],"replies":[{"embeddable":true,"href":"https:\/\/all4camper.com\/cs\/wp-json\/wp\/v2\/comments?post=140477"}],"version-history":[{"count":0,"href":"https:\/\/all4camper.com\/cs\/wp-json\/wp\/v2\/posts\/140477\/revisions"}],"wp:featuredmedia":[{"embeddable":true,"href":"https:\/\/all4camper.com\/cs\/wp-json\/wp\/v2\/media\/140479"}],"wp:attachment":[{"href":"https:\/\/all4camper.com\/cs\/wp-json\/wp\/v2\/media?parent=140477"}],"wp:term":[{"taxonomy":"category","embeddable":true,"href":"https:\/\/all4camper.com\/cs\/wp-json\/wp\/v2\/categories?post=140477"},{"taxonomy":"post_tag","embeddable":true,"href":"https:\/\/all4camper.com\/cs\/wp-json\/wp\/v2\/tags?post=140477"}],"curies":[{"name":"wp","href":"https:\/\/api.w.org\/{rel}","templated":true}]}}