{"id":140401,"date":"2022-06-07T08:00:00","date_gmt":"2022-06-07T06:00:00","guid":{"rendered":"https:\/\/all4camper.com\/\/?p=140401"},"modified":"2022-06-10T15:51:12","modified_gmt":"2022-06-10T13:51:12","slug":"camperboards-rozsiril-nabidku-odkladacich-systemu","status":"publish","type":"post","link":"https:\/\/all4camper.com\/cs\/camperboards-rozsiril-nabidku-odkladacich-systemu\/","title":{"rendered":"Camperboards roz\u0161\u00ed\u0159il nab\u00eddku odkl\u00e1dac\u00edch syst\u00e9m\u016f"},"content":{"rendered":"\n<p><strong>Spole\u010dnost <\/strong><a href=\"https:\/\/en.camperboards.de\/\" target=\"_blank\" rel=\"noreferrer noopener\"><strong>Camperboards<\/strong><\/a><strong> vyv\u00edj\u00ed a ru\u010dn\u011b vyr\u00e1b\u00ed kvalitn\u00ed odkl\u00e1dac\u00ed plochy pro obytn\u00e9 vozy, kter\u00e9 umo\u017e\u0148uj\u00ed vyu\u017e\u00edt na maximum i ty nejmen\u0161\u00ed prostory a vylep\u0161uj\u00ed interi\u00e9r. Nov\u011b m\u00e1 Camperboards v&nbsp;nab\u00eddce produkty pro obytn\u00e9 vozy zna\u010dek Weinsberg, Eura Mobil, Morelo, Carthago a Kabe. Majitel\u00e9 t\u011bchto voz\u016f si tak od leto\u0161n\u00edho jara mohou po\u0159\u00eddit nap\u0159\u00edklad odkl\u00e1dac\u00ed desky a kryty umyvadel, kter\u00e9 se vyr\u00e1b\u011bj\u00ed v&nbsp;N\u011bmecku.<\/strong><\/p>\n\n\n\n<figure class=\"wp-block-image size-full\"><img loading=\"lazy\" decoding=\"async\" width=\"675\" height=\"466\" src=\"https:\/\/all4camper.com\/\/wp-content\/uploads\/2022\/06\/camperboards3.webp\" alt=\"\" class=\"wp-image-140404\" srcset=\"https:\/\/all4camper.com\/wp-content\/uploads\/2022\/06\/camperboards3.webp 675w, https:\/\/all4camper.com\/wp-content\/uploads\/2022\/06\/camperboards3-300x207.webp 300w, https:\/\/all4camper.com\/wp-content\/uploads\/2022\/06\/camperboards3-150x104.webp 150w, https:\/\/all4camper.com\/wp-content\/uploads\/2022\/06\/camperboards3-218x150.webp 218w\" sizes=\"auto, (max-width: 675px) 100vw, 675px\" \/><\/figure>\n\n\n\n<p>Produkty od spole\u010dnosti Camperboards dok\u00e1\u017e\u00ed velmi jednodu\u0161e zv\u011bt\u0161it odkl\u00e1dac\u00ed plochy ve voze a\u017e o 40 procent. Jedn\u00edm ze zp\u016fsob\u016f, jak toho doc\u00edlit, je v\u00fdm\u011bna op\u011brek hlavy u lavice za odkl\u00e1dac\u00ed desku. <strong>Tyto odkl\u00e1dac\u00ed desky nab\u00edz\u00ed Camperboards od t\u00e9to sez\u00f3ny nov\u011b i pro zna\u010dky Weinsberg, Eura Mobil, Morelo, Carthago a Kabe.<\/strong><\/p>\n\n\n\n<p>Jednou z&nbsp;leto\u0161n\u00edch novinek je tak nap\u0159\u00edklad odkl\u00e1dac\u00ed deska pro obytn\u00fd v\u016fz Weinsberg Pepper, kter\u00e1 byla vyvinuta na z\u00e1klad\u011b \u010detn\u00fdch po\u017eadavk\u016f z\u00e1kazn\u00edk\u016f. V&nbsp;t\u011bchto vozech sedadlo lavice soused\u00ed se st\u011bnou koupelny, p\u0159esto se spole\u010dnosti Camperboards poda\u0159ilo vytvo\u0159it odkl\u00e1dac\u00ed desku i pro tento mal\u00fd prostor, ani\u017e by byla naru\u0161ena cirkulace topen\u00ed za lavic\u00ed. V\u00fdsledkem je b\u00edl\u00e1 deska s&nbsp;hranou v&nbsp;barv\u011b t\u0159e\u0161\u0148ov\u00e9ho d\u0159eva, kter\u00e1 perfektn\u011b zapad\u00e1 do interi\u00e9ru vozu a poskytuje odkl\u00e1dac\u00ed prostor nav\u00edc.<\/p>\n\n\n\n<figure class=\"wp-block-image size-full\"><img loading=\"lazy\" decoding=\"async\" width=\"704\" height=\"466\" src=\"https:\/\/all4camper.com\/\/wp-content\/uploads\/2022\/06\/camperboards-1.webp\" alt=\"\" class=\"wp-image-140402\" srcset=\"https:\/\/all4camper.com\/wp-content\/uploads\/2022\/06\/camperboards-1.webp 704w, https:\/\/all4camper.com\/wp-content\/uploads\/2022\/06\/camperboards-1-300x199.webp 300w, https:\/\/all4camper.com\/wp-content\/uploads\/2022\/06\/camperboards-1-150x99.webp 150w, https:\/\/all4camper.com\/wp-content\/uploads\/2022\/06\/camperboards-1-696x461.webp 696w\" sizes=\"auto, (max-width: 704px) 100vw, 704px\" \/><\/figure>\n\n\n\n<p>V&nbsp;sortimentu Camperboards jsou pak tak\u00e9 od leto\u0161n\u00ed sez\u00f3ny desky pro pr\u00e9miov\u00e9ho v\u00fdrobce Eura Mobil, po nich\u017e t\u00e9\u017e byla del\u0161\u00ed dobu popt\u00e1vka. Odkl\u00e1dac\u00ed desky pro modely t\u00e9to zna\u010dky maj\u00ed v\u00fd\u0161kov\u00e9 nastaven\u00ed, kter\u00e9 vyrovn\u00e1v\u00e1 toleran\u010dn\u00ed v\u00fdkyvy v&nbsp;konstrukci sedadla a umo\u017e\u0148uje horizont\u00e1ln\u00ed vyrovn\u00e1n\u00ed.<\/p>\n\n\n\n<p>Dal\u0161\u00ed odkl\u00e1dac\u00ed desky je pak mo\u017en\u00e9 nov\u011b po\u0159\u00eddit i pro vozy Carthago a Morelo. Pro vozy \u0161v\u00e9dsk\u00e9ho v\u00fdrobce Kabe nab\u00edz\u00ed Camperboards univerz\u00e1ln\u00ed kryt d\u0159ezu z&nbsp;t\u0159\u00edvrstv\u00e9ho bambusov\u00e9ho d\u0159eva. P\u0159i v\u00fdvoji odkl\u00e1dac\u00edch desek pro modely Carthago \u010delil Camperboards v\u00fdzv\u011b, jeliko\u017e lavice v&nbsp;t\u011bchto vozech nem\u00e1 odn\u00edmateln\u00e9 op\u011brky hlavy. Situaci proto \u0159e\u0161\u00ed speci\u00e1ln\u00ed dr\u017e\u00e1k, kter\u00fd lze nen\u00e1padn\u011b p\u0159i\u0161roubovat.<\/p>\n\n\n\n<figure class=\"wp-block-gallery has-nested-images columns-1 is-cropped wp-block-gallery-1 is-layout-flex wp-block-gallery-is-layout-flex\">\n<figure class=\"wp-block-image size-large\"><img loading=\"lazy\" decoding=\"async\" width=\"699\" height=\"466\" data-id=\"140406\" src=\"https:\/\/all4camper.com\/\/wp-content\/uploads\/2022\/06\/camperboards2.webp\" alt=\"\" class=\"wp-image-140406\" srcset=\"https:\/\/all4camper.com\/wp-content\/uploads\/2022\/06\/camperboards2.webp 699w, https:\/\/all4camper.com\/wp-content\/uploads\/2022\/06\/camperboards2-300x200.webp 300w, https:\/\/all4camper.com\/wp-content\/uploads\/2022\/06\/camperboards2-150x100.webp 150w, https:\/\/all4camper.com\/wp-content\/uploads\/2022\/06\/camperboards2-696x464.webp 696w\" sizes=\"auto, (max-width: 699px) 100vw, 699px\" \/><\/figure>\n\n\n\n<figure class=\"wp-block-image size-large\"><img loading=\"lazy\" decoding=\"async\" width=\"714\" height=\"466\" data-id=\"140408\" src=\"https:\/\/all4camper.com\/\/wp-content\/uploads\/2022\/06\/camperboards4.webp\" alt=\"\" class=\"wp-image-140408\" srcset=\"https:\/\/all4camper.com\/wp-content\/uploads\/2022\/06\/camperboards4.webp 714w, https:\/\/all4camper.com\/wp-content\/uploads\/2022\/06\/camperboards4-300x196.webp 300w, https:\/\/all4camper.com\/wp-content\/uploads\/2022\/06\/camperboards4-150x98.webp 150w, https:\/\/all4camper.com\/wp-content\/uploads\/2022\/06\/camperboards4-696x454.webp 696w\" sizes=\"auto, (max-width: 714px) 100vw, 714px\" \/><\/figure>\n<\/figure>\n\n\n\n<p>Dopl\u0148ky pro v\u00e1\u0161 obytn\u00fd v\u016fz od spole\u010dnosti Camperboards lze objednat na <a href=\"http:\/\/www.camperboards.de\" target=\"_blank\" rel=\"noreferrer noopener\">www.camperboards.de<\/a>, kde tak\u00e9 naleznete kontakty pro p\u0159\u00edpadn\u00e9 dotazy ohledn\u011b jednotliv\u00fdch model\u016f.<\/p>\n","protected":false},"excerpt":{"rendered":"<p>Spole\u010dnost Camperboards vyv\u00edj\u00ed a ru\u010dn\u011b vyr\u00e1b\u00ed kvalitn\u00ed odkl\u00e1dac\u00ed plochy pro obytn\u00e9 vozy, kter\u00e9 umo\u017e\u0148uj\u00ed vyu\u017e\u00edt na maximum i ty nejmen\u0161\u00ed prostory a vylep\u0161uj\u00ed interi\u00e9r. Nov\u011b m\u00e1 Camperboards v&nbsp;nab\u00eddce produkty pro obytn\u00e9 vozy zna\u010dek Weinsberg, Eura Mobil, Morelo, Carthago a Kabe. Majitel\u00e9 t\u011bchto voz\u016f si tak od leto\u0161n\u00edho jara mohou po\u0159\u00eddit nap\u0159\u00edklad odkl\u00e1dac\u00ed desky a kryty [&hellip;]<\/p>\n","protected":false},"author":4,"featured_media":140429,"comment_status":"closed","ping_status":"open","sticky":false,"template":"","format":"standard","meta":{"_monsterinsights_skip_tracking":false,"_monsterinsights_sitenote_active":false,"_monsterinsights_sitenote_note":"","_monsterinsights_sitenote_category":0,"footnotes":""},"categories":[11194,422,8209],"tags":[226,8122],"class_list":{"0":"post-140401","1":"post","2":"type-post","3":"status-publish","4":"format-standard","5":"has-post-thumbnail","7":"category-karavaning","8":"category-novinky-kempovani-a-karavaning","9":"category-rady-tipy-informace","10":"tag-rady-a-tipy","11":"tag-karavaning"},"yoast_head":"<!-- This site is optimized with the Yoast SEO plugin v27.5 - https:\/\/yoast.com\/product\/yoast-seo-wordpress\/ -->\n<title>Camperboards roz\u0161\u00ed\u0159il nab\u00eddku odkl\u00e1dac\u00edch syst\u00e9m\u016f - All4Camper<\/title>\n<meta name=\"description\" content=\"vyv\u00edj\u00ed a ru\u010dn\u011b vyr\u00e1b\u00ed kvalitn\u00ed odkl\u00e1dac\u00ed plochy pro obytn\u00e9 vozy, kter\u00e9 umo\u017e\u0148uj\u00ed vyu\u017e\u00edt na maximum i ty nejmen\u0161\u00ed prostory a vylep\u0161uj\u00ed interi\u00e9r. Nov\u011b m\u00e1 Camperboards v\u00a0nab\u00eddce produkty pro obytn\u00e9 vozy zna\u010dek Weinsberg, Eura Mobil, Morelo, Carthago a Kabe.\" \/>\n<meta name=\"robots\" content=\"index, follow, max-snippet:-1, max-image-preview:large, max-video-preview:-1\" \/>\n<link rel=\"canonical\" href=\"https:\/\/all4camper.com\/cs\/camperboards-rozsiril-nabidku-odkladacich-systemu\/\" \/>\n<meta property=\"og:locale\" content=\"cs_CZ\" \/>\n<meta property=\"og:type\" content=\"article\" \/>\n<meta property=\"og:title\" content=\"Camperboards roz\u0161\u00ed\u0159il nab\u00eddku odkl\u00e1dac\u00edch syst\u00e9m\u016f - All4Camper\" \/>\n<meta property=\"og:description\" content=\"vyv\u00edj\u00ed a ru\u010dn\u011b vyr\u00e1b\u00ed kvalitn\u00ed odkl\u00e1dac\u00ed plochy pro obytn\u00e9 vozy, kter\u00e9 umo\u017e\u0148uj\u00ed vyu\u017e\u00edt na maximum i ty nejmen\u0161\u00ed prostory a vylep\u0161uj\u00ed interi\u00e9r. Nov\u011b m\u00e1 Camperboards v\u00a0nab\u00eddce produkty pro obytn\u00e9 vozy zna\u010dek Weinsberg, Eura Mobil, Morelo, Carthago a Kabe.\" \/>\n<meta property=\"og:url\" content=\"https:\/\/all4camper.com\/cs\/camperboards-rozsiril-nabidku-odkladacich-systemu\/\" \/>\n<meta property=\"og:site_name\" content=\"All4Camper\" \/>\n<meta property=\"article:published_time\" content=\"2022-06-07T06:00:00+00:00\" \/>\n<meta property=\"article:modified_time\" content=\"2022-06-10T13:51:12+00:00\" \/>\n<meta property=\"og:image\" content=\"https:\/\/all4camper.com\/wp-content\/uploads\/2022\/06\/camperboards2.jpg\" \/>\n\t<meta property=\"og:image:width\" content=\"699\" \/>\n\t<meta property=\"og:image:height\" content=\"466\" \/>\n\t<meta property=\"og:image:type\" content=\"image\/jpeg\" \/>\n<meta name=\"author\" content=\"Kl\u00e1ra H\u00e1jkov\u00e1\" \/>\n<meta name=\"twitter:card\" content=\"summary_large_image\" \/>\n<meta name=\"twitter:label1\" content=\"Napsal(a)\" \/>\n\t<meta name=\"twitter:data1\" content=\"Kl\u00e1ra H\u00e1jkov\u00e1\" \/>\n\t<meta name=\"twitter:label2\" content=\"Odhadovan\u00e1 doba \u010dten\u00ed\" \/>\n\t<meta name=\"twitter:data2\" content=\"3 minuty\" \/>\n<script type=\"application\/ld+json\" class=\"yoast-schema-graph\">{\"@context\":\"https:\\\/\\\/schema.org\",\"@graph\":[{\"@type\":\"Article\",\"@id\":\"https:\\\/\\\/all4camper.com\\\/cs\\\/camperboards-rozsiril-nabidku-odkladacich-systemu\\\/#article\",\"isPartOf\":{\"@id\":\"https:\\\/\\\/all4camper.com\\\/cs\\\/camperboards-rozsiril-nabidku-odkladacich-systemu\\\/\"},\"author\":{\"name\":\"Kl\u00e1ra H\u00e1jkov\u00e1\",\"@id\":\"https:\\\/\\\/all4camper.com\\\/cs\\\/#\\\/schema\\\/person\\\/c6f1efdf1d02bc7d8c53a891cbe18c62\"},\"headline\":\"Camperboards roz\u0161\u00ed\u0159il nab\u00eddku odkl\u00e1dac\u00edch syst\u00e9m\u016f\",\"datePublished\":\"2022-06-07T06:00:00+00:00\",\"dateModified\":\"2022-06-10T13:51:12+00:00\",\"mainEntityOfPage\":{\"@id\":\"https:\\\/\\\/all4camper.com\\\/cs\\\/camperboards-rozsiril-nabidku-odkladacich-systemu\\\/\"},\"wordCount\":437,\"publisher\":{\"@id\":\"https:\\\/\\\/all4camper.com\\\/cs\\\/#organization\"},\"image\":{\"@id\":\"https:\\\/\\\/all4camper.com\\\/cs\\\/camperboards-rozsiril-nabidku-odkladacich-systemu\\\/#primaryimage\"},\"thumbnailUrl\":\"https:\\\/\\\/all4camper.com\\\/wp-content\\\/uploads\\\/2022\\\/06\\\/camperboards2.jpg\",\"keywords\":[\"Rady-tipy-informace\",\"Ze sv\u011bta karavaningu\"],\"articleSection\":[\"Karavanink\",\"Novinky - Kempov\u00e1n\u00ed a karavaning\",\"Rady, tipy, informace\"],\"inLanguage\":\"cs\"},{\"@type\":\"WebPage\",\"@id\":\"https:\\\/\\\/all4camper.com\\\/cs\\\/camperboards-rozsiril-nabidku-odkladacich-systemu\\\/\",\"url\":\"https:\\\/\\\/all4camper.com\\\/cs\\\/camperboards-rozsiril-nabidku-odkladacich-systemu\\\/\",\"name\":\"Camperboards roz\u0161\u00ed\u0159il nab\u00eddku odkl\u00e1dac\u00edch syst\u00e9m\u016f - All4Camper\",\"isPartOf\":{\"@id\":\"https:\\\/\\\/all4camper.com\\\/cs\\\/#website\"},\"primaryImageOfPage\":{\"@id\":\"https:\\\/\\\/all4camper.com\\\/cs\\\/camperboards-rozsiril-nabidku-odkladacich-systemu\\\/#primaryimage\"},\"image\":{\"@id\":\"https:\\\/\\\/all4camper.com\\\/cs\\\/camperboards-rozsiril-nabidku-odkladacich-systemu\\\/#primaryimage\"},\"thumbnailUrl\":\"https:\\\/\\\/all4camper.com\\\/wp-content\\\/uploads\\\/2022\\\/06\\\/camperboards2.jpg\",\"datePublished\":\"2022-06-07T06:00:00+00:00\",\"dateModified\":\"2022-06-10T13:51:12+00:00\",\"description\":\"vyv\u00edj\u00ed a ru\u010dn\u011b vyr\u00e1b\u00ed kvalitn\u00ed odkl\u00e1dac\u00ed plochy pro obytn\u00e9 vozy, kter\u00e9 umo\u017e\u0148uj\u00ed vyu\u017e\u00edt na maximum i ty nejmen\u0161\u00ed prostory a vylep\u0161uj\u00ed interi\u00e9r. Nov\u011b m\u00e1 Camperboards v\u00a0nab\u00eddce produkty pro obytn\u00e9 vozy zna\u010dek Weinsberg, Eura Mobil, Morelo, Carthago a Kabe.\",\"breadcrumb\":{\"@id\":\"https:\\\/\\\/all4camper.com\\\/cs\\\/camperboards-rozsiril-nabidku-odkladacich-systemu\\\/#breadcrumb\"},\"inLanguage\":\"cs\",\"potentialAction\":[{\"@type\":\"ReadAction\",\"target\":[\"https:\\\/\\\/all4camper.com\\\/cs\\\/camperboards-rozsiril-nabidku-odkladacich-systemu\\\/\"]}]},{\"@type\":\"ImageObject\",\"inLanguage\":\"cs\",\"@id\":\"https:\\\/\\\/all4camper.com\\\/cs\\\/camperboards-rozsiril-nabidku-odkladacich-systemu\\\/#primaryimage\",\"url\":\"https:\\\/\\\/all4camper.com\\\/wp-content\\\/uploads\\\/2022\\\/06\\\/camperboards2.jpg\",\"contentUrl\":\"https:\\\/\\\/all4camper.com\\\/wp-content\\\/uploads\\\/2022\\\/06\\\/camperboards2.jpg\",\"width\":699,\"height\":466},{\"@type\":\"BreadcrumbList\",\"@id\":\"https:\\\/\\\/all4camper.com\\\/cs\\\/camperboards-rozsiril-nabidku-odkladacich-systemu\\\/#breadcrumb\",\"itemListElement\":[{\"@type\":\"ListItem\",\"position\":1,\"name\":\"Dom\u016f\",\"item\":\"https:\\\/\\\/all4camper.com\\\/cs\\\/\"},{\"@type\":\"ListItem\",\"position\":2,\"name\":\"Novinky - Kempov\u00e1n\u00ed a karavaning\",\"item\":\"https:\\\/\\\/all4camper.com\\\/cs\\\/category\\\/novinky-kempovani-a-karavaning\\\/\"},{\"@type\":\"ListItem\",\"position\":3,\"name\":\"Camperboards roz\u0161\u00ed\u0159il nab\u00eddku odkl\u00e1dac\u00edch syst\u00e9m\u016f\"}]},{\"@type\":\"WebSite\",\"@id\":\"https:\\\/\\\/all4camper.com\\\/cs\\\/#website\",\"url\":\"https:\\\/\\\/all4camper.com\\\/cs\\\/\",\"name\":\"All4Camper\",\"description\":\"Nejv\u011bt\u0161\u00ed online magaz\u00edn o kempov\u00e1n\u00ed a karavaninku. V\u00edce jak 900 \u010dl\u00e1nk\u016f pln\u00fdch rad a tip\u016f o kempech a kempov\u00e1n\u00ed.\",\"publisher\":{\"@id\":\"https:\\\/\\\/all4camper.com\\\/cs\\\/#organization\"},\"potentialAction\":[{\"@type\":\"SearchAction\",\"target\":{\"@type\":\"EntryPoint\",\"urlTemplate\":\"https:\\\/\\\/all4camper.com\\\/cs\\\/?s={search_term_string}\"},\"query-input\":{\"@type\":\"PropertyValueSpecification\",\"valueRequired\":true,\"valueName\":\"search_term_string\"}}],\"inLanguage\":\"cs\"},{\"@type\":\"Organization\",\"@id\":\"https:\\\/\\\/all4camper.com\\\/cs\\\/#organization\",\"name\":\"All4Camper - kempujeme s Kl\u00e1rou\",\"url\":\"https:\\\/\\\/all4camper.com\\\/cs\\\/\",\"logo\":{\"@type\":\"ImageObject\",\"inLanguage\":\"cs\",\"@id\":\"https:\\\/\\\/all4camper.com\\\/cs\\\/#\\\/schema\\\/logo\\\/image\\\/\",\"url\":\"https:\\\/\\\/all4camper.com\\\/wp-content\\\/uploads\\\/2018\\\/09\\\/novelogo.png\",\"contentUrl\":\"https:\\\/\\\/all4camper.com\\\/wp-content\\\/uploads\\\/2018\\\/09\\\/novelogo.png\",\"width\":1520,\"height\":600,\"caption\":\"All4Camper - kempujeme s Kl\u00e1rou\"},\"image\":{\"@id\":\"https:\\\/\\\/all4camper.com\\\/cs\\\/#\\\/schema\\\/logo\\\/image\\\/\"}},{\"@type\":\"Person\",\"@id\":\"https:\\\/\\\/all4camper.com\\\/cs\\\/#\\\/schema\\\/person\\\/c6f1efdf1d02bc7d8c53a891cbe18c62\",\"name\":\"Kl\u00e1ra H\u00e1jkov\u00e1\",\"sameAs\":[\"http:\\\/\\\/www.all4camper.com\"],\"url\":\"https:\\\/\\\/all4camper.com\\\/cs\\\/author\\\/klarinkacestuje1\\\/\"}]}<\/script>\n<!-- \/ Yoast SEO plugin. -->","yoast_head_json":{"title":"Camperboards roz\u0161\u00ed\u0159il nab\u00eddku odkl\u00e1dac\u00edch syst\u00e9m\u016f - All4Camper","description":"vyv\u00edj\u00ed a ru\u010dn\u011b vyr\u00e1b\u00ed kvalitn\u00ed odkl\u00e1dac\u00ed plochy pro obytn\u00e9 vozy, kter\u00e9 umo\u017e\u0148uj\u00ed vyu\u017e\u00edt na maximum i ty nejmen\u0161\u00ed prostory a vylep\u0161uj\u00ed interi\u00e9r. Nov\u011b m\u00e1 Camperboards v\u00a0nab\u00eddce produkty pro obytn\u00e9 vozy zna\u010dek Weinsberg, Eura Mobil, Morelo, Carthago a Kabe.","robots":{"index":"index","follow":"follow","max-snippet":"max-snippet:-1","max-image-preview":"max-image-preview:large","max-video-preview":"max-video-preview:-1"},"canonical":"https:\/\/all4camper.com\/cs\/camperboards-rozsiril-nabidku-odkladacich-systemu\/","og_locale":"cs_CZ","og_type":"article","og_title":"Camperboards roz\u0161\u00ed\u0159il nab\u00eddku odkl\u00e1dac\u00edch syst\u00e9m\u016f - All4Camper","og_description":"vyv\u00edj\u00ed a ru\u010dn\u011b vyr\u00e1b\u00ed kvalitn\u00ed odkl\u00e1dac\u00ed plochy pro obytn\u00e9 vozy, kter\u00e9 umo\u017e\u0148uj\u00ed vyu\u017e\u00edt na maximum i ty nejmen\u0161\u00ed prostory a vylep\u0161uj\u00ed interi\u00e9r. Nov\u011b m\u00e1 Camperboards v\u00a0nab\u00eddce produkty pro obytn\u00e9 vozy zna\u010dek Weinsberg, Eura Mobil, Morelo, Carthago a Kabe.","og_url":"https:\/\/all4camper.com\/cs\/camperboards-rozsiril-nabidku-odkladacich-systemu\/","og_site_name":"All4Camper","article_published_time":"2022-06-07T06:00:00+00:00","article_modified_time":"2022-06-10T13:51:12+00:00","og_image":[{"width":699,"height":466,"url":"https:\/\/all4camper.com\/wp-content\/uploads\/2022\/06\/camperboards2.jpg","type":"image\/jpeg"}],"author":"Kl\u00e1ra H\u00e1jkov\u00e1","twitter_card":"summary_large_image","twitter_misc":{"Napsal(a)":"Kl\u00e1ra H\u00e1jkov\u00e1","Odhadovan\u00e1 doba \u010dten\u00ed":"3 minuty"},"schema":{"@context":"https:\/\/schema.org","@graph":[{"@type":"Article","@id":"https:\/\/all4camper.com\/cs\/camperboards-rozsiril-nabidku-odkladacich-systemu\/#article","isPartOf":{"@id":"https:\/\/all4camper.com\/cs\/camperboards-rozsiril-nabidku-odkladacich-systemu\/"},"author":{"name":"Kl\u00e1ra H\u00e1jkov\u00e1","@id":"https:\/\/all4camper.com\/cs\/#\/schema\/person\/c6f1efdf1d02bc7d8c53a891cbe18c62"},"headline":"Camperboards roz\u0161\u00ed\u0159il nab\u00eddku odkl\u00e1dac\u00edch syst\u00e9m\u016f","datePublished":"2022-06-07T06:00:00+00:00","dateModified":"2022-06-10T13:51:12+00:00","mainEntityOfPage":{"@id":"https:\/\/all4camper.com\/cs\/camperboards-rozsiril-nabidku-odkladacich-systemu\/"},"wordCount":437,"publisher":{"@id":"https:\/\/all4camper.com\/cs\/#organization"},"image":{"@id":"https:\/\/all4camper.com\/cs\/camperboards-rozsiril-nabidku-odkladacich-systemu\/#primaryimage"},"thumbnailUrl":"https:\/\/all4camper.com\/wp-content\/uploads\/2022\/06\/camperboards2.jpg","keywords":["Rady-tipy-informace","Ze sv\u011bta karavaningu"],"articleSection":["Karavanink","Novinky - Kempov\u00e1n\u00ed a karavaning","Rady, tipy, informace"],"inLanguage":"cs"},{"@type":"WebPage","@id":"https:\/\/all4camper.com\/cs\/camperboards-rozsiril-nabidku-odkladacich-systemu\/","url":"https:\/\/all4camper.com\/cs\/camperboards-rozsiril-nabidku-odkladacich-systemu\/","name":"Camperboards roz\u0161\u00ed\u0159il nab\u00eddku odkl\u00e1dac\u00edch syst\u00e9m\u016f - All4Camper","isPartOf":{"@id":"https:\/\/all4camper.com\/cs\/#website"},"primaryImageOfPage":{"@id":"https:\/\/all4camper.com\/cs\/camperboards-rozsiril-nabidku-odkladacich-systemu\/#primaryimage"},"image":{"@id":"https:\/\/all4camper.com\/cs\/camperboards-rozsiril-nabidku-odkladacich-systemu\/#primaryimage"},"thumbnailUrl":"https:\/\/all4camper.com\/wp-content\/uploads\/2022\/06\/camperboards2.jpg","datePublished":"2022-06-07T06:00:00+00:00","dateModified":"2022-06-10T13:51:12+00:00","description":"vyv\u00edj\u00ed a ru\u010dn\u011b vyr\u00e1b\u00ed kvalitn\u00ed odkl\u00e1dac\u00ed plochy pro obytn\u00e9 vozy, kter\u00e9 umo\u017e\u0148uj\u00ed vyu\u017e\u00edt na maximum i ty nejmen\u0161\u00ed prostory a vylep\u0161uj\u00ed interi\u00e9r. Nov\u011b m\u00e1 Camperboards v\u00a0nab\u00eddce produkty pro obytn\u00e9 vozy zna\u010dek Weinsberg, Eura Mobil, Morelo, Carthago a Kabe.","breadcrumb":{"@id":"https:\/\/all4camper.com\/cs\/camperboards-rozsiril-nabidku-odkladacich-systemu\/#breadcrumb"},"inLanguage":"cs","potentialAction":[{"@type":"ReadAction","target":["https:\/\/all4camper.com\/cs\/camperboards-rozsiril-nabidku-odkladacich-systemu\/"]}]},{"@type":"ImageObject","inLanguage":"cs","@id":"https:\/\/all4camper.com\/cs\/camperboards-rozsiril-nabidku-odkladacich-systemu\/#primaryimage","url":"https:\/\/all4camper.com\/wp-content\/uploads\/2022\/06\/camperboards2.jpg","contentUrl":"https:\/\/all4camper.com\/wp-content\/uploads\/2022\/06\/camperboards2.jpg","width":699,"height":466},{"@type":"BreadcrumbList","@id":"https:\/\/all4camper.com\/cs\/camperboards-rozsiril-nabidku-odkladacich-systemu\/#breadcrumb","itemListElement":[{"@type":"ListItem","position":1,"name":"Dom\u016f","item":"https:\/\/all4camper.com\/cs\/"},{"@type":"ListItem","position":2,"name":"Novinky - Kempov\u00e1n\u00ed a karavaning","item":"https:\/\/all4camper.com\/cs\/category\/novinky-kempovani-a-karavaning\/"},{"@type":"ListItem","position":3,"name":"Camperboards roz\u0161\u00ed\u0159il nab\u00eddku odkl\u00e1dac\u00edch syst\u00e9m\u016f"}]},{"@type":"WebSite","@id":"https:\/\/all4camper.com\/cs\/#website","url":"https:\/\/all4camper.com\/cs\/","name":"All4Camper","description":"Nejv\u011bt\u0161\u00ed online magaz\u00edn o kempov\u00e1n\u00ed a karavaninku. V\u00edce jak 900 \u010dl\u00e1nk\u016f pln\u00fdch rad a tip\u016f o kempech a kempov\u00e1n\u00ed.","publisher":{"@id":"https:\/\/all4camper.com\/cs\/#organization"},"potentialAction":[{"@type":"SearchAction","target":{"@type":"EntryPoint","urlTemplate":"https:\/\/all4camper.com\/cs\/?s={search_term_string}"},"query-input":{"@type":"PropertyValueSpecification","valueRequired":true,"valueName":"search_term_string"}}],"inLanguage":"cs"},{"@type":"Organization","@id":"https:\/\/all4camper.com\/cs\/#organization","name":"All4Camper - kempujeme s Kl\u00e1rou","url":"https:\/\/all4camper.com\/cs\/","logo":{"@type":"ImageObject","inLanguage":"cs","@id":"https:\/\/all4camper.com\/cs\/#\/schema\/logo\/image\/","url":"https:\/\/all4camper.com\/wp-content\/uploads\/2018\/09\/novelogo.png","contentUrl":"https:\/\/all4camper.com\/wp-content\/uploads\/2018\/09\/novelogo.png","width":1520,"height":600,"caption":"All4Camper - kempujeme s Kl\u00e1rou"},"image":{"@id":"https:\/\/all4camper.com\/cs\/#\/schema\/logo\/image\/"}},{"@type":"Person","@id":"https:\/\/all4camper.com\/cs\/#\/schema\/person\/c6f1efdf1d02bc7d8c53a891cbe18c62","name":"Kl\u00e1ra H\u00e1jkov\u00e1","sameAs":["http:\/\/www.all4camper.com"],"url":"https:\/\/all4camper.com\/cs\/author\/klarinkacestuje1\/"}]}},"_links":{"self":[{"href":"https:\/\/all4camper.com\/cs\/wp-json\/wp\/v2\/posts\/140401","targetHints":{"allow":["GET"]}}],"collection":[{"href":"https:\/\/all4camper.com\/cs\/wp-json\/wp\/v2\/posts"}],"about":[{"href":"https:\/\/all4camper.com\/cs\/wp-json\/wp\/v2\/types\/post"}],"author":[{"embeddable":true,"href":"https:\/\/all4camper.com\/cs\/wp-json\/wp\/v2\/users\/4"}],"replies":[{"embeddable":true,"href":"https:\/\/all4camper.com\/cs\/wp-json\/wp\/v2\/comments?post=140401"}],"version-history":[{"count":0,"href":"https:\/\/all4camper.com\/cs\/wp-json\/wp\/v2\/posts\/140401\/revisions"}],"wp:featuredmedia":[{"embeddable":true,"href":"https:\/\/all4camper.com\/cs\/wp-json\/wp\/v2\/media\/140429"}],"wp:attachment":[{"href":"https:\/\/all4camper.com\/cs\/wp-json\/wp\/v2\/media?parent=140401"}],"wp:term":[{"taxonomy":"category","embeddable":true,"href":"https:\/\/all4camper.com\/cs\/wp-json\/wp\/v2\/categories?post=140401"},{"taxonomy":"post_tag","embeddable":true,"href":"https:\/\/all4camper.com\/cs\/wp-json\/wp\/v2\/tags?post=140401"}],"curies":[{"name":"wp","href":"https:\/\/api.w.org\/{rel}","templated":true}]}}