{"id":140323,"date":"2022-09-20T12:11:48","date_gmt":"2022-09-20T10:11:48","guid":{"rendered":"https:\/\/all4camper.com\/\/?p=140323"},"modified":"2022-12-13T15:20:40","modified_gmt":"2022-12-13T14:20:40","slug":"za-pretizeni-obytneho-vozu-hrozi-v-evrope-pokuta-i-vezeni","status":"publish","type":"post","link":"https:\/\/all4camper.com\/cs\/za-pretizeni-obytneho-vozu-hrozi-v-evrope-pokuta-i-vezeni\/","title":{"rendered":"Za p\u0159et\u00ed\u017een\u00ed obytn\u00e9ho vozu hroz\u00ed v\u00a0Evrop\u011b pokuta i v\u011bzen\u00ed"},"content":{"rendered":"\n<p><strong>V\u011bt\u0161ina obytn\u00fdch voz\u016f v&nbsp;Evrop\u011b nesm\u00ed v\u00e1\u017eit v\u00edc jak 3,5 tuny, nebo\u0165 jsou s touto maxim\u00e1ln\u00ed povolenou hmotnost\u00ed a dolo\u017enost\u00ed prod\u00e1v\u00e1ny. Pokud je \u0159idi\u010d p\u0159isti\u017een s&nbsp;p\u0159et\u00ed\u017een\u00fdm vozidlem, hroz\u00ed mu za to pokuta, v&nbsp;hor\u0161\u00edm p\u0159\u00edpad\u011b i str\u017een\u00ed bod\u016f a nutnost v\u016fz odleh\u010dit, aby mohl pokra\u010dovat v&nbsp;cest\u011b. Sankce za cestov\u00e1n\u00ed p\u0159et\u00ed\u017een\u00fdm vozem se rozd\u00e1vaj\u00ed nap\u0159\u00ed\u010d celou Evropou a pohybuj\u00ed se od 10 do 6000 eur. Nav\u00edc, v&nbsp;p\u0159\u00edpad\u011b, \u017ee \u0159idi\u010d s&nbsp;p\u0159et\u00ed\u017een\u00fdm vozidlem zp\u016fsob\u00ed nehodu, riskuje probl\u00e9my s&nbsp;poji\u0161\u0165ovnou.<\/strong> <\/p>\n\n\n\n<figure class=\"wp-block-image size-full\"><img loading=\"lazy\" decoding=\"async\" width=\"729\" height=\"486\" src=\"https:\/\/all4camper.com\/\/wp-content\/uploads\/2022\/05\/va\u0301z\u030ceni\u0301-obytne\u0301ho-vozu.jpeg\" alt=\"\" class=\"wp-image-140325\" srcset=\"https:\/\/all4camper.com\/wp-content\/uploads\/2022\/05\/va\u0301z\u030ceni\u0301-obytne\u0301ho-vozu.jpeg 729w, https:\/\/all4camper.com\/wp-content\/uploads\/2022\/05\/va\u0301z\u030ceni\u0301-obytne\u0301ho-vozu-300x200.jpeg 300w, https:\/\/all4camper.com\/wp-content\/uploads\/2022\/05\/va\u0301z\u030ceni\u0301-obytne\u0301ho-vozu-150x100.jpeg 150w, https:\/\/all4camper.com\/wp-content\/uploads\/2022\/05\/va\u0301z\u030ceni\u0301-obytne\u0301ho-vozu-696x464.jpeg 696w\" sizes=\"auto, (max-width: 729px) 100vw, 729px\" \/><figcaption>foto: autobild.de<\/figcaption><\/figure>\n\n\n\n<p>Celkovou p\u0159\u00edpustnou hmotnost vozidla vy\u010dtete z&nbsp;osv\u011bd\u010den\u00ed o registraci vozidla. V&nbsp;n\u011bkter\u00fdch zem\u00ed (N\u011bmecko, It\u00e1lie, \u0160pan\u011blsko) z\u00e1kon po\u010d\u00edt\u00e1 s&nbsp;p\u011btiprocentn\u00ed odchylkou hmotnosti, kter\u00e1 vyrovn\u00e1v\u00e1 tolerance v tlou\u0161\u0165ce d\u0159eva, lepidel a objemov\u00e9 hmotnosti st\u011bn. U\u017e p\u0159i n\u00e1kupu vozidla proto zkontrolujte pot\u0159ebn\u00e9 \u00fadaje a sledujte tak\u00e9 zat\u00ed\u017een\u00ed jednotliv\u00fdch n\u00e1prav. Vozidlo je pova\u017eov\u00e1no za p\u0159et\u00ed\u017een\u00e9, i kdy\u017e je p\u0159ekro\u010deno zat\u00ed\u017een\u00ed pouze jedn\u00e9 ze dvou n\u00e1prav.<\/p>\n\n\n\n<p>V&nbsp;N\u011bmecku sankce za p\u0159ekro\u010den\u00ed p\u0159\u00edpustn\u00e9 celkov\u00e9 hmotnosti u vozidel do 7,5 tun za\u010d\u00ednaj\u00ed na 10 eurech, pokud p\u0159et\u00ed\u017een\u00ed p\u0159ekro\u010d\u00ed hranici 5 %. Od p\u0159et\u00ed\u017een\u00ed nad 10 % ji\u017e \u0159idi\u010d zaplat\u00ed 30 eur a nad 15 % \u010din\u00ed pokuta 35 eur. P\u0159et\u00ed\u017een\u00ed, kter\u00e9 p\u0159ekro\u010d\u00ed 20 % p\u0159\u00edpustn\u00e9 hmotnosti vozidla, je pak v&nbsp;N\u011bmecku sankcionov\u00e1no str\u017een\u00edm jednoho bodu a pen\u011b\u017en\u00ed pokutou. Ta v&nbsp;p\u0159\u00edpad\u011b p\u0159ekro\u010den\u00ed hmotnosti o 20 % \u010din\u00ed 95 eur. P\u0159et\u00ed\u017een\u00ed nad 25 % stoj\u00ed na pokut\u011b 140 eur a nad 30 % 235 eur plus zm\u00edn\u011bnou ztr\u00e1tu bodu.<\/p>\n\n\n\n<p>V\u00fd\u0161e pokut za p\u0159ekro\u010den\u00ed hmotnosti vozidla se li\u0161\u00ed nap\u0159\u00ed\u010d Evropou a v&nbsp;n\u011bkter\u00fdch zem\u00edch v\u00e1m m\u016f\u017ee b\u00fdt dokonce zabr\u00e1n\u011bno pokra\u010dovat v&nbsp;cest\u011b. Nejvy\u0161\u0161\u00ed horn\u00ed sazba je <strong>ve Velk\u00e9 Brit\u00e1nii<\/strong>, kde se pokuta m\u016f\u017ee pohybovat od 70 do 6&nbsp;000 eur, p\u0159i\u010dem\u017e nen\u00ed pevn\u011b stanoveno, jak\u00e1 je v\u00fd\u0161e pokuty za konkr\u00e9tn\u00ed p\u0159et\u00ed\u017een\u00ed.<\/p>\n\n\n\n<p>Dal\u0161\u00ed vysok\u00e9 pokuty hroz\u00ed <strong>v&nbsp;Lucembursku<\/strong>, kde za p\u0159et\u00ed\u017een\u00ed do 10 % zaplat\u00edte pokutu ve v\u00fd\u0161i 74 eur, p\u0159i\u010dem\u017e n\u00e1klady na zv\u00e1\u017een\u00ed vozu hrad\u00ed majitel. P\u0159i p\u0159et\u00ed\u017een\u00ed o v\u00edce jak 10 % \u010din\u00ed pokuta 251 a\u017e 5&nbsp;000 eur nebo hroz\u00ed odn\u011bt\u00ed svobody v&nbsp;rozmez\u00ed 8 dn\u00ed a\u017e jeden rok, co\u017e plat\u00ed pro \u0159idi\u010de i majitele vozu. V\u016fz v\u00e1m nav\u00edc v&nbsp;Lucembursku mohou odstavit.<\/p>\n\n\n\n<p>V&nbsp;p\u0159\u00edpad\u011b p\u0159et\u00ed\u017een\u00ed o v\u00edce jak 25 % hroz\u00ed pokuta ve v\u00fd\u0161i 3&nbsp;301 a\u017e 4&nbsp;600 eur tak\u00e9 <strong>ve \u0160pan\u011blsku<\/strong>. Za p\u0159et\u00ed\u017een\u00ed v&nbsp;rozmez\u00ed 15 a\u017e 25 % tu m\u016f\u017eete dostat pokutu od 1&nbsp;501 do 2&nbsp;000 eur a za p\u0159et\u00ed\u017een\u00ed 6 a\u017e 15 % se pak v\u00fd\u0161e pokuty pohybuje od 301 do 400 eur.<\/p>\n\n\n\n<p><strong>Abyste se vyhnuli probl\u00e9m\u016fm s&nbsp;p\u0159ekro\u010den\u00edm hmotnosti a n\u00e1sledn\u00fdm pokut\u00e1m a nep\u0159\u00edjemnostem na cest\u00e1ch, p\u0159ed n\u00e1kupem vozu zkontrolujte jeho skute\u010dnou hmotnost a \u00fadaje v&nbsp;dokumentech.<\/strong> Pokud jde o rezervu (dolo\u017enost), kterou obytn\u00fd v\u016fz pot\u0159ebuje k&nbsp;nalo\u017een\u00ed zavazadel, kol a dal\u0161\u00edho vybaven\u00ed na cesty, je tento \u00fadaj velmi individu\u00e1ln\u00ed. <strong>Jako hrub\u00e9 pravidlo v\u0161ak lze uv\u00e9st, \u017ee vozidlo v\u00e1\u017e\u00edc\u00ed v\u00edce ne\u017e 3 000 kg v\u010detn\u011b speci\u00e1ln\u00ed v\u00fdbavy, je vhodn\u00e9 maxim\u00e1ln\u011b pro dv\u011b osob<\/strong>y, aby dodr\u017eelo limit 3,5 tun. Pokud cestujete se t\u0159emi a v\u00edce osobami, pot\u0159ebujete bu\u010f leh\u010d\u00ed vozidlo, nebo vozidlo s p\u0159\u00edpustnou celkovou hmotnost\u00ed 3,8 tuny a v\u00edce.<\/p>\n\n\n\n<p>V&nbsp;p\u0159\u00edpad\u011b, \u017ee je hmotnost p\u0159i pln\u011b nalo\u017een\u00e9m vozidle p\u0159ekro\u010dena jen \u201elehce\u201c, nap\u0159\u00edklad o 20 \u010di 30 kilogram\u016f, je mo\u017en\u00e9 tuto hmotnost u\u0161et\u0159it v&nbsp;r\u016fzn\u00fdch detailech. Dod\u00e1vka se nap\u0159\u00edklad obejde bez stup\u00e1tka, kter\u00e9 usnad\u0148uje nastupov\u00e1n\u00ed jen minim\u00e1ln\u011b, a dokonce kaz\u00ed n\u00e1jezdov\u00fd \u00fahel vozidla. S&nbsp;dostate\u010dn\u011b velkou gar\u00e1\u017e\u00ed je zase mo\u017en\u00e9 uskladnit j\u00edzdn\u00ed kola dovnit\u0159, \u010d\u00edm\u017e odpadne hmotnost nosi\u010de kol. Dal\u0161\u00ed kilogramy lze u\u0161et\u0159it lehkou mark\u00fdzou a kempingov\u00fdmi \u017eidlemi, nebo v\u00fdb\u011brem leh\u010d\u00ed palubn\u00ed baterie a sol\u00e1rn\u00edho syst\u00e9mu.<\/p>\n\n\n\n<p><em>Zdroj: <a href=\"https:\/\/www.reisemobil-international.de\/ratgeber\/wohnmobil-ueberladen-strafe\/\" target=\"_blank\" rel=\"noreferrer noopener\">reisemobil-international.de<\/a><\/em>, kde si m\u016f\u017eete zobrazit p\u0159ehlednou tabulku s dal\u0161\u00edmi dodate\u010dn\u00fdmi informacemi.<\/p>\n","protected":false},"excerpt":{"rendered":"<p>V\u011bt\u0161ina obytn\u00fdch voz\u016f v&nbsp;Evrop\u011b nesm\u00ed v\u00e1\u017eit v\u00edc jak 3,5 tuny, nebo\u0165 jsou s touto maxim\u00e1ln\u00ed povolenou hmotnost\u00ed a dolo\u017enost\u00ed prod\u00e1v\u00e1ny. Pokud je \u0159idi\u010d p\u0159isti\u017een s&nbsp;p\u0159et\u00ed\u017een\u00fdm vozidlem, hroz\u00ed mu za to pokuta, v&nbsp;hor\u0161\u00edm p\u0159\u00edpad\u011b i str\u017een\u00ed bod\u016f a nutnost v\u016fz odleh\u010dit, aby mohl pokra\u010dovat v&nbsp;cest\u011b. Sankce za cestov\u00e1n\u00ed p\u0159et\u00ed\u017een\u00fdm vozem se rozd\u00e1vaj\u00ed nap\u0159\u00ed\u010d celou Evropou a [&hellip;]<\/p>\n","protected":false},"author":4,"featured_media":140325,"comment_status":"closed","ping_status":"open","sticky":false,"template":"","format":"standard","meta":{"_monsterinsights_skip_tracking":false,"_monsterinsights_sitenote_active":false,"_monsterinsights_sitenote_note":"","_monsterinsights_sitenote_category":0,"footnotes":""},"categories":[11194,422,8209],"tags":[226,8122],"class_list":{"0":"post-140323","1":"post","2":"type-post","3":"status-publish","4":"format-standard","5":"has-post-thumbnail","7":"category-karavaning","8":"category-novinky-kempovani-a-karavaning","9":"category-rady-tipy-informace","10":"tag-rady-a-tipy","11":"tag-karavaning"},"yoast_head":"<!-- This site is optimized with the Yoast SEO plugin v27.5 - https:\/\/yoast.com\/product\/yoast-seo-wordpress\/ -->\n<title>Za p\u0159et\u00ed\u017een\u00ed obytn\u00e9ho vozu hroz\u00ed v\u00a0Evrop\u011b pokuta i v\u011bzen\u00ed - All4Camper<\/title>\n<meta name=\"description\" content=\"Pokud je \u0159idi\u010d p\u0159isti\u017een s\u00a0p\u0159et\u00ed\u017een\u00fdm vozidlem, hroz\u00ed mu za to pokuta, v\u00a0hor\u0161\u00edm p\u0159\u00edpad\u011b i str\u017een\u00ed bod\u016f a nutnost v\u016fz odleh\u010dit, aby mohl pokra\u010dovat v\u00a0cest\u011b. Sankce za cestov\u00e1n\u00ed p\u0159et\u00ed\u017een\u00fdm vozem se rozd\u00e1vaj\u00ed nap\u0159\u00ed\u010d celou Evropou a pohybuj\u00ed se od 10 do 6000 eur.\" \/>\n<meta name=\"robots\" content=\"index, follow, max-snippet:-1, max-image-preview:large, max-video-preview:-1\" \/>\n<link rel=\"canonical\" href=\"https:\/\/all4camper.com\/cs\/za-pretizeni-obytneho-vozu-hrozi-v-evrope-pokuta-i-vezeni\/\" \/>\n<meta property=\"og:locale\" content=\"cs_CZ\" \/>\n<meta property=\"og:type\" content=\"article\" \/>\n<meta property=\"og:title\" content=\"Za p\u0159et\u00ed\u017een\u00ed obytn\u00e9ho vozu hroz\u00ed v\u00a0Evrop\u011b pokuta i v\u011bzen\u00ed - All4Camper\" \/>\n<meta property=\"og:description\" content=\"Pokud je \u0159idi\u010d p\u0159isti\u017een s\u00a0p\u0159et\u00ed\u017een\u00fdm vozidlem, hroz\u00ed mu za to pokuta, v\u00a0hor\u0161\u00edm p\u0159\u00edpad\u011b i str\u017een\u00ed bod\u016f a nutnost v\u016fz odleh\u010dit, aby mohl pokra\u010dovat v\u00a0cest\u011b. Sankce za cestov\u00e1n\u00ed p\u0159et\u00ed\u017een\u00fdm vozem se rozd\u00e1vaj\u00ed nap\u0159\u00ed\u010d celou Evropou a pohybuj\u00ed se od 10 do 6000 eur.\" \/>\n<meta property=\"og:url\" content=\"https:\/\/all4camper.com\/cs\/za-pretizeni-obytneho-vozu-hrozi-v-evrope-pokuta-i-vezeni\/\" \/>\n<meta property=\"og:site_name\" content=\"All4Camper\" \/>\n<meta property=\"article:published_time\" content=\"2022-09-20T10:11:48+00:00\" \/>\n<meta property=\"article:modified_time\" content=\"2022-12-13T14:20:40+00:00\" \/>\n<meta property=\"og:image\" content=\"https:\/\/all4camper.com\/wp-content\/uploads\/2022\/05\/va\u0301z\u030ceni\u0301-obytne\u0301ho-vozu.jpeg\" \/>\n\t<meta property=\"og:image:width\" content=\"729\" \/>\n\t<meta property=\"og:image:height\" content=\"486\" \/>\n\t<meta property=\"og:image:type\" content=\"image\/jpeg\" \/>\n<meta name=\"author\" content=\"Kl\u00e1ra H\u00e1jkov\u00e1\" \/>\n<meta name=\"twitter:card\" content=\"summary_large_image\" \/>\n<meta name=\"twitter:label1\" content=\"Napsal(a)\" \/>\n\t<meta name=\"twitter:data1\" content=\"Kl\u00e1ra H\u00e1jkov\u00e1\" \/>\n\t<meta name=\"twitter:label2\" content=\"Odhadovan\u00e1 doba \u010dten\u00ed\" \/>\n\t<meta name=\"twitter:data2\" content=\"4 minuty\" \/>\n<script type=\"application\/ld+json\" class=\"yoast-schema-graph\">{\"@context\":\"https:\\\/\\\/schema.org\",\"@graph\":[{\"@type\":\"Article\",\"@id\":\"https:\\\/\\\/all4camper.com\\\/cs\\\/za-pretizeni-obytneho-vozu-hrozi-v-evrope-pokuta-i-vezeni\\\/#article\",\"isPartOf\":{\"@id\":\"https:\\\/\\\/all4camper.com\\\/cs\\\/za-pretizeni-obytneho-vozu-hrozi-v-evrope-pokuta-i-vezeni\\\/\"},\"author\":{\"name\":\"Kl\u00e1ra H\u00e1jkov\u00e1\",\"@id\":\"https:\\\/\\\/all4camper.com\\\/cs\\\/#\\\/schema\\\/person\\\/c6f1efdf1d02bc7d8c53a891cbe18c62\"},\"headline\":\"Za p\u0159et\u00ed\u017een\u00ed obytn\u00e9ho vozu hroz\u00ed v\u00a0Evrop\u011b pokuta i v\u011bzen\u00ed\",\"datePublished\":\"2022-09-20T10:11:48+00:00\",\"dateModified\":\"2022-12-13T14:20:40+00:00\",\"mainEntityOfPage\":{\"@id\":\"https:\\\/\\\/all4camper.com\\\/cs\\\/za-pretizeni-obytneho-vozu-hrozi-v-evrope-pokuta-i-vezeni\\\/\"},\"wordCount\":788,\"publisher\":{\"@id\":\"https:\\\/\\\/all4camper.com\\\/cs\\\/#organization\"},\"image\":{\"@id\":\"https:\\\/\\\/all4camper.com\\\/cs\\\/za-pretizeni-obytneho-vozu-hrozi-v-evrope-pokuta-i-vezeni\\\/#primaryimage\"},\"thumbnailUrl\":\"https:\\\/\\\/all4camper.com\\\/wp-content\\\/uploads\\\/2022\\\/05\\\/va\u0301z\u030ceni\u0301-obytne\u0301ho-vozu.jpeg\",\"keywords\":[\"Rady-tipy-informace\",\"Ze sv\u011bta karavaningu\"],\"articleSection\":[\"Karavanink\",\"Novinky - Kempov\u00e1n\u00ed a karavaning\",\"Rady, tipy, informace\"],\"inLanguage\":\"cs\"},{\"@type\":\"WebPage\",\"@id\":\"https:\\\/\\\/all4camper.com\\\/cs\\\/za-pretizeni-obytneho-vozu-hrozi-v-evrope-pokuta-i-vezeni\\\/\",\"url\":\"https:\\\/\\\/all4camper.com\\\/cs\\\/za-pretizeni-obytneho-vozu-hrozi-v-evrope-pokuta-i-vezeni\\\/\",\"name\":\"Za p\u0159et\u00ed\u017een\u00ed obytn\u00e9ho vozu hroz\u00ed v\u00a0Evrop\u011b pokuta i v\u011bzen\u00ed - All4Camper\",\"isPartOf\":{\"@id\":\"https:\\\/\\\/all4camper.com\\\/cs\\\/#website\"},\"primaryImageOfPage\":{\"@id\":\"https:\\\/\\\/all4camper.com\\\/cs\\\/za-pretizeni-obytneho-vozu-hrozi-v-evrope-pokuta-i-vezeni\\\/#primaryimage\"},\"image\":{\"@id\":\"https:\\\/\\\/all4camper.com\\\/cs\\\/za-pretizeni-obytneho-vozu-hrozi-v-evrope-pokuta-i-vezeni\\\/#primaryimage\"},\"thumbnailUrl\":\"https:\\\/\\\/all4camper.com\\\/wp-content\\\/uploads\\\/2022\\\/05\\\/va\u0301z\u030ceni\u0301-obytne\u0301ho-vozu.jpeg\",\"datePublished\":\"2022-09-20T10:11:48+00:00\",\"dateModified\":\"2022-12-13T14:20:40+00:00\",\"description\":\"Pokud je \u0159idi\u010d p\u0159isti\u017een s\u00a0p\u0159et\u00ed\u017een\u00fdm vozidlem, hroz\u00ed mu za to pokuta, v\u00a0hor\u0161\u00edm p\u0159\u00edpad\u011b i str\u017een\u00ed bod\u016f a nutnost v\u016fz odleh\u010dit, aby mohl pokra\u010dovat v\u00a0cest\u011b. Sankce za cestov\u00e1n\u00ed p\u0159et\u00ed\u017een\u00fdm vozem se rozd\u00e1vaj\u00ed nap\u0159\u00ed\u010d celou Evropou a pohybuj\u00ed se od 10 do 6000 eur.\",\"breadcrumb\":{\"@id\":\"https:\\\/\\\/all4camper.com\\\/cs\\\/za-pretizeni-obytneho-vozu-hrozi-v-evrope-pokuta-i-vezeni\\\/#breadcrumb\"},\"inLanguage\":\"cs\",\"potentialAction\":[{\"@type\":\"ReadAction\",\"target\":[\"https:\\\/\\\/all4camper.com\\\/cs\\\/za-pretizeni-obytneho-vozu-hrozi-v-evrope-pokuta-i-vezeni\\\/\"]}]},{\"@type\":\"ImageObject\",\"inLanguage\":\"cs\",\"@id\":\"https:\\\/\\\/all4camper.com\\\/cs\\\/za-pretizeni-obytneho-vozu-hrozi-v-evrope-pokuta-i-vezeni\\\/#primaryimage\",\"url\":\"https:\\\/\\\/all4camper.com\\\/wp-content\\\/uploads\\\/2022\\\/05\\\/va\u0301z\u030ceni\u0301-obytne\u0301ho-vozu.jpeg\",\"contentUrl\":\"https:\\\/\\\/all4camper.com\\\/wp-content\\\/uploads\\\/2022\\\/05\\\/va\u0301z\u030ceni\u0301-obytne\u0301ho-vozu.jpeg\",\"width\":729,\"height\":486},{\"@type\":\"BreadcrumbList\",\"@id\":\"https:\\\/\\\/all4camper.com\\\/cs\\\/za-pretizeni-obytneho-vozu-hrozi-v-evrope-pokuta-i-vezeni\\\/#breadcrumb\",\"itemListElement\":[{\"@type\":\"ListItem\",\"position\":1,\"name\":\"Dom\u016f\",\"item\":\"https:\\\/\\\/all4camper.com\\\/cs\\\/\"},{\"@type\":\"ListItem\",\"position\":2,\"name\":\"Novinky - Kempov\u00e1n\u00ed a karavaning\",\"item\":\"https:\\\/\\\/all4camper.com\\\/cs\\\/category\\\/novinky-kempovani-a-karavaning\\\/\"},{\"@type\":\"ListItem\",\"position\":3,\"name\":\"Za p\u0159et\u00ed\u017een\u00ed obytn\u00e9ho vozu hroz\u00ed v\u00a0Evrop\u011b pokuta i v\u011bzen\u00ed\"}]},{\"@type\":\"WebSite\",\"@id\":\"https:\\\/\\\/all4camper.com\\\/cs\\\/#website\",\"url\":\"https:\\\/\\\/all4camper.com\\\/cs\\\/\",\"name\":\"All4Camper\",\"description\":\"Nejv\u011bt\u0161\u00ed online magaz\u00edn o kempov\u00e1n\u00ed a karavaninku. V\u00edce jak 900 \u010dl\u00e1nk\u016f pln\u00fdch rad a tip\u016f o kempech a kempov\u00e1n\u00ed.\",\"publisher\":{\"@id\":\"https:\\\/\\\/all4camper.com\\\/cs\\\/#organization\"},\"potentialAction\":[{\"@type\":\"SearchAction\",\"target\":{\"@type\":\"EntryPoint\",\"urlTemplate\":\"https:\\\/\\\/all4camper.com\\\/cs\\\/?s={search_term_string}\"},\"query-input\":{\"@type\":\"PropertyValueSpecification\",\"valueRequired\":true,\"valueName\":\"search_term_string\"}}],\"inLanguage\":\"cs\"},{\"@type\":\"Organization\",\"@id\":\"https:\\\/\\\/all4camper.com\\\/cs\\\/#organization\",\"name\":\"All4Camper - kempujeme s Kl\u00e1rou\",\"url\":\"https:\\\/\\\/all4camper.com\\\/cs\\\/\",\"logo\":{\"@type\":\"ImageObject\",\"inLanguage\":\"cs\",\"@id\":\"https:\\\/\\\/all4camper.com\\\/cs\\\/#\\\/schema\\\/logo\\\/image\\\/\",\"url\":\"https:\\\/\\\/all4camper.com\\\/wp-content\\\/uploads\\\/2018\\\/09\\\/novelogo.png\",\"contentUrl\":\"https:\\\/\\\/all4camper.com\\\/wp-content\\\/uploads\\\/2018\\\/09\\\/novelogo.png\",\"width\":1520,\"height\":600,\"caption\":\"All4Camper - kempujeme s Kl\u00e1rou\"},\"image\":{\"@id\":\"https:\\\/\\\/all4camper.com\\\/cs\\\/#\\\/schema\\\/logo\\\/image\\\/\"}},{\"@type\":\"Person\",\"@id\":\"https:\\\/\\\/all4camper.com\\\/cs\\\/#\\\/schema\\\/person\\\/c6f1efdf1d02bc7d8c53a891cbe18c62\",\"name\":\"Kl\u00e1ra H\u00e1jkov\u00e1\",\"sameAs\":[\"http:\\\/\\\/www.all4camper.com\"],\"url\":\"https:\\\/\\\/all4camper.com\\\/cs\\\/author\\\/klarinkacestuje1\\\/\"}]}<\/script>\n<!-- \/ Yoast SEO plugin. -->","yoast_head_json":{"title":"Za p\u0159et\u00ed\u017een\u00ed obytn\u00e9ho vozu hroz\u00ed v\u00a0Evrop\u011b pokuta i v\u011bzen\u00ed - All4Camper","description":"Pokud je \u0159idi\u010d p\u0159isti\u017een s\u00a0p\u0159et\u00ed\u017een\u00fdm vozidlem, hroz\u00ed mu za to pokuta, v\u00a0hor\u0161\u00edm p\u0159\u00edpad\u011b i str\u017een\u00ed bod\u016f a nutnost v\u016fz odleh\u010dit, aby mohl pokra\u010dovat v\u00a0cest\u011b. Sankce za cestov\u00e1n\u00ed p\u0159et\u00ed\u017een\u00fdm vozem se rozd\u00e1vaj\u00ed nap\u0159\u00ed\u010d celou Evropou a pohybuj\u00ed se od 10 do 6000 eur.","robots":{"index":"index","follow":"follow","max-snippet":"max-snippet:-1","max-image-preview":"max-image-preview:large","max-video-preview":"max-video-preview:-1"},"canonical":"https:\/\/all4camper.com\/cs\/za-pretizeni-obytneho-vozu-hrozi-v-evrope-pokuta-i-vezeni\/","og_locale":"cs_CZ","og_type":"article","og_title":"Za p\u0159et\u00ed\u017een\u00ed obytn\u00e9ho vozu hroz\u00ed v\u00a0Evrop\u011b pokuta i v\u011bzen\u00ed - All4Camper","og_description":"Pokud je \u0159idi\u010d p\u0159isti\u017een s\u00a0p\u0159et\u00ed\u017een\u00fdm vozidlem, hroz\u00ed mu za to pokuta, v\u00a0hor\u0161\u00edm p\u0159\u00edpad\u011b i str\u017een\u00ed bod\u016f a nutnost v\u016fz odleh\u010dit, aby mohl pokra\u010dovat v\u00a0cest\u011b. Sankce za cestov\u00e1n\u00ed p\u0159et\u00ed\u017een\u00fdm vozem se rozd\u00e1vaj\u00ed nap\u0159\u00ed\u010d celou Evropou a pohybuj\u00ed se od 10 do 6000 eur.","og_url":"https:\/\/all4camper.com\/cs\/za-pretizeni-obytneho-vozu-hrozi-v-evrope-pokuta-i-vezeni\/","og_site_name":"All4Camper","article_published_time":"2022-09-20T10:11:48+00:00","article_modified_time":"2022-12-13T14:20:40+00:00","og_image":[{"width":729,"height":486,"url":"https:\/\/all4camper.com\/wp-content\/uploads\/2022\/05\/va\u0301z\u030ceni\u0301-obytne\u0301ho-vozu.jpeg","type":"image\/jpeg"}],"author":"Kl\u00e1ra H\u00e1jkov\u00e1","twitter_card":"summary_large_image","twitter_misc":{"Napsal(a)":"Kl\u00e1ra H\u00e1jkov\u00e1","Odhadovan\u00e1 doba \u010dten\u00ed":"4 minuty"},"schema":{"@context":"https:\/\/schema.org","@graph":[{"@type":"Article","@id":"https:\/\/all4camper.com\/cs\/za-pretizeni-obytneho-vozu-hrozi-v-evrope-pokuta-i-vezeni\/#article","isPartOf":{"@id":"https:\/\/all4camper.com\/cs\/za-pretizeni-obytneho-vozu-hrozi-v-evrope-pokuta-i-vezeni\/"},"author":{"name":"Kl\u00e1ra H\u00e1jkov\u00e1","@id":"https:\/\/all4camper.com\/cs\/#\/schema\/person\/c6f1efdf1d02bc7d8c53a891cbe18c62"},"headline":"Za p\u0159et\u00ed\u017een\u00ed obytn\u00e9ho vozu hroz\u00ed v\u00a0Evrop\u011b pokuta i v\u011bzen\u00ed","datePublished":"2022-09-20T10:11:48+00:00","dateModified":"2022-12-13T14:20:40+00:00","mainEntityOfPage":{"@id":"https:\/\/all4camper.com\/cs\/za-pretizeni-obytneho-vozu-hrozi-v-evrope-pokuta-i-vezeni\/"},"wordCount":788,"publisher":{"@id":"https:\/\/all4camper.com\/cs\/#organization"},"image":{"@id":"https:\/\/all4camper.com\/cs\/za-pretizeni-obytneho-vozu-hrozi-v-evrope-pokuta-i-vezeni\/#primaryimage"},"thumbnailUrl":"https:\/\/all4camper.com\/wp-content\/uploads\/2022\/05\/va\u0301z\u030ceni\u0301-obytne\u0301ho-vozu.jpeg","keywords":["Rady-tipy-informace","Ze sv\u011bta karavaningu"],"articleSection":["Karavanink","Novinky - Kempov\u00e1n\u00ed a karavaning","Rady, tipy, informace"],"inLanguage":"cs"},{"@type":"WebPage","@id":"https:\/\/all4camper.com\/cs\/za-pretizeni-obytneho-vozu-hrozi-v-evrope-pokuta-i-vezeni\/","url":"https:\/\/all4camper.com\/cs\/za-pretizeni-obytneho-vozu-hrozi-v-evrope-pokuta-i-vezeni\/","name":"Za p\u0159et\u00ed\u017een\u00ed obytn\u00e9ho vozu hroz\u00ed v\u00a0Evrop\u011b pokuta i v\u011bzen\u00ed - All4Camper","isPartOf":{"@id":"https:\/\/all4camper.com\/cs\/#website"},"primaryImageOfPage":{"@id":"https:\/\/all4camper.com\/cs\/za-pretizeni-obytneho-vozu-hrozi-v-evrope-pokuta-i-vezeni\/#primaryimage"},"image":{"@id":"https:\/\/all4camper.com\/cs\/za-pretizeni-obytneho-vozu-hrozi-v-evrope-pokuta-i-vezeni\/#primaryimage"},"thumbnailUrl":"https:\/\/all4camper.com\/wp-content\/uploads\/2022\/05\/va\u0301z\u030ceni\u0301-obytne\u0301ho-vozu.jpeg","datePublished":"2022-09-20T10:11:48+00:00","dateModified":"2022-12-13T14:20:40+00:00","description":"Pokud je \u0159idi\u010d p\u0159isti\u017een s\u00a0p\u0159et\u00ed\u017een\u00fdm vozidlem, hroz\u00ed mu za to pokuta, v\u00a0hor\u0161\u00edm p\u0159\u00edpad\u011b i str\u017een\u00ed bod\u016f a nutnost v\u016fz odleh\u010dit, aby mohl pokra\u010dovat v\u00a0cest\u011b. Sankce za cestov\u00e1n\u00ed p\u0159et\u00ed\u017een\u00fdm vozem se rozd\u00e1vaj\u00ed nap\u0159\u00ed\u010d celou Evropou a pohybuj\u00ed se od 10 do 6000 eur.","breadcrumb":{"@id":"https:\/\/all4camper.com\/cs\/za-pretizeni-obytneho-vozu-hrozi-v-evrope-pokuta-i-vezeni\/#breadcrumb"},"inLanguage":"cs","potentialAction":[{"@type":"ReadAction","target":["https:\/\/all4camper.com\/cs\/za-pretizeni-obytneho-vozu-hrozi-v-evrope-pokuta-i-vezeni\/"]}]},{"@type":"ImageObject","inLanguage":"cs","@id":"https:\/\/all4camper.com\/cs\/za-pretizeni-obytneho-vozu-hrozi-v-evrope-pokuta-i-vezeni\/#primaryimage","url":"https:\/\/all4camper.com\/wp-content\/uploads\/2022\/05\/va\u0301z\u030ceni\u0301-obytne\u0301ho-vozu.jpeg","contentUrl":"https:\/\/all4camper.com\/wp-content\/uploads\/2022\/05\/va\u0301z\u030ceni\u0301-obytne\u0301ho-vozu.jpeg","width":729,"height":486},{"@type":"BreadcrumbList","@id":"https:\/\/all4camper.com\/cs\/za-pretizeni-obytneho-vozu-hrozi-v-evrope-pokuta-i-vezeni\/#breadcrumb","itemListElement":[{"@type":"ListItem","position":1,"name":"Dom\u016f","item":"https:\/\/all4camper.com\/cs\/"},{"@type":"ListItem","position":2,"name":"Novinky - Kempov\u00e1n\u00ed a karavaning","item":"https:\/\/all4camper.com\/cs\/category\/novinky-kempovani-a-karavaning\/"},{"@type":"ListItem","position":3,"name":"Za p\u0159et\u00ed\u017een\u00ed obytn\u00e9ho vozu hroz\u00ed v\u00a0Evrop\u011b pokuta i v\u011bzen\u00ed"}]},{"@type":"WebSite","@id":"https:\/\/all4camper.com\/cs\/#website","url":"https:\/\/all4camper.com\/cs\/","name":"All4Camper","description":"Nejv\u011bt\u0161\u00ed online magaz\u00edn o kempov\u00e1n\u00ed a karavaninku. V\u00edce jak 900 \u010dl\u00e1nk\u016f pln\u00fdch rad a tip\u016f o kempech a kempov\u00e1n\u00ed.","publisher":{"@id":"https:\/\/all4camper.com\/cs\/#organization"},"potentialAction":[{"@type":"SearchAction","target":{"@type":"EntryPoint","urlTemplate":"https:\/\/all4camper.com\/cs\/?s={search_term_string}"},"query-input":{"@type":"PropertyValueSpecification","valueRequired":true,"valueName":"search_term_string"}}],"inLanguage":"cs"},{"@type":"Organization","@id":"https:\/\/all4camper.com\/cs\/#organization","name":"All4Camper - kempujeme s Kl\u00e1rou","url":"https:\/\/all4camper.com\/cs\/","logo":{"@type":"ImageObject","inLanguage":"cs","@id":"https:\/\/all4camper.com\/cs\/#\/schema\/logo\/image\/","url":"https:\/\/all4camper.com\/wp-content\/uploads\/2018\/09\/novelogo.png","contentUrl":"https:\/\/all4camper.com\/wp-content\/uploads\/2018\/09\/novelogo.png","width":1520,"height":600,"caption":"All4Camper - kempujeme s Kl\u00e1rou"},"image":{"@id":"https:\/\/all4camper.com\/cs\/#\/schema\/logo\/image\/"}},{"@type":"Person","@id":"https:\/\/all4camper.com\/cs\/#\/schema\/person\/c6f1efdf1d02bc7d8c53a891cbe18c62","name":"Kl\u00e1ra H\u00e1jkov\u00e1","sameAs":["http:\/\/www.all4camper.com"],"url":"https:\/\/all4camper.com\/cs\/author\/klarinkacestuje1\/"}]}},"_links":{"self":[{"href":"https:\/\/all4camper.com\/cs\/wp-json\/wp\/v2\/posts\/140323","targetHints":{"allow":["GET"]}}],"collection":[{"href":"https:\/\/all4camper.com\/cs\/wp-json\/wp\/v2\/posts"}],"about":[{"href":"https:\/\/all4camper.com\/cs\/wp-json\/wp\/v2\/types\/post"}],"author":[{"embeddable":true,"href":"https:\/\/all4camper.com\/cs\/wp-json\/wp\/v2\/users\/4"}],"replies":[{"embeddable":true,"href":"https:\/\/all4camper.com\/cs\/wp-json\/wp\/v2\/comments?post=140323"}],"version-history":[{"count":0,"href":"https:\/\/all4camper.com\/cs\/wp-json\/wp\/v2\/posts\/140323\/revisions"}],"wp:featuredmedia":[{"embeddable":true,"href":"https:\/\/all4camper.com\/cs\/wp-json\/wp\/v2\/media\/140325"}],"wp:attachment":[{"href":"https:\/\/all4camper.com\/cs\/wp-json\/wp\/v2\/media?parent=140323"}],"wp:term":[{"taxonomy":"category","embeddable":true,"href":"https:\/\/all4camper.com\/cs\/wp-json\/wp\/v2\/categories?post=140323"},{"taxonomy":"post_tag","embeddable":true,"href":"https:\/\/all4camper.com\/cs\/wp-json\/wp\/v2\/tags?post=140323"}],"curies":[{"name":"wp","href":"https:\/\/api.w.org\/{rel}","templated":true}]}}