{"id":139864,"date":"2022-04-08T08:16:35","date_gmt":"2022-04-08T06:16:35","guid":{"rendered":"https:\/\/all4camper.com\/\/?p=139864"},"modified":"2022-04-08T10:48:40","modified_gmt":"2022-04-08T08:48:40","slug":"slovinske-terme-olimia-nejromatictejsi-termalni-lazne-ktere-jsem-navstivila","status":"publish","type":"post","link":"https:\/\/all4camper.com\/cs\/slovinske-terme-olimia-nejromatictejsi-termalni-lazne-ktere-jsem-navstivila\/","title":{"rendered":"Slovinsk\u00e9 Terme Olimia \u2013 nejromati\u010dt\u011bj\u0161\u00ed term\u00e1ln\u00ed l\u00e1zn\u011b, kter\u00e9 jsem kdy nav\u0161t\u00edvila"},"content":{"rendered":"\n<p><strong>Na v\u00fdchodn\u00edm Slovinsku, nedaleko chorvatsk\u00fdch hranic, le\u017e\u00ed vesnice Pod\u010dertek, ve kter\u00e9 najdete modern\u00ed term\u00e1ln\u00ed l\u00e1zn\u011b Olimia. A v kombinaci s n\u00e1dhernou okoln\u00ed p\u0159\u00edrodou a opravdu luxusn\u00edm term\u00e1ln\u00edm a saunov\u00fdm sv\u011btem v\u00e1s tam \u010dek\u00e1 par\u00e1dn\u00ed dovolen\u00e1 pln\u00e1 odpo\u010dinku a koup\u00e1n\u00ed. Ostatn\u011b, ne nadarmo pat\u0159\u00ed term\u00e1ln\u00ed l\u00e1zn\u011b Olimia k&nbsp;nejhez\u010d\u00edm v&nbsp;regionu a j\u00e1 je pova\u017euji za jedny z&nbsp;nejromanti\u010dt\u011bj\u0161\u00edch, kter\u00e9 jsme kdy nav\u0161t\u00edvili. A \u017ee jich bylo.<\/strong><\/p>\n\n\n\n<figure class=\"wp-block-image size-large is-resized\"><img loading=\"lazy\" decoding=\"async\" src=\"https:\/\/all4camper.com\/\/wp-content\/uploads\/2022\/04\/Wellness-Orhidelia-kopie-1620x1080.jpg\" alt=\"\" class=\"wp-image-139877\" width=\"696\" height=\"464\" srcset=\"https:\/\/all4camper.com\/wp-content\/uploads\/2022\/04\/Wellness-Orhidelia-kopie-1620x1080.jpg 1620w, https:\/\/all4camper.com\/wp-content\/uploads\/2022\/04\/Wellness-Orhidelia-kopie-300x200.jpg 300w, https:\/\/all4camper.com\/wp-content\/uploads\/2022\/04\/Wellness-Orhidelia-kopie-150x100.jpg 150w, https:\/\/all4camper.com\/wp-content\/uploads\/2022\/04\/Wellness-Orhidelia-kopie-768x512.jpg 768w, https:\/\/all4camper.com\/wp-content\/uploads\/2022\/04\/Wellness-Orhidelia-kopie-1536x1024.jpg 1536w, https:\/\/all4camper.com\/wp-content\/uploads\/2022\/04\/Wellness-Orhidelia-kopie-2048x1365.jpg 2048w, https:\/\/all4camper.com\/wp-content\/uploads\/2022\/04\/Wellness-Orhidelia-kopie-696x464.jpg 696w, https:\/\/all4camper.com\/wp-content\/uploads\/2022\/04\/Wellness-Orhidelia-kopie-1068x712.jpg 1068w, https:\/\/all4camper.com\/wp-content\/uploads\/2022\/04\/Wellness-Orhidelia-kopie-1920x1280.jpg 1920w\" sizes=\"auto, (max-width: 696px) 100vw, 696px\" \/><figcaption>ORHIDELIA<\/figcaption><\/figure>\n\n\n\n<p>L\u00e1zn\u011b Olimia maj\u00ed dv\u011b, resp. t\u0159i \u010d\u00e1sti. Jedna je ur\u010den\u00e1 pro ve\u0159ejnost a nab\u00edz\u00ed baz\u00e9n, v\u00ed\u0159ivku a prostory pro d\u011btsk\u00e9 dov\u00e1d\u011bn\u00ed. Jmenuje se <strong><a href=\"https:\/\/www.terme-olimia.com\/sl\/wellness-spa\/family-wellness-termalija\" target=\"_blank\" rel=\"noreferrer noopener\">Family wellness a fun<\/a><\/strong>. <strong>Druhou \u010d\u00e1st\u00ed je sv\u011bt <a href=\"https:\/\/www.terme-olimia.com\/sl\/wellness-spa\/wellness-orhidelia\" target=\"_blank\" rel=\"noreferrer noopener\">Orhidelia<\/a><\/strong>, ve kter\u00e9m najdete sauny, n\u00e1dhern\u00e9 odpo\u010dinkov\u00e9 z\u00f3ny ve kter\u00fdch m\u016f\u017eete relaxovat a nechyb\u00ed samoz\u0159ejm\u011b ani vyh\u0159\u00edvan\u00e9 vnit\u0159n\u00ed a venkovn\u00ed baz\u00e9ny. Odpoledne se pak je\u0161t\u011b otev\u00edr\u00e1 sekce s dal\u0161\u00edmi saunami, ve kter\u00e9 najdete men\u0161\u00ed, lehce vyh\u0159\u00edvan\u00fd baz\u00e9n, velkou v\u00ed\u0159ivku \u010di studen\u00fd ochlazovac\u00ed baz\u00e9nek. Posledn\u00ed mo\u017enost\u00ed co v t\u011bchto l\u00e1zn\u00edch nav\u0161t\u00edvit je <strong><a href=\"https:\/\/www.terme-olimia.com\/sl\/wellness-spa\/family-wellness-termalija\/termalija-relax\" target=\"_blank\" rel=\"noreferrer noopener\">relaxa\u010dn\u00ed sv\u011bt<\/a>. V n\u011bm jsou nejteplej\u0161\u00ed baz\u00e9ny a nejm\u00e9n\u011b lid\u00ed.<\/strong> J\u00e1 osobn\u011b doporu\u010duji si zakoupit vstupn\u00e9 jak do Orhidelie, tak do tohoto sv\u011bta dohromady. A nebo pokud m\u00e1te s sebou d\u011bti, tak pak do rodinn\u00e9 \u010d\u00e1sti a t\u00e9to. Vyplat\u00ed se to. <\/p>\n\n\n\n<figure class=\"wp-block-image size-full is-resized\"><img loading=\"lazy\" decoding=\"async\" src=\"https:\/\/all4camper.com\/\/wp-content\/uploads\/2022\/04\/Family-Wellness-Termalija-Terme-Olimia-1.jpg\" alt=\"\" class=\"wp-image-139894\" width=\"696\" height=\"391\" srcset=\"https:\/\/all4camper.com\/wp-content\/uploads\/2022\/04\/Family-Wellness-Termalija-Terme-Olimia-1.jpg 1170w, https:\/\/all4camper.com\/wp-content\/uploads\/2022\/04\/Family-Wellness-Termalija-Terme-Olimia-1-300x169.jpg 300w, https:\/\/all4camper.com\/wp-content\/uploads\/2022\/04\/Family-Wellness-Termalija-Terme-Olimia-1-150x84.jpg 150w, https:\/\/all4camper.com\/wp-content\/uploads\/2022\/04\/Family-Wellness-Termalija-Terme-Olimia-1-768x432.jpg 768w, https:\/\/all4camper.com\/wp-content\/uploads\/2022\/04\/Family-Wellness-Termalija-Terme-Olimia-1-696x391.jpg 696w, https:\/\/all4camper.com\/wp-content\/uploads\/2022\/04\/Family-Wellness-Termalija-Terme-Olimia-1-1068x601.jpg 1068w\" sizes=\"auto, (max-width: 696px) 100vw, 696px\" \/><figcaption>Relaxa\u010dn\u00ed sv\u011bt<\/figcaption><\/figure>\n\n\n\n<h2 class=\"wp-block-heading\"><strong>Relaxa\u010dn\u00ed sv\u011bt pln\u00fd romantiky, odpo\u010dinku a saunov\u00e1n\u00ed<\/strong><\/h2>\n\n\n\n<p>\u010c\u00e1st<strong> wellness Orhidelia<\/strong> nab\u00edz\u00ed skv\u011bl\u00e9 pohodl\u00ed a je za\u0159\u00edzena s&nbsp;velk\u00fdm ohledem na prakti\u010dnost. Kdy\u017e p\u0159ech\u00e1z\u00edte mezi \u010d\u00e1stmi, ve kter\u00fdch se pohybujete bez oble\u010den\u00ed (1. patro &#8211; sauny), a t\u011bmi s&nbsp;oble\u010den\u00edm (p\u0159\u00edzem\u00ed &#8211; baz\u00e9ny), m\u00e1te k&nbsp;dispozici sk\u0159\u00ed\u0148ky, kde si m\u016f\u017eete bezpe\u010dn\u011b odlo\u017eit sv\u00e9 v\u011bci. Skv\u011blou vychyt\u00e1vkou jsou vyh\u0159\u00edvan\u00e9 ty\u010de mezi t\u011bmito sk\u0159\u00ed\u0148kami. Na n\u011b si m\u016f\u017eete pov\u011bsit plavky, a kdy\u017e vyjdete ze saun, m\u00e1te je p\u0159ipraven\u00e9 such\u00e9. Saun zde najdete celkem p\u011bt a nav\u0161t\u00edvit m\u016f\u017eete t\u0159eba parf\u00e9movou parn\u00ed l\u00e1ze\u0148 (Mimosa), finskou  \u010di bio saunu.<\/p>\n\n\n\n<figure class=\"wp-block-image size-full\"><img loading=\"lazy\" decoding=\"async\" width=\"1170\" height=\"658\" src=\"https:\/\/all4camper.com\/\/wp-content\/uploads\/2022\/04\/Family-Wellness-Termalija-Terme-Olimia-51.jpg\" alt=\"\" class=\"wp-image-139897\" srcset=\"https:\/\/all4camper.com\/wp-content\/uploads\/2022\/04\/Family-Wellness-Termalija-Terme-Olimia-51.jpg 1170w, https:\/\/all4camper.com\/wp-content\/uploads\/2022\/04\/Family-Wellness-Termalija-Terme-Olimia-51-300x169.jpg 300w, https:\/\/all4camper.com\/wp-content\/uploads\/2022\/04\/Family-Wellness-Termalija-Terme-Olimia-51-150x84.jpg 150w, https:\/\/all4camper.com\/wp-content\/uploads\/2022\/04\/Family-Wellness-Termalija-Terme-Olimia-51-768x432.jpg 768w, https:\/\/all4camper.com\/wp-content\/uploads\/2022\/04\/Family-Wellness-Termalija-Terme-Olimia-51-696x391.jpg 696w, https:\/\/all4camper.com\/wp-content\/uploads\/2022\/04\/Family-Wellness-Termalija-Terme-Olimia-51-1068x601.jpg 1068w\" sizes=\"auto, (max-width: 1170px) 100vw, 1170px\" \/><\/figure>\n\n\n\n<p>Tato \u010d\u00e1st je tak\u00e9 pln\u00e1 r\u016fzn\u00fdch chodbi\u010dek a z\u00e1kout\u00ed s&nbsp;leh\u00e1tky, na kter\u00fdch m\u016f\u017eete odpo\u010d\u00edvat, kdy\u017e si zrovna neu\u017e\u00edv\u00e1te nic ze zdej\u0161\u00ed nab\u00eddky. Interi\u00e9r je opravdu n\u00e1dhern\u00fd, vkusn\u011b za\u0159\u00edzen\u00fd a zdej\u0161\u00ed atmosf\u00e9ra je opravdu romantick\u00e1 a p\u0159\u00edmo vyb\u00edz\u00ed k&nbsp;odpo\u010dinku.<\/p>\n\n\n\n<figure class=\"wp-block-gallery has-nested-images columns-default is-cropped wp-block-gallery-1 is-layout-flex wp-block-gallery-is-layout-flex\">\n<figure class=\"wp-block-image size-large\"><img loading=\"lazy\" decoding=\"async\" width=\"1440\" height=\"1080\" data-id=\"139884\" src=\"https:\/\/all4camper.com\/\/wp-content\/uploads\/2022\/04\/IMG_5671-1440x1080.jpeg\" alt=\"\" class=\"wp-image-139884\" srcset=\"https:\/\/all4camper.com\/wp-content\/uploads\/2022\/04\/IMG_5671-1440x1080.jpeg 1440w, https:\/\/all4camper.com\/wp-content\/uploads\/2022\/04\/IMG_5671-300x225.jpeg 300w, https:\/\/all4camper.com\/wp-content\/uploads\/2022\/04\/IMG_5671-150x113.jpeg 150w, https:\/\/all4camper.com\/wp-content\/uploads\/2022\/04\/IMG_5671-768x576.jpeg 768w, https:\/\/all4camper.com\/wp-content\/uploads\/2022\/04\/IMG_5671-1536x1152.jpeg 1536w, https:\/\/all4camper.com\/wp-content\/uploads\/2022\/04\/IMG_5671-2048x1536.jpeg 2048w, https:\/\/all4camper.com\/wp-content\/uploads\/2022\/04\/IMG_5671-696x522.jpeg 696w, https:\/\/all4camper.com\/wp-content\/uploads\/2022\/04\/IMG_5671-1068x801.jpeg 1068w, https:\/\/all4camper.com\/wp-content\/uploads\/2022\/04\/IMG_5671-1920x1440.jpeg 1920w\" sizes=\"auto, (max-width: 1440px) 100vw, 1440px\" \/><\/figure>\n\n\n\n<figure class=\"wp-block-image size-large\"><img loading=\"lazy\" decoding=\"async\" width=\"1440\" height=\"1080\" data-id=\"139882\" src=\"https:\/\/all4camper.com\/\/wp-content\/uploads\/2022\/04\/IMG_5666-1440x1080.jpeg\" alt=\"sauny\" class=\"wp-image-139882\" srcset=\"https:\/\/all4camper.com\/wp-content\/uploads\/2022\/04\/IMG_5666-1440x1080.jpeg 1440w, https:\/\/all4camper.com\/wp-content\/uploads\/2022\/04\/IMG_5666-300x225.jpeg 300w, https:\/\/all4camper.com\/wp-content\/uploads\/2022\/04\/IMG_5666-150x113.jpeg 150w, https:\/\/all4camper.com\/wp-content\/uploads\/2022\/04\/IMG_5666-768x576.jpeg 768w, https:\/\/all4camper.com\/wp-content\/uploads\/2022\/04\/IMG_5666-1536x1152.jpeg 1536w, https:\/\/all4camper.com\/wp-content\/uploads\/2022\/04\/IMG_5666-2048x1536.jpeg 2048w, https:\/\/all4camper.com\/wp-content\/uploads\/2022\/04\/IMG_5666-696x522.jpeg 696w, https:\/\/all4camper.com\/wp-content\/uploads\/2022\/04\/IMG_5666-1068x801.jpeg 1068w, https:\/\/all4camper.com\/wp-content\/uploads\/2022\/04\/IMG_5666-1920x1440.jpeg 1920w\" sizes=\"auto, (max-width: 1440px) 100vw, 1440px\" \/><\/figure>\n<\/figure>\n\n\n\n<p>Dal\u0161\u00ed mo\u017enost odpo\u010dinku nab\u00edz\u00ed vodn\u00ed postele. Ty jsou zde v\u017edy po dvou odd\u011blen\u00e9 od ostatn\u00edch a u nich m\u00e1te k&nbsp;dispozici sluch\u00e1tka, v&nbsp;nich\u017e si m\u016f\u017eete pustit uklid\u0148uj\u00edc\u00ed hudbu a relaxovat zase trochu jin\u00fdm zp\u016fsobem. Popravd\u011b jsem si tuto relaxa\u010dn\u00ed m\u00edstnost, nach\u00e1zej\u00edc\u00ed se v prvn\u00edm pat\u0159e, obl\u00edbila nejv\u00edc.<\/p>\n\n\n\n<p>Jak u\u017e jsem psala v\u00fd\u0161e, v t\u00e9to \u010d\u00e1sti najdete n\u011bkolik vnit\u0159n\u00edch i venkovn\u00edch baz\u00e9n\u016f. Ty venkovn\u00ed jsou vyh\u0159\u00edvan\u00e9, tak\u017ee si je u\u017eijete i v&nbsp;zimn\u00edm obdob\u00ed. Teplota v&nbsp;baz\u00e9nech se pohybuje v&nbsp;rozmez\u00ed 26 \u2013 37 \u00b0C, ale nechyb\u00ed tu ani baz\u00e9n se studenou vodou na ochlazen\u00ed po saun\u011b. <strong>Koup\u00e1n\u00ed v&nbsp;t\u011bchto term\u00e1ln\u00edch l\u00e1zn\u00edch se doporu\u010duje t\u011bm, kdo trp\u00ed probl\u00e9my pohybov\u00e9ho apar\u00e1tu, revmatick\u00fdm, ko\u017en\u00edm nebo c\u00e9vn\u00edm onemocn\u011bn\u00edm \u010di rehabilituj\u00ed po \u00farazech. Zdej\u0161\u00ed voda je zdrav\u00e1, proto m\u00e1te v&nbsp;l\u00e1zn\u00edch na ka\u017ed\u00e9m kroku mo\u017enost se j\u00ed i nap\u00edt. <\/strong>Pl\u00e1nek tohoto sv\u011bta najdete <a href=\"https:\/\/www.terme-olimia.com\/docs\/default-source\/splo%C5%A1no\/wellness-orhidelia-map.pdf?sfvrsn=71cf2a5b_2\" target=\"_blank\" rel=\"noreferrer noopener\">tady<\/a>.<\/p>\n\n\n\n<figure class=\"wp-block-image size-large\"><img loading=\"lazy\" decoding=\"async\" width=\"1440\" height=\"1080\" src=\"https:\/\/all4camper.com\/\/wp-content\/uploads\/2022\/04\/IMG_5669-1440x1080.jpeg\" alt=\"\" class=\"wp-image-139886\" srcset=\"https:\/\/all4camper.com\/wp-content\/uploads\/2022\/04\/IMG_5669-1440x1080.jpeg 1440w, https:\/\/all4camper.com\/wp-content\/uploads\/2022\/04\/IMG_5669-300x225.jpeg 300w, https:\/\/all4camper.com\/wp-content\/uploads\/2022\/04\/IMG_5669-150x113.jpeg 150w, https:\/\/all4camper.com\/wp-content\/uploads\/2022\/04\/IMG_5669-768x576.jpeg 768w, https:\/\/all4camper.com\/wp-content\/uploads\/2022\/04\/IMG_5669-1536x1152.jpeg 1536w, https:\/\/all4camper.com\/wp-content\/uploads\/2022\/04\/IMG_5669-2048x1536.jpeg 2048w, https:\/\/all4camper.com\/wp-content\/uploads\/2022\/04\/IMG_5669-696x522.jpeg 696w, https:\/\/all4camper.com\/wp-content\/uploads\/2022\/04\/IMG_5669-1068x801.jpeg 1068w, https:\/\/all4camper.com\/wp-content\/uploads\/2022\/04\/IMG_5669-1920x1440.jpeg 1920w\" sizes=\"auto, (max-width: 1440px) 100vw, 1440px\" \/><\/figure>\n\n\n\n<h2 class=\"wp-block-heading\"><strong>Ve\u0159ejn\u00e1 \u010d\u00e1st, ve kter\u00e9 si u\u017eij\u00ed i d\u011bti<\/strong><\/h2>\n\n\n\n<p>V \u010d\u00e1sti pro <a href=\"https:\/\/www.terme-olimia.com\/sl\/wellness-spa\/family-wellness-termalija\" target=\"_blank\" rel=\"noreferrer noopener\">rodiny s&nbsp;d\u011btmi <\/a>najdete plno atrakc\u00ed, kter\u00e9 va\u0161e ratolesti zabav\u00ed. Spoustu z\u00e1bavy nab\u00edz\u00ed nap\u0159\u00edklad horolezeck\u00e1 st\u011bna nad baz\u00e9nem nebo vodn\u00ed h\u0159i\u0161t\u011b s&nbsp;klouza\u010dkami. Voda v&nbsp;d\u011btsk\u00fdch baz\u00e9nc\u00edch je tepl\u00e1 a nemus\u00edte m\u00edt strach o bezpe\u010dnost. Povrch baz\u00e9nku je zde toti\u017e ze speci\u00e1ln\u00edho materi\u00e1lu, kter\u00fd p\u0159ipom\u00edn\u00e1 karimatku, aby tu d\u011bti p\u0159i dov\u00e1d\u011bn\u00ed neuklouzly a nezranily se. Dosp\u011bl\u00ed tu zase ocen\u00ed v\u00ed\u0159ivky nebo vodn\u00ed trysky, kter\u00e9 \u201enamas\u00edruj\u00ed\u201c z\u00e1da a pomohou se uvolnit.<\/p>\n\n\n\n<figure class=\"wp-block-image size-large\"><img loading=\"lazy\" decoding=\"async\" width=\"1440\" height=\"1080\" src=\"https:\/\/all4camper.com\/\/wp-content\/uploads\/2022\/04\/IMG_5655-1440x1080.jpeg\" alt=\"\" class=\"wp-image-139888\" srcset=\"https:\/\/all4camper.com\/wp-content\/uploads\/2022\/04\/IMG_5655-1440x1080.jpeg 1440w, https:\/\/all4camper.com\/wp-content\/uploads\/2022\/04\/IMG_5655-300x225.jpeg 300w, https:\/\/all4camper.com\/wp-content\/uploads\/2022\/04\/IMG_5655-150x113.jpeg 150w, https:\/\/all4camper.com\/wp-content\/uploads\/2022\/04\/IMG_5655-768x576.jpeg 768w, https:\/\/all4camper.com\/wp-content\/uploads\/2022\/04\/IMG_5655-1536x1152.jpeg 1536w, https:\/\/all4camper.com\/wp-content\/uploads\/2022\/04\/IMG_5655-2048x1536.jpeg 2048w, https:\/\/all4camper.com\/wp-content\/uploads\/2022\/04\/IMG_5655-696x522.jpeg 696w, https:\/\/all4camper.com\/wp-content\/uploads\/2022\/04\/IMG_5655-1068x801.jpeg 1068w, https:\/\/all4camper.com\/wp-content\/uploads\/2022\/04\/IMG_5655-1920x1440.jpeg 1920w\" sizes=\"auto, (max-width: 1440px) 100vw, 1440px\" \/><\/figure>\n\n\n\n<p>Aby d\u011bti nebyly cel\u00fd den ve vod\u011b, mohou nav\u0161t\u00edvit 7D kino. Samoz\u0159ejm\u011b tu nechyb\u00ed ani d\u011btsk\u00fd koutek a d\u011btsk\u00e9 h\u0159i\u0161t\u011b v&nbsp;bl\u00edzkosti baz\u00e9n\u016f. Velk\u00fdm l\u00e1kadlem aktivit na suchu mohou b\u00fdt t\u0159eba pingpongov\u00e9 stoly \u010di fotb\u00e1lek. Pro dov\u00e1d\u011bn\u00ed ve vod\u011b je tu zase dostatek skluzavek pro nejmen\u0161\u00ed \u010di dva tobog\u00e1ny pro ty, kter\u00e9 si cht\u011bj\u00ed u\u017e\u00edt je\u0161t\u011b trochu v\u00edce z\u00e1bavy.<\/p>\n\n\n\n<figure class=\"wp-block-gallery has-nested-images columns-default is-cropped wp-block-gallery-2 is-layout-flex wp-block-gallery-is-layout-flex\">\n<figure class=\"wp-block-image size-large\"><img loading=\"lazy\" decoding=\"async\" width=\"1440\" height=\"1080\" data-id=\"139891\" src=\"https:\/\/all4camper.com\/\/wp-content\/uploads\/2022\/04\/IMG_5650-1440x1080.jpeg\" alt=\"\" class=\"wp-image-139891\" srcset=\"https:\/\/all4camper.com\/wp-content\/uploads\/2022\/04\/IMG_5650-1440x1080.jpeg 1440w, https:\/\/all4camper.com\/wp-content\/uploads\/2022\/04\/IMG_5650-300x225.jpeg 300w, https:\/\/all4camper.com\/wp-content\/uploads\/2022\/04\/IMG_5650-150x113.jpeg 150w, https:\/\/all4camper.com\/wp-content\/uploads\/2022\/04\/IMG_5650-768x576.jpeg 768w, https:\/\/all4camper.com\/wp-content\/uploads\/2022\/04\/IMG_5650-1536x1152.jpeg 1536w, https:\/\/all4camper.com\/wp-content\/uploads\/2022\/04\/IMG_5650-2048x1536.jpeg 2048w, https:\/\/all4camper.com\/wp-content\/uploads\/2022\/04\/IMG_5650-696x522.jpeg 696w, https:\/\/all4camper.com\/wp-content\/uploads\/2022\/04\/IMG_5650-1068x801.jpeg 1068w, https:\/\/all4camper.com\/wp-content\/uploads\/2022\/04\/IMG_5650-1920x1440.jpeg 1920w\" sizes=\"auto, (max-width: 1440px) 100vw, 1440px\" \/><\/figure>\n\n\n\n<figure class=\"wp-block-image size-large\"><img loading=\"lazy\" decoding=\"async\" width=\"1170\" height=\"658\" data-id=\"139899\" src=\"https:\/\/all4camper.com\/\/wp-content\/uploads\/2022\/04\/Family-Wellness-Termalija-Terme-Olimia-19.jpg\" alt=\"\" class=\"wp-image-139899\" srcset=\"https:\/\/all4camper.com\/wp-content\/uploads\/2022\/04\/Family-Wellness-Termalija-Terme-Olimia-19.jpg 1170w, https:\/\/all4camper.com\/wp-content\/uploads\/2022\/04\/Family-Wellness-Termalija-Terme-Olimia-19-300x169.jpg 300w, https:\/\/all4camper.com\/wp-content\/uploads\/2022\/04\/Family-Wellness-Termalija-Terme-Olimia-19-150x84.jpg 150w, https:\/\/all4camper.com\/wp-content\/uploads\/2022\/04\/Family-Wellness-Termalija-Terme-Olimia-19-768x432.jpg 768w, https:\/\/all4camper.com\/wp-content\/uploads\/2022\/04\/Family-Wellness-Termalija-Terme-Olimia-19-696x391.jpg 696w, https:\/\/all4camper.com\/wp-content\/uploads\/2022\/04\/Family-Wellness-Termalija-Terme-Olimia-19-1068x601.jpg 1068w\" sizes=\"auto, (max-width: 1170px) 100vw, 1170px\" \/><\/figure>\n\n\n\n<figure class=\"wp-block-image size-large\"><img loading=\"lazy\" decoding=\"async\" width=\"1170\" height=\"658\" data-id=\"139903\" src=\"https:\/\/all4camper.com\/\/wp-content\/uploads\/2022\/04\/Family-Wellness-Termalija-Terme-Olimia-34.jpg\" alt=\"\" class=\"wp-image-139903\" srcset=\"https:\/\/all4camper.com\/wp-content\/uploads\/2022\/04\/Family-Wellness-Termalija-Terme-Olimia-34.jpg 1170w, https:\/\/all4camper.com\/wp-content\/uploads\/2022\/04\/Family-Wellness-Termalija-Terme-Olimia-34-300x169.jpg 300w, https:\/\/all4camper.com\/wp-content\/uploads\/2022\/04\/Family-Wellness-Termalija-Terme-Olimia-34-150x84.jpg 150w, https:\/\/all4camper.com\/wp-content\/uploads\/2022\/04\/Family-Wellness-Termalija-Terme-Olimia-34-768x432.jpg 768w, https:\/\/all4camper.com\/wp-content\/uploads\/2022\/04\/Family-Wellness-Termalija-Terme-Olimia-34-696x391.jpg 696w, https:\/\/all4camper.com\/wp-content\/uploads\/2022\/04\/Family-Wellness-Termalija-Terme-Olimia-34-1068x601.jpg 1068w\" sizes=\"auto, (max-width: 1170px) 100vw, 1170px\" \/><\/figure>\n\n\n\n<figure class=\"wp-block-image size-large\"><img loading=\"lazy\" decoding=\"async\" width=\"1170\" height=\"658\" data-id=\"139901\" src=\"https:\/\/all4camper.com\/\/wp-content\/uploads\/2022\/04\/Family-Wellness-Termalija-Terme-Olimia-12.jpg\" alt=\"\" class=\"wp-image-139901\" srcset=\"https:\/\/all4camper.com\/wp-content\/uploads\/2022\/04\/Family-Wellness-Termalija-Terme-Olimia-12.jpg 1170w, https:\/\/all4camper.com\/wp-content\/uploads\/2022\/04\/Family-Wellness-Termalija-Terme-Olimia-12-300x169.jpg 300w, https:\/\/all4camper.com\/wp-content\/uploads\/2022\/04\/Family-Wellness-Termalija-Terme-Olimia-12-150x84.jpg 150w, https:\/\/all4camper.com\/wp-content\/uploads\/2022\/04\/Family-Wellness-Termalija-Terme-Olimia-12-768x432.jpg 768w, https:\/\/all4camper.com\/wp-content\/uploads\/2022\/04\/Family-Wellness-Termalija-Terme-Olimia-12-696x391.jpg 696w, https:\/\/all4camper.com\/wp-content\/uploads\/2022\/04\/Family-Wellness-Termalija-Terme-Olimia-12-1068x601.jpg 1068w\" sizes=\"auto, (max-width: 1170px) 100vw, 1170px\" \/><\/figure>\n<\/figure>\n\n\n\n<pre class=\"wp-block-verse\">V\u00a0Terme Olimia m\u016f\u017eete str\u00e1vit cel\u00fd den, naj\u00edst se tu \u010di si dop\u0159\u00e1t k\u00e1vu. A a\u0165 u\u017e si zvol\u00edte jednu nebo druhou koupac\u00ed \u010d\u00e1st, z\u00e1ruka par\u00e1dn\u00edho z\u00e1\u017eitku je tady zaru\u010dena. <\/pre>\n\n\n\n<h2 class=\"wp-block-heading\">A kde kempovat nebo parkovat?<\/h2>\n\n\n\n<p>Pokud vyr\u00e1\u017e\u00edte karavanem nebo obytn\u00fdm vozem, k&nbsp;dispozici je v\u00e1m kemp, kter\u00fd se nach\u00e1z\u00ed asi patn\u00e1ct minut ch\u016fze od are\u00e1lu. Je sice \u0161koda, \u017ee nen\u00ed p\u0159\u00edmo u l\u00e1zn\u00ed, na druhou stranu je skv\u011blou informac\u00ed, \u017ee jej najdete hned vedle <a href=\"https:\/\/www.terme-olimia.com\/sl\/wellness-spa\/termalni-park-aqualuna\" target=\"_blank\" rel=\"noreferrer noopener\">venkovn\u00edho aquaparku<\/a>, tak\u017ee pokud v\u00e1s nel\u00e1k\u00e1 relaxace v term\u00e1ln\u00edch l\u00e1zn\u00edch a m\u00e1te s sebou d\u011bti, tak za tohle budete moc r\u00e1di. Kemp se jmenuje Natura a najdete jej tady &#8211; <a href=\"https:\/\/goo.gl\/maps\/Ena2WVcVaLjefqZr7\" target=\"_blank\" rel=\"noreferrer noopener\">mapa<\/a>.<\/p>\n\n\n\n<figure class=\"wp-block-gallery has-nested-images columns-2 is-cropped wp-block-gallery-3 is-layout-flex wp-block-gallery-is-layout-flex\">\n<figure class=\"wp-block-image size-full\"><img loading=\"lazy\" decoding=\"async\" width=\"1170\" height=\"658\" data-id=\"139908\" src=\"https:\/\/all4camper.com\/\/wp-content\/uploads\/2022\/04\/Aqualuna-6.jpg\" alt=\"\" class=\"wp-image-139908\" srcset=\"https:\/\/all4camper.com\/wp-content\/uploads\/2022\/04\/Aqualuna-6.jpg 1170w, https:\/\/all4camper.com\/wp-content\/uploads\/2022\/04\/Aqualuna-6-300x169.jpg 300w, https:\/\/all4camper.com\/wp-content\/uploads\/2022\/04\/Aqualuna-6-150x84.jpg 150w, https:\/\/all4camper.com\/wp-content\/uploads\/2022\/04\/Aqualuna-6-768x432.jpg 768w, https:\/\/all4camper.com\/wp-content\/uploads\/2022\/04\/Aqualuna-6-696x391.jpg 696w, https:\/\/all4camper.com\/wp-content\/uploads\/2022\/04\/Aqualuna-6-1068x601.jpg 1068w\" sizes=\"auto, (max-width: 1170px) 100vw, 1170px\" \/><\/figure>\n\n\n\n<figure class=\"wp-block-image size-full\"><img loading=\"lazy\" decoding=\"async\" width=\"1170\" height=\"658\" data-id=\"139910\" src=\"https:\/\/all4camper.com\/\/wp-content\/uploads\/2022\/04\/Kamp-Natura-4.jpg\" alt=\"\" class=\"wp-image-139910\" srcset=\"https:\/\/all4camper.com\/wp-content\/uploads\/2022\/04\/Kamp-Natura-4.jpg 1170w, https:\/\/all4camper.com\/wp-content\/uploads\/2022\/04\/Kamp-Natura-4-300x169.jpg 300w, https:\/\/all4camper.com\/wp-content\/uploads\/2022\/04\/Kamp-Natura-4-150x84.jpg 150w, https:\/\/all4camper.com\/wp-content\/uploads\/2022\/04\/Kamp-Natura-4-768x432.jpg 768w, https:\/\/all4camper.com\/wp-content\/uploads\/2022\/04\/Kamp-Natura-4-696x391.jpg 696w, https:\/\/all4camper.com\/wp-content\/uploads\/2022\/04\/Kamp-Natura-4-1068x601.jpg 1068w\" sizes=\"auto, (max-width: 1170px) 100vw, 1170px\" \/><\/figure>\n\n\n\n<figure class=\"wp-block-image size-full\"><img loading=\"lazy\" decoding=\"async\" width=\"1920\" height=\"1080\" data-id=\"139912\" src=\"https:\/\/all4camper.com\/\/wp-content\/uploads\/2022\/04\/main-camp-natura-terme-olimia-013.jpeg\" alt=\"\" class=\"wp-image-139912\" srcset=\"https:\/\/all4camper.com\/wp-content\/uploads\/2022\/04\/main-camp-natura-terme-olimia-013.jpeg 1920w, https:\/\/all4camper.com\/wp-content\/uploads\/2022\/04\/main-camp-natura-terme-olimia-013-300x169.jpeg 300w, https:\/\/all4camper.com\/wp-content\/uploads\/2022\/04\/main-camp-natura-terme-olimia-013-150x84.jpeg 150w, https:\/\/all4camper.com\/wp-content\/uploads\/2022\/04\/main-camp-natura-terme-olimia-013-768x432.jpeg 768w, https:\/\/all4camper.com\/wp-content\/uploads\/2022\/04\/main-camp-natura-terme-olimia-013-1536x864.jpeg 1536w, https:\/\/all4camper.com\/wp-content\/uploads\/2022\/04\/main-camp-natura-terme-olimia-013-696x392.jpeg 696w, https:\/\/all4camper.com\/wp-content\/uploads\/2022\/04\/main-camp-natura-terme-olimia-013-1068x601.jpeg 1068w\" sizes=\"auto, (max-width: 1920px) 100vw, 1920px\" \/><\/figure>\n\n\n\n<figure class=\"wp-block-image size-full\"><img loading=\"lazy\" decoding=\"async\" width=\"1920\" height=\"1080\" data-id=\"139914\" src=\"https:\/\/all4camper.com\/\/wp-content\/uploads\/2022\/04\/camp-natura-terme-olimia-020.jpeg\" alt=\"\" class=\"wp-image-139914\" srcset=\"https:\/\/all4camper.com\/wp-content\/uploads\/2022\/04\/camp-natura-terme-olimia-020.jpeg 1920w, https:\/\/all4camper.com\/wp-content\/uploads\/2022\/04\/camp-natura-terme-olimia-020-300x169.jpeg 300w, https:\/\/all4camper.com\/wp-content\/uploads\/2022\/04\/camp-natura-terme-olimia-020-150x84.jpeg 150w, https:\/\/all4camper.com\/wp-content\/uploads\/2022\/04\/camp-natura-terme-olimia-020-768x432.jpeg 768w, https:\/\/all4camper.com\/wp-content\/uploads\/2022\/04\/camp-natura-terme-olimia-020-1536x864.jpeg 1536w, https:\/\/all4camper.com\/wp-content\/uploads\/2022\/04\/camp-natura-terme-olimia-020-696x392.jpeg 696w, https:\/\/all4camper.com\/wp-content\/uploads\/2022\/04\/camp-natura-terme-olimia-020-1068x601.jpeg 1068w\" sizes=\"auto, (max-width: 1920px) 100vw, 1920px\" \/><\/figure>\n<\/figure>\n\n\n\n<p>Nechcete-li do kempu a pouze proj\u00ed\u017ed\u00edte, m\u016f\u017eete na denn\u00ed parkov\u00e1n\u00ed vyu\u017e\u00edt parkovi\u0161t\u011b nach\u00e1zej\u00edc\u00ed se p\u0159ed term\u00e1ln\u00edmi l\u00e1zn\u011bmi. Av\u0161ak pozor! Opravdu na n\u011bm nen\u00ed mo\u017en\u00e9 nocovat, i kdy\u017e je pr\u00e1zdn\u00e9. Pokud po p\u016flnoci, kdy se uzav\u0159ou l\u00e1zn\u011b, na n\u011bm budete parkovat, p\u0159ijede policie a budete z n\u011bj vyk\u00e1z\u00e1ni. Osobn\u011b jsem si \u0159\u00edkala, \u017ee je to \u0161koda, nebo\u0165 parkovi\u0161t\u011b je pr\u00e1zdn\u00e9, ale maj\u00ed to tam tak nastaveno. Proto pro nocov\u00e1n\u00ed vyu\u017eijte v\u00fd\u0161e uveden\u00fd kemp nebo alespon parkovi\u0161t\u011b p\u0159ed n\u00edm. Tam nebudete nikomu &#8222;vadit&#8220;. My to nap\u0159\u00edklad d\u011blali tak, \u017ee jste p\u0159es den popojeli campervanem na parkovi\u0161t\u011b u l\u00e1zn\u00ed a ve\u010der se vraceli na parkovi\u0161t\u011b u kempu. <\/p>\n\n\n\n<p>Video z na\u0161\u00ed n\u00e1v\u0161t\u011bvy l\u00e1zn\u00ed, kde v\u00e1m ukazuji jak to v l\u00e1zn\u00edch vypad\u00e1 m\u016f\u017eete shl\u00e9dnout n\u00ed\u017ee. Jen se omlouv\u00e1m za zhor\u0161enou kvalitu zvuku av\u0161ak akustika v l\u00e1zn\u00edch je velmi \u0161patn\u00e1. U\u017eijte si to tam!<\/p>\n\n\n\n<figure class=\"wp-block-embed is-type-video is-provider-youtube wp-block-embed-youtube wp-embed-aspect-16-9 wp-has-aspect-ratio\"><div class=\"wp-block-embed__wrapper\">\n<iframe loading=\"lazy\" title=\"Slovinsko - term\u00e1ln\u00ed l\u00e1zn\u011b Olimia\" width=\"696\" height=\"392\" src=\"https:\/\/www.youtube.com\/embed\/_TTHntZzRK8?feature=oembed\" frameborder=\"0\" allow=\"accelerometer; autoplay; clipboard-write; encrypted-media; gyroscope; picture-in-picture\" allowfullscreen><\/iframe>\n<\/div><\/figure>\n","protected":false},"excerpt":{"rendered":"<p>Na v\u00fdchodn\u00edm Slovinsku, nedaleko chorvatsk\u00fdch hranic, le\u017e\u00ed vesnice Pod\u010dertek, ve kter\u00e9 najdete modern\u00ed term\u00e1ln\u00ed l\u00e1zn\u011b Olimia. A v kombinaci s n\u00e1dhernou okoln\u00ed p\u0159\u00edrodou a opravdu luxusn\u00edm term\u00e1ln\u00edm a saunov\u00fdm sv\u011btem v\u00e1s tam \u010dek\u00e1 par\u00e1dn\u00ed dovolen\u00e1 pln\u00e1 odpo\u010dinku a koup\u00e1n\u00ed. Ostatn\u011b, ne nadarmo pat\u0159\u00ed term\u00e1ln\u00ed l\u00e1zn\u011b Olimia k&nbsp;nejhez\u010d\u00edm v&nbsp;regionu a j\u00e1 je pova\u017euji za jedny z&nbsp;nejromanti\u010dt\u011bj\u0161\u00edch, [&hellip;]<\/p>\n","protected":false},"author":4,"featured_media":139877,"comment_status":"closed","ping_status":"open","sticky":false,"template":"","format":"standard","meta":{"_monsterinsights_skip_tracking":false,"_monsterinsights_sitenote_active":false,"_monsterinsights_sitenote_note":"","_monsterinsights_sitenote_category":0,"footnotes":""},"categories":[2380,422,342],"tags":[227,81],"class_list":{"0":"post-139864","1":"post","2":"type-post","3":"status-publish","4":"format-standard","5":"has-post-thumbnail","7":"category-kempujeme-a-cestujeme-ve-slovinsku","8":"category-novinky-kempovani-a-karavaning","9":"category-termalni-lazne-a-aquaparky-zabavni-parky","10":"tag-slovinsko","11":"tag-termalni-lazne"},"yoast_head":"<!-- This site is optimized with the Yoast SEO plugin v27.5 - https:\/\/yoast.com\/product\/yoast-seo-wordpress\/ -->\n<title>Slovinsk\u00e9 Terme Olimia \u2013 nejromati\u010dt\u011bj\u0161\u00ed term\u00e1ln\u00ed l\u00e1zn\u011b, kter\u00e9 jsem kdy nav\u0161t\u00edvila - All4Camper<\/title>\n<meta name=\"description\" content=\"Na v\u00fdchodn\u00edm Slovinsku, nedaleko chorvatsk\u00fdch hranic, le\u017e\u00ed vesnice Pod\u010dertek, ve kter\u00e9 najdete modern\u00ed term\u00e1ln\u00ed l\u00e1zn\u011b Olimia. A v kombinaci s n\u00e1dhernou okoln\u00ed p\u0159\u00edrodou a opravdu luxusn\u00edm term\u00e1ln\u00edm a saunov\u00fdm sv\u011btem v\u00e1s tam \u010dek\u00e1 par\u00e1dn\u00ed dovolen\u00e1 pln\u00e1 odpo\u010dinku a koup\u00e1n\u00ed. Ostatn\u011b, ne nadarmo pat\u0159\u00ed term\u00e1ln\u00ed l\u00e1zn\u011b Olimia k\u00a0nejhez\u010d\u00edm v\u00a0regionu\" \/>\n<meta name=\"robots\" content=\"index, follow, max-snippet:-1, max-image-preview:large, max-video-preview:-1\" \/>\n<link rel=\"canonical\" href=\"https:\/\/all4camper.com\/cs\/slovinske-terme-olimia-nejromatictejsi-termalni-lazne-ktere-jsem-navstivila\/\" \/>\n<meta property=\"og:locale\" content=\"cs_CZ\" \/>\n<meta property=\"og:type\" content=\"article\" \/>\n<meta property=\"og:title\" content=\"Slovinsk\u00e9 Terme Olimia \u2013 nejromati\u010dt\u011bj\u0161\u00ed term\u00e1ln\u00ed l\u00e1zn\u011b, kter\u00e9 jsem kdy nav\u0161t\u00edvila - All4Camper\" \/>\n<meta property=\"og:description\" content=\"Na v\u00fdchodn\u00edm Slovinsku, nedaleko chorvatsk\u00fdch hranic, le\u017e\u00ed vesnice Pod\u010dertek, ve kter\u00e9 najdete modern\u00ed term\u00e1ln\u00ed l\u00e1zn\u011b Olimia. A v kombinaci s n\u00e1dhernou okoln\u00ed p\u0159\u00edrodou a opravdu luxusn\u00edm term\u00e1ln\u00edm a saunov\u00fdm sv\u011btem v\u00e1s tam \u010dek\u00e1 par\u00e1dn\u00ed dovolen\u00e1 pln\u00e1 odpo\u010dinku a koup\u00e1n\u00ed. Ostatn\u011b, ne nadarmo pat\u0159\u00ed term\u00e1ln\u00ed l\u00e1zn\u011b Olimia k\u00a0nejhez\u010d\u00edm v\u00a0regionu\" \/>\n<meta property=\"og:url\" content=\"https:\/\/all4camper.com\/cs\/slovinske-terme-olimia-nejromatictejsi-termalni-lazne-ktere-jsem-navstivila\/\" \/>\n<meta property=\"og:site_name\" content=\"All4Camper\" \/>\n<meta property=\"article:published_time\" content=\"2022-04-08T06:16:35+00:00\" \/>\n<meta property=\"article:modified_time\" content=\"2022-04-08T08:48:40+00:00\" \/>\n<meta property=\"og:image\" content=\"https:\/\/all4camper.com\/wp-content\/uploads\/2022\/04\/Wellness-Orhidelia-kopie-scaled.jpg\" \/>\n\t<meta property=\"og:image:width\" content=\"2560\" \/>\n\t<meta property=\"og:image:height\" content=\"1707\" \/>\n\t<meta property=\"og:image:type\" content=\"image\/jpeg\" \/>\n<meta name=\"author\" content=\"Kl\u00e1ra H\u00e1jkov\u00e1\" \/>\n<meta name=\"twitter:card\" content=\"summary_large_image\" \/>\n<meta name=\"twitter:label1\" content=\"Napsal(a)\" \/>\n\t<meta name=\"twitter:data1\" content=\"Kl\u00e1ra H\u00e1jkov\u00e1\" \/>\n\t<meta name=\"twitter:label2\" content=\"Odhadovan\u00e1 doba \u010dten\u00ed\" \/>\n\t<meta name=\"twitter:data2\" content=\"8 minut\" \/>\n<script type=\"application\/ld+json\" class=\"yoast-schema-graph\">{\"@context\":\"https:\\\/\\\/schema.org\",\"@graph\":[{\"@type\":\"Article\",\"@id\":\"https:\\\/\\\/all4camper.com\\\/cs\\\/slovinske-terme-olimia-nejromatictejsi-termalni-lazne-ktere-jsem-navstivila\\\/#article\",\"isPartOf\":{\"@id\":\"https:\\\/\\\/all4camper.com\\\/cs\\\/slovinske-terme-olimia-nejromatictejsi-termalni-lazne-ktere-jsem-navstivila\\\/\"},\"author\":{\"name\":\"Kl\u00e1ra H\u00e1jkov\u00e1\",\"@id\":\"https:\\\/\\\/all4camper.com\\\/cs\\\/#\\\/schema\\\/person\\\/c6f1efdf1d02bc7d8c53a891cbe18c62\"},\"headline\":\"Slovinsk\u00e9 Terme Olimia \u2013 nejromati\u010dt\u011bj\u0161\u00ed term\u00e1ln\u00ed l\u00e1zn\u011b, kter\u00e9 jsem kdy nav\u0161t\u00edvila\",\"datePublished\":\"2022-04-08T06:16:35+00:00\",\"dateModified\":\"2022-04-08T08:48:40+00:00\",\"mainEntityOfPage\":{\"@id\":\"https:\\\/\\\/all4camper.com\\\/cs\\\/slovinske-terme-olimia-nejromatictejsi-termalni-lazne-ktere-jsem-navstivila\\\/\"},\"wordCount\":1181,\"publisher\":{\"@id\":\"https:\\\/\\\/all4camper.com\\\/cs\\\/#organization\"},\"image\":{\"@id\":\"https:\\\/\\\/all4camper.com\\\/cs\\\/slovinske-terme-olimia-nejromatictejsi-termalni-lazne-ktere-jsem-navstivila\\\/#primaryimage\"},\"thumbnailUrl\":\"https:\\\/\\\/all4camper.com\\\/wp-content\\\/uploads\\\/2022\\\/04\\\/Wellness-Orhidelia-kopie-scaled.jpg\",\"keywords\":[\"Slovinsko\",\"Term\u00e1ln\u00ed l\u00e1zn\u011b\"],\"articleSection\":[\"Kempujeme a cestujeme ve Slovinsku\",\"Novinky - Kempov\u00e1n\u00ed a karavaning\",\"Term\u00e1ln\u00ed l\u00e1zn\u011b, akvaparky a z\u00e1bavn\u00ed parky\"],\"inLanguage\":\"cs\"},{\"@type\":\"WebPage\",\"@id\":\"https:\\\/\\\/all4camper.com\\\/cs\\\/slovinske-terme-olimia-nejromatictejsi-termalni-lazne-ktere-jsem-navstivila\\\/\",\"url\":\"https:\\\/\\\/all4camper.com\\\/cs\\\/slovinske-terme-olimia-nejromatictejsi-termalni-lazne-ktere-jsem-navstivila\\\/\",\"name\":\"Slovinsk\u00e9 Terme Olimia \u2013 nejromati\u010dt\u011bj\u0161\u00ed term\u00e1ln\u00ed l\u00e1zn\u011b, kter\u00e9 jsem kdy nav\u0161t\u00edvila - All4Camper\",\"isPartOf\":{\"@id\":\"https:\\\/\\\/all4camper.com\\\/cs\\\/#website\"},\"primaryImageOfPage\":{\"@id\":\"https:\\\/\\\/all4camper.com\\\/cs\\\/slovinske-terme-olimia-nejromatictejsi-termalni-lazne-ktere-jsem-navstivila\\\/#primaryimage\"},\"image\":{\"@id\":\"https:\\\/\\\/all4camper.com\\\/cs\\\/slovinske-terme-olimia-nejromatictejsi-termalni-lazne-ktere-jsem-navstivila\\\/#primaryimage\"},\"thumbnailUrl\":\"https:\\\/\\\/all4camper.com\\\/wp-content\\\/uploads\\\/2022\\\/04\\\/Wellness-Orhidelia-kopie-scaled.jpg\",\"datePublished\":\"2022-04-08T06:16:35+00:00\",\"dateModified\":\"2022-04-08T08:48:40+00:00\",\"description\":\"Na v\u00fdchodn\u00edm Slovinsku, nedaleko chorvatsk\u00fdch hranic, le\u017e\u00ed vesnice Pod\u010dertek, ve kter\u00e9 najdete modern\u00ed term\u00e1ln\u00ed l\u00e1zn\u011b Olimia. A v kombinaci s n\u00e1dhernou okoln\u00ed p\u0159\u00edrodou a opravdu luxusn\u00edm term\u00e1ln\u00edm a saunov\u00fdm sv\u011btem v\u00e1s tam \u010dek\u00e1 par\u00e1dn\u00ed dovolen\u00e1 pln\u00e1 odpo\u010dinku a koup\u00e1n\u00ed. Ostatn\u011b, ne nadarmo pat\u0159\u00ed term\u00e1ln\u00ed l\u00e1zn\u011b Olimia k\u00a0nejhez\u010d\u00edm v\u00a0regionu\",\"breadcrumb\":{\"@id\":\"https:\\\/\\\/all4camper.com\\\/cs\\\/slovinske-terme-olimia-nejromatictejsi-termalni-lazne-ktere-jsem-navstivila\\\/#breadcrumb\"},\"inLanguage\":\"cs\",\"potentialAction\":[{\"@type\":\"ReadAction\",\"target\":[\"https:\\\/\\\/all4camper.com\\\/cs\\\/slovinske-terme-olimia-nejromatictejsi-termalni-lazne-ktere-jsem-navstivila\\\/\"]}]},{\"@type\":\"ImageObject\",\"inLanguage\":\"cs\",\"@id\":\"https:\\\/\\\/all4camper.com\\\/cs\\\/slovinske-terme-olimia-nejromatictejsi-termalni-lazne-ktere-jsem-navstivila\\\/#primaryimage\",\"url\":\"https:\\\/\\\/all4camper.com\\\/wp-content\\\/uploads\\\/2022\\\/04\\\/Wellness-Orhidelia-kopie-scaled.jpg\",\"contentUrl\":\"https:\\\/\\\/all4camper.com\\\/wp-content\\\/uploads\\\/2022\\\/04\\\/Wellness-Orhidelia-kopie-scaled.jpg\",\"width\":2560,\"height\":1707,\"caption\":\"ENOTA ARHITEKTI ORHIDELIA PODCETRTEK 2009\"},{\"@type\":\"BreadcrumbList\",\"@id\":\"https:\\\/\\\/all4camper.com\\\/cs\\\/slovinske-terme-olimia-nejromatictejsi-termalni-lazne-ktere-jsem-navstivila\\\/#breadcrumb\",\"itemListElement\":[{\"@type\":\"ListItem\",\"position\":1,\"name\":\"Dom\u016f\",\"item\":\"https:\\\/\\\/all4camper.com\\\/cs\\\/\"},{\"@type\":\"ListItem\",\"position\":2,\"name\":\"Novinky - Kempov\u00e1n\u00ed a karavaning\",\"item\":\"https:\\\/\\\/all4camper.com\\\/cs\\\/category\\\/novinky-kempovani-a-karavaning\\\/\"},{\"@type\":\"ListItem\",\"position\":3,\"name\":\"Slovinsk\u00e9 Terme Olimia \u2013 nejromati\u010dt\u011bj\u0161\u00ed term\u00e1ln\u00ed l\u00e1zn\u011b, kter\u00e9 jsem kdy nav\u0161t\u00edvila\"}]},{\"@type\":\"WebSite\",\"@id\":\"https:\\\/\\\/all4camper.com\\\/cs\\\/#website\",\"url\":\"https:\\\/\\\/all4camper.com\\\/cs\\\/\",\"name\":\"All4Camper\",\"description\":\"Nejv\u011bt\u0161\u00ed online magaz\u00edn o kempov\u00e1n\u00ed a karavaninku. V\u00edce jak 900 \u010dl\u00e1nk\u016f pln\u00fdch rad a tip\u016f o kempech a kempov\u00e1n\u00ed.\",\"publisher\":{\"@id\":\"https:\\\/\\\/all4camper.com\\\/cs\\\/#organization\"},\"potentialAction\":[{\"@type\":\"SearchAction\",\"target\":{\"@type\":\"EntryPoint\",\"urlTemplate\":\"https:\\\/\\\/all4camper.com\\\/cs\\\/?s={search_term_string}\"},\"query-input\":{\"@type\":\"PropertyValueSpecification\",\"valueRequired\":true,\"valueName\":\"search_term_string\"}}],\"inLanguage\":\"cs\"},{\"@type\":\"Organization\",\"@id\":\"https:\\\/\\\/all4camper.com\\\/cs\\\/#organization\",\"name\":\"All4Camper - kempujeme s Kl\u00e1rou\",\"url\":\"https:\\\/\\\/all4camper.com\\\/cs\\\/\",\"logo\":{\"@type\":\"ImageObject\",\"inLanguage\":\"cs\",\"@id\":\"https:\\\/\\\/all4camper.com\\\/cs\\\/#\\\/schema\\\/logo\\\/image\\\/\",\"url\":\"https:\\\/\\\/all4camper.com\\\/wp-content\\\/uploads\\\/2018\\\/09\\\/novelogo.png\",\"contentUrl\":\"https:\\\/\\\/all4camper.com\\\/wp-content\\\/uploads\\\/2018\\\/09\\\/novelogo.png\",\"width\":1520,\"height\":600,\"caption\":\"All4Camper - kempujeme s Kl\u00e1rou\"},\"image\":{\"@id\":\"https:\\\/\\\/all4camper.com\\\/cs\\\/#\\\/schema\\\/logo\\\/image\\\/\"}},{\"@type\":\"Person\",\"@id\":\"https:\\\/\\\/all4camper.com\\\/cs\\\/#\\\/schema\\\/person\\\/c6f1efdf1d02bc7d8c53a891cbe18c62\",\"name\":\"Kl\u00e1ra H\u00e1jkov\u00e1\",\"sameAs\":[\"http:\\\/\\\/www.all4camper.com\"],\"url\":\"https:\\\/\\\/all4camper.com\\\/cs\\\/author\\\/klarinkacestuje1\\\/\"}]}<\/script>\n<!-- \/ Yoast SEO plugin. -->","yoast_head_json":{"title":"Slovinsk\u00e9 Terme Olimia \u2013 nejromati\u010dt\u011bj\u0161\u00ed term\u00e1ln\u00ed l\u00e1zn\u011b, kter\u00e9 jsem kdy nav\u0161t\u00edvila - All4Camper","description":"Na v\u00fdchodn\u00edm Slovinsku, nedaleko chorvatsk\u00fdch hranic, le\u017e\u00ed vesnice Pod\u010dertek, ve kter\u00e9 najdete modern\u00ed term\u00e1ln\u00ed l\u00e1zn\u011b Olimia. A v kombinaci s n\u00e1dhernou okoln\u00ed p\u0159\u00edrodou a opravdu luxusn\u00edm term\u00e1ln\u00edm a saunov\u00fdm sv\u011btem v\u00e1s tam \u010dek\u00e1 par\u00e1dn\u00ed dovolen\u00e1 pln\u00e1 odpo\u010dinku a koup\u00e1n\u00ed. Ostatn\u011b, ne nadarmo pat\u0159\u00ed term\u00e1ln\u00ed l\u00e1zn\u011b Olimia k\u00a0nejhez\u010d\u00edm v\u00a0regionu","robots":{"index":"index","follow":"follow","max-snippet":"max-snippet:-1","max-image-preview":"max-image-preview:large","max-video-preview":"max-video-preview:-1"},"canonical":"https:\/\/all4camper.com\/cs\/slovinske-terme-olimia-nejromatictejsi-termalni-lazne-ktere-jsem-navstivila\/","og_locale":"cs_CZ","og_type":"article","og_title":"Slovinsk\u00e9 Terme Olimia \u2013 nejromati\u010dt\u011bj\u0161\u00ed term\u00e1ln\u00ed l\u00e1zn\u011b, kter\u00e9 jsem kdy nav\u0161t\u00edvila - All4Camper","og_description":"Na v\u00fdchodn\u00edm Slovinsku, nedaleko chorvatsk\u00fdch hranic, le\u017e\u00ed vesnice Pod\u010dertek, ve kter\u00e9 najdete modern\u00ed term\u00e1ln\u00ed l\u00e1zn\u011b Olimia. A v kombinaci s n\u00e1dhernou okoln\u00ed p\u0159\u00edrodou a opravdu luxusn\u00edm term\u00e1ln\u00edm a saunov\u00fdm sv\u011btem v\u00e1s tam \u010dek\u00e1 par\u00e1dn\u00ed dovolen\u00e1 pln\u00e1 odpo\u010dinku a koup\u00e1n\u00ed. Ostatn\u011b, ne nadarmo pat\u0159\u00ed term\u00e1ln\u00ed l\u00e1zn\u011b Olimia k\u00a0nejhez\u010d\u00edm v\u00a0regionu","og_url":"https:\/\/all4camper.com\/cs\/slovinske-terme-olimia-nejromatictejsi-termalni-lazne-ktere-jsem-navstivila\/","og_site_name":"All4Camper","article_published_time":"2022-04-08T06:16:35+00:00","article_modified_time":"2022-04-08T08:48:40+00:00","og_image":[{"width":2560,"height":1707,"url":"https:\/\/all4camper.com\/wp-content\/uploads\/2022\/04\/Wellness-Orhidelia-kopie-scaled.jpg","type":"image\/jpeg"}],"author":"Kl\u00e1ra H\u00e1jkov\u00e1","twitter_card":"summary_large_image","twitter_misc":{"Napsal(a)":"Kl\u00e1ra H\u00e1jkov\u00e1","Odhadovan\u00e1 doba \u010dten\u00ed":"8 minut"},"schema":{"@context":"https:\/\/schema.org","@graph":[{"@type":"Article","@id":"https:\/\/all4camper.com\/cs\/slovinske-terme-olimia-nejromatictejsi-termalni-lazne-ktere-jsem-navstivila\/#article","isPartOf":{"@id":"https:\/\/all4camper.com\/cs\/slovinske-terme-olimia-nejromatictejsi-termalni-lazne-ktere-jsem-navstivila\/"},"author":{"name":"Kl\u00e1ra H\u00e1jkov\u00e1","@id":"https:\/\/all4camper.com\/cs\/#\/schema\/person\/c6f1efdf1d02bc7d8c53a891cbe18c62"},"headline":"Slovinsk\u00e9 Terme Olimia \u2013 nejromati\u010dt\u011bj\u0161\u00ed term\u00e1ln\u00ed l\u00e1zn\u011b, kter\u00e9 jsem kdy nav\u0161t\u00edvila","datePublished":"2022-04-08T06:16:35+00:00","dateModified":"2022-04-08T08:48:40+00:00","mainEntityOfPage":{"@id":"https:\/\/all4camper.com\/cs\/slovinske-terme-olimia-nejromatictejsi-termalni-lazne-ktere-jsem-navstivila\/"},"wordCount":1181,"publisher":{"@id":"https:\/\/all4camper.com\/cs\/#organization"},"image":{"@id":"https:\/\/all4camper.com\/cs\/slovinske-terme-olimia-nejromatictejsi-termalni-lazne-ktere-jsem-navstivila\/#primaryimage"},"thumbnailUrl":"https:\/\/all4camper.com\/wp-content\/uploads\/2022\/04\/Wellness-Orhidelia-kopie-scaled.jpg","keywords":["Slovinsko","Term\u00e1ln\u00ed l\u00e1zn\u011b"],"articleSection":["Kempujeme a cestujeme ve Slovinsku","Novinky - Kempov\u00e1n\u00ed a karavaning","Term\u00e1ln\u00ed l\u00e1zn\u011b, akvaparky a z\u00e1bavn\u00ed parky"],"inLanguage":"cs"},{"@type":"WebPage","@id":"https:\/\/all4camper.com\/cs\/slovinske-terme-olimia-nejromatictejsi-termalni-lazne-ktere-jsem-navstivila\/","url":"https:\/\/all4camper.com\/cs\/slovinske-terme-olimia-nejromatictejsi-termalni-lazne-ktere-jsem-navstivila\/","name":"Slovinsk\u00e9 Terme Olimia \u2013 nejromati\u010dt\u011bj\u0161\u00ed term\u00e1ln\u00ed l\u00e1zn\u011b, kter\u00e9 jsem kdy nav\u0161t\u00edvila - All4Camper","isPartOf":{"@id":"https:\/\/all4camper.com\/cs\/#website"},"primaryImageOfPage":{"@id":"https:\/\/all4camper.com\/cs\/slovinske-terme-olimia-nejromatictejsi-termalni-lazne-ktere-jsem-navstivila\/#primaryimage"},"image":{"@id":"https:\/\/all4camper.com\/cs\/slovinske-terme-olimia-nejromatictejsi-termalni-lazne-ktere-jsem-navstivila\/#primaryimage"},"thumbnailUrl":"https:\/\/all4camper.com\/wp-content\/uploads\/2022\/04\/Wellness-Orhidelia-kopie-scaled.jpg","datePublished":"2022-04-08T06:16:35+00:00","dateModified":"2022-04-08T08:48:40+00:00","description":"Na v\u00fdchodn\u00edm Slovinsku, nedaleko chorvatsk\u00fdch hranic, le\u017e\u00ed vesnice Pod\u010dertek, ve kter\u00e9 najdete modern\u00ed term\u00e1ln\u00ed l\u00e1zn\u011b Olimia. A v kombinaci s n\u00e1dhernou okoln\u00ed p\u0159\u00edrodou a opravdu luxusn\u00edm term\u00e1ln\u00edm a saunov\u00fdm sv\u011btem v\u00e1s tam \u010dek\u00e1 par\u00e1dn\u00ed dovolen\u00e1 pln\u00e1 odpo\u010dinku a koup\u00e1n\u00ed. Ostatn\u011b, ne nadarmo pat\u0159\u00ed term\u00e1ln\u00ed l\u00e1zn\u011b Olimia k\u00a0nejhez\u010d\u00edm v\u00a0regionu","breadcrumb":{"@id":"https:\/\/all4camper.com\/cs\/slovinske-terme-olimia-nejromatictejsi-termalni-lazne-ktere-jsem-navstivila\/#breadcrumb"},"inLanguage":"cs","potentialAction":[{"@type":"ReadAction","target":["https:\/\/all4camper.com\/cs\/slovinske-terme-olimia-nejromatictejsi-termalni-lazne-ktere-jsem-navstivila\/"]}]},{"@type":"ImageObject","inLanguage":"cs","@id":"https:\/\/all4camper.com\/cs\/slovinske-terme-olimia-nejromatictejsi-termalni-lazne-ktere-jsem-navstivila\/#primaryimage","url":"https:\/\/all4camper.com\/wp-content\/uploads\/2022\/04\/Wellness-Orhidelia-kopie-scaled.jpg","contentUrl":"https:\/\/all4camper.com\/wp-content\/uploads\/2022\/04\/Wellness-Orhidelia-kopie-scaled.jpg","width":2560,"height":1707,"caption":"ENOTA ARHITEKTI ORHIDELIA PODCETRTEK 2009"},{"@type":"BreadcrumbList","@id":"https:\/\/all4camper.com\/cs\/slovinske-terme-olimia-nejromatictejsi-termalni-lazne-ktere-jsem-navstivila\/#breadcrumb","itemListElement":[{"@type":"ListItem","position":1,"name":"Dom\u016f","item":"https:\/\/all4camper.com\/cs\/"},{"@type":"ListItem","position":2,"name":"Novinky - Kempov\u00e1n\u00ed a karavaning","item":"https:\/\/all4camper.com\/cs\/category\/novinky-kempovani-a-karavaning\/"},{"@type":"ListItem","position":3,"name":"Slovinsk\u00e9 Terme Olimia \u2013 nejromati\u010dt\u011bj\u0161\u00ed term\u00e1ln\u00ed l\u00e1zn\u011b, kter\u00e9 jsem kdy nav\u0161t\u00edvila"}]},{"@type":"WebSite","@id":"https:\/\/all4camper.com\/cs\/#website","url":"https:\/\/all4camper.com\/cs\/","name":"All4Camper","description":"Nejv\u011bt\u0161\u00ed online magaz\u00edn o kempov\u00e1n\u00ed a karavaninku. V\u00edce jak 900 \u010dl\u00e1nk\u016f pln\u00fdch rad a tip\u016f o kempech a kempov\u00e1n\u00ed.","publisher":{"@id":"https:\/\/all4camper.com\/cs\/#organization"},"potentialAction":[{"@type":"SearchAction","target":{"@type":"EntryPoint","urlTemplate":"https:\/\/all4camper.com\/cs\/?s={search_term_string}"},"query-input":{"@type":"PropertyValueSpecification","valueRequired":true,"valueName":"search_term_string"}}],"inLanguage":"cs"},{"@type":"Organization","@id":"https:\/\/all4camper.com\/cs\/#organization","name":"All4Camper - kempujeme s Kl\u00e1rou","url":"https:\/\/all4camper.com\/cs\/","logo":{"@type":"ImageObject","inLanguage":"cs","@id":"https:\/\/all4camper.com\/cs\/#\/schema\/logo\/image\/","url":"https:\/\/all4camper.com\/wp-content\/uploads\/2018\/09\/novelogo.png","contentUrl":"https:\/\/all4camper.com\/wp-content\/uploads\/2018\/09\/novelogo.png","width":1520,"height":600,"caption":"All4Camper - kempujeme s Kl\u00e1rou"},"image":{"@id":"https:\/\/all4camper.com\/cs\/#\/schema\/logo\/image\/"}},{"@type":"Person","@id":"https:\/\/all4camper.com\/cs\/#\/schema\/person\/c6f1efdf1d02bc7d8c53a891cbe18c62","name":"Kl\u00e1ra H\u00e1jkov\u00e1","sameAs":["http:\/\/www.all4camper.com"],"url":"https:\/\/all4camper.com\/cs\/author\/klarinkacestuje1\/"}]}},"_links":{"self":[{"href":"https:\/\/all4camper.com\/cs\/wp-json\/wp\/v2\/posts\/139864","targetHints":{"allow":["GET"]}}],"collection":[{"href":"https:\/\/all4camper.com\/cs\/wp-json\/wp\/v2\/posts"}],"about":[{"href":"https:\/\/all4camper.com\/cs\/wp-json\/wp\/v2\/types\/post"}],"author":[{"embeddable":true,"href":"https:\/\/all4camper.com\/cs\/wp-json\/wp\/v2\/users\/4"}],"replies":[{"embeddable":true,"href":"https:\/\/all4camper.com\/cs\/wp-json\/wp\/v2\/comments?post=139864"}],"version-history":[{"count":0,"href":"https:\/\/all4camper.com\/cs\/wp-json\/wp\/v2\/posts\/139864\/revisions"}],"wp:featuredmedia":[{"embeddable":true,"href":"https:\/\/all4camper.com\/cs\/wp-json\/wp\/v2\/media\/139877"}],"wp:attachment":[{"href":"https:\/\/all4camper.com\/cs\/wp-json\/wp\/v2\/media?parent=139864"}],"wp:term":[{"taxonomy":"category","embeddable":true,"href":"https:\/\/all4camper.com\/cs\/wp-json\/wp\/v2\/categories?post=139864"},{"taxonomy":"post_tag","embeddable":true,"href":"https:\/\/all4camper.com\/cs\/wp-json\/wp\/v2\/tags?post=139864"}],"curies":[{"name":"wp","href":"https:\/\/api.w.org\/{rel}","templated":true}]}}