{"id":139680,"date":"2022-03-09T09:24:10","date_gmt":"2022-03-09T08:24:10","guid":{"rendered":"https:\/\/all4camper.com\/\/?p=139680"},"modified":"2022-12-13T11:03:14","modified_gmt":"2022-12-13T10:03:14","slug":"karavanem-na-stellplatz-a-do-adrspassko-teplickych-skal","status":"publish","type":"post","link":"https:\/\/all4camper.com\/cs\/karavanem-na-stellplatz-a-do-adrspassko-teplickych-skal\/","title":{"rendered":"Karavanem na stellplatz a do Adr\u0161pa\u0161sko-teplick\u00fdch skal"},"content":{"rendered":"\n<p><strong>N\u00e1rodn\u00ed p\u0159\u00edrodn\u00ed rezervace Adr\u0161pa\u0161sko-teplick\u00e9 sk\u00e1ly v&nbsp;Kr\u00e1lovehradeck\u00e9m kraji je skv\u011bl\u00fdm m\u00edstem, kam vyrazit za turistikou do jedine\u010dn\u00e9 oblasti skaln\u00edho m\u011bsta. Na sv\u00e9 n\u00e1v\u0161t\u011bvn\u00edky tu \u010dekaj\u00ed tis\u00edce skaln\u00edch v\u011b\u017e\u00ed, vodop\u00e1d, zatopen\u00fd p\u00edskovcov\u00fd lom i plavba na pramici. A vyrazit sem m\u016f\u017eete i s&nbsp;karavanem nebo obytn\u00fdm vozem.<\/strong><\/p>\n\n\n\n<figure class=\"wp-block-image size-large\"><img loading=\"lazy\" decoding=\"async\" width=\"1920\" height=\"1078\" src=\"https:\/\/all4camper.com\/\/wp-content\/uploads\/2022\/03\/DJI_0257-1-1920x1078.jpg\" alt=\"\" class=\"wp-image-139681\" srcset=\"https:\/\/all4camper.com\/wp-content\/uploads\/2022\/03\/DJI_0257-1-1920x1078.jpg 1920w, https:\/\/all4camper.com\/wp-content\/uploads\/2022\/03\/DJI_0257-1-300x168.jpg 300w, https:\/\/all4camper.com\/wp-content\/uploads\/2022\/03\/DJI_0257-1-150x84.jpg 150w, https:\/\/all4camper.com\/wp-content\/uploads\/2022\/03\/DJI_0257-1-768x431.jpg 768w, https:\/\/all4camper.com\/wp-content\/uploads\/2022\/03\/DJI_0257-1-1536x863.jpg 1536w, https:\/\/all4camper.com\/wp-content\/uploads\/2022\/03\/DJI_0257-1-2048x1150.jpg 2048w, https:\/\/all4camper.com\/wp-content\/uploads\/2022\/03\/DJI_0257-1-696x391.jpg 696w, https:\/\/all4camper.com\/wp-content\/uploads\/2022\/03\/DJI_0257-1-1068x600.jpg 1068w\" sizes=\"auto, (max-width: 1920px) 100vw, 1920px\" \/><\/figure>\n\n\n\n<p>Pro cestovatele s&nbsp;karavanem \u010di obytn\u00fdm vozem byl v&nbsp;roce 2018 otev\u0159en nov\u00fd, a dnes ji\u017e mezi karavanisty zn\u00e1m\u00fd a obl\u00edben\u00fd, <strong><a href=\"https:\/\/www.stellplatz.cz\/caravanparking-adrspach\/\" target=\"_blank\" rel=\"noreferrer noopener\">Stellplatz Adr\u0161pach<\/a> (Caravanparking Adr\u0161pach)<\/strong> v&nbsp;Teplic\u00edch nad Metuj\u00ed, kter\u00fd se nach\u00e1z\u00ed asi 800 metr\u016f od vstupu do N\u00e1rodn\u00ed p\u0159\u00edrodn\u00ed rezervace Adr\u0161pa\u0161sko-teplick\u00e9 sk\u00e1ly a nedaleko vlakov\u00e9 zast\u00e1vky. Cena za st\u00e1n\u00ed, v\u010detn\u011b v\u0161ech slu\u017eeb, je cca 450 K\u010d za 24 hodin a plat\u00ed se p\u0159i p\u0159\u00edjezdu v&nbsp;parkovac\u00edm automatu, p\u0159i\u010dem\u017e je mo\u017en\u00e9 platit i kartou. Nutno dodat, \u017ee v\u0161echny pozemky v&nbsp;n\u011bm jsou pe\u010dliv\u011b udr\u017eovan\u00e9, nechyb\u00ed u nich elektrick\u00e9 p\u0159\u00edpojky a u samotn\u00e9ho v\u00fdjezdu najdete tak\u00e9 servisn\u00ed m\u00edsto, kde je mo\u017en\u00e9 vyl\u00edt chemick\u00e9 WC a \u0161edou vodu. <strong>Novinkou tohoto stellplatzu je mo\u017enost celoro\u010dn\u00edho dopu\u0161t\u011bn\u00ed pitn\u00e9 vody, co\u017e uv\u00edtaj\u00ed n\u00e1v\u0161t\u011bvn\u00edci zejm\u00e9na v&nbsp;zim\u011b, kdy ne ka\u017ed\u00e9 karavanov\u00e9 st\u00e1n\u00ed \u010di kemp tuto slu\u017ebu kv\u016fli mrazu umo\u017e\u0148uje.<\/strong><\/p>\n\n\n\n<figure class=\"wp-block-gallery has-nested-images columns-2 is-cropped wp-block-gallery-1 is-layout-flex wp-block-gallery-is-layout-flex\">\n<figure class=\"wp-block-image size-large\"><img loading=\"lazy\" decoding=\"async\" width=\"1440\" height=\"1080\" data-id=\"139683\" src=\"https:\/\/all4camper.com\/\/wp-content\/uploads\/2022\/03\/IMG_6184-1440x1080.jpg\" alt=\"\" class=\"wp-image-139683\" srcset=\"https:\/\/all4camper.com\/wp-content\/uploads\/2022\/03\/IMG_6184-1440x1080.jpg 1440w, https:\/\/all4camper.com\/wp-content\/uploads\/2022\/03\/IMG_6184-300x225.jpg 300w, https:\/\/all4camper.com\/wp-content\/uploads\/2022\/03\/IMG_6184-150x113.jpg 150w, https:\/\/all4camper.com\/wp-content\/uploads\/2022\/03\/IMG_6184-768x576.jpg 768w, https:\/\/all4camper.com\/wp-content\/uploads\/2022\/03\/IMG_6184-1536x1152.jpg 1536w, https:\/\/all4camper.com\/wp-content\/uploads\/2022\/03\/IMG_6184-2048x1536.jpg 2048w, https:\/\/all4camper.com\/wp-content\/uploads\/2022\/03\/IMG_6184-696x522.jpg 696w, https:\/\/all4camper.com\/wp-content\/uploads\/2022\/03\/IMG_6184-1068x801.jpg 1068w, https:\/\/all4camper.com\/wp-content\/uploads\/2022\/03\/IMG_6184-1920x1440.jpg 1920w\" sizes=\"auto, (max-width: 1440px) 100vw, 1440px\" \/><\/figure>\n\n\n\n<figure class=\"wp-block-image size-large\"><img loading=\"lazy\" decoding=\"async\" width=\"1280\" height=\"720\" data-id=\"139693\" src=\"https:\/\/all4camper.com\/\/wp-content\/uploads\/2022\/03\/stellplatz-adrs\u030cpach-2.jpeg\" alt=\"\" class=\"wp-image-139693\" srcset=\"https:\/\/all4camper.com\/wp-content\/uploads\/2022\/03\/stellplatz-adrs\u030cpach-2.jpeg 1280w, https:\/\/all4camper.com\/wp-content\/uploads\/2022\/03\/stellplatz-adrs\u030cpach-2-300x169.jpeg 300w, https:\/\/all4camper.com\/wp-content\/uploads\/2022\/03\/stellplatz-adrs\u030cpach-2-150x84.jpeg 150w, https:\/\/all4camper.com\/wp-content\/uploads\/2022\/03\/stellplatz-adrs\u030cpach-2-768x432.jpeg 768w, https:\/\/all4camper.com\/wp-content\/uploads\/2022\/03\/stellplatz-adrs\u030cpach-2-696x392.jpeg 696w, https:\/\/all4camper.com\/wp-content\/uploads\/2022\/03\/stellplatz-adrs\u030cpach-2-1068x601.jpeg 1068w\" sizes=\"auto, (max-width: 1280px) 100vw, 1280px\" \/><\/figure>\n\n\n\n<figure class=\"wp-block-image size-large\"><img loading=\"lazy\" decoding=\"async\" width=\"1280\" height=\"720\" data-id=\"139691\" src=\"https:\/\/all4camper.com\/\/wp-content\/uploads\/2022\/03\/stellplatz-adrs\u030cpach.jpeg\" alt=\"\" class=\"wp-image-139691\" srcset=\"https:\/\/all4camper.com\/wp-content\/uploads\/2022\/03\/stellplatz-adrs\u030cpach.jpeg 1280w, https:\/\/all4camper.com\/wp-content\/uploads\/2022\/03\/stellplatz-adrs\u030cpach-300x169.jpeg 300w, https:\/\/all4camper.com\/wp-content\/uploads\/2022\/03\/stellplatz-adrs\u030cpach-150x84.jpeg 150w, https:\/\/all4camper.com\/wp-content\/uploads\/2022\/03\/stellplatz-adrs\u030cpach-768x432.jpeg 768w, https:\/\/all4camper.com\/wp-content\/uploads\/2022\/03\/stellplatz-adrs\u030cpach-696x392.jpeg 696w, https:\/\/all4camper.com\/wp-content\/uploads\/2022\/03\/stellplatz-adrs\u030cpach-1068x601.jpeg 1068w\" sizes=\"auto, (max-width: 1280px) 100vw, 1280px\" \/><\/figure>\n<\/figure>\n\n\n\n<p>Dal\u0161\u00ed p\u0159\u00edjemnou zpr\u00e1vou je fakt, \u017ee stellplatz je po cel\u00fd den pod kamerov\u00fdm dohledem a oplocen. D\u00edky tomu tu maj\u00ed karavanist\u00e9 zaru\u010denou vy\u0161\u0161\u00ed bezpe\u010dnost. Stellplatz je samoz\u0159ejm\u011b samoobslu\u017en\u00fd a m\u016f\u017eete do n\u011bj p\u0159ijet kdykoliv p\u0159es den i v&nbsp;noci. Platebn\u00ed automat najdete u vodovodn\u00edho kohoutku s&nbsp;pitnou vodou.<\/p>\n\n\n\n<p><strong>V\u00fdhodou je i samotn\u00e1 poloha st\u00e1n\u00ed<\/strong>, nebo\u0165 umo\u017e\u0148uje mnoho dal\u0161\u00edch v\u00fdlet\u016f (jak p\u011b\u0161ky, tak na kole) po okol\u00ed i do samotn\u00e9ho m\u011bsta, kde najdete nap\u0159\u00edklad vinot\u00e9ku, obchod s&nbsp;potravinami nebo vynikaj\u00edc\u00ed restauraci nach\u00e1zej\u00edc\u00ed se v&nbsp;hotelu St\u0159elnice.<\/p>\n\n\n\n<h2 class=\"wp-block-heading\"><strong>Z&nbsp;kempu rovnou na n\u00e1v\u0161t\u011bvu skaln\u00edch m\u011bst<\/strong><\/h2>\n\n\n\n<p>Oblast adr\u0161pa\u0161sko-teplick\u00fdch skal pat\u0159\u00ed k&nbsp;turisticky nejvyhled\u00e1van\u011bj\u0161\u00edm p\u0159\u00edrodn\u00edm m\u00edst\u016fm v&nbsp;\u010cesk\u00e9 republiky. Nen\u00ed se \u010demu divit. Nab\u00edz\u00ed toti\u017e tis\u00edce majest\u00e1tn\u00fdch skaln\u00edch v\u011b\u017e\u00ed a dechberouc\u00ed p\u0159\u00edrodu, kam se prvn\u00ed turist\u00e9 vyd\u00e1vali u\u017e v&nbsp;osmn\u00e1ct\u00e9m stolet\u00ed. I dnes v\u00e1s tu \u010dek\u00e1 turistick\u00fd okruh a ve st\u00ednu skal se m\u016f\u017eete schovat ve st\u00ednu v&nbsp;hork\u00fdch letn\u00edch dnech. Pokud chcete trochu netradi\u010dn\u00ed z\u00e1\u017eitek, m\u016f\u017eete se tu t\u0159eba projet na pramici po jez\u00edrku, kde se v&nbsp;minulosti splavovaly pok\u00e1cen\u00e9 stromy.<\/p>\n\n\n\n<figure class=\"wp-block-gallery has-nested-images columns-2 is-cropped wp-block-gallery-2 is-layout-flex wp-block-gallery-is-layout-flex\">\n<figure class=\"wp-block-image size-large\"><img loading=\"lazy\" decoding=\"async\" width=\"1440\" height=\"1080\" data-id=\"139685\" src=\"https:\/\/all4camper.com\/\/wp-content\/uploads\/2022\/03\/IMG_6158-1440x1080.jpeg\" alt=\"\" class=\"wp-image-139685\" srcset=\"https:\/\/all4camper.com\/wp-content\/uploads\/2022\/03\/IMG_6158-1440x1080.jpeg 1440w, https:\/\/all4camper.com\/wp-content\/uploads\/2022\/03\/IMG_6158-300x225.jpeg 300w, https:\/\/all4camper.com\/wp-content\/uploads\/2022\/03\/IMG_6158-150x113.jpeg 150w, https:\/\/all4camper.com\/wp-content\/uploads\/2022\/03\/IMG_6158-768x576.jpeg 768w, https:\/\/all4camper.com\/wp-content\/uploads\/2022\/03\/IMG_6158-1536x1152.jpeg 1536w, https:\/\/all4camper.com\/wp-content\/uploads\/2022\/03\/IMG_6158-2048x1536.jpeg 2048w, https:\/\/all4camper.com\/wp-content\/uploads\/2022\/03\/IMG_6158-696x522.jpeg 696w, https:\/\/all4camper.com\/wp-content\/uploads\/2022\/03\/IMG_6158-1068x801.jpeg 1068w, https:\/\/all4camper.com\/wp-content\/uploads\/2022\/03\/IMG_6158-1920x1440.jpeg 1920w\" sizes=\"auto, (max-width: 1440px) 100vw, 1440px\" \/><\/figure>\n\n\n\n<figure class=\"wp-block-image size-large\"><img loading=\"lazy\" decoding=\"async\" width=\"1440\" height=\"1080\" data-id=\"139689\" src=\"https:\/\/all4camper.com\/\/wp-content\/uploads\/2022\/03\/IMG_6172-1440x1080.jpeg\" alt=\"\" class=\"wp-image-139689\" srcset=\"https:\/\/all4camper.com\/wp-content\/uploads\/2022\/03\/IMG_6172-1440x1080.jpeg 1440w, https:\/\/all4camper.com\/wp-content\/uploads\/2022\/03\/IMG_6172-300x225.jpeg 300w, https:\/\/all4camper.com\/wp-content\/uploads\/2022\/03\/IMG_6172-150x113.jpeg 150w, https:\/\/all4camper.com\/wp-content\/uploads\/2022\/03\/IMG_6172-768x576.jpeg 768w, https:\/\/all4camper.com\/wp-content\/uploads\/2022\/03\/IMG_6172-1536x1152.jpeg 1536w, https:\/\/all4camper.com\/wp-content\/uploads\/2022\/03\/IMG_6172-2048x1536.jpeg 2048w, https:\/\/all4camper.com\/wp-content\/uploads\/2022\/03\/IMG_6172-696x522.jpeg 696w, https:\/\/all4camper.com\/wp-content\/uploads\/2022\/03\/IMG_6172-1068x801.jpeg 1068w, https:\/\/all4camper.com\/wp-content\/uploads\/2022\/03\/IMG_6172-1920x1440.jpeg 1920w\" sizes=\"auto, (max-width: 1440px) 100vw, 1440px\" \/><\/figure>\n\n\n\n<figure class=\"wp-block-image size-large\"><img loading=\"lazy\" decoding=\"async\" width=\"1440\" height=\"1080\" data-id=\"139687\" src=\"https:\/\/all4camper.com\/\/wp-content\/uploads\/2022\/03\/IMG_6165-1440x1080.jpeg\" alt=\"\" class=\"wp-image-139687\" srcset=\"https:\/\/all4camper.com\/wp-content\/uploads\/2022\/03\/IMG_6165-1440x1080.jpeg 1440w, https:\/\/all4camper.com\/wp-content\/uploads\/2022\/03\/IMG_6165-300x225.jpeg 300w, https:\/\/all4camper.com\/wp-content\/uploads\/2022\/03\/IMG_6165-150x113.jpeg 150w, https:\/\/all4camper.com\/wp-content\/uploads\/2022\/03\/IMG_6165-768x576.jpeg 768w, https:\/\/all4camper.com\/wp-content\/uploads\/2022\/03\/IMG_6165-1536x1152.jpeg 1536w, https:\/\/all4camper.com\/wp-content\/uploads\/2022\/03\/IMG_6165-2048x1536.jpeg 2048w, https:\/\/all4camper.com\/wp-content\/uploads\/2022\/03\/IMG_6165-696x522.jpeg 696w, https:\/\/all4camper.com\/wp-content\/uploads\/2022\/03\/IMG_6165-1068x801.jpeg 1068w, https:\/\/all4camper.com\/wp-content\/uploads\/2022\/03\/IMG_6165-1920x1440.jpeg 1920w\" sizes=\"auto, (max-width: 1440px) 100vw, 1440px\" \/><\/figure>\n<\/figure>\n\n\n\n<p><strong>Vstupenky do Adr\u0161pa\u0161sk\u00fdch skal je nyn\u00ed nov\u011b mo\u017en\u00e9 zakoupit online (odkaz <a href=\"https:\/\/www.adrspasskeskaly.cz\/online-vstupenky\/\" target=\"_blank\" rel=\"noreferrer noopener\">zde<\/a>).<\/strong> V&nbsp;rezerva\u010dn\u00edm syst\u00e9mu si z&nbsp;pohodl\u00ed domova vyberete datum a \u010das p\u0159\u00edjezdu. Po vstupu do are\u00e1lu v&nbsp;ur\u010denou hodinu u\u017e v\u0161ak nejste limitov\u00e1ni t\u00edm, kdy mus\u00edte skaln\u00ed m\u011bsto opustit, a m\u016f\u017eete jeho prohl\u00eddce v\u011bnovat dostatek \u010dasu. Nov\u00fd rezerva\u010dn\u00ed syst\u00e9m m\u00e1 uleh\u010dit doprav\u011b a n\u00e1v\u0161t\u011bvnosti skal v&nbsp;nejvyt\u00ed\u017een\u011bj\u0161\u00edch hodin\u00e1ch, d\u00edky \u010demu\u017e si budete moct p\u0159\u00edrodn\u00ed rezervaci proj\u00edt v&nbsp;mnohem v\u011bt\u0161\u00edm klidu.<\/p>\n\n\n\n<p>Pokud se ji\u017e v&nbsp;t\u00e9to oblasti budete pohybovat, nenechte si krom\u011b Adr\u0161pachu uj\u00edt ani <strong>skaln\u00ed m\u011bsto Teplick\u00e9 sk\u00e1ly<\/strong>. Zdej\u0161\u00ed okruh vede po modr\u00e9 turistick\u00e9 zna\u010dce a m\u011b\u0159\u00ed p\u0159ibli\u017en\u011b 6 kilometr\u016f. Na jeho zdol\u00e1n\u00ed se doporu\u010duje po\u010d\u00edtat s&nbsp;dv\u011bma a\u017e t\u0159emi hodinami. V&nbsp;Teplick\u00fdch skal\u00e1ch se tak\u00e9 nach\u00e1z\u00ed z\u0159\u00edcenina st\u0159edov\u011bk\u00e9ho str\u00e1\u017en\u00edho hradu St\u0159men, ke kter\u00e9mu sice vede p\u0159\u00edkr\u00e9 schodi\u0161t\u011b, ale za to si tu u\u017eijete \u00fachvatn\u00fd v\u00fdhled. Dal\u0161\u00edm zaj\u00edmav\u00fdm m\u00edstem v&nbsp;Teplick\u00fdch skal\u00e1ch jsou Chr\u00e1mov\u00e9 st\u011bny, ve kter\u00fdch se nach\u00e1z\u00ed nejrozs\u00e1hlej\u0161\u00ed jeskynn\u00ed labyrint ve st\u0159edn\u00ed Evrop\u011b.<\/p>\n\n\n\n<p>V&nbsp;bl\u00edzkosti Teplic nad Metuj\u00ed pak najdete je\u0161t\u011b <strong>Jir\u00e1skovy sk\u00e1ly<\/strong>, kter\u00e9 jsou rozd\u011bleny na dv\u011b \u010d\u00e1sti a odd\u011bluje je silnice a mal\u00fd barokn\u00ed z\u00e1me\u010dek. Jeden \u00fasek se ty\u010d\u00ed nad \u010cern\u00fdm jez\u00edrkem a obklopuje poz\u016fstatky b\u00fdval\u00e9ho st\u0159edov\u011bk\u00e9ho hradu ze \u010dtrn\u00e1ct\u00e9ho stolet\u00ed Sk\u00e1ly (Bischofstein), kde se odehr\u00e1v\u00e1 d\u011bj stejnojmenn\u00e9ho rom\u00e1nu Aloise Jir\u00e1ska, po n\u011bm\u017e se cel\u00e1 oblast jmenuje. Druh\u00e1 \u010d\u00e1st Jir\u00e1skov\u00fdch skal se nach\u00e1z\u00ed okolo vrcholku kopce \u010c\u00e1p (785 m). Jir\u00e1skov\u00fdmi skalami vede n\u011bkolik turistick\u00fdch stezek a cyklostezka \u010d. 4036.<\/p>\n\n\n\n<pre class=\"wp-block-verse\">Dal\u0161\u00ed tipy na v\u00fdlety v okol\u00ed najdete na <a href=\"https:\/\/www.kudyznudy.cz\/\" target=\"_blank\" rel=\"noreferrer noopener\">Kudy z nudy.cz<\/a>. <\/pre>\n","protected":false},"excerpt":{"rendered":"<p>N\u00e1rodn\u00ed p\u0159\u00edrodn\u00ed rezervace Adr\u0161pa\u0161sko-teplick\u00e9 sk\u00e1ly v&nbsp;Kr\u00e1lovehradeck\u00e9m kraji je skv\u011bl\u00fdm m\u00edstem, kam vyrazit za turistikou do jedine\u010dn\u00e9 oblasti skaln\u00edho m\u011bsta. Na sv\u00e9 n\u00e1v\u0161t\u011bvn\u00edky tu \u010dekaj\u00ed tis\u00edce skaln\u00edch v\u011b\u017e\u00ed, vodop\u00e1d, zatopen\u00fd p\u00edskovcov\u00fd lom i plavba na pramici. A vyrazit sem m\u016f\u017eete i s&nbsp;karavanem nebo obytn\u00fdm vozem. Pro cestovatele s&nbsp;karavanem \u010di obytn\u00fdm vozem byl v&nbsp;roce 2018 otev\u0159en nov\u00fd, [&hellip;]<\/p>\n","protected":false},"author":4,"featured_media":139691,"comment_status":"closed","ping_status":"open","sticky":false,"template":"","format":"standard","meta":{"_monsterinsights_skip_tracking":false,"_monsterinsights_sitenote_active":false,"_monsterinsights_sitenote_note":"","_monsterinsights_sitenote_category":0,"footnotes":""},"categories":[364,68,422,11224],"tags":[100,437,101,325],"class_list":{"0":"post-139680","1":"post","2":"type-post","3":"status-publish","4":"format-standard","5":"has-post-thumbnail","7":"category-cestujeme-a-kempujeme-v-cr","8":"category-kempovani-a-zajimave-cile","9":"category-novinky-kempovani-a-karavaning","10":"category-stellplatzy","11":"tag-cechy","12":"tag-karavanova-stani","13":"tag-kempy-1","14":"tag-poznavaci-dovolena"},"yoast_head":"<!-- This site is optimized with the Yoast SEO plugin v27.5 - https:\/\/yoast.com\/product\/yoast-seo-wordpress\/ -->\n<title>Karavanem na stellplatz a do Adr\u0161pa\u0161sko-teplick\u00fdch skal - All4Camper<\/title>\n<meta name=\"description\" content=\"N\u00e1rodn\u00ed p\u0159\u00edrodn\u00ed rezervace Adr\u0161pa\u0161sko-teplick\u00e9 sk\u00e1ly v\u00a0Kr\u00e1lovehradeck\u00e9m kraji je skv\u011bl\u00fdm m\u00edstem, kam vyrazit za turistikou do jedine\u010dn\u00e9 oblasti skaln\u00edho m\u011bsta. Na sv\u00e9 n\u00e1v\u0161t\u011bvn\u00edky tu \u010dekaj\u00ed tis\u00edce skaln\u00edch v\u011b\u017e\u00ed, vodop\u00e1d, zatopen\u00fd p\u00edskovcov\u00fd lom i plavba na pramici. A vyrazit sem m\u016f\u017eete i s\u00a0karavanem nebo obytn\u00fdm vozem.\" \/>\n<meta name=\"robots\" content=\"index, follow, max-snippet:-1, max-image-preview:large, max-video-preview:-1\" \/>\n<link rel=\"canonical\" href=\"https:\/\/all4camper.com\/cs\/karavanem-na-stellplatz-a-do-adrspassko-teplickych-skal\/\" \/>\n<meta property=\"og:locale\" content=\"cs_CZ\" \/>\n<meta property=\"og:type\" content=\"article\" \/>\n<meta property=\"og:title\" content=\"Karavanem na stellplatz a do Adr\u0161pa\u0161sko-teplick\u00fdch skal - All4Camper\" \/>\n<meta property=\"og:description\" content=\"N\u00e1rodn\u00ed p\u0159\u00edrodn\u00ed rezervace Adr\u0161pa\u0161sko-teplick\u00e9 sk\u00e1ly v\u00a0Kr\u00e1lovehradeck\u00e9m kraji je skv\u011bl\u00fdm m\u00edstem, kam vyrazit za turistikou do jedine\u010dn\u00e9 oblasti skaln\u00edho m\u011bsta. Na sv\u00e9 n\u00e1v\u0161t\u011bvn\u00edky tu \u010dekaj\u00ed tis\u00edce skaln\u00edch v\u011b\u017e\u00ed, vodop\u00e1d, zatopen\u00fd p\u00edskovcov\u00fd lom i plavba na pramici. A vyrazit sem m\u016f\u017eete i s\u00a0karavanem nebo obytn\u00fdm vozem.\" \/>\n<meta property=\"og:url\" content=\"https:\/\/all4camper.com\/cs\/karavanem-na-stellplatz-a-do-adrspassko-teplickych-skal\/\" \/>\n<meta property=\"og:site_name\" content=\"All4Camper\" \/>\n<meta property=\"article:published_time\" content=\"2022-03-09T08:24:10+00:00\" \/>\n<meta property=\"article:modified_time\" content=\"2022-12-13T10:03:14+00:00\" \/>\n<meta property=\"og:image\" content=\"https:\/\/all4camper.com\/wp-content\/uploads\/2022\/03\/stellplatz-adrs\u030cpach.jpeg\" \/>\n\t<meta property=\"og:image:width\" content=\"1280\" \/>\n\t<meta property=\"og:image:height\" content=\"720\" \/>\n\t<meta property=\"og:image:type\" content=\"image\/jpeg\" \/>\n<meta name=\"author\" content=\"Kl\u00e1ra H\u00e1jkov\u00e1\" \/>\n<meta name=\"twitter:card\" content=\"summary_large_image\" \/>\n<meta name=\"twitter:label1\" content=\"Napsal(a)\" \/>\n\t<meta name=\"twitter:data1\" content=\"Kl\u00e1ra H\u00e1jkov\u00e1\" \/>\n\t<meta name=\"twitter:label2\" content=\"Odhadovan\u00e1 doba \u010dten\u00ed\" \/>\n\t<meta name=\"twitter:data2\" content=\"5 minut\" \/>\n<script type=\"application\/ld+json\" class=\"yoast-schema-graph\">{\"@context\":\"https:\\\/\\\/schema.org\",\"@graph\":[{\"@type\":\"Article\",\"@id\":\"https:\\\/\\\/all4camper.com\\\/cs\\\/karavanem-na-stellplatz-a-do-adrspassko-teplickych-skal\\\/#article\",\"isPartOf\":{\"@id\":\"https:\\\/\\\/all4camper.com\\\/cs\\\/karavanem-na-stellplatz-a-do-adrspassko-teplickych-skal\\\/\"},\"author\":{\"name\":\"Kl\u00e1ra H\u00e1jkov\u00e1\",\"@id\":\"https:\\\/\\\/all4camper.com\\\/cs\\\/#\\\/schema\\\/person\\\/c6f1efdf1d02bc7d8c53a891cbe18c62\"},\"headline\":\"Karavanem na stellplatz a do Adr\u0161pa\u0161sko-teplick\u00fdch skal\",\"datePublished\":\"2022-03-09T08:24:10+00:00\",\"dateModified\":\"2022-12-13T10:03:14+00:00\",\"mainEntityOfPage\":{\"@id\":\"https:\\\/\\\/all4camper.com\\\/cs\\\/karavanem-na-stellplatz-a-do-adrspassko-teplickych-skal\\\/\"},\"wordCount\":852,\"publisher\":{\"@id\":\"https:\\\/\\\/all4camper.com\\\/cs\\\/#organization\"},\"image\":{\"@id\":\"https:\\\/\\\/all4camper.com\\\/cs\\\/karavanem-na-stellplatz-a-do-adrspassko-teplickych-skal\\\/#primaryimage\"},\"thumbnailUrl\":\"https:\\\/\\\/all4camper.com\\\/wp-content\\\/uploads\\\/2022\\\/03\\\/stellplatz-adrs\u030cpach.jpeg\",\"keywords\":[\"\u010cechy\",\"karavanov\u00e1 st\u00e1n\u00ed\",\"Kempy a kempovac\u00ed m\u00edsta\",\"Pozn\u00e1vac\u00ed dovolen\u00e1\"],\"articleSection\":[\"Cestujeme a kempujeme v \u010cR\",\"Kempy a zaj\u00edmav\u00e1 m\u00edsta\",\"Novinky - Kempov\u00e1n\u00ed a karavaning\",\"Stellplatzy\"],\"inLanguage\":\"cs\"},{\"@type\":\"WebPage\",\"@id\":\"https:\\\/\\\/all4camper.com\\\/cs\\\/karavanem-na-stellplatz-a-do-adrspassko-teplickych-skal\\\/\",\"url\":\"https:\\\/\\\/all4camper.com\\\/cs\\\/karavanem-na-stellplatz-a-do-adrspassko-teplickych-skal\\\/\",\"name\":\"Karavanem na stellplatz a do Adr\u0161pa\u0161sko-teplick\u00fdch skal - All4Camper\",\"isPartOf\":{\"@id\":\"https:\\\/\\\/all4camper.com\\\/cs\\\/#website\"},\"primaryImageOfPage\":{\"@id\":\"https:\\\/\\\/all4camper.com\\\/cs\\\/karavanem-na-stellplatz-a-do-adrspassko-teplickych-skal\\\/#primaryimage\"},\"image\":{\"@id\":\"https:\\\/\\\/all4camper.com\\\/cs\\\/karavanem-na-stellplatz-a-do-adrspassko-teplickych-skal\\\/#primaryimage\"},\"thumbnailUrl\":\"https:\\\/\\\/all4camper.com\\\/wp-content\\\/uploads\\\/2022\\\/03\\\/stellplatz-adrs\u030cpach.jpeg\",\"datePublished\":\"2022-03-09T08:24:10+00:00\",\"dateModified\":\"2022-12-13T10:03:14+00:00\",\"description\":\"N\u00e1rodn\u00ed p\u0159\u00edrodn\u00ed rezervace Adr\u0161pa\u0161sko-teplick\u00e9 sk\u00e1ly v\u00a0Kr\u00e1lovehradeck\u00e9m kraji je skv\u011bl\u00fdm m\u00edstem, kam vyrazit za turistikou do jedine\u010dn\u00e9 oblasti skaln\u00edho m\u011bsta. Na sv\u00e9 n\u00e1v\u0161t\u011bvn\u00edky tu \u010dekaj\u00ed tis\u00edce skaln\u00edch v\u011b\u017e\u00ed, vodop\u00e1d, zatopen\u00fd p\u00edskovcov\u00fd lom i plavba na pramici. A vyrazit sem m\u016f\u017eete i s\u00a0karavanem nebo obytn\u00fdm vozem.\",\"breadcrumb\":{\"@id\":\"https:\\\/\\\/all4camper.com\\\/cs\\\/karavanem-na-stellplatz-a-do-adrspassko-teplickych-skal\\\/#breadcrumb\"},\"inLanguage\":\"cs\",\"potentialAction\":[{\"@type\":\"ReadAction\",\"target\":[\"https:\\\/\\\/all4camper.com\\\/cs\\\/karavanem-na-stellplatz-a-do-adrspassko-teplickych-skal\\\/\"]}]},{\"@type\":\"ImageObject\",\"inLanguage\":\"cs\",\"@id\":\"https:\\\/\\\/all4camper.com\\\/cs\\\/karavanem-na-stellplatz-a-do-adrspassko-teplickych-skal\\\/#primaryimage\",\"url\":\"https:\\\/\\\/all4camper.com\\\/wp-content\\\/uploads\\\/2022\\\/03\\\/stellplatz-adrs\u030cpach.jpeg\",\"contentUrl\":\"https:\\\/\\\/all4camper.com\\\/wp-content\\\/uploads\\\/2022\\\/03\\\/stellplatz-adrs\u030cpach.jpeg\",\"width\":1280,\"height\":720},{\"@type\":\"BreadcrumbList\",\"@id\":\"https:\\\/\\\/all4camper.com\\\/cs\\\/karavanem-na-stellplatz-a-do-adrspassko-teplickych-skal\\\/#breadcrumb\",\"itemListElement\":[{\"@type\":\"ListItem\",\"position\":1,\"name\":\"Dom\u016f\",\"item\":\"https:\\\/\\\/all4camper.com\\\/cs\\\/\"},{\"@type\":\"ListItem\",\"position\":2,\"name\":\"Novinky - Kempov\u00e1n\u00ed a karavaning\",\"item\":\"https:\\\/\\\/all4camper.com\\\/cs\\\/category\\\/novinky-kempovani-a-karavaning\\\/\"},{\"@type\":\"ListItem\",\"position\":3,\"name\":\"Karavanem na stellplatz a do Adr\u0161pa\u0161sko-teplick\u00fdch skal\"}]},{\"@type\":\"WebSite\",\"@id\":\"https:\\\/\\\/all4camper.com\\\/cs\\\/#website\",\"url\":\"https:\\\/\\\/all4camper.com\\\/cs\\\/\",\"name\":\"All4Camper\",\"description\":\"Nejv\u011bt\u0161\u00ed online magaz\u00edn o kempov\u00e1n\u00ed a karavaninku. V\u00edce jak 900 \u010dl\u00e1nk\u016f pln\u00fdch rad a tip\u016f o kempech a kempov\u00e1n\u00ed.\",\"publisher\":{\"@id\":\"https:\\\/\\\/all4camper.com\\\/cs\\\/#organization\"},\"potentialAction\":[{\"@type\":\"SearchAction\",\"target\":{\"@type\":\"EntryPoint\",\"urlTemplate\":\"https:\\\/\\\/all4camper.com\\\/cs\\\/?s={search_term_string}\"},\"query-input\":{\"@type\":\"PropertyValueSpecification\",\"valueRequired\":true,\"valueName\":\"search_term_string\"}}],\"inLanguage\":\"cs\"},{\"@type\":\"Organization\",\"@id\":\"https:\\\/\\\/all4camper.com\\\/cs\\\/#organization\",\"name\":\"All4Camper - kempujeme s Kl\u00e1rou\",\"url\":\"https:\\\/\\\/all4camper.com\\\/cs\\\/\",\"logo\":{\"@type\":\"ImageObject\",\"inLanguage\":\"cs\",\"@id\":\"https:\\\/\\\/all4camper.com\\\/cs\\\/#\\\/schema\\\/logo\\\/image\\\/\",\"url\":\"https:\\\/\\\/all4camper.com\\\/wp-content\\\/uploads\\\/2018\\\/09\\\/novelogo.png\",\"contentUrl\":\"https:\\\/\\\/all4camper.com\\\/wp-content\\\/uploads\\\/2018\\\/09\\\/novelogo.png\",\"width\":1520,\"height\":600,\"caption\":\"All4Camper - kempujeme s Kl\u00e1rou\"},\"image\":{\"@id\":\"https:\\\/\\\/all4camper.com\\\/cs\\\/#\\\/schema\\\/logo\\\/image\\\/\"}},{\"@type\":\"Person\",\"@id\":\"https:\\\/\\\/all4camper.com\\\/cs\\\/#\\\/schema\\\/person\\\/c6f1efdf1d02bc7d8c53a891cbe18c62\",\"name\":\"Kl\u00e1ra H\u00e1jkov\u00e1\",\"sameAs\":[\"http:\\\/\\\/www.all4camper.com\"],\"url\":\"https:\\\/\\\/all4camper.com\\\/cs\\\/author\\\/klarinkacestuje1\\\/\"}]}<\/script>\n<!-- \/ Yoast SEO plugin. -->","yoast_head_json":{"title":"Karavanem na stellplatz a do Adr\u0161pa\u0161sko-teplick\u00fdch skal - All4Camper","description":"N\u00e1rodn\u00ed p\u0159\u00edrodn\u00ed rezervace Adr\u0161pa\u0161sko-teplick\u00e9 sk\u00e1ly v\u00a0Kr\u00e1lovehradeck\u00e9m kraji je skv\u011bl\u00fdm m\u00edstem, kam vyrazit za turistikou do jedine\u010dn\u00e9 oblasti skaln\u00edho m\u011bsta. Na sv\u00e9 n\u00e1v\u0161t\u011bvn\u00edky tu \u010dekaj\u00ed tis\u00edce skaln\u00edch v\u011b\u017e\u00ed, vodop\u00e1d, zatopen\u00fd p\u00edskovcov\u00fd lom i plavba na pramici. A vyrazit sem m\u016f\u017eete i s\u00a0karavanem nebo obytn\u00fdm vozem.","robots":{"index":"index","follow":"follow","max-snippet":"max-snippet:-1","max-image-preview":"max-image-preview:large","max-video-preview":"max-video-preview:-1"},"canonical":"https:\/\/all4camper.com\/cs\/karavanem-na-stellplatz-a-do-adrspassko-teplickych-skal\/","og_locale":"cs_CZ","og_type":"article","og_title":"Karavanem na stellplatz a do Adr\u0161pa\u0161sko-teplick\u00fdch skal - All4Camper","og_description":"N\u00e1rodn\u00ed p\u0159\u00edrodn\u00ed rezervace Adr\u0161pa\u0161sko-teplick\u00e9 sk\u00e1ly v\u00a0Kr\u00e1lovehradeck\u00e9m kraji je skv\u011bl\u00fdm m\u00edstem, kam vyrazit za turistikou do jedine\u010dn\u00e9 oblasti skaln\u00edho m\u011bsta. Na sv\u00e9 n\u00e1v\u0161t\u011bvn\u00edky tu \u010dekaj\u00ed tis\u00edce skaln\u00edch v\u011b\u017e\u00ed, vodop\u00e1d, zatopen\u00fd p\u00edskovcov\u00fd lom i plavba na pramici. A vyrazit sem m\u016f\u017eete i s\u00a0karavanem nebo obytn\u00fdm vozem.","og_url":"https:\/\/all4camper.com\/cs\/karavanem-na-stellplatz-a-do-adrspassko-teplickych-skal\/","og_site_name":"All4Camper","article_published_time":"2022-03-09T08:24:10+00:00","article_modified_time":"2022-12-13T10:03:14+00:00","og_image":[{"width":1280,"height":720,"url":"https:\/\/all4camper.com\/wp-content\/uploads\/2022\/03\/stellplatz-adrs\u030cpach.jpeg","type":"image\/jpeg"}],"author":"Kl\u00e1ra H\u00e1jkov\u00e1","twitter_card":"summary_large_image","twitter_misc":{"Napsal(a)":"Kl\u00e1ra H\u00e1jkov\u00e1","Odhadovan\u00e1 doba \u010dten\u00ed":"5 minut"},"schema":{"@context":"https:\/\/schema.org","@graph":[{"@type":"Article","@id":"https:\/\/all4camper.com\/cs\/karavanem-na-stellplatz-a-do-adrspassko-teplickych-skal\/#article","isPartOf":{"@id":"https:\/\/all4camper.com\/cs\/karavanem-na-stellplatz-a-do-adrspassko-teplickych-skal\/"},"author":{"name":"Kl\u00e1ra H\u00e1jkov\u00e1","@id":"https:\/\/all4camper.com\/cs\/#\/schema\/person\/c6f1efdf1d02bc7d8c53a891cbe18c62"},"headline":"Karavanem na stellplatz a do Adr\u0161pa\u0161sko-teplick\u00fdch skal","datePublished":"2022-03-09T08:24:10+00:00","dateModified":"2022-12-13T10:03:14+00:00","mainEntityOfPage":{"@id":"https:\/\/all4camper.com\/cs\/karavanem-na-stellplatz-a-do-adrspassko-teplickych-skal\/"},"wordCount":852,"publisher":{"@id":"https:\/\/all4camper.com\/cs\/#organization"},"image":{"@id":"https:\/\/all4camper.com\/cs\/karavanem-na-stellplatz-a-do-adrspassko-teplickych-skal\/#primaryimage"},"thumbnailUrl":"https:\/\/all4camper.com\/wp-content\/uploads\/2022\/03\/stellplatz-adrs\u030cpach.jpeg","keywords":["\u010cechy","karavanov\u00e1 st\u00e1n\u00ed","Kempy a kempovac\u00ed m\u00edsta","Pozn\u00e1vac\u00ed dovolen\u00e1"],"articleSection":["Cestujeme a kempujeme v \u010cR","Kempy a zaj\u00edmav\u00e1 m\u00edsta","Novinky - Kempov\u00e1n\u00ed a karavaning","Stellplatzy"],"inLanguage":"cs"},{"@type":"WebPage","@id":"https:\/\/all4camper.com\/cs\/karavanem-na-stellplatz-a-do-adrspassko-teplickych-skal\/","url":"https:\/\/all4camper.com\/cs\/karavanem-na-stellplatz-a-do-adrspassko-teplickych-skal\/","name":"Karavanem na stellplatz a do Adr\u0161pa\u0161sko-teplick\u00fdch skal - All4Camper","isPartOf":{"@id":"https:\/\/all4camper.com\/cs\/#website"},"primaryImageOfPage":{"@id":"https:\/\/all4camper.com\/cs\/karavanem-na-stellplatz-a-do-adrspassko-teplickych-skal\/#primaryimage"},"image":{"@id":"https:\/\/all4camper.com\/cs\/karavanem-na-stellplatz-a-do-adrspassko-teplickych-skal\/#primaryimage"},"thumbnailUrl":"https:\/\/all4camper.com\/wp-content\/uploads\/2022\/03\/stellplatz-adrs\u030cpach.jpeg","datePublished":"2022-03-09T08:24:10+00:00","dateModified":"2022-12-13T10:03:14+00:00","description":"N\u00e1rodn\u00ed p\u0159\u00edrodn\u00ed rezervace Adr\u0161pa\u0161sko-teplick\u00e9 sk\u00e1ly v\u00a0Kr\u00e1lovehradeck\u00e9m kraji je skv\u011bl\u00fdm m\u00edstem, kam vyrazit za turistikou do jedine\u010dn\u00e9 oblasti skaln\u00edho m\u011bsta. Na sv\u00e9 n\u00e1v\u0161t\u011bvn\u00edky tu \u010dekaj\u00ed tis\u00edce skaln\u00edch v\u011b\u017e\u00ed, vodop\u00e1d, zatopen\u00fd p\u00edskovcov\u00fd lom i plavba na pramici. A vyrazit sem m\u016f\u017eete i s\u00a0karavanem nebo obytn\u00fdm vozem.","breadcrumb":{"@id":"https:\/\/all4camper.com\/cs\/karavanem-na-stellplatz-a-do-adrspassko-teplickych-skal\/#breadcrumb"},"inLanguage":"cs","potentialAction":[{"@type":"ReadAction","target":["https:\/\/all4camper.com\/cs\/karavanem-na-stellplatz-a-do-adrspassko-teplickych-skal\/"]}]},{"@type":"ImageObject","inLanguage":"cs","@id":"https:\/\/all4camper.com\/cs\/karavanem-na-stellplatz-a-do-adrspassko-teplickych-skal\/#primaryimage","url":"https:\/\/all4camper.com\/wp-content\/uploads\/2022\/03\/stellplatz-adrs\u030cpach.jpeg","contentUrl":"https:\/\/all4camper.com\/wp-content\/uploads\/2022\/03\/stellplatz-adrs\u030cpach.jpeg","width":1280,"height":720},{"@type":"BreadcrumbList","@id":"https:\/\/all4camper.com\/cs\/karavanem-na-stellplatz-a-do-adrspassko-teplickych-skal\/#breadcrumb","itemListElement":[{"@type":"ListItem","position":1,"name":"Dom\u016f","item":"https:\/\/all4camper.com\/cs\/"},{"@type":"ListItem","position":2,"name":"Novinky - Kempov\u00e1n\u00ed a karavaning","item":"https:\/\/all4camper.com\/cs\/category\/novinky-kempovani-a-karavaning\/"},{"@type":"ListItem","position":3,"name":"Karavanem na stellplatz a do Adr\u0161pa\u0161sko-teplick\u00fdch skal"}]},{"@type":"WebSite","@id":"https:\/\/all4camper.com\/cs\/#website","url":"https:\/\/all4camper.com\/cs\/","name":"All4Camper","description":"Nejv\u011bt\u0161\u00ed online magaz\u00edn o kempov\u00e1n\u00ed a karavaninku. V\u00edce jak 900 \u010dl\u00e1nk\u016f pln\u00fdch rad a tip\u016f o kempech a kempov\u00e1n\u00ed.","publisher":{"@id":"https:\/\/all4camper.com\/cs\/#organization"},"potentialAction":[{"@type":"SearchAction","target":{"@type":"EntryPoint","urlTemplate":"https:\/\/all4camper.com\/cs\/?s={search_term_string}"},"query-input":{"@type":"PropertyValueSpecification","valueRequired":true,"valueName":"search_term_string"}}],"inLanguage":"cs"},{"@type":"Organization","@id":"https:\/\/all4camper.com\/cs\/#organization","name":"All4Camper - kempujeme s Kl\u00e1rou","url":"https:\/\/all4camper.com\/cs\/","logo":{"@type":"ImageObject","inLanguage":"cs","@id":"https:\/\/all4camper.com\/cs\/#\/schema\/logo\/image\/","url":"https:\/\/all4camper.com\/wp-content\/uploads\/2018\/09\/novelogo.png","contentUrl":"https:\/\/all4camper.com\/wp-content\/uploads\/2018\/09\/novelogo.png","width":1520,"height":600,"caption":"All4Camper - kempujeme s Kl\u00e1rou"},"image":{"@id":"https:\/\/all4camper.com\/cs\/#\/schema\/logo\/image\/"}},{"@type":"Person","@id":"https:\/\/all4camper.com\/cs\/#\/schema\/person\/c6f1efdf1d02bc7d8c53a891cbe18c62","name":"Kl\u00e1ra H\u00e1jkov\u00e1","sameAs":["http:\/\/www.all4camper.com"],"url":"https:\/\/all4camper.com\/cs\/author\/klarinkacestuje1\/"}]}},"_links":{"self":[{"href":"https:\/\/all4camper.com\/cs\/wp-json\/wp\/v2\/posts\/139680","targetHints":{"allow":["GET"]}}],"collection":[{"href":"https:\/\/all4camper.com\/cs\/wp-json\/wp\/v2\/posts"}],"about":[{"href":"https:\/\/all4camper.com\/cs\/wp-json\/wp\/v2\/types\/post"}],"author":[{"embeddable":true,"href":"https:\/\/all4camper.com\/cs\/wp-json\/wp\/v2\/users\/4"}],"replies":[{"embeddable":true,"href":"https:\/\/all4camper.com\/cs\/wp-json\/wp\/v2\/comments?post=139680"}],"version-history":[{"count":0,"href":"https:\/\/all4camper.com\/cs\/wp-json\/wp\/v2\/posts\/139680\/revisions"}],"wp:featuredmedia":[{"embeddable":true,"href":"https:\/\/all4camper.com\/cs\/wp-json\/wp\/v2\/media\/139691"}],"wp:attachment":[{"href":"https:\/\/all4camper.com\/cs\/wp-json\/wp\/v2\/media?parent=139680"}],"wp:term":[{"taxonomy":"category","embeddable":true,"href":"https:\/\/all4camper.com\/cs\/wp-json\/wp\/v2\/categories?post=139680"},{"taxonomy":"post_tag","embeddable":true,"href":"https:\/\/all4camper.com\/cs\/wp-json\/wp\/v2\/tags?post=139680"}],"curies":[{"name":"wp","href":"https:\/\/api.w.org\/{rel}","templated":true}]}}