{"id":139646,"date":"2022-02-28T15:09:27","date_gmt":"2022-02-28T14:09:27","guid":{"rendered":"https:\/\/all4camper.com\/\/?p=139646"},"modified":"2022-12-13T14:14:59","modified_gmt":"2022-12-13T13:14:59","slug":"uz-vim-proc-mi-karavaniste-doporucuji-kemp-v-dolni-morave-ostatne-poslechnete-si-sami","status":"publish","type":"post","link":"https:\/\/all4camper.com\/cs\/uz-vim-proc-mi-karavaniste-doporucuji-kemp-v-dolni-morave-ostatne-poslechnete-si-sami\/","title":{"rendered":"Z\u00e1bava po cel\u00fd rok &#8211; to je autokemp Doln\u00ed Morava"},"content":{"rendered":"\n<p><strong>Pokud hled\u00e1te m\u00edsto, kde si dovolenou u\u017eij\u00ed jak rodiny s&nbsp;d\u011btmi, tak v\u0161ichni, kte\u0159\u00ed tou\u017e\u00ed po adrenalinov\u00fdch z\u00e1\u017eitc\u00edch, tak jste tady spr\u00e1vn\u011b. O tom, co v\u0161e tento resort nab\u00edz\u00ed, si pov\u00edd\u00e1me v&nbsp;dne\u0161n\u00edm Studiu Karavan s&nbsp;majiteli m\u00edstn\u00edho kempu V&nbsp;z\u00e1ti\u0161\u00ed \u2013 man\u017eeli Vrzalov\u00fdmi.<\/strong><\/p>\n\n\n\n<figure class=\"wp-block-embed is-type-rich is-provider-spotify wp-block-embed-spotify wp-embed-aspect-21-9 wp-has-aspect-ratio\"><div class=\"wp-block-embed__wrapper\">\n<iframe loading=\"lazy\" title=\"Spotify Embed: Z\u00e1bava po cel\u00fd rok - to je autokemp Doln\u00ed Morava\" style=\"border-radius: 12px\" width=\"100%\" height=\"152\" frameborder=\"0\" allowfullscreen allow=\"autoplay; clipboard-write; encrypted-media; fullscreen; picture-in-picture\" src=\"https:\/\/open.spotify.com\/embed\/episode\/2cBvM0swdAGARUWXpcJaFB?si=1oX7uNLUTiSPd2fsrZX3xw&#038;utm_source=oembed\"><\/iframe>\n<\/div><\/figure>\n\n\n\n<p>Sv\u016fj kemp vybudovali tak, jak to maj\u00ed na sv\u00fdch cest\u00e1ch nejrad\u011bji. Zdenka a Petr Vrzalovi toti\u017e sami maj\u00ed karavan, a tak v\u00ed, co pot\u0159ebujete, abyste si svou dovolenou u\u017eili. Najdete tu tedy kr\u00e1sn\u00e9 prostorn\u00e9 parcely s&nbsp;p\u0159ipojen\u00edm k&nbsp;elektrick\u00e9 energii. Modern\u00ed prostorn\u00e9 vyh\u0159\u00edvan\u00e9 soci\u00e1ln\u00ed za\u0159\u00edzen\u00ed i um\u00fdv\u00e1rnu n\u00e1dob\u00ed. Nechyb\u00ed z\u00e1zem\u00ed pro d\u011bti ani prostorn\u00e1 restaurace s&nbsp;pergolou. Z&nbsp;prostorn\u00e9 polorozpadl\u00e9 stodoly vybudovaly p\u0159\u00edjemn\u00e9 wellness centrum se saunou, ochlazovac\u00ed k\u00e1d\u00ed, v\u00ed\u0159ivkou i hork\u00fdm sudem. A Bude se v\u00e1m i l\u00edbit, \u017ee sem do kempu m\u016f\u017eete zav\u00edtat po cel\u00fd rok a nikdy se tu nebudete nudit.<\/p>\n\n\n\n<p>Kemp je toti\u017e sou\u010d\u00e1st\u00ed velkolep\u00e9ho resortu Doln\u00ed Morava, kter\u00fd nab\u00edz\u00ed z\u00e1bavu a adrenalin v&nbsp;pr\u016fb\u011bhu cel\u00e9ho roku. V&nbsp;l\u00e9t\u011b si tu u\u017eij\u00ed cyklist\u00e9, kte\u0159\u00ed se mohou vydat na n\u011bkterou z&nbsp;okoln\u00edch stezek. P\u0159\u00edpadn\u011b ti, co miluj\u00ed sjezdy si tu mohou vybrat z&nbsp;n\u011bkolika trail\u016f r\u016fzn\u00e9 n\u00e1ro\u010dnosti. A d\u011bti, ty si tu budou p\u0159ipadat jako v&nbsp;r\u00e1ji \u2013 pro n\u011b je tu spousta atrakc\u00ed \u2013 po\u010d\u00ednaje Mamut\u00edkov\u00fdm vodn\u00edm parkem p\u0159es lesn\u00ed z\u00e1\u017eitkov\u00fd sv\u011bt a\u017e po trampol\u00edny u Marcelky.<\/p>\n\n\n\n<p>V&nbsp;zim\u011b tu najdete ly\u017ea\u0159sk\u00e9 st\u0159edisko alpsk\u00e9ho typu \u2013 upravovan\u00e9 sjezdovky v\u0161ech n\u00e1ro\u010dnost\u00ed, b\u011b\u017eka\u0159sk\u00e9 trat\u011b, s\u00e1\u0148ka\u0159skou dr\u00e1hu, ale tak\u00e9 spoustu vy\u017eit\u00ed pro ty, co zrovna ly\u017e\u00edm a dal\u0161\u00edm zimn\u00edm sport\u016fm neholduj\u00ed.vNejv\u011bt\u0161\u00edm l\u00e1kadlem je po cel\u00fd rok unik\u00e1tn\u00ed Stezka v&nbsp;oblac\u00edch, ze kter\u00e9 za dobr\u00e9 viditelnosti zahl\u00e9dnete Sn\u011b\u017eku i Prad\u011bd.<\/p>\n\n\n\n<p>Jak man\u017eel\u00e9 Vrzalovi budovali kemp? Pro\u010d d\u011bti necht\u011bj\u00ed z&nbsp;kempu dom\u016f? A jak\u00e1 novinka \u010dek\u00e1 n\u00e1v\u0161t\u011bvn\u00edky v&nbsp;resortu letos? Poslechn\u011bte si n\u00e1\u0161 dne\u0161n\u00ed podcast s&nbsp;majiteli kempu V&nbsp;z\u00e1ti\u0161\u00ed.<\/p>\n\n\n\n<pre class=\"wp-block-verse\"><strong>Poslechn\u011bte si n\u00e1s. Najdete n\u00e1s na platform\u011b Spotify (viz. v\u00fd\u0161e), d\u00e1le na&nbsp;<a href=\"https:\/\/podcasts.apple.com\/us\/podcast\/studio-karavan\/id1603600027\" target=\"_blank\" rel=\"noreferrer noopener\">Apple podcast<\/a>&nbsp;a samoz\u0159ejm\u011b na&nbsp;<a href=\"https:\/\/anchor.fm\/studio-karavan\" target=\"_blank\" rel=\"noreferrer noopener\">Anchor<\/a>&nbsp;a&nbsp;<a href=\"https:\/\/podcasts.google.com\/feed\/aHR0cHM6Ly9hbmNob3IuZm0vcy83MzQ5MzYwOC9wb2RjYXN0L3Jzcw\" target=\"_blank\" rel=\"noreferrer noopener\">Google Podcasty<\/a>.&nbsp;V\u0161echny na\u0161e vydan\u00e9 d\u00edly si samoz\u0159ejm\u011b m\u016f\u017eete prohl\u00e9dnout i&nbsp;<a href=\"\/cs?cat_ID=11699\">v t\u00e9to rubrice<\/a>.<\/strong><\/pre>\n\n\n\n<figure class=\"wp-block-gallery has-nested-images columns-2 is-cropped wp-block-gallery-1 is-layout-flex wp-block-gallery-is-layout-flex\">\n<figure class=\"wp-block-image size-large\"><img loading=\"lazy\" decoding=\"async\" width=\"1440\" height=\"1080\" data-id=\"139651\" src=\"https:\/\/all4camper.com\/\/wp-content\/uploads\/2022\/02\/IMG_6090-1440x1080.jpg\" alt=\"\" class=\"wp-image-139651\" srcset=\"https:\/\/all4camper.com\/wp-content\/uploads\/2022\/02\/IMG_6090-1440x1080.jpg 1440w, https:\/\/all4camper.com\/wp-content\/uploads\/2022\/02\/IMG_6090-300x225.jpg 300w, https:\/\/all4camper.com\/wp-content\/uploads\/2022\/02\/IMG_6090-150x113.jpg 150w, https:\/\/all4camper.com\/wp-content\/uploads\/2022\/02\/IMG_6090-768x576.jpg 768w, https:\/\/all4camper.com\/wp-content\/uploads\/2022\/02\/IMG_6090-1536x1152.jpg 1536w, https:\/\/all4camper.com\/wp-content\/uploads\/2022\/02\/IMG_6090-2048x1536.jpg 2048w, https:\/\/all4camper.com\/wp-content\/uploads\/2022\/02\/IMG_6090-696x522.jpg 696w, https:\/\/all4camper.com\/wp-content\/uploads\/2022\/02\/IMG_6090-1068x801.jpg 1068w, https:\/\/all4camper.com\/wp-content\/uploads\/2022\/02\/IMG_6090-1920x1440.jpg 1920w\" sizes=\"auto, (max-width: 1440px) 100vw, 1440px\" \/><\/figure>\n\n\n\n<figure class=\"wp-block-image size-large\"><img loading=\"lazy\" decoding=\"async\" width=\"1440\" height=\"1080\" data-id=\"139653\" src=\"https:\/\/all4camper.com\/\/wp-content\/uploads\/2022\/02\/IMG_6093-1-1440x1080.jpg\" alt=\"\" class=\"wp-image-139653\" srcset=\"https:\/\/all4camper.com\/wp-content\/uploads\/2022\/02\/IMG_6093-1-1440x1080.jpg 1440w, https:\/\/all4camper.com\/wp-content\/uploads\/2022\/02\/IMG_6093-1-300x225.jpg 300w, https:\/\/all4camper.com\/wp-content\/uploads\/2022\/02\/IMG_6093-1-150x113.jpg 150w, https:\/\/all4camper.com\/wp-content\/uploads\/2022\/02\/IMG_6093-1-768x576.jpg 768w, https:\/\/all4camper.com\/wp-content\/uploads\/2022\/02\/IMG_6093-1-1536x1152.jpg 1536w, https:\/\/all4camper.com\/wp-content\/uploads\/2022\/02\/IMG_6093-1-2048x1536.jpg 2048w, https:\/\/all4camper.com\/wp-content\/uploads\/2022\/02\/IMG_6093-1-696x522.jpg 696w, https:\/\/all4camper.com\/wp-content\/uploads\/2022\/02\/IMG_6093-1-1068x801.jpg 1068w, https:\/\/all4camper.com\/wp-content\/uploads\/2022\/02\/IMG_6093-1-1920x1440.jpg 1920w\" sizes=\"auto, (max-width: 1440px) 100vw, 1440px\" \/><\/figure>\n<\/figure>\n","protected":false},"excerpt":{"rendered":"<p>Pokud hled\u00e1te m\u00edsto, kde si dovolenou u\u017eij\u00ed jak rodiny s&nbsp;d\u011btmi, tak v\u0161ichni, kte\u0159\u00ed tou\u017e\u00ed po adrenalinov\u00fdch z\u00e1\u017eitc\u00edch, tak jste tady spr\u00e1vn\u011b. O tom, co v\u0161e tento resort nab\u00edz\u00ed, si pov\u00edd\u00e1me v&nbsp;dne\u0161n\u00edm Studiu Karavan s&nbsp;majiteli m\u00edstn\u00edho kempu V&nbsp;z\u00e1ti\u0161\u00ed \u2013 man\u017eeli Vrzalov\u00fdmi. Sv\u016fj kemp vybudovali tak, jak to maj\u00ed na sv\u00fdch cest\u00e1ch nejrad\u011bji. Zdenka a Petr Vrzalovi [&hellip;]<\/p>\n","protected":false},"author":4,"featured_media":139649,"comment_status":"closed","ping_status":"open","sticky":false,"template":"","format":"audio","meta":{"_monsterinsights_skip_tracking":false,"_monsterinsights_sitenote_active":false,"_monsterinsights_sitenote_note":"","_monsterinsights_sitenote_category":0,"footnotes":""},"categories":[68,422,11699,341],"tags":[101,11700,11755,321],"class_list":{"0":"post-139646","1":"post","2":"type-post","3":"status-publish","4":"format-audio","5":"has-post-thumbnail","7":"category-kempovani-a-zajimave-cile","8":"category-novinky-kempovani-a-karavaning","9":"category-podcasty-studio-karavan","10":"category-zimni-kempovani","11":"tag-kempy-1","12":"tag-podcast","13":"tag-studiokaravan","14":"tag-winter-camping","15":"post_format-post-format-audio"},"yoast_head":"<!-- This site is optimized with the Yoast SEO plugin v27.4 - https:\/\/yoast.com\/product\/yoast-seo-wordpress\/ -->\n<title>Z\u00e1bava po cel\u00fd rok - to je autokemp Doln\u00ed Morava - All4Camper<\/title>\n<meta name=\"description\" content=\"All4Camper - Kempy a zaj\u00edmav\u00e1 m\u00edsta - Z\u00e1bava po cel\u00fd rok - to je autokemp Doln\u00ed Morava\" \/>\n<meta name=\"robots\" content=\"index, follow, max-snippet:-1, max-image-preview:large, max-video-preview:-1\" \/>\n<link rel=\"canonical\" href=\"https:\/\/all4camper.com\/cs\/uz-vim-proc-mi-karavaniste-doporucuji-kemp-v-dolni-morave-ostatne-poslechnete-si-sami\/\" \/>\n<meta property=\"og:locale\" content=\"cs_CZ\" \/>\n<meta property=\"og:type\" content=\"article\" \/>\n<meta property=\"og:title\" content=\"Z\u00e1bava po cel\u00fd rok - to je autokemp Doln\u00ed Morava - All4Camper\" \/>\n<meta property=\"og:description\" content=\"All4Camper - Kempy a zaj\u00edmav\u00e1 m\u00edsta - Z\u00e1bava po cel\u00fd rok - to je autokemp Doln\u00ed Morava\" \/>\n<meta property=\"og:url\" content=\"https:\/\/all4camper.com\/cs\/uz-vim-proc-mi-karavaniste-doporucuji-kemp-v-dolni-morave-ostatne-poslechnete-si-sami\/\" \/>\n<meta property=\"og:site_name\" content=\"All4Camper\" \/>\n<meta property=\"article:published_time\" content=\"2022-02-28T14:09:27+00:00\" \/>\n<meta property=\"article:modified_time\" content=\"2022-12-13T13:14:59+00:00\" \/>\n<meta property=\"og:image\" content=\"https:\/\/all4camper.com\/wp-content\/uploads\/2022\/02\/IMG_6093-scaled.jpg\" \/>\n\t<meta property=\"og:image:width\" content=\"2560\" \/>\n\t<meta property=\"og:image:height\" content=\"1920\" \/>\n\t<meta property=\"og:image:type\" content=\"image\/jpeg\" \/>\n<meta name=\"author\" content=\"Kl\u00e1ra H\u00e1jkov\u00e1\" \/>\n<meta name=\"twitter:card\" content=\"summary_large_image\" \/>\n<meta name=\"twitter:label1\" content=\"Napsal(a)\" \/>\n\t<meta name=\"twitter:data1\" content=\"Kl\u00e1ra H\u00e1jkov\u00e1\" \/>\n\t<meta name=\"twitter:label2\" content=\"Odhadovan\u00e1 doba \u010dten\u00ed\" \/>\n\t<meta name=\"twitter:data2\" content=\"3 minuty\" \/>\n<script type=\"application\/ld+json\" class=\"yoast-schema-graph\">{\"@context\":\"https:\\\/\\\/schema.org\",\"@graph\":[{\"@type\":\"Article\",\"@id\":\"https:\\\/\\\/all4camper.com\\\/cs\\\/uz-vim-proc-mi-karavaniste-doporucuji-kemp-v-dolni-morave-ostatne-poslechnete-si-sami\\\/#article\",\"isPartOf\":{\"@id\":\"https:\\\/\\\/all4camper.com\\\/cs\\\/uz-vim-proc-mi-karavaniste-doporucuji-kemp-v-dolni-morave-ostatne-poslechnete-si-sami\\\/\"},\"author\":{\"name\":\"Kl\u00e1ra H\u00e1jkov\u00e1\",\"@id\":\"https:\\\/\\\/all4camper.com\\\/cs\\\/#\\\/schema\\\/person\\\/c6f1efdf1d02bc7d8c53a891cbe18c62\"},\"headline\":\"Z\u00e1bava po cel\u00fd rok &#8211; to je autokemp Doln\u00ed Morava\",\"datePublished\":\"2022-02-28T14:09:27+00:00\",\"dateModified\":\"2022-12-13T13:14:59+00:00\",\"mainEntityOfPage\":{\"@id\":\"https:\\\/\\\/all4camper.com\\\/cs\\\/uz-vim-proc-mi-karavaniste-doporucuji-kemp-v-dolni-morave-ostatne-poslechnete-si-sami\\\/\"},\"wordCount\":439,\"publisher\":{\"@id\":\"https:\\\/\\\/all4camper.com\\\/cs\\\/#organization\"},\"image\":{\"@id\":\"https:\\\/\\\/all4camper.com\\\/cs\\\/uz-vim-proc-mi-karavaniste-doporucuji-kemp-v-dolni-morave-ostatne-poslechnete-si-sami\\\/#primaryimage\"},\"thumbnailUrl\":\"https:\\\/\\\/all4camper.com\\\/wp-content\\\/uploads\\\/2022\\\/02\\\/IMG_6093-scaled.jpg\",\"keywords\":[\"Kempy a kempovac\u00ed m\u00edsta\",\"podcast\",\"studiokaravan\",\"Zimn\u00ed kempov\u00e1n\u00ed\"],\"articleSection\":[\"Kempy a zaj\u00edmav\u00e1 m\u00edsta\",\"Novinky - Kempov\u00e1n\u00ed a karavaning\",\"Studio Karavan\",\"Zimn\u00ed kempov\u00e1n\u00ed\"],\"inLanguage\":\"cs\"},{\"@type\":\"WebPage\",\"@id\":\"https:\\\/\\\/all4camper.com\\\/cs\\\/uz-vim-proc-mi-karavaniste-doporucuji-kemp-v-dolni-morave-ostatne-poslechnete-si-sami\\\/\",\"url\":\"https:\\\/\\\/all4camper.com\\\/cs\\\/uz-vim-proc-mi-karavaniste-doporucuji-kemp-v-dolni-morave-ostatne-poslechnete-si-sami\\\/\",\"name\":\"Z\u00e1bava po cel\u00fd rok - to je autokemp Doln\u00ed Morava - All4Camper\",\"isPartOf\":{\"@id\":\"https:\\\/\\\/all4camper.com\\\/cs\\\/#website\"},\"primaryImageOfPage\":{\"@id\":\"https:\\\/\\\/all4camper.com\\\/cs\\\/uz-vim-proc-mi-karavaniste-doporucuji-kemp-v-dolni-morave-ostatne-poslechnete-si-sami\\\/#primaryimage\"},\"image\":{\"@id\":\"https:\\\/\\\/all4camper.com\\\/cs\\\/uz-vim-proc-mi-karavaniste-doporucuji-kemp-v-dolni-morave-ostatne-poslechnete-si-sami\\\/#primaryimage\"},\"thumbnailUrl\":\"https:\\\/\\\/all4camper.com\\\/wp-content\\\/uploads\\\/2022\\\/02\\\/IMG_6093-scaled.jpg\",\"datePublished\":\"2022-02-28T14:09:27+00:00\",\"dateModified\":\"2022-12-13T13:14:59+00:00\",\"description\":\"All4Camper - Kempy a zaj\u00edmav\u00e1 m\u00edsta - Z\u00e1bava po cel\u00fd rok - to je autokemp Doln\u00ed Morava\",\"breadcrumb\":{\"@id\":\"https:\\\/\\\/all4camper.com\\\/cs\\\/uz-vim-proc-mi-karavaniste-doporucuji-kemp-v-dolni-morave-ostatne-poslechnete-si-sami\\\/#breadcrumb\"},\"inLanguage\":\"cs\",\"potentialAction\":[{\"@type\":\"ReadAction\",\"target\":[\"https:\\\/\\\/all4camper.com\\\/cs\\\/uz-vim-proc-mi-karavaniste-doporucuji-kemp-v-dolni-morave-ostatne-poslechnete-si-sami\\\/\"]}]},{\"@type\":\"ImageObject\",\"inLanguage\":\"cs\",\"@id\":\"https:\\\/\\\/all4camper.com\\\/cs\\\/uz-vim-proc-mi-karavaniste-doporucuji-kemp-v-dolni-morave-ostatne-poslechnete-si-sami\\\/#primaryimage\",\"url\":\"https:\\\/\\\/all4camper.com\\\/wp-content\\\/uploads\\\/2022\\\/02\\\/IMG_6093-scaled.jpg\",\"contentUrl\":\"https:\\\/\\\/all4camper.com\\\/wp-content\\\/uploads\\\/2022\\\/02\\\/IMG_6093-scaled.jpg\",\"width\":2560,\"height\":1920},{\"@type\":\"BreadcrumbList\",\"@id\":\"https:\\\/\\\/all4camper.com\\\/cs\\\/uz-vim-proc-mi-karavaniste-doporucuji-kemp-v-dolni-morave-ostatne-poslechnete-si-sami\\\/#breadcrumb\",\"itemListElement\":[{\"@type\":\"ListItem\",\"position\":1,\"name\":\"Dom\u016f\",\"item\":\"https:\\\/\\\/all4camper.com\\\/cs\\\/\"},{\"@type\":\"ListItem\",\"position\":2,\"name\":\"Kempy a zaj\u00edmav\u00e1 m\u00edsta\",\"item\":\"https:\\\/\\\/all4camper.com\\\/cs\\\/category\\\/kempovani-a-zajimave-cile\\\/\"},{\"@type\":\"ListItem\",\"position\":3,\"name\":\"Z\u00e1bava po cel\u00fd rok &#8211; to je autokemp Doln\u00ed Morava\"}]},{\"@type\":\"WebSite\",\"@id\":\"https:\\\/\\\/all4camper.com\\\/cs\\\/#website\",\"url\":\"https:\\\/\\\/all4camper.com\\\/cs\\\/\",\"name\":\"All4Camper\",\"description\":\"Nejv\u011bt\u0161\u00ed online magaz\u00edn o kempov\u00e1n\u00ed a karavaninku. V\u00edce jak 900 \u010dl\u00e1nk\u016f pln\u00fdch rad a tip\u016f o kempech a kempov\u00e1n\u00ed.\",\"publisher\":{\"@id\":\"https:\\\/\\\/all4camper.com\\\/cs\\\/#organization\"},\"potentialAction\":[{\"@type\":\"SearchAction\",\"target\":{\"@type\":\"EntryPoint\",\"urlTemplate\":\"https:\\\/\\\/all4camper.com\\\/cs\\\/?s={search_term_string}\"},\"query-input\":{\"@type\":\"PropertyValueSpecification\",\"valueRequired\":true,\"valueName\":\"search_term_string\"}}],\"inLanguage\":\"cs\"},{\"@type\":\"Organization\",\"@id\":\"https:\\\/\\\/all4camper.com\\\/cs\\\/#organization\",\"name\":\"All4Camper - kempujeme s Kl\u00e1rou\",\"url\":\"https:\\\/\\\/all4camper.com\\\/cs\\\/\",\"logo\":{\"@type\":\"ImageObject\",\"inLanguage\":\"cs\",\"@id\":\"https:\\\/\\\/all4camper.com\\\/cs\\\/#\\\/schema\\\/logo\\\/image\\\/\",\"url\":\"https:\\\/\\\/all4camper.com\\\/wp-content\\\/uploads\\\/2018\\\/09\\\/novelogo.png\",\"contentUrl\":\"https:\\\/\\\/all4camper.com\\\/wp-content\\\/uploads\\\/2018\\\/09\\\/novelogo.png\",\"width\":1520,\"height\":600,\"caption\":\"All4Camper - kempujeme s Kl\u00e1rou\"},\"image\":{\"@id\":\"https:\\\/\\\/all4camper.com\\\/cs\\\/#\\\/schema\\\/logo\\\/image\\\/\"}},{\"@type\":\"Person\",\"@id\":\"https:\\\/\\\/all4camper.com\\\/cs\\\/#\\\/schema\\\/person\\\/c6f1efdf1d02bc7d8c53a891cbe18c62\",\"name\":\"Kl\u00e1ra H\u00e1jkov\u00e1\",\"sameAs\":[\"http:\\\/\\\/www.all4camper.com\"],\"url\":\"https:\\\/\\\/all4camper.com\\\/cs\\\/author\\\/klarinkacestuje1\\\/\"}]}<\/script>\n<!-- \/ Yoast SEO plugin. -->","yoast_head_json":{"title":"Z\u00e1bava po cel\u00fd rok - to je autokemp Doln\u00ed Morava - All4Camper","description":"All4Camper - Kempy a zaj\u00edmav\u00e1 m\u00edsta - Z\u00e1bava po cel\u00fd rok - to je autokemp Doln\u00ed Morava","robots":{"index":"index","follow":"follow","max-snippet":"max-snippet:-1","max-image-preview":"max-image-preview:large","max-video-preview":"max-video-preview:-1"},"canonical":"https:\/\/all4camper.com\/cs\/uz-vim-proc-mi-karavaniste-doporucuji-kemp-v-dolni-morave-ostatne-poslechnete-si-sami\/","og_locale":"cs_CZ","og_type":"article","og_title":"Z\u00e1bava po cel\u00fd rok - to je autokemp Doln\u00ed Morava - All4Camper","og_description":"All4Camper - Kempy a zaj\u00edmav\u00e1 m\u00edsta - Z\u00e1bava po cel\u00fd rok - to je autokemp Doln\u00ed Morava","og_url":"https:\/\/all4camper.com\/cs\/uz-vim-proc-mi-karavaniste-doporucuji-kemp-v-dolni-morave-ostatne-poslechnete-si-sami\/","og_site_name":"All4Camper","article_published_time":"2022-02-28T14:09:27+00:00","article_modified_time":"2022-12-13T13:14:59+00:00","og_image":[{"width":2560,"height":1920,"url":"https:\/\/all4camper.com\/wp-content\/uploads\/2022\/02\/IMG_6093-scaled.jpg","type":"image\/jpeg"}],"author":"Kl\u00e1ra H\u00e1jkov\u00e1","twitter_card":"summary_large_image","twitter_misc":{"Napsal(a)":"Kl\u00e1ra H\u00e1jkov\u00e1","Odhadovan\u00e1 doba \u010dten\u00ed":"3 minuty"},"schema":{"@context":"https:\/\/schema.org","@graph":[{"@type":"Article","@id":"https:\/\/all4camper.com\/cs\/uz-vim-proc-mi-karavaniste-doporucuji-kemp-v-dolni-morave-ostatne-poslechnete-si-sami\/#article","isPartOf":{"@id":"https:\/\/all4camper.com\/cs\/uz-vim-proc-mi-karavaniste-doporucuji-kemp-v-dolni-morave-ostatne-poslechnete-si-sami\/"},"author":{"name":"Kl\u00e1ra H\u00e1jkov\u00e1","@id":"https:\/\/all4camper.com\/cs\/#\/schema\/person\/c6f1efdf1d02bc7d8c53a891cbe18c62"},"headline":"Z\u00e1bava po cel\u00fd rok &#8211; to je autokemp Doln\u00ed Morava","datePublished":"2022-02-28T14:09:27+00:00","dateModified":"2022-12-13T13:14:59+00:00","mainEntityOfPage":{"@id":"https:\/\/all4camper.com\/cs\/uz-vim-proc-mi-karavaniste-doporucuji-kemp-v-dolni-morave-ostatne-poslechnete-si-sami\/"},"wordCount":439,"publisher":{"@id":"https:\/\/all4camper.com\/cs\/#organization"},"image":{"@id":"https:\/\/all4camper.com\/cs\/uz-vim-proc-mi-karavaniste-doporucuji-kemp-v-dolni-morave-ostatne-poslechnete-si-sami\/#primaryimage"},"thumbnailUrl":"https:\/\/all4camper.com\/wp-content\/uploads\/2022\/02\/IMG_6093-scaled.jpg","keywords":["Kempy a kempovac\u00ed m\u00edsta","podcast","studiokaravan","Zimn\u00ed kempov\u00e1n\u00ed"],"articleSection":["Kempy a zaj\u00edmav\u00e1 m\u00edsta","Novinky - Kempov\u00e1n\u00ed a karavaning","Studio Karavan","Zimn\u00ed kempov\u00e1n\u00ed"],"inLanguage":"cs"},{"@type":"WebPage","@id":"https:\/\/all4camper.com\/cs\/uz-vim-proc-mi-karavaniste-doporucuji-kemp-v-dolni-morave-ostatne-poslechnete-si-sami\/","url":"https:\/\/all4camper.com\/cs\/uz-vim-proc-mi-karavaniste-doporucuji-kemp-v-dolni-morave-ostatne-poslechnete-si-sami\/","name":"Z\u00e1bava po cel\u00fd rok - to je autokemp Doln\u00ed Morava - All4Camper","isPartOf":{"@id":"https:\/\/all4camper.com\/cs\/#website"},"primaryImageOfPage":{"@id":"https:\/\/all4camper.com\/cs\/uz-vim-proc-mi-karavaniste-doporucuji-kemp-v-dolni-morave-ostatne-poslechnete-si-sami\/#primaryimage"},"image":{"@id":"https:\/\/all4camper.com\/cs\/uz-vim-proc-mi-karavaniste-doporucuji-kemp-v-dolni-morave-ostatne-poslechnete-si-sami\/#primaryimage"},"thumbnailUrl":"https:\/\/all4camper.com\/wp-content\/uploads\/2022\/02\/IMG_6093-scaled.jpg","datePublished":"2022-02-28T14:09:27+00:00","dateModified":"2022-12-13T13:14:59+00:00","description":"All4Camper - Kempy a zaj\u00edmav\u00e1 m\u00edsta - Z\u00e1bava po cel\u00fd rok - to je autokemp Doln\u00ed Morava","breadcrumb":{"@id":"https:\/\/all4camper.com\/cs\/uz-vim-proc-mi-karavaniste-doporucuji-kemp-v-dolni-morave-ostatne-poslechnete-si-sami\/#breadcrumb"},"inLanguage":"cs","potentialAction":[{"@type":"ReadAction","target":["https:\/\/all4camper.com\/cs\/uz-vim-proc-mi-karavaniste-doporucuji-kemp-v-dolni-morave-ostatne-poslechnete-si-sami\/"]}]},{"@type":"ImageObject","inLanguage":"cs","@id":"https:\/\/all4camper.com\/cs\/uz-vim-proc-mi-karavaniste-doporucuji-kemp-v-dolni-morave-ostatne-poslechnete-si-sami\/#primaryimage","url":"https:\/\/all4camper.com\/wp-content\/uploads\/2022\/02\/IMG_6093-scaled.jpg","contentUrl":"https:\/\/all4camper.com\/wp-content\/uploads\/2022\/02\/IMG_6093-scaled.jpg","width":2560,"height":1920},{"@type":"BreadcrumbList","@id":"https:\/\/all4camper.com\/cs\/uz-vim-proc-mi-karavaniste-doporucuji-kemp-v-dolni-morave-ostatne-poslechnete-si-sami\/#breadcrumb","itemListElement":[{"@type":"ListItem","position":1,"name":"Dom\u016f","item":"https:\/\/all4camper.com\/cs\/"},{"@type":"ListItem","position":2,"name":"Kempy a zaj\u00edmav\u00e1 m\u00edsta","item":"https:\/\/all4camper.com\/cs\/category\/kempovani-a-zajimave-cile\/"},{"@type":"ListItem","position":3,"name":"Z\u00e1bava po cel\u00fd rok &#8211; to je autokemp Doln\u00ed Morava"}]},{"@type":"WebSite","@id":"https:\/\/all4camper.com\/cs\/#website","url":"https:\/\/all4camper.com\/cs\/","name":"All4Camper","description":"Nejv\u011bt\u0161\u00ed online magaz\u00edn o kempov\u00e1n\u00ed a karavaninku. V\u00edce jak 900 \u010dl\u00e1nk\u016f pln\u00fdch rad a tip\u016f o kempech a kempov\u00e1n\u00ed.","publisher":{"@id":"https:\/\/all4camper.com\/cs\/#organization"},"potentialAction":[{"@type":"SearchAction","target":{"@type":"EntryPoint","urlTemplate":"https:\/\/all4camper.com\/cs\/?s={search_term_string}"},"query-input":{"@type":"PropertyValueSpecification","valueRequired":true,"valueName":"search_term_string"}}],"inLanguage":"cs"},{"@type":"Organization","@id":"https:\/\/all4camper.com\/cs\/#organization","name":"All4Camper - kempujeme s Kl\u00e1rou","url":"https:\/\/all4camper.com\/cs\/","logo":{"@type":"ImageObject","inLanguage":"cs","@id":"https:\/\/all4camper.com\/cs\/#\/schema\/logo\/image\/","url":"https:\/\/all4camper.com\/wp-content\/uploads\/2018\/09\/novelogo.png","contentUrl":"https:\/\/all4camper.com\/wp-content\/uploads\/2018\/09\/novelogo.png","width":1520,"height":600,"caption":"All4Camper - kempujeme s Kl\u00e1rou"},"image":{"@id":"https:\/\/all4camper.com\/cs\/#\/schema\/logo\/image\/"}},{"@type":"Person","@id":"https:\/\/all4camper.com\/cs\/#\/schema\/person\/c6f1efdf1d02bc7d8c53a891cbe18c62","name":"Kl\u00e1ra H\u00e1jkov\u00e1","sameAs":["http:\/\/www.all4camper.com"],"url":"https:\/\/all4camper.com\/cs\/author\/klarinkacestuje1\/"}]}},"_links":{"self":[{"href":"https:\/\/all4camper.com\/cs\/wp-json\/wp\/v2\/posts\/139646","targetHints":{"allow":["GET"]}}],"collection":[{"href":"https:\/\/all4camper.com\/cs\/wp-json\/wp\/v2\/posts"}],"about":[{"href":"https:\/\/all4camper.com\/cs\/wp-json\/wp\/v2\/types\/post"}],"author":[{"embeddable":true,"href":"https:\/\/all4camper.com\/cs\/wp-json\/wp\/v2\/users\/4"}],"replies":[{"embeddable":true,"href":"https:\/\/all4camper.com\/cs\/wp-json\/wp\/v2\/comments?post=139646"}],"version-history":[{"count":0,"href":"https:\/\/all4camper.com\/cs\/wp-json\/wp\/v2\/posts\/139646\/revisions"}],"wp:featuredmedia":[{"embeddable":true,"href":"https:\/\/all4camper.com\/cs\/wp-json\/wp\/v2\/media\/139649"}],"wp:attachment":[{"href":"https:\/\/all4camper.com\/cs\/wp-json\/wp\/v2\/media?parent=139646"}],"wp:term":[{"taxonomy":"category","embeddable":true,"href":"https:\/\/all4camper.com\/cs\/wp-json\/wp\/v2\/categories?post=139646"},{"taxonomy":"post_tag","embeddable":true,"href":"https:\/\/all4camper.com\/cs\/wp-json\/wp\/v2\/tags?post=139646"}],"curies":[{"name":"wp","href":"https:\/\/api.w.org\/{rel}","templated":true}]}}