{"id":139477,"date":"2022-02-21T13:34:05","date_gmt":"2022-02-21T12:34:05","guid":{"rendered":"https:\/\/all4camper.com\/\/?p=139477"},"modified":"2022-02-21T14:38:42","modified_gmt":"2022-02-21T13:38:42","slug":"karavanem-do-slovinska-kempovani-a-koupani-ve-meste-ptuj","status":"publish","type":"post","link":"https:\/\/all4camper.com\/cs\/karavanem-do-slovinska-kempovani-a-koupani-ve-meste-ptuj\/","title":{"rendered":"Karavanem do Slovinska \u2013 kempov\u00e1n\u00ed a koup\u00e1n\u00ed ve m\u011bst\u011b Ptuj"},"content":{"rendered":"\n<p><strong>M\u011bsto Ptuj je jedn\u00edm z nejstar\u0161\u00edch m\u011bst ve Slovinsku nach\u00e1zej\u00edc\u00ed se jen n\u011bkolik kilometr\u016f od Mariboru. Krom\u011b toho, \u017ee m\u00e1 bohatou historii a kouzelnou atmosf\u00e9ru, nab\u00edz\u00ed kempa\u0159\u016fm kempov\u00e1n\u00ed ve zdej\u0161\u00edm <a href=\"https:\/\/www.sava-camping.com\/si\/camping-terme-ptuj\/kamping\" target=\"_blank\" rel=\"noreferrer noopener\">hezk\u00e9m a klidn\u00e9m kempu <\/a>hned u term\u00e1ln\u00edch l\u00e1zn\u00ed Terme Ptuj. D\u00edky tomu tak m\u016f\u017eete va\u0161i dovolenou spojit s kempov\u00e1n\u00edm, koup\u00e1n\u00edm a pozn\u00e1v\u00e1n\u00edm kr\u00e1s tohoto m\u011bsta.<\/strong> <strong>Poj\u010fme si tedy toto m\u011bsto v\u00edce p\u0159edstavit a z\u00e1rove\u0148 si i \u0159\u00edci, jak\u00e9 turistick\u00e9 zaj\u00edmavosti najdete v jeho okol\u00ed.<\/strong><\/p>\n\n\n\n<figure class=\"wp-block-image size-full\"><img loading=\"lazy\" decoding=\"async\" width=\"1200\" height=\"800\" src=\"https:\/\/all4camper.com\/\/wp-content\/uploads\/2022\/02\/kamp-terme-ptuj-2-\u2013-kopija.jpg\" alt=\"\" class=\"wp-image-139566\" srcset=\"https:\/\/all4camper.com\/wp-content\/uploads\/2022\/02\/kamp-terme-ptuj-2-\u2013-kopija.jpg 1200w, https:\/\/all4camper.com\/wp-content\/uploads\/2022\/02\/kamp-terme-ptuj-2-\u2013-kopija-300x200.jpg 300w, https:\/\/all4camper.com\/wp-content\/uploads\/2022\/02\/kamp-terme-ptuj-2-\u2013-kopija-150x100.jpg 150w, https:\/\/all4camper.com\/wp-content\/uploads\/2022\/02\/kamp-terme-ptuj-2-\u2013-kopija-768x512.jpg 768w, https:\/\/all4camper.com\/wp-content\/uploads\/2022\/02\/kamp-terme-ptuj-2-\u2013-kopija-696x464.jpg 696w, https:\/\/all4camper.com\/wp-content\/uploads\/2022\/02\/kamp-terme-ptuj-2-\u2013-kopija-1068x712.jpg 1068w\" sizes=\"auto, (max-width: 1200px) 100vw, 1200px\" \/><\/figure>\n\n\n\n<h3 class=\"wp-block-heading\" id=\"ubytovani\"><strong>Ubytov\u00e1n\u00ed<\/strong><\/h3>\n\n\n\n<p><strong>Kemp&nbsp;<\/strong><a href=\"https:\/\/www.sava-camping.com\/en\/terme-ptuj-camping\/terme-ptuj-camping\" target=\"_blank\" rel=\"noreferrer noopener\"><strong>Camping Terme Ptuj<\/strong><\/a> najdete jen kousek od hotelu Sava a jen n\u011bkolik des\u00edtek metr\u016f od term\u00e1ln\u00edch l\u00e1zn\u00ed. V kempu m\u00e1te mo\u017enost, krom\u011b kempov\u00e1n\u00ed ve vlastn\u00edm obytn\u00e9m voze, p\u0159\u00edv\u011bsu \u010di stanu, si pronajmout mobiln\u00ed d\u016fm, nebo <strong>k pobytu vyu\u017e\u00edt atrakci tohoto kempu \u2013 obytn\u00fd vinn\u00fd sud.<\/strong> Kemp v&nbsp;ned\u00e1vn\u00e9 dob\u011b pro\u0161el modernizac\u00ed a v&nbsp;sou\u010dasn\u00e9 dob\u011b nab\u00edz\u00ed kr\u00e1sn\u00e9 mobiln\u00ed domy a nov\u00e9 soci\u00e1ln\u00ed za\u0159\u00edzen\u00ed. V kempu jsou ji\u017e tradi\u010dn\u011b rozd\u011bleny pozemky, kdy ka\u017ed\u00fd z nich m\u00e1 elektrickou p\u0159\u00edpojkou. Nechyb\u00ed ani kvalitn\u00ed sanit\u00e1rn\u00ed vybaven\u00ed. Pro jednodenn\u00ed zastaven\u00ed je mo\u017en\u00e9 vyu\u017e\u00edt <strong>p\u0159ed kempem mal\u00fd stellpatz<\/strong>, kde je k dispozici i servisn\u00ed m\u00edsto.<\/p>\n\n\n\n<figure class=\"wp-block-gallery has-nested-images columns-2 is-cropped wp-block-gallery-1 is-layout-flex wp-block-gallery-is-layout-flex\">\n<figure class=\"wp-block-image size-large\"><a href=\"https:\/\/all4camper.com\/\/cs\/?attachment_id=139568\"><img loading=\"lazy\" decoding=\"async\" width=\"1200\" height=\"800\" data-id=\"139568\" src=\"https:\/\/all4camper.com\/\/wp-content\/uploads\/2022\/02\/New_mobile_house_04_TP_fotoBD_2019_lowres.jpg\" alt=\"\" class=\"wp-image-139568\" srcset=\"https:\/\/all4camper.com\/wp-content\/uploads\/2022\/02\/New_mobile_house_04_TP_fotoBD_2019_lowres.jpg 1200w, https:\/\/all4camper.com\/wp-content\/uploads\/2022\/02\/New_mobile_house_04_TP_fotoBD_2019_lowres-300x200.jpg 300w, https:\/\/all4camper.com\/wp-content\/uploads\/2022\/02\/New_mobile_house_04_TP_fotoBD_2019_lowres-150x100.jpg 150w, https:\/\/all4camper.com\/wp-content\/uploads\/2022\/02\/New_mobile_house_04_TP_fotoBD_2019_lowres-768x512.jpg 768w, https:\/\/all4camper.com\/wp-content\/uploads\/2022\/02\/New_mobile_house_04_TP_fotoBD_2019_lowres-696x464.jpg 696w, https:\/\/all4camper.com\/wp-content\/uploads\/2022\/02\/New_mobile_house_04_TP_fotoBD_2019_lowres-1068x712.jpg 1068w\" sizes=\"auto, (max-width: 1200px) 100vw, 1200px\" \/><\/a><\/figure>\n\n\n\n<figure class=\"wp-block-image size-large\"><a href=\"https:\/\/all4camper.com\/\/cs\/?attachment_id=139570\"><img loading=\"lazy\" decoding=\"async\" width=\"1200\" height=\"800\" data-id=\"139570\" src=\"https:\/\/all4camper.com\/\/wp-content\/uploads\/2022\/02\/New_mobile_house_06_TP_fotoBD_2019_lowres.jpg\" alt=\"\" class=\"wp-image-139570\" srcset=\"https:\/\/all4camper.com\/wp-content\/uploads\/2022\/02\/New_mobile_house_06_TP_fotoBD_2019_lowres.jpg 1200w, https:\/\/all4camper.com\/wp-content\/uploads\/2022\/02\/New_mobile_house_06_TP_fotoBD_2019_lowres-300x200.jpg 300w, https:\/\/all4camper.com\/wp-content\/uploads\/2022\/02\/New_mobile_house_06_TP_fotoBD_2019_lowres-150x100.jpg 150w, https:\/\/all4camper.com\/wp-content\/uploads\/2022\/02\/New_mobile_house_06_TP_fotoBD_2019_lowres-768x512.jpg 768w, https:\/\/all4camper.com\/wp-content\/uploads\/2022\/02\/New_mobile_house_06_TP_fotoBD_2019_lowres-696x464.jpg 696w, https:\/\/all4camper.com\/wp-content\/uploads\/2022\/02\/New_mobile_house_06_TP_fotoBD_2019_lowres-1068x712.jpg 1068w\" sizes=\"auto, (max-width: 1200px) 100vw, 1200px\" \/><\/a><\/figure>\n\n\n\n<figure class=\"wp-block-image size-large\"><a href=\"https:\/\/all4camper.com\/\/cs\/?attachment_id=139572\"><img loading=\"lazy\" decoding=\"async\" width=\"1200\" height=\"800\" data-id=\"139572\" src=\"https:\/\/all4camper.com\/\/wp-content\/uploads\/2022\/02\/New_mobile_house_01_TP_fotoBD_2019_lowres.jpg\" alt=\"\" class=\"wp-image-139572\" srcset=\"https:\/\/all4camper.com\/wp-content\/uploads\/2022\/02\/New_mobile_house_01_TP_fotoBD_2019_lowres.jpg 1200w, https:\/\/all4camper.com\/wp-content\/uploads\/2022\/02\/New_mobile_house_01_TP_fotoBD_2019_lowres-300x200.jpg 300w, https:\/\/all4camper.com\/wp-content\/uploads\/2022\/02\/New_mobile_house_01_TP_fotoBD_2019_lowres-150x100.jpg 150w, https:\/\/all4camper.com\/wp-content\/uploads\/2022\/02\/New_mobile_house_01_TP_fotoBD_2019_lowres-768x512.jpg 768w, https:\/\/all4camper.com\/wp-content\/uploads\/2022\/02\/New_mobile_house_01_TP_fotoBD_2019_lowres-696x464.jpg 696w, https:\/\/all4camper.com\/wp-content\/uploads\/2022\/02\/New_mobile_house_01_TP_fotoBD_2019_lowres-1068x712.jpg 1068w\" sizes=\"auto, (max-width: 1200px) 100vw, 1200px\" \/><\/a><\/figure>\n<\/figure>\n\n\n\n<p>Z kempu to je do term\u00e1ln\u00edch l\u00e1zn\u00ed (Aquaparku) cca 100 m. <strong>V r\u00e1mci vstupn\u00e9ho m\u016f\u017eete proj\u00edt turniketem celkem dvakr\u00e1t b\u011bhem dne (sm\u011brem do l\u00e1zn\u00ed).<\/strong> M\u016f\u017eete je tedy jednou opustit, zaj\u00edt se t\u0159eba naj\u00edst, nebo si jinak odpo\u010dinout do kempu, a pak se zase vr\u00e1tit.<\/p>\n\n\n\n<p>Vnit\u0159n\u00ed term\u00e1ln\u00ed l\u00e1zn\u011b nejsou nijak velik\u00e9, ale tak\u00e9 nejsou p\u0159elidn\u011bn\u00e9. <strong>Najdete v nich velk\u00fd plaveck\u00fd baz\u00e9n, t\u0159i velk\u00e9 whirlpooly, d\u011btsk\u00fd baz\u00e9n a baz\u00e9n s term\u00e1ln\u00ed l\u00e9\u010divou vodou.<\/strong> Celoro\u010dn\u011b je v t\u011bchto prostorech v provozu tak\u00e9 mal\u00fd venkovn\u00ed baz\u00e9n s tobog\u00e1nem.<\/p>\n\n\n\n<figure class=\"wp-block-image size-full\"><img loading=\"lazy\" decoding=\"async\" width=\"1200\" height=\"800\" src=\"https:\/\/all4camper.com\/\/wp-content\/uploads\/2022\/02\/Family_01_water_park_indoor_TP_fotoBD_2019_lowres.jpg\" alt=\"\" class=\"wp-image-139574\" srcset=\"https:\/\/all4camper.com\/wp-content\/uploads\/2022\/02\/Family_01_water_park_indoor_TP_fotoBD_2019_lowres.jpg 1200w, https:\/\/all4camper.com\/wp-content\/uploads\/2022\/02\/Family_01_water_park_indoor_TP_fotoBD_2019_lowres-300x200.jpg 300w, https:\/\/all4camper.com\/wp-content\/uploads\/2022\/02\/Family_01_water_park_indoor_TP_fotoBD_2019_lowres-150x100.jpg 150w, https:\/\/all4camper.com\/wp-content\/uploads\/2022\/02\/Family_01_water_park_indoor_TP_fotoBD_2019_lowres-768x512.jpg 768w, https:\/\/all4camper.com\/wp-content\/uploads\/2022\/02\/Family_01_water_park_indoor_TP_fotoBD_2019_lowres-696x464.jpg 696w, https:\/\/all4camper.com\/wp-content\/uploads\/2022\/02\/Family_01_water_park_indoor_TP_fotoBD_2019_lowres-1068x712.jpg 1068w\" sizes=\"auto, (max-width: 1200px) 100vw, 1200px\" \/><\/figure>\n\n\n\n<p>Naopak v l\u00e9t\u011b m\u016f\u017eete vyu\u017e\u00edt jak tyto vnit\u0159n\u00ed term\u00e1ln\u00ed l\u00e1zn\u011b, tak p\u0159ilehl\u00fd <strong>venkovn\u00ed akvapark s mnoha vodn\u00edmi atrakcemi a tobog\u00e1ny v\u010detn\u011b velk\u00e9 opalovac\u00ed travnat\u00e9 plochy<\/strong>. Pokud bych m\u011bla napsat sv\u016fj n\u00e1zor, tak v m\u011bs\u00edc\u00edch, kdy je zav\u0159ena venkovn\u00ed \u010d\u00e1st aquaparku bych vyu\u017eila sp\u00ed\u0161e nab\u00eddku SPA hotelu Primus, o kter\u00e9 budu ps\u00e1t n\u00ed\u017ee.<\/p>\n\n\n\n<p>Pokud byste se rozhodli \u201erozmazlit\u201c o n\u011bco v\u00edce, m\u016f\u017eete vyu\u017e\u00edt nab\u00eddku ubytov\u00e1n\u00ed&nbsp;<a href=\"https:\/\/www.sava-hotels-resorts.com\/si\/terme-ptuj\/nastanitve\/grand-hotel-primus\" target=\"_blank\" rel=\"noreferrer noopener\"><strong>Grand hotelu Primus.<\/strong><\/a> Sou\u010d\u00e1st\u00ed ubytov\u00e1n\u00ed <strong>v hotelu m\u00e1te vstupn\u00e9 do hotelov\u00fdch term\u00e1ln\u00edch l\u00e1zn\u00ed<\/strong>, kde je jeden vnit\u0159n\u00ed a jeden venkovn\u00ed baz\u00e9n a z\u00e1rove\u0148<strong> i do term\u00e1ln\u00edch l\u00e1zn\u00ed Ptuj<\/strong> nach\u00e1zej\u00edc\u00edch se p\u0159\u00edmo naproti hotelu.<\/p>\n\n\n\n<figure class=\"wp-block-gallery has-nested-images columns-2 is-cropped wp-block-gallery-2 is-layout-flex wp-block-gallery-is-layout-flex\">\n<figure class=\"wp-block-image size-full\"><img loading=\"lazy\" decoding=\"async\" width=\"1200\" height=\"800\" data-id=\"139578\" src=\"https:\/\/all4camper.com\/\/wp-content\/uploads\/2022\/02\/Family_water_park_outdoor_04_TP_fotoBD_2019_lowres.jpg\" alt=\"\" class=\"wp-image-139578\" srcset=\"https:\/\/all4camper.com\/wp-content\/uploads\/2022\/02\/Family_water_park_outdoor_04_TP_fotoBD_2019_lowres.jpg 1200w, https:\/\/all4camper.com\/wp-content\/uploads\/2022\/02\/Family_water_park_outdoor_04_TP_fotoBD_2019_lowres-300x200.jpg 300w, https:\/\/all4camper.com\/wp-content\/uploads\/2022\/02\/Family_water_park_outdoor_04_TP_fotoBD_2019_lowres-150x100.jpg 150w, https:\/\/all4camper.com\/wp-content\/uploads\/2022\/02\/Family_water_park_outdoor_04_TP_fotoBD_2019_lowres-768x512.jpg 768w, https:\/\/all4camper.com\/wp-content\/uploads\/2022\/02\/Family_water_park_outdoor_04_TP_fotoBD_2019_lowres-696x464.jpg 696w, https:\/\/all4camper.com\/wp-content\/uploads\/2022\/02\/Family_water_park_outdoor_04_TP_fotoBD_2019_lowres-1068x712.jpg 1068w\" sizes=\"auto, (max-width: 1200px) 100vw, 1200px\" \/><\/figure>\n\n\n\n<figure class=\"wp-block-image size-large\"><a href=\"https:\/\/all4camper.com\/\/cs\/?attachment_id=139576\"><img loading=\"lazy\" decoding=\"async\" width=\"1024\" height=\"681\" data-id=\"139576\" src=\"https:\/\/all4camper.com\/\/wp-content\/uploads\/2022\/02\/Water-slide_08_Water-Park_TP_Foto-ZV_09-14_low-res.jpg\" alt=\"\" class=\"wp-image-139576\" srcset=\"https:\/\/all4camper.com\/wp-content\/uploads\/2022\/02\/Water-slide_08_Water-Park_TP_Foto-ZV_09-14_low-res.jpg 1024w, https:\/\/all4camper.com\/wp-content\/uploads\/2022\/02\/Water-slide_08_Water-Park_TP_Foto-ZV_09-14_low-res-300x200.jpg 300w, https:\/\/all4camper.com\/wp-content\/uploads\/2022\/02\/Water-slide_08_Water-Park_TP_Foto-ZV_09-14_low-res-150x100.jpg 150w, https:\/\/all4camper.com\/wp-content\/uploads\/2022\/02\/Water-slide_08_Water-Park_TP_Foto-ZV_09-14_low-res-768x511.jpg 768w, https:\/\/all4camper.com\/wp-content\/uploads\/2022\/02\/Water-slide_08_Water-Park_TP_Foto-ZV_09-14_low-res-696x463.jpg 696w\" sizes=\"auto, (max-width: 1024px) 100vw, 1024px\" \/><\/a><\/figure>\n\n\n\n<figure class=\"wp-block-image size-large\"><a href=\"https:\/\/all4camper.com\/\/cs\/?attachment_id=139579\"><img loading=\"lazy\" decoding=\"async\" width=\"1200\" height=\"800\" data-id=\"139579\" src=\"https:\/\/all4camper.com\/\/wp-content\/uploads\/2022\/02\/Couple_water_park_outdoor_01_TP_fotoBD_2019_lowres.jpg\" alt=\"\" class=\"wp-image-139579\" srcset=\"https:\/\/all4camper.com\/wp-content\/uploads\/2022\/02\/Couple_water_park_outdoor_01_TP_fotoBD_2019_lowres.jpg 1200w, https:\/\/all4camper.com\/wp-content\/uploads\/2022\/02\/Couple_water_park_outdoor_01_TP_fotoBD_2019_lowres-300x200.jpg 300w, https:\/\/all4camper.com\/wp-content\/uploads\/2022\/02\/Couple_water_park_outdoor_01_TP_fotoBD_2019_lowres-150x100.jpg 150w, https:\/\/all4camper.com\/wp-content\/uploads\/2022\/02\/Couple_water_park_outdoor_01_TP_fotoBD_2019_lowres-768x512.jpg 768w, https:\/\/all4camper.com\/wp-content\/uploads\/2022\/02\/Couple_water_park_outdoor_01_TP_fotoBD_2019_lowres-696x464.jpg 696w, https:\/\/all4camper.com\/wp-content\/uploads\/2022\/02\/Couple_water_park_outdoor_01_TP_fotoBD_2019_lowres-1068x712.jpg 1068w\" sizes=\"auto, (max-width: 1200px) 100vw, 1200px\" \/><\/a><\/figure>\n<\/figure>\n\n\n\n<p>Co m\u011b osobn\u011b v tomto hotelu hodn\u011b zaujalo, je mo\u017enost si do vany, kter\u00e1 je sou\u010d\u00e1st\u00ed v\u011bt\u0161iny pokoj\u016f, napustit term\u00e1ln\u00ed vodu. D\u00edky tomu, pokud se v\u00e1m z jak\u00e9hokoliv d\u016fvodu nebude cht\u00edt nav\u0161t\u00edvit l\u00e1zn\u011b, si m\u016f\u017eete l\u00e9\u010debnou l\u00e1ze\u0148 dop\u0159\u00e1t v soukrom\u00ed hotelov\u00e9ho pokoje.<\/p>\n\n\n\n<figure class=\"wp-block-image size-large\"><img loading=\"lazy\" decoding=\"async\" width=\"1440\" height=\"1080\" src=\"https:\/\/all4camper.com\/\/wp-content\/uploads\/2022\/02\/IMG_5607-1440x1080.jpeg\" alt=\"\" class=\"wp-image-139581\" srcset=\"https:\/\/all4camper.com\/wp-content\/uploads\/2022\/02\/IMG_5607-1440x1080.jpeg 1440w, https:\/\/all4camper.com\/wp-content\/uploads\/2022\/02\/IMG_5607-300x225.jpeg 300w, https:\/\/all4camper.com\/wp-content\/uploads\/2022\/02\/IMG_5607-150x113.jpeg 150w, https:\/\/all4camper.com\/wp-content\/uploads\/2022\/02\/IMG_5607-768x576.jpeg 768w, https:\/\/all4camper.com\/wp-content\/uploads\/2022\/02\/IMG_5607-1536x1152.jpeg 1536w, https:\/\/all4camper.com\/wp-content\/uploads\/2022\/02\/IMG_5607-2048x1536.jpeg 2048w, https:\/\/all4camper.com\/wp-content\/uploads\/2022\/02\/IMG_5607-696x522.jpeg 696w, https:\/\/all4camper.com\/wp-content\/uploads\/2022\/02\/IMG_5607-1068x801.jpeg 1068w, https:\/\/all4camper.com\/wp-content\/uploads\/2022\/02\/IMG_5607-1920x1440.jpeg 1920w\" sizes=\"auto, (max-width: 1440px) 100vw, 1440px\" \/><\/figure>\n\n\n\n<p>Je\u0161t\u011b dod\u00e1v\u00e1m, \u017ee <strong>zdej\u0161\u00ed term\u00e1ln\u00ed pramen je vysoce l\u00e9\u010div\u00fd a vhodn\u00fd na rehabilitaci revmatick\u00fdch a degenerativn\u00edch onemocn\u011bn\u00ed. M\u00e1 tak\u00e9&nbsp;<\/strong>blahod\u00e1rn\u00fd \u00fa\u010dinek na pohybov\u00e9 \u00fastroj\u00ed a neurologick\u00e1 onemocn\u011bn\u00ed.<\/p>\n\n\n\n<h2 class=\"wp-block-heading\" id=\"uzijte-si-paradni-relax-ve-spa-casti-hotelu-primus\">U\u017eijte si par\u00e1dn\u00ed relax ve SPA \u010d\u00e1sti hotelu Primus<\/h2>\n\n\n\n<p>SPA v&nbsp;hotelu Grand Hotel Primus v&nbsp;Ptuji (pozor, nejedn\u00e1 se o v\u00fd\u0161e zmi\u0148ovan\u00e9 l\u00e1zn\u011b &#8211; aquapark) nab\u00edz\u00ed i v&nbsp;zim\u011b \u00fa\u017easn\u00fd wellness z\u00e1\u017eitek. Pokud se ubytujete jako camperstop na m\u00edstn\u00edm Stellplatzu, co\u017e v\u00e1s vyjde na 20 eur na pos\u00e1dku, <strong>m\u016f\u017eete nab\u00eddky hotelu vyu\u017e\u00edt i vy a dokoupit si t\u0159eba celodenn\u00ed vstup do vnit\u0159n\u00edho a venkovn\u00edho baz\u00e9nu, v\u00ed\u0159ivky a sauny.<\/strong> Samoz\u0159ejm\u011b tato nab\u00eddka plat\u00ed i pro ubytovan\u00e9 v kempu, av\u0161ak tam je cena kempov\u00e1n\u00ed vy\u0161\u0161\u00ed. Tak\u00e9 se vyplat\u00ed sledovat <a href=\"https:\/\/www.sava-camping.com\/si\/camping-terme-ptuj\/paketi-in-akcije\" target=\"_blank\" rel=\"noreferrer noopener\">akce<\/a>, kter\u00e9 kemp nab\u00edz\u00ed.<\/p>\n\n\n\n<p>N\u00e1s s Dav\u00edm velice nadchl bal\u00ed\u010dek vstupn\u00e9ho, kter\u00fd obsahoval celodenn\u00ed vstup do baz\u00e9nu, \u010dty\u0159i hodiny v&nbsp;saun\u011b a j\u00eddlo skl\u00e1daj\u00edc\u00ed se z&nbsp;pol\u00e9vky, hlavn\u00edho j\u00eddla a z\u00e1kusku. T<strong>o cel\u00e9 za cenu 39 eur.<\/strong> Jestli se v\u00e1m zd\u00e1 cena vysok\u00e1, v\u011b\u0159te, \u017ee jenom za j\u00eddlo v&nbsp;restauraci byste zaplatili nejm\u00e9n\u011b 25 eur. Za n\u00e1s se jednalo o velmi skv\u011blou nab\u00eddku. Vstupn\u00e9 bez j\u00eddla je tak\u00e9 mo\u017en\u00e9 a zaplat\u00edte 25 eur na osobu za den. Mus\u00edte o tuto slu\u017ebu v\u0161ak za\u017e\u00e1dat na recepci hotelov\u00e9ho spa v moment\u011b, kdy si vstup zakupujete.<\/p>\n\n\n\n<figure class=\"wp-block-gallery has-nested-images columns-1 is-cropped wp-block-gallery-3 is-layout-flex wp-block-gallery-is-layout-flex\">\n<figure class=\"wp-block-image size-large\"><a href=\"https:\/\/all4camper.com\/\/cs\/?attachment_id=139587\"><img loading=\"lazy\" decoding=\"async\" width=\"1440\" height=\"1080\" data-id=\"139587\" src=\"https:\/\/all4camper.com\/\/wp-content\/uploads\/2022\/02\/IMG_5563-1440x1080.jpeg\" alt=\"\" class=\"wp-image-139587\" srcset=\"https:\/\/all4camper.com\/wp-content\/uploads\/2022\/02\/IMG_5563-1440x1080.jpeg 1440w, https:\/\/all4camper.com\/wp-content\/uploads\/2022\/02\/IMG_5563-300x225.jpeg 300w, https:\/\/all4camper.com\/wp-content\/uploads\/2022\/02\/IMG_5563-150x113.jpeg 150w, https:\/\/all4camper.com\/wp-content\/uploads\/2022\/02\/IMG_5563-768x576.jpeg 768w, https:\/\/all4camper.com\/wp-content\/uploads\/2022\/02\/IMG_5563-1536x1152.jpeg 1536w, https:\/\/all4camper.com\/wp-content\/uploads\/2022\/02\/IMG_5563-2048x1536.jpeg 2048w, https:\/\/all4camper.com\/wp-content\/uploads\/2022\/02\/IMG_5563-696x522.jpeg 696w, https:\/\/all4camper.com\/wp-content\/uploads\/2022\/02\/IMG_5563-1068x801.jpeg 1068w, https:\/\/all4camper.com\/wp-content\/uploads\/2022\/02\/IMG_5563-1920x1440.jpeg 1920w\" sizes=\"auto, (max-width: 1440px) 100vw, 1440px\" \/><\/a><\/figure>\n\n\n\n<figure class=\"wp-block-image size-large\"><a href=\"https:\/\/all4camper.com\/\/cs\/?attachment_id=139588\"><img loading=\"lazy\" decoding=\"async\" width=\"2560\" height=\"1920\" data-id=\"139588\" src=\"https:\/\/all4camper.com\/\/wp-content\/uploads\/2022\/02\/IMG_5570-scaled.jpeg\" alt=\"\" class=\"wp-image-139588\" srcset=\"https:\/\/all4camper.com\/wp-content\/uploads\/2022\/02\/IMG_5570-scaled.jpeg 2560w, https:\/\/all4camper.com\/wp-content\/uploads\/2022\/02\/IMG_5570-300x225.jpeg 300w, https:\/\/all4camper.com\/wp-content\/uploads\/2022\/02\/IMG_5570-1440x1080.jpeg 1440w, https:\/\/all4camper.com\/wp-content\/uploads\/2022\/02\/IMG_5570-150x113.jpeg 150w, https:\/\/all4camper.com\/wp-content\/uploads\/2022\/02\/IMG_5570-768x576.jpeg 768w, https:\/\/all4camper.com\/wp-content\/uploads\/2022\/02\/IMG_5570-1536x1152.jpeg 1536w, https:\/\/all4camper.com\/wp-content\/uploads\/2022\/02\/IMG_5570-2048x1536.jpeg 2048w, https:\/\/all4camper.com\/wp-content\/uploads\/2022\/02\/IMG_5570-696x522.jpeg 696w, https:\/\/all4camper.com\/wp-content\/uploads\/2022\/02\/IMG_5570-1068x801.jpeg 1068w, https:\/\/all4camper.com\/wp-content\/uploads\/2022\/02\/IMG_5570-1920x1440.jpeg 1920w\" sizes=\"auto, (max-width: 2560px) 100vw, 2560px\" \/><\/a><\/figure>\n<\/figure>\n\n\n\n<p>Zdej\u0161\u00ed sauny jsou stylizovan\u00e9 do \u0159\u00edmsk\u00fdch l\u00e1zn\u00ed a u\u017eijete si zde finskou saunu, infrasaunu i dv\u011b parn\u00ed sauny s&nbsp;v\u016fn\u00ed eukalyptu a citronu. Samoz\u0159ejm\u011b tu nechyb\u00ed ani ochlazovac\u00ed baz\u00e9nek a baz\u00e9n s&nbsp;p\u0159\u00edjemn\u011b teplou vodou 36 stup\u0148\u016f.<\/p>\n\n\n\n<figure class=\"wp-block-gallery has-nested-images columns-1 is-cropped wp-block-gallery-4 is-layout-flex wp-block-gallery-is-layout-flex\">\n<figure class=\"wp-block-image size-large\"><a href=\"https:\/\/all4camper.com\/\/cs\/?attachment_id=139583\"><img loading=\"lazy\" decoding=\"async\" width=\"2560\" height=\"1920\" data-id=\"139583\" src=\"https:\/\/all4camper.com\/\/wp-content\/uploads\/2022\/02\/IMG_5573-scaled.jpeg\" alt=\"\" class=\"wp-image-139583\" srcset=\"https:\/\/all4camper.com\/wp-content\/uploads\/2022\/02\/IMG_5573-scaled.jpeg 2560w, https:\/\/all4camper.com\/wp-content\/uploads\/2022\/02\/IMG_5573-300x225.jpeg 300w, https:\/\/all4camper.com\/wp-content\/uploads\/2022\/02\/IMG_5573-1440x1080.jpeg 1440w, https:\/\/all4camper.com\/wp-content\/uploads\/2022\/02\/IMG_5573-150x113.jpeg 150w, https:\/\/all4camper.com\/wp-content\/uploads\/2022\/02\/IMG_5573-768x576.jpeg 768w, https:\/\/all4camper.com\/wp-content\/uploads\/2022\/02\/IMG_5573-1536x1152.jpeg 1536w, https:\/\/all4camper.com\/wp-content\/uploads\/2022\/02\/IMG_5573-2048x1536.jpeg 2048w, https:\/\/all4camper.com\/wp-content\/uploads\/2022\/02\/IMG_5573-696x522.jpeg 696w, https:\/\/all4camper.com\/wp-content\/uploads\/2022\/02\/IMG_5573-1068x801.jpeg 1068w, https:\/\/all4camper.com\/wp-content\/uploads\/2022\/02\/IMG_5573-1920x1440.jpeg 1920w\" sizes=\"auto, (max-width: 2560px) 100vw, 2560px\" \/><\/a><\/figure>\n\n\n\n<figure class=\"wp-block-image size-large\"><a href=\"https:\/\/all4camper.com\/\/cs\/?attachment_id=139585\"><img loading=\"lazy\" decoding=\"async\" width=\"2560\" height=\"1920\" data-id=\"139585\" src=\"https:\/\/all4camper.com\/\/wp-content\/uploads\/2022\/02\/IMG_5581-scaled.jpeg\" alt=\"\" class=\"wp-image-139585\" srcset=\"https:\/\/all4camper.com\/wp-content\/uploads\/2022\/02\/IMG_5581-scaled.jpeg 2560w, https:\/\/all4camper.com\/wp-content\/uploads\/2022\/02\/IMG_5581-300x225.jpeg 300w, https:\/\/all4camper.com\/wp-content\/uploads\/2022\/02\/IMG_5581-1440x1080.jpeg 1440w, https:\/\/all4camper.com\/wp-content\/uploads\/2022\/02\/IMG_5581-150x113.jpeg 150w, https:\/\/all4camper.com\/wp-content\/uploads\/2022\/02\/IMG_5581-768x576.jpeg 768w, https:\/\/all4camper.com\/wp-content\/uploads\/2022\/02\/IMG_5581-1536x1152.jpeg 1536w, https:\/\/all4camper.com\/wp-content\/uploads\/2022\/02\/IMG_5581-2048x1536.jpeg 2048w, https:\/\/all4camper.com\/wp-content\/uploads\/2022\/02\/IMG_5581-696x522.jpeg 696w, https:\/\/all4camper.com\/wp-content\/uploads\/2022\/02\/IMG_5581-1068x801.jpeg 1068w, https:\/\/all4camper.com\/wp-content\/uploads\/2022\/02\/IMG_5581-1920x1440.jpeg 1920w\" sizes=\"auto, (max-width: 2560px) 100vw, 2560px\" \/><\/a><\/figure>\n<\/figure>\n\n\n\n<p>No a je\u0161t\u011b jedna velmi zaj\u00edmav\u00e1 informace. P\u0159es zimu si v r\u00e1mci pobytu v kempu m\u016f\u017eete v hotelu objednat polopenzi (nebo pouze sn\u00eddani), kter\u00e1 rozhodn\u011b stoj\u00ed za to. Bohat\u00fd raut, velk\u00e9 mno\u017estv\u00ed i tradi\u010dn\u00edch slovinsk\u00fdch j\u00eddel \u010di nab\u00eddka slovinsk\u00fdch v\u00edn a piva v\u00e1m z pobytu v kempu ud\u011blaj\u00ed je\u0161t\u011b dokonalej\u0161\u00ed z\u00e1\u017eitek.<\/p>\n\n\n\n<figure class=\"wp-block-gallery has-nested-images columns-default is-cropped wp-block-gallery-5 is-layout-flex wp-block-gallery-is-layout-flex\">\n<figure class=\"wp-block-image size-large\"><img loading=\"lazy\" decoding=\"async\" width=\"1440\" height=\"1080\" data-id=\"139617\" src=\"https:\/\/all4camper.com\/\/wp-content\/uploads\/2022\/02\/IMG_5540-1440x1080.jpeg\" alt=\"\" class=\"wp-image-139617\" srcset=\"https:\/\/all4camper.com\/wp-content\/uploads\/2022\/02\/IMG_5540-1440x1080.jpeg 1440w, https:\/\/all4camper.com\/wp-content\/uploads\/2022\/02\/IMG_5540-300x225.jpeg 300w, https:\/\/all4camper.com\/wp-content\/uploads\/2022\/02\/IMG_5540-150x113.jpeg 150w, https:\/\/all4camper.com\/wp-content\/uploads\/2022\/02\/IMG_5540-768x576.jpeg 768w, https:\/\/all4camper.com\/wp-content\/uploads\/2022\/02\/IMG_5540-1536x1152.jpeg 1536w, https:\/\/all4camper.com\/wp-content\/uploads\/2022\/02\/IMG_5540-2048x1536.jpeg 2048w, https:\/\/all4camper.com\/wp-content\/uploads\/2022\/02\/IMG_5540-696x522.jpeg 696w, https:\/\/all4camper.com\/wp-content\/uploads\/2022\/02\/IMG_5540-1068x801.jpeg 1068w, https:\/\/all4camper.com\/wp-content\/uploads\/2022\/02\/IMG_5540-1920x1440.jpeg 1920w\" sizes=\"auto, (max-width: 1440px) 100vw, 1440px\" \/><\/figure>\n\n\n\n<figure class=\"wp-block-image size-large\"><img loading=\"lazy\" decoding=\"async\" width=\"1440\" height=\"1080\" data-id=\"139615\" src=\"https:\/\/all4camper.com\/\/wp-content\/uploads\/2022\/02\/IMG_5539-1440x1080.jpeg\" alt=\"\" class=\"wp-image-139615\" srcset=\"https:\/\/all4camper.com\/wp-content\/uploads\/2022\/02\/IMG_5539-1440x1080.jpeg 1440w, https:\/\/all4camper.com\/wp-content\/uploads\/2022\/02\/IMG_5539-300x225.jpeg 300w, https:\/\/all4camper.com\/wp-content\/uploads\/2022\/02\/IMG_5539-150x113.jpeg 150w, https:\/\/all4camper.com\/wp-content\/uploads\/2022\/02\/IMG_5539-768x576.jpeg 768w, https:\/\/all4camper.com\/wp-content\/uploads\/2022\/02\/IMG_5539-1536x1152.jpeg 1536w, https:\/\/all4camper.com\/wp-content\/uploads\/2022\/02\/IMG_5539-2048x1536.jpeg 2048w, https:\/\/all4camper.com\/wp-content\/uploads\/2022\/02\/IMG_5539-696x522.jpeg 696w, https:\/\/all4camper.com\/wp-content\/uploads\/2022\/02\/IMG_5539-1068x801.jpeg 1068w, https:\/\/all4camper.com\/wp-content\/uploads\/2022\/02\/IMG_5539-1920x1440.jpeg 1920w\" sizes=\"auto, (max-width: 1440px) 100vw, 1440px\" \/><\/figure>\n<\/figure>\n\n\n\n<h2 class=\"wp-block-heading\" id=\"co-navstivit-ve-meste-ptuj\"><strong>Co nav\u0161t\u00edvit ve m\u011bst\u011b <a href=\"https:\/\/www.slovinsko.travel\/ptuj\" target=\"_blank\" rel=\"noreferrer noopener\">Ptuj<\/a>?<\/strong><\/h2>\n\n\n\n<h3 class=\"wp-block-heading\" id=\"nejstarsi-vinny-sklep-ve-slovinsku-ptujsky-vinny-sklep\"><strong>Nejstar\u0161\u00ed vinn\u00fd sklep ve Slovinsku \u2013 <a href=\"https:\/\/visitptuj.eu\/en\/eat-drink\/wine-cellars-bars-2\/ptuj-wine-cellar\/\" target=\"_blank\" rel=\"noreferrer noopener\">Ptujsk\u00fd vinn\u00fd sklep<\/a><\/strong><\/h3>\n\n\n\n<p>V tomto vinn\u00e9m sklep\u011b, kter\u00fd stoj\u00ed ur\u010dit\u011b za n\u00e1v\u0161t\u011bvu, <strong>m\u016f\u017eete vid\u011bt jak p\u016fvodn\u00ed vinn\u00e9 sudy o nejr\u016fzn\u011bj\u0161\u00edch objemech, tak nejstar\u0161\u00ed dochovan\u00e9 slovinsk\u00e9 v\u00edno z roku 1917 Zlat\u00e1 TRTA<\/strong>.<\/p>\n\n\n\n<figure class=\"wp-block-gallery has-nested-images columns-default is-cropped wp-block-gallery-6 is-layout-flex wp-block-gallery-is-layout-flex\">\n<figure class=\"wp-block-image size-large\"><a href=\"https:\/\/all4camper.com\/\/cs\/?attachment_id=139591\"><img loading=\"lazy\" decoding=\"async\" width=\"1024\" height=\"681\" data-id=\"139591\" src=\"https:\/\/all4camper.com\/\/wp-content\/uploads\/2022\/02\/3_Ptujska-klet_Katja-Gonc-1024x681-1.jpeg\" alt=\"\" class=\"wp-image-139591\" srcset=\"https:\/\/all4camper.com\/wp-content\/uploads\/2022\/02\/3_Ptujska-klet_Katja-Gonc-1024x681-1.jpeg 1024w, https:\/\/all4camper.com\/wp-content\/uploads\/2022\/02\/3_Ptujska-klet_Katja-Gonc-1024x681-1-300x200.jpeg 300w, https:\/\/all4camper.com\/wp-content\/uploads\/2022\/02\/3_Ptujska-klet_Katja-Gonc-1024x681-1-150x100.jpeg 150w, https:\/\/all4camper.com\/wp-content\/uploads\/2022\/02\/3_Ptujska-klet_Katja-Gonc-1024x681-1-768x511.jpeg 768w, https:\/\/all4camper.com\/wp-content\/uploads\/2022\/02\/3_Ptujska-klet_Katja-Gonc-1024x681-1-696x463.jpeg 696w\" sizes=\"auto, (max-width: 1024px) 100vw, 1024px\" \/><\/a><\/figure>\n\n\n\n<figure class=\"wp-block-image size-large\"><a href=\"https:\/\/all4camper.com\/\/cs\/?attachment_id=139593\"><img loading=\"lazy\" decoding=\"async\" width=\"1024\" height=\"828\" data-id=\"139593\" src=\"https:\/\/all4camper.com\/\/wp-content\/uploads\/2022\/02\/4_Ptujska-klet-1024x828-1.jpeg\" alt=\"\" class=\"wp-image-139593\" srcset=\"https:\/\/all4camper.com\/wp-content\/uploads\/2022\/02\/4_Ptujska-klet-1024x828-1.jpeg 1024w, https:\/\/all4camper.com\/wp-content\/uploads\/2022\/02\/4_Ptujska-klet-1024x828-1-300x243.jpeg 300w, https:\/\/all4camper.com\/wp-content\/uploads\/2022\/02\/4_Ptujska-klet-1024x828-1-150x121.jpeg 150w, https:\/\/all4camper.com\/wp-content\/uploads\/2022\/02\/4_Ptujska-klet-1024x828-1-768x621.jpeg 768w, https:\/\/all4camper.com\/wp-content\/uploads\/2022\/02\/4_Ptujska-klet-1024x828-1-696x563.jpeg 696w\" sizes=\"auto, (max-width: 1024px) 100vw, 1024px\" \/><\/a><\/figure>\n<\/figure>\n\n\n\n<p>Po prohl\u00eddce sklepa se ve vin\u00e1rn\u011b klidn\u011b pus\u0165te do <strong>degustace v\u00edna<\/strong>. Ochutnat m\u016f\u017eete nap\u0159\u00edklad produkty vina\u0159stv\u00ed Pullus, kter\u00e9 je zn\u00e1m\u00e9 sv\u00fdmi vysoce kvalitn\u00edmi v\u00edny a z\u00edskalo \u0159adu ocen\u011bn\u00ed na vina\u0159sk\u00fdch sout\u011b\u017e\u00edch po cel\u00e9m sv\u011bt\u011b. Nechyb\u00ed tu ani men\u0161\u00ed prodejna, kde si m\u016f\u017eete vybran\u00e9 v\u00edno zakoupit.<\/p>\n\n\n\n<h3 class=\"wp-block-heading\" id=\"regionalni-muzeum-ptuj-ormoz-nadherne-masky-s-dlouholetou-historii\"><strong><a href=\"https:\/\/visitptuj.eu\/en\/see-do\/culture-heritage\/sightseeing\/kurent-2\/\" target=\"_blank\" rel=\"noreferrer noopener\">Region\u00e1ln\u00ed muzeum Ptuj-Ormo\u017e<\/a> \u2013 n\u00e1dhern\u00e9 masky s dlouholetou histori\u00ed<\/strong><\/h3>\n\n\n\n<p>Dal\u0161\u00edm turistick\u00fdm c\u00edlem, kter\u00fd m\u016f\u017eete spojit s n\u00e1v\u0161t\u011bvou historick\u00e9ho m\u011bsta Ptuj, je <strong>muzeum Ptuj-Ormo\u017e. To je jedn\u00edm z nejnav\u0161t\u011bvovan\u011bj\u0161\u00edch muze\u00ed na Slovinsku a <\/strong>najdete jej na <a href=\"https:\/\/visitptuj.eu\/en\/see-do\/culture-heritage\/sightseeing\/ptuj-castle\/\" target=\"_blank\" rel=\"noreferrer noopener\">hrad\u011b Ptuj<\/a>, ze kter\u00e9ho m\u00e1te n\u00e1dhern\u00fd v\u00fdhled na cel\u00e9 m\u011bsto, \u0159eku Drava a nedalek\u00e9 jezero.<\/p>\n\n\n\n<figure class=\"wp-block-image size-full\"><img loading=\"lazy\" decoding=\"async\" width=\"1024\" height=\"642\" src=\"https:\/\/all4camper.com\/\/wp-content\/uploads\/2022\/02\/2_Ptujski_Grad-1024x642-1.jpeg\" alt=\"\" class=\"wp-image-139595\" srcset=\"https:\/\/all4camper.com\/wp-content\/uploads\/2022\/02\/2_Ptujski_Grad-1024x642-1.jpeg 1024w, https:\/\/all4camper.com\/wp-content\/uploads\/2022\/02\/2_Ptujski_Grad-1024x642-1-300x188.jpeg 300w, https:\/\/all4camper.com\/wp-content\/uploads\/2022\/02\/2_Ptujski_Grad-1024x642-1-150x94.jpeg 150w, https:\/\/all4camper.com\/wp-content\/uploads\/2022\/02\/2_Ptujski_Grad-1024x642-1-768x482.jpeg 768w, https:\/\/all4camper.com\/wp-content\/uploads\/2022\/02\/2_Ptujski_Grad-1024x642-1-696x436.jpeg 696w\" sizes=\"auto, (max-width: 1024px) 100vw, 1024px\" \/><\/figure>\n\n\n\n<p><strong>V muzeu m\u016f\u017eete vid\u011bt velk\u00e9 mno\u017estv\u00ed n\u00e1dhern\u00fdch masek<\/strong>, kter\u00e9 se do dnes pou\u017e\u00edvaj\u00ed <strong>p\u0159i tradi\u010dn\u00edm <a href=\"https:\/\/visitptuj.eu\/en\/see-do\/culture-heritage\/festivals-events\/kurentovanje-2\/\" target=\"_blank\" rel=\"noreferrer noopener\">Ptujsk\u00e9m festivalu Kurentovanje<\/a>.<\/strong> Jak jsem z vypr\u00e1v\u011bn\u00ed m\u00edstn\u00edho pr\u016fvodce pochopila, jedn\u00e1 se o velice v\u00fdznamn\u00fd a ve Slovinsku obl\u00edben\u00fd festival (dokonce se o n\u011bm \u0159\u00edk\u00e1, \u017ee je JEDEN Z NEJZAJ\u00cdMAV\u011aJ\u0160\u00cdCH KARNEVAL\u016e NA SV\u011aT\u011a), na kter\u00fd se ka\u017edoro\u010dn\u011b sejde velk\u00e9 mno\u017estv\u00ed r\u016fzn\u00fdch podom\u00e1cku vyroben\u00fdch masek. To v\u0161e je spojen\u00e9 se z\u00e1bavn\u00fdm pr\u016fvodem a slavnostmi v\u00edt\u00e1n\u00ed jara.<\/p>\n\n\n\n<figure class=\"wp-block-image size-full\"><img loading=\"lazy\" decoding=\"async\" width=\"1024\" height=\"683\" src=\"https:\/\/all4camper.com\/\/wp-content\/uploads\/2022\/02\/2_Naslovna_Kurentovanje-1024x683-1.jpeg\" alt=\"\" class=\"wp-image-139597\" srcset=\"https:\/\/all4camper.com\/wp-content\/uploads\/2022\/02\/2_Naslovna_Kurentovanje-1024x683-1.jpeg 1024w, https:\/\/all4camper.com\/wp-content\/uploads\/2022\/02\/2_Naslovna_Kurentovanje-1024x683-1-300x200.jpeg 300w, https:\/\/all4camper.com\/wp-content\/uploads\/2022\/02\/2_Naslovna_Kurentovanje-1024x683-1-150x100.jpeg 150w, https:\/\/all4camper.com\/wp-content\/uploads\/2022\/02\/2_Naslovna_Kurentovanje-1024x683-1-768x512.jpeg 768w, https:\/\/all4camper.com\/wp-content\/uploads\/2022\/02\/2_Naslovna_Kurentovanje-1024x683-1-696x464.jpeg 696w\" sizes=\"auto, (max-width: 1024px) 100vw, 1024px\" \/><\/figure>\n\n\n\n<p>Pokud se rozhodnete pro n\u00e1v\u0161t\u011bvu tohoto m\u011bsta, pak toto muzeum ur\u010dit\u011b nav\u0161tivte. Mno\u017estv\u00ed masek v\u00e1s nadchne, stejn\u011b jako jejich zpracov\u00e1n\u00ed a fantazie, je\u017e byla p\u0159i jejich v\u00fdrob\u011b pou\u017eita\u2026 Nebo se zaje\u010fte pod\u00edvat p\u0159\u00edmo na festival. Z\u00e1\u017eitek to bude nezapomenuteln\u00fd.<strong> Tento festival prob\u00edh\u00e1 v\u017edy v \u00fanoru po dobu deseti dn\u00ed a pr\u016fm\u011brn\u00e1 \u00fa\u010dast je 10 tis\u00edc n\u00e1v\u0161t\u011bvn\u00edk\u016f.<\/strong> Letos se karneval kon\u00e1 v term\u00ednu <strong>19.2.&nbsp;a 1.3.&nbsp;2022<\/strong>.<\/p>\n\n\n\n<figure class=\"wp-block-image size-large\"><img loading=\"lazy\" decoding=\"async\" width=\"1440\" height=\"1080\" src=\"https:\/\/all4camper.com\/\/wp-content\/uploads\/2022\/02\/IMG_5627-1440x1080.jpeg\" alt=\"\" class=\"wp-image-139599\" srcset=\"https:\/\/all4camper.com\/wp-content\/uploads\/2022\/02\/IMG_5627-1440x1080.jpeg 1440w, https:\/\/all4camper.com\/wp-content\/uploads\/2022\/02\/IMG_5627-300x225.jpeg 300w, https:\/\/all4camper.com\/wp-content\/uploads\/2022\/02\/IMG_5627-150x113.jpeg 150w, https:\/\/all4camper.com\/wp-content\/uploads\/2022\/02\/IMG_5627-768x576.jpeg 768w, https:\/\/all4camper.com\/wp-content\/uploads\/2022\/02\/IMG_5627-1536x1152.jpeg 1536w, https:\/\/all4camper.com\/wp-content\/uploads\/2022\/02\/IMG_5627-2048x1536.jpeg 2048w, https:\/\/all4camper.com\/wp-content\/uploads\/2022\/02\/IMG_5627-696x522.jpeg 696w, https:\/\/all4camper.com\/wp-content\/uploads\/2022\/02\/IMG_5627-1068x801.jpeg 1068w, https:\/\/all4camper.com\/wp-content\/uploads\/2022\/02\/IMG_5627-1920x1440.jpeg 1920w\" sizes=\"auto, (max-width: 1440px) 100vw, 1440px\" \/><\/figure>\n\n\n\n<p>Mimochodem,<strong>&nbsp;o Kurentu se \u0159\u00edk\u00e1, \u017ee je&nbsp;d\u00e9monem, jen\u017e pron\u00e1sleduje zimu, aby do zem\u011b zavolal jaro.<\/strong> D\u00edky tomu jsou masky zpracov\u00e1ny n\u011bkdy a\u017e d\u00e9monicky a preciznost v\u00fdroby je zn\u00e1t na ka\u017ed\u00e9m centimetru.<\/p>\n\n\n\n<h3 class=\"wp-block-heading\" id=\"dominikansky-klaster\"><strong>Dominik\u00e1nsk\u00fd kl\u00e1\u0161ter<\/strong><\/h3>\n\n\n\n<p>Dal\u0161\u00edm m\u00edstem, kter\u00e9 m\u016f\u017eete ve m\u011bst\u011b Ptuj nav\u0161t\u00edvit, je tamn\u00ed <a href=\"https:\/\/visitptuj.eu\/en\/see-do\/culture-heritage\/sightseeing\/dominican-monastery\/\" target=\"_blank\" rel=\"noreferrer noopener\">dominik\u00e1nsk\u00fd kl\u00e1\u0161ter<\/a> s dlouholetou histori\u00ed sahaj\u00edc\u00ed a\u017e do 13. stolet\u00ed. Kl\u00e1\u0161ter byl postaven pro \u010dleny dominik\u00e1nsk\u00e9ho \u0159\u00e1du, kte\u0159\u00ed zde s\u00eddlili a\u017e do roku 1785.<\/p>\n\n\n\n<p>Cel\u00fd kl\u00e1\u0161ter je opravdu zachoval\u00fd a milovn\u00edky architektury \u010di historie doslova nadchne, nebo\u0165 v\u0161e zp\u0159\u00edstupn\u011bn\u00e9 je v kl\u00e1\u0161te\u0159e p\u016fvodn\u00ed a pro\u0161lo, nebo je\u0161t\u011b proch\u00e1z\u00ed, procesem restaurov\u00e1n\u00ed.&nbsp;Kl\u00e1\u0161ter najdete pod hradem a jeho renovovan\u00e9 \u010d\u00e1sti dnes slou\u017e\u00ed tak\u00e9 k po\u0159\u00e1d\u00e1n\u00ed kulturn\u00edch akc\u00ed a s\u00eddl\u00ed zde i m\u011bstsk\u00fd arch\u00edv.<\/p>\n\n\n\n<figure class=\"wp-block-gallery has-nested-images columns-default is-cropped wp-block-gallery-7 is-layout-flex wp-block-gallery-is-layout-flex\">\n<figure class=\"wp-block-image size-large\"><a href=\"https:\/\/all4camper.com\/\/cs\/?attachment_id=139603\"><img loading=\"lazy\" decoding=\"async\" width=\"1024\" height=\"600\" data-id=\"139603\" src=\"https:\/\/all4camper.com\/\/wp-content\/uploads\/2022\/02\/6_Dominikanski-samostan-1024x600-1.jpeg\" alt=\"\" class=\"wp-image-139603\" srcset=\"https:\/\/all4camper.com\/wp-content\/uploads\/2022\/02\/6_Dominikanski-samostan-1024x600-1.jpeg 1024w, https:\/\/all4camper.com\/wp-content\/uploads\/2022\/02\/6_Dominikanski-samostan-1024x600-1-300x176.jpeg 300w, https:\/\/all4camper.com\/wp-content\/uploads\/2022\/02\/6_Dominikanski-samostan-1024x600-1-150x88.jpeg 150w, https:\/\/all4camper.com\/wp-content\/uploads\/2022\/02\/6_Dominikanski-samostan-1024x600-1-768x450.jpeg 768w, https:\/\/all4camper.com\/wp-content\/uploads\/2022\/02\/6_Dominikanski-samostan-1024x600-1-696x408.jpeg 696w\" sizes=\"auto, (max-width: 1024px) 100vw, 1024px\" \/><\/a><\/figure>\n<\/figure>\n\n\n\n<p>To ale nen\u00ed v\u0161e, co m\u016f\u017eete zhl\u00e9dnout p\u0159i n\u00e1v\u0161t\u011bv\u011b tohoto historick\u00e9ho m\u011bsta. Pokud bych m\u011bla shrnout sv\u00e9 dojmy, tak na ka\u017ed\u00e9m kroku uvid\u00edte n\u011bco zaj\u00edmav\u00e9ho a s histori\u00ed m\u011bsta spjat\u00e9ho. To je t\u0159eba i <strong><a href=\"https:\/\/visitptuj.eu\/en\/see-do\/culture-heritage\/sightseeing\/orpheus-monument\/\" target=\"_blank\" rel=\"noreferrer noopener\">Orfe\u016fv pam\u00e1tn\u00edk<\/a><\/strong>. Jeho v\u00fd\u0161ka dosahuje skoro 5 metr\u016f a na prvn\u00ed pohled v\u00e1s zaujme d\u00edky b\u00edl\u00e9 barv\u011b mramoru, ze kter\u00e9ho je vytes\u00e1n. <strong>Zaj\u00edmavost\u00ed je, \u017ee se jedn\u00e1 o nejstar\u0161\u00ed ve\u0159ejnou zachovanou pam\u00e1tku na Slovinsku stoj\u00edc\u00ed na sv\u00e9m p\u016fvodn\u00edm m\u00edst\u011b. Byl postaven ji\u017e ve 2. stolet\u00ed! Pam\u00e1tn\u00edk je origin\u00e1ln\u00ed, co\u017e m\u011b zaujalo je\u0161t\u011b v\u00edce, nejedn\u00e1 se tedy o \u017e\u00e1dnou kopii.<\/strong><\/p>\n\n\n\n<p>Na z\u00e1v\u011br je\u0161t\u011b dod\u00e1v\u00e1m, \u017ee <strong>ve m\u011bst\u011b jezd\u00ed zdarma city bus, kter\u00fd m\u016f\u017eete vyu\u017e\u00edt i k p\u0159eprav\u011b z kempu (od term\u00e1ln\u00edch l\u00e1zn\u00ed) do centra m\u011bsta<\/strong>. Tak\u00e9 se tu m\u016f\u017eete na kolech zajet pod\u00edvat k nedalek\u00e9mu jezeru. A\u0165 se rozhodnete pro n\u00e1v\u0161t\u011bvu jak\u00e9koliv \u010d\u00e1sti v&nbsp;tomto historick\u00e9m m\u011bst\u011b nebo v&nbsp;jeho okol\u00ed, v\u011b\u0159te, \u017ee z\u00e1\u017eitk\u016f budete m\u00edt nepo\u010d\u00edtan\u011b.<\/p>\n\n\n\n<p>N\u00ed\u017ee p\u0159ikl\u00e1d\u00e1m je\u0161t\u011b p\u00e1r fotografi\u00ed nejen z m\u00e9 n\u00e1v\u0161t\u011bvy m\u011bsta, ale tak\u00e9 fotografie m\u011bsta Pruj, nebo\u0165 po\u010das\u00ed nebylo na focen\u00ed ide\u00e1ln\u00ed. No, a pokud jej nav\u0161t\u00edv\u00edte, p\u0159eji, aby se v\u00e1m l\u00edbilo stejn\u011b, jako mn\u011b. V\u00edce informac\u00ed najdete tak\u00e9 na str\u00e1nk\u00e1ch Slovinsk\u00e9ho turistick\u00e9ho centra&nbsp;<a href=\"https:\/\/www.slovinsko.travel\/ptuj\">slovinsko.travel<\/a>, jeho\u017e \u010desk\u00e9 zastoupen\u00ed je tak\u00e9 v Praze na adrese&nbsp;<a href=\"https:\/\/maps.google.com\/?q=Praha+%C5%98%C3%ADmsk%C3%A1+16,+Praha+2&amp;entry=gmail&amp;source=g\" target=\"_blank\" rel=\"noreferrer noopener\">\u0158\u00edmsk\u00e1 16, Praha 2<\/a>, nebo p\u0159\u00edmo na <a href=\"https:\/\/visitptuj.eu\/en\/\" target=\"_blank\" rel=\"noreferrer noopener\">str\u00e1nk\u00e1ch<\/a> m\u011bsta.<\/p>\n\n\n\n<figure class=\"wp-block-gallery has-nested-images columns-2 is-cropped wp-block-gallery-8 is-layout-flex wp-block-gallery-is-layout-flex\">\n<figure class=\"wp-block-image size-large\"><a href=\"https:\/\/all4camper.com\/\/cs\/?attachment_id=139605\"><img loading=\"lazy\" decoding=\"async\" width=\"1024\" height=\"768\" data-id=\"139605\" src=\"https:\/\/all4camper.com\/\/wp-content\/uploads\/2022\/02\/IMG_20180424_092737.jpg\" alt=\"\" class=\"wp-image-139605\" srcset=\"https:\/\/all4camper.com\/wp-content\/uploads\/2022\/02\/IMG_20180424_092737.jpg 1024w, https:\/\/all4camper.com\/wp-content\/uploads\/2022\/02\/IMG_20180424_092737-300x225.jpg 300w, https:\/\/all4camper.com\/wp-content\/uploads\/2022\/02\/IMG_20180424_092737-150x113.jpg 150w, https:\/\/all4camper.com\/wp-content\/uploads\/2022\/02\/IMG_20180424_092737-768x576.jpg 768w, https:\/\/all4camper.com\/wp-content\/uploads\/2022\/02\/IMG_20180424_092737-696x522.jpg 696w\" sizes=\"auto, (max-width: 1024px) 100vw, 1024px\" \/><\/a><\/figure>\n\n\n\n<figure class=\"wp-block-image size-large\"><a href=\"https:\/\/all4camper.com\/\/cs\/?attachment_id=139607\"><img loading=\"lazy\" decoding=\"async\" width=\"1024\" height=\"768\" data-id=\"139607\" src=\"https:\/\/all4camper.com\/\/wp-content\/uploads\/2022\/02\/IMG_20180424_100132.jpg\" alt=\"\" class=\"wp-image-139607\" srcset=\"https:\/\/all4camper.com\/wp-content\/uploads\/2022\/02\/IMG_20180424_100132.jpg 1024w, https:\/\/all4camper.com\/wp-content\/uploads\/2022\/02\/IMG_20180424_100132-300x225.jpg 300w, https:\/\/all4camper.com\/wp-content\/uploads\/2022\/02\/IMG_20180424_100132-150x113.jpg 150w, https:\/\/all4camper.com\/wp-content\/uploads\/2022\/02\/IMG_20180424_100132-768x576.jpg 768w, https:\/\/all4camper.com\/wp-content\/uploads\/2022\/02\/IMG_20180424_100132-696x522.jpg 696w\" sizes=\"auto, (max-width: 1024px) 100vw, 1024px\" \/><\/a><\/figure>\n\n\n\n<figure class=\"wp-block-image size-large\"><a href=\"https:\/\/all4camper.com\/\/cs\/?attachment_id=139609\"><img loading=\"lazy\" decoding=\"async\" width=\"1024\" height=\"768\" data-id=\"139609\" src=\"https:\/\/all4camper.com\/\/wp-content\/uploads\/2022\/02\/IMG_20180424_083714.jpg\" alt=\"\" class=\"wp-image-139609\" srcset=\"https:\/\/all4camper.com\/wp-content\/uploads\/2022\/02\/IMG_20180424_083714.jpg 1024w, https:\/\/all4camper.com\/wp-content\/uploads\/2022\/02\/IMG_20180424_083714-300x225.jpg 300w, https:\/\/all4camper.com\/wp-content\/uploads\/2022\/02\/IMG_20180424_083714-150x113.jpg 150w, https:\/\/all4camper.com\/wp-content\/uploads\/2022\/02\/IMG_20180424_083714-768x576.jpg 768w, https:\/\/all4camper.com\/wp-content\/uploads\/2022\/02\/IMG_20180424_083714-696x522.jpg 696w\" sizes=\"auto, (max-width: 1024px) 100vw, 1024px\" \/><\/a><\/figure>\n\n\n\n<figure class=\"wp-block-image size-large\"><a href=\"https:\/\/all4camper.com\/\/cs\/?attachment_id=139611\"><img loading=\"lazy\" decoding=\"async\" width=\"1024\" height=\"768\" data-id=\"139611\" src=\"https:\/\/all4camper.com\/\/wp-content\/uploads\/2022\/02\/IMG_20180424_100046.jpg\" alt=\"\" class=\"wp-image-139611\" srcset=\"https:\/\/all4camper.com\/wp-content\/uploads\/2022\/02\/IMG_20180424_100046.jpg 1024w, https:\/\/all4camper.com\/wp-content\/uploads\/2022\/02\/IMG_20180424_100046-300x225.jpg 300w, https:\/\/all4camper.com\/wp-content\/uploads\/2022\/02\/IMG_20180424_100046-150x113.jpg 150w, https:\/\/all4camper.com\/wp-content\/uploads\/2022\/02\/IMG_20180424_100046-768x576.jpg 768w, https:\/\/all4camper.com\/wp-content\/uploads\/2022\/02\/IMG_20180424_100046-696x522.jpg 696w\" sizes=\"auto, (max-width: 1024px) 100vw, 1024px\" \/><\/a><\/figure>\n\n\n\n<figure class=\"wp-block-image size-large\"><a href=\"https:\/\/all4camper.com\/\/cs\/?attachment_id=139621\"><img loading=\"lazy\" decoding=\"async\" width=\"1024\" height=\"681\" data-id=\"139621\" src=\"https:\/\/all4camper.com\/\/wp-content\/uploads\/2022\/02\/Outdoor-fitness_01_TP_Foto-ZV_09-14_low-res.jpg\" alt=\"\" class=\"wp-image-139621\" srcset=\"https:\/\/all4camper.com\/wp-content\/uploads\/2022\/02\/Outdoor-fitness_01_TP_Foto-ZV_09-14_low-res.jpg 1024w, https:\/\/all4camper.com\/wp-content\/uploads\/2022\/02\/Outdoor-fitness_01_TP_Foto-ZV_09-14_low-res-300x200.jpg 300w, https:\/\/all4camper.com\/wp-content\/uploads\/2022\/02\/Outdoor-fitness_01_TP_Foto-ZV_09-14_low-res-150x100.jpg 150w, https:\/\/all4camper.com\/wp-content\/uploads\/2022\/02\/Outdoor-fitness_01_TP_Foto-ZV_09-14_low-res-768x511.jpg 768w, https:\/\/all4camper.com\/wp-content\/uploads\/2022\/02\/Outdoor-fitness_01_TP_Foto-ZV_09-14_low-res-696x463.jpg 696w\" sizes=\"auto, (max-width: 1024px) 100vw, 1024px\" \/><\/a><\/figure>\n\n\n\n<figure class=\"wp-block-image size-large\"><a href=\"https:\/\/all4camper.com\/\/cs\/?attachment_id=139625\"><img loading=\"lazy\" decoding=\"async\" width=\"1200\" height=\"800\" data-id=\"139625\" src=\"https:\/\/all4camper.com\/\/wp-content\/uploads\/2022\/02\/Couple_biking_Haloze_01_TP_fotoBD_2019_lowres.jpg\" alt=\"\" class=\"wp-image-139625\" srcset=\"https:\/\/all4camper.com\/wp-content\/uploads\/2022\/02\/Couple_biking_Haloze_01_TP_fotoBD_2019_lowres.jpg 1200w, https:\/\/all4camper.com\/wp-content\/uploads\/2022\/02\/Couple_biking_Haloze_01_TP_fotoBD_2019_lowres-300x200.jpg 300w, https:\/\/all4camper.com\/wp-content\/uploads\/2022\/02\/Couple_biking_Haloze_01_TP_fotoBD_2019_lowres-150x100.jpg 150w, https:\/\/all4camper.com\/wp-content\/uploads\/2022\/02\/Couple_biking_Haloze_01_TP_fotoBD_2019_lowres-768x512.jpg 768w, https:\/\/all4camper.com\/wp-content\/uploads\/2022\/02\/Couple_biking_Haloze_01_TP_fotoBD_2019_lowres-696x464.jpg 696w, https:\/\/all4camper.com\/wp-content\/uploads\/2022\/02\/Couple_biking_Haloze_01_TP_fotoBD_2019_lowres-1068x712.jpg 1068w\" sizes=\"auto, (max-width: 1200px) 100vw, 1200px\" \/><\/a><\/figure>\n\n\n\n<figure class=\"wp-block-image size-large\"><a href=\"https:\/\/all4camper.com\/\/cs\/?attachment_id=139623\"><img loading=\"lazy\" decoding=\"async\" width=\"1024\" height=\"681\" data-id=\"139623\" src=\"https:\/\/all4camper.com\/\/wp-content\/uploads\/2022\/02\/Couple-cycling_01_TP_Foto-ZV_09-14_low-res.jpg\" alt=\"\" class=\"wp-image-139623\" srcset=\"https:\/\/all4camper.com\/wp-content\/uploads\/2022\/02\/Couple-cycling_01_TP_Foto-ZV_09-14_low-res.jpg 1024w, https:\/\/all4camper.com\/wp-content\/uploads\/2022\/02\/Couple-cycling_01_TP_Foto-ZV_09-14_low-res-300x200.jpg 300w, https:\/\/all4camper.com\/wp-content\/uploads\/2022\/02\/Couple-cycling_01_TP_Foto-ZV_09-14_low-res-150x100.jpg 150w, https:\/\/all4camper.com\/wp-content\/uploads\/2022\/02\/Couple-cycling_01_TP_Foto-ZV_09-14_low-res-768x511.jpg 768w, https:\/\/all4camper.com\/wp-content\/uploads\/2022\/02\/Couple-cycling_01_TP_Foto-ZV_09-14_low-res-696x463.jpg 696w\" sizes=\"auto, (max-width: 1024px) 100vw, 1024px\" \/><\/a><\/figure>\n\n\n\n<figure class=\"wp-block-image size-large\"><a href=\"https:\/\/all4camper.com\/\/cs\/?attachment_id=139627\"><img loading=\"lazy\" decoding=\"async\" width=\"1200\" height=\"800\" data-id=\"139627\" src=\"https:\/\/all4camper.com\/\/wp-content\/uploads\/2022\/02\/sanitarije-kamp-terme-ptuj-2.jpg\" alt=\"\" class=\"wp-image-139627\" srcset=\"https:\/\/all4camper.com\/wp-content\/uploads\/2022\/02\/sanitarije-kamp-terme-ptuj-2.jpg 1200w, https:\/\/all4camper.com\/wp-content\/uploads\/2022\/02\/sanitarije-kamp-terme-ptuj-2-300x200.jpg 300w, https:\/\/all4camper.com\/wp-content\/uploads\/2022\/02\/sanitarije-kamp-terme-ptuj-2-150x100.jpg 150w, https:\/\/all4camper.com\/wp-content\/uploads\/2022\/02\/sanitarije-kamp-terme-ptuj-2-768x512.jpg 768w, https:\/\/all4camper.com\/wp-content\/uploads\/2022\/02\/sanitarije-kamp-terme-ptuj-2-696x464.jpg 696w, https:\/\/all4camper.com\/wp-content\/uploads\/2022\/02\/sanitarije-kamp-terme-ptuj-2-1068x712.jpg 1068w\" sizes=\"auto, (max-width: 1200px) 100vw, 1200px\" \/><\/a><\/figure>\n\n\n\n<figure class=\"wp-block-image size-large\"><a href=\"https:\/\/all4camper.com\/\/cs\/?attachment_id=139629\"><img loading=\"lazy\" decoding=\"async\" width=\"1200\" height=\"800\" data-id=\"139629\" src=\"https:\/\/all4camper.com\/\/wp-content\/uploads\/2022\/02\/sanitarije-kamp-terme-ptuj-4-\u2013-kopija.jpg\" alt=\"\" class=\"wp-image-139629\" srcset=\"https:\/\/all4camper.com\/wp-content\/uploads\/2022\/02\/sanitarije-kamp-terme-ptuj-4-\u2013-kopija.jpg 1200w, https:\/\/all4camper.com\/wp-content\/uploads\/2022\/02\/sanitarije-kamp-terme-ptuj-4-\u2013-kopija-300x200.jpg 300w, https:\/\/all4camper.com\/wp-content\/uploads\/2022\/02\/sanitarije-kamp-terme-ptuj-4-\u2013-kopija-150x100.jpg 150w, https:\/\/all4camper.com\/wp-content\/uploads\/2022\/02\/sanitarije-kamp-terme-ptuj-4-\u2013-kopija-768x512.jpg 768w, https:\/\/all4camper.com\/wp-content\/uploads\/2022\/02\/sanitarije-kamp-terme-ptuj-4-\u2013-kopija-696x464.jpg 696w, https:\/\/all4camper.com\/wp-content\/uploads\/2022\/02\/sanitarije-kamp-terme-ptuj-4-\u2013-kopija-1068x712.jpg 1068w\" sizes=\"auto, (max-width: 1200px) 100vw, 1200px\" \/><\/a><\/figure>\n\n\n\n<figure class=\"wp-block-image size-large\"><a href=\"https:\/\/all4camper.com\/\/cs\/?attachment_id=139631\"><img loading=\"lazy\" decoding=\"async\" width=\"1200\" height=\"800\" data-id=\"139631\" src=\"https:\/\/all4camper.com\/\/wp-content\/uploads\/2022\/02\/sanitarije-kamp-terme-ptuj-1.jpg\" alt=\"\" class=\"wp-image-139631\" srcset=\"https:\/\/all4camper.com\/wp-content\/uploads\/2022\/02\/sanitarije-kamp-terme-ptuj-1.jpg 1200w, https:\/\/all4camper.com\/wp-content\/uploads\/2022\/02\/sanitarije-kamp-terme-ptuj-1-300x200.jpg 300w, https:\/\/all4camper.com\/wp-content\/uploads\/2022\/02\/sanitarije-kamp-terme-ptuj-1-150x100.jpg 150w, https:\/\/all4camper.com\/wp-content\/uploads\/2022\/02\/sanitarije-kamp-terme-ptuj-1-768x512.jpg 768w, https:\/\/all4camper.com\/wp-content\/uploads\/2022\/02\/sanitarije-kamp-terme-ptuj-1-696x464.jpg 696w, https:\/\/all4camper.com\/wp-content\/uploads\/2022\/02\/sanitarije-kamp-terme-ptuj-1-1068x712.jpg 1068w\" sizes=\"auto, (max-width: 1200px) 100vw, 1200px\" \/><\/a><\/figure>\n\n\n\n<figure class=\"wp-block-image size-large\"><a href=\"https:\/\/all4camper.com\/\/cs\/?attachment_id=139635\"><img loading=\"lazy\" decoding=\"async\" width=\"1024\" height=\"683\" data-id=\"139635\" src=\"https:\/\/all4camper.com\/\/wp-content\/uploads\/2022\/02\/Camping-pitch_Couple_Camping-TP_Foto-AV_11-09_low-res.jpg\" alt=\"\" class=\"wp-image-139635\" srcset=\"https:\/\/all4camper.com\/wp-content\/uploads\/2022\/02\/Camping-pitch_Couple_Camping-TP_Foto-AV_11-09_low-res.jpg 1024w, https:\/\/all4camper.com\/wp-content\/uploads\/2022\/02\/Camping-pitch_Couple_Camping-TP_Foto-AV_11-09_low-res-300x200.jpg 300w, https:\/\/all4camper.com\/wp-content\/uploads\/2022\/02\/Camping-pitch_Couple_Camping-TP_Foto-AV_11-09_low-res-150x100.jpg 150w, https:\/\/all4camper.com\/wp-content\/uploads\/2022\/02\/Camping-pitch_Couple_Camping-TP_Foto-AV_11-09_low-res-768x512.jpg 768w, https:\/\/all4camper.com\/wp-content\/uploads\/2022\/02\/Camping-pitch_Couple_Camping-TP_Foto-AV_11-09_low-res-696x464.jpg 696w\" sizes=\"auto, (max-width: 1024px) 100vw, 1024px\" \/><\/a><\/figure>\n\n\n\n<figure class=\"wp-block-image size-large\"><a href=\"https:\/\/all4camper.com\/\/cs\/?attachment_id=139637\"><img loading=\"lazy\" decoding=\"async\" width=\"1024\" height=\"681\" data-id=\"139637\" src=\"https:\/\/all4camper.com\/\/wp-content\/uploads\/2022\/02\/Camping-pitch_Couple_Camping-TP_Foto-ZV_09-14_low-res.jpg\" alt=\"\" class=\"wp-image-139637\" srcset=\"https:\/\/all4camper.com\/wp-content\/uploads\/2022\/02\/Camping-pitch_Couple_Camping-TP_Foto-ZV_09-14_low-res.jpg 1024w, https:\/\/all4camper.com\/wp-content\/uploads\/2022\/02\/Camping-pitch_Couple_Camping-TP_Foto-ZV_09-14_low-res-300x200.jpg 300w, https:\/\/all4camper.com\/wp-content\/uploads\/2022\/02\/Camping-pitch_Couple_Camping-TP_Foto-ZV_09-14_low-res-150x100.jpg 150w, https:\/\/all4camper.com\/wp-content\/uploads\/2022\/02\/Camping-pitch_Couple_Camping-TP_Foto-ZV_09-14_low-res-768x511.jpg 768w, https:\/\/all4camper.com\/wp-content\/uploads\/2022\/02\/Camping-pitch_Couple_Camping-TP_Foto-ZV_09-14_low-res-696x463.jpg 696w\" sizes=\"auto, (max-width: 1024px) 100vw, 1024px\" \/><\/a><\/figure>\n\n\n\n<figure class=\"wp-block-image size-large\"><a href=\"https:\/\/all4camper.com\/\/cs\/?attachment_id=139639\"><img loading=\"lazy\" decoding=\"async\" width=\"1024\" height=\"681\" data-id=\"139639\" src=\"https:\/\/all4camper.com\/\/wp-content\/uploads\/2022\/02\/Family-Vacation_Glamping-in-wine-barrel_TP_Foto-ZV_09-14_low-res.jpg\" alt=\"\" class=\"wp-image-139639\" srcset=\"https:\/\/all4camper.com\/wp-content\/uploads\/2022\/02\/Family-Vacation_Glamping-in-wine-barrel_TP_Foto-ZV_09-14_low-res.jpg 1024w, https:\/\/all4camper.com\/wp-content\/uploads\/2022\/02\/Family-Vacation_Glamping-in-wine-barrel_TP_Foto-ZV_09-14_low-res-300x200.jpg 300w, https:\/\/all4camper.com\/wp-content\/uploads\/2022\/02\/Family-Vacation_Glamping-in-wine-barrel_TP_Foto-ZV_09-14_low-res-150x100.jpg 150w, https:\/\/all4camper.com\/wp-content\/uploads\/2022\/02\/Family-Vacation_Glamping-in-wine-barrel_TP_Foto-ZV_09-14_low-res-768x511.jpg 768w, https:\/\/all4camper.com\/wp-content\/uploads\/2022\/02\/Family-Vacation_Glamping-in-wine-barrel_TP_Foto-ZV_09-14_low-res-696x463.jpg 696w\" sizes=\"auto, (max-width: 1024px) 100vw, 1024px\" \/><\/a><\/figure>\n\n\n\n<figure class=\"wp-block-image size-large\"><a href=\"https:\/\/all4camper.com\/\/cs\/?attachment_id=139633\"><img loading=\"lazy\" decoding=\"async\" width=\"1024\" height=\"681\" data-id=\"139633\" src=\"https:\/\/all4camper.com\/\/wp-content\/uploads\/2022\/02\/Glamping-in-wine-barrel_01_TP_Foto-ZV_09-14_low-res.jpg\" alt=\"\" class=\"wp-image-139633\" srcset=\"https:\/\/all4camper.com\/wp-content\/uploads\/2022\/02\/Glamping-in-wine-barrel_01_TP_Foto-ZV_09-14_low-res.jpg 1024w, https:\/\/all4camper.com\/wp-content\/uploads\/2022\/02\/Glamping-in-wine-barrel_01_TP_Foto-ZV_09-14_low-res-300x200.jpg 300w, https:\/\/all4camper.com\/wp-content\/uploads\/2022\/02\/Glamping-in-wine-barrel_01_TP_Foto-ZV_09-14_low-res-150x100.jpg 150w, https:\/\/all4camper.com\/wp-content\/uploads\/2022\/02\/Glamping-in-wine-barrel_01_TP_Foto-ZV_09-14_low-res-768x511.jpg 768w, https:\/\/all4camper.com\/wp-content\/uploads\/2022\/02\/Glamping-in-wine-barrel_01_TP_Foto-ZV_09-14_low-res-696x463.jpg 696w\" sizes=\"auto, (max-width: 1024px) 100vw, 1024px\" \/><\/a><\/figure>\n<\/figure>\n\n\n\n<pre class=\"wp-block-verse\">Pokud v\u00e1s dovolen\u00e1 ve Slovinsku zaujala, doporu\u010duji si poslechnout podcast, kter\u00fd jsme nato\u010dili s \u0159editelem slovinsk\u00e9ho zastoupen\u00ed v \u010cR - Michalem K\u016frou. V n\u011bm v\u00e1m nap\u0159\u00edklad doporu\u010d\u00ed co dal\u0161\u00edho v t\u00e9to malebn\u00e9 zelen\u00e9 zemi vid\u011bt a na co se tam m\u016f\u017eete t\u011b\u0161it.<\/pre>\n\n\n\n<figure class=\"wp-block-embed is-type-rich is-provider-spotify wp-block-embed-spotify wp-embed-aspect-21-9 wp-has-aspect-ratio\"><div class=\"wp-block-embed__wrapper\">\n<iframe loading=\"lazy\" title=\"Spotify Embed: Karavanem do Slovinska - co nav\u0161t\u00edvit, jak je to s kempov\u00e1n\u00edm a kde hledat ty nejlep\u0161\u00ed typy pro va\u0161i dovolenou v karavanu.\" width=\"100%\" height=\"152\" style=\"[object Object]\" frameborder=\"0\" allowfullscreen allow=\"autoplay; clipboard-write; encrypted-media; fullscreen; picture-in-picture\" src=\"https:\/\/open.spotify.com\/embed\/episode\/41aKJIcIrkEwLRyCiTUBIz?si=Fjhkw1x2TOOBRm5oDtnPwQ&#038;utm_source=oembed\"><\/iframe>\n<\/div><\/figure>\n","protected":false},"excerpt":{"rendered":"<p>M\u011bsto Ptuj je jedn\u00edm z nejstar\u0161\u00edch m\u011bst ve Slovinsku nach\u00e1zej\u00edc\u00ed se jen n\u011bkolik kilometr\u016f od Mariboru. Krom\u011b toho, \u017ee m\u00e1 bohatou historii a kouzelnou atmosf\u00e9ru, nab\u00edz\u00ed kempa\u0159\u016fm kempov\u00e1n\u00ed ve zdej\u0161\u00edm hezk\u00e9m a klidn\u00e9m kempu hned u term\u00e1ln\u00edch l\u00e1zn\u00ed Terme Ptuj. D\u00edky tomu tak m\u016f\u017eete va\u0161i dovolenou spojit s kempov\u00e1n\u00edm, koup\u00e1n\u00edm a pozn\u00e1v\u00e1n\u00edm kr\u00e1s tohoto m\u011bsta. [&hellip;]<\/p>\n","protected":false},"author":4,"featured_media":139579,"comment_status":"closed","ping_status":"open","sticky":false,"template":"","format":"standard","meta":{"_monsterinsights_skip_tracking":false,"_monsterinsights_sitenote_active":false,"_monsterinsights_sitenote_note":"","_monsterinsights_sitenote_category":0,"footnotes":""},"categories":[2380,68,422,342],"tags":[101,227,81],"class_list":{"0":"post-139477","1":"post","2":"type-post","3":"status-publish","4":"format-standard","5":"has-post-thumbnail","7":"category-kempujeme-a-cestujeme-ve-slovinsku","8":"category-kempovani-a-zajimave-cile","9":"category-novinky-kempovani-a-karavaning","10":"category-termalni-lazne-a-aquaparky-zabavni-parky","11":"tag-kempy-1","12":"tag-slovinsko","13":"tag-termalni-lazne"},"yoast_head":"<!-- This site is optimized with the Yoast SEO plugin v27.5 - https:\/\/yoast.com\/product\/yoast-seo-wordpress\/ -->\n<title>Karavanem do Slovinska \u2013 kempov\u00e1n\u00ed a koup\u00e1n\u00ed ve m\u011bst\u011b Ptuj - All4Camper<\/title>\n<meta name=\"description\" content=\"M\u011bsto Ptuj je jedn\u00edm z nejstar\u0161\u00edch m\u011bst ve Slovinsku nach\u00e1zej\u00edc\u00ed se jen n\u011bkolik kilometr\u016f od Mariboru. Krom\u011b toho, \u017ee m\u00e1 bohatou historii a kouzelnou atmosf\u00e9ru, nab\u00edz\u00ed kempa\u0159\u016fm kempov\u00e1n\u00ed ve zdej\u0161\u00edm hezk\u00e9m a klidn\u00e9m kempu hned u term\u00e1ln\u00edch l\u00e1zn\u00ed Terme Ptuj. D\u00edky tomu tak m\u016f\u017eete va\u0161i dovolenou spojit s kempov\u00e1n\u00edm, koup\u00e1n\u00edm a pozn\u00e1v\u00e1n\u00edm kr\u00e1s tohoto m\u011bsta.\" \/>\n<meta name=\"robots\" content=\"index, follow, max-snippet:-1, max-image-preview:large, max-video-preview:-1\" \/>\n<link rel=\"canonical\" href=\"https:\/\/all4camper.com\/cs\/karavanem-do-slovinska-kempovani-a-koupani-ve-meste-ptuj\/\" \/>\n<meta property=\"og:locale\" content=\"cs_CZ\" \/>\n<meta property=\"og:type\" content=\"article\" \/>\n<meta property=\"og:title\" content=\"Karavanem do Slovinska \u2013 kempov\u00e1n\u00ed a koup\u00e1n\u00ed ve m\u011bst\u011b Ptuj - All4Camper\" \/>\n<meta property=\"og:description\" content=\"M\u011bsto Ptuj je jedn\u00edm z nejstar\u0161\u00edch m\u011bst ve Slovinsku nach\u00e1zej\u00edc\u00ed se jen n\u011bkolik kilometr\u016f od Mariboru. Krom\u011b toho, \u017ee m\u00e1 bohatou historii a kouzelnou atmosf\u00e9ru, nab\u00edz\u00ed kempa\u0159\u016fm kempov\u00e1n\u00ed ve zdej\u0161\u00edm hezk\u00e9m a klidn\u00e9m kempu hned u term\u00e1ln\u00edch l\u00e1zn\u00ed Terme Ptuj. D\u00edky tomu tak m\u016f\u017eete va\u0161i dovolenou spojit s kempov\u00e1n\u00edm, koup\u00e1n\u00edm a pozn\u00e1v\u00e1n\u00edm kr\u00e1s tohoto m\u011bsta.\" \/>\n<meta property=\"og:url\" content=\"https:\/\/all4camper.com\/cs\/karavanem-do-slovinska-kempovani-a-koupani-ve-meste-ptuj\/\" \/>\n<meta property=\"og:site_name\" content=\"All4Camper\" \/>\n<meta property=\"article:published_time\" content=\"2022-02-21T12:34:05+00:00\" \/>\n<meta property=\"article:modified_time\" content=\"2022-02-21T13:38:42+00:00\" \/>\n<meta property=\"og:image\" content=\"https:\/\/all4camper.com\/wp-content\/uploads\/2022\/02\/Couple_water_park_outdoor_01_TP_fotoBD_2019_lowres.jpg\" \/>\n\t<meta property=\"og:image:width\" content=\"1200\" \/>\n\t<meta property=\"og:image:height\" content=\"800\" \/>\n\t<meta property=\"og:image:type\" content=\"image\/jpeg\" \/>\n<meta name=\"author\" content=\"Kl\u00e1ra H\u00e1jkov\u00e1\" \/>\n<meta name=\"twitter:card\" content=\"summary_large_image\" \/>\n<meta name=\"twitter:label1\" content=\"Napsal(a)\" \/>\n\t<meta name=\"twitter:data1\" content=\"Kl\u00e1ra H\u00e1jkov\u00e1\" \/>\n\t<meta name=\"twitter:label2\" content=\"Odhadovan\u00e1 doba \u010dten\u00ed\" \/>\n\t<meta name=\"twitter:data2\" content=\"15 minut\" \/>\n<script type=\"application\/ld+json\" class=\"yoast-schema-graph\">{\"@context\":\"https:\\\/\\\/schema.org\",\"@graph\":[{\"@type\":\"Article\",\"@id\":\"https:\\\/\\\/all4camper.com\\\/cs\\\/karavanem-do-slovinska-kempovani-a-koupani-ve-meste-ptuj\\\/#article\",\"isPartOf\":{\"@id\":\"https:\\\/\\\/all4camper.com\\\/cs\\\/karavanem-do-slovinska-kempovani-a-koupani-ve-meste-ptuj\\\/\"},\"author\":{\"name\":\"Kl\u00e1ra H\u00e1jkov\u00e1\",\"@id\":\"https:\\\/\\\/all4camper.com\\\/cs\\\/#\\\/schema\\\/person\\\/c6f1efdf1d02bc7d8c53a891cbe18c62\"},\"headline\":\"Karavanem do Slovinska \u2013 kempov\u00e1n\u00ed a koup\u00e1n\u00ed ve m\u011bst\u011b Ptuj\",\"datePublished\":\"2022-02-21T12:34:05+00:00\",\"dateModified\":\"2022-02-21T13:38:42+00:00\",\"mainEntityOfPage\":{\"@id\":\"https:\\\/\\\/all4camper.com\\\/cs\\\/karavanem-do-slovinska-kempovani-a-koupani-ve-meste-ptuj\\\/\"},\"wordCount\":1827,\"publisher\":{\"@id\":\"https:\\\/\\\/all4camper.com\\\/cs\\\/#organization\"},\"image\":{\"@id\":\"https:\\\/\\\/all4camper.com\\\/cs\\\/karavanem-do-slovinska-kempovani-a-koupani-ve-meste-ptuj\\\/#primaryimage\"},\"thumbnailUrl\":\"https:\\\/\\\/all4camper.com\\\/wp-content\\\/uploads\\\/2022\\\/02\\\/Couple_water_park_outdoor_01_TP_fotoBD_2019_lowres.jpg\",\"keywords\":[\"Kempy a kempovac\u00ed m\u00edsta\",\"Slovinsko\",\"Term\u00e1ln\u00ed l\u00e1zn\u011b\"],\"articleSection\":[\"Kempujeme a cestujeme ve Slovinsku\",\"Kempy a zaj\u00edmav\u00e1 m\u00edsta\",\"Novinky - Kempov\u00e1n\u00ed a karavaning\",\"Term\u00e1ln\u00ed l\u00e1zn\u011b, akvaparky a z\u00e1bavn\u00ed parky\"],\"inLanguage\":\"cs\"},{\"@type\":\"WebPage\",\"@id\":\"https:\\\/\\\/all4camper.com\\\/cs\\\/karavanem-do-slovinska-kempovani-a-koupani-ve-meste-ptuj\\\/\",\"url\":\"https:\\\/\\\/all4camper.com\\\/cs\\\/karavanem-do-slovinska-kempovani-a-koupani-ve-meste-ptuj\\\/\",\"name\":\"Karavanem do Slovinska \u2013 kempov\u00e1n\u00ed a koup\u00e1n\u00ed ve m\u011bst\u011b Ptuj - All4Camper\",\"isPartOf\":{\"@id\":\"https:\\\/\\\/all4camper.com\\\/cs\\\/#website\"},\"primaryImageOfPage\":{\"@id\":\"https:\\\/\\\/all4camper.com\\\/cs\\\/karavanem-do-slovinska-kempovani-a-koupani-ve-meste-ptuj\\\/#primaryimage\"},\"image\":{\"@id\":\"https:\\\/\\\/all4camper.com\\\/cs\\\/karavanem-do-slovinska-kempovani-a-koupani-ve-meste-ptuj\\\/#primaryimage\"},\"thumbnailUrl\":\"https:\\\/\\\/all4camper.com\\\/wp-content\\\/uploads\\\/2022\\\/02\\\/Couple_water_park_outdoor_01_TP_fotoBD_2019_lowres.jpg\",\"datePublished\":\"2022-02-21T12:34:05+00:00\",\"dateModified\":\"2022-02-21T13:38:42+00:00\",\"description\":\"M\u011bsto Ptuj je jedn\u00edm z nejstar\u0161\u00edch m\u011bst ve Slovinsku nach\u00e1zej\u00edc\u00ed se jen n\u011bkolik kilometr\u016f od Mariboru. Krom\u011b toho, \u017ee m\u00e1 bohatou historii a kouzelnou atmosf\u00e9ru, nab\u00edz\u00ed kempa\u0159\u016fm kempov\u00e1n\u00ed ve zdej\u0161\u00edm hezk\u00e9m a klidn\u00e9m kempu hned u term\u00e1ln\u00edch l\u00e1zn\u00ed Terme Ptuj. D\u00edky tomu tak m\u016f\u017eete va\u0161i dovolenou spojit s kempov\u00e1n\u00edm, koup\u00e1n\u00edm a pozn\u00e1v\u00e1n\u00edm kr\u00e1s tohoto m\u011bsta.\",\"breadcrumb\":{\"@id\":\"https:\\\/\\\/all4camper.com\\\/cs\\\/karavanem-do-slovinska-kempovani-a-koupani-ve-meste-ptuj\\\/#breadcrumb\"},\"inLanguage\":\"cs\",\"potentialAction\":[{\"@type\":\"ReadAction\",\"target\":[\"https:\\\/\\\/all4camper.com\\\/cs\\\/karavanem-do-slovinska-kempovani-a-koupani-ve-meste-ptuj\\\/\"]}]},{\"@type\":\"ImageObject\",\"inLanguage\":\"cs\",\"@id\":\"https:\\\/\\\/all4camper.com\\\/cs\\\/karavanem-do-slovinska-kempovani-a-koupani-ve-meste-ptuj\\\/#primaryimage\",\"url\":\"https:\\\/\\\/all4camper.com\\\/wp-content\\\/uploads\\\/2022\\\/02\\\/Couple_water_park_outdoor_01_TP_fotoBD_2019_lowres.jpg\",\"contentUrl\":\"https:\\\/\\\/all4camper.com\\\/wp-content\\\/uploads\\\/2022\\\/02\\\/Couple_water_park_outdoor_01_TP_fotoBD_2019_lowres.jpg\",\"width\":1200,\"height\":800},{\"@type\":\"BreadcrumbList\",\"@id\":\"https:\\\/\\\/all4camper.com\\\/cs\\\/karavanem-do-slovinska-kempovani-a-koupani-ve-meste-ptuj\\\/#breadcrumb\",\"itemListElement\":[{\"@type\":\"ListItem\",\"position\":1,\"name\":\"Dom\u016f\",\"item\":\"https:\\\/\\\/all4camper.com\\\/cs\\\/\"},{\"@type\":\"ListItem\",\"position\":2,\"name\":\"Novinky - Kempov\u00e1n\u00ed a karavaning\",\"item\":\"https:\\\/\\\/all4camper.com\\\/cs\\\/category\\\/novinky-kempovani-a-karavaning\\\/\"},{\"@type\":\"ListItem\",\"position\":3,\"name\":\"Karavanem do Slovinska \u2013 kempov\u00e1n\u00ed a koup\u00e1n\u00ed ve m\u011bst\u011b Ptuj\"}]},{\"@type\":\"WebSite\",\"@id\":\"https:\\\/\\\/all4camper.com\\\/cs\\\/#website\",\"url\":\"https:\\\/\\\/all4camper.com\\\/cs\\\/\",\"name\":\"All4Camper\",\"description\":\"Nejv\u011bt\u0161\u00ed online magaz\u00edn o kempov\u00e1n\u00ed a karavaninku. V\u00edce jak 900 \u010dl\u00e1nk\u016f pln\u00fdch rad a tip\u016f o kempech a kempov\u00e1n\u00ed.\",\"publisher\":{\"@id\":\"https:\\\/\\\/all4camper.com\\\/cs\\\/#organization\"},\"potentialAction\":[{\"@type\":\"SearchAction\",\"target\":{\"@type\":\"EntryPoint\",\"urlTemplate\":\"https:\\\/\\\/all4camper.com\\\/cs\\\/?s={search_term_string}\"},\"query-input\":{\"@type\":\"PropertyValueSpecification\",\"valueRequired\":true,\"valueName\":\"search_term_string\"}}],\"inLanguage\":\"cs\"},{\"@type\":\"Organization\",\"@id\":\"https:\\\/\\\/all4camper.com\\\/cs\\\/#organization\",\"name\":\"All4Camper - kempujeme s Kl\u00e1rou\",\"url\":\"https:\\\/\\\/all4camper.com\\\/cs\\\/\",\"logo\":{\"@type\":\"ImageObject\",\"inLanguage\":\"cs\",\"@id\":\"https:\\\/\\\/all4camper.com\\\/cs\\\/#\\\/schema\\\/logo\\\/image\\\/\",\"url\":\"https:\\\/\\\/all4camper.com\\\/wp-content\\\/uploads\\\/2018\\\/09\\\/novelogo.png\",\"contentUrl\":\"https:\\\/\\\/all4camper.com\\\/wp-content\\\/uploads\\\/2018\\\/09\\\/novelogo.png\",\"width\":1520,\"height\":600,\"caption\":\"All4Camper - kempujeme s Kl\u00e1rou\"},\"image\":{\"@id\":\"https:\\\/\\\/all4camper.com\\\/cs\\\/#\\\/schema\\\/logo\\\/image\\\/\"}},{\"@type\":\"Person\",\"@id\":\"https:\\\/\\\/all4camper.com\\\/cs\\\/#\\\/schema\\\/person\\\/c6f1efdf1d02bc7d8c53a891cbe18c62\",\"name\":\"Kl\u00e1ra H\u00e1jkov\u00e1\",\"sameAs\":[\"http:\\\/\\\/www.all4camper.com\"],\"url\":\"https:\\\/\\\/all4camper.com\\\/cs\\\/author\\\/klarinkacestuje1\\\/\"}]}<\/script>\n<!-- \/ Yoast SEO plugin. -->","yoast_head_json":{"title":"Karavanem do Slovinska \u2013 kempov\u00e1n\u00ed a koup\u00e1n\u00ed ve m\u011bst\u011b Ptuj - All4Camper","description":"M\u011bsto Ptuj je jedn\u00edm z nejstar\u0161\u00edch m\u011bst ve Slovinsku nach\u00e1zej\u00edc\u00ed se jen n\u011bkolik kilometr\u016f od Mariboru. Krom\u011b toho, \u017ee m\u00e1 bohatou historii a kouzelnou atmosf\u00e9ru, nab\u00edz\u00ed kempa\u0159\u016fm kempov\u00e1n\u00ed ve zdej\u0161\u00edm hezk\u00e9m a klidn\u00e9m kempu hned u term\u00e1ln\u00edch l\u00e1zn\u00ed Terme Ptuj. D\u00edky tomu tak m\u016f\u017eete va\u0161i dovolenou spojit s kempov\u00e1n\u00edm, koup\u00e1n\u00edm a pozn\u00e1v\u00e1n\u00edm kr\u00e1s tohoto m\u011bsta.","robots":{"index":"index","follow":"follow","max-snippet":"max-snippet:-1","max-image-preview":"max-image-preview:large","max-video-preview":"max-video-preview:-1"},"canonical":"https:\/\/all4camper.com\/cs\/karavanem-do-slovinska-kempovani-a-koupani-ve-meste-ptuj\/","og_locale":"cs_CZ","og_type":"article","og_title":"Karavanem do Slovinska \u2013 kempov\u00e1n\u00ed a koup\u00e1n\u00ed ve m\u011bst\u011b Ptuj - All4Camper","og_description":"M\u011bsto Ptuj je jedn\u00edm z nejstar\u0161\u00edch m\u011bst ve Slovinsku nach\u00e1zej\u00edc\u00ed se jen n\u011bkolik kilometr\u016f od Mariboru. Krom\u011b toho, \u017ee m\u00e1 bohatou historii a kouzelnou atmosf\u00e9ru, nab\u00edz\u00ed kempa\u0159\u016fm kempov\u00e1n\u00ed ve zdej\u0161\u00edm hezk\u00e9m a klidn\u00e9m kempu hned u term\u00e1ln\u00edch l\u00e1zn\u00ed Terme Ptuj. D\u00edky tomu tak m\u016f\u017eete va\u0161i dovolenou spojit s kempov\u00e1n\u00edm, koup\u00e1n\u00edm a pozn\u00e1v\u00e1n\u00edm kr\u00e1s tohoto m\u011bsta.","og_url":"https:\/\/all4camper.com\/cs\/karavanem-do-slovinska-kempovani-a-koupani-ve-meste-ptuj\/","og_site_name":"All4Camper","article_published_time":"2022-02-21T12:34:05+00:00","article_modified_time":"2022-02-21T13:38:42+00:00","og_image":[{"width":1200,"height":800,"url":"https:\/\/all4camper.com\/wp-content\/uploads\/2022\/02\/Couple_water_park_outdoor_01_TP_fotoBD_2019_lowres.jpg","type":"image\/jpeg"}],"author":"Kl\u00e1ra H\u00e1jkov\u00e1","twitter_card":"summary_large_image","twitter_misc":{"Napsal(a)":"Kl\u00e1ra H\u00e1jkov\u00e1","Odhadovan\u00e1 doba \u010dten\u00ed":"15 minut"},"schema":{"@context":"https:\/\/schema.org","@graph":[{"@type":"Article","@id":"https:\/\/all4camper.com\/cs\/karavanem-do-slovinska-kempovani-a-koupani-ve-meste-ptuj\/#article","isPartOf":{"@id":"https:\/\/all4camper.com\/cs\/karavanem-do-slovinska-kempovani-a-koupani-ve-meste-ptuj\/"},"author":{"name":"Kl\u00e1ra H\u00e1jkov\u00e1","@id":"https:\/\/all4camper.com\/cs\/#\/schema\/person\/c6f1efdf1d02bc7d8c53a891cbe18c62"},"headline":"Karavanem do Slovinska \u2013 kempov\u00e1n\u00ed a koup\u00e1n\u00ed ve m\u011bst\u011b Ptuj","datePublished":"2022-02-21T12:34:05+00:00","dateModified":"2022-02-21T13:38:42+00:00","mainEntityOfPage":{"@id":"https:\/\/all4camper.com\/cs\/karavanem-do-slovinska-kempovani-a-koupani-ve-meste-ptuj\/"},"wordCount":1827,"publisher":{"@id":"https:\/\/all4camper.com\/cs\/#organization"},"image":{"@id":"https:\/\/all4camper.com\/cs\/karavanem-do-slovinska-kempovani-a-koupani-ve-meste-ptuj\/#primaryimage"},"thumbnailUrl":"https:\/\/all4camper.com\/wp-content\/uploads\/2022\/02\/Couple_water_park_outdoor_01_TP_fotoBD_2019_lowres.jpg","keywords":["Kempy a kempovac\u00ed m\u00edsta","Slovinsko","Term\u00e1ln\u00ed l\u00e1zn\u011b"],"articleSection":["Kempujeme a cestujeme ve Slovinsku","Kempy a zaj\u00edmav\u00e1 m\u00edsta","Novinky - Kempov\u00e1n\u00ed a karavaning","Term\u00e1ln\u00ed l\u00e1zn\u011b, akvaparky a z\u00e1bavn\u00ed parky"],"inLanguage":"cs"},{"@type":"WebPage","@id":"https:\/\/all4camper.com\/cs\/karavanem-do-slovinska-kempovani-a-koupani-ve-meste-ptuj\/","url":"https:\/\/all4camper.com\/cs\/karavanem-do-slovinska-kempovani-a-koupani-ve-meste-ptuj\/","name":"Karavanem do Slovinska \u2013 kempov\u00e1n\u00ed a koup\u00e1n\u00ed ve m\u011bst\u011b Ptuj - All4Camper","isPartOf":{"@id":"https:\/\/all4camper.com\/cs\/#website"},"primaryImageOfPage":{"@id":"https:\/\/all4camper.com\/cs\/karavanem-do-slovinska-kempovani-a-koupani-ve-meste-ptuj\/#primaryimage"},"image":{"@id":"https:\/\/all4camper.com\/cs\/karavanem-do-slovinska-kempovani-a-koupani-ve-meste-ptuj\/#primaryimage"},"thumbnailUrl":"https:\/\/all4camper.com\/wp-content\/uploads\/2022\/02\/Couple_water_park_outdoor_01_TP_fotoBD_2019_lowres.jpg","datePublished":"2022-02-21T12:34:05+00:00","dateModified":"2022-02-21T13:38:42+00:00","description":"M\u011bsto Ptuj je jedn\u00edm z nejstar\u0161\u00edch m\u011bst ve Slovinsku nach\u00e1zej\u00edc\u00ed se jen n\u011bkolik kilometr\u016f od Mariboru. Krom\u011b toho, \u017ee m\u00e1 bohatou historii a kouzelnou atmosf\u00e9ru, nab\u00edz\u00ed kempa\u0159\u016fm kempov\u00e1n\u00ed ve zdej\u0161\u00edm hezk\u00e9m a klidn\u00e9m kempu hned u term\u00e1ln\u00edch l\u00e1zn\u00ed Terme Ptuj. D\u00edky tomu tak m\u016f\u017eete va\u0161i dovolenou spojit s kempov\u00e1n\u00edm, koup\u00e1n\u00edm a pozn\u00e1v\u00e1n\u00edm kr\u00e1s tohoto m\u011bsta.","breadcrumb":{"@id":"https:\/\/all4camper.com\/cs\/karavanem-do-slovinska-kempovani-a-koupani-ve-meste-ptuj\/#breadcrumb"},"inLanguage":"cs","potentialAction":[{"@type":"ReadAction","target":["https:\/\/all4camper.com\/cs\/karavanem-do-slovinska-kempovani-a-koupani-ve-meste-ptuj\/"]}]},{"@type":"ImageObject","inLanguage":"cs","@id":"https:\/\/all4camper.com\/cs\/karavanem-do-slovinska-kempovani-a-koupani-ve-meste-ptuj\/#primaryimage","url":"https:\/\/all4camper.com\/wp-content\/uploads\/2022\/02\/Couple_water_park_outdoor_01_TP_fotoBD_2019_lowres.jpg","contentUrl":"https:\/\/all4camper.com\/wp-content\/uploads\/2022\/02\/Couple_water_park_outdoor_01_TP_fotoBD_2019_lowres.jpg","width":1200,"height":800},{"@type":"BreadcrumbList","@id":"https:\/\/all4camper.com\/cs\/karavanem-do-slovinska-kempovani-a-koupani-ve-meste-ptuj\/#breadcrumb","itemListElement":[{"@type":"ListItem","position":1,"name":"Dom\u016f","item":"https:\/\/all4camper.com\/cs\/"},{"@type":"ListItem","position":2,"name":"Novinky - Kempov\u00e1n\u00ed a karavaning","item":"https:\/\/all4camper.com\/cs\/category\/novinky-kempovani-a-karavaning\/"},{"@type":"ListItem","position":3,"name":"Karavanem do Slovinska \u2013 kempov\u00e1n\u00ed a koup\u00e1n\u00ed ve m\u011bst\u011b Ptuj"}]},{"@type":"WebSite","@id":"https:\/\/all4camper.com\/cs\/#website","url":"https:\/\/all4camper.com\/cs\/","name":"All4Camper","description":"Nejv\u011bt\u0161\u00ed online magaz\u00edn o kempov\u00e1n\u00ed a karavaninku. V\u00edce jak 900 \u010dl\u00e1nk\u016f pln\u00fdch rad a tip\u016f o kempech a kempov\u00e1n\u00ed.","publisher":{"@id":"https:\/\/all4camper.com\/cs\/#organization"},"potentialAction":[{"@type":"SearchAction","target":{"@type":"EntryPoint","urlTemplate":"https:\/\/all4camper.com\/cs\/?s={search_term_string}"},"query-input":{"@type":"PropertyValueSpecification","valueRequired":true,"valueName":"search_term_string"}}],"inLanguage":"cs"},{"@type":"Organization","@id":"https:\/\/all4camper.com\/cs\/#organization","name":"All4Camper - kempujeme s Kl\u00e1rou","url":"https:\/\/all4camper.com\/cs\/","logo":{"@type":"ImageObject","inLanguage":"cs","@id":"https:\/\/all4camper.com\/cs\/#\/schema\/logo\/image\/","url":"https:\/\/all4camper.com\/wp-content\/uploads\/2018\/09\/novelogo.png","contentUrl":"https:\/\/all4camper.com\/wp-content\/uploads\/2018\/09\/novelogo.png","width":1520,"height":600,"caption":"All4Camper - kempujeme s Kl\u00e1rou"},"image":{"@id":"https:\/\/all4camper.com\/cs\/#\/schema\/logo\/image\/"}},{"@type":"Person","@id":"https:\/\/all4camper.com\/cs\/#\/schema\/person\/c6f1efdf1d02bc7d8c53a891cbe18c62","name":"Kl\u00e1ra H\u00e1jkov\u00e1","sameAs":["http:\/\/www.all4camper.com"],"url":"https:\/\/all4camper.com\/cs\/author\/klarinkacestuje1\/"}]}},"_links":{"self":[{"href":"https:\/\/all4camper.com\/cs\/wp-json\/wp\/v2\/posts\/139477","targetHints":{"allow":["GET"]}}],"collection":[{"href":"https:\/\/all4camper.com\/cs\/wp-json\/wp\/v2\/posts"}],"about":[{"href":"https:\/\/all4camper.com\/cs\/wp-json\/wp\/v2\/types\/post"}],"author":[{"embeddable":true,"href":"https:\/\/all4camper.com\/cs\/wp-json\/wp\/v2\/users\/4"}],"replies":[{"embeddable":true,"href":"https:\/\/all4camper.com\/cs\/wp-json\/wp\/v2\/comments?post=139477"}],"version-history":[{"count":0,"href":"https:\/\/all4camper.com\/cs\/wp-json\/wp\/v2\/posts\/139477\/revisions"}],"wp:featuredmedia":[{"embeddable":true,"href":"https:\/\/all4camper.com\/cs\/wp-json\/wp\/v2\/media\/139579"}],"wp:attachment":[{"href":"https:\/\/all4camper.com\/cs\/wp-json\/wp\/v2\/media?parent=139477"}],"wp:term":[{"taxonomy":"category","embeddable":true,"href":"https:\/\/all4camper.com\/cs\/wp-json\/wp\/v2\/categories?post=139477"},{"taxonomy":"post_tag","embeddable":true,"href":"https:\/\/all4camper.com\/cs\/wp-json\/wp\/v2\/tags?post=139477"}],"curies":[{"name":"wp","href":"https:\/\/api.w.org\/{rel}","templated":true}]}}