{"id":139419,"date":"2023-03-18T08:56:24","date_gmt":"2023-03-18T07:56:24","guid":{"rendered":"https:\/\/all4camper.com\/\/?p=139419"},"modified":"2023-03-20T07:42:55","modified_gmt":"2023-03-20T06:42:55","slug":"paradni-tip-kam-s-karavanem-nejen-na-velikonocni-prazdniny-plne-slunce","status":"publish","type":"post","link":"https:\/\/all4camper.com\/cs\/paradni-tip-kam-s-karavanem-nejen-na-velikonocni-prazdniny-plne-slunce\/","title":{"rendered":"Par\u00e1dn\u00ed tip kam s nejen s karavanem na velikono\u010dn\u00ed pr\u00e1zdniny pln\u00e9 slunce"},"content":{"rendered":"\n<p><strong>Velikonoce se bl\u00ed\u017e\u00ed a zcela jist\u011b mnoho z v\u00e1s p\u0159em\u00fd\u0161l\u00ed kam s karavanem vyjet na v\u00e1\u0161 mo\u017en\u00e1 prvn\u00ed leto\u0161n\u00ed v\u00fdjezd. Co se trochu v\u00edce odv\u00e1zat, nalo\u017eit karavan, rodinu a ujet o n\u011bco m\u00e1lo v\u00edce kilometr\u016f tam, kde m\u00e1te v polovin\u011b dubna jistotu hezk\u00e9ho po\u010das\u00ed a z\u00e1ruku mnoha z\u00e1\u017eitk\u016f? My to tak ud\u011blali v p\u0159edminul\u00e9m roce a byla to doslova par\u00e1da. Kam se tedy vydat?<\/strong><\/p>\n\n\n\n<figure class=\"wp-block-image size-large\"><img loading=\"lazy\" decoding=\"async\" width=\"1440\" height=\"1080\" src=\"https:\/\/all4camper.com\/\/wp-content\/uploads\/2022\/02\/chorvatsko-kemp-Falkensteiner-1440x1080.jpeg\" alt=\"\" class=\"wp-image-139420\" srcset=\"https:\/\/all4camper.com\/wp-content\/uploads\/2022\/02\/chorvatsko-kemp-Falkensteiner-1440x1080.jpeg 1440w, https:\/\/all4camper.com\/wp-content\/uploads\/2022\/02\/chorvatsko-kemp-Falkensteiner-450x338.jpeg 450w, https:\/\/all4camper.com\/wp-content\/uploads\/2022\/02\/chorvatsko-kemp-Falkensteiner-150x113.jpeg 150w, https:\/\/all4camper.com\/wp-content\/uploads\/2022\/02\/chorvatsko-kemp-Falkensteiner-768x576.jpeg 768w, https:\/\/all4camper.com\/wp-content\/uploads\/2022\/02\/chorvatsko-kemp-Falkensteiner-1536x1152.jpeg 1536w, https:\/\/all4camper.com\/wp-content\/uploads\/2022\/02\/chorvatsko-kemp-Falkensteiner-2048x1536.jpeg 2048w, https:\/\/all4camper.com\/wp-content\/uploads\/2022\/02\/chorvatsko-kemp-Falkensteiner-696x522.jpeg 696w, https:\/\/all4camper.com\/wp-content\/uploads\/2022\/02\/chorvatsko-kemp-Falkensteiner-1392x1044.jpeg 1392w, https:\/\/all4camper.com\/wp-content\/uploads\/2022\/02\/chorvatsko-kemp-Falkensteiner-1920x1440.jpeg 1920w, https:\/\/all4camper.com\/wp-content\/uploads\/2022\/02\/chorvatsko-kemp-Falkensteiner-300x225.jpeg 300w, https:\/\/all4camper.com\/wp-content\/uploads\/2022\/02\/chorvatsko-kemp-Falkensteiner-1068x801.jpeg 1068w\" sizes=\"auto, (max-width: 1440px) 100vw, 1440px\" \/><figcaption class=\"wp-element-caption\">Foto: Kl\u00e1ra H\u00e1jkov\u00e1<\/figcaption><\/figure>\n\n\n\n<h3 class=\"wp-block-heading\" id=\"chorvatsko-na-jare-laka-prijemnym-pocasim-i-nizkymi-mimo-sezonnimi-cenami\">Chorvatsko na ja\u0159e l\u00e1k\u00e1 p\u0159\u00edjemn\u00fdm po\u010das\u00edm i n\u00edzk\u00fdmi, mimo sez\u00f3nn\u00edmi, cenami.<\/h3>\n\n\n\n<p>V minul\u00e9m roce jsme se koncem b\u0159ezna vydali do kempu Falkensteiner v Zadaru, co\u017e je pr\u00e9miov\u00fd p\u011btihv\u011bzdi\u010dkov\u00fd kemp <strong>nab\u00edzej\u00edc\u00ed a\u017e do konce dubna karavanist\u016fm v r\u00e1mci jejich pobytu wellness zdarma.<\/strong> Tahle slu\u017eba je v tuto dobu velmi p\u0159\u00edjemn\u00e1, proto\u017ee p\u0159eci jen je brzy tma a teplota se zapadaj\u00edc\u00edm sluncem kles\u00e1. Vy tak m\u016f\u017eete vz\u00edt plavky a j\u00edt si zaplavat do baz\u00e9nu nebo proh\u0159\u00e1t t\u011blo v saun\u011b s n\u00e1slednou relaxac\u00ed v moc p\u0159\u00edjemn\u00fdch prostorech tamn\u00edho SPA centra. Nav\u00edc je to jeden z m\u00e1la kemp\u016f v Chorvatsku, kter\u00fd pr\u00e1v\u011b tuto slu\u017ebu mimo sez\u00f3nu nab\u00edz\u00ed.<\/p>\n\n\n\n<figure class=\"wp-block-gallery has-nested-images columns-2 is-cropped wp-block-gallery-1 is-layout-flex wp-block-gallery-is-layout-flex\">\n<figure class=\"wp-block-image size-large\"><img loading=\"lazy\" decoding=\"async\" width=\"1440\" height=\"1080\" data-id=\"139427\" src=\"https:\/\/all4camper.com\/\/wp-content\/uploads\/2022\/02\/IMG_0179-1440x1080.jpeg\" alt=\"\" class=\"wp-image-139427\" srcset=\"https:\/\/all4camper.com\/wp-content\/uploads\/2022\/02\/IMG_0179-1440x1080.jpeg 1440w, https:\/\/all4camper.com\/wp-content\/uploads\/2022\/02\/IMG_0179-300x225.jpeg 300w, https:\/\/all4camper.com\/wp-content\/uploads\/2022\/02\/IMG_0179-150x113.jpeg 150w, https:\/\/all4camper.com\/wp-content\/uploads\/2022\/02\/IMG_0179-768x576.jpeg 768w, https:\/\/all4camper.com\/wp-content\/uploads\/2022\/02\/IMG_0179-1536x1152.jpeg 1536w, https:\/\/all4camper.com\/wp-content\/uploads\/2022\/02\/IMG_0179-2048x1536.jpeg 2048w, https:\/\/all4camper.com\/wp-content\/uploads\/2022\/02\/IMG_0179-696x522.jpeg 696w, https:\/\/all4camper.com\/wp-content\/uploads\/2022\/02\/IMG_0179-1068x801.jpeg 1068w, https:\/\/all4camper.com\/wp-content\/uploads\/2022\/02\/IMG_0179-1920x1440.jpeg 1920w\" sizes=\"auto, (max-width: 1440px) 100vw, 1440px\" \/><\/figure>\n\n\n\n<figure class=\"wp-block-image size-large\"><img loading=\"lazy\" decoding=\"async\" width=\"1440\" height=\"1080\" data-id=\"139434\" src=\"https:\/\/all4camper.com\/\/wp-content\/uploads\/2022\/02\/IMG_0183-1440x1080.jpeg\" alt=\"\" class=\"wp-image-139434\" srcset=\"https:\/\/all4camper.com\/wp-content\/uploads\/2022\/02\/IMG_0183-1440x1080.jpeg 1440w, https:\/\/all4camper.com\/wp-content\/uploads\/2022\/02\/IMG_0183-300x225.jpeg 300w, https:\/\/all4camper.com\/wp-content\/uploads\/2022\/02\/IMG_0183-150x113.jpeg 150w, https:\/\/all4camper.com\/wp-content\/uploads\/2022\/02\/IMG_0183-768x576.jpeg 768w, https:\/\/all4camper.com\/wp-content\/uploads\/2022\/02\/IMG_0183-1536x1152.jpeg 1536w, https:\/\/all4camper.com\/wp-content\/uploads\/2022\/02\/IMG_0183-2048x1536.jpeg 2048w, https:\/\/all4camper.com\/wp-content\/uploads\/2022\/02\/IMG_0183-696x522.jpeg 696w, https:\/\/all4camper.com\/wp-content\/uploads\/2022\/02\/IMG_0183-1068x801.jpeg 1068w, https:\/\/all4camper.com\/wp-content\/uploads\/2022\/02\/IMG_0183-1920x1440.jpeg 1920w\" sizes=\"auto, (max-width: 1440px) 100vw, 1440px\" \/><\/figure>\n\n\n\n<figure class=\"wp-block-image size-large\"><img loading=\"lazy\" decoding=\"async\" width=\"1440\" height=\"1080\" data-id=\"139432\" src=\"https:\/\/all4camper.com\/\/wp-content\/uploads\/2022\/02\/IMG_0173-1440x1080.jpeg\" alt=\"\" class=\"wp-image-139432\" srcset=\"https:\/\/all4camper.com\/wp-content\/uploads\/2022\/02\/IMG_0173-1440x1080.jpeg 1440w, https:\/\/all4camper.com\/wp-content\/uploads\/2022\/02\/IMG_0173-300x225.jpeg 300w, https:\/\/all4camper.com\/wp-content\/uploads\/2022\/02\/IMG_0173-150x113.jpeg 150w, https:\/\/all4camper.com\/wp-content\/uploads\/2022\/02\/IMG_0173-768x576.jpeg 768w, https:\/\/all4camper.com\/wp-content\/uploads\/2022\/02\/IMG_0173-1536x1152.jpeg 1536w, https:\/\/all4camper.com\/wp-content\/uploads\/2022\/02\/IMG_0173-2048x1536.jpeg 2048w, https:\/\/all4camper.com\/wp-content\/uploads\/2022\/02\/IMG_0173-696x522.jpeg 696w, https:\/\/all4camper.com\/wp-content\/uploads\/2022\/02\/IMG_0173-1068x801.jpeg 1068w, https:\/\/all4camper.com\/wp-content\/uploads\/2022\/02\/IMG_0173-1920x1440.jpeg 1920w\" sizes=\"auto, (max-width: 1440px) 100vw, 1440px\" \/><figcaption class=\"wp-element-caption\">Foto: Kl\u00e1ra H\u00e1jkov\u00e1<\/figcaption><\/figure>\n<\/figure>\n\n\n\n<p>Nespornou v\u00fdhodou je rozd\u011blen\u00ed SPA do dvou \u010d\u00e1st\u00ed. V t\u00e9 prvn\u00ed najdete vnit\u0159n\u00ed a venkovn\u00ed baz\u00e9n (sem mohou d\u011bti) a ve druh\u00e9 se nach\u00e1z\u00ed sauna, v\u00ed\u0159ivka a \u00fatuln\u00e9 odpo\u010d\u00edvac\u00ed m\u00edstnosti. Tam je vstup povolen a\u017e od 16 let. N\u00e1v\u0161t\u011bvn\u00edci tak maj\u00ed zaru\u010den\u00fd klid a d\u011bti si zase mohou za\u0159\u00e1dit jak se jim zl\u00edb\u00ed, ani\u017e by n\u011bkoho ru\u0161ily.<\/p>\n\n\n\n<h2 class=\"wp-block-heading\" id=\"kemp-na-co-se-muzete-tesit\">Kemp &#8211; na co se m\u016f\u017eete t\u011b\u0161it<\/h2>\n\n\n\n<p>Samotn\u00fd kemp je nejen\u017ee velmi \u010dist\u00fd a rozhodn\u011b spl\u0148uje parametry 5 hv\u011bzdi\u010dkov\u00e9ho kempu, ale m\u00e1 i v\u00fdbornou polohu. Asi 100 metr\u016f od kempu najdete prodejnu potravin, kolem kempu vede p\u0159\u00edjemn\u00e1 pob\u0159e\u017en\u00ed promen\u00e1da a nen\u00ed tam nouze o restaurace. Do samotn\u00e9ho historick\u00e9ho centra Zadaru to je necel\u00fdch 10 minut j\u00edzdy na kole, ale d\u00e1 se tam pod\u00e9l mo\u0159e doj\u00edt i p\u011b\u0161ky. Pokud se v\u00e1m nechce vyu\u017e\u00edt ani jednu v\u00fd\u0161e uvedenou mo\u017enost, pak u kempu stoj\u00ed autobusov\u00e1 zast\u00e1vka. <strong>Rozhodn\u011b v\u0161ak n\u00e1v\u0161t\u011bvu centra doporu\u010duji. Na ja\u0159e je tam hezky a prvn\u00ed otev\u0159en\u00e9 venkovn\u00ed zahr\u00e1dky u restaurac\u00ed s v\u0161ude panuj\u00edc\u00ed pohodou v\u00e1s ur\u010dit\u011b nal\u00e1kaj\u00ed i na n\u011bco dobr\u00e9ho. <\/strong>A co teprve takov\u00e9 trhy, kde u\u017e v dubnu koup\u00edte \u010derstv\u00e9 pomeran\u010de \u010di vyu\u017eijete nab\u00eddky ryb\u00edho trhu pln\u00e9ho sam\u00fdch dobrot.<\/p>\n\n\n\n<figure class=\"wp-block-gallery has-nested-images columns-1 is-cropped wp-block-gallery-2 is-layout-flex wp-block-gallery-is-layout-flex\">\n<figure class=\"wp-block-image size-large\"><img loading=\"lazy\" decoding=\"async\" width=\"1440\" height=\"1080\" data-id=\"139438\" src=\"https:\/\/all4camper.com\/\/wp-content\/uploads\/2022\/02\/IMG_0207-1440x1080.jpeg\" alt=\"\" class=\"wp-image-139438\" srcset=\"https:\/\/all4camper.com\/wp-content\/uploads\/2022\/02\/IMG_0207-1440x1080.jpeg 1440w, https:\/\/all4camper.com\/wp-content\/uploads\/2022\/02\/IMG_0207-300x225.jpeg 300w, https:\/\/all4camper.com\/wp-content\/uploads\/2022\/02\/IMG_0207-150x113.jpeg 150w, https:\/\/all4camper.com\/wp-content\/uploads\/2022\/02\/IMG_0207-768x576.jpeg 768w, https:\/\/all4camper.com\/wp-content\/uploads\/2022\/02\/IMG_0207-1536x1152.jpeg 1536w, https:\/\/all4camper.com\/wp-content\/uploads\/2022\/02\/IMG_0207-2048x1536.jpeg 2048w, https:\/\/all4camper.com\/wp-content\/uploads\/2022\/02\/IMG_0207-696x522.jpeg 696w, https:\/\/all4camper.com\/wp-content\/uploads\/2022\/02\/IMG_0207-1068x801.jpeg 1068w, https:\/\/all4camper.com\/wp-content\/uploads\/2022\/02\/IMG_0207-1920x1440.jpeg 1920w\" sizes=\"auto, (max-width: 1440px) 100vw, 1440px\" \/><figcaption class=\"wp-element-caption\">B\u0159ezen 2021, Foto: Kl\u00e1ra H\u00e1jkov\u00e1<\/figcaption><\/figure>\n\n\n\n<figure class=\"wp-block-image size-large\"><img loading=\"lazy\" decoding=\"async\" width=\"1440\" height=\"1080\" data-id=\"139442\" src=\"https:\/\/all4camper.com\/\/wp-content\/uploads\/2022\/02\/IMG_0209-1440x1080.jpeg\" alt=\"\" class=\"wp-image-139442\" srcset=\"https:\/\/all4camper.com\/wp-content\/uploads\/2022\/02\/IMG_0209-1440x1080.jpeg 1440w, https:\/\/all4camper.com\/wp-content\/uploads\/2022\/02\/IMG_0209-300x225.jpeg 300w, https:\/\/all4camper.com\/wp-content\/uploads\/2022\/02\/IMG_0209-150x113.jpeg 150w, https:\/\/all4camper.com\/wp-content\/uploads\/2022\/02\/IMG_0209-768x576.jpeg 768w, https:\/\/all4camper.com\/wp-content\/uploads\/2022\/02\/IMG_0209-1536x1152.jpeg 1536w, https:\/\/all4camper.com\/wp-content\/uploads\/2022\/02\/IMG_0209-2048x1536.jpeg 2048w, https:\/\/all4camper.com\/wp-content\/uploads\/2022\/02\/IMG_0209-696x522.jpeg 696w, https:\/\/all4camper.com\/wp-content\/uploads\/2022\/02\/IMG_0209-1068x801.jpeg 1068w, https:\/\/all4camper.com\/wp-content\/uploads\/2022\/02\/IMG_0209-1920x1440.jpeg 1920w\" sizes=\"auto, (max-width: 1440px) 100vw, 1440px\" \/><figcaption class=\"wp-element-caption\">B\u0159ezen 2021 Zadar, Foto: Kl\u00e1ra H\u00e1jkov\u00e1<\/figcaption><\/figure>\n\n\n\n<figure class=\"wp-block-image size-large\"><img loading=\"lazy\" decoding=\"async\" width=\"1440\" height=\"1080\" data-id=\"139440\" src=\"https:\/\/all4camper.com\/\/wp-content\/uploads\/2022\/02\/IMG_0471-1440x1080.jpeg\" alt=\"\" class=\"wp-image-139440\" srcset=\"https:\/\/all4camper.com\/wp-content\/uploads\/2022\/02\/IMG_0471-1440x1080.jpeg 1440w, https:\/\/all4camper.com\/wp-content\/uploads\/2022\/02\/IMG_0471-300x225.jpeg 300w, https:\/\/all4camper.com\/wp-content\/uploads\/2022\/02\/IMG_0471-150x113.jpeg 150w, https:\/\/all4camper.com\/wp-content\/uploads\/2022\/02\/IMG_0471-768x576.jpeg 768w, https:\/\/all4camper.com\/wp-content\/uploads\/2022\/02\/IMG_0471-1536x1152.jpeg 1536w, https:\/\/all4camper.com\/wp-content\/uploads\/2022\/02\/IMG_0471-2048x1536.jpeg 2048w, https:\/\/all4camper.com\/wp-content\/uploads\/2022\/02\/IMG_0471-696x522.jpeg 696w, https:\/\/all4camper.com\/wp-content\/uploads\/2022\/02\/IMG_0471-1068x801.jpeg 1068w, https:\/\/all4camper.com\/wp-content\/uploads\/2022\/02\/IMG_0471-1920x1440.jpeg 1920w\" sizes=\"auto, (max-width: 1440px) 100vw, 1440px\" \/><figcaption class=\"wp-element-caption\">B\u0159ezen 2021 Zadar, Foto: Kl\u00e1ra H\u00e1jkov\u00e1<\/figcaption><\/figure>\n\n\n\n<figure class=\"wp-block-image size-large\"><img loading=\"lazy\" decoding=\"async\" width=\"1440\" height=\"1080\" data-id=\"139436\" src=\"https:\/\/all4camper.com\/\/wp-content\/uploads\/2022\/02\/IMG_0469-1440x1080.jpeg\" alt=\"\" class=\"wp-image-139436\" srcset=\"https:\/\/all4camper.com\/wp-content\/uploads\/2022\/02\/IMG_0469-1440x1080.jpeg 1440w, https:\/\/all4camper.com\/wp-content\/uploads\/2022\/02\/IMG_0469-300x225.jpeg 300w, https:\/\/all4camper.com\/wp-content\/uploads\/2022\/02\/IMG_0469-150x113.jpeg 150w, https:\/\/all4camper.com\/wp-content\/uploads\/2022\/02\/IMG_0469-768x576.jpeg 768w, https:\/\/all4camper.com\/wp-content\/uploads\/2022\/02\/IMG_0469-1536x1152.jpeg 1536w, https:\/\/all4camper.com\/wp-content\/uploads\/2022\/02\/IMG_0469-2048x1536.jpeg 2048w, https:\/\/all4camper.com\/wp-content\/uploads\/2022\/02\/IMG_0469-696x522.jpeg 696w, https:\/\/all4camper.com\/wp-content\/uploads\/2022\/02\/IMG_0469-1068x801.jpeg 1068w, https:\/\/all4camper.com\/wp-content\/uploads\/2022\/02\/IMG_0469-1920x1440.jpeg 1920w\" sizes=\"auto, (max-width: 1440px) 100vw, 1440px\" \/><figcaption class=\"wp-element-caption\">B\u0159ezen 2021 Zadar, Foto: Kl\u00e1ra H\u00e1jkov\u00e1<\/figcaption><\/figure>\n<\/figure>\n\n\n\n<p>Ale zp\u011bt k samotn\u00e9mu kempu. Co se t\u00fd\u010de jeho rozd\u011blen\u00ed, tak m\u00e1te mo\u017enost kempovat na pozemc\u00edch rozd\u011blen\u00fdch do n\u011bkolika z\u00f3n. Nejlevn\u011bj\u0161\u00ed je modr\u00e1, kter\u00e1 sice nen\u00ed u mo\u0159e, ale d\u00edky poloze kempu se z pozemk\u016f d\u00e1 vid\u011bt na mo\u0159e. V t\u00e9to z\u00f3n\u011b tak\u00e9 a\u017e do cca 27.6. m\u016f\u017eete uplatnit ACSI kartu, d\u00edky kter\u00e9 budete m\u00edt pozemek v\u00fdrazn\u011b zlevn\u011bn\u00fd. Plat\u00ed pro dv\u011b osoby a psa. Z m\u00e9ho pohledu je to cena velmi p\u011bkn\u00e1, kdy\u017e si vezmete \u017ee kempujete v luxusn\u00edm kempu. Pokud tuto kartu nem\u00e1te, tak do konce dubna stoj\u00ed tento pozemek stejnou cenu, av\u0161ak bez poplatku za osoby. N\u00e1sledn\u00e9 dv\u011b kategorie jsou ji\u017e dra\u017e\u0161\u00ed &#8211; Gold a Diamond.<\/p>\n\n\n\n<figure class=\"wp-block-gallery has-nested-images columns-1 is-cropped wp-block-gallery-3 is-layout-flex wp-block-gallery-is-layout-flex\">\n<figure class=\"wp-block-image size-large\"><img loading=\"lazy\" decoding=\"async\" width=\"1440\" height=\"1080\" data-id=\"139444\" src=\"https:\/\/all4camper.com\/\/wp-content\/uploads\/2022\/02\/IMG_0392-1440x1080.jpeg\" alt=\"\" class=\"wp-image-139444\" srcset=\"https:\/\/all4camper.com\/wp-content\/uploads\/2022\/02\/IMG_0392-1440x1080.jpeg 1440w, https:\/\/all4camper.com\/wp-content\/uploads\/2022\/02\/IMG_0392-300x225.jpeg 300w, https:\/\/all4camper.com\/wp-content\/uploads\/2022\/02\/IMG_0392-150x113.jpeg 150w, https:\/\/all4camper.com\/wp-content\/uploads\/2022\/02\/IMG_0392-768x576.jpeg 768w, https:\/\/all4camper.com\/wp-content\/uploads\/2022\/02\/IMG_0392-1536x1152.jpeg 1536w, https:\/\/all4camper.com\/wp-content\/uploads\/2022\/02\/IMG_0392-2048x1536.jpeg 2048w, https:\/\/all4camper.com\/wp-content\/uploads\/2022\/02\/IMG_0392-696x522.jpeg 696w, https:\/\/all4camper.com\/wp-content\/uploads\/2022\/02\/IMG_0392-1068x801.jpeg 1068w, https:\/\/all4camper.com\/wp-content\/uploads\/2022\/02\/IMG_0392-1920x1440.jpeg 1920w\" sizes=\"auto, (max-width: 1440px) 100vw, 1440px\" \/><figcaption class=\"wp-element-caption\">Foto: Kl\u00e1ra H\u00e1jkov\u00e1<\/figcaption><\/figure>\n\n\n\n<figure class=\"wp-block-image size-large\"><img loading=\"lazy\" decoding=\"async\" width=\"1543\" height=\"1080\" data-id=\"139446\" src=\"https:\/\/all4camper.com\/\/wp-content\/uploads\/2022\/02\/IMG_0359-1543x1080.jpeg\" alt=\"\" class=\"wp-image-139446\" srcset=\"https:\/\/all4camper.com\/wp-content\/uploads\/2022\/02\/IMG_0359-1543x1080.jpeg 1543w, https:\/\/all4camper.com\/wp-content\/uploads\/2022\/02\/IMG_0359-300x210.jpeg 300w, https:\/\/all4camper.com\/wp-content\/uploads\/2022\/02\/IMG_0359-150x105.jpeg 150w, https:\/\/all4camper.com\/wp-content\/uploads\/2022\/02\/IMG_0359-768x537.jpeg 768w, https:\/\/all4camper.com\/wp-content\/uploads\/2022\/02\/IMG_0359-1536x1075.jpeg 1536w, https:\/\/all4camper.com\/wp-content\/uploads\/2022\/02\/IMG_0359-2048x1433.jpeg 2048w, https:\/\/all4camper.com\/wp-content\/uploads\/2022\/02\/IMG_0359-696x487.jpeg 696w, https:\/\/all4camper.com\/wp-content\/uploads\/2022\/02\/IMG_0359-1068x747.jpeg 1068w, https:\/\/all4camper.com\/wp-content\/uploads\/2022\/02\/IMG_0359-1920x1344.jpeg 1920w\" sizes=\"auto, (max-width: 1543px) 100vw, 1543px\" \/><figcaption class=\"wp-element-caption\">Foto: Kl\u00e1ra H\u00e1jkov\u00e1<\/figcaption><\/figure>\n<\/figure>\n\n\n\n<p>Soci\u00e1lky kempu jsou velmi luxusn\u00ed. Nechyb\u00ed sprchy pro rodiny s d\u011btmi, d\u011btsk\u00e9 venkovn\u00ed um\u00fdv\u00e1rky a samoz\u0159ejm\u011b ani \u010d\u00e1st pro um\u00fdv\u00e1n\u00ed n\u00e1dob\u00ed, kdy hned vedle n\u00ed se nach\u00e1z\u00ed men\u0161\u00ed d\u011btsk\u00e9 h\u0159i\u0161t\u011b. D\u00edky tomu m\u00e1te d\u011bti b\u011bhem t\u00e9to \u010dinnosti pod dohledem. M\u00e1te-li d\u011bti v\u011bt\u0161\u00ed, mohou vyu\u017e\u00edt v\u011bt\u0161\u00ed h\u0159i\u0161t\u011b nach\u00e1zej\u00edc\u00ed se jen p\u00e1r metr\u016f u pl\u00e1\u017ee, av\u0161ak st\u00e1le za oplocen\u00edm kempu v bezpe\u010d\u00ed.<\/p>\n\n\n\n<figure class=\"wp-block-gallery has-nested-images columns-1 is-cropped wp-block-gallery-4 is-layout-flex wp-block-gallery-is-layout-flex\">\n<figure class=\"wp-block-image size-large\"><img loading=\"lazy\" decoding=\"async\" width=\"1440\" height=\"1080\" data-id=\"139450\" src=\"https:\/\/all4camper.com\/\/wp-content\/uploads\/2022\/02\/IMG_0345-1440x1080.jpeg\" alt=\"\" class=\"wp-image-139450\" srcset=\"https:\/\/all4camper.com\/wp-content\/uploads\/2022\/02\/IMG_0345-1440x1080.jpeg 1440w, https:\/\/all4camper.com\/wp-content\/uploads\/2022\/02\/IMG_0345-300x225.jpeg 300w, https:\/\/all4camper.com\/wp-content\/uploads\/2022\/02\/IMG_0345-150x113.jpeg 150w, https:\/\/all4camper.com\/wp-content\/uploads\/2022\/02\/IMG_0345-768x576.jpeg 768w, https:\/\/all4camper.com\/wp-content\/uploads\/2022\/02\/IMG_0345-1536x1152.jpeg 1536w, https:\/\/all4camper.com\/wp-content\/uploads\/2022\/02\/IMG_0345-2048x1536.jpeg 2048w, https:\/\/all4camper.com\/wp-content\/uploads\/2022\/02\/IMG_0345-696x522.jpeg 696w, https:\/\/all4camper.com\/wp-content\/uploads\/2022\/02\/IMG_0345-1068x801.jpeg 1068w, https:\/\/all4camper.com\/wp-content\/uploads\/2022\/02\/IMG_0345-1920x1440.jpeg 1920w\" sizes=\"auto, (max-width: 1440px) 100vw, 1440px\" \/><figcaption class=\"wp-element-caption\">Foto: Kl\u00e1ra H\u00e1jkov\u00e1<\/figcaption><\/figure>\n\n\n\n<figure class=\"wp-block-image size-large\"><img loading=\"lazy\" decoding=\"async\" width=\"1440\" height=\"1080\" data-id=\"139452\" src=\"https:\/\/all4camper.com\/\/wp-content\/uploads\/2022\/02\/IMG_0390-1440x1080.jpeg\" alt=\"\" class=\"wp-image-139452\" srcset=\"https:\/\/all4camper.com\/wp-content\/uploads\/2022\/02\/IMG_0390-1440x1080.jpeg 1440w, https:\/\/all4camper.com\/wp-content\/uploads\/2022\/02\/IMG_0390-300x225.jpeg 300w, https:\/\/all4camper.com\/wp-content\/uploads\/2022\/02\/IMG_0390-150x113.jpeg 150w, https:\/\/all4camper.com\/wp-content\/uploads\/2022\/02\/IMG_0390-768x576.jpeg 768w, https:\/\/all4camper.com\/wp-content\/uploads\/2022\/02\/IMG_0390-1536x1152.jpeg 1536w, https:\/\/all4camper.com\/wp-content\/uploads\/2022\/02\/IMG_0390-2048x1536.jpeg 2048w, https:\/\/all4camper.com\/wp-content\/uploads\/2022\/02\/IMG_0390-696x522.jpeg 696w, https:\/\/all4camper.com\/wp-content\/uploads\/2022\/02\/IMG_0390-1068x801.jpeg 1068w, https:\/\/all4camper.com\/wp-content\/uploads\/2022\/02\/IMG_0390-1920x1440.jpeg 1920w\" sizes=\"auto, (max-width: 1440px) 100vw, 1440px\" \/><figcaption class=\"wp-element-caption\">Foto: Kl\u00e1ra H\u00e1jkov\u00e1<\/figcaption><\/figure>\n\n\n\n<figure class=\"wp-block-image size-large\"><img loading=\"lazy\" decoding=\"async\" width=\"1440\" height=\"1080\" data-id=\"139448\" src=\"https:\/\/all4camper.com\/\/wp-content\/uploads\/2022\/02\/IMG_0351-1440x1080.jpeg\" alt=\"\" class=\"wp-image-139448\" srcset=\"https:\/\/all4camper.com\/wp-content\/uploads\/2022\/02\/IMG_0351-1440x1080.jpeg 1440w, https:\/\/all4camper.com\/wp-content\/uploads\/2022\/02\/IMG_0351-300x225.jpeg 300w, https:\/\/all4camper.com\/wp-content\/uploads\/2022\/02\/IMG_0351-150x113.jpeg 150w, https:\/\/all4camper.com\/wp-content\/uploads\/2022\/02\/IMG_0351-768x576.jpeg 768w, https:\/\/all4camper.com\/wp-content\/uploads\/2022\/02\/IMG_0351-1536x1152.jpeg 1536w, https:\/\/all4camper.com\/wp-content\/uploads\/2022\/02\/IMG_0351-2048x1536.jpeg 2048w, https:\/\/all4camper.com\/wp-content\/uploads\/2022\/02\/IMG_0351-696x522.jpeg 696w, https:\/\/all4camper.com\/wp-content\/uploads\/2022\/02\/IMG_0351-1068x801.jpeg 1068w, https:\/\/all4camper.com\/wp-content\/uploads\/2022\/02\/IMG_0351-1920x1440.jpeg 1920w\" sizes=\"auto, (max-width: 1440px) 100vw, 1440px\" \/><figcaption class=\"wp-element-caption\">Foto: Kl\u00e1ra H\u00e1jkov\u00e1<\/figcaption><\/figure>\n<\/figure>\n\n\n\n<h2 class=\"wp-block-heading\" id=\"a-co-dalsiho-kemp-nabizi\">A co dal\u0161\u00edho kemp nab\u00edz\u00ed?<\/h2>\n\n\n\n<p>Krom\u011b venkovn\u00ed terasy, kde si s v\u00fdhledem na mo\u0159e m\u016f\u017eete dop\u0159\u00e1t po cel\u00fd den j\u00eddlo, p\u0159\u00edpadn\u011b si zaplatit sn\u00eddan\u011b \u010di polopenzi, d\u011btsk\u00e9ho h\u0159i\u0161t\u011b, luxusn\u00edho z\u00e1zem\u00ed a wellness je k dispozici je\u0161t\u011b posilovna a mo\u017enost ubytov\u00e1n\u00ed se v mobiln\u00edch domech. <strong>Pokud je wellness ve vedlej\u0161\u00edm hotelu pln\u00fd, otev\u00edr\u00e1 kemp je\u0161t\u011b p\u0159\u00edmo ve sv\u00fdch prostorech sauny a relaxa\u010dn\u00ed m\u00edstnost.<\/strong><\/p>\n\n\n\n<figure class=\"wp-block-gallery has-nested-images columns-1 is-cropped wp-block-gallery-5 is-layout-flex wp-block-gallery-is-layout-flex\">\n<figure class=\"wp-block-image size-large\"><img loading=\"lazy\" decoding=\"async\" width=\"1440\" height=\"1080\" data-id=\"139454\" src=\"https:\/\/all4camper.com\/\/wp-content\/uploads\/2022\/02\/IMG_0719-1440x1080.jpeg\" alt=\"\" class=\"wp-image-139454\" srcset=\"https:\/\/all4camper.com\/wp-content\/uploads\/2022\/02\/IMG_0719-1440x1080.jpeg 1440w, https:\/\/all4camper.com\/wp-content\/uploads\/2022\/02\/IMG_0719-300x225.jpeg 300w, https:\/\/all4camper.com\/wp-content\/uploads\/2022\/02\/IMG_0719-150x113.jpeg 150w, https:\/\/all4camper.com\/wp-content\/uploads\/2022\/02\/IMG_0719-768x576.jpeg 768w, https:\/\/all4camper.com\/wp-content\/uploads\/2022\/02\/IMG_0719-1536x1152.jpeg 1536w, https:\/\/all4camper.com\/wp-content\/uploads\/2022\/02\/IMG_0719-2048x1536.jpeg 2048w, https:\/\/all4camper.com\/wp-content\/uploads\/2022\/02\/IMG_0719-696x522.jpeg 696w, https:\/\/all4camper.com\/wp-content\/uploads\/2022\/02\/IMG_0719-1068x801.jpeg 1068w, https:\/\/all4camper.com\/wp-content\/uploads\/2022\/02\/IMG_0719-1920x1440.jpeg 1920w\" sizes=\"auto, (max-width: 1440px) 100vw, 1440px\" \/><figcaption class=\"wp-element-caption\">Foto: Kl\u00e1ra H\u00e1jkov\u00e1<\/figcaption><\/figure>\n\n\n\n<figure class=\"wp-block-image size-large\"><img loading=\"lazy\" decoding=\"async\" width=\"1440\" height=\"1080\" data-id=\"139458\" src=\"https:\/\/all4camper.com\/\/wp-content\/uploads\/2022\/02\/IMG_0724-1440x1080.jpeg\" alt=\"\" class=\"wp-image-139458\" srcset=\"https:\/\/all4camper.com\/wp-content\/uploads\/2022\/02\/IMG_0724-1440x1080.jpeg 1440w, https:\/\/all4camper.com\/wp-content\/uploads\/2022\/02\/IMG_0724-300x225.jpeg 300w, https:\/\/all4camper.com\/wp-content\/uploads\/2022\/02\/IMG_0724-150x113.jpeg 150w, https:\/\/all4camper.com\/wp-content\/uploads\/2022\/02\/IMG_0724-768x576.jpeg 768w, https:\/\/all4camper.com\/wp-content\/uploads\/2022\/02\/IMG_0724-1536x1152.jpeg 1536w, https:\/\/all4camper.com\/wp-content\/uploads\/2022\/02\/IMG_0724-2048x1536.jpeg 2048w, https:\/\/all4camper.com\/wp-content\/uploads\/2022\/02\/IMG_0724-696x522.jpeg 696w, https:\/\/all4camper.com\/wp-content\/uploads\/2022\/02\/IMG_0724-1068x801.jpeg 1068w, https:\/\/all4camper.com\/wp-content\/uploads\/2022\/02\/IMG_0724-1920x1440.jpeg 1920w\" sizes=\"auto, (max-width: 1440px) 100vw, 1440px\" \/><figcaption class=\"wp-element-caption\">Foto: Kl\u00e1ra H\u00e1jkov\u00e1<\/figcaption><\/figure>\n\n\n\n<figure class=\"wp-block-image size-large\"><img loading=\"lazy\" decoding=\"async\" width=\"1440\" height=\"1080\" data-id=\"139456\" src=\"https:\/\/all4camper.com\/\/wp-content\/uploads\/2022\/02\/IMG_0720-1440x1080.jpeg\" alt=\"\" class=\"wp-image-139456\" srcset=\"https:\/\/all4camper.com\/wp-content\/uploads\/2022\/02\/IMG_0720-1440x1080.jpeg 1440w, https:\/\/all4camper.com\/wp-content\/uploads\/2022\/02\/IMG_0720-300x225.jpeg 300w, https:\/\/all4camper.com\/wp-content\/uploads\/2022\/02\/IMG_0720-150x113.jpeg 150w, https:\/\/all4camper.com\/wp-content\/uploads\/2022\/02\/IMG_0720-768x576.jpeg 768w, https:\/\/all4camper.com\/wp-content\/uploads\/2022\/02\/IMG_0720-1536x1152.jpeg 1536w, https:\/\/all4camper.com\/wp-content\/uploads\/2022\/02\/IMG_0720-2048x1536.jpeg 2048w, https:\/\/all4camper.com\/wp-content\/uploads\/2022\/02\/IMG_0720-696x522.jpeg 696w, https:\/\/all4camper.com\/wp-content\/uploads\/2022\/02\/IMG_0720-1068x801.jpeg 1068w, https:\/\/all4camper.com\/wp-content\/uploads\/2022\/02\/IMG_0720-1920x1440.jpeg 1920w\" sizes=\"auto, (max-width: 1440px) 100vw, 1440px\" \/><figcaption class=\"wp-element-caption\">Foto: Kl\u00e1ra H\u00e1jkov\u00e1<\/figcaption><\/figure>\n<\/figure>\n\n\n\n<p>Pokud se rozhodnete ubytovat v mobiln\u00edm dom\u011b, nebudete litovat. Nejen\u017ee i ty jsou opravdu velmi \u00fatuln\u011b vybaveny a nechyb\u00ed v nich nic, co byste b\u011bhem sv\u00e9ho pobytu pot\u0159ebovali, ale v r\u00e1mci ubytov\u00e1n\u00ed se v nich m\u00e1te tak\u00e9 mo\u017enost do 28.4. vyu\u017e\u00edt zdarma vstup do wellnessu. A to u\u017e za to stoj\u00ed ne? <\/p>\n\n\n\n<figure class=\"wp-block-gallery has-nested-images columns-1 is-cropped wp-block-gallery-6 is-layout-flex wp-block-gallery-is-layout-flex\">\n<figure class=\"wp-block-image size-large\"><img loading=\"lazy\" decoding=\"async\" width=\"1440\" height=\"1080\" data-id=\"139463\" src=\"https:\/\/all4camper.com\/\/wp-content\/uploads\/2022\/02\/IMG_0700-1440x1080.jpeg\" alt=\"\" class=\"wp-image-139463\" srcset=\"https:\/\/all4camper.com\/wp-content\/uploads\/2022\/02\/IMG_0700-1440x1080.jpeg 1440w, https:\/\/all4camper.com\/wp-content\/uploads\/2022\/02\/IMG_0700-300x225.jpeg 300w, https:\/\/all4camper.com\/wp-content\/uploads\/2022\/02\/IMG_0700-150x113.jpeg 150w, https:\/\/all4camper.com\/wp-content\/uploads\/2022\/02\/IMG_0700-768x576.jpeg 768w, https:\/\/all4camper.com\/wp-content\/uploads\/2022\/02\/IMG_0700-1536x1152.jpeg 1536w, https:\/\/all4camper.com\/wp-content\/uploads\/2022\/02\/IMG_0700-2048x1536.jpeg 2048w, https:\/\/all4camper.com\/wp-content\/uploads\/2022\/02\/IMG_0700-696x522.jpeg 696w, https:\/\/all4camper.com\/wp-content\/uploads\/2022\/02\/IMG_0700-1068x801.jpeg 1068w, https:\/\/all4camper.com\/wp-content\/uploads\/2022\/02\/IMG_0700-1920x1440.jpeg 1920w\" sizes=\"auto, (max-width: 1440px) 100vw, 1440px\" \/><figcaption class=\"wp-element-caption\">Foto: Kl\u00e1ra H\u00e1jkov\u00e1<\/figcaption><\/figure>\n\n\n\n<figure class=\"wp-block-image size-large\"><img loading=\"lazy\" decoding=\"async\" width=\"1440\" height=\"1080\" data-id=\"139462\" src=\"https:\/\/all4camper.com\/\/wp-content\/uploads\/2022\/02\/IMG_0704-1440x1080.jpeg\" alt=\"\" class=\"wp-image-139462\" srcset=\"https:\/\/all4camper.com\/wp-content\/uploads\/2022\/02\/IMG_0704-1440x1080.jpeg 1440w, https:\/\/all4camper.com\/wp-content\/uploads\/2022\/02\/IMG_0704-300x225.jpeg 300w, https:\/\/all4camper.com\/wp-content\/uploads\/2022\/02\/IMG_0704-150x113.jpeg 150w, https:\/\/all4camper.com\/wp-content\/uploads\/2022\/02\/IMG_0704-768x576.jpeg 768w, https:\/\/all4camper.com\/wp-content\/uploads\/2022\/02\/IMG_0704-1536x1152.jpeg 1536w, https:\/\/all4camper.com\/wp-content\/uploads\/2022\/02\/IMG_0704-2048x1536.jpeg 2048w, https:\/\/all4camper.com\/wp-content\/uploads\/2022\/02\/IMG_0704-696x522.jpeg 696w, https:\/\/all4camper.com\/wp-content\/uploads\/2022\/02\/IMG_0704-1068x801.jpeg 1068w, https:\/\/all4camper.com\/wp-content\/uploads\/2022\/02\/IMG_0704-1920x1440.jpeg 1920w\" sizes=\"auto, (max-width: 1440px) 100vw, 1440px\" \/><figcaption class=\"wp-element-caption\">Foto: Kl\u00e1ra H\u00e1jkov\u00e1<\/figcaption><\/figure>\n\n\n\n<figure class=\"wp-block-image size-large\"><img loading=\"lazy\" decoding=\"async\" width=\"1440\" height=\"1080\" data-id=\"139466\" src=\"https:\/\/all4camper.com\/\/wp-content\/uploads\/2022\/02\/IMG_0698-1440x1080.jpeg\" alt=\"\" class=\"wp-image-139466\" srcset=\"https:\/\/all4camper.com\/wp-content\/uploads\/2022\/02\/IMG_0698-1440x1080.jpeg 1440w, https:\/\/all4camper.com\/wp-content\/uploads\/2022\/02\/IMG_0698-300x225.jpeg 300w, https:\/\/all4camper.com\/wp-content\/uploads\/2022\/02\/IMG_0698-150x113.jpeg 150w, https:\/\/all4camper.com\/wp-content\/uploads\/2022\/02\/IMG_0698-768x576.jpeg 768w, https:\/\/all4camper.com\/wp-content\/uploads\/2022\/02\/IMG_0698-1536x1152.jpeg 1536w, https:\/\/all4camper.com\/wp-content\/uploads\/2022\/02\/IMG_0698-2048x1536.jpeg 2048w, https:\/\/all4camper.com\/wp-content\/uploads\/2022\/02\/IMG_0698-696x522.jpeg 696w, https:\/\/all4camper.com\/wp-content\/uploads\/2022\/02\/IMG_0698-1068x801.jpeg 1068w, https:\/\/all4camper.com\/wp-content\/uploads\/2022\/02\/IMG_0698-1920x1440.jpeg 1920w\" sizes=\"auto, (max-width: 1440px) 100vw, 1440px\" \/><figcaption class=\"wp-element-caption\">Foto: Kl\u00e1ra H\u00e1jkov\u00e1<\/figcaption><\/figure>\n<\/figure>\n\n\n\n<p>Co napsat na z\u00e1v\u011br. Pokud p\u0159em\u00fd\u0161l\u00edte kam si vyjet u\u017e\u00edt leto\u0161n\u00ed jaro a t\u0159eba i Velikonoce, pokud se rozhodnete pro tento kemp, nebudete litovat. N\u00e1s se tam v b\u0159eznu minul\u00e9ho roku se\u0161lo celkem 35 \u010desk\u00fdch pos\u00e1dek a rozhodn\u011b jsme si to par\u00e1dn\u011b u\u017eili.<\/p>\n\n\n\n<figure class=\"wp-block-image size-full\"><img loading=\"lazy\" decoding=\"async\" width=\"960\" height=\"596\" src=\"https:\/\/all4camper.com\/\/wp-content\/uploads\/2022\/02\/velikonoce-2021-chorvatsko-karavanem.jpeg\" alt=\"\" class=\"wp-image-139352\" srcset=\"https:\/\/all4camper.com\/wp-content\/uploads\/2022\/02\/velikonoce-2021-chorvatsko-karavanem.jpeg 960w, https:\/\/all4camper.com\/wp-content\/uploads\/2022\/02\/velikonoce-2021-chorvatsko-karavanem-300x186.jpeg 300w, https:\/\/all4camper.com\/wp-content\/uploads\/2022\/02\/velikonoce-2021-chorvatsko-karavanem-150x93.jpeg 150w, https:\/\/all4camper.com\/wp-content\/uploads\/2022\/02\/velikonoce-2021-chorvatsko-karavanem-768x477.jpeg 768w, https:\/\/all4camper.com\/wp-content\/uploads\/2022\/02\/velikonoce-2021-chorvatsko-karavanem-696x432.jpeg 696w\" sizes=\"auto, (max-width: 960px) 100vw, 960px\" \/><figcaption class=\"wp-element-caption\">Foto: Kl\u00e1ra H\u00e1jkov\u00e1<\/figcaption><\/figure>\n","protected":false},"excerpt":{"rendered":"<p>Slunce, \u010derstv\u00fd jarn\u00ed vzduch, prvn\u00ed sklize\u0148 pomeran\u010d\u016f a zeleniny, nekone\u010dn\u00e9 proch\u00e1zky a opalov\u00e1n\u00ed se. Tak p\u0159esn\u011b tohle na v\u00e1s \u010dek\u00e1 v jarn\u00edm Chorvatsku. Nev\u011b\u0159\u00edte? P\u0159esv\u011bd\u010dte se sami.<\/p>\n","protected":false},"author":4,"featured_media":143361,"comment_status":"closed","ping_status":"open","sticky":false,"template":"","format":"standard","meta":{"_monsterinsights_skip_tracking":false,"_monsterinsights_sitenote_active":false,"_monsterinsights_sitenote_note":"","_monsterinsights_sitenote_category":0,"footnotes":""},"categories":[2382,68,422,342],"tags":[112,101,11763,81],"class_list":{"0":"post-139419","1":"post","2":"type-post","3":"status-publish","4":"format-standard","5":"has-post-thumbnail","7":"category-kempovani-a-cestovani-v-chorvatsku","8":"category-kempovani-a-zajimave-cile","9":"category-novinky-kempovani-a-karavaning","10":"category-termalni-lazne-a-aquaparky-zabavni-parky","11":"tag-chorvatsko","12":"tag-kempy-1","13":"tag-rss","14":"tag-termalni-lazne"},"yoast_head":"<!-- This site is optimized with the Yoast SEO plugin v27.4 - https:\/\/yoast.com\/product\/yoast-seo-wordpress\/ -->\n<title>Par\u00e1dn\u00ed tip kam s nejen s karavanem na velikono\u010dn\u00ed pr\u00e1zdniny pln\u00e9 slunce - All4Camper<\/title>\n<meta name=\"description\" content=\"Velikonoce se bl\u00ed\u017e\u00ed a zcela jist\u011b mnoho z v\u00e1s p\u0159em\u00fd\u0161l\u00ed kam s karavanem vyjet na v\u00e1\u0161 mo\u017en\u00e1 prvn\u00ed leto\u0161n\u00ed v\u00fdjezd. Co se trochu v\u00edce odv\u00e1zat, nalo\u017eit karavan, rodinu a ujet o n\u011bco m\u00e1lo v\u00edce kilometr\u016f tam, kde m\u00e1te v polovin\u011b dubna jistotu hezk\u00e9ho po\u010das\u00ed a z\u00e1ruku mnoha z\u00e1\u017eitk\u016f? My to tak ud\u011blali v minul\u00e9m roce a byla to doslova par\u00e1da. Kam se tedy vydat?\" \/>\n<meta name=\"robots\" content=\"index, follow, max-snippet:-1, max-image-preview:large, max-video-preview:-1\" \/>\n<link rel=\"canonical\" href=\"https:\/\/all4camper.com\/cs\/paradni-tip-kam-s-karavanem-nejen-na-velikonocni-prazdniny-plne-slunce\/\" \/>\n<meta property=\"og:locale\" content=\"cs_CZ\" \/>\n<meta property=\"og:type\" content=\"article\" \/>\n<meta property=\"og:title\" content=\"Par\u00e1dn\u00ed tip kam s nejen s karavanem na velikono\u010dn\u00ed pr\u00e1zdniny pln\u00e9 slunce - All4Camper\" \/>\n<meta property=\"og:description\" content=\"Velikonoce se bl\u00ed\u017e\u00ed a zcela jist\u011b mnoho z v\u00e1s p\u0159em\u00fd\u0161l\u00ed kam s karavanem vyjet na v\u00e1\u0161 mo\u017en\u00e1 prvn\u00ed leto\u0161n\u00ed v\u00fdjezd. Co se trochu v\u00edce odv\u00e1zat, nalo\u017eit karavan, rodinu a ujet o n\u011bco m\u00e1lo v\u00edce kilometr\u016f tam, kde m\u00e1te v polovin\u011b dubna jistotu hezk\u00e9ho po\u010das\u00ed a z\u00e1ruku mnoha z\u00e1\u017eitk\u016f? My to tak ud\u011blali v minul\u00e9m roce a byla to doslova par\u00e1da. Kam se tedy vydat?\" \/>\n<meta property=\"og:url\" content=\"https:\/\/all4camper.com\/cs\/paradni-tip-kam-s-karavanem-nejen-na-velikonocni-prazdniny-plne-slunce\/\" \/>\n<meta property=\"og:site_name\" content=\"All4Camper\" \/>\n<meta property=\"article:published_time\" content=\"2023-03-18T07:56:24+00:00\" \/>\n<meta property=\"article:modified_time\" content=\"2023-03-20T06:42:55+00:00\" \/>\n<meta property=\"og:image\" content=\"https:\/\/all4camper.com\/wp-content\/uploads\/2022\/02\/Istrie-na-jare-scaled.jpeg\" \/>\n\t<meta property=\"og:image:width\" content=\"2560\" \/>\n\t<meta property=\"og:image:height\" content=\"1920\" \/>\n\t<meta property=\"og:image:type\" content=\"image\/jpeg\" \/>\n<meta name=\"author\" content=\"Kl\u00e1ra H\u00e1jkov\u00e1\" \/>\n<meta name=\"twitter:card\" content=\"summary_large_image\" \/>\n<meta name=\"twitter:label1\" content=\"Napsal(a)\" \/>\n\t<meta name=\"twitter:data1\" content=\"Kl\u00e1ra H\u00e1jkov\u00e1\" \/>\n\t<meta name=\"twitter:label2\" content=\"Odhadovan\u00e1 doba \u010dten\u00ed\" \/>\n\t<meta name=\"twitter:data2\" content=\"8 minut\" \/>\n<script type=\"application\/ld+json\" class=\"yoast-schema-graph\">{\"@context\":\"https:\\\/\\\/schema.org\",\"@graph\":[{\"@type\":\"Article\",\"@id\":\"https:\\\/\\\/all4camper.com\\\/cs\\\/paradni-tip-kam-s-karavanem-nejen-na-velikonocni-prazdniny-plne-slunce\\\/#article\",\"isPartOf\":{\"@id\":\"https:\\\/\\\/all4camper.com\\\/cs\\\/paradni-tip-kam-s-karavanem-nejen-na-velikonocni-prazdniny-plne-slunce\\\/\"},\"author\":{\"name\":\"Kl\u00e1ra H\u00e1jkov\u00e1\",\"@id\":\"https:\\\/\\\/all4camper.com\\\/cs\\\/#\\\/schema\\\/person\\\/c6f1efdf1d02bc7d8c53a891cbe18c62\"},\"headline\":\"Par\u00e1dn\u00ed tip kam s nejen s karavanem na velikono\u010dn\u00ed pr\u00e1zdniny pln\u00e9 slunce\",\"datePublished\":\"2023-03-18T07:56:24+00:00\",\"dateModified\":\"2023-03-20T06:42:55+00:00\",\"mainEntityOfPage\":{\"@id\":\"https:\\\/\\\/all4camper.com\\\/cs\\\/paradni-tip-kam-s-karavanem-nejen-na-velikonocni-prazdniny-plne-slunce\\\/\"},\"wordCount\":1031,\"publisher\":{\"@id\":\"https:\\\/\\\/all4camper.com\\\/cs\\\/#organization\"},\"image\":{\"@id\":\"https:\\\/\\\/all4camper.com\\\/cs\\\/paradni-tip-kam-s-karavanem-nejen-na-velikonocni-prazdniny-plne-slunce\\\/#primaryimage\"},\"thumbnailUrl\":\"https:\\\/\\\/all4camper.com\\\/wp-content\\\/uploads\\\/2022\\\/02\\\/Istrie-na-jare-scaled.jpeg\",\"keywords\":[\"Chorvatsko\",\"Kempy a kempovac\u00ed m\u00edsta\",\"rss\",\"Term\u00e1ln\u00ed l\u00e1zn\u011b\"],\"articleSection\":[\"Kempov\u00e1n\u00ed a cestov\u00e1n\u00ed v Chorvatsku\",\"Kempy a zaj\u00edmav\u00e1 m\u00edsta\",\"Novinky - Kempov\u00e1n\u00ed a karavaning\",\"Term\u00e1ln\u00ed l\u00e1zn\u011b, akvaparky a z\u00e1bavn\u00ed parky\"],\"inLanguage\":\"cs\"},{\"@type\":\"WebPage\",\"@id\":\"https:\\\/\\\/all4camper.com\\\/cs\\\/paradni-tip-kam-s-karavanem-nejen-na-velikonocni-prazdniny-plne-slunce\\\/\",\"url\":\"https:\\\/\\\/all4camper.com\\\/cs\\\/paradni-tip-kam-s-karavanem-nejen-na-velikonocni-prazdniny-plne-slunce\\\/\",\"name\":\"Par\u00e1dn\u00ed tip kam s nejen s karavanem na velikono\u010dn\u00ed pr\u00e1zdniny pln\u00e9 slunce - All4Camper\",\"isPartOf\":{\"@id\":\"https:\\\/\\\/all4camper.com\\\/cs\\\/#website\"},\"primaryImageOfPage\":{\"@id\":\"https:\\\/\\\/all4camper.com\\\/cs\\\/paradni-tip-kam-s-karavanem-nejen-na-velikonocni-prazdniny-plne-slunce\\\/#primaryimage\"},\"image\":{\"@id\":\"https:\\\/\\\/all4camper.com\\\/cs\\\/paradni-tip-kam-s-karavanem-nejen-na-velikonocni-prazdniny-plne-slunce\\\/#primaryimage\"},\"thumbnailUrl\":\"https:\\\/\\\/all4camper.com\\\/wp-content\\\/uploads\\\/2022\\\/02\\\/Istrie-na-jare-scaled.jpeg\",\"datePublished\":\"2023-03-18T07:56:24+00:00\",\"dateModified\":\"2023-03-20T06:42:55+00:00\",\"description\":\"Velikonoce se bl\u00ed\u017e\u00ed a zcela jist\u011b mnoho z v\u00e1s p\u0159em\u00fd\u0161l\u00ed kam s karavanem vyjet na v\u00e1\u0161 mo\u017en\u00e1 prvn\u00ed leto\u0161n\u00ed v\u00fdjezd. Co se trochu v\u00edce odv\u00e1zat, nalo\u017eit karavan, rodinu a ujet o n\u011bco m\u00e1lo v\u00edce kilometr\u016f tam, kde m\u00e1te v polovin\u011b dubna jistotu hezk\u00e9ho po\u010das\u00ed a z\u00e1ruku mnoha z\u00e1\u017eitk\u016f? My to tak ud\u011blali v minul\u00e9m roce a byla to doslova par\u00e1da. Kam se tedy vydat?\",\"breadcrumb\":{\"@id\":\"https:\\\/\\\/all4camper.com\\\/cs\\\/paradni-tip-kam-s-karavanem-nejen-na-velikonocni-prazdniny-plne-slunce\\\/#breadcrumb\"},\"inLanguage\":\"cs\",\"potentialAction\":[{\"@type\":\"ReadAction\",\"target\":[\"https:\\\/\\\/all4camper.com\\\/cs\\\/paradni-tip-kam-s-karavanem-nejen-na-velikonocni-prazdniny-plne-slunce\\\/\"]}]},{\"@type\":\"ImageObject\",\"inLanguage\":\"cs\",\"@id\":\"https:\\\/\\\/all4camper.com\\\/cs\\\/paradni-tip-kam-s-karavanem-nejen-na-velikonocni-prazdniny-plne-slunce\\\/#primaryimage\",\"url\":\"https:\\\/\\\/all4camper.com\\\/wp-content\\\/uploads\\\/2022\\\/02\\\/Istrie-na-jare-scaled.jpeg\",\"contentUrl\":\"https:\\\/\\\/all4camper.com\\\/wp-content\\\/uploads\\\/2022\\\/02\\\/Istrie-na-jare-scaled.jpeg\",\"width\":2560,\"height\":1920},{\"@type\":\"BreadcrumbList\",\"@id\":\"https:\\\/\\\/all4camper.com\\\/cs\\\/paradni-tip-kam-s-karavanem-nejen-na-velikonocni-prazdniny-plne-slunce\\\/#breadcrumb\",\"itemListElement\":[{\"@type\":\"ListItem\",\"position\":1,\"name\":\"Dom\u016f\",\"item\":\"https:\\\/\\\/all4camper.com\\\/cs\\\/\"},{\"@type\":\"ListItem\",\"position\":2,\"name\":\"Kempov\u00e1n\u00ed a cestov\u00e1n\u00ed v Chorvatsku\",\"item\":\"https:\\\/\\\/all4camper.com\\\/cs\\\/category\\\/kempovani-a-cestovani-v-chorvatsku\\\/\"},{\"@type\":\"ListItem\",\"position\":3,\"name\":\"Par\u00e1dn\u00ed tip kam s nejen s karavanem na velikono\u010dn\u00ed pr\u00e1zdniny pln\u00e9 slunce\"}]},{\"@type\":\"WebSite\",\"@id\":\"https:\\\/\\\/all4camper.com\\\/cs\\\/#website\",\"url\":\"https:\\\/\\\/all4camper.com\\\/cs\\\/\",\"name\":\"All4Camper\",\"description\":\"Nejv\u011bt\u0161\u00ed online magaz\u00edn o kempov\u00e1n\u00ed a karavaninku. V\u00edce jak 900 \u010dl\u00e1nk\u016f pln\u00fdch rad a tip\u016f o kempech a kempov\u00e1n\u00ed.\",\"publisher\":{\"@id\":\"https:\\\/\\\/all4camper.com\\\/cs\\\/#organization\"},\"potentialAction\":[{\"@type\":\"SearchAction\",\"target\":{\"@type\":\"EntryPoint\",\"urlTemplate\":\"https:\\\/\\\/all4camper.com\\\/cs\\\/?s={search_term_string}\"},\"query-input\":{\"@type\":\"PropertyValueSpecification\",\"valueRequired\":true,\"valueName\":\"search_term_string\"}}],\"inLanguage\":\"cs\"},{\"@type\":\"Organization\",\"@id\":\"https:\\\/\\\/all4camper.com\\\/cs\\\/#organization\",\"name\":\"All4Camper - kempujeme s Kl\u00e1rou\",\"url\":\"https:\\\/\\\/all4camper.com\\\/cs\\\/\",\"logo\":{\"@type\":\"ImageObject\",\"inLanguage\":\"cs\",\"@id\":\"https:\\\/\\\/all4camper.com\\\/cs\\\/#\\\/schema\\\/logo\\\/image\\\/\",\"url\":\"https:\\\/\\\/all4camper.com\\\/wp-content\\\/uploads\\\/2018\\\/09\\\/novelogo.png\",\"contentUrl\":\"https:\\\/\\\/all4camper.com\\\/wp-content\\\/uploads\\\/2018\\\/09\\\/novelogo.png\",\"width\":1520,\"height\":600,\"caption\":\"All4Camper - kempujeme s Kl\u00e1rou\"},\"image\":{\"@id\":\"https:\\\/\\\/all4camper.com\\\/cs\\\/#\\\/schema\\\/logo\\\/image\\\/\"}},{\"@type\":\"Person\",\"@id\":\"https:\\\/\\\/all4camper.com\\\/cs\\\/#\\\/schema\\\/person\\\/c6f1efdf1d02bc7d8c53a891cbe18c62\",\"name\":\"Kl\u00e1ra H\u00e1jkov\u00e1\",\"sameAs\":[\"http:\\\/\\\/www.all4camper.com\"],\"url\":\"https:\\\/\\\/all4camper.com\\\/cs\\\/author\\\/klarinkacestuje1\\\/\"}]}<\/script>\n<!-- \/ Yoast SEO plugin. -->","yoast_head_json":{"title":"Par\u00e1dn\u00ed tip kam s nejen s karavanem na velikono\u010dn\u00ed pr\u00e1zdniny pln\u00e9 slunce - All4Camper","description":"Velikonoce se bl\u00ed\u017e\u00ed a zcela jist\u011b mnoho z v\u00e1s p\u0159em\u00fd\u0161l\u00ed kam s karavanem vyjet na v\u00e1\u0161 mo\u017en\u00e1 prvn\u00ed leto\u0161n\u00ed v\u00fdjezd. Co se trochu v\u00edce odv\u00e1zat, nalo\u017eit karavan, rodinu a ujet o n\u011bco m\u00e1lo v\u00edce kilometr\u016f tam, kde m\u00e1te v polovin\u011b dubna jistotu hezk\u00e9ho po\u010das\u00ed a z\u00e1ruku mnoha z\u00e1\u017eitk\u016f? My to tak ud\u011blali v minul\u00e9m roce a byla to doslova par\u00e1da. Kam se tedy vydat?","robots":{"index":"index","follow":"follow","max-snippet":"max-snippet:-1","max-image-preview":"max-image-preview:large","max-video-preview":"max-video-preview:-1"},"canonical":"https:\/\/all4camper.com\/cs\/paradni-tip-kam-s-karavanem-nejen-na-velikonocni-prazdniny-plne-slunce\/","og_locale":"cs_CZ","og_type":"article","og_title":"Par\u00e1dn\u00ed tip kam s nejen s karavanem na velikono\u010dn\u00ed pr\u00e1zdniny pln\u00e9 slunce - All4Camper","og_description":"Velikonoce se bl\u00ed\u017e\u00ed a zcela jist\u011b mnoho z v\u00e1s p\u0159em\u00fd\u0161l\u00ed kam s karavanem vyjet na v\u00e1\u0161 mo\u017en\u00e1 prvn\u00ed leto\u0161n\u00ed v\u00fdjezd. Co se trochu v\u00edce odv\u00e1zat, nalo\u017eit karavan, rodinu a ujet o n\u011bco m\u00e1lo v\u00edce kilometr\u016f tam, kde m\u00e1te v polovin\u011b dubna jistotu hezk\u00e9ho po\u010das\u00ed a z\u00e1ruku mnoha z\u00e1\u017eitk\u016f? My to tak ud\u011blali v minul\u00e9m roce a byla to doslova par\u00e1da. Kam se tedy vydat?","og_url":"https:\/\/all4camper.com\/cs\/paradni-tip-kam-s-karavanem-nejen-na-velikonocni-prazdniny-plne-slunce\/","og_site_name":"All4Camper","article_published_time":"2023-03-18T07:56:24+00:00","article_modified_time":"2023-03-20T06:42:55+00:00","og_image":[{"width":2560,"height":1920,"url":"https:\/\/all4camper.com\/wp-content\/uploads\/2022\/02\/Istrie-na-jare-scaled.jpeg","type":"image\/jpeg"}],"author":"Kl\u00e1ra H\u00e1jkov\u00e1","twitter_card":"summary_large_image","twitter_misc":{"Napsal(a)":"Kl\u00e1ra H\u00e1jkov\u00e1","Odhadovan\u00e1 doba \u010dten\u00ed":"8 minut"},"schema":{"@context":"https:\/\/schema.org","@graph":[{"@type":"Article","@id":"https:\/\/all4camper.com\/cs\/paradni-tip-kam-s-karavanem-nejen-na-velikonocni-prazdniny-plne-slunce\/#article","isPartOf":{"@id":"https:\/\/all4camper.com\/cs\/paradni-tip-kam-s-karavanem-nejen-na-velikonocni-prazdniny-plne-slunce\/"},"author":{"name":"Kl\u00e1ra H\u00e1jkov\u00e1","@id":"https:\/\/all4camper.com\/cs\/#\/schema\/person\/c6f1efdf1d02bc7d8c53a891cbe18c62"},"headline":"Par\u00e1dn\u00ed tip kam s nejen s karavanem na velikono\u010dn\u00ed pr\u00e1zdniny pln\u00e9 slunce","datePublished":"2023-03-18T07:56:24+00:00","dateModified":"2023-03-20T06:42:55+00:00","mainEntityOfPage":{"@id":"https:\/\/all4camper.com\/cs\/paradni-tip-kam-s-karavanem-nejen-na-velikonocni-prazdniny-plne-slunce\/"},"wordCount":1031,"publisher":{"@id":"https:\/\/all4camper.com\/cs\/#organization"},"image":{"@id":"https:\/\/all4camper.com\/cs\/paradni-tip-kam-s-karavanem-nejen-na-velikonocni-prazdniny-plne-slunce\/#primaryimage"},"thumbnailUrl":"https:\/\/all4camper.com\/wp-content\/uploads\/2022\/02\/Istrie-na-jare-scaled.jpeg","keywords":["Chorvatsko","Kempy a kempovac\u00ed m\u00edsta","rss","Term\u00e1ln\u00ed l\u00e1zn\u011b"],"articleSection":["Kempov\u00e1n\u00ed a cestov\u00e1n\u00ed v Chorvatsku","Kempy a zaj\u00edmav\u00e1 m\u00edsta","Novinky - Kempov\u00e1n\u00ed a karavaning","Term\u00e1ln\u00ed l\u00e1zn\u011b, akvaparky a z\u00e1bavn\u00ed parky"],"inLanguage":"cs"},{"@type":"WebPage","@id":"https:\/\/all4camper.com\/cs\/paradni-tip-kam-s-karavanem-nejen-na-velikonocni-prazdniny-plne-slunce\/","url":"https:\/\/all4camper.com\/cs\/paradni-tip-kam-s-karavanem-nejen-na-velikonocni-prazdniny-plne-slunce\/","name":"Par\u00e1dn\u00ed tip kam s nejen s karavanem na velikono\u010dn\u00ed pr\u00e1zdniny pln\u00e9 slunce - All4Camper","isPartOf":{"@id":"https:\/\/all4camper.com\/cs\/#website"},"primaryImageOfPage":{"@id":"https:\/\/all4camper.com\/cs\/paradni-tip-kam-s-karavanem-nejen-na-velikonocni-prazdniny-plne-slunce\/#primaryimage"},"image":{"@id":"https:\/\/all4camper.com\/cs\/paradni-tip-kam-s-karavanem-nejen-na-velikonocni-prazdniny-plne-slunce\/#primaryimage"},"thumbnailUrl":"https:\/\/all4camper.com\/wp-content\/uploads\/2022\/02\/Istrie-na-jare-scaled.jpeg","datePublished":"2023-03-18T07:56:24+00:00","dateModified":"2023-03-20T06:42:55+00:00","description":"Velikonoce se bl\u00ed\u017e\u00ed a zcela jist\u011b mnoho z v\u00e1s p\u0159em\u00fd\u0161l\u00ed kam s karavanem vyjet na v\u00e1\u0161 mo\u017en\u00e1 prvn\u00ed leto\u0161n\u00ed v\u00fdjezd. Co se trochu v\u00edce odv\u00e1zat, nalo\u017eit karavan, rodinu a ujet o n\u011bco m\u00e1lo v\u00edce kilometr\u016f tam, kde m\u00e1te v polovin\u011b dubna jistotu hezk\u00e9ho po\u010das\u00ed a z\u00e1ruku mnoha z\u00e1\u017eitk\u016f? My to tak ud\u011blali v minul\u00e9m roce a byla to doslova par\u00e1da. Kam se tedy vydat?","breadcrumb":{"@id":"https:\/\/all4camper.com\/cs\/paradni-tip-kam-s-karavanem-nejen-na-velikonocni-prazdniny-plne-slunce\/#breadcrumb"},"inLanguage":"cs","potentialAction":[{"@type":"ReadAction","target":["https:\/\/all4camper.com\/cs\/paradni-tip-kam-s-karavanem-nejen-na-velikonocni-prazdniny-plne-slunce\/"]}]},{"@type":"ImageObject","inLanguage":"cs","@id":"https:\/\/all4camper.com\/cs\/paradni-tip-kam-s-karavanem-nejen-na-velikonocni-prazdniny-plne-slunce\/#primaryimage","url":"https:\/\/all4camper.com\/wp-content\/uploads\/2022\/02\/Istrie-na-jare-scaled.jpeg","contentUrl":"https:\/\/all4camper.com\/wp-content\/uploads\/2022\/02\/Istrie-na-jare-scaled.jpeg","width":2560,"height":1920},{"@type":"BreadcrumbList","@id":"https:\/\/all4camper.com\/cs\/paradni-tip-kam-s-karavanem-nejen-na-velikonocni-prazdniny-plne-slunce\/#breadcrumb","itemListElement":[{"@type":"ListItem","position":1,"name":"Dom\u016f","item":"https:\/\/all4camper.com\/cs\/"},{"@type":"ListItem","position":2,"name":"Kempov\u00e1n\u00ed a cestov\u00e1n\u00ed v Chorvatsku","item":"https:\/\/all4camper.com\/cs\/category\/kempovani-a-cestovani-v-chorvatsku\/"},{"@type":"ListItem","position":3,"name":"Par\u00e1dn\u00ed tip kam s nejen s karavanem na velikono\u010dn\u00ed pr\u00e1zdniny pln\u00e9 slunce"}]},{"@type":"WebSite","@id":"https:\/\/all4camper.com\/cs\/#website","url":"https:\/\/all4camper.com\/cs\/","name":"All4Camper","description":"Nejv\u011bt\u0161\u00ed online magaz\u00edn o kempov\u00e1n\u00ed a karavaninku. V\u00edce jak 900 \u010dl\u00e1nk\u016f pln\u00fdch rad a tip\u016f o kempech a kempov\u00e1n\u00ed.","publisher":{"@id":"https:\/\/all4camper.com\/cs\/#organization"},"potentialAction":[{"@type":"SearchAction","target":{"@type":"EntryPoint","urlTemplate":"https:\/\/all4camper.com\/cs\/?s={search_term_string}"},"query-input":{"@type":"PropertyValueSpecification","valueRequired":true,"valueName":"search_term_string"}}],"inLanguage":"cs"},{"@type":"Organization","@id":"https:\/\/all4camper.com\/cs\/#organization","name":"All4Camper - kempujeme s Kl\u00e1rou","url":"https:\/\/all4camper.com\/cs\/","logo":{"@type":"ImageObject","inLanguage":"cs","@id":"https:\/\/all4camper.com\/cs\/#\/schema\/logo\/image\/","url":"https:\/\/all4camper.com\/wp-content\/uploads\/2018\/09\/novelogo.png","contentUrl":"https:\/\/all4camper.com\/wp-content\/uploads\/2018\/09\/novelogo.png","width":1520,"height":600,"caption":"All4Camper - kempujeme s Kl\u00e1rou"},"image":{"@id":"https:\/\/all4camper.com\/cs\/#\/schema\/logo\/image\/"}},{"@type":"Person","@id":"https:\/\/all4camper.com\/cs\/#\/schema\/person\/c6f1efdf1d02bc7d8c53a891cbe18c62","name":"Kl\u00e1ra H\u00e1jkov\u00e1","sameAs":["http:\/\/www.all4camper.com"],"url":"https:\/\/all4camper.com\/cs\/author\/klarinkacestuje1\/"}]}},"_links":{"self":[{"href":"https:\/\/all4camper.com\/cs\/wp-json\/wp\/v2\/posts\/139419","targetHints":{"allow":["GET"]}}],"collection":[{"href":"https:\/\/all4camper.com\/cs\/wp-json\/wp\/v2\/posts"}],"about":[{"href":"https:\/\/all4camper.com\/cs\/wp-json\/wp\/v2\/types\/post"}],"author":[{"embeddable":true,"href":"https:\/\/all4camper.com\/cs\/wp-json\/wp\/v2\/users\/4"}],"replies":[{"embeddable":true,"href":"https:\/\/all4camper.com\/cs\/wp-json\/wp\/v2\/comments?post=139419"}],"version-history":[{"count":0,"href":"https:\/\/all4camper.com\/cs\/wp-json\/wp\/v2\/posts\/139419\/revisions"}],"wp:featuredmedia":[{"embeddable":true,"href":"https:\/\/all4camper.com\/cs\/wp-json\/wp\/v2\/media\/143361"}],"wp:attachment":[{"href":"https:\/\/all4camper.com\/cs\/wp-json\/wp\/v2\/media?parent=139419"}],"wp:term":[{"taxonomy":"category","embeddable":true,"href":"https:\/\/all4camper.com\/cs\/wp-json\/wp\/v2\/categories?post=139419"},{"taxonomy":"post_tag","embeddable":true,"href":"https:\/\/all4camper.com\/cs\/wp-json\/wp\/v2\/tags?post=139419"}],"curies":[{"name":"wp","href":"https:\/\/api.w.org\/{rel}","templated":true}]}}