{"id":139296,"date":"2022-02-03T13:34:59","date_gmt":"2022-02-03T12:34:59","guid":{"rendered":"https:\/\/all4camper.com\/\/?p=139296"},"modified":"2022-02-03T15:49:32","modified_gmt":"2022-02-03T14:49:32","slug":"bojite-se-planovat-letni-dovolenou-nekolik-rad-jak-na-spravne-pojisteni-karavanu-abyste-byli-bez-starosti%ef%bf%bc","status":"publish","type":"post","link":"https:\/\/all4camper.com\/cs\/bojite-se-planovat-letni-dovolenou-nekolik-rad-jak-na-spravne-pojisteni-karavanu-abyste-byli-bez-starosti%ef%bf%bc\/","title":{"rendered":"Boj\u00edte se pl\u00e1novat letn\u00ed dovolenou? N\u011bkolik rad, jak na spr\u00e1vn\u00e9 poji\u0161t\u011bn\u00ed karavanu, abyste byli bez starost\u00ed\ufffc"},"content":{"rendered":"\n<p><strong>Pl\u00e1nujete letn\u00ed dovolenou v obytn\u00e9m aut\u011b \u010di karavanu a boj\u00edte se nejist\u00e9 situace? V dne\u0161n\u00edm p\u0159\u00edsp\u011bvku v\u00e1m spole\u010dn\u011b s Vansafe porad\u00edm, jak ochr\u00e1nit sv\u00e9 finance p\u0159ed zru\u0161enou dovolenou nebo jak neodj\u00ed\u017ed\u011bt z dovolen\u00e9 s neo\u010dek\u00e1van\u00fdmi vysok\u00fdmi v\u00fddaji za o\u0161et\u0159en\u00ed.<\/strong><\/p>\n\n\n\n<figure class=\"wp-block-image size-full\"><img loading=\"lazy\" decoding=\"async\" width=\"760\" height=\"450\" src=\"https:\/\/all4camper.com\/\/wp-content\/uploads\/2022\/02\/01_titulni_fotka.jpg\" alt=\"\" class=\"wp-image-139305\" srcset=\"https:\/\/all4camper.com\/wp-content\/uploads\/2022\/02\/01_titulni_fotka.jpg 760w, https:\/\/all4camper.com\/wp-content\/uploads\/2022\/02\/01_titulni_fotka-300x178.jpg 300w, https:\/\/all4camper.com\/wp-content\/uploads\/2022\/02\/01_titulni_fotka-150x89.jpg 150w, https:\/\/all4camper.com\/wp-content\/uploads\/2022\/02\/01_titulni_fotka-696x412.jpg 696w\" sizes=\"auto, (max-width: 760px) 100vw, 760px\" \/><\/figure>\n\n\n\n<h3 class=\"wp-block-heading\" id=\"co-vsechno-muze-ohrozit-vasi-rezervaci-obytnaku\">Co v\u0161echno m\u016f\u017ee ohrozit va\u0161i rezervaci obyt\u0148\u00e1ku?<\/h3>\n\n\n\n<p>Poj\u010fme se nejprve pod\u00edvat, co v\u0161echno v\u00e1m letos m\u016f\u017ee dovolenou p\u0159ekazit:<\/p>\n\n\n\n<ul class=\"wp-block-list\"><li>karant\u00e9na (va\u0161e nebo va\u0161\u00ed rodiny),<\/li><li>onemocn\u011bn\u00ed covid-19,<\/li><li>jin\u00e9 onemocn\u011bn\u00ed nebo \u00faraz \u010di smrt (va\u0161e nebo \u010dlen\u016f va\u0161\u00ed rodiny),<\/li><li>vl\u00e1dn\u00ed opat\u0159en\u00ed &#8211; uzav\u0159en\u00ed okres\u016f nebo hranic,<\/li><li>ztr\u00e1ta zam\u011bstn\u00e1n\u00ed,<\/li><li>rozvod,<\/li><li>\u017eiveln\u00e1 katastrofa.<\/li><\/ul>\n\n\n\n<p>Ke zru\u0161en\u00ed pron\u00e1jmu v\u00e1s tedy snadno m\u016f\u017ee dotla\u010dit<strong> covid-19, karant\u00e9na<\/strong>, ztr\u00e1ta <strong>zam\u011bstn\u00e1n\u00ed<\/strong>, ale t\u0159eba i <strong>rozvod<\/strong>. A i kdy\u017e v\u00e1\u0161 rodinn\u00fd a zdravotn\u00ed stav bude v naprost\u00e9m po\u0159\u00e1dku, asi uzn\u00e1te, \u017ee tr\u00e1vit vytou\u017eenou letn\u00ed dovolenou v kr\u00e1sn\u00e9m obyt\u0148\u00e1ku<strong> jen na \u00fazem\u00ed okresu<\/strong> tak\u00e9 nen\u00ed to prav\u00e9 o\u0159echov\u00e9.<\/p>\n\n\n\n<h2 class=\"wp-block-heading\" id=\"jak-to-vyresit\">Jak to vy\u0159e\u0161it? <\/h2>\n\n\n\n<p>Dobrou zpr\u00e1vou je, \u017ee v\u0161echny tyto p\u0159\u00ed\u010diny m\u016f\u017ee pokr\u00fdt dob\u0159e zvolen\u00e9 <strong>poji\u0161t\u011bn\u00ed storna<\/strong>. U nemoci a karant\u00e9ny se dokonce m\u016f\u017ee <strong>t\u00fdkat i \u0161ir\u0161\u00ed rodiny<\/strong>. Cena za poji\u0161t\u011bn\u00ed storna je p\u0159itom opravdu n\u00edzk\u00e1, tak\u017ee se bohat\u011b vyplat\u00ed v\u0161em, kdo si cht\u011bj\u00ed zarezervovat obyt\u0148\u00e1k u\u017e te\u010f a necht\u011bj\u00ed <strong>vyb\u00edrat z p\u0159ebran\u00e9 nab\u00eddky<\/strong> nebo se vzd\u00e1t lukrativn\u00edho term\u00ednu.<\/p>\n\n\n\n<p>Pokud bych to m\u011bla shrnout, i p\u0159es v\u0161echny nep\u0159\u00edzn\u011b n\u00e1m lo\u0148sk\u00fd rok na\u0161t\u011bst\u00ed tak\u00e9 uk\u00e1zal, s jak\u00fdmi nov\u00fdmi riziky se mus\u00edme nau\u010dit po\u010d\u00edtat a jak je mo\u017en\u00e9 je p\u0159edem o\u0161et\u0159it. Proto jsem j\u00e1 osobn\u011b moc r\u00e1da za spole\u010dnost <a href=\"https:\/\/www.vansafe.cz\/\">Vansafe<\/a>, kter\u00e1 loni uvedla na trh v\u00fd\u0161e uveden\u00e9 poji\u0161t\u011bn\u00ed na m\u00edru pro cestovatele obytn\u00fdm autem a karavanem. Jsem p\u0159esv\u011bd\u010dena, \u017ee d\u00edky tomu budou z\u00e1jemci o dovolenou v obyt\u0148\u00e1ku nebo p\u0159\u00edv\u011bsu v\u00edce ochr\u00e1n\u011bni p\u0159ed tzv. &#8222;vy\u0161\u0161\u00ed moc\u00ed&#8220; nebo ne\u010dekan\u00fdmi \u017eivotn\u00edmi ud\u00e1lostmi, kter\u00e9 se bohu\u017eel b\u011b\u017en\u011b st\u00e1vaj\u00ed.<\/p>\n\n\n\n<pre class=\"wp-block-verse\">\u201c<em>Rezervaci loni ru\u0161ili nap\u0159\u00edklad na\u0161i klienti Jirka s Petrou. Petra pracovala jako pr\u016fvodkyn\u011b, Jirka v gastronomick\u00e9m provozu. Oba dva kv\u016fli \u00fatlumu v dob\u011b pandemie p\u0159i\u0161li o pr\u00e1ci a dovolen\u00e1 byla bohu\u017eel jeden z n\u00e1klad\u016f, kter\u00e9 si museli od\u0159\u00edct. Na\u0161t\u011bst\u00ed u n\u00e1s byli poji\u0161t\u011bn\u00ed, a tak v\u011bt\u0161inu pen\u011bz, kter\u00e9 p\u0159edem zaplatili za pron\u00e1jem, dostali zp\u011bt,\u201d popisuje Martina Sobotov\u00e1 ze spole\u010dnosti Vansafe.<\/em><\/pre>\n\n\n\n<h2 class=\"wp-block-heading\" id=\"v-dnesni-dobe-rada-nad-zlato-jak-funguje-a-jak-se-uzavira-pojisteni-storna\">V dn\u011b\u0161n\u00ed dob\u011b rada nad zlato: Jak funguje a jak se uzav\u00edr\u00e1 poji\u0161t\u011bn\u00ed storna?<\/h2>\n\n\n\n<p>Poji\u0161t\u011bn\u00ed Vansafe (<a href=\"https:\/\/www.vansafe.cz\/\" target=\"_blank\" rel=\"noreferrer noopener\">odkaz tady<\/a>) lze uzav\u0159\u00edt velice jednodu\u0161e online a <strong>v\u017edy jen spolu s cestovn\u00edm poji\u0161t\u011bn\u00edm. Je pot\u0159eba ho uzav\u0159\u00edt do 30 dn\u016f po zaplacen\u00ed prvn\u00ed z\u00e1lohy nebo cel\u00e9 rezervace karavanu. <\/strong>V konfigur\u00e1toru si <strong>sami zvol\u00edte hodnotu pron\u00e1jmu<\/strong>, kter\u00fd chcete pojistit. K z\u00e1kladn\u00edmu stornu, kter\u00e9 mimo jin\u00e9 zahrnuje i covid-19, si m\u016f\u017eete p\u0159idat i ji\u017e zmi\u0148ovan\u00e9 p\u0159ipoji\u0161t\u011bn\u00ed <strong>covid-\u00fa\u0159edn\u00ed rozhodnut\u00ed<\/strong>, <strong>kter\u00e9 pokryje na\u0159\u00edzenou karant\u00e9nu nebo uzav\u0159en\u00ed okres\u016f \u010di hranic.<\/strong><\/p>\n\n\n\n<pre class=\"wp-block-verse\">\u201c<em>Loni se ve slo\u017eit\u00e9 situaci ocitl n\u00e1\u0161 klient Pavel. T\u0159i dny p\u0159ed odjezdem onemocn\u011bla jeho man\u017eelka a zbytek rodiny \u0161el do karant\u00e9ny. M\u011bl rezervovan\u00fd obyt\u0148\u00e1k Carado od spole\u010dnosti Hykro, zaplatil za rezervaci 40 000 K\u010d a najednou nem\u011bl s k\u00fdm jet. Vzhledem k term\u00ednu u\u017e spadal do 100% storno poplatk\u016f, a musel by tedy p\u016fj\u010dovn\u011b uhradit celou \u010d\u00e1stku, i kdy\u017e nikam nevyjel. M\u011bl na\u0161t\u011bst\u00ed uzav\u0159en\u00e9 poji\u0161t\u011bn\u00ed storna i p\u0159ipoji\u0161t\u011bni covid-\u00fa\u0159edn\u00ed rozhodnut\u00ed, a tak od n\u00e1s z\u00edskal 80 % n\u00e1klad\u016f zp\u011bt,\u201d pokra\u010duje Martina Sobotov\u00e1<\/em>\n<\/pre>\n\n\n\n<figure class=\"wp-block-image size-full\"><img loading=\"lazy\" decoding=\"async\" width=\"760\" height=\"450\" src=\"https:\/\/all4camper.com\/\/wp-content\/uploads\/2022\/02\/02_uzavera_hranic.jpg\" alt=\"\" class=\"wp-image-139307\" srcset=\"https:\/\/all4camper.com\/wp-content\/uploads\/2022\/02\/02_uzavera_hranic.jpg 760w, https:\/\/all4camper.com\/wp-content\/uploads\/2022\/02\/02_uzavera_hranic-300x178.jpg 300w, https:\/\/all4camper.com\/wp-content\/uploads\/2022\/02\/02_uzavera_hranic-150x89.jpg 150w, https:\/\/all4camper.com\/wp-content\/uploads\/2022\/02\/02_uzavera_hranic-696x412.jpg 696w\" sizes=\"auto, (max-width: 760px) 100vw, 760px\" \/><\/figure>\n\n\n\n<p>Poji\u0161t\u011bn\u00ed storna a p\u0159ipoji\u0161t\u011bn\u00ed covid-\u00fa\u0159edn\u00ed rozhodnut\u00ed ale nekon\u010d\u00ed va\u0161\u00edm odjezdem. Pokud byste na cest\u011b uv\u00edzli <strong>v nucen\u00e9 karant\u00e9n\u011b<\/strong>, i tady z\u00edsk\u00e1te zp\u011bt n\u00e1klady za necht\u011bn\u00e9 prodlou\u017een\u00ed pobytu (t\u0159eba i na ubytov\u00e1n\u00ed). Cestovn\u00ed poji\u0161t\u011bn\u00ed se v takov\u00e9m p\u0159\u00edpad\u011b dokonce automaticky <strong>zdarma prodlu\u017euje<\/strong> <strong>o nezbytn\u011b dlouhou dobu (tedy dobu karant\u00e9ny a dobu pot\u0159ebnou k n\u00e1vratu).<\/strong><\/p>\n\n\n\n<p>Poda\u0159ilo se v\u00e1m v po\u0159\u00e1dku odjet? Skv\u011bl\u00e9! Dejte si ale pozor na dal\u0161\u00ed n\u00e1strahy, kter\u00e9 mohou zas\u00e1hnout do va\u0161eho rozpo\u010dtu a p\u0159ipravte se v\u010das.<\/p>\n\n\n\n<h2 class=\"wp-block-heading\" id=\"jake-uzavrit-cestovni-pojisteni-na-dovolenou-v-obytnem-aute\">Jak\u00e9 uzav\u0159\u00edt cestovn\u00ed poji\u0161t\u011bn\u00ed na dovolenou v obytn\u00e9m aut\u011b?<\/h2>\n\n\n\n<p>Nemus\u00ed to b\u00fdt jen nemoc a \u00faraz, ale t\u0159eba <strong>ztr\u00e1ta doklad\u016f <\/strong>nebo <strong>nepoj\u00edzdn\u00e9 auto <\/strong>uprost\u0159ed divo\u010diny. Na dovolen\u00e9 se tak\u00e9 pou\u0161t\u00edme i do adrenalinov\u011bj\u0161\u00edch dobrodru\u017estv\u00ed nebo n\u00e1s m\u016f\u017ee potkat <strong>n\u00e1kaza v epidemiologicky slo\u017eit\u011bj\u0161\u00ed zemi<\/strong>. Na v\u011bt\u0161inu situac\u00ed mysl\u00ed cestovn\u00ed poji\u0161t\u011bn\u00ed. I tam bychom m\u011bli volit takov\u00e9, kter\u00e9 na tyto situace pamatuje.<\/p>\n\n\n\n<pre class=\"wp-block-verse\">Ohl\u00eddejte si limity <em>\u201cDoporu\u010dujeme kvalitn\u00ed cestovn\u00ed poji\u0161t\u011bn\u00ed rozhodn\u011b nepodce\u0148ovat. Nap\u0159\u00edklad n\u00e1klady spojen\u00e9 s l\u00e9\u010dbou onemocn\u011bn\u00ed covid-19 se mohou vy\u0161plhat a\u017e na n\u011bkolik milion\u016f. V zahrani\u010d\u00ed n\u00e1s ale m\u016f\u017ee zasko\u010dit i cena hospitalizace nebo speci\u00e1ln\u00edch vy\u0161et\u0159en\u00ed nap\u0159\u00edklad p\u0159i \u00farazu, kde dva miliony nen\u00ed v\u016fbec probl\u00e9m p\u0159es\u00e1hnout. Proto je nutn\u00e9 ohl\u00eddat si v\u00fd\u0161i limit\u016f a hlavn\u011b to, zda poji\u0161\u0165ovny hrad\u00ed ve\u0161kerou p\u00e9\u010di a\u017e do pln\u00e9ho limitu,\u201d popisuje mo\u017en\u00e9 komplikace Luk\u00e1\u0161 Slav\u00edk, jednatel spole\u010dnosti Vansafe.<\/em>\n<\/pre>\n\n\n\n<figure class=\"wp-block-image size-full\"><img loading=\"lazy\" decoding=\"async\" width=\"760\" height=\"450\" src=\"https:\/\/all4camper.com\/\/wp-content\/uploads\/2022\/02\/07_rentgen.jpg\" alt=\"\" class=\"wp-image-139314\" srcset=\"https:\/\/all4camper.com\/wp-content\/uploads\/2022\/02\/07_rentgen.jpg 760w, https:\/\/all4camper.com\/wp-content\/uploads\/2022\/02\/07_rentgen-300x178.jpg 300w, https:\/\/all4camper.com\/wp-content\/uploads\/2022\/02\/07_rentgen-150x89.jpg 150w, https:\/\/all4camper.com\/wp-content\/uploads\/2022\/02\/07_rentgen-696x412.jpg 696w\" sizes=\"auto, (max-width: 760px) 100vw, 760px\" \/><\/figure>\n\n\n\n<h2 class=\"wp-block-heading\" id=\"na-co-si-dat-pozor-pri-uzavirani-cestovniho-pojisteni\">Na co si d\u00e1t pozor p\u0159i uzav\u00edr\u00e1n\u00ed cestovn\u00edho poji\u0161t\u011bn\u00ed?<\/h2>\n\n\n\n<ul class=\"wp-block-list\"><li><strong>limit l\u00e9\u010debn\u00fdch v\u00fdloh<\/strong> (zjednodu\u0161en\u011b to, co v\u00e1m poji\u0161\u0165ovna uhrad\u00ed),<\/li><li><strong>\u0161\u00ed\u0159i kryt\u00ed<\/strong> (pokr\u00fdv\u00e1 poji\u0161t\u011bn\u00ed nap\u0159. i ztr\u00e1tu doklad\u016f a poji\u0161t\u011bn\u00ed odpov\u011bdnosti?),<\/li><li><strong>seznam v\u00fdjimek<\/strong> &#8211; tzv. v\u00fdluk, tedy situac\u00ed, kter\u00e9 poji\u0161\u0165ovna nekryje,<\/li><li><strong>co je mo\u017en\u00e9 p\u0159ipojistit a co u\u017e je v cen\u011b<\/strong>, a\u0165 zbyte\u010dn\u011b nedopl\u00e1c\u00edte.<\/li><\/ul>\n\n\n\n<p><em><strong>TIP<\/strong> Pokud cestujete na n\u00e1ro\u010dn\u011bj\u0161\u00ed dovolenou nebo do vzd\u00e1len\u011bj\u0161\u00ed destinace, zvolte si p\u0159i sjedn\u00e1v\u00e1n\u00ed poji\u0161t\u011bn\u00ed vy\u0161\u0161\u00ed limit l\u00e9\u010debn\u00fdch v\u00fdloh, ide\u00e1ln\u011b 100 milion\u016f K\u010d. Na b\u011b\u017enou dovolenou po Evrop\u011b by m\u011bl sta\u010dit limit 10 milion\u016f K\u010d. U Vansafe si v\u00fd\u0161i limitu m\u016f\u017eete vybrat. Na rozd\u00edl od mnoha poji\u0161\u0165oven cestovn\u00ed poji\u0161t\u011bn\u00ed Vansafe kryje l\u00e9\u010debn\u00e9 v\u00fdlohy do pln\u00e9ho limitu<strong> i v t\u011bch nejrizikov\u011bj\u0161\u00edch z\u00f3n\u00e1ch,<\/strong> a to<strong> v\u010detn\u011b onemocn\u011bn\u00ed covid-19<\/strong>.<\/em><\/p>\n\n\n\n<h3 class=\"wp-block-heading\" id=\"pojisteni-odpovednosti-uz-v-cene\">Poji\u0161t\u011bn\u00ed odpov\u011bdnosti u\u017e v cen\u011b<\/h3>\n\n\n\n<p>Sou\u010d\u00e1st\u00ed poji\u0161t\u011bn\u00ed storna b\u00fdvaj\u00ed u\u017e v cen\u011b dal\u0161\u00ed zaj\u00edmav\u00e1 poji\u0161t\u011bn\u00ed, kter\u00e1 pomohou s riziky na cest\u00e1ch. Nap\u0159\u00edklad sou\u010d\u00e1st\u00ed cestovn\u00edho poji\u0161t\u011bn\u00ed od <a href=\"https:\/\/www.vansafe.cz\/\">Vansafe<\/a> je i <strong>velkorys\u00e9 poji\u0161t\u011bn\u00ed odpov\u011bdnosti<\/strong>, poji\u0161t\u011bn\u00ed cestovn\u00edch doklad\u016f, elektroniky a dal\u0161\u00edch v\u011bc\u00ed, kter\u00e1 na cest\u00e1ch p\u0159ijdou rozhodn\u011b vhod. V cen\u011b je i z\u00e1kladn\u00ed <strong>\u00farazov\u00e9 poji\u0161t\u011bn\u00ed<\/strong>.<\/p>\n\n\n\n<p><em><strong>Tip <\/strong>Sledujte v\u017edy aktu\u00e1ln\u00ed podm\u00ednky v zemi, kam se chyst\u00e1te. Nap\u0159\u00edklad It\u00e1lie od 1. 1. 2022 <strong>zp\u0159\u00edsnila podm\u00ednky pro ly\u017eov\u00e1n\u00ed<\/strong>. Nov\u011b krom\u011b nulov\u00e9 tolerance alkoholu na sjezdovce je povinn\u00e9 m\u00edt uzav\u0159en\u00e9 poji\u0161t\u011bn\u00ed odpov\u011bdnosti a doklad m\u00edt u sebe. Pokud takov\u00e9 poji\u0161t\u011bn\u00ed nem\u00e1te, zaplat\u00edte 150 eur pokutu.<\/em><\/p>\n\n\n\n<figure class=\"wp-block-image size-full\"><img loading=\"lazy\" decoding=\"async\" width=\"760\" height=\"450\" src=\"https:\/\/all4camper.com\/\/wp-content\/uploads\/2022\/02\/05_skok_do_vody.jpg\" alt=\"\" class=\"wp-image-139309\" srcset=\"https:\/\/all4camper.com\/wp-content\/uploads\/2022\/02\/05_skok_do_vody.jpg 760w, https:\/\/all4camper.com\/wp-content\/uploads\/2022\/02\/05_skok_do_vody-300x178.jpg 300w, https:\/\/all4camper.com\/wp-content\/uploads\/2022\/02\/05_skok_do_vody-150x89.jpg 150w, https:\/\/all4camper.com\/wp-content\/uploads\/2022\/02\/05_skok_do_vody-696x412.jpg 696w\" sizes=\"auto, (max-width: 760px) 100vw, 760px\" \/><\/figure>\n\n\n\n<p>Vansafe myslelo i na<strong> specifick\u00e9 situace, kter\u00e9 \u0159e\u0161\u00ed karavanist\u00e9<\/strong>, a to je pr\u00e1vn\u00ed ochrana a pomoc v souvislosti s pron\u00e1jmem obytn\u00e9ho auta, kter\u00e9 rovn\u011b\u017e cestovn\u00ed poji\u0161t\u011bn\u00ed pokr\u00fdv\u00e1. Vyu\u017e\u00edt ho m\u016f\u017eete nap\u0159\u00edklad, pokud by do\u0161lo ke sporu s p\u016fj\u010dovnou.<\/p>\n\n\n\n<h2 class=\"wp-block-heading\" id=\"pozor-na-nestandardni-cestovni-pojisteni\">Pozor na nestandardn\u00ed cestovn\u00ed poji\u0161t\u011bn\u00ed<\/h2>\n\n\n\n<pre class=\"wp-block-verse\"><em>\u201cNespol\u00e9hejte se na cest\u00e1ch na poji\u0161t\u011bn\u00ed, kter\u00e9 m\u00e1te k platebn\u00ed kart\u011b, limity pln\u011bn\u00ed jsou opravdu n\u00edzk\u00e9 a takov\u00e9 poji\u0161t\u011bn\u00ed m\u00e1 mnoho v\u00fdluk. Limit poji\u0161t\u011bn\u00ed na kart\u011b je obvykle maxim\u00e1ln\u011b 2 miliony K\u010d, co\u017e snadno vy\u010derp\u00e1te u\u017e p\u0159i prvn\u00edm specializovan\u00e9m vy\u0161et\u0159en\u00ed v nemocnici, nap\u0159\u00edklad p\u0159i \u00farazu. A odj\u00ed\u017ed\u011bt z dovolen\u00e9 s milionov\u00fdm dluhem si nep\u0159eje nikdo,\u201d dopl\u0148uje Luk\u00e1\u0161 Slav\u00edk.<\/em><\/pre>\n\n\n\n<p>Probl\u00e9m m\u016f\u017ee nastat v zem\u00edch EU, pokud byste se rozhodli spolehnout na <strong>\u00fahradu ze sv\u00e9ho zdravotn\u00edho poji\u0161t\u011bn\u00ed<\/strong>. Ne v\u0161echna za\u0159\u00edzen\u00ed jsou toti\u017e v\u00e1z\u00e1na na ve\u0159ejn\u00fd syst\u00e9m a takto hrazenou p\u00e9\u010di neposkytuj\u00ed. Pokud ano, pacient si hrad\u00ed s\u00e1m a n\u00e1sledn\u011b \u017e\u00e1d\u00e1 o refundaci. Samoz\u0159ejmost\u00ed je i spolu\u00fa\u010dast pacienta a hlavn\u011b velmi dlouh\u00e9 lh\u016fty (poji\u0161\u0165ovny mus\u00ed splnit \u0159adu byrokratick\u00fdch povinnost\u00ed a komunikovat s p\u0159\u00edslu\u0161nou poji\u0161\u0165ovnou v zahrani\u010d\u00ed).<\/p>\n\n\n\n<h3 class=\"wp-block-heading\" id=\"jak-se-chranit-pred-dalsimi-vydaji-kdyz-uz-jsem-na-ceste\">Jak se chr\u00e1nit p\u0159ed dal\u0161\u00edmi v\u00fddaji, kdy\u017e u\u017e jsem na cest\u011b?<\/h3>\n\n\n\n<p>Nejd\u016fle\u017eit\u011bj\u0161\u00ed je bezpochyby prevence. Kdy\u017e u\u017e se stane nep\u0159\u00edjemn\u00e1 z\u00e1le\u017eitost, je dobr\u00e9 <strong>b\u00fdt p\u0159ipraven<\/strong>, abychom to rychle vy\u0159e\u0161ili a mohli pokra\u010dovat v dovolen\u00e9. Nebo se vyhnuli zbyte\u010dn\u00fdm finan\u010dn\u00edm v\u00fddaj\u016fm.<\/p>\n\n\n\n<p><strong>Co se vyplat\u00ed ud\u011blat je\u0161t\u011b p\u0159ed cestou?<\/strong><\/p>\n\n\n\n<ul class=\"wp-block-list\"><li>vybrat si <strong><a href=\"https:\/\/hledamkaravan.cz\/\" target=\"_blank\" rel=\"noreferrer noopener\">kvalitn\u00ed p\u016fj\u010dovnu aut<\/a><\/strong>, kter\u00e1 v\u00e1s nenech\u00e1 na holi\u010dk\u00e1ch,<\/li><li>uzav\u0159\u00edt kvalitn\u00ed <strong><a href=\"https:\/\/www.vansafe.cz\/produkty\" target=\"_blank\" rel=\"noreferrer noopener\">poji\u0161t\u011bn\u00ed kauce<\/a><\/strong>, kter\u00e9 v\u00e1m pom\u016f\u017ee s \u00fahradou p\u0159\u00edpadn\u00fdch \u0161kod,<\/li><li>p\u0159ipojistit si <strong><a href=\"https:\/\/all4camper.com\/\/wp-content\/uploads\/2022\/02\/Bezstarostna_jizda.pdf\" target=\"_blank\" rel=\"noreferrer noopener\">asistenci na cest\u00e1ch<\/a><\/strong> (nap\u0159. Bezstarostn\u00e1 j\u00edzda),<\/li><li>zvolit <a href=\"https:\/\/www.vansafe.cz\/cestovni-pojisteni\" target=\"_blank\" rel=\"noreferrer noopener\"><strong>cestovn\u00ed poji\u0161t\u011bn\u00ed<\/strong> <\/a>s dostate\u010dn\u011b vysok\u00fdm limitem a kryt\u00edm i v rizikov\u00fdch z\u00f3n\u00e1ch.<\/li><\/ul>\n\n\n\n<p><em><strong>N\u00e1\u0161 TIP<\/strong> S p\u0159ipoji\u0161t\u011bn\u00edm Bezstarostn\u00e1 j\u00edzda od Vansafe z\u00edsk\u00e1te i asisten\u010dn\u00ed slu\u017ebu mnoha slu\u017ebami v cen\u011b, a to se na cest\u00e1ch obyt\u0148\u00e1kem bude hodit, zejm\u00e9na pokud nejste zvykl\u00ed \u0159\u00eddit velk\u00e9 auto.<\/em><\/p>\n\n\n\n<pre class=\"wp-block-verse\"><em>\u201cDen p\u0159ed odjezdem z dovolen\u00e9 v Rakousku si n\u00e1\u0161 klient Martin prorazil olejovou vanu u sv\u00e9ho obytn\u00e9ho automobilu. M\u00edstn\u00ed servis mu ale sd\u011blil, \u017ee oprava potrv\u00e1 \u010dty\u0159i dny. Asisten\u010dn\u00ed slu\u017eba proto zajistila p\u0159evoz nepoj\u00edzdn\u00e9ho vozidla do servisu kousek od Martinova bydli\u0161t\u011b a odvezla Martina i rodinu zp\u011bt dom\u016f,\u201d vysv\u011btluje p\u0159\u00ednosy asisten\u010dn\u00ed slu\u017eby Bezstarostn\u00e1 j\u00edzda Martina Sobotov\u00e1, kter\u00e1 s klienty na cest\u00e1ch denn\u011b komunikuje.<\/em><\/pre>\n\n\n\n<figure class=\"wp-block-image size-full\"><img loading=\"lazy\" decoding=\"async\" width=\"760\" height=\"450\" src=\"https:\/\/all4camper.com\/\/wp-content\/uploads\/2022\/02\/08_odtah.jpg\" alt=\"\" class=\"wp-image-139311\" srcset=\"https:\/\/all4camper.com\/wp-content\/uploads\/2022\/02\/08_odtah.jpg 760w, https:\/\/all4camper.com\/wp-content\/uploads\/2022\/02\/08_odtah-300x178.jpg 300w, https:\/\/all4camper.com\/wp-content\/uploads\/2022\/02\/08_odtah-150x89.jpg 150w, https:\/\/all4camper.com\/wp-content\/uploads\/2022\/02\/08_odtah-696x412.jpg 696w\" sizes=\"auto, (max-width: 760px) 100vw, 760px\" \/><\/figure>\n\n\n\n<h3 class=\"wp-block-heading\" id=\"a-co-delat-na-ceste-kdyz-uz-prijdou-problemy\">A co d\u011blat na cest\u011b, kdy\u017e u\u017e p\u0159ijdou probl\u00e9my?<\/h3>\n\n\n\n<ul class=\"wp-block-list\"><li><strong>kontaktovat p\u016fj\u010dovnu <\/strong>a celou situaci s nimi probrat &#8211; porad\u00ed nejlep\u0161\u00ed \u0159e\u0161en\u00ed<\/li><li>obr\u00e1tit se na <strong>kontaktn\u00ed osobu ve sv\u00e9 poji\u0161\u0165ovn\u011b <\/strong>(asisten\u010dn\u00ed karti\u010dku s pokyny a kontaktem jste dostali od poji\u0161\u0165ovny a je dobr\u00e9 si ji pro jistotu i vytisknout &#8211; vybit\u00fd mobil v obytce nen\u00ed nic neobvykl\u00e9ho), informujte a p\u0159\u00edpadn\u011b se pora\u010fte, jak d\u00e1l postupovat<\/li><li>pe\u010dliv\u011b <strong>uschovejte v\u0161echny origin\u00e1ly<\/strong> \u00fa\u010dt\u016f, potvrzen\u00ed a origin\u00e1ly nebo kopie recept\u016f a l\u00e9ka\u0159sk\u00e9 zpr\u00e1vy pro n\u00e1sledn\u00e9 p\u0159ed\u00e1n\u00ed poji\u0161\u0165ovn\u011b<\/li><\/ul>\n\n\n\n<p>Rezervace obytn\u00e9ho auta ani cestov\u00e1n\u00ed tedy nen\u00ed t\u0159eba se b\u00e1t ani v dne\u0161n\u00ed dob\u011b &#8211; <strong>v\u011bt\u0161inu rizik lze dob\u0159e o\u0161et\u0159it<\/strong>. D\u016fle\u017eit\u00e9 je vybrat si <strong>kvalitn\u00ed p\u016fj\u010dovnu<\/strong> s dostatkem referenc\u00ed, a n\u00e1sledn\u011b dobr\u00e9<strong> poji\u0161t\u011bn\u00ed storna<\/strong> (a p\u0159\u00edpadn\u011b zvolit p\u0159ipoji\u0161t\u011bn\u00ed dle pot\u0159eby) a nepodcenit ani v\u00fdb\u011br <strong>cestovn\u00edho poji\u0161t\u011bn\u00ed<\/strong>.<\/p>\n\n\n\n<figure class=\"wp-block-image size-large\"><a href=\"https:\/\/www.vansafe.cz\/pojisteni-kauce\" target=\"_blank\" rel=\"noopener\"><img loading=\"lazy\" decoding=\"async\" width=\"1440\" height=\"1080\" src=\"https:\/\/all4camper.com\/\/wp-content\/uploads\/2022\/02\/VS_1600x1200-1440x1080.jpg\" alt=\"\" class=\"wp-image-139303\" srcset=\"https:\/\/all4camper.com\/wp-content\/uploads\/2022\/02\/VS_1600x1200-1440x1080.jpg 1440w, https:\/\/all4camper.com\/wp-content\/uploads\/2022\/02\/VS_1600x1200-300x225.jpg 300w, https:\/\/all4camper.com\/wp-content\/uploads\/2022\/02\/VS_1600x1200-150x113.jpg 150w, https:\/\/all4camper.com\/wp-content\/uploads\/2022\/02\/VS_1600x1200-768x576.jpg 768w, https:\/\/all4camper.com\/wp-content\/uploads\/2022\/02\/VS_1600x1200-1536x1152.jpg 1536w, https:\/\/all4camper.com\/wp-content\/uploads\/2022\/02\/VS_1600x1200-696x522.jpg 696w, https:\/\/all4camper.com\/wp-content\/uploads\/2022\/02\/VS_1600x1200-1068x801.jpg 1068w, https:\/\/all4camper.com\/wp-content\/uploads\/2022\/02\/VS_1600x1200.jpg 1600w\" sizes=\"auto, (max-width: 1440px) 100vw, 1440px\" \/><\/a><\/figure>\n","protected":false},"excerpt":{"rendered":"<p>Pl\u00e1nujete letn\u00ed dovolenou v obytn\u00e9m aut\u011b \u010di karavanu a boj\u00edte se nejist\u00e9 situace? V dne\u0161n\u00edm p\u0159\u00edsp\u011bvku v\u00e1m spole\u010dn\u011b s Vansafe porad\u00edm, jak ochr\u00e1nit sv\u00e9 finance p\u0159ed zru\u0161enou dovolenou nebo jak neodj\u00ed\u017ed\u011bt z dovolen\u00e9 s neo\u010dek\u00e1van\u00fdmi vysok\u00fdmi v\u00fddaji za o\u0161et\u0159en\u00ed. Co v\u0161echno m\u016f\u017ee ohrozit va\u0161i rezervaci obyt\u0148\u00e1ku? Poj\u010fme se nejprve pod\u00edvat, co v\u0161echno v\u00e1m letos m\u016f\u017ee [&hellip;]<\/p>\n","protected":false},"author":4,"featured_media":139311,"comment_status":"closed","ping_status":"open","sticky":false,"template":"","format":"standard","meta":{"_monsterinsights_skip_tracking":false,"_monsterinsights_sitenote_active":false,"_monsterinsights_sitenote_note":"","_monsterinsights_sitenote_category":0,"footnotes":""},"categories":[422,8209],"tags":[11701,226],"class_list":{"0":"post-139296","1":"post","2":"type-post","3":"status-publish","4":"format-standard","5":"has-post-thumbnail","7":"category-novinky-kempovani-a-karavaning","8":"category-rady-tipy-informace","9":"tag-pojisteni","10":"tag-rady-a-tipy"},"yoast_head":"<!-- This site is optimized with the Yoast SEO plugin v27.5 - https:\/\/yoast.com\/product\/yoast-seo-wordpress\/ -->\n<title>Boj\u00edte se pl\u00e1novat letn\u00ed dovolenou? N\u011bkolik rad, jak na spr\u00e1vn\u00e9 poji\u0161t\u011bn\u00ed karavanu, abyste byli bez starost\u00ed\ufffc - All4Camper<\/title>\n<meta name=\"description\" content=\"Vansafe myslelo i na specifick\u00e9 situace, kter\u00e9 \u0159e\u0161\u00ed karavanist\u00e9, a to je pr\u00e1vn\u00ed ochrana a pomoc v souvislosti s pron\u00e1jmem obytn\u00e9ho auta, kter\u00e9 rovn\u011b\u017e cestovn\u00ed poji\u0161t\u011bn\u00ed pokr\u00fdv\u00e1. Vyu\u017e\u00edt ho m\u016f\u017eete nap\u0159\u00edklad, pokud by do\u0161lo ke sporu s p\u016fj\u010dovnou.\" \/>\n<meta name=\"robots\" content=\"index, follow, max-snippet:-1, max-image-preview:large, max-video-preview:-1\" \/>\n<link rel=\"canonical\" href=\"https:\/\/all4camper.com\/cs\/bojite-se-planovat-letni-dovolenou-nekolik-rad-jak-na-spravne-pojisteni-karavanu-abyste-byli-bez-starosti%ef%bf%bc\/\" \/>\n<meta property=\"og:locale\" content=\"cs_CZ\" \/>\n<meta property=\"og:type\" content=\"article\" \/>\n<meta property=\"og:title\" content=\"Boj\u00edte se pl\u00e1novat letn\u00ed dovolenou? N\u011bkolik rad, jak na spr\u00e1vn\u00e9 poji\u0161t\u011bn\u00ed karavanu, abyste byli bez starost\u00ed\ufffc - All4Camper\" \/>\n<meta property=\"og:description\" content=\"Vansafe myslelo i na specifick\u00e9 situace, kter\u00e9 \u0159e\u0161\u00ed karavanist\u00e9, a to je pr\u00e1vn\u00ed ochrana a pomoc v souvislosti s pron\u00e1jmem obytn\u00e9ho auta, kter\u00e9 rovn\u011b\u017e cestovn\u00ed poji\u0161t\u011bn\u00ed pokr\u00fdv\u00e1. Vyu\u017e\u00edt ho m\u016f\u017eete nap\u0159\u00edklad, pokud by do\u0161lo ke sporu s p\u016fj\u010dovnou.\" \/>\n<meta property=\"og:url\" content=\"https:\/\/all4camper.com\/cs\/bojite-se-planovat-letni-dovolenou-nekolik-rad-jak-na-spravne-pojisteni-karavanu-abyste-byli-bez-starosti%ef%bf%bc\/\" \/>\n<meta property=\"og:site_name\" content=\"All4Camper\" \/>\n<meta property=\"article:published_time\" content=\"2022-02-03T12:34:59+00:00\" \/>\n<meta property=\"article:modified_time\" content=\"2022-02-03T14:49:32+00:00\" \/>\n<meta property=\"og:image\" content=\"https:\/\/all4camper.com\/wp-content\/uploads\/2022\/02\/08_odtah.jpg\" \/>\n\t<meta property=\"og:image:width\" content=\"760\" \/>\n\t<meta property=\"og:image:height\" content=\"450\" \/>\n\t<meta property=\"og:image:type\" content=\"image\/jpeg\" \/>\n<meta name=\"author\" content=\"Kl\u00e1ra H\u00e1jkov\u00e1\" \/>\n<meta name=\"twitter:card\" content=\"summary_large_image\" \/>\n<meta name=\"twitter:label1\" content=\"Napsal(a)\" \/>\n\t<meta name=\"twitter:data1\" content=\"Kl\u00e1ra H\u00e1jkov\u00e1\" \/>\n\t<meta name=\"twitter:label2\" content=\"Odhadovan\u00e1 doba \u010dten\u00ed\" \/>\n\t<meta name=\"twitter:data2\" content=\"9 minut\" \/>\n<script type=\"application\/ld+json\" class=\"yoast-schema-graph\">{\"@context\":\"https:\\\/\\\/schema.org\",\"@graph\":[{\"@type\":\"Article\",\"@id\":\"https:\\\/\\\/all4camper.com\\\/cs\\\/bojite-se-planovat-letni-dovolenou-nekolik-rad-jak-na-spravne-pojisteni-karavanu-abyste-byli-bez-starosti%ef%bf%bc\\\/#article\",\"isPartOf\":{\"@id\":\"https:\\\/\\\/all4camper.com\\\/cs\\\/bojite-se-planovat-letni-dovolenou-nekolik-rad-jak-na-spravne-pojisteni-karavanu-abyste-byli-bez-starosti%ef%bf%bc\\\/\"},\"author\":{\"name\":\"Kl\u00e1ra H\u00e1jkov\u00e1\",\"@id\":\"https:\\\/\\\/all4camper.com\\\/cs\\\/#\\\/schema\\\/person\\\/c6f1efdf1d02bc7d8c53a891cbe18c62\"},\"headline\":\"Boj\u00edte se pl\u00e1novat letn\u00ed dovolenou? N\u011bkolik rad, jak na spr\u00e1vn\u00e9 poji\u0161t\u011bn\u00ed karavanu, abyste byli bez starost\u00ed\ufffc\",\"datePublished\":\"2022-02-03T12:34:59+00:00\",\"dateModified\":\"2022-02-03T14:49:32+00:00\",\"mainEntityOfPage\":{\"@id\":\"https:\\\/\\\/all4camper.com\\\/cs\\\/bojite-se-planovat-letni-dovolenou-nekolik-rad-jak-na-spravne-pojisteni-karavanu-abyste-byli-bez-starosti%ef%bf%bc\\\/\"},\"wordCount\":1567,\"publisher\":{\"@id\":\"https:\\\/\\\/all4camper.com\\\/cs\\\/#organization\"},\"image\":{\"@id\":\"https:\\\/\\\/all4camper.com\\\/cs\\\/bojite-se-planovat-letni-dovolenou-nekolik-rad-jak-na-spravne-pojisteni-karavanu-abyste-byli-bez-starosti%ef%bf%bc\\\/#primaryimage\"},\"thumbnailUrl\":\"https:\\\/\\\/all4camper.com\\\/wp-content\\\/uploads\\\/2022\\\/02\\\/08_odtah.jpg\",\"keywords\":[\"poji\u0161t\u011bn\u00ed\",\"Rady-tipy-informace\"],\"articleSection\":[\"Novinky - Kempov\u00e1n\u00ed a karavaning\",\"Rady, tipy, informace\"],\"inLanguage\":\"cs\"},{\"@type\":\"WebPage\",\"@id\":\"https:\\\/\\\/all4camper.com\\\/cs\\\/bojite-se-planovat-letni-dovolenou-nekolik-rad-jak-na-spravne-pojisteni-karavanu-abyste-byli-bez-starosti%ef%bf%bc\\\/\",\"url\":\"https:\\\/\\\/all4camper.com\\\/cs\\\/bojite-se-planovat-letni-dovolenou-nekolik-rad-jak-na-spravne-pojisteni-karavanu-abyste-byli-bez-starosti%ef%bf%bc\\\/\",\"name\":\"Boj\u00edte se pl\u00e1novat letn\u00ed dovolenou? N\u011bkolik rad, jak na spr\u00e1vn\u00e9 poji\u0161t\u011bn\u00ed karavanu, abyste byli bez starost\u00ed\ufffc - All4Camper\",\"isPartOf\":{\"@id\":\"https:\\\/\\\/all4camper.com\\\/cs\\\/#website\"},\"primaryImageOfPage\":{\"@id\":\"https:\\\/\\\/all4camper.com\\\/cs\\\/bojite-se-planovat-letni-dovolenou-nekolik-rad-jak-na-spravne-pojisteni-karavanu-abyste-byli-bez-starosti%ef%bf%bc\\\/#primaryimage\"},\"image\":{\"@id\":\"https:\\\/\\\/all4camper.com\\\/cs\\\/bojite-se-planovat-letni-dovolenou-nekolik-rad-jak-na-spravne-pojisteni-karavanu-abyste-byli-bez-starosti%ef%bf%bc\\\/#primaryimage\"},\"thumbnailUrl\":\"https:\\\/\\\/all4camper.com\\\/wp-content\\\/uploads\\\/2022\\\/02\\\/08_odtah.jpg\",\"datePublished\":\"2022-02-03T12:34:59+00:00\",\"dateModified\":\"2022-02-03T14:49:32+00:00\",\"description\":\"Vansafe myslelo i na specifick\u00e9 situace, kter\u00e9 \u0159e\u0161\u00ed karavanist\u00e9, a to je pr\u00e1vn\u00ed ochrana a pomoc v souvislosti s pron\u00e1jmem obytn\u00e9ho auta, kter\u00e9 rovn\u011b\u017e cestovn\u00ed poji\u0161t\u011bn\u00ed pokr\u00fdv\u00e1. Vyu\u017e\u00edt ho m\u016f\u017eete nap\u0159\u00edklad, pokud by do\u0161lo ke sporu s p\u016fj\u010dovnou.\",\"breadcrumb\":{\"@id\":\"https:\\\/\\\/all4camper.com\\\/cs\\\/bojite-se-planovat-letni-dovolenou-nekolik-rad-jak-na-spravne-pojisteni-karavanu-abyste-byli-bez-starosti%ef%bf%bc\\\/#breadcrumb\"},\"inLanguage\":\"cs\",\"potentialAction\":[{\"@type\":\"ReadAction\",\"target\":[\"https:\\\/\\\/all4camper.com\\\/cs\\\/bojite-se-planovat-letni-dovolenou-nekolik-rad-jak-na-spravne-pojisteni-karavanu-abyste-byli-bez-starosti%ef%bf%bc\\\/\"]}]},{\"@type\":\"ImageObject\",\"inLanguage\":\"cs\",\"@id\":\"https:\\\/\\\/all4camper.com\\\/cs\\\/bojite-se-planovat-letni-dovolenou-nekolik-rad-jak-na-spravne-pojisteni-karavanu-abyste-byli-bez-starosti%ef%bf%bc\\\/#primaryimage\",\"url\":\"https:\\\/\\\/all4camper.com\\\/wp-content\\\/uploads\\\/2022\\\/02\\\/08_odtah.jpg\",\"contentUrl\":\"https:\\\/\\\/all4camper.com\\\/wp-content\\\/uploads\\\/2022\\\/02\\\/08_odtah.jpg\",\"width\":760,\"height\":450},{\"@type\":\"BreadcrumbList\",\"@id\":\"https:\\\/\\\/all4camper.com\\\/cs\\\/bojite-se-planovat-letni-dovolenou-nekolik-rad-jak-na-spravne-pojisteni-karavanu-abyste-byli-bez-starosti%ef%bf%bc\\\/#breadcrumb\",\"itemListElement\":[{\"@type\":\"ListItem\",\"position\":1,\"name\":\"Dom\u016f\",\"item\":\"https:\\\/\\\/all4camper.com\\\/cs\\\/\"},{\"@type\":\"ListItem\",\"position\":2,\"name\":\"Novinky - Kempov\u00e1n\u00ed a karavaning\",\"item\":\"https:\\\/\\\/all4camper.com\\\/cs\\\/category\\\/novinky-kempovani-a-karavaning\\\/\"},{\"@type\":\"ListItem\",\"position\":3,\"name\":\"Boj\u00edte se pl\u00e1novat letn\u00ed dovolenou? N\u011bkolik rad, jak na spr\u00e1vn\u00e9 poji\u0161t\u011bn\u00ed karavanu, abyste byli bez starost\u00ed\ufffc\"}]},{\"@type\":\"WebSite\",\"@id\":\"https:\\\/\\\/all4camper.com\\\/cs\\\/#website\",\"url\":\"https:\\\/\\\/all4camper.com\\\/cs\\\/\",\"name\":\"All4Camper\",\"description\":\"Nejv\u011bt\u0161\u00ed online magaz\u00edn o kempov\u00e1n\u00ed a karavaninku. V\u00edce jak 900 \u010dl\u00e1nk\u016f pln\u00fdch rad a tip\u016f o kempech a kempov\u00e1n\u00ed.\",\"publisher\":{\"@id\":\"https:\\\/\\\/all4camper.com\\\/cs\\\/#organization\"},\"potentialAction\":[{\"@type\":\"SearchAction\",\"target\":{\"@type\":\"EntryPoint\",\"urlTemplate\":\"https:\\\/\\\/all4camper.com\\\/cs\\\/?s={search_term_string}\"},\"query-input\":{\"@type\":\"PropertyValueSpecification\",\"valueRequired\":true,\"valueName\":\"search_term_string\"}}],\"inLanguage\":\"cs\"},{\"@type\":\"Organization\",\"@id\":\"https:\\\/\\\/all4camper.com\\\/cs\\\/#organization\",\"name\":\"All4Camper - kempujeme s Kl\u00e1rou\",\"url\":\"https:\\\/\\\/all4camper.com\\\/cs\\\/\",\"logo\":{\"@type\":\"ImageObject\",\"inLanguage\":\"cs\",\"@id\":\"https:\\\/\\\/all4camper.com\\\/cs\\\/#\\\/schema\\\/logo\\\/image\\\/\",\"url\":\"https:\\\/\\\/all4camper.com\\\/wp-content\\\/uploads\\\/2018\\\/09\\\/novelogo.png\",\"contentUrl\":\"https:\\\/\\\/all4camper.com\\\/wp-content\\\/uploads\\\/2018\\\/09\\\/novelogo.png\",\"width\":1520,\"height\":600,\"caption\":\"All4Camper - kempujeme s Kl\u00e1rou\"},\"image\":{\"@id\":\"https:\\\/\\\/all4camper.com\\\/cs\\\/#\\\/schema\\\/logo\\\/image\\\/\"}},{\"@type\":\"Person\",\"@id\":\"https:\\\/\\\/all4camper.com\\\/cs\\\/#\\\/schema\\\/person\\\/c6f1efdf1d02bc7d8c53a891cbe18c62\",\"name\":\"Kl\u00e1ra H\u00e1jkov\u00e1\",\"sameAs\":[\"http:\\\/\\\/www.all4camper.com\"],\"url\":\"https:\\\/\\\/all4camper.com\\\/cs\\\/author\\\/klarinkacestuje1\\\/\"}]}<\/script>\n<!-- \/ Yoast SEO plugin. -->","yoast_head_json":{"title":"Boj\u00edte se pl\u00e1novat letn\u00ed dovolenou? N\u011bkolik rad, jak na spr\u00e1vn\u00e9 poji\u0161t\u011bn\u00ed karavanu, abyste byli bez starost\u00ed\ufffc - All4Camper","description":"Vansafe myslelo i na specifick\u00e9 situace, kter\u00e9 \u0159e\u0161\u00ed karavanist\u00e9, a to je pr\u00e1vn\u00ed ochrana a pomoc v souvislosti s pron\u00e1jmem obytn\u00e9ho auta, kter\u00e9 rovn\u011b\u017e cestovn\u00ed poji\u0161t\u011bn\u00ed pokr\u00fdv\u00e1. Vyu\u017e\u00edt ho m\u016f\u017eete nap\u0159\u00edklad, pokud by do\u0161lo ke sporu s p\u016fj\u010dovnou.","robots":{"index":"index","follow":"follow","max-snippet":"max-snippet:-1","max-image-preview":"max-image-preview:large","max-video-preview":"max-video-preview:-1"},"canonical":"https:\/\/all4camper.com\/cs\/bojite-se-planovat-letni-dovolenou-nekolik-rad-jak-na-spravne-pojisteni-karavanu-abyste-byli-bez-starosti%ef%bf%bc\/","og_locale":"cs_CZ","og_type":"article","og_title":"Boj\u00edte se pl\u00e1novat letn\u00ed dovolenou? N\u011bkolik rad, jak na spr\u00e1vn\u00e9 poji\u0161t\u011bn\u00ed karavanu, abyste byli bez starost\u00ed\ufffc - All4Camper","og_description":"Vansafe myslelo i na specifick\u00e9 situace, kter\u00e9 \u0159e\u0161\u00ed karavanist\u00e9, a to je pr\u00e1vn\u00ed ochrana a pomoc v souvislosti s pron\u00e1jmem obytn\u00e9ho auta, kter\u00e9 rovn\u011b\u017e cestovn\u00ed poji\u0161t\u011bn\u00ed pokr\u00fdv\u00e1. Vyu\u017e\u00edt ho m\u016f\u017eete nap\u0159\u00edklad, pokud by do\u0161lo ke sporu s p\u016fj\u010dovnou.","og_url":"https:\/\/all4camper.com\/cs\/bojite-se-planovat-letni-dovolenou-nekolik-rad-jak-na-spravne-pojisteni-karavanu-abyste-byli-bez-starosti%ef%bf%bc\/","og_site_name":"All4Camper","article_published_time":"2022-02-03T12:34:59+00:00","article_modified_time":"2022-02-03T14:49:32+00:00","og_image":[{"width":760,"height":450,"url":"https:\/\/all4camper.com\/wp-content\/uploads\/2022\/02\/08_odtah.jpg","type":"image\/jpeg"}],"author":"Kl\u00e1ra H\u00e1jkov\u00e1","twitter_card":"summary_large_image","twitter_misc":{"Napsal(a)":"Kl\u00e1ra H\u00e1jkov\u00e1","Odhadovan\u00e1 doba \u010dten\u00ed":"9 minut"},"schema":{"@context":"https:\/\/schema.org","@graph":[{"@type":"Article","@id":"https:\/\/all4camper.com\/cs\/bojite-se-planovat-letni-dovolenou-nekolik-rad-jak-na-spravne-pojisteni-karavanu-abyste-byli-bez-starosti%ef%bf%bc\/#article","isPartOf":{"@id":"https:\/\/all4camper.com\/cs\/bojite-se-planovat-letni-dovolenou-nekolik-rad-jak-na-spravne-pojisteni-karavanu-abyste-byli-bez-starosti%ef%bf%bc\/"},"author":{"name":"Kl\u00e1ra H\u00e1jkov\u00e1","@id":"https:\/\/all4camper.com\/cs\/#\/schema\/person\/c6f1efdf1d02bc7d8c53a891cbe18c62"},"headline":"Boj\u00edte se pl\u00e1novat letn\u00ed dovolenou? N\u011bkolik rad, jak na spr\u00e1vn\u00e9 poji\u0161t\u011bn\u00ed karavanu, abyste byli bez starost\u00ed\ufffc","datePublished":"2022-02-03T12:34:59+00:00","dateModified":"2022-02-03T14:49:32+00:00","mainEntityOfPage":{"@id":"https:\/\/all4camper.com\/cs\/bojite-se-planovat-letni-dovolenou-nekolik-rad-jak-na-spravne-pojisteni-karavanu-abyste-byli-bez-starosti%ef%bf%bc\/"},"wordCount":1567,"publisher":{"@id":"https:\/\/all4camper.com\/cs\/#organization"},"image":{"@id":"https:\/\/all4camper.com\/cs\/bojite-se-planovat-letni-dovolenou-nekolik-rad-jak-na-spravne-pojisteni-karavanu-abyste-byli-bez-starosti%ef%bf%bc\/#primaryimage"},"thumbnailUrl":"https:\/\/all4camper.com\/wp-content\/uploads\/2022\/02\/08_odtah.jpg","keywords":["poji\u0161t\u011bn\u00ed","Rady-tipy-informace"],"articleSection":["Novinky - Kempov\u00e1n\u00ed a karavaning","Rady, tipy, informace"],"inLanguage":"cs"},{"@type":"WebPage","@id":"https:\/\/all4camper.com\/cs\/bojite-se-planovat-letni-dovolenou-nekolik-rad-jak-na-spravne-pojisteni-karavanu-abyste-byli-bez-starosti%ef%bf%bc\/","url":"https:\/\/all4camper.com\/cs\/bojite-se-planovat-letni-dovolenou-nekolik-rad-jak-na-spravne-pojisteni-karavanu-abyste-byli-bez-starosti%ef%bf%bc\/","name":"Boj\u00edte se pl\u00e1novat letn\u00ed dovolenou? N\u011bkolik rad, jak na spr\u00e1vn\u00e9 poji\u0161t\u011bn\u00ed karavanu, abyste byli bez starost\u00ed\ufffc - All4Camper","isPartOf":{"@id":"https:\/\/all4camper.com\/cs\/#website"},"primaryImageOfPage":{"@id":"https:\/\/all4camper.com\/cs\/bojite-se-planovat-letni-dovolenou-nekolik-rad-jak-na-spravne-pojisteni-karavanu-abyste-byli-bez-starosti%ef%bf%bc\/#primaryimage"},"image":{"@id":"https:\/\/all4camper.com\/cs\/bojite-se-planovat-letni-dovolenou-nekolik-rad-jak-na-spravne-pojisteni-karavanu-abyste-byli-bez-starosti%ef%bf%bc\/#primaryimage"},"thumbnailUrl":"https:\/\/all4camper.com\/wp-content\/uploads\/2022\/02\/08_odtah.jpg","datePublished":"2022-02-03T12:34:59+00:00","dateModified":"2022-02-03T14:49:32+00:00","description":"Vansafe myslelo i na specifick\u00e9 situace, kter\u00e9 \u0159e\u0161\u00ed karavanist\u00e9, a to je pr\u00e1vn\u00ed ochrana a pomoc v souvislosti s pron\u00e1jmem obytn\u00e9ho auta, kter\u00e9 rovn\u011b\u017e cestovn\u00ed poji\u0161t\u011bn\u00ed pokr\u00fdv\u00e1. Vyu\u017e\u00edt ho m\u016f\u017eete nap\u0159\u00edklad, pokud by do\u0161lo ke sporu s p\u016fj\u010dovnou.","breadcrumb":{"@id":"https:\/\/all4camper.com\/cs\/bojite-se-planovat-letni-dovolenou-nekolik-rad-jak-na-spravne-pojisteni-karavanu-abyste-byli-bez-starosti%ef%bf%bc\/#breadcrumb"},"inLanguage":"cs","potentialAction":[{"@type":"ReadAction","target":["https:\/\/all4camper.com\/cs\/bojite-se-planovat-letni-dovolenou-nekolik-rad-jak-na-spravne-pojisteni-karavanu-abyste-byli-bez-starosti%ef%bf%bc\/"]}]},{"@type":"ImageObject","inLanguage":"cs","@id":"https:\/\/all4camper.com\/cs\/bojite-se-planovat-letni-dovolenou-nekolik-rad-jak-na-spravne-pojisteni-karavanu-abyste-byli-bez-starosti%ef%bf%bc\/#primaryimage","url":"https:\/\/all4camper.com\/wp-content\/uploads\/2022\/02\/08_odtah.jpg","contentUrl":"https:\/\/all4camper.com\/wp-content\/uploads\/2022\/02\/08_odtah.jpg","width":760,"height":450},{"@type":"BreadcrumbList","@id":"https:\/\/all4camper.com\/cs\/bojite-se-planovat-letni-dovolenou-nekolik-rad-jak-na-spravne-pojisteni-karavanu-abyste-byli-bez-starosti%ef%bf%bc\/#breadcrumb","itemListElement":[{"@type":"ListItem","position":1,"name":"Dom\u016f","item":"https:\/\/all4camper.com\/cs\/"},{"@type":"ListItem","position":2,"name":"Novinky - Kempov\u00e1n\u00ed a karavaning","item":"https:\/\/all4camper.com\/cs\/category\/novinky-kempovani-a-karavaning\/"},{"@type":"ListItem","position":3,"name":"Boj\u00edte se pl\u00e1novat letn\u00ed dovolenou? N\u011bkolik rad, jak na spr\u00e1vn\u00e9 poji\u0161t\u011bn\u00ed karavanu, abyste byli bez starost\u00ed\ufffc"}]},{"@type":"WebSite","@id":"https:\/\/all4camper.com\/cs\/#website","url":"https:\/\/all4camper.com\/cs\/","name":"All4Camper","description":"Nejv\u011bt\u0161\u00ed online magaz\u00edn o kempov\u00e1n\u00ed a karavaninku. V\u00edce jak 900 \u010dl\u00e1nk\u016f pln\u00fdch rad a tip\u016f o kempech a kempov\u00e1n\u00ed.","publisher":{"@id":"https:\/\/all4camper.com\/cs\/#organization"},"potentialAction":[{"@type":"SearchAction","target":{"@type":"EntryPoint","urlTemplate":"https:\/\/all4camper.com\/cs\/?s={search_term_string}"},"query-input":{"@type":"PropertyValueSpecification","valueRequired":true,"valueName":"search_term_string"}}],"inLanguage":"cs"},{"@type":"Organization","@id":"https:\/\/all4camper.com\/cs\/#organization","name":"All4Camper - kempujeme s Kl\u00e1rou","url":"https:\/\/all4camper.com\/cs\/","logo":{"@type":"ImageObject","inLanguage":"cs","@id":"https:\/\/all4camper.com\/cs\/#\/schema\/logo\/image\/","url":"https:\/\/all4camper.com\/wp-content\/uploads\/2018\/09\/novelogo.png","contentUrl":"https:\/\/all4camper.com\/wp-content\/uploads\/2018\/09\/novelogo.png","width":1520,"height":600,"caption":"All4Camper - kempujeme s Kl\u00e1rou"},"image":{"@id":"https:\/\/all4camper.com\/cs\/#\/schema\/logo\/image\/"}},{"@type":"Person","@id":"https:\/\/all4camper.com\/cs\/#\/schema\/person\/c6f1efdf1d02bc7d8c53a891cbe18c62","name":"Kl\u00e1ra H\u00e1jkov\u00e1","sameAs":["http:\/\/www.all4camper.com"],"url":"https:\/\/all4camper.com\/cs\/author\/klarinkacestuje1\/"}]}},"_links":{"self":[{"href":"https:\/\/all4camper.com\/cs\/wp-json\/wp\/v2\/posts\/139296","targetHints":{"allow":["GET"]}}],"collection":[{"href":"https:\/\/all4camper.com\/cs\/wp-json\/wp\/v2\/posts"}],"about":[{"href":"https:\/\/all4camper.com\/cs\/wp-json\/wp\/v2\/types\/post"}],"author":[{"embeddable":true,"href":"https:\/\/all4camper.com\/cs\/wp-json\/wp\/v2\/users\/4"}],"replies":[{"embeddable":true,"href":"https:\/\/all4camper.com\/cs\/wp-json\/wp\/v2\/comments?post=139296"}],"version-history":[{"count":0,"href":"https:\/\/all4camper.com\/cs\/wp-json\/wp\/v2\/posts\/139296\/revisions"}],"wp:featuredmedia":[{"embeddable":true,"href":"https:\/\/all4camper.com\/cs\/wp-json\/wp\/v2\/media\/139311"}],"wp:attachment":[{"href":"https:\/\/all4camper.com\/cs\/wp-json\/wp\/v2\/media?parent=139296"}],"wp:term":[{"taxonomy":"category","embeddable":true,"href":"https:\/\/all4camper.com\/cs\/wp-json\/wp\/v2\/categories?post=139296"},{"taxonomy":"post_tag","embeddable":true,"href":"https:\/\/all4camper.com\/cs\/wp-json\/wp\/v2\/tags?post=139296"}],"curies":[{"name":"wp","href":"https:\/\/api.w.org\/{rel}","templated":true}]}}