{"id":139281,"date":"2022-02-02T11:09:58","date_gmt":"2022-02-02T10:09:58","guid":{"rendered":"https:\/\/all4camper.com\/\/?p=139281"},"modified":"2022-02-02T11:11:51","modified_gmt":"2022-02-02T10:11:51","slug":"paradni-tip-na-vylet-karavanem-spojte-cestovani-s-gurmanskym-zazitkem","status":"publish","type":"post","link":"https:\/\/all4camper.com\/cs\/paradni-tip-na-vylet-karavanem-spojte-cestovani-s-gurmanskym-zazitkem\/","title":{"rendered":"Par\u00e1dn\u00ed tip na v\u00fdlet karavanem. Spojte cestov\u00e1n\u00ed s gurm\u00e1nsk\u00fdm z\u00e1\u017eitkem."},"content":{"rendered":"\n<p><strong>Organizace BIO AUSTRIA, s\u00ed\u0165 rakousk\u00fdch ekologick\u00fdch zem\u011bd\u011blc\u016f, oce\u0148uje v\u00a0r\u00e1mci ankety BIO GASTRO TROPHY ka\u017edoro\u010dn\u011b podniky v\u00a0ekologick\u00e9m stravov\u00e1n\u00ed. Do posledn\u00edho ro\u010dn\u00edku se p\u0159ihl\u00e1silo v\u00edce ne\u017e p\u011bt des\u00edtek podnik\u016f z\u00a0cel\u00e9ho Rakouska. Podm\u00ednkou pro \u00fa\u010dast v\u00a0sout\u011b\u017ei je pat\u0159i\u010dn\u00e1 bio certifikace ud\u011blovan\u00e1 kontroln\u00edm org\u00e1nem a spln\u011bn\u00edm sm\u011brnic BIO AUSTRIA pro stravov\u00e1n\u00ed mimo domov. V\u00edt\u011bze ur\u010dovala odborn\u00e1 porota a online hlasov\u00e1n\u00ed ve\u0159ejnosti. V\u00fdsledky p\u0159inesl port\u00e1l ots.at a v\u00edt\u011bzn\u00e9 podniky, kter\u00e9 jsou bezpochyby zaj\u00edmav\u00fdm tipem i na v\u00fdlet karavanem, poch\u00e1zej\u00ed z\u00a0Vorarlberska, ze \u0160t\u00fdrska a z\u00a0V\u00eddn\u011b.<\/strong><\/p>\n\n\n\n<h2 class=\"wp-block-heading\" id=\"kategorie-novacek-bio-restaurace-moritz-v-hohenemsu\"><strong>Kategorie \u201eNov\u00e1\u010dek\u201c: Bio restaurace Moritz v Hohenemsu<\/strong><\/h2>\n\n\n\n<p>Restaurace <a href=\"https:\/\/biomoritz.at\/\" target=\"_blank\" rel=\"noreferrer noopener nofollow\">Moritz<\/a>, kter\u00e1 s\u00eddl\u00ed v\u00a0Hohenemsu v\u00a0rakousk\u00e9 spolkov\u00e9 zemi Vorarlbersko, se nach\u00e1z\u00ed v\u00a0\u017eidovsk\u00e9 \u010dtvrti v\u00a0budov\u011b b\u00fdval\u00e9 \u0161koly. Za jej\u00edm vznikem stoj\u00ed Stefanie a Marc Bruggerovi a \u0161\u00e9fkucha\u0159 Roland K\u00f6nig. V\u0161ichni t\u0159i ji\u017e od za\u010d\u00e1tku cht\u011bli va\u0159it pouze z\u00a0biopotravin, k\u00a0\u010demu\u017e je vedla starost o dobr\u00e9 \u017eivotn\u00ed podm\u00ednky zv\u00ed\u0159at, o klima a o hospoda\u0159en\u00ed \u0161etrn\u00e9 k\u00a0p\u016fd\u011b. P\u0159i tom samoz\u0159ejm\u011b kladou d\u016fraz na region\u00e1lnost a dobrou chu\u0165. Krom\u011b vynikaj\u00edc\u00ed kuchyn\u011b nab\u00edz\u00ed restaurace Moritz tak\u00e9 modern\u00ed prost\u0159ed\u00ed v\u00a0historick\u00e9 budov\u011b a prostor pro kon\u00e1n\u00ed akc\u00ed.<\/p>\n\n\n\n<figure class=\"wp-block-image size-full\"><img loading=\"lazy\" decoding=\"async\" width=\"1200\" height=\"900\" src=\"https:\/\/all4camper.com\/\/wp-content\/uploads\/2022\/02\/biomoritz.jpeg\" alt=\"\" class=\"wp-image-139283\" srcset=\"https:\/\/all4camper.com\/wp-content\/uploads\/2022\/02\/biomoritz.jpeg 1200w, https:\/\/all4camper.com\/wp-content\/uploads\/2022\/02\/biomoritz-300x225.jpeg 300w, https:\/\/all4camper.com\/wp-content\/uploads\/2022\/02\/biomoritz-150x113.jpeg 150w, https:\/\/all4camper.com\/wp-content\/uploads\/2022\/02\/biomoritz-768x576.jpeg 768w, https:\/\/all4camper.com\/wp-content\/uploads\/2022\/02\/biomoritz-696x522.jpeg 696w, https:\/\/all4camper.com\/wp-content\/uploads\/2022\/02\/biomoritz-1068x801.jpeg 1068w\" sizes=\"auto, (max-width: 1200px) 100vw, 1200px\" \/><\/figure>\n\n\n\n<p><strong>Kategorie \u201eNejv\u011bt\u0161\u00ed ekologick\u00fd z\u00e1vazek\u201c: Retter Bio-Nature-Resort v&nbsp;P\u00f6llaubergu<\/strong><\/p>\n\n\n\n<p>Tento <a href=\"https:\/\/www.retter.at\/\" target=\"_blank\" rel=\"noreferrer noopener nofollow\">bio resort v\u00a0P\u00f6llaubergu<\/a> v\u00a0rakousk\u00e9 spolkov\u00e9 zemi \u0160t\u00fdrsko je ji\u017e 30 let z\u00e1sobov\u00e1n lok\u00e1ln\u00edmi ekologick\u00fdmi zem\u011bd\u011blci z\u00a0okruhu p\u011btadvaceti kilometr\u016f. J\u00eddlo se zde p\u0159ipravuje v\u00a0kuchyni, kter\u00e1 m\u00e1 bio certifikaci ji\u017e od roku 2004 a py\u0161n\u00ed se n\u011bkolika ocen\u011bn\u00edmi. Restaurace v\u00e1m nab\u00eddne chl\u00e9b pe\u010den\u00fd tradi\u010dn\u00edm zp\u016fsobem, dom\u00e1c\u00ed d\u017eemy i destil\u00e1ty. Maso, kter\u00e9 je zde serv\u00edrov\u00e1no, poch\u00e1z\u00ed ze zv\u00ed\u0159at z\u00a0voln\u00e9ho v\u00fdb\u011bhu, a aby se p\u0159ede\u0161lo pl\u00fdtv\u00e1n\u00ed, jsou zde poctiv\u011b zpracov\u00e1v\u00e1ny v\u0161echny \u010d\u00e1sti. <strong>Resort je tak skv\u011bl\u00e9 m\u00edsto ohledupln\u00e9 k\u00a0lidem, zv\u00ed\u0159at\u016fm i \u017eivotn\u00edmu prost\u0159ed\u00ed.<\/strong> V\u00edce se o tomto jedine\u010dn\u00e9m resortu m\u016f\u017eete do\u010d\u00edst nap\u0159\u00edklad <a href=\"https:\/\/www.a-list.at\/steiermark\/insider\/l\/insidertipps-oststeiermark-ulli-retter.html\" target=\"_blank\" rel=\"noreferrer noopener nofollow\">tady<\/a>.<\/p>\n\n\n\n<figure class=\"wp-block-gallery has-nested-images columns-1 is-cropped wp-block-gallery-1 is-layout-flex wp-block-gallery-is-layout-flex\">\n<figure class=\"wp-block-image size-full\"><img loading=\"lazy\" decoding=\"async\" width=\"1224\" height=\"867\" data-id=\"139285\" src=\"https:\/\/all4camper.com\/\/wp-content\/uploads\/2022\/02\/ulli-retter.jpeg\" alt=\"\" class=\"wp-image-139285\" srcset=\"https:\/\/all4camper.com\/wp-content\/uploads\/2022\/02\/ulli-retter.jpeg 1224w, https:\/\/all4camper.com\/wp-content\/uploads\/2022\/02\/ulli-retter-300x213.jpeg 300w, https:\/\/all4camper.com\/wp-content\/uploads\/2022\/02\/ulli-retter-150x106.jpeg 150w, https:\/\/all4camper.com\/wp-content\/uploads\/2022\/02\/ulli-retter-768x544.jpeg 768w, https:\/\/all4camper.com\/wp-content\/uploads\/2022\/02\/ulli-retter-696x493.jpeg 696w, https:\/\/all4camper.com\/wp-content\/uploads\/2022\/02\/ulli-retter-1068x757.jpeg 1068w\" sizes=\"auto, (max-width: 1224px) 100vw, 1224px\" \/><\/figure>\n\n\n\n<figure class=\"wp-block-image size-full\"><img loading=\"lazy\" decoding=\"async\" width=\"1579\" height=\"1080\" data-id=\"139287\" src=\"https:\/\/all4camper.com\/\/wp-content\/uploads\/2022\/02\/eingang-restaurant-terrasse-sonne-biohotel-wellnesshotel-retter-oststeiermark-poellauberg-1579x1080.jpeg\" alt=\"\" class=\"wp-image-139287\" srcset=\"https:\/\/all4camper.com\/wp-content\/uploads\/2022\/02\/eingang-restaurant-terrasse-sonne-biohotel-wellnesshotel-retter-oststeiermark-poellauberg-1579x1080.jpeg 1579w, https:\/\/all4camper.com\/wp-content\/uploads\/2022\/02\/eingang-restaurant-terrasse-sonne-biohotel-wellnesshotel-retter-oststeiermark-poellauberg-300x205.jpeg 300w, https:\/\/all4camper.com\/wp-content\/uploads\/2022\/02\/eingang-restaurant-terrasse-sonne-biohotel-wellnesshotel-retter-oststeiermark-poellauberg-150x103.jpeg 150w, https:\/\/all4camper.com\/wp-content\/uploads\/2022\/02\/eingang-restaurant-terrasse-sonne-biohotel-wellnesshotel-retter-oststeiermark-poellauberg-768x525.jpeg 768w, https:\/\/all4camper.com\/wp-content\/uploads\/2022\/02\/eingang-restaurant-terrasse-sonne-biohotel-wellnesshotel-retter-oststeiermark-poellauberg-1536x1050.jpeg 1536w, https:\/\/all4camper.com\/wp-content\/uploads\/2022\/02\/eingang-restaurant-terrasse-sonne-biohotel-wellnesshotel-retter-oststeiermark-poellauberg-218x150.jpeg 218w, https:\/\/all4camper.com\/wp-content\/uploads\/2022\/02\/eingang-restaurant-terrasse-sonne-biohotel-wellnesshotel-retter-oststeiermark-poellauberg-696x476.jpeg 696w, https:\/\/all4camper.com\/wp-content\/uploads\/2022\/02\/eingang-restaurant-terrasse-sonne-biohotel-wellnesshotel-retter-oststeiermark-poellauberg-1068x730.jpeg 1068w, https:\/\/all4camper.com\/wp-content\/uploads\/2022\/02\/eingang-restaurant-terrasse-sonne-biohotel-wellnesshotel-retter-oststeiermark-poellauberg.jpeg 1654w\" sizes=\"auto, (max-width: 1579px) 100vw, 1579px\" \/><\/figure>\n<\/figure>\n\n\n\n<p><strong>Kategorie \u201e100 % bio\u201c: Weinhaus Arlt ve V\u00eddni<\/strong><\/p>\n\n\n\n<p>Ocen\u011bn\u00fd <a href=\"https:\/\/www.weinhaus-arlt.bio\/\" target=\"_blank\" rel=\"noreferrer noopener nofollow\">Weinhaus Arlt<\/a> se nach\u00e1z\u00ed na v\u00edde\u0148sk\u00e9m p\u0159edm\u011bst\u00ed Hernalser. P\u016fvodn\u00ed, tradi\u010dn\u00ed v\u00edde\u0148sk\u00e1 kr\u010dma byla zrekonstruov\u00e1na a znovu otev\u0159ena z\u00e1sluhou Barbary a J\u00fcrgena Kerzendorferov\u00fdch v\u00a0roce 2018. O t\u00e9 doby je <strong>zde nab\u00edzen pouze zcela organick\u00fd sortiment t\u00e9 nejvy\u0161\u0161\u00ed kvality.<\/strong> D\u00edky Barba\u0159e si zde u\u017eijete \u00fa\u017easn\u00e1 j\u00eddla. J\u00fcrgen, someli\u00e9r a sklepmistr, m\u00e1 zase na starosti vinn\u00fd l\u00edstek, tak\u017ee zde m\u016f\u017eete ochutnat n\u011bkter\u00e9 ze sto pades\u00e1ti pe\u010dliv\u011b vybran\u00fdch v\u00edn.<\/p>\n\n\n\n<figure class=\"wp-block-image size-full\"><img loading=\"lazy\" decoding=\"async\" width=\"670\" height=\"580\" src=\"https:\/\/all4camper.com\/\/wp-content\/uploads\/2022\/02\/bio-restaurace-vi\u0301den\u030c.jpeg\" alt=\"\" class=\"wp-image-139289\" srcset=\"https:\/\/all4camper.com\/wp-content\/uploads\/2022\/02\/bio-restaurace-vi\u0301den\u030c.jpeg 670w, https:\/\/all4camper.com\/wp-content\/uploads\/2022\/02\/bio-restaurace-vi\u0301den\u030c-300x260.jpeg 300w, https:\/\/all4camper.com\/wp-content\/uploads\/2022\/02\/bio-restaurace-vi\u0301den\u030c-150x130.jpeg 150w\" sizes=\"auto, (max-width: 670px) 100vw, 670px\" \/><\/figure>\n\n\n\n<pre class=\"wp-block-verse\">Pokud v\u00e1s my\u0161lenka nav\u0161t\u00edvit n\u011bkterou bio restauraci v Rakousku zaujala, doporu\u010duji p\u0159ej\u00edt <a href=\"https:\/\/www.bio-austria.at\/biomap?sid2=6713\" target=\"_blank\" rel=\"noreferrer noopener nofollow\">na tuto mapu<\/a>, kde najdete velk\u00fd p\u0159ehled nejen v\u0161ech bio prodejen v Rakousku, ale tak\u00e9 restaurac\u00ed a farem. P\u0159eji dobrou chu\u0165. Dal\u0161\u00ed tipy na v\u00fdlety a dovolenou karavanem v Rakousku si m\u016f\u017eete zobrazit <a href=\"\/cs?cat_ID=2379\" target=\"_blank\" rel=\"noreferrer noopener\">v t\u00e9to rubrice<\/a>.<\/pre>\n","protected":false},"excerpt":{"rendered":"<p>Organizace BIO AUSTRIA, s\u00ed\u0165 rakousk\u00fdch ekologick\u00fdch zem\u011bd\u011blc\u016f, oce\u0148uje v\u00a0r\u00e1mci ankety BIO GASTRO TROPHY ka\u017edoro\u010dn\u011b podniky v\u00a0ekologick\u00e9m stravov\u00e1n\u00ed. Do posledn\u00edho ro\u010dn\u00edku se p\u0159ihl\u00e1silo v\u00edce ne\u017e p\u011bt des\u00edtek podnik\u016f z\u00a0cel\u00e9ho Rakouska. Podm\u00ednkou pro \u00fa\u010dast v\u00a0sout\u011b\u017ei je pat\u0159i\u010dn\u00e1 bio certifikace ud\u011blovan\u00e1 kontroln\u00edm org\u00e1nem a spln\u011bn\u00edm sm\u011brnic BIO AUSTRIA pro stravov\u00e1n\u00ed mimo domov. V\u00edt\u011bze ur\u010dovala odborn\u00e1 porota a online [&hellip;]<\/p>\n","protected":false},"author":4,"featured_media":139285,"comment_status":"closed","ping_status":"open","sticky":false,"template":"","format":"standard","meta":{"_monsterinsights_skip_tracking":false,"_monsterinsights_sitenote_active":false,"_monsterinsights_sitenote_note":"","_monsterinsights_sitenote_category":0,"footnotes":""},"categories":[2379,422],"tags":[105],"class_list":{"0":"post-139281","1":"post","2":"type-post","3":"status-publish","4":"format-standard","5":"has-post-thumbnail","7":"category-kempujeme-a-cestujeme-v-rakousku","8":"category-novinky-kempovani-a-karavaning","9":"tag-rakousko"},"yoast_head":"<!-- This site is optimized with the Yoast SEO plugin v27.5 - https:\/\/yoast.com\/product\/yoast-seo-wordpress\/ -->\n<title>Par\u00e1dn\u00ed tip na v\u00fdlet karavanem. Spojte cestov\u00e1n\u00ed s gurm\u00e1nsk\u00fdm z\u00e1\u017eitkem. - All4Camper<\/title>\n<meta name=\"description\" content=\"V\u00fdsledky p\u0159inesl port\u00e1l ots.at a v\u00edt\u011bzn\u00e9 podniky, kter\u00e9 jsou bezpochyby zaj\u00edmav\u00fdm tipem i na v\u00fdlet karavanem, poch\u00e1zej\u00ed z\u00a0Vorarlberska, ze \u0160t\u00fdrska a z\u00a0V\u00eddn\u011b.\" \/>\n<meta name=\"robots\" content=\"index, follow, max-snippet:-1, max-image-preview:large, max-video-preview:-1\" \/>\n<link rel=\"canonical\" href=\"https:\/\/all4camper.com\/cs\/paradni-tip-na-vylet-karavanem-spojte-cestovani-s-gurmanskym-zazitkem\/\" \/>\n<meta property=\"og:locale\" content=\"cs_CZ\" \/>\n<meta property=\"og:type\" content=\"article\" \/>\n<meta property=\"og:title\" content=\"Par\u00e1dn\u00ed tip na v\u00fdlet karavanem. Spojte cestov\u00e1n\u00ed s gurm\u00e1nsk\u00fdm z\u00e1\u017eitkem. - All4Camper\" \/>\n<meta property=\"og:description\" content=\"V\u00fdsledky p\u0159inesl port\u00e1l ots.at a v\u00edt\u011bzn\u00e9 podniky, kter\u00e9 jsou bezpochyby zaj\u00edmav\u00fdm tipem i na v\u00fdlet karavanem, poch\u00e1zej\u00ed z\u00a0Vorarlberska, ze \u0160t\u00fdrska a z\u00a0V\u00eddn\u011b.\" \/>\n<meta property=\"og:url\" content=\"https:\/\/all4camper.com\/cs\/paradni-tip-na-vylet-karavanem-spojte-cestovani-s-gurmanskym-zazitkem\/\" \/>\n<meta property=\"og:site_name\" content=\"All4Camper\" \/>\n<meta property=\"article:published_time\" content=\"2022-02-02T10:09:58+00:00\" \/>\n<meta property=\"article:modified_time\" content=\"2022-02-02T10:11:51+00:00\" \/>\n<meta property=\"og:image\" content=\"https:\/\/all4camper.com\/wp-content\/uploads\/2022\/02\/ulli-retter.jpeg\" \/>\n\t<meta property=\"og:image:width\" content=\"1224\" \/>\n\t<meta property=\"og:image:height\" content=\"867\" \/>\n\t<meta property=\"og:image:type\" content=\"image\/jpeg\" \/>\n<meta name=\"author\" content=\"Kl\u00e1ra H\u00e1jkov\u00e1\" \/>\n<meta name=\"twitter:card\" content=\"summary_large_image\" \/>\n<meta name=\"twitter:label1\" content=\"Napsal(a)\" \/>\n\t<meta name=\"twitter:data1\" content=\"Kl\u00e1ra H\u00e1jkov\u00e1\" \/>\n\t<meta name=\"twitter:label2\" content=\"Odhadovan\u00e1 doba \u010dten\u00ed\" \/>\n\t<meta name=\"twitter:data2\" content=\"4 minuty\" \/>\n<script type=\"application\/ld+json\" class=\"yoast-schema-graph\">{\"@context\":\"https:\\\/\\\/schema.org\",\"@graph\":[{\"@type\":\"Article\",\"@id\":\"https:\\\/\\\/all4camper.com\\\/cs\\\/paradni-tip-na-vylet-karavanem-spojte-cestovani-s-gurmanskym-zazitkem\\\/#article\",\"isPartOf\":{\"@id\":\"https:\\\/\\\/all4camper.com\\\/cs\\\/paradni-tip-na-vylet-karavanem-spojte-cestovani-s-gurmanskym-zazitkem\\\/\"},\"author\":{\"name\":\"Kl\u00e1ra H\u00e1jkov\u00e1\",\"@id\":\"https:\\\/\\\/all4camper.com\\\/cs\\\/#\\\/schema\\\/person\\\/c6f1efdf1d02bc7d8c53a891cbe18c62\"},\"headline\":\"Par\u00e1dn\u00ed tip na v\u00fdlet karavanem. Spojte cestov\u00e1n\u00ed s gurm\u00e1nsk\u00fdm z\u00e1\u017eitkem.\",\"datePublished\":\"2022-02-02T10:09:58+00:00\",\"dateModified\":\"2022-02-02T10:11:51+00:00\",\"mainEntityOfPage\":{\"@id\":\"https:\\\/\\\/all4camper.com\\\/cs\\\/paradni-tip-na-vylet-karavanem-spojte-cestovani-s-gurmanskym-zazitkem\\\/\"},\"wordCount\":528,\"publisher\":{\"@id\":\"https:\\\/\\\/all4camper.com\\\/cs\\\/#organization\"},\"image\":{\"@id\":\"https:\\\/\\\/all4camper.com\\\/cs\\\/paradni-tip-na-vylet-karavanem-spojte-cestovani-s-gurmanskym-zazitkem\\\/#primaryimage\"},\"thumbnailUrl\":\"https:\\\/\\\/all4camper.com\\\/wp-content\\\/uploads\\\/2022\\\/02\\\/ulli-retter.jpeg\",\"keywords\":[\"Rakousko\"],\"articleSection\":[\"Kempujeme a cestujeme v Rakousku\",\"Novinky - Kempov\u00e1n\u00ed a karavaning\"],\"inLanguage\":\"cs\"},{\"@type\":\"WebPage\",\"@id\":\"https:\\\/\\\/all4camper.com\\\/cs\\\/paradni-tip-na-vylet-karavanem-spojte-cestovani-s-gurmanskym-zazitkem\\\/\",\"url\":\"https:\\\/\\\/all4camper.com\\\/cs\\\/paradni-tip-na-vylet-karavanem-spojte-cestovani-s-gurmanskym-zazitkem\\\/\",\"name\":\"Par\u00e1dn\u00ed tip na v\u00fdlet karavanem. Spojte cestov\u00e1n\u00ed s gurm\u00e1nsk\u00fdm z\u00e1\u017eitkem. - All4Camper\",\"isPartOf\":{\"@id\":\"https:\\\/\\\/all4camper.com\\\/cs\\\/#website\"},\"primaryImageOfPage\":{\"@id\":\"https:\\\/\\\/all4camper.com\\\/cs\\\/paradni-tip-na-vylet-karavanem-spojte-cestovani-s-gurmanskym-zazitkem\\\/#primaryimage\"},\"image\":{\"@id\":\"https:\\\/\\\/all4camper.com\\\/cs\\\/paradni-tip-na-vylet-karavanem-spojte-cestovani-s-gurmanskym-zazitkem\\\/#primaryimage\"},\"thumbnailUrl\":\"https:\\\/\\\/all4camper.com\\\/wp-content\\\/uploads\\\/2022\\\/02\\\/ulli-retter.jpeg\",\"datePublished\":\"2022-02-02T10:09:58+00:00\",\"dateModified\":\"2022-02-02T10:11:51+00:00\",\"description\":\"V\u00fdsledky p\u0159inesl port\u00e1l ots.at a v\u00edt\u011bzn\u00e9 podniky, kter\u00e9 jsou bezpochyby zaj\u00edmav\u00fdm tipem i na v\u00fdlet karavanem, poch\u00e1zej\u00ed z\u00a0Vorarlberska, ze \u0160t\u00fdrska a z\u00a0V\u00eddn\u011b.\",\"breadcrumb\":{\"@id\":\"https:\\\/\\\/all4camper.com\\\/cs\\\/paradni-tip-na-vylet-karavanem-spojte-cestovani-s-gurmanskym-zazitkem\\\/#breadcrumb\"},\"inLanguage\":\"cs\",\"potentialAction\":[{\"@type\":\"ReadAction\",\"target\":[\"https:\\\/\\\/all4camper.com\\\/cs\\\/paradni-tip-na-vylet-karavanem-spojte-cestovani-s-gurmanskym-zazitkem\\\/\"]}]},{\"@type\":\"ImageObject\",\"inLanguage\":\"cs\",\"@id\":\"https:\\\/\\\/all4camper.com\\\/cs\\\/paradni-tip-na-vylet-karavanem-spojte-cestovani-s-gurmanskym-zazitkem\\\/#primaryimage\",\"url\":\"https:\\\/\\\/all4camper.com\\\/wp-content\\\/uploads\\\/2022\\\/02\\\/ulli-retter.jpeg\",\"contentUrl\":\"https:\\\/\\\/all4camper.com\\\/wp-content\\\/uploads\\\/2022\\\/02\\\/ulli-retter.jpeg\",\"width\":1224,\"height\":867},{\"@type\":\"BreadcrumbList\",\"@id\":\"https:\\\/\\\/all4camper.com\\\/cs\\\/paradni-tip-na-vylet-karavanem-spojte-cestovani-s-gurmanskym-zazitkem\\\/#breadcrumb\",\"itemListElement\":[{\"@type\":\"ListItem\",\"position\":1,\"name\":\"Dom\u016f\",\"item\":\"https:\\\/\\\/all4camper.com\\\/cs\\\/\"},{\"@type\":\"ListItem\",\"position\":2,\"name\":\"Novinky - Kempov\u00e1n\u00ed a karavaning\",\"item\":\"https:\\\/\\\/all4camper.com\\\/cs\\\/category\\\/novinky-kempovani-a-karavaning\\\/\"},{\"@type\":\"ListItem\",\"position\":3,\"name\":\"Par\u00e1dn\u00ed tip na v\u00fdlet karavanem. Spojte cestov\u00e1n\u00ed s gurm\u00e1nsk\u00fdm z\u00e1\u017eitkem.\"}]},{\"@type\":\"WebSite\",\"@id\":\"https:\\\/\\\/all4camper.com\\\/cs\\\/#website\",\"url\":\"https:\\\/\\\/all4camper.com\\\/cs\\\/\",\"name\":\"All4Camper\",\"description\":\"Nejv\u011bt\u0161\u00ed online magaz\u00edn o kempov\u00e1n\u00ed a karavaninku. V\u00edce jak 900 \u010dl\u00e1nk\u016f pln\u00fdch rad a tip\u016f o kempech a kempov\u00e1n\u00ed.\",\"publisher\":{\"@id\":\"https:\\\/\\\/all4camper.com\\\/cs\\\/#organization\"},\"potentialAction\":[{\"@type\":\"SearchAction\",\"target\":{\"@type\":\"EntryPoint\",\"urlTemplate\":\"https:\\\/\\\/all4camper.com\\\/cs\\\/?s={search_term_string}\"},\"query-input\":{\"@type\":\"PropertyValueSpecification\",\"valueRequired\":true,\"valueName\":\"search_term_string\"}}],\"inLanguage\":\"cs\"},{\"@type\":\"Organization\",\"@id\":\"https:\\\/\\\/all4camper.com\\\/cs\\\/#organization\",\"name\":\"All4Camper - kempujeme s Kl\u00e1rou\",\"url\":\"https:\\\/\\\/all4camper.com\\\/cs\\\/\",\"logo\":{\"@type\":\"ImageObject\",\"inLanguage\":\"cs\",\"@id\":\"https:\\\/\\\/all4camper.com\\\/cs\\\/#\\\/schema\\\/logo\\\/image\\\/\",\"url\":\"https:\\\/\\\/all4camper.com\\\/wp-content\\\/uploads\\\/2018\\\/09\\\/novelogo.png\",\"contentUrl\":\"https:\\\/\\\/all4camper.com\\\/wp-content\\\/uploads\\\/2018\\\/09\\\/novelogo.png\",\"width\":1520,\"height\":600,\"caption\":\"All4Camper - kempujeme s Kl\u00e1rou\"},\"image\":{\"@id\":\"https:\\\/\\\/all4camper.com\\\/cs\\\/#\\\/schema\\\/logo\\\/image\\\/\"}},{\"@type\":\"Person\",\"@id\":\"https:\\\/\\\/all4camper.com\\\/cs\\\/#\\\/schema\\\/person\\\/c6f1efdf1d02bc7d8c53a891cbe18c62\",\"name\":\"Kl\u00e1ra H\u00e1jkov\u00e1\",\"sameAs\":[\"http:\\\/\\\/www.all4camper.com\"],\"url\":\"https:\\\/\\\/all4camper.com\\\/cs\\\/author\\\/klarinkacestuje1\\\/\"}]}<\/script>\n<!-- \/ Yoast SEO plugin. -->","yoast_head_json":{"title":"Par\u00e1dn\u00ed tip na v\u00fdlet karavanem. Spojte cestov\u00e1n\u00ed s gurm\u00e1nsk\u00fdm z\u00e1\u017eitkem. - All4Camper","description":"V\u00fdsledky p\u0159inesl port\u00e1l ots.at a v\u00edt\u011bzn\u00e9 podniky, kter\u00e9 jsou bezpochyby zaj\u00edmav\u00fdm tipem i na v\u00fdlet karavanem, poch\u00e1zej\u00ed z\u00a0Vorarlberska, ze \u0160t\u00fdrska a z\u00a0V\u00eddn\u011b.","robots":{"index":"index","follow":"follow","max-snippet":"max-snippet:-1","max-image-preview":"max-image-preview:large","max-video-preview":"max-video-preview:-1"},"canonical":"https:\/\/all4camper.com\/cs\/paradni-tip-na-vylet-karavanem-spojte-cestovani-s-gurmanskym-zazitkem\/","og_locale":"cs_CZ","og_type":"article","og_title":"Par\u00e1dn\u00ed tip na v\u00fdlet karavanem. Spojte cestov\u00e1n\u00ed s gurm\u00e1nsk\u00fdm z\u00e1\u017eitkem. - All4Camper","og_description":"V\u00fdsledky p\u0159inesl port\u00e1l ots.at a v\u00edt\u011bzn\u00e9 podniky, kter\u00e9 jsou bezpochyby zaj\u00edmav\u00fdm tipem i na v\u00fdlet karavanem, poch\u00e1zej\u00ed z\u00a0Vorarlberska, ze \u0160t\u00fdrska a z\u00a0V\u00eddn\u011b.","og_url":"https:\/\/all4camper.com\/cs\/paradni-tip-na-vylet-karavanem-spojte-cestovani-s-gurmanskym-zazitkem\/","og_site_name":"All4Camper","article_published_time":"2022-02-02T10:09:58+00:00","article_modified_time":"2022-02-02T10:11:51+00:00","og_image":[{"width":1224,"height":867,"url":"https:\/\/all4camper.com\/wp-content\/uploads\/2022\/02\/ulli-retter.jpeg","type":"image\/jpeg"}],"author":"Kl\u00e1ra H\u00e1jkov\u00e1","twitter_card":"summary_large_image","twitter_misc":{"Napsal(a)":"Kl\u00e1ra H\u00e1jkov\u00e1","Odhadovan\u00e1 doba \u010dten\u00ed":"4 minuty"},"schema":{"@context":"https:\/\/schema.org","@graph":[{"@type":"Article","@id":"https:\/\/all4camper.com\/cs\/paradni-tip-na-vylet-karavanem-spojte-cestovani-s-gurmanskym-zazitkem\/#article","isPartOf":{"@id":"https:\/\/all4camper.com\/cs\/paradni-tip-na-vylet-karavanem-spojte-cestovani-s-gurmanskym-zazitkem\/"},"author":{"name":"Kl\u00e1ra H\u00e1jkov\u00e1","@id":"https:\/\/all4camper.com\/cs\/#\/schema\/person\/c6f1efdf1d02bc7d8c53a891cbe18c62"},"headline":"Par\u00e1dn\u00ed tip na v\u00fdlet karavanem. Spojte cestov\u00e1n\u00ed s gurm\u00e1nsk\u00fdm z\u00e1\u017eitkem.","datePublished":"2022-02-02T10:09:58+00:00","dateModified":"2022-02-02T10:11:51+00:00","mainEntityOfPage":{"@id":"https:\/\/all4camper.com\/cs\/paradni-tip-na-vylet-karavanem-spojte-cestovani-s-gurmanskym-zazitkem\/"},"wordCount":528,"publisher":{"@id":"https:\/\/all4camper.com\/cs\/#organization"},"image":{"@id":"https:\/\/all4camper.com\/cs\/paradni-tip-na-vylet-karavanem-spojte-cestovani-s-gurmanskym-zazitkem\/#primaryimage"},"thumbnailUrl":"https:\/\/all4camper.com\/wp-content\/uploads\/2022\/02\/ulli-retter.jpeg","keywords":["Rakousko"],"articleSection":["Kempujeme a cestujeme v Rakousku","Novinky - Kempov\u00e1n\u00ed a karavaning"],"inLanguage":"cs"},{"@type":"WebPage","@id":"https:\/\/all4camper.com\/cs\/paradni-tip-na-vylet-karavanem-spojte-cestovani-s-gurmanskym-zazitkem\/","url":"https:\/\/all4camper.com\/cs\/paradni-tip-na-vylet-karavanem-spojte-cestovani-s-gurmanskym-zazitkem\/","name":"Par\u00e1dn\u00ed tip na v\u00fdlet karavanem. Spojte cestov\u00e1n\u00ed s gurm\u00e1nsk\u00fdm z\u00e1\u017eitkem. - All4Camper","isPartOf":{"@id":"https:\/\/all4camper.com\/cs\/#website"},"primaryImageOfPage":{"@id":"https:\/\/all4camper.com\/cs\/paradni-tip-na-vylet-karavanem-spojte-cestovani-s-gurmanskym-zazitkem\/#primaryimage"},"image":{"@id":"https:\/\/all4camper.com\/cs\/paradni-tip-na-vylet-karavanem-spojte-cestovani-s-gurmanskym-zazitkem\/#primaryimage"},"thumbnailUrl":"https:\/\/all4camper.com\/wp-content\/uploads\/2022\/02\/ulli-retter.jpeg","datePublished":"2022-02-02T10:09:58+00:00","dateModified":"2022-02-02T10:11:51+00:00","description":"V\u00fdsledky p\u0159inesl port\u00e1l ots.at a v\u00edt\u011bzn\u00e9 podniky, kter\u00e9 jsou bezpochyby zaj\u00edmav\u00fdm tipem i na v\u00fdlet karavanem, poch\u00e1zej\u00ed z\u00a0Vorarlberska, ze \u0160t\u00fdrska a z\u00a0V\u00eddn\u011b.","breadcrumb":{"@id":"https:\/\/all4camper.com\/cs\/paradni-tip-na-vylet-karavanem-spojte-cestovani-s-gurmanskym-zazitkem\/#breadcrumb"},"inLanguage":"cs","potentialAction":[{"@type":"ReadAction","target":["https:\/\/all4camper.com\/cs\/paradni-tip-na-vylet-karavanem-spojte-cestovani-s-gurmanskym-zazitkem\/"]}]},{"@type":"ImageObject","inLanguage":"cs","@id":"https:\/\/all4camper.com\/cs\/paradni-tip-na-vylet-karavanem-spojte-cestovani-s-gurmanskym-zazitkem\/#primaryimage","url":"https:\/\/all4camper.com\/wp-content\/uploads\/2022\/02\/ulli-retter.jpeg","contentUrl":"https:\/\/all4camper.com\/wp-content\/uploads\/2022\/02\/ulli-retter.jpeg","width":1224,"height":867},{"@type":"BreadcrumbList","@id":"https:\/\/all4camper.com\/cs\/paradni-tip-na-vylet-karavanem-spojte-cestovani-s-gurmanskym-zazitkem\/#breadcrumb","itemListElement":[{"@type":"ListItem","position":1,"name":"Dom\u016f","item":"https:\/\/all4camper.com\/cs\/"},{"@type":"ListItem","position":2,"name":"Novinky - Kempov\u00e1n\u00ed a karavaning","item":"https:\/\/all4camper.com\/cs\/category\/novinky-kempovani-a-karavaning\/"},{"@type":"ListItem","position":3,"name":"Par\u00e1dn\u00ed tip na v\u00fdlet karavanem. Spojte cestov\u00e1n\u00ed s gurm\u00e1nsk\u00fdm z\u00e1\u017eitkem."}]},{"@type":"WebSite","@id":"https:\/\/all4camper.com\/cs\/#website","url":"https:\/\/all4camper.com\/cs\/","name":"All4Camper","description":"Nejv\u011bt\u0161\u00ed online magaz\u00edn o kempov\u00e1n\u00ed a karavaninku. V\u00edce jak 900 \u010dl\u00e1nk\u016f pln\u00fdch rad a tip\u016f o kempech a kempov\u00e1n\u00ed.","publisher":{"@id":"https:\/\/all4camper.com\/cs\/#organization"},"potentialAction":[{"@type":"SearchAction","target":{"@type":"EntryPoint","urlTemplate":"https:\/\/all4camper.com\/cs\/?s={search_term_string}"},"query-input":{"@type":"PropertyValueSpecification","valueRequired":true,"valueName":"search_term_string"}}],"inLanguage":"cs"},{"@type":"Organization","@id":"https:\/\/all4camper.com\/cs\/#organization","name":"All4Camper - kempujeme s Kl\u00e1rou","url":"https:\/\/all4camper.com\/cs\/","logo":{"@type":"ImageObject","inLanguage":"cs","@id":"https:\/\/all4camper.com\/cs\/#\/schema\/logo\/image\/","url":"https:\/\/all4camper.com\/wp-content\/uploads\/2018\/09\/novelogo.png","contentUrl":"https:\/\/all4camper.com\/wp-content\/uploads\/2018\/09\/novelogo.png","width":1520,"height":600,"caption":"All4Camper - kempujeme s Kl\u00e1rou"},"image":{"@id":"https:\/\/all4camper.com\/cs\/#\/schema\/logo\/image\/"}},{"@type":"Person","@id":"https:\/\/all4camper.com\/cs\/#\/schema\/person\/c6f1efdf1d02bc7d8c53a891cbe18c62","name":"Kl\u00e1ra H\u00e1jkov\u00e1","sameAs":["http:\/\/www.all4camper.com"],"url":"https:\/\/all4camper.com\/cs\/author\/klarinkacestuje1\/"}]}},"_links":{"self":[{"href":"https:\/\/all4camper.com\/cs\/wp-json\/wp\/v2\/posts\/139281","targetHints":{"allow":["GET"]}}],"collection":[{"href":"https:\/\/all4camper.com\/cs\/wp-json\/wp\/v2\/posts"}],"about":[{"href":"https:\/\/all4camper.com\/cs\/wp-json\/wp\/v2\/types\/post"}],"author":[{"embeddable":true,"href":"https:\/\/all4camper.com\/cs\/wp-json\/wp\/v2\/users\/4"}],"replies":[{"embeddable":true,"href":"https:\/\/all4camper.com\/cs\/wp-json\/wp\/v2\/comments?post=139281"}],"version-history":[{"count":0,"href":"https:\/\/all4camper.com\/cs\/wp-json\/wp\/v2\/posts\/139281\/revisions"}],"wp:featuredmedia":[{"embeddable":true,"href":"https:\/\/all4camper.com\/cs\/wp-json\/wp\/v2\/media\/139285"}],"wp:attachment":[{"href":"https:\/\/all4camper.com\/cs\/wp-json\/wp\/v2\/media?parent=139281"}],"wp:term":[{"taxonomy":"category","embeddable":true,"href":"https:\/\/all4camper.com\/cs\/wp-json\/wp\/v2\/categories?post=139281"},{"taxonomy":"post_tag","embeddable":true,"href":"https:\/\/all4camper.com\/cs\/wp-json\/wp\/v2\/tags?post=139281"}],"curies":[{"name":"wp","href":"https:\/\/api.w.org\/{rel}","templated":true}]}}