{"id":139264,"date":"2022-01-28T15:44:44","date_gmt":"2022-01-28T14:44:44","guid":{"rendered":"https:\/\/all4camper.com\/\/?p=139264"},"modified":"2022-12-13T15:24:59","modified_gmt":"2022-12-13T14:24:59","slug":"policie-vysetruje-spolecnost-hymer-kvuli-podezreni-z-falsovani-udaju-o-hmotnosti-obytnych-vozu","status":"publish","type":"post","link":"https:\/\/all4camper.com\/cs\/policie-vysetruje-spolecnost-hymer-kvuli-podezreni-z-falsovani-udaju-o-hmotnosti-obytnych-vozu\/","title":{"rendered":"Policie vy\u0161et\u0159uje spole\u010dnost Hymer kv\u016fli podez\u0159en\u00ed z fal\u0161ov\u00e1n\u00ed \u00fadaj\u016f o hmotnosti obytn\u00fdch voz\u016f"},"content":{"rendered":"\n<p><strong>N\u011bmeck\u00fdmi m\u00e9dii ve \u010dtvrtek prob\u011bhla informace, \u017ee policie prohledala prostory v\u00fdrobce obytn\u00fdch voz\u016f Hymer. St\u00e1tn\u00ed krimin\u00e1ln\u00ed \u00fa\u0159ad vy\u0161et\u0159uje zam\u011bstnance spole\u010dnosti Hymer Group. Jsou obvin\u011bni z podvodu p\u0159i\u00a0fal\u0161ov\u00e1n\u00ed \u00fadaj\u016f o hmotnosti obytn\u00fdch voz\u016f a z poru\u0161en\u00ed p\u0159edpis\u016f.<\/strong><\/p>\n\n\n\n<figure class=\"wp-block-image size-full is-resized\"><img loading=\"lazy\" decoding=\"async\" src=\"https:\/\/all4camper.com\/\/wp-content\/uploads\/2022\/01\/hymer_19_09_herbstfest_02.jpeg\" alt=\"\" class=\"wp-image-139265\" width=\"695\" height=\"463\" srcset=\"https:\/\/all4camper.com\/wp-content\/uploads\/2022\/01\/hymer_19_09_herbstfest_02.jpeg 1200w, https:\/\/all4camper.com\/wp-content\/uploads\/2022\/01\/hymer_19_09_herbstfest_02-300x200.jpeg 300w, https:\/\/all4camper.com\/wp-content\/uploads\/2022\/01\/hymer_19_09_herbstfest_02-150x100.jpeg 150w, https:\/\/all4camper.com\/wp-content\/uploads\/2022\/01\/hymer_19_09_herbstfest_02-768x512.jpeg 768w, https:\/\/all4camper.com\/wp-content\/uploads\/2022\/01\/hymer_19_09_herbstfest_02-696x464.jpeg 696w, https:\/\/all4camper.com\/wp-content\/uploads\/2022\/01\/hymer_19_09_herbstfest_02-1068x712.jpeg 1068w\" sizes=\"auto, (max-width: 695px) 100vw, 695px\" \/><figcaption>Foto: hymer-waldsee<\/figcaption><\/figure>\n\n\n\n<p>Krimin\u00e1ln\u00ed \u00fa\u0159ad spolkov\u00e9 zem\u011b B\u00e1densko-W\u00fcrttembersko prohledal n\u011bkolik nemovitost\u00ed, v\u010detn\u011b s\u00eddla spole\u010dnosti Erwin Hymer v Bad Waldsee. <strong>Prohl\u00eddka byla provedena v r\u00e1mci vy\u0161et\u0159ov\u00e1n\u00ed zam\u011bstnanc\u016f kv\u016fli podez\u0159en\u00ed z podvodu a trestn\u00e9ho \u010dinu v souvislosti s\u00a0uv\u00e1d\u011bn\u00edm nepravdiv\u00fdch informac\u00ed o v\u00e1ze p\u0159i prodeji obytn\u00fdch voz\u016f.<\/strong> Podle mluv\u010d\u00ed stuttgartsk\u00e9ho st\u00e1tn\u00edho zastupitelstv\u00ed, kter\u00e1 o p\u0159\u00edpadu ve \u010dtvrtek informovala, bylo zah\u00e1jeno vy\u0161et\u0159ov\u00e1n\u00ed proti n\u011bkolika zam\u011bstnanc\u016fm. P\u0159i domovn\u00edch prohl\u00eddk\u00e1ch v\u00a0s\u00eddle spole\u010dnosti p\u00e1trala policie po dokumentech relevantn\u00edch pro dan\u00fd p\u0159\u00edpad.<\/p>\n\n\n\n<p><strong>V sou\u010dasn\u00e9 dob\u011b existuje podez\u0159en\u00ed, \u017ee spole\u010dnost Hymer prod\u00e1vala sv\u00e9 obytn\u00e9 vozy leh\u010d\u00ed, ne\u017e ve skute\u010dnosti byly.<\/strong> V N\u011bmecku lze \u0159\u00eddit osobn\u00ed automobily, dod\u00e1vky a obytn\u00e9 vozy do 3,5 tuny s b\u011b\u017en\u00fdm \u0159idi\u010dsk\u00fdm pr\u016fkazem skupiny B. Vozidla nad tuto hmotnost lze p\u0159epravovat pouze s \u0159idi\u010dsk\u00fdm pr\u016fkazem pro n\u00e1kladn\u00ed vozidla (C1).<\/p>\n\n\n\n<h2 class=\"wp-block-heading\"><strong>Mluv\u010d\u00ed spole\u010dnosti potvrdila prob\u00edhaj\u00edc\u00ed policejn\u00ed \u00fakony<\/strong><\/h2>\n\n\n\n<p>Tiskov\u00e1 mluv\u010d\u00ed skupiny Erwin Hymer, Theresa H\u00fcbschleov\u00e1, potvrdila prohl\u00eddku prostor v s\u00eddle spole\u010dnosti Hymer v okrese Ravensburg. C\u00edlem je objasnit tvrzen\u00ed o hmotnostn\u00edch odchylk\u00e1ch u obytn\u00fdch voz\u016f. <strong>Spole\u010dnost m\u00e1 velk\u00fd z\u00e1jem na \u00fapln\u00e9m objasn\u011bn\u00ed tohoto obvin\u011bn\u00ed a spolupracuje s\u00a0\u00fa\u0159ady a poskytuje jim pot\u0159ebn\u00e9 podklady.<\/strong><\/p>\n\n\n\n<p>V\u00fdsledky zat\u00edm nelze p\u0159edj\u00edmat, ale <strong>pokud by se obvin\u011bn\u00ed uk\u00e1zala jako pravdiv\u00e1, byla by to pro nejv\u011bt\u0161\u00edho evropsk\u00e9ho v\u00fdrobce obytn\u00fdch voz\u016f velk\u00e1 r\u00e1na.<\/strong> Mluv\u010d\u00ed skupiny Erwin Hymer a mluv\u010d\u00ed stuttgartsk\u00e9ho st\u00e1tn\u00edho zastupitelstv\u00ed s ohledem na prob\u00edhaj\u00edc\u00ed vy\u0161et\u0159ov\u00e1n\u00ed prov\u00e1d\u011bn\u00e9 \u00fa\u0159ady nemohou v tuto chv\u00edli poskytnout \u017e\u00e1dn\u00e9 dal\u0161\u00ed podrobnosti.<\/p>\n\n\n\n<figure class=\"wp-block-image size-full\"><img loading=\"lazy\" decoding=\"async\" width=\"1920\" height=\"1080\" src=\"https:\/\/all4camper.com\/\/wp-content\/uploads\/2022\/01\/Erwin-Hymer-bad-waldsee.jpeg\" alt=\"\" class=\"wp-image-139267\" srcset=\"https:\/\/all4camper.com\/wp-content\/uploads\/2022\/01\/Erwin-Hymer-bad-waldsee.jpeg 1920w, https:\/\/all4camper.com\/wp-content\/uploads\/2022\/01\/Erwin-Hymer-bad-waldsee-300x169.jpeg 300w, https:\/\/all4camper.com\/wp-content\/uploads\/2022\/01\/Erwin-Hymer-bad-waldsee-150x84.jpeg 150w, https:\/\/all4camper.com\/wp-content\/uploads\/2022\/01\/Erwin-Hymer-bad-waldsee-768x432.jpeg 768w, https:\/\/all4camper.com\/wp-content\/uploads\/2022\/01\/Erwin-Hymer-bad-waldsee-1536x864.jpeg 1536w, https:\/\/all4camper.com\/wp-content\/uploads\/2022\/01\/Erwin-Hymer-bad-waldsee-696x392.jpeg 696w, https:\/\/all4camper.com\/wp-content\/uploads\/2022\/01\/Erwin-Hymer-bad-waldsee-1068x601.jpeg 1068w\" sizes=\"auto, (max-width: 1920px) 100vw, 1920px\" \/><\/figure>\n\n\n\n<pre class=\"wp-block-verse\">Skupina Erwin Hymer je od \u00fanora 2019 sou\u010d\u00e1st\u00ed americk\u00e9ho pr\u016fmyslov\u00e9ho gigantu Thor Industries a ve finan\u010dn\u00edm roce 2020\/2021 vyk\u00e1zala tr\u017eby ve v\u00fd\u0161i 2,7 miliardy eur. Skupina Hymer zahrnuje zna\u010dky obytn\u00fdch voz\u016f a karavan\u016f B\u00fcrstner, Dethleffs a Hymer.<\/pre>\n\n\n\n<p><strong>Bli\u017e\u0161\u00ed informace o prob\u00edhaj\u00edc\u00edm vy\u0161et\u0159ov\u00e1n\u00ed ani p\u0159\u00edpadn\u00fdch obvin\u011bn\u00fdch zat\u00edm nejsou k\u00a0dispozici a situaci sleduji.<\/strong><\/p>\n","protected":false},"excerpt":{"rendered":"<p>N\u011bmeck\u00fdmi m\u00e9dii ve \u010dtvrtek prob\u011bhla informace, \u017ee policie prohledala prostory v\u00fdrobce obytn\u00fdch voz\u016f Hymer. St\u00e1tn\u00ed krimin\u00e1ln\u00ed \u00fa\u0159ad vy\u0161et\u0159uje zam\u011bstnance spole\u010dnosti Hymer Group. Jsou obvin\u011bni z podvodu p\u0159i\u00a0fal\u0161ov\u00e1n\u00ed \u00fadaj\u016f o hmotnosti obytn\u00fdch voz\u016f a z poru\u0161en\u00ed p\u0159edpis\u016f. Krimin\u00e1ln\u00ed \u00fa\u0159ad spolkov\u00e9 zem\u011b B\u00e1densko-W\u00fcrttembersko prohledal n\u011bkolik nemovitost\u00ed, v\u010detn\u011b s\u00eddla spole\u010dnosti Erwin Hymer v Bad Waldsee. Prohl\u00eddka byla provedena [&hellip;]<\/p>\n","protected":false},"author":4,"featured_media":139265,"comment_status":"closed","ping_status":"open","sticky":false,"template":"","format":"standard","meta":{"_monsterinsights_skip_tracking":false,"_monsterinsights_sitenote_active":false,"_monsterinsights_sitenote_note":"","_monsterinsights_sitenote_category":0,"footnotes":""},"categories":[368,11194,422],"tags":[8122],"class_list":{"0":"post-139264","1":"post","2":"type-post","3":"status-publish","4":"format-standard","5":"has-post-thumbnail","7":"category-magazin_all4camper","8":"category-karavaning","9":"category-novinky-kempovani-a-karavaning","10":"tag-karavaning"},"yoast_head":"<!-- This site is optimized with the Yoast SEO plugin v27.5 - https:\/\/yoast.com\/product\/yoast-seo-wordpress\/ -->\n<title>Policie vy\u0161et\u0159uje spole\u010dnost Hymer kv\u016fli podez\u0159en\u00ed z fal\u0161ov\u00e1n\u00ed \u00fadaj\u016f o hmotnosti obytn\u00fdch voz\u016f - All4Camper<\/title>\n<meta name=\"description\" content=\"St\u00e1tn\u00ed krimin\u00e1ln\u00ed \u00fa\u0159ad vy\u0161et\u0159uje zam\u011bstnance spole\u010dnosti Hymer Group. Jsou obvin\u011bni z podvodu p\u0159i\u00a0fal\u0161ov\u00e1n\u00ed \u00fadaj\u016f o hmotnosti obytn\u00fdch voz\u016f a z poru\u0161en\u00ed p\u0159edpis\u016f.\" \/>\n<meta name=\"robots\" content=\"index, follow, max-snippet:-1, max-image-preview:large, max-video-preview:-1\" \/>\n<link rel=\"canonical\" href=\"https:\/\/all4camper.com\/cs\/policie-vysetruje-spolecnost-hymer-kvuli-podezreni-z-falsovani-udaju-o-hmotnosti-obytnych-vozu\/\" \/>\n<meta property=\"og:locale\" content=\"cs_CZ\" \/>\n<meta property=\"og:type\" content=\"article\" \/>\n<meta property=\"og:title\" content=\"Policie vy\u0161et\u0159uje spole\u010dnost Hymer kv\u016fli podez\u0159en\u00ed z fal\u0161ov\u00e1n\u00ed \u00fadaj\u016f o hmotnosti obytn\u00fdch voz\u016f - All4Camper\" \/>\n<meta property=\"og:description\" content=\"St\u00e1tn\u00ed krimin\u00e1ln\u00ed \u00fa\u0159ad vy\u0161et\u0159uje zam\u011bstnance spole\u010dnosti Hymer Group. Jsou obvin\u011bni z podvodu p\u0159i\u00a0fal\u0161ov\u00e1n\u00ed \u00fadaj\u016f o hmotnosti obytn\u00fdch voz\u016f a z poru\u0161en\u00ed p\u0159edpis\u016f.\" \/>\n<meta property=\"og:url\" content=\"https:\/\/all4camper.com\/cs\/policie-vysetruje-spolecnost-hymer-kvuli-podezreni-z-falsovani-udaju-o-hmotnosti-obytnych-vozu\/\" \/>\n<meta property=\"og:site_name\" content=\"All4Camper\" \/>\n<meta property=\"article:published_time\" content=\"2022-01-28T14:44:44+00:00\" \/>\n<meta property=\"article:modified_time\" content=\"2022-12-13T14:24:59+00:00\" \/>\n<meta property=\"og:image\" content=\"https:\/\/all4camper.com\/wp-content\/uploads\/2022\/01\/hymer_19_09_herbstfest_02.jpeg\" \/>\n\t<meta property=\"og:image:width\" content=\"1200\" \/>\n\t<meta property=\"og:image:height\" content=\"800\" \/>\n\t<meta property=\"og:image:type\" content=\"image\/jpeg\" \/>\n<meta name=\"author\" content=\"Kl\u00e1ra H\u00e1jkov\u00e1\" \/>\n<meta name=\"twitter:card\" content=\"summary_large_image\" \/>\n<meta name=\"twitter:label1\" content=\"Napsal(a)\" \/>\n\t<meta name=\"twitter:data1\" content=\"Kl\u00e1ra H\u00e1jkov\u00e1\" \/>\n\t<meta name=\"twitter:label2\" content=\"Odhadovan\u00e1 doba \u010dten\u00ed\" \/>\n\t<meta name=\"twitter:data2\" content=\"3 minuty\" \/>\n<script type=\"application\/ld+json\" class=\"yoast-schema-graph\">{\"@context\":\"https:\\\/\\\/schema.org\",\"@graph\":[{\"@type\":\"Article\",\"@id\":\"https:\\\/\\\/all4camper.com\\\/cs\\\/policie-vysetruje-spolecnost-hymer-kvuli-podezreni-z-falsovani-udaju-o-hmotnosti-obytnych-vozu\\\/#article\",\"isPartOf\":{\"@id\":\"https:\\\/\\\/all4camper.com\\\/cs\\\/policie-vysetruje-spolecnost-hymer-kvuli-podezreni-z-falsovani-udaju-o-hmotnosti-obytnych-vozu\\\/\"},\"author\":{\"name\":\"Kl\u00e1ra H\u00e1jkov\u00e1\",\"@id\":\"https:\\\/\\\/all4camper.com\\\/cs\\\/#\\\/schema\\\/person\\\/c6f1efdf1d02bc7d8c53a891cbe18c62\"},\"headline\":\"Policie vy\u0161et\u0159uje spole\u010dnost Hymer kv\u016fli podez\u0159en\u00ed z fal\u0161ov\u00e1n\u00ed \u00fadaj\u016f o hmotnosti obytn\u00fdch voz\u016f\",\"datePublished\":\"2022-01-28T14:44:44+00:00\",\"dateModified\":\"2022-12-13T14:24:59+00:00\",\"mainEntityOfPage\":{\"@id\":\"https:\\\/\\\/all4camper.com\\\/cs\\\/policie-vysetruje-spolecnost-hymer-kvuli-podezreni-z-falsovani-udaju-o-hmotnosti-obytnych-vozu\\\/\"},\"wordCount\":425,\"publisher\":{\"@id\":\"https:\\\/\\\/all4camper.com\\\/cs\\\/#organization\"},\"image\":{\"@id\":\"https:\\\/\\\/all4camper.com\\\/cs\\\/policie-vysetruje-spolecnost-hymer-kvuli-podezreni-z-falsovani-udaju-o-hmotnosti-obytnych-vozu\\\/#primaryimage\"},\"thumbnailUrl\":\"https:\\\/\\\/all4camper.com\\\/wp-content\\\/uploads\\\/2022\\\/01\\\/hymer_19_09_herbstfest_02.jpeg\",\"keywords\":[\"Ze sv\u011bta karavaningu\"],\"articleSection\":[\"\u010cten\u00ed na cesty\",\"Karavanink\",\"Novinky - Kempov\u00e1n\u00ed a karavaning\"],\"inLanguage\":\"cs\"},{\"@type\":\"WebPage\",\"@id\":\"https:\\\/\\\/all4camper.com\\\/cs\\\/policie-vysetruje-spolecnost-hymer-kvuli-podezreni-z-falsovani-udaju-o-hmotnosti-obytnych-vozu\\\/\",\"url\":\"https:\\\/\\\/all4camper.com\\\/cs\\\/policie-vysetruje-spolecnost-hymer-kvuli-podezreni-z-falsovani-udaju-o-hmotnosti-obytnych-vozu\\\/\",\"name\":\"Policie vy\u0161et\u0159uje spole\u010dnost Hymer kv\u016fli podez\u0159en\u00ed z fal\u0161ov\u00e1n\u00ed \u00fadaj\u016f o hmotnosti obytn\u00fdch voz\u016f - All4Camper\",\"isPartOf\":{\"@id\":\"https:\\\/\\\/all4camper.com\\\/cs\\\/#website\"},\"primaryImageOfPage\":{\"@id\":\"https:\\\/\\\/all4camper.com\\\/cs\\\/policie-vysetruje-spolecnost-hymer-kvuli-podezreni-z-falsovani-udaju-o-hmotnosti-obytnych-vozu\\\/#primaryimage\"},\"image\":{\"@id\":\"https:\\\/\\\/all4camper.com\\\/cs\\\/policie-vysetruje-spolecnost-hymer-kvuli-podezreni-z-falsovani-udaju-o-hmotnosti-obytnych-vozu\\\/#primaryimage\"},\"thumbnailUrl\":\"https:\\\/\\\/all4camper.com\\\/wp-content\\\/uploads\\\/2022\\\/01\\\/hymer_19_09_herbstfest_02.jpeg\",\"datePublished\":\"2022-01-28T14:44:44+00:00\",\"dateModified\":\"2022-12-13T14:24:59+00:00\",\"description\":\"St\u00e1tn\u00ed krimin\u00e1ln\u00ed \u00fa\u0159ad vy\u0161et\u0159uje zam\u011bstnance spole\u010dnosti Hymer Group. Jsou obvin\u011bni z podvodu p\u0159i\u00a0fal\u0161ov\u00e1n\u00ed \u00fadaj\u016f o hmotnosti obytn\u00fdch voz\u016f a z poru\u0161en\u00ed p\u0159edpis\u016f.\",\"breadcrumb\":{\"@id\":\"https:\\\/\\\/all4camper.com\\\/cs\\\/policie-vysetruje-spolecnost-hymer-kvuli-podezreni-z-falsovani-udaju-o-hmotnosti-obytnych-vozu\\\/#breadcrumb\"},\"inLanguage\":\"cs\",\"potentialAction\":[{\"@type\":\"ReadAction\",\"target\":[\"https:\\\/\\\/all4camper.com\\\/cs\\\/policie-vysetruje-spolecnost-hymer-kvuli-podezreni-z-falsovani-udaju-o-hmotnosti-obytnych-vozu\\\/\"]}]},{\"@type\":\"ImageObject\",\"inLanguage\":\"cs\",\"@id\":\"https:\\\/\\\/all4camper.com\\\/cs\\\/policie-vysetruje-spolecnost-hymer-kvuli-podezreni-z-falsovani-udaju-o-hmotnosti-obytnych-vozu\\\/#primaryimage\",\"url\":\"https:\\\/\\\/all4camper.com\\\/wp-content\\\/uploads\\\/2022\\\/01\\\/hymer_19_09_herbstfest_02.jpeg\",\"contentUrl\":\"https:\\\/\\\/all4camper.com\\\/wp-content\\\/uploads\\\/2022\\\/01\\\/hymer_19_09_herbstfest_02.jpeg\",\"width\":1200,\"height\":800},{\"@type\":\"BreadcrumbList\",\"@id\":\"https:\\\/\\\/all4camper.com\\\/cs\\\/policie-vysetruje-spolecnost-hymer-kvuli-podezreni-z-falsovani-udaju-o-hmotnosti-obytnych-vozu\\\/#breadcrumb\",\"itemListElement\":[{\"@type\":\"ListItem\",\"position\":1,\"name\":\"Dom\u016f\",\"item\":\"https:\\\/\\\/all4camper.com\\\/cs\\\/\"},{\"@type\":\"ListItem\",\"position\":2,\"name\":\"Karavanink\",\"item\":\"https:\\\/\\\/all4camper.com\\\/cs\\\/category\\\/karavaning\\\/\"},{\"@type\":\"ListItem\",\"position\":3,\"name\":\"Policie vy\u0161et\u0159uje spole\u010dnost Hymer kv\u016fli podez\u0159en\u00ed z fal\u0161ov\u00e1n\u00ed \u00fadaj\u016f o hmotnosti obytn\u00fdch voz\u016f\"}]},{\"@type\":\"WebSite\",\"@id\":\"https:\\\/\\\/all4camper.com\\\/cs\\\/#website\",\"url\":\"https:\\\/\\\/all4camper.com\\\/cs\\\/\",\"name\":\"All4Camper\",\"description\":\"Nejv\u011bt\u0161\u00ed online magaz\u00edn o kempov\u00e1n\u00ed a karavaninku. V\u00edce jak 900 \u010dl\u00e1nk\u016f pln\u00fdch rad a tip\u016f o kempech a kempov\u00e1n\u00ed.\",\"publisher\":{\"@id\":\"https:\\\/\\\/all4camper.com\\\/cs\\\/#organization\"},\"potentialAction\":[{\"@type\":\"SearchAction\",\"target\":{\"@type\":\"EntryPoint\",\"urlTemplate\":\"https:\\\/\\\/all4camper.com\\\/cs\\\/?s={search_term_string}\"},\"query-input\":{\"@type\":\"PropertyValueSpecification\",\"valueRequired\":true,\"valueName\":\"search_term_string\"}}],\"inLanguage\":\"cs\"},{\"@type\":\"Organization\",\"@id\":\"https:\\\/\\\/all4camper.com\\\/cs\\\/#organization\",\"name\":\"All4Camper - kempujeme s Kl\u00e1rou\",\"url\":\"https:\\\/\\\/all4camper.com\\\/cs\\\/\",\"logo\":{\"@type\":\"ImageObject\",\"inLanguage\":\"cs\",\"@id\":\"https:\\\/\\\/all4camper.com\\\/cs\\\/#\\\/schema\\\/logo\\\/image\\\/\",\"url\":\"https:\\\/\\\/all4camper.com\\\/wp-content\\\/uploads\\\/2018\\\/09\\\/novelogo.png\",\"contentUrl\":\"https:\\\/\\\/all4camper.com\\\/wp-content\\\/uploads\\\/2018\\\/09\\\/novelogo.png\",\"width\":1520,\"height\":600,\"caption\":\"All4Camper - kempujeme s Kl\u00e1rou\"},\"image\":{\"@id\":\"https:\\\/\\\/all4camper.com\\\/cs\\\/#\\\/schema\\\/logo\\\/image\\\/\"}},{\"@type\":\"Person\",\"@id\":\"https:\\\/\\\/all4camper.com\\\/cs\\\/#\\\/schema\\\/person\\\/c6f1efdf1d02bc7d8c53a891cbe18c62\",\"name\":\"Kl\u00e1ra H\u00e1jkov\u00e1\",\"sameAs\":[\"http:\\\/\\\/www.all4camper.com\"],\"url\":\"https:\\\/\\\/all4camper.com\\\/cs\\\/author\\\/klarinkacestuje1\\\/\"}]}<\/script>\n<!-- \/ Yoast SEO plugin. -->","yoast_head_json":{"title":"Policie vy\u0161et\u0159uje spole\u010dnost Hymer kv\u016fli podez\u0159en\u00ed z fal\u0161ov\u00e1n\u00ed \u00fadaj\u016f o hmotnosti obytn\u00fdch voz\u016f - All4Camper","description":"St\u00e1tn\u00ed krimin\u00e1ln\u00ed \u00fa\u0159ad vy\u0161et\u0159uje zam\u011bstnance spole\u010dnosti Hymer Group. Jsou obvin\u011bni z podvodu p\u0159i\u00a0fal\u0161ov\u00e1n\u00ed \u00fadaj\u016f o hmotnosti obytn\u00fdch voz\u016f a z poru\u0161en\u00ed p\u0159edpis\u016f.","robots":{"index":"index","follow":"follow","max-snippet":"max-snippet:-1","max-image-preview":"max-image-preview:large","max-video-preview":"max-video-preview:-1"},"canonical":"https:\/\/all4camper.com\/cs\/policie-vysetruje-spolecnost-hymer-kvuli-podezreni-z-falsovani-udaju-o-hmotnosti-obytnych-vozu\/","og_locale":"cs_CZ","og_type":"article","og_title":"Policie vy\u0161et\u0159uje spole\u010dnost Hymer kv\u016fli podez\u0159en\u00ed z fal\u0161ov\u00e1n\u00ed \u00fadaj\u016f o hmotnosti obytn\u00fdch voz\u016f - All4Camper","og_description":"St\u00e1tn\u00ed krimin\u00e1ln\u00ed \u00fa\u0159ad vy\u0161et\u0159uje zam\u011bstnance spole\u010dnosti Hymer Group. Jsou obvin\u011bni z podvodu p\u0159i\u00a0fal\u0161ov\u00e1n\u00ed \u00fadaj\u016f o hmotnosti obytn\u00fdch voz\u016f a z poru\u0161en\u00ed p\u0159edpis\u016f.","og_url":"https:\/\/all4camper.com\/cs\/policie-vysetruje-spolecnost-hymer-kvuli-podezreni-z-falsovani-udaju-o-hmotnosti-obytnych-vozu\/","og_site_name":"All4Camper","article_published_time":"2022-01-28T14:44:44+00:00","article_modified_time":"2022-12-13T14:24:59+00:00","og_image":[{"width":1200,"height":800,"url":"https:\/\/all4camper.com\/wp-content\/uploads\/2022\/01\/hymer_19_09_herbstfest_02.jpeg","type":"image\/jpeg"}],"author":"Kl\u00e1ra H\u00e1jkov\u00e1","twitter_card":"summary_large_image","twitter_misc":{"Napsal(a)":"Kl\u00e1ra H\u00e1jkov\u00e1","Odhadovan\u00e1 doba \u010dten\u00ed":"3 minuty"},"schema":{"@context":"https:\/\/schema.org","@graph":[{"@type":"Article","@id":"https:\/\/all4camper.com\/cs\/policie-vysetruje-spolecnost-hymer-kvuli-podezreni-z-falsovani-udaju-o-hmotnosti-obytnych-vozu\/#article","isPartOf":{"@id":"https:\/\/all4camper.com\/cs\/policie-vysetruje-spolecnost-hymer-kvuli-podezreni-z-falsovani-udaju-o-hmotnosti-obytnych-vozu\/"},"author":{"name":"Kl\u00e1ra H\u00e1jkov\u00e1","@id":"https:\/\/all4camper.com\/cs\/#\/schema\/person\/c6f1efdf1d02bc7d8c53a891cbe18c62"},"headline":"Policie vy\u0161et\u0159uje spole\u010dnost Hymer kv\u016fli podez\u0159en\u00ed z fal\u0161ov\u00e1n\u00ed \u00fadaj\u016f o hmotnosti obytn\u00fdch voz\u016f","datePublished":"2022-01-28T14:44:44+00:00","dateModified":"2022-12-13T14:24:59+00:00","mainEntityOfPage":{"@id":"https:\/\/all4camper.com\/cs\/policie-vysetruje-spolecnost-hymer-kvuli-podezreni-z-falsovani-udaju-o-hmotnosti-obytnych-vozu\/"},"wordCount":425,"publisher":{"@id":"https:\/\/all4camper.com\/cs\/#organization"},"image":{"@id":"https:\/\/all4camper.com\/cs\/policie-vysetruje-spolecnost-hymer-kvuli-podezreni-z-falsovani-udaju-o-hmotnosti-obytnych-vozu\/#primaryimage"},"thumbnailUrl":"https:\/\/all4camper.com\/wp-content\/uploads\/2022\/01\/hymer_19_09_herbstfest_02.jpeg","keywords":["Ze sv\u011bta karavaningu"],"articleSection":["\u010cten\u00ed na cesty","Karavanink","Novinky - Kempov\u00e1n\u00ed a karavaning"],"inLanguage":"cs"},{"@type":"WebPage","@id":"https:\/\/all4camper.com\/cs\/policie-vysetruje-spolecnost-hymer-kvuli-podezreni-z-falsovani-udaju-o-hmotnosti-obytnych-vozu\/","url":"https:\/\/all4camper.com\/cs\/policie-vysetruje-spolecnost-hymer-kvuli-podezreni-z-falsovani-udaju-o-hmotnosti-obytnych-vozu\/","name":"Policie vy\u0161et\u0159uje spole\u010dnost Hymer kv\u016fli podez\u0159en\u00ed z fal\u0161ov\u00e1n\u00ed \u00fadaj\u016f o hmotnosti obytn\u00fdch voz\u016f - All4Camper","isPartOf":{"@id":"https:\/\/all4camper.com\/cs\/#website"},"primaryImageOfPage":{"@id":"https:\/\/all4camper.com\/cs\/policie-vysetruje-spolecnost-hymer-kvuli-podezreni-z-falsovani-udaju-o-hmotnosti-obytnych-vozu\/#primaryimage"},"image":{"@id":"https:\/\/all4camper.com\/cs\/policie-vysetruje-spolecnost-hymer-kvuli-podezreni-z-falsovani-udaju-o-hmotnosti-obytnych-vozu\/#primaryimage"},"thumbnailUrl":"https:\/\/all4camper.com\/wp-content\/uploads\/2022\/01\/hymer_19_09_herbstfest_02.jpeg","datePublished":"2022-01-28T14:44:44+00:00","dateModified":"2022-12-13T14:24:59+00:00","description":"St\u00e1tn\u00ed krimin\u00e1ln\u00ed \u00fa\u0159ad vy\u0161et\u0159uje zam\u011bstnance spole\u010dnosti Hymer Group. Jsou obvin\u011bni z podvodu p\u0159i\u00a0fal\u0161ov\u00e1n\u00ed \u00fadaj\u016f o hmotnosti obytn\u00fdch voz\u016f a z poru\u0161en\u00ed p\u0159edpis\u016f.","breadcrumb":{"@id":"https:\/\/all4camper.com\/cs\/policie-vysetruje-spolecnost-hymer-kvuli-podezreni-z-falsovani-udaju-o-hmotnosti-obytnych-vozu\/#breadcrumb"},"inLanguage":"cs","potentialAction":[{"@type":"ReadAction","target":["https:\/\/all4camper.com\/cs\/policie-vysetruje-spolecnost-hymer-kvuli-podezreni-z-falsovani-udaju-o-hmotnosti-obytnych-vozu\/"]}]},{"@type":"ImageObject","inLanguage":"cs","@id":"https:\/\/all4camper.com\/cs\/policie-vysetruje-spolecnost-hymer-kvuli-podezreni-z-falsovani-udaju-o-hmotnosti-obytnych-vozu\/#primaryimage","url":"https:\/\/all4camper.com\/wp-content\/uploads\/2022\/01\/hymer_19_09_herbstfest_02.jpeg","contentUrl":"https:\/\/all4camper.com\/wp-content\/uploads\/2022\/01\/hymer_19_09_herbstfest_02.jpeg","width":1200,"height":800},{"@type":"BreadcrumbList","@id":"https:\/\/all4camper.com\/cs\/policie-vysetruje-spolecnost-hymer-kvuli-podezreni-z-falsovani-udaju-o-hmotnosti-obytnych-vozu\/#breadcrumb","itemListElement":[{"@type":"ListItem","position":1,"name":"Dom\u016f","item":"https:\/\/all4camper.com\/cs\/"},{"@type":"ListItem","position":2,"name":"Karavanink","item":"https:\/\/all4camper.com\/cs\/category\/karavaning\/"},{"@type":"ListItem","position":3,"name":"Policie vy\u0161et\u0159uje spole\u010dnost Hymer kv\u016fli podez\u0159en\u00ed z fal\u0161ov\u00e1n\u00ed \u00fadaj\u016f o hmotnosti obytn\u00fdch voz\u016f"}]},{"@type":"WebSite","@id":"https:\/\/all4camper.com\/cs\/#website","url":"https:\/\/all4camper.com\/cs\/","name":"All4Camper","description":"Nejv\u011bt\u0161\u00ed online magaz\u00edn o kempov\u00e1n\u00ed a karavaninku. V\u00edce jak 900 \u010dl\u00e1nk\u016f pln\u00fdch rad a tip\u016f o kempech a kempov\u00e1n\u00ed.","publisher":{"@id":"https:\/\/all4camper.com\/cs\/#organization"},"potentialAction":[{"@type":"SearchAction","target":{"@type":"EntryPoint","urlTemplate":"https:\/\/all4camper.com\/cs\/?s={search_term_string}"},"query-input":{"@type":"PropertyValueSpecification","valueRequired":true,"valueName":"search_term_string"}}],"inLanguage":"cs"},{"@type":"Organization","@id":"https:\/\/all4camper.com\/cs\/#organization","name":"All4Camper - kempujeme s Kl\u00e1rou","url":"https:\/\/all4camper.com\/cs\/","logo":{"@type":"ImageObject","inLanguage":"cs","@id":"https:\/\/all4camper.com\/cs\/#\/schema\/logo\/image\/","url":"https:\/\/all4camper.com\/wp-content\/uploads\/2018\/09\/novelogo.png","contentUrl":"https:\/\/all4camper.com\/wp-content\/uploads\/2018\/09\/novelogo.png","width":1520,"height":600,"caption":"All4Camper - kempujeme s Kl\u00e1rou"},"image":{"@id":"https:\/\/all4camper.com\/cs\/#\/schema\/logo\/image\/"}},{"@type":"Person","@id":"https:\/\/all4camper.com\/cs\/#\/schema\/person\/c6f1efdf1d02bc7d8c53a891cbe18c62","name":"Kl\u00e1ra H\u00e1jkov\u00e1","sameAs":["http:\/\/www.all4camper.com"],"url":"https:\/\/all4camper.com\/cs\/author\/klarinkacestuje1\/"}]}},"_links":{"self":[{"href":"https:\/\/all4camper.com\/cs\/wp-json\/wp\/v2\/posts\/139264","targetHints":{"allow":["GET"]}}],"collection":[{"href":"https:\/\/all4camper.com\/cs\/wp-json\/wp\/v2\/posts"}],"about":[{"href":"https:\/\/all4camper.com\/cs\/wp-json\/wp\/v2\/types\/post"}],"author":[{"embeddable":true,"href":"https:\/\/all4camper.com\/cs\/wp-json\/wp\/v2\/users\/4"}],"replies":[{"embeddable":true,"href":"https:\/\/all4camper.com\/cs\/wp-json\/wp\/v2\/comments?post=139264"}],"version-history":[{"count":0,"href":"https:\/\/all4camper.com\/cs\/wp-json\/wp\/v2\/posts\/139264\/revisions"}],"wp:featuredmedia":[{"embeddable":true,"href":"https:\/\/all4camper.com\/cs\/wp-json\/wp\/v2\/media\/139265"}],"wp:attachment":[{"href":"https:\/\/all4camper.com\/cs\/wp-json\/wp\/v2\/media?parent=139264"}],"wp:term":[{"taxonomy":"category","embeddable":true,"href":"https:\/\/all4camper.com\/cs\/wp-json\/wp\/v2\/categories?post=139264"},{"taxonomy":"post_tag","embeddable":true,"href":"https:\/\/all4camper.com\/cs\/wp-json\/wp\/v2\/tags?post=139264"}],"curies":[{"name":"wp","href":"https:\/\/api.w.org\/{rel}","templated":true}]}}