{"id":139195,"date":"2022-01-21T10:48:10","date_gmt":"2022-01-21T09:48:10","guid":{"rendered":"https:\/\/all4camper.com\/\/?p=139195"},"modified":"2022-12-13T12:13:08","modified_gmt":"2022-12-13T11:13:08","slug":"jak-byt-v-karavanu-energeticky-nezavisly","status":"publish","type":"post","link":"https:\/\/all4camper.com\/cs\/jak-byt-v-karavanu-energeticky-nezavisly\/","title":{"rendered":"Jak b\u00fdt v karavanu energeticky nez\u00e1visl\u00fd"},"content":{"rendered":"\n<p><strong>A jak sakra dobiji sv\u016fj mobil? Zhroz\u00ed se t\u00e9m\u011b\u0159 ka\u017ed\u00fd puber\u0165\u00e1k, kdy\u017e mu rodi\u010de ozn\u00e1m\u00ed, \u017ee dovolenou letos str\u00e1v\u00ed spole\u010dn\u011b v&nbsp;obytn\u00e9m voze na divoko. M\u016f\u017eete je uklidnit, i uprost\u0159ed \u0160umavy si sv\u016fj mobil dobije, existuje toti\u017e mnoho mo\u017enost\u00ed. N\u011bkter\u00e9 z&nbsp;nich v\u00e1m p\u0159edstav\u00ed Tom\u00e1\u0161 Brabec z&nbsp;<a href=\"https:\/\/www.karavanypro.cz\/\" target=\"_blank\" rel=\"noreferrer noopener\">Karavany Pro<\/a>, kter\u00fd je v&nbsp;komunit\u011b karavanist\u016f pova\u017eov\u00e1n za velk\u00e9ho odborn\u00edka na energetickou nez\u00e1vislost.<\/strong><\/p>\n\n\n\n<figure class=\"wp-block-embed is-type-rich is-provider-spotify wp-block-embed-spotify wp-embed-aspect-21-9 wp-has-aspect-ratio\"><div class=\"wp-block-embed__wrapper\">\n<iframe title=\"Spotify Embed: #3 Pot\u0159ebujete energetickou nez\u00e1vislost na cest\u00e1ch karavanem? Tom\u00e1\u0161 Brabec v\u00e1m d\u00e1 mnoho rad, kter\u00e9 se v\u00e1m budou hodit.\" style=\"border-radius: 12px\" width=\"100%\" height=\"152\" frameborder=\"0\" allowfullscreen allow=\"autoplay; clipboard-write; encrypted-media; fullscreen; picture-in-picture\" loading=\"lazy\" src=\"https:\/\/open.spotify.com\/embed\/episode\/1mJjs2srDL5Ol3o6M8OmCs?si=ASWnZ8sfR5eReIqcg1EvbA&#038;utm_source=oembed\"><\/iframe>\n<\/div><\/figure>\n\n\n\n<p>V&nbsp;ka\u017ed\u00e9m obytn\u00e9m voze je rovnou n\u011bkolik akumul\u00e1tor\u016f \u2013 nejz\u00e1kladn\u011bj\u0161\u00ed jsou startovac\u00ed a trak\u010dn\u00ed. Startovac\u00ed baterie jsou konstruov\u00e1ny tak, aby kr\u00e1tkodob\u011b dodaly vysok\u00fd proud nutn\u00fd na nastartov\u00e1n\u00ed vozu, a pak se ihned dobily. Trak\u010dn\u00ed baterie je p\u0159izp\u016fsobena tomu, aby po dlouhou dobu dok\u00e1zala d\u00e1vat ni\u017e\u0161\u00ed proud. Pou\u017e\u00edv\u00e1me je v\u011bt\u0161inou ve vestavb\u00e1ch. Podle typu konstrukce se d\u011bl\u00ed na olov\u011bn\u00e9, AGM a gelov\u00e9 a lithiov\u00e9 \u2013 LiFePO4. Tom\u00e1\u0161 Brabec vysv\u011btlil i jejich dal\u0161\u00ed rozd\u00edly v&nbsp;jejich vyu\u017eitelnosti a tak\u00e9 vysv\u011btlil to, jak ovliv\u0148uje akumul\u00e1tor dolo\u017enost vozu.&nbsp;<\/p>\n\n\n\n<p>V\u00fdvoj jasn\u011b sm\u011b\u0159uje k&nbsp;v\u011bt\u0161\u00edmu vyu\u017e\u00edv\u00e1n\u00ed LiFePO4 akumul\u00e1tor\u016f, masivn\u011bj\u0161\u00edmu roz\u0161\u00ed\u0159en\u00ed zat\u00edm br\u00e1n\u00ed jejich vysok\u00e1 cena, ale jejich \u017eivotnost je mnohem vy\u0161\u0161\u00ed ne\u017e u klasick\u00fdch olov\u011bn\u00fdch baterek. Prvotn\u00ed investice je sice vysok\u00e1 a n\u00e1vratnost investovan\u00fdch prost\u0159edk\u016f nen\u00ed okam\u017eit\u00fdm, ale vzhledem ke kapacit\u011b, hmotnosti a \u017eivotnosti jsou LiFePO4 baterie \u010dasto nejlep\u0161\u00edm \u0159e\u0161en\u00edm i po str\u00e1nce finan\u010dn\u00ed.<\/p>\n\n\n\n<figure class=\"wp-block-image size-large\"><img loading=\"lazy\" decoding=\"async\" width=\"1440\" height=\"1080\" src=\"https:\/\/all4camper.com\/\/wp-content\/uploads\/2022\/01\/studio-karavan-elektr\u030cina-1440x1080.jpeg\" alt=\"\" class=\"wp-image-139196\" srcset=\"https:\/\/all4camper.com\/wp-content\/uploads\/2022\/01\/studio-karavan-elektr\u030cina-1440x1080.jpeg 1440w, https:\/\/all4camper.com\/wp-content\/uploads\/2022\/01\/studio-karavan-elektr\u030cina-300x225.jpeg 300w, https:\/\/all4camper.com\/wp-content\/uploads\/2022\/01\/studio-karavan-elektr\u030cina-150x113.jpeg 150w, https:\/\/all4camper.com\/wp-content\/uploads\/2022\/01\/studio-karavan-elektr\u030cina-768x576.jpeg 768w, https:\/\/all4camper.com\/wp-content\/uploads\/2022\/01\/studio-karavan-elektr\u030cina-1536x1152.jpeg 1536w, https:\/\/all4camper.com\/wp-content\/uploads\/2022\/01\/studio-karavan-elektr\u030cina-696x522.jpeg 696w, https:\/\/all4camper.com\/wp-content\/uploads\/2022\/01\/studio-karavan-elektr\u030cina-1068x801.jpeg 1068w, https:\/\/all4camper.com\/wp-content\/uploads\/2022\/01\/studio-karavan-elektr\u030cina.jpeg 1600w\" sizes=\"auto, (max-width: 1440px) 100vw, 1440px\" \/><\/figure>\n\n\n\n<p>Tak\u017ee jsme vy\u0159e\u0161ili akumul\u00e1tory a jejich kapacitu, ale baterky je t\u0159eba dob\u00edjet a Tom\u00e1\u0161 Brabec p\u0159edstavil tak\u00e9 v\u0161echny druhy jejich dob\u00edjen\u00ed. Nejb\u011b\u017en\u011bj\u0161\u00ed je samoz\u0159ejm\u011b dob\u00edjen\u00ed \u201eze s\u00edt\u011b\u201c nebo z altern\u00e1toru nastartovan\u00e9ho vozidla.<\/p>\n\n\n\n<figure class=\"wp-block-image size-large\"><img loading=\"lazy\" decoding=\"async\" width=\"1440\" height=\"1080\" src=\"https:\/\/all4camper.com\/\/wp-content\/uploads\/2022\/01\/studio-karavan-elektr\u030cina-2-1440x1080.jpeg\" alt=\"\" class=\"wp-image-139198\" srcset=\"https:\/\/all4camper.com\/wp-content\/uploads\/2022\/01\/studio-karavan-elektr\u030cina-2-1440x1080.jpeg 1440w, https:\/\/all4camper.com\/wp-content\/uploads\/2022\/01\/studio-karavan-elektr\u030cina-2-300x225.jpeg 300w, https:\/\/all4camper.com\/wp-content\/uploads\/2022\/01\/studio-karavan-elektr\u030cina-2-150x113.jpeg 150w, https:\/\/all4camper.com\/wp-content\/uploads\/2022\/01\/studio-karavan-elektr\u030cina-2-768x576.jpeg 768w, https:\/\/all4camper.com\/wp-content\/uploads\/2022\/01\/studio-karavan-elektr\u030cina-2-1536x1152.jpeg 1536w, https:\/\/all4camper.com\/wp-content\/uploads\/2022\/01\/studio-karavan-elektr\u030cina-2-696x522.jpeg 696w, https:\/\/all4camper.com\/wp-content\/uploads\/2022\/01\/studio-karavan-elektr\u030cina-2-1068x801.jpeg 1068w, https:\/\/all4camper.com\/wp-content\/uploads\/2022\/01\/studio-karavan-elektr\u030cina-2.jpeg 1600w\" sizes=\"auto, (max-width: 1440px) 100vw, 1440px\" \/><\/figure>\n\n\n\n<p>A Pro\u010d je v\u00fdhodn\u00e9 m\u00edt v&nbsp;obytn\u00e9m voze booster? Jak v\u00fdkonn\u00e9 sol\u00e1rn\u00ed panely pot\u0159ebujete do sv\u00e9ho obytn\u00e9ho auta? Pro\u010d se nelze spol\u00e9hat jen na sol\u00e1rn\u00ed panely? Pro\u010d nem\u00e1 Tom\u00e1\u0161 Brabec r\u00e1d elektrocentr\u00e1ly? Jak funguje Efoy? A bez \u010deho se neobejde energeticky sob\u011bsta\u010dn\u00e9 obytn\u00e9 vozidlo? A v\u00edte, jak baterii spr\u00e1vn\u011b vyb\u00edt? O tom v\u0161em jsme si pov\u00eddali v podcastu Studio Karavan. <strong>Poslechn\u011bte si n\u00e1s. <\/strong><\/p>\n\n\n\n<pre class=\"wp-block-verse\"><strong>Najdete n\u00e1s na platform\u011b Spotify (viz. v\u00fd\u0161e), d\u00e1le na&nbsp;<a href=\"https:\/\/podcasts.apple.com\/us\/podcast\/studio-karavan\/id1603600027\" target=\"_blank\" rel=\"noreferrer noopener\">Apple podcast<\/a>&nbsp;a samoz\u0159ejm\u011b na&nbsp;<a href=\"https:\/\/anchor.fm\/studio-karavan\" target=\"_blank\" rel=\"noreferrer noopener\">Anchor<\/a>&nbsp;a&nbsp;<a href=\"https:\/\/podcasts.google.com\/feed\/aHR0cHM6Ly9hbmNob3IuZm0vcy83MzQ5MzYwOC9wb2RjYXN0L3Jzcw\" target=\"_blank\" rel=\"noreferrer noopener\">Google Podcasty<\/a>.&nbsp;V\u0161echny na\u0161e vydan\u00e9 d\u00edly si samoz\u0159ejm\u011b m\u016f\u017eete prohl\u00e9dnout i&nbsp;<a href=\"\/cs?cat_ID=11699\">v t\u00e9to rubrice<\/a>.<\/strong><\/pre>\n","protected":false},"excerpt":{"rendered":"<p>A jak sakra dobiji sv\u016fj mobil? Zhroz\u00ed se t\u00e9m\u011b\u0159 ka\u017ed\u00fd puber\u0165\u00e1k, kdy\u017e mu rodi\u010de ozn\u00e1m\u00ed, \u017ee dovolenou letos str\u00e1v\u00ed spole\u010dn\u011b v&nbsp;obytn\u00e9m voze na divoko. M\u016f\u017eete je uklidnit, i uprost\u0159ed \u0160umavy si sv\u016fj mobil dobije, existuje toti\u017e mnoho mo\u017enost\u00ed. N\u011bkter\u00e9 z&nbsp;nich v\u00e1m p\u0159edstav\u00ed Tom\u00e1\u0161 Brabec z&nbsp;Karavany Pro, kter\u00fd je v&nbsp;komunit\u011b karavanist\u016f pova\u017eov\u00e1n za velk\u00e9ho odborn\u00edka na [&hellip;]<\/p>\n","protected":false},"author":4,"featured_media":138778,"comment_status":"closed","ping_status":"open","sticky":false,"template":"","format":"audio","meta":{"_monsterinsights_skip_tracking":false,"_monsterinsights_sitenote_active":false,"_monsterinsights_sitenote_note":"","_monsterinsights_sitenote_category":0,"footnotes":""},"categories":[11194,422,11699],"tags":[11700,226,8122],"class_list":{"0":"post-139195","1":"post","2":"type-post","3":"status-publish","4":"format-audio","5":"has-post-thumbnail","7":"category-karavaning","8":"category-novinky-kempovani-a-karavaning","9":"category-podcasty-studio-karavan","10":"tag-podcast","11":"tag-rady-a-tipy","12":"tag-karavaning","13":"post_format-post-format-audio"},"yoast_head":"<!-- This site is optimized with the Yoast SEO plugin v27.5 - https:\/\/yoast.com\/product\/yoast-seo-wordpress\/ -->\n<title>Jak b\u00fdt v karavanu energeticky nez\u00e1visl\u00fd - All4Camper<\/title>\n<meta name=\"description\" content=\"Pro\u010d je v\u00fdhodn\u00e9 m\u00edt v\u00a0obytn\u00e9m voze booster? Jak v\u00fdkonn\u00e9 sol\u00e1rn\u00ed panely pot\u0159ebujete do sv\u00e9ho obytn\u00e9ho auta? Pro\u010d se nelze spol\u00e9hat jen na sol\u00e1rn\u00ed panely? Pro\u010d nem\u00e1 Tom\u00e1\u0161 Brabec r\u00e1d elektrocentr\u00e1ly? Jak funguje Efoy? A bez \u010deho se neobejde energeticky sob\u011bsta\u010dn\u00e9 obytn\u00e9 vozidlo? A v\u00edte, jak baterii spr\u00e1vn\u011b vyb\u00edt? O tom v\u0161em jsme si pov\u00eddali v podcastu Studio Karavan.\" \/>\n<meta name=\"robots\" content=\"index, follow, max-snippet:-1, max-image-preview:large, max-video-preview:-1\" \/>\n<link rel=\"canonical\" href=\"https:\/\/all4camper.com\/cs\/jak-byt-v-karavanu-energeticky-nezavisly\/\" \/>\n<meta property=\"og:locale\" content=\"cs_CZ\" \/>\n<meta property=\"og:type\" content=\"article\" \/>\n<meta property=\"og:title\" content=\"Jak b\u00fdt v karavanu energeticky nez\u00e1visl\u00fd - All4Camper\" \/>\n<meta property=\"og:description\" content=\"Pro\u010d je v\u00fdhodn\u00e9 m\u00edt v\u00a0obytn\u00e9m voze booster? Jak v\u00fdkonn\u00e9 sol\u00e1rn\u00ed panely pot\u0159ebujete do sv\u00e9ho obytn\u00e9ho auta? Pro\u010d se nelze spol\u00e9hat jen na sol\u00e1rn\u00ed panely? Pro\u010d nem\u00e1 Tom\u00e1\u0161 Brabec r\u00e1d elektrocentr\u00e1ly? Jak funguje Efoy? A bez \u010deho se neobejde energeticky sob\u011bsta\u010dn\u00e9 obytn\u00e9 vozidlo? A v\u00edte, jak baterii spr\u00e1vn\u011b vyb\u00edt? O tom v\u0161em jsme si pov\u00eddali v podcastu Studio Karavan.\" \/>\n<meta property=\"og:url\" content=\"https:\/\/all4camper.com\/cs\/jak-byt-v-karavanu-energeticky-nezavisly\/\" \/>\n<meta property=\"og:site_name\" content=\"All4Camper\" \/>\n<meta property=\"article:published_time\" content=\"2022-01-21T09:48:10+00:00\" \/>\n<meta property=\"article:modified_time\" content=\"2022-12-13T11:13:08+00:00\" \/>\n<meta property=\"og:image\" content=\"https:\/\/all4camper.com\/wp-content\/uploads\/2022\/01\/vizual-FB-640x360-1.jpg\" \/>\n\t<meta property=\"og:image:width\" content=\"640\" \/>\n\t<meta property=\"og:image:height\" content=\"360\" \/>\n\t<meta property=\"og:image:type\" content=\"image\/jpeg\" \/>\n<meta name=\"author\" content=\"Kl\u00e1ra H\u00e1jkov\u00e1\" \/>\n<meta name=\"twitter:card\" content=\"summary_large_image\" \/>\n<meta name=\"twitter:label1\" content=\"Napsal(a)\" \/>\n\t<meta name=\"twitter:data1\" content=\"Kl\u00e1ra H\u00e1jkov\u00e1\" \/>\n\t<meta name=\"twitter:label2\" content=\"Odhadovan\u00e1 doba \u010dten\u00ed\" \/>\n\t<meta name=\"twitter:data2\" content=\"3 minuty\" \/>\n<script type=\"application\/ld+json\" class=\"yoast-schema-graph\">{\"@context\":\"https:\\\/\\\/schema.org\",\"@graph\":[{\"@type\":\"Article\",\"@id\":\"https:\\\/\\\/all4camper.com\\\/cs\\\/jak-byt-v-karavanu-energeticky-nezavisly\\\/#article\",\"isPartOf\":{\"@id\":\"https:\\\/\\\/all4camper.com\\\/cs\\\/jak-byt-v-karavanu-energeticky-nezavisly\\\/\"},\"author\":{\"name\":\"Kl\u00e1ra H\u00e1jkov\u00e1\",\"@id\":\"https:\\\/\\\/all4camper.com\\\/cs\\\/#\\\/schema\\\/person\\\/c6f1efdf1d02bc7d8c53a891cbe18c62\"},\"headline\":\"Jak b\u00fdt v karavanu energeticky nez\u00e1visl\u00fd\",\"datePublished\":\"2022-01-21T09:48:10+00:00\",\"dateModified\":\"2022-12-13T11:13:08+00:00\",\"mainEntityOfPage\":{\"@id\":\"https:\\\/\\\/all4camper.com\\\/cs\\\/jak-byt-v-karavanu-energeticky-nezavisly\\\/\"},\"wordCount\":438,\"publisher\":{\"@id\":\"https:\\\/\\\/all4camper.com\\\/cs\\\/#organization\"},\"image\":{\"@id\":\"https:\\\/\\\/all4camper.com\\\/cs\\\/jak-byt-v-karavanu-energeticky-nezavisly\\\/#primaryimage\"},\"thumbnailUrl\":\"https:\\\/\\\/all4camper.com\\\/wp-content\\\/uploads\\\/2022\\\/01\\\/vizual-FB-640x360-1.jpg\",\"keywords\":[\"podcast\",\"Rady-tipy-informace\",\"Ze sv\u011bta karavaningu\"],\"articleSection\":[\"Karavanink\",\"Novinky - Kempov\u00e1n\u00ed a karavaning\",\"Studio Karavan\"],\"inLanguage\":\"cs\"},{\"@type\":\"WebPage\",\"@id\":\"https:\\\/\\\/all4camper.com\\\/cs\\\/jak-byt-v-karavanu-energeticky-nezavisly\\\/\",\"url\":\"https:\\\/\\\/all4camper.com\\\/cs\\\/jak-byt-v-karavanu-energeticky-nezavisly\\\/\",\"name\":\"Jak b\u00fdt v karavanu energeticky nez\u00e1visl\u00fd - All4Camper\",\"isPartOf\":{\"@id\":\"https:\\\/\\\/all4camper.com\\\/cs\\\/#website\"},\"primaryImageOfPage\":{\"@id\":\"https:\\\/\\\/all4camper.com\\\/cs\\\/jak-byt-v-karavanu-energeticky-nezavisly\\\/#primaryimage\"},\"image\":{\"@id\":\"https:\\\/\\\/all4camper.com\\\/cs\\\/jak-byt-v-karavanu-energeticky-nezavisly\\\/#primaryimage\"},\"thumbnailUrl\":\"https:\\\/\\\/all4camper.com\\\/wp-content\\\/uploads\\\/2022\\\/01\\\/vizual-FB-640x360-1.jpg\",\"datePublished\":\"2022-01-21T09:48:10+00:00\",\"dateModified\":\"2022-12-13T11:13:08+00:00\",\"description\":\"Pro\u010d je v\u00fdhodn\u00e9 m\u00edt v\u00a0obytn\u00e9m voze booster? Jak v\u00fdkonn\u00e9 sol\u00e1rn\u00ed panely pot\u0159ebujete do sv\u00e9ho obytn\u00e9ho auta? Pro\u010d se nelze spol\u00e9hat jen na sol\u00e1rn\u00ed panely? Pro\u010d nem\u00e1 Tom\u00e1\u0161 Brabec r\u00e1d elektrocentr\u00e1ly? Jak funguje Efoy? A bez \u010deho se neobejde energeticky sob\u011bsta\u010dn\u00e9 obytn\u00e9 vozidlo? A v\u00edte, jak baterii spr\u00e1vn\u011b vyb\u00edt? O tom v\u0161em jsme si pov\u00eddali v podcastu Studio Karavan.\",\"breadcrumb\":{\"@id\":\"https:\\\/\\\/all4camper.com\\\/cs\\\/jak-byt-v-karavanu-energeticky-nezavisly\\\/#breadcrumb\"},\"inLanguage\":\"cs\",\"potentialAction\":[{\"@type\":\"ReadAction\",\"target\":[\"https:\\\/\\\/all4camper.com\\\/cs\\\/jak-byt-v-karavanu-energeticky-nezavisly\\\/\"]}]},{\"@type\":\"ImageObject\",\"inLanguage\":\"cs\",\"@id\":\"https:\\\/\\\/all4camper.com\\\/cs\\\/jak-byt-v-karavanu-energeticky-nezavisly\\\/#primaryimage\",\"url\":\"https:\\\/\\\/all4camper.com\\\/wp-content\\\/uploads\\\/2022\\\/01\\\/vizual-FB-640x360-1.jpg\",\"contentUrl\":\"https:\\\/\\\/all4camper.com\\\/wp-content\\\/uploads\\\/2022\\\/01\\\/vizual-FB-640x360-1.jpg\",\"width\":640,\"height\":360},{\"@type\":\"BreadcrumbList\",\"@id\":\"https:\\\/\\\/all4camper.com\\\/cs\\\/jak-byt-v-karavanu-energeticky-nezavisly\\\/#breadcrumb\",\"itemListElement\":[{\"@type\":\"ListItem\",\"position\":1,\"name\":\"Dom\u016f\",\"item\":\"https:\\\/\\\/all4camper.com\\\/cs\\\/\"},{\"@type\":\"ListItem\",\"position\":2,\"name\":\"Studio Karavan\",\"item\":\"https:\\\/\\\/all4camper.com\\\/cs\\\/category\\\/podcasty-studio-karavan\\\/\"},{\"@type\":\"ListItem\",\"position\":3,\"name\":\"Jak b\u00fdt v karavanu energeticky nez\u00e1visl\u00fd\"}]},{\"@type\":\"WebSite\",\"@id\":\"https:\\\/\\\/all4camper.com\\\/cs\\\/#website\",\"url\":\"https:\\\/\\\/all4camper.com\\\/cs\\\/\",\"name\":\"All4Camper\",\"description\":\"Nejv\u011bt\u0161\u00ed online magaz\u00edn o kempov\u00e1n\u00ed a karavaninku. V\u00edce jak 900 \u010dl\u00e1nk\u016f pln\u00fdch rad a tip\u016f o kempech a kempov\u00e1n\u00ed.\",\"publisher\":{\"@id\":\"https:\\\/\\\/all4camper.com\\\/cs\\\/#organization\"},\"potentialAction\":[{\"@type\":\"SearchAction\",\"target\":{\"@type\":\"EntryPoint\",\"urlTemplate\":\"https:\\\/\\\/all4camper.com\\\/cs\\\/?s={search_term_string}\"},\"query-input\":{\"@type\":\"PropertyValueSpecification\",\"valueRequired\":true,\"valueName\":\"search_term_string\"}}],\"inLanguage\":\"cs\"},{\"@type\":\"Organization\",\"@id\":\"https:\\\/\\\/all4camper.com\\\/cs\\\/#organization\",\"name\":\"All4Camper - kempujeme s Kl\u00e1rou\",\"url\":\"https:\\\/\\\/all4camper.com\\\/cs\\\/\",\"logo\":{\"@type\":\"ImageObject\",\"inLanguage\":\"cs\",\"@id\":\"https:\\\/\\\/all4camper.com\\\/cs\\\/#\\\/schema\\\/logo\\\/image\\\/\",\"url\":\"https:\\\/\\\/all4camper.com\\\/wp-content\\\/uploads\\\/2018\\\/09\\\/novelogo.png\",\"contentUrl\":\"https:\\\/\\\/all4camper.com\\\/wp-content\\\/uploads\\\/2018\\\/09\\\/novelogo.png\",\"width\":1520,\"height\":600,\"caption\":\"All4Camper - kempujeme s Kl\u00e1rou\"},\"image\":{\"@id\":\"https:\\\/\\\/all4camper.com\\\/cs\\\/#\\\/schema\\\/logo\\\/image\\\/\"}},{\"@type\":\"Person\",\"@id\":\"https:\\\/\\\/all4camper.com\\\/cs\\\/#\\\/schema\\\/person\\\/c6f1efdf1d02bc7d8c53a891cbe18c62\",\"name\":\"Kl\u00e1ra H\u00e1jkov\u00e1\",\"sameAs\":[\"http:\\\/\\\/www.all4camper.com\"],\"url\":\"https:\\\/\\\/all4camper.com\\\/cs\\\/author\\\/klarinkacestuje1\\\/\"}]}<\/script>\n<!-- \/ Yoast SEO plugin. -->","yoast_head_json":{"title":"Jak b\u00fdt v karavanu energeticky nez\u00e1visl\u00fd - All4Camper","description":"Pro\u010d je v\u00fdhodn\u00e9 m\u00edt v\u00a0obytn\u00e9m voze booster? Jak v\u00fdkonn\u00e9 sol\u00e1rn\u00ed panely pot\u0159ebujete do sv\u00e9ho obytn\u00e9ho auta? Pro\u010d se nelze spol\u00e9hat jen na sol\u00e1rn\u00ed panely? Pro\u010d nem\u00e1 Tom\u00e1\u0161 Brabec r\u00e1d elektrocentr\u00e1ly? Jak funguje Efoy? A bez \u010deho se neobejde energeticky sob\u011bsta\u010dn\u00e9 obytn\u00e9 vozidlo? A v\u00edte, jak baterii spr\u00e1vn\u011b vyb\u00edt? O tom v\u0161em jsme si pov\u00eddali v podcastu Studio Karavan.","robots":{"index":"index","follow":"follow","max-snippet":"max-snippet:-1","max-image-preview":"max-image-preview:large","max-video-preview":"max-video-preview:-1"},"canonical":"https:\/\/all4camper.com\/cs\/jak-byt-v-karavanu-energeticky-nezavisly\/","og_locale":"cs_CZ","og_type":"article","og_title":"Jak b\u00fdt v karavanu energeticky nez\u00e1visl\u00fd - All4Camper","og_description":"Pro\u010d je v\u00fdhodn\u00e9 m\u00edt v\u00a0obytn\u00e9m voze booster? Jak v\u00fdkonn\u00e9 sol\u00e1rn\u00ed panely pot\u0159ebujete do sv\u00e9ho obytn\u00e9ho auta? Pro\u010d se nelze spol\u00e9hat jen na sol\u00e1rn\u00ed panely? Pro\u010d nem\u00e1 Tom\u00e1\u0161 Brabec r\u00e1d elektrocentr\u00e1ly? Jak funguje Efoy? A bez \u010deho se neobejde energeticky sob\u011bsta\u010dn\u00e9 obytn\u00e9 vozidlo? A v\u00edte, jak baterii spr\u00e1vn\u011b vyb\u00edt? O tom v\u0161em jsme si pov\u00eddali v podcastu Studio Karavan.","og_url":"https:\/\/all4camper.com\/cs\/jak-byt-v-karavanu-energeticky-nezavisly\/","og_site_name":"All4Camper","article_published_time":"2022-01-21T09:48:10+00:00","article_modified_time":"2022-12-13T11:13:08+00:00","og_image":[{"width":640,"height":360,"url":"https:\/\/all4camper.com\/wp-content\/uploads\/2022\/01\/vizual-FB-640x360-1.jpg","type":"image\/jpeg"}],"author":"Kl\u00e1ra H\u00e1jkov\u00e1","twitter_card":"summary_large_image","twitter_misc":{"Napsal(a)":"Kl\u00e1ra H\u00e1jkov\u00e1","Odhadovan\u00e1 doba \u010dten\u00ed":"3 minuty"},"schema":{"@context":"https:\/\/schema.org","@graph":[{"@type":"Article","@id":"https:\/\/all4camper.com\/cs\/jak-byt-v-karavanu-energeticky-nezavisly\/#article","isPartOf":{"@id":"https:\/\/all4camper.com\/cs\/jak-byt-v-karavanu-energeticky-nezavisly\/"},"author":{"name":"Kl\u00e1ra H\u00e1jkov\u00e1","@id":"https:\/\/all4camper.com\/cs\/#\/schema\/person\/c6f1efdf1d02bc7d8c53a891cbe18c62"},"headline":"Jak b\u00fdt v karavanu energeticky nez\u00e1visl\u00fd","datePublished":"2022-01-21T09:48:10+00:00","dateModified":"2022-12-13T11:13:08+00:00","mainEntityOfPage":{"@id":"https:\/\/all4camper.com\/cs\/jak-byt-v-karavanu-energeticky-nezavisly\/"},"wordCount":438,"publisher":{"@id":"https:\/\/all4camper.com\/cs\/#organization"},"image":{"@id":"https:\/\/all4camper.com\/cs\/jak-byt-v-karavanu-energeticky-nezavisly\/#primaryimage"},"thumbnailUrl":"https:\/\/all4camper.com\/wp-content\/uploads\/2022\/01\/vizual-FB-640x360-1.jpg","keywords":["podcast","Rady-tipy-informace","Ze sv\u011bta karavaningu"],"articleSection":["Karavanink","Novinky - Kempov\u00e1n\u00ed a karavaning","Studio Karavan"],"inLanguage":"cs"},{"@type":"WebPage","@id":"https:\/\/all4camper.com\/cs\/jak-byt-v-karavanu-energeticky-nezavisly\/","url":"https:\/\/all4camper.com\/cs\/jak-byt-v-karavanu-energeticky-nezavisly\/","name":"Jak b\u00fdt v karavanu energeticky nez\u00e1visl\u00fd - All4Camper","isPartOf":{"@id":"https:\/\/all4camper.com\/cs\/#website"},"primaryImageOfPage":{"@id":"https:\/\/all4camper.com\/cs\/jak-byt-v-karavanu-energeticky-nezavisly\/#primaryimage"},"image":{"@id":"https:\/\/all4camper.com\/cs\/jak-byt-v-karavanu-energeticky-nezavisly\/#primaryimage"},"thumbnailUrl":"https:\/\/all4camper.com\/wp-content\/uploads\/2022\/01\/vizual-FB-640x360-1.jpg","datePublished":"2022-01-21T09:48:10+00:00","dateModified":"2022-12-13T11:13:08+00:00","description":"Pro\u010d je v\u00fdhodn\u00e9 m\u00edt v\u00a0obytn\u00e9m voze booster? Jak v\u00fdkonn\u00e9 sol\u00e1rn\u00ed panely pot\u0159ebujete do sv\u00e9ho obytn\u00e9ho auta? Pro\u010d se nelze spol\u00e9hat jen na sol\u00e1rn\u00ed panely? Pro\u010d nem\u00e1 Tom\u00e1\u0161 Brabec r\u00e1d elektrocentr\u00e1ly? Jak funguje Efoy? A bez \u010deho se neobejde energeticky sob\u011bsta\u010dn\u00e9 obytn\u00e9 vozidlo? A v\u00edte, jak baterii spr\u00e1vn\u011b vyb\u00edt? O tom v\u0161em jsme si pov\u00eddali v podcastu Studio Karavan.","breadcrumb":{"@id":"https:\/\/all4camper.com\/cs\/jak-byt-v-karavanu-energeticky-nezavisly\/#breadcrumb"},"inLanguage":"cs","potentialAction":[{"@type":"ReadAction","target":["https:\/\/all4camper.com\/cs\/jak-byt-v-karavanu-energeticky-nezavisly\/"]}]},{"@type":"ImageObject","inLanguage":"cs","@id":"https:\/\/all4camper.com\/cs\/jak-byt-v-karavanu-energeticky-nezavisly\/#primaryimage","url":"https:\/\/all4camper.com\/wp-content\/uploads\/2022\/01\/vizual-FB-640x360-1.jpg","contentUrl":"https:\/\/all4camper.com\/wp-content\/uploads\/2022\/01\/vizual-FB-640x360-1.jpg","width":640,"height":360},{"@type":"BreadcrumbList","@id":"https:\/\/all4camper.com\/cs\/jak-byt-v-karavanu-energeticky-nezavisly\/#breadcrumb","itemListElement":[{"@type":"ListItem","position":1,"name":"Dom\u016f","item":"https:\/\/all4camper.com\/cs\/"},{"@type":"ListItem","position":2,"name":"Studio Karavan","item":"https:\/\/all4camper.com\/cs\/category\/podcasty-studio-karavan\/"},{"@type":"ListItem","position":3,"name":"Jak b\u00fdt v karavanu energeticky nez\u00e1visl\u00fd"}]},{"@type":"WebSite","@id":"https:\/\/all4camper.com\/cs\/#website","url":"https:\/\/all4camper.com\/cs\/","name":"All4Camper","description":"Nejv\u011bt\u0161\u00ed online magaz\u00edn o kempov\u00e1n\u00ed a karavaninku. V\u00edce jak 900 \u010dl\u00e1nk\u016f pln\u00fdch rad a tip\u016f o kempech a kempov\u00e1n\u00ed.","publisher":{"@id":"https:\/\/all4camper.com\/cs\/#organization"},"potentialAction":[{"@type":"SearchAction","target":{"@type":"EntryPoint","urlTemplate":"https:\/\/all4camper.com\/cs\/?s={search_term_string}"},"query-input":{"@type":"PropertyValueSpecification","valueRequired":true,"valueName":"search_term_string"}}],"inLanguage":"cs"},{"@type":"Organization","@id":"https:\/\/all4camper.com\/cs\/#organization","name":"All4Camper - kempujeme s Kl\u00e1rou","url":"https:\/\/all4camper.com\/cs\/","logo":{"@type":"ImageObject","inLanguage":"cs","@id":"https:\/\/all4camper.com\/cs\/#\/schema\/logo\/image\/","url":"https:\/\/all4camper.com\/wp-content\/uploads\/2018\/09\/novelogo.png","contentUrl":"https:\/\/all4camper.com\/wp-content\/uploads\/2018\/09\/novelogo.png","width":1520,"height":600,"caption":"All4Camper - kempujeme s Kl\u00e1rou"},"image":{"@id":"https:\/\/all4camper.com\/cs\/#\/schema\/logo\/image\/"}},{"@type":"Person","@id":"https:\/\/all4camper.com\/cs\/#\/schema\/person\/c6f1efdf1d02bc7d8c53a891cbe18c62","name":"Kl\u00e1ra H\u00e1jkov\u00e1","sameAs":["http:\/\/www.all4camper.com"],"url":"https:\/\/all4camper.com\/cs\/author\/klarinkacestuje1\/"}]}},"_links":{"self":[{"href":"https:\/\/all4camper.com\/cs\/wp-json\/wp\/v2\/posts\/139195","targetHints":{"allow":["GET"]}}],"collection":[{"href":"https:\/\/all4camper.com\/cs\/wp-json\/wp\/v2\/posts"}],"about":[{"href":"https:\/\/all4camper.com\/cs\/wp-json\/wp\/v2\/types\/post"}],"author":[{"embeddable":true,"href":"https:\/\/all4camper.com\/cs\/wp-json\/wp\/v2\/users\/4"}],"replies":[{"embeddable":true,"href":"https:\/\/all4camper.com\/cs\/wp-json\/wp\/v2\/comments?post=139195"}],"version-history":[{"count":0,"href":"https:\/\/all4camper.com\/cs\/wp-json\/wp\/v2\/posts\/139195\/revisions"}],"wp:featuredmedia":[{"embeddable":true,"href":"https:\/\/all4camper.com\/cs\/wp-json\/wp\/v2\/media\/138778"}],"wp:attachment":[{"href":"https:\/\/all4camper.com\/cs\/wp-json\/wp\/v2\/media?parent=139195"}],"wp:term":[{"taxonomy":"category","embeddable":true,"href":"https:\/\/all4camper.com\/cs\/wp-json\/wp\/v2\/categories?post=139195"},{"taxonomy":"post_tag","embeddable":true,"href":"https:\/\/all4camper.com\/cs\/wp-json\/wp\/v2\/tags?post=139195"}],"curies":[{"name":"wp","href":"https:\/\/api.w.org\/{rel}","templated":true}]}}