{"id":139058,"date":"2022-01-14T10:33:43","date_gmt":"2022-01-14T09:33:43","guid":{"rendered":"https:\/\/all4camper.com\/\/?p=139058"},"modified":"2022-12-13T14:19:05","modified_gmt":"2022-12-13T13:19:05","slug":"podcast-slovinsko-je-pestra-zelena-zeme-co-vse-v-ni-muzete-zazit-kde-kempovat-a-co-dalnicni-znamky","status":"publish","type":"post","link":"https:\/\/all4camper.com\/cs\/podcast-slovinsko-je-pestra-zelena-zeme-co-vse-v-ni-muzete-zazit-kde-kempovat-a-co-dalnicni-znamky\/","title":{"rendered":"Slovinsko je pestr\u00e1 zelen\u00e1 zem\u011b. Co v\u0161e v n\u00ed m\u016f\u017eete za\u017e\u00edt, kde kempovat a co d\u00e1lni\u010dn\u00ed zn\u00e1mky?"},"content":{"rendered":"\n<p><strong>Hostem dne\u0161n\u00edho podcastu Studio Karavan je Michal Kura, \u0159editel <a href=\"https:\/\/www.slovinsko.travel\/\" target=\"_blank\" rel=\"noreferrer noopener nofollow\">Slovinsk\u00e9ho centra v&nbsp;Praze<\/a>. Slovinsko v\u011bt\u0161ina z&nbsp;n\u00e1s jen rychle projede na cest\u011b k&nbsp;vysn\u011bn\u00e9mu mo\u0159i. Ti, kte\u0159\u00ed tam zastavili u\u017e v\u00ed, \u017ee tahle vstupn\u00ed br\u00e1na na Balk\u00e1n stoj\u00ed za bli\u017e\u0161\u00ed prozkoum\u00e1n\u00ed.<\/strong><\/p>\n\n\n\n<figure class=\"wp-block-embed is-type-rich is-provider-spotify wp-block-embed-spotify wp-embed-aspect-21-9 wp-has-aspect-ratio\"><div class=\"wp-block-embed__wrapper\">\n<iframe loading=\"lazy\" title=\"Spotify Embed: Cestov\u00e1n\u00ed a kempov\u00e1n\u00ed ve slovinsku, jak spr\u00e1vn\u011b vybrat d\u00e1lni\u010dn\u00ed zn\u00e1mku a je mo\u017en\u00e9 v n\u011bm kempovat na divoko?\" width=\"100%\" height=\"152\" frameborder=\"0\" allowfullscreen allow=\"autoplay; clipboard-write; encrypted-media; fullscreen; picture-in-picture\" src=\"https:\/\/open.spotify.com\/embed\/episode\/41aKJIcIrkEwLRyCiTUBIz?si=vIfgIedkTtKY79USRC58XA&#038;utm_source=oembed\"><\/iframe>\n<\/div><\/figure>\n\n\n\n<p><strong>Geograficky je Slovinsko velmi rozmanit\u00e9, najdete tu Alpy, spoustu jeskyn\u00ed, jezer, relaxovat m\u016f\u017eete i v&nbsp;term\u00e1ln\u00edch l\u00e1zn\u00edch, v&nbsp;zim\u011b tu najdete i mnoho sjezdovek, ale zem\u011b m\u00e1 i p\u0159\u00edstup k&nbsp;mo\u0159i. Sv\u00e9 si tu najdou rodiny s&nbsp;d\u011btmi, ale i milovn\u00edci adrenalinu, pro kter\u00e9 tu jsou ferraty v\u0161ech obt\u00ed\u017enost\u00ed nebo si mohou u\u017e\u00edt canyoning na n\u011bkter\u00e9 z&nbsp;divok\u00fdch \u0159ek a vodop\u00e1d\u016f.<\/strong><\/p>\n\n\n\n<figure class=\"wp-block-image size-large is-resized\"><img loading=\"lazy\" decoding=\"async\" src=\"https:\/\/all4camper.com\/\/wp-content\/uploads\/2022\/01\/triglavsky-national-park-g16441d291_1920-1620x1080.jpg\" alt=\"\" class=\"wp-image-139059\" width=\"695\" height=\"463\" srcset=\"https:\/\/all4camper.com\/wp-content\/uploads\/2022\/01\/triglavsky-national-park-g16441d291_1920-1620x1080.jpg 1620w, https:\/\/all4camper.com\/wp-content\/uploads\/2022\/01\/triglavsky-national-park-g16441d291_1920-300x200.jpg 300w, https:\/\/all4camper.com\/wp-content\/uploads\/2022\/01\/triglavsky-national-park-g16441d291_1920-150x100.jpg 150w, https:\/\/all4camper.com\/wp-content\/uploads\/2022\/01\/triglavsky-national-park-g16441d291_1920-768x512.jpg 768w, https:\/\/all4camper.com\/wp-content\/uploads\/2022\/01\/triglavsky-national-park-g16441d291_1920-1536x1024.jpg 1536w, https:\/\/all4camper.com\/wp-content\/uploads\/2022\/01\/triglavsky-national-park-g16441d291_1920-696x464.jpg 696w, https:\/\/all4camper.com\/wp-content\/uploads\/2022\/01\/triglavsky-national-park-g16441d291_1920-1068x712.jpg 1068w, https:\/\/all4camper.com\/wp-content\/uploads\/2022\/01\/triglavsky-national-park-g16441d291_1920.jpg 1920w\" sizes=\"auto, (max-width: 695px) 100vw, 695px\" \/><\/figure>\n\n\n\n<h2 class=\"wp-block-heading\">A co nab\u00edz\u00ed Slovinsko karavanist\u016fm? <\/h2>\n\n\n\n<p>S\u00ed\u0165 kemp\u016f je ve Slovinsku bohat\u00e1 a spousta obc\u00ed zbudovala i karavanov\u00e1 st\u00e1n\u00ed. Dan\u00ed za to je v\u0161ak z\u00e1kaz divok\u00e9ho kempov\u00e1n\u00ed. Slovinci svou p\u0159\u00edrodu miluj\u00ed a chr\u00e1n\u00ed si ji. Michal tak\u00e9 upozornil na rozm\u00e1haj\u00edc\u00ed se mo\u017enost agroturistiky, kterou si u\u017eij\u00ed p\u0159edev\u0161\u00edm rodiny s&nbsp;d\u011btmi. Slovinci jsou pohostinn\u00ed a pokud projev\u00edte z\u00e1jem, zapoj\u00ed v\u00e1s do chodu na sv\u00fdch statc\u00edch.<\/p>\n\n\n\n<figure class=\"wp-block-image size-large is-resized\"><img loading=\"lazy\" decoding=\"async\" src=\"https:\/\/all4camper.com\/\/wp-content\/uploads\/2022\/01\/IMG_3170-1620x1080.jpeg\" alt=\"\" class=\"wp-image-139063\" width=\"695\" height=\"463\" srcset=\"https:\/\/all4camper.com\/wp-content\/uploads\/2022\/01\/IMG_3170-1620x1080.jpeg 1620w, https:\/\/all4camper.com\/wp-content\/uploads\/2022\/01\/IMG_3170-300x200.jpeg 300w, https:\/\/all4camper.com\/wp-content\/uploads\/2022\/01\/IMG_3170-150x100.jpeg 150w, https:\/\/all4camper.com\/wp-content\/uploads\/2022\/01\/IMG_3170-768x512.jpeg 768w, https:\/\/all4camper.com\/wp-content\/uploads\/2022\/01\/IMG_3170-1536x1024.jpeg 1536w, https:\/\/all4camper.com\/wp-content\/uploads\/2022\/01\/IMG_3170-2048x1365.jpeg 2048w, https:\/\/all4camper.com\/wp-content\/uploads\/2022\/01\/IMG_3170-696x464.jpeg 696w, https:\/\/all4camper.com\/wp-content\/uploads\/2022\/01\/IMG_3170-1068x712.jpeg 1068w, https:\/\/all4camper.com\/wp-content\/uploads\/2022\/01\/IMG_3170-1920x1280.jpeg 1920w\" sizes=\"auto, (max-width: 695px) 100vw, 695px\" \/><\/figure>\n\n\n\n<p><strong>Jak se zlep\u0161ila \u00farove\u0148 slovinsk\u00fdch kemp\u016f? Najdete tam i z\u00e1bavu pro d\u011bti? Pro\u010d jsou Slovinsk\u00e9 d\u00e1lni\u010dn\u00ed zn\u00e1mky tak drah\u00e9? Pro koho je dovolen\u00e1 ve Slovinsku ide\u00e1ln\u00ed? Poslechn\u011bte si t\u0159et\u00ed podcast Studio Karavan<\/strong>.<meta charset=\"utf-8\">Najdete n\u00e1s na platform\u011b Spotify (viz. v\u00fd\u0161e), d\u00e1le na&nbsp;<a href=\"https:\/\/podcasts.apple.com\/us\/podcast\/studio-karavan\/id1603600027\" target=\"_blank\" rel=\"noreferrer noopener\">Apple podcast<\/a>&nbsp;a samoz\u0159ejm\u011b na&nbsp;<a href=\"https:\/\/anchor.fm\/studio-karavan\" target=\"_blank\" rel=\"noreferrer noopener\">Anchor<\/a>&nbsp;a&nbsp;<a href=\"https:\/\/podcasts.google.com\/feed\/aHR0cHM6Ly9hbmNob3IuZm0vcy83MzQ5MzYwOC9wb2RjYXN0L3Jzcw\" target=\"_blank\" rel=\"noreferrer noopener\">Google Podcasty<\/a>.&nbsp;V\u0161echny na\u0161e vydan\u00e9 d\u00edly si samoz\u0159ejm\u011b m\u016f\u017eete prohl\u00e9dnout i&nbsp;<a href=\"\/cs?cat_ID=11699\">v t\u00e9to rubrice<\/a>.<\/p>\n\n\n\n<pre class=\"wp-block-verse\">M\u00e9 \u010dl\u00e1nky na t\u00e9ma Kempov\u00e1n\u00ed a cestov\u00e1n\u00ed ve Slovinsku si zobraz\u00edte v <a href=\"\/cs?cat_ID=2380\">t\u00e9to rubrice<\/a>.<\/pre>\n","protected":false},"excerpt":{"rendered":"<p>Hostem dne\u0161n\u00edho podcastu Studio Karavan je Michal Kura, \u0159editel Slovinsk\u00e9ho centra v&nbsp;Praze. Slovinsko v\u011bt\u0161ina z&nbsp;n\u00e1s jen rychle projede na cest\u011b k&nbsp;vysn\u011bn\u00e9mu mo\u0159i. Ti, kte\u0159\u00ed tam zastavili u\u017e v\u00ed, \u017ee tahle vstupn\u00ed br\u00e1na na Balk\u00e1n stoj\u00ed za bli\u017e\u0161\u00ed prozkoum\u00e1n\u00ed. Geograficky je Slovinsko velmi rozmanit\u00e9, najdete tu Alpy, spoustu jeskyn\u00ed, jezer, relaxovat m\u016f\u017eete i v&nbsp;term\u00e1ln\u00edch l\u00e1zn\u00edch, v&nbsp;zim\u011b [&hellip;]<\/p>\n","protected":false},"author":4,"featured_media":138778,"comment_status":"closed","ping_status":"open","sticky":false,"template":"","format":"audio","meta":{"_monsterinsights_skip_tracking":false,"_monsterinsights_sitenote_active":false,"_monsterinsights_sitenote_note":"","_monsterinsights_sitenote_category":0,"footnotes":""},"categories":[2380,422,11699],"tags":[11700,227],"class_list":{"0":"post-139058","1":"post","2":"type-post","3":"status-publish","4":"format-audio","5":"has-post-thumbnail","7":"category-kempujeme-a-cestujeme-ve-slovinsku","8":"category-novinky-kempovani-a-karavaning","9":"category-podcasty-studio-karavan","10":"tag-podcast","11":"tag-slovinsko","12":"post_format-post-format-audio"},"yoast_head":"<!-- This site is optimized with the Yoast SEO plugin v27.5 - https:\/\/yoast.com\/product\/yoast-seo-wordpress\/ -->\n<title>Slovinsko je pestr\u00e1 zelen\u00e1 zem\u011b. Co v\u0161e v n\u00ed m\u016f\u017eete za\u017e\u00edt, kde kempovat a co d\u00e1lni\u010dn\u00ed zn\u00e1mky? - All4Camper<\/title>\n<meta name=\"description\" content=\"Geograficky je Slovinsko velmi rozmanit\u00e9, najdete tu Alpy, spoustu jeskyn\u00ed, jezer, relaxovat m\u016f\u017eete i v\u00a0term\u00e1ln\u00edch l\u00e1zn\u00edch, v\u00a0zim\u011b tu najdete i mnoho sjezdovek, ale zem\u011b m\u00e1 i p\u0159\u00edstup k\u00a0mo\u0159i. Sv\u00e9 si tu najdou rodiny s\u00a0d\u011btmi, ale i milovn\u00edci adrenalinu, pro kter\u00e9 tu jsou ferraty v\u0161ech obt\u00ed\u017enost\u00ed nebo si mohou u\u017e\u00edt canyoning na n\u011bkter\u00e9 z\u00a0divok\u00fdch \u0159ek.\" \/>\n<meta name=\"robots\" content=\"index, follow, max-snippet:-1, max-image-preview:large, max-video-preview:-1\" \/>\n<link rel=\"canonical\" href=\"https:\/\/all4camper.com\/cs\/podcast-slovinsko-je-pestra-zelena-zeme-co-vse-v-ni-muzete-zazit-kde-kempovat-a-co-dalnicni-znamky\/\" \/>\n<meta property=\"og:locale\" content=\"cs_CZ\" \/>\n<meta property=\"og:type\" content=\"article\" \/>\n<meta property=\"og:title\" content=\"Slovinsko je pestr\u00e1 zelen\u00e1 zem\u011b. Co v\u0161e v n\u00ed m\u016f\u017eete za\u017e\u00edt, kde kempovat a co d\u00e1lni\u010dn\u00ed zn\u00e1mky? - All4Camper\" \/>\n<meta property=\"og:description\" content=\"Geograficky je Slovinsko velmi rozmanit\u00e9, najdete tu Alpy, spoustu jeskyn\u00ed, jezer, relaxovat m\u016f\u017eete i v\u00a0term\u00e1ln\u00edch l\u00e1zn\u00edch, v\u00a0zim\u011b tu najdete i mnoho sjezdovek, ale zem\u011b m\u00e1 i p\u0159\u00edstup k\u00a0mo\u0159i. Sv\u00e9 si tu najdou rodiny s\u00a0d\u011btmi, ale i milovn\u00edci adrenalinu, pro kter\u00e9 tu jsou ferraty v\u0161ech obt\u00ed\u017enost\u00ed nebo si mohou u\u017e\u00edt canyoning na n\u011bkter\u00e9 z\u00a0divok\u00fdch \u0159ek.\" \/>\n<meta property=\"og:url\" content=\"https:\/\/all4camper.com\/cs\/podcast-slovinsko-je-pestra-zelena-zeme-co-vse-v-ni-muzete-zazit-kde-kempovat-a-co-dalnicni-znamky\/\" \/>\n<meta property=\"og:site_name\" content=\"All4Camper\" \/>\n<meta property=\"article:published_time\" content=\"2022-01-14T09:33:43+00:00\" \/>\n<meta property=\"article:modified_time\" content=\"2022-12-13T13:19:05+00:00\" \/>\n<meta property=\"og:image\" content=\"https:\/\/all4camper.com\/wp-content\/uploads\/2022\/01\/vizual-FB-640x360-1.jpg\" \/>\n\t<meta property=\"og:image:width\" content=\"640\" \/>\n\t<meta property=\"og:image:height\" content=\"360\" \/>\n\t<meta property=\"og:image:type\" content=\"image\/jpeg\" \/>\n<meta name=\"author\" content=\"Kl\u00e1ra H\u00e1jkov\u00e1\" \/>\n<meta name=\"twitter:card\" content=\"summary_large_image\" \/>\n<meta name=\"twitter:label1\" content=\"Napsal(a)\" \/>\n\t<meta name=\"twitter:data1\" content=\"Kl\u00e1ra H\u00e1jkov\u00e1\" \/>\n\t<meta name=\"twitter:label2\" content=\"Odhadovan\u00e1 doba \u010dten\u00ed\" \/>\n\t<meta name=\"twitter:data2\" content=\"2 minuty\" \/>\n<script type=\"application\/ld+json\" class=\"yoast-schema-graph\">{\"@context\":\"https:\\\/\\\/schema.org\",\"@graph\":[{\"@type\":\"Article\",\"@id\":\"https:\\\/\\\/all4camper.com\\\/cs\\\/podcast-slovinsko-je-pestra-zelena-zeme-co-vse-v-ni-muzete-zazit-kde-kempovat-a-co-dalnicni-znamky\\\/#article\",\"isPartOf\":{\"@id\":\"https:\\\/\\\/all4camper.com\\\/cs\\\/podcast-slovinsko-je-pestra-zelena-zeme-co-vse-v-ni-muzete-zazit-kde-kempovat-a-co-dalnicni-znamky\\\/\"},\"author\":{\"name\":\"Kl\u00e1ra H\u00e1jkov\u00e1\",\"@id\":\"https:\\\/\\\/all4camper.com\\\/cs\\\/#\\\/schema\\\/person\\\/c6f1efdf1d02bc7d8c53a891cbe18c62\"},\"headline\":\"Slovinsko je pestr\u00e1 zelen\u00e1 zem\u011b. Co v\u0161e v n\u00ed m\u016f\u017eete za\u017e\u00edt, kde kempovat a co d\u00e1lni\u010dn\u00ed zn\u00e1mky?\",\"datePublished\":\"2022-01-14T09:33:43+00:00\",\"dateModified\":\"2022-12-13T13:19:05+00:00\",\"mainEntityOfPage\":{\"@id\":\"https:\\\/\\\/all4camper.com\\\/cs\\\/podcast-slovinsko-je-pestra-zelena-zeme-co-vse-v-ni-muzete-zazit-kde-kempovat-a-co-dalnicni-znamky\\\/\"},\"wordCount\":345,\"publisher\":{\"@id\":\"https:\\\/\\\/all4camper.com\\\/cs\\\/#organization\"},\"image\":{\"@id\":\"https:\\\/\\\/all4camper.com\\\/cs\\\/podcast-slovinsko-je-pestra-zelena-zeme-co-vse-v-ni-muzete-zazit-kde-kempovat-a-co-dalnicni-znamky\\\/#primaryimage\"},\"thumbnailUrl\":\"https:\\\/\\\/all4camper.com\\\/wp-content\\\/uploads\\\/2022\\\/01\\\/vizual-FB-640x360-1.jpg\",\"keywords\":[\"podcast\",\"Slovinsko\"],\"articleSection\":[\"Kempujeme a cestujeme ve Slovinsku\",\"Novinky - Kempov\u00e1n\u00ed a karavaning\",\"Studio Karavan\"],\"inLanguage\":\"cs\"},{\"@type\":\"WebPage\",\"@id\":\"https:\\\/\\\/all4camper.com\\\/cs\\\/podcast-slovinsko-je-pestra-zelena-zeme-co-vse-v-ni-muzete-zazit-kde-kempovat-a-co-dalnicni-znamky\\\/\",\"url\":\"https:\\\/\\\/all4camper.com\\\/cs\\\/podcast-slovinsko-je-pestra-zelena-zeme-co-vse-v-ni-muzete-zazit-kde-kempovat-a-co-dalnicni-znamky\\\/\",\"name\":\"Slovinsko je pestr\u00e1 zelen\u00e1 zem\u011b. Co v\u0161e v n\u00ed m\u016f\u017eete za\u017e\u00edt, kde kempovat a co d\u00e1lni\u010dn\u00ed zn\u00e1mky? - All4Camper\",\"isPartOf\":{\"@id\":\"https:\\\/\\\/all4camper.com\\\/cs\\\/#website\"},\"primaryImageOfPage\":{\"@id\":\"https:\\\/\\\/all4camper.com\\\/cs\\\/podcast-slovinsko-je-pestra-zelena-zeme-co-vse-v-ni-muzete-zazit-kde-kempovat-a-co-dalnicni-znamky\\\/#primaryimage\"},\"image\":{\"@id\":\"https:\\\/\\\/all4camper.com\\\/cs\\\/podcast-slovinsko-je-pestra-zelena-zeme-co-vse-v-ni-muzete-zazit-kde-kempovat-a-co-dalnicni-znamky\\\/#primaryimage\"},\"thumbnailUrl\":\"https:\\\/\\\/all4camper.com\\\/wp-content\\\/uploads\\\/2022\\\/01\\\/vizual-FB-640x360-1.jpg\",\"datePublished\":\"2022-01-14T09:33:43+00:00\",\"dateModified\":\"2022-12-13T13:19:05+00:00\",\"description\":\"Geograficky je Slovinsko velmi rozmanit\u00e9, najdete tu Alpy, spoustu jeskyn\u00ed, jezer, relaxovat m\u016f\u017eete i v\u00a0term\u00e1ln\u00edch l\u00e1zn\u00edch, v\u00a0zim\u011b tu najdete i mnoho sjezdovek, ale zem\u011b m\u00e1 i p\u0159\u00edstup k\u00a0mo\u0159i. Sv\u00e9 si tu najdou rodiny s\u00a0d\u011btmi, ale i milovn\u00edci adrenalinu, pro kter\u00e9 tu jsou ferraty v\u0161ech obt\u00ed\u017enost\u00ed nebo si mohou u\u017e\u00edt canyoning na n\u011bkter\u00e9 z\u00a0divok\u00fdch \u0159ek.\",\"breadcrumb\":{\"@id\":\"https:\\\/\\\/all4camper.com\\\/cs\\\/podcast-slovinsko-je-pestra-zelena-zeme-co-vse-v-ni-muzete-zazit-kde-kempovat-a-co-dalnicni-znamky\\\/#breadcrumb\"},\"inLanguage\":\"cs\",\"potentialAction\":[{\"@type\":\"ReadAction\",\"target\":[\"https:\\\/\\\/all4camper.com\\\/cs\\\/podcast-slovinsko-je-pestra-zelena-zeme-co-vse-v-ni-muzete-zazit-kde-kempovat-a-co-dalnicni-znamky\\\/\"]}]},{\"@type\":\"ImageObject\",\"inLanguage\":\"cs\",\"@id\":\"https:\\\/\\\/all4camper.com\\\/cs\\\/podcast-slovinsko-je-pestra-zelena-zeme-co-vse-v-ni-muzete-zazit-kde-kempovat-a-co-dalnicni-znamky\\\/#primaryimage\",\"url\":\"https:\\\/\\\/all4camper.com\\\/wp-content\\\/uploads\\\/2022\\\/01\\\/vizual-FB-640x360-1.jpg\",\"contentUrl\":\"https:\\\/\\\/all4camper.com\\\/wp-content\\\/uploads\\\/2022\\\/01\\\/vizual-FB-640x360-1.jpg\",\"width\":640,\"height\":360},{\"@type\":\"BreadcrumbList\",\"@id\":\"https:\\\/\\\/all4camper.com\\\/cs\\\/podcast-slovinsko-je-pestra-zelena-zeme-co-vse-v-ni-muzete-zazit-kde-kempovat-a-co-dalnicni-znamky\\\/#breadcrumb\",\"itemListElement\":[{\"@type\":\"ListItem\",\"position\":1,\"name\":\"Dom\u016f\",\"item\":\"https:\\\/\\\/all4camper.com\\\/cs\\\/\"},{\"@type\":\"ListItem\",\"position\":2,\"name\":\"Kempujeme a cestujeme ve Slovinsku\",\"item\":\"https:\\\/\\\/all4camper.com\\\/cs\\\/category\\\/kempujeme-a-cestujeme-ve-slovinsku\\\/\"},{\"@type\":\"ListItem\",\"position\":3,\"name\":\"Slovinsko je pestr\u00e1 zelen\u00e1 zem\u011b. Co v\u0161e v n\u00ed m\u016f\u017eete za\u017e\u00edt, kde kempovat a co d\u00e1lni\u010dn\u00ed zn\u00e1mky?\"}]},{\"@type\":\"WebSite\",\"@id\":\"https:\\\/\\\/all4camper.com\\\/cs\\\/#website\",\"url\":\"https:\\\/\\\/all4camper.com\\\/cs\\\/\",\"name\":\"All4Camper\",\"description\":\"Nejv\u011bt\u0161\u00ed online magaz\u00edn o kempov\u00e1n\u00ed a karavaninku. V\u00edce jak 900 \u010dl\u00e1nk\u016f pln\u00fdch rad a tip\u016f o kempech a kempov\u00e1n\u00ed.\",\"publisher\":{\"@id\":\"https:\\\/\\\/all4camper.com\\\/cs\\\/#organization\"},\"potentialAction\":[{\"@type\":\"SearchAction\",\"target\":{\"@type\":\"EntryPoint\",\"urlTemplate\":\"https:\\\/\\\/all4camper.com\\\/cs\\\/?s={search_term_string}\"},\"query-input\":{\"@type\":\"PropertyValueSpecification\",\"valueRequired\":true,\"valueName\":\"search_term_string\"}}],\"inLanguage\":\"cs\"},{\"@type\":\"Organization\",\"@id\":\"https:\\\/\\\/all4camper.com\\\/cs\\\/#organization\",\"name\":\"All4Camper - kempujeme s Kl\u00e1rou\",\"url\":\"https:\\\/\\\/all4camper.com\\\/cs\\\/\",\"logo\":{\"@type\":\"ImageObject\",\"inLanguage\":\"cs\",\"@id\":\"https:\\\/\\\/all4camper.com\\\/cs\\\/#\\\/schema\\\/logo\\\/image\\\/\",\"url\":\"https:\\\/\\\/all4camper.com\\\/wp-content\\\/uploads\\\/2018\\\/09\\\/novelogo.png\",\"contentUrl\":\"https:\\\/\\\/all4camper.com\\\/wp-content\\\/uploads\\\/2018\\\/09\\\/novelogo.png\",\"width\":1520,\"height\":600,\"caption\":\"All4Camper - kempujeme s Kl\u00e1rou\"},\"image\":{\"@id\":\"https:\\\/\\\/all4camper.com\\\/cs\\\/#\\\/schema\\\/logo\\\/image\\\/\"}},{\"@type\":\"Person\",\"@id\":\"https:\\\/\\\/all4camper.com\\\/cs\\\/#\\\/schema\\\/person\\\/c6f1efdf1d02bc7d8c53a891cbe18c62\",\"name\":\"Kl\u00e1ra H\u00e1jkov\u00e1\",\"sameAs\":[\"http:\\\/\\\/www.all4camper.com\"],\"url\":\"https:\\\/\\\/all4camper.com\\\/cs\\\/author\\\/klarinkacestuje1\\\/\"}]}<\/script>\n<!-- \/ Yoast SEO plugin. -->","yoast_head_json":{"title":"Slovinsko je pestr\u00e1 zelen\u00e1 zem\u011b. Co v\u0161e v n\u00ed m\u016f\u017eete za\u017e\u00edt, kde kempovat a co d\u00e1lni\u010dn\u00ed zn\u00e1mky? - All4Camper","description":"Geograficky je Slovinsko velmi rozmanit\u00e9, najdete tu Alpy, spoustu jeskyn\u00ed, jezer, relaxovat m\u016f\u017eete i v\u00a0term\u00e1ln\u00edch l\u00e1zn\u00edch, v\u00a0zim\u011b tu najdete i mnoho sjezdovek, ale zem\u011b m\u00e1 i p\u0159\u00edstup k\u00a0mo\u0159i. Sv\u00e9 si tu najdou rodiny s\u00a0d\u011btmi, ale i milovn\u00edci adrenalinu, pro kter\u00e9 tu jsou ferraty v\u0161ech obt\u00ed\u017enost\u00ed nebo si mohou u\u017e\u00edt canyoning na n\u011bkter\u00e9 z\u00a0divok\u00fdch \u0159ek.","robots":{"index":"index","follow":"follow","max-snippet":"max-snippet:-1","max-image-preview":"max-image-preview:large","max-video-preview":"max-video-preview:-1"},"canonical":"https:\/\/all4camper.com\/cs\/podcast-slovinsko-je-pestra-zelena-zeme-co-vse-v-ni-muzete-zazit-kde-kempovat-a-co-dalnicni-znamky\/","og_locale":"cs_CZ","og_type":"article","og_title":"Slovinsko je pestr\u00e1 zelen\u00e1 zem\u011b. Co v\u0161e v n\u00ed m\u016f\u017eete za\u017e\u00edt, kde kempovat a co d\u00e1lni\u010dn\u00ed zn\u00e1mky? - All4Camper","og_description":"Geograficky je Slovinsko velmi rozmanit\u00e9, najdete tu Alpy, spoustu jeskyn\u00ed, jezer, relaxovat m\u016f\u017eete i v\u00a0term\u00e1ln\u00edch l\u00e1zn\u00edch, v\u00a0zim\u011b tu najdete i mnoho sjezdovek, ale zem\u011b m\u00e1 i p\u0159\u00edstup k\u00a0mo\u0159i. Sv\u00e9 si tu najdou rodiny s\u00a0d\u011btmi, ale i milovn\u00edci adrenalinu, pro kter\u00e9 tu jsou ferraty v\u0161ech obt\u00ed\u017enost\u00ed nebo si mohou u\u017e\u00edt canyoning na n\u011bkter\u00e9 z\u00a0divok\u00fdch \u0159ek.","og_url":"https:\/\/all4camper.com\/cs\/podcast-slovinsko-je-pestra-zelena-zeme-co-vse-v-ni-muzete-zazit-kde-kempovat-a-co-dalnicni-znamky\/","og_site_name":"All4Camper","article_published_time":"2022-01-14T09:33:43+00:00","article_modified_time":"2022-12-13T13:19:05+00:00","og_image":[{"width":640,"height":360,"url":"https:\/\/all4camper.com\/wp-content\/uploads\/2022\/01\/vizual-FB-640x360-1.jpg","type":"image\/jpeg"}],"author":"Kl\u00e1ra H\u00e1jkov\u00e1","twitter_card":"summary_large_image","twitter_misc":{"Napsal(a)":"Kl\u00e1ra H\u00e1jkov\u00e1","Odhadovan\u00e1 doba \u010dten\u00ed":"2 minuty"},"schema":{"@context":"https:\/\/schema.org","@graph":[{"@type":"Article","@id":"https:\/\/all4camper.com\/cs\/podcast-slovinsko-je-pestra-zelena-zeme-co-vse-v-ni-muzete-zazit-kde-kempovat-a-co-dalnicni-znamky\/#article","isPartOf":{"@id":"https:\/\/all4camper.com\/cs\/podcast-slovinsko-je-pestra-zelena-zeme-co-vse-v-ni-muzete-zazit-kde-kempovat-a-co-dalnicni-znamky\/"},"author":{"name":"Kl\u00e1ra H\u00e1jkov\u00e1","@id":"https:\/\/all4camper.com\/cs\/#\/schema\/person\/c6f1efdf1d02bc7d8c53a891cbe18c62"},"headline":"Slovinsko je pestr\u00e1 zelen\u00e1 zem\u011b. Co v\u0161e v n\u00ed m\u016f\u017eete za\u017e\u00edt, kde kempovat a co d\u00e1lni\u010dn\u00ed zn\u00e1mky?","datePublished":"2022-01-14T09:33:43+00:00","dateModified":"2022-12-13T13:19:05+00:00","mainEntityOfPage":{"@id":"https:\/\/all4camper.com\/cs\/podcast-slovinsko-je-pestra-zelena-zeme-co-vse-v-ni-muzete-zazit-kde-kempovat-a-co-dalnicni-znamky\/"},"wordCount":345,"publisher":{"@id":"https:\/\/all4camper.com\/cs\/#organization"},"image":{"@id":"https:\/\/all4camper.com\/cs\/podcast-slovinsko-je-pestra-zelena-zeme-co-vse-v-ni-muzete-zazit-kde-kempovat-a-co-dalnicni-znamky\/#primaryimage"},"thumbnailUrl":"https:\/\/all4camper.com\/wp-content\/uploads\/2022\/01\/vizual-FB-640x360-1.jpg","keywords":["podcast","Slovinsko"],"articleSection":["Kempujeme a cestujeme ve Slovinsku","Novinky - Kempov\u00e1n\u00ed a karavaning","Studio Karavan"],"inLanguage":"cs"},{"@type":"WebPage","@id":"https:\/\/all4camper.com\/cs\/podcast-slovinsko-je-pestra-zelena-zeme-co-vse-v-ni-muzete-zazit-kde-kempovat-a-co-dalnicni-znamky\/","url":"https:\/\/all4camper.com\/cs\/podcast-slovinsko-je-pestra-zelena-zeme-co-vse-v-ni-muzete-zazit-kde-kempovat-a-co-dalnicni-znamky\/","name":"Slovinsko je pestr\u00e1 zelen\u00e1 zem\u011b. Co v\u0161e v n\u00ed m\u016f\u017eete za\u017e\u00edt, kde kempovat a co d\u00e1lni\u010dn\u00ed zn\u00e1mky? - All4Camper","isPartOf":{"@id":"https:\/\/all4camper.com\/cs\/#website"},"primaryImageOfPage":{"@id":"https:\/\/all4camper.com\/cs\/podcast-slovinsko-je-pestra-zelena-zeme-co-vse-v-ni-muzete-zazit-kde-kempovat-a-co-dalnicni-znamky\/#primaryimage"},"image":{"@id":"https:\/\/all4camper.com\/cs\/podcast-slovinsko-je-pestra-zelena-zeme-co-vse-v-ni-muzete-zazit-kde-kempovat-a-co-dalnicni-znamky\/#primaryimage"},"thumbnailUrl":"https:\/\/all4camper.com\/wp-content\/uploads\/2022\/01\/vizual-FB-640x360-1.jpg","datePublished":"2022-01-14T09:33:43+00:00","dateModified":"2022-12-13T13:19:05+00:00","description":"Geograficky je Slovinsko velmi rozmanit\u00e9, najdete tu Alpy, spoustu jeskyn\u00ed, jezer, relaxovat m\u016f\u017eete i v\u00a0term\u00e1ln\u00edch l\u00e1zn\u00edch, v\u00a0zim\u011b tu najdete i mnoho sjezdovek, ale zem\u011b m\u00e1 i p\u0159\u00edstup k\u00a0mo\u0159i. Sv\u00e9 si tu najdou rodiny s\u00a0d\u011btmi, ale i milovn\u00edci adrenalinu, pro kter\u00e9 tu jsou ferraty v\u0161ech obt\u00ed\u017enost\u00ed nebo si mohou u\u017e\u00edt canyoning na n\u011bkter\u00e9 z\u00a0divok\u00fdch \u0159ek.","breadcrumb":{"@id":"https:\/\/all4camper.com\/cs\/podcast-slovinsko-je-pestra-zelena-zeme-co-vse-v-ni-muzete-zazit-kde-kempovat-a-co-dalnicni-znamky\/#breadcrumb"},"inLanguage":"cs","potentialAction":[{"@type":"ReadAction","target":["https:\/\/all4camper.com\/cs\/podcast-slovinsko-je-pestra-zelena-zeme-co-vse-v-ni-muzete-zazit-kde-kempovat-a-co-dalnicni-znamky\/"]}]},{"@type":"ImageObject","inLanguage":"cs","@id":"https:\/\/all4camper.com\/cs\/podcast-slovinsko-je-pestra-zelena-zeme-co-vse-v-ni-muzete-zazit-kde-kempovat-a-co-dalnicni-znamky\/#primaryimage","url":"https:\/\/all4camper.com\/wp-content\/uploads\/2022\/01\/vizual-FB-640x360-1.jpg","contentUrl":"https:\/\/all4camper.com\/wp-content\/uploads\/2022\/01\/vizual-FB-640x360-1.jpg","width":640,"height":360},{"@type":"BreadcrumbList","@id":"https:\/\/all4camper.com\/cs\/podcast-slovinsko-je-pestra-zelena-zeme-co-vse-v-ni-muzete-zazit-kde-kempovat-a-co-dalnicni-znamky\/#breadcrumb","itemListElement":[{"@type":"ListItem","position":1,"name":"Dom\u016f","item":"https:\/\/all4camper.com\/cs\/"},{"@type":"ListItem","position":2,"name":"Kempujeme a cestujeme ve Slovinsku","item":"https:\/\/all4camper.com\/cs\/category\/kempujeme-a-cestujeme-ve-slovinsku\/"},{"@type":"ListItem","position":3,"name":"Slovinsko je pestr\u00e1 zelen\u00e1 zem\u011b. Co v\u0161e v n\u00ed m\u016f\u017eete za\u017e\u00edt, kde kempovat a co d\u00e1lni\u010dn\u00ed zn\u00e1mky?"}]},{"@type":"WebSite","@id":"https:\/\/all4camper.com\/cs\/#website","url":"https:\/\/all4camper.com\/cs\/","name":"All4Camper","description":"Nejv\u011bt\u0161\u00ed online magaz\u00edn o kempov\u00e1n\u00ed a karavaninku. V\u00edce jak 900 \u010dl\u00e1nk\u016f pln\u00fdch rad a tip\u016f o kempech a kempov\u00e1n\u00ed.","publisher":{"@id":"https:\/\/all4camper.com\/cs\/#organization"},"potentialAction":[{"@type":"SearchAction","target":{"@type":"EntryPoint","urlTemplate":"https:\/\/all4camper.com\/cs\/?s={search_term_string}"},"query-input":{"@type":"PropertyValueSpecification","valueRequired":true,"valueName":"search_term_string"}}],"inLanguage":"cs"},{"@type":"Organization","@id":"https:\/\/all4camper.com\/cs\/#organization","name":"All4Camper - kempujeme s Kl\u00e1rou","url":"https:\/\/all4camper.com\/cs\/","logo":{"@type":"ImageObject","inLanguage":"cs","@id":"https:\/\/all4camper.com\/cs\/#\/schema\/logo\/image\/","url":"https:\/\/all4camper.com\/wp-content\/uploads\/2018\/09\/novelogo.png","contentUrl":"https:\/\/all4camper.com\/wp-content\/uploads\/2018\/09\/novelogo.png","width":1520,"height":600,"caption":"All4Camper - kempujeme s Kl\u00e1rou"},"image":{"@id":"https:\/\/all4camper.com\/cs\/#\/schema\/logo\/image\/"}},{"@type":"Person","@id":"https:\/\/all4camper.com\/cs\/#\/schema\/person\/c6f1efdf1d02bc7d8c53a891cbe18c62","name":"Kl\u00e1ra H\u00e1jkov\u00e1","sameAs":["http:\/\/www.all4camper.com"],"url":"https:\/\/all4camper.com\/cs\/author\/klarinkacestuje1\/"}]}},"_links":{"self":[{"href":"https:\/\/all4camper.com\/cs\/wp-json\/wp\/v2\/posts\/139058","targetHints":{"allow":["GET"]}}],"collection":[{"href":"https:\/\/all4camper.com\/cs\/wp-json\/wp\/v2\/posts"}],"about":[{"href":"https:\/\/all4camper.com\/cs\/wp-json\/wp\/v2\/types\/post"}],"author":[{"embeddable":true,"href":"https:\/\/all4camper.com\/cs\/wp-json\/wp\/v2\/users\/4"}],"replies":[{"embeddable":true,"href":"https:\/\/all4camper.com\/cs\/wp-json\/wp\/v2\/comments?post=139058"}],"version-history":[{"count":0,"href":"https:\/\/all4camper.com\/cs\/wp-json\/wp\/v2\/posts\/139058\/revisions"}],"wp:featuredmedia":[{"embeddable":true,"href":"https:\/\/all4camper.com\/cs\/wp-json\/wp\/v2\/media\/138778"}],"wp:attachment":[{"href":"https:\/\/all4camper.com\/cs\/wp-json\/wp\/v2\/media?parent=139058"}],"wp:term":[{"taxonomy":"category","embeddable":true,"href":"https:\/\/all4camper.com\/cs\/wp-json\/wp\/v2\/categories?post=139058"},{"taxonomy":"post_tag","embeddable":true,"href":"https:\/\/all4camper.com\/cs\/wp-json\/wp\/v2\/tags?post=139058"}],"curies":[{"name":"wp","href":"https:\/\/api.w.org\/{rel}","templated":true}]}}