{"id":139042,"date":"2022-01-18T09:42:08","date_gmt":"2022-01-18T08:42:08","guid":{"rendered":"https:\/\/all4camper.com\/\/?p=139042"},"modified":"2022-01-18T09:57:52","modified_gmt":"2022-01-18T08:57:52","slug":"karavanova-stani-u-termalnich-lazni-v-jiznim-nemecku","status":"publish","type":"post","link":"https:\/\/all4camper.com\/cs\/karavanova-stani-u-termalnich-lazni-v-jiznim-nemecku\/","title":{"rendered":"Karavanov\u00e1 st\u00e1n\u00ed u term\u00e1ln\u00edch l\u00e1zn\u00ed v Ji\u017en\u00edm N\u011bmecku"},"content":{"rendered":"\n<p><strong>V dne\u0161n\u00edm p\u0159\u00edsp\u011bvku navazuji na p\u0159edchoz\u00ed \u010dl\u00e1nek <a href=\"\/cs?p=138982\" target=\"_blank\" rel=\"noreferrer noopener\">Do term\u00e1ln\u00edch l\u00e1zn\u00ed aneb s karavanem po N\u011bmecku \u2013 \u010d\u00e1st 1.<\/a> ve kter\u00e9m jste mohli z\u00edskat mnoho tip\u016f jak na term\u00e1ln\u00ed l\u00e1zn\u011b, tak hlavn\u011b na stellplatzy v jejich bl\u00edzkosti. A proto\u017ee jsme nestihli obs\u00e1hnout cel\u00e9 N\u011bmecko, zb\u00fdv\u00e1 v\u00e1m je\u0161t\u011b jeho ji\u017en\u00ed \u010d\u00e1st. A pr\u00e1v\u011b tu v\u00e1m dnes p\u0159in\u00e1\u0161\u00edm.<\/strong><\/p>\n\n\n\n<h2 class=\"wp-block-heading\">Parkovac\u00ed m\u00edsta u term\u00e1ln\u00edch l\u00e1zn\u00ed v&nbsp;Ji\u017en\u00edm N\u011bmecku<\/h2>\n\n\n\n<h3 class=\"wp-block-heading\"><strong>Bad Herrenalb \u201eSiebent\u00e4ler Therme\u201c<\/strong><\/h3>\n\n\n\n<p>Malebn\u00e9 prost\u0159ed\u00ed l\u00e1zn\u00ed Bad Herrenalb dokresluje okol\u00ed n\u00e1dhern\u00e9ho parku Schweizer Wiese a monument\u00e1ln\u00ed Falkenstein. Wellness je zde velmi p\u011bkn\u00fd, a\u0165 u\u017e jde o relaxa\u010dn\u00ed baz\u00e9ny \u010di r\u016fzn\u00e9 sauny, specialitou je zdej\u0161\u00ed l\u00e9\u010div\u00e1 j\u00edlov\u00e1 parn\u00ed l\u00e1ze\u0148. V&nbsp;bl\u00edzkosti l\u00e1zn\u00ed se nach\u00e1z\u00ed 5 parkovac\u00edch m\u00edst pro karavany, v\u010detn\u011b p\u0159\u00edpojek na vodu a elekt\u0159inu. (<a href=\"https:\/\/www.siebentaelertherme.de\/de\/therme\/\"><strong>web<\/strong><\/a><a href=\"https:\/\/www.google.cz\/maps\/place\/Siebentaelertherme+Bad+Herrenalb\/@48.804581,8.4392131,17z\/data=!3m1!4b1!4m5!3m4!1s0x479716cfa6d7094f:0x1bdefc6beb0e7ec6!8m2!3d48.8045749!4d8.4414134?hl=cs\"><strong> mapa<\/strong><\/a>)<\/p>\n\n\n\n<figure class=\"wp-block-image size-full is-resized\"><img loading=\"lazy\" decoding=\"async\" src=\"https:\/\/all4camper.com\/\/wp-content\/uploads\/2022\/01\/termi\u0301lni\u0301-la\u0301zne\u030c-stplz-ne\u030cmecko.jpeg\" alt=\"\" class=\"wp-image-139031\" width=\"695\" height=\"463\" srcset=\"https:\/\/all4camper.com\/wp-content\/uploads\/2022\/01\/termi\u0301lni\u0301-la\u0301zne\u030c-stplz-ne\u030cmecko.jpeg 800w, https:\/\/all4camper.com\/wp-content\/uploads\/2022\/01\/termi\u0301lni\u0301-la\u0301zne\u030c-stplz-ne\u030cmecko-300x200.jpeg 300w, https:\/\/all4camper.com\/wp-content\/uploads\/2022\/01\/termi\u0301lni\u0301-la\u0301zne\u030c-stplz-ne\u030cmecko-150x100.jpeg 150w, https:\/\/all4camper.com\/wp-content\/uploads\/2022\/01\/termi\u0301lni\u0301-la\u0301zne\u030c-stplz-ne\u030cmecko-768x512.jpeg 768w, https:\/\/all4camper.com\/wp-content\/uploads\/2022\/01\/termi\u0301lni\u0301-la\u0301zne\u030c-stplz-ne\u030cmecko-696x464.jpeg 696w\" sizes=\"auto, (max-width: 695px) 100vw, 695px\" \/><figcaption>Foto: <strong>Siebent\u00e4ler Therme<\/strong><\/figcaption><\/figure>\n\n\n\n<h3 class=\"wp-block-heading\"><strong>Aalen \u201eLimes Thermen\u201c<\/strong><\/h3>\n\n\n\n<p>Na samotn\u00e9m okraji m\u011bsta Aalen m\u016f\u017eete nav\u0161t\u00edvit tyto p\u0159ekr\u00e1sn\u00e9 l\u00e1zn\u011b a zdej\u0161\u00edm prost\u0159ed\u00edm budete u\u010darov\u00e1ni. Interi\u00e9ry b\u00edl\u00e9ho i modr\u00e9ho pavilonu jsou architektonicky propracovan\u00e9 a spo\u010dinout lze i v&nbsp;tepl\u00e9m jeskynn\u00edm baz\u00e9nu. Zdej\u0161\u00ed term\u00e1ln\u00ed voda poch\u00e1z\u00ed ze star\u0161\u00ed doby ledov\u00e9 a podporuje unaven\u00e9 svaly a klouby a povzbuzuje srde\u010dn\u00ed \u010dinnost. Na jednom z&nbsp;12 m\u00edst pro karavany m\u016f\u017eete zaparkovat a\u017e na 3 noci. (<a href=\"https:\/\/www.limes-thermen.de\/\" target=\"_blank\" rel=\"noreferrer noopener nofollow\"><strong>web<\/strong><\/a><a href=\"https:\/\/www.google.cz\/maps\/place\/Limes-Thermen+Aalen\/@48.8194434,10.0725722,17z\/data=!3m1!4b1!4m5!3m4!1s0x47991b55dc180113:0x4255692de77d5aa4!8m2!3d48.8194399!4d10.0747609?hl=cs\" target=\"_blank\" rel=\"noreferrer noopener nofollow\"><strong> mapa<\/strong><\/a>).<\/p>\n\n\n\n<figure class=\"wp-block-image size-full is-resized\"><img loading=\"lazy\" decoding=\"async\" src=\"https:\/\/all4camper.com\/\/wp-content\/uploads\/2022\/01\/limes-therme-ne\u030cmecko.jpeg\" alt=\"\" class=\"wp-image-139037\" width=\"695\" height=\"463\" srcset=\"https:\/\/all4camper.com\/wp-content\/uploads\/2022\/01\/limes-therme-ne\u030cmecko.jpeg 900w, https:\/\/all4camper.com\/wp-content\/uploads\/2022\/01\/limes-therme-ne\u030cmecko-300x200.jpeg 300w, https:\/\/all4camper.com\/wp-content\/uploads\/2022\/01\/limes-therme-ne\u030cmecko-150x100.jpeg 150w, https:\/\/all4camper.com\/wp-content\/uploads\/2022\/01\/limes-therme-ne\u030cmecko-768x512.jpeg 768w, https:\/\/all4camper.com\/wp-content\/uploads\/2022\/01\/limes-therme-ne\u030cmecko-696x464.jpeg 696w\" sizes=\"auto, (max-width: 695px) 100vw, 695px\" \/><\/figure>\n\n\n\n<h3 class=\"wp-block-heading\"><strong>Bad Ditzenbach \u201eVinzenz Therme\u201c<\/strong><\/h3>\n\n\n\n<p>Zdej\u0161\u00ed voda poch\u00e1z\u00ed z&nbsp;pramene Casius a jej\u00ed zvl\u00e1\u0161tnost\u00ed je enormn\u011b vysok\u00fd obsah oxidu si\u0159i\u010dit\u00e9ho. Jedine\u010dn\u00fdm zp\u016fsob pozitivn\u011b ovliv\u0148uje krevn\u00ed ob\u011bh. Pokud v\u00e1m b\u011bhem koup\u00e1n\u00ed \u010di saunov\u00e1n\u00ed vyhl\u00e1dne, tak v&nbsp;restauraci m\u016f\u017eete ochutnat n\u011bco z&nbsp;m\u00edstn\u00edch region\u00e1ln\u00edch dobrot. Dle dostupn\u00fdch informac\u00ed je zde p\u0159ipraveno 12 parkovac\u00edch m\u00edst pro obytn\u00e9 vozy &#8211; jedn\u00e1 se o klasick\u00e9 parkovi\u0161t\u011b. (<a href=\"https:\/\/www.vinzenztherme.de\/\" target=\"_blank\" rel=\"noreferrer noopener nofollow\"><strong>web<\/strong><\/a><a href=\"https:\/\/goo.gl\/maps\/xb88UqP3oPWKkp5P9\" target=\"_blank\" rel=\"noreferrer noopener nofollow\"><strong> mapa<\/strong><\/a>)<\/p>\n\n\n\n<h3 class=\"wp-block-heading\"><strong>Bad Krozingen &#8222;Vita Classica Therme&#8220; <\/strong><\/h3>\n\n\n\n<p>Vita Classica jsou stylov\u00fdm l\u00e1ze\u0148sk\u00fdm komplexem s&nbsp;prostorn\u00fdm vodn\u00edm sv\u011btem a s&nbsp;luxusn\u00edm saunov\u00fdm r\u00e1jem. A\u0165 u\u017e sem vyraz\u00edte na p\u00e1r hodin \u010di na cel\u00fd v\u00edkend, ne\u0161l\u00e1pnete p\u0159i t\u00e9to volb\u011b vedle. Zde m\u016f\u017eete kombinovat wellness, sport i terapii. L\u00e1zn\u011b jsou nav\u00edc um\u00edst\u011bny na okraji poho\u0159\u00ed \u010cern\u00fd les u Freiburgu. Zde se rozhodn\u011b nemus\u00edte ob\u00e1vat, \u017ee by na v\u00e1\u0161 karavan nezbylo m\u00edsto, celkem je zde 75 m\u00edst na st\u00e1n\u00ed v&nbsp;t\u011bsn\u00e9 bl\u00edzkosti l\u00e1ze\u0148sk\u00fdch zahrad. Spolehn\u011bte se na pot\u0159ebn\u00e9 p\u0159\u00edpojky i vybaven\u00e9 soci\u00e1ln\u00ed za\u0159\u00edzen\u00ed. Doporu\u010duji za\u017e\u00e1dat o kartu hosta KONUS, d\u00edky kter\u00e9 z\u00edsk\u00e1te \u0159adu zaj\u00edmav\u00fdch slev a zv\u00fdhodn\u011bn\u00ed. (<a href=\"https:\/\/www.bad-krozingen.info\/Media\/Attraktionen\/Wohnmobilstellplatz-am-Rebberg#\/article\/17cf169e-1e44-4d76-a074-d5f137b46a24\"><strong>web<\/strong><\/a><strong>&nbsp;<\/strong><a href=\"https:\/\/www.google.cz\/maps\/place\/Vita+Classica+Therme\/@47.9172932,7.686936,17z\/data=!4m5!3m4!1s0x47910f2356a129ad:0x97747fdf0bbef05d!8m2!3d47.9183745!4d7.6896755?hl=cs\"><strong>mapa<\/strong><\/a>)<\/p>\n\n\n\n<figure class=\"wp-block-image size-large is-resized\"><img loading=\"lazy\" decoding=\"async\" src=\"https:\/\/all4camper.com\/\/wp-content\/uploads\/2022\/01\/stellplatz-ne\u030cmecko-la\u0301zne\u030c-1832x1080.jpeg\" alt=\"\" class=\"wp-image-139089\" width=\"695\" height=\"409\" srcset=\"https:\/\/all4camper.com\/wp-content\/uploads\/2022\/01\/stellplatz-ne\u030cmecko-la\u0301zne\u030c-1832x1080.jpeg 1832w, https:\/\/all4camper.com\/wp-content\/uploads\/2022\/01\/stellplatz-ne\u030cmecko-la\u0301zne\u030c-300x177.jpeg 300w, https:\/\/all4camper.com\/wp-content\/uploads\/2022\/01\/stellplatz-ne\u030cmecko-la\u0301zne\u030c-150x88.jpeg 150w, https:\/\/all4camper.com\/wp-content\/uploads\/2022\/01\/stellplatz-ne\u030cmecko-la\u0301zne\u030c-768x453.jpeg 768w, https:\/\/all4camper.com\/wp-content\/uploads\/2022\/01\/stellplatz-ne\u030cmecko-la\u0301zne\u030c-1536x905.jpeg 1536w, https:\/\/all4camper.com\/wp-content\/uploads\/2022\/01\/stellplatz-ne\u030cmecko-la\u0301zne\u030c-696x410.jpeg 696w, https:\/\/all4camper.com\/wp-content\/uploads\/2022\/01\/stellplatz-ne\u030cmecko-la\u0301zne\u030c-1068x630.jpeg 1068w, https:\/\/all4camper.com\/wp-content\/uploads\/2022\/01\/stellplatz-ne\u030cmecko-la\u0301zne\u030c.jpeg 1900w\" sizes=\"auto, (max-width: 695px) 100vw, 695px\" \/><\/figure>\n\n\n\n<h3 class=\"wp-block-heading\"><strong>Bad Bellingen \u201eBalinea Thermen\u201c&nbsp;&nbsp;&nbsp; <\/strong><\/h3>\n\n\n\n<p>Tyto l\u00e1zn\u011b obdr\u017eely certifik\u00e1t jako bezbari\u00e9rov\u00fd komplex, co\u017e jist\u011b ocen\u00ed \u0159ada n\u00e1v\u0161t\u011bvn\u00edk\u016f s&nbsp;omezenou pohyblivost\u00ed a u\u017eije si zdej\u0161\u00edho komfortu naplno. L\u00e1zn\u011b jsou rozd\u011bleny na vnit\u0159n\u00ed a venkovn\u00ed baz\u00e9ny s&nbsp;mnoha atrakcemi, nap\u0159. bublinkov\u00e1 leh\u00e1tka, pr\u016ftokov\u00fd kan\u00e1l, mas\u00e1\u017en\u00ed trysky \u010di jeskyn\u011b s&nbsp;horkou vodou. Pot\u00e9 se m\u016f\u017eete uch\u00fdlit do wellness saunov\u00e9ho sv\u011bta. Pro karavanisty je p\u0159ipraveno na 28 samostatn\u00fdch parkovac\u00edch m\u00edst v&nbsp;t\u011bsn\u00e9 bl\u00edzkosti. (<a href=\"https:\/\/www.bad-bellingen.de\/media\/attraktionen\/wohnmobilstellplatz-an-den-balinea-thermen#\/article\/f09652a9-3076-438d-ab99-76305bf15637\"><strong>web<\/strong><\/a><strong> <\/strong><a href=\"https:\/\/www.google.cz\/maps\/place\/Balinea+Thermen\/@47.7279895,7.5495715,17z\/data=!3m1!4b1!4m5!3m4!1s0x4791a3be1b7235b9:0x1d9e40d97782c980!8m2!3d47.7279859!4d7.5517602?hl=cs\"><strong>mapa<\/strong><\/a>)<\/p>\n\n\n\n<figure class=\"wp-block-image size-large\"><img loading=\"lazy\" decoding=\"async\" width=\"1620\" height=\"1080\" src=\"https:\/\/all4camper.com\/\/wp-content\/uploads\/2022\/01\/stellplatz-ne\u030cmecko-la\u0301zne\u030c-2-1620x1080.jpeg\" alt=\"\" class=\"wp-image-139091\" srcset=\"https:\/\/all4camper.com\/wp-content\/uploads\/2022\/01\/stellplatz-ne\u030cmecko-la\u0301zne\u030c-2-1620x1080.jpeg 1620w, https:\/\/all4camper.com\/wp-content\/uploads\/2022\/01\/stellplatz-ne\u030cmecko-la\u0301zne\u030c-2-300x200.jpeg 300w, https:\/\/all4camper.com\/wp-content\/uploads\/2022\/01\/stellplatz-ne\u030cmecko-la\u0301zne\u030c-2-150x100.jpeg 150w, https:\/\/all4camper.com\/wp-content\/uploads\/2022\/01\/stellplatz-ne\u030cmecko-la\u0301zne\u030c-2-768x512.jpeg 768w, https:\/\/all4camper.com\/wp-content\/uploads\/2022\/01\/stellplatz-ne\u030cmecko-la\u0301zne\u030c-2-1536x1024.jpeg 1536w, https:\/\/all4camper.com\/wp-content\/uploads\/2022\/01\/stellplatz-ne\u030cmecko-la\u0301zne\u030c-2-696x464.jpeg 696w, https:\/\/all4camper.com\/wp-content\/uploads\/2022\/01\/stellplatz-ne\u030cmecko-la\u0301zne\u030c-2-1068x712.jpeg 1068w, https:\/\/all4camper.com\/wp-content\/uploads\/2022\/01\/stellplatz-ne\u030cmecko-la\u0301zne\u030c-2.jpeg 1900w\" sizes=\"auto, (max-width: 1620px) 100vw, 1620px\" \/><\/figure>\n\n\n\n<h3 class=\"wp-block-heading\"><strong>Bad G\u00f6gging &#8222;Limes-Therme&#8220;<\/strong><\/h3>\n\n\n\n<p>Term\u00e1ln\u00ed voda v&nbsp;Limes Therme m\u00e1 neuv\u011b\u0159iteln\u00e9 regenera\u010dn\u00ed a relaxa\u010dn\u00ed \u00fa\u010dinky a lze ji tak ozna\u010dit \u201eSanus per aquam\u201c neboli \u201eZdrav\u00ed ve vod\u011b\u201c. Na rozlehl\u00e9m prostoru si u\u017eijete 6 vnit\u0159n\u00edch a 4 venkovn\u00ed baz\u00e9ny. Opravdu n\u00e1dhern\u00e1 je \u0159\u00edmsk\u00e1 sauna a rozhodn\u011b si najd\u011bte chv\u00edli pro relaxaci v&nbsp;soln\u00e9 jeskyni se sol\u00ed z&nbsp;Mrtv\u00e9ho mo\u0159e. Parkovac\u00ed m\u00edsta pojmou na 40 obytn\u00fdch voz\u016f. (<a href=\"https:\/\/www.limes-therme.de\/footer\/spalte-5\/wohnmobil\/\"><strong>web<\/strong><\/a><strong> <\/strong><a href=\"https:\/\/www.google.cz\/maps\/place\/Limes-Therme+Bad+G%C3%B6gging\/@48.8182984,11.7882404,17.27z\/data=!4m5!3m4!1s0x479fb3b6ff93b50d:0x51cb3ca331948d53!8m2!3d48.8191851!4d11.7890921?hl=cs\"><strong>mapa<\/strong><\/a>)<\/p>\n\n\n\n<figure class=\"wp-block-image size-full\"><img loading=\"lazy\" decoding=\"async\" width=\"1400\" height=\"480\" src=\"https:\/\/all4camper.com\/\/wp-content\/uploads\/2022\/01\/limes-terma\u0301ly-stplz.jpeg\" alt=\"\" class=\"wp-image-139094\" srcset=\"https:\/\/all4camper.com\/wp-content\/uploads\/2022\/01\/limes-terma\u0301ly-stplz.jpeg 1400w, https:\/\/all4camper.com\/wp-content\/uploads\/2022\/01\/limes-terma\u0301ly-stplz-300x103.jpeg 300w, https:\/\/all4camper.com\/wp-content\/uploads\/2022\/01\/limes-terma\u0301ly-stplz-150x51.jpeg 150w, https:\/\/all4camper.com\/wp-content\/uploads\/2022\/01\/limes-terma\u0301ly-stplz-768x263.jpeg 768w, https:\/\/all4camper.com\/wp-content\/uploads\/2022\/01\/limes-terma\u0301ly-stplz-696x239.jpeg 696w, https:\/\/all4camper.com\/wp-content\/uploads\/2022\/01\/limes-terma\u0301ly-stplz-1068x366.jpeg 1068w\" sizes=\"auto, (max-width: 1400px) 100vw, 1400px\" \/><\/figure>\n\n\n\n<h3 class=\"wp-block-heading\"><strong>Bad Abbach &#8222;Kaiser-Therme&#8220;<\/strong><\/h3>\n\n\n\n<p>Copak n\u00e1s tady \u010dek\u00e1? 34 parkovac\u00edch m\u00edst pro karavany s&nbsp;\u00fa\u017easn\u00fdm v\u00fdhledem na Bad Abbach a okoln\u00ed krajinu. Mimo pot\u0159ebn\u00fdch p\u0159\u00edpojek lze vyu\u017e\u00edt soci\u00e1ln\u00ed za\u0159\u00edzen\u00ed a je\u0161t\u011b v\u00e1m porad\u00ed s&nbsp;v\u00fdlety po okol\u00ed. Samotn\u00e9 l\u00e1zn\u011b m\u00e1te na dosah ruky, pouh\u00fdch 5 minut do l\u00e1ze\u0148sk\u00fdch zahrad a centra m\u011bsta. Pro milovn\u00edky cyklistiky m\u00e1m dobrou zpr\u00e1vu, cyklostezky pod\u00e9l Dunaje pat\u0159\u00ed k&nbsp;t\u011bm nejkr\u00e1sn\u011bj\u0161\u00edm. V\u0161emo\u017en\u00e9 baz\u00e9ny, sauny, soln\u00e1 jeskyn\u011b a dal\u0161\u00ed wellness vymo\u017eenosti si budete u\u017e\u00edvat pln\u00fdmi dou\u0161ky. (<a href=\"https:\/\/www.kaiser-therme.de\/wohnmobilstellplatz\"><strong>web<\/strong><\/a><strong>&nbsp;<\/strong><a href=\"https:\/\/www.google.cz\/maps\/place\/Kaiser-Therme\/@48.9282932,12.0378227,452m\/data=!3m2!1e3!4b1!4m5!3m4!1s0x479fc7ad61e2d2f3:0x1ff29132ff9c0098!8m2!3d48.9281347!4d12.0400858?hl=cs\"><strong>mapa<\/strong><\/a>)<\/p>\n\n\n\n<h3 class=\"wp-block-heading\"><strong>Mistelgau &#8222;Therme Obernsees&#8220;&nbsp;&nbsp; <\/strong><\/h3>\n\n\n\n<p>A\u017e budete pl\u00e1novat svou cestu, tyto l\u00e1zn\u011b ur\u010dit\u011b nav\u0161tivte. Vyberete si ze 40 karavanov\u00fdch st\u00e1n\u00ed v&nbsp;t\u011bsn\u00e9 bl\u00edzkosti l\u00e1zn\u00ed a budete \u010derpat slevy na v\u0161e mo\u017en\u00e9 v&nbsp;r\u00e1mci cel\u00e9ho komplexu. Pokud zde zakotv\u00edte aspo\u0148 na 5 dn\u00ed, tak m\u00e1te vstup do l\u00e1zn\u00ed zdarma. Doporu\u010duji to tu zejm\u00e9na pro rodinn\u00e9 pobyty s&nbsp;d\u011btmi, proto\u017ee n\u011bkolik skluzavek a dal\u0161\u00edch vodn\u00edch atrakc\u00ed va\u0161e ratolesti jist\u011b ocen\u00ed a vy zat\u00edm m\u016f\u017eete vyu\u017e\u00edt n\u011bkter\u00e9ho z&nbsp;relaxa\u010dn\u00edch baz\u00e9nu, a\u0165 u\u017e venku \u010di ve vnit\u0159n\u00edch prostorech. (<a href=\"https:\/\/www.therme-obernsees.de\/kontakt-infos\/touristinfo\/\"><strong>web<\/strong><\/a><strong>&nbsp;<\/strong><a href=\"https:\/\/www.google.cz\/maps\/place\/Therme+Obernsees\/@49.9168066,11.376523,289m\/data=!3m1!1e3!4m5!3m4!1s0x47a190e22fce4113:0x6c88c44da078367a!8m2!3d49.9151996!4d11.3783884?hl=cs\"><strong>mapa<\/strong><\/a>)<\/p>\n\n\n\n<figure class=\"wp-block-image size-large\"><img loading=\"lazy\" decoding=\"async\" width=\"1754\" height=\"1080\" src=\"https:\/\/all4camper.com\/\/wp-content\/uploads\/2022\/01\/stplz-ne\u030cmecko-la\u0301zne\u030c-1754x1080.jpeg\" alt=\"\" class=\"wp-image-139096\" srcset=\"https:\/\/all4camper.com\/wp-content\/uploads\/2022\/01\/stplz-ne\u030cmecko-la\u0301zne\u030c-1754x1080.jpeg 1754w, https:\/\/all4camper.com\/wp-content\/uploads\/2022\/01\/stplz-ne\u030cmecko-la\u0301zne\u030c-300x185.jpeg 300w, https:\/\/all4camper.com\/wp-content\/uploads\/2022\/01\/stplz-ne\u030cmecko-la\u0301zne\u030c-150x92.jpeg 150w, https:\/\/all4camper.com\/wp-content\/uploads\/2022\/01\/stplz-ne\u030cmecko-la\u0301zne\u030c-768x473.jpeg 768w, https:\/\/all4camper.com\/wp-content\/uploads\/2022\/01\/stplz-ne\u030cmecko-la\u0301zne\u030c-1536x946.jpeg 1536w, https:\/\/all4camper.com\/wp-content\/uploads\/2022\/01\/stplz-ne\u030cmecko-la\u0301zne\u030c-2048x1261.jpeg 2048w, https:\/\/all4camper.com\/wp-content\/uploads\/2022\/01\/stplz-ne\u030cmecko-la\u0301zne\u030c-696x429.jpeg 696w, https:\/\/all4camper.com\/wp-content\/uploads\/2022\/01\/stplz-ne\u030cmecko-la\u0301zne\u030c-1068x658.jpeg 1068w, https:\/\/all4camper.com\/wp-content\/uploads\/2022\/01\/stplz-ne\u030cmecko-la\u0301zne\u030c-1920x1183.jpeg 1920w\" sizes=\"auto, (max-width: 1754px) 100vw, 1754px\" \/><\/figure>\n\n\n\n<h3 class=\"wp-block-heading\"><strong>Bad Steben Therme&nbsp;&nbsp;&nbsp;&nbsp; <\/strong><\/h3>\n\n\n\n<p>Sv\u00fdm host\u016fm v\u00a0karavanech nab\u00edz\u00ed tyto l\u00e1zn\u011b modern\u00ed parkovi\u0161t\u011b ocen\u011bn\u00e9 renomovan\u00fdm pr\u016fvodcem jako <a href=\"https:\/\/top-platz.de\/\" target=\"_blank\" rel=\"noreferrer noopener nofollow\">Top Platz<\/a>. Nav\u00edc to m\u00e1te bl\u00edzko jak do samotn\u00fdch l\u00e1zn\u00ed, tak i do p\u0159ilehl\u00e9ho parku a venkovn\u00edho koupali\u0161t\u011b. Celkem 24 parkovac\u00edch m\u00edst, ka\u017ed\u00e9 o rozloze minim\u00e1ln\u011b 60 metr\u016f \u010dtvere\u010dn\u00edch, je dokonale pokryto wifi, poskytov\u00e1no bezplatn\u011b s m\u00edrn\u00fdm p\u0159\u00edplatkem za elektrick\u00e9 a vodovodn\u00ed p\u0159\u00edpojky. V\u00a0samotn\u00fdch l\u00e1zn\u00edch si u\u017eijete jak vodn\u00ed plochy, tak i r\u016fzn\u00e9 sauny a luxusn\u00ed wellness. (<a href=\"https:\/\/www.therme-bad-steben.de\/wohnmobilstellplatz\"><strong>web<\/strong><\/a><strong> <\/strong><a href=\"https:\/\/www.google.cz\/maps\/place\/Therme+Bad+Steben\/@50.363462,11.6325691,439m\/data=!3m2!1e3!4b1!4m5!3m4!1s0x47a16b96818dc89b:0x1d4e26d177d0b03d!8m2!3d50.3634586!4d11.6347578?hl=cs\"><strong>mapa<\/strong><\/a>)<\/p>\n\n\n\n<figure class=\"wp-block-image size-full\"><img loading=\"lazy\" decoding=\"async\" width=\"1920\" height=\"1080\" src=\"https:\/\/all4camper.com\/\/wp-content\/uploads\/2022\/01\/steben-lazne-stellplatz.jpeg\" alt=\"\" class=\"wp-image-139099\" srcset=\"https:\/\/all4camper.com\/wp-content\/uploads\/2022\/01\/steben-lazne-stellplatz.jpeg 1920w, https:\/\/all4camper.com\/wp-content\/uploads\/2022\/01\/steben-lazne-stellplatz-300x169.jpeg 300w, https:\/\/all4camper.com\/wp-content\/uploads\/2022\/01\/steben-lazne-stellplatz-150x84.jpeg 150w, https:\/\/all4camper.com\/wp-content\/uploads\/2022\/01\/steben-lazne-stellplatz-768x432.jpeg 768w, https:\/\/all4camper.com\/wp-content\/uploads\/2022\/01\/steben-lazne-stellplatz-1536x864.jpeg 1536w, https:\/\/all4camper.com\/wp-content\/uploads\/2022\/01\/steben-lazne-stellplatz-696x392.jpeg 696w, https:\/\/all4camper.com\/wp-content\/uploads\/2022\/01\/steben-lazne-stellplatz-1068x601.jpeg 1068w\" sizes=\"auto, (max-width: 1920px) 100vw, 1920px\" \/><\/figure>\n\n\n\n<h3 class=\"wp-block-heading\"><strong>Bad Rodach &#8222;ThermeNatur&#8220;\u00a0\u00a0\u00a0\u00a0 <\/strong><\/h3>\n\n\n\n<p>70 komfortn\u00edch parkovac\u00edch m\u00edst pro karavany najdete p\u0159\u00edmo v\u00a0are\u00e1lu l\u00e1zn\u00ed. Vyu\u017e\u00edt m\u016f\u017eete p\u0159\u00edpojky i soci\u00e1ln\u00ed za\u0159\u00edzen\u00ed a navrch t\u0159eba pr\u00e1delnu se su\u0161\u00e1rnou. Jak u\u017e jsem psala, na dosah ruky na v\u00e1s \u010dek\u00e1 l\u00e1ze\u0148sk\u00fd resort se v\u0161\u00edm, co si dovedete v\u00a0takov\u00fdch l\u00e1zn\u00edch p\u0159edstavit. Venkovn\u00ed i vnit\u0159n\u00ed baz\u00e9ny se solankou, parn\u00ed l\u00e1zn\u011b a perli\u010dkov\u00e9 trysky. Hlavn\u00edm bonusem je 5 hv\u011bzdi\u010dkov\u00fd saunov\u00fd sv\u011bt v\u010detn\u011b nudistick\u00e9ho baz\u00e9nu. T\u011b\u0161it se m\u016f\u017eete na velmi zaj\u00edmav\u00e9 slevy v\u00a0cel\u00e9m komplexu. (<a href=\"https:\/\/www.therme-natur.de\/wohnmobilstellplatz-thermenaue\/\" target=\"_blank\" rel=\"noreferrer noopener\"><strong>web<\/strong><\/a><strong>\u00a0 <\/strong><a href=\"https:\/\/www.google.cz\/maps\/place\/ThermeNatur+Bad+Rodach\/@50.3337341,10.7635512,439m\/data=!3m1!1e3!4m5!3m4!1s0x47a3b790f5b3d2ed:0x60c30910fa874183!8m2!3d50.3335808!4d10.7652243?hl=cs\"><strong>mapa<\/strong><\/a>)<\/p>\n\n\n\n<figure class=\"wp-block-image size-full\"><img loading=\"lazy\" decoding=\"async\" width=\"1920\" height=\"800\" src=\"https:\/\/all4camper.com\/\/wp-content\/uploads\/2022\/01\/stellplatz-ne\u030cmecko-terma\u0301ly-5.jpeg\" alt=\"\" class=\"wp-image-139101\" srcset=\"https:\/\/all4camper.com\/wp-content\/uploads\/2022\/01\/stellplatz-ne\u030cmecko-terma\u0301ly-5.jpeg 1920w, https:\/\/all4camper.com\/wp-content\/uploads\/2022\/01\/stellplatz-ne\u030cmecko-terma\u0301ly-5-300x125.jpeg 300w, https:\/\/all4camper.com\/wp-content\/uploads\/2022\/01\/stellplatz-ne\u030cmecko-terma\u0301ly-5-150x63.jpeg 150w, https:\/\/all4camper.com\/wp-content\/uploads\/2022\/01\/stellplatz-ne\u030cmecko-terma\u0301ly-5-768x320.jpeg 768w, https:\/\/all4camper.com\/wp-content\/uploads\/2022\/01\/stellplatz-ne\u030cmecko-terma\u0301ly-5-1536x640.jpeg 1536w, https:\/\/all4camper.com\/wp-content\/uploads\/2022\/01\/stellplatz-ne\u030cmecko-terma\u0301ly-5-696x290.jpeg 696w, https:\/\/all4camper.com\/wp-content\/uploads\/2022\/01\/stellplatz-ne\u030cmecko-terma\u0301ly-5-1068x445.jpeg 1068w\" sizes=\"auto, (max-width: 1920px) 100vw, 1920px\" \/><\/figure>\n\n\n\n<h3 class=\"wp-block-heading\"><strong>Bad K\u00f6nigshofen \u201eFrankenTherme\u201c\u00a0\u00a0\u00a0 <\/strong><\/h3>\n\n\n\n<p>Hlavn\u00edm tah\u00e1kem tohoto m\u00edsta je prvn\u00ed p\u0159\u00edrodn\u00ed l\u00e9\u010debn\u00e9 jezero v\u00a0N\u011bmecku, kter\u00e9 m\u00e1 velmi pozitivn\u00ed vliv na pohybov\u00fd apar\u00e1t a poko\u017eku. Na cestovatele v\u00a0obytn\u00fdch vozech \u010di karavanech zde opravdu mysleli. Aktu\u00e1ln\u011b je zde 100 parkovac\u00edch m\u00edst s\u00a0p\u0159\u00edpojkami, \u00fapln\u011b nov\u00e1 sanit\u00e1rn\u00ed budova a t\u0159eba tak\u00e9 pek\u00e1rna. I zde m\u016f\u017eete p\u0159i vstupu do l\u00e1zn\u00ed \u010derpat \u0159adu zaj\u00edmav\u00fdch slev. Nav\u00edc si p\u0159\u00edmo ze stellplatzu do l\u00e1zn\u00ed m\u016f\u017eete doj\u00edt v \u017eupanu. I s t\u00edm se tady po\u010d\u00edt\u00e1. (<a href=\"https:\/\/www.frankentherme.de\/wohnmobilisten\"><strong>web<\/strong><\/a><strong>\u00a0 <\/strong><a href=\"https:\/\/www.google.cz\/maps\/place\/Franken+Therme+Bad+K%C3%B6nigshofen\/@50.3009821,10.4736906,440m\/data=!3m2!1e3!4b1!4m5!3m4!1s0x47a3aebaa59405bf:0xbb3a07a14068c7d3!8m2!3d50.3011662!4d10.475777?hl=cs\"><strong>mapa<\/strong><\/a>)<\/p>\n\n\n\n<figure class=\"wp-block-image size-full is-resized\"><img loading=\"lazy\" decoding=\"async\" src=\"https:\/\/all4camper.com\/\/wp-content\/uploads\/2022\/01\/franken-stellplatz-ne\u030cmecko-terma\u0301ly.jpeg\" alt=\"\" class=\"wp-image-139103\" width=\"695\" height=\"390\" srcset=\"https:\/\/all4camper.com\/wp-content\/uploads\/2022\/01\/franken-stellplatz-ne\u030cmecko-terma\u0301ly.jpeg 1280w, https:\/\/all4camper.com\/wp-content\/uploads\/2022\/01\/franken-stellplatz-ne\u030cmecko-terma\u0301ly-300x169.jpeg 300w, https:\/\/all4camper.com\/wp-content\/uploads\/2022\/01\/franken-stellplatz-ne\u030cmecko-terma\u0301ly-150x84.jpeg 150w, https:\/\/all4camper.com\/wp-content\/uploads\/2022\/01\/franken-stellplatz-ne\u030cmecko-terma\u0301ly-768x432.jpeg 768w, https:\/\/all4camper.com\/wp-content\/uploads\/2022\/01\/franken-stellplatz-ne\u030cmecko-terma\u0301ly-696x392.jpeg 696w, https:\/\/all4camper.com\/wp-content\/uploads\/2022\/01\/franken-stellplatz-ne\u030cmecko-terma\u0301ly-1068x601.jpeg 1068w\" sizes=\"auto, (max-width: 695px) 100vw, 695px\" \/><\/figure>\n\n\n\n<p><strong>Bad Windsheim \u201eFranken Therme\u201c\u00a0\u00a0\u00a0 <\/strong><\/p>\n\n\n\n<p>Hned vedle l\u00e1zn\u00ed je <a href=\"https:\/\/www.phoenix-reisemobilhafen.de\/stellplatz\/\" target=\"_blank\" rel=\"noreferrer noopener\">prostor<\/a> pro 110 karavan\u016f, tak\u017ee o m\u00edsto nen\u00ed nouze. A co tady maj\u00ed tak zaj\u00edmav\u00e9ho? Tak t\u0159eba mimo\u0159\u00e1dn\u011b slan\u00e9 jezero \u2013 Franck\u00e9 Mrtv\u00e9 mo\u0159e, jezero je celoro\u010dn\u011b vyh\u0159\u00edvan\u00e9 a \u010d\u00e1ste\u010dn\u011b kryt\u00e9 pr\u016fhlednou kupol\u00ed, vzhledem k\u00a0vysok\u00e9 koncentraci pln\u011b nasycen\u00e9 solanky si prost\u011b lehnete na hladinu, zav\u0159ete o\u010di a budete jen relaxovat. (<a href=\"https:\/\/franken-therme.net\/info-service\/urlaub-in-bad-windsheim\"><strong>web<\/strong><\/a><strong> <\/strong><a href=\"https:\/\/www.google.cz\/maps\/place\/Franken-Therme+Bad+Windsheim+GmbH\/@49.5113443,10.4148803,247m\/data=!3m1!1e3!4m5!3m4!1s0x47989e5e78d38545:0xc0bb072dd59a278e!8m2!3d49.5138184!4d10.4141805?hl=cs\"><strong>mapa<\/strong><\/a>)<\/p>\n\n\n\n<div class=\"wp-block-image\"><figure class=\"aligncenter size-large\"><img loading=\"lazy\" decoding=\"async\" width=\"1574\" height=\"885\" src=\"https:\/\/all4camper.com\/\/wp-content\/uploads\/2022\/01\/csm_stellplatzplan_mit_nummern_8321cdc0ab-edited.png\" alt=\"\" class=\"wp-image-139107\" srcset=\"https:\/\/all4camper.com\/wp-content\/uploads\/2022\/01\/csm_stellplatzplan_mit_nummern_8321cdc0ab-edited.png 1574w, https:\/\/all4camper.com\/wp-content\/uploads\/2022\/01\/csm_stellplatzplan_mit_nummern_8321cdc0ab-edited-300x169.png 300w, https:\/\/all4camper.com\/wp-content\/uploads\/2022\/01\/csm_stellplatzplan_mit_nummern_8321cdc0ab-edited-150x84.png 150w, https:\/\/all4camper.com\/wp-content\/uploads\/2022\/01\/csm_stellplatzplan_mit_nummern_8321cdc0ab-edited-768x432.png 768w, https:\/\/all4camper.com\/wp-content\/uploads\/2022\/01\/csm_stellplatzplan_mit_nummern_8321cdc0ab-edited-1536x864.png 1536w, https:\/\/all4camper.com\/wp-content\/uploads\/2022\/01\/csm_stellplatzplan_mit_nummern_8321cdc0ab-edited-696x391.png 696w, https:\/\/all4camper.com\/wp-content\/uploads\/2022\/01\/csm_stellplatzplan_mit_nummern_8321cdc0ab-edited-1068x600.png 1068w\" sizes=\"auto, (max-width: 1574px) 100vw, 1574px\" \/><\/figure><\/div>\n\n\n\n<h3 class=\"wp-block-heading\"><strong>Bad Waldsee &#8222;Waldsee-Therme&#8220;\u00a0\u00a0\u00a0\u00a0 <\/strong><\/h3>\n\n\n\n<p>Parkovac\u00ed m\u00edsta pro karavany najdete hned u l\u00e1zn\u00ed. Celkem jich je aktu\u00e1ln\u011b 39 a jsou ozna\u010deny ocen\u011bn\u00edm Top Platz. Nav\u00edc to m\u00e1te bl\u00edzko nejen do l\u00e1zn\u00ed, ale tak\u00e9 jen p\u00e1r krok\u016f do historick\u00e9ho centra m\u011bsta Bad Waldsee, tak\u017ee m\u016f\u017eete sm\u011ble vyrazit t\u0159eba za n\u00e1kupy. Okol\u00ed je vhodn\u00e9 jak pro p\u011b\u0161\u00ed turistiku, tak i pro milovn\u00edky cykloturistiky. Pokud bych m\u011bla vyp\u00edchnout n\u011bco extra ze zdej\u0161\u00edch l\u00e1zn\u00ed, tak to bude term\u00e1ln\u00ed voda s\u00a0obsahem s\u00edry a fluoru. Jde o nejteplej\u0161\u00ed pramen v\u00a0Horn\u00edm \u0160v\u00e1bsku &#8211; co \u0159\u00edk\u00e1te na teplotu vody 65 stup\u0148\u016f Celsia? Samoz\u0159ejm\u011b se pak m\u016f\u017eete zchladit ve vedlej\u0161\u00edm baz\u00e9nu o cca 30 stup\u0148\u016f ni\u017e\u0161\u00ed teplot\u011b. (<a href=\"https:\/\/www.waldsee-therme.de\/info-service\/wohnmobil-stellplatz\/\"><strong>web<\/strong><\/a><strong>\u00a0 <\/strong><a href=\"https:\/\/www.google.cz\/maps\/place\/Waldsee-Therme\/@47.9154923,9.7612424,207m\/data=!3m1!1e3!4m5!3m4!1s0x479bb977afa9593d:0x7b5da0893aa151ff!8m2!3d47.9161744!4d9.7621368?hl=cs\"><strong>mapa<\/strong><\/a>)<\/p>\n\n\n\n<figure class=\"wp-block-image size-full is-resized\"><img loading=\"lazy\" decoding=\"async\" src=\"https:\/\/all4camper.com\/\/wp-content\/uploads\/2022\/01\/stellplatz-jiz\u030cni\u0301-ne\u030cmecko.jpg\" alt=\"\" class=\"wp-image-139109\" width=\"695\" height=\"546\" srcset=\"https:\/\/all4camper.com\/wp-content\/uploads\/2022\/01\/stellplatz-jiz\u030cni\u0301-ne\u030cmecko.jpg 750w, https:\/\/all4camper.com\/wp-content\/uploads\/2022\/01\/stellplatz-jiz\u030cni\u0301-ne\u030cmecko-300x236.jpg 300w, https:\/\/all4camper.com\/wp-content\/uploads\/2022\/01\/stellplatz-jiz\u030cni\u0301-ne\u030cmecko-150x118.jpg 150w, https:\/\/all4camper.com\/wp-content\/uploads\/2022\/01\/stellplatz-jiz\u030cni\u0301-ne\u030cmecko-696x548.jpg 696w\" sizes=\"auto, (max-width: 695px) 100vw, 695px\" \/><\/figure>\n\n\n\n<p><strong>Bad Reichenhall &#8222;Rupertus Therme&#8220;\u00a0\u00a0\u00a0 <\/strong><\/p>\n\n\n\n<p>N\u00e1\u0161 p\u0159ehled uzav\u00edr\u00e1 velmi p\u011bkn\u00fd resort Rupertus Therme v\u00a0Bad Reichenhall. Asi u\u017e v\u011bt\u0161ina z\u00a0v\u00e1s sly\u0161ela o alpsk\u00e9 soli z\u00a0Bad Reichenhall. Ano, tady jste spr\u00e1vn\u011b. Alpsk\u00e1 solanka je p\u0159iv\u00e1d\u011bna p\u0159\u00edmo do soln\u00fdch l\u00e1zn\u00ed, posiluje imunitn\u00ed syst\u00e9m, pe\u010duje o poko\u017eku a uvol\u0148uje klouby a svaly. Velk\u00e9 prosklen\u00e9 pr\u016f\u010del\u00ed l\u00e1zn\u00ed nab\u00edz\u00ed n\u00e1dhern\u00fd v\u00fdhled na Alpy, tak\u017ee jste doslova obklopeni kr\u00e1snou p\u0159\u00edrodou. V\u00a0nedalek\u00e9m parku pro karavany a obytn\u00e9 vozy se vyskytuje na 25 parkovac\u00edch m\u00edst a do l\u00e1zn\u00ed to m\u00e1te opravdu kousek. (<a href=\"https:\/\/www.rupertustherme.de\/service\/wohnmobilpark\" target=\"_blank\" rel=\"noreferrer noopener\"><strong>web<\/strong><\/a><strong>\u00a0 <\/strong><a href=\"https:\/\/www.google.cz\/maps\/place\/RupertusTherme\/@47.733887,12.8745793,384m\/data=!3m1!1e3!4m5!3m4!1s0x47768c6bd1516581:0xb4a7e238fc5201db!8m2!3d47.7322644!4d12.8752468?hl=cs\"><strong>mapa<\/strong><\/a>)<\/p>\n\n\n\n<figure class=\"wp-block-image size-large\"><img loading=\"lazy\" decoding=\"async\" width=\"1440\" height=\"1080\" src=\"https:\/\/all4camper.com\/\/wp-content\/uploads\/2022\/01\/stellplatz-ne\u030cmecko-la\u0301zne\u030c-terma\u0301ly-6-1440x1080.jpeg\" alt=\"\" class=\"wp-image-139112\" srcset=\"https:\/\/all4camper.com\/wp-content\/uploads\/2022\/01\/stellplatz-ne\u030cmecko-la\u0301zne\u030c-terma\u0301ly-6-1440x1080.jpeg 1440w, https:\/\/all4camper.com\/wp-content\/uploads\/2022\/01\/stellplatz-ne\u030cmecko-la\u0301zne\u030c-terma\u0301ly-6-300x225.jpeg 300w, https:\/\/all4camper.com\/wp-content\/uploads\/2022\/01\/stellplatz-ne\u030cmecko-la\u0301zne\u030c-terma\u0301ly-6-150x113.jpeg 150w, https:\/\/all4camper.com\/wp-content\/uploads\/2022\/01\/stellplatz-ne\u030cmecko-la\u0301zne\u030c-terma\u0301ly-6-768x576.jpeg 768w, https:\/\/all4camper.com\/wp-content\/uploads\/2022\/01\/stellplatz-ne\u030cmecko-la\u0301zne\u030c-terma\u0301ly-6-1536x1152.jpeg 1536w, https:\/\/all4camper.com\/wp-content\/uploads\/2022\/01\/stellplatz-ne\u030cmecko-la\u0301zne\u030c-terma\u0301ly-6-2048x1536.jpeg 2048w, https:\/\/all4camper.com\/wp-content\/uploads\/2022\/01\/stellplatz-ne\u030cmecko-la\u0301zne\u030c-terma\u0301ly-6-696x522.jpeg 696w, https:\/\/all4camper.com\/wp-content\/uploads\/2022\/01\/stellplatz-ne\u030cmecko-la\u0301zne\u030c-terma\u0301ly-6-1068x801.jpeg 1068w, https:\/\/all4camper.com\/wp-content\/uploads\/2022\/01\/stellplatz-ne\u030cmecko-la\u0301zne\u030c-terma\u0301ly-6-1920x1440.jpeg 1920w\" sizes=\"auto, (max-width: 1440px) 100vw, 1440px\" \/><\/figure>\n\n\n\n<p><strong>Tak co \u0159\u00edk\u00e1te, stoj\u00ed za to vyrazit nap\u0159\u00ed\u010d N\u011bmeckem za pozn\u00e1n\u00edm zdej\u0161\u00edho l\u00e1ze\u0148stv\u00ed?<\/strong> <strong>Tak nev\u00e1hejte, zvolte si trasu a vyje\u010fte. Tady si opravdu odpo\u010dinete a naberete nov\u00e9 s\u00edly.<\/strong><\/p>\n\n\n\n<pre class=\"wp-block-verse\">Dal\u0161\u00ed m\u00e9 \u010dl\u00e1nky na t\u00e9ma N\u011bmecko najdete <a href=\"\/cs?cat_ID=2377\" target=\"_blank\" rel=\"noreferrer noopener\">tady<\/a> a t\u00e9ma l\u00e1zn\u011b, aquparky \u010di z\u00e1bavn\u00ed partky zase <a href=\"\/cs?cat_ID=342\">tady<\/a>.<\/pre>\n","protected":false},"excerpt":{"rendered":"<p>V dne\u0161n\u00edm p\u0159\u00edsp\u011bvku navazuji na p\u0159edchoz\u00ed \u010dl\u00e1nek Do term\u00e1ln\u00edch l\u00e1zn\u00ed aneb s karavanem po N\u011bmecku \u2013 \u010d\u00e1st 1. ve kter\u00e9m jste mohli z\u00edskat mnoho tip\u016f jak na term\u00e1ln\u00ed l\u00e1zn\u011b, tak hlavn\u011b na stellplatzy v jejich bl\u00edzkosti. A proto\u017ee jsme nestihli obs\u00e1hnout cel\u00e9 N\u011bmecko, zb\u00fdv\u00e1 v\u00e1m je\u0161t\u011b jeho ji\u017en\u00ed \u010d\u00e1st. A pr\u00e1v\u011b tu v\u00e1m dnes p\u0159in\u00e1\u0161\u00edm. [&hellip;]<\/p>\n","protected":false},"author":4,"featured_media":139089,"comment_status":"closed","ping_status":"open","sticky":false,"template":"","format":"standard","meta":{"_monsterinsights_skip_tracking":false,"_monsterinsights_sitenote_active":false,"_monsterinsights_sitenote_note":"","_monsterinsights_sitenote_category":0,"footnotes":""},"categories":[2377,422,11224,342],"tags":[437,97,81],"class_list":{"0":"post-139042","1":"post","2":"type-post","3":"status-publish","4":"format-standard","5":"has-post-thumbnail","7":"category-kempovani-a-cestovani-v-nemecku","8":"category-novinky-kempovani-a-karavaning","9":"category-stellplatzy","10":"category-termalni-lazne-a-aquaparky-zabavni-parky","11":"tag-karavanova-stani","12":"tag-nemecko","13":"tag-termalni-lazne"},"yoast_head":"<!-- This site is optimized with the Yoast SEO plugin v27.5 - https:\/\/yoast.com\/product\/yoast-seo-wordpress\/ -->\n<title>Karavanov\u00e1 st\u00e1n\u00ed u term\u00e1ln\u00edch l\u00e1zn\u00ed v Ji\u017en\u00edm N\u011bmecku - All4Camper<\/title>\n<meta name=\"description\" content=\"V dne\u0161n\u00edm p\u0159\u00edsp\u011bvku navazuji na p\u0159edchoz\u00ed \u010dl\u00e1nek Do term\u00e1ln\u00edch l\u00e1zn\u00ed aneb s karavanem po N\u011bmecku \u2013 \u010d\u00e1st 1. ve kter\u00e9m jste mohli z\u00edskat mnoho tip\u016f jak na term\u00e1ln\u00ed l\u00e1zn\u011b, tak hlavn\u011b na stellplatzy v jejich bl\u00edzkosti. A proto\u017ee jsme nestihli obs\u00e1hnout cel\u00e9 N\u011bmecko, zb\u00fdv\u00e1 v\u00e1m je\u0161t\u011b jeho ji\u017en\u00ed \u010d\u00e1st. A pr\u00e1v\u011b tu v\u00e1m dnes p\u0159in\u00e1\u0161\u00edm.\" \/>\n<meta name=\"robots\" content=\"index, follow, max-snippet:-1, max-image-preview:large, max-video-preview:-1\" \/>\n<link rel=\"canonical\" href=\"https:\/\/all4camper.com\/cs\/karavanova-stani-u-termalnich-lazni-v-jiznim-nemecku\/\" \/>\n<meta property=\"og:locale\" content=\"cs_CZ\" \/>\n<meta property=\"og:type\" content=\"article\" \/>\n<meta property=\"og:title\" content=\"Karavanov\u00e1 st\u00e1n\u00ed u term\u00e1ln\u00edch l\u00e1zn\u00ed v Ji\u017en\u00edm N\u011bmecku - All4Camper\" \/>\n<meta property=\"og:description\" content=\"V dne\u0161n\u00edm p\u0159\u00edsp\u011bvku navazuji na p\u0159edchoz\u00ed \u010dl\u00e1nek Do term\u00e1ln\u00edch l\u00e1zn\u00ed aneb s karavanem po N\u011bmecku \u2013 \u010d\u00e1st 1. ve kter\u00e9m jste mohli z\u00edskat mnoho tip\u016f jak na term\u00e1ln\u00ed l\u00e1zn\u011b, tak hlavn\u011b na stellplatzy v jejich bl\u00edzkosti. A proto\u017ee jsme nestihli obs\u00e1hnout cel\u00e9 N\u011bmecko, zb\u00fdv\u00e1 v\u00e1m je\u0161t\u011b jeho ji\u017en\u00ed \u010d\u00e1st. A pr\u00e1v\u011b tu v\u00e1m dnes p\u0159in\u00e1\u0161\u00edm.\" \/>\n<meta property=\"og:url\" content=\"https:\/\/all4camper.com\/cs\/karavanova-stani-u-termalnich-lazni-v-jiznim-nemecku\/\" \/>\n<meta property=\"og:site_name\" content=\"All4Camper\" \/>\n<meta property=\"article:published_time\" content=\"2022-01-18T08:42:08+00:00\" \/>\n<meta property=\"article:modified_time\" content=\"2022-01-18T08:57:52+00:00\" \/>\n<meta property=\"og:image\" content=\"https:\/\/all4camper.com\/wp-content\/uploads\/2022\/01\/stellplatz-ne\u030cmecko-la\u0301zne\u030c.jpeg\" \/>\n\t<meta property=\"og:image:width\" content=\"1900\" \/>\n\t<meta property=\"og:image:height\" content=\"1120\" \/>\n\t<meta property=\"og:image:type\" content=\"image\/jpeg\" \/>\n<meta name=\"author\" content=\"Kl\u00e1ra H\u00e1jkov\u00e1\" \/>\n<meta name=\"twitter:card\" content=\"summary_large_image\" \/>\n<meta name=\"twitter:label1\" content=\"Napsal(a)\" \/>\n\t<meta name=\"twitter:data1\" content=\"Kl\u00e1ra H\u00e1jkov\u00e1\" \/>\n\t<meta name=\"twitter:label2\" content=\"Odhadovan\u00e1 doba \u010dten\u00ed\" \/>\n\t<meta name=\"twitter:data2\" content=\"9 minut\" \/>\n<script type=\"application\/ld+json\" class=\"yoast-schema-graph\">{\"@context\":\"https:\\\/\\\/schema.org\",\"@graph\":[{\"@type\":\"Article\",\"@id\":\"https:\\\/\\\/all4camper.com\\\/cs\\\/karavanova-stani-u-termalnich-lazni-v-jiznim-nemecku\\\/#article\",\"isPartOf\":{\"@id\":\"https:\\\/\\\/all4camper.com\\\/cs\\\/karavanova-stani-u-termalnich-lazni-v-jiznim-nemecku\\\/\"},\"author\":{\"name\":\"Kl\u00e1ra H\u00e1jkov\u00e1\",\"@id\":\"https:\\\/\\\/all4camper.com\\\/cs\\\/#\\\/schema\\\/person\\\/c6f1efdf1d02bc7d8c53a891cbe18c62\"},\"headline\":\"Karavanov\u00e1 st\u00e1n\u00ed u term\u00e1ln\u00edch l\u00e1zn\u00ed v Ji\u017en\u00edm N\u011bmecku\",\"datePublished\":\"2022-01-18T08:42:08+00:00\",\"dateModified\":\"2022-01-18T08:57:52+00:00\",\"mainEntityOfPage\":{\"@id\":\"https:\\\/\\\/all4camper.com\\\/cs\\\/karavanova-stani-u-termalnich-lazni-v-jiznim-nemecku\\\/\"},\"wordCount\":1660,\"publisher\":{\"@id\":\"https:\\\/\\\/all4camper.com\\\/cs\\\/#organization\"},\"image\":{\"@id\":\"https:\\\/\\\/all4camper.com\\\/cs\\\/karavanova-stani-u-termalnich-lazni-v-jiznim-nemecku\\\/#primaryimage\"},\"thumbnailUrl\":\"https:\\\/\\\/all4camper.com\\\/wp-content\\\/uploads\\\/2022\\\/01\\\/stellplatz-ne\u030cmecko-la\u0301zne\u030c.jpeg\",\"keywords\":[\"karavanov\u00e1 st\u00e1n\u00ed\",\"N\u011bmecko\",\"Term\u00e1ln\u00ed l\u00e1zn\u011b\"],\"articleSection\":[\"Kempov\u00e1n\u00ed a cestov\u00e1n\u00ed v N\u011bmecku\",\"Novinky - Kempov\u00e1n\u00ed a karavaning\",\"Stellplatzy\",\"Term\u00e1ln\u00ed l\u00e1zn\u011b, akvaparky a z\u00e1bavn\u00ed parky\"],\"inLanguage\":\"cs\"},{\"@type\":\"WebPage\",\"@id\":\"https:\\\/\\\/all4camper.com\\\/cs\\\/karavanova-stani-u-termalnich-lazni-v-jiznim-nemecku\\\/\",\"url\":\"https:\\\/\\\/all4camper.com\\\/cs\\\/karavanova-stani-u-termalnich-lazni-v-jiznim-nemecku\\\/\",\"name\":\"Karavanov\u00e1 st\u00e1n\u00ed u term\u00e1ln\u00edch l\u00e1zn\u00ed v Ji\u017en\u00edm N\u011bmecku - All4Camper\",\"isPartOf\":{\"@id\":\"https:\\\/\\\/all4camper.com\\\/cs\\\/#website\"},\"primaryImageOfPage\":{\"@id\":\"https:\\\/\\\/all4camper.com\\\/cs\\\/karavanova-stani-u-termalnich-lazni-v-jiznim-nemecku\\\/#primaryimage\"},\"image\":{\"@id\":\"https:\\\/\\\/all4camper.com\\\/cs\\\/karavanova-stani-u-termalnich-lazni-v-jiznim-nemecku\\\/#primaryimage\"},\"thumbnailUrl\":\"https:\\\/\\\/all4camper.com\\\/wp-content\\\/uploads\\\/2022\\\/01\\\/stellplatz-ne\u030cmecko-la\u0301zne\u030c.jpeg\",\"datePublished\":\"2022-01-18T08:42:08+00:00\",\"dateModified\":\"2022-01-18T08:57:52+00:00\",\"description\":\"V dne\u0161n\u00edm p\u0159\u00edsp\u011bvku navazuji na p\u0159edchoz\u00ed \u010dl\u00e1nek Do term\u00e1ln\u00edch l\u00e1zn\u00ed aneb s karavanem po N\u011bmecku \u2013 \u010d\u00e1st 1. ve kter\u00e9m jste mohli z\u00edskat mnoho tip\u016f jak na term\u00e1ln\u00ed l\u00e1zn\u011b, tak hlavn\u011b na stellplatzy v jejich bl\u00edzkosti. A proto\u017ee jsme nestihli obs\u00e1hnout cel\u00e9 N\u011bmecko, zb\u00fdv\u00e1 v\u00e1m je\u0161t\u011b jeho ji\u017en\u00ed \u010d\u00e1st. A pr\u00e1v\u011b tu v\u00e1m dnes p\u0159in\u00e1\u0161\u00edm.\",\"breadcrumb\":{\"@id\":\"https:\\\/\\\/all4camper.com\\\/cs\\\/karavanova-stani-u-termalnich-lazni-v-jiznim-nemecku\\\/#breadcrumb\"},\"inLanguage\":\"cs\",\"potentialAction\":[{\"@type\":\"ReadAction\",\"target\":[\"https:\\\/\\\/all4camper.com\\\/cs\\\/karavanova-stani-u-termalnich-lazni-v-jiznim-nemecku\\\/\"]}]},{\"@type\":\"ImageObject\",\"inLanguage\":\"cs\",\"@id\":\"https:\\\/\\\/all4camper.com\\\/cs\\\/karavanova-stani-u-termalnich-lazni-v-jiznim-nemecku\\\/#primaryimage\",\"url\":\"https:\\\/\\\/all4camper.com\\\/wp-content\\\/uploads\\\/2022\\\/01\\\/stellplatz-ne\u030cmecko-la\u0301zne\u030c.jpeg\",\"contentUrl\":\"https:\\\/\\\/all4camper.com\\\/wp-content\\\/uploads\\\/2022\\\/01\\\/stellplatz-ne\u030cmecko-la\u0301zne\u030c.jpeg\",\"width\":1900,\"height\":1120},{\"@type\":\"BreadcrumbList\",\"@id\":\"https:\\\/\\\/all4camper.com\\\/cs\\\/karavanova-stani-u-termalnich-lazni-v-jiznim-nemecku\\\/#breadcrumb\",\"itemListElement\":[{\"@type\":\"ListItem\",\"position\":1,\"name\":\"Dom\u016f\",\"item\":\"https:\\\/\\\/all4camper.com\\\/cs\\\/\"},{\"@type\":\"ListItem\",\"position\":2,\"name\":\"Novinky - Kempov\u00e1n\u00ed a karavaning\",\"item\":\"https:\\\/\\\/all4camper.com\\\/cs\\\/category\\\/novinky-kempovani-a-karavaning\\\/\"},{\"@type\":\"ListItem\",\"position\":3,\"name\":\"Karavanov\u00e1 st\u00e1n\u00ed u term\u00e1ln\u00edch l\u00e1zn\u00ed v Ji\u017en\u00edm N\u011bmecku\"}]},{\"@type\":\"WebSite\",\"@id\":\"https:\\\/\\\/all4camper.com\\\/cs\\\/#website\",\"url\":\"https:\\\/\\\/all4camper.com\\\/cs\\\/\",\"name\":\"All4Camper\",\"description\":\"Nejv\u011bt\u0161\u00ed online magaz\u00edn o kempov\u00e1n\u00ed a karavaninku. V\u00edce jak 900 \u010dl\u00e1nk\u016f pln\u00fdch rad a tip\u016f o kempech a kempov\u00e1n\u00ed.\",\"publisher\":{\"@id\":\"https:\\\/\\\/all4camper.com\\\/cs\\\/#organization\"},\"potentialAction\":[{\"@type\":\"SearchAction\",\"target\":{\"@type\":\"EntryPoint\",\"urlTemplate\":\"https:\\\/\\\/all4camper.com\\\/cs\\\/?s={search_term_string}\"},\"query-input\":{\"@type\":\"PropertyValueSpecification\",\"valueRequired\":true,\"valueName\":\"search_term_string\"}}],\"inLanguage\":\"cs\"},{\"@type\":\"Organization\",\"@id\":\"https:\\\/\\\/all4camper.com\\\/cs\\\/#organization\",\"name\":\"All4Camper - kempujeme s Kl\u00e1rou\",\"url\":\"https:\\\/\\\/all4camper.com\\\/cs\\\/\",\"logo\":{\"@type\":\"ImageObject\",\"inLanguage\":\"cs\",\"@id\":\"https:\\\/\\\/all4camper.com\\\/cs\\\/#\\\/schema\\\/logo\\\/image\\\/\",\"url\":\"https:\\\/\\\/all4camper.com\\\/wp-content\\\/uploads\\\/2018\\\/09\\\/novelogo.png\",\"contentUrl\":\"https:\\\/\\\/all4camper.com\\\/wp-content\\\/uploads\\\/2018\\\/09\\\/novelogo.png\",\"width\":1520,\"height\":600,\"caption\":\"All4Camper - kempujeme s Kl\u00e1rou\"},\"image\":{\"@id\":\"https:\\\/\\\/all4camper.com\\\/cs\\\/#\\\/schema\\\/logo\\\/image\\\/\"}},{\"@type\":\"Person\",\"@id\":\"https:\\\/\\\/all4camper.com\\\/cs\\\/#\\\/schema\\\/person\\\/c6f1efdf1d02bc7d8c53a891cbe18c62\",\"name\":\"Kl\u00e1ra H\u00e1jkov\u00e1\",\"sameAs\":[\"http:\\\/\\\/www.all4camper.com\"],\"url\":\"https:\\\/\\\/all4camper.com\\\/cs\\\/author\\\/klarinkacestuje1\\\/\"}]}<\/script>\n<!-- \/ Yoast SEO plugin. -->","yoast_head_json":{"title":"Karavanov\u00e1 st\u00e1n\u00ed u term\u00e1ln\u00edch l\u00e1zn\u00ed v Ji\u017en\u00edm N\u011bmecku - All4Camper","description":"V dne\u0161n\u00edm p\u0159\u00edsp\u011bvku navazuji na p\u0159edchoz\u00ed \u010dl\u00e1nek Do term\u00e1ln\u00edch l\u00e1zn\u00ed aneb s karavanem po N\u011bmecku \u2013 \u010d\u00e1st 1. ve kter\u00e9m jste mohli z\u00edskat mnoho tip\u016f jak na term\u00e1ln\u00ed l\u00e1zn\u011b, tak hlavn\u011b na stellplatzy v jejich bl\u00edzkosti. A proto\u017ee jsme nestihli obs\u00e1hnout cel\u00e9 N\u011bmecko, zb\u00fdv\u00e1 v\u00e1m je\u0161t\u011b jeho ji\u017en\u00ed \u010d\u00e1st. A pr\u00e1v\u011b tu v\u00e1m dnes p\u0159in\u00e1\u0161\u00edm.","robots":{"index":"index","follow":"follow","max-snippet":"max-snippet:-1","max-image-preview":"max-image-preview:large","max-video-preview":"max-video-preview:-1"},"canonical":"https:\/\/all4camper.com\/cs\/karavanova-stani-u-termalnich-lazni-v-jiznim-nemecku\/","og_locale":"cs_CZ","og_type":"article","og_title":"Karavanov\u00e1 st\u00e1n\u00ed u term\u00e1ln\u00edch l\u00e1zn\u00ed v Ji\u017en\u00edm N\u011bmecku - All4Camper","og_description":"V dne\u0161n\u00edm p\u0159\u00edsp\u011bvku navazuji na p\u0159edchoz\u00ed \u010dl\u00e1nek Do term\u00e1ln\u00edch l\u00e1zn\u00ed aneb s karavanem po N\u011bmecku \u2013 \u010d\u00e1st 1. ve kter\u00e9m jste mohli z\u00edskat mnoho tip\u016f jak na term\u00e1ln\u00ed l\u00e1zn\u011b, tak hlavn\u011b na stellplatzy v jejich bl\u00edzkosti. A proto\u017ee jsme nestihli obs\u00e1hnout cel\u00e9 N\u011bmecko, zb\u00fdv\u00e1 v\u00e1m je\u0161t\u011b jeho ji\u017en\u00ed \u010d\u00e1st. A pr\u00e1v\u011b tu v\u00e1m dnes p\u0159in\u00e1\u0161\u00edm.","og_url":"https:\/\/all4camper.com\/cs\/karavanova-stani-u-termalnich-lazni-v-jiznim-nemecku\/","og_site_name":"All4Camper","article_published_time":"2022-01-18T08:42:08+00:00","article_modified_time":"2022-01-18T08:57:52+00:00","og_image":[{"width":1900,"height":1120,"url":"https:\/\/all4camper.com\/wp-content\/uploads\/2022\/01\/stellplatz-ne\u030cmecko-la\u0301zne\u030c.jpeg","type":"image\/jpeg"}],"author":"Kl\u00e1ra H\u00e1jkov\u00e1","twitter_card":"summary_large_image","twitter_misc":{"Napsal(a)":"Kl\u00e1ra H\u00e1jkov\u00e1","Odhadovan\u00e1 doba \u010dten\u00ed":"9 minut"},"schema":{"@context":"https:\/\/schema.org","@graph":[{"@type":"Article","@id":"https:\/\/all4camper.com\/cs\/karavanova-stani-u-termalnich-lazni-v-jiznim-nemecku\/#article","isPartOf":{"@id":"https:\/\/all4camper.com\/cs\/karavanova-stani-u-termalnich-lazni-v-jiznim-nemecku\/"},"author":{"name":"Kl\u00e1ra H\u00e1jkov\u00e1","@id":"https:\/\/all4camper.com\/cs\/#\/schema\/person\/c6f1efdf1d02bc7d8c53a891cbe18c62"},"headline":"Karavanov\u00e1 st\u00e1n\u00ed u term\u00e1ln\u00edch l\u00e1zn\u00ed v Ji\u017en\u00edm N\u011bmecku","datePublished":"2022-01-18T08:42:08+00:00","dateModified":"2022-01-18T08:57:52+00:00","mainEntityOfPage":{"@id":"https:\/\/all4camper.com\/cs\/karavanova-stani-u-termalnich-lazni-v-jiznim-nemecku\/"},"wordCount":1660,"publisher":{"@id":"https:\/\/all4camper.com\/cs\/#organization"},"image":{"@id":"https:\/\/all4camper.com\/cs\/karavanova-stani-u-termalnich-lazni-v-jiznim-nemecku\/#primaryimage"},"thumbnailUrl":"https:\/\/all4camper.com\/wp-content\/uploads\/2022\/01\/stellplatz-ne\u030cmecko-la\u0301zne\u030c.jpeg","keywords":["karavanov\u00e1 st\u00e1n\u00ed","N\u011bmecko","Term\u00e1ln\u00ed l\u00e1zn\u011b"],"articleSection":["Kempov\u00e1n\u00ed a cestov\u00e1n\u00ed v N\u011bmecku","Novinky - Kempov\u00e1n\u00ed a karavaning","Stellplatzy","Term\u00e1ln\u00ed l\u00e1zn\u011b, akvaparky a z\u00e1bavn\u00ed parky"],"inLanguage":"cs"},{"@type":"WebPage","@id":"https:\/\/all4camper.com\/cs\/karavanova-stani-u-termalnich-lazni-v-jiznim-nemecku\/","url":"https:\/\/all4camper.com\/cs\/karavanova-stani-u-termalnich-lazni-v-jiznim-nemecku\/","name":"Karavanov\u00e1 st\u00e1n\u00ed u term\u00e1ln\u00edch l\u00e1zn\u00ed v Ji\u017en\u00edm N\u011bmecku - All4Camper","isPartOf":{"@id":"https:\/\/all4camper.com\/cs\/#website"},"primaryImageOfPage":{"@id":"https:\/\/all4camper.com\/cs\/karavanova-stani-u-termalnich-lazni-v-jiznim-nemecku\/#primaryimage"},"image":{"@id":"https:\/\/all4camper.com\/cs\/karavanova-stani-u-termalnich-lazni-v-jiznim-nemecku\/#primaryimage"},"thumbnailUrl":"https:\/\/all4camper.com\/wp-content\/uploads\/2022\/01\/stellplatz-ne\u030cmecko-la\u0301zne\u030c.jpeg","datePublished":"2022-01-18T08:42:08+00:00","dateModified":"2022-01-18T08:57:52+00:00","description":"V dne\u0161n\u00edm p\u0159\u00edsp\u011bvku navazuji na p\u0159edchoz\u00ed \u010dl\u00e1nek Do term\u00e1ln\u00edch l\u00e1zn\u00ed aneb s karavanem po N\u011bmecku \u2013 \u010d\u00e1st 1. ve kter\u00e9m jste mohli z\u00edskat mnoho tip\u016f jak na term\u00e1ln\u00ed l\u00e1zn\u011b, tak hlavn\u011b na stellplatzy v jejich bl\u00edzkosti. A proto\u017ee jsme nestihli obs\u00e1hnout cel\u00e9 N\u011bmecko, zb\u00fdv\u00e1 v\u00e1m je\u0161t\u011b jeho ji\u017en\u00ed \u010d\u00e1st. A pr\u00e1v\u011b tu v\u00e1m dnes p\u0159in\u00e1\u0161\u00edm.","breadcrumb":{"@id":"https:\/\/all4camper.com\/cs\/karavanova-stani-u-termalnich-lazni-v-jiznim-nemecku\/#breadcrumb"},"inLanguage":"cs","potentialAction":[{"@type":"ReadAction","target":["https:\/\/all4camper.com\/cs\/karavanova-stani-u-termalnich-lazni-v-jiznim-nemecku\/"]}]},{"@type":"ImageObject","inLanguage":"cs","@id":"https:\/\/all4camper.com\/cs\/karavanova-stani-u-termalnich-lazni-v-jiznim-nemecku\/#primaryimage","url":"https:\/\/all4camper.com\/wp-content\/uploads\/2022\/01\/stellplatz-ne\u030cmecko-la\u0301zne\u030c.jpeg","contentUrl":"https:\/\/all4camper.com\/wp-content\/uploads\/2022\/01\/stellplatz-ne\u030cmecko-la\u0301zne\u030c.jpeg","width":1900,"height":1120},{"@type":"BreadcrumbList","@id":"https:\/\/all4camper.com\/cs\/karavanova-stani-u-termalnich-lazni-v-jiznim-nemecku\/#breadcrumb","itemListElement":[{"@type":"ListItem","position":1,"name":"Dom\u016f","item":"https:\/\/all4camper.com\/cs\/"},{"@type":"ListItem","position":2,"name":"Novinky - Kempov\u00e1n\u00ed a karavaning","item":"https:\/\/all4camper.com\/cs\/category\/novinky-kempovani-a-karavaning\/"},{"@type":"ListItem","position":3,"name":"Karavanov\u00e1 st\u00e1n\u00ed u term\u00e1ln\u00edch l\u00e1zn\u00ed v Ji\u017en\u00edm N\u011bmecku"}]},{"@type":"WebSite","@id":"https:\/\/all4camper.com\/cs\/#website","url":"https:\/\/all4camper.com\/cs\/","name":"All4Camper","description":"Nejv\u011bt\u0161\u00ed online magaz\u00edn o kempov\u00e1n\u00ed a karavaninku. V\u00edce jak 900 \u010dl\u00e1nk\u016f pln\u00fdch rad a tip\u016f o kempech a kempov\u00e1n\u00ed.","publisher":{"@id":"https:\/\/all4camper.com\/cs\/#organization"},"potentialAction":[{"@type":"SearchAction","target":{"@type":"EntryPoint","urlTemplate":"https:\/\/all4camper.com\/cs\/?s={search_term_string}"},"query-input":{"@type":"PropertyValueSpecification","valueRequired":true,"valueName":"search_term_string"}}],"inLanguage":"cs"},{"@type":"Organization","@id":"https:\/\/all4camper.com\/cs\/#organization","name":"All4Camper - kempujeme s Kl\u00e1rou","url":"https:\/\/all4camper.com\/cs\/","logo":{"@type":"ImageObject","inLanguage":"cs","@id":"https:\/\/all4camper.com\/cs\/#\/schema\/logo\/image\/","url":"https:\/\/all4camper.com\/wp-content\/uploads\/2018\/09\/novelogo.png","contentUrl":"https:\/\/all4camper.com\/wp-content\/uploads\/2018\/09\/novelogo.png","width":1520,"height":600,"caption":"All4Camper - kempujeme s Kl\u00e1rou"},"image":{"@id":"https:\/\/all4camper.com\/cs\/#\/schema\/logo\/image\/"}},{"@type":"Person","@id":"https:\/\/all4camper.com\/cs\/#\/schema\/person\/c6f1efdf1d02bc7d8c53a891cbe18c62","name":"Kl\u00e1ra H\u00e1jkov\u00e1","sameAs":["http:\/\/www.all4camper.com"],"url":"https:\/\/all4camper.com\/cs\/author\/klarinkacestuje1\/"}]}},"_links":{"self":[{"href":"https:\/\/all4camper.com\/cs\/wp-json\/wp\/v2\/posts\/139042","targetHints":{"allow":["GET"]}}],"collection":[{"href":"https:\/\/all4camper.com\/cs\/wp-json\/wp\/v2\/posts"}],"about":[{"href":"https:\/\/all4camper.com\/cs\/wp-json\/wp\/v2\/types\/post"}],"author":[{"embeddable":true,"href":"https:\/\/all4camper.com\/cs\/wp-json\/wp\/v2\/users\/4"}],"replies":[{"embeddable":true,"href":"https:\/\/all4camper.com\/cs\/wp-json\/wp\/v2\/comments?post=139042"}],"version-history":[{"count":0,"href":"https:\/\/all4camper.com\/cs\/wp-json\/wp\/v2\/posts\/139042\/revisions"}],"wp:featuredmedia":[{"embeddable":true,"href":"https:\/\/all4camper.com\/cs\/wp-json\/wp\/v2\/media\/139089"}],"wp:attachment":[{"href":"https:\/\/all4camper.com\/cs\/wp-json\/wp\/v2\/media?parent=139042"}],"wp:term":[{"taxonomy":"category","embeddable":true,"href":"https:\/\/all4camper.com\/cs\/wp-json\/wp\/v2\/categories?post=139042"},{"taxonomy":"post_tag","embeddable":true,"href":"https:\/\/all4camper.com\/cs\/wp-json\/wp\/v2\/tags?post=139042"}],"curies":[{"name":"wp","href":"https:\/\/api.w.org\/{rel}","templated":true}]}}