{"id":138982,"date":"2022-01-13T17:33:38","date_gmt":"2022-01-13T16:33:38","guid":{"rendered":"https:\/\/all4camper.com\/\/?p=138982"},"modified":"2022-01-18T14:34:56","modified_gmt":"2022-01-18T13:34:56","slug":"do-termalnich-lazni-aneb-s-karavanem-po-nemecku-cast-1","status":"publish","type":"post","link":"https:\/\/all4camper.com\/cs\/do-termalnich-lazni-aneb-s-karavanem-po-nemecku-cast-1\/","title":{"rendered":"Do term\u00e1ln\u00edch l\u00e1zn\u00ed aneb s karavanem po N\u011bmecku &#8211; \u010d\u00e1st 1."},"content":{"rendered":"\n<p><strong>Zima je tady a mo\u017en\u00e1 si \u0159\u00edk\u00e1te, kam vyrazit a p\u0159itom se zah\u0159\u00e1t. Ide\u00e1ln\u00ed volbou v&nbsp;tomto obdob\u00ed je n\u00e1v\u0161t\u011bva term\u00e1ln\u00edch l\u00e1zn\u00ed. A pr\u00e1v\u011b v&nbsp;tomto \u010dl\u00e1nku se spole\u010dn\u011b pod\u00edv\u00e1me na pr\u016f\u0159ez doporu\u010den\u00fdch stellplatz\u016f, kter\u00e9 najdete pr\u00e1v\u011b u nich, konkr\u00e9tn\u011b v&nbsp;N\u011bmecku.<\/strong> <\/p>\n\n\n\n<figure class=\"wp-block-image size-large is-resized\"><img loading=\"lazy\" decoding=\"async\" src=\"https:\/\/all4camper.com\/\/wp-content\/uploads\/2022\/01\/ne\u030cmecko-la\u0301zne\u030c-koupa\u0301ni\u0301-1620x1080.jpeg\" alt=\"\" class=\"wp-image-139043\" width=\"695\" height=\"463\" srcset=\"https:\/\/all4camper.com\/wp-content\/uploads\/2022\/01\/ne\u030cmecko-la\u0301zne\u030c-koupa\u0301ni\u0301-1620x1080.jpeg 1620w, https:\/\/all4camper.com\/wp-content\/uploads\/2022\/01\/ne\u030cmecko-la\u0301zne\u030c-koupa\u0301ni\u0301-300x200.jpeg 300w, https:\/\/all4camper.com\/wp-content\/uploads\/2022\/01\/ne\u030cmecko-la\u0301zne\u030c-koupa\u0301ni\u0301-150x100.jpeg 150w, https:\/\/all4camper.com\/wp-content\/uploads\/2022\/01\/ne\u030cmecko-la\u0301zne\u030c-koupa\u0301ni\u0301-768x512.jpeg 768w, https:\/\/all4camper.com\/wp-content\/uploads\/2022\/01\/ne\u030cmecko-la\u0301zne\u030c-koupa\u0301ni\u0301-1536x1024.jpeg 1536w, https:\/\/all4camper.com\/wp-content\/uploads\/2022\/01\/ne\u030cmecko-la\u0301zne\u030c-koupa\u0301ni\u0301-2048x1365.jpeg 2048w, https:\/\/all4camper.com\/wp-content\/uploads\/2022\/01\/ne\u030cmecko-la\u0301zne\u030c-koupa\u0301ni\u0301-696x464.jpeg 696w, https:\/\/all4camper.com\/wp-content\/uploads\/2022\/01\/ne\u030cmecko-la\u0301zne\u030c-koupa\u0301ni\u0301-1068x712.jpeg 1068w, https:\/\/all4camper.com\/wp-content\/uploads\/2022\/01\/ne\u030cmecko-la\u0301zne\u030c-koupa\u0301ni\u0301-1920x1280.jpeg 1920w\" sizes=\"auto, (max-width: 695px) 100vw, 695px\" \/><figcaption>Foto: <meta charset=\"utf-8\"><strong>Bad Harzburg \u201eSole-Therme\u201c&nbsp;<\/strong><\/figcaption><\/figure>\n\n\n\n<p>V N\u011bmecku je dnes u\u017e b\u011b\u017enou prax\u00ed, \u017ee \u0159ada term\u00e1ln\u00edch l\u00e1zn\u00ed nab\u00edz\u00ed parkovac\u00ed m\u00edsta pro obytn\u00e9 vozy. N\u011bkter\u00e9 bezplatn\u011b, jinde za parkovac\u00ed poplatek, kdy n\u00e1sledn\u011b m\u016f\u017eete vyu\u017e\u00edt zv\u00fdhodn\u011bn\u00fd vstup do samotn\u00fdch l\u00e1zn\u00ed.<\/p>\n\n\n\n<p>A pro\u010d zrovna N\u011bmecko? Odpov\u011b\u010f je jednoduch\u00e1. Tato zem\u011b nab\u00edz\u00ed nej\u0161ir\u0161\u00ed v\u00fdb\u011br term\u00e1ln\u00edch l\u00e1zn\u00ed v&nbsp;kombinaci se stellplatzy pro karavanisty, a to zejm\u00e9na v&nbsp;ji\u017en\u00ed \u010d\u00e1sti jako jsou spolkov\u00e9 zem\u011b Bavorsko a Baden-W\u00fcrttemberg. V\u00fdhoda putov\u00e1n\u00ed karavanem je v&nbsp;tom, \u017ee takov\u00fdch m\u00edst m\u016f\u017eete nav\u0161t\u00edvit v&nbsp;r\u00e1mci sv\u00e9ho v\u00fdjezdu v\u00edce a u\u0161et\u0159\u00edte za hotel. <strong>Jak u\u017e bylo \u0159e\u010deno, n\u00ed\u017ee uveden\u00e1 parkovac\u00ed m\u00edsta se nach\u00e1z\u00ed v&nbsp;bezprost\u0159edn\u00ed bl\u00edzkosti l\u00e1zn\u00ed a vy tak budete m\u00edt komfort a relax na dosah ruky. U\u017eijte si to tam.<\/strong><\/p>\n\n\n\n<h2 class=\"wp-block-heading\"><strong>Parkovac\u00ed m\u00edsta u Severon\u011bmeck\u00fdch l\u00e1zn\u00ed<\/strong><\/h2>\n\n\n\n<h3 class=\"wp-block-heading\"><strong>Bad Belzig &#8222;SteinTherme&#8220;<\/strong><\/h3>\n\n\n\n<p>Tento resort nab\u00edz\u00ed celkem 12 parkovac\u00edch m\u00edst pro karavany o celkov\u00e9 plo\u0161e 1700 metr\u016f \u010dtvere\u010dn\u00edch. P\u0159\u00edpojka na elekt\u0159inu a mo\u017enost dopu\u0161t\u011bn\u00ed vody je zpoplatn\u011bn\u00e9, stejn\u011b tak parkovac\u00ed m\u00edsto, kter\u00e9 uhrad\u00edte v&nbsp;automatu. Tyto soln\u00e9 l\u00e1zn\u011b nab\u00edz\u00ed celou \u0161k\u00e1lu vodn\u00edho vy\u017eit\u00ed a prostoru k&nbsp;relaxaci, a\u0165 jsou to u\u017e baz\u00e9ny, v\u00ed\u0159ivky, sauny \u010di mas\u00e1\u017ee. (<a href=\"https:\/\/www.steintherme.de\/reisemobilstellplatz\/reisemobilstellplatz.php\" target=\"_blank\" rel=\"noreferrer noopener\"><strong>web<\/strong><\/a><a href=\"https:\/\/www.google.cz\/maps\/place\/Bad+Belzig,+SteinTherme%2FAm+Kurpark\/@52.1512693,12.5934743,17z\/data=!3m1!4b1!4m5!3m4!1s0x47a89973fd9bc5b3:0x7c93e3a5b42e274f!8m2!3d52.151266!4d12.595663?hl=cs\" target=\"_blank\" rel=\"noreferrer noopener\"><strong>, mapa<\/strong><\/a>)<\/p>\n\n\n\n<figure class=\"wp-block-image size-full is-resized\"><img loading=\"lazy\" decoding=\"async\" src=\"https:\/\/all4camper.com\/\/wp-content\/uploads\/2022\/01\/stellplatz-ne\u030cmecko-terma\u0301lni\u0301-la\u0301zne\u030c.jpeg\" alt=\"\" class=\"wp-image-138984\" width=\"695\" height=\"464\" srcset=\"https:\/\/all4camper.com\/wp-content\/uploads\/2022\/01\/stellplatz-ne\u030cmecko-terma\u0301lni\u0301-la\u0301zne\u030c.jpeg 1600w, https:\/\/all4camper.com\/wp-content\/uploads\/2022\/01\/stellplatz-ne\u030cmecko-terma\u0301lni\u0301-la\u0301zne\u030c-300x200.jpeg 300w, https:\/\/all4camper.com\/wp-content\/uploads\/2022\/01\/stellplatz-ne\u030cmecko-terma\u0301lni\u0301-la\u0301zne\u030c-150x100.jpeg 150w, https:\/\/all4camper.com\/wp-content\/uploads\/2022\/01\/stellplatz-ne\u030cmecko-terma\u0301lni\u0301-la\u0301zne\u030c-768x513.jpeg 768w, https:\/\/all4camper.com\/wp-content\/uploads\/2022\/01\/stellplatz-ne\u030cmecko-terma\u0301lni\u0301-la\u0301zne\u030c-1536x1026.jpeg 1536w, https:\/\/all4camper.com\/wp-content\/uploads\/2022\/01\/stellplatz-ne\u030cmecko-terma\u0301lni\u0301-la\u0301zne\u030c-696x465.jpeg 696w, https:\/\/all4camper.com\/wp-content\/uploads\/2022\/01\/stellplatz-ne\u030cmecko-terma\u0301lni\u0301-la\u0301zne\u030c-1068x714.jpeg 1068w\" sizes=\"auto, (max-width: 695px) 100vw, 695px\" \/><figcaption>Foto: Campercontact<\/figcaption><\/figure>\n\n\n\n<h3 class=\"wp-block-heading\"><strong>Bad Wilsnack &#8222;Kristall Kur- und Gradier-Therme&#8220; &nbsp;&nbsp;<\/strong><\/h3>\n\n\n\n<p>Parkovac\u00ed m\u00edsta se nach\u00e1z\u00ed v&nbsp;bl\u00edzkosti l\u00e1ze\u0148sk\u00fdch zahrad Bad Wilsnack, celkem zde poskytuj\u00ed 80 karavanov\u00fdch st\u00e1n\u00ed a 42 elektrick\u00fdch p\u0159\u00edpojek. Samoz\u0159ejmost\u00ed je p\u0159\u00edpojka pitn\u00e9 vody a odpadn\u00edch vod. Za ka\u017edou zaplacenou noc m\u00e1te slevu 5 euro ze vstupu do l\u00e1zn\u00ed, a to se vyplat\u00ed. (<a href=\"https:\/\/kristalltherme-bad-wilsnack.de\/caravanstellplatz\/\"><strong>web<\/strong><\/a><a href=\"https:\/\/www.google.cz\/maps\/place\/Kristall+Kur-+%26+Gradier-Therme+GmbH\/@52.9635216,11.9463587,17z\/data=!3m1!4b1!4m5!3m4!1s0x47aec39af899c4ad:0xf71b433341fdd250!8m2!3d52.9634131!4d11.9489106?hl=cs\"><strong>, mapa<\/strong><\/a>).<\/p>\n\n\n\n<figure class=\"wp-block-image size-large is-resized\"><img loading=\"lazy\" decoding=\"async\" src=\"https:\/\/all4camper.com\/\/wp-content\/uploads\/2022\/01\/stellplatz-terma\u0301lni\u0301-la\u0301zne\u030c-ne\u030cmecko-1616x1080.jpeg\" alt=\"\" class=\"wp-image-139006\" width=\"695\" height=\"464\" srcset=\"https:\/\/all4camper.com\/wp-content\/uploads\/2022\/01\/stellplatz-terma\u0301lni\u0301-la\u0301zne\u030c-ne\u030cmecko-1616x1080.jpeg 1616w, https:\/\/all4camper.com\/wp-content\/uploads\/2022\/01\/stellplatz-terma\u0301lni\u0301-la\u0301zne\u030c-ne\u030cmecko-300x201.jpeg 300w, https:\/\/all4camper.com\/wp-content\/uploads\/2022\/01\/stellplatz-terma\u0301lni\u0301-la\u0301zne\u030c-ne\u030cmecko-150x100.jpeg 150w, https:\/\/all4camper.com\/wp-content\/uploads\/2022\/01\/stellplatz-terma\u0301lni\u0301-la\u0301zne\u030c-ne\u030cmecko-768x513.jpeg 768w, https:\/\/all4camper.com\/wp-content\/uploads\/2022\/01\/stellplatz-terma\u0301lni\u0301-la\u0301zne\u030c-ne\u030cmecko-1536x1027.jpeg 1536w, https:\/\/all4camper.com\/wp-content\/uploads\/2022\/01\/stellplatz-terma\u0301lni\u0301-la\u0301zne\u030c-ne\u030cmecko-696x465.jpeg 696w, https:\/\/all4camper.com\/wp-content\/uploads\/2022\/01\/stellplatz-terma\u0301lni\u0301-la\u0301zne\u030c-ne\u030cmecko-1068x714.jpeg 1068w, https:\/\/all4camper.com\/wp-content\/uploads\/2022\/01\/stellplatz-terma\u0301lni\u0301-la\u0301zne\u030c-ne\u030cmecko.jpeg 1800w\" sizes=\"auto, (max-width: 695px) 100vw, 695px\" \/><figcaption>Foto: Campercontact<\/figcaption><\/figure>\n\n\n\n<h3 class=\"wp-block-heading\"><strong>Bad Harzburg \u201eSole-Therme\u201c&nbsp;&nbsp;&nbsp; <\/strong><\/h3>\n\n\n\n<p>Pobl\u00ed\u017e \u0159eky Radau na v\u00e1s \u010dek\u00e1 na 40 m\u00edst k&nbsp;zaparkov\u00e1n\u00ed karavanu. Nav\u00edc m\u016f\u017eete vyu\u017e\u00edt zdej\u0161\u00ed soci\u00e1ln\u00ed za\u0159\u00edzen\u00ed, pek\u00e1rnu a jist\u011b pot\u011b\u0161\u00ed tak\u00e9 mo\u017enost v\u00fdm\u011bny propanbutanov\u00fdch lahv\u00ed. V&nbsp;l\u00e1zn\u00edch se pono\u0159\u00edte do p\u0159\u00edrodn\u00ed solanky a budete si u\u017e\u00edvat v\u0161ech zdej\u0161\u00edch vymo\u017eenost\u00ed. Z&nbsp;okoln\u00edch v\u00fdlet\u016f doporu\u010duji lanovku Burgberg \u010di proch\u00e1zku stezkou v&nbsp;korun\u00e1ch strom\u016f Harz. <a href=\"https:\/\/www.bad-harzburg.de\/urlaub-planen\/wohnmobil-stellplatz\/\" target=\"_blank\" rel=\"noreferrer noopener nofollow\"><strong>web<\/strong><\/a><strong>,&nbsp;<\/strong><a href=\"https:\/\/www.google.cz\/maps\/place\/Sole-Therme+Bad+Harzburg\/@51.8709004,10.5572551,17z\/data=!3m1!4b1!4m5!3m4!1s0x47a514dc7d5df521:0x69f0722cb31d1228!8m2!3d51.8709494!4d10.5597332?hl=cs\" target=\"_blank\" rel=\"noreferrer noopener nofollow\"><strong>mapa<\/strong><\/a><\/p>\n\n\n\n<figure class=\"wp-block-image size-large is-resized\"><img loading=\"lazy\" decoding=\"async\" src=\"https:\/\/all4camper.com\/\/wp-content\/uploads\/2022\/01\/stellplatz-termi\u0301lni\u0301-la\u0301zne\u030c-ne\u030cmecko-2-1920x975.jpeg\" alt=\"\" class=\"wp-image-139017\" width=\"695\" height=\"352\" srcset=\"https:\/\/all4camper.com\/wp-content\/uploads\/2022\/01\/stellplatz-termi\u0301lni\u0301-la\u0301zne\u030c-ne\u030cmecko-2-1920x975.jpeg 1920w, https:\/\/all4camper.com\/wp-content\/uploads\/2022\/01\/stellplatz-termi\u0301lni\u0301-la\u0301zne\u030c-ne\u030cmecko-2-300x152.jpeg 300w, https:\/\/all4camper.com\/wp-content\/uploads\/2022\/01\/stellplatz-termi\u0301lni\u0301-la\u0301zne\u030c-ne\u030cmecko-2-150x76.jpeg 150w, https:\/\/all4camper.com\/wp-content\/uploads\/2022\/01\/stellplatz-termi\u0301lni\u0301-la\u0301zne\u030c-ne\u030cmecko-2-768x390.jpeg 768w, https:\/\/all4camper.com\/wp-content\/uploads\/2022\/01\/stellplatz-termi\u0301lni\u0301-la\u0301zne\u030c-ne\u030cmecko-2-1536x780.jpeg 1536w, https:\/\/all4camper.com\/wp-content\/uploads\/2022\/01\/stellplatz-termi\u0301lni\u0301-la\u0301zne\u030c-ne\u030cmecko-2-2048x1040.jpeg 2048w, https:\/\/all4camper.com\/wp-content\/uploads\/2022\/01\/stellplatz-termi\u0301lni\u0301-la\u0301zne\u030c-ne\u030cmecko-2-696x353.jpeg 696w, https:\/\/all4camper.com\/wp-content\/uploads\/2022\/01\/stellplatz-termi\u0301lni\u0301-la\u0301zne\u030c-ne\u030cmecko-2-1068x542.jpeg 1068w\" sizes=\"auto, (max-width: 695px) 100vw, 695px\" \/><figcaption>Foto: <meta charset=\"utf-8\"><strong>Sole-Therme<\/strong><\/figcaption><\/figure>\n\n\n\n<h3 class=\"wp-block-heading\"><strong>Bad Driburg Therme<\/strong><\/h3>\n\n\n\n<p>Zdej\u0161\u00ed stellplatz se nach\u00e1z\u00ed na velmi p\u011bkn\u00e9m m\u00edst\u011b u Teutobursk\u00e9ho lesa v&nbsp;p\u0159\u00edrodn\u00edm parku Eggen. Um\u00edstit zde lze na 15 karavan\u016f a p\u0159\u00edpojky na elekt\u0159inu jsou samoz\u0159ejmost\u00ed. Bli\u017e\u0161\u00ed informace k&nbsp;parkov\u00e1n\u00ed karavanu naleznete <a href=\"https:\/\/www.driburg-therme.de\/de\/therme\/wohnmobilstellplatz.php\">zde<\/a>&nbsp; Bad Driburg jsou uzn\u00e1van\u00e9 bahenn\u00ed a miner\u00e1ln\u00ed l\u00e1zn\u011b a ozna\u010dov\u00e1ny jako \u201eNejlep\u0161\u00ed l\u00e1zn\u011b v&nbsp;Severn\u00edm Por\u00fdn\u00ed a Vestf\u00e1lsku\u201c. (<a href=\"https:\/\/www.driburg-therme.de\/\" target=\"_blank\" rel=\"noreferrer noopener\"><strong>web<\/strong><\/a><a href=\"https:\/\/www.google.cz\/maps\/place\/Driburg+Therme\/@51.7423718,9.0243086,17z\/data=!3m1!4b1!4m5!3m4!1s0x47ba55cba2387d09:0x39e6e127b7d6b7dc!8m2!3d51.7424521!4d9.0266446?hl=cs\"><strong>, <\/strong><\/a><a href=\"https:\/\/www.google.cz\/maps\/place\/Driburg+Therme\/@51.7423718,9.0243086,17z\/data=!3m1!4b1!4m5!3m4!1s0x47ba55cba2387d09:0x39e6e127b7d6b7dc!8m2!3d51.7424521!4d9.0266446?hl=cs\" target=\"_blank\" rel=\"noreferrer noopener\"><strong>mapa<\/strong><\/a>)<\/p>\n\n\n\n<figure class=\"wp-block-image size-large is-resized\"><img loading=\"lazy\" decoding=\"async\" src=\"https:\/\/all4camper.com\/\/wp-content\/uploads\/2022\/01\/stellplatz-terma\u0301lni\u0301-la\u0301zne\u030c-ne\u030cmecko-3-1440x1080.jpeg\" alt=\"\" class=\"wp-image-139019\" width=\"695\" height=\"521\" srcset=\"https:\/\/all4camper.com\/wp-content\/uploads\/2022\/01\/stellplatz-terma\u0301lni\u0301-la\u0301zne\u030c-ne\u030cmecko-3-1440x1080.jpeg 1440w, https:\/\/all4camper.com\/wp-content\/uploads\/2022\/01\/stellplatz-terma\u0301lni\u0301-la\u0301zne\u030c-ne\u030cmecko-3-300x225.jpeg 300w, https:\/\/all4camper.com\/wp-content\/uploads\/2022\/01\/stellplatz-terma\u0301lni\u0301-la\u0301zne\u030c-ne\u030cmecko-3-150x113.jpeg 150w, https:\/\/all4camper.com\/wp-content\/uploads\/2022\/01\/stellplatz-terma\u0301lni\u0301-la\u0301zne\u030c-ne\u030cmecko-3-768x576.jpeg 768w, https:\/\/all4camper.com\/wp-content\/uploads\/2022\/01\/stellplatz-terma\u0301lni\u0301-la\u0301zne\u030c-ne\u030cmecko-3-1536x1152.jpeg 1536w, https:\/\/all4camper.com\/wp-content\/uploads\/2022\/01\/stellplatz-terma\u0301lni\u0301-la\u0301zne\u030c-ne\u030cmecko-3-2048x1536.jpeg 2048w, https:\/\/all4camper.com\/wp-content\/uploads\/2022\/01\/stellplatz-terma\u0301lni\u0301-la\u0301zne\u030c-ne\u030cmecko-3-696x522.jpeg 696w, https:\/\/all4camper.com\/wp-content\/uploads\/2022\/01\/stellplatz-terma\u0301lni\u0301-la\u0301zne\u030c-ne\u030cmecko-3-1068x801.jpeg 1068w, https:\/\/all4camper.com\/wp-content\/uploads\/2022\/01\/stellplatz-terma\u0301lni\u0301-la\u0301zne\u030c-ne\u030cmecko-3-1920x1440.jpeg 1920w\" sizes=\"auto, (max-width: 695px) 100vw, 695px\" \/><figcaption>Foto: Campercontact<\/figcaption><\/figure>\n\n\n\n<h3 class=\"wp-block-heading\"><strong>Salzhemmendorf &#8222;Ith Sole Therme&#8220;<\/strong><\/h3>\n\n\n\n<p>Pro l\u00e1ze\u0148sk\u00e9 hosty je k&nbsp;dispozici 20 parkovac\u00edch m\u00edst, kter\u00e9 najdete p\u0159\u00edmo v&nbsp;l\u00e1ze\u0148sk\u00e9m are\u00e1lu. P\u0159ipraveny jsou p\u0159\u00edpojky vody a elekt\u0159iny a nechyb\u00ed ani velmi p\u011bkn\u00e9 soci\u00e1ln\u00ed za\u0159\u00edzen\u00ed.&nbsp;V&nbsp;sedmi z osmi venkovn\u00edch a vnit\u0159n\u00edch baz\u00e9n\u016f se \u201e\u010depuje\u201c l\u00e1ze\u0148sk\u00e1 solanka, do kter\u00e9 se m\u016f\u017eete s&nbsp;klidem nalo\u017eit a u\u017e\u00edvat si pohody. D\u00e1le pak lze vyu\u017e\u00edt sauny, restauraci \u010di fitness. A z\u00e1v\u011brem bonus, pokud jste dr\u017eiteli ADAC CampingCard, tak m\u00e1te 3 noci za cenu 2 a slevu na wellness procedury. (<a href=\"https:\/\/ther.me\/caravan-platz\/\" target=\"_blank\" rel=\"noreferrer noopener\"><strong>web<\/strong><\/a><a href=\"https:\/\/www.google.cz\/maps\/place\/Ith+Sole+Therme\/@52.0721156,9.5846097,17z\/data=!3m1!4b1!4m5!3m4!1s0x47ba9689e1d574ff:0xf03000a6a98600ee!8m2!3d52.0721123!4d9.5867984?hl=cs\" target=\"_blank\" rel=\"noreferrer noopener nofollow\"><strong> mapa<\/strong><\/a>)<\/p>\n\n\n\n<figure class=\"wp-block-image size-full is-resized\"><img loading=\"lazy\" decoding=\"async\" src=\"https:\/\/all4camper.com\/\/wp-content\/uploads\/2022\/01\/stellplatz-terma\u0301lni\u0301-la\u0301zne\u030c-ne\u030cmecko-4.jpeg\" alt=\"\" class=\"wp-image-139021\" width=\"695\" height=\"359\" srcset=\"https:\/\/all4camper.com\/wp-content\/uploads\/2022\/01\/stellplatz-terma\u0301lni\u0301-la\u0301zne\u030c-ne\u030cmecko-4.jpeg 1140w, https:\/\/all4camper.com\/wp-content\/uploads\/2022\/01\/stellplatz-terma\u0301lni\u0301-la\u0301zne\u030c-ne\u030cmecko-4-300x155.jpeg 300w, https:\/\/all4camper.com\/wp-content\/uploads\/2022\/01\/stellplatz-terma\u0301lni\u0301-la\u0301zne\u030c-ne\u030cmecko-4-150x78.jpeg 150w, https:\/\/all4camper.com\/wp-content\/uploads\/2022\/01\/stellplatz-terma\u0301lni\u0301-la\u0301zne\u030c-ne\u030cmecko-4-768x397.jpeg 768w, https:\/\/all4camper.com\/wp-content\/uploads\/2022\/01\/stellplatz-terma\u0301lni\u0301-la\u0301zne\u030c-ne\u030cmecko-4-696x360.jpeg 696w, https:\/\/all4camper.com\/wp-content\/uploads\/2022\/01\/stellplatz-terma\u0301lni\u0301-la\u0301zne\u030c-ne\u030cmecko-4-1068x553.jpeg 1068w\" sizes=\"auto, (max-width: 695px) 100vw, 695px\" \/><figcaption>Foto: <meta charset=\"utf-8\"><strong>Ith Sole Therme<\/strong><\/figcaption><\/figure>\n\n\n\n<h2 class=\"wp-block-heading\"><strong>Stellplatzy u term\u00e1ln\u00edch l\u00e1zn\u00ed ve St\u0159edn\u00edm N\u011bmecku<\/strong><\/h2>\n\n\n\n<h3 class=\"wp-block-heading\"><strong>Bad Frankenhausen &#8222;Kyffh\u00e4user Therme\u201c<\/strong><\/h3>\n\n\n\n<p>M\u016f\u017eete se t\u011b\u0161it na celkem 15 vybaven\u00fdch m\u00edst, kter\u00e9 se ne n\u00e1hodou nach\u00e1zej\u00ed v&nbsp;nejlep\u0161\u00ed m\u011bstsk\u00e9 lokalit\u011b, a to v&nbsp;bl\u00edzkosti hradeb m\u011bsta a zdej\u0161\u00edch l\u00e1zn\u00ed. Vzhledem k&nbsp;tomuto perfektn\u00edmu um\u00edst\u011bn\u00ed to m\u00e1te do centra m\u011bsta pouh\u00fdch 5 minut ch\u016fze a stejn\u011b tak na tr\u017ei\u0161t\u011b. T\u0159e\u0161ni\u010dkou na pomysln\u00e9m dortu je n\u00e1dhern\u00fd v\u00fdhled na \u0161ikmou v\u011b\u017e Bad Frankenhausen. Nav\u00edc pak m\u016f\u017eete vyu\u017e\u00edt drobnou slevu pro vstup do l\u00e1zn\u00ed, a to nen\u00ed k&nbsp;zahozen\u00ed. Vy\u017eit\u00ed je zde pro celou rodinu, a\u0165 u\u017e v&nbsp;relaxa\u010dn\u00edch baz\u00e9nech \u010di na tzv. divok\u00e9 \u0159ece. Zaj\u00edmavost\u00ed je jeskyn\u011b se sol\u00ed z&nbsp;Mrtv\u00e9ho mo\u0159e. (<a href=\"https:\/\/www.kyffhaeuser-therme.de\/wohnmobilstellplatz\/\" target=\"_blank\" rel=\"noreferrer noopener nofollow\"><strong>web<\/strong><\/a><a href=\"https:\/\/www.google.cz\/maps\/place\/Kyffh%C3%A4user-Therme\/@51.3549585,11.1005186,17z\/data=!3m1!4b1!4m5!3m4!1s0x47a448cdd626ee4f:0x971bf3a83d5e4ecc!8m2!3d51.3552212!4d11.1027507?hl=cs\" target=\"_blank\" rel=\"noreferrer noopener nofollow\"><strong> mapa<\/strong><\/a>)<\/p>\n\n\n\n<figure class=\"wp-block-image size-full is-resized\"><img loading=\"lazy\" decoding=\"async\" src=\"https:\/\/all4camper.com\/\/wp-content\/uploads\/2022\/01\/stellplatz-terma\u0301lni\u0301-la\u0301zne\u030c-ne\u030cmecko-5.jpeg\" alt=\"\" class=\"wp-image-139023\" width=\"695\" height=\"463\" srcset=\"https:\/\/all4camper.com\/wp-content\/uploads\/2022\/01\/stellplatz-terma\u0301lni\u0301-la\u0301zne\u030c-ne\u030cmecko-5.jpeg 1123w, https:\/\/all4camper.com\/wp-content\/uploads\/2022\/01\/stellplatz-terma\u0301lni\u0301-la\u0301zne\u030c-ne\u030cmecko-5-300x200.jpeg 300w, https:\/\/all4camper.com\/wp-content\/uploads\/2022\/01\/stellplatz-terma\u0301lni\u0301-la\u0301zne\u030c-ne\u030cmecko-5-150x100.jpeg 150w, https:\/\/all4camper.com\/wp-content\/uploads\/2022\/01\/stellplatz-terma\u0301lni\u0301-la\u0301zne\u030c-ne\u030cmecko-5-768x512.jpeg 768w, https:\/\/all4camper.com\/wp-content\/uploads\/2022\/01\/stellplatz-terma\u0301lni\u0301-la\u0301zne\u030c-ne\u030cmecko-5-696x464.jpeg 696w, https:\/\/all4camper.com\/wp-content\/uploads\/2022\/01\/stellplatz-terma\u0301lni\u0301-la\u0301zne\u030c-ne\u030cmecko-5-1068x712.jpeg 1068w\" sizes=\"auto, (max-width: 695px) 100vw, 695px\" \/><figcaption>Foto: <meta charset=\"utf-8\"><strong>Kyffh\u00e4user Therme<\/strong><\/figcaption><\/figure>\n\n\n\n<p><strong>Bad Westernkotten &#8222;Hellweg-Sole-Thermen&#8220;<\/strong><\/p>\n\n\n\n<p>Velkokapacitn\u00ed <a href=\"http:\/\/www.wohnmobilplatz-bad-westernkotten.de\/\" target=\"_blank\" rel=\"noreferrer noopener nofollow\">stellplatz<\/a> nab\u00edz\u00ed a\u017e 46 m\u00edst pro karavany a obytn\u00e9 vozy, v\u010detn\u011b pot\u0159ebn\u00fdch p\u0159\u00edpojek. Zdej\u0161\u00ed venkovn\u00ed baz\u00e9n m\u00e1 luxusn\u00ed teplotu cca 35 stup\u0148\u016f Celsia a ur\u010dit\u011b nevynechejte n\u00e1v\u0161t\u011bvu \u010d\u00e1sti wellness, kde si m\u016f\u017eete dop\u0159\u00e1t n\u011bkterou ze \u0161irok\u00e9 nab\u00eddky uvol\u0148uj\u00edc\u00edch a l\u00e9\u010debn\u00fdch mas\u00e1\u017e\u00ed. <a href=\"https:\/\/www.hellweg-sole-thermen.de\/\">(<strong>web<\/strong><\/a><strong> <\/strong><a href=\"https:\/\/www.google.cz\/maps\/place\/Hellweg-Sole-Thermen+Betriebs+GmbH\/@51.6321626,8.3523182,17z\/data=!3m1!4b1!4m5!3m4!1s0x47bbd1f22de89867:0xe76ff8e1d23f818e!8m2!3d51.6321593!4d8.3545069?hl=cs\"><strong>mapa<\/strong><\/a>)<\/p>\n\n\n\n<figure class=\"wp-block-image size-large is-resized\"><img loading=\"lazy\" decoding=\"async\" src=\"https:\/\/all4camper.com\/\/wp-content\/uploads\/2022\/01\/stellplatz-terma\u0301lni\u0301-la\u0301zne\u030c-ne\u030cmecko-6-1543x1080.jpeg\" alt=\"\" class=\"wp-image-139027\" width=\"695\" height=\"486\" srcset=\"https:\/\/all4camper.com\/wp-content\/uploads\/2022\/01\/stellplatz-terma\u0301lni\u0301-la\u0301zne\u030c-ne\u030cmecko-6-1543x1080.jpeg 1543w, https:\/\/all4camper.com\/wp-content\/uploads\/2022\/01\/stellplatz-terma\u0301lni\u0301-la\u0301zne\u030c-ne\u030cmecko-6-300x210.jpeg 300w, https:\/\/all4camper.com\/wp-content\/uploads\/2022\/01\/stellplatz-terma\u0301lni\u0301-la\u0301zne\u030c-ne\u030cmecko-6-150x105.jpeg 150w, https:\/\/all4camper.com\/wp-content\/uploads\/2022\/01\/stellplatz-terma\u0301lni\u0301-la\u0301zne\u030c-ne\u030cmecko-6-768x538.jpeg 768w, https:\/\/all4camper.com\/wp-content\/uploads\/2022\/01\/stellplatz-terma\u0301lni\u0301-la\u0301zne\u030c-ne\u030cmecko-6-1536x1075.jpeg 1536w, https:\/\/all4camper.com\/wp-content\/uploads\/2022\/01\/stellplatz-terma\u0301lni\u0301-la\u0301zne\u030c-ne\u030cmecko-6-696x487.jpeg 696w, https:\/\/all4camper.com\/wp-content\/uploads\/2022\/01\/stellplatz-terma\u0301lni\u0301-la\u0301zne\u030c-ne\u030cmecko-6-1068x748.jpeg 1068w, https:\/\/all4camper.com\/wp-content\/uploads\/2022\/01\/stellplatz-terma\u0301lni\u0301-la\u0301zne\u030c-ne\u030cmecko-6.jpeg 1600w\" sizes=\"auto, (max-width: 695px) 100vw, 695px\" \/><\/figure>\n\n\n\n<h3 class=\"wp-block-heading\"><strong>Bad Klosterlausnitz &#8222;Kristall Sauna-Wellnesspark mit Soletherme&#8220;<\/strong><\/h3>\n\n\n\n<p>P\u0159ipravte se na term\u00e1ln\u00ed l\u00e1zn\u011b a sauny na plo\u0161e p\u0159es 7000 metr\u016f \u010dtvere\u010dn\u00edch cel\u00e9ho wellness. Relaxovat budete nap\u0159\u00edklad v&nbsp;prost\u0159ed\u00ed wellness zahrady, kde jsou um\u00edst\u011bny venkovn\u00ed sauny, d\u00e1le pak \u0159ada vnit\u0159n\u00edch saun se saunov\u00fdmi ceremoni\u00e1ly. Celkov\u011b je v&nbsp;are\u00e1lu 11 tematick\u00fdch saun. Prostor dopl\u0148uj\u00ed slan\u00e9 term\u00e1ln\u00ed baz\u00e9ny \u010di osmansk\u00fd hammam, pot\u011b\u0161\u00ed i vodn\u00ed aerobik. Na karavanisty zde \u010dek\u00e1 6 parkovac\u00edch m\u00edst s&nbsp;p\u0159\u00edpojkami vody a elekt\u0159iny. <a href=\"https:\/\/kristalltherme-bad-klosterlausnitz.de\/wohnmobile\/\"><strong>web<\/strong><\/a><a href=\"https:\/\/www.google.cz\/maps\/place\/Kristall+Sauna-Wellnesspark+mit+Soletherme+Bad+Klosterlausnitz+GmbH\/@50.9124294,11.8690887,17z\/data=!3m1!4b1!4m5!3m4!1s0x47a6b9d856a50025:0x1db86953c2c00a0f!8m2!3d50.912426!4d11.8712774?hl=cs\"><strong> mapa<\/strong><\/a>. Je\u0161t\u011b dopl\u0148uji, \u017ee o t\u011bchto l\u00e1zn\u00edch jsem psala p\u0159ed t\u0159emi lety a od t\u00e9 doby i nad\u00e1le pat\u0159\u00ed mezi na\u0161e nejobl\u00edben\u011bj\u0161\u00ed &#8211; <a href=\"\/cs?p=71937\" target=\"_blank\" rel=\"noreferrer noopener\"><strong>Netradi\u010dn\u00ed soln\u00e9 term\u00e1ln\u00ed l\u00e1zn\u011b \u2013 Kristal Therme \u2013 FKK<\/strong><\/a><\/p>\n\n\n\n<h3 class=\"wp-block-heading\"><strong>Bad K\u00f6nig &#8222;Odenwald-Therme&#8220;<\/strong><\/h3>\n\n\n\n<p>U t\u011bchto men\u0161\u00edch l\u00e1zn\u00ed je k&nbsp;dispozici 5 karavanov\u00fdch m\u00edst, kter\u00e9 jsou od samotn\u00fdch l\u00e1zn\u00ed vzd\u00e1leny asi 3 minuty ch\u016fze. V&nbsp;t\u011bchto term\u00e1ln\u00edch l\u00e1zn\u00edch se mimo klasick\u00fdch baz\u00e9n\u016f nal\u00e9z\u00e1 i velmi p\u011bkn\u00e1 soln\u00e1 jeskyn\u011b, p\u0159\u00edmo stvo\u0159en\u00e1 k&nbsp;odpo\u010dinku a pos\u00edlen\u00ed cest d\u00fdchac\u00edch. Zaj\u00edmavost\u00ed je mo\u017enost absolvov\u00e1n\u00ed vodn\u00edho shiatsu, a to v&nbsp;terapeutick\u00e9m baz\u00e9nu. N\u011bco dobr\u00e9ho na zub si m\u016f\u017eete d\u00e1t ve zdej\u0161\u00ed restauraci. (<a href=\"https:\/\/www.odenwald-therme.de\/\" target=\"_blank\" rel=\"noreferrer noopener nofollow\"><strong>web<\/strong><\/a><a href=\"https:\/\/www.google.cz\/maps\/place\/Odenwald-Therme\/@49.7425034,9.0030891,17z\/data=!3m1!4b1!4m8!3m7!1s0x47bd5966692c6dc9:0xbcd7f1c9fb3d1c04!5m2!4m1!1i2!8m2!3d49.7425!4d9.0052778?hl=cs\"><strong> <\/strong><\/a><a href=\"https:\/\/www.google.cz\/maps\/place\/Odenwald-Therme\/@49.7425034,9.0030891,17z\/data=!3m1!4b1!4m8!3m7!1s0x47bd5966692c6dc9:0xbcd7f1c9fb3d1c04!5m2!4m1!1i2!8m2!3d49.7425!4d9.0052778?hl=cs\" target=\"_blank\" rel=\"noreferrer noopener nofollow\"><strong>mapa<\/strong><\/a>)<\/p>\n\n\n\n<pre class=\"wp-block-verse\">Dal\u0161\u00ed \u010dl\u00e1nky na t\u00e9ma Term\u00e1ln\u00ed l\u00e1zn\u011b, aquaparky a z\u00e1bavn\u00ed parky si m\u016f\u017eete p\u0159e\u010d\u00edst v t\u00e9to <a href=\"\/cs?cat_ID=342\">rubrice<\/a>. Druhou \u010d\u00e1st tohoto \u010dl\u00e1nku si m\u016f\u017eete p\u0159e\u010d\u00edst <a href=\"\/cs?p=139042\" target=\"_blank\" rel=\"noreferrer noopener\">Karavanov\u00e1 st\u00e1n\u00ed u term\u00e1ln\u00edch l\u00e1zn\u00ed v Ji\u017en\u00edm N\u011bmecku<\/a><\/pre>\n","protected":false},"excerpt":{"rendered":"<p>Zima je tady a mo\u017en\u00e1 si \u0159\u00edk\u00e1te, kam vyrazit a p\u0159itom se zah\u0159\u00e1t. Ide\u00e1ln\u00ed volbou v&nbsp;tomto obdob\u00ed je n\u00e1v\u0161t\u011bva term\u00e1ln\u00edch l\u00e1zn\u00ed. A pr\u00e1v\u011b v&nbsp;tomto \u010dl\u00e1nku se spole\u010dn\u011b pod\u00edv\u00e1me na pr\u016f\u0159ez doporu\u010den\u00fdch stellplatz\u016f, kter\u00e9 najdete pr\u00e1v\u011b u nich, konkr\u00e9tn\u011b v&nbsp;N\u011bmecku. V N\u011bmecku je dnes u\u017e b\u011b\u017enou prax\u00ed, \u017ee \u0159ada term\u00e1ln\u00edch l\u00e1zn\u00ed nab\u00edz\u00ed parkovac\u00ed m\u00edsta pro obytn\u00e9 [&hellip;]<\/p>\n","protected":false},"author":4,"featured_media":139043,"comment_status":"closed","ping_status":"open","sticky":false,"template":"","format":"standard","meta":{"_monsterinsights_skip_tracking":false,"_monsterinsights_sitenote_active":false,"_monsterinsights_sitenote_note":"","_monsterinsights_sitenote_category":0,"footnotes":""},"categories":[2377,422,11224,342],"tags":[437,97,81],"class_list":{"0":"post-138982","1":"post","2":"type-post","3":"status-publish","4":"format-standard","5":"has-post-thumbnail","7":"category-kempovani-a-cestovani-v-nemecku","8":"category-novinky-kempovani-a-karavaning","9":"category-stellplatzy","10":"category-termalni-lazne-a-aquaparky-zabavni-parky","11":"tag-karavanova-stani","12":"tag-nemecko","13":"tag-termalni-lazne"},"yoast_head":"<!-- This site is optimized with the Yoast SEO plugin v27.5 - https:\/\/yoast.com\/product\/yoast-seo-wordpress\/ -->\n<title>Do term\u00e1ln\u00edch l\u00e1zn\u00ed aneb s karavanem po N\u011bmecku - \u010d\u00e1st 1. - All4Camper<\/title>\n<meta name=\"description\" content=\"Ide\u00e1ln\u00ed volbou v\u00a0tomto obdob\u00ed je n\u00e1v\u0161t\u011bva term\u00e1ln\u00edch l\u00e1zn\u00ed. A pr\u00e1v\u011b v\u00a0tomto \u010dl\u00e1nku se spole\u010dn\u011b pod\u00edv\u00e1me na pr\u016f\u0159ez doporu\u010den\u00fdch stellplatz\u016f, kter\u00e9 najdete pr\u00e1v\u011b u nich, konkr\u00e9tn\u011b v\u00a0N\u011bmecku.\" \/>\n<meta name=\"robots\" content=\"index, follow, max-snippet:-1, max-image-preview:large, max-video-preview:-1\" \/>\n<link rel=\"canonical\" href=\"https:\/\/all4camper.com\/cs\/do-termalnich-lazni-aneb-s-karavanem-po-nemecku-cast-1\/\" \/>\n<meta property=\"og:locale\" content=\"cs_CZ\" \/>\n<meta property=\"og:type\" content=\"article\" \/>\n<meta property=\"og:title\" content=\"Do term\u00e1ln\u00edch l\u00e1zn\u00ed aneb s karavanem po N\u011bmecku - \u010d\u00e1st 1. - All4Camper\" \/>\n<meta property=\"og:description\" content=\"Ide\u00e1ln\u00ed volbou v\u00a0tomto obdob\u00ed je n\u00e1v\u0161t\u011bva term\u00e1ln\u00edch l\u00e1zn\u00ed. A pr\u00e1v\u011b v\u00a0tomto \u010dl\u00e1nku se spole\u010dn\u011b pod\u00edv\u00e1me na pr\u016f\u0159ez doporu\u010den\u00fdch stellplatz\u016f, kter\u00e9 najdete pr\u00e1v\u011b u nich, konkr\u00e9tn\u011b v\u00a0N\u011bmecku.\" \/>\n<meta property=\"og:url\" content=\"https:\/\/all4camper.com\/cs\/do-termalnich-lazni-aneb-s-karavanem-po-nemecku-cast-1\/\" \/>\n<meta property=\"og:site_name\" content=\"All4Camper\" \/>\n<meta property=\"article:published_time\" content=\"2022-01-13T16:33:38+00:00\" \/>\n<meta property=\"article:modified_time\" content=\"2022-01-18T13:34:56+00:00\" \/>\n<meta property=\"og:image\" content=\"https:\/\/all4camper.com\/wp-content\/uploads\/2022\/01\/ne\u030cmecko-la\u0301zne\u030c-koupa\u0301ni\u0301-scaled.jpeg\" \/>\n\t<meta property=\"og:image:width\" content=\"2560\" \/>\n\t<meta property=\"og:image:height\" content=\"1707\" \/>\n\t<meta property=\"og:image:type\" content=\"image\/jpeg\" \/>\n<meta name=\"author\" content=\"Kl\u00e1ra H\u00e1jkov\u00e1\" \/>\n<meta name=\"twitter:card\" content=\"summary_large_image\" \/>\n<meta name=\"twitter:label1\" content=\"Napsal(a)\" \/>\n\t<meta name=\"twitter:data1\" content=\"Kl\u00e1ra H\u00e1jkov\u00e1\" \/>\n\t<meta name=\"twitter:label2\" content=\"Odhadovan\u00e1 doba \u010dten\u00ed\" \/>\n\t<meta name=\"twitter:data2\" content=\"7 minut\" \/>\n<script type=\"application\/ld+json\" class=\"yoast-schema-graph\">{\"@context\":\"https:\\\/\\\/schema.org\",\"@graph\":[{\"@type\":\"Article\",\"@id\":\"https:\\\/\\\/all4camper.com\\\/cs\\\/do-termalnich-lazni-aneb-s-karavanem-po-nemecku-cast-1\\\/#article\",\"isPartOf\":{\"@id\":\"https:\\\/\\\/all4camper.com\\\/cs\\\/do-termalnich-lazni-aneb-s-karavanem-po-nemecku-cast-1\\\/\"},\"author\":{\"name\":\"Kl\u00e1ra H\u00e1jkov\u00e1\",\"@id\":\"https:\\\/\\\/all4camper.com\\\/cs\\\/#\\\/schema\\\/person\\\/c6f1efdf1d02bc7d8c53a891cbe18c62\"},\"headline\":\"Do term\u00e1ln\u00edch l\u00e1zn\u00ed aneb s karavanem po N\u011bmecku &#8211; \u010d\u00e1st 1.\",\"datePublished\":\"2022-01-13T16:33:38+00:00\",\"dateModified\":\"2022-01-18T13:34:56+00:00\",\"mainEntityOfPage\":{\"@id\":\"https:\\\/\\\/all4camper.com\\\/cs\\\/do-termalnich-lazni-aneb-s-karavanem-po-nemecku-cast-1\\\/\"},\"wordCount\":1186,\"publisher\":{\"@id\":\"https:\\\/\\\/all4camper.com\\\/cs\\\/#organization\"},\"image\":{\"@id\":\"https:\\\/\\\/all4camper.com\\\/cs\\\/do-termalnich-lazni-aneb-s-karavanem-po-nemecku-cast-1\\\/#primaryimage\"},\"thumbnailUrl\":\"https:\\\/\\\/all4camper.com\\\/wp-content\\\/uploads\\\/2022\\\/01\\\/ne\u030cmecko-la\u0301zne\u030c-koupa\u0301ni\u0301-scaled.jpeg\",\"keywords\":[\"karavanov\u00e1 st\u00e1n\u00ed\",\"N\u011bmecko\",\"Term\u00e1ln\u00ed l\u00e1zn\u011b\"],\"articleSection\":[\"Kempov\u00e1n\u00ed a cestov\u00e1n\u00ed v N\u011bmecku\",\"Novinky - Kempov\u00e1n\u00ed a karavaning\",\"Stellplatzy\",\"Term\u00e1ln\u00ed l\u00e1zn\u011b, akvaparky a z\u00e1bavn\u00ed parky\"],\"inLanguage\":\"cs\"},{\"@type\":\"WebPage\",\"@id\":\"https:\\\/\\\/all4camper.com\\\/cs\\\/do-termalnich-lazni-aneb-s-karavanem-po-nemecku-cast-1\\\/\",\"url\":\"https:\\\/\\\/all4camper.com\\\/cs\\\/do-termalnich-lazni-aneb-s-karavanem-po-nemecku-cast-1\\\/\",\"name\":\"Do term\u00e1ln\u00edch l\u00e1zn\u00ed aneb s karavanem po N\u011bmecku - \u010d\u00e1st 1. - All4Camper\",\"isPartOf\":{\"@id\":\"https:\\\/\\\/all4camper.com\\\/cs\\\/#website\"},\"primaryImageOfPage\":{\"@id\":\"https:\\\/\\\/all4camper.com\\\/cs\\\/do-termalnich-lazni-aneb-s-karavanem-po-nemecku-cast-1\\\/#primaryimage\"},\"image\":{\"@id\":\"https:\\\/\\\/all4camper.com\\\/cs\\\/do-termalnich-lazni-aneb-s-karavanem-po-nemecku-cast-1\\\/#primaryimage\"},\"thumbnailUrl\":\"https:\\\/\\\/all4camper.com\\\/wp-content\\\/uploads\\\/2022\\\/01\\\/ne\u030cmecko-la\u0301zne\u030c-koupa\u0301ni\u0301-scaled.jpeg\",\"datePublished\":\"2022-01-13T16:33:38+00:00\",\"dateModified\":\"2022-01-18T13:34:56+00:00\",\"description\":\"Ide\u00e1ln\u00ed volbou v\u00a0tomto obdob\u00ed je n\u00e1v\u0161t\u011bva term\u00e1ln\u00edch l\u00e1zn\u00ed. A pr\u00e1v\u011b v\u00a0tomto \u010dl\u00e1nku se spole\u010dn\u011b pod\u00edv\u00e1me na pr\u016f\u0159ez doporu\u010den\u00fdch stellplatz\u016f, kter\u00e9 najdete pr\u00e1v\u011b u nich, konkr\u00e9tn\u011b v\u00a0N\u011bmecku.\",\"breadcrumb\":{\"@id\":\"https:\\\/\\\/all4camper.com\\\/cs\\\/do-termalnich-lazni-aneb-s-karavanem-po-nemecku-cast-1\\\/#breadcrumb\"},\"inLanguage\":\"cs\",\"potentialAction\":[{\"@type\":\"ReadAction\",\"target\":[\"https:\\\/\\\/all4camper.com\\\/cs\\\/do-termalnich-lazni-aneb-s-karavanem-po-nemecku-cast-1\\\/\"]}]},{\"@type\":\"ImageObject\",\"inLanguage\":\"cs\",\"@id\":\"https:\\\/\\\/all4camper.com\\\/cs\\\/do-termalnich-lazni-aneb-s-karavanem-po-nemecku-cast-1\\\/#primaryimage\",\"url\":\"https:\\\/\\\/all4camper.com\\\/wp-content\\\/uploads\\\/2022\\\/01\\\/ne\u030cmecko-la\u0301zne\u030c-koupa\u0301ni\u0301-scaled.jpeg\",\"contentUrl\":\"https:\\\/\\\/all4camper.com\\\/wp-content\\\/uploads\\\/2022\\\/01\\\/ne\u030cmecko-la\u0301zne\u030c-koupa\u0301ni\u0301-scaled.jpeg\",\"width\":2560,\"height\":1707},{\"@type\":\"BreadcrumbList\",\"@id\":\"https:\\\/\\\/all4camper.com\\\/cs\\\/do-termalnich-lazni-aneb-s-karavanem-po-nemecku-cast-1\\\/#breadcrumb\",\"itemListElement\":[{\"@type\":\"ListItem\",\"position\":1,\"name\":\"Dom\u016f\",\"item\":\"https:\\\/\\\/all4camper.com\\\/cs\\\/\"},{\"@type\":\"ListItem\",\"position\":2,\"name\":\"Novinky - Kempov\u00e1n\u00ed a karavaning\",\"item\":\"https:\\\/\\\/all4camper.com\\\/cs\\\/category\\\/novinky-kempovani-a-karavaning\\\/\"},{\"@type\":\"ListItem\",\"position\":3,\"name\":\"Do term\u00e1ln\u00edch l\u00e1zn\u00ed aneb s karavanem po N\u011bmecku &#8211; \u010d\u00e1st 1.\"}]},{\"@type\":\"WebSite\",\"@id\":\"https:\\\/\\\/all4camper.com\\\/cs\\\/#website\",\"url\":\"https:\\\/\\\/all4camper.com\\\/cs\\\/\",\"name\":\"All4Camper\",\"description\":\"Nejv\u011bt\u0161\u00ed online magaz\u00edn o kempov\u00e1n\u00ed a karavaninku. V\u00edce jak 900 \u010dl\u00e1nk\u016f pln\u00fdch rad a tip\u016f o kempech a kempov\u00e1n\u00ed.\",\"publisher\":{\"@id\":\"https:\\\/\\\/all4camper.com\\\/cs\\\/#organization\"},\"potentialAction\":[{\"@type\":\"SearchAction\",\"target\":{\"@type\":\"EntryPoint\",\"urlTemplate\":\"https:\\\/\\\/all4camper.com\\\/cs\\\/?s={search_term_string}\"},\"query-input\":{\"@type\":\"PropertyValueSpecification\",\"valueRequired\":true,\"valueName\":\"search_term_string\"}}],\"inLanguage\":\"cs\"},{\"@type\":\"Organization\",\"@id\":\"https:\\\/\\\/all4camper.com\\\/cs\\\/#organization\",\"name\":\"All4Camper - kempujeme s Kl\u00e1rou\",\"url\":\"https:\\\/\\\/all4camper.com\\\/cs\\\/\",\"logo\":{\"@type\":\"ImageObject\",\"inLanguage\":\"cs\",\"@id\":\"https:\\\/\\\/all4camper.com\\\/cs\\\/#\\\/schema\\\/logo\\\/image\\\/\",\"url\":\"https:\\\/\\\/all4camper.com\\\/wp-content\\\/uploads\\\/2018\\\/09\\\/novelogo.png\",\"contentUrl\":\"https:\\\/\\\/all4camper.com\\\/wp-content\\\/uploads\\\/2018\\\/09\\\/novelogo.png\",\"width\":1520,\"height\":600,\"caption\":\"All4Camper - kempujeme s Kl\u00e1rou\"},\"image\":{\"@id\":\"https:\\\/\\\/all4camper.com\\\/cs\\\/#\\\/schema\\\/logo\\\/image\\\/\"}},{\"@type\":\"Person\",\"@id\":\"https:\\\/\\\/all4camper.com\\\/cs\\\/#\\\/schema\\\/person\\\/c6f1efdf1d02bc7d8c53a891cbe18c62\",\"name\":\"Kl\u00e1ra H\u00e1jkov\u00e1\",\"sameAs\":[\"http:\\\/\\\/www.all4camper.com\"],\"url\":\"https:\\\/\\\/all4camper.com\\\/cs\\\/author\\\/klarinkacestuje1\\\/\"}]}<\/script>\n<!-- \/ Yoast SEO plugin. -->","yoast_head_json":{"title":"Do term\u00e1ln\u00edch l\u00e1zn\u00ed aneb s karavanem po N\u011bmecku - \u010d\u00e1st 1. - All4Camper","description":"Ide\u00e1ln\u00ed volbou v\u00a0tomto obdob\u00ed je n\u00e1v\u0161t\u011bva term\u00e1ln\u00edch l\u00e1zn\u00ed. A pr\u00e1v\u011b v\u00a0tomto \u010dl\u00e1nku se spole\u010dn\u011b pod\u00edv\u00e1me na pr\u016f\u0159ez doporu\u010den\u00fdch stellplatz\u016f, kter\u00e9 najdete pr\u00e1v\u011b u nich, konkr\u00e9tn\u011b v\u00a0N\u011bmecku.","robots":{"index":"index","follow":"follow","max-snippet":"max-snippet:-1","max-image-preview":"max-image-preview:large","max-video-preview":"max-video-preview:-1"},"canonical":"https:\/\/all4camper.com\/cs\/do-termalnich-lazni-aneb-s-karavanem-po-nemecku-cast-1\/","og_locale":"cs_CZ","og_type":"article","og_title":"Do term\u00e1ln\u00edch l\u00e1zn\u00ed aneb s karavanem po N\u011bmecku - \u010d\u00e1st 1. - All4Camper","og_description":"Ide\u00e1ln\u00ed volbou v\u00a0tomto obdob\u00ed je n\u00e1v\u0161t\u011bva term\u00e1ln\u00edch l\u00e1zn\u00ed. A pr\u00e1v\u011b v\u00a0tomto \u010dl\u00e1nku se spole\u010dn\u011b pod\u00edv\u00e1me na pr\u016f\u0159ez doporu\u010den\u00fdch stellplatz\u016f, kter\u00e9 najdete pr\u00e1v\u011b u nich, konkr\u00e9tn\u011b v\u00a0N\u011bmecku.","og_url":"https:\/\/all4camper.com\/cs\/do-termalnich-lazni-aneb-s-karavanem-po-nemecku-cast-1\/","og_site_name":"All4Camper","article_published_time":"2022-01-13T16:33:38+00:00","article_modified_time":"2022-01-18T13:34:56+00:00","og_image":[{"width":2560,"height":1707,"url":"https:\/\/all4camper.com\/wp-content\/uploads\/2022\/01\/ne\u030cmecko-la\u0301zne\u030c-koupa\u0301ni\u0301-scaled.jpeg","type":"image\/jpeg"}],"author":"Kl\u00e1ra H\u00e1jkov\u00e1","twitter_card":"summary_large_image","twitter_misc":{"Napsal(a)":"Kl\u00e1ra H\u00e1jkov\u00e1","Odhadovan\u00e1 doba \u010dten\u00ed":"7 minut"},"schema":{"@context":"https:\/\/schema.org","@graph":[{"@type":"Article","@id":"https:\/\/all4camper.com\/cs\/do-termalnich-lazni-aneb-s-karavanem-po-nemecku-cast-1\/#article","isPartOf":{"@id":"https:\/\/all4camper.com\/cs\/do-termalnich-lazni-aneb-s-karavanem-po-nemecku-cast-1\/"},"author":{"name":"Kl\u00e1ra H\u00e1jkov\u00e1","@id":"https:\/\/all4camper.com\/cs\/#\/schema\/person\/c6f1efdf1d02bc7d8c53a891cbe18c62"},"headline":"Do term\u00e1ln\u00edch l\u00e1zn\u00ed aneb s karavanem po N\u011bmecku &#8211; \u010d\u00e1st 1.","datePublished":"2022-01-13T16:33:38+00:00","dateModified":"2022-01-18T13:34:56+00:00","mainEntityOfPage":{"@id":"https:\/\/all4camper.com\/cs\/do-termalnich-lazni-aneb-s-karavanem-po-nemecku-cast-1\/"},"wordCount":1186,"publisher":{"@id":"https:\/\/all4camper.com\/cs\/#organization"},"image":{"@id":"https:\/\/all4camper.com\/cs\/do-termalnich-lazni-aneb-s-karavanem-po-nemecku-cast-1\/#primaryimage"},"thumbnailUrl":"https:\/\/all4camper.com\/wp-content\/uploads\/2022\/01\/ne\u030cmecko-la\u0301zne\u030c-koupa\u0301ni\u0301-scaled.jpeg","keywords":["karavanov\u00e1 st\u00e1n\u00ed","N\u011bmecko","Term\u00e1ln\u00ed l\u00e1zn\u011b"],"articleSection":["Kempov\u00e1n\u00ed a cestov\u00e1n\u00ed v N\u011bmecku","Novinky - Kempov\u00e1n\u00ed a karavaning","Stellplatzy","Term\u00e1ln\u00ed l\u00e1zn\u011b, akvaparky a z\u00e1bavn\u00ed parky"],"inLanguage":"cs"},{"@type":"WebPage","@id":"https:\/\/all4camper.com\/cs\/do-termalnich-lazni-aneb-s-karavanem-po-nemecku-cast-1\/","url":"https:\/\/all4camper.com\/cs\/do-termalnich-lazni-aneb-s-karavanem-po-nemecku-cast-1\/","name":"Do term\u00e1ln\u00edch l\u00e1zn\u00ed aneb s karavanem po N\u011bmecku - \u010d\u00e1st 1. - All4Camper","isPartOf":{"@id":"https:\/\/all4camper.com\/cs\/#website"},"primaryImageOfPage":{"@id":"https:\/\/all4camper.com\/cs\/do-termalnich-lazni-aneb-s-karavanem-po-nemecku-cast-1\/#primaryimage"},"image":{"@id":"https:\/\/all4camper.com\/cs\/do-termalnich-lazni-aneb-s-karavanem-po-nemecku-cast-1\/#primaryimage"},"thumbnailUrl":"https:\/\/all4camper.com\/wp-content\/uploads\/2022\/01\/ne\u030cmecko-la\u0301zne\u030c-koupa\u0301ni\u0301-scaled.jpeg","datePublished":"2022-01-13T16:33:38+00:00","dateModified":"2022-01-18T13:34:56+00:00","description":"Ide\u00e1ln\u00ed volbou v\u00a0tomto obdob\u00ed je n\u00e1v\u0161t\u011bva term\u00e1ln\u00edch l\u00e1zn\u00ed. A pr\u00e1v\u011b v\u00a0tomto \u010dl\u00e1nku se spole\u010dn\u011b pod\u00edv\u00e1me na pr\u016f\u0159ez doporu\u010den\u00fdch stellplatz\u016f, kter\u00e9 najdete pr\u00e1v\u011b u nich, konkr\u00e9tn\u011b v\u00a0N\u011bmecku.","breadcrumb":{"@id":"https:\/\/all4camper.com\/cs\/do-termalnich-lazni-aneb-s-karavanem-po-nemecku-cast-1\/#breadcrumb"},"inLanguage":"cs","potentialAction":[{"@type":"ReadAction","target":["https:\/\/all4camper.com\/cs\/do-termalnich-lazni-aneb-s-karavanem-po-nemecku-cast-1\/"]}]},{"@type":"ImageObject","inLanguage":"cs","@id":"https:\/\/all4camper.com\/cs\/do-termalnich-lazni-aneb-s-karavanem-po-nemecku-cast-1\/#primaryimage","url":"https:\/\/all4camper.com\/wp-content\/uploads\/2022\/01\/ne\u030cmecko-la\u0301zne\u030c-koupa\u0301ni\u0301-scaled.jpeg","contentUrl":"https:\/\/all4camper.com\/wp-content\/uploads\/2022\/01\/ne\u030cmecko-la\u0301zne\u030c-koupa\u0301ni\u0301-scaled.jpeg","width":2560,"height":1707},{"@type":"BreadcrumbList","@id":"https:\/\/all4camper.com\/cs\/do-termalnich-lazni-aneb-s-karavanem-po-nemecku-cast-1\/#breadcrumb","itemListElement":[{"@type":"ListItem","position":1,"name":"Dom\u016f","item":"https:\/\/all4camper.com\/cs\/"},{"@type":"ListItem","position":2,"name":"Novinky - Kempov\u00e1n\u00ed a karavaning","item":"https:\/\/all4camper.com\/cs\/category\/novinky-kempovani-a-karavaning\/"},{"@type":"ListItem","position":3,"name":"Do term\u00e1ln\u00edch l\u00e1zn\u00ed aneb s karavanem po N\u011bmecku &#8211; \u010d\u00e1st 1."}]},{"@type":"WebSite","@id":"https:\/\/all4camper.com\/cs\/#website","url":"https:\/\/all4camper.com\/cs\/","name":"All4Camper","description":"Nejv\u011bt\u0161\u00ed online magaz\u00edn o kempov\u00e1n\u00ed a karavaninku. V\u00edce jak 900 \u010dl\u00e1nk\u016f pln\u00fdch rad a tip\u016f o kempech a kempov\u00e1n\u00ed.","publisher":{"@id":"https:\/\/all4camper.com\/cs\/#organization"},"potentialAction":[{"@type":"SearchAction","target":{"@type":"EntryPoint","urlTemplate":"https:\/\/all4camper.com\/cs\/?s={search_term_string}"},"query-input":{"@type":"PropertyValueSpecification","valueRequired":true,"valueName":"search_term_string"}}],"inLanguage":"cs"},{"@type":"Organization","@id":"https:\/\/all4camper.com\/cs\/#organization","name":"All4Camper - kempujeme s Kl\u00e1rou","url":"https:\/\/all4camper.com\/cs\/","logo":{"@type":"ImageObject","inLanguage":"cs","@id":"https:\/\/all4camper.com\/cs\/#\/schema\/logo\/image\/","url":"https:\/\/all4camper.com\/wp-content\/uploads\/2018\/09\/novelogo.png","contentUrl":"https:\/\/all4camper.com\/wp-content\/uploads\/2018\/09\/novelogo.png","width":1520,"height":600,"caption":"All4Camper - kempujeme s Kl\u00e1rou"},"image":{"@id":"https:\/\/all4camper.com\/cs\/#\/schema\/logo\/image\/"}},{"@type":"Person","@id":"https:\/\/all4camper.com\/cs\/#\/schema\/person\/c6f1efdf1d02bc7d8c53a891cbe18c62","name":"Kl\u00e1ra H\u00e1jkov\u00e1","sameAs":["http:\/\/www.all4camper.com"],"url":"https:\/\/all4camper.com\/cs\/author\/klarinkacestuje1\/"}]}},"_links":{"self":[{"href":"https:\/\/all4camper.com\/cs\/wp-json\/wp\/v2\/posts\/138982","targetHints":{"allow":["GET"]}}],"collection":[{"href":"https:\/\/all4camper.com\/cs\/wp-json\/wp\/v2\/posts"}],"about":[{"href":"https:\/\/all4camper.com\/cs\/wp-json\/wp\/v2\/types\/post"}],"author":[{"embeddable":true,"href":"https:\/\/all4camper.com\/cs\/wp-json\/wp\/v2\/users\/4"}],"replies":[{"embeddable":true,"href":"https:\/\/all4camper.com\/cs\/wp-json\/wp\/v2\/comments?post=138982"}],"version-history":[{"count":0,"href":"https:\/\/all4camper.com\/cs\/wp-json\/wp\/v2\/posts\/138982\/revisions"}],"wp:featuredmedia":[{"embeddable":true,"href":"https:\/\/all4camper.com\/cs\/wp-json\/wp\/v2\/media\/139043"}],"wp:attachment":[{"href":"https:\/\/all4camper.com\/cs\/wp-json\/wp\/v2\/media?parent=138982"}],"wp:term":[{"taxonomy":"category","embeddable":true,"href":"https:\/\/all4camper.com\/cs\/wp-json\/wp\/v2\/categories?post=138982"},{"taxonomy":"post_tag","embeddable":true,"href":"https:\/\/all4camper.com\/cs\/wp-json\/wp\/v2\/tags?post=138982"}],"curies":[{"name":"wp","href":"https:\/\/api.w.org\/{rel}","templated":true}]}}