{"id":138787,"date":"2022-01-09T11:54:12","date_gmt":"2022-01-09T10:54:12","guid":{"rendered":"https:\/\/all4camper.com\/\/?p=138787"},"modified":"2022-01-09T12:10:02","modified_gmt":"2022-01-09T11:10:02","slug":"dulezite-rady-pro-zimni-cestovani-karavanem","status":"publish","type":"post","link":"https:\/\/all4camper.com\/cs\/dulezite-rady-pro-zimni-cestovani-karavanem\/","title":{"rendered":"D\u016fle\u017eit\u00e9 rady pro zimn\u00ed cestovan\u00ed karavanem"},"content":{"rendered":"\n<p><strong>Leto\u0161n\u00ed zimn\u00ed karavanistick\u00e1 sez\u00f3na bude z\u0159ejm\u011b op\u011bt jin\u00e1, ne\u017e tomu bylo v p\u0159edchoz\u00edch letech. Je\u0161t\u011b dva roky zp\u00e1tky brali karavanist\u00e9 doslova \u00fatokem zimn\u00ed kempy v \u010cech\u00e1ch, na Slovensku i v Rakousku. Letos, stejn\u011b jako loni, navzdory r\u016fzn\u00fdm p\u0159\u00edslib\u016fm po\u0159\u00e1d netu\u0161\u00edme, jestli kempy nebudou fungovat v&nbsp;omezen\u00e9m re\u017eimu nebo nebudou muset zav\u0159\u00edt \u00fapln\u011b. Pak nezb\u00fdv\u00e1 nic jin\u00e9ho ne\u017e vyu\u017e\u00edt nab\u00eddku hotel\u016f, penzion\u016f \u010di parkovi\u0161\u0165 u skiare\u00e1l\u016f, kter\u00e9 se rozhodli n\u00e1m karavanist\u016fm vyj\u00edt vst\u0159\u00edc a umo\u017enili st\u00e1n\u00ed obytn\u00fdch voz\u016f. St\u00e1t s&nbsp;karavanem na parkovi\u0161ti je v\u0161ak n\u011bco \u00fapln\u011b jin\u00e9ho ne\u017e tr\u00e1vit \u010das v&nbsp;zimn\u00edm kempu, proto\u017ee zde chyb\u00ed pot\u0159ebn\u00e9 z\u00e1zem\u00ed. V dne\u0161n\u00edm \u010dl\u00e1nku p\u0159in\u00e1\u0161\u00edm p\u00e1r rychl\u00fdch tip\u016f, bez kter\u00fdch se p\u0159i takov\u00e9mto kempov\u00e1n\u00ed neobejdete.<\/strong><\/p>\n\n\n\n<figure class=\"wp-block-image size-full\"><img loading=\"lazy\" decoding=\"async\" width=\"1500\" height=\"878\" src=\"https:\/\/all4camper.com\/\/wp-content\/uploads\/2021\/01\/IMG_20171231_102345.jpg\" alt=\"\" class=\"wp-image-89519\" srcset=\"https:\/\/all4camper.com\/wp-content\/uploads\/2021\/01\/IMG_20171231_102345.jpg 1500w, https:\/\/all4camper.com\/wp-content\/uploads\/2021\/01\/IMG_20171231_102345-300x176.jpg 300w, https:\/\/all4camper.com\/wp-content\/uploads\/2021\/01\/IMG_20171231_102345-150x88.jpg 150w, https:\/\/all4camper.com\/wp-content\/uploads\/2021\/01\/IMG_20171231_102345-768x450.jpg 768w\" sizes=\"auto, (max-width: 1500px) 100vw, 1500px\" \/><\/figure>\n\n\n\n<h2 class=\"wp-block-heading\"><strong>Toaleta<\/strong><\/h2>\n\n\n\n<p>Probl\u00e9m u chemick\u00e9 toalety, kter\u00fdmi jsou karavany vybaveny, je skoro v\u017edy stejn\u00fd: Kam ji vypr\u00e1zdnit? Rozhodn\u011b zapome\u0148te na doporu\u010den\u00ed, \u017ee toaletu m\u016f\u017eete vyl\u00edt do lesa, do \u0161karpy \u010di do k\u0159ov\u00ed, proto\u017ee kdy\u017e m\u00e1te tzv. zelenou bio chemii, je to bezpe\u010dn\u00e9. <strong>NEN\u00cd! <\/strong>V\u017edy je lep\u0161\u00ed naj\u00edt alternativu, kter\u00e1 m\u016f\u017ee spo\u010d\u00edvat v&nbsp;tom, \u017ee se domluv\u00edte s majitelem penzionu, hotelu nebo person\u00e1lem \u010derpac\u00ed stanice \u010di prost\u011b vyu\u017eijete mobiln\u00ed toaletu typu ToiToi. <strong>A te\u010f pozor! I kdy\u017e budete m\u00edt svolen\u00ed vypr\u00e1zdnit toaletu z karavanu, m\u016f\u017ee se st\u00e1t, \u017ee majitel bude m\u00edt septik m\u00edsto p\u0159ipojen\u00ed k ve\u0159ejn\u00e9 kanalizaci. Do septiku v\u0161ak \u201emodr\u00e1\u201c chemie nepat\u0159\u00ed,<\/strong> proto\u017ee m\u016f\u017ee \u00fapln\u011b zni\u010dit p\u0159irozen\u00e9 bakterie, kter\u00e9 v&nbsp;septiku pracuj\u00ed. Z toho d\u016fvodu <a href=\"https:\/\/www.karavan.cz\/\" target=\"_blank\" rel=\"noreferrer noopener\">karavan.cz<\/a> doporu\u010duje pou\u017eit\u00ed <a href=\"https:\/\/www.karavan.cz\/tablety-pro-rozklad-fekalii-dometic-green-care-tabs-baleni-16-tablet\" target=\"_blank\" rel=\"noreferrer noopener\">tablet pro rozklad fek\u00e1li\u00ed<\/a>, kter\u00e9 jsou zalo\u017een\u00e9 na bio b\u00e1zi.<\/p>\n\n\n\n<h2 class=\"wp-block-heading\"><strong>Voda<\/strong><\/h2>\n\n\n\n<p>Nejv\u011bt\u0161\u00edm probl\u00e9mem v&nbsp;zimn\u00edch m\u011bs\u00edc\u00edch m\u016f\u017ee b\u00fdt riziko zamrznut\u00ed vody v aut\u011b. Kdy\u017e budete v zim\u011b opou\u0161t\u011bt sv\u016fj karavan a \u0161et\u0159it plynem, m\u011bjte na pam\u011bti, \u017ee i p\u0159esto je dobr\u00e9 v\u017edy obytn\u00fd prostor temperovat alespo\u0148 na 8 a\u017e 10 stup\u0148\u016f Celsia. D\u00edky tomu se v\u00e1m neotev\u0159e automatick\u00fd mrazuvzdorn\u00fd ventil,&nbsp;jeho\u017e funkce je ve voze samoz\u0159ejm\u011b d\u016fle\u017eit\u00e1. Proto je t\u0159eba se ujistit, \u017ee funguje spr\u00e1vn\u011b. (Pokud se v\u00e1m rozbil, m\u016f\u017eete jej zakoupit nap\u0159\u00edklad <a href=\"https:\/\/www.karavan.cz\/truma-fc-tb-sada-pro-privod-vody\" target=\"_blank\" rel=\"noreferrer noopener\">tady<\/a>.) Tento ventil je d\u016fle\u017eit\u00fd, proto\u017ee v moment\u011b dosa\u017een\u00ed vnit\u0159n\u00ed teploty okolo 5 stup\u0148\u016f Celsia vypust\u00ed asi 10 litr\u016f vody pod auto, aby zabr\u00e1nil \u201eroztr\u017een\u00ed\u201c rozvod\u016f vody mrazem. Samoz\u0159ejm\u011b obecn\u011b plat\u00ed, \u017ee je t\u0159eba vodou \u0161et\u0159it, proto\u017ee v&nbsp;zim\u011b nen\u00ed mnoho mo\u017enost\u00ed, kde ji dopl\u0148ovat.<\/p>\n\n\n\n<div class=\"wp-block-image\"><figure class=\"aligncenter size-medium\"><img loading=\"lazy\" decoding=\"async\" width=\"300\" height=\"300\" src=\"https:\/\/all4camper.com\/\/wp-content\/uploads\/2021\/01\/truma-ventil-300x300.jpg\" alt=\"\" class=\"wp-image-89704\" srcset=\"https:\/\/all4camper.com\/wp-content\/uploads\/2021\/01\/truma-ventil-300x300.jpg 300w, https:\/\/all4camper.com\/wp-content\/uploads\/2021\/01\/truma-ventil-150x150.jpg 150w, https:\/\/all4camper.com\/wp-content\/uploads\/2021\/01\/truma-ventil.jpg 550w\" sizes=\"auto, (max-width: 300px) 100vw, 300px\" \/><\/figure><\/div>\n\n\n\n<h2 class=\"wp-block-heading\"><strong>Plyn&nbsp;<\/strong><\/h2>\n\n\n\n<p>V zim\u011b je dobr\u00e9 d\u00e1t p\u0159ednost plynov\u00e9 lahvi s \u010dist\u00fdm propanem, proto\u017ee ten se vypaluje i v teplot\u00e1ch pod bodem mrazu, kde\u017eto butan \u201ezkapaln\u00ed\u201c a nevyp\u00e1l\u00ed se cel\u00fd. Pokud byste tedy pou\u017eili propan-butanovou lahev s plynem, zbyte\u010dn\u011b si sn\u00ed\u017e\u00edte pot\u0159ebnou kapacitu plynu na vyt\u00e1p\u011bn\u00ed obytn\u00e9ho prostoru. V&nbsp;p\u0159\u00edpad\u011b propanov\u00e9 l\u00e1hve v\u00e1m odpadne riziko, \u017ee p\u0159estane fungovat v\u0161e na plyn, co\u017e je v p\u0159\u00edpad\u011b, kdy nejste p\u0159ipojeni na elekt\u0159inu, i lednice a oh\u0159ev vody. Propan nav\u00edc nezan\u00e1\u0161\u00ed trysky u topen\u00ed. <strong>Pokud byste se cht\u011bli dozv\u011bd\u011bt o pln\u011bn\u00ed plynov\u00fdch lahv\u00ed n\u011bco v\u00edc, doporu\u010duji nav\u0161t\u00edvit <a href=\"https:\/\/www.karavan.cz\/izolace-brunner-pro-plynove-lahve-10-kg\" target=\"_blank\" rel=\"noreferrer noopener\">\u010dl\u00e1nek na str\u00e1nk\u00e1ch Karavan.cz<\/a> (Na str\u00e1nce rolujte a\u017e dol\u016f.)<\/strong>, kde je v\u0161e hezky a srozumiteln\u011b vysv\u011btleno. Dobr\u00e9 je tak\u00e9 myslet na <a href=\"https:\/\/www.karavan.cz\/izolace-brunner-pro-plynove-lahve-10-kg\" target=\"_blank\" rel=\"noreferrer noopener\"><strong>zateplen\u00ed plynov\u00e9 lahve<\/strong><\/a>. Pokud je lahev zah\u0159\u00e1t\u00e1, dojde uvnit\u0159 k&nbsp;v\u011bt\u0161\u00ed rozta\u017enosti plynu a vy d\u00edky tomu z&nbsp;jedn\u00e9 lahve z\u00edsk\u00e1te v\u00edce plynu.<\/p>\n\n\n\n<h2 class=\"wp-block-heading\"><strong>D\u00e1le se hod\u00ed m\u00edt v&nbsp;zim\u011b ve v\u00fdbav\u011b:<\/strong><\/h2>\n\n\n\n<ul class=\"wp-block-list\"><li><a href=\"https:\/\/www.karavan.cz\/predni-zimni-plachta-classic-pro-fiat-ducato-od-roku-07-2006\" target=\"_blank\" rel=\"noreferrer noopener\">Venkovn\u00ed plachtu<\/a> <a href=\"https:\/\/www.karavan.cz\/predni-zimni-plachta-classic-pro-fiat-ducato-od-roku-07-2006\" target=\"_blank\" rel=\"noreferrer noopener\">proti zamrznut\u00ed oken<\/a>.<\/li><li><a href=\"https:\/\/www.karavan.cz\/termoizolacni-folie-sedy-vnitrek-sportscraft-mercedes-sprinter-a-vw-crafter-od-04-2006-dily-na-3-pre\" target=\"_blank\" rel=\"noreferrer noopener\">Termoizola\u010dn\u00ed folii<\/a>, kter\u00e1 v\u016fz izoluje zevnit\u0159 tak, aby se sn\u00ed\u017eilo mno\u017estv\u00ed unikaj\u00edc\u00edho tepla. (Samoz\u0159ejm\u011b je lep\u0161\u00ed m\u00edt zimn\u00ed kab\u00e1tek, ale jeho dodac\u00ed doba je \u010dasto del\u0161\u00ed jak dva m\u011bs\u00edce, a pokud chcete vyjet hned, bude probl\u00e9m jej sehnat v\u010das. Folie poskytne alespo\u0148 \u010d\u00e1ste\u010dn\u011b podobnou slu\u017ebu.)<\/li><li><a href=\"https:\/\/www.karavan.cz\/topny-koberec-pro-car-60-x-100cm-230v-70w-sedy\" target=\"_blank\" rel=\"noreferrer noopener\">De\u010dku na zateplen\u00ed odpadn\u00ed n\u00e1dr\u017ee<\/a>.<\/li><\/ul>\n\n\n\n<figure class=\"wp-block-image size-full\"><img loading=\"lazy\" decoding=\"async\" width=\"759\" height=\"510\" src=\"https:\/\/all4camper.com\/\/wp-content\/uploads\/2021\/01\/ochrana-skla.jpg\" alt=\"\" class=\"wp-image-89715\" srcset=\"https:\/\/all4camper.com\/wp-content\/uploads\/2021\/01\/ochrana-skla.jpg 759w, https:\/\/all4camper.com\/wp-content\/uploads\/2021\/01\/ochrana-skla-300x202.jpg 300w, https:\/\/all4camper.com\/wp-content\/uploads\/2021\/01\/ochrana-skla-150x101.jpg 150w\" sizes=\"auto, (max-width: 759px) 100vw, 759px\" \/><\/figure>\n","protected":false},"excerpt":{"rendered":"<p>Leto\u0161n\u00ed zimn\u00ed karavanistick\u00e1 sez\u00f3na bude z\u0159ejm\u011b op\u011bt jin\u00e1, ne\u017e tomu bylo v p\u0159edchoz\u00edch letech. Je\u0161t\u011b dva roky zp\u00e1tky brali karavanist\u00e9 doslova \u00fatokem zimn\u00ed kempy v \u010cech\u00e1ch, na Slovensku i v Rakousku. Letos, stejn\u011b jako loni, navzdory r\u016fzn\u00fdm p\u0159\u00edslib\u016fm po\u0159\u00e1d netu\u0161\u00edme, jestli kempy nebudou fungovat v&nbsp;omezen\u00e9m re\u017eimu nebo nebudou muset zav\u0159\u00edt \u00fapln\u011b. Pak nezb\u00fdv\u00e1 nic jin\u00e9ho [&hellip;]<\/p>\n","protected":false},"author":4,"featured_media":89519,"comment_status":"closed","ping_status":"open","sticky":false,"template":"","format":"standard","meta":{"_monsterinsights_skip_tracking":false,"_monsterinsights_sitenote_active":false,"_monsterinsights_sitenote_note":"","_monsterinsights_sitenote_category":0,"footnotes":""},"categories":[422,8209,341],"tags":[226,321],"class_list":{"0":"post-138787","1":"post","2":"type-post","3":"status-publish","4":"format-standard","5":"has-post-thumbnail","7":"category-novinky-kempovani-a-karavaning","8":"category-rady-tipy-informace","9":"category-zimni-kempovani","10":"tag-rady-a-tipy","11":"tag-winter-camping"},"yoast_head":"<!-- This site is optimized with the Yoast SEO plugin v27.5 - https:\/\/yoast.com\/product\/yoast-seo-wordpress\/ -->\n<title>D\u016fle\u017eit\u00e9 rady pro zimn\u00ed cestovan\u00ed karavanem - All4Camper<\/title>\n<meta name=\"description\" content=\"St\u00e1t s\u00a0karavanem na parkovi\u0161ti je v\u0161ak n\u011bco \u00fapln\u011b jin\u00e9ho ne\u017e tr\u00e1vit \u010das v\u00a0zimn\u00edm kempu, proto\u017ee zde chyb\u00ed pot\u0159ebn\u00e9 z\u00e1zem\u00ed. V dne\u0161n\u00edm \u010dl\u00e1nku p\u0159in\u00e1\u0161\u00edm p\u00e1r rychl\u00fdch tip\u016f, bez kter\u00fdch se p\u0159i takov\u00e9mto kempov\u00e1n\u00ed neobejdete.\" \/>\n<meta name=\"robots\" content=\"index, follow, max-snippet:-1, max-image-preview:large, max-video-preview:-1\" \/>\n<link rel=\"canonical\" href=\"https:\/\/all4camper.com\/cs\/dulezite-rady-pro-zimni-cestovani-karavanem\/\" \/>\n<meta property=\"og:locale\" content=\"cs_CZ\" \/>\n<meta property=\"og:type\" content=\"article\" \/>\n<meta property=\"og:title\" content=\"D\u016fle\u017eit\u00e9 rady pro zimn\u00ed cestovan\u00ed karavanem - All4Camper\" \/>\n<meta property=\"og:description\" content=\"St\u00e1t s\u00a0karavanem na parkovi\u0161ti je v\u0161ak n\u011bco \u00fapln\u011b jin\u00e9ho ne\u017e tr\u00e1vit \u010das v\u00a0zimn\u00edm kempu, proto\u017ee zde chyb\u00ed pot\u0159ebn\u00e9 z\u00e1zem\u00ed. V dne\u0161n\u00edm \u010dl\u00e1nku p\u0159in\u00e1\u0161\u00edm p\u00e1r rychl\u00fdch tip\u016f, bez kter\u00fdch se p\u0159i takov\u00e9mto kempov\u00e1n\u00ed neobejdete.\" \/>\n<meta property=\"og:url\" content=\"https:\/\/all4camper.com\/cs\/dulezite-rady-pro-zimni-cestovani-karavanem\/\" \/>\n<meta property=\"og:site_name\" content=\"All4Camper\" \/>\n<meta property=\"article:published_time\" content=\"2022-01-09T10:54:12+00:00\" \/>\n<meta property=\"article:modified_time\" content=\"2022-01-09T11:10:02+00:00\" \/>\n<meta property=\"og:image\" content=\"https:\/\/all4camper.com\/wp-content\/uploads\/2021\/01\/IMG_20171231_102345.jpg\" \/>\n\t<meta property=\"og:image:width\" content=\"1500\" \/>\n\t<meta property=\"og:image:height\" content=\"878\" \/>\n\t<meta property=\"og:image:type\" content=\"image\/jpeg\" \/>\n<meta name=\"author\" content=\"Kl\u00e1ra H\u00e1jkov\u00e1\" \/>\n<meta name=\"twitter:card\" content=\"summary_large_image\" \/>\n<meta name=\"twitter:label1\" content=\"Napsal(a)\" \/>\n\t<meta name=\"twitter:data1\" content=\"Kl\u00e1ra H\u00e1jkov\u00e1\" \/>\n\t<meta name=\"twitter:label2\" content=\"Odhadovan\u00e1 doba \u010dten\u00ed\" \/>\n\t<meta name=\"twitter:data2\" content=\"4 minuty\" \/>\n<script type=\"application\/ld+json\" class=\"yoast-schema-graph\">{\"@context\":\"https:\\\/\\\/schema.org\",\"@graph\":[{\"@type\":\"Article\",\"@id\":\"https:\\\/\\\/all4camper.com\\\/cs\\\/dulezite-rady-pro-zimni-cestovani-karavanem\\\/#article\",\"isPartOf\":{\"@id\":\"https:\\\/\\\/all4camper.com\\\/cs\\\/dulezite-rady-pro-zimni-cestovani-karavanem\\\/\"},\"author\":{\"name\":\"Kl\u00e1ra H\u00e1jkov\u00e1\",\"@id\":\"https:\\\/\\\/all4camper.com\\\/cs\\\/#\\\/schema\\\/person\\\/c6f1efdf1d02bc7d8c53a891cbe18c62\"},\"headline\":\"D\u016fle\u017eit\u00e9 rady pro zimn\u00ed cestovan\u00ed karavanem\",\"datePublished\":\"2022-01-09T10:54:12+00:00\",\"dateModified\":\"2022-01-09T11:10:02+00:00\",\"mainEntityOfPage\":{\"@id\":\"https:\\\/\\\/all4camper.com\\\/cs\\\/dulezite-rady-pro-zimni-cestovani-karavanem\\\/\"},\"wordCount\":774,\"publisher\":{\"@id\":\"https:\\\/\\\/all4camper.com\\\/cs\\\/#organization\"},\"image\":{\"@id\":\"https:\\\/\\\/all4camper.com\\\/cs\\\/dulezite-rady-pro-zimni-cestovani-karavanem\\\/#primaryimage\"},\"thumbnailUrl\":\"https:\\\/\\\/all4camper.com\\\/wp-content\\\/uploads\\\/2021\\\/01\\\/IMG_20171231_102345.jpg\",\"keywords\":[\"Rady-tipy-informace\",\"Zimn\u00ed kempov\u00e1n\u00ed\"],\"articleSection\":[\"Novinky - Kempov\u00e1n\u00ed a karavaning\",\"Rady, tipy, informace\",\"Zimn\u00ed kempov\u00e1n\u00ed\"],\"inLanguage\":\"cs\"},{\"@type\":\"WebPage\",\"@id\":\"https:\\\/\\\/all4camper.com\\\/cs\\\/dulezite-rady-pro-zimni-cestovani-karavanem\\\/\",\"url\":\"https:\\\/\\\/all4camper.com\\\/cs\\\/dulezite-rady-pro-zimni-cestovani-karavanem\\\/\",\"name\":\"D\u016fle\u017eit\u00e9 rady pro zimn\u00ed cestovan\u00ed karavanem - All4Camper\",\"isPartOf\":{\"@id\":\"https:\\\/\\\/all4camper.com\\\/cs\\\/#website\"},\"primaryImageOfPage\":{\"@id\":\"https:\\\/\\\/all4camper.com\\\/cs\\\/dulezite-rady-pro-zimni-cestovani-karavanem\\\/#primaryimage\"},\"image\":{\"@id\":\"https:\\\/\\\/all4camper.com\\\/cs\\\/dulezite-rady-pro-zimni-cestovani-karavanem\\\/#primaryimage\"},\"thumbnailUrl\":\"https:\\\/\\\/all4camper.com\\\/wp-content\\\/uploads\\\/2021\\\/01\\\/IMG_20171231_102345.jpg\",\"datePublished\":\"2022-01-09T10:54:12+00:00\",\"dateModified\":\"2022-01-09T11:10:02+00:00\",\"description\":\"St\u00e1t s\u00a0karavanem na parkovi\u0161ti je v\u0161ak n\u011bco \u00fapln\u011b jin\u00e9ho ne\u017e tr\u00e1vit \u010das v\u00a0zimn\u00edm kempu, proto\u017ee zde chyb\u00ed pot\u0159ebn\u00e9 z\u00e1zem\u00ed. V dne\u0161n\u00edm \u010dl\u00e1nku p\u0159in\u00e1\u0161\u00edm p\u00e1r rychl\u00fdch tip\u016f, bez kter\u00fdch se p\u0159i takov\u00e9mto kempov\u00e1n\u00ed neobejdete.\",\"breadcrumb\":{\"@id\":\"https:\\\/\\\/all4camper.com\\\/cs\\\/dulezite-rady-pro-zimni-cestovani-karavanem\\\/#breadcrumb\"},\"inLanguage\":\"cs\",\"potentialAction\":[{\"@type\":\"ReadAction\",\"target\":[\"https:\\\/\\\/all4camper.com\\\/cs\\\/dulezite-rady-pro-zimni-cestovani-karavanem\\\/\"]}]},{\"@type\":\"ImageObject\",\"inLanguage\":\"cs\",\"@id\":\"https:\\\/\\\/all4camper.com\\\/cs\\\/dulezite-rady-pro-zimni-cestovani-karavanem\\\/#primaryimage\",\"url\":\"https:\\\/\\\/all4camper.com\\\/wp-content\\\/uploads\\\/2021\\\/01\\\/IMG_20171231_102345.jpg\",\"contentUrl\":\"https:\\\/\\\/all4camper.com\\\/wp-content\\\/uploads\\\/2021\\\/01\\\/IMG_20171231_102345.jpg\",\"width\":1500,\"height\":878},{\"@type\":\"BreadcrumbList\",\"@id\":\"https:\\\/\\\/all4camper.com\\\/cs\\\/dulezite-rady-pro-zimni-cestovani-karavanem\\\/#breadcrumb\",\"itemListElement\":[{\"@type\":\"ListItem\",\"position\":1,\"name\":\"Dom\u016f\",\"item\":\"https:\\\/\\\/all4camper.com\\\/cs\\\/\"},{\"@type\":\"ListItem\",\"position\":2,\"name\":\"Zimn\u00ed kempov\u00e1n\u00ed\",\"item\":\"https:\\\/\\\/all4camper.com\\\/cs\\\/category\\\/zimni-kempovani\\\/\"},{\"@type\":\"ListItem\",\"position\":3,\"name\":\"D\u016fle\u017eit\u00e9 rady pro zimn\u00ed cestovan\u00ed karavanem\"}]},{\"@type\":\"WebSite\",\"@id\":\"https:\\\/\\\/all4camper.com\\\/cs\\\/#website\",\"url\":\"https:\\\/\\\/all4camper.com\\\/cs\\\/\",\"name\":\"All4Camper\",\"description\":\"Nejv\u011bt\u0161\u00ed online magaz\u00edn o kempov\u00e1n\u00ed a karavaninku. V\u00edce jak 900 \u010dl\u00e1nk\u016f pln\u00fdch rad a tip\u016f o kempech a kempov\u00e1n\u00ed.\",\"publisher\":{\"@id\":\"https:\\\/\\\/all4camper.com\\\/cs\\\/#organization\"},\"potentialAction\":[{\"@type\":\"SearchAction\",\"target\":{\"@type\":\"EntryPoint\",\"urlTemplate\":\"https:\\\/\\\/all4camper.com\\\/cs\\\/?s={search_term_string}\"},\"query-input\":{\"@type\":\"PropertyValueSpecification\",\"valueRequired\":true,\"valueName\":\"search_term_string\"}}],\"inLanguage\":\"cs\"},{\"@type\":\"Organization\",\"@id\":\"https:\\\/\\\/all4camper.com\\\/cs\\\/#organization\",\"name\":\"All4Camper - kempujeme s Kl\u00e1rou\",\"url\":\"https:\\\/\\\/all4camper.com\\\/cs\\\/\",\"logo\":{\"@type\":\"ImageObject\",\"inLanguage\":\"cs\",\"@id\":\"https:\\\/\\\/all4camper.com\\\/cs\\\/#\\\/schema\\\/logo\\\/image\\\/\",\"url\":\"https:\\\/\\\/all4camper.com\\\/wp-content\\\/uploads\\\/2018\\\/09\\\/novelogo.png\",\"contentUrl\":\"https:\\\/\\\/all4camper.com\\\/wp-content\\\/uploads\\\/2018\\\/09\\\/novelogo.png\",\"width\":1520,\"height\":600,\"caption\":\"All4Camper - kempujeme s Kl\u00e1rou\"},\"image\":{\"@id\":\"https:\\\/\\\/all4camper.com\\\/cs\\\/#\\\/schema\\\/logo\\\/image\\\/\"}},{\"@type\":\"Person\",\"@id\":\"https:\\\/\\\/all4camper.com\\\/cs\\\/#\\\/schema\\\/person\\\/c6f1efdf1d02bc7d8c53a891cbe18c62\",\"name\":\"Kl\u00e1ra H\u00e1jkov\u00e1\",\"sameAs\":[\"http:\\\/\\\/www.all4camper.com\"],\"url\":\"https:\\\/\\\/all4camper.com\\\/cs\\\/author\\\/klarinkacestuje1\\\/\"}]}<\/script>\n<!-- \/ Yoast SEO plugin. -->","yoast_head_json":{"title":"D\u016fle\u017eit\u00e9 rady pro zimn\u00ed cestovan\u00ed karavanem - All4Camper","description":"St\u00e1t s\u00a0karavanem na parkovi\u0161ti je v\u0161ak n\u011bco \u00fapln\u011b jin\u00e9ho ne\u017e tr\u00e1vit \u010das v\u00a0zimn\u00edm kempu, proto\u017ee zde chyb\u00ed pot\u0159ebn\u00e9 z\u00e1zem\u00ed. V dne\u0161n\u00edm \u010dl\u00e1nku p\u0159in\u00e1\u0161\u00edm p\u00e1r rychl\u00fdch tip\u016f, bez kter\u00fdch se p\u0159i takov\u00e9mto kempov\u00e1n\u00ed neobejdete.","robots":{"index":"index","follow":"follow","max-snippet":"max-snippet:-1","max-image-preview":"max-image-preview:large","max-video-preview":"max-video-preview:-1"},"canonical":"https:\/\/all4camper.com\/cs\/dulezite-rady-pro-zimni-cestovani-karavanem\/","og_locale":"cs_CZ","og_type":"article","og_title":"D\u016fle\u017eit\u00e9 rady pro zimn\u00ed cestovan\u00ed karavanem - All4Camper","og_description":"St\u00e1t s\u00a0karavanem na parkovi\u0161ti je v\u0161ak n\u011bco \u00fapln\u011b jin\u00e9ho ne\u017e tr\u00e1vit \u010das v\u00a0zimn\u00edm kempu, proto\u017ee zde chyb\u00ed pot\u0159ebn\u00e9 z\u00e1zem\u00ed. V dne\u0161n\u00edm \u010dl\u00e1nku p\u0159in\u00e1\u0161\u00edm p\u00e1r rychl\u00fdch tip\u016f, bez kter\u00fdch se p\u0159i takov\u00e9mto kempov\u00e1n\u00ed neobejdete.","og_url":"https:\/\/all4camper.com\/cs\/dulezite-rady-pro-zimni-cestovani-karavanem\/","og_site_name":"All4Camper","article_published_time":"2022-01-09T10:54:12+00:00","article_modified_time":"2022-01-09T11:10:02+00:00","og_image":[{"width":1500,"height":878,"url":"https:\/\/all4camper.com\/wp-content\/uploads\/2021\/01\/IMG_20171231_102345.jpg","type":"image\/jpeg"}],"author":"Kl\u00e1ra H\u00e1jkov\u00e1","twitter_card":"summary_large_image","twitter_misc":{"Napsal(a)":"Kl\u00e1ra H\u00e1jkov\u00e1","Odhadovan\u00e1 doba \u010dten\u00ed":"4 minuty"},"schema":{"@context":"https:\/\/schema.org","@graph":[{"@type":"Article","@id":"https:\/\/all4camper.com\/cs\/dulezite-rady-pro-zimni-cestovani-karavanem\/#article","isPartOf":{"@id":"https:\/\/all4camper.com\/cs\/dulezite-rady-pro-zimni-cestovani-karavanem\/"},"author":{"name":"Kl\u00e1ra H\u00e1jkov\u00e1","@id":"https:\/\/all4camper.com\/cs\/#\/schema\/person\/c6f1efdf1d02bc7d8c53a891cbe18c62"},"headline":"D\u016fle\u017eit\u00e9 rady pro zimn\u00ed cestovan\u00ed karavanem","datePublished":"2022-01-09T10:54:12+00:00","dateModified":"2022-01-09T11:10:02+00:00","mainEntityOfPage":{"@id":"https:\/\/all4camper.com\/cs\/dulezite-rady-pro-zimni-cestovani-karavanem\/"},"wordCount":774,"publisher":{"@id":"https:\/\/all4camper.com\/cs\/#organization"},"image":{"@id":"https:\/\/all4camper.com\/cs\/dulezite-rady-pro-zimni-cestovani-karavanem\/#primaryimage"},"thumbnailUrl":"https:\/\/all4camper.com\/wp-content\/uploads\/2021\/01\/IMG_20171231_102345.jpg","keywords":["Rady-tipy-informace","Zimn\u00ed kempov\u00e1n\u00ed"],"articleSection":["Novinky - Kempov\u00e1n\u00ed a karavaning","Rady, tipy, informace","Zimn\u00ed kempov\u00e1n\u00ed"],"inLanguage":"cs"},{"@type":"WebPage","@id":"https:\/\/all4camper.com\/cs\/dulezite-rady-pro-zimni-cestovani-karavanem\/","url":"https:\/\/all4camper.com\/cs\/dulezite-rady-pro-zimni-cestovani-karavanem\/","name":"D\u016fle\u017eit\u00e9 rady pro zimn\u00ed cestovan\u00ed karavanem - All4Camper","isPartOf":{"@id":"https:\/\/all4camper.com\/cs\/#website"},"primaryImageOfPage":{"@id":"https:\/\/all4camper.com\/cs\/dulezite-rady-pro-zimni-cestovani-karavanem\/#primaryimage"},"image":{"@id":"https:\/\/all4camper.com\/cs\/dulezite-rady-pro-zimni-cestovani-karavanem\/#primaryimage"},"thumbnailUrl":"https:\/\/all4camper.com\/wp-content\/uploads\/2021\/01\/IMG_20171231_102345.jpg","datePublished":"2022-01-09T10:54:12+00:00","dateModified":"2022-01-09T11:10:02+00:00","description":"St\u00e1t s\u00a0karavanem na parkovi\u0161ti je v\u0161ak n\u011bco \u00fapln\u011b jin\u00e9ho ne\u017e tr\u00e1vit \u010das v\u00a0zimn\u00edm kempu, proto\u017ee zde chyb\u00ed pot\u0159ebn\u00e9 z\u00e1zem\u00ed. V dne\u0161n\u00edm \u010dl\u00e1nku p\u0159in\u00e1\u0161\u00edm p\u00e1r rychl\u00fdch tip\u016f, bez kter\u00fdch se p\u0159i takov\u00e9mto kempov\u00e1n\u00ed neobejdete.","breadcrumb":{"@id":"https:\/\/all4camper.com\/cs\/dulezite-rady-pro-zimni-cestovani-karavanem\/#breadcrumb"},"inLanguage":"cs","potentialAction":[{"@type":"ReadAction","target":["https:\/\/all4camper.com\/cs\/dulezite-rady-pro-zimni-cestovani-karavanem\/"]}]},{"@type":"ImageObject","inLanguage":"cs","@id":"https:\/\/all4camper.com\/cs\/dulezite-rady-pro-zimni-cestovani-karavanem\/#primaryimage","url":"https:\/\/all4camper.com\/wp-content\/uploads\/2021\/01\/IMG_20171231_102345.jpg","contentUrl":"https:\/\/all4camper.com\/wp-content\/uploads\/2021\/01\/IMG_20171231_102345.jpg","width":1500,"height":878},{"@type":"BreadcrumbList","@id":"https:\/\/all4camper.com\/cs\/dulezite-rady-pro-zimni-cestovani-karavanem\/#breadcrumb","itemListElement":[{"@type":"ListItem","position":1,"name":"Dom\u016f","item":"https:\/\/all4camper.com\/cs\/"},{"@type":"ListItem","position":2,"name":"Zimn\u00ed kempov\u00e1n\u00ed","item":"https:\/\/all4camper.com\/cs\/category\/zimni-kempovani\/"},{"@type":"ListItem","position":3,"name":"D\u016fle\u017eit\u00e9 rady pro zimn\u00ed cestovan\u00ed karavanem"}]},{"@type":"WebSite","@id":"https:\/\/all4camper.com\/cs\/#website","url":"https:\/\/all4camper.com\/cs\/","name":"All4Camper","description":"Nejv\u011bt\u0161\u00ed online magaz\u00edn o kempov\u00e1n\u00ed a karavaninku. V\u00edce jak 900 \u010dl\u00e1nk\u016f pln\u00fdch rad a tip\u016f o kempech a kempov\u00e1n\u00ed.","publisher":{"@id":"https:\/\/all4camper.com\/cs\/#organization"},"potentialAction":[{"@type":"SearchAction","target":{"@type":"EntryPoint","urlTemplate":"https:\/\/all4camper.com\/cs\/?s={search_term_string}"},"query-input":{"@type":"PropertyValueSpecification","valueRequired":true,"valueName":"search_term_string"}}],"inLanguage":"cs"},{"@type":"Organization","@id":"https:\/\/all4camper.com\/cs\/#organization","name":"All4Camper - kempujeme s Kl\u00e1rou","url":"https:\/\/all4camper.com\/cs\/","logo":{"@type":"ImageObject","inLanguage":"cs","@id":"https:\/\/all4camper.com\/cs\/#\/schema\/logo\/image\/","url":"https:\/\/all4camper.com\/wp-content\/uploads\/2018\/09\/novelogo.png","contentUrl":"https:\/\/all4camper.com\/wp-content\/uploads\/2018\/09\/novelogo.png","width":1520,"height":600,"caption":"All4Camper - kempujeme s Kl\u00e1rou"},"image":{"@id":"https:\/\/all4camper.com\/cs\/#\/schema\/logo\/image\/"}},{"@type":"Person","@id":"https:\/\/all4camper.com\/cs\/#\/schema\/person\/c6f1efdf1d02bc7d8c53a891cbe18c62","name":"Kl\u00e1ra H\u00e1jkov\u00e1","sameAs":["http:\/\/www.all4camper.com"],"url":"https:\/\/all4camper.com\/cs\/author\/klarinkacestuje1\/"}]}},"_links":{"self":[{"href":"https:\/\/all4camper.com\/cs\/wp-json\/wp\/v2\/posts\/138787","targetHints":{"allow":["GET"]}}],"collection":[{"href":"https:\/\/all4camper.com\/cs\/wp-json\/wp\/v2\/posts"}],"about":[{"href":"https:\/\/all4camper.com\/cs\/wp-json\/wp\/v2\/types\/post"}],"author":[{"embeddable":true,"href":"https:\/\/all4camper.com\/cs\/wp-json\/wp\/v2\/users\/4"}],"replies":[{"embeddable":true,"href":"https:\/\/all4camper.com\/cs\/wp-json\/wp\/v2\/comments?post=138787"}],"version-history":[{"count":0,"href":"https:\/\/all4camper.com\/cs\/wp-json\/wp\/v2\/posts\/138787\/revisions"}],"wp:featuredmedia":[{"embeddable":true,"href":"https:\/\/all4camper.com\/cs\/wp-json\/wp\/v2\/media\/89519"}],"wp:attachment":[{"href":"https:\/\/all4camper.com\/cs\/wp-json\/wp\/v2\/media?parent=138787"}],"wp:term":[{"taxonomy":"category","embeddable":true,"href":"https:\/\/all4camper.com\/cs\/wp-json\/wp\/v2\/categories?post=138787"},{"taxonomy":"post_tag","embeddable":true,"href":"https:\/\/all4camper.com\/cs\/wp-json\/wp\/v2\/tags?post=138787"}],"curies":[{"name":"wp","href":"https:\/\/api.w.org\/{rel}","templated":true}]}}