{"id":138615,"date":"2021-12-26T16:55:06","date_gmt":"2021-12-26T15:55:06","guid":{"rendered":"https:\/\/all4camper.com\/\/?p=138615"},"modified":"2023-10-27T10:17:44","modified_gmt":"2023-10-27T08:17:44","slug":"termalni-lazne-a-kemp-moravske-toplice-v-zime-na-co-se-muzete-tesit","status":"publish","type":"post","link":"https:\/\/all4camper.com\/cs\/termalni-lazne-a-kemp-moravske-toplice-v-zime-na-co-se-muzete-tesit\/","title":{"rendered":"Co v\u0161echno nab\u00edz\u00ed Term\u00e1ln\u00ed l\u00e1zn\u011b a kemp Moravsk\u00e9 Toplice"},"content":{"rendered":"\n<p><strong>Dne\u0161n\u00ed p\u0159\u00edsp\u011bvek p\u00ed\u0161i p\u0159\u00edmo &#8222;z m\u00edsta \u010dinu&#8220;. Dozv\u00edte se v n\u011bm nejen n\u011bkolik u\u017eite\u010dn\u00fdch informac\u00ed o kempu a term\u00e1ln\u00edch l\u00e1zn\u00edch, ale tak\u00e9 nab\u00eddce, kterou zde m\u016f\u017eete vyu\u017e\u00edt pokud si k cen\u011b ubytov\u00e1n\u00ed zakoup\u00edte vstup do l\u00e1zn\u00ed. A vlastn\u011b nejen to, proto\u017ee jsem si cel\u00fd tento are\u00e1l d\u016fkladn\u011b pro\u0161la a na v\u0161e se pe\u010dliv\u011b vypt\u00e1vala. V\u00edtejte na Slovinsku, v zimn\u00edch Moravsk\u00fdch Toplic\u00edch.<\/strong><\/p>\n\n\n\n<figure class=\"wp-block-image size-large\"><img loading=\"lazy\" decoding=\"async\" width=\"1440\" height=\"1080\" src=\"https:\/\/all4camper.com\/\/wp-content\/uploads\/2021\/12\/269747875_336472668028009_1536450465874256376_n-1440x1080.jpg\" alt=\"\" class=\"wp-image-138616\" srcset=\"https:\/\/all4camper.com\/wp-content\/uploads\/2021\/12\/269747875_336472668028009_1536450465874256376_n-1440x1080.jpg 1440w, https:\/\/all4camper.com\/wp-content\/uploads\/2021\/12\/269747875_336472668028009_1536450465874256376_n-300x225.jpg 300w, https:\/\/all4camper.com\/wp-content\/uploads\/2021\/12\/269747875_336472668028009_1536450465874256376_n-150x113.jpg 150w, https:\/\/all4camper.com\/wp-content\/uploads\/2021\/12\/269747875_336472668028009_1536450465874256376_n-768x576.jpg 768w, https:\/\/all4camper.com\/wp-content\/uploads\/2021\/12\/269747875_336472668028009_1536450465874256376_n-1536x1152.jpg 1536w, https:\/\/all4camper.com\/wp-content\/uploads\/2021\/12\/269747875_336472668028009_1536450465874256376_n-696x522.jpg 696w, https:\/\/all4camper.com\/wp-content\/uploads\/2021\/12\/269747875_336472668028009_1536450465874256376_n-1068x801.jpg 1068w, https:\/\/all4camper.com\/wp-content\/uploads\/2021\/12\/269747875_336472668028009_1536450465874256376_n-1920x1440.jpg 1920w, https:\/\/all4camper.com\/wp-content\/uploads\/2021\/12\/269747875_336472668028009_1536450465874256376_n.jpg 2048w\" sizes=\"auto, (max-width: 1440px) 100vw, 1440px\" \/><\/figure>\n\n\n\n<p>Asi net\u0159eba toto l\u00e1ze\u0148sk\u00e9 m\u011bste\u010dko moc p\u0159edstavovat, nebo\u0165 sem ka\u017edoro\u010dn\u011b m\u00ed\u0159\u00ed nem\u00e1lo \u010desk\u00fdch karavanist\u016f. V\u011bt\u0161ina sem v\u0161ak jezd\u00ed v l\u00e9t\u011b, kdy sez\u00f3na jede na pln\u00e9 obr\u00e1tky a v term\u00e1ln\u00edch l\u00e1zn\u00edch je otev\u0159ena i venkovn\u00ed \u010d\u00e1st pln\u00e1 baz\u00e9n\u016f a tobogan\u016f. Jak je to v\u0161ak v zim\u011b?<\/p>\n\n\n\n<h2 class=\"wp-block-heading\">Zimn\u00ed Moravsk\u00e9 Toplice pro rodiny s d\u011btmi<\/h2>\n\n\n\n<p>Za\u010dnu pobytem pro rodiny s d\u011btmi, proto\u017ee ty se ve zdej\u0161\u00edch term\u00e1ln\u00edch l\u00e1zn\u00edch nejv\u00edce vy\u0159\u00e1d\u00ed a rodi\u010de si d\u00edky tomu odpo\u010dinou.<\/p>\n\n\n\n<figure class=\"wp-block-image size-large is-resized\"><img loading=\"lazy\" decoding=\"async\" width=\"1440\" height=\"1080\" src=\"https:\/\/all4camper.com\/\/wp-content\/uploads\/2021\/12\/269695445_1107273963434770_8236467403348065189_n-1-1440x1080.jpg\" alt=\"\" class=\"wp-image-138625\" style=\"width:695px;height:521px\" srcset=\"https:\/\/all4camper.com\/wp-content\/uploads\/2021\/12\/269695445_1107273963434770_8236467403348065189_n-1-1440x1080.jpg 1440w, https:\/\/all4camper.com\/wp-content\/uploads\/2021\/12\/269695445_1107273963434770_8236467403348065189_n-1-300x225.jpg 300w, https:\/\/all4camper.com\/wp-content\/uploads\/2021\/12\/269695445_1107273963434770_8236467403348065189_n-1-150x113.jpg 150w, https:\/\/all4camper.com\/wp-content\/uploads\/2021\/12\/269695445_1107273963434770_8236467403348065189_n-1-768x576.jpg 768w, https:\/\/all4camper.com\/wp-content\/uploads\/2021\/12\/269695445_1107273963434770_8236467403348065189_n-1-1536x1152.jpg 1536w, https:\/\/all4camper.com\/wp-content\/uploads\/2021\/12\/269695445_1107273963434770_8236467403348065189_n-1-696x522.jpg 696w, https:\/\/all4camper.com\/wp-content\/uploads\/2021\/12\/269695445_1107273963434770_8236467403348065189_n-1-1068x801.jpg 1068w, https:\/\/all4camper.com\/wp-content\/uploads\/2021\/12\/269695445_1107273963434770_8236467403348065189_n-1-1920x1440.jpg 1920w, https:\/\/all4camper.com\/wp-content\/uploads\/2021\/12\/269695445_1107273963434770_8236467403348065189_n-1.jpg 2048w\" sizes=\"auto, (max-width: 1440px) 100vw, 1440px\" \/><figcaption class=\"wp-element-caption\">L\u00e1zn\u011b Terme 3000<\/figcaption><\/figure>\n\n\n\n<p>V zimn\u00edm \u010dase nejsou l\u00e1zn\u011b nijak velk\u00e9. P\u0159esto v\u0161e v nich z m\u00e9ho pohledu nechyb\u00ed nic, po \u010dem tou\u017e\u00edte. Je pravda, \u017ee rozlehl\u00fd venkovn\u00ed are\u00e1l m\u00e1 p\u0159es zimu zav\u0159eno, av\u0161ak va\u0161e ratolesti to skoro nepoznaj\u00ed, nebo\u0165 vnit\u0159n\u00ed \u010d\u00e1st se skl\u00e1d\u00e1 z mnoha baz\u00e9n\u016f o teplot\u011b minim\u00e1ln\u011b 32 stup\u0148\u016f a dvou tobog\u00e1n\u016f. Nutno dodat, \u017ee v l\u00e1zn\u00edch nen\u00ed zima a nemus\u00edte se tak b\u00e1t, \u017ee by va\u0161e d\u011bti nastydly.<\/p>\n\n\n\n<figure class=\"wp-block-gallery has-nested-images columns-default is-cropped wp-block-gallery-1 is-layout-flex wp-block-gallery-is-layout-flex\">\n<figure class=\"wp-block-image size-large\"><img loading=\"lazy\" decoding=\"async\" width=\"1440\" height=\"1080\" data-id=\"138622\" src=\"https:\/\/all4camper.com\/wp-content\/uploads\/2021\/12\/269724734_4910889955629334_2569049256908467399_n-1440x1080.jpg\" alt=\"\" class=\"wp-image-138622\" srcset=\"https:\/\/all4camper.com\/wp-content\/uploads\/2021\/12\/269724734_4910889955629334_2569049256908467399_n-1440x1080.jpg 1440w, https:\/\/all4camper.com\/wp-content\/uploads\/2021\/12\/269724734_4910889955629334_2569049256908467399_n-300x225.jpg 300w, https:\/\/all4camper.com\/wp-content\/uploads\/2021\/12\/269724734_4910889955629334_2569049256908467399_n-150x113.jpg 150w, https:\/\/all4camper.com\/wp-content\/uploads\/2021\/12\/269724734_4910889955629334_2569049256908467399_n-768x576.jpg 768w, https:\/\/all4camper.com\/wp-content\/uploads\/2021\/12\/269724734_4910889955629334_2569049256908467399_n-1536x1152.jpg 1536w, https:\/\/all4camper.com\/wp-content\/uploads\/2021\/12\/269724734_4910889955629334_2569049256908467399_n-696x522.jpg 696w, https:\/\/all4camper.com\/wp-content\/uploads\/2021\/12\/269724734_4910889955629334_2569049256908467399_n-1068x801.jpg 1068w, https:\/\/all4camper.com\/wp-content\/uploads\/2021\/12\/269724734_4910889955629334_2569049256908467399_n-1920x1440.jpg 1920w, https:\/\/all4camper.com\/wp-content\/uploads\/2021\/12\/269724734_4910889955629334_2569049256908467399_n.jpg 2048w\" sizes=\"auto, (max-width: 1440px) 100vw, 1440px\" \/><\/figure>\n<\/figure>\n\n\n\n<p><strong>Pokud se ubytujete v kempu, m\u00e1te v cen\u011b pobytu neomezen\u00fd vstup do l\u00e1zn\u00ed. M\u016f\u017eete tedy z nich kdykoliv odej\u00edt a vr\u00e1tit<\/strong> <strong>se zp\u011bt<\/strong> &#8211; nap\u0159\u00edklad na ob\u011bd. Na druhou stranu by byla \u0161koda si zaj\u00edt do karavanu na j\u00eddlo, proto\u017ee sou\u010d\u00e1st\u00ed l\u00e1zn\u00ed je v p\u0159\u00edzem\u00ed um\u00edst\u011bn\u00e1 restaurace kde velmi dob\u0159e va\u0159\u00ed (pozor, st\u00e1le p\u00ed\u0161i o zim\u011b, v l\u00e9t\u011b je otev\u0159eno venkovn\u00edch restaurac\u00ed samoz\u0159ejm\u011b v\u00edce). D\u00e1my tam maj\u00ed na v\u00fdb\u011br z n\u011bkolika druh\u016f sal\u00e1t\u016f, samoz\u0159ejmost\u00ed jsou hranolky a dal\u0161\u00ed zak\u00e1zan\u00e9 dobroty, kter\u00e9 si d\u011bti na na\u0161ich cest\u00e1ch prost\u011b cht\u011bj\u00ed d\u00e1t, p\u0159esto\u017ee doma jim to t\u0159eba nedovol\u00edte, a\u017e po j\u00eddla typick\u00e1 pro slovinskou kuchyni. <\/p>\n\n\n\n<h2 class=\"wp-block-heading\"><meta charset=\"utf-8\">Zimn\u00ed Moravsk\u00e9 Toplice pro bezd\u011btn\u00e9 \u010di hledaj\u00edc\u00ed klid<\/h2>\n\n\n\n<p>Jak mnoho m\u00fdch \u010dten\u00e1\u0159\u016f a sleduj\u00edc\u00edch v\u00ed, s Dav\u00edm m\u00e1me u\u017e d\u011bti odrostl\u00e9 a za\u010d\u00edn\u00e1me na na\u0161ich cest\u00e1ch za relaxac\u00ed hledat tak n\u011bjak v\u011bt\u0161\u00ed klid. M\u00e1m-li b\u00fdt up\u0159\u00edmn\u00e1, kdy\u017e jsme sem pl\u00e1novali dvou denn\u00ed pobyt, tak mi bylo jasn\u00e9, \u017ee tady jej asi nenajdeme, proto\u017ee l\u00e1zn\u011b budou pln\u00e9 rodin s d\u011btmi a o relaxa\u010dn\u00edch z\u00f3n\u00e1ch si budeme moci nechat zd\u00e1t. P\u0159esto v\u0161e jsme sem cht\u011bli, nebo\u0165 chv\u00e1la t\u011bchto l\u00e1zn\u00ed je velik\u00e1 a obratem dod\u00e1v\u00e1m, \u017ee opr\u00e1vn\u011bn\u00e1.<\/p>\n\n\n\n<blockquote class=\"wp-block-quote is-style-default td_pull_quote td_pull_center is-layout-flow wp-block-quote-is-layout-flow\" style=\"margin-top:0px\">\n<pre class=\"wp-block-verse\"><strong>L\u00e1ze\u0148sk\u00fd are\u00e1l Moravsk\u00e9 Toplice nab\u00edz\u00ed klid i pro ty, kdo jej hledaj\u00ed. Jen mus\u00edte v\u011bd\u011bt, kde jej hledat.<\/strong><\/pre>\n<\/blockquote>\n\n\n\n<figure class=\"wp-block-image size-large\"><img loading=\"lazy\" decoding=\"async\" width=\"1440\" height=\"1080\" src=\"https:\/\/all4camper.com\/\/wp-content\/uploads\/2021\/12\/269738926_626266195150576_1111593637530580868_n-1440x1080.jpg\" alt=\"\" class=\"wp-image-138635\" srcset=\"https:\/\/all4camper.com\/wp-content\/uploads\/2021\/12\/269738926_626266195150576_1111593637530580868_n-1440x1080.jpg 1440w, https:\/\/all4camper.com\/wp-content\/uploads\/2021\/12\/269738926_626266195150576_1111593637530580868_n-300x225.jpg 300w, https:\/\/all4camper.com\/wp-content\/uploads\/2021\/12\/269738926_626266195150576_1111593637530580868_n-150x113.jpg 150w, https:\/\/all4camper.com\/wp-content\/uploads\/2021\/12\/269738926_626266195150576_1111593637530580868_n-768x576.jpg 768w, https:\/\/all4camper.com\/wp-content\/uploads\/2021\/12\/269738926_626266195150576_1111593637530580868_n-1536x1152.jpg 1536w, https:\/\/all4camper.com\/wp-content\/uploads\/2021\/12\/269738926_626266195150576_1111593637530580868_n-696x522.jpg 696w, https:\/\/all4camper.com\/wp-content\/uploads\/2021\/12\/269738926_626266195150576_1111593637530580868_n-1068x801.jpg 1068w, https:\/\/all4camper.com\/wp-content\/uploads\/2021\/12\/269738926_626266195150576_1111593637530580868_n-1920x1440.jpg 1920w, https:\/\/all4camper.com\/wp-content\/uploads\/2021\/12\/269738926_626266195150576_1111593637530580868_n.jpg 2048w\" sizes=\"auto, (max-width: 1440px) 100vw, 1440px\" \/><\/figure>\n\n\n\n<p>Pokud se ubytujete v kempu a zakoup\u00edte si bal\u00ed\u010dek se vstupem do l\u00e1zn\u00ed Terme 3000, tak v\u011bzte, \u017ee z\u00edsk\u00e1te v\u00edce, ne\u017e jen l\u00e1zn\u011b. <strong>V r\u00e1mci tohoto bal\u00ed\u010dku toti\u017e m\u00e1te i vstup do wellness hotelu Termal, kter\u00fd je p\u0159\u00edmo propojen s l\u00e1zn\u011bmi.<\/strong> Dostanete se do n\u011bj prosklen\u00fdm tunelem vedouc\u00edm z l\u00e1zn\u00ed. Nelze minout. <\/p>\n\n\n\n<figure class=\"wp-block-image size-large\"><img loading=\"lazy\" decoding=\"async\" width=\"1440\" height=\"1080\" src=\"https:\/\/all4camper.com\/\/wp-content\/uploads\/2021\/12\/269780220_2741350352677416_8923836383381678692_n-1440x1080.jpg\" alt=\"\" class=\"wp-image-138700\" srcset=\"https:\/\/all4camper.com\/wp-content\/uploads\/2021\/12\/269780220_2741350352677416_8923836383381678692_n-1440x1080.jpg 1440w, https:\/\/all4camper.com\/wp-content\/uploads\/2021\/12\/269780220_2741350352677416_8923836383381678692_n-300x225.jpg 300w, https:\/\/all4camper.com\/wp-content\/uploads\/2021\/12\/269780220_2741350352677416_8923836383381678692_n-150x113.jpg 150w, https:\/\/all4camper.com\/wp-content\/uploads\/2021\/12\/269780220_2741350352677416_8923836383381678692_n-768x576.jpg 768w, https:\/\/all4camper.com\/wp-content\/uploads\/2021\/12\/269780220_2741350352677416_8923836383381678692_n-1536x1152.jpg 1536w, https:\/\/all4camper.com\/wp-content\/uploads\/2021\/12\/269780220_2741350352677416_8923836383381678692_n-696x522.jpg 696w, https:\/\/all4camper.com\/wp-content\/uploads\/2021\/12\/269780220_2741350352677416_8923836383381678692_n-1068x801.jpg 1068w, https:\/\/all4camper.com\/wp-content\/uploads\/2021\/12\/269780220_2741350352677416_8923836383381678692_n-1920x1440.jpg 1920w, https:\/\/all4camper.com\/wp-content\/uploads\/2021\/12\/269780220_2741350352677416_8923836383381678692_n.jpg 2048w\" sizes=\"auto, (max-width: 1440px) 100vw, 1440px\" \/><\/figure>\n\n\n\n<p>V n\u011bm m\u00e1te k dispozici prosklenou odpo\u010d\u00edvac\u00ed m\u00edstnost s v\u00fdhledem na venkovn\u00ed baz\u00e9n, venkovn\u00ed a vnit\u0159n\u00ed baz\u00e9n, bar a jednu finskou saunu. V\u00fdhodou je, \u017ee tam skoro nikdo nen\u00ed, nebo\u0165 v\u011bt\u0161ina hotelov\u00fdch host\u016f m\u00e1 d\u011bti a ty tr\u00e1v\u00ed \u010das v l\u00e1zn\u00edch. No a kdyby v\u00e1s to tam p\u0159estalo bavit, nen\u00ed nic jednodu\u0161\u0161\u00edho ne\u017e tunelem proj\u00edt zp\u011bt do l\u00e1zn\u00ed. Je\u0161t\u011b dopl\u0148uji, \u017ee do hotelov\u00e9ho welness m\u016f\u017eete i s d\u011btmi. Jen tu pro n\u011b nejsou \u017e\u00e1dn\u00e9 hern\u00ed prvky.<\/p>\n\n\n\n<figure class=\"wp-block-gallery has-nested-images columns-1 is-cropped wp-block-gallery-2 is-layout-flex wp-block-gallery-is-layout-flex\">\n<figure class=\"wp-block-image size-large\"><img loading=\"lazy\" decoding=\"async\" width=\"1440\" height=\"1080\" data-id=\"138638\" src=\"https:\/\/all4camper.com\/wp-content\/uploads\/2021\/12\/269777252_244218611172319_9175865369437164118_n-1440x1080.jpg\" alt=\"\" class=\"wp-image-138638\" srcset=\"https:\/\/all4camper.com\/wp-content\/uploads\/2021\/12\/269777252_244218611172319_9175865369437164118_n-1440x1080.jpg 1440w, https:\/\/all4camper.com\/wp-content\/uploads\/2021\/12\/269777252_244218611172319_9175865369437164118_n-300x225.jpg 300w, https:\/\/all4camper.com\/wp-content\/uploads\/2021\/12\/269777252_244218611172319_9175865369437164118_n-150x113.jpg 150w, https:\/\/all4camper.com\/wp-content\/uploads\/2021\/12\/269777252_244218611172319_9175865369437164118_n-768x576.jpg 768w, https:\/\/all4camper.com\/wp-content\/uploads\/2021\/12\/269777252_244218611172319_9175865369437164118_n-1536x1152.jpg 1536w, https:\/\/all4camper.com\/wp-content\/uploads\/2021\/12\/269777252_244218611172319_9175865369437164118_n-696x522.jpg 696w, https:\/\/all4camper.com\/wp-content\/uploads\/2021\/12\/269777252_244218611172319_9175865369437164118_n-1068x801.jpg 1068w, https:\/\/all4camper.com\/wp-content\/uploads\/2021\/12\/269777252_244218611172319_9175865369437164118_n-1920x1440.jpg 1920w, https:\/\/all4camper.com\/wp-content\/uploads\/2021\/12\/269777252_244218611172319_9175865369437164118_n.jpg 2048w\" sizes=\"auto, (max-width: 1440px) 100vw, 1440px\" \/><figcaption class=\"wp-element-caption\">Vnit\u0159n\u00ed baz\u00e9n hotel Termal<\/figcaption><\/figure>\n\n\n\n<figure class=\"wp-block-image size-large\"><img loading=\"lazy\" decoding=\"async\" width=\"1440\" height=\"1080\" data-id=\"138658\" src=\"https:\/\/all4camper.com\/wp-content\/uploads\/2021\/12\/269713754_3019924428224174_3687402460880109129_n-1440x1080.jpg\" alt=\"\" class=\"wp-image-138658\" srcset=\"https:\/\/all4camper.com\/wp-content\/uploads\/2021\/12\/269713754_3019924428224174_3687402460880109129_n-1440x1080.jpg 1440w, https:\/\/all4camper.com\/wp-content\/uploads\/2021\/12\/269713754_3019924428224174_3687402460880109129_n-300x225.jpg 300w, https:\/\/all4camper.com\/wp-content\/uploads\/2021\/12\/269713754_3019924428224174_3687402460880109129_n-150x113.jpg 150w, https:\/\/all4camper.com\/wp-content\/uploads\/2021\/12\/269713754_3019924428224174_3687402460880109129_n-768x576.jpg 768w, https:\/\/all4camper.com\/wp-content\/uploads\/2021\/12\/269713754_3019924428224174_3687402460880109129_n-1536x1152.jpg 1536w, https:\/\/all4camper.com\/wp-content\/uploads\/2021\/12\/269713754_3019924428224174_3687402460880109129_n-696x522.jpg 696w, https:\/\/all4camper.com\/wp-content\/uploads\/2021\/12\/269713754_3019924428224174_3687402460880109129_n-1068x801.jpg 1068w, https:\/\/all4camper.com\/wp-content\/uploads\/2021\/12\/269713754_3019924428224174_3687402460880109129_n-1920x1440.jpg 1920w, https:\/\/all4camper.com\/wp-content\/uploads\/2021\/12\/269713754_3019924428224174_3687402460880109129_n.jpg 2048w\" sizes=\"auto, (max-width: 1440px) 100vw, 1440px\" \/><figcaption class=\"wp-element-caption\">Odpo\u010d\u00edv\u00e1rna a venkovn\u00ed az\u00e9n hotel Termal<\/figcaption><\/figure>\n<\/figure>\n\n\n\n<p>Je\u0161t\u011b se vr\u00e1t\u00edm k samotn\u00fdm l\u00e1zn\u00edm. I ty nab\u00edzej\u00ed saunov\u00fd sv\u011bt s t\u0159emi saunami. My, coby milovn\u00edci saunov\u00e1n\u00ed, jsme je vyzkou\u0161eli a v pohod\u011b a klidu tam dv\u011b t\u0159i hodinky str\u00e1v\u00edte. V saunov\u00e9m sv\u011bt\u011b n\u00e1s pot\u011b\u0161ila nab\u00eddka \u010daje zdarma, trochu n\u00e1m chyb\u011bla mo\u017enost zal\u00e9zt na chv\u00edli do v\u00ed\u0159ivky. P\u0159i na\u0161\u00ed n\u00e1v\u0161t\u011bv\u011b tu s n\u00e1mi cel\u00e9 odpoledne tr\u00e1vilo jen n\u011bkolik m\u00e1lo lid\u00ed. P\u0159ekvapilo n\u00e1s, \u017ee vstup (za p\u0159\u00edplatek) je opravdu jednor\u00e1zov\u00fd. To znamen\u00e1, \u017ee pokud se p\u016fjdete vykoupat do baz\u00e9n\u016f, ji\u017e se do saun zp\u011bt nedostanete. Pamatujte tedy na to. To v\u0161ak neplat\u00ed pro saunu v hotelu Termal. Po\u010det saun v saunov\u00e9m sv\u011bt\u011b l\u00e1zn\u00ed Terme 3000 je t\u0159i &#8211; finsk\u00e1, parn\u00ed a infra sauna.<\/p>\n\n\n\n<figure class=\"wp-block-image size-large is-resized\"><img loading=\"lazy\" decoding=\"async\" width=\"1440\" height=\"1080\" src=\"https:\/\/all4camper.com\/\/wp-content\/uploads\/2021\/12\/269746303_666746601349643_8328540654446045071_n-1440x1080.jpg\" alt=\"\" class=\"wp-image-138645\" style=\"width:695px;height:521px\" srcset=\"https:\/\/all4camper.com\/wp-content\/uploads\/2021\/12\/269746303_666746601349643_8328540654446045071_n-1440x1080.jpg 1440w, https:\/\/all4camper.com\/wp-content\/uploads\/2021\/12\/269746303_666746601349643_8328540654446045071_n-300x225.jpg 300w, https:\/\/all4camper.com\/wp-content\/uploads\/2021\/12\/269746303_666746601349643_8328540654446045071_n-150x113.jpg 150w, https:\/\/all4camper.com\/wp-content\/uploads\/2021\/12\/269746303_666746601349643_8328540654446045071_n-768x576.jpg 768w, https:\/\/all4camper.com\/wp-content\/uploads\/2021\/12\/269746303_666746601349643_8328540654446045071_n-1536x1152.jpg 1536w, https:\/\/all4camper.com\/wp-content\/uploads\/2021\/12\/269746303_666746601349643_8328540654446045071_n-696x522.jpg 696w, https:\/\/all4camper.com\/wp-content\/uploads\/2021\/12\/269746303_666746601349643_8328540654446045071_n-1068x801.jpg 1068w, https:\/\/all4camper.com\/wp-content\/uploads\/2021\/12\/269746303_666746601349643_8328540654446045071_n-1920x1440.jpg 1920w, https:\/\/all4camper.com\/wp-content\/uploads\/2021\/12\/269746303_666746601349643_8328540654446045071_n.jpg 2048w\" sizes=\"auto, (max-width: 1440px) 100vw, 1440px\" \/><figcaption class=\"wp-element-caption\">Saunov\u00fd sv\u011bt l\u00e1zn\u011b Terme 3000<\/figcaption><\/figure>\n\n\n\n<p>Pro relaxaci m\u016f\u017eete <strong>vyu\u017e\u00edt baz\u00e9ny a sauny v hotelu Aida.<\/strong> I tento hotel pat\u0159\u00ed do zdej\u0161\u00edho l\u00e1ze\u0148sk\u00e9ho komplexu, s hotelem Termal jej propojuje chodba, proj\u00edt m\u016f\u017eete, ani\u017e byste museli pou\u017e\u00edt jak\u00fdkoliv \u010dip. Dostanete se tedy do n\u011bj tzv. suchou nohou. Cesta k n\u011bmu vede &#8222;kolem&#8220; restaurace hotelu Termal, kde se pod\u00e1vaj\u00ed sn\u00eddan\u011b a ve\u010de\u0159e. K t\u011bm se je\u0161t\u011b vr\u00e1t\u00edm, nebojte.<\/p>\n\n\n\n<figure class=\"wp-block-image size-large is-resized\"><img loading=\"lazy\" decoding=\"async\" width=\"1440\" height=\"1080\" src=\"https:\/\/all4camper.com\/\/wp-content\/uploads\/2021\/12\/Moravske\u0301-toplice-1440x1080.jpg\" alt=\"\" class=\"wp-image-138652\" style=\"width:695px;height:521px\" srcset=\"https:\/\/all4camper.com\/wp-content\/uploads\/2021\/12\/Moravske\u0301-toplice-1440x1080.jpg 1440w, https:\/\/all4camper.com\/wp-content\/uploads\/2021\/12\/Moravske\u0301-toplice-300x225.jpg 300w, https:\/\/all4camper.com\/wp-content\/uploads\/2021\/12\/Moravske\u0301-toplice-150x113.jpg 150w, https:\/\/all4camper.com\/wp-content\/uploads\/2021\/12\/Moravske\u0301-toplice-768x576.jpg 768w, https:\/\/all4camper.com\/wp-content\/uploads\/2021\/12\/Moravske\u0301-toplice-1536x1152.jpg 1536w, https:\/\/all4camper.com\/wp-content\/uploads\/2021\/12\/Moravske\u0301-toplice-696x522.jpg 696w, https:\/\/all4camper.com\/wp-content\/uploads\/2021\/12\/Moravske\u0301-toplice-1068x801.jpg 1068w, https:\/\/all4camper.com\/wp-content\/uploads\/2021\/12\/Moravske\u0301-toplice-1920x1440.jpg 1920w, https:\/\/all4camper.com\/wp-content\/uploads\/2021\/12\/Moravske\u0301-toplice.jpg 2048w\" sizes=\"auto, (max-width: 1440px) 100vw, 1440px\" \/><\/figure>\n\n\n\n<h3 class=\"wp-block-heading\">Wellness hotelu Aida<\/h3>\n\n\n\n<p>Tady se n\u00e1m asi l\u00edb\u00ed nejv\u00edce. <strong>Je pravda, \u017ee vstup sem nen\u00ed v cen\u011b pobytu v kempu, av\u0161ak pokud si tam zaplat\u00edte pobyt BEZ vstupu do l\u00e1zn\u00ed Terme 3000, tak v\u00e1m nebude vadit zdej\u0161\u00ed poplatek.<\/strong> Narozd\u00edl od hotelu Termal je vnit\u0159n\u00ed baz\u00e9n v\u011bt\u0161\u00ed, nach\u00e1z\u00ed se v n\u011bm protiproud a mas\u00e1\u017en\u00ed tryska. Teplota vody je 32 stup\u0148\u016f. Jen kousek od baz\u00e9nu je tak\u00e9 v\u00ed\u0159ivka. A kdyby byla mo\u017enost se koupat v miner\u00e1ln\u00edch pramenech, tak i tato mo\u017enost tu je. To ale, jak jsem psala v\u00fd\u0161e, d\u00edky covidu mo\u017en\u00e9 aktu\u00e1ln\u011b nen\u00ed.<\/p>\n\n\n\n<figure class=\"wp-block-image size-large is-resized\"><img loading=\"lazy\" decoding=\"async\" width=\"1440\" height=\"1080\" src=\"https:\/\/all4camper.com\/\/wp-content\/uploads\/2021\/12\/269771906_1343517489425312_6915829363212973071_n-1440x1080.jpg\" alt=\"\" class=\"wp-image-138663\" style=\"width:695px;height:521px\" srcset=\"https:\/\/all4camper.com\/wp-content\/uploads\/2021\/12\/269771906_1343517489425312_6915829363212973071_n-1440x1080.jpg 1440w, https:\/\/all4camper.com\/wp-content\/uploads\/2021\/12\/269771906_1343517489425312_6915829363212973071_n-300x225.jpg 300w, https:\/\/all4camper.com\/wp-content\/uploads\/2021\/12\/269771906_1343517489425312_6915829363212973071_n-150x113.jpg 150w, https:\/\/all4camper.com\/wp-content\/uploads\/2021\/12\/269771906_1343517489425312_6915829363212973071_n-768x576.jpg 768w, https:\/\/all4camper.com\/wp-content\/uploads\/2021\/12\/269771906_1343517489425312_6915829363212973071_n-1536x1152.jpg 1536w, https:\/\/all4camper.com\/wp-content\/uploads\/2021\/12\/269771906_1343517489425312_6915829363212973071_n-696x522.jpg 696w, https:\/\/all4camper.com\/wp-content\/uploads\/2021\/12\/269771906_1343517489425312_6915829363212973071_n-1068x801.jpg 1068w, https:\/\/all4camper.com\/wp-content\/uploads\/2021\/12\/269771906_1343517489425312_6915829363212973071_n-1920x1440.jpg 1920w, https:\/\/all4camper.com\/wp-content\/uploads\/2021\/12\/269771906_1343517489425312_6915829363212973071_n.jpg 2048w\" sizes=\"auto, (max-width: 1440px) 100vw, 1440px\" \/><figcaption class=\"wp-element-caption\">V\u00ed\u0159ivky v hotelu Aida<\/figcaption><\/figure>\n\n\n\n<p>Ani zde nechyb\u00ed vyh\u0159\u00edvan\u00fd venkovn\u00ed baz\u00e9n, d\u011btsk\u00e9 brouzdali\u0161t\u011b a sauny. V saunov\u00e9m sv\u011bt\u011b naleznete konkr\u00e9tn\u011b dv\u011b finsk\u00e9 sauny, tureckou parn\u00ed, infrasaunu a opravdu moc hezkou odpo\u010d\u00edv\u00e1rnu. Sem d\u011bti nesm\u011bj\u00ed. <\/p>\n\n\n\n<p>Krom\u011b velk\u00e9ho klidu (jsme tu mezi sv\u00e1tky, kdy hotel je pln\u00fd, av\u0161ak i tady plat\u00ed, \u017ee host\u00e9 s d\u011btmi jsou v\u011bt\u0161inou v l\u00e1zn\u00edch) se tu i velmi dob\u0159e naj\u00edte. Zdej\u0161\u00ed restaurace pod\u00e1v\u00e1 jak zdrav\u00e1, tak i slovinsk\u00e1 j\u00eddla a samoz\u0159ejm\u011b i n\u011bco k pit\u00ed si tu d\u00e1te. Platit m\u016f\u017eete kartou. To ostatn\u011b tady v\u0161ude. No a pokud chcete odpo\u010d\u00edvat, tak nen\u00ed nic jednodu\u0161\u0161\u00edho, ne\u017e si zaj\u00edt do prvn\u00edho parta, kde je p\u0159\u00edjemn\u00e1 relaxa\u010dn\u00ed z\u00f3na.<\/p>\n\n\n\n<figure class=\"wp-block-gallery has-nested-images columns-1 is-cropped wp-block-gallery-3 is-layout-flex wp-block-gallery-is-layout-flex\">\n<figure class=\"wp-block-image size-large\"><img loading=\"lazy\" decoding=\"async\" width=\"1440\" height=\"1080\" data-id=\"138688\" src=\"https:\/\/all4camper.com\/wp-content\/uploads\/2021\/12\/269771906_4510758272305710_8407231181698686557_n-1440x1080.jpg\" alt=\"\" class=\"wp-image-138688\" srcset=\"https:\/\/all4camper.com\/wp-content\/uploads\/2021\/12\/269771906_4510758272305710_8407231181698686557_n-1440x1080.jpg 1440w, https:\/\/all4camper.com\/wp-content\/uploads\/2021\/12\/269771906_4510758272305710_8407231181698686557_n-300x225.jpg 300w, https:\/\/all4camper.com\/wp-content\/uploads\/2021\/12\/269771906_4510758272305710_8407231181698686557_n-150x113.jpg 150w, https:\/\/all4camper.com\/wp-content\/uploads\/2021\/12\/269771906_4510758272305710_8407231181698686557_n-768x576.jpg 768w, https:\/\/all4camper.com\/wp-content\/uploads\/2021\/12\/269771906_4510758272305710_8407231181698686557_n-1536x1152.jpg 1536w, https:\/\/all4camper.com\/wp-content\/uploads\/2021\/12\/269771906_4510758272305710_8407231181698686557_n-696x522.jpg 696w, https:\/\/all4camper.com\/wp-content\/uploads\/2021\/12\/269771906_4510758272305710_8407231181698686557_n-1068x801.jpg 1068w, https:\/\/all4camper.com\/wp-content\/uploads\/2021\/12\/269771906_4510758272305710_8407231181698686557_n-1920x1440.jpg 1920w, https:\/\/all4camper.com\/wp-content\/uploads\/2021\/12\/269771906_4510758272305710_8407231181698686557_n.jpg 2048w\" sizes=\"auto, (max-width: 1440px) 100vw, 1440px\" \/><figcaption class=\"wp-element-caption\">relaxa\u010dn\u00ed z\u00f3na hotel Aida<\/figcaption><\/figure>\n\n\n\n<figure class=\"wp-block-image size-large\"><img loading=\"lazy\" decoding=\"async\" width=\"1440\" height=\"1080\" data-id=\"138691\" src=\"https:\/\/all4camper.com\/wp-content\/uploads\/2021\/12\/269755499_234682768690900_264332930832671946_n-1440x1080.jpg\" alt=\"\" class=\"wp-image-138691\" srcset=\"https:\/\/all4camper.com\/wp-content\/uploads\/2021\/12\/269755499_234682768690900_264332930832671946_n-1440x1080.jpg 1440w, https:\/\/all4camper.com\/wp-content\/uploads\/2021\/12\/269755499_234682768690900_264332930832671946_n-300x225.jpg 300w, https:\/\/all4camper.com\/wp-content\/uploads\/2021\/12\/269755499_234682768690900_264332930832671946_n-150x113.jpg 150w, https:\/\/all4camper.com\/wp-content\/uploads\/2021\/12\/269755499_234682768690900_264332930832671946_n-768x576.jpg 768w, https:\/\/all4camper.com\/wp-content\/uploads\/2021\/12\/269755499_234682768690900_264332930832671946_n-1536x1152.jpg 1536w, https:\/\/all4camper.com\/wp-content\/uploads\/2021\/12\/269755499_234682768690900_264332930832671946_n-696x522.jpg 696w, https:\/\/all4camper.com\/wp-content\/uploads\/2021\/12\/269755499_234682768690900_264332930832671946_n-1068x801.jpg 1068w, https:\/\/all4camper.com\/wp-content\/uploads\/2021\/12\/269755499_234682768690900_264332930832671946_n-1920x1440.jpg 1920w, https:\/\/all4camper.com\/wp-content\/uploads\/2021\/12\/269755499_234682768690900_264332930832671946_n.jpg 2048w\" sizes=\"auto, (max-width: 1440px) 100vw, 1440px\" \/><figcaption class=\"wp-element-caption\">D\u011btsk\u00e9 brouzdali\u0161t\u011b hotel Aida<\/figcaption><\/figure>\n<\/figure>\n\n\n\n<h2 class=\"wp-block-heading\">Kemp a v\u00fdhodn\u00e9 bal\u00ed\u010dky<\/h2>\n\n\n\n<p>V\u00fd\u0161e zm\u00edn\u011bn\u00fd kemp <a href=\"https:\/\/www.sava-camping.com\/si\/camping-terme-3000\" target=\"_blank\" rel=\"noreferrer noopener nofollow\">Camping Terme 3000<\/a> je opravdu moc hezk\u00fd a hlavn\u011b udr\u017eovan\u00fd. Velmi chv\u00e1l\u00edm \u010distotu soci\u00e1lek a z\u00e1zem\u00ed jako takov\u00e9. Te\u010f v zim\u011b je samoz\u0159ejm\u011b v\u0161e vyh\u0159\u00edvan\u00e9. Bohu\u017eel v kempu nen\u00ed restaurace. To by v\u00e1m v\u0161ak vadit nem\u011blo, proto\u017ee se m\u016f\u017eete zaj\u00edt naj\u00edst do v\u00fd\u0161e zm\u00edn\u011bn\u00fdch hotel\u016f. A kdy\u017e u\u017e jsme u toho j\u00eddla, tak j\u00e1 osobn\u011b doporu\u010duji si koupit bal\u00ed\u010dek, ve kter\u00e9m m\u00e1te i polopenzi. V roce 2020 st\u00e1l na osobu cca 29 euro (pobyt, vstup do l\u00e1zn\u00ed a wellness hotelu Termal a polopenze), a pozor, sn\u00eddan\u011b a ve\u010de\u0159e je opravdu bohat\u00e1. Je nab\u00edzena formou bufetu a v\u011b\u0159te, \u017ee nebudete v\u011bd\u011bt co d\u0159\u00edve ochutnat. R\u00e1no m\u00e1te k j\u00eddlu samoz\u0159ejm\u011b i k\u00e1vu, \u010daj a d\u017eusy, ve\u010der si pit\u00ed plat\u00edte. Ceny jsou v\u0161ak p\u0159ijateln\u00e9. My si tento bal\u00ed\u010dek po\u0159\u00eddili a nem\u016f\u017eeme si jej vynachv\u00e1lit a rozhodn\u011b doporu\u010dujeme.<\/p>\n\n\n\n<figure class=\"wp-block-gallery has-nested-images columns-2 is-cropped wp-block-gallery-4 is-layout-flex wp-block-gallery-is-layout-flex\">\n<figure class=\"wp-block-image size-large\"><a href=\"https:\/\/all4camper.com\/cs\/termalni-lazne-a-kemp-moravske-toplice-v-zime-na-co-se-muzete-tesit\/269793443_618486772709520_6594037428845038018_n\/\"><img loading=\"lazy\" decoding=\"async\" width=\"1440\" height=\"1080\" data-id=\"138672\" src=\"https:\/\/all4camper.com\/wp-content\/uploads\/2021\/12\/269793443_618486772709520_6594037428845038018_n-1440x1080.jpg\" alt=\"\" class=\"wp-image-138672\" srcset=\"https:\/\/all4camper.com\/wp-content\/uploads\/2021\/12\/269793443_618486772709520_6594037428845038018_n-1440x1080.jpg 1440w, https:\/\/all4camper.com\/wp-content\/uploads\/2021\/12\/269793443_618486772709520_6594037428845038018_n-300x225.jpg 300w, https:\/\/all4camper.com\/wp-content\/uploads\/2021\/12\/269793443_618486772709520_6594037428845038018_n-150x113.jpg 150w, https:\/\/all4camper.com\/wp-content\/uploads\/2021\/12\/269793443_618486772709520_6594037428845038018_n-768x576.jpg 768w, https:\/\/all4camper.com\/wp-content\/uploads\/2021\/12\/269793443_618486772709520_6594037428845038018_n-1536x1152.jpg 1536w, https:\/\/all4camper.com\/wp-content\/uploads\/2021\/12\/269793443_618486772709520_6594037428845038018_n-696x522.jpg 696w, https:\/\/all4camper.com\/wp-content\/uploads\/2021\/12\/269793443_618486772709520_6594037428845038018_n-1068x801.jpg 1068w, https:\/\/all4camper.com\/wp-content\/uploads\/2021\/12\/269793443_618486772709520_6594037428845038018_n-1920x1440.jpg 1920w, https:\/\/all4camper.com\/wp-content\/uploads\/2021\/12\/269793443_618486772709520_6594037428845038018_n.jpg 2048w\" sizes=\"auto, (max-width: 1440px) 100vw, 1440px\" \/><\/a><\/figure>\n<\/figure>\n\n\n\n<p>A jak je to s v\u00fdlety po okol\u00ed a co nav\u0161t\u00edvit? To v\u00e1m nap\u00ed\u0161i p\u0159\u00ed\u0161t\u011b, proto\u017ee se mi to do dne\u0161n\u00edho \u010dl\u00e1nku ji\u017e nevejde. Jako mal\u00e9 l\u00e1kadlo p\u0159id\u00e1v\u00e1m nap\u0159\u00edklad mo\u017enost v\u00fdletu do nedalek\u00e9ho Vulk\u00e1nija, jedine\u010dn\u00e9 vyhl\u00eddkov\u00e9 v\u011b\u017ee Vinarium a mnoho dal\u0161\u00edho. O tom si m\u016f\u017eete p\u0159e\u010d\u00edst <a href=\"https:\/\/visitpomurje.eu\/\" target=\"_blank\" rel=\"noreferrer noopener nofollow\">tady<\/a>.<\/p>\n","protected":false},"excerpt":{"rendered":"<p>Dne\u0161n\u00ed p\u0159\u00edsp\u011bvek p\u00ed\u0161i p\u0159\u00edmo &#8222;z m\u00edsta \u010dinu&#8220;. Dozv\u00edte se v n\u011bm nejen n\u011bkolik u\u017eite\u010dn\u00fdch informac\u00ed o kempu a term\u00e1ln\u00edch l\u00e1zn\u00edch, ale tak\u00e9 nab\u00eddce, kterou zde m\u016f\u017eete vyu\u017e\u00edt pokud si k cen\u011b ubytov\u00e1n\u00ed zakoup\u00edte vstup do l\u00e1zn\u00ed. A vlastn\u011b nejen to, proto\u017ee jsem si cel\u00fd tento are\u00e1l d\u016fkladn\u011b pro\u0161la a na v\u0161e se pe\u010dliv\u011b vypt\u00e1vala. V\u00edtejte [&hellip;]<\/p>\n","protected":false},"author":4,"featured_media":138625,"comment_status":"closed","ping_status":"open","sticky":false,"template":"","format":"standard","meta":{"_monsterinsights_skip_tracking":false,"_monsterinsights_sitenote_active":false,"_monsterinsights_sitenote_note":"","_monsterinsights_sitenote_category":0,"footnotes":""},"categories":[2380,68,422,342,341],"tags":[101,227,81,321],"class_list":{"0":"post-138615","1":"post","2":"type-post","3":"status-publish","4":"format-standard","5":"has-post-thumbnail","7":"category-kempujeme-a-cestujeme-ve-slovinsku","8":"category-kempovani-a-zajimave-cile","9":"category-novinky-kempovani-a-karavaning","10":"category-termalni-lazne-a-aquaparky-zabavni-parky","11":"category-zimni-kempovani","12":"tag-kempy-1","13":"tag-slovinsko","14":"tag-termalni-lazne","15":"tag-winter-camping"},"yoast_head":"<!-- This site is optimized with the Yoast SEO plugin v27.5 - https:\/\/yoast.com\/product\/yoast-seo-wordpress\/ -->\n<title>Co v\u0161echno nab\u00edz\u00ed Term\u00e1ln\u00ed l\u00e1zn\u011b a kemp Moravsk\u00e9 Toplice - All4Camper<\/title>\n<meta name=\"description\" content=\"Dozv\u00edte se v n\u011bm nejen n\u011bkolik u\u017eite\u010dn\u00fdch informac\u00ed o kempu a term\u00e1ln\u00edch l\u00e1zn\u00edch, ale tak\u00e9 nab\u00eddce, kterou zde m\u016f\u017eete vyu\u017e\u00edt pokud si k cen\u011b ubytov\u00e1n\u00ed zakoup\u00edte vstup do l\u00e1zn\u00ed. A vlastn\u011b nejen to, proto\u017ee jsem si cel\u00fd tento are\u00e1l d\u016fkladn\u011b pro\u0161la a na v\u0161e se pe\u010dliv\u011b vypt\u00e1vala. V\u00edtejte na Slovinsku, v zimn\u00edch Moravsk\u00fdch Toplic\u00edch.\" \/>\n<meta name=\"robots\" content=\"index, follow, max-snippet:-1, max-image-preview:large, max-video-preview:-1\" \/>\n<link rel=\"canonical\" href=\"https:\/\/all4camper.com\/cs\/termalni-lazne-a-kemp-moravske-toplice-v-zime-na-co-se-muzete-tesit\/\" \/>\n<meta property=\"og:locale\" content=\"cs_CZ\" \/>\n<meta property=\"og:type\" content=\"article\" \/>\n<meta property=\"og:title\" content=\"Co v\u0161echno nab\u00edz\u00ed Term\u00e1ln\u00ed l\u00e1zn\u011b a kemp Moravsk\u00e9 Toplice - All4Camper\" \/>\n<meta property=\"og:description\" content=\"Dozv\u00edte se v n\u011bm nejen n\u011bkolik u\u017eite\u010dn\u00fdch informac\u00ed o kempu a term\u00e1ln\u00edch l\u00e1zn\u00edch, ale tak\u00e9 nab\u00eddce, kterou zde m\u016f\u017eete vyu\u017e\u00edt pokud si k cen\u011b ubytov\u00e1n\u00ed zakoup\u00edte vstup do l\u00e1zn\u00ed. A vlastn\u011b nejen to, proto\u017ee jsem si cel\u00fd tento are\u00e1l d\u016fkladn\u011b pro\u0161la a na v\u0161e se pe\u010dliv\u011b vypt\u00e1vala. V\u00edtejte na Slovinsku, v zimn\u00edch Moravsk\u00fdch Toplic\u00edch.\" \/>\n<meta property=\"og:url\" content=\"https:\/\/all4camper.com\/cs\/termalni-lazne-a-kemp-moravske-toplice-v-zime-na-co-se-muzete-tesit\/\" \/>\n<meta property=\"og:site_name\" content=\"All4Camper\" \/>\n<meta property=\"article:published_time\" content=\"2021-12-26T15:55:06+00:00\" \/>\n<meta property=\"article:modified_time\" content=\"2023-10-27T08:17:44+00:00\" \/>\n<meta property=\"og:image\" content=\"https:\/\/all4camper.com\/wp-content\/uploads\/2021\/12\/269695445_1107273963434770_8236467403348065189_n-1.jpg\" \/>\n\t<meta property=\"og:image:width\" content=\"2048\" \/>\n\t<meta property=\"og:image:height\" content=\"1536\" \/>\n\t<meta property=\"og:image:type\" content=\"image\/jpeg\" \/>\n<meta name=\"author\" content=\"Kl\u00e1ra H\u00e1jkov\u00e1\" \/>\n<meta name=\"twitter:card\" content=\"summary_large_image\" \/>\n<meta name=\"twitter:label1\" content=\"Napsal(a)\" \/>\n\t<meta name=\"twitter:data1\" content=\"Kl\u00e1ra H\u00e1jkov\u00e1\" \/>\n\t<meta name=\"twitter:label2\" content=\"Odhadovan\u00e1 doba \u010dten\u00ed\" \/>\n\t<meta name=\"twitter:data2\" content=\"12 minut\" \/>\n<script type=\"application\/ld+json\" class=\"yoast-schema-graph\">{\"@context\":\"https:\\\/\\\/schema.org\",\"@graph\":[{\"@type\":\"Article\",\"@id\":\"https:\\\/\\\/all4camper.com\\\/cs\\\/termalni-lazne-a-kemp-moravske-toplice-v-zime-na-co-se-muzete-tesit\\\/#article\",\"isPartOf\":{\"@id\":\"https:\\\/\\\/all4camper.com\\\/cs\\\/termalni-lazne-a-kemp-moravske-toplice-v-zime-na-co-se-muzete-tesit\\\/\"},\"author\":{\"name\":\"Kl\u00e1ra H\u00e1jkov\u00e1\",\"@id\":\"https:\\\/\\\/all4camper.com\\\/cs\\\/#\\\/schema\\\/person\\\/c6f1efdf1d02bc7d8c53a891cbe18c62\"},\"headline\":\"Co v\u0161echno nab\u00edz\u00ed Term\u00e1ln\u00ed l\u00e1zn\u011b a kemp Moravsk\u00e9 Toplice\",\"datePublished\":\"2021-12-26T15:55:06+00:00\",\"dateModified\":\"2023-10-27T08:17:44+00:00\",\"mainEntityOfPage\":{\"@id\":\"https:\\\/\\\/all4camper.com\\\/cs\\\/termalni-lazne-a-kemp-moravske-toplice-v-zime-na-co-se-muzete-tesit\\\/\"},\"wordCount\":1540,\"publisher\":{\"@id\":\"https:\\\/\\\/all4camper.com\\\/cs\\\/#organization\"},\"image\":{\"@id\":\"https:\\\/\\\/all4camper.com\\\/cs\\\/termalni-lazne-a-kemp-moravske-toplice-v-zime-na-co-se-muzete-tesit\\\/#primaryimage\"},\"thumbnailUrl\":\"https:\\\/\\\/all4camper.com\\\/wp-content\\\/uploads\\\/2021\\\/12\\\/269695445_1107273963434770_8236467403348065189_n-1.jpg\",\"keywords\":[\"Kempy a kempovac\u00ed m\u00edsta\",\"Slovinsko\",\"Term\u00e1ln\u00ed l\u00e1zn\u011b\",\"Zimn\u00ed kempov\u00e1n\u00ed\"],\"articleSection\":[\"Kempujeme a cestujeme ve Slovinsku\",\"Kempy a zaj\u00edmav\u00e1 m\u00edsta\",\"Novinky - Kempov\u00e1n\u00ed a karavaning\",\"Term\u00e1ln\u00ed l\u00e1zn\u011b, akvaparky a z\u00e1bavn\u00ed parky\",\"Zimn\u00ed kempov\u00e1n\u00ed\"],\"inLanguage\":\"cs\"},{\"@type\":\"WebPage\",\"@id\":\"https:\\\/\\\/all4camper.com\\\/cs\\\/termalni-lazne-a-kemp-moravske-toplice-v-zime-na-co-se-muzete-tesit\\\/\",\"url\":\"https:\\\/\\\/all4camper.com\\\/cs\\\/termalni-lazne-a-kemp-moravske-toplice-v-zime-na-co-se-muzete-tesit\\\/\",\"name\":\"Co v\u0161echno nab\u00edz\u00ed Term\u00e1ln\u00ed l\u00e1zn\u011b a kemp Moravsk\u00e9 Toplice - All4Camper\",\"isPartOf\":{\"@id\":\"https:\\\/\\\/all4camper.com\\\/cs\\\/#website\"},\"primaryImageOfPage\":{\"@id\":\"https:\\\/\\\/all4camper.com\\\/cs\\\/termalni-lazne-a-kemp-moravske-toplice-v-zime-na-co-se-muzete-tesit\\\/#primaryimage\"},\"image\":{\"@id\":\"https:\\\/\\\/all4camper.com\\\/cs\\\/termalni-lazne-a-kemp-moravske-toplice-v-zime-na-co-se-muzete-tesit\\\/#primaryimage\"},\"thumbnailUrl\":\"https:\\\/\\\/all4camper.com\\\/wp-content\\\/uploads\\\/2021\\\/12\\\/269695445_1107273963434770_8236467403348065189_n-1.jpg\",\"datePublished\":\"2021-12-26T15:55:06+00:00\",\"dateModified\":\"2023-10-27T08:17:44+00:00\",\"description\":\"Dozv\u00edte se v n\u011bm nejen n\u011bkolik u\u017eite\u010dn\u00fdch informac\u00ed o kempu a term\u00e1ln\u00edch l\u00e1zn\u00edch, ale tak\u00e9 nab\u00eddce, kterou zde m\u016f\u017eete vyu\u017e\u00edt pokud si k cen\u011b ubytov\u00e1n\u00ed zakoup\u00edte vstup do l\u00e1zn\u00ed. A vlastn\u011b nejen to, proto\u017ee jsem si cel\u00fd tento are\u00e1l d\u016fkladn\u011b pro\u0161la a na v\u0161e se pe\u010dliv\u011b vypt\u00e1vala. V\u00edtejte na Slovinsku, v zimn\u00edch Moravsk\u00fdch Toplic\u00edch.\",\"breadcrumb\":{\"@id\":\"https:\\\/\\\/all4camper.com\\\/cs\\\/termalni-lazne-a-kemp-moravske-toplice-v-zime-na-co-se-muzete-tesit\\\/#breadcrumb\"},\"inLanguage\":\"cs\",\"potentialAction\":[{\"@type\":\"ReadAction\",\"target\":[\"https:\\\/\\\/all4camper.com\\\/cs\\\/termalni-lazne-a-kemp-moravske-toplice-v-zime-na-co-se-muzete-tesit\\\/\"]}]},{\"@type\":\"ImageObject\",\"inLanguage\":\"cs\",\"@id\":\"https:\\\/\\\/all4camper.com\\\/cs\\\/termalni-lazne-a-kemp-moravske-toplice-v-zime-na-co-se-muzete-tesit\\\/#primaryimage\",\"url\":\"https:\\\/\\\/all4camper.com\\\/wp-content\\\/uploads\\\/2021\\\/12\\\/269695445_1107273963434770_8236467403348065189_n-1.jpg\",\"contentUrl\":\"https:\\\/\\\/all4camper.com\\\/wp-content\\\/uploads\\\/2021\\\/12\\\/269695445_1107273963434770_8236467403348065189_n-1.jpg\",\"width\":2048,\"height\":1536},{\"@type\":\"BreadcrumbList\",\"@id\":\"https:\\\/\\\/all4camper.com\\\/cs\\\/termalni-lazne-a-kemp-moravske-toplice-v-zime-na-co-se-muzete-tesit\\\/#breadcrumb\",\"itemListElement\":[{\"@type\":\"ListItem\",\"position\":1,\"name\":\"Dom\u016f\",\"item\":\"https:\\\/\\\/all4camper.com\\\/cs\\\/\"},{\"@type\":\"ListItem\",\"position\":2,\"name\":\"Novinky - Kempov\u00e1n\u00ed a karavaning\",\"item\":\"https:\\\/\\\/all4camper.com\\\/cs\\\/category\\\/novinky-kempovani-a-karavaning\\\/\"},{\"@type\":\"ListItem\",\"position\":3,\"name\":\"Co v\u0161echno nab\u00edz\u00ed Term\u00e1ln\u00ed l\u00e1zn\u011b a kemp Moravsk\u00e9 Toplice\"}]},{\"@type\":\"WebSite\",\"@id\":\"https:\\\/\\\/all4camper.com\\\/cs\\\/#website\",\"url\":\"https:\\\/\\\/all4camper.com\\\/cs\\\/\",\"name\":\"All4Camper\",\"description\":\"Nejv\u011bt\u0161\u00ed online magaz\u00edn o kempov\u00e1n\u00ed a karavaninku. V\u00edce jak 900 \u010dl\u00e1nk\u016f pln\u00fdch rad a tip\u016f o kempech a kempov\u00e1n\u00ed.\",\"publisher\":{\"@id\":\"https:\\\/\\\/all4camper.com\\\/cs\\\/#organization\"},\"potentialAction\":[{\"@type\":\"SearchAction\",\"target\":{\"@type\":\"EntryPoint\",\"urlTemplate\":\"https:\\\/\\\/all4camper.com\\\/cs\\\/?s={search_term_string}\"},\"query-input\":{\"@type\":\"PropertyValueSpecification\",\"valueRequired\":true,\"valueName\":\"search_term_string\"}}],\"inLanguage\":\"cs\"},{\"@type\":\"Organization\",\"@id\":\"https:\\\/\\\/all4camper.com\\\/cs\\\/#organization\",\"name\":\"All4Camper - kempujeme s Kl\u00e1rou\",\"url\":\"https:\\\/\\\/all4camper.com\\\/cs\\\/\",\"logo\":{\"@type\":\"ImageObject\",\"inLanguage\":\"cs\",\"@id\":\"https:\\\/\\\/all4camper.com\\\/cs\\\/#\\\/schema\\\/logo\\\/image\\\/\",\"url\":\"https:\\\/\\\/all4camper.com\\\/wp-content\\\/uploads\\\/2018\\\/09\\\/novelogo.png\",\"contentUrl\":\"https:\\\/\\\/all4camper.com\\\/wp-content\\\/uploads\\\/2018\\\/09\\\/novelogo.png\",\"width\":1520,\"height\":600,\"caption\":\"All4Camper - kempujeme s Kl\u00e1rou\"},\"image\":{\"@id\":\"https:\\\/\\\/all4camper.com\\\/cs\\\/#\\\/schema\\\/logo\\\/image\\\/\"}},{\"@type\":\"Person\",\"@id\":\"https:\\\/\\\/all4camper.com\\\/cs\\\/#\\\/schema\\\/person\\\/c6f1efdf1d02bc7d8c53a891cbe18c62\",\"name\":\"Kl\u00e1ra H\u00e1jkov\u00e1\",\"sameAs\":[\"http:\\\/\\\/www.all4camper.com\"],\"url\":\"https:\\\/\\\/all4camper.com\\\/cs\\\/author\\\/klarinkacestuje1\\\/\"}]}<\/script>\n<!-- \/ Yoast SEO plugin. -->","yoast_head_json":{"title":"Co v\u0161echno nab\u00edz\u00ed Term\u00e1ln\u00ed l\u00e1zn\u011b a kemp Moravsk\u00e9 Toplice - All4Camper","description":"Dozv\u00edte se v n\u011bm nejen n\u011bkolik u\u017eite\u010dn\u00fdch informac\u00ed o kempu a term\u00e1ln\u00edch l\u00e1zn\u00edch, ale tak\u00e9 nab\u00eddce, kterou zde m\u016f\u017eete vyu\u017e\u00edt pokud si k cen\u011b ubytov\u00e1n\u00ed zakoup\u00edte vstup do l\u00e1zn\u00ed. A vlastn\u011b nejen to, proto\u017ee jsem si cel\u00fd tento are\u00e1l d\u016fkladn\u011b pro\u0161la a na v\u0161e se pe\u010dliv\u011b vypt\u00e1vala. V\u00edtejte na Slovinsku, v zimn\u00edch Moravsk\u00fdch Toplic\u00edch.","robots":{"index":"index","follow":"follow","max-snippet":"max-snippet:-1","max-image-preview":"max-image-preview:large","max-video-preview":"max-video-preview:-1"},"canonical":"https:\/\/all4camper.com\/cs\/termalni-lazne-a-kemp-moravske-toplice-v-zime-na-co-se-muzete-tesit\/","og_locale":"cs_CZ","og_type":"article","og_title":"Co v\u0161echno nab\u00edz\u00ed Term\u00e1ln\u00ed l\u00e1zn\u011b a kemp Moravsk\u00e9 Toplice - All4Camper","og_description":"Dozv\u00edte se v n\u011bm nejen n\u011bkolik u\u017eite\u010dn\u00fdch informac\u00ed o kempu a term\u00e1ln\u00edch l\u00e1zn\u00edch, ale tak\u00e9 nab\u00eddce, kterou zde m\u016f\u017eete vyu\u017e\u00edt pokud si k cen\u011b ubytov\u00e1n\u00ed zakoup\u00edte vstup do l\u00e1zn\u00ed. A vlastn\u011b nejen to, proto\u017ee jsem si cel\u00fd tento are\u00e1l d\u016fkladn\u011b pro\u0161la a na v\u0161e se pe\u010dliv\u011b vypt\u00e1vala. V\u00edtejte na Slovinsku, v zimn\u00edch Moravsk\u00fdch Toplic\u00edch.","og_url":"https:\/\/all4camper.com\/cs\/termalni-lazne-a-kemp-moravske-toplice-v-zime-na-co-se-muzete-tesit\/","og_site_name":"All4Camper","article_published_time":"2021-12-26T15:55:06+00:00","article_modified_time":"2023-10-27T08:17:44+00:00","og_image":[{"width":2048,"height":1536,"url":"https:\/\/all4camper.com\/wp-content\/uploads\/2021\/12\/269695445_1107273963434770_8236467403348065189_n-1.jpg","type":"image\/jpeg"}],"author":"Kl\u00e1ra H\u00e1jkov\u00e1","twitter_card":"summary_large_image","twitter_misc":{"Napsal(a)":"Kl\u00e1ra H\u00e1jkov\u00e1","Odhadovan\u00e1 doba \u010dten\u00ed":"12 minut"},"schema":{"@context":"https:\/\/schema.org","@graph":[{"@type":"Article","@id":"https:\/\/all4camper.com\/cs\/termalni-lazne-a-kemp-moravske-toplice-v-zime-na-co-se-muzete-tesit\/#article","isPartOf":{"@id":"https:\/\/all4camper.com\/cs\/termalni-lazne-a-kemp-moravske-toplice-v-zime-na-co-se-muzete-tesit\/"},"author":{"name":"Kl\u00e1ra H\u00e1jkov\u00e1","@id":"https:\/\/all4camper.com\/cs\/#\/schema\/person\/c6f1efdf1d02bc7d8c53a891cbe18c62"},"headline":"Co v\u0161echno nab\u00edz\u00ed Term\u00e1ln\u00ed l\u00e1zn\u011b a kemp Moravsk\u00e9 Toplice","datePublished":"2021-12-26T15:55:06+00:00","dateModified":"2023-10-27T08:17:44+00:00","mainEntityOfPage":{"@id":"https:\/\/all4camper.com\/cs\/termalni-lazne-a-kemp-moravske-toplice-v-zime-na-co-se-muzete-tesit\/"},"wordCount":1540,"publisher":{"@id":"https:\/\/all4camper.com\/cs\/#organization"},"image":{"@id":"https:\/\/all4camper.com\/cs\/termalni-lazne-a-kemp-moravske-toplice-v-zime-na-co-se-muzete-tesit\/#primaryimage"},"thumbnailUrl":"https:\/\/all4camper.com\/wp-content\/uploads\/2021\/12\/269695445_1107273963434770_8236467403348065189_n-1.jpg","keywords":["Kempy a kempovac\u00ed m\u00edsta","Slovinsko","Term\u00e1ln\u00ed l\u00e1zn\u011b","Zimn\u00ed kempov\u00e1n\u00ed"],"articleSection":["Kempujeme a cestujeme ve Slovinsku","Kempy a zaj\u00edmav\u00e1 m\u00edsta","Novinky - Kempov\u00e1n\u00ed a karavaning","Term\u00e1ln\u00ed l\u00e1zn\u011b, akvaparky a z\u00e1bavn\u00ed parky","Zimn\u00ed kempov\u00e1n\u00ed"],"inLanguage":"cs"},{"@type":"WebPage","@id":"https:\/\/all4camper.com\/cs\/termalni-lazne-a-kemp-moravske-toplice-v-zime-na-co-se-muzete-tesit\/","url":"https:\/\/all4camper.com\/cs\/termalni-lazne-a-kemp-moravske-toplice-v-zime-na-co-se-muzete-tesit\/","name":"Co v\u0161echno nab\u00edz\u00ed Term\u00e1ln\u00ed l\u00e1zn\u011b a kemp Moravsk\u00e9 Toplice - All4Camper","isPartOf":{"@id":"https:\/\/all4camper.com\/cs\/#website"},"primaryImageOfPage":{"@id":"https:\/\/all4camper.com\/cs\/termalni-lazne-a-kemp-moravske-toplice-v-zime-na-co-se-muzete-tesit\/#primaryimage"},"image":{"@id":"https:\/\/all4camper.com\/cs\/termalni-lazne-a-kemp-moravske-toplice-v-zime-na-co-se-muzete-tesit\/#primaryimage"},"thumbnailUrl":"https:\/\/all4camper.com\/wp-content\/uploads\/2021\/12\/269695445_1107273963434770_8236467403348065189_n-1.jpg","datePublished":"2021-12-26T15:55:06+00:00","dateModified":"2023-10-27T08:17:44+00:00","description":"Dozv\u00edte se v n\u011bm nejen n\u011bkolik u\u017eite\u010dn\u00fdch informac\u00ed o kempu a term\u00e1ln\u00edch l\u00e1zn\u00edch, ale tak\u00e9 nab\u00eddce, kterou zde m\u016f\u017eete vyu\u017e\u00edt pokud si k cen\u011b ubytov\u00e1n\u00ed zakoup\u00edte vstup do l\u00e1zn\u00ed. A vlastn\u011b nejen to, proto\u017ee jsem si cel\u00fd tento are\u00e1l d\u016fkladn\u011b pro\u0161la a na v\u0161e se pe\u010dliv\u011b vypt\u00e1vala. V\u00edtejte na Slovinsku, v zimn\u00edch Moravsk\u00fdch Toplic\u00edch.","breadcrumb":{"@id":"https:\/\/all4camper.com\/cs\/termalni-lazne-a-kemp-moravske-toplice-v-zime-na-co-se-muzete-tesit\/#breadcrumb"},"inLanguage":"cs","potentialAction":[{"@type":"ReadAction","target":["https:\/\/all4camper.com\/cs\/termalni-lazne-a-kemp-moravske-toplice-v-zime-na-co-se-muzete-tesit\/"]}]},{"@type":"ImageObject","inLanguage":"cs","@id":"https:\/\/all4camper.com\/cs\/termalni-lazne-a-kemp-moravske-toplice-v-zime-na-co-se-muzete-tesit\/#primaryimage","url":"https:\/\/all4camper.com\/wp-content\/uploads\/2021\/12\/269695445_1107273963434770_8236467403348065189_n-1.jpg","contentUrl":"https:\/\/all4camper.com\/wp-content\/uploads\/2021\/12\/269695445_1107273963434770_8236467403348065189_n-1.jpg","width":2048,"height":1536},{"@type":"BreadcrumbList","@id":"https:\/\/all4camper.com\/cs\/termalni-lazne-a-kemp-moravske-toplice-v-zime-na-co-se-muzete-tesit\/#breadcrumb","itemListElement":[{"@type":"ListItem","position":1,"name":"Dom\u016f","item":"https:\/\/all4camper.com\/cs\/"},{"@type":"ListItem","position":2,"name":"Novinky - Kempov\u00e1n\u00ed a karavaning","item":"https:\/\/all4camper.com\/cs\/category\/novinky-kempovani-a-karavaning\/"},{"@type":"ListItem","position":3,"name":"Co v\u0161echno nab\u00edz\u00ed Term\u00e1ln\u00ed l\u00e1zn\u011b a kemp Moravsk\u00e9 Toplice"}]},{"@type":"WebSite","@id":"https:\/\/all4camper.com\/cs\/#website","url":"https:\/\/all4camper.com\/cs\/","name":"All4Camper","description":"Nejv\u011bt\u0161\u00ed online magaz\u00edn o kempov\u00e1n\u00ed a karavaninku. V\u00edce jak 900 \u010dl\u00e1nk\u016f pln\u00fdch rad a tip\u016f o kempech a kempov\u00e1n\u00ed.","publisher":{"@id":"https:\/\/all4camper.com\/cs\/#organization"},"potentialAction":[{"@type":"SearchAction","target":{"@type":"EntryPoint","urlTemplate":"https:\/\/all4camper.com\/cs\/?s={search_term_string}"},"query-input":{"@type":"PropertyValueSpecification","valueRequired":true,"valueName":"search_term_string"}}],"inLanguage":"cs"},{"@type":"Organization","@id":"https:\/\/all4camper.com\/cs\/#organization","name":"All4Camper - kempujeme s Kl\u00e1rou","url":"https:\/\/all4camper.com\/cs\/","logo":{"@type":"ImageObject","inLanguage":"cs","@id":"https:\/\/all4camper.com\/cs\/#\/schema\/logo\/image\/","url":"https:\/\/all4camper.com\/wp-content\/uploads\/2018\/09\/novelogo.png","contentUrl":"https:\/\/all4camper.com\/wp-content\/uploads\/2018\/09\/novelogo.png","width":1520,"height":600,"caption":"All4Camper - kempujeme s Kl\u00e1rou"},"image":{"@id":"https:\/\/all4camper.com\/cs\/#\/schema\/logo\/image\/"}},{"@type":"Person","@id":"https:\/\/all4camper.com\/cs\/#\/schema\/person\/c6f1efdf1d02bc7d8c53a891cbe18c62","name":"Kl\u00e1ra H\u00e1jkov\u00e1","sameAs":["http:\/\/www.all4camper.com"],"url":"https:\/\/all4camper.com\/cs\/author\/klarinkacestuje1\/"}]}},"_links":{"self":[{"href":"https:\/\/all4camper.com\/cs\/wp-json\/wp\/v2\/posts\/138615","targetHints":{"allow":["GET"]}}],"collection":[{"href":"https:\/\/all4camper.com\/cs\/wp-json\/wp\/v2\/posts"}],"about":[{"href":"https:\/\/all4camper.com\/cs\/wp-json\/wp\/v2\/types\/post"}],"author":[{"embeddable":true,"href":"https:\/\/all4camper.com\/cs\/wp-json\/wp\/v2\/users\/4"}],"replies":[{"embeddable":true,"href":"https:\/\/all4camper.com\/cs\/wp-json\/wp\/v2\/comments?post=138615"}],"version-history":[{"count":2,"href":"https:\/\/all4camper.com\/cs\/wp-json\/wp\/v2\/posts\/138615\/revisions"}],"predecessor-version":[{"id":170830,"href":"https:\/\/all4camper.com\/cs\/wp-json\/wp\/v2\/posts\/138615\/revisions\/170830"}],"wp:featuredmedia":[{"embeddable":true,"href":"https:\/\/all4camper.com\/cs\/wp-json\/wp\/v2\/media\/138625"}],"wp:attachment":[{"href":"https:\/\/all4camper.com\/cs\/wp-json\/wp\/v2\/media?parent=138615"}],"wp:term":[{"taxonomy":"category","embeddable":true,"href":"https:\/\/all4camper.com\/cs\/wp-json\/wp\/v2\/categories?post=138615"},{"taxonomy":"post_tag","embeddable":true,"href":"https:\/\/all4camper.com\/cs\/wp-json\/wp\/v2\/tags?post=138615"}],"curies":[{"name":"wp","href":"https:\/\/api.w.org\/{rel}","templated":true}]}}