{"id":138416,"date":"2022-01-09T16:30:28","date_gmt":"2022-01-09T15:30:28","guid":{"rendered":"https:\/\/all4camper.com\/\/?p=138416"},"modified":"2023-01-30T15:59:42","modified_gmt":"2023-01-30T14:59:42","slug":"11-mist-kam-vyrazit-s-karavanem-za-alpskym-lyzovanim","status":"publish","type":"post","link":"https:\/\/all4camper.com\/cs\/11-mist-kam-vyrazit-s-karavanem-za-alpskym-lyzovanim\/","title":{"rendered":"10 m\u00edst, kam vyrazit s karavanem za alpsk\u00fdm ly\u017eov\u00e1n\u00edm"},"content":{"rendered":"\n<p><strong>Vyrazit s&nbsp;karavanem do Alp a u\u017e\u00edt si ly\u017eov\u00e1n\u00ed na \u00fa\u017easn\u00fdch horsk\u00fdch svaz\u00edch je skv\u011bl\u00fd zp\u016fsob, jak str\u00e1vit zimu. Pokud p\u0159em\u00fd\u0161l\u00edte, kam p\u0159esn\u011b se tentokr\u00e1t se sv\u00fdm karavanem, tady jsou tipy na ty nejlep\u0161\u00ed kempy nap\u0159\u00ed\u010d italsk\u00fdmi, n\u011bmeck\u00fdmi a rakousk\u00fdmi Alpami podle serveru camping.info.<\/strong><\/p>\n\n\n\n<h2 class=\"wp-block-heading\"><strong>Camping Grubhof (Salzburk, Rakousko)<\/strong><\/h2>\n\n\n\n<p>Kemp nach\u00e1zej\u00edc\u00ed se v&nbsp;hornat\u00e9 krajin\u011b Berechtesgadensk\u00fdch Alp a v&nbsp;poho\u0159\u00ed Lofer v&nbsp;rakousk\u00e9 spolkov\u00e9 zemi Salcbursko je napojen\u00fd na rozs\u00e1hlou s\u00ed\u0165 b\u011b\u017eka\u0159sk\u00fdch a zimn\u00edch turistick\u00fdch tras. M\u016f\u017eete tu vyu\u017e\u00edt bezplatn\u00fd skibus, kter\u00fd v\u00e1s doprav\u00ed a\u017e do ly\u017ea\u0159sk\u00e9ho st\u0159ediska Almenwelt Lofer. V&nbsp;zim\u011b n\u00e1v\u0161t\u011bvn\u00edci jist\u011b ocen\u00ed wellness centrum se saunou, l\u00e1zn\u011bmi i fitness za\u0159\u00edzen\u00ed, do kter\u00e9ho je v&nbsp;zimn\u00edch m\u011bs\u00edc\u00edch vstup zdarma.V\u00edce informac\u00ed o n\u011bm se dozv\u00edte v m\u00e9m d\u0159\u00edve napsan\u00e9m \u010dl\u00e1nku <a href=\"\/cs?p=13088\" target=\"_blank\" rel=\"noreferrer noopener\">Grubhof \u2013 kr\u00e1sn\u00fd celoro\u010dn\u00ed kemp nedaleko Salzburgu<\/a>.<\/p>\n\n\n\n<figure class=\"wp-block-image size-full\"><img loading=\"lazy\" decoding=\"async\" width=\"1200\" height=\"630\" src=\"https:\/\/all4camper.com\/\/wp-content\/uploads\/2022\/01\/grubhof4.jpeg\" alt=\"\" class=\"wp-image-138802\" srcset=\"https:\/\/all4camper.com\/wp-content\/uploads\/2022\/01\/grubhof4.jpeg 1200w, https:\/\/all4camper.com\/wp-content\/uploads\/2022\/01\/grubhof4-300x158.jpeg 300w, https:\/\/all4camper.com\/wp-content\/uploads\/2022\/01\/grubhof4-150x79.jpeg 150w, https:\/\/all4camper.com\/wp-content\/uploads\/2022\/01\/grubhof4-768x403.jpeg 768w, https:\/\/all4camper.com\/wp-content\/uploads\/2022\/01\/grubhof4-696x365.jpeg 696w, https:\/\/all4camper.com\/wp-content\/uploads\/2022\/01\/grubhof4-1068x561.jpeg 1068w\" sizes=\"auto, (max-width: 1200px) 100vw, 1200px\" \/><\/figure>\n\n\n\n<h2 class=\"wp-block-heading\"><strong>Seiser Alm (Ji\u017en\u00ed Tyrolsko, It\u00e1lie)<\/strong><\/h2>\n\n\n\n<p>Seiser Alm je n\u00e1horn\u00ed plo\u0161ina v&nbsp;Dolomitech, kter\u00e1 je nejv\u011bt\u0161\u00ed vysokohorskou alpskou loukou v&nbsp;Evrop\u011b, a nach\u00e1z\u00ed se na n\u00ed i stejnojmenn\u00fd <a href=\"https:\/\/www.camping-seiseralm.com\/\" target=\"_blank\" rel=\"noreferrer noopener\">kemp<\/a>, kter\u00fd se m\u016f\u017ee py\u0161nit \u010dty\u0159hv\u011bzdi\u010dkov\u00fdm hodnocen\u00edm. V&nbsp;bl\u00edzkosti se ty\u010d\u00ed dominanta Ji\u017en\u00edho Tyrolska, hora Schlern, a do ly\u017ea\u0159sk\u00fdch st\u0159edisek Dolomiti Superski odtud jezd\u00ed kyvadlov\u00fd autobus. Za t\u0159i minuty tak budete na sjezdovce. Krom\u011b klasick\u00e9ho ly\u017eov\u00e1n\u00ed, b\u011b\u017ekov\u00e1n\u00ed nebo zimn\u00ed turistiky se tu mohou milovn\u00edci freestyle ly\u017eov\u00e1n\u00ed vy\u0159\u00e1dit v&nbsp;King Laurin Snow Parku. Pokud v\u00e1s ly\u017eov\u00e1n\u00ed omrz\u00ed, vyrazte na romantickou proj\u00ed\u017e\u010fku na san\u00edch ta\u017een\u00fdch ko\u0148mi, nebo si zabruslete na jeze\u0159e V\u00f6lser Weiher.<\/p>\n\n\n\n<figure class=\"wp-block-image size-full\"><img loading=\"lazy\" decoding=\"async\" width=\"1350\" height=\"930\" src=\"https:\/\/all4camper.com\/\/wp-content\/uploads\/2021\/12\/komfortstellplatz-typ-b-06.jpeg\" alt=\"\" class=\"wp-image-138401\" srcset=\"https:\/\/all4camper.com\/wp-content\/uploads\/2021\/12\/komfortstellplatz-typ-b-06.jpeg 1350w, https:\/\/all4camper.com\/wp-content\/uploads\/2021\/12\/komfortstellplatz-typ-b-06-300x207.jpeg 300w, https:\/\/all4camper.com\/wp-content\/uploads\/2021\/12\/komfortstellplatz-typ-b-06-150x103.jpeg 150w, https:\/\/all4camper.com\/wp-content\/uploads\/2021\/12\/komfortstellplatz-typ-b-06-768x529.jpeg 768w, https:\/\/all4camper.com\/wp-content\/uploads\/2021\/12\/komfortstellplatz-typ-b-06-218x150.jpeg 218w, https:\/\/all4camper.com\/wp-content\/uploads\/2021\/12\/komfortstellplatz-typ-b-06-696x479.jpeg 696w, https:\/\/all4camper.com\/wp-content\/uploads\/2021\/12\/komfortstellplatz-typ-b-06-1068x736.jpeg 1068w\" sizes=\"auto, (max-width: 1350px) 100vw, 1350px\" \/><\/figure>\n\n\n\n<h2 class=\"wp-block-heading\"><strong>Caravan Park Sexten (Ji\u017en\u00ed Tyrolsko, It\u00e1lie)<\/strong><\/h2>\n\n\n\n<p>Tady si m\u016f\u017eete u\u017e\u00edt prvot\u0159\u00eddn\u00ed kempingov\u00fd z\u00e1\u017eitek s&nbsp;maxim\u00e1ln\u00edm pohodl\u00edm uprost\u0159ed nedot\u010den\u00e9 p\u0159\u00edrody Dolomit. V&nbsp;<a href=\"https:\/\/www.caravanparksexten.it\/it\/camping-alto-adige.html\" target=\"_blank\" rel=\"noreferrer noopener\">kempu<\/a> najdete kryt\u00fd baz\u00e9n, ze kter\u00e9ho budete m\u00edt v\u00fdhled na okoln\u00ed hory, a sauny, kde m\u016f\u017eete mj. nav\u0161t\u00edvit r\u016fzn\u00e9 l\u00e1ze\u0148sk\u00e9 procedury. Ly\u017eovat m\u016f\u017eete v&nbsp;nedalek\u00e9m are\u00e1lu Dolomiti Superski, kde na v\u00e1s \u010dek\u00e1 1200 km sjezdovek. M\u00e9n\u011b p\u0159epln\u011bn\u00e9 sjezdovky pak najdete ve st\u0159edisku 3 Zinnen Dolomites, kde si u\u017eijete panoramatick\u00fd v\u00fdhled na majest\u00e1tn\u00ed hory.<\/p>\n\n\n\n<figure class=\"wp-block-image size-full\"><img loading=\"lazy\" decoding=\"async\" width=\"1024\" height=\"683\" src=\"https:\/\/all4camper.com\/\/wp-content\/uploads\/2022\/01\/Caravan-Park-Sexten-5.jpeg\" alt=\"\" class=\"wp-image-138814\" srcset=\"https:\/\/all4camper.com\/wp-content\/uploads\/2022\/01\/Caravan-Park-Sexten-5.jpeg 1024w, https:\/\/all4camper.com\/wp-content\/uploads\/2022\/01\/Caravan-Park-Sexten-5-300x200.jpeg 300w, https:\/\/all4camper.com\/wp-content\/uploads\/2022\/01\/Caravan-Park-Sexten-5-150x100.jpeg 150w, https:\/\/all4camper.com\/wp-content\/uploads\/2022\/01\/Caravan-Park-Sexten-5-768x512.jpeg 768w, https:\/\/all4camper.com\/wp-content\/uploads\/2022\/01\/Caravan-Park-Sexten-5-696x464.jpeg 696w\" sizes=\"auto, (max-width: 1024px) 100vw, 1024px\" \/><\/figure>\n\n\n\n<h2 class=\"wp-block-heading\"><strong>Camping Hopfensee (Bavorsko, N\u011bmecko)<\/strong><\/h2>\n\n\n\n<p>V&nbsp;bavorsk\u00e9m regionu Allg\u00e4u u zamrzl\u00e9ho a zasn\u011b\u017een\u00e9ho jezera Hopfensee m\u016f\u017eete str\u00e1vit n\u00e1dhernou zimn\u00ed dovolenou. Zima tu m\u00e1 sv\u00e9 kouzlo, kter\u00e9 je\u0161t\u011b podtrhne nab\u00edzen\u00e1 proj\u00ed\u017e\u010fka na san\u00edch zasn\u011b\u017een\u00fdm lesem a krmen\u00ed divok\u00fdch zv\u00ed\u0159at. V&nbsp;bl\u00edzkosti je v\u0161e, co budete pro svou dovolenou pot\u0159ebovat: ly\u017ea\u0159sk\u00fd vlek, um\u011bl\u00e9 kluzi\u0161t\u011b, l\u00e1zn\u011b i kryt\u00e9 h\u0159i\u0161t\u011b.I o tomto kempu jsem ji\u017e psala &#8211; <a href=\"\/cs?p=72001\" target=\"_blank\" rel=\"noreferrer noopener\">Rakousk\u00fd zimn\u00ed kemp, kde va\u0161e rodinn\u00e1 dovolen\u00e1 bude spln\u011bn\u00fdm snem<\/a><\/p>\n\n\n\n<figure class=\"wp-block-image size-full\"><img loading=\"lazy\" decoding=\"async\" width=\"1920\" height=\"720\" src=\"https:\/\/all4camper.com\/\/wp-content\/uploads\/2022\/01\/Kemp-Hopfensee.jpeg\" alt=\"\" class=\"wp-image-138817\" srcset=\"https:\/\/all4camper.com\/wp-content\/uploads\/2022\/01\/Kemp-Hopfensee.jpeg 1920w, https:\/\/all4camper.com\/wp-content\/uploads\/2022\/01\/Kemp-Hopfensee-300x113.jpeg 300w, https:\/\/all4camper.com\/wp-content\/uploads\/2022\/01\/Kemp-Hopfensee-150x56.jpeg 150w, https:\/\/all4camper.com\/wp-content\/uploads\/2022\/01\/Kemp-Hopfensee-768x288.jpeg 768w, https:\/\/all4camper.com\/wp-content\/uploads\/2022\/01\/Kemp-Hopfensee-1536x576.jpeg 1536w, https:\/\/all4camper.com\/wp-content\/uploads\/2022\/01\/Kemp-Hopfensee-696x261.jpeg 696w, https:\/\/all4camper.com\/wp-content\/uploads\/2022\/01\/Kemp-Hopfensee-1068x401.jpeg 1068w\" sizes=\"auto, (max-width: 1920px) 100vw, 1920px\" \/><\/figure>\n\n\n\n<h2 class=\"wp-block-heading\"><strong>Camping Brunner am See (Korutany, Rakousko)<\/strong><\/h2>\n\n\n\n<p><a href=\"https:\/\/campingbrunner.at\/index1.html\" target=\"_blank\" rel=\"noreferrer noopener\">Kemp<\/a> v&nbsp;rakousk\u00fdch Korutanech se nach\u00e1z\u00ed p\u0159\u00edmo na b\u0159ehu jezera Millst\u00e4tter See, kter\u00e9 je v&nbsp;l\u00e9t\u011b vhodn\u00e9 na koup\u00e1n\u00ed a v&nbsp;zim\u011b na bruslen\u00ed. Skibus v\u00e1s z&nbsp;kempu odveze do <a href=\"https:\/\/www.badkleinkirchheim.com\/bergbahnen-skigebiet\/skigebiet\/\" target=\"_blank\" rel=\"noreferrer noopener nofollow\">Bad Kleinkircheimu<\/a>, co\u017e je nejzn\u00e1m\u011bj\u0161\u00ed korutansk\u00e1 ly\u017ea\u0159sk\u00e1 oblast, kde na v\u00e1s \u010dek\u00e1 80 kilometr\u016f sjezdovek a osm b\u011b\u017eka\u0159sk\u00fdch trat\u00ed. Den m\u016f\u017eete zakon\u010dit relaxem v&nbsp;term\u00e1ln\u00edch l\u00e1zn\u00edch.<\/p>\n\n\n\n<figure class=\"wp-block-image size-full\"><img loading=\"lazy\" decoding=\"async\" width=\"1200\" height=\"800\" src=\"https:\/\/all4camper.com\/\/wp-content\/uploads\/2022\/01\/Camping-Brunner-am-See.jpeg\" alt=\"\" class=\"wp-image-138820\" srcset=\"https:\/\/all4camper.com\/wp-content\/uploads\/2022\/01\/Camping-Brunner-am-See.jpeg 1200w, https:\/\/all4camper.com\/wp-content\/uploads\/2022\/01\/Camping-Brunner-am-See-300x200.jpeg 300w, https:\/\/all4camper.com\/wp-content\/uploads\/2022\/01\/Camping-Brunner-am-See-150x100.jpeg 150w, https:\/\/all4camper.com\/wp-content\/uploads\/2022\/01\/Camping-Brunner-am-See-768x512.jpeg 768w, https:\/\/all4camper.com\/wp-content\/uploads\/2022\/01\/Camping-Brunner-am-See-696x464.jpeg 696w, https:\/\/all4camper.com\/wp-content\/uploads\/2022\/01\/Camping-Brunner-am-See-1068x712.jpeg 1068w\" sizes=\"auto, (max-width: 1200px) 100vw, 1200px\" \/><\/figure>\n\n\n\n<h2 class=\"wp-block-heading\"><strong>Sportcamp Woferlgut (Salcburk, Rakousko)<\/strong><\/h2>\n\n\n\n<p>Tento kemp nab\u00edz\u00ed sv\u00fdm n\u00e1v\u0161t\u011bvn\u00edk\u016fm nov\u011b zrekonstruovan\u00e9 l\u00e1zn\u011b a baz\u00e9ny, kter\u00e9 jen tak v&nbsp;evropsk\u00fdch kempech nenajdete. \u010cekaj\u00ed tu na v\u00e1s sauny, studen\u00fd baz\u00e9n, Kneippovy l\u00e1zn\u011b a r\u016fzn\u00e9 procedury. Nechyb\u00ed ani posilovna, vnit\u0159n\u00ed h\u0159i\u0161t\u011b, lezeck\u00e1 st\u011bna a spousta vybaven\u00ed pro nejmen\u0161\u00ed. Ostatn\u011b u\u017e jsem o n\u011bm psala v \u010dl\u00e1nku <a href=\"\/cs?p=137543\" target=\"_blank\" rel=\"noreferrer noopener nofollow\">Karavanem za wellness do Rakouska a luxusn\u00edho kempu<\/a>.<\/p>\n\n\n\n<h2 class=\"wp-block-heading\"><strong>Camping \u00d6tztal L\u00e4ngenfeld (Tyrolsko, Rakousko)<\/strong><\/h2>\n\n\n\n<p>V&nbsp;bezprost\u0159edn\u00ed bl\u00edzkosti vede okolo <a href=\"https:\/\/www.camping-oetztal.com\/der-campingplatz\/camping-preise\/wintercamping\/\" target=\"_blank\" rel=\"noreferrer noopener nofollow\">kempu \u00d6tztal L\u00e4ngenfeld<\/a> n\u011bkolik b\u011b\u017eka\u0159sk\u00fdch tras a zimn\u00edch turistick\u00fdch stezek. Milovn\u00edci sjezdov\u00e9ho ly\u017eov\u00e1n\u00ed dojedou za deset minut bezplatn\u00fdm skibusem do ly\u017ea\u0159sk\u00e9ho st\u0159ediska S\u00f6lden. Alpsk\u00e9 \u00fadol\u00ed \u00d6tztal nab\u00edz\u00ed 365 kilometr\u016f sjezdovek, 60 kilometr\u016f b\u011b\u017eka\u0159sk\u00fdch trat\u00ed a slibuje zaru\u010denou sn\u011bhovou nad\u00edlku. Ani tady nechyb\u00ed sauna. Vyu\u017e\u00edt m\u016f\u017eete i nedalek\u00e9 l\u00e1ze\u0148sk\u00e9 centrum Aqua Dome.<\/p>\n\n\n\n<figure class=\"wp-block-image size-full\"><img loading=\"lazy\" decoding=\"async\" width=\"1000\" height=\"563\" src=\"https:\/\/all4camper.com\/\/wp-content\/uploads\/2022\/01\/luftaufnahme_winter.jpeg\" alt=\"\" class=\"wp-image-138825\" srcset=\"https:\/\/all4camper.com\/wp-content\/uploads\/2022\/01\/luftaufnahme_winter.jpeg 1000w, https:\/\/all4camper.com\/wp-content\/uploads\/2022\/01\/luftaufnahme_winter-300x169.jpeg 300w, https:\/\/all4camper.com\/wp-content\/uploads\/2022\/01\/luftaufnahme_winter-150x84.jpeg 150w, https:\/\/all4camper.com\/wp-content\/uploads\/2022\/01\/luftaufnahme_winter-768x432.jpeg 768w, https:\/\/all4camper.com\/wp-content\/uploads\/2022\/01\/luftaufnahme_winter-696x392.jpeg 696w\" sizes=\"auto, (max-width: 1000px) 100vw, 1000px\" \/><\/figure>\n\n\n\n<h2 class=\"wp-block-heading\"><strong>Nat\u00fcrlich Hell (Tyrolsko, Rakousko)<\/strong><\/h2>\n\n\n\n<p><a href=\"https:\/\/www.hell-tirol.at\/camping\/\" target=\"_blank\" rel=\"noreferrer noopener nofollow\">Kemp<\/a>, d\u0159\u00edve zn\u00e1m\u00fd jako Hells Ferienresort Zillertal, nab\u00edz\u00ed jedine\u010dn\u00fd z\u00e1\u017eitek z&nbsp;horsk\u00e9 krajiny kolem \u00fadol\u00ed Zillertal. Z\u00e1le\u017e\u00ed jen na v\u00e1s, jestli vyraz\u00edte na zimn\u00ed t\u00fary, budete ly\u017eovat nebo zvol\u00edte relaxaci v&nbsp;saun\u011b. \u00da\u017easnou scen\u00e9rii si tu d\u00edky panoramatick\u00fdm okn\u016fm m\u016f\u017eete u\u017e\u00edvat i p\u0159\u00edmo z&nbsp;baz\u00e9nu. Pro nejmen\u0161\u00ed je tu p\u0159ipraven\u00e1 vnit\u0159n\u00ed herna s&nbsp;lezeckou st\u011bnou a trampol\u00ednou. Dal\u0161\u00ed informace o kempu si p\u0159e\u010dtete v \u010dl\u00e1nku <a href=\"\/cs?p=87538\" target=\"_blank\" rel=\"noreferrer noopener nofollow\">Karavanem do ekologick\u00e9ho kempu v Zillertalu<\/a><\/p>\n\n\n\n<figure class=\"wp-block-image size-large\"><img loading=\"lazy\" decoding=\"async\" width=\"1620\" height=\"1080\" src=\"https:\/\/all4camper.com\/\/wp-content\/uploads\/2022\/01\/Natu\u0308rlich-Hell-1620x1080.jpeg\" alt=\"\" class=\"wp-image-138831\" srcset=\"https:\/\/all4camper.com\/wp-content\/uploads\/2022\/01\/Natu\u0308rlich-Hell-1620x1080.jpeg 1620w, https:\/\/all4camper.com\/wp-content\/uploads\/2022\/01\/Natu\u0308rlich-Hell-300x200.jpeg 300w, https:\/\/all4camper.com\/wp-content\/uploads\/2022\/01\/Natu\u0308rlich-Hell-150x100.jpeg 150w, https:\/\/all4camper.com\/wp-content\/uploads\/2022\/01\/Natu\u0308rlich-Hell-768x512.jpeg 768w, https:\/\/all4camper.com\/wp-content\/uploads\/2022\/01\/Natu\u0308rlich-Hell-1536x1024.jpeg 1536w, https:\/\/all4camper.com\/wp-content\/uploads\/2022\/01\/Natu\u0308rlich-Hell-696x464.jpeg 696w, https:\/\/all4camper.com\/wp-content\/uploads\/2022\/01\/Natu\u0308rlich-Hell-1068x712.jpeg 1068w, https:\/\/all4camper.com\/wp-content\/uploads\/2022\/01\/Natu\u0308rlich-Hell.jpeg 1920w\" sizes=\"auto, (max-width: 1620px) 100vw, 1620px\" \/><\/figure>\n\n\n\n<h2 class=\"wp-block-heading\"><strong>Camping Vidor Family &amp; Wellness Resort (Ji\u017en\u00ed Tyrolsko, It\u00e1lie)<\/strong><\/h2>\n\n\n\n<p><a href=\"https:\/\/www.campingvidor.it\/en\/\" target=\"_blank\" rel=\"noreferrer noopener nofollow\">Kemp<\/a> se nach\u00e1z\u00ed p\u0159\u00edmo u vrcholk\u016f ly\u017ea\u0159sk\u00fdch st\u0159edisek Dolomiti Superski a nab\u00edz\u00ed v\u0161echno, co si od sv\u00e9 zimn\u00ed dovolen\u00e9 m\u016f\u017eete p\u0159\u00e1t. M\u016f\u017eete se spolehnout na to, \u017ee tady bude sn\u00edh a zaly\u017eujete si. K&nbsp;tomu si u\u017eijete spoustu z\u00e1bavy a dobr\u00e9ho j\u00eddla, a je\u0161t\u011b budete moci relaxovat a nav\u0161t\u00edvit l\u00e1ze\u0148sk\u00e9 procedury. Samoz\u0159ejmost\u00ed jsou vyh\u0159\u00edvan\u00e9 baz\u00e9ny, sauny a fitness centrum. U\u017e\u00edt si tu m\u016f\u017eete i proj\u00ed\u017e\u010fku na san\u00edch nebo bruslen\u00ed v&nbsp;n\u00e1dhern\u00e9m prost\u0159ed\u00ed Dolomit.<\/p>\n\n\n\n<figure class=\"wp-block-image size-full\"><img loading=\"lazy\" decoding=\"async\" width=\"1000\" height=\"663\" src=\"https:\/\/all4camper.com\/\/wp-content\/uploads\/2022\/01\/campingvidor.jpeg\" alt=\"\" class=\"wp-image-138828\" srcset=\"https:\/\/all4camper.com\/wp-content\/uploads\/2022\/01\/campingvidor.jpeg 1000w, https:\/\/all4camper.com\/wp-content\/uploads\/2022\/01\/campingvidor-300x199.jpeg 300w, https:\/\/all4camper.com\/wp-content\/uploads\/2022\/01\/campingvidor-150x99.jpeg 150w, https:\/\/all4camper.com\/wp-content\/uploads\/2022\/01\/campingvidor-768x509.jpeg 768w, https:\/\/all4camper.com\/wp-content\/uploads\/2022\/01\/campingvidor-696x461.jpeg 696w\" sizes=\"auto, (max-width: 1000px) 100vw, 1000px\" \/><\/figure>\n\n\n\n<h2 class=\"wp-block-heading\"><strong>Erlebnis-Comfort-Camping Aufenfeld (Tyrolsko, Rakousko)<\/strong><\/h2>\n\n\n\n<p><a href=\"https:\/\/www.camping-zillertal.at\/en\/camping-zillertal\" target=\"_blank\" rel=\"noreferrer noopener nofollow\">Kemp<\/a> v&nbsp;tyrolsk\u00e9m \u00fadol\u00ed Zillertal je dal\u0161\u00ed m\u00edsto, ve kter\u00e9m si u\u017eijete jedine\u010dnou zimn\u00ed dovolenou. Jen p\u00e1r kilometr\u016f od kempu si zaly\u017eujete v&nbsp;t\u011bch nejlep\u0161\u00edch ly\u017ea\u0159sk\u00fdch st\u0159edisc\u00edch v&nbsp;t\u00e9to oblasti. \u010cek\u00e1 tu na v\u00e1s SKI-Optimal Hochf\u00fchen\/Hochzillertal a Zillertal Arena. Kemp nab\u00edz\u00ed lezeck\u00e9 centrum, bar i d\u011btsk\u00fd koutek. Relaxovat tu m\u016f\u017eete v&nbsp;kryt\u00e9m baz\u00e9nu nebo saun\u011b.<\/p>\n\n\n\n<figure class=\"wp-block-image size-large\"><img loading=\"lazy\" decoding=\"async\" width=\"1623\" height=\"1080\" src=\"https:\/\/all4camper.com\/\/wp-content\/uploads\/2022\/01\/Camping-Aufenfeld-1623x1080.jpeg\" alt=\"\" class=\"wp-image-138834\" srcset=\"https:\/\/all4camper.com\/wp-content\/uploads\/2022\/01\/Camping-Aufenfeld-1623x1080.jpeg 1623w, https:\/\/all4camper.com\/wp-content\/uploads\/2022\/01\/Camping-Aufenfeld-300x200.jpeg 300w, https:\/\/all4camper.com\/wp-content\/uploads\/2022\/01\/Camping-Aufenfeld-150x100.jpeg 150w, https:\/\/all4camper.com\/wp-content\/uploads\/2022\/01\/Camping-Aufenfeld-768x511.jpeg 768w, https:\/\/all4camper.com\/wp-content\/uploads\/2022\/01\/Camping-Aufenfeld-1536x1022.jpeg 1536w, https:\/\/all4camper.com\/wp-content\/uploads\/2022\/01\/Camping-Aufenfeld-2048x1363.jpeg 2048w, https:\/\/all4camper.com\/wp-content\/uploads\/2022\/01\/Camping-Aufenfeld-696x463.jpeg 696w, https:\/\/all4camper.com\/wp-content\/uploads\/2022\/01\/Camping-Aufenfeld-1068x711.jpeg 1068w, https:\/\/all4camper.com\/wp-content\/uploads\/2022\/01\/Camping-Aufenfeld-1920x1278.jpeg 1920w\" sizes=\"auto, (max-width: 1623px) 100vw, 1623px\" \/><\/figure>\n","protected":false},"excerpt":{"rendered":"<p>Vyrazit s&nbsp;karavanem do Alp a u\u017e\u00edt si ly\u017eov\u00e1n\u00ed na \u00fa\u017easn\u00fdch horsk\u00fdch svaz\u00edch je skv\u011bl\u00fd zp\u016fsob, jak str\u00e1vit zimu. Pokud p\u0159em\u00fd\u0161l\u00edte, kam p\u0159esn\u011b se tentokr\u00e1t se sv\u00fdm karavanem, tady jsou tipy na ty nejlep\u0161\u00ed kempy nap\u0159\u00ed\u010d italsk\u00fdmi, n\u011bmeck\u00fdmi a rakousk\u00fdmi Alpami podle serveru camping.info. Camping Grubhof (Salzburk, Rakousko) Kemp nach\u00e1zej\u00edc\u00ed se v&nbsp;hornat\u00e9 krajin\u011b Berechtesgadensk\u00fdch Alp a [&hellip;]<\/p>\n","protected":false},"author":4,"featured_media":138825,"comment_status":"closed","ping_status":"open","sticky":false,"template":"","format":"standard","meta":{"_monsterinsights_skip_tracking":false,"_monsterinsights_sitenote_active":false,"_monsterinsights_sitenote_note":"","_monsterinsights_sitenote_category":0,"footnotes":""},"categories":[2377,2381,2379,68,422,341],"tags":[87,101,97,105,321],"class_list":{"0":"post-138416","1":"post","2":"type-post","3":"status-publish","4":"format-standard","5":"has-post-thumbnail","7":"category-kempovani-a-cestovani-v-nemecku","8":"category-kempujeme-a-cestujeme-v-italii","9":"category-kempujeme-a-cestujeme-v-rakousku","10":"category-kempovani-a-zajimave-cile","11":"category-novinky-kempovani-a-karavaning","12":"category-zimni-kempovani","13":"tag-italie","14":"tag-kempy-1","15":"tag-nemecko","16":"tag-rakousko","17":"tag-winter-camping"},"yoast_head":"<!-- This site is optimized with the Yoast SEO plugin v27.4 - https:\/\/yoast.com\/product\/yoast-seo-wordpress\/ -->\n<title>10 m\u00edst, kam vyrazit s karavanem za alpsk\u00fdm ly\u017eov\u00e1n\u00edm - All4Camper<\/title>\n<meta name=\"description\" content=\"Vyrazit s\u00a0karavanem do Alp a u\u017e\u00edt si ly\u017eov\u00e1n\u00ed na \u00fa\u017easn\u00fdch horsk\u00fdch svaz\u00edch je skv\u011bl\u00fd zp\u016fsob, jak str\u00e1vit zimu. Pokud p\u0159em\u00fd\u0161l\u00edte, kam p\u0159esn\u011b se tentokr\u00e1t se sv\u00fdm karavanem, tady jsou tipy na ty nejlep\u0161\u00ed kempy nap\u0159\u00ed\u010d italsk\u00fdmi, n\u011bmeck\u00fdmi a rakousk\u00fdmi Alpami podle serveru camping.info.\" \/>\n<meta name=\"robots\" content=\"index, follow, max-snippet:-1, max-image-preview:large, max-video-preview:-1\" \/>\n<link rel=\"canonical\" href=\"https:\/\/all4camper.com\/cs\/11-mist-kam-vyrazit-s-karavanem-za-alpskym-lyzovanim\/\" \/>\n<meta property=\"og:locale\" content=\"cs_CZ\" \/>\n<meta property=\"og:type\" content=\"article\" \/>\n<meta property=\"og:title\" content=\"10 m\u00edst, kam vyrazit s karavanem za alpsk\u00fdm ly\u017eov\u00e1n\u00edm - All4Camper\" \/>\n<meta property=\"og:description\" content=\"Vyrazit s\u00a0karavanem do Alp a u\u017e\u00edt si ly\u017eov\u00e1n\u00ed na \u00fa\u017easn\u00fdch horsk\u00fdch svaz\u00edch je skv\u011bl\u00fd zp\u016fsob, jak str\u00e1vit zimu. Pokud p\u0159em\u00fd\u0161l\u00edte, kam p\u0159esn\u011b se tentokr\u00e1t se sv\u00fdm karavanem, tady jsou tipy na ty nejlep\u0161\u00ed kempy nap\u0159\u00ed\u010d italsk\u00fdmi, n\u011bmeck\u00fdmi a rakousk\u00fdmi Alpami podle serveru camping.info.\" \/>\n<meta property=\"og:url\" content=\"https:\/\/all4camper.com\/cs\/11-mist-kam-vyrazit-s-karavanem-za-alpskym-lyzovanim\/\" \/>\n<meta property=\"og:site_name\" content=\"All4Camper\" \/>\n<meta property=\"article:published_time\" content=\"2022-01-09T15:30:28+00:00\" \/>\n<meta property=\"article:modified_time\" content=\"2023-01-30T14:59:42+00:00\" \/>\n<meta property=\"og:image\" content=\"https:\/\/all4camper.com\/wp-content\/uploads\/2022\/01\/luftaufnahme_winter.jpeg\" \/>\n\t<meta property=\"og:image:width\" content=\"1000\" \/>\n\t<meta property=\"og:image:height\" content=\"563\" \/>\n\t<meta property=\"og:image:type\" content=\"image\/jpeg\" \/>\n<meta name=\"author\" content=\"Kl\u00e1ra H\u00e1jkov\u00e1\" \/>\n<meta name=\"twitter:card\" content=\"summary_large_image\" \/>\n<meta name=\"twitter:label1\" content=\"Napsal(a)\" \/>\n\t<meta name=\"twitter:data1\" content=\"Kl\u00e1ra H\u00e1jkov\u00e1\" \/>\n\t<meta name=\"twitter:label2\" content=\"Odhadovan\u00e1 doba \u010dten\u00ed\" \/>\n\t<meta name=\"twitter:data2\" content=\"6 minut\" \/>\n<script type=\"application\/ld+json\" class=\"yoast-schema-graph\">{\"@context\":\"https:\\\/\\\/schema.org\",\"@graph\":[{\"@type\":\"Article\",\"@id\":\"https:\\\/\\\/all4camper.com\\\/cs\\\/11-mist-kam-vyrazit-s-karavanem-za-alpskym-lyzovanim\\\/#article\",\"isPartOf\":{\"@id\":\"https:\\\/\\\/all4camper.com\\\/cs\\\/11-mist-kam-vyrazit-s-karavanem-za-alpskym-lyzovanim\\\/\"},\"author\":{\"name\":\"Kl\u00e1ra H\u00e1jkov\u00e1\",\"@id\":\"https:\\\/\\\/all4camper.com\\\/cs\\\/#\\\/schema\\\/person\\\/c6f1efdf1d02bc7d8c53a891cbe18c62\"},\"headline\":\"10 m\u00edst, kam vyrazit s karavanem za alpsk\u00fdm ly\u017eov\u00e1n\u00edm\",\"datePublished\":\"2022-01-09T15:30:28+00:00\",\"dateModified\":\"2023-01-30T14:59:42+00:00\",\"mainEntityOfPage\":{\"@id\":\"https:\\\/\\\/all4camper.com\\\/cs\\\/11-mist-kam-vyrazit-s-karavanem-za-alpskym-lyzovanim\\\/\"},\"wordCount\":1132,\"publisher\":{\"@id\":\"https:\\\/\\\/all4camper.com\\\/cs\\\/#organization\"},\"image\":{\"@id\":\"https:\\\/\\\/all4camper.com\\\/cs\\\/11-mist-kam-vyrazit-s-karavanem-za-alpskym-lyzovanim\\\/#primaryimage\"},\"thumbnailUrl\":\"https:\\\/\\\/all4camper.com\\\/wp-content\\\/uploads\\\/2022\\\/01\\\/luftaufnahme_winter.jpeg\",\"keywords\":[\"It\u00e1lie\",\"Kempy a kempovac\u00ed m\u00edsta\",\"N\u011bmecko\",\"Rakousko\",\"Zimn\u00ed kempov\u00e1n\u00ed\"],\"articleSection\":[\"Kempov\u00e1n\u00ed a cestov\u00e1n\u00ed v N\u011bmecku\",\"Kempujeme a cestujeme v It\u00e1lii\",\"Kempujeme a cestujeme v Rakousku\",\"Kempy a zaj\u00edmav\u00e1 m\u00edsta\",\"Novinky - Kempov\u00e1n\u00ed a karavaning\",\"Zimn\u00ed kempov\u00e1n\u00ed\"],\"inLanguage\":\"cs\"},{\"@type\":\"WebPage\",\"@id\":\"https:\\\/\\\/all4camper.com\\\/cs\\\/11-mist-kam-vyrazit-s-karavanem-za-alpskym-lyzovanim\\\/\",\"url\":\"https:\\\/\\\/all4camper.com\\\/cs\\\/11-mist-kam-vyrazit-s-karavanem-za-alpskym-lyzovanim\\\/\",\"name\":\"10 m\u00edst, kam vyrazit s karavanem za alpsk\u00fdm ly\u017eov\u00e1n\u00edm - All4Camper\",\"isPartOf\":{\"@id\":\"https:\\\/\\\/all4camper.com\\\/cs\\\/#website\"},\"primaryImageOfPage\":{\"@id\":\"https:\\\/\\\/all4camper.com\\\/cs\\\/11-mist-kam-vyrazit-s-karavanem-za-alpskym-lyzovanim\\\/#primaryimage\"},\"image\":{\"@id\":\"https:\\\/\\\/all4camper.com\\\/cs\\\/11-mist-kam-vyrazit-s-karavanem-za-alpskym-lyzovanim\\\/#primaryimage\"},\"thumbnailUrl\":\"https:\\\/\\\/all4camper.com\\\/wp-content\\\/uploads\\\/2022\\\/01\\\/luftaufnahme_winter.jpeg\",\"datePublished\":\"2022-01-09T15:30:28+00:00\",\"dateModified\":\"2023-01-30T14:59:42+00:00\",\"description\":\"Vyrazit s\u00a0karavanem do Alp a u\u017e\u00edt si ly\u017eov\u00e1n\u00ed na \u00fa\u017easn\u00fdch horsk\u00fdch svaz\u00edch je skv\u011bl\u00fd zp\u016fsob, jak str\u00e1vit zimu. Pokud p\u0159em\u00fd\u0161l\u00edte, kam p\u0159esn\u011b se tentokr\u00e1t se sv\u00fdm karavanem, tady jsou tipy na ty nejlep\u0161\u00ed kempy nap\u0159\u00ed\u010d italsk\u00fdmi, n\u011bmeck\u00fdmi a rakousk\u00fdmi Alpami podle serveru camping.info.\",\"breadcrumb\":{\"@id\":\"https:\\\/\\\/all4camper.com\\\/cs\\\/11-mist-kam-vyrazit-s-karavanem-za-alpskym-lyzovanim\\\/#breadcrumb\"},\"inLanguage\":\"cs\",\"potentialAction\":[{\"@type\":\"ReadAction\",\"target\":[\"https:\\\/\\\/all4camper.com\\\/cs\\\/11-mist-kam-vyrazit-s-karavanem-za-alpskym-lyzovanim\\\/\"]}]},{\"@type\":\"ImageObject\",\"inLanguage\":\"cs\",\"@id\":\"https:\\\/\\\/all4camper.com\\\/cs\\\/11-mist-kam-vyrazit-s-karavanem-za-alpskym-lyzovanim\\\/#primaryimage\",\"url\":\"https:\\\/\\\/all4camper.com\\\/wp-content\\\/uploads\\\/2022\\\/01\\\/luftaufnahme_winter.jpeg\",\"contentUrl\":\"https:\\\/\\\/all4camper.com\\\/wp-content\\\/uploads\\\/2022\\\/01\\\/luftaufnahme_winter.jpeg\",\"width\":1000,\"height\":563},{\"@type\":\"BreadcrumbList\",\"@id\":\"https:\\\/\\\/all4camper.com\\\/cs\\\/11-mist-kam-vyrazit-s-karavanem-za-alpskym-lyzovanim\\\/#breadcrumb\",\"itemListElement\":[{\"@type\":\"ListItem\",\"position\":1,\"name\":\"Dom\u016f\",\"item\":\"https:\\\/\\\/all4camper.com\\\/cs\\\/\"},{\"@type\":\"ListItem\",\"position\":2,\"name\":\"Novinky - Kempov\u00e1n\u00ed a karavaning\",\"item\":\"https:\\\/\\\/all4camper.com\\\/cs\\\/category\\\/novinky-kempovani-a-karavaning\\\/\"},{\"@type\":\"ListItem\",\"position\":3,\"name\":\"10 m\u00edst, kam vyrazit s karavanem za alpsk\u00fdm ly\u017eov\u00e1n\u00edm\"}]},{\"@type\":\"WebSite\",\"@id\":\"https:\\\/\\\/all4camper.com\\\/cs\\\/#website\",\"url\":\"https:\\\/\\\/all4camper.com\\\/cs\\\/\",\"name\":\"All4Camper\",\"description\":\"Nejv\u011bt\u0161\u00ed online magaz\u00edn o kempov\u00e1n\u00ed a karavaninku. V\u00edce jak 900 \u010dl\u00e1nk\u016f pln\u00fdch rad a tip\u016f o kempech a kempov\u00e1n\u00ed.\",\"publisher\":{\"@id\":\"https:\\\/\\\/all4camper.com\\\/cs\\\/#organization\"},\"potentialAction\":[{\"@type\":\"SearchAction\",\"target\":{\"@type\":\"EntryPoint\",\"urlTemplate\":\"https:\\\/\\\/all4camper.com\\\/cs\\\/?s={search_term_string}\"},\"query-input\":{\"@type\":\"PropertyValueSpecification\",\"valueRequired\":true,\"valueName\":\"search_term_string\"}}],\"inLanguage\":\"cs\"},{\"@type\":\"Organization\",\"@id\":\"https:\\\/\\\/all4camper.com\\\/cs\\\/#organization\",\"name\":\"All4Camper - kempujeme s Kl\u00e1rou\",\"url\":\"https:\\\/\\\/all4camper.com\\\/cs\\\/\",\"logo\":{\"@type\":\"ImageObject\",\"inLanguage\":\"cs\",\"@id\":\"https:\\\/\\\/all4camper.com\\\/cs\\\/#\\\/schema\\\/logo\\\/image\\\/\",\"url\":\"https:\\\/\\\/all4camper.com\\\/wp-content\\\/uploads\\\/2018\\\/09\\\/novelogo.png\",\"contentUrl\":\"https:\\\/\\\/all4camper.com\\\/wp-content\\\/uploads\\\/2018\\\/09\\\/novelogo.png\",\"width\":1520,\"height\":600,\"caption\":\"All4Camper - kempujeme s Kl\u00e1rou\"},\"image\":{\"@id\":\"https:\\\/\\\/all4camper.com\\\/cs\\\/#\\\/schema\\\/logo\\\/image\\\/\"}},{\"@type\":\"Person\",\"@id\":\"https:\\\/\\\/all4camper.com\\\/cs\\\/#\\\/schema\\\/person\\\/c6f1efdf1d02bc7d8c53a891cbe18c62\",\"name\":\"Kl\u00e1ra H\u00e1jkov\u00e1\",\"sameAs\":[\"http:\\\/\\\/www.all4camper.com\"],\"url\":\"https:\\\/\\\/all4camper.com\\\/cs\\\/author\\\/klarinkacestuje1\\\/\"}]}<\/script>\n<!-- \/ Yoast SEO plugin. -->","yoast_head_json":{"title":"10 m\u00edst, kam vyrazit s karavanem za alpsk\u00fdm ly\u017eov\u00e1n\u00edm - All4Camper","description":"Vyrazit s\u00a0karavanem do Alp a u\u017e\u00edt si ly\u017eov\u00e1n\u00ed na \u00fa\u017easn\u00fdch horsk\u00fdch svaz\u00edch je skv\u011bl\u00fd zp\u016fsob, jak str\u00e1vit zimu. Pokud p\u0159em\u00fd\u0161l\u00edte, kam p\u0159esn\u011b se tentokr\u00e1t se sv\u00fdm karavanem, tady jsou tipy na ty nejlep\u0161\u00ed kempy nap\u0159\u00ed\u010d italsk\u00fdmi, n\u011bmeck\u00fdmi a rakousk\u00fdmi Alpami podle serveru camping.info.","robots":{"index":"index","follow":"follow","max-snippet":"max-snippet:-1","max-image-preview":"max-image-preview:large","max-video-preview":"max-video-preview:-1"},"canonical":"https:\/\/all4camper.com\/cs\/11-mist-kam-vyrazit-s-karavanem-za-alpskym-lyzovanim\/","og_locale":"cs_CZ","og_type":"article","og_title":"10 m\u00edst, kam vyrazit s karavanem za alpsk\u00fdm ly\u017eov\u00e1n\u00edm - All4Camper","og_description":"Vyrazit s\u00a0karavanem do Alp a u\u017e\u00edt si ly\u017eov\u00e1n\u00ed na \u00fa\u017easn\u00fdch horsk\u00fdch svaz\u00edch je skv\u011bl\u00fd zp\u016fsob, jak str\u00e1vit zimu. Pokud p\u0159em\u00fd\u0161l\u00edte, kam p\u0159esn\u011b se tentokr\u00e1t se sv\u00fdm karavanem, tady jsou tipy na ty nejlep\u0161\u00ed kempy nap\u0159\u00ed\u010d italsk\u00fdmi, n\u011bmeck\u00fdmi a rakousk\u00fdmi Alpami podle serveru camping.info.","og_url":"https:\/\/all4camper.com\/cs\/11-mist-kam-vyrazit-s-karavanem-za-alpskym-lyzovanim\/","og_site_name":"All4Camper","article_published_time":"2022-01-09T15:30:28+00:00","article_modified_time":"2023-01-30T14:59:42+00:00","og_image":[{"width":1000,"height":563,"url":"https:\/\/all4camper.com\/wp-content\/uploads\/2022\/01\/luftaufnahme_winter.jpeg","type":"image\/jpeg"}],"author":"Kl\u00e1ra H\u00e1jkov\u00e1","twitter_card":"summary_large_image","twitter_misc":{"Napsal(a)":"Kl\u00e1ra H\u00e1jkov\u00e1","Odhadovan\u00e1 doba \u010dten\u00ed":"6 minut"},"schema":{"@context":"https:\/\/schema.org","@graph":[{"@type":"Article","@id":"https:\/\/all4camper.com\/cs\/11-mist-kam-vyrazit-s-karavanem-za-alpskym-lyzovanim\/#article","isPartOf":{"@id":"https:\/\/all4camper.com\/cs\/11-mist-kam-vyrazit-s-karavanem-za-alpskym-lyzovanim\/"},"author":{"name":"Kl\u00e1ra H\u00e1jkov\u00e1","@id":"https:\/\/all4camper.com\/cs\/#\/schema\/person\/c6f1efdf1d02bc7d8c53a891cbe18c62"},"headline":"10 m\u00edst, kam vyrazit s karavanem za alpsk\u00fdm ly\u017eov\u00e1n\u00edm","datePublished":"2022-01-09T15:30:28+00:00","dateModified":"2023-01-30T14:59:42+00:00","mainEntityOfPage":{"@id":"https:\/\/all4camper.com\/cs\/11-mist-kam-vyrazit-s-karavanem-za-alpskym-lyzovanim\/"},"wordCount":1132,"publisher":{"@id":"https:\/\/all4camper.com\/cs\/#organization"},"image":{"@id":"https:\/\/all4camper.com\/cs\/11-mist-kam-vyrazit-s-karavanem-za-alpskym-lyzovanim\/#primaryimage"},"thumbnailUrl":"https:\/\/all4camper.com\/wp-content\/uploads\/2022\/01\/luftaufnahme_winter.jpeg","keywords":["It\u00e1lie","Kempy a kempovac\u00ed m\u00edsta","N\u011bmecko","Rakousko","Zimn\u00ed kempov\u00e1n\u00ed"],"articleSection":["Kempov\u00e1n\u00ed a cestov\u00e1n\u00ed v N\u011bmecku","Kempujeme a cestujeme v It\u00e1lii","Kempujeme a cestujeme v Rakousku","Kempy a zaj\u00edmav\u00e1 m\u00edsta","Novinky - Kempov\u00e1n\u00ed a karavaning","Zimn\u00ed kempov\u00e1n\u00ed"],"inLanguage":"cs"},{"@type":"WebPage","@id":"https:\/\/all4camper.com\/cs\/11-mist-kam-vyrazit-s-karavanem-za-alpskym-lyzovanim\/","url":"https:\/\/all4camper.com\/cs\/11-mist-kam-vyrazit-s-karavanem-za-alpskym-lyzovanim\/","name":"10 m\u00edst, kam vyrazit s karavanem za alpsk\u00fdm ly\u017eov\u00e1n\u00edm - All4Camper","isPartOf":{"@id":"https:\/\/all4camper.com\/cs\/#website"},"primaryImageOfPage":{"@id":"https:\/\/all4camper.com\/cs\/11-mist-kam-vyrazit-s-karavanem-za-alpskym-lyzovanim\/#primaryimage"},"image":{"@id":"https:\/\/all4camper.com\/cs\/11-mist-kam-vyrazit-s-karavanem-za-alpskym-lyzovanim\/#primaryimage"},"thumbnailUrl":"https:\/\/all4camper.com\/wp-content\/uploads\/2022\/01\/luftaufnahme_winter.jpeg","datePublished":"2022-01-09T15:30:28+00:00","dateModified":"2023-01-30T14:59:42+00:00","description":"Vyrazit s\u00a0karavanem do Alp a u\u017e\u00edt si ly\u017eov\u00e1n\u00ed na \u00fa\u017easn\u00fdch horsk\u00fdch svaz\u00edch je skv\u011bl\u00fd zp\u016fsob, jak str\u00e1vit zimu. Pokud p\u0159em\u00fd\u0161l\u00edte, kam p\u0159esn\u011b se tentokr\u00e1t se sv\u00fdm karavanem, tady jsou tipy na ty nejlep\u0161\u00ed kempy nap\u0159\u00ed\u010d italsk\u00fdmi, n\u011bmeck\u00fdmi a rakousk\u00fdmi Alpami podle serveru camping.info.","breadcrumb":{"@id":"https:\/\/all4camper.com\/cs\/11-mist-kam-vyrazit-s-karavanem-za-alpskym-lyzovanim\/#breadcrumb"},"inLanguage":"cs","potentialAction":[{"@type":"ReadAction","target":["https:\/\/all4camper.com\/cs\/11-mist-kam-vyrazit-s-karavanem-za-alpskym-lyzovanim\/"]}]},{"@type":"ImageObject","inLanguage":"cs","@id":"https:\/\/all4camper.com\/cs\/11-mist-kam-vyrazit-s-karavanem-za-alpskym-lyzovanim\/#primaryimage","url":"https:\/\/all4camper.com\/wp-content\/uploads\/2022\/01\/luftaufnahme_winter.jpeg","contentUrl":"https:\/\/all4camper.com\/wp-content\/uploads\/2022\/01\/luftaufnahme_winter.jpeg","width":1000,"height":563},{"@type":"BreadcrumbList","@id":"https:\/\/all4camper.com\/cs\/11-mist-kam-vyrazit-s-karavanem-za-alpskym-lyzovanim\/#breadcrumb","itemListElement":[{"@type":"ListItem","position":1,"name":"Dom\u016f","item":"https:\/\/all4camper.com\/cs\/"},{"@type":"ListItem","position":2,"name":"Novinky - Kempov\u00e1n\u00ed a karavaning","item":"https:\/\/all4camper.com\/cs\/category\/novinky-kempovani-a-karavaning\/"},{"@type":"ListItem","position":3,"name":"10 m\u00edst, kam vyrazit s karavanem za alpsk\u00fdm ly\u017eov\u00e1n\u00edm"}]},{"@type":"WebSite","@id":"https:\/\/all4camper.com\/cs\/#website","url":"https:\/\/all4camper.com\/cs\/","name":"All4Camper","description":"Nejv\u011bt\u0161\u00ed online magaz\u00edn o kempov\u00e1n\u00ed a karavaninku. V\u00edce jak 900 \u010dl\u00e1nk\u016f pln\u00fdch rad a tip\u016f o kempech a kempov\u00e1n\u00ed.","publisher":{"@id":"https:\/\/all4camper.com\/cs\/#organization"},"potentialAction":[{"@type":"SearchAction","target":{"@type":"EntryPoint","urlTemplate":"https:\/\/all4camper.com\/cs\/?s={search_term_string}"},"query-input":{"@type":"PropertyValueSpecification","valueRequired":true,"valueName":"search_term_string"}}],"inLanguage":"cs"},{"@type":"Organization","@id":"https:\/\/all4camper.com\/cs\/#organization","name":"All4Camper - kempujeme s Kl\u00e1rou","url":"https:\/\/all4camper.com\/cs\/","logo":{"@type":"ImageObject","inLanguage":"cs","@id":"https:\/\/all4camper.com\/cs\/#\/schema\/logo\/image\/","url":"https:\/\/all4camper.com\/wp-content\/uploads\/2018\/09\/novelogo.png","contentUrl":"https:\/\/all4camper.com\/wp-content\/uploads\/2018\/09\/novelogo.png","width":1520,"height":600,"caption":"All4Camper - kempujeme s Kl\u00e1rou"},"image":{"@id":"https:\/\/all4camper.com\/cs\/#\/schema\/logo\/image\/"}},{"@type":"Person","@id":"https:\/\/all4camper.com\/cs\/#\/schema\/person\/c6f1efdf1d02bc7d8c53a891cbe18c62","name":"Kl\u00e1ra H\u00e1jkov\u00e1","sameAs":["http:\/\/www.all4camper.com"],"url":"https:\/\/all4camper.com\/cs\/author\/klarinkacestuje1\/"}]}},"_links":{"self":[{"href":"https:\/\/all4camper.com\/cs\/wp-json\/wp\/v2\/posts\/138416","targetHints":{"allow":["GET"]}}],"collection":[{"href":"https:\/\/all4camper.com\/cs\/wp-json\/wp\/v2\/posts"}],"about":[{"href":"https:\/\/all4camper.com\/cs\/wp-json\/wp\/v2\/types\/post"}],"author":[{"embeddable":true,"href":"https:\/\/all4camper.com\/cs\/wp-json\/wp\/v2\/users\/4"}],"replies":[{"embeddable":true,"href":"https:\/\/all4camper.com\/cs\/wp-json\/wp\/v2\/comments?post=138416"}],"version-history":[{"count":0,"href":"https:\/\/all4camper.com\/cs\/wp-json\/wp\/v2\/posts\/138416\/revisions"}],"wp:featuredmedia":[{"embeddable":true,"href":"https:\/\/all4camper.com\/cs\/wp-json\/wp\/v2\/media\/138825"}],"wp:attachment":[{"href":"https:\/\/all4camper.com\/cs\/wp-json\/wp\/v2\/media?parent=138416"}],"wp:term":[{"taxonomy":"category","embeddable":true,"href":"https:\/\/all4camper.com\/cs\/wp-json\/wp\/v2\/categories?post=138416"},{"taxonomy":"post_tag","embeddable":true,"href":"https:\/\/all4camper.com\/cs\/wp-json\/wp\/v2\/tags?post=138416"}],"curies":[{"name":"wp","href":"https:\/\/api.w.org\/{rel}","templated":true}]}}