{"id":138412,"date":"2022-01-05T09:43:47","date_gmt":"2022-01-05T08:43:47","guid":{"rendered":"https:\/\/all4camper.com\/\/?p=138412"},"modified":"2022-01-05T09:46:01","modified_gmt":"2022-01-05T08:46:01","slug":"tipy-na-aktivni-dovolenou-nejen-karavanem-v-cerne-hore-ktera-je-na-zazitky-vice-nez-bohata","status":"publish","type":"post","link":"https:\/\/all4camper.com\/cs\/tipy-na-aktivni-dovolenou-nejen-karavanem-v-cerne-hore-ktera-je-na-zazitky-vice-nez-bohata\/","title":{"rendered":"Tipy na aktivn\u00ed dovolenou nejen karavanem v \u010cern\u00e9 Ho\u0159e, kter\u00e1 je na z\u00e1\u017eitky v\u00edce ne\u017e bohat\u00e1"},"content":{"rendered":"\n<p><strong>\u010cern\u00e1 Hora nab\u00edz\u00ed milovn\u00edk\u016fm p\u0159\u00edrody a cestov\u00e1n\u00ed \u0161irokou \u0161k\u00e1lu mo\u017enost\u00ed, jak str\u00e1vit \u010das. Relativn\u011b bl\u00edzko sebe tu cestovatel\u00e9 najdou malebn\u00e9 z\u00e1toky, osam\u011bl\u00e9 pl\u00e1\u017ee a jezera i drsn\u00e9 hory s\u00a0kr\u00e1sn\u00fdmi lesy, divok\u00fdmi sout\u011bskami a impozantn\u00edmi \u0161t\u00edty. Zde je mal\u00fd v\u00fdb\u011br toho, co m\u016f\u017eete v\u00a0\u010cern\u00e9 Ho\u0159e podniknout.<\/strong><\/p>\n\n\n\n<figure class=\"wp-block-image size-large is-resized\"><img loading=\"lazy\" decoding=\"async\" src=\"https:\/\/all4camper.com\/\/wp-content\/uploads\/2022\/01\/Durmitor-1620x1080.jpg\" alt=\"\" class=\"wp-image-138746\" width=\"696\" height=\"464\" srcset=\"https:\/\/all4camper.com\/wp-content\/uploads\/2022\/01\/Durmitor-1620x1080.jpg 1620w, https:\/\/all4camper.com\/wp-content\/uploads\/2022\/01\/Durmitor-300x200.jpg 300w, https:\/\/all4camper.com\/wp-content\/uploads\/2022\/01\/Durmitor-150x100.jpg 150w, https:\/\/all4camper.com\/wp-content\/uploads\/2022\/01\/Durmitor-768x512.jpg 768w, https:\/\/all4camper.com\/wp-content\/uploads\/2022\/01\/Durmitor-1536x1024.jpg 1536w, https:\/\/all4camper.com\/wp-content\/uploads\/2022\/01\/Durmitor-2048x1365.jpg 2048w, https:\/\/all4camper.com\/wp-content\/uploads\/2022\/01\/Durmitor-696x464.jpg 696w, https:\/\/all4camper.com\/wp-content\/uploads\/2022\/01\/Durmitor-1068x712.jpg 1068w, https:\/\/all4camper.com\/wp-content\/uploads\/2022\/01\/Durmitor-1920x1280.jpg 1920w\" sizes=\"auto, (max-width: 696px) 100vw, 696px\" \/><figcaption>Durmitor.<\/figcaption><\/figure>\n\n\n\n<h2 class=\"wp-block-heading\"><strong>N\u00e1rodn\u00ed parky v&nbsp;\u010cern\u00e9 Ho\u0159e<\/strong><\/h2>\n\n\n\n<h3 class=\"wp-block-heading\"><meta charset=\"utf-8\">N\u00e1rodn\u00ed park <strong>Lov\u0107en<\/strong><\/h3>\n\n\n\n<p>N\u00e1rodn\u00ed park <strong>Lov\u0107en<\/strong> (<a href=\"https:\/\/goo.gl\/maps\/HnBXC8yZbFBBm8bG9\" target=\"_blank\" rel=\"noreferrer noopener nofollow\">mapa<\/a>) by ur\u010dit\u011b nem\u011bli n\u00e1v\u0161t\u011bvn\u00edci p\u0159i cest\u011b do \u010cern\u00e9 Hory minout. Nach\u00e1z\u00ed se tu \u0159ada men\u0161\u00edch kemp\u016f a chatov\u00fdch vesni\u010dek, jako t\u0159eba <strong>Njegu\u0161i<\/strong> (<a href=\"https:\/\/goo.gl\/maps\/LH5GPy6gbZQg6XYV9\" target=\"_blank\" rel=\"noreferrer noopener nofollow\">mapa<\/a>) nebo <strong>Ivanova Korita<\/strong> (<a href=\"https:\/\/goo.gl\/maps\/sHUGbxmbr9Mfgcm1A\" target=\"_blank\" rel=\"noreferrer noopener nofollow\">mapa<\/a>). <\/p>\n\n\n\n<figure class=\"wp-block-image size-full is-resized\"><img loading=\"lazy\" decoding=\"async\" src=\"https:\/\/all4camper.com\/\/wp-content\/uploads\/2022\/01\/Kotor-Lovcen-Road.jpeg\" alt=\"\" class=\"wp-image-138727\" width=\"696\" height=\"513\" srcset=\"https:\/\/all4camper.com\/wp-content\/uploads\/2022\/01\/Kotor-Lovcen-Road.jpeg 1024w, https:\/\/all4camper.com\/wp-content\/uploads\/2022\/01\/Kotor-Lovcen-Road-300x221.jpeg 300w, https:\/\/all4camper.com\/wp-content\/uploads\/2022\/01\/Kotor-Lovcen-Road-150x111.jpeg 150w, https:\/\/all4camper.com\/wp-content\/uploads\/2022\/01\/Kotor-Lovcen-Road-768x566.jpeg 768w, https:\/\/all4camper.com\/wp-content\/uploads\/2022\/01\/Kotor-Lovcen-Road-696x513.jpeg 696w\" sizes=\"auto, (max-width: 696px) 100vw, 696px\" \/><figcaption>Lovcen Kotor<\/figcaption><\/figure>\n\n\n\n<p>V tomto malebn\u00e9m regionu pln\u00e9m rozmanit\u00fdch mo\u017enost\u00ed se m\u00eds\u00ed jedine\u010dn\u00e9 kulturn\u00ed a historick\u00e9 pam\u00e1tky s\u00a0dechberouc\u00ed horskou krajinou. <strong>P\u011b\u0161\u00ed turist\u00e9 zde najdou mnoho vyzna\u010den\u00fdch tras od jednoduch\u00fdch a\u017e po n\u00e1ro\u010dn\u00e9. (ty si zobraz\u00edte <a href=\"https:\/\/www.montenegropulse.com\/lovcen-national-park.html#lovcenhiking\" target=\"_blank\" rel=\"noreferrer noopener nofollow\">tady<\/a> v\u010detn\u011b informac\u00ed o mo\u017enosti p\u0159\u00edmo v parku kempovat. <\/strong>Je tak\u00e9 mo\u017en\u00e9 vyu\u017e\u00edt slu\u017eeb turistick\u00fdch pr\u016fvodc\u016f, kte\u0159\u00ed v\u00e1s provedou po osam\u011bl\u00fdch stezk\u00e1ch nebo doprovod\u00ed na vyhl\u00eddkov\u00e9 plo\u0161iny. P\u0159i t\u00fa\u0159e n\u00e1rodn\u00edm parkem Lov\u0107en si nezapome\u0148te v\u0161\u00edmat rozmanit\u00e9 fl\u00f3ry.<\/p>\n\n\n\n<h3 class=\"wp-block-heading\"><meta charset=\"utf-8\"><meta charset=\"utf-8\">N\u00e1rodn\u00ed park <strong>Biogradska Gora<\/strong><\/h3>\n\n\n\n<p>Nejmen\u0161\u00ed z\u00a0p\u011bti \u010dernohorsk\u00fdch n\u00e1rodn\u00edch park\u016f je <strong>Biogradska Gora<\/strong> (<a href=\"https:\/\/goo.gl\/maps\/BFna4NFxi2vwJphS7\" target=\"_blank\" rel=\"noreferrer noopener nofollow\">mapa<\/a>), kter\u00fd se nach\u00e1z\u00ed v\u00a0centru poho\u0159\u00ed Bjelasica. Tento park je sv\u00fdm zp\u016fsobem velmi zvl\u00e1\u0161tn\u00ed, proto ur\u010dit\u011b zajist\u00ed nezapomenuteln\u00fd z\u00e1\u017eitek. Park Biogradska Gora nab\u00edz\u00ed neuv\u011b\u0159itelnou biodiverzitu a <strong>\u00fachvatn\u00e1 ledovcov\u00e1 jezera<\/strong>. Krom\u011b toho se tu skr\u00fdv\u00e1 jeden <strong>z\u00a0posledn\u00edch skute\u010dn\u00fdch prales\u016f v\u00a0Evrop\u011b<\/strong>. Rozs\u00e1hl\u00e1 s\u00ed\u0165 stezek pro zku\u0161en\u00e9 turisty tu vede v\u00a0nadmo\u0159sk\u00e9 v\u00fd\u0161ce p\u0159es 2000 metr\u016f kolem vrch\u016f Zekova Glava a Crna Glava. Dal\u0161\u00ed informace o parku v\u010detn\u011b zip\u016f na p\u011b\u0161\u00ed v\u00fdlety si p\u0159e\u010dtete <a href=\"https:\/\/www.montenegropulse.com\/biogradska-gora.html\" target=\"_blank\" rel=\"noreferrer noopener nofollow\">tady<\/a>.<\/p>\n\n\n\n<figure class=\"wp-block-image size-full is-resized\"><img loading=\"lazy\" decoding=\"async\" src=\"https:\/\/all4camper.com\/\/wp-content\/uploads\/2022\/01\/Biogradska-Gora-Montenegro.jpeg\" alt=\"\" class=\"wp-image-138730\" width=\"696\" height=\"463\" srcset=\"https:\/\/all4camper.com\/wp-content\/uploads\/2022\/01\/Biogradska-Gora-Montenegro.jpeg 730w, https:\/\/all4camper.com\/wp-content\/uploads\/2022\/01\/Biogradska-Gora-Montenegro-300x200.jpeg 300w, https:\/\/all4camper.com\/wp-content\/uploads\/2022\/01\/Biogradska-Gora-Montenegro-150x100.jpeg 150w, https:\/\/all4camper.com\/wp-content\/uploads\/2022\/01\/Biogradska-Gora-Montenegro-696x463.jpeg 696w\" sizes=\"auto, (max-width: 696px) 100vw, 696px\" \/><figcaption>Biogradsk\u00e9 jezero, zdroj montenegropulse.com<\/figcaption><\/figure>\n\n\n\n<h2 class=\"wp-block-heading\"><strong>Rafting a kanoistika<\/strong><\/h2>\n\n\n\n<p>Nad\u0161enci kempov\u00e1n\u00ed v\u00a0\u010cern\u00e9 Ho\u0159e najdou spoustu p\u0159\u00edle\u017eitost\u00ed str\u00e1vit noc uprost\u0159ed nedot\u010den\u00e9 divo\u010diny, obklopen\u00ed temn\u00fdmi lesy a vysok\u00fdmi horsk\u00fdmi \u0161t\u00edty. Tady ale v\u00fd\u010det toho, co \u010cern\u00e1 Hora nab\u00edz\u00ed rozhodn\u011b nekon\u010d\u00ed. <\/p>\n\n\n\n<figure class=\"wp-block-image size-full\"><img loading=\"lazy\" decoding=\"async\" width=\"1024\" height=\"768\" src=\"https:\/\/all4camper.com\/\/wp-content\/uploads\/2022\/01\/Rafting-Montenegro-Tara-1024.jpeg\" alt=\"\" class=\"wp-image-138733\" srcset=\"https:\/\/all4camper.com\/wp-content\/uploads\/2022\/01\/Rafting-Montenegro-Tara-1024.jpeg 1024w, https:\/\/all4camper.com\/wp-content\/uploads\/2022\/01\/Rafting-Montenegro-Tara-1024-300x225.jpeg 300w, https:\/\/all4camper.com\/wp-content\/uploads\/2022\/01\/Rafting-Montenegro-Tara-1024-150x113.jpeg 150w, https:\/\/all4camper.com\/wp-content\/uploads\/2022\/01\/Rafting-Montenegro-Tara-1024-768x576.jpeg 768w, https:\/\/all4camper.com\/wp-content\/uploads\/2022\/01\/Rafting-Montenegro-Tara-1024-696x522.jpeg 696w\" sizes=\"auto, (max-width: 1024px) 100vw, 1024px\" \/><\/figure>\n\n\n\n<p>Milovn\u00edci divok\u00fdch \u0159ek si tu tak\u00e9 rozhodn\u011b p\u0159ijdou na sv\u00e9. P\u0159es 140 kilometr\u016f dlouh\u00e1 \u0159eka Tara a \u0159ada dal\u0161\u00edch men\u0161\u00edch \u0159ek poskytnou jedine\u010dn\u00fd z\u00e1\u017eitek p\u0159i jejich sj\u00ed\u017ed\u011bj\u00ed. Pod\u00e9l \u0159eky Tary se nach\u00e1z\u00ed spousta men\u0161\u00edch kemp\u016f, kter\u00e9 jsou vhodn\u00e9 sp\u00ed\u0161e na krat\u0161\u00ed pobyty. Najdete tu ale i kempy, kter\u00e9 poskytnou dostate\u010dn\u00fd komfort, maj\u00ed zaji\u0161t\u011bn\u00e9 z\u00e1sobov\u00e1n\u00ed, ale ani tak v\u00e1m nic nebude br\u00e1nit v\u00a0tom si t\u0159eba ugrilovat rybu chycenou p\u0159\u00edmo v\u00a0\u0159ece. Dal\u0161\u00ed informace <a href=\"https:\/\/www.montenegropulse.com\/kayaking-in-montenegro.html\" target=\"_blank\" rel=\"noreferrer noopener nofollow\">tady<\/a> a <a href=\"https:\/\/www.montenegropulse.com\/rafting-in-montenegro.html\" target=\"_blank\" rel=\"noreferrer noopener nofollow\">tady<\/a>. <\/p>\n\n\n\n<p>Mimochodem, v\u011bd\u011bli jste, \u017ee zde m\u016f\u017eete prozkoumat skalnat\u00e9 pob\u0159e\u017e\u00ed z\u00e1livu Uvala Veslo na kajaku, vplout do Modr\u00e9 jeskyn\u011b a  plavat a \u0161norchlovat ve zdej\u0161\u00edch t\u0159pytiv\u00fdch vod\u00e1ch? Tuhle nab\u00eddku si zobraz\u00edte <a href=\"https:\/\/14115.partner.viator.com\/tours\/Kotor\/The-Blue-Cave-Kayak-and-Snorkeling-Adventure\/d23078-22526P1\" target=\"_blank\" rel=\"noreferrer noopener nofollow\">tady<\/a> a rozhodn\u011b nebudete litovat.<\/p>\n\n\n\n<figure class=\"wp-block-image size-full\"><img loading=\"lazy\" decoding=\"async\" width=\"669\" height=\"446\" src=\"https:\/\/all4camper.com\/\/wp-content\/uploads\/2022\/01\/kajak-c\u030cerna\u0301-hora.jpeg\" alt=\"\" class=\"wp-image-138736\" srcset=\"https:\/\/all4camper.com\/wp-content\/uploads\/2022\/01\/kajak-c\u030cerna\u0301-hora.jpeg 669w, https:\/\/all4camper.com\/wp-content\/uploads\/2022\/01\/kajak-c\u030cerna\u0301-hora-300x200.jpeg 300w, https:\/\/all4camper.com\/wp-content\/uploads\/2022\/01\/kajak-c\u030cerna\u0301-hora-150x100.jpeg 150w\" sizes=\"auto, (max-width: 669px) 100vw, 669px\" \/><\/figure>\n\n\n\n<h2 class=\"wp-block-heading\"><strong>Kempov\u00e1n\u00ed, kiteboarding a mo\u0159e<\/strong><\/h2>\n\n\n\n<p>B\u0159ehy \u010cern\u00e9 Hory nab\u00edz\u00ed k\u0159i\u0161\u0165\u00e1lov\u011b \u010distou vodu a nejjemn\u011bj\u0161\u00ed p\u00edsek. Najdete tu 117 pl\u00e1\u017e\u00ed o celkov\u00e9 d\u00e9lce 73 kilometr\u016f, kter\u00e9 poskytnou dostatek prostoru pro va\u0161i pohodovou a ni\u010d\u00edm neru\u0161enou dovolenou, a\u0165 u\u017e se budete opalovat, koupat v\u00a0mo\u0159i nebo rovnou vyzkou\u0161\u00edte t\u0159eba kiteboarding. Nejdel\u0161\u00ed \u010dernohorskou pl\u00e1\u017e\u00ed je ta u m\u011bsta <a href=\"https:\/\/www.montenegropulse.com\/ulcinj.html\" target=\"_blank\" rel=\"noreferrer noopener nofollow\">Ulcinj<\/a> a m\u011b\u0159\u00ed 13 kilometr\u016f. Tady se v\u00a0letn\u00edch m\u011bs\u00edc\u00edch r\u00e1di setk\u00e1vaj\u00ed kitesurfa\u0159i z\u00a0cel\u00e9ho sv\u011bta, aby si u\u017eili sv\u011b\u017e\u00ed mo\u0159sk\u00fd v\u00e1nek.<\/p>\n\n\n\n<p>P\u0159\u00edmo u jadransk\u00e9ho pob\u0159e\u017e\u00ed se nach\u00e1z\u00ed mnoho velmi dob\u0159e hodnocen\u00fdch kemp\u016f, kde je mo\u017en\u00e9 se ubytovat. V\u00a0kempech tu nechyb\u00ed internetov\u00e9 p\u0159ipojen\u00ed, soci\u00e1ln\u00ed za\u0159\u00edzen\u00ed, mo\u017enost dokoupit si z\u00e1soby i pronajmout obytn\u00fd v\u016fz. Jejich p\u0159ehled si zobraz\u00edte v tomto <a href=\"https:\/\/www.montenegro.travel\/files\/multimedija\/56197727.pdf\" target=\"_blank\" rel=\"noreferrer noopener nofollow\">PDF<\/a>.<\/p>\n\n\n\n<h3 class=\"wp-block-heading\"><strong>Jachty a plachetnice<\/strong><\/h3>\n\n\n\n<p>Kotorsk\u00fd z\u00e1liv je nejv\u011bt\u0161\u00ed p\u0159\u00edrodn\u00ed z\u00e1liv na jihu Jadersk\u00e9ho mo\u0159e. Je dlouh\u00fd 28 kilometr\u016f a j<strong>e pr\u00e1vem pova\u017eov\u00e1n za jednu z\u00a0nejkr\u00e1sn\u011bj\u0161\u00edch z\u00e1tok na sv\u011bt\u011b<\/strong>. Obklopuje ho toti\u017e bujn\u00e1 st\u0159edomo\u0159sk\u00e1 vegetace a malebn\u00e9 vesni\u010dky na strm\u00fdch svaz\u00edch okoln\u00edch hor. Okolo z\u00e1livu se <strong>nach\u00e1z\u00ed spousta m\u00edst, kde se d\u00e1 zaparkovat karavan<\/strong>. Jen p\u00e1r kilometr\u016f odtud si pak v\u00a0p\u0159\u00edstavu m\u016f\u017eete pronajmout lod\u011b a vyrazit br\u00e1zdit z\u00e1toku. V\u00edce informac\u00ed <a href=\"https:\/\/www.montenegropulse.com\/bay-of-kotor.html\" target=\"_blank\" rel=\"noreferrer noopener nofollow\">tady<\/a>.<\/p>\n\n\n\n<figure class=\"wp-block-image size-full is-resized\"><img loading=\"lazy\" decoding=\"async\" src=\"https:\/\/all4camper.com\/\/wp-content\/uploads\/2022\/01\/Bay-of-Kotor-Morinj.jpeg\" alt=\"\" class=\"wp-image-138739\" width=\"696\" height=\"304\" srcset=\"https:\/\/all4camper.com\/wp-content\/uploads\/2022\/01\/Bay-of-Kotor-Morinj.jpeg 1024w, https:\/\/all4camper.com\/wp-content\/uploads\/2022\/01\/Bay-of-Kotor-Morinj-300x131.jpeg 300w, https:\/\/all4camper.com\/wp-content\/uploads\/2022\/01\/Bay-of-Kotor-Morinj-150x66.jpeg 150w, https:\/\/all4camper.com\/wp-content\/uploads\/2022\/01\/Bay-of-Kotor-Morinj-768x336.jpeg 768w, https:\/\/all4camper.com\/wp-content\/uploads\/2022\/01\/Bay-of-Kotor-Morinj-696x305.jpeg 696w\" sizes=\"auto, (max-width: 696px) 100vw, 696px\" \/><\/figure>\n\n\n\n<h3 class=\"wp-block-heading\"><strong>P\u0159\u00edroda a horsk\u00e1 kola<\/strong><\/h3>\n\n\n\n<p>P\u0159ibalit kola a vyrazit s\u00a0karavanem do \u010cern\u00e9 Hory je dal\u0161\u00ed zp\u016fsob, jak tento st\u00e1t prozkoumat. <strong>Karavan tu m\u016f\u017eete kdekoliv zaparkovat v\u00a0kempu a pak na kolech vyrazit do okoln\u00edch hor. <\/strong>Pokud d\u00e1v\u00e1te p\u0159ednost pevn\u00e9 st\u0159e\u0161e nad hlavou, nen\u00ed probl\u00e9m ubytovat se v\u00a0kempech v\u00a0bungalovech a chatk\u00e1ch. Obl\u00edben\u00fd je p\u0159edev\u0161\u00edm kraj okolo m\u011bste\u010dka \u0160avnik, kde zele\u0148 a hory poskytuj\u00ed jedine\u010dn\u00fd z\u00e1\u017eitek z\u00a0\u010dernohorsk\u00e9 p\u0159\u00edrody. Cyklist\u00e9 odtud \u010dasto vyr\u00e1\u017eej\u00ed na dlouh\u00e9 t\u00fary do \u017dabljaku nebo Nik\u0161\u0107e. Mnoho kemp\u016f nab\u00edz\u00ed mo\u017enost zap\u016fj\u010den\u00ed horsk\u00fdch kol, tak\u017ee nen\u00ed pot\u0159eba vozit je s\u00a0sebou. Po cyklo t\u00fa\u0159e pak nic neosv\u011b\u017e\u00ed tolik jako chladn\u00e1 horsk\u00e1 jezera.<\/p>\n\n\n\n<figure class=\"wp-block-image size-full\"><img loading=\"lazy\" decoding=\"async\" width=\"1170\" height=\"780\" src=\"https:\/\/all4camper.com\/\/wp-content\/uploads\/2022\/01\/savnik.jpeg\" alt=\"\" class=\"wp-image-138742\" srcset=\"https:\/\/all4camper.com\/wp-content\/uploads\/2022\/01\/savnik.jpeg 1170w, https:\/\/all4camper.com\/wp-content\/uploads\/2022\/01\/savnik-300x200.jpeg 300w, https:\/\/all4camper.com\/wp-content\/uploads\/2022\/01\/savnik-150x100.jpeg 150w, https:\/\/all4camper.com\/wp-content\/uploads\/2022\/01\/savnik-768x512.jpeg 768w, https:\/\/all4camper.com\/wp-content\/uploads\/2022\/01\/savnik-696x464.jpeg 696w, https:\/\/all4camper.com\/wp-content\/uploads\/2022\/01\/savnik-1068x712.jpeg 1068w\" sizes=\"auto, (max-width: 1170px) 100vw, 1170px\" \/><\/figure>\n\n\n\n<figure class=\"wp-block-gallery columns-1 is-cropped wp-block-gallery-1 is-layout-flex wp-block-gallery-is-layout-flex\"><ul class=\"blocks-gallery-grid\"><li class=\"blocks-gallery-item\"><figure><img loading=\"lazy\" decoding=\"async\" width=\"1867\" height=\"1080\" src=\"https:\/\/all4camper.com\/\/wp-content\/uploads\/2022\/01\/St.Stefan_beach-1867x1080.jpg\" alt=\"\" data-id=\"138749\" data-link=\"https:\/\/all4camper.com\/\/?attachment_id=138749\" class=\"wp-image-138749\" srcset=\"https:\/\/all4camper.com\/wp-content\/uploads\/2022\/01\/St.Stefan_beach-1867x1080.jpg 1867w, https:\/\/all4camper.com\/wp-content\/uploads\/2022\/01\/St.Stefan_beach-300x174.jpg 300w, https:\/\/all4camper.com\/wp-content\/uploads\/2022\/01\/St.Stefan_beach-150x87.jpg 150w, https:\/\/all4camper.com\/wp-content\/uploads\/2022\/01\/St.Stefan_beach-768x444.jpg 768w, https:\/\/all4camper.com\/wp-content\/uploads\/2022\/01\/St.Stefan_beach-1536x888.jpg 1536w, https:\/\/all4camper.com\/wp-content\/uploads\/2022\/01\/St.Stefan_beach-2048x1185.jpg 2048w, https:\/\/all4camper.com\/wp-content\/uploads\/2022\/01\/St.Stefan_beach-696x403.jpg 696w, https:\/\/all4camper.com\/wp-content\/uploads\/2022\/01\/St.Stefan_beach-1068x618.jpg 1068w, https:\/\/all4camper.com\/wp-content\/uploads\/2022\/01\/St.Stefan_beach-1920x1111.jpg 1920w\" sizes=\"auto, (max-width: 1867px) 100vw, 1867px\" \/><figcaption class=\"blocks-gallery-item__caption\">St. Stefan<\/figcaption><\/figure><\/li><li class=\"blocks-gallery-item\"><figure><img loading=\"lazy\" decoding=\"async\" width=\"1620\" height=\"1080\" src=\"https:\/\/all4camper.com\/\/wp-content\/uploads\/2022\/01\/St.-Stefan_3-1620x1080.jpg\" alt=\"\" data-id=\"138752\" data-full-url=\"https:\/\/all4camper.com\/\/wp-content\/uploads\/2022\/01\/St.-Stefan_3.jpg\" data-link=\"https:\/\/all4camper.com\/\/?attachment_id=138752\" class=\"wp-image-138752\" srcset=\"https:\/\/all4camper.com\/wp-content\/uploads\/2022\/01\/St.-Stefan_3-1620x1080.jpg 1620w, https:\/\/all4camper.com\/wp-content\/uploads\/2022\/01\/St.-Stefan_3-300x200.jpg 300w, https:\/\/all4camper.com\/wp-content\/uploads\/2022\/01\/St.-Stefan_3-150x100.jpg 150w, https:\/\/all4camper.com\/wp-content\/uploads\/2022\/01\/St.-Stefan_3-768x512.jpg 768w, https:\/\/all4camper.com\/wp-content\/uploads\/2022\/01\/St.-Stefan_3-1536x1024.jpg 1536w, https:\/\/all4camper.com\/wp-content\/uploads\/2022\/01\/St.-Stefan_3-2048x1365.jpg 2048w, https:\/\/all4camper.com\/wp-content\/uploads\/2022\/01\/St.-Stefan_3-696x464.jpg 696w, https:\/\/all4camper.com\/wp-content\/uploads\/2022\/01\/St.-Stefan_3-1068x712.jpg 1068w, https:\/\/all4camper.com\/wp-content\/uploads\/2022\/01\/St.-Stefan_3-1920x1280.jpg 1920w\" sizes=\"auto, (max-width: 1620px) 100vw, 1620px\" \/><figcaption class=\"blocks-gallery-item__caption\">Foto Sergej Zabijako, St. Stefan<\/figcaption><\/figure><\/li><\/ul><\/figure>\n\n\n\n<p>Zdroj: TZ Montenegro<\/p>\n","protected":false},"excerpt":{"rendered":"<p>\u010cern\u00e1 Hora nab\u00edz\u00ed milovn\u00edk\u016fm p\u0159\u00edrody a cestov\u00e1n\u00ed \u0161irokou \u0161k\u00e1lu mo\u017enost\u00ed, jak str\u00e1vit \u010das. Relativn\u011b bl\u00edzko sebe tu cestovatel\u00e9 najdou malebn\u00e9 z\u00e1toky, osam\u011bl\u00e9 pl\u00e1\u017ee a jezera i drsn\u00e9 hory s\u00a0kr\u00e1sn\u00fdmi lesy, divok\u00fdmi sout\u011bskami a impozantn\u00edmi \u0161t\u00edty. Zde je mal\u00fd v\u00fdb\u011br toho, co m\u016f\u017eete v\u00a0\u010cern\u00e9 Ho\u0159e podniknout. N\u00e1rodn\u00ed parky v&nbsp;\u010cern\u00e9 Ho\u0159e N\u00e1rodn\u00ed park Lov\u0107en N\u00e1rodn\u00ed park Lov\u0107en [&hellip;]<\/p>\n","protected":false},"author":4,"featured_media":138730,"comment_status":"closed","ping_status":"open","sticky":false,"template":"","format":"standard","meta":{"_monsterinsights_skip_tracking":false,"_monsterinsights_sitenote_active":false,"_monsterinsights_sitenote_note":"","_monsterinsights_sitenote_category":0,"footnotes":""},"categories":[68,422,2373],"tags":[325],"class_list":{"0":"post-138412","1":"post","2":"type-post","3":"status-publish","4":"format-standard","5":"has-post-thumbnail","7":"category-kempovani-a-zajimave-cile","8":"category-novinky-kempovani-a-karavaning","9":"category-ostatni-zeme","10":"tag-poznavaci-dovolena"},"yoast_head":"<!-- This site is optimized with the Yoast SEO plugin v27.5 - https:\/\/yoast.com\/product\/yoast-seo-wordpress\/ -->\n<title>Tipy na aktivn\u00ed dovolenou nejen karavanem v \u010cern\u00e9 Ho\u0159e, kter\u00e1 je na z\u00e1\u017eitky v\u00edce ne\u017e bohat\u00e1 - All4Camper<\/title>\n<meta name=\"description\" content=\"\u010cern\u00e1 Hora nab\u00edz\u00ed milovn\u00edk\u016fm p\u0159\u00edrody a cestov\u00e1n\u00ed \u0161irokou \u0161k\u00e1lu mo\u017enost\u00ed, jak str\u00e1vit \u010das. Relativn\u011b bl\u00edzko sebe tu cestovatel\u00e9 najdou malebn\u00e9 z\u00e1toky, osam\u011bl\u00e9 pl\u00e1\u017ee a jezera i drsn\u00e9 hory s\u00a0kr\u00e1sn\u00fdmi lesy, divok\u00fdmi sout\u011bskami a impozantn\u00edmi \u0161t\u00edty. Zde je mal\u00fd v\u00fdb\u011br toho, co m\u016f\u017eete v\u00a0\u010cern\u00e9 Ho\u0159e podniknout.\" \/>\n<meta name=\"robots\" content=\"index, follow, max-snippet:-1, max-image-preview:large, max-video-preview:-1\" \/>\n<link rel=\"canonical\" href=\"https:\/\/all4camper.com\/cs\/tipy-na-aktivni-dovolenou-nejen-karavanem-v-cerne-hore-ktera-je-na-zazitky-vice-nez-bohata\/\" \/>\n<meta property=\"og:locale\" content=\"cs_CZ\" \/>\n<meta property=\"og:type\" content=\"article\" \/>\n<meta property=\"og:title\" content=\"Tipy na aktivn\u00ed dovolenou nejen karavanem v \u010cern\u00e9 Ho\u0159e, kter\u00e1 je na z\u00e1\u017eitky v\u00edce ne\u017e bohat\u00e1 - All4Camper\" \/>\n<meta property=\"og:description\" content=\"\u010cern\u00e1 Hora nab\u00edz\u00ed milovn\u00edk\u016fm p\u0159\u00edrody a cestov\u00e1n\u00ed \u0161irokou \u0161k\u00e1lu mo\u017enost\u00ed, jak str\u00e1vit \u010das. Relativn\u011b bl\u00edzko sebe tu cestovatel\u00e9 najdou malebn\u00e9 z\u00e1toky, osam\u011bl\u00e9 pl\u00e1\u017ee a jezera i drsn\u00e9 hory s\u00a0kr\u00e1sn\u00fdmi lesy, divok\u00fdmi sout\u011bskami a impozantn\u00edmi \u0161t\u00edty. Zde je mal\u00fd v\u00fdb\u011br toho, co m\u016f\u017eete v\u00a0\u010cern\u00e9 Ho\u0159e podniknout.\" \/>\n<meta property=\"og:url\" content=\"https:\/\/all4camper.com\/cs\/tipy-na-aktivni-dovolenou-nejen-karavanem-v-cerne-hore-ktera-je-na-zazitky-vice-nez-bohata\/\" \/>\n<meta property=\"og:site_name\" content=\"All4Camper\" \/>\n<meta property=\"article:published_time\" content=\"2022-01-05T08:43:47+00:00\" \/>\n<meta property=\"article:modified_time\" content=\"2022-01-05T08:46:01+00:00\" \/>\n<meta property=\"og:image\" content=\"https:\/\/all4camper.com\/wp-content\/uploads\/2022\/01\/Biogradska-Gora-Montenegro.jpeg\" \/>\n\t<meta property=\"og:image:width\" content=\"730\" \/>\n\t<meta property=\"og:image:height\" content=\"486\" \/>\n\t<meta property=\"og:image:type\" content=\"image\/jpeg\" \/>\n<meta name=\"author\" content=\"Kl\u00e1ra H\u00e1jkov\u00e1\" \/>\n<meta name=\"twitter:card\" content=\"summary_large_image\" \/>\n<meta name=\"twitter:label1\" content=\"Napsal(a)\" \/>\n\t<meta name=\"twitter:data1\" content=\"Kl\u00e1ra H\u00e1jkov\u00e1\" \/>\n\t<meta name=\"twitter:label2\" content=\"Odhadovan\u00e1 doba \u010dten\u00ed\" \/>\n\t<meta name=\"twitter:data2\" content=\"6 minut\" \/>\n<script type=\"application\/ld+json\" class=\"yoast-schema-graph\">{\"@context\":\"https:\\\/\\\/schema.org\",\"@graph\":[{\"@type\":\"Article\",\"@id\":\"https:\\\/\\\/all4camper.com\\\/cs\\\/tipy-na-aktivni-dovolenou-nejen-karavanem-v-cerne-hore-ktera-je-na-zazitky-vice-nez-bohata\\\/#article\",\"isPartOf\":{\"@id\":\"https:\\\/\\\/all4camper.com\\\/cs\\\/tipy-na-aktivni-dovolenou-nejen-karavanem-v-cerne-hore-ktera-je-na-zazitky-vice-nez-bohata\\\/\"},\"author\":{\"name\":\"Kl\u00e1ra H\u00e1jkov\u00e1\",\"@id\":\"https:\\\/\\\/all4camper.com\\\/cs\\\/#\\\/schema\\\/person\\\/c6f1efdf1d02bc7d8c53a891cbe18c62\"},\"headline\":\"Tipy na aktivn\u00ed dovolenou nejen karavanem v \u010cern\u00e9 Ho\u0159e, kter\u00e1 je na z\u00e1\u017eitky v\u00edce ne\u017e bohat\u00e1\",\"datePublished\":\"2022-01-05T08:43:47+00:00\",\"dateModified\":\"2022-01-05T08:46:01+00:00\",\"mainEntityOfPage\":{\"@id\":\"https:\\\/\\\/all4camper.com\\\/cs\\\/tipy-na-aktivni-dovolenou-nejen-karavanem-v-cerne-hore-ktera-je-na-zazitky-vice-nez-bohata\\\/\"},\"wordCount\":967,\"publisher\":{\"@id\":\"https:\\\/\\\/all4camper.com\\\/cs\\\/#organization\"},\"image\":{\"@id\":\"https:\\\/\\\/all4camper.com\\\/cs\\\/tipy-na-aktivni-dovolenou-nejen-karavanem-v-cerne-hore-ktera-je-na-zazitky-vice-nez-bohata\\\/#primaryimage\"},\"thumbnailUrl\":\"https:\\\/\\\/all4camper.com\\\/wp-content\\\/uploads\\\/2022\\\/01\\\/Biogradska-Gora-Montenegro.jpeg\",\"keywords\":[\"Pozn\u00e1vac\u00ed dovolen\u00e1\"],\"articleSection\":[\"Kempy a zaj\u00edmav\u00e1 m\u00edsta\",\"Novinky - Kempov\u00e1n\u00ed a karavaning\",\"Ostatn\u00ed zem\u011b\"],\"inLanguage\":\"cs\"},{\"@type\":\"WebPage\",\"@id\":\"https:\\\/\\\/all4camper.com\\\/cs\\\/tipy-na-aktivni-dovolenou-nejen-karavanem-v-cerne-hore-ktera-je-na-zazitky-vice-nez-bohata\\\/\",\"url\":\"https:\\\/\\\/all4camper.com\\\/cs\\\/tipy-na-aktivni-dovolenou-nejen-karavanem-v-cerne-hore-ktera-je-na-zazitky-vice-nez-bohata\\\/\",\"name\":\"Tipy na aktivn\u00ed dovolenou nejen karavanem v \u010cern\u00e9 Ho\u0159e, kter\u00e1 je na z\u00e1\u017eitky v\u00edce ne\u017e bohat\u00e1 - All4Camper\",\"isPartOf\":{\"@id\":\"https:\\\/\\\/all4camper.com\\\/cs\\\/#website\"},\"primaryImageOfPage\":{\"@id\":\"https:\\\/\\\/all4camper.com\\\/cs\\\/tipy-na-aktivni-dovolenou-nejen-karavanem-v-cerne-hore-ktera-je-na-zazitky-vice-nez-bohata\\\/#primaryimage\"},\"image\":{\"@id\":\"https:\\\/\\\/all4camper.com\\\/cs\\\/tipy-na-aktivni-dovolenou-nejen-karavanem-v-cerne-hore-ktera-je-na-zazitky-vice-nez-bohata\\\/#primaryimage\"},\"thumbnailUrl\":\"https:\\\/\\\/all4camper.com\\\/wp-content\\\/uploads\\\/2022\\\/01\\\/Biogradska-Gora-Montenegro.jpeg\",\"datePublished\":\"2022-01-05T08:43:47+00:00\",\"dateModified\":\"2022-01-05T08:46:01+00:00\",\"description\":\"\u010cern\u00e1 Hora nab\u00edz\u00ed milovn\u00edk\u016fm p\u0159\u00edrody a cestov\u00e1n\u00ed \u0161irokou \u0161k\u00e1lu mo\u017enost\u00ed, jak str\u00e1vit \u010das. Relativn\u011b bl\u00edzko sebe tu cestovatel\u00e9 najdou malebn\u00e9 z\u00e1toky, osam\u011bl\u00e9 pl\u00e1\u017ee a jezera i drsn\u00e9 hory s\u00a0kr\u00e1sn\u00fdmi lesy, divok\u00fdmi sout\u011bskami a impozantn\u00edmi \u0161t\u00edty. Zde je mal\u00fd v\u00fdb\u011br toho, co m\u016f\u017eete v\u00a0\u010cern\u00e9 Ho\u0159e podniknout.\",\"breadcrumb\":{\"@id\":\"https:\\\/\\\/all4camper.com\\\/cs\\\/tipy-na-aktivni-dovolenou-nejen-karavanem-v-cerne-hore-ktera-je-na-zazitky-vice-nez-bohata\\\/#breadcrumb\"},\"inLanguage\":\"cs\",\"potentialAction\":[{\"@type\":\"ReadAction\",\"target\":[\"https:\\\/\\\/all4camper.com\\\/cs\\\/tipy-na-aktivni-dovolenou-nejen-karavanem-v-cerne-hore-ktera-je-na-zazitky-vice-nez-bohata\\\/\"]}]},{\"@type\":\"ImageObject\",\"inLanguage\":\"cs\",\"@id\":\"https:\\\/\\\/all4camper.com\\\/cs\\\/tipy-na-aktivni-dovolenou-nejen-karavanem-v-cerne-hore-ktera-je-na-zazitky-vice-nez-bohata\\\/#primaryimage\",\"url\":\"https:\\\/\\\/all4camper.com\\\/wp-content\\\/uploads\\\/2022\\\/01\\\/Biogradska-Gora-Montenegro.jpeg\",\"contentUrl\":\"https:\\\/\\\/all4camper.com\\\/wp-content\\\/uploads\\\/2022\\\/01\\\/Biogradska-Gora-Montenegro.jpeg\",\"width\":730,\"height\":486},{\"@type\":\"BreadcrumbList\",\"@id\":\"https:\\\/\\\/all4camper.com\\\/cs\\\/tipy-na-aktivni-dovolenou-nejen-karavanem-v-cerne-hore-ktera-je-na-zazitky-vice-nez-bohata\\\/#breadcrumb\",\"itemListElement\":[{\"@type\":\"ListItem\",\"position\":1,\"name\":\"Dom\u016f\",\"item\":\"https:\\\/\\\/all4camper.com\\\/cs\\\/\"},{\"@type\":\"ListItem\",\"position\":2,\"name\":\"Novinky - Kempov\u00e1n\u00ed a karavaning\",\"item\":\"https:\\\/\\\/all4camper.com\\\/cs\\\/category\\\/novinky-kempovani-a-karavaning\\\/\"},{\"@type\":\"ListItem\",\"position\":3,\"name\":\"Tipy na aktivn\u00ed dovolenou nejen karavanem v \u010cern\u00e9 Ho\u0159e, kter\u00e1 je na z\u00e1\u017eitky v\u00edce ne\u017e bohat\u00e1\"}]},{\"@type\":\"WebSite\",\"@id\":\"https:\\\/\\\/all4camper.com\\\/cs\\\/#website\",\"url\":\"https:\\\/\\\/all4camper.com\\\/cs\\\/\",\"name\":\"All4Camper\",\"description\":\"Nejv\u011bt\u0161\u00ed online magaz\u00edn o kempov\u00e1n\u00ed a karavaninku. V\u00edce jak 900 \u010dl\u00e1nk\u016f pln\u00fdch rad a tip\u016f o kempech a kempov\u00e1n\u00ed.\",\"publisher\":{\"@id\":\"https:\\\/\\\/all4camper.com\\\/cs\\\/#organization\"},\"potentialAction\":[{\"@type\":\"SearchAction\",\"target\":{\"@type\":\"EntryPoint\",\"urlTemplate\":\"https:\\\/\\\/all4camper.com\\\/cs\\\/?s={search_term_string}\"},\"query-input\":{\"@type\":\"PropertyValueSpecification\",\"valueRequired\":true,\"valueName\":\"search_term_string\"}}],\"inLanguage\":\"cs\"},{\"@type\":\"Organization\",\"@id\":\"https:\\\/\\\/all4camper.com\\\/cs\\\/#organization\",\"name\":\"All4Camper - kempujeme s Kl\u00e1rou\",\"url\":\"https:\\\/\\\/all4camper.com\\\/cs\\\/\",\"logo\":{\"@type\":\"ImageObject\",\"inLanguage\":\"cs\",\"@id\":\"https:\\\/\\\/all4camper.com\\\/cs\\\/#\\\/schema\\\/logo\\\/image\\\/\",\"url\":\"https:\\\/\\\/all4camper.com\\\/wp-content\\\/uploads\\\/2018\\\/09\\\/novelogo.png\",\"contentUrl\":\"https:\\\/\\\/all4camper.com\\\/wp-content\\\/uploads\\\/2018\\\/09\\\/novelogo.png\",\"width\":1520,\"height\":600,\"caption\":\"All4Camper - kempujeme s Kl\u00e1rou\"},\"image\":{\"@id\":\"https:\\\/\\\/all4camper.com\\\/cs\\\/#\\\/schema\\\/logo\\\/image\\\/\"}},{\"@type\":\"Person\",\"@id\":\"https:\\\/\\\/all4camper.com\\\/cs\\\/#\\\/schema\\\/person\\\/c6f1efdf1d02bc7d8c53a891cbe18c62\",\"name\":\"Kl\u00e1ra H\u00e1jkov\u00e1\",\"sameAs\":[\"http:\\\/\\\/www.all4camper.com\"],\"url\":\"https:\\\/\\\/all4camper.com\\\/cs\\\/author\\\/klarinkacestuje1\\\/\"}]}<\/script>\n<!-- \/ Yoast SEO plugin. -->","yoast_head_json":{"title":"Tipy na aktivn\u00ed dovolenou nejen karavanem v \u010cern\u00e9 Ho\u0159e, kter\u00e1 je na z\u00e1\u017eitky v\u00edce ne\u017e bohat\u00e1 - All4Camper","description":"\u010cern\u00e1 Hora nab\u00edz\u00ed milovn\u00edk\u016fm p\u0159\u00edrody a cestov\u00e1n\u00ed \u0161irokou \u0161k\u00e1lu mo\u017enost\u00ed, jak str\u00e1vit \u010das. Relativn\u011b bl\u00edzko sebe tu cestovatel\u00e9 najdou malebn\u00e9 z\u00e1toky, osam\u011bl\u00e9 pl\u00e1\u017ee a jezera i drsn\u00e9 hory s\u00a0kr\u00e1sn\u00fdmi lesy, divok\u00fdmi sout\u011bskami a impozantn\u00edmi \u0161t\u00edty. Zde je mal\u00fd v\u00fdb\u011br toho, co m\u016f\u017eete v\u00a0\u010cern\u00e9 Ho\u0159e podniknout.","robots":{"index":"index","follow":"follow","max-snippet":"max-snippet:-1","max-image-preview":"max-image-preview:large","max-video-preview":"max-video-preview:-1"},"canonical":"https:\/\/all4camper.com\/cs\/tipy-na-aktivni-dovolenou-nejen-karavanem-v-cerne-hore-ktera-je-na-zazitky-vice-nez-bohata\/","og_locale":"cs_CZ","og_type":"article","og_title":"Tipy na aktivn\u00ed dovolenou nejen karavanem v \u010cern\u00e9 Ho\u0159e, kter\u00e1 je na z\u00e1\u017eitky v\u00edce ne\u017e bohat\u00e1 - All4Camper","og_description":"\u010cern\u00e1 Hora nab\u00edz\u00ed milovn\u00edk\u016fm p\u0159\u00edrody a cestov\u00e1n\u00ed \u0161irokou \u0161k\u00e1lu mo\u017enost\u00ed, jak str\u00e1vit \u010das. Relativn\u011b bl\u00edzko sebe tu cestovatel\u00e9 najdou malebn\u00e9 z\u00e1toky, osam\u011bl\u00e9 pl\u00e1\u017ee a jezera i drsn\u00e9 hory s\u00a0kr\u00e1sn\u00fdmi lesy, divok\u00fdmi sout\u011bskami a impozantn\u00edmi \u0161t\u00edty. Zde je mal\u00fd v\u00fdb\u011br toho, co m\u016f\u017eete v\u00a0\u010cern\u00e9 Ho\u0159e podniknout.","og_url":"https:\/\/all4camper.com\/cs\/tipy-na-aktivni-dovolenou-nejen-karavanem-v-cerne-hore-ktera-je-na-zazitky-vice-nez-bohata\/","og_site_name":"All4Camper","article_published_time":"2022-01-05T08:43:47+00:00","article_modified_time":"2022-01-05T08:46:01+00:00","og_image":[{"width":730,"height":486,"url":"https:\/\/all4camper.com\/wp-content\/uploads\/2022\/01\/Biogradska-Gora-Montenegro.jpeg","type":"image\/jpeg"}],"author":"Kl\u00e1ra H\u00e1jkov\u00e1","twitter_card":"summary_large_image","twitter_misc":{"Napsal(a)":"Kl\u00e1ra H\u00e1jkov\u00e1","Odhadovan\u00e1 doba \u010dten\u00ed":"6 minut"},"schema":{"@context":"https:\/\/schema.org","@graph":[{"@type":"Article","@id":"https:\/\/all4camper.com\/cs\/tipy-na-aktivni-dovolenou-nejen-karavanem-v-cerne-hore-ktera-je-na-zazitky-vice-nez-bohata\/#article","isPartOf":{"@id":"https:\/\/all4camper.com\/cs\/tipy-na-aktivni-dovolenou-nejen-karavanem-v-cerne-hore-ktera-je-na-zazitky-vice-nez-bohata\/"},"author":{"name":"Kl\u00e1ra H\u00e1jkov\u00e1","@id":"https:\/\/all4camper.com\/cs\/#\/schema\/person\/c6f1efdf1d02bc7d8c53a891cbe18c62"},"headline":"Tipy na aktivn\u00ed dovolenou nejen karavanem v \u010cern\u00e9 Ho\u0159e, kter\u00e1 je na z\u00e1\u017eitky v\u00edce ne\u017e bohat\u00e1","datePublished":"2022-01-05T08:43:47+00:00","dateModified":"2022-01-05T08:46:01+00:00","mainEntityOfPage":{"@id":"https:\/\/all4camper.com\/cs\/tipy-na-aktivni-dovolenou-nejen-karavanem-v-cerne-hore-ktera-je-na-zazitky-vice-nez-bohata\/"},"wordCount":967,"publisher":{"@id":"https:\/\/all4camper.com\/cs\/#organization"},"image":{"@id":"https:\/\/all4camper.com\/cs\/tipy-na-aktivni-dovolenou-nejen-karavanem-v-cerne-hore-ktera-je-na-zazitky-vice-nez-bohata\/#primaryimage"},"thumbnailUrl":"https:\/\/all4camper.com\/wp-content\/uploads\/2022\/01\/Biogradska-Gora-Montenegro.jpeg","keywords":["Pozn\u00e1vac\u00ed dovolen\u00e1"],"articleSection":["Kempy a zaj\u00edmav\u00e1 m\u00edsta","Novinky - Kempov\u00e1n\u00ed a karavaning","Ostatn\u00ed zem\u011b"],"inLanguage":"cs"},{"@type":"WebPage","@id":"https:\/\/all4camper.com\/cs\/tipy-na-aktivni-dovolenou-nejen-karavanem-v-cerne-hore-ktera-je-na-zazitky-vice-nez-bohata\/","url":"https:\/\/all4camper.com\/cs\/tipy-na-aktivni-dovolenou-nejen-karavanem-v-cerne-hore-ktera-je-na-zazitky-vice-nez-bohata\/","name":"Tipy na aktivn\u00ed dovolenou nejen karavanem v \u010cern\u00e9 Ho\u0159e, kter\u00e1 je na z\u00e1\u017eitky v\u00edce ne\u017e bohat\u00e1 - All4Camper","isPartOf":{"@id":"https:\/\/all4camper.com\/cs\/#website"},"primaryImageOfPage":{"@id":"https:\/\/all4camper.com\/cs\/tipy-na-aktivni-dovolenou-nejen-karavanem-v-cerne-hore-ktera-je-na-zazitky-vice-nez-bohata\/#primaryimage"},"image":{"@id":"https:\/\/all4camper.com\/cs\/tipy-na-aktivni-dovolenou-nejen-karavanem-v-cerne-hore-ktera-je-na-zazitky-vice-nez-bohata\/#primaryimage"},"thumbnailUrl":"https:\/\/all4camper.com\/wp-content\/uploads\/2022\/01\/Biogradska-Gora-Montenegro.jpeg","datePublished":"2022-01-05T08:43:47+00:00","dateModified":"2022-01-05T08:46:01+00:00","description":"\u010cern\u00e1 Hora nab\u00edz\u00ed milovn\u00edk\u016fm p\u0159\u00edrody a cestov\u00e1n\u00ed \u0161irokou \u0161k\u00e1lu mo\u017enost\u00ed, jak str\u00e1vit \u010das. Relativn\u011b bl\u00edzko sebe tu cestovatel\u00e9 najdou malebn\u00e9 z\u00e1toky, osam\u011bl\u00e9 pl\u00e1\u017ee a jezera i drsn\u00e9 hory s\u00a0kr\u00e1sn\u00fdmi lesy, divok\u00fdmi sout\u011bskami a impozantn\u00edmi \u0161t\u00edty. Zde je mal\u00fd v\u00fdb\u011br toho, co m\u016f\u017eete v\u00a0\u010cern\u00e9 Ho\u0159e podniknout.","breadcrumb":{"@id":"https:\/\/all4camper.com\/cs\/tipy-na-aktivni-dovolenou-nejen-karavanem-v-cerne-hore-ktera-je-na-zazitky-vice-nez-bohata\/#breadcrumb"},"inLanguage":"cs","potentialAction":[{"@type":"ReadAction","target":["https:\/\/all4camper.com\/cs\/tipy-na-aktivni-dovolenou-nejen-karavanem-v-cerne-hore-ktera-je-na-zazitky-vice-nez-bohata\/"]}]},{"@type":"ImageObject","inLanguage":"cs","@id":"https:\/\/all4camper.com\/cs\/tipy-na-aktivni-dovolenou-nejen-karavanem-v-cerne-hore-ktera-je-na-zazitky-vice-nez-bohata\/#primaryimage","url":"https:\/\/all4camper.com\/wp-content\/uploads\/2022\/01\/Biogradska-Gora-Montenegro.jpeg","contentUrl":"https:\/\/all4camper.com\/wp-content\/uploads\/2022\/01\/Biogradska-Gora-Montenegro.jpeg","width":730,"height":486},{"@type":"BreadcrumbList","@id":"https:\/\/all4camper.com\/cs\/tipy-na-aktivni-dovolenou-nejen-karavanem-v-cerne-hore-ktera-je-na-zazitky-vice-nez-bohata\/#breadcrumb","itemListElement":[{"@type":"ListItem","position":1,"name":"Dom\u016f","item":"https:\/\/all4camper.com\/cs\/"},{"@type":"ListItem","position":2,"name":"Novinky - Kempov\u00e1n\u00ed a karavaning","item":"https:\/\/all4camper.com\/cs\/category\/novinky-kempovani-a-karavaning\/"},{"@type":"ListItem","position":3,"name":"Tipy na aktivn\u00ed dovolenou nejen karavanem v \u010cern\u00e9 Ho\u0159e, kter\u00e1 je na z\u00e1\u017eitky v\u00edce ne\u017e bohat\u00e1"}]},{"@type":"WebSite","@id":"https:\/\/all4camper.com\/cs\/#website","url":"https:\/\/all4camper.com\/cs\/","name":"All4Camper","description":"Nejv\u011bt\u0161\u00ed online magaz\u00edn o kempov\u00e1n\u00ed a karavaninku. V\u00edce jak 900 \u010dl\u00e1nk\u016f pln\u00fdch rad a tip\u016f o kempech a kempov\u00e1n\u00ed.","publisher":{"@id":"https:\/\/all4camper.com\/cs\/#organization"},"potentialAction":[{"@type":"SearchAction","target":{"@type":"EntryPoint","urlTemplate":"https:\/\/all4camper.com\/cs\/?s={search_term_string}"},"query-input":{"@type":"PropertyValueSpecification","valueRequired":true,"valueName":"search_term_string"}}],"inLanguage":"cs"},{"@type":"Organization","@id":"https:\/\/all4camper.com\/cs\/#organization","name":"All4Camper - kempujeme s Kl\u00e1rou","url":"https:\/\/all4camper.com\/cs\/","logo":{"@type":"ImageObject","inLanguage":"cs","@id":"https:\/\/all4camper.com\/cs\/#\/schema\/logo\/image\/","url":"https:\/\/all4camper.com\/wp-content\/uploads\/2018\/09\/novelogo.png","contentUrl":"https:\/\/all4camper.com\/wp-content\/uploads\/2018\/09\/novelogo.png","width":1520,"height":600,"caption":"All4Camper - kempujeme s Kl\u00e1rou"},"image":{"@id":"https:\/\/all4camper.com\/cs\/#\/schema\/logo\/image\/"}},{"@type":"Person","@id":"https:\/\/all4camper.com\/cs\/#\/schema\/person\/c6f1efdf1d02bc7d8c53a891cbe18c62","name":"Kl\u00e1ra H\u00e1jkov\u00e1","sameAs":["http:\/\/www.all4camper.com"],"url":"https:\/\/all4camper.com\/cs\/author\/klarinkacestuje1\/"}]}},"_links":{"self":[{"href":"https:\/\/all4camper.com\/cs\/wp-json\/wp\/v2\/posts\/138412","targetHints":{"allow":["GET"]}}],"collection":[{"href":"https:\/\/all4camper.com\/cs\/wp-json\/wp\/v2\/posts"}],"about":[{"href":"https:\/\/all4camper.com\/cs\/wp-json\/wp\/v2\/types\/post"}],"author":[{"embeddable":true,"href":"https:\/\/all4camper.com\/cs\/wp-json\/wp\/v2\/users\/4"}],"replies":[{"embeddable":true,"href":"https:\/\/all4camper.com\/cs\/wp-json\/wp\/v2\/comments?post=138412"}],"version-history":[{"count":0,"href":"https:\/\/all4camper.com\/cs\/wp-json\/wp\/v2\/posts\/138412\/revisions"}],"wp:featuredmedia":[{"embeddable":true,"href":"https:\/\/all4camper.com\/cs\/wp-json\/wp\/v2\/media\/138730"}],"wp:attachment":[{"href":"https:\/\/all4camper.com\/cs\/wp-json\/wp\/v2\/media?parent=138412"}],"wp:term":[{"taxonomy":"category","embeddable":true,"href":"https:\/\/all4camper.com\/cs\/wp-json\/wp\/v2\/categories?post=138412"},{"taxonomy":"post_tag","embeddable":true,"href":"https:\/\/all4camper.com\/cs\/wp-json\/wp\/v2\/tags?post=138412"}],"curies":[{"name":"wp","href":"https:\/\/api.w.org\/{rel}","templated":true}]}}