{"id":138381,"date":"2022-11-09T10:23:41","date_gmt":"2022-11-09T09:23:41","guid":{"rendered":"https:\/\/all4camper.com\/\/?p=138381"},"modified":"2023-01-18T15:57:27","modified_gmt":"2023-01-18T14:57:27","slug":"nejlepsi-evropske-kempy-pro-zimni-dovolenou-spojenou-s-lyzovanim","status":"publish","type":"post","link":"https:\/\/all4camper.com\/cs\/nejlepsi-evropske-kempy-pro-zimni-dovolenou-spojenou-s-lyzovanim\/","title":{"rendered":"Nejlep\u0161\u00ed evropsk\u00e9 kempy pro zimn\u00ed dovolenou spojenou s ly\u017eov\u00e1n\u00edm"},"content":{"rendered":"\n<p><strong>Spousta obytn\u00fdch voz\u016f nab\u00edz\u00ed pohodln\u00e9 cestov\u00e1n\u00ed i v\u00a0zimn\u00edch obdob\u00edch. Stejn\u011b tak jsou kempy p\u0159ipraveny na n\u00e1v\u0161t\u011bvn\u00edky, kte\u0159\u00ed p\u0159ij\u00ed\u017ed\u011bj\u00ed s\u00a0karavanem a ly\u017eemi, aby si u\u017eili horsk\u00e9 svahy se sn\u011bhem. V\u00a0mnoh\u00fdch kempech tak nechyb\u00ed su\u0161\u00e1rny pro zimn\u00ed vybaven\u00ed, vyt\u00e1p\u011bn\u00e9 koupelny, sauny a parn\u00ed l\u00e1zn\u011b. Mezi \u0161pi\u010dkov\u00e9 ly\u017ea\u0159sk\u00e9 oblasti pat\u0159\u00ed beze sporu Dolomiti Superski v\u00a0It\u00e1lii a Zillertal Arena v\u00a0Rakousku. Nezapomenutelnou dovolenou na svahu si ale u\u017eijete i v\u00a0Ando\u0159e, \u0160pan\u011blsku, Francii, N\u011bmecku, Polsku a na Slovinsku.<\/strong> <strong>No a jak\u00e9 kempy jsou ty nej? Port\u00e1l Jetcamp pro v\u00e1s p\u0159ipravil v\u00fdb\u011br t\u011bch nejlep\u0161\u00edch a j\u00e1 v\u00e1m jej sem dnes p\u0159id\u00e1v\u00e1m.<\/strong><\/p>\n\n\n\n<h2 class=\"wp-block-heading\" id=\"Nemecko\"><strong>N\u011bmecko<\/strong><\/h2>\n\n\n\n<p>Luxusn\u00ed, p\u011btihv\u011bzdi\u010dkov\u00fd <strong>kemp <a href=\"https:\/\/www.perfect-camping.de\/5-sterne-camping-resort-zugspitze-garmisch-partenkirchen-bayern\/\" target=\"_blank\" rel=\"noreferrer noopener nofollow\">Resort Zugspitze<\/a><\/strong> le\u017e\u00ed uprost\u0159ed <strong>Zugspitzlandu<\/strong> (<a href=\"https:\/\/goo.gl\/maps\/844pLf9xvTYTLCCx9\" target=\"_blank\" rel=\"noreferrer noopener nofollow\">mapa<\/a>). Ubytovat se tu m\u016f\u017eete v&nbsp;karavanech nebo \u00fatuln\u00fdch horsk\u00fdch chatk\u00e1ch. N\u011bkter\u00e1 parkovac\u00ed m\u00edsta maj\u00ed dokonce vlastn\u00ed soci\u00e1ln\u00ed za\u0159\u00edzen\u00ed pro va\u0161e maxim\u00e1ln\u00ed pohodl\u00ed a soukrom\u00ed. Pokud chcete cestovat s&nbsp;pejskem, nemus\u00edte se b\u00e1t, jsou tu v\u00edtan\u00ed. Odv\u00e1\u017en\u00ed a zku\u0161en\u00ed ly\u017ea\u0159i ocen\u00ed \u010dernou sjezdovku Kandahar. Oblast je tak\u00e9 zn\u00e1m\u00e1 t\u00edm, \u017ee se zde po\u0159\u00e1d\u00e1 Sv\u011btov\u00fd poh\u00e1r v&nbsp;alpsk\u00e9m ly\u017eov\u00e1n\u00ed.<\/p>\n\n\n\n<figure class=\"wp-block-image size-full\"><img loading=\"lazy\" decoding=\"async\" width=\"1000\" height=\"666\" src=\"https:\/\/all4camper.com\/\/wp-content\/uploads\/2021\/12\/camping-resort-zugspitze-pitch-139412.jpeg\" alt=\"\" class=\"wp-image-138382\" srcset=\"https:\/\/all4camper.com\/wp-content\/uploads\/2021\/12\/camping-resort-zugspitze-pitch-139412.jpeg 1000w, https:\/\/all4camper.com\/wp-content\/uploads\/2021\/12\/camping-resort-zugspitze-pitch-139412-300x200.jpeg 300w, https:\/\/all4camper.com\/wp-content\/uploads\/2021\/12\/camping-resort-zugspitze-pitch-139412-150x100.jpeg 150w, https:\/\/all4camper.com\/wp-content\/uploads\/2021\/12\/camping-resort-zugspitze-pitch-139412-768x511.jpeg 768w, https:\/\/all4camper.com\/wp-content\/uploads\/2021\/12\/camping-resort-zugspitze-pitch-139412-696x464.jpeg 696w\" sizes=\"auto, (max-width: 1000px) 100vw, 1000px\" \/><\/figure>\n\n\n\n<p><strong><a href=\"https:\/\/www.landal.de\/parks\/winterberg\" target=\"_blank\" rel=\"noreferrer noopener\">Landal Greenparks Holiday Park<\/a><\/strong> sice nen\u00ed kemp, kde byste mohli zaparkovat karavan, ale za to jsou tu skv\u011bl\u00e9 chatky, ve kter\u00fdch m\u016f\u017eete str\u00e1vit velmi p\u0159\u00edjemnou zimn\u00ed dovolenou. Nechyb\u00ed tu kryt\u00fd baz\u00e9n a motok\u00e1rov\u00e9 h\u0159i\u0161t\u011b, sauny \u010di sol\u00e1ria, kde si u\u017eijete z\u00e1bavu, kdy\u017e zrovna nebudete na svahu. <\/p>\n\n\n\n<p>Hned u vchodu do parku najdete lanovku, kter\u00e1 v\u00e1s vyveze do <strong>ly\u017ea\u0159sk\u00e9ho are\u00e1lu <a href=\"https:\/\/www.trecime.com\/it\/comprensorio-sciistico-tre-cime.html\" target=\"_blank\" rel=\"noreferrer noopener\">Skiliftkarussell Winterberg<\/a><\/strong>. \u010cek\u00e1 tu na v\u00e1s 28 kilometr\u016f sjezdovek a 29 vlek\u016f. Pokud p\u0159ece jen chcete do t\u00e9to oblasti vyrazit karavanem, zkuste <strong><a href=\"https:\/\/www.campingplatz-winterberg.de\/de\/\" target=\"_blank\" rel=\"noreferrer noopener\">Campingplatz Winterberg<\/a><\/strong> (<a href=\"https:\/\/goo.gl\/maps\/i2dzBpQnFMYcXNE6A\" target=\"_blank\" rel=\"noreferrer noopener nofollow\">mapa<\/a>) a <strong><a href=\"https:\/\/www.camping-hochsauerland.de\/\" target=\"_blank\" rel=\"noreferrer noopener\">Campingpark Hochsauerland<\/a><\/strong> (<a href=\"https:\/\/goo.gl\/maps\/9KSnZMGbN8LEW58q6\" target=\"_blank\" rel=\"noreferrer noopener nofollow\">mapa<\/a>).<\/p>\n\n\n\n<figure class=\"wp-block-image size-full is-resized\"><img loading=\"lazy\" decoding=\"async\" src=\"https:\/\/all4camper.com\/\/wp-content\/uploads\/2021\/12\/Campingplatz-Winterberg.jpeg\" alt=\"\" class=\"wp-image-138385\" width=\"695\" height=\"521\" srcset=\"https:\/\/all4camper.com\/wp-content\/uploads\/2021\/12\/Campingplatz-Winterberg.jpeg 960w, https:\/\/all4camper.com\/wp-content\/uploads\/2021\/12\/Campingplatz-Winterberg-300x225.jpeg 300w, https:\/\/all4camper.com\/wp-content\/uploads\/2021\/12\/Campingplatz-Winterberg-150x113.jpeg 150w, https:\/\/all4camper.com\/wp-content\/uploads\/2021\/12\/Campingplatz-Winterberg-768x576.jpeg 768w, https:\/\/all4camper.com\/wp-content\/uploads\/2021\/12\/Campingplatz-Winterberg-696x522.jpeg 696w\" sizes=\"auto, (max-width: 695px) 100vw, 695px\" \/><figcaption class=\"wp-element-caption\">Campingplatz Winterberg<\/figcaption><\/figure>\n\n\n\n<h2 class=\"wp-block-heading\" id=\"Rakousko\"><strong>Rakousko<\/strong><\/h2>\n\n\n\n<p>Skv\u011bl\u00fdm v\u00fdchoz\u00edm bodem pro dovolenou v&nbsp;Tyrolsku je <strong>kemp <a href=\"https:\/\/www.camping-zillertal.at\/de\/camping-zillertal-aufenfeld\" target=\"_blank\" rel=\"noreferrer noopener nofollow\">Aufenfeld<\/a><\/strong> (<a href=\"https:\/\/goo.gl\/maps\/BrBJyYL3TuEhmkks5\" target=\"_blank\" rel=\"noreferrer noopener nofollow\">mapa<\/a>). <strong>Ly\u017ea\u0159sk\u00e1 st\u0159ediska S<a href=\"https:\/\/www.hochzillertal.com\/de\/\" target=\"_blank\" rel=\"noreferrer noopener nofollow\">ki-Optimal Hochf\u00fcgen<\/a>\/Hochzillertal a Zillertal Arena <\/strong>se nach\u00e1zej\u00ed pouh\u00e9 t\u0159i kilometry od kempu a nab\u00edz\u00ed ty nejmodern\u011bj\u0161\u00ed ly\u017ea\u0159sk\u00e9 vleky, skv\u011bl\u00e9 sn\u011bhov\u00e9 podm\u00ednky i bezplatn\u00fd skibus. N\u011bkter\u00e1 parkovac\u00ed m\u00edsta v&nbsp;kempu maj\u00ed dokonce vlastn\u00ed soci\u00e1ln\u00ed za\u0159\u00edzen\u00ed. Odpo\u010dinek po dlouh\u00e9m dni na svahu si m\u016f\u017eete dop\u0159\u00e1t v&nbsp;m\u00edstn\u00edm baz\u00e9nu nebo saun\u011b.<\/p>\n\n\n\n<figure class=\"wp-block-image size-large\"><img loading=\"lazy\" decoding=\"async\" width=\"1728\" height=\"1080\" src=\"https:\/\/all4camper.com\/\/wp-content\/uploads\/2021\/12\/Winterpanorama-Aufenfeld-1728x1080.jpeg\" alt=\"\" class=\"wp-image-138389\" srcset=\"https:\/\/all4camper.com\/wp-content\/uploads\/2021\/12\/Winterpanorama-Aufenfeld-1728x1080.jpeg 1728w, https:\/\/all4camper.com\/wp-content\/uploads\/2021\/12\/Winterpanorama-Aufenfeld-300x188.jpeg 300w, https:\/\/all4camper.com\/wp-content\/uploads\/2021\/12\/Winterpanorama-Aufenfeld-150x94.jpeg 150w, https:\/\/all4camper.com\/wp-content\/uploads\/2021\/12\/Winterpanorama-Aufenfeld-768x480.jpeg 768w, https:\/\/all4camper.com\/wp-content\/uploads\/2021\/12\/Winterpanorama-Aufenfeld-1536x960.jpeg 1536w, https:\/\/all4camper.com\/wp-content\/uploads\/2021\/12\/Winterpanorama-Aufenfeld-2048x1280.jpeg 2048w, https:\/\/all4camper.com\/wp-content\/uploads\/2021\/12\/Winterpanorama-Aufenfeld-696x435.jpeg 696w, https:\/\/all4camper.com\/wp-content\/uploads\/2021\/12\/Winterpanorama-Aufenfeld-1068x668.jpeg 1068w, https:\/\/all4camper.com\/wp-content\/uploads\/2021\/12\/Winterpanorama-Aufenfeld-1920x1200.jpeg 1920w\" sizes=\"auto, (max-width: 1728px) 100vw, 1728px\" \/><\/figure>\n\n\n\n<p>Na hranic\u00edch Tyrolska a Salcburska najedete mnou velmi obl\u00edben\u00fd <strong>kemp <a href=\"https:\/\/www.grubhof.com\/de\/\" target=\"_blank\" rel=\"noreferrer noopener\">Grubhof in Lofer<\/a><\/strong> (<a href=\"https:\/\/goo.gl\/maps\/vPiRMA9jJ1Tu11A46\" target=\"_blank\" rel=\"noreferrer noopener nofollow\">mapa<\/a>), ve kter\u00e9m si u\u017eijete pobyt v&nbsp;Alp\u00e1ch pobl\u00ed\u017e \u0159eky. M\u011bste\u010dko Lofer m\u00e1 vlastn\u00ed <strong>ly\u017ea\u0159sk\u00fd are\u00e1l <a href=\"https:\/\/www.skialm-lofer.com\/de\/\" target=\"_blank\" rel=\"noreferrer noopener\">Almenwelt Lofer<\/a><\/strong>, kter\u00fd je sou\u010d\u00e1st\u00ed p\u0159\u00edrodn\u00ed rezervace. Psala jsem o n\u011bm v \u010dl\u00e1nku <a href=\"https:\/\/all4camper.com\/\/cs\/grubhof-krasny-kemp-nedaleko-salzburgu\/\" target=\"_blank\" rel=\"noreferrer noopener\">Grubhof \u2013 kr\u00e1sn\u00fd celoro\u010dn\u00ed kemp nedaleko Salzburgu<\/a>.<\/p>\n\n\n\n<p>V&nbsp;ly\u017ea\u0159sk\u00e9m are\u00e1lu tu na v\u00e1s \u010dek\u00e1 deset vlek\u016f v\u010detn\u011b dvou osmi seda\u010dkov\u00fdch, kter\u00e9 jsou bezpe\u010dn\u00e9 pro d\u011bti. V&nbsp;kempu si m\u016f\u017eete pronajmout d\u0159ev\u011bnou nebo modern\u00ed chatku \u010di parkovac\u00ed m\u00edsto pro karavan. Ani tady nechyb\u00ed wellness, sauna a parn\u00ed l\u00e1zn\u011b.<\/p>\n\n\n\n<figure class=\"wp-block-image size-full is-resized\"><img loading=\"lazy\" decoding=\"async\" src=\"https:\/\/all4camper.com\/\/wp-content\/uploads\/2021\/12\/csm_grubhof-in-lofer-wintercamping-alps_c9e704a094.adaptive.jpg\" alt=\"\" class=\"wp-image-138392\" width=\"696\" height=\"427\" srcset=\"https:\/\/all4camper.com\/wp-content\/uploads\/2021\/12\/csm_grubhof-in-lofer-wintercamping-alps_c9e704a094.adaptive.jpg 1594w, https:\/\/all4camper.com\/wp-content\/uploads\/2021\/12\/csm_grubhof-in-lofer-wintercamping-alps_c9e704a094.adaptive-300x184.jpg 300w, https:\/\/all4camper.com\/wp-content\/uploads\/2021\/12\/csm_grubhof-in-lofer-wintercamping-alps_c9e704a094.adaptive-150x92.jpg 150w, https:\/\/all4camper.com\/wp-content\/uploads\/2021\/12\/csm_grubhof-in-lofer-wintercamping-alps_c9e704a094.adaptive-768x471.jpg 768w, https:\/\/all4camper.com\/wp-content\/uploads\/2021\/12\/csm_grubhof-in-lofer-wintercamping-alps_c9e704a094.adaptive-1536x942.jpg 1536w, https:\/\/all4camper.com\/wp-content\/uploads\/2021\/12\/csm_grubhof-in-lofer-wintercamping-alps_c9e704a094.adaptive-696x427.jpg 696w, https:\/\/all4camper.com\/wp-content\/uploads\/2021\/12\/csm_grubhof-in-lofer-wintercamping-alps_c9e704a094.adaptive-1068x655.jpg 1068w\" sizes=\"auto, (max-width: 696px) 100vw, 696px\" \/><\/figure>\n\n\n\n<p>Dal\u0161\u00edm zaj\u00edmav\u00fdm m\u00edstem pro ly\u017eov\u00e1n\u00ed je oblast Korutan. Zde je nejv\u011bt\u0161\u00ed a nejmodern\u011bj\u0161\u00ed ly\u017ea\u0159skou oblast\u00ed bezpochyby <strong><a href=\"https:\/\/www.nassfeld.at\/en\/\" target=\"_blank\" rel=\"noreferrer noopener\">Nassfeld<\/a><\/strong> a jeho 110 kilometr\u016f upraven\u00fdch sjezdovek. Jen 8 kilometr\u016f, tedy deset minut bezplatn\u00fdm skibusem od sjezdovek m\u016f\u017eete vyu\u017e\u00edt ubytov\u00e1n\u00ed v&nbsp;<strong>kempu <a href=\"https:\/\/www.schluga.com\/camping\/schluga-camping-hermagor\/\" target=\"_blank\" rel=\"noreferrer noopener\">Schluga<\/a><\/strong> (<a href=\"https:\/\/goo.gl\/maps\/ZpvRq5q86uVMMc4n8\" target=\"_blank\" rel=\"noreferrer noopener nofollow\">mapa<\/a>).<\/p>\n\n\n\n<h2 class=\"wp-block-heading\" id=\"Polsko\"><strong>Polsko<\/strong><\/h2>\n\n\n\n<p>Mezi polsk\u00e9 kempy s&nbsp;p\u0159\u00edle\u017eitost\u00ed k&nbsp;ly\u017eov\u00e1n\u00ed pat\u0159\u00ed <strong><a href=\"https:\/\/www.podkrokwia.pl\/\" target=\"_blank\" rel=\"noreferrer noopener\">kemp Pod Krokwi\u0105<\/a><\/strong> (<a href=\"https:\/\/goo.gl\/maps\/Qtkt1jCdiJq1eKor6\" target=\"_blank\" rel=\"noreferrer noopener nofollow\">mapa<\/a>) ve m\u011bst\u011b Zakopan\u00e9 na okraji Tatransk\u00e9ho n\u00e1rodn\u00edho parku <strong>vedle komplexu skokansk\u00fdch m\u016fstk\u016f, kter\u00e9 jsou pova\u017eov\u00e1ny za nejkr\u00e1sn\u011bj\u0161\u00ed v&nbsp;Evrop\u011b<\/strong>. Kemp nab\u00edz\u00ed k&nbsp;pron\u00e1jmu parkovac\u00ed m\u00edsta, chaty i pokoje a je skv\u011bl\u00fdm v\u00fdchoz\u00edm bodem pro ly\u017eov\u00e1n\u00ed v&nbsp;<strong>are\u00e1lu Kaprowy Wierch<\/strong>, kter\u00fd je zn\u00e1m\u00fd i jako Zakopan\u00e9 a ty\u010d\u00ed se a\u017e do v\u00fd\u0161ky 2&nbsp;000 metr\u016f nad mo\u0159em.<\/p>\n\n\n\n<figure class=\"wp-block-image size-full is-resized\"><img loading=\"lazy\" decoding=\"async\" src=\"https:\/\/all4camper.com\/\/wp-content\/uploads\/2021\/12\/Camping-Pod-Krokwia\u0328-Nr-97.jpeg\" alt=\"\" class=\"wp-image-138395\" width=\"696\" height=\"522\" srcset=\"https:\/\/all4camper.com\/wp-content\/uploads\/2021\/12\/Camping-Pod-Krokwia\u0328-Nr-97.jpeg 1200w, https:\/\/all4camper.com\/wp-content\/uploads\/2021\/12\/Camping-Pod-Krokwia\u0328-Nr-97-300x225.jpeg 300w, https:\/\/all4camper.com\/wp-content\/uploads\/2021\/12\/Camping-Pod-Krokwia\u0328-Nr-97-150x113.jpeg 150w, https:\/\/all4camper.com\/wp-content\/uploads\/2021\/12\/Camping-Pod-Krokwia\u0328-Nr-97-768x576.jpeg 768w, https:\/\/all4camper.com\/wp-content\/uploads\/2021\/12\/Camping-Pod-Krokwia\u0328-Nr-97-696x522.jpeg 696w, https:\/\/all4camper.com\/wp-content\/uploads\/2021\/12\/Camping-Pod-Krokwia\u0328-Nr-97-1068x801.jpeg 1068w\" sizes=\"auto, (max-width: 696px) 100vw, 696px\" \/><\/figure>\n\n\n\n<h2 class=\"wp-block-heading\" id=\"Italie\"><strong>It\u00e1lie<\/strong><\/h2>\n\n\n\n<p>Kemp <strong><a href=\"https:\/\/www.caravanparksexten.it\/it\/camping-alto-adige.html\" target=\"_blank\" rel=\"noreferrer noopener nofollow\">Caravan Park Sexten<\/a><\/strong> (<a href=\"https:\/\/goo.gl\/maps\/yjAM1LFVddTyL1A86\" target=\"_blank\" rel=\"noreferrer noopener nofollow\">mapa<\/a>) nab\u00edz\u00ed pohodli i luxus a je skv\u011bl\u00fdm v\u00fdchoz\u00edm bodem pro ly\u017eov\u00e1n\u00ed v&nbsp;popul\u00e1rn\u00edm <strong>ly\u017ea\u0159sk\u00e9m are\u00e1lu Dolomiti Superski<\/strong>. V&nbsp;kempu si m\u016f\u017eete dokonce dop\u0159\u00e1t pobyt v&nbsp;modern\u00edm stromov\u00e9m dom\u011b, relaxovat ve wellness centru a v&nbsp;m\u00edstn\u00ed restauraci ochutnat v\u00fdte\u010dn\u00e9 alpsk\u00e9 j\u00eddlo.<\/p>\n\n\n\n<figure class=\"wp-block-image size-full\"><img loading=\"lazy\" decoding=\"async\" width=\"1400\" height=\"750\" src=\"https:\/\/all4camper.com\/\/wp-content\/uploads\/2021\/12\/cps-campingplatz-winter-0002.jpeg\" alt=\"\" class=\"wp-image-138398\" srcset=\"https:\/\/all4camper.com\/wp-content\/uploads\/2021\/12\/cps-campingplatz-winter-0002.jpeg 1400w, https:\/\/all4camper.com\/wp-content\/uploads\/2021\/12\/cps-campingplatz-winter-0002-300x161.jpeg 300w, https:\/\/all4camper.com\/wp-content\/uploads\/2021\/12\/cps-campingplatz-winter-0002-150x80.jpeg 150w, https:\/\/all4camper.com\/wp-content\/uploads\/2021\/12\/cps-campingplatz-winter-0002-768x411.jpeg 768w, https:\/\/all4camper.com\/wp-content\/uploads\/2021\/12\/cps-campingplatz-winter-0002-696x373.jpeg 696w, https:\/\/all4camper.com\/wp-content\/uploads\/2021\/12\/cps-campingplatz-winter-0002-1068x572.jpeg 1068w\" sizes=\"auto, (max-width: 1400px) 100vw, 1400px\" \/><\/figure>\n\n\n\n<p>V\u00edce ne\u017e \u010dty\u0159icetiletou histori\u00ed se m\u016f\u017ee py\u0161nit italsk\u00fd <strong>kemp <a href=\"https:\/\/www.campinggranbosco.it\/\" target=\"_blank\" rel=\"noreferrer noopener\">Gran Bosco<\/a><\/strong> (<a href=\"https:\/\/goo.gl\/maps\/w37exbpQw4hSy4LJA\" target=\"_blank\" rel=\"noreferrer noopener nofollow\">mapa<\/a>) v&nbsp;bl\u00edzkosti <strong>ly\u017ea\u0159sk\u00e9ho are\u00e1lu Via Lattea<\/strong>, kter\u00fd v&nbsp;roce 2006 hostil olympijsk\u00e9 hry. A co by to bylo za dovolenou v&nbsp;It\u00e1lii bez m\u00edstn\u00ed pizzy? Skv\u011blou pizzu si tu m\u016f\u017eete d\u00e1t p\u0159\u00edmo v&nbsp;restauraci v&nbsp;kempu.<\/p>\n\n\n\n<p>Nedaleko lanovky, kter\u00e1 v\u00e1s odveze k&nbsp;<strong>ly\u017ea\u0159sk\u00e9mu st\u0159edisku <a href=\"https:\/\/www.seiseralm.it\/it\/vacanza-nelle-dolomiti.html\" target=\"_blank\" rel=\"noreferrer noopener nofollow\">Seiser Alm<\/a><\/strong>, se nach\u00e1z\u00ed <strong>kemp <a href=\"https:\/\/www.camping-seiseralm.com\/\" target=\"_blank\" rel=\"noreferrer noopener nofollow\">Alpe di Siusi<\/a><\/strong> (<a href=\"https:\/\/goo.gl\/maps\/XdKN62CZWGgARLKd9\" target=\"_blank\" rel=\"noreferrer noopener nofollow\">mapa<\/a>). Ten le\u017e\u00ed uprost\u0159ed p\u0159\u00edrodn\u00edho parku Sciliar (Schlern). Kemp nab\u00edz\u00ed pro cestovatele s&nbsp;karavany relativn\u011b velk\u00e1 a komfortn\u00ed parkovac\u00ed m\u00edsta s&nbsp;p\u0159\u00edpojkou pitn\u00e9 i odpadn\u00ed vody, WiFi a p\u0159ipojen\u00ed k&nbsp;plynu a elekt\u0159in\u011b. Pokud d\u00e1v\u00e1te p\u0159ednost bydlen\u00ed chatk\u00e1ch, m\u016f\u017eete si tady pronajmout luxusn\u00ed d\u0159ev\u011bnou chatku pro \u010dty\u0159i a\u017e p\u011bt osob.<\/p>\n\n\n\n<figure class=\"wp-block-image size-full is-resized\"><img loading=\"lazy\" decoding=\"async\" src=\"https:\/\/all4camper.com\/\/wp-content\/uploads\/2021\/12\/komfortstellplatz-typ-b-06.jpeg\" alt=\"\" class=\"wp-image-138401\" width=\"696\" height=\"479\" srcset=\"https:\/\/all4camper.com\/wp-content\/uploads\/2021\/12\/komfortstellplatz-typ-b-06.jpeg 1350w, https:\/\/all4camper.com\/wp-content\/uploads\/2021\/12\/komfortstellplatz-typ-b-06-300x207.jpeg 300w, https:\/\/all4camper.com\/wp-content\/uploads\/2021\/12\/komfortstellplatz-typ-b-06-150x103.jpeg 150w, https:\/\/all4camper.com\/wp-content\/uploads\/2021\/12\/komfortstellplatz-typ-b-06-768x529.jpeg 768w, https:\/\/all4camper.com\/wp-content\/uploads\/2021\/12\/komfortstellplatz-typ-b-06-218x150.jpeg 218w, https:\/\/all4camper.com\/wp-content\/uploads\/2021\/12\/komfortstellplatz-typ-b-06-696x479.jpeg 696w, https:\/\/all4camper.com\/wp-content\/uploads\/2021\/12\/komfortstellplatz-typ-b-06-1068x736.jpeg 1068w\" sizes=\"auto, (max-width: 696px) 100vw, 696px\" \/><\/figure>\n\n\n\n<h2 class=\"wp-block-heading\" id=\"Svycarsko\"><strong>\u0160v\u00fdcarsko<\/strong><\/h2>\n\n\n\n<p>Pro ty, kte\u0159\u00ed se chystaj\u00ed objevovat n\u00e1dhernou \u0161v\u00fdcarskou oblast <strong>Valais<\/strong>, bude skv\u011blou variantou ubytov\u00e1n\u00ed <strong>v&nbsp;kempu <a href=\"https:\/\/www.simplonblick.ch\/\" target=\"_blank\" rel=\"noreferrer noopener\">Simplonblick<\/a><\/strong> (<a href=\"https:\/\/goo.gl\/maps\/jtKeCKsbuh2CqKwFA\" target=\"_blank\" rel=\"noreferrer noopener nofollow\">mapa<\/a>). Pouh\u00fdch 300 metr\u016f ch\u016fze od kempu se nach\u00e1z\u00ed lanovka Raron, kter\u00e1 v\u00e1s vyveze do <strong>ly\u017ea\u0159sk\u00e9 oblasti <a href=\"https:\/\/unterbaech.ch\/sportbahnen\/fahrplan-winter\/\" target=\"_blank\" rel=\"noreferrer noopener\">Unterb\u00e4ch\/Brandalp\/Ginals<\/a><\/strong> nebo do <strong>ly\u017ea\u0159sk\u00e9 oblasti Eischoll<\/strong>. Trochu vzd\u00e1len\u011bj\u0161\u00ed, ale z&nbsp;kempu po\u0159\u00e1d snadno dostupn\u00e9 p\u0159\u00edle\u017eitosti k&nbsp;ly\u017eov\u00e1n\u00ed najdete v&nbsp;<strong>ly\u017ea\u0159sk\u00fdch oblastech Leukerbad, Aletschsk\u00fd ledovec, Bettmeralp a Fiesch-Eggishorn<\/strong>.<\/p>\n\n\n\n<p>Na rozlehl\u00e9 louce v&nbsp;nadmo\u0159sk\u00e9 v\u00fd\u0161ce 1800 metr\u016f le\u017e\u00ed mezi jezery St. Moritz a Champf\u00e8r <strong><a href=\"https:\/\/www.tcs.ch\/de\/camping-reisen\/camping\/\" target=\"_blank\" rel=\"noreferrer noopener\">kemp St. Moritz<\/a><\/strong> (<a href=\"https:\/\/goo.gl\/maps\/nrfvPC4rjVzQQyEy9\" target=\"_blank\" rel=\"noreferrer noopener nofollow\">mapa<\/a>). P\u0159ijet m\u016f\u017eete vlastn\u00edm karavanem, nebo si tu pronajmout za\u0159\u00edzen\u00fd a vyt\u00e1p\u011bn\u00fd karavan. 600 metr\u016f od kempu se nach\u00e1z\u00ed lanovka, kterou se dostanete do <strong>ly\u017ea\u0159sk\u00e9ho are\u00e1lu Corviglia<\/strong>. Autem nebo skibusem za deset minut dojedete do <strong><a href=\"https:\/\/www.stmoritz.com\/en\/ski-alpine\/\" target=\"_blank\" rel=\"noreferrer noopener\">ly\u017ea\u0159sk\u00e9ho are\u00e1lu Corvatsch<\/a><\/strong> a za p\u016fl hodiny k&nbsp;<strong>ledovci Diavolezza<\/strong>. Nav\u00edc si tu m\u016f\u017eete dop\u0159\u00e1t skv\u011bl\u00e9 italsk\u00e9 j\u00eddlo a den na ly\u017e\u00edch zakon\u010dit t\u0159eba t\u011bstovinami.<\/p>\n\n\n\n<h2 class=\"wp-block-heading\" id=\"Slovinsko\"><strong>Slovinsko<\/strong><\/h2>\n\n\n\n<p><strong>Ly\u017ea\u0159sk\u00e9 st\u0159edisko <a href=\"https:\/\/www.kanin.si\/\" target=\"_blank\" rel=\"noreferrer noopener nofollow\">Kanin<\/a><\/strong> se nach\u00e1z\u00ed pobl\u00ed\u017e slovinsk\u00e9ho m\u011bsta Bovec a je nejv\u00fd\u0161e polo\u017een\u00fdm ly\u017ea\u0159sk\u00fdm st\u0159ediskem na Slovinsku. Lanovkou se tu dostanete a\u017e do nadmo\u0159sk\u00e9 v\u00fd\u0161ky 2&nbsp;202 metr\u016f, d\u00edky \u010demu\u017e si budete moc vychutnat opravdu jedine\u010dn\u00fd v\u00fdhled. Pokud si tu chcete zaly\u017eovat, bude pro v\u00e1s nejlep\u0161\u00ed ubytov\u00e1n\u00ed <strong>v&nbsp;kempu <a href=\"https:\/\/www.kamp-koren.si\/\" target=\"_blank\" rel=\"noreferrer noopener nofollow\">Koren<\/a><\/strong> ve m\u011bst\u011b Kobarid uprost\u0159ed \u00fadol\u00ed So\u010di, odkud to m\u00e1te k&nbsp;lanovce dvacet minut.<\/p>\n\n\n\n<figure class=\"wp-block-image size-full\"><img loading=\"lazy\" decoding=\"async\" width=\"1000\" height=\"666\" src=\"https:\/\/all4camper.com\/\/wp-content\/uploads\/2021\/12\/camping-koren-entrance-223567.jpeg\" alt=\"\" class=\"wp-image-138404\" srcset=\"https:\/\/all4camper.com\/wp-content\/uploads\/2021\/12\/camping-koren-entrance-223567.jpeg 1000w, https:\/\/all4camper.com\/wp-content\/uploads\/2021\/12\/camping-koren-entrance-223567-300x200.jpeg 300w, https:\/\/all4camper.com\/wp-content\/uploads\/2021\/12\/camping-koren-entrance-223567-150x100.jpeg 150w, https:\/\/all4camper.com\/wp-content\/uploads\/2021\/12\/camping-koren-entrance-223567-768x511.jpeg 768w, https:\/\/all4camper.com\/wp-content\/uploads\/2021\/12\/camping-koren-entrance-223567-696x464.jpeg 696w\" sizes=\"auto, (max-width: 1000px) 100vw, 1000px\" \/><\/figure>\n\n\n\n<h2 class=\"wp-block-heading\" id=\"Francie\"><strong>Francie<\/strong><\/h2>\n\n\n\n<p>T\u0159et\u00ed nejv\u011bt\u0161\u00ed ly\u017ea\u0159skou oblast\u00ed v&nbsp;Evrope je francouzsk\u00e1 <strong>Paradiski<\/strong> se 425 kilometry sjezdovek. Tvo\u0159\u00ed ji oblasti <strong><a href=\"https:\/\/en.lesarcs.com\/\" target=\"_blank\" rel=\"noreferrer noopener nofollow\">Arcs<\/a><\/strong> a <strong>La Plagne<\/strong>. Kempem vhodn\u00fdm pro ubytov\u00e1n\u00ed je <strong><a href=\"https:\/\/europe.huttopia.com\/site\/camping-bourg-saint-maurice\/?utm_source=Effinity&amp;utm_medium=affiliation&amp;utm_campaign=retargeting-dynamic&amp;eff_cpt=22577362&amp;eff_cpt=22574958\" target=\"_blank\" rel=\"noreferrer noopener nofollow\">Bourgh Saint Maurice<\/a><\/strong>, kter\u00fd je sou\u010d\u00e1st\u00ed \u0159et\u011bzce <strong>Huttopia<\/strong>. Pokud jedete bez karavanu, ur\u010dit\u011b ocen\u00edte zdej\u0161\u00ed d\u0159ev\u011bn\u00e9 chatky s&nbsp;v\u00fdhledem na okoln\u00ed hory. Kr\u00e1sn\u00e9 chv\u00edle odpo\u010dinku pak m\u016f\u017eete str\u00e1vit v&nbsp;pek\u00e1rn\u011b Patisserie D\u00e9lices, kde si d\u00e1te nejlep\u0161\u00ed pe\u010divo v&nbsp;\u00fadol\u00ed Tarentaise.<\/p>\n\n\n\n<p>Dal\u0161\u00edm kempem, kter\u00fd se nach\u00e1z\u00ed v&nbsp;bl\u00edzkosti ly\u017ea\u0159sk\u00e9 oblasti <strong><a href=\"https:\/\/www.la-plagne.com\/\" target=\"_blank\" rel=\"noreferrer noopener nofollow\">La Plagne<\/a><\/strong> je kemp <strong><a href=\"https:\/\/www.camping-eden-savoie.com\/\" target=\"_blank\" rel=\"noreferrer noopener nofollow\">Eden de la Vanoise<\/a><\/strong> v&nbsp;obci Landry. Pouh\u00fdch osm minut autem nebo skibusem se odtud dostanete k&nbsp;ly\u017ea\u0159sk\u00fdm vlek\u016fm ve vesnic\u00edch Les Cochces a Montchavin. V&nbsp;kempu si v&nbsp;zim\u011b m\u016f\u017eete u\u017e\u00edt vyh\u0159\u00edvan\u00fd baz\u00e9n nebo pronajmout parkovac\u00ed m\u00edsto \u010di bungalov.<\/p>\n\n\n\n<p>Pokud chcete nav\u0161t\u00edvit <strong>ly\u017ea\u0159sk\u00fd are\u00e1l <a href=\"https:\/\/www.cauterets.com\/en\/\" target=\"_blank\" rel=\"noreferrer noopener nofollow\">Cauterets Le Lys<\/a><\/strong>, kter\u00fd nab\u00edz\u00ed 36 kilometr\u016f sjezdovek a jedn\u00e1 se o are\u00e1l, ve kter\u00e9m je v&nbsp;Pyrenej\u00edch nejjist\u011bj\u0161\u00ed sn\u011bhov\u00e1 nad\u00edlka, m\u016f\u017eete se ubytovat v&nbsp;<strong><a href=\"https:\/\/camping-cabaliros.com\/\" target=\"_blank\" rel=\"noreferrer noopener nofollow\">kempu Calibros<\/a><\/strong>. Krom\u011b klasick\u00e9ho z\u00e1zem\u00ed tu na v\u00e1s \u010dek\u00e1 t\u0159eba obchod s&nbsp;lok\u00e1ln\u00edmi produkty.<\/p>\n\n\n\n<p>Ti, kdo by r\u00e1di str\u00e1vili dovolenou s&nbsp;co nejv\u011bt\u0161\u00edm ohledem na \u017eivotn\u00ed prost\u0159ed\u00ed, jist\u011b pot\u011b\u0161\u00ed francouzsk\u00fd <strong>kemp <a href=\"https:\/\/www.champ-du-moulin.com\/\" target=\"_blank\" rel=\"noreferrer noopener nofollow\">Le Champ du Moulin<\/a><\/strong>. Ve zdej\u0161\u00edm obchod\u011b, baru i restauraci provozovatel\u00e9 pou\u017e\u00edvaj\u00ed m\u00edstn\u00ed a bio potraviny, aby sn\u00ed\u017eili svou ekologickou stopu. <\/p>\n\n\n\n<p>Do&nbsp;nedalek\u00e9 obce V\u00e9nosc pak m\u016f\u017eete vyrazit do rodinn\u00e9 restaurace, kter\u00e1 nab\u00edz\u00ed atmosf\u00e9ru star\u00fdch francouzsk\u00fdch budov. K&nbsp;doprav\u011b k&nbsp;vleku nav\u00edc nebudete pot\u0159ebovat ani auto ani skibus. <strong>Lanovka V\u00e9nosc<\/strong> se nach\u00e1z\u00ed pouh\u00fdch 400 metr\u016f od kempu, tak\u017ee tuto vzd\u00e1lenost zvl\u00e1dnete i p\u011b\u0161ky. Od lanovky pak budete m\u00edt p\u0159\u00edstup k&nbsp;vlek\u016fm v&nbsp;<strong>ly\u017ea\u0159sk\u00e9 oblasti <a href=\"https:\/\/www.les2alpes.com\/hiver\/\" target=\"_blank\" rel=\"noreferrer noopener nofollow\">Les 2 Alpes<\/a><\/strong>, kde si u\u017eijete 230 kilometr\u016f sjezdovek.<\/p>\n\n\n\n<pre class=\"wp-block-verse\">Dal\u0161\u00ed m\u00e9 \u010dl\u00e1nky na t\u00e9ma zimn\u00ed kempov\u00e1n\u00ed si m\u016f\u017eete p\u0159e\u010d\u00edst <a href=\"\/cs?cat_ID=341\" target=\"_blank\" rel=\"noreferrer noopener nofollow\">tady<\/a>.<\/pre>\n","protected":false},"excerpt":{"rendered":"<p>Spousta obytn\u00fdch voz\u016f nab\u00edz\u00ed pohodln\u00e9 cestov\u00e1n\u00ed i v\u00a0zimn\u00edch obdob\u00edch. Stejn\u011b tak jsou kempy p\u0159ipraveny na n\u00e1v\u0161t\u011bvn\u00edky, kte\u0159\u00ed p\u0159ij\u00ed\u017ed\u011bj\u00ed s\u00a0karavanem a ly\u017eemi, aby si u\u017eili horsk\u00e9 svahy se sn\u011bhem. V\u00a0mnoh\u00fdch kempech tak nechyb\u00ed su\u0161\u00e1rny pro zimn\u00ed vybaven\u00ed, vyt\u00e1p\u011bn\u00e9 koupelny, sauny a parn\u00ed l\u00e1zn\u011b. Mezi \u0161pi\u010dkov\u00e9 ly\u017ea\u0159sk\u00e9 oblasti pat\u0159\u00ed beze sporu Dolomiti Superski v\u00a0It\u00e1lii a Zillertal Arena [&hellip;]<\/p>\n","protected":false},"author":4,"featured_media":138401,"comment_status":"closed","ping_status":"open","sticky":false,"template":"","format":"standard","meta":{"_monsterinsights_skip_tracking":false,"_monsterinsights_sitenote_active":false,"_monsterinsights_sitenote_note":"","_monsterinsights_sitenote_category":0,"footnotes":""},"categories":[2377,2375,2381,2379,2380,68,422,2373,11685,341],"tags":[320,87,101,97,105,227,321],"class_list":{"0":"post-138381","1":"post","2":"type-post","3":"status-publish","4":"format-standard","5":"has-post-thumbnail","7":"category-kempovani-a-cestovani-v-nemecku","8":"category-kempovani-a-cestovani-v-polsku","9":"category-kempujeme-a-cestujeme-v-italii","10":"category-kempujeme-a-cestujeme-v-rakousku","11":"category-kempujeme-a-cestujeme-ve-slovinsku","12":"category-kempovani-a-zajimave-cile","13":"category-novinky-kempovani-a-karavaning","14":"category-ostatni-zeme","15":"category-top-kempy","16":"category-zimni-kempovani","17":"tag-francie-2","18":"tag-italie","19":"tag-kempy-1","20":"tag-nemecko","21":"tag-rakousko","22":"tag-slovinsko","23":"tag-winter-camping"},"yoast_head":"<!-- This site is optimized with the Yoast SEO plugin v27.4 - https:\/\/yoast.com\/product\/yoast-seo-wordpress\/ -->\n<title>Nejlep\u0161\u00ed evropsk\u00e9 kempy pro zimn\u00ed dovolenou spojenou s ly\u017eov\u00e1n\u00edm<\/title>\n<meta name=\"description\" content=\"V mnoh\u00fdch kempech tak nechyb\u00ed su\u0161\u00e1rny pro zimn\u00ed vybaven\u00ed, vyt\u00e1p\u011bn\u00e9 koupelny, sauny a parn\u00ed l\u00e1zn\u011b. Mezi \u0161pi\u010dkov\u00e9 ly\u017ea\u0159sk\u00e9 oblasti pat\u0159\u00ed beze sporu Dolomiti Superski v It\u00e1lii a Zillertal Arena v Rakousku.\" \/>\n<meta name=\"robots\" content=\"index, follow, max-snippet:-1, max-image-preview:large, max-video-preview:-1\" \/>\n<link rel=\"canonical\" href=\"https:\/\/all4camper.com\/cs\/nejlepsi-evropske-kempy-pro-zimni-dovolenou-spojenou-s-lyzovanim\/\" \/>\n<meta property=\"og:locale\" content=\"cs_CZ\" \/>\n<meta property=\"og:type\" content=\"article\" \/>\n<meta property=\"og:title\" content=\"Nejlep\u0161\u00ed evropsk\u00e9 kempy pro zimn\u00ed dovolenou spojenou s ly\u017eov\u00e1n\u00edm\" \/>\n<meta property=\"og:description\" content=\"V mnoh\u00fdch kempech tak nechyb\u00ed su\u0161\u00e1rny pro zimn\u00ed vybaven\u00ed, vyt\u00e1p\u011bn\u00e9 koupelny, sauny a parn\u00ed l\u00e1zn\u011b. Mezi \u0161pi\u010dkov\u00e9 ly\u017ea\u0159sk\u00e9 oblasti pat\u0159\u00ed beze sporu Dolomiti Superski v It\u00e1lii a Zillertal Arena v Rakousku.\" \/>\n<meta property=\"og:url\" content=\"https:\/\/all4camper.com\/cs\/nejlepsi-evropske-kempy-pro-zimni-dovolenou-spojenou-s-lyzovanim\/\" \/>\n<meta property=\"og:site_name\" content=\"All4Camper\" \/>\n<meta property=\"article:published_time\" content=\"2022-11-09T09:23:41+00:00\" \/>\n<meta property=\"article:modified_time\" content=\"2023-01-18T14:57:27+00:00\" \/>\n<meta property=\"og:image\" content=\"https:\/\/all4camper.com\/wp-content\/uploads\/2021\/12\/komfortstellplatz-typ-b-06.jpeg\" \/>\n\t<meta property=\"og:image:width\" content=\"1350\" \/>\n\t<meta property=\"og:image:height\" content=\"930\" \/>\n\t<meta property=\"og:image:type\" content=\"image\/jpeg\" \/>\n<meta name=\"author\" content=\"Kl\u00e1ra H\u00e1jkov\u00e1\" \/>\n<meta name=\"twitter:card\" content=\"summary_large_image\" \/>\n<meta name=\"twitter:label1\" content=\"Napsal(a)\" \/>\n\t<meta name=\"twitter:data1\" content=\"Kl\u00e1ra H\u00e1jkov\u00e1\" \/>\n\t<meta name=\"twitter:label2\" content=\"Odhadovan\u00e1 doba \u010dten\u00ed\" \/>\n\t<meta name=\"twitter:data2\" content=\"7 minut\" \/>\n<script type=\"application\/ld+json\" class=\"yoast-schema-graph\">{\"@context\":\"https:\\\/\\\/schema.org\",\"@graph\":[{\"@type\":\"Article\",\"@id\":\"https:\\\/\\\/all4camper.com\\\/cs\\\/nejlepsi-evropske-kempy-pro-zimni-dovolenou-spojenou-s-lyzovanim\\\/#article\",\"isPartOf\":{\"@id\":\"https:\\\/\\\/all4camper.com\\\/cs\\\/nejlepsi-evropske-kempy-pro-zimni-dovolenou-spojenou-s-lyzovanim\\\/\"},\"author\":{\"name\":\"Kl\u00e1ra H\u00e1jkov\u00e1\",\"@id\":\"https:\\\/\\\/all4camper.com\\\/cs\\\/#\\\/schema\\\/person\\\/c6f1efdf1d02bc7d8c53a891cbe18c62\"},\"headline\":\"Nejlep\u0161\u00ed evropsk\u00e9 kempy pro zimn\u00ed dovolenou spojenou s ly\u017eov\u00e1n\u00edm\",\"datePublished\":\"2022-11-09T09:23:41+00:00\",\"dateModified\":\"2023-01-18T14:57:27+00:00\",\"mainEntityOfPage\":{\"@id\":\"https:\\\/\\\/all4camper.com\\\/cs\\\/nejlepsi-evropske-kempy-pro-zimni-dovolenou-spojenou-s-lyzovanim\\\/\"},\"wordCount\":1612,\"publisher\":{\"@id\":\"https:\\\/\\\/all4camper.com\\\/cs\\\/#organization\"},\"image\":{\"@id\":\"https:\\\/\\\/all4camper.com\\\/cs\\\/nejlepsi-evropske-kempy-pro-zimni-dovolenou-spojenou-s-lyzovanim\\\/#primaryimage\"},\"thumbnailUrl\":\"https:\\\/\\\/all4camper.com\\\/wp-content\\\/uploads\\\/2021\\\/12\\\/komfortstellplatz-typ-b-06.jpeg\",\"keywords\":[\"Francie\",\"It\u00e1lie\",\"Kempy a kempovac\u00ed m\u00edsta\",\"N\u011bmecko\",\"Rakousko\",\"Slovinsko\",\"Zimn\u00ed kempov\u00e1n\u00ed\"],\"articleSection\":[\"Kempov\u00e1n\u00ed a cestov\u00e1n\u00ed v N\u011bmecku\",\"Kempov\u00e1n\u00ed a cestov\u00e1n\u00ed v Polsku\",\"Kempujeme a cestujeme v It\u00e1lii\",\"Kempujeme a cestujeme v Rakousku\",\"Kempujeme a cestujeme ve Slovinsku\",\"Kempy a zaj\u00edmav\u00e1 m\u00edsta\",\"Novinky - Kempov\u00e1n\u00ed a karavaning\",\"Ostatn\u00ed zem\u011b\",\"TOP kempy\",\"Zimn\u00ed kempov\u00e1n\u00ed\"],\"inLanguage\":\"cs\"},{\"@type\":\"WebPage\",\"@id\":\"https:\\\/\\\/all4camper.com\\\/cs\\\/nejlepsi-evropske-kempy-pro-zimni-dovolenou-spojenou-s-lyzovanim\\\/\",\"url\":\"https:\\\/\\\/all4camper.com\\\/cs\\\/nejlepsi-evropske-kempy-pro-zimni-dovolenou-spojenou-s-lyzovanim\\\/\",\"name\":\"Nejlep\u0161\u00ed evropsk\u00e9 kempy pro zimn\u00ed dovolenou spojenou s ly\u017eov\u00e1n\u00edm\",\"isPartOf\":{\"@id\":\"https:\\\/\\\/all4camper.com\\\/cs\\\/#website\"},\"primaryImageOfPage\":{\"@id\":\"https:\\\/\\\/all4camper.com\\\/cs\\\/nejlepsi-evropske-kempy-pro-zimni-dovolenou-spojenou-s-lyzovanim\\\/#primaryimage\"},\"image\":{\"@id\":\"https:\\\/\\\/all4camper.com\\\/cs\\\/nejlepsi-evropske-kempy-pro-zimni-dovolenou-spojenou-s-lyzovanim\\\/#primaryimage\"},\"thumbnailUrl\":\"https:\\\/\\\/all4camper.com\\\/wp-content\\\/uploads\\\/2021\\\/12\\\/komfortstellplatz-typ-b-06.jpeg\",\"datePublished\":\"2022-11-09T09:23:41+00:00\",\"dateModified\":\"2023-01-18T14:57:27+00:00\",\"description\":\"V mnoh\u00fdch kempech tak nechyb\u00ed su\u0161\u00e1rny pro zimn\u00ed vybaven\u00ed, vyt\u00e1p\u011bn\u00e9 koupelny, sauny a parn\u00ed l\u00e1zn\u011b. Mezi \u0161pi\u010dkov\u00e9 ly\u017ea\u0159sk\u00e9 oblasti pat\u0159\u00ed beze sporu Dolomiti Superski v It\u00e1lii a Zillertal Arena v Rakousku.\",\"breadcrumb\":{\"@id\":\"https:\\\/\\\/all4camper.com\\\/cs\\\/nejlepsi-evropske-kempy-pro-zimni-dovolenou-spojenou-s-lyzovanim\\\/#breadcrumb\"},\"inLanguage\":\"cs\",\"potentialAction\":[{\"@type\":\"ReadAction\",\"target\":[\"https:\\\/\\\/all4camper.com\\\/cs\\\/nejlepsi-evropske-kempy-pro-zimni-dovolenou-spojenou-s-lyzovanim\\\/\"]}]},{\"@type\":\"ImageObject\",\"inLanguage\":\"cs\",\"@id\":\"https:\\\/\\\/all4camper.com\\\/cs\\\/nejlepsi-evropske-kempy-pro-zimni-dovolenou-spojenou-s-lyzovanim\\\/#primaryimage\",\"url\":\"https:\\\/\\\/all4camper.com\\\/wp-content\\\/uploads\\\/2021\\\/12\\\/komfortstellplatz-typ-b-06.jpeg\",\"contentUrl\":\"https:\\\/\\\/all4camper.com\\\/wp-content\\\/uploads\\\/2021\\\/12\\\/komfortstellplatz-typ-b-06.jpeg\",\"width\":1350,\"height\":930},{\"@type\":\"BreadcrumbList\",\"@id\":\"https:\\\/\\\/all4camper.com\\\/cs\\\/nejlepsi-evropske-kempy-pro-zimni-dovolenou-spojenou-s-lyzovanim\\\/#breadcrumb\",\"itemListElement\":[{\"@type\":\"ListItem\",\"position\":1,\"name\":\"Dom\u016f\",\"item\":\"https:\\\/\\\/all4camper.com\\\/cs\\\/\"},{\"@type\":\"ListItem\",\"position\":2,\"name\":\"Novinky - Kempov\u00e1n\u00ed a karavaning\",\"item\":\"https:\\\/\\\/all4camper.com\\\/cs\\\/category\\\/novinky-kempovani-a-karavaning\\\/\"},{\"@type\":\"ListItem\",\"position\":3,\"name\":\"Nejlep\u0161\u00ed evropsk\u00e9 kempy pro zimn\u00ed dovolenou spojenou s ly\u017eov\u00e1n\u00edm\"}]},{\"@type\":\"WebSite\",\"@id\":\"https:\\\/\\\/all4camper.com\\\/cs\\\/#website\",\"url\":\"https:\\\/\\\/all4camper.com\\\/cs\\\/\",\"name\":\"All4Camper\",\"description\":\"Nejv\u011bt\u0161\u00ed online magaz\u00edn o kempov\u00e1n\u00ed a karavaninku. V\u00edce jak 900 \u010dl\u00e1nk\u016f pln\u00fdch rad a tip\u016f o kempech a kempov\u00e1n\u00ed.\",\"publisher\":{\"@id\":\"https:\\\/\\\/all4camper.com\\\/cs\\\/#organization\"},\"potentialAction\":[{\"@type\":\"SearchAction\",\"target\":{\"@type\":\"EntryPoint\",\"urlTemplate\":\"https:\\\/\\\/all4camper.com\\\/cs\\\/?s={search_term_string}\"},\"query-input\":{\"@type\":\"PropertyValueSpecification\",\"valueRequired\":true,\"valueName\":\"search_term_string\"}}],\"inLanguage\":\"cs\"},{\"@type\":\"Organization\",\"@id\":\"https:\\\/\\\/all4camper.com\\\/cs\\\/#organization\",\"name\":\"All4Camper - kempujeme s Kl\u00e1rou\",\"url\":\"https:\\\/\\\/all4camper.com\\\/cs\\\/\",\"logo\":{\"@type\":\"ImageObject\",\"inLanguage\":\"cs\",\"@id\":\"https:\\\/\\\/all4camper.com\\\/cs\\\/#\\\/schema\\\/logo\\\/image\\\/\",\"url\":\"https:\\\/\\\/all4camper.com\\\/wp-content\\\/uploads\\\/2018\\\/09\\\/novelogo.png\",\"contentUrl\":\"https:\\\/\\\/all4camper.com\\\/wp-content\\\/uploads\\\/2018\\\/09\\\/novelogo.png\",\"width\":1520,\"height\":600,\"caption\":\"All4Camper - kempujeme s Kl\u00e1rou\"},\"image\":{\"@id\":\"https:\\\/\\\/all4camper.com\\\/cs\\\/#\\\/schema\\\/logo\\\/image\\\/\"}},{\"@type\":\"Person\",\"@id\":\"https:\\\/\\\/all4camper.com\\\/cs\\\/#\\\/schema\\\/person\\\/c6f1efdf1d02bc7d8c53a891cbe18c62\",\"name\":\"Kl\u00e1ra H\u00e1jkov\u00e1\",\"sameAs\":[\"http:\\\/\\\/www.all4camper.com\"],\"url\":\"https:\\\/\\\/all4camper.com\\\/cs\\\/author\\\/klarinkacestuje1\\\/\"}]}<\/script>\n<!-- \/ Yoast SEO plugin. -->","yoast_head_json":{"title":"Nejlep\u0161\u00ed evropsk\u00e9 kempy pro zimn\u00ed dovolenou spojenou s ly\u017eov\u00e1n\u00edm","description":"V mnoh\u00fdch kempech tak nechyb\u00ed su\u0161\u00e1rny pro zimn\u00ed vybaven\u00ed, vyt\u00e1p\u011bn\u00e9 koupelny, sauny a parn\u00ed l\u00e1zn\u011b. Mezi \u0161pi\u010dkov\u00e9 ly\u017ea\u0159sk\u00e9 oblasti pat\u0159\u00ed beze sporu Dolomiti Superski v It\u00e1lii a Zillertal Arena v Rakousku.","robots":{"index":"index","follow":"follow","max-snippet":"max-snippet:-1","max-image-preview":"max-image-preview:large","max-video-preview":"max-video-preview:-1"},"canonical":"https:\/\/all4camper.com\/cs\/nejlepsi-evropske-kempy-pro-zimni-dovolenou-spojenou-s-lyzovanim\/","og_locale":"cs_CZ","og_type":"article","og_title":"Nejlep\u0161\u00ed evropsk\u00e9 kempy pro zimn\u00ed dovolenou spojenou s ly\u017eov\u00e1n\u00edm","og_description":"V mnoh\u00fdch kempech tak nechyb\u00ed su\u0161\u00e1rny pro zimn\u00ed vybaven\u00ed, vyt\u00e1p\u011bn\u00e9 koupelny, sauny a parn\u00ed l\u00e1zn\u011b. Mezi \u0161pi\u010dkov\u00e9 ly\u017ea\u0159sk\u00e9 oblasti pat\u0159\u00ed beze sporu Dolomiti Superski v It\u00e1lii a Zillertal Arena v Rakousku.","og_url":"https:\/\/all4camper.com\/cs\/nejlepsi-evropske-kempy-pro-zimni-dovolenou-spojenou-s-lyzovanim\/","og_site_name":"All4Camper","article_published_time":"2022-11-09T09:23:41+00:00","article_modified_time":"2023-01-18T14:57:27+00:00","og_image":[{"width":1350,"height":930,"url":"https:\/\/all4camper.com\/wp-content\/uploads\/2021\/12\/komfortstellplatz-typ-b-06.jpeg","type":"image\/jpeg"}],"author":"Kl\u00e1ra H\u00e1jkov\u00e1","twitter_card":"summary_large_image","twitter_misc":{"Napsal(a)":"Kl\u00e1ra H\u00e1jkov\u00e1","Odhadovan\u00e1 doba \u010dten\u00ed":"7 minut"},"schema":{"@context":"https:\/\/schema.org","@graph":[{"@type":"Article","@id":"https:\/\/all4camper.com\/cs\/nejlepsi-evropske-kempy-pro-zimni-dovolenou-spojenou-s-lyzovanim\/#article","isPartOf":{"@id":"https:\/\/all4camper.com\/cs\/nejlepsi-evropske-kempy-pro-zimni-dovolenou-spojenou-s-lyzovanim\/"},"author":{"name":"Kl\u00e1ra H\u00e1jkov\u00e1","@id":"https:\/\/all4camper.com\/cs\/#\/schema\/person\/c6f1efdf1d02bc7d8c53a891cbe18c62"},"headline":"Nejlep\u0161\u00ed evropsk\u00e9 kempy pro zimn\u00ed dovolenou spojenou s ly\u017eov\u00e1n\u00edm","datePublished":"2022-11-09T09:23:41+00:00","dateModified":"2023-01-18T14:57:27+00:00","mainEntityOfPage":{"@id":"https:\/\/all4camper.com\/cs\/nejlepsi-evropske-kempy-pro-zimni-dovolenou-spojenou-s-lyzovanim\/"},"wordCount":1612,"publisher":{"@id":"https:\/\/all4camper.com\/cs\/#organization"},"image":{"@id":"https:\/\/all4camper.com\/cs\/nejlepsi-evropske-kempy-pro-zimni-dovolenou-spojenou-s-lyzovanim\/#primaryimage"},"thumbnailUrl":"https:\/\/all4camper.com\/wp-content\/uploads\/2021\/12\/komfortstellplatz-typ-b-06.jpeg","keywords":["Francie","It\u00e1lie","Kempy a kempovac\u00ed m\u00edsta","N\u011bmecko","Rakousko","Slovinsko","Zimn\u00ed kempov\u00e1n\u00ed"],"articleSection":["Kempov\u00e1n\u00ed a cestov\u00e1n\u00ed v N\u011bmecku","Kempov\u00e1n\u00ed a cestov\u00e1n\u00ed v Polsku","Kempujeme a cestujeme v It\u00e1lii","Kempujeme a cestujeme v Rakousku","Kempujeme a cestujeme ve Slovinsku","Kempy a zaj\u00edmav\u00e1 m\u00edsta","Novinky - Kempov\u00e1n\u00ed a karavaning","Ostatn\u00ed zem\u011b","TOP kempy","Zimn\u00ed kempov\u00e1n\u00ed"],"inLanguage":"cs"},{"@type":"WebPage","@id":"https:\/\/all4camper.com\/cs\/nejlepsi-evropske-kempy-pro-zimni-dovolenou-spojenou-s-lyzovanim\/","url":"https:\/\/all4camper.com\/cs\/nejlepsi-evropske-kempy-pro-zimni-dovolenou-spojenou-s-lyzovanim\/","name":"Nejlep\u0161\u00ed evropsk\u00e9 kempy pro zimn\u00ed dovolenou spojenou s ly\u017eov\u00e1n\u00edm","isPartOf":{"@id":"https:\/\/all4camper.com\/cs\/#website"},"primaryImageOfPage":{"@id":"https:\/\/all4camper.com\/cs\/nejlepsi-evropske-kempy-pro-zimni-dovolenou-spojenou-s-lyzovanim\/#primaryimage"},"image":{"@id":"https:\/\/all4camper.com\/cs\/nejlepsi-evropske-kempy-pro-zimni-dovolenou-spojenou-s-lyzovanim\/#primaryimage"},"thumbnailUrl":"https:\/\/all4camper.com\/wp-content\/uploads\/2021\/12\/komfortstellplatz-typ-b-06.jpeg","datePublished":"2022-11-09T09:23:41+00:00","dateModified":"2023-01-18T14:57:27+00:00","description":"V mnoh\u00fdch kempech tak nechyb\u00ed su\u0161\u00e1rny pro zimn\u00ed vybaven\u00ed, vyt\u00e1p\u011bn\u00e9 koupelny, sauny a parn\u00ed l\u00e1zn\u011b. Mezi \u0161pi\u010dkov\u00e9 ly\u017ea\u0159sk\u00e9 oblasti pat\u0159\u00ed beze sporu Dolomiti Superski v It\u00e1lii a Zillertal Arena v Rakousku.","breadcrumb":{"@id":"https:\/\/all4camper.com\/cs\/nejlepsi-evropske-kempy-pro-zimni-dovolenou-spojenou-s-lyzovanim\/#breadcrumb"},"inLanguage":"cs","potentialAction":[{"@type":"ReadAction","target":["https:\/\/all4camper.com\/cs\/nejlepsi-evropske-kempy-pro-zimni-dovolenou-spojenou-s-lyzovanim\/"]}]},{"@type":"ImageObject","inLanguage":"cs","@id":"https:\/\/all4camper.com\/cs\/nejlepsi-evropske-kempy-pro-zimni-dovolenou-spojenou-s-lyzovanim\/#primaryimage","url":"https:\/\/all4camper.com\/wp-content\/uploads\/2021\/12\/komfortstellplatz-typ-b-06.jpeg","contentUrl":"https:\/\/all4camper.com\/wp-content\/uploads\/2021\/12\/komfortstellplatz-typ-b-06.jpeg","width":1350,"height":930},{"@type":"BreadcrumbList","@id":"https:\/\/all4camper.com\/cs\/nejlepsi-evropske-kempy-pro-zimni-dovolenou-spojenou-s-lyzovanim\/#breadcrumb","itemListElement":[{"@type":"ListItem","position":1,"name":"Dom\u016f","item":"https:\/\/all4camper.com\/cs\/"},{"@type":"ListItem","position":2,"name":"Novinky - Kempov\u00e1n\u00ed a karavaning","item":"https:\/\/all4camper.com\/cs\/category\/novinky-kempovani-a-karavaning\/"},{"@type":"ListItem","position":3,"name":"Nejlep\u0161\u00ed evropsk\u00e9 kempy pro zimn\u00ed dovolenou spojenou s ly\u017eov\u00e1n\u00edm"}]},{"@type":"WebSite","@id":"https:\/\/all4camper.com\/cs\/#website","url":"https:\/\/all4camper.com\/cs\/","name":"All4Camper","description":"Nejv\u011bt\u0161\u00ed online magaz\u00edn o kempov\u00e1n\u00ed a karavaninku. V\u00edce jak 900 \u010dl\u00e1nk\u016f pln\u00fdch rad a tip\u016f o kempech a kempov\u00e1n\u00ed.","publisher":{"@id":"https:\/\/all4camper.com\/cs\/#organization"},"potentialAction":[{"@type":"SearchAction","target":{"@type":"EntryPoint","urlTemplate":"https:\/\/all4camper.com\/cs\/?s={search_term_string}"},"query-input":{"@type":"PropertyValueSpecification","valueRequired":true,"valueName":"search_term_string"}}],"inLanguage":"cs"},{"@type":"Organization","@id":"https:\/\/all4camper.com\/cs\/#organization","name":"All4Camper - kempujeme s Kl\u00e1rou","url":"https:\/\/all4camper.com\/cs\/","logo":{"@type":"ImageObject","inLanguage":"cs","@id":"https:\/\/all4camper.com\/cs\/#\/schema\/logo\/image\/","url":"https:\/\/all4camper.com\/wp-content\/uploads\/2018\/09\/novelogo.png","contentUrl":"https:\/\/all4camper.com\/wp-content\/uploads\/2018\/09\/novelogo.png","width":1520,"height":600,"caption":"All4Camper - kempujeme s Kl\u00e1rou"},"image":{"@id":"https:\/\/all4camper.com\/cs\/#\/schema\/logo\/image\/"}},{"@type":"Person","@id":"https:\/\/all4camper.com\/cs\/#\/schema\/person\/c6f1efdf1d02bc7d8c53a891cbe18c62","name":"Kl\u00e1ra H\u00e1jkov\u00e1","sameAs":["http:\/\/www.all4camper.com"],"url":"https:\/\/all4camper.com\/cs\/author\/klarinkacestuje1\/"}]}},"_links":{"self":[{"href":"https:\/\/all4camper.com\/cs\/wp-json\/wp\/v2\/posts\/138381","targetHints":{"allow":["GET"]}}],"collection":[{"href":"https:\/\/all4camper.com\/cs\/wp-json\/wp\/v2\/posts"}],"about":[{"href":"https:\/\/all4camper.com\/cs\/wp-json\/wp\/v2\/types\/post"}],"author":[{"embeddable":true,"href":"https:\/\/all4camper.com\/cs\/wp-json\/wp\/v2\/users\/4"}],"replies":[{"embeddable":true,"href":"https:\/\/all4camper.com\/cs\/wp-json\/wp\/v2\/comments?post=138381"}],"version-history":[{"count":0,"href":"https:\/\/all4camper.com\/cs\/wp-json\/wp\/v2\/posts\/138381\/revisions"}],"wp:featuredmedia":[{"embeddable":true,"href":"https:\/\/all4camper.com\/cs\/wp-json\/wp\/v2\/media\/138401"}],"wp:attachment":[{"href":"https:\/\/all4camper.com\/cs\/wp-json\/wp\/v2\/media?parent=138381"}],"wp:term":[{"taxonomy":"category","embeddable":true,"href":"https:\/\/all4camper.com\/cs\/wp-json\/wp\/v2\/categories?post=138381"},{"taxonomy":"post_tag","embeddable":true,"href":"https:\/\/all4camper.com\/cs\/wp-json\/wp\/v2\/tags?post=138381"}],"curies":[{"name":"wp","href":"https:\/\/api.w.org\/{rel}","templated":true}]}}