{"id":138165,"date":"2021-11-11T13:18:46","date_gmt":"2021-11-11T12:18:46","guid":{"rendered":"https:\/\/all4camper.com\/\/?p=138165"},"modified":"2021-11-11T13:21:47","modified_gmt":"2021-11-11T12:21:47","slug":"nove-cislo-casopisu-camping-cars-caravans-je-tady-na-co-se-v-nem-muzete-tesit","status":"publish","type":"post","link":"https:\/\/all4camper.com\/cs\/nove-cislo-casopisu-camping-cars-caravans-je-tady-na-co-se-v-nem-muzete-tesit\/","title":{"rendered":"Nov\u00e9 \u010d\u00edslo \u010dasopisu Camping, Cars &#038; Caravans je tady. Na co se v n\u011bm m\u016f\u017eete t\u011b\u0161it?"},"content":{"rendered":"\n<p><strong>Posledn\u00ed vyd\u00e1n\u00ed \u010dasopisu Camping, Cars &amp; Caravans leto\u0161n\u00edho roku p\u0159in\u00e1\u0161\u00ed report\u00e1\u017ee, rozhovory, p\u0159edstaven\u00ed nov\u00fdch obytn\u00fdch voz\u016f i praktick\u00e9 rady, tedy tradi\u010dn\u00edch 84 atraktivn\u00edch stran ze sv\u011bta karavaninku.\u00a0Nechyb\u00ed ani dv\u011b VSTUPENKY na v\u00fdstavu FOR CARAVAN &#8211; tak\u017ee si posp\u011b\u0161te!.<\/strong> <strong>A proto\u017ee jsem partnerem tohoto \u010dasopisu, velmi r\u00e1da dnes sd\u00edl\u00edm detailn\u00ed informace na co se v n\u011bm m\u016f\u017eete t\u011b\u0161it. <\/strong><\/p>\n\n\n\n<figure class=\"wp-block-image size-full\"><img loading=\"lazy\" decoding=\"async\" width=\"1200\" height=\"700\" src=\"https:\/\/all4camper.com\/\/wp-content\/uploads\/2021\/11\/ccc-6-2021_vejir2.jpeg\" alt=\"\" class=\"wp-image-138166\" srcset=\"https:\/\/all4camper.com\/wp-content\/uploads\/2021\/11\/ccc-6-2021_vejir2.jpeg 1200w, https:\/\/all4camper.com\/wp-content\/uploads\/2021\/11\/ccc-6-2021_vejir2-300x175.jpeg 300w, https:\/\/all4camper.com\/wp-content\/uploads\/2021\/11\/ccc-6-2021_vejir2-150x88.jpeg 150w, https:\/\/all4camper.com\/wp-content\/uploads\/2021\/11\/ccc-6-2021_vejir2-768x448.jpeg 768w, https:\/\/all4camper.com\/wp-content\/uploads\/2021\/11\/ccc-6-2021_vejir2-696x406.jpeg 696w, https:\/\/all4camper.com\/wp-content\/uploads\/2021\/11\/ccc-6-2021_vejir2-1068x623.jpeg 1068w\" sizes=\"auto, (max-width: 1200px) 100vw, 1200px\" \/><\/figure>\n\n\n\n<h3 class=\"wp-block-heading\"><strong>REPORT\u00c1\u017dE<\/strong><\/h3>\n\n\n\n<p>\u010cty\u0159i \u0159\u00edjnov\u00e9 dny jsme str\u00e1vili na brn\u011bnsk\u00e9m v\u00fdstavi\u0161ti, ohl\u00e9dn\u011bte se spolu s n\u00e1mi za v\u00fdstavou&nbsp;<strong>Caravaning Brno<\/strong>. Bylo n\u00e1m pot\u011b\u0161en\u00edm z\u00fa\u010dastnit se otev\u0159en\u00ed nov\u00e9 pobo\u010dky spole\u010dnosti&nbsp;<strong>Campingworld Neugebauer v Praze<\/strong>, d\u00edky report\u00e1\u017ei m\u016f\u017eete b\u00fdt u t\u00e9to sl\u00e1vy i vy.<\/p>\n\n\n\n<h3 class=\"wp-block-heading\"><strong>AKTU\u00c1LN\u011a<\/strong><\/h3>\n\n\n\n<p>Na vzdory v\u0161em nep\u0159\u00edzniv\u00fdm okolnostem se chyst\u00e1 tak\u00e9 pra\u017esk\u00fd&nbsp;<strong>veletrh FOR CARAVAN<\/strong>&nbsp;\u2013 spolu s organiz\u00e1tory v\u00e1s zveme na let\u0148ansk\u00e9 v\u00fdstavi\u0161t\u011b \u2013 a vstupenky kupovat nemus\u00edte, sta\u010d\u00ed vyst\u0159ihnout ty ze stran 6 a 7. POZOR opravdu plat\u00ed pouze origin\u00e1ln\u00ed vstupenky!<br><strong>Tatra kolem sv\u011bta 2<\/strong>&nbsp;pokra\u010duje v cest\u011b \u2013 jak\u00e9 bylo cestov\u00e1n\u00ed b\u011bhem leto\u0161n\u00edho roku a jak\u00e9 jsou v\u00fdhledy pro rok p\u0159\u00ed\u0161t\u00ed se dozv\u00edte na t\u0159ech stran\u00e1ch v rubrice aktualit.<\/p>\n\n\n\n<h3 class=\"wp-block-heading\"><strong>ROZHOVOR<\/strong><\/h3>\n\n\n\n<p>Ji\u0159\u00ed \u010capek ze spole\u010dnosti KaravanTravel.cz n\u00e1m p\u0159edstavil&nbsp;<strong>novinky zna\u010dek EuraMobil, CI, Mobilvetta a Clever Vans<\/strong>. Tom\u00e1\u0161 Krs ze spole\u010dnosti KPS Automobile zhodnotil sezonu 2021 a prozradil,&nbsp;<strong>jak to bude s \u010desk\u00fdmi vestavbami KRS v nadch\u00e1zej\u00edc\u00ed sezon\u011b<\/strong>.<\/p>\n\n\n\n<h3 class=\"wp-block-heading\"><strong>TECHNIKA<\/strong><\/h3>\n\n\n\n<p><strong>St\u00e1n\u00ed pro karavany<\/strong>, chcete-li stellplatzy si za\u010d\u00ednaj\u00ed nach\u00e1zet m\u00edsta i v \u010cesk\u00e9 republice. Pod\u00edvejte se, jak\u00e9 slu\u017eby mohou karavanist\u016fm nab\u00eddnout.<\/p>\n\n\n\n<h3 class=\"wp-block-heading\"><strong>P\u0158EDSTAVUJEME<\/strong><\/h3>\n\n\n\n<p>V \u00fa\u017easn\u00e9m prost\u0159ed\u00ed slavkovsk\u00e9ho z\u00e1mku jsme se sezn\u00e1mili s nov\u00fdmi modely&nbsp;<strong>Elnagh, vozy \u0159ady T-Loft<\/strong>&nbsp;te\u010f r\u00e1di na str\u00e1nk\u00e1ch \u010dasopisu p\u0159edstav\u00edme i v\u00e1m.<\/p>\n\n\n\n<h3 class=\"wp-block-heading\"><strong>NOVINKY<\/strong><\/h3>\n\n\n\n<p><strong>Sezona 2022<\/strong>&nbsp;p\u0159in\u00e1\u0161\u00ed \u0159adu zaj\u00edmav\u00fdch voz\u016f \u2013 v tomto vyd\u00e1n\u00ed se v\u011bnujeme zna\u010dk\u00e1m&nbsp;<strong>Adria, B\u00fcrstner, Concorde, Kabe, Laika, LMC, Petrichor, T@B, Tabbert a Weinsberg<\/strong>.<\/p>\n\n\n\n<h3 class=\"wp-block-heading\"><strong>SROVN\u00c1VAC\u00cd TEST<\/strong><\/h3>\n\n\n\n<p>Srovn\u00e1vac\u00ed test v\u011bnujeme tentokr\u00e1t polointegrovan\u00fdm model\u016fm \u2013 o va\u0161i p\u0159\u00edze\u0148 se uch\u00e1zej\u00ed&nbsp;<strong>vozy st\u0159edn\u00ed t\u0159\u00eddy Carado T338 Clever Plus Edition a Chausson 627 GA Titanium Premium<\/strong>.<\/p>\n\n\n\n<h3 class=\"wp-block-heading\"><strong>KARAVAN KLUBY<\/strong><\/h3>\n\n\n\n<p>Sklonek sezony byl bohat\u00fd na nejr\u016fzn\u011bj\u0161\u00ed&nbsp;<strong>klubov\u00e9 akce<\/strong>&nbsp;\u2013 p\u0159in\u00e1\u0161\u00edme report\u00e1\u017ee rovnou ze \u010dty\u0159 akc\u00ed, a to ukon\u010den\u00ed sezony CC Ostrava, Sycher\u00e1ku 2021, 48. N\u00e1rodn\u00edho srazu a 24. Dahlie Rallye.<\/p>\n\n\n\n<h3 class=\"wp-block-heading\"><strong>P\u0158\u00cdSLU\u0160ENSTV\u00cd<\/strong><\/h3>\n\n\n\n<p><strong>Internetov\u00e9 p\u0159ipojen\u00ed v obytn\u00fdch vozech<\/strong>&nbsp;je hojn\u011b diskutovan\u00fdm t\u00e9matem. Porad\u00edme v\u00e1m, jak na stabiln\u00ed internet na cest\u00e1ch.<\/p>\n\n\n\n<h3 class=\"wp-block-heading\"><strong>CESTOV\u00c1N\u00cd<\/strong><\/h3>\n\n\n\n<p><strong>Tip na v\u00fdlet zve do \u0161luknovsk\u00e9ho v\u00fdb\u011b\u017eku<\/strong>\u00a0za dech berouc\u00edmi ledop\u00e1dy a hled\u00e1te-li inspiraci pro v\u00fdjezdy po na\u0161\u00ed vlasti, nalistujte si ur\u010dit\u011b i\u00a0<strong>report\u00e1\u017e z Broumovska<\/strong>. Adamova velk\u00e1 cesta pokra\u010duje\u00a0<strong>pov\u00edd\u00e1n\u00edm o Lofot\u00e1ch<\/strong>. A \u010cten\u00e1\u0159i na cest\u00e1ch n\u00e1s vezmou\u00a0<strong>do Ma\u010farska<\/strong>\u00a0i na \u201ebez kempovou\u201d\u00a0<strong>tour po \u010cesku<\/strong>.<\/p>\n\n\n\n<pre class=\"wp-block-verse\">A kde \u010dasopis se\u017eenete? Pokud nem\u00e1te p\u0159edplatn\u00e9, m\u016f\u017eete si jej objednat na <a href=\"https:\/\/www.camping-cars-caravans.cz\/ccc\/predplatne-tisteneho-casopisu-camping-cars-caravans\/\" target=\"_blank\" rel=\"noreferrer noopener\">tomto odkazu<\/a>, p\u0159\u00edpadn\u011b jej lze samoz\u0159ejm\u011b zakoupit i v novinov\u00fdch st\u00e1nc\u00edch.<\/pre>\n","protected":false},"excerpt":{"rendered":"<p>Posledn\u00ed vyd\u00e1n\u00ed \u010dasopisu Camping, Cars &amp; Caravans leto\u0161n\u00edho roku p\u0159in\u00e1\u0161\u00ed report\u00e1\u017ee, rozhovory, p\u0159edstaven\u00ed nov\u00fdch obytn\u00fdch voz\u016f i praktick\u00e9 rady, tedy tradi\u010dn\u00edch 84 atraktivn\u00edch stran ze sv\u011bta karavaninku.\u00a0Nechyb\u00ed ani dv\u011b VSTUPENKY na v\u00fdstavu FOR CARAVAN &#8211; tak\u017ee si posp\u011b\u0161te!. A proto\u017ee jsem partnerem tohoto \u010dasopisu, velmi r\u00e1da dnes sd\u00edl\u00edm detailn\u00ed informace na co se v n\u011bm [&hellip;]<\/p>\n","protected":false},"author":4,"featured_media":138166,"comment_status":"closed","ping_status":"open","sticky":false,"template":"","format":"standard","meta":{"_monsterinsights_skip_tracking":false,"_monsterinsights_sitenote_active":false,"_monsterinsights_sitenote_note":"","_monsterinsights_sitenote_category":0,"footnotes":""},"categories":[422,8209],"tags":[226],"class_list":{"0":"post-138165","1":"post","2":"type-post","3":"status-publish","4":"format-standard","5":"has-post-thumbnail","7":"category-novinky-kempovani-a-karavaning","8":"category-rady-tipy-informace","9":"tag-rady-a-tipy"},"yoast_head":"<!-- This site is optimized with the Yoast SEO plugin v27.5 - https:\/\/yoast.com\/product\/yoast-seo-wordpress\/ -->\n<title>Nov\u00e9 \u010d\u00edslo \u010dasopisu Camping, Cars &amp; Caravans je tady. Na co se v n\u011bm m\u016f\u017eete t\u011b\u0161it? - All4Camper<\/title>\n<meta name=\"description\" content=\"All4Camper - Novinky - Kempov\u00e1n\u00ed a karavaning - Nov\u00e9 \u010d\u00edslo \u010dasopisu Camping, Cars &amp; Caravans je tady. Na co se v n\u011bm m\u016f\u017eete t\u011b\u0161it?\" \/>\n<meta name=\"robots\" content=\"index, follow, max-snippet:-1, max-image-preview:large, max-video-preview:-1\" \/>\n<link rel=\"canonical\" href=\"https:\/\/all4camper.com\/cs\/nove-cislo-casopisu-camping-cars-caravans-je-tady-na-co-se-v-nem-muzete-tesit\/\" \/>\n<meta property=\"og:locale\" content=\"cs_CZ\" \/>\n<meta property=\"og:type\" content=\"article\" \/>\n<meta property=\"og:title\" content=\"Nov\u00e9 \u010d\u00edslo \u010dasopisu Camping, Cars &amp; Caravans je tady. Na co se v n\u011bm m\u016f\u017eete t\u011b\u0161it? - All4Camper\" \/>\n<meta property=\"og:description\" content=\"All4Camper - Novinky - Kempov\u00e1n\u00ed a karavaning - Nov\u00e9 \u010d\u00edslo \u010dasopisu Camping, Cars &amp; Caravans je tady. Na co se v n\u011bm m\u016f\u017eete t\u011b\u0161it?\" \/>\n<meta property=\"og:url\" content=\"https:\/\/all4camper.com\/cs\/nove-cislo-casopisu-camping-cars-caravans-je-tady-na-co-se-v-nem-muzete-tesit\/\" \/>\n<meta property=\"og:site_name\" content=\"All4Camper\" \/>\n<meta property=\"article:published_time\" content=\"2021-11-11T12:18:46+00:00\" \/>\n<meta property=\"article:modified_time\" content=\"2021-11-11T12:21:47+00:00\" \/>\n<meta property=\"og:image\" content=\"https:\/\/all4camper.com\/wp-content\/uploads\/2021\/11\/ccc-6-2021_vejir2.jpeg\" \/>\n\t<meta property=\"og:image:width\" content=\"1200\" \/>\n\t<meta property=\"og:image:height\" content=\"700\" \/>\n\t<meta property=\"og:image:type\" content=\"image\/jpeg\" \/>\n<meta name=\"author\" content=\"Kl\u00e1ra H\u00e1jkov\u00e1\" \/>\n<meta name=\"twitter:card\" content=\"summary_large_image\" \/>\n<meta name=\"twitter:label1\" content=\"Napsal(a)\" \/>\n\t<meta name=\"twitter:data1\" content=\"Kl\u00e1ra H\u00e1jkov\u00e1\" \/>\n\t<meta name=\"twitter:label2\" content=\"Odhadovan\u00e1 doba \u010dten\u00ed\" \/>\n\t<meta name=\"twitter:data2\" content=\"3 minuty\" \/>\n<script type=\"application\/ld+json\" class=\"yoast-schema-graph\">{\"@context\":\"https:\\\/\\\/schema.org\",\"@graph\":[{\"@type\":\"Article\",\"@id\":\"https:\\\/\\\/all4camper.com\\\/cs\\\/nove-cislo-casopisu-camping-cars-caravans-je-tady-na-co-se-v-nem-muzete-tesit\\\/#article\",\"isPartOf\":{\"@id\":\"https:\\\/\\\/all4camper.com\\\/cs\\\/nove-cislo-casopisu-camping-cars-caravans-je-tady-na-co-se-v-nem-muzete-tesit\\\/\"},\"author\":{\"name\":\"Kl\u00e1ra H\u00e1jkov\u00e1\",\"@id\":\"https:\\\/\\\/all4camper.com\\\/cs\\\/#\\\/schema\\\/person\\\/c6f1efdf1d02bc7d8c53a891cbe18c62\"},\"headline\":\"Nov\u00e9 \u010d\u00edslo \u010dasopisu Camping, Cars &#038; Caravans je tady. Na co se v n\u011bm m\u016f\u017eete t\u011b\u0161it?\",\"datePublished\":\"2021-11-11T12:18:46+00:00\",\"dateModified\":\"2021-11-11T12:21:47+00:00\",\"mainEntityOfPage\":{\"@id\":\"https:\\\/\\\/all4camper.com\\\/cs\\\/nove-cislo-casopisu-camping-cars-caravans-je-tady-na-co-se-v-nem-muzete-tesit\\\/\"},\"wordCount\":576,\"publisher\":{\"@id\":\"https:\\\/\\\/all4camper.com\\\/cs\\\/#organization\"},\"image\":{\"@id\":\"https:\\\/\\\/all4camper.com\\\/cs\\\/nove-cislo-casopisu-camping-cars-caravans-je-tady-na-co-se-v-nem-muzete-tesit\\\/#primaryimage\"},\"thumbnailUrl\":\"https:\\\/\\\/all4camper.com\\\/wp-content\\\/uploads\\\/2021\\\/11\\\/ccc-6-2021_vejir2.jpeg\",\"keywords\":[\"Rady-tipy-informace\"],\"articleSection\":[\"Novinky - Kempov\u00e1n\u00ed a karavaning\",\"Rady, tipy, informace\"],\"inLanguage\":\"cs\"},{\"@type\":\"WebPage\",\"@id\":\"https:\\\/\\\/all4camper.com\\\/cs\\\/nove-cislo-casopisu-camping-cars-caravans-je-tady-na-co-se-v-nem-muzete-tesit\\\/\",\"url\":\"https:\\\/\\\/all4camper.com\\\/cs\\\/nove-cislo-casopisu-camping-cars-caravans-je-tady-na-co-se-v-nem-muzete-tesit\\\/\",\"name\":\"Nov\u00e9 \u010d\u00edslo \u010dasopisu Camping, Cars & Caravans je tady. Na co se v n\u011bm m\u016f\u017eete t\u011b\u0161it? - All4Camper\",\"isPartOf\":{\"@id\":\"https:\\\/\\\/all4camper.com\\\/cs\\\/#website\"},\"primaryImageOfPage\":{\"@id\":\"https:\\\/\\\/all4camper.com\\\/cs\\\/nove-cislo-casopisu-camping-cars-caravans-je-tady-na-co-se-v-nem-muzete-tesit\\\/#primaryimage\"},\"image\":{\"@id\":\"https:\\\/\\\/all4camper.com\\\/cs\\\/nove-cislo-casopisu-camping-cars-caravans-je-tady-na-co-se-v-nem-muzete-tesit\\\/#primaryimage\"},\"thumbnailUrl\":\"https:\\\/\\\/all4camper.com\\\/wp-content\\\/uploads\\\/2021\\\/11\\\/ccc-6-2021_vejir2.jpeg\",\"datePublished\":\"2021-11-11T12:18:46+00:00\",\"dateModified\":\"2021-11-11T12:21:47+00:00\",\"description\":\"All4Camper - Novinky - Kempov\u00e1n\u00ed a karavaning - Nov\u00e9 \u010d\u00edslo \u010dasopisu Camping, Cars & Caravans je tady. Na co se v n\u011bm m\u016f\u017eete t\u011b\u0161it?\",\"breadcrumb\":{\"@id\":\"https:\\\/\\\/all4camper.com\\\/cs\\\/nove-cislo-casopisu-camping-cars-caravans-je-tady-na-co-se-v-nem-muzete-tesit\\\/#breadcrumb\"},\"inLanguage\":\"cs\",\"potentialAction\":[{\"@type\":\"ReadAction\",\"target\":[\"https:\\\/\\\/all4camper.com\\\/cs\\\/nove-cislo-casopisu-camping-cars-caravans-je-tady-na-co-se-v-nem-muzete-tesit\\\/\"]}]},{\"@type\":\"ImageObject\",\"inLanguage\":\"cs\",\"@id\":\"https:\\\/\\\/all4camper.com\\\/cs\\\/nove-cislo-casopisu-camping-cars-caravans-je-tady-na-co-se-v-nem-muzete-tesit\\\/#primaryimage\",\"url\":\"https:\\\/\\\/all4camper.com\\\/wp-content\\\/uploads\\\/2021\\\/11\\\/ccc-6-2021_vejir2.jpeg\",\"contentUrl\":\"https:\\\/\\\/all4camper.com\\\/wp-content\\\/uploads\\\/2021\\\/11\\\/ccc-6-2021_vejir2.jpeg\",\"width\":1200,\"height\":700},{\"@type\":\"BreadcrumbList\",\"@id\":\"https:\\\/\\\/all4camper.com\\\/cs\\\/nove-cislo-casopisu-camping-cars-caravans-je-tady-na-co-se-v-nem-muzete-tesit\\\/#breadcrumb\",\"itemListElement\":[{\"@type\":\"ListItem\",\"position\":1,\"name\":\"Dom\u016f\",\"item\":\"https:\\\/\\\/all4camper.com\\\/cs\\\/\"},{\"@type\":\"ListItem\",\"position\":2,\"name\":\"Novinky - Kempov\u00e1n\u00ed a karavaning\",\"item\":\"https:\\\/\\\/all4camper.com\\\/cs\\\/category\\\/novinky-kempovani-a-karavaning\\\/\"},{\"@type\":\"ListItem\",\"position\":3,\"name\":\"Nov\u00e9 \u010d\u00edslo \u010dasopisu Camping, Cars &#038; Caravans je tady. Na co se v n\u011bm m\u016f\u017eete t\u011b\u0161it?\"}]},{\"@type\":\"WebSite\",\"@id\":\"https:\\\/\\\/all4camper.com\\\/cs\\\/#website\",\"url\":\"https:\\\/\\\/all4camper.com\\\/cs\\\/\",\"name\":\"All4Camper\",\"description\":\"Nejv\u011bt\u0161\u00ed online magaz\u00edn o kempov\u00e1n\u00ed a karavaninku. V\u00edce jak 900 \u010dl\u00e1nk\u016f pln\u00fdch rad a tip\u016f o kempech a kempov\u00e1n\u00ed.\",\"publisher\":{\"@id\":\"https:\\\/\\\/all4camper.com\\\/cs\\\/#organization\"},\"potentialAction\":[{\"@type\":\"SearchAction\",\"target\":{\"@type\":\"EntryPoint\",\"urlTemplate\":\"https:\\\/\\\/all4camper.com\\\/cs\\\/?s={search_term_string}\"},\"query-input\":{\"@type\":\"PropertyValueSpecification\",\"valueRequired\":true,\"valueName\":\"search_term_string\"}}],\"inLanguage\":\"cs\"},{\"@type\":\"Organization\",\"@id\":\"https:\\\/\\\/all4camper.com\\\/cs\\\/#organization\",\"name\":\"All4Camper - kempujeme s Kl\u00e1rou\",\"url\":\"https:\\\/\\\/all4camper.com\\\/cs\\\/\",\"logo\":{\"@type\":\"ImageObject\",\"inLanguage\":\"cs\",\"@id\":\"https:\\\/\\\/all4camper.com\\\/cs\\\/#\\\/schema\\\/logo\\\/image\\\/\",\"url\":\"https:\\\/\\\/all4camper.com\\\/wp-content\\\/uploads\\\/2018\\\/09\\\/novelogo.png\",\"contentUrl\":\"https:\\\/\\\/all4camper.com\\\/wp-content\\\/uploads\\\/2018\\\/09\\\/novelogo.png\",\"width\":1520,\"height\":600,\"caption\":\"All4Camper - kempujeme s Kl\u00e1rou\"},\"image\":{\"@id\":\"https:\\\/\\\/all4camper.com\\\/cs\\\/#\\\/schema\\\/logo\\\/image\\\/\"}},{\"@type\":\"Person\",\"@id\":\"https:\\\/\\\/all4camper.com\\\/cs\\\/#\\\/schema\\\/person\\\/c6f1efdf1d02bc7d8c53a891cbe18c62\",\"name\":\"Kl\u00e1ra H\u00e1jkov\u00e1\",\"sameAs\":[\"http:\\\/\\\/www.all4camper.com\"],\"url\":\"https:\\\/\\\/all4camper.com\\\/cs\\\/author\\\/klarinkacestuje1\\\/\"}]}<\/script>\n<!-- \/ Yoast SEO plugin. -->","yoast_head_json":{"title":"Nov\u00e9 \u010d\u00edslo \u010dasopisu Camping, Cars & Caravans je tady. Na co se v n\u011bm m\u016f\u017eete t\u011b\u0161it? - All4Camper","description":"All4Camper - Novinky - Kempov\u00e1n\u00ed a karavaning - Nov\u00e9 \u010d\u00edslo \u010dasopisu Camping, Cars & Caravans je tady. Na co se v n\u011bm m\u016f\u017eete t\u011b\u0161it?","robots":{"index":"index","follow":"follow","max-snippet":"max-snippet:-1","max-image-preview":"max-image-preview:large","max-video-preview":"max-video-preview:-1"},"canonical":"https:\/\/all4camper.com\/cs\/nove-cislo-casopisu-camping-cars-caravans-je-tady-na-co-se-v-nem-muzete-tesit\/","og_locale":"cs_CZ","og_type":"article","og_title":"Nov\u00e9 \u010d\u00edslo \u010dasopisu Camping, Cars & Caravans je tady. Na co se v n\u011bm m\u016f\u017eete t\u011b\u0161it? - All4Camper","og_description":"All4Camper - Novinky - Kempov\u00e1n\u00ed a karavaning - Nov\u00e9 \u010d\u00edslo \u010dasopisu Camping, Cars & Caravans je tady. Na co se v n\u011bm m\u016f\u017eete t\u011b\u0161it?","og_url":"https:\/\/all4camper.com\/cs\/nove-cislo-casopisu-camping-cars-caravans-je-tady-na-co-se-v-nem-muzete-tesit\/","og_site_name":"All4Camper","article_published_time":"2021-11-11T12:18:46+00:00","article_modified_time":"2021-11-11T12:21:47+00:00","og_image":[{"width":1200,"height":700,"url":"https:\/\/all4camper.com\/wp-content\/uploads\/2021\/11\/ccc-6-2021_vejir2.jpeg","type":"image\/jpeg"}],"author":"Kl\u00e1ra H\u00e1jkov\u00e1","twitter_card":"summary_large_image","twitter_misc":{"Napsal(a)":"Kl\u00e1ra H\u00e1jkov\u00e1","Odhadovan\u00e1 doba \u010dten\u00ed":"3 minuty"},"schema":{"@context":"https:\/\/schema.org","@graph":[{"@type":"Article","@id":"https:\/\/all4camper.com\/cs\/nove-cislo-casopisu-camping-cars-caravans-je-tady-na-co-se-v-nem-muzete-tesit\/#article","isPartOf":{"@id":"https:\/\/all4camper.com\/cs\/nove-cislo-casopisu-camping-cars-caravans-je-tady-na-co-se-v-nem-muzete-tesit\/"},"author":{"name":"Kl\u00e1ra H\u00e1jkov\u00e1","@id":"https:\/\/all4camper.com\/cs\/#\/schema\/person\/c6f1efdf1d02bc7d8c53a891cbe18c62"},"headline":"Nov\u00e9 \u010d\u00edslo \u010dasopisu Camping, Cars &#038; Caravans je tady. Na co se v n\u011bm m\u016f\u017eete t\u011b\u0161it?","datePublished":"2021-11-11T12:18:46+00:00","dateModified":"2021-11-11T12:21:47+00:00","mainEntityOfPage":{"@id":"https:\/\/all4camper.com\/cs\/nove-cislo-casopisu-camping-cars-caravans-je-tady-na-co-se-v-nem-muzete-tesit\/"},"wordCount":576,"publisher":{"@id":"https:\/\/all4camper.com\/cs\/#organization"},"image":{"@id":"https:\/\/all4camper.com\/cs\/nove-cislo-casopisu-camping-cars-caravans-je-tady-na-co-se-v-nem-muzete-tesit\/#primaryimage"},"thumbnailUrl":"https:\/\/all4camper.com\/wp-content\/uploads\/2021\/11\/ccc-6-2021_vejir2.jpeg","keywords":["Rady-tipy-informace"],"articleSection":["Novinky - Kempov\u00e1n\u00ed a karavaning","Rady, tipy, informace"],"inLanguage":"cs"},{"@type":"WebPage","@id":"https:\/\/all4camper.com\/cs\/nove-cislo-casopisu-camping-cars-caravans-je-tady-na-co-se-v-nem-muzete-tesit\/","url":"https:\/\/all4camper.com\/cs\/nove-cislo-casopisu-camping-cars-caravans-je-tady-na-co-se-v-nem-muzete-tesit\/","name":"Nov\u00e9 \u010d\u00edslo \u010dasopisu Camping, Cars & Caravans je tady. Na co se v n\u011bm m\u016f\u017eete t\u011b\u0161it? - All4Camper","isPartOf":{"@id":"https:\/\/all4camper.com\/cs\/#website"},"primaryImageOfPage":{"@id":"https:\/\/all4camper.com\/cs\/nove-cislo-casopisu-camping-cars-caravans-je-tady-na-co-se-v-nem-muzete-tesit\/#primaryimage"},"image":{"@id":"https:\/\/all4camper.com\/cs\/nove-cislo-casopisu-camping-cars-caravans-je-tady-na-co-se-v-nem-muzete-tesit\/#primaryimage"},"thumbnailUrl":"https:\/\/all4camper.com\/wp-content\/uploads\/2021\/11\/ccc-6-2021_vejir2.jpeg","datePublished":"2021-11-11T12:18:46+00:00","dateModified":"2021-11-11T12:21:47+00:00","description":"All4Camper - Novinky - Kempov\u00e1n\u00ed a karavaning - Nov\u00e9 \u010d\u00edslo \u010dasopisu Camping, Cars & Caravans je tady. Na co se v n\u011bm m\u016f\u017eete t\u011b\u0161it?","breadcrumb":{"@id":"https:\/\/all4camper.com\/cs\/nove-cislo-casopisu-camping-cars-caravans-je-tady-na-co-se-v-nem-muzete-tesit\/#breadcrumb"},"inLanguage":"cs","potentialAction":[{"@type":"ReadAction","target":["https:\/\/all4camper.com\/cs\/nove-cislo-casopisu-camping-cars-caravans-je-tady-na-co-se-v-nem-muzete-tesit\/"]}]},{"@type":"ImageObject","inLanguage":"cs","@id":"https:\/\/all4camper.com\/cs\/nove-cislo-casopisu-camping-cars-caravans-je-tady-na-co-se-v-nem-muzete-tesit\/#primaryimage","url":"https:\/\/all4camper.com\/wp-content\/uploads\/2021\/11\/ccc-6-2021_vejir2.jpeg","contentUrl":"https:\/\/all4camper.com\/wp-content\/uploads\/2021\/11\/ccc-6-2021_vejir2.jpeg","width":1200,"height":700},{"@type":"BreadcrumbList","@id":"https:\/\/all4camper.com\/cs\/nove-cislo-casopisu-camping-cars-caravans-je-tady-na-co-se-v-nem-muzete-tesit\/#breadcrumb","itemListElement":[{"@type":"ListItem","position":1,"name":"Dom\u016f","item":"https:\/\/all4camper.com\/cs\/"},{"@type":"ListItem","position":2,"name":"Novinky - Kempov\u00e1n\u00ed a karavaning","item":"https:\/\/all4camper.com\/cs\/category\/novinky-kempovani-a-karavaning\/"},{"@type":"ListItem","position":3,"name":"Nov\u00e9 \u010d\u00edslo \u010dasopisu Camping, Cars &#038; Caravans je tady. Na co se v n\u011bm m\u016f\u017eete t\u011b\u0161it?"}]},{"@type":"WebSite","@id":"https:\/\/all4camper.com\/cs\/#website","url":"https:\/\/all4camper.com\/cs\/","name":"All4Camper","description":"Nejv\u011bt\u0161\u00ed online magaz\u00edn o kempov\u00e1n\u00ed a karavaninku. V\u00edce jak 900 \u010dl\u00e1nk\u016f pln\u00fdch rad a tip\u016f o kempech a kempov\u00e1n\u00ed.","publisher":{"@id":"https:\/\/all4camper.com\/cs\/#organization"},"potentialAction":[{"@type":"SearchAction","target":{"@type":"EntryPoint","urlTemplate":"https:\/\/all4camper.com\/cs\/?s={search_term_string}"},"query-input":{"@type":"PropertyValueSpecification","valueRequired":true,"valueName":"search_term_string"}}],"inLanguage":"cs"},{"@type":"Organization","@id":"https:\/\/all4camper.com\/cs\/#organization","name":"All4Camper - kempujeme s Kl\u00e1rou","url":"https:\/\/all4camper.com\/cs\/","logo":{"@type":"ImageObject","inLanguage":"cs","@id":"https:\/\/all4camper.com\/cs\/#\/schema\/logo\/image\/","url":"https:\/\/all4camper.com\/wp-content\/uploads\/2018\/09\/novelogo.png","contentUrl":"https:\/\/all4camper.com\/wp-content\/uploads\/2018\/09\/novelogo.png","width":1520,"height":600,"caption":"All4Camper - kempujeme s Kl\u00e1rou"},"image":{"@id":"https:\/\/all4camper.com\/cs\/#\/schema\/logo\/image\/"}},{"@type":"Person","@id":"https:\/\/all4camper.com\/cs\/#\/schema\/person\/c6f1efdf1d02bc7d8c53a891cbe18c62","name":"Kl\u00e1ra H\u00e1jkov\u00e1","sameAs":["http:\/\/www.all4camper.com"],"url":"https:\/\/all4camper.com\/cs\/author\/klarinkacestuje1\/"}]}},"_links":{"self":[{"href":"https:\/\/all4camper.com\/cs\/wp-json\/wp\/v2\/posts\/138165","targetHints":{"allow":["GET"]}}],"collection":[{"href":"https:\/\/all4camper.com\/cs\/wp-json\/wp\/v2\/posts"}],"about":[{"href":"https:\/\/all4camper.com\/cs\/wp-json\/wp\/v2\/types\/post"}],"author":[{"embeddable":true,"href":"https:\/\/all4camper.com\/cs\/wp-json\/wp\/v2\/users\/4"}],"replies":[{"embeddable":true,"href":"https:\/\/all4camper.com\/cs\/wp-json\/wp\/v2\/comments?post=138165"}],"version-history":[{"count":0,"href":"https:\/\/all4camper.com\/cs\/wp-json\/wp\/v2\/posts\/138165\/revisions"}],"wp:featuredmedia":[{"embeddable":true,"href":"https:\/\/all4camper.com\/cs\/wp-json\/wp\/v2\/media\/138166"}],"wp:attachment":[{"href":"https:\/\/all4camper.com\/cs\/wp-json\/wp\/v2\/media?parent=138165"}],"wp:term":[{"taxonomy":"category","embeddable":true,"href":"https:\/\/all4camper.com\/cs\/wp-json\/wp\/v2\/categories?post=138165"},{"taxonomy":"post_tag","embeddable":true,"href":"https:\/\/all4camper.com\/cs\/wp-json\/wp\/v2\/tags?post=138165"}],"curies":[{"name":"wp","href":"https:\/\/api.w.org\/{rel}","templated":true}]}}