{"id":138113,"date":"2021-11-10T08:56:53","date_gmt":"2021-11-10T07:56:53","guid":{"rendered":"https:\/\/all4camper.com\/\/?p=138113"},"modified":"2022-12-13T15:23:18","modified_gmt":"2022-12-13T14:23:18","slug":"super-tip-podel-nemeckeho-pobrezi-u-severniho-more-vznikla-stezka-pro-gurmany-cestujici-karavanem","status":"publish","type":"post","link":"https:\/\/all4camper.com\/cs\/super-tip-podel-nemeckeho-pobrezi-u-severniho-more-vznikla-stezka-pro-gurmany-cestujici-karavanem\/","title":{"rendered":"Super tip &#8211; Pod\u00e9l n\u011bmeck\u00e9ho pob\u0159e\u017e\u00ed u Severn\u00edho mo\u0159e vznikla stezka pro gurm\u00e1ny cestuj\u00edc\u00ed karavanem"},"content":{"rendered":"\n<p><strong>V\u00a0N\u011bmecku vznikla gurm\u00e1nsk\u00e1 ryb\u00ed stezka (Fisch-Genuss-Route) pro v\u0161echny milovn\u00edky cestov\u00e1n\u00ed, ryb a neopakovateln\u00fdch z\u00e1\u017eitk\u016f. Trasa vede z\u00a0Hamburku pod\u00e9l Labe a n\u00e1sledn\u011b pod\u00e9l b\u0159ehu Severn\u00edho mo\u0159e p\u0159i \u00fast\u00ed Labe a Vezery. Nechyb\u00ed zde velk\u00e9 mno\u017estv\u00ed kemp\u016f a parkovi\u0161\u0165, kde se m\u016f\u017eete ubytovat se sv\u00fdm karavanem, co\u017e ze stezky d\u011bl\u00e1 destinaci, kterou si majitel\u00e9 obytn\u00fdch voz\u016f jist\u011b obl\u00edb\u00ed.<\/strong><\/p>\n\n\n\n<figure class=\"wp-block-image size-full is-resized\"><img loading=\"lazy\" decoding=\"async\" src=\"https:\/\/all4camper.com\/\/wp-content\/uploads\/2021\/11\/fischgenussroute1.jpeg\" alt=\"\" class=\"wp-image-138114\" width=\"696\" height=\"522\" srcset=\"https:\/\/all4camper.com\/wp-content\/uploads\/2021\/11\/fischgenussroute1.jpeg 940w, https:\/\/all4camper.com\/wp-content\/uploads\/2021\/11\/fischgenussroute1-300x225.jpeg 300w, https:\/\/all4camper.com\/wp-content\/uploads\/2021\/11\/fischgenussroute1-150x113.jpeg 150w, https:\/\/all4camper.com\/wp-content\/uploads\/2021\/11\/fischgenussroute1-768x577.jpeg 768w, https:\/\/all4camper.com\/wp-content\/uploads\/2021\/11\/fischgenussroute1-696x523.jpeg 696w\" sizes=\"auto, (max-width: 696px) 100vw, 696px\" \/><\/figure>\n\n\n\n<p>Nov\u00e1 stezka nab\u00edz\u00ed velk\u00e9 mno\u017estv\u00ed p\u0159\u00edle\u017eitost\u00ed pro kr\u00e1tk\u00e9 jednodenn\u00ed v\u00fdlety i del\u0161\u00ed trasy, kter\u00e9 se si ka\u017ed\u00fd m\u016f\u017ee poskl\u00e1dat podle sv\u00fdch z\u00e1jm\u016f a po\u017eadavk\u016f. <strong>A tak z\u00e1le\u017e\u00ed na jednotliv\u00fdch cestovatel\u00edch, zda sem vyraz\u00ed se sv\u00fdm karavanem, projedou se pod\u00e9l mo\u0159sk\u00e9ho pob\u0159e\u017e\u00ed na kolech nebo se rozhodnou sv\u00e9zt se na plachetnici.<\/strong> Jeliko\u017e je v\u00a0projektu kladen velk\u00fd d\u016fraz na udr\u017eitelnost, stezka vyu\u017e\u00edv\u00e1 z\u00a0velk\u00e9 \u010d\u00e1sti ji\u017e existuj\u00edc\u00ed infrastruktury, jako jsou cyklostezky pod\u00e9l severomo\u0159sk\u00e9ho pob\u0159e\u017e\u00ed. <\/p>\n\n\n\n<p>B\u011bhem cesty najdete mnoho m\u00edst, kde se d\u00e1 zaparkovat s\u00a0obytn\u00fdm vozem. M\u016f\u017eete tak nocovat u zdymadla v\u00a0Bremerhavenu nebo na mole v\u00a0Gl\u00fcckstadtu. Vyrazit m\u016f\u017eete ale i bez sv\u00e9ho karavanu a p\u0159espat na r\u016fzn\u00fdch neobvykl\u00fdch m\u00edstech \u2013 t\u0159eba na maj\u00e1ku nebo p\u0159\u00edmo na lodi.<\/p>\n\n\n\n<figure class=\"wp-block-image size-large\"><img loading=\"lazy\" decoding=\"async\" width=\"1440\" height=\"1080\" src=\"https:\/\/all4camper.com\/\/wp-content\/uploads\/2021\/11\/rybi\u0301-stezka-ne\u030cmecko-2-1440x1080.jpeg\" alt=\"\" class=\"wp-image-138117\" srcset=\"https:\/\/all4camper.com\/wp-content\/uploads\/2021\/11\/rybi\u0301-stezka-ne\u030cmecko-2-1440x1080.jpeg 1440w, https:\/\/all4camper.com\/wp-content\/uploads\/2021\/11\/rybi\u0301-stezka-ne\u030cmecko-2-300x225.jpeg 300w, https:\/\/all4camper.com\/wp-content\/uploads\/2021\/11\/rybi\u0301-stezka-ne\u030cmecko-2-150x113.jpeg 150w, https:\/\/all4camper.com\/wp-content\/uploads\/2021\/11\/rybi\u0301-stezka-ne\u030cmecko-2-768x576.jpeg 768w, https:\/\/all4camper.com\/wp-content\/uploads\/2021\/11\/rybi\u0301-stezka-ne\u030cmecko-2-1536x1152.jpeg 1536w, https:\/\/all4camper.com\/wp-content\/uploads\/2021\/11\/rybi\u0301-stezka-ne\u030cmecko-2-696x522.jpeg 696w, https:\/\/all4camper.com\/wp-content\/uploads\/2021\/11\/rybi\u0301-stezka-ne\u030cmecko-2-1068x801.jpeg 1068w, https:\/\/all4camper.com\/wp-content\/uploads\/2021\/11\/rybi\u0301-stezka-ne\u030cmecko-2-1920x1440.jpeg 1920w, https:\/\/all4camper.com\/wp-content\/uploads\/2021\/11\/rybi\u0301-stezka-ne\u030cmecko-2.jpeg 2016w\" sizes=\"auto, (max-width: 1440px) 100vw, 1440px\" \/><\/figure>\n\n\n\n<p>Pro v\u011bt\u0161\u00ed p\u0159ehlednost je trasa d\u011blena do n\u011bkolika etap a z\u00e1le\u017e\u00ed jen na v\u00e1s, kterou si zvol\u00edte. Na ofici\u00e1ln\u00edch str\u00e1nk\u00e1ch najdete p\u0159ehlednou mapu, na n\u00ed\u017e jsou vyzna\u010deny jednotliv\u00e9 lokality, restaurace a m\u00edsta na ubytov\u00e1n\u00ed, tak\u017ee si svoji cestu budete moci napl\u00e1novat i bez v\u011bt\u0161\u00ed znalosti n\u011bmeck\u00e9ho jazyka. Najdete tu tak\u00e9 zvl\u00e1\u0161tn\u00ed mapu s\u00a0vyzna\u010den\u00fdmi parkovi\u0161ti pro obytn\u00e9 vozy, d\u00edky kter\u00e9 si m\u016f\u017eete zast\u00e1vky napl\u00e1novat dop\u0159edu, nebo je \u0159e\u0161it a\u017e b\u011bhem cesty podle toho, kam zrovna dojedete. (<strong>Celou trasu pro obytn\u00e9 vozy si zobraz\u00edte <a href=\"https:\/\/www.google.com\/maps\/d\/u\/0\/viewer?mid=1njYbAxz30oGf3pFTaTFXiLlF3fHpP2oz&amp;ll=53.95924411883587%2C9.321268755049887&amp;z=8\" target=\"_blank\" rel=\"noreferrer noopener\">tady<\/a><\/strong>, <strong>popisy jednotliv\u00fdch \u00fasek\u016f <a href=\"https:\/\/fischgenussroute.de\/wohnmobil\" target=\"_blank\" rel=\"noreferrer noopener\">tady<\/a><\/strong>.)<\/p>\n\n\n\n<figure class=\"wp-block-image size-full\"><img loading=\"lazy\" decoding=\"async\" width=\"1526\" height=\"866\" src=\"https:\/\/all4camper.com\/\/wp-content\/uploads\/2021\/11\/Sni\u0301mek-obrazovky-2021-11-10-v-8.50.55.png\" alt=\"\" class=\"wp-image-138120\" srcset=\"https:\/\/all4camper.com\/wp-content\/uploads\/2021\/11\/Sni\u0301mek-obrazovky-2021-11-10-v-8.50.55.png 1526w, https:\/\/all4camper.com\/wp-content\/uploads\/2021\/11\/Sni\u0301mek-obrazovky-2021-11-10-v-8.50.55-300x170.png 300w, https:\/\/all4camper.com\/wp-content\/uploads\/2021\/11\/Sni\u0301mek-obrazovky-2021-11-10-v-8.50.55-150x85.png 150w, https:\/\/all4camper.com\/wp-content\/uploads\/2021\/11\/Sni\u0301mek-obrazovky-2021-11-10-v-8.50.55-768x436.png 768w, https:\/\/all4camper.com\/wp-content\/uploads\/2021\/11\/Sni\u0301mek-obrazovky-2021-11-10-v-8.50.55-696x395.png 696w, https:\/\/all4camper.com\/wp-content\/uploads\/2021\/11\/Sni\u0301mek-obrazovky-2021-11-10-v-8.50.55-1068x606.png 1068w\" sizes=\"auto, (max-width: 1526px) 100vw, 1526px\" \/><\/figure>\n\n\n\n<p>Ofici\u00e1ln\u00ed str\u00e1nky ryb\u00ed gurm\u00e1nsk\u00e9 stezky jsou <a href=\"http:\/\/www.fischgenussroute.de\">www.fischgenussroute.de<\/a>. Sledovat m\u016f\u017eete i jej\u00ed profily na soci\u00e1ln\u00edch s\u00edt\u00edch <a href=\"https:\/\/www.facebook.com\/fischgenussroute\" target=\"_blank\" rel=\"noreferrer noopener nofollow\">Facebook<\/a> a <a href=\"https:\/\/www.facebook.com\/fischgenussroute\" target=\"_blank\" rel=\"noreferrer noopener nofollow\">Instagram<\/a>, kde se tak\u00e9 dozv\u00edte spoustu aktualit. Pokud by v\u00e1s zaj\u00edmaly informace od cestovatel\u016f, kte\u0159\u00ed stezku nav\u0161t\u00edvili p\u0159ed v\u00e1mi, nebo se chcete na soci\u00e1ln\u00edch s\u00edt\u00edch pochlubit fotkami a z\u00e1\u017eitky z\u00a0va\u0161\u00ed cesty, m\u016f\u017eete k\u00a0tomu vyu\u017e\u00edt ofici\u00e1ln\u00ed hashtagy: #Fischgenuss #Fischverliebt #DFGR.<\/p>\n\n\n\n<p>Gurm\u00e1nsk\u00e1 ryb\u00ed stezka je unik\u00e1tn\u00ed a nadregion\u00e1ln\u00ed spojen\u00ed severon\u011bmeck\u00fdch oblast\u00ed s\u00a0c\u00edlem podpo\u0159it region\u00e1ln\u00ed rozvoj, cestovn\u00ed ruch a umo\u017enit \u00fazkou spolupr\u00e1ci mezi turistick\u00fdmi a ryb\u00e1\u0159sk\u00fdmi spole\u010dnostmi. Mnoho dal\u0161\u00edch poskytovatel\u016f t\u011bchto slu\u017eeb se pl\u00e1nuje st\u00e1t partnery projektu. C\u00edlem je trasu v\u00a0budoucnu je\u0161t\u011b roz\u0161\u00ed\u0159it a dov\u00e9st a\u017e do Emdenu \u010di Leeru a na Severofr\u00edsk\u00e9 ostrovy.<\/p>\n\n\n\n<figure class=\"wp-block-image size-full\"><img loading=\"lazy\" decoding=\"async\" width=\"1285\" height=\"860\" src=\"https:\/\/all4camper.com\/\/wp-content\/uploads\/2021\/11\/rybi\u0301-stezka-ne\u030cmecko-3.jpeg\" alt=\"\" class=\"wp-image-138123\" srcset=\"https:\/\/all4camper.com\/wp-content\/uploads\/2021\/11\/rybi\u0301-stezka-ne\u030cmecko-3.jpeg 1285w, https:\/\/all4camper.com\/wp-content\/uploads\/2021\/11\/rybi\u0301-stezka-ne\u030cmecko-3-300x201.jpeg 300w, https:\/\/all4camper.com\/wp-content\/uploads\/2021\/11\/rybi\u0301-stezka-ne\u030cmecko-3-150x100.jpeg 150w, https:\/\/all4camper.com\/wp-content\/uploads\/2021\/11\/rybi\u0301-stezka-ne\u030cmecko-3-768x514.jpeg 768w, https:\/\/all4camper.com\/wp-content\/uploads\/2021\/11\/rybi\u0301-stezka-ne\u030cmecko-3-696x466.jpeg 696w, https:\/\/all4camper.com\/wp-content\/uploads\/2021\/11\/rybi\u0301-stezka-ne\u030cmecko-3-1068x715.jpeg 1068w\" sizes=\"auto, (max-width: 1285px) 100vw, 1285px\" \/><\/figure>\n\n\n\n<p>Partnersk\u00e1 m\u011bsta, kter\u00e1 spole\u010dn\u011b celou trasu vytvo\u0159ila, spojuje jedine\u010dn\u00e1 nab\u00eddka ryb\u00edch specialit, z\u00e1\u017eitk\u016f a pam\u00e1tek. Gurm\u00e1ni zde jist\u011b ocen\u00ed d\u016fraz, kter\u00fd je pod\u00e9l stezky kladen na region\u00e1ln\u00ed ryb\u00ed speciality, mezi nimi\u017e nechyb\u00ed krabi, ryb\u00ed rolky \u010di tapas.<\/p>\n\n\n\n<figure class=\"wp-block-image size-full\"><img loading=\"lazy\" decoding=\"async\" width=\"1440\" height=\"960\" src=\"https:\/\/all4camper.com\/\/wp-content\/uploads\/2021\/11\/rybi\u0301-stezka-ne\u030cmecko.jpeg\" alt=\"\" class=\"wp-image-138126\" srcset=\"https:\/\/all4camper.com\/wp-content\/uploads\/2021\/11\/rybi\u0301-stezka-ne\u030cmecko.jpeg 1440w, https:\/\/all4camper.com\/wp-content\/uploads\/2021\/11\/rybi\u0301-stezka-ne\u030cmecko-300x200.jpeg 300w, https:\/\/all4camper.com\/wp-content\/uploads\/2021\/11\/rybi\u0301-stezka-ne\u030cmecko-150x100.jpeg 150w, https:\/\/all4camper.com\/wp-content\/uploads\/2021\/11\/rybi\u0301-stezka-ne\u030cmecko-768x512.jpeg 768w, https:\/\/all4camper.com\/wp-content\/uploads\/2021\/11\/rybi\u0301-stezka-ne\u030cmecko-696x464.jpeg 696w, https:\/\/all4camper.com\/wp-content\/uploads\/2021\/11\/rybi\u0301-stezka-ne\u030cmecko-1068x712.jpeg 1068w\" sizes=\"auto, (max-width: 1440px) 100vw, 1440px\" \/><\/figure>\n\n\n\n<p>Stezka o\u017eivuje venkovsk\u00e9 oblasti pod\u00e9l cel\u00e9ho pob\u0159e\u017e\u00ed. Vynikaj\u00edc\u00ed m\u00edstn\u00ed produkty se tak dostanou do \u0161ir\u0161\u00edho pov\u011bdom\u00ed a ryb\u00e1\u0159i jsou d\u00edky tomu adekv\u00e1tn\u011b ocen\u011bni za svou pr\u00e1ci. Rybolov byl toti\u017e odjak\u017eiva ned\u00edlnou sou\u010d\u00e1st\u00ed severn\u00edho N\u011bmecka.<\/p>\n\n\n\n<p>Projekt je navr\u017een jako dlouhodob\u00e1 marketingov\u00e1 a prodejn\u00ed spolupr\u00e1ce pro oblasti s\u00a0charakteristick\u00fdm ryb\u00e1\u0159sk\u00fdm prost\u0159ed\u00edm a ryb\u00edmi produkty a je spolufinancov\u00e1n Evropsk\u00fdm n\u00e1mo\u0159n\u00edm a ryb\u00e1\u0159sk\u00fdm fondem. Gurm\u00e1nsk\u00e1 ryb\u00ed stezka snadno zvl\u00e1dne dr\u017eet krok s\u00a0mezin\u00e1rodn\u011b zaveden\u00fdmi projekty jako je nap\u0159\u00edklad N\u011bmeck\u00e1 vinn\u00e1 stezka.<\/p>\n\n\n\n<p><em>Zdroj: TZ <meta charset=\"utf-8\"><a href=\"http:\/\/www.fischgenussroute.de\">fischgenussroute.de<\/a><\/em><\/p>\n","protected":false},"excerpt":{"rendered":"<p>V\u00a0N\u011bmecku vznikla gurm\u00e1nsk\u00e1 ryb\u00ed stezka (Fisch-Genuss-Route) pro v\u0161echny milovn\u00edky cestov\u00e1n\u00ed, ryb a neopakovateln\u00fdch z\u00e1\u017eitk\u016f. Trasa vede z\u00a0Hamburku pod\u00e9l Labe a n\u00e1sledn\u011b pod\u00e9l b\u0159ehu Severn\u00edho mo\u0159e p\u0159i \u00fast\u00ed Labe a Vezery. Nechyb\u00ed zde velk\u00e9 mno\u017estv\u00ed kemp\u016f a parkovi\u0161\u0165, kde se m\u016f\u017eete ubytovat se sv\u00fdm karavanem, co\u017e ze stezky d\u011bl\u00e1 destinaci, kterou si majitel\u00e9 obytn\u00fdch voz\u016f jist\u011b [&hellip;]<\/p>\n","protected":false},"author":4,"featured_media":138123,"comment_status":"closed","ping_status":"open","sticky":false,"template":"","format":"standard","meta":{"_monsterinsights_skip_tracking":false,"_monsterinsights_sitenote_active":false,"_monsterinsights_sitenote_note":"","_monsterinsights_sitenote_category":0,"footnotes":""},"categories":[2377,422],"tags":[97,325,226],"class_list":{"0":"post-138113","1":"post","2":"type-post","3":"status-publish","4":"format-standard","5":"has-post-thumbnail","7":"category-kempovani-a-cestovani-v-nemecku","8":"category-novinky-kempovani-a-karavaning","9":"tag-nemecko","10":"tag-poznavaci-dovolena","11":"tag-rady-a-tipy"},"yoast_head":"<!-- This site is optimized with the Yoast SEO plugin v27.5 - https:\/\/yoast.com\/product\/yoast-seo-wordpress\/ -->\n<title>Super tip - Pod\u00e9l n\u011bmeck\u00e9ho pob\u0159e\u017e\u00ed u Severn\u00edho mo\u0159e vznikla stezka pro gurm\u00e1ny cestuj\u00edc\u00ed karavanem - All4Camper<\/title>\n<meta name=\"description\" content=\"A tak z\u00e1le\u017e\u00ed na jednotliv\u00fdch cestovatel\u00edch, zda sem vyraz\u00ed se sv\u00fdm karavanem, projedou se pod\u00e9l mo\u0159sk\u00e9ho pob\u0159e\u017e\u00ed na kolech nebo se rozhodnou sv\u00e9zt se na plachetnici. Jeliko\u017e je v\u00a0projektu kladen velk\u00fd d\u016fraz na udr\u017eitelnost, stezka vyu\u017e\u00edv\u00e1 z\u00a0velk\u00e9 \u010d\u00e1sti ji\u017e existuj\u00edc\u00ed infrastruktury, jako jsou cyklostezky pod\u00e9l severomo\u0159sk\u00e9ho pob\u0159e\u017e\u00ed.\" \/>\n<meta name=\"robots\" content=\"index, follow, max-snippet:-1, max-image-preview:large, max-video-preview:-1\" \/>\n<link rel=\"canonical\" href=\"https:\/\/all4camper.com\/cs\/super-tip-podel-nemeckeho-pobrezi-u-severniho-more-vznikla-stezka-pro-gurmany-cestujici-karavanem\/\" \/>\n<meta property=\"og:locale\" content=\"cs_CZ\" \/>\n<meta property=\"og:type\" content=\"article\" \/>\n<meta property=\"og:title\" content=\"Super tip - Pod\u00e9l n\u011bmeck\u00e9ho pob\u0159e\u017e\u00ed u Severn\u00edho mo\u0159e vznikla stezka pro gurm\u00e1ny cestuj\u00edc\u00ed karavanem - All4Camper\" \/>\n<meta property=\"og:description\" content=\"A tak z\u00e1le\u017e\u00ed na jednotliv\u00fdch cestovatel\u00edch, zda sem vyraz\u00ed se sv\u00fdm karavanem, projedou se pod\u00e9l mo\u0159sk\u00e9ho pob\u0159e\u017e\u00ed na kolech nebo se rozhodnou sv\u00e9zt se na plachetnici. Jeliko\u017e je v\u00a0projektu kladen velk\u00fd d\u016fraz na udr\u017eitelnost, stezka vyu\u017e\u00edv\u00e1 z\u00a0velk\u00e9 \u010d\u00e1sti ji\u017e existuj\u00edc\u00ed infrastruktury, jako jsou cyklostezky pod\u00e9l severomo\u0159sk\u00e9ho pob\u0159e\u017e\u00ed.\" \/>\n<meta property=\"og:url\" content=\"https:\/\/all4camper.com\/cs\/super-tip-podel-nemeckeho-pobrezi-u-severniho-more-vznikla-stezka-pro-gurmany-cestujici-karavanem\/\" \/>\n<meta property=\"og:site_name\" content=\"All4Camper\" \/>\n<meta property=\"article:published_time\" content=\"2021-11-10T07:56:53+00:00\" \/>\n<meta property=\"article:modified_time\" content=\"2022-12-13T14:23:18+00:00\" \/>\n<meta property=\"og:image\" content=\"https:\/\/all4camper.com\/wp-content\/uploads\/2021\/11\/rybi\u0301-stezka-ne\u030cmecko-3.jpeg\" \/>\n\t<meta property=\"og:image:width\" content=\"1285\" \/>\n\t<meta property=\"og:image:height\" content=\"860\" \/>\n\t<meta property=\"og:image:type\" content=\"image\/jpeg\" \/>\n<meta name=\"author\" content=\"Kl\u00e1ra H\u00e1jkov\u00e1\" \/>\n<meta name=\"twitter:card\" content=\"summary_large_image\" \/>\n<meta name=\"twitter:label1\" content=\"Napsal(a)\" \/>\n\t<meta name=\"twitter:data1\" content=\"Kl\u00e1ra H\u00e1jkov\u00e1\" \/>\n\t<meta name=\"twitter:label2\" content=\"Odhadovan\u00e1 doba \u010dten\u00ed\" \/>\n\t<meta name=\"twitter:data2\" content=\"4 minuty\" \/>\n<script type=\"application\/ld+json\" class=\"yoast-schema-graph\">{\"@context\":\"https:\\\/\\\/schema.org\",\"@graph\":[{\"@type\":\"Article\",\"@id\":\"https:\\\/\\\/all4camper.com\\\/cs\\\/super-tip-podel-nemeckeho-pobrezi-u-severniho-more-vznikla-stezka-pro-gurmany-cestujici-karavanem\\\/#article\",\"isPartOf\":{\"@id\":\"https:\\\/\\\/all4camper.com\\\/cs\\\/super-tip-podel-nemeckeho-pobrezi-u-severniho-more-vznikla-stezka-pro-gurmany-cestujici-karavanem\\\/\"},\"author\":{\"name\":\"Kl\u00e1ra H\u00e1jkov\u00e1\",\"@id\":\"https:\\\/\\\/all4camper.com\\\/cs\\\/#\\\/schema\\\/person\\\/c6f1efdf1d02bc7d8c53a891cbe18c62\"},\"headline\":\"Super tip &#8211; Pod\u00e9l n\u011bmeck\u00e9ho pob\u0159e\u017e\u00ed u Severn\u00edho mo\u0159e vznikla stezka pro gurm\u00e1ny cestuj\u00edc\u00ed karavanem\",\"datePublished\":\"2021-11-10T07:56:53+00:00\",\"dateModified\":\"2022-12-13T14:23:18+00:00\",\"mainEntityOfPage\":{\"@id\":\"https:\\\/\\\/all4camper.com\\\/cs\\\/super-tip-podel-nemeckeho-pobrezi-u-severniho-more-vznikla-stezka-pro-gurmany-cestujici-karavanem\\\/\"},\"wordCount\":714,\"publisher\":{\"@id\":\"https:\\\/\\\/all4camper.com\\\/cs\\\/#organization\"},\"image\":{\"@id\":\"https:\\\/\\\/all4camper.com\\\/cs\\\/super-tip-podel-nemeckeho-pobrezi-u-severniho-more-vznikla-stezka-pro-gurmany-cestujici-karavanem\\\/#primaryimage\"},\"thumbnailUrl\":\"https:\\\/\\\/all4camper.com\\\/wp-content\\\/uploads\\\/2021\\\/11\\\/rybi\u0301-stezka-ne\u030cmecko-3.jpeg\",\"keywords\":[\"N\u011bmecko\",\"Pozn\u00e1vac\u00ed dovolen\u00e1\",\"Rady-tipy-informace\"],\"articleSection\":[\"Kempov\u00e1n\u00ed a cestov\u00e1n\u00ed v N\u011bmecku\",\"Novinky - Kempov\u00e1n\u00ed a karavaning\"],\"inLanguage\":\"cs\"},{\"@type\":\"WebPage\",\"@id\":\"https:\\\/\\\/all4camper.com\\\/cs\\\/super-tip-podel-nemeckeho-pobrezi-u-severniho-more-vznikla-stezka-pro-gurmany-cestujici-karavanem\\\/\",\"url\":\"https:\\\/\\\/all4camper.com\\\/cs\\\/super-tip-podel-nemeckeho-pobrezi-u-severniho-more-vznikla-stezka-pro-gurmany-cestujici-karavanem\\\/\",\"name\":\"Super tip - Pod\u00e9l n\u011bmeck\u00e9ho pob\u0159e\u017e\u00ed u Severn\u00edho mo\u0159e vznikla stezka pro gurm\u00e1ny cestuj\u00edc\u00ed karavanem - All4Camper\",\"isPartOf\":{\"@id\":\"https:\\\/\\\/all4camper.com\\\/cs\\\/#website\"},\"primaryImageOfPage\":{\"@id\":\"https:\\\/\\\/all4camper.com\\\/cs\\\/super-tip-podel-nemeckeho-pobrezi-u-severniho-more-vznikla-stezka-pro-gurmany-cestujici-karavanem\\\/#primaryimage\"},\"image\":{\"@id\":\"https:\\\/\\\/all4camper.com\\\/cs\\\/super-tip-podel-nemeckeho-pobrezi-u-severniho-more-vznikla-stezka-pro-gurmany-cestujici-karavanem\\\/#primaryimage\"},\"thumbnailUrl\":\"https:\\\/\\\/all4camper.com\\\/wp-content\\\/uploads\\\/2021\\\/11\\\/rybi\u0301-stezka-ne\u030cmecko-3.jpeg\",\"datePublished\":\"2021-11-10T07:56:53+00:00\",\"dateModified\":\"2022-12-13T14:23:18+00:00\",\"description\":\"A tak z\u00e1le\u017e\u00ed na jednotliv\u00fdch cestovatel\u00edch, zda sem vyraz\u00ed se sv\u00fdm karavanem, projedou se pod\u00e9l mo\u0159sk\u00e9ho pob\u0159e\u017e\u00ed na kolech nebo se rozhodnou sv\u00e9zt se na plachetnici. Jeliko\u017e je v\u00a0projektu kladen velk\u00fd d\u016fraz na udr\u017eitelnost, stezka vyu\u017e\u00edv\u00e1 z\u00a0velk\u00e9 \u010d\u00e1sti ji\u017e existuj\u00edc\u00ed infrastruktury, jako jsou cyklostezky pod\u00e9l severomo\u0159sk\u00e9ho pob\u0159e\u017e\u00ed.\",\"breadcrumb\":{\"@id\":\"https:\\\/\\\/all4camper.com\\\/cs\\\/super-tip-podel-nemeckeho-pobrezi-u-severniho-more-vznikla-stezka-pro-gurmany-cestujici-karavanem\\\/#breadcrumb\"},\"inLanguage\":\"cs\",\"potentialAction\":[{\"@type\":\"ReadAction\",\"target\":[\"https:\\\/\\\/all4camper.com\\\/cs\\\/super-tip-podel-nemeckeho-pobrezi-u-severniho-more-vznikla-stezka-pro-gurmany-cestujici-karavanem\\\/\"]}]},{\"@type\":\"ImageObject\",\"inLanguage\":\"cs\",\"@id\":\"https:\\\/\\\/all4camper.com\\\/cs\\\/super-tip-podel-nemeckeho-pobrezi-u-severniho-more-vznikla-stezka-pro-gurmany-cestujici-karavanem\\\/#primaryimage\",\"url\":\"https:\\\/\\\/all4camper.com\\\/wp-content\\\/uploads\\\/2021\\\/11\\\/rybi\u0301-stezka-ne\u030cmecko-3.jpeg\",\"contentUrl\":\"https:\\\/\\\/all4camper.com\\\/wp-content\\\/uploads\\\/2021\\\/11\\\/rybi\u0301-stezka-ne\u030cmecko-3.jpeg\",\"width\":1285,\"height\":860},{\"@type\":\"BreadcrumbList\",\"@id\":\"https:\\\/\\\/all4camper.com\\\/cs\\\/super-tip-podel-nemeckeho-pobrezi-u-severniho-more-vznikla-stezka-pro-gurmany-cestujici-karavanem\\\/#breadcrumb\",\"itemListElement\":[{\"@type\":\"ListItem\",\"position\":1,\"name\":\"Dom\u016f\",\"item\":\"https:\\\/\\\/all4camper.com\\\/cs\\\/\"},{\"@type\":\"ListItem\",\"position\":2,\"name\":\"Kempov\u00e1n\u00ed a cestov\u00e1n\u00ed v N\u011bmecku\",\"item\":\"https:\\\/\\\/all4camper.com\\\/cs\\\/category\\\/kempovani-a-cestovani-v-nemecku\\\/\"},{\"@type\":\"ListItem\",\"position\":3,\"name\":\"Super tip &#8211; Pod\u00e9l n\u011bmeck\u00e9ho pob\u0159e\u017e\u00ed u Severn\u00edho mo\u0159e vznikla stezka pro gurm\u00e1ny cestuj\u00edc\u00ed karavanem\"}]},{\"@type\":\"WebSite\",\"@id\":\"https:\\\/\\\/all4camper.com\\\/cs\\\/#website\",\"url\":\"https:\\\/\\\/all4camper.com\\\/cs\\\/\",\"name\":\"All4Camper\",\"description\":\"Nejv\u011bt\u0161\u00ed online magaz\u00edn o kempov\u00e1n\u00ed a karavaninku. V\u00edce jak 900 \u010dl\u00e1nk\u016f pln\u00fdch rad a tip\u016f o kempech a kempov\u00e1n\u00ed.\",\"publisher\":{\"@id\":\"https:\\\/\\\/all4camper.com\\\/cs\\\/#organization\"},\"potentialAction\":[{\"@type\":\"SearchAction\",\"target\":{\"@type\":\"EntryPoint\",\"urlTemplate\":\"https:\\\/\\\/all4camper.com\\\/cs\\\/?s={search_term_string}\"},\"query-input\":{\"@type\":\"PropertyValueSpecification\",\"valueRequired\":true,\"valueName\":\"search_term_string\"}}],\"inLanguage\":\"cs\"},{\"@type\":\"Organization\",\"@id\":\"https:\\\/\\\/all4camper.com\\\/cs\\\/#organization\",\"name\":\"All4Camper - kempujeme s Kl\u00e1rou\",\"url\":\"https:\\\/\\\/all4camper.com\\\/cs\\\/\",\"logo\":{\"@type\":\"ImageObject\",\"inLanguage\":\"cs\",\"@id\":\"https:\\\/\\\/all4camper.com\\\/cs\\\/#\\\/schema\\\/logo\\\/image\\\/\",\"url\":\"https:\\\/\\\/all4camper.com\\\/wp-content\\\/uploads\\\/2018\\\/09\\\/novelogo.png\",\"contentUrl\":\"https:\\\/\\\/all4camper.com\\\/wp-content\\\/uploads\\\/2018\\\/09\\\/novelogo.png\",\"width\":1520,\"height\":600,\"caption\":\"All4Camper - kempujeme s Kl\u00e1rou\"},\"image\":{\"@id\":\"https:\\\/\\\/all4camper.com\\\/cs\\\/#\\\/schema\\\/logo\\\/image\\\/\"}},{\"@type\":\"Person\",\"@id\":\"https:\\\/\\\/all4camper.com\\\/cs\\\/#\\\/schema\\\/person\\\/c6f1efdf1d02bc7d8c53a891cbe18c62\",\"name\":\"Kl\u00e1ra H\u00e1jkov\u00e1\",\"sameAs\":[\"http:\\\/\\\/www.all4camper.com\"],\"url\":\"https:\\\/\\\/all4camper.com\\\/cs\\\/author\\\/klarinkacestuje1\\\/\"}]}<\/script>\n<!-- \/ Yoast SEO plugin. -->","yoast_head_json":{"title":"Super tip - Pod\u00e9l n\u011bmeck\u00e9ho pob\u0159e\u017e\u00ed u Severn\u00edho mo\u0159e vznikla stezka pro gurm\u00e1ny cestuj\u00edc\u00ed karavanem - All4Camper","description":"A tak z\u00e1le\u017e\u00ed na jednotliv\u00fdch cestovatel\u00edch, zda sem vyraz\u00ed se sv\u00fdm karavanem, projedou se pod\u00e9l mo\u0159sk\u00e9ho pob\u0159e\u017e\u00ed na kolech nebo se rozhodnou sv\u00e9zt se na plachetnici. Jeliko\u017e je v\u00a0projektu kladen velk\u00fd d\u016fraz na udr\u017eitelnost, stezka vyu\u017e\u00edv\u00e1 z\u00a0velk\u00e9 \u010d\u00e1sti ji\u017e existuj\u00edc\u00ed infrastruktury, jako jsou cyklostezky pod\u00e9l severomo\u0159sk\u00e9ho pob\u0159e\u017e\u00ed.","robots":{"index":"index","follow":"follow","max-snippet":"max-snippet:-1","max-image-preview":"max-image-preview:large","max-video-preview":"max-video-preview:-1"},"canonical":"https:\/\/all4camper.com\/cs\/super-tip-podel-nemeckeho-pobrezi-u-severniho-more-vznikla-stezka-pro-gurmany-cestujici-karavanem\/","og_locale":"cs_CZ","og_type":"article","og_title":"Super tip - Pod\u00e9l n\u011bmeck\u00e9ho pob\u0159e\u017e\u00ed u Severn\u00edho mo\u0159e vznikla stezka pro gurm\u00e1ny cestuj\u00edc\u00ed karavanem - All4Camper","og_description":"A tak z\u00e1le\u017e\u00ed na jednotliv\u00fdch cestovatel\u00edch, zda sem vyraz\u00ed se sv\u00fdm karavanem, projedou se pod\u00e9l mo\u0159sk\u00e9ho pob\u0159e\u017e\u00ed na kolech nebo se rozhodnou sv\u00e9zt se na plachetnici. Jeliko\u017e je v\u00a0projektu kladen velk\u00fd d\u016fraz na udr\u017eitelnost, stezka vyu\u017e\u00edv\u00e1 z\u00a0velk\u00e9 \u010d\u00e1sti ji\u017e existuj\u00edc\u00ed infrastruktury, jako jsou cyklostezky pod\u00e9l severomo\u0159sk\u00e9ho pob\u0159e\u017e\u00ed.","og_url":"https:\/\/all4camper.com\/cs\/super-tip-podel-nemeckeho-pobrezi-u-severniho-more-vznikla-stezka-pro-gurmany-cestujici-karavanem\/","og_site_name":"All4Camper","article_published_time":"2021-11-10T07:56:53+00:00","article_modified_time":"2022-12-13T14:23:18+00:00","og_image":[{"width":1285,"height":860,"url":"https:\/\/all4camper.com\/wp-content\/uploads\/2021\/11\/rybi\u0301-stezka-ne\u030cmecko-3.jpeg","type":"image\/jpeg"}],"author":"Kl\u00e1ra H\u00e1jkov\u00e1","twitter_card":"summary_large_image","twitter_misc":{"Napsal(a)":"Kl\u00e1ra H\u00e1jkov\u00e1","Odhadovan\u00e1 doba \u010dten\u00ed":"4 minuty"},"schema":{"@context":"https:\/\/schema.org","@graph":[{"@type":"Article","@id":"https:\/\/all4camper.com\/cs\/super-tip-podel-nemeckeho-pobrezi-u-severniho-more-vznikla-stezka-pro-gurmany-cestujici-karavanem\/#article","isPartOf":{"@id":"https:\/\/all4camper.com\/cs\/super-tip-podel-nemeckeho-pobrezi-u-severniho-more-vznikla-stezka-pro-gurmany-cestujici-karavanem\/"},"author":{"name":"Kl\u00e1ra H\u00e1jkov\u00e1","@id":"https:\/\/all4camper.com\/cs\/#\/schema\/person\/c6f1efdf1d02bc7d8c53a891cbe18c62"},"headline":"Super tip &#8211; Pod\u00e9l n\u011bmeck\u00e9ho pob\u0159e\u017e\u00ed u Severn\u00edho mo\u0159e vznikla stezka pro gurm\u00e1ny cestuj\u00edc\u00ed karavanem","datePublished":"2021-11-10T07:56:53+00:00","dateModified":"2022-12-13T14:23:18+00:00","mainEntityOfPage":{"@id":"https:\/\/all4camper.com\/cs\/super-tip-podel-nemeckeho-pobrezi-u-severniho-more-vznikla-stezka-pro-gurmany-cestujici-karavanem\/"},"wordCount":714,"publisher":{"@id":"https:\/\/all4camper.com\/cs\/#organization"},"image":{"@id":"https:\/\/all4camper.com\/cs\/super-tip-podel-nemeckeho-pobrezi-u-severniho-more-vznikla-stezka-pro-gurmany-cestujici-karavanem\/#primaryimage"},"thumbnailUrl":"https:\/\/all4camper.com\/wp-content\/uploads\/2021\/11\/rybi\u0301-stezka-ne\u030cmecko-3.jpeg","keywords":["N\u011bmecko","Pozn\u00e1vac\u00ed dovolen\u00e1","Rady-tipy-informace"],"articleSection":["Kempov\u00e1n\u00ed a cestov\u00e1n\u00ed v N\u011bmecku","Novinky - Kempov\u00e1n\u00ed a karavaning"],"inLanguage":"cs"},{"@type":"WebPage","@id":"https:\/\/all4camper.com\/cs\/super-tip-podel-nemeckeho-pobrezi-u-severniho-more-vznikla-stezka-pro-gurmany-cestujici-karavanem\/","url":"https:\/\/all4camper.com\/cs\/super-tip-podel-nemeckeho-pobrezi-u-severniho-more-vznikla-stezka-pro-gurmany-cestujici-karavanem\/","name":"Super tip - Pod\u00e9l n\u011bmeck\u00e9ho pob\u0159e\u017e\u00ed u Severn\u00edho mo\u0159e vznikla stezka pro gurm\u00e1ny cestuj\u00edc\u00ed karavanem - All4Camper","isPartOf":{"@id":"https:\/\/all4camper.com\/cs\/#website"},"primaryImageOfPage":{"@id":"https:\/\/all4camper.com\/cs\/super-tip-podel-nemeckeho-pobrezi-u-severniho-more-vznikla-stezka-pro-gurmany-cestujici-karavanem\/#primaryimage"},"image":{"@id":"https:\/\/all4camper.com\/cs\/super-tip-podel-nemeckeho-pobrezi-u-severniho-more-vznikla-stezka-pro-gurmany-cestujici-karavanem\/#primaryimage"},"thumbnailUrl":"https:\/\/all4camper.com\/wp-content\/uploads\/2021\/11\/rybi\u0301-stezka-ne\u030cmecko-3.jpeg","datePublished":"2021-11-10T07:56:53+00:00","dateModified":"2022-12-13T14:23:18+00:00","description":"A tak z\u00e1le\u017e\u00ed na jednotliv\u00fdch cestovatel\u00edch, zda sem vyraz\u00ed se sv\u00fdm karavanem, projedou se pod\u00e9l mo\u0159sk\u00e9ho pob\u0159e\u017e\u00ed na kolech nebo se rozhodnou sv\u00e9zt se na plachetnici. Jeliko\u017e je v\u00a0projektu kladen velk\u00fd d\u016fraz na udr\u017eitelnost, stezka vyu\u017e\u00edv\u00e1 z\u00a0velk\u00e9 \u010d\u00e1sti ji\u017e existuj\u00edc\u00ed infrastruktury, jako jsou cyklostezky pod\u00e9l severomo\u0159sk\u00e9ho pob\u0159e\u017e\u00ed.","breadcrumb":{"@id":"https:\/\/all4camper.com\/cs\/super-tip-podel-nemeckeho-pobrezi-u-severniho-more-vznikla-stezka-pro-gurmany-cestujici-karavanem\/#breadcrumb"},"inLanguage":"cs","potentialAction":[{"@type":"ReadAction","target":["https:\/\/all4camper.com\/cs\/super-tip-podel-nemeckeho-pobrezi-u-severniho-more-vznikla-stezka-pro-gurmany-cestujici-karavanem\/"]}]},{"@type":"ImageObject","inLanguage":"cs","@id":"https:\/\/all4camper.com\/cs\/super-tip-podel-nemeckeho-pobrezi-u-severniho-more-vznikla-stezka-pro-gurmany-cestujici-karavanem\/#primaryimage","url":"https:\/\/all4camper.com\/wp-content\/uploads\/2021\/11\/rybi\u0301-stezka-ne\u030cmecko-3.jpeg","contentUrl":"https:\/\/all4camper.com\/wp-content\/uploads\/2021\/11\/rybi\u0301-stezka-ne\u030cmecko-3.jpeg","width":1285,"height":860},{"@type":"BreadcrumbList","@id":"https:\/\/all4camper.com\/cs\/super-tip-podel-nemeckeho-pobrezi-u-severniho-more-vznikla-stezka-pro-gurmany-cestujici-karavanem\/#breadcrumb","itemListElement":[{"@type":"ListItem","position":1,"name":"Dom\u016f","item":"https:\/\/all4camper.com\/cs\/"},{"@type":"ListItem","position":2,"name":"Kempov\u00e1n\u00ed a cestov\u00e1n\u00ed v N\u011bmecku","item":"https:\/\/all4camper.com\/cs\/category\/kempovani-a-cestovani-v-nemecku\/"},{"@type":"ListItem","position":3,"name":"Super tip &#8211; Pod\u00e9l n\u011bmeck\u00e9ho pob\u0159e\u017e\u00ed u Severn\u00edho mo\u0159e vznikla stezka pro gurm\u00e1ny cestuj\u00edc\u00ed karavanem"}]},{"@type":"WebSite","@id":"https:\/\/all4camper.com\/cs\/#website","url":"https:\/\/all4camper.com\/cs\/","name":"All4Camper","description":"Nejv\u011bt\u0161\u00ed online magaz\u00edn o kempov\u00e1n\u00ed a karavaninku. V\u00edce jak 900 \u010dl\u00e1nk\u016f pln\u00fdch rad a tip\u016f o kempech a kempov\u00e1n\u00ed.","publisher":{"@id":"https:\/\/all4camper.com\/cs\/#organization"},"potentialAction":[{"@type":"SearchAction","target":{"@type":"EntryPoint","urlTemplate":"https:\/\/all4camper.com\/cs\/?s={search_term_string}"},"query-input":{"@type":"PropertyValueSpecification","valueRequired":true,"valueName":"search_term_string"}}],"inLanguage":"cs"},{"@type":"Organization","@id":"https:\/\/all4camper.com\/cs\/#organization","name":"All4Camper - kempujeme s Kl\u00e1rou","url":"https:\/\/all4camper.com\/cs\/","logo":{"@type":"ImageObject","inLanguage":"cs","@id":"https:\/\/all4camper.com\/cs\/#\/schema\/logo\/image\/","url":"https:\/\/all4camper.com\/wp-content\/uploads\/2018\/09\/novelogo.png","contentUrl":"https:\/\/all4camper.com\/wp-content\/uploads\/2018\/09\/novelogo.png","width":1520,"height":600,"caption":"All4Camper - kempujeme s Kl\u00e1rou"},"image":{"@id":"https:\/\/all4camper.com\/cs\/#\/schema\/logo\/image\/"}},{"@type":"Person","@id":"https:\/\/all4camper.com\/cs\/#\/schema\/person\/c6f1efdf1d02bc7d8c53a891cbe18c62","name":"Kl\u00e1ra H\u00e1jkov\u00e1","sameAs":["http:\/\/www.all4camper.com"],"url":"https:\/\/all4camper.com\/cs\/author\/klarinkacestuje1\/"}]}},"_links":{"self":[{"href":"https:\/\/all4camper.com\/cs\/wp-json\/wp\/v2\/posts\/138113","targetHints":{"allow":["GET"]}}],"collection":[{"href":"https:\/\/all4camper.com\/cs\/wp-json\/wp\/v2\/posts"}],"about":[{"href":"https:\/\/all4camper.com\/cs\/wp-json\/wp\/v2\/types\/post"}],"author":[{"embeddable":true,"href":"https:\/\/all4camper.com\/cs\/wp-json\/wp\/v2\/users\/4"}],"replies":[{"embeddable":true,"href":"https:\/\/all4camper.com\/cs\/wp-json\/wp\/v2\/comments?post=138113"}],"version-history":[{"count":0,"href":"https:\/\/all4camper.com\/cs\/wp-json\/wp\/v2\/posts\/138113\/revisions"}],"wp:featuredmedia":[{"embeddable":true,"href":"https:\/\/all4camper.com\/cs\/wp-json\/wp\/v2\/media\/138123"}],"wp:attachment":[{"href":"https:\/\/all4camper.com\/cs\/wp-json\/wp\/v2\/media?parent=138113"}],"wp:term":[{"taxonomy":"category","embeddable":true,"href":"https:\/\/all4camper.com\/cs\/wp-json\/wp\/v2\/categories?post=138113"},{"taxonomy":"post_tag","embeddable":true,"href":"https:\/\/all4camper.com\/cs\/wp-json\/wp\/v2\/tags?post=138113"}],"curies":[{"name":"wp","href":"https:\/\/api.w.org\/{rel}","templated":true}]}}