{"id":137700,"date":"2021-10-19T10:42:04","date_gmt":"2021-10-19T08:42:04","guid":{"rendered":"https:\/\/all4camper.com\/\/?p=137700"},"modified":"2022-12-13T15:11:57","modified_gmt":"2022-12-13T14:11:57","slug":"na-cestach-s-plenkami-aneb-nebojte-se-karavaningu-s-detmi","status":"publish","type":"post","link":"https:\/\/all4camper.com\/cs\/na-cestach-s-plenkami-aneb-nebojte-se-karavaningu-s-detmi\/","title":{"rendered":"Na cest\u00e1ch s plenkami aneb nebojte se karavaningu s d\u011btmi"},"content":{"rendered":"\n<p><strong>Cestov\u00e1n\u00ed s&nbsp;karavanem je \u010d\u00edm d\u00e1l obl\u00edben\u011bj\u0161\u00ed, a \u010d\u00e1ste\u010dn\u011b za to m\u016f\u017ee i fakt, \u017ee je tento kon\u00ed\u010dek aktivn\u011b propagov\u00e1n jako aktivita pro celou rodinu. Alespo\u0148 tak to tvrd\u00ed snad v\u0161ichni v\u00fdrobci karavan\u016f, co zn\u00e1m. \u201cZ&nbsp;vlastn\u00ed zku\u0161enosti m\u016f\u017eu potvrdit, \u017ee maj\u00ed pravdu \u2013 pokud se \u010dlov\u011bk spr\u00e1vn\u011b nalad\u00ed, d\u00e1 se tenhle kon\u00ed\u010dek skv\u011ble u\u017e\u00edvat i s&nbsp;nejmen\u0161\u00edmi d\u011btmi. Do rodiny to p\u0159inese skv\u011bl\u00e9 z\u00e1\u017eitky,\u201d \u0159\u00edk\u00e1 Jan Bordovsk\u00fd, zakladatel webu <a href=\"https:\/\/www.camperlife.cz\/\" target=\"_blank\" rel=\"noreferrer noopener\">CamperLIFE.cz<\/a>.<\/strong><\/p>\n\n\n\n<figure class=\"wp-block-image size-large\"><img loading=\"lazy\" decoding=\"async\" width=\"1350\" height=\"1080\" src=\"https:\/\/all4camper.com\/\/wp-content\/uploads\/2021\/10\/1-1350x1080.jpg\" alt=\"\" class=\"wp-image-137701\" srcset=\"https:\/\/all4camper.com\/wp-content\/uploads\/2021\/10\/1-1350x1080.jpg 1350w, https:\/\/all4camper.com\/wp-content\/uploads\/2021\/10\/1-300x240.jpg 300w, https:\/\/all4camper.com\/wp-content\/uploads\/2021\/10\/1-150x120.jpg 150w, https:\/\/all4camper.com\/wp-content\/uploads\/2021\/10\/1-768x615.jpg 768w, https:\/\/all4camper.com\/wp-content\/uploads\/2021\/10\/1-696x557.jpg 696w, https:\/\/all4camper.com\/wp-content\/uploads\/2021\/10\/1-1068x855.jpg 1068w, https:\/\/all4camper.com\/wp-content\/uploads\/2021\/10\/1.jpg 1406w\" sizes=\"auto, (max-width: 1350px) 100vw, 1350px\" \/><\/figure>\n\n\n\n<p>Ob\u011b dcery s&nbsp;n\u00e1mi jezd\u00ed na v\u00fdlety s&nbsp;karavanem od nej\u00fatlej\u0161\u00edho v\u011bku. Pro\u010d tak\u00e9 ne, kdy\u017e v&nbsp;obytn\u00e9m aut\u011b m\u00e1me ve\u0161ker\u00fd komfort nutn\u00fd k \u017eivotu. Sta\u010d\u00ed tedy k&nbsp;cestov\u00e1n\u00ed p\u0159istupovat rozumn\u011b, p\u0159izp\u016fsobit program cesty d\u011btem a zvolit vhodnou destinaci. Pak nejsou probl\u00e9mem ani dlouh\u00e9 cesty po Evrop\u011b.<\/p>\n\n\n\n<p>V&nbsp;na\u0161\u00ed obytn\u00e9 vestavb\u011b jsou u\u017e d\u011bti jako doma, a i kdy\u017e m\u00e1me v\u016fz sp\u00ed\u0161e men\u0161\u00ed, nechyb\u00ed v&nbsp;n\u011bm topen\u00ed, tepl\u00e1 sprcha, splachovac\u00ed toaleta, kvalitn\u00ed l\u016f\u017eka ani vybaven\u00e1 kuchyn\u011b s&nbsp;ledni\u010dkou a mraz\u00e1kem. Nen\u00ed tak pot\u0159eba m\u00edt obavy ze zanedb\u00e1v\u00e1n\u00ed hygieny ani stravovac\u00edch n\u00e1vyk\u016f. Jedin\u00fdm omezen\u00edm je prostor, kter\u00fd se \u010dlov\u011bk mus\u00ed nau\u010dit vyu\u017e\u00edvat \u00fa\u010deln\u011b.<\/p>\n\n\n\n<p>Na\u0161e posledn\u00ed cesta n\u00e1s zavedla do z\u00e1padn\u00ed Evropy, kde tr\u00e1v\u00edme s&nbsp;ro\u010dn\u00ed a \u010dty\u0159letou dcerou ji\u017e v\u00edce ne\u017e m\u011bs\u00edc. A \u010d\u00edm d\u00e9le jsme na cest\u011b, t\u00edm v\u00edce si ji u\u017e\u00edv\u00e1me. Proti p\u0159edchoz\u00edm cest\u00e1m ve t\u0159ech je to s&nbsp;nov\u00fdm nejmen\u0161\u00edm \u010dlenem pos\u00e1dky naprosto nesrovnateln\u00e9.<\/p>\n\n\n\n<p>Pro p\u0159\u00edjemn\u00e9 chv\u00edle na cest\u00e1ch je ale nutn\u00e9 \u010dasto opustit dosp\u011bl\u00e1ck\u00fd pohled na v\u011bc. Ka\u017ed\u00e1 rodina m\u00e1 samoz\u0159ejm\u011b vlastn\u00ed n\u00e1vyky, \u010dasem jsme ale do\u0161li k\u00a0n\u011bkolika z\u00e1sad\u00e1m, kter\u00e9 cestu zp\u0159\u00edjemn\u00ed a obvykle cel\u00e9 pos\u00e1dce i obohat\u00ed. A shodli jsme se na nich i s\u00a0ostatn\u00edmi podobn\u011b zam\u011b\u0159en\u00fdmi cestovateli.<\/p>\n\n\n\n<figure class=\"wp-block-image size-large\"><img loading=\"lazy\" decoding=\"async\" width=\"1440\" height=\"1080\" src=\"https:\/\/all4camper.com\/\/wp-content\/uploads\/2021\/10\/2-1440x1080.jpg\" alt=\"\" class=\"wp-image-137704\" srcset=\"https:\/\/all4camper.com\/wp-content\/uploads\/2021\/10\/2-1440x1080.jpg 1440w, https:\/\/all4camper.com\/wp-content\/uploads\/2021\/10\/2-300x225.jpg 300w, https:\/\/all4camper.com\/wp-content\/uploads\/2021\/10\/2-150x113.jpg 150w, https:\/\/all4camper.com\/wp-content\/uploads\/2021\/10\/2-768x576.jpg 768w, https:\/\/all4camper.com\/wp-content\/uploads\/2021\/10\/2-696x522.jpg 696w, https:\/\/all4camper.com\/wp-content\/uploads\/2021\/10\/2-1068x801.jpg 1068w, https:\/\/all4camper.com\/wp-content\/uploads\/2021\/10\/2.jpg 1500w\" sizes=\"auto, (max-width: 1440px) 100vw, 1440px\" \/><\/figure>\n\n\n\n<h2 class=\"wp-block-heading\"><strong>Z\u00e1kladem je nesp\u011bchat<\/strong><\/h2>\n\n\n\n<p>Pro klidnou dovolenou je kl\u00ed\u010dov\u00e9, aby rodi\u010de \u201ebyli v&nbsp;pohod\u011b\u201c, jakkoli to m\u016f\u017ee zn\u00edt jako kli\u0161\u00e9. A b\u00fdt v&nbsp;pohod\u011b znamen\u00e1 nesp\u011bchat. Zapome\u0148te na p\u0159esn\u00fd itiner\u00e1\u0159 a na\u0161lapan\u00fd program. Vyhra\u010fte si v\u017edy \u010dasovou rezervu a smi\u0159te se s&nbsp;t\u00edm, \u017ee na n\u011bkter\u00e1 m\u00edsta se holt pod\u00edv\u00e1te jindy. V\u017edy se sna\u017e\u00edme \u0159\u00eddit mottem \u201eI cesta m\u016f\u017ee b\u00fdt c\u00edlem\u201c. L\u00edb\u00ed se n\u00e1m n\u011bco cestou? Zastav\u00edme. Necht\u011bj\u00ed u\u017e d\u011bti sed\u011bt v&nbsp;seda\u010dk\u00e1ch? Dojedeme to z\u00edtra. N\u011bkdy sta\u010d\u00ed pauza na d\u011btsk\u00e9m h\u0159i\u0161ti, ohrada s&nbsp;ovcemi, kv\u011btnat\u00e1 louka\u2026 a n\u00e1lada d\u011bt\u00ed je r\u00e1zem jin\u00e1. P\u0159esta\u0148te se svazovat t\u00edm, \u017ee mus\u00edte n\u011bkam dojet nebo n\u011bco stihnout. Je to velmi osvobozuj\u00edc\u00ed.<\/p>\n\n\n\n<p>Na druhou stranu se n\u00e1m ale osv\u011bd\u010dilo, kdy\u017e d\u011bti maj\u00ed alespo\u0148 tro\u0161ku re\u017eim, na jak\u00fd jsou zvykl\u00e9 z&nbsp;domu, a\u0165 ji\u017e se to t\u00fdk\u00e1 j\u00eddla nebo poledn\u00edho sp\u00e1nku.<\/p>\n\n\n\n<p>Evropa je nicm\u00e9n\u011b velk\u00e1 a kilometry se o\u0161idit nedaj\u00ed. Na dlouh\u00e9 p\u0159ejezdy n\u00e1m v\u017edy funguje koupit d\u011btem n\u011bco nov\u00e9ho a neokoukan\u00e9ho. \u010casto je to nap\u0159\u00edklad kn\u00ed\u017eka \u2013 klidn\u011b z&nbsp;v\u00fdprodeje nebo antikvari\u00e1tu, ply\u0161\u00e1k \u010di nov\u00e1 hra\u2026 pauzu na odpo\u010d\u00edvadlech zpest\u0159\u00ed pou\u0161t\u011bn\u00ed draka nebo fouk\u00e1n\u00ed bublifuku. Dovolte d\u011btem, aby si samy sbalily na cestu sv\u00e9 obl\u00edben\u00e9 v\u011bci (nejen hra\u010dky, ale i py\u017eamo a jin\u00e9 obl\u00edben\u00e9 p\u0159edm\u011bty \u2013 pr\u00e1ce s&nbsp;nimi je pak jednodu\u0161\u0161\u00ed).<\/p>\n\n\n\n<p>Ano, samoz\u0159ejm\u011b u n\u00e1s let\u00ed i tablet a poh\u00e1dky. M\u00edsto YouTube vyu\u017e\u00edv\u00e1me sp\u00ed\u0161e p\u0159edplacen\u00e9 streamovac\u00ed slu\u017eby, kde je kvalitn\u011bj\u0161\u00ed obsah pro r\u016fzn\u00e9 v\u011bkov\u00e9 kategorie. M\u00e1me v\u00a0n\u011bm ale i nejr\u016fzn\u011bj\u0161\u00ed nau\u010dn\u00e9 hry a tak\u00e9 namluven\u00e9 poh\u00e1dkov\u00e9 kn\u00ed\u017eky. V\u00fdborn\u00e1 je na to nap\u0159\u00edklad \u010desk\u00e1 aplikaci Booko, kter\u00e1 stoj\u00ed doslova p\u00e1r korun.<\/p>\n\n\n\n<figure class=\"wp-block-image size-large\"><img loading=\"lazy\" decoding=\"async\" width=\"1440\" height=\"1080\" src=\"https:\/\/all4camper.com\/\/wp-content\/uploads\/2021\/10\/3-1440x1080.jpg\" alt=\"\" class=\"wp-image-137707\" srcset=\"https:\/\/all4camper.com\/wp-content\/uploads\/2021\/10\/3-1440x1080.jpg 1440w, https:\/\/all4camper.com\/wp-content\/uploads\/2021\/10\/3-300x225.jpg 300w, https:\/\/all4camper.com\/wp-content\/uploads\/2021\/10\/3-150x113.jpg 150w, https:\/\/all4camper.com\/wp-content\/uploads\/2021\/10\/3-768x576.jpg 768w, https:\/\/all4camper.com\/wp-content\/uploads\/2021\/10\/3-1536x1152.jpg 1536w, https:\/\/all4camper.com\/wp-content\/uploads\/2021\/10\/3-696x522.jpg 696w, https:\/\/all4camper.com\/wp-content\/uploads\/2021\/10\/3-1068x801.jpg 1068w, https:\/\/all4camper.com\/wp-content\/uploads\/2021\/10\/3-1920x1440.jpg 1920w, https:\/\/all4camper.com\/wp-content\/uploads\/2021\/10\/3.jpg 2000w\" sizes=\"auto, (max-width: 1440px) 100vw, 1440px\" \/><\/figure>\n\n\n\n<h2 class=\"wp-block-heading\"><strong>Nelovte z\u00e1\u0159ezy, odpo\u010dinek nen\u00ed ostuda<\/strong><\/h2>\n\n\n\n<p>\u201eTak daleko v\u00e1s tady vezeme, a vy si toho nev\u00e1\u017e\u00edte!\u201c Kolikr\u00e1t a v&nbsp;kolika r\u016fzn\u00fdch jazyc\u00edch jsem to na cest\u00e1ch u\u017e sly\u0161el. A zpo\u010d\u00e1tku i s\u00e1m \u0159\u00edkal. Jen\u017ee takhle to nefunguje. D\u011bti se zabav\u00ed u mo\u0159e \u00fapln\u011b stejn\u011b up\u0159\u00edmn\u011b jako doma. Jen je pot\u0159eba jim d\u00e1t mo\u017enost zabavit se podle sebe.<\/p>\n\n\n\n<p>U\u017e ani nepo\u010d\u00edt\u00e1m, na kolika hor\u00e1ch jsem se musel v&nbsp;p\u016flce vracet dol\u016f, kolik zaj\u00edmavost\u00ed jsem musel minout a kolik pl\u00e1n\u016f vzd\u00e1t. Dlouho jsem m\u011bl v&nbsp;hlav\u011b zako\u0159en\u011bno, \u017ee na dovolen\u00e9 se sice odpo\u010d\u00edv\u00e1, ale \u201ekdy\u017e u\u017e tu jedu\u201c, je d\u016fle\u017eit\u00e9 hodn\u011b vid\u011bt a hodn\u011b toho stihnout.<\/p>\n\n\n\n<p>\u010casem jsme ale zjistili, \u017ee kdy\u017e se zam\u011b\u0159\u00edme v\u00edce na emoce ne\u017e c\u00edle (nepl\u00e9st odpo\u010dinek s&nbsp;v\u00e1len\u00edm na pl\u00e1\u017ei!), pozn\u00e1me nav\u0161t\u00edven\u00e1 m\u00edsta mnohem l\u00e9pe. Dostaneme se do situac\u00ed, kter\u00e1 se t\u011b\u017eko fot\u00ed nebo popisuj\u00ed druh\u00fdm, ale o to v\u00edce z\u016fst\u00e1vaj\u00ed v&nbsp;n\u00e1s. Nejhez\u010d\u00ed z\u00e1\u017eitky si \u010dasto odv\u00e1\u017e\u00edme z&nbsp;m\u00edst, kam jsme zabloudili, nepl\u00e1novan\u011b se tam zdr\u017eeli, nebo zajeli na doporu\u010den\u00ed m\u00edstn\u00edch. D\u011bti tenhle p\u0159irozen\u00fd b\u011bh v\u011bc\u00ed miluj\u00ed.<\/p>\n\n\n\n<p>Na del\u0161\u00edch cest\u00e1ch je ur\u010dit\u011b dobr\u00e9 zajistit si v\u00edce mo\u017enost\u00ed, jak tr\u00e1vit \u010das. T\u00e9m\u011b\u0159 v\u017edy s&nbsp;sebou voz\u00edme kola nebo kolob\u011b\u017eky, se kter\u00fdmi st\u0159\u00edd\u00e1me p\u011b\u0161\u00ed v\u00fdlety. Sna\u017e\u00edme se zahrnout lanovky, plav\u00e1n\u00ed, st\u0159\u00eddat p\u0159\u00edrodu s&nbsp;m\u011bsty, zoologick\u00fdmi zahradami a dal\u0161\u00edmi m\u00edsty. Jednotv\u00e1rnost je zabij\u00e1kem cesty nejen pro d\u011bti.<\/p>\n\n\n\n<h2 class=\"wp-block-heading\"><strong>I kr\u00e1tk\u00fd v\u00fdlet se po\u010d\u00edt\u00e1<\/strong><\/h2>\n\n\n\n<p>Nejv\u011bt\u0161\u00ed v\u00fdhodou vlastn\u00edho obytn\u00e9ho auta nebo karavanu je to, \u017ee m\u016f\u017eete na v\u00fdlet vyrazit prakticky kdykoli. Z\u00e1rove\u0148 m\u016f\u017eete kdykoli z\u016fstat tam, kde se v\u00e1m l\u00edb\u00ed, nebo naopak odjet za lep\u0161\u00edm m\u00edstem \u010di po\u010das\u00edm. Nen\u00ed to ale jen o dlouh\u00fdch cest\u00e1ch. S&nbsp;d\u011btmi \u010dasto vyr\u00e1\u017e\u00edme i na prodlou\u017een\u00fd nebo jen klasick\u00fd v\u00edkend. V\u00fdborn\u011b se cestuje mimo hlavn\u00ed sez\u00f3nu \u2013 jaro a podzim maj\u00ed v&nbsp;p\u0159\u00edrod\u011b obrovsk\u00e9 kouzlo a bonusem je, \u017ee v\u011bt\u0161inu m\u00edst m\u00e1te jen pro sebe.<\/p>\n\n\n\n<p>O v\u011bt\u0161in\u011b cest m\u00e1me obvykle jen hrubou p\u0159edstavu a r\u00e1di tvo\u0159\u00edme denn\u00ed pl\u00e1n a\u017e za pochodu. \u010casto sp\u00edme tzv. \u201enadivoko\u201c \u2013 tedy mimo ofici\u00e1ln\u00ed kempy, v\u017edy ale v&nbsp;souladu se z\u00e1kony a m\u00edstn\u00edmi zvyklostmi. Pro obsluhu auta vyu\u017e\u00edv\u00e1me ofici\u00e1ln\u00ed servisn\u00ed m\u00edsta, kde se zbav\u00edme odpadu, nabereme z\u00e1soby, a jedeme d\u00e1le. D\u00e1v\u00e1 n\u00e1m to mo\u017enost nocovat na m\u00edstech, kter\u00e1 l\u00e9pe odpov\u00eddaj\u00ed na\u0161im pot\u0159eb\u00e1m i p\u0159edstav\u00e1m. Nen\u00ed to tak ale v\u017edy, nap\u0159\u00edklad pr\u00e1v\u011b ve Francii jsou ofici\u00e1ln\u00ed m\u00edsta skv\u011ble vybaven\u00e1, levn\u00e1 a um\u00edst\u011bna v&nbsp;n\u00e1dhern\u00fdch lokac\u00edch.<\/p>\n\n\n\n<p>S&nbsp;d\u011btmi m\u00edsta vyb\u00edr\u00e1me tak\u00e9 s&nbsp;ohledem na to, aby le\u017eela d\u00e1le od ru\u0161n\u00fdch silnic, bylo u nich n\u011bjak\u00e9 vy\u017eit\u00ed i aby byla dobr\u00fdm v\u00fdchoz\u00ed m\u00edstem pro dal\u0161\u00ed program. Na del\u0161\u00edch cest\u00e1ch se sna\u017e\u00edme, aby d\u011bti m\u011bly soci\u00e1ln\u00ed kontakt s&nbsp;jin\u00fdmi vrstevn\u00edky, t\u0159eba na d\u011btsk\u00e9m h\u0159i\u0161ti.<\/p>\n\n\n\n<h2 class=\"wp-block-heading\"><strong>Obytn\u00e9 auto jako par\u0165\u00e1k<\/strong><\/h2>\n\n\n\n<p>Karavaning je u\u017e del\u0161\u00ed dobu v&nbsp;m\u00f3d\u011b. P\u00ed\u0161\u00ed se o n\u011bm hezk\u00e9 \u010dl\u00e1nky, kde v\u00e1m ale nikdo ne\u0159ekne, \u017ee dovolen\u00e1 s&nbsp;karavanem je vlastn\u011b docela pracn\u00e1. \u010clov\u011bk se skoro ka\u017ed\u00fd den mus\u00ed starat o to, aby mu poj\u00edzdn\u00e1 dom\u00e1cnost fungovala. Aby m\u011bl s&nbsp;sebou hodn\u011b \u010dist\u00e9 vody a m\u00e1lo t\u00e9 \u0161pinav\u00e9, nabit\u00e9 baterie, dostatek plynu a \u010dist\u00fd z\u00e1chod. Aby m\u011bl kde p\u0159enocovat, cel\u00e1 pos\u00e1dka spolu souzn\u011bla a z\u00e1rove\u0148 aby si v\u0161ichni p\u0159i\u0161li na sv\u00e9.<\/p>\n\n\n\n<p>Rozhodn\u011b to nen\u00ed styl pro ka\u017ed\u00e9ho a zn\u00e1m mnoho rodin, kter\u00e9 si jej vyzkou\u0161ely, a vr\u00e1tily se k&nbsp;pohodln\u00e9mu cestov\u00e1n\u00ed v&nbsp;hotelech. A nen\u00ed to \u017e\u00e1dn\u00e1 ostuda. Pokud se ale karavaningu shoduje s&nbsp;va\u0161\u00ed \u017eivotn\u00ed filozofi\u00ed a dok\u00e1\u017eete si jej vychutnat, v\u011b\u0159te, \u017ee cestov\u00e1n\u00ed s&nbsp;d\u011btmi mu d\u00e1 \u00fapln\u011b jin\u00fd rozm\u011br.<\/p>\n\n\n\n<p><em>Text a foto: Jan Bordovsk\u00fd (autor je vydavatel webu o cestov\u00e1n\u00ed s\u00a0karavanem <a href=\"https:\/\/www.camperlife.cz\/\" target=\"_blank\" rel=\"noreferrer noopener\">CamperLIFE.cz<\/a>)<\/em><\/p>\n","protected":false},"excerpt":{"rendered":"<p>Cestov\u00e1n\u00ed s&nbsp;karavanem je \u010d\u00edm d\u00e1l obl\u00edben\u011bj\u0161\u00ed, a \u010d\u00e1ste\u010dn\u011b za to m\u016f\u017ee i fakt, \u017ee je tento kon\u00ed\u010dek aktivn\u011b propagov\u00e1n jako aktivita pro celou rodinu. Alespo\u0148 tak to tvrd\u00ed snad v\u0161ichni v\u00fdrobci karavan\u016f, co zn\u00e1m. \u201cZ&nbsp;vlastn\u00ed zku\u0161enosti m\u016f\u017eu potvrdit, \u017ee maj\u00ed pravdu \u2013 pokud se \u010dlov\u011bk spr\u00e1vn\u011b nalad\u00ed, d\u00e1 se tenhle kon\u00ed\u010dek skv\u011ble u\u017e\u00edvat i s&nbsp;nejmen\u0161\u00edmi [&hellip;]<\/p>\n","protected":false},"author":4,"featured_media":137704,"comment_status":"closed","ping_status":"open","sticky":false,"template":"","format":"standard","meta":{"_monsterinsights_skip_tracking":false,"_monsterinsights_sitenote_active":false,"_monsterinsights_sitenote_note":"","_monsterinsights_sitenote_category":0,"footnotes":""},"categories":[368,422,8209],"tags":[9364,226],"class_list":{"0":"post-137700","1":"post","2":"type-post","3":"status-publish","4":"format-standard","5":"has-post-thumbnail","7":"category-magazin_all4camper","8":"category-novinky-kempovani-a-karavaning","9":"category-rady-tipy-informace","10":"tag-karavanistemezinami","11":"tag-rady-a-tipy"},"yoast_head":"<!-- This site is optimized with the Yoast SEO plugin v27.5 - https:\/\/yoast.com\/product\/yoast-seo-wordpress\/ -->\n<title>Na cest\u00e1ch s plenkami aneb nebojte se karavaningu s d\u011btmi - All4Camper<\/title>\n<meta name=\"description\" content=\"Cestov\u00e1n\u00ed s\u00a0karavanem je \u010d\u00edm d\u00e1l obl\u00edben\u011bj\u0161\u00ed, a \u010d\u00e1ste\u010dn\u011b za to m\u016f\u017ee i fakt, \u017ee je tento kon\u00ed\u010dek aktivn\u011b propagov\u00e1n jako aktivita pro celou rodinu. Alespo\u0148 tak to tvrd\u00ed snad v\u0161ichni v\u00fdrobci karavan\u016f, co zn\u00e1m. \u201cZ\u00a0vlastn\u00ed zku\u0161enosti m\u016f\u017eu potvrdit, \u017ee maj\u00ed pravdu \u2013 pokud se \u010dlov\u011bk spr\u00e1vn\u011b nalad\u00ed, d\u00e1 se tenhle kon\u00ed\u010dek skv\u011ble u\u017e\u00edvat i s\u00a0nejmen\u0161\u00edmi d\u011btmi. Do rodiny to p\u0159inese skv\u011bl\u00e9 z\u00e1\u017eitky,\u201d\" \/>\n<meta name=\"robots\" content=\"index, follow, max-snippet:-1, max-image-preview:large, max-video-preview:-1\" \/>\n<link rel=\"canonical\" href=\"https:\/\/all4camper.com\/cs\/na-cestach-s-plenkami-aneb-nebojte-se-karavaningu-s-detmi\/\" \/>\n<meta property=\"og:locale\" content=\"cs_CZ\" \/>\n<meta property=\"og:type\" content=\"article\" \/>\n<meta property=\"og:title\" content=\"Na cest\u00e1ch s plenkami aneb nebojte se karavaningu s d\u011btmi - All4Camper\" \/>\n<meta property=\"og:description\" content=\"Cestov\u00e1n\u00ed s\u00a0karavanem je \u010d\u00edm d\u00e1l obl\u00edben\u011bj\u0161\u00ed, a \u010d\u00e1ste\u010dn\u011b za to m\u016f\u017ee i fakt, \u017ee je tento kon\u00ed\u010dek aktivn\u011b propagov\u00e1n jako aktivita pro celou rodinu. Alespo\u0148 tak to tvrd\u00ed snad v\u0161ichni v\u00fdrobci karavan\u016f, co zn\u00e1m. \u201cZ\u00a0vlastn\u00ed zku\u0161enosti m\u016f\u017eu potvrdit, \u017ee maj\u00ed pravdu \u2013 pokud se \u010dlov\u011bk spr\u00e1vn\u011b nalad\u00ed, d\u00e1 se tenhle kon\u00ed\u010dek skv\u011ble u\u017e\u00edvat i s\u00a0nejmen\u0161\u00edmi d\u011btmi. Do rodiny to p\u0159inese skv\u011bl\u00e9 z\u00e1\u017eitky,\u201d\" \/>\n<meta property=\"og:url\" content=\"https:\/\/all4camper.com\/cs\/na-cestach-s-plenkami-aneb-nebojte-se-karavaningu-s-detmi\/\" \/>\n<meta property=\"og:site_name\" content=\"All4Camper\" \/>\n<meta property=\"article:published_time\" content=\"2021-10-19T08:42:04+00:00\" \/>\n<meta property=\"article:modified_time\" content=\"2022-12-13T14:11:57+00:00\" \/>\n<meta property=\"og:image\" content=\"https:\/\/all4camper.com\/wp-content\/uploads\/2021\/10\/2.jpg\" \/>\n\t<meta property=\"og:image:width\" content=\"1500\" \/>\n\t<meta property=\"og:image:height\" content=\"1125\" \/>\n\t<meta property=\"og:image:type\" content=\"image\/jpeg\" \/>\n<meta name=\"author\" content=\"Kl\u00e1ra H\u00e1jkov\u00e1\" \/>\n<meta name=\"twitter:card\" content=\"summary_large_image\" \/>\n<meta name=\"twitter:label1\" content=\"Napsal(a)\" \/>\n\t<meta name=\"twitter:data1\" content=\"Kl\u00e1ra H\u00e1jkov\u00e1\" \/>\n\t<meta name=\"twitter:label2\" content=\"Odhadovan\u00e1 doba \u010dten\u00ed\" \/>\n\t<meta name=\"twitter:data2\" content=\"6 minut\" \/>\n<script type=\"application\/ld+json\" class=\"yoast-schema-graph\">{\"@context\":\"https:\\\/\\\/schema.org\",\"@graph\":[{\"@type\":\"Article\",\"@id\":\"https:\\\/\\\/all4camper.com\\\/cs\\\/na-cestach-s-plenkami-aneb-nebojte-se-karavaningu-s-detmi\\\/#article\",\"isPartOf\":{\"@id\":\"https:\\\/\\\/all4camper.com\\\/cs\\\/na-cestach-s-plenkami-aneb-nebojte-se-karavaningu-s-detmi\\\/\"},\"author\":{\"name\":\"Kl\u00e1ra H\u00e1jkov\u00e1\",\"@id\":\"https:\\\/\\\/all4camper.com\\\/cs\\\/#\\\/schema\\\/person\\\/c6f1efdf1d02bc7d8c53a891cbe18c62\"},\"headline\":\"Na cest\u00e1ch s plenkami aneb nebojte se karavaningu s d\u011btmi\",\"datePublished\":\"2021-10-19T08:42:04+00:00\",\"dateModified\":\"2022-12-13T14:11:57+00:00\",\"mainEntityOfPage\":{\"@id\":\"https:\\\/\\\/all4camper.com\\\/cs\\\/na-cestach-s-plenkami-aneb-nebojte-se-karavaningu-s-detmi\\\/\"},\"wordCount\":1571,\"publisher\":{\"@id\":\"https:\\\/\\\/all4camper.com\\\/cs\\\/#organization\"},\"image\":{\"@id\":\"https:\\\/\\\/all4camper.com\\\/cs\\\/na-cestach-s-plenkami-aneb-nebojte-se-karavaningu-s-detmi\\\/#primaryimage\"},\"thumbnailUrl\":\"https:\\\/\\\/all4camper.com\\\/wp-content\\\/uploads\\\/2021\\\/10\\\/2.jpg\",\"keywords\":[\"karavanist\u00e9mezin\u00e1mi\",\"Rady-tipy-informace\"],\"articleSection\":[\"\u010cten\u00ed na cesty\",\"Novinky - Kempov\u00e1n\u00ed a karavaning\",\"Rady, tipy, informace\"],\"inLanguage\":\"cs\"},{\"@type\":\"WebPage\",\"@id\":\"https:\\\/\\\/all4camper.com\\\/cs\\\/na-cestach-s-plenkami-aneb-nebojte-se-karavaningu-s-detmi\\\/\",\"url\":\"https:\\\/\\\/all4camper.com\\\/cs\\\/na-cestach-s-plenkami-aneb-nebojte-se-karavaningu-s-detmi\\\/\",\"name\":\"Na cest\u00e1ch s plenkami aneb nebojte se karavaningu s d\u011btmi - All4Camper\",\"isPartOf\":{\"@id\":\"https:\\\/\\\/all4camper.com\\\/cs\\\/#website\"},\"primaryImageOfPage\":{\"@id\":\"https:\\\/\\\/all4camper.com\\\/cs\\\/na-cestach-s-plenkami-aneb-nebojte-se-karavaningu-s-detmi\\\/#primaryimage\"},\"image\":{\"@id\":\"https:\\\/\\\/all4camper.com\\\/cs\\\/na-cestach-s-plenkami-aneb-nebojte-se-karavaningu-s-detmi\\\/#primaryimage\"},\"thumbnailUrl\":\"https:\\\/\\\/all4camper.com\\\/wp-content\\\/uploads\\\/2021\\\/10\\\/2.jpg\",\"datePublished\":\"2021-10-19T08:42:04+00:00\",\"dateModified\":\"2022-12-13T14:11:57+00:00\",\"description\":\"Cestov\u00e1n\u00ed s\u00a0karavanem je \u010d\u00edm d\u00e1l obl\u00edben\u011bj\u0161\u00ed, a \u010d\u00e1ste\u010dn\u011b za to m\u016f\u017ee i fakt, \u017ee je tento kon\u00ed\u010dek aktivn\u011b propagov\u00e1n jako aktivita pro celou rodinu. Alespo\u0148 tak to tvrd\u00ed snad v\u0161ichni v\u00fdrobci karavan\u016f, co zn\u00e1m. \u201cZ\u00a0vlastn\u00ed zku\u0161enosti m\u016f\u017eu potvrdit, \u017ee maj\u00ed pravdu \u2013 pokud se \u010dlov\u011bk spr\u00e1vn\u011b nalad\u00ed, d\u00e1 se tenhle kon\u00ed\u010dek skv\u011ble u\u017e\u00edvat i s\u00a0nejmen\u0161\u00edmi d\u011btmi. Do rodiny to p\u0159inese skv\u011bl\u00e9 z\u00e1\u017eitky,\u201d\",\"breadcrumb\":{\"@id\":\"https:\\\/\\\/all4camper.com\\\/cs\\\/na-cestach-s-plenkami-aneb-nebojte-se-karavaningu-s-detmi\\\/#breadcrumb\"},\"inLanguage\":\"cs\",\"potentialAction\":[{\"@type\":\"ReadAction\",\"target\":[\"https:\\\/\\\/all4camper.com\\\/cs\\\/na-cestach-s-plenkami-aneb-nebojte-se-karavaningu-s-detmi\\\/\"]}]},{\"@type\":\"ImageObject\",\"inLanguage\":\"cs\",\"@id\":\"https:\\\/\\\/all4camper.com\\\/cs\\\/na-cestach-s-plenkami-aneb-nebojte-se-karavaningu-s-detmi\\\/#primaryimage\",\"url\":\"https:\\\/\\\/all4camper.com\\\/wp-content\\\/uploads\\\/2021\\\/10\\\/2.jpg\",\"contentUrl\":\"https:\\\/\\\/all4camper.com\\\/wp-content\\\/uploads\\\/2021\\\/10\\\/2.jpg\",\"width\":1500,\"height\":1125},{\"@type\":\"BreadcrumbList\",\"@id\":\"https:\\\/\\\/all4camper.com\\\/cs\\\/na-cestach-s-plenkami-aneb-nebojte-se-karavaningu-s-detmi\\\/#breadcrumb\",\"itemListElement\":[{\"@type\":\"ListItem\",\"position\":1,\"name\":\"Dom\u016f\",\"item\":\"https:\\\/\\\/all4camper.com\\\/cs\\\/\"},{\"@type\":\"ListItem\",\"position\":2,\"name\":\"Novinky - Kempov\u00e1n\u00ed a karavaning\",\"item\":\"https:\\\/\\\/all4camper.com\\\/cs\\\/category\\\/novinky-kempovani-a-karavaning\\\/\"},{\"@type\":\"ListItem\",\"position\":3,\"name\":\"Na cest\u00e1ch s plenkami aneb nebojte se karavaningu s d\u011btmi\"}]},{\"@type\":\"WebSite\",\"@id\":\"https:\\\/\\\/all4camper.com\\\/cs\\\/#website\",\"url\":\"https:\\\/\\\/all4camper.com\\\/cs\\\/\",\"name\":\"All4Camper\",\"description\":\"Nejv\u011bt\u0161\u00ed online magaz\u00edn o kempov\u00e1n\u00ed a karavaninku. V\u00edce jak 900 \u010dl\u00e1nk\u016f pln\u00fdch rad a tip\u016f o kempech a kempov\u00e1n\u00ed.\",\"publisher\":{\"@id\":\"https:\\\/\\\/all4camper.com\\\/cs\\\/#organization\"},\"potentialAction\":[{\"@type\":\"SearchAction\",\"target\":{\"@type\":\"EntryPoint\",\"urlTemplate\":\"https:\\\/\\\/all4camper.com\\\/cs\\\/?s={search_term_string}\"},\"query-input\":{\"@type\":\"PropertyValueSpecification\",\"valueRequired\":true,\"valueName\":\"search_term_string\"}}],\"inLanguage\":\"cs\"},{\"@type\":\"Organization\",\"@id\":\"https:\\\/\\\/all4camper.com\\\/cs\\\/#organization\",\"name\":\"All4Camper - kempujeme s Kl\u00e1rou\",\"url\":\"https:\\\/\\\/all4camper.com\\\/cs\\\/\",\"logo\":{\"@type\":\"ImageObject\",\"inLanguage\":\"cs\",\"@id\":\"https:\\\/\\\/all4camper.com\\\/cs\\\/#\\\/schema\\\/logo\\\/image\\\/\",\"url\":\"https:\\\/\\\/all4camper.com\\\/wp-content\\\/uploads\\\/2018\\\/09\\\/novelogo.png\",\"contentUrl\":\"https:\\\/\\\/all4camper.com\\\/wp-content\\\/uploads\\\/2018\\\/09\\\/novelogo.png\",\"width\":1520,\"height\":600,\"caption\":\"All4Camper - kempujeme s Kl\u00e1rou\"},\"image\":{\"@id\":\"https:\\\/\\\/all4camper.com\\\/cs\\\/#\\\/schema\\\/logo\\\/image\\\/\"}},{\"@type\":\"Person\",\"@id\":\"https:\\\/\\\/all4camper.com\\\/cs\\\/#\\\/schema\\\/person\\\/c6f1efdf1d02bc7d8c53a891cbe18c62\",\"name\":\"Kl\u00e1ra H\u00e1jkov\u00e1\",\"sameAs\":[\"http:\\\/\\\/www.all4camper.com\"],\"url\":\"https:\\\/\\\/all4camper.com\\\/cs\\\/author\\\/klarinkacestuje1\\\/\"}]}<\/script>\n<!-- \/ Yoast SEO plugin. -->","yoast_head_json":{"title":"Na cest\u00e1ch s plenkami aneb nebojte se karavaningu s d\u011btmi - All4Camper","description":"Cestov\u00e1n\u00ed s\u00a0karavanem je \u010d\u00edm d\u00e1l obl\u00edben\u011bj\u0161\u00ed, a \u010d\u00e1ste\u010dn\u011b za to m\u016f\u017ee i fakt, \u017ee je tento kon\u00ed\u010dek aktivn\u011b propagov\u00e1n jako aktivita pro celou rodinu. Alespo\u0148 tak to tvrd\u00ed snad v\u0161ichni v\u00fdrobci karavan\u016f, co zn\u00e1m. \u201cZ\u00a0vlastn\u00ed zku\u0161enosti m\u016f\u017eu potvrdit, \u017ee maj\u00ed pravdu \u2013 pokud se \u010dlov\u011bk spr\u00e1vn\u011b nalad\u00ed, d\u00e1 se tenhle kon\u00ed\u010dek skv\u011ble u\u017e\u00edvat i s\u00a0nejmen\u0161\u00edmi d\u011btmi. Do rodiny to p\u0159inese skv\u011bl\u00e9 z\u00e1\u017eitky,\u201d","robots":{"index":"index","follow":"follow","max-snippet":"max-snippet:-1","max-image-preview":"max-image-preview:large","max-video-preview":"max-video-preview:-1"},"canonical":"https:\/\/all4camper.com\/cs\/na-cestach-s-plenkami-aneb-nebojte-se-karavaningu-s-detmi\/","og_locale":"cs_CZ","og_type":"article","og_title":"Na cest\u00e1ch s plenkami aneb nebojte se karavaningu s d\u011btmi - All4Camper","og_description":"Cestov\u00e1n\u00ed s\u00a0karavanem je \u010d\u00edm d\u00e1l obl\u00edben\u011bj\u0161\u00ed, a \u010d\u00e1ste\u010dn\u011b za to m\u016f\u017ee i fakt, \u017ee je tento kon\u00ed\u010dek aktivn\u011b propagov\u00e1n jako aktivita pro celou rodinu. Alespo\u0148 tak to tvrd\u00ed snad v\u0161ichni v\u00fdrobci karavan\u016f, co zn\u00e1m. \u201cZ\u00a0vlastn\u00ed zku\u0161enosti m\u016f\u017eu potvrdit, \u017ee maj\u00ed pravdu \u2013 pokud se \u010dlov\u011bk spr\u00e1vn\u011b nalad\u00ed, d\u00e1 se tenhle kon\u00ed\u010dek skv\u011ble u\u017e\u00edvat i s\u00a0nejmen\u0161\u00edmi d\u011btmi. Do rodiny to p\u0159inese skv\u011bl\u00e9 z\u00e1\u017eitky,\u201d","og_url":"https:\/\/all4camper.com\/cs\/na-cestach-s-plenkami-aneb-nebojte-se-karavaningu-s-detmi\/","og_site_name":"All4Camper","article_published_time":"2021-10-19T08:42:04+00:00","article_modified_time":"2022-12-13T14:11:57+00:00","og_image":[{"width":1500,"height":1125,"url":"https:\/\/all4camper.com\/wp-content\/uploads\/2021\/10\/2.jpg","type":"image\/jpeg"}],"author":"Kl\u00e1ra H\u00e1jkov\u00e1","twitter_card":"summary_large_image","twitter_misc":{"Napsal(a)":"Kl\u00e1ra H\u00e1jkov\u00e1","Odhadovan\u00e1 doba \u010dten\u00ed":"6 minut"},"schema":{"@context":"https:\/\/schema.org","@graph":[{"@type":"Article","@id":"https:\/\/all4camper.com\/cs\/na-cestach-s-plenkami-aneb-nebojte-se-karavaningu-s-detmi\/#article","isPartOf":{"@id":"https:\/\/all4camper.com\/cs\/na-cestach-s-plenkami-aneb-nebojte-se-karavaningu-s-detmi\/"},"author":{"name":"Kl\u00e1ra H\u00e1jkov\u00e1","@id":"https:\/\/all4camper.com\/cs\/#\/schema\/person\/c6f1efdf1d02bc7d8c53a891cbe18c62"},"headline":"Na cest\u00e1ch s plenkami aneb nebojte se karavaningu s d\u011btmi","datePublished":"2021-10-19T08:42:04+00:00","dateModified":"2022-12-13T14:11:57+00:00","mainEntityOfPage":{"@id":"https:\/\/all4camper.com\/cs\/na-cestach-s-plenkami-aneb-nebojte-se-karavaningu-s-detmi\/"},"wordCount":1571,"publisher":{"@id":"https:\/\/all4camper.com\/cs\/#organization"},"image":{"@id":"https:\/\/all4camper.com\/cs\/na-cestach-s-plenkami-aneb-nebojte-se-karavaningu-s-detmi\/#primaryimage"},"thumbnailUrl":"https:\/\/all4camper.com\/wp-content\/uploads\/2021\/10\/2.jpg","keywords":["karavanist\u00e9mezin\u00e1mi","Rady-tipy-informace"],"articleSection":["\u010cten\u00ed na cesty","Novinky - Kempov\u00e1n\u00ed a karavaning","Rady, tipy, informace"],"inLanguage":"cs"},{"@type":"WebPage","@id":"https:\/\/all4camper.com\/cs\/na-cestach-s-plenkami-aneb-nebojte-se-karavaningu-s-detmi\/","url":"https:\/\/all4camper.com\/cs\/na-cestach-s-plenkami-aneb-nebojte-se-karavaningu-s-detmi\/","name":"Na cest\u00e1ch s plenkami aneb nebojte se karavaningu s d\u011btmi - All4Camper","isPartOf":{"@id":"https:\/\/all4camper.com\/cs\/#website"},"primaryImageOfPage":{"@id":"https:\/\/all4camper.com\/cs\/na-cestach-s-plenkami-aneb-nebojte-se-karavaningu-s-detmi\/#primaryimage"},"image":{"@id":"https:\/\/all4camper.com\/cs\/na-cestach-s-plenkami-aneb-nebojte-se-karavaningu-s-detmi\/#primaryimage"},"thumbnailUrl":"https:\/\/all4camper.com\/wp-content\/uploads\/2021\/10\/2.jpg","datePublished":"2021-10-19T08:42:04+00:00","dateModified":"2022-12-13T14:11:57+00:00","description":"Cestov\u00e1n\u00ed s\u00a0karavanem je \u010d\u00edm d\u00e1l obl\u00edben\u011bj\u0161\u00ed, a \u010d\u00e1ste\u010dn\u011b za to m\u016f\u017ee i fakt, \u017ee je tento kon\u00ed\u010dek aktivn\u011b propagov\u00e1n jako aktivita pro celou rodinu. Alespo\u0148 tak to tvrd\u00ed snad v\u0161ichni v\u00fdrobci karavan\u016f, co zn\u00e1m. \u201cZ\u00a0vlastn\u00ed zku\u0161enosti m\u016f\u017eu potvrdit, \u017ee maj\u00ed pravdu \u2013 pokud se \u010dlov\u011bk spr\u00e1vn\u011b nalad\u00ed, d\u00e1 se tenhle kon\u00ed\u010dek skv\u011ble u\u017e\u00edvat i s\u00a0nejmen\u0161\u00edmi d\u011btmi. Do rodiny to p\u0159inese skv\u011bl\u00e9 z\u00e1\u017eitky,\u201d","breadcrumb":{"@id":"https:\/\/all4camper.com\/cs\/na-cestach-s-plenkami-aneb-nebojte-se-karavaningu-s-detmi\/#breadcrumb"},"inLanguage":"cs","potentialAction":[{"@type":"ReadAction","target":["https:\/\/all4camper.com\/cs\/na-cestach-s-plenkami-aneb-nebojte-se-karavaningu-s-detmi\/"]}]},{"@type":"ImageObject","inLanguage":"cs","@id":"https:\/\/all4camper.com\/cs\/na-cestach-s-plenkami-aneb-nebojte-se-karavaningu-s-detmi\/#primaryimage","url":"https:\/\/all4camper.com\/wp-content\/uploads\/2021\/10\/2.jpg","contentUrl":"https:\/\/all4camper.com\/wp-content\/uploads\/2021\/10\/2.jpg","width":1500,"height":1125},{"@type":"BreadcrumbList","@id":"https:\/\/all4camper.com\/cs\/na-cestach-s-plenkami-aneb-nebojte-se-karavaningu-s-detmi\/#breadcrumb","itemListElement":[{"@type":"ListItem","position":1,"name":"Dom\u016f","item":"https:\/\/all4camper.com\/cs\/"},{"@type":"ListItem","position":2,"name":"Novinky - Kempov\u00e1n\u00ed a karavaning","item":"https:\/\/all4camper.com\/cs\/category\/novinky-kempovani-a-karavaning\/"},{"@type":"ListItem","position":3,"name":"Na cest\u00e1ch s plenkami aneb nebojte se karavaningu s d\u011btmi"}]},{"@type":"WebSite","@id":"https:\/\/all4camper.com\/cs\/#website","url":"https:\/\/all4camper.com\/cs\/","name":"All4Camper","description":"Nejv\u011bt\u0161\u00ed online magaz\u00edn o kempov\u00e1n\u00ed a karavaninku. V\u00edce jak 900 \u010dl\u00e1nk\u016f pln\u00fdch rad a tip\u016f o kempech a kempov\u00e1n\u00ed.","publisher":{"@id":"https:\/\/all4camper.com\/cs\/#organization"},"potentialAction":[{"@type":"SearchAction","target":{"@type":"EntryPoint","urlTemplate":"https:\/\/all4camper.com\/cs\/?s={search_term_string}"},"query-input":{"@type":"PropertyValueSpecification","valueRequired":true,"valueName":"search_term_string"}}],"inLanguage":"cs"},{"@type":"Organization","@id":"https:\/\/all4camper.com\/cs\/#organization","name":"All4Camper - kempujeme s Kl\u00e1rou","url":"https:\/\/all4camper.com\/cs\/","logo":{"@type":"ImageObject","inLanguage":"cs","@id":"https:\/\/all4camper.com\/cs\/#\/schema\/logo\/image\/","url":"https:\/\/all4camper.com\/wp-content\/uploads\/2018\/09\/novelogo.png","contentUrl":"https:\/\/all4camper.com\/wp-content\/uploads\/2018\/09\/novelogo.png","width":1520,"height":600,"caption":"All4Camper - kempujeme s Kl\u00e1rou"},"image":{"@id":"https:\/\/all4camper.com\/cs\/#\/schema\/logo\/image\/"}},{"@type":"Person","@id":"https:\/\/all4camper.com\/cs\/#\/schema\/person\/c6f1efdf1d02bc7d8c53a891cbe18c62","name":"Kl\u00e1ra H\u00e1jkov\u00e1","sameAs":["http:\/\/www.all4camper.com"],"url":"https:\/\/all4camper.com\/cs\/author\/klarinkacestuje1\/"}]}},"_links":{"self":[{"href":"https:\/\/all4camper.com\/cs\/wp-json\/wp\/v2\/posts\/137700","targetHints":{"allow":["GET"]}}],"collection":[{"href":"https:\/\/all4camper.com\/cs\/wp-json\/wp\/v2\/posts"}],"about":[{"href":"https:\/\/all4camper.com\/cs\/wp-json\/wp\/v2\/types\/post"}],"author":[{"embeddable":true,"href":"https:\/\/all4camper.com\/cs\/wp-json\/wp\/v2\/users\/4"}],"replies":[{"embeddable":true,"href":"https:\/\/all4camper.com\/cs\/wp-json\/wp\/v2\/comments?post=137700"}],"version-history":[{"count":0,"href":"https:\/\/all4camper.com\/cs\/wp-json\/wp\/v2\/posts\/137700\/revisions"}],"wp:featuredmedia":[{"embeddable":true,"href":"https:\/\/all4camper.com\/cs\/wp-json\/wp\/v2\/media\/137704"}],"wp:attachment":[{"href":"https:\/\/all4camper.com\/cs\/wp-json\/wp\/v2\/media?parent=137700"}],"wp:term":[{"taxonomy":"category","embeddable":true,"href":"https:\/\/all4camper.com\/cs\/wp-json\/wp\/v2\/categories?post=137700"},{"taxonomy":"post_tag","embeddable":true,"href":"https:\/\/all4camper.com\/cs\/wp-json\/wp\/v2\/tags?post=137700"}],"curies":[{"name":"wp","href":"https:\/\/api.w.org\/{rel}","templated":true}]}}