{"id":137579,"date":"2023-01-02T09:37:49","date_gmt":"2023-01-02T08:37:49","guid":{"rendered":"https:\/\/all4camper.com\/\/?p=137579"},"modified":"2023-01-18T12:02:29","modified_gmt":"2023-01-18T11:02:29","slug":"rakouske-zimni-wellness-kempy-kde-si-uzijete-pohodovou-a-luxusni-dovolenou-nejen-v-karavanu","status":"publish","type":"post","link":"https:\/\/all4camper.com\/cs\/rakouske-zimni-wellness-kempy-kde-si-uzijete-pohodovou-a-luxusni-dovolenou-nejen-v-karavanu\/","title":{"rendered":"Rakousk\u00e9 zimn\u00ed wellness kempy, kde si u\u017eijete pohodovou a luxusn\u00ed dovolenou nejen v karavanu"},"content":{"rendered":"\n<p><strong>Zimn\u00ed karavanink, to je pojem, kter\u00fd je\u0161t\u011b p\u0159ed n\u011bkolika lety nebyl u n\u00e1s tolik roz\u0161\u00ed\u0159en.&nbsp;Av\u0161ak tak, jak stoup\u00e1 obliba kravaningu v \u010cR, roste i po\u010det karavanist\u016f, kte\u0159\u00ed maj\u00ed r\u016fzn\u00e9 p\u0159edstavy o sv\u00e9 zimn\u00ed dovolen\u00e9 v karavanu a r\u00e1di ji spojuj\u00ed s relaxac\u00ed a odpo\u010dinkem.<\/strong><\/p>\n\n\n\n<figure class=\"wp-block-image size-large is-resized\"><img loading=\"lazy\" decoding=\"async\" src=\"https:\/\/all4camper.com\/\/wp-content\/uploads\/2018\/02\/zimni-karavaning2-1024x552.jpg\" alt=\"\" class=\"wp-image-13102\" width=\"696\" height=\"375\" srcset=\"https:\/\/all4camper.com\/wp-content\/uploads\/2018\/02\/zimni-karavaning2-1024x552.jpg 1024w, https:\/\/all4camper.com\/wp-content\/uploads\/2018\/02\/zimni-karavaning2-300x162.jpg 300w, https:\/\/all4camper.com\/wp-content\/uploads\/2018\/02\/zimni-karavaning2-150x81.jpg 150w, https:\/\/all4camper.com\/wp-content\/uploads\/2018\/02\/zimni-karavaning2-768x414.jpg 768w, https:\/\/all4camper.com\/wp-content\/uploads\/2018\/02\/zimni-karavaning2-200x108.jpg 200w, https:\/\/all4camper.com\/wp-content\/uploads\/2018\/02\/zimni-karavaning2-400x216.jpg 400w, https:\/\/all4camper.com\/wp-content\/uploads\/2018\/02\/zimni-karavaning2-600x323.jpg 600w, https:\/\/all4camper.com\/wp-content\/uploads\/2018\/02\/zimni-karavaning2-800x431.jpg 800w, https:\/\/all4camper.com\/wp-content\/uploads\/2018\/02\/zimni-karavaning2-1200x647.jpg 1200w, https:\/\/all4camper.com\/wp-content\/uploads\/2018\/02\/zimni-karavaning2.jpg 1299w\" sizes=\"auto, (max-width: 696px) 100vw, 696px\" \/><\/figure>\n\n\n\n<p><strong>Jedni tedy up\u0159ednost\u0148uj\u00ed kr\u00e1tkodob\u00e9 v\u00fdjezdy se st\u00e1n\u00edm na parkovi\u0161t\u00edch&nbsp;p\u0159\u00edmo pod sjezdovkou (takzvan\u011b &#8222;na divoko&#8220;), druz\u00ed zase vyhled\u00e1vaj\u00ed spojen\u00ed zimn\u00edho karavaninku s pobytem v kempu, ide\u00e1ln\u011b takov\u00e9m, kter\u00fd nab\u00edz\u00ed i mo\u017enost wellnessu.<\/strong> <strong>Dnes v\u00e1m tedy p\u0159edstav\u00edm n\u011bkolik tip\u016f, kde si tuto zimn\u00ed dovolenou v karavanu m\u016f\u017eete par\u00e1dn\u011b u\u017eit.<\/strong><\/p>\n\n\n\n<h3 class=\"wp-block-heading\">1. <strong>Alpencamping Nenzing, Rakousko<\/strong><\/h3>\n\n\n\n<p><strong>Um\u00edst\u011bn\u00ed:&nbsp;<\/strong>Na Rakousko &#8211; \u0160v\u00fdcarsk\u00fdch hranic\u00edch.<\/p>\n\n\n\n<p><strong>Popis:<\/strong> Po cel\u00fd rok je zde zp\u0159\u00edstupn\u011bn venkovn\u00ed a vnit\u0159n\u00ed baz\u00e9n s v\u00ed\u0159ivkou a saunov\u00fd sv\u011bt (za poplatek). V\u0161echny pozemky jsou pravideln\u011b udr\u017eov\u00e1ny od sn\u011bhu a nechyb\u00ed samoz\u0159ejm\u011b elektrick\u00e9 p\u0159\u00edpojky. K dispozici tam maj\u00ed vyh\u0159\u00edvan\u00e9 koupelny, um\u00fdv\u00e1rny n\u00e1dob\u00ed nebo ly\u017e\u00e1rnu. <strong>Pobyt se psi povolen<\/strong>. Nav\u00edc tu maj\u00ed par\u00e1dn\u00ed z\u00e1zem\u00ed pro d\u011bti. <strong>Vstup do baz\u00e9n\u016f je zdarma, do saunov\u00e9ho sv\u011bta za poplatek.<\/strong><\/p>\n\n\n\n<figure class=\"wp-block-image size-full is-resized\"><img loading=\"lazy\" decoding=\"async\" src=\"https:\/\/all4camper.com\/\/wp-content\/uploads\/2021\/10\/wellness-kemp-rakousko-1.jpeg\" alt=\"\" class=\"wp-image-137583\" width=\"696\" height=\"464\" srcset=\"https:\/\/all4camper.com\/wp-content\/uploads\/2021\/10\/wellness-kemp-rakousko-1.jpeg 1080w, https:\/\/all4camper.com\/wp-content\/uploads\/2021\/10\/wellness-kemp-rakousko-1-300x200.jpeg 300w, https:\/\/all4camper.com\/wp-content\/uploads\/2021\/10\/wellness-kemp-rakousko-1-150x100.jpeg 150w, https:\/\/all4camper.com\/wp-content\/uploads\/2021\/10\/wellness-kemp-rakousko-1-768x513.jpeg 768w, https:\/\/all4camper.com\/wp-content\/uploads\/2021\/10\/wellness-kemp-rakousko-1-696x465.jpeg 696w, https:\/\/all4camper.com\/wp-content\/uploads\/2021\/10\/wellness-kemp-rakousko-1-1068x713.jpeg 1068w\" sizes=\"auto, (max-width: 696px) 100vw, 696px\" \/><figcaption class=\"wp-element-caption\">Foto: <strong>Alpencamping Nenzing<\/strong><\/figcaption><\/figure>\n\n\n\n<h3 class=\"wp-block-heading\">2. <strong>Tyrolean Zugspitze, Rakousko<\/strong><\/h3>\n\n\n\n<p><strong>Um\u00edst\u011bn\u00ed: <\/strong>Na n\u011bmecko-rakousk\u00fdch hranic\u00edch, kousek od Innsbrucku.<\/p>\n\n\n\n<p>Tento luxusn\u00ed resort se nach\u00e1z\u00ed v t\u011bsn\u00e9 bl\u00edzkosti skiare\u00e1lu. V cen\u011b pobytu je i vstup do vyh\u0159\u00edvan\u00e9ho vnit\u0159n\u00edho a venkovn\u00edho baz\u00e9nu s jeskyn\u00ed, do saunov\u00e9ho sv\u011bta s n\u011bkolik a saunami, v\u00ed\u0159ivky a posilovny.&nbsp;Sou\u010d\u00e1st\u00ed vodn\u00edho sv\u011bta je tak\u00e9 vodn\u00ed sv\u011bt DIDI pro d\u011bti se skluzavkou a dobrodru\u017en\u00fdm baz\u00e9nem. Pro rodiny s d\u011btmi je k dispozici odd\u011blen\u00e1 \u010d\u00e1st s rodinnou saunou, parn\u00ed l\u00e1zn\u00ed a relaxa\u010dn\u00edm prostorem. <strong>Vstup do v\u0161ech t\u011bchto prostor je ji\u017e zahrnut v cen\u011b pobytu.<\/strong> Dal\u0161\u00ed ly\u017ea\u0159sk\u00e1 st\u0159ediska v bl\u00edzkosti:<strong>&nbsp;<\/strong>Ehrwalder Alm&nbsp;a&nbsp;Zugspitze<\/p>\n\n\n\n<figure class=\"wp-block-gallery has-nested-images columns-1 is-cropped wp-block-gallery-1 is-layout-flex wp-block-gallery-is-layout-flex\">\n<figure class=\"wp-block-image size-large\"><img loading=\"lazy\" decoding=\"async\" width=\"760\" height=\"507\" data-id=\"137589\" src=\"https:\/\/all4camper.com\/\/wp-content\/uploads\/2021\/10\/kemp-rakousko-wellness-2.jpeg\" alt=\"\" class=\"wp-image-137589\" srcset=\"https:\/\/all4camper.com\/wp-content\/uploads\/2021\/10\/kemp-rakousko-wellness-2.jpeg 760w, https:\/\/all4camper.com\/wp-content\/uploads\/2021\/10\/kemp-rakousko-wellness-2-300x200.jpeg 300w, https:\/\/all4camper.com\/wp-content\/uploads\/2021\/10\/kemp-rakousko-wellness-2-150x100.jpeg 150w, https:\/\/all4camper.com\/wp-content\/uploads\/2021\/10\/kemp-rakousko-wellness-2-696x464.jpeg 696w\" sizes=\"auto, (max-width: 760px) 100vw, 760px\" \/><figcaption class=\"wp-element-caption\">Foto: <strong>Tyrolean Zugspitze<\/strong><\/figcaption><\/figure>\n\n\n\n<figure class=\"wp-block-image size-large\"><img loading=\"lazy\" decoding=\"async\" width=\"1920\" height=\"1080\" data-id=\"137586\" src=\"https:\/\/all4camper.com\/\/wp-content\/uploads\/2021\/10\/kempy-wellness-rakousko-1920x1080.jpeg\" alt=\"\" class=\"wp-image-137586\" srcset=\"https:\/\/all4camper.com\/wp-content\/uploads\/2021\/10\/kempy-wellness-rakousko-1920x1080.jpeg 1920w, https:\/\/all4camper.com\/wp-content\/uploads\/2021\/10\/kempy-wellness-rakousko-300x169.jpeg 300w, https:\/\/all4camper.com\/wp-content\/uploads\/2021\/10\/kempy-wellness-rakousko-150x84.jpeg 150w, https:\/\/all4camper.com\/wp-content\/uploads\/2021\/10\/kempy-wellness-rakousko-768x432.jpeg 768w, https:\/\/all4camper.com\/wp-content\/uploads\/2021\/10\/kempy-wellness-rakousko-1536x864.jpeg 1536w, https:\/\/all4camper.com\/wp-content\/uploads\/2021\/10\/kempy-wellness-rakousko-696x392.jpeg 696w, https:\/\/all4camper.com\/wp-content\/uploads\/2021\/10\/kempy-wellness-rakousko-1068x601.jpeg 1068w, https:\/\/all4camper.com\/wp-content\/uploads\/2021\/10\/kempy-wellness-rakousko.jpeg 2048w\" sizes=\"auto, (max-width: 1920px) 100vw, 1920px\" \/><figcaption class=\"wp-element-caption\">Foto: <strong>Tyrolean Zugspitze<\/strong><\/figcaption><\/figure>\n<\/figure>\n\n\n\n<h3 class=\"wp-block-heading\">3. <strong>Camping Hell&nbsp;&#8211; Rakousko<\/strong><\/h3>\n\n\n\n<p>Tento kemp disponuje saunov\u00fdm sv\u011btem a vyh\u0159\u00edvan\u00fdm kryt\u00fdm baz\u00e9nem (od kv\u011btna do z\u00e1\u0159\u00ed je k dispozici tak\u00e9 vyh\u0159\u00edvan\u00fd venkovn\u00ed baz\u00e9n), d\u00e1le pak par\u00e1dn\u00edm z\u00e1zem\u00edm pro d\u011bti, a to i v zim\u011b. <strong>V cen\u011b pobytu je zahrnut vstup do baz\u00e9nu a dal\u0161\u00edch \u010d\u00e1st\u00ed kempu, saunov\u00fd sv\u011bt je za poplatek.<\/strong> Ski are\u00e1l Spieljochbahn F\u00fcgen&nbsp;je od kempu vzd\u00e1len 1 km.<\/p>\n\n\n\n<figure class=\"wp-block-gallery has-nested-images columns-default is-cropped wp-block-gallery-2 is-layout-flex wp-block-gallery-is-layout-flex\">\n<figure class=\"wp-block-image size-full\"><img loading=\"lazy\" decoding=\"async\" width=\"786\" height=\"524\" data-id=\"137595\" src=\"https:\/\/all4camper.com\/\/wp-content\/uploads\/2021\/10\/csm_camping-winter01_e621ccf610.jpeg\" alt=\"\" class=\"wp-image-137595\" srcset=\"https:\/\/all4camper.com\/wp-content\/uploads\/2021\/10\/csm_camping-winter01_e621ccf610.jpeg 786w, https:\/\/all4camper.com\/wp-content\/uploads\/2021\/10\/csm_camping-winter01_e621ccf610-300x200.jpeg 300w, https:\/\/all4camper.com\/wp-content\/uploads\/2021\/10\/csm_camping-winter01_e621ccf610-150x100.jpeg 150w, https:\/\/all4camper.com\/wp-content\/uploads\/2021\/10\/csm_camping-winter01_e621ccf610-768x512.jpeg 768w, https:\/\/all4camper.com\/wp-content\/uploads\/2021\/10\/csm_camping-winter01_e621ccf610-696x464.jpeg 696w\" sizes=\"auto, (max-width: 786px) 100vw, 786px\" \/><figcaption class=\"wp-element-caption\">Foto: <strong>Camping Hell<\/strong><\/figcaption><\/figure>\n\n\n\n<figure class=\"wp-block-image size-full\"><img loading=\"lazy\" decoding=\"async\" width=\"768\" height=\"512\" data-id=\"137592\" src=\"https:\/\/all4camper.com\/\/wp-content\/uploads\/2021\/10\/kemp-rakousko-wellness-4.jpeg\" alt=\"\" class=\"wp-image-137592\" srcset=\"https:\/\/all4camper.com\/wp-content\/uploads\/2021\/10\/kemp-rakousko-wellness-4.jpeg 768w, https:\/\/all4camper.com\/wp-content\/uploads\/2021\/10\/kemp-rakousko-wellness-4-300x200.jpeg 300w, https:\/\/all4camper.com\/wp-content\/uploads\/2021\/10\/kemp-rakousko-wellness-4-150x100.jpeg 150w, https:\/\/all4camper.com\/wp-content\/uploads\/2021\/10\/kemp-rakousko-wellness-4-696x464.jpeg 696w\" sizes=\"auto, (max-width: 768px) 100vw, 768px\" \/><figcaption class=\"wp-element-caption\">Foto: <strong>Camping Hell<\/strong><\/figcaption><\/figure>\n<\/figure>\n\n\n\n<h3 class=\"wp-block-heading\">4. <strong>Erlebnis Comfort Camping Aufenfeld, Rakousko<\/strong><\/h3>\n\n\n\n<p><strong>Kemp se nach\u00e1z\u00ed v bl\u00edzkosti nejv\u011bt\u0161\u00edho ly\u017ea\u0159sk\u00e9ho are\u00e1lu v Zillertalu&nbsp;Zillertal Arena&nbsp;(800m)<\/strong>. V kempu je i p\u016fj\u010dovna ly\u017e\u00ed a ly\u017ea\u0159sk\u00e1 \u0161kola, velk\u00fd kryt\u00fd vyh\u0159\u00edvan\u00fd baz\u00e9n a wellnes oasa se saunami. V\u0161echny pozemky jsou pravideln\u011b \u010di\u0161t\u011bny od sn\u011bhu a maj\u00ed p\u0159\u00edpojky.&nbsp;K dispozici jsou samoz\u0159ejm\u011b i vyh\u0159\u00edvan\u00e9 koupelny, um\u00fdv\u00e1rny n\u00e1dob\u00ed, pr\u00e1delna, su\u0161\u00e1rna nebo ly\u017e\u00e1rna.<\/p>\n\n\n\n<h2 class=\"wp-block-heading\">5. <strong>Sportcamping Woferlgut&nbsp;&#8211;&nbsp;(Bruck, Salcburk)<\/strong><\/h2>\n\n\n\n<p>Jedn\u00e1 se opravdu o n\u00e1dhern\u00fd luxusn\u00ed kemp, kde i v l\u00e9t\u011b si to u\u017eijete, nebo\u0165&nbsp;<strong>sou\u010d\u00e1st\u00ed kempu je i rozlehl\u00e9 jezero (15tis m2) s&nbsp;&#8222;Aquajump&#8220; uprost\u0159ed jezera<\/strong>. D\u00e1le je zde od kv\u011btna do z\u00e1\u0159\u00ed vyh\u0159\u00edvan\u00fd venkovn\u00ed baz\u00e9n. Kemp le\u017e\u00ed&nbsp;<strong>nedaleko Kaprunu<\/strong>,&nbsp;a proto v n\u011bm ly\u017ea\u0159skou sezonu m\u016f\u017eete za\u010d\u00edt opravdu brzy. K dispozici je tak\u00e9 saunov\u00fd sv\u011bt. Sou\u010d\u00e1st\u00ed ceny pobytu jsou V\u0160ECHNY nab\u00edzen\u00e9 slu\u017eby v kempu krom\u011b wellness mas\u00e1\u017e\u00ed. Nejbli\u017e\u0161\u00ed ly\u017eov\u00e1n\u00ed:&nbsp;Kaprun-Kitzsteinhorn Schmittenh\u00f6he&nbsp;(ledovec) 3,5km.<\/p>\n\n\n\n<figure class=\"wp-block-image size-full is-resized\"><img loading=\"lazy\" decoding=\"async\" src=\"https:\/\/all4camper.com\/\/wp-content\/uploads\/2023\/01\/sportcamp-wofelgut.jpeg\" alt=\"\" class=\"wp-image-142843\" width=\"734\" height=\"441\" srcset=\"https:\/\/all4camper.com\/wp-content\/uploads\/2023\/01\/sportcamp-wofelgut.jpeg 1280w, https:\/\/all4camper.com\/wp-content\/uploads\/2023\/01\/sportcamp-wofelgut-450x271.jpeg 450w, https:\/\/all4camper.com\/wp-content\/uploads\/2023\/01\/sportcamp-wofelgut-150x90.jpeg 150w, https:\/\/all4camper.com\/wp-content\/uploads\/2023\/01\/sportcamp-wofelgut-768x462.jpeg 768w, https:\/\/all4camper.com\/wp-content\/uploads\/2023\/01\/sportcamp-wofelgut-696x419.jpeg 696w\" sizes=\"auto, (max-width: 734px) 100vw, 734px\" \/><figcaption class=\"wp-element-caption\">Foto: <strong>Sportcamping Woferlgut<\/strong><\/figcaption><\/figure>\n\n\n\n<figure class=\"wp-block-image size-large is-resized\"><img loading=\"lazy\" decoding=\"async\" src=\"https:\/\/all4camper.com\/\/wp-content\/uploads\/2023\/01\/Sportcamping-Woferlgut-1728x1080.webp\" alt=\"\" class=\"wp-image-142845\" width=\"734\" height=\"458\" srcset=\"https:\/\/all4camper.com\/wp-content\/uploads\/2023\/01\/Sportcamping-Woferlgut-1728x1080.webp 1728w, https:\/\/all4camper.com\/wp-content\/uploads\/2023\/01\/Sportcamping-Woferlgut-450x281.webp 450w, https:\/\/all4camper.com\/wp-content\/uploads\/2023\/01\/Sportcamping-Woferlgut-150x94.webp 150w, https:\/\/all4camper.com\/wp-content\/uploads\/2023\/01\/Sportcamping-Woferlgut-768x480.webp 768w, https:\/\/all4camper.com\/wp-content\/uploads\/2023\/01\/Sportcamping-Woferlgut-1536x960.webp 1536w, https:\/\/all4camper.com\/wp-content\/uploads\/2023\/01\/Sportcamping-Woferlgut-696x435.webp 696w, https:\/\/all4camper.com\/wp-content\/uploads\/2023\/01\/Sportcamping-Woferlgut-1392x870.webp 1392w, https:\/\/all4camper.com\/wp-content\/uploads\/2023\/01\/Sportcamping-Woferlgut.webp 1920w\" sizes=\"auto, (max-width: 734px) 100vw, 734px\" \/><figcaption class=\"wp-element-caption\">Foto: <strong>Sportcamping Woferlgut<\/strong><\/figcaption><\/figure>\n\n\n\n<h2 class=\"wp-block-heading\"><strong>6. Schluga kempov\u00e1n\u00ed Hermagor&nbsp;&#8211;&nbsp;(Hermagor, Korutany)<\/strong><\/h2>\n\n\n\n<p>Sou\u010d\u00e1st\u00ed tohoto kempu je velk\u00e9 wellness centrum nab\u00edzej\u00edc\u00ed baz\u00e9n s protiproudem, r\u016fzn\u00e9 sauny a mas\u00e1\u017en\u00ed m\u00edstnosti, solnou jeskyn\u00ed a vyhl\u00eddkovou terasou. P\u0159es zimu jsou k dispozici dva vyh\u0159\u00edvan\u00e9 baz\u00e9ny. Vstupn\u00e9 do&nbsp;wellnes&nbsp;\u010d\u00e1sti je za symbolick\u00fd poplatek. K dispozici jsou i vyh\u0159\u00edvan\u00e9 koupelny, um\u00fdv\u00e1rny n\u00e1dob\u00ed, pr\u00e1delna, su\u0161\u00e1rna nebo ly\u017e\u00e1rna. <strong>Nejbli\u017e\u0161\u00ed Ski are\u00e1l:<\/strong> Nassfeld, 8km, ski bus v kempu<\/p>\n\n\n\n<h2 class=\"wp-block-heading\">7. <strong>Camping Grubhof &#8211; (Martin bei Lofer)<\/strong><\/h2>\n\n\n\n<p>Opravdu kr\u00e1sn\u00fd kemp se Saunov\u00fdm sv\u011btem. K dispozici jsou vyh\u0159\u00edvan\u00e9 koupelny, um\u00fdv\u00e1rny n\u00e1dob\u00ed, pr\u00e1delna, su\u0161\u00e1rna nebo ly\u017e\u00e1rna, d\u00e1le fitness.&nbsp;<strong>Ski bus v kempu.&nbsp;<\/strong>Herna pro d\u011bti. <strong>Ly\u017ea\u0159sk\u00e9 are\u00e1ly:&nbsp;<\/strong>Lofer,&nbsp;3km<\/p>\n\n\n\n<blockquote class=\"wp-embedded-content\" data-secret=\"MyasjrcpzA\"><a href=\"https:\/\/all4camper.com\/\/cs\/grubhof-krasny-kemp-nedaleko-salzburgu\/\">Grubhof &#8211; kr\u00e1sn\u00fd celoro\u010dn\u00ed kemp nedaleko Salzburgu<\/a><\/blockquote><iframe loading=\"lazy\" class=\"wp-embedded-content\" sandbox=\"allow-scripts\" security=\"restricted\" style=\"position: absolute; clip: rect(1px, 1px, 1px, 1px);\" title=\"&#8222;Grubhof &#8211; kr\u00e1sn\u00fd celoro\u010dn\u00ed kemp nedaleko Salzburgu&#8220; &#8212; All4Camper - kempujeme s Kl\u00e1rou\" src=\"https:\/\/all4camper.com\/\/cs\/grubhof-krasny-kemp-nedaleko-salzburgu\/embed\/#?secret=a1jGvp2rxf#?secret=MyasjrcpzA\" data-secret=\"MyasjrcpzA\" width=\"600\" height=\"338\" frameborder=\"0\" marginwidth=\"0\" marginheight=\"0\" scrolling=\"no\"><\/iframe>\n\n\n\n<h2 class=\"wp-block-heading\">8. <strong>Camping Otztal&nbsp;&#8211;&nbsp;L\u00e4ngenfeld<\/strong><\/h2>\n\n\n\n<p><strong>Jen 250m od tohoto kempu najdete term\u00e1ln\u00ed l\u00e1zn\u011b<\/strong>&nbsp;Aqua Dom,&nbsp;ve kter\u00fdch maj\u00ed host\u00e9 10% slevu. Hned u kempu se nach\u00e1z\u00ed vstup na b\u011b\u017eeck\u00e9 trat\u011b pro za\u010d\u00e1te\u010dn\u00edky i pokro\u010dil\u00e9. V bezprost\u0159edn\u00ed bl\u00edzkosti najdete kluzi\u0161t\u011b. K dispozici jsou vyh\u0159\u00edvan\u00e9 koupelny, um\u00fdv\u00e1rny n\u00e1dob\u00ed, pr\u00e1delna, su\u0161\u00e1rna a ly\u017e\u00e1rna, d\u00e1le pak t\u011blocvi\u010dna a herna pro d\u011bti. Ski bus do ly\u017ea\u0159sk\u00e9ho st\u0159ediska S\u00f6lden jezd\u00ed z kempu ka\u017ed\u00fdch 10 minut.<\/p>\n\n\n\n<figure class=\"wp-block-gallery has-nested-images columns-1 is-cropped wp-block-gallery-3 is-layout-flex wp-block-gallery-is-layout-flex\">\n<figure class=\"wp-block-image size-large\"><img loading=\"lazy\" decoding=\"async\" width=\"1200\" height=\"800\" data-id=\"142848\" src=\"https:\/\/all4camper.com\/\/wp-content\/uploads\/2023\/01\/Camping-Otztal.jpeg\" alt=\"\" class=\"wp-image-142848\" srcset=\"https:\/\/all4camper.com\/wp-content\/uploads\/2023\/01\/Camping-Otztal.jpeg 1200w, https:\/\/all4camper.com\/wp-content\/uploads\/2023\/01\/Camping-Otztal-450x300.jpeg 450w, https:\/\/all4camper.com\/wp-content\/uploads\/2023\/01\/Camping-Otztal-150x100.jpeg 150w, https:\/\/all4camper.com\/wp-content\/uploads\/2023\/01\/Camping-Otztal-768x512.jpeg 768w, https:\/\/all4camper.com\/wp-content\/uploads\/2023\/01\/Camping-Otztal-696x464.jpeg 696w\" sizes=\"auto, (max-width: 1200px) 100vw, 1200px\" \/><figcaption class=\"wp-element-caption\"><strong>Camping Otztal<\/strong><\/figcaption><\/figure>\n\n\n\n<figure class=\"wp-block-image size-large\"><img loading=\"lazy\" decoding=\"async\" width=\"1200\" height=\"800\" data-id=\"142849\" src=\"https:\/\/all4camper.com\/\/wp-content\/uploads\/2023\/01\/Camping-Otztal-therme.jpeg\" alt=\"\" class=\"wp-image-142849\" srcset=\"https:\/\/all4camper.com\/wp-content\/uploads\/2023\/01\/Camping-Otztal-therme.jpeg 1200w, https:\/\/all4camper.com\/wp-content\/uploads\/2023\/01\/Camping-Otztal-therme-450x300.jpeg 450w, https:\/\/all4camper.com\/wp-content\/uploads\/2023\/01\/Camping-Otztal-therme-150x100.jpeg 150w, https:\/\/all4camper.com\/wp-content\/uploads\/2023\/01\/Camping-Otztal-therme-768x512.jpeg 768w, https:\/\/all4camper.com\/wp-content\/uploads\/2023\/01\/Camping-Otztal-therme-696x464.jpeg 696w\" sizes=\"auto, (max-width: 1200px) 100vw, 1200px\" \/><figcaption class=\"wp-element-caption\"><strong>Camping Otztal<\/strong><\/figcaption><\/figure>\n<\/figure>\n\n\n\n<h2 class=\"wp-block-heading\">9. <strong>Euro-Camp Wilder Kaiser&nbsp;&#8211; K\u00f6ssen<\/strong><\/h2>\n\n\n\n<p>Dal\u0161\u00ed z moc hezk\u00fdch wellness kemp\u016f, kde v cen\u011b pobytu m\u00e1te zahrnut vstup do saunov\u00e9ho sv\u011bta a&nbsp;<strong>350 metr\u016f od n\u011bj najdete spodn\u00ed stanici&nbsp;ski are\u00e1lu&nbsp;Schizentrum Zahmer Kaiser<\/strong>. Ten je&nbsp;vhodn\u00fd zejm\u00e9na pro d\u011bti nebo za\u010d\u00e1te\u010dn\u00edky. Pobl\u00ed\u017e kempu najdete nav\u00edc \u010dty\u0159i s\u00e1\u0148ka\u0159sk\u00e9 dr\u00e1hy a n\u011bkolik b\u011b\u017eka\u0159sk\u00fdch. V l\u00e9t\u011b se tu m\u016f\u017eete vykoupat ve venkovn\u00edm baz\u00e9nu.<\/p>\n\n\n\n<figure class=\"wp-block-gallery has-nested-images columns-1 is-cropped wp-block-gallery-4 is-layout-flex wp-block-gallery-is-layout-flex\">\n<figure class=\"wp-block-image size-large\"><img loading=\"lazy\" decoding=\"async\" width=\"900\" height=\"600\" data-id=\"142852\" src=\"https:\/\/all4camper.com\/\/wp-content\/uploads\/2023\/01\/Euro-Camp-Wilder-Kaiser-Kossen.jpeg\" alt=\"\" class=\"wp-image-142852\" srcset=\"https:\/\/all4camper.com\/wp-content\/uploads\/2023\/01\/Euro-Camp-Wilder-Kaiser-Kossen.jpeg 900w, https:\/\/all4camper.com\/wp-content\/uploads\/2023\/01\/Euro-Camp-Wilder-Kaiser-Kossen-450x300.jpeg 450w, https:\/\/all4camper.com\/wp-content\/uploads\/2023\/01\/Euro-Camp-Wilder-Kaiser-Kossen-150x100.jpeg 150w, https:\/\/all4camper.com\/wp-content\/uploads\/2023\/01\/Euro-Camp-Wilder-Kaiser-Kossen-768x512.jpeg 768w, https:\/\/all4camper.com\/wp-content\/uploads\/2023\/01\/Euro-Camp-Wilder-Kaiser-Kossen-696x464.jpeg 696w\" sizes=\"auto, (max-width: 900px) 100vw, 900px\" \/><figcaption class=\"wp-element-caption\">Foto: <strong>Euro-Camp Wilder Kaiser&nbsp;&#8211; K\u00f6ssen<\/strong><\/figcaption><\/figure>\n\n\n\n<figure class=\"wp-block-image size-large\"><img loading=\"lazy\" decoding=\"async\" width=\"1620\" height=\"1080\" data-id=\"142854\" src=\"https:\/\/all4camper.com\/\/wp-content\/uploads\/2023\/01\/Euro-Camp-Wilder-Kaiser-Kossen-wellness-1620x1080.jpeg\" alt=\"\" class=\"wp-image-142854\" srcset=\"https:\/\/all4camper.com\/wp-content\/uploads\/2023\/01\/Euro-Camp-Wilder-Kaiser-Kossen-wellness-1620x1080.jpeg 1620w, https:\/\/all4camper.com\/wp-content\/uploads\/2023\/01\/Euro-Camp-Wilder-Kaiser-Kossen-wellness-450x300.jpeg 450w, https:\/\/all4camper.com\/wp-content\/uploads\/2023\/01\/Euro-Camp-Wilder-Kaiser-Kossen-wellness-150x100.jpeg 150w, https:\/\/all4camper.com\/wp-content\/uploads\/2023\/01\/Euro-Camp-Wilder-Kaiser-Kossen-wellness-768x512.jpeg 768w, https:\/\/all4camper.com\/wp-content\/uploads\/2023\/01\/Euro-Camp-Wilder-Kaiser-Kossen-wellness-1536x1024.jpeg 1536w, https:\/\/all4camper.com\/wp-content\/uploads\/2023\/01\/Euro-Camp-Wilder-Kaiser-Kossen-wellness-696x464.jpeg 696w, https:\/\/all4camper.com\/wp-content\/uploads\/2023\/01\/Euro-Camp-Wilder-Kaiser-Kossen-wellness-1392x928.jpeg 1392w, https:\/\/all4camper.com\/wp-content\/uploads\/2023\/01\/Euro-Camp-Wilder-Kaiser-Kossen-wellness-1920x1280.jpeg 1920w, https:\/\/all4camper.com\/wp-content\/uploads\/2023\/01\/Euro-Camp-Wilder-Kaiser-Kossen-wellness.jpeg 2048w\" sizes=\"auto, (max-width: 1620px) 100vw, 1620px\" \/><figcaption class=\"wp-element-caption\">oto: <strong>Euro-Camp Wilder Kaiser&nbsp;&#8211; K\u00f6ssen<\/strong><\/figcaption><\/figure>\n<\/figure>\n","protected":false},"excerpt":{"rendered":"<p>Zimn\u00ed karavanink je pojem, kter\u00fd je\u0161t\u011b p\u0159ed n\u011bkolika lety nebyl v \u010cR tolik roz\u0161\u00ed\u0159en. Av\u0161ak tak, jak stoup\u00e1 obliba kravaninku, roste i po\u010det t\u011bch, kte\u0159\u00ed svou dovolenou spojuj\u00ed s relaxac\u00ed a odpo\u010dinkem.<\/p>\n","protected":false},"author":4,"featured_media":142843,"comment_status":"closed","ping_status":"open","sticky":false,"template":"","format":"standard","meta":{"_monsterinsights_skip_tracking":false,"_monsterinsights_sitenote_active":false,"_monsterinsights_sitenote_note":"","_monsterinsights_sitenote_category":0,"footnotes":""},"categories":[2379,422,11685,341],"tags":[105,11763,81,380,321],"class_list":{"0":"post-137579","1":"post","2":"type-post","3":"status-publish","4":"format-standard","5":"has-post-thumbnail","7":"category-kempujeme-a-cestujeme-v-rakousku","8":"category-novinky-kempovani-a-karavaning","9":"category-top-kempy","10":"category-zimni-kempovani","11":"tag-rakousko","12":"tag-rss","13":"tag-termalni-lazne","14":"tag-topkempy","15":"tag-winter-camping"},"yoast_head":"<!-- This site is optimized with the Yoast SEO plugin v27.5 - https:\/\/yoast.com\/product\/yoast-seo-wordpress\/ -->\n<title>Rakousk\u00e9 zimn\u00ed wellness kempy, kde si u\u017eijete pohodovou a luxusn\u00ed dovolenou nejen v karavanu<\/title>\n<meta name=\"description\" content=\"druz\u00ed zase vyhled\u00e1vaj\u00ed spojen\u00ed zimn\u00edho karavaninku s pobytem v kempu, ide\u00e1ln\u011b takov\u00e9m, kter\u00fd nab\u00edz\u00ed i mo\u017enost wellnessu. Dnes v\u00e1m tedy p\u0159edstav\u00edm n\u011bkolik tip\u016f, kde si tuto zimn\u00ed dovolenou v karavanu m\u016f\u017eete par\u00e1dn\u011b u\u017eit.\" \/>\n<meta name=\"robots\" content=\"index, follow, max-snippet:-1, max-image-preview:large, max-video-preview:-1\" \/>\n<link rel=\"canonical\" href=\"https:\/\/all4camper.com\/cs\/rakouske-zimni-wellness-kempy-kde-si-uzijete-pohodovou-a-luxusni-dovolenou-nejen-v-karavanu\/\" \/>\n<meta property=\"og:locale\" content=\"cs_CZ\" \/>\n<meta property=\"og:type\" content=\"article\" \/>\n<meta property=\"og:title\" content=\"Rakousk\u00e9 zimn\u00ed wellness kempy, kde si u\u017eijete pohodovou a luxusn\u00ed dovolenou nejen v karavanu\" \/>\n<meta property=\"og:description\" content=\"druz\u00ed zase vyhled\u00e1vaj\u00ed spojen\u00ed zimn\u00edho karavaninku s pobytem v kempu, ide\u00e1ln\u011b takov\u00e9m, kter\u00fd nab\u00edz\u00ed i mo\u017enost wellnessu. Dnes v\u00e1m tedy p\u0159edstav\u00edm n\u011bkolik tip\u016f, kde si tuto zimn\u00ed dovolenou v karavanu m\u016f\u017eete par\u00e1dn\u011b u\u017eit.\" \/>\n<meta property=\"og:url\" content=\"https:\/\/all4camper.com\/cs\/rakouske-zimni-wellness-kempy-kde-si-uzijete-pohodovou-a-luxusni-dovolenou-nejen-v-karavanu\/\" \/>\n<meta property=\"og:site_name\" content=\"All4Camper\" \/>\n<meta property=\"article:published_time\" content=\"2023-01-02T08:37:49+00:00\" \/>\n<meta property=\"article:modified_time\" content=\"2023-01-18T11:02:29+00:00\" \/>\n<meta property=\"og:image\" content=\"https:\/\/all4camper.com\/wp-content\/uploads\/2023\/01\/sportcamp-wofelgut.jpeg\" \/>\n\t<meta property=\"og:image:width\" content=\"1280\" \/>\n\t<meta property=\"og:image:height\" content=\"770\" \/>\n\t<meta property=\"og:image:type\" content=\"image\/jpeg\" \/>\n<meta name=\"author\" content=\"Kl\u00e1ra H\u00e1jkov\u00e1\" \/>\n<meta name=\"twitter:card\" content=\"summary_large_image\" \/>\n<meta name=\"twitter:label1\" content=\"Napsal(a)\" \/>\n\t<meta name=\"twitter:data1\" content=\"Kl\u00e1ra H\u00e1jkov\u00e1\" \/>\n\t<meta name=\"twitter:label2\" content=\"Odhadovan\u00e1 doba \u010dten\u00ed\" \/>\n\t<meta name=\"twitter:data2\" content=\"5 minut\" \/>\n<script type=\"application\/ld+json\" class=\"yoast-schema-graph\">{\"@context\":\"https:\\\/\\\/schema.org\",\"@graph\":[{\"@type\":\"Article\",\"@id\":\"https:\\\/\\\/all4camper.com\\\/cs\\\/rakouske-zimni-wellness-kempy-kde-si-uzijete-pohodovou-a-luxusni-dovolenou-nejen-v-karavanu\\\/#article\",\"isPartOf\":{\"@id\":\"https:\\\/\\\/all4camper.com\\\/cs\\\/rakouske-zimni-wellness-kempy-kde-si-uzijete-pohodovou-a-luxusni-dovolenou-nejen-v-karavanu\\\/\"},\"author\":{\"name\":\"Kl\u00e1ra H\u00e1jkov\u00e1\",\"@id\":\"https:\\\/\\\/all4camper.com\\\/cs\\\/#\\\/schema\\\/person\\\/c6f1efdf1d02bc7d8c53a891cbe18c62\"},\"headline\":\"Rakousk\u00e9 zimn\u00ed wellness kempy, kde si u\u017eijete pohodovou a luxusn\u00ed dovolenou nejen v karavanu\",\"datePublished\":\"2023-01-02T08:37:49+00:00\",\"dateModified\":\"2023-01-18T11:02:29+00:00\",\"mainEntityOfPage\":{\"@id\":\"https:\\\/\\\/all4camper.com\\\/cs\\\/rakouske-zimni-wellness-kempy-kde-si-uzijete-pohodovou-a-luxusni-dovolenou-nejen-v-karavanu\\\/\"},\"wordCount\":1044,\"publisher\":{\"@id\":\"https:\\\/\\\/all4camper.com\\\/cs\\\/#organization\"},\"image\":{\"@id\":\"https:\\\/\\\/all4camper.com\\\/cs\\\/rakouske-zimni-wellness-kempy-kde-si-uzijete-pohodovou-a-luxusni-dovolenou-nejen-v-karavanu\\\/#primaryimage\"},\"thumbnailUrl\":\"https:\\\/\\\/all4camper.com\\\/wp-content\\\/uploads\\\/2023\\\/01\\\/sportcamp-wofelgut.jpeg\",\"keywords\":[\"Rakousko\",\"rss\",\"Term\u00e1ln\u00ed l\u00e1zn\u011b\",\"TOPkempy\",\"Zimn\u00ed kempov\u00e1n\u00ed\"],\"articleSection\":[\"Kempujeme a cestujeme v Rakousku\",\"Novinky - Kempov\u00e1n\u00ed a karavaning\",\"TOP kempy\",\"Zimn\u00ed kempov\u00e1n\u00ed\"],\"inLanguage\":\"cs\"},{\"@type\":\"WebPage\",\"@id\":\"https:\\\/\\\/all4camper.com\\\/cs\\\/rakouske-zimni-wellness-kempy-kde-si-uzijete-pohodovou-a-luxusni-dovolenou-nejen-v-karavanu\\\/\",\"url\":\"https:\\\/\\\/all4camper.com\\\/cs\\\/rakouske-zimni-wellness-kempy-kde-si-uzijete-pohodovou-a-luxusni-dovolenou-nejen-v-karavanu\\\/\",\"name\":\"Rakousk\u00e9 zimn\u00ed wellness kempy, kde si u\u017eijete pohodovou a luxusn\u00ed dovolenou nejen v karavanu\",\"isPartOf\":{\"@id\":\"https:\\\/\\\/all4camper.com\\\/cs\\\/#website\"},\"primaryImageOfPage\":{\"@id\":\"https:\\\/\\\/all4camper.com\\\/cs\\\/rakouske-zimni-wellness-kempy-kde-si-uzijete-pohodovou-a-luxusni-dovolenou-nejen-v-karavanu\\\/#primaryimage\"},\"image\":{\"@id\":\"https:\\\/\\\/all4camper.com\\\/cs\\\/rakouske-zimni-wellness-kempy-kde-si-uzijete-pohodovou-a-luxusni-dovolenou-nejen-v-karavanu\\\/#primaryimage\"},\"thumbnailUrl\":\"https:\\\/\\\/all4camper.com\\\/wp-content\\\/uploads\\\/2023\\\/01\\\/sportcamp-wofelgut.jpeg\",\"datePublished\":\"2023-01-02T08:37:49+00:00\",\"dateModified\":\"2023-01-18T11:02:29+00:00\",\"description\":\"druz\u00ed zase vyhled\u00e1vaj\u00ed spojen\u00ed zimn\u00edho karavaninku s pobytem v kempu, ide\u00e1ln\u011b takov\u00e9m, kter\u00fd nab\u00edz\u00ed i mo\u017enost wellnessu. Dnes v\u00e1m tedy p\u0159edstav\u00edm n\u011bkolik tip\u016f, kde si tuto zimn\u00ed dovolenou v karavanu m\u016f\u017eete par\u00e1dn\u011b u\u017eit.\",\"breadcrumb\":{\"@id\":\"https:\\\/\\\/all4camper.com\\\/cs\\\/rakouske-zimni-wellness-kempy-kde-si-uzijete-pohodovou-a-luxusni-dovolenou-nejen-v-karavanu\\\/#breadcrumb\"},\"inLanguage\":\"cs\",\"potentialAction\":[{\"@type\":\"ReadAction\",\"target\":[\"https:\\\/\\\/all4camper.com\\\/cs\\\/rakouske-zimni-wellness-kempy-kde-si-uzijete-pohodovou-a-luxusni-dovolenou-nejen-v-karavanu\\\/\"]}]},{\"@type\":\"ImageObject\",\"inLanguage\":\"cs\",\"@id\":\"https:\\\/\\\/all4camper.com\\\/cs\\\/rakouske-zimni-wellness-kempy-kde-si-uzijete-pohodovou-a-luxusni-dovolenou-nejen-v-karavanu\\\/#primaryimage\",\"url\":\"https:\\\/\\\/all4camper.com\\\/wp-content\\\/uploads\\\/2023\\\/01\\\/sportcamp-wofelgut.jpeg\",\"contentUrl\":\"https:\\\/\\\/all4camper.com\\\/wp-content\\\/uploads\\\/2023\\\/01\\\/sportcamp-wofelgut.jpeg\",\"width\":1280,\"height\":770},{\"@type\":\"BreadcrumbList\",\"@id\":\"https:\\\/\\\/all4camper.com\\\/cs\\\/rakouske-zimni-wellness-kempy-kde-si-uzijete-pohodovou-a-luxusni-dovolenou-nejen-v-karavanu\\\/#breadcrumb\",\"itemListElement\":[{\"@type\":\"ListItem\",\"position\":1,\"name\":\"Dom\u016f\",\"item\":\"https:\\\/\\\/all4camper.com\\\/cs\\\/\"},{\"@type\":\"ListItem\",\"position\":2,\"name\":\"Novinky - Kempov\u00e1n\u00ed a karavaning\",\"item\":\"https:\\\/\\\/all4camper.com\\\/cs\\\/category\\\/novinky-kempovani-a-karavaning\\\/\"},{\"@type\":\"ListItem\",\"position\":3,\"name\":\"Rakousk\u00e9 zimn\u00ed wellness kempy, kde si u\u017eijete pohodovou a luxusn\u00ed dovolenou nejen v karavanu\"}]},{\"@type\":\"WebSite\",\"@id\":\"https:\\\/\\\/all4camper.com\\\/cs\\\/#website\",\"url\":\"https:\\\/\\\/all4camper.com\\\/cs\\\/\",\"name\":\"All4Camper\",\"description\":\"Nejv\u011bt\u0161\u00ed online magaz\u00edn o kempov\u00e1n\u00ed a karavaninku. V\u00edce jak 900 \u010dl\u00e1nk\u016f pln\u00fdch rad a tip\u016f o kempech a kempov\u00e1n\u00ed.\",\"publisher\":{\"@id\":\"https:\\\/\\\/all4camper.com\\\/cs\\\/#organization\"},\"potentialAction\":[{\"@type\":\"SearchAction\",\"target\":{\"@type\":\"EntryPoint\",\"urlTemplate\":\"https:\\\/\\\/all4camper.com\\\/cs\\\/?s={search_term_string}\"},\"query-input\":{\"@type\":\"PropertyValueSpecification\",\"valueRequired\":true,\"valueName\":\"search_term_string\"}}],\"inLanguage\":\"cs\"},{\"@type\":\"Organization\",\"@id\":\"https:\\\/\\\/all4camper.com\\\/cs\\\/#organization\",\"name\":\"All4Camper - kempujeme s Kl\u00e1rou\",\"url\":\"https:\\\/\\\/all4camper.com\\\/cs\\\/\",\"logo\":{\"@type\":\"ImageObject\",\"inLanguage\":\"cs\",\"@id\":\"https:\\\/\\\/all4camper.com\\\/cs\\\/#\\\/schema\\\/logo\\\/image\\\/\",\"url\":\"https:\\\/\\\/all4camper.com\\\/wp-content\\\/uploads\\\/2018\\\/09\\\/novelogo.png\",\"contentUrl\":\"https:\\\/\\\/all4camper.com\\\/wp-content\\\/uploads\\\/2018\\\/09\\\/novelogo.png\",\"width\":1520,\"height\":600,\"caption\":\"All4Camper - kempujeme s Kl\u00e1rou\"},\"image\":{\"@id\":\"https:\\\/\\\/all4camper.com\\\/cs\\\/#\\\/schema\\\/logo\\\/image\\\/\"}},{\"@type\":\"Person\",\"@id\":\"https:\\\/\\\/all4camper.com\\\/cs\\\/#\\\/schema\\\/person\\\/c6f1efdf1d02bc7d8c53a891cbe18c62\",\"name\":\"Kl\u00e1ra H\u00e1jkov\u00e1\",\"sameAs\":[\"http:\\\/\\\/www.all4camper.com\"],\"url\":\"https:\\\/\\\/all4camper.com\\\/cs\\\/author\\\/klarinkacestuje1\\\/\"}]}<\/script>\n<!-- \/ Yoast SEO plugin. -->","yoast_head_json":{"title":"Rakousk\u00e9 zimn\u00ed wellness kempy, kde si u\u017eijete pohodovou a luxusn\u00ed dovolenou nejen v karavanu","description":"druz\u00ed zase vyhled\u00e1vaj\u00ed spojen\u00ed zimn\u00edho karavaninku s pobytem v kempu, ide\u00e1ln\u011b takov\u00e9m, kter\u00fd nab\u00edz\u00ed i mo\u017enost wellnessu. Dnes v\u00e1m tedy p\u0159edstav\u00edm n\u011bkolik tip\u016f, kde si tuto zimn\u00ed dovolenou v karavanu m\u016f\u017eete par\u00e1dn\u011b u\u017eit.","robots":{"index":"index","follow":"follow","max-snippet":"max-snippet:-1","max-image-preview":"max-image-preview:large","max-video-preview":"max-video-preview:-1"},"canonical":"https:\/\/all4camper.com\/cs\/rakouske-zimni-wellness-kempy-kde-si-uzijete-pohodovou-a-luxusni-dovolenou-nejen-v-karavanu\/","og_locale":"cs_CZ","og_type":"article","og_title":"Rakousk\u00e9 zimn\u00ed wellness kempy, kde si u\u017eijete pohodovou a luxusn\u00ed dovolenou nejen v karavanu","og_description":"druz\u00ed zase vyhled\u00e1vaj\u00ed spojen\u00ed zimn\u00edho karavaninku s pobytem v kempu, ide\u00e1ln\u011b takov\u00e9m, kter\u00fd nab\u00edz\u00ed i mo\u017enost wellnessu. Dnes v\u00e1m tedy p\u0159edstav\u00edm n\u011bkolik tip\u016f, kde si tuto zimn\u00ed dovolenou v karavanu m\u016f\u017eete par\u00e1dn\u011b u\u017eit.","og_url":"https:\/\/all4camper.com\/cs\/rakouske-zimni-wellness-kempy-kde-si-uzijete-pohodovou-a-luxusni-dovolenou-nejen-v-karavanu\/","og_site_name":"All4Camper","article_published_time":"2023-01-02T08:37:49+00:00","article_modified_time":"2023-01-18T11:02:29+00:00","og_image":[{"width":1280,"height":770,"url":"https:\/\/all4camper.com\/wp-content\/uploads\/2023\/01\/sportcamp-wofelgut.jpeg","type":"image\/jpeg"}],"author":"Kl\u00e1ra H\u00e1jkov\u00e1","twitter_card":"summary_large_image","twitter_misc":{"Napsal(a)":"Kl\u00e1ra H\u00e1jkov\u00e1","Odhadovan\u00e1 doba \u010dten\u00ed":"5 minut"},"schema":{"@context":"https:\/\/schema.org","@graph":[{"@type":"Article","@id":"https:\/\/all4camper.com\/cs\/rakouske-zimni-wellness-kempy-kde-si-uzijete-pohodovou-a-luxusni-dovolenou-nejen-v-karavanu\/#article","isPartOf":{"@id":"https:\/\/all4camper.com\/cs\/rakouske-zimni-wellness-kempy-kde-si-uzijete-pohodovou-a-luxusni-dovolenou-nejen-v-karavanu\/"},"author":{"name":"Kl\u00e1ra H\u00e1jkov\u00e1","@id":"https:\/\/all4camper.com\/cs\/#\/schema\/person\/c6f1efdf1d02bc7d8c53a891cbe18c62"},"headline":"Rakousk\u00e9 zimn\u00ed wellness kempy, kde si u\u017eijete pohodovou a luxusn\u00ed dovolenou nejen v karavanu","datePublished":"2023-01-02T08:37:49+00:00","dateModified":"2023-01-18T11:02:29+00:00","mainEntityOfPage":{"@id":"https:\/\/all4camper.com\/cs\/rakouske-zimni-wellness-kempy-kde-si-uzijete-pohodovou-a-luxusni-dovolenou-nejen-v-karavanu\/"},"wordCount":1044,"publisher":{"@id":"https:\/\/all4camper.com\/cs\/#organization"},"image":{"@id":"https:\/\/all4camper.com\/cs\/rakouske-zimni-wellness-kempy-kde-si-uzijete-pohodovou-a-luxusni-dovolenou-nejen-v-karavanu\/#primaryimage"},"thumbnailUrl":"https:\/\/all4camper.com\/wp-content\/uploads\/2023\/01\/sportcamp-wofelgut.jpeg","keywords":["Rakousko","rss","Term\u00e1ln\u00ed l\u00e1zn\u011b","TOPkempy","Zimn\u00ed kempov\u00e1n\u00ed"],"articleSection":["Kempujeme a cestujeme v Rakousku","Novinky - Kempov\u00e1n\u00ed a karavaning","TOP kempy","Zimn\u00ed kempov\u00e1n\u00ed"],"inLanguage":"cs"},{"@type":"WebPage","@id":"https:\/\/all4camper.com\/cs\/rakouske-zimni-wellness-kempy-kde-si-uzijete-pohodovou-a-luxusni-dovolenou-nejen-v-karavanu\/","url":"https:\/\/all4camper.com\/cs\/rakouske-zimni-wellness-kempy-kde-si-uzijete-pohodovou-a-luxusni-dovolenou-nejen-v-karavanu\/","name":"Rakousk\u00e9 zimn\u00ed wellness kempy, kde si u\u017eijete pohodovou a luxusn\u00ed dovolenou nejen v karavanu","isPartOf":{"@id":"https:\/\/all4camper.com\/cs\/#website"},"primaryImageOfPage":{"@id":"https:\/\/all4camper.com\/cs\/rakouske-zimni-wellness-kempy-kde-si-uzijete-pohodovou-a-luxusni-dovolenou-nejen-v-karavanu\/#primaryimage"},"image":{"@id":"https:\/\/all4camper.com\/cs\/rakouske-zimni-wellness-kempy-kde-si-uzijete-pohodovou-a-luxusni-dovolenou-nejen-v-karavanu\/#primaryimage"},"thumbnailUrl":"https:\/\/all4camper.com\/wp-content\/uploads\/2023\/01\/sportcamp-wofelgut.jpeg","datePublished":"2023-01-02T08:37:49+00:00","dateModified":"2023-01-18T11:02:29+00:00","description":"druz\u00ed zase vyhled\u00e1vaj\u00ed spojen\u00ed zimn\u00edho karavaninku s pobytem v kempu, ide\u00e1ln\u011b takov\u00e9m, kter\u00fd nab\u00edz\u00ed i mo\u017enost wellnessu. Dnes v\u00e1m tedy p\u0159edstav\u00edm n\u011bkolik tip\u016f, kde si tuto zimn\u00ed dovolenou v karavanu m\u016f\u017eete par\u00e1dn\u011b u\u017eit.","breadcrumb":{"@id":"https:\/\/all4camper.com\/cs\/rakouske-zimni-wellness-kempy-kde-si-uzijete-pohodovou-a-luxusni-dovolenou-nejen-v-karavanu\/#breadcrumb"},"inLanguage":"cs","potentialAction":[{"@type":"ReadAction","target":["https:\/\/all4camper.com\/cs\/rakouske-zimni-wellness-kempy-kde-si-uzijete-pohodovou-a-luxusni-dovolenou-nejen-v-karavanu\/"]}]},{"@type":"ImageObject","inLanguage":"cs","@id":"https:\/\/all4camper.com\/cs\/rakouske-zimni-wellness-kempy-kde-si-uzijete-pohodovou-a-luxusni-dovolenou-nejen-v-karavanu\/#primaryimage","url":"https:\/\/all4camper.com\/wp-content\/uploads\/2023\/01\/sportcamp-wofelgut.jpeg","contentUrl":"https:\/\/all4camper.com\/wp-content\/uploads\/2023\/01\/sportcamp-wofelgut.jpeg","width":1280,"height":770},{"@type":"BreadcrumbList","@id":"https:\/\/all4camper.com\/cs\/rakouske-zimni-wellness-kempy-kde-si-uzijete-pohodovou-a-luxusni-dovolenou-nejen-v-karavanu\/#breadcrumb","itemListElement":[{"@type":"ListItem","position":1,"name":"Dom\u016f","item":"https:\/\/all4camper.com\/cs\/"},{"@type":"ListItem","position":2,"name":"Novinky - Kempov\u00e1n\u00ed a karavaning","item":"https:\/\/all4camper.com\/cs\/category\/novinky-kempovani-a-karavaning\/"},{"@type":"ListItem","position":3,"name":"Rakousk\u00e9 zimn\u00ed wellness kempy, kde si u\u017eijete pohodovou a luxusn\u00ed dovolenou nejen v karavanu"}]},{"@type":"WebSite","@id":"https:\/\/all4camper.com\/cs\/#website","url":"https:\/\/all4camper.com\/cs\/","name":"All4Camper","description":"Nejv\u011bt\u0161\u00ed online magaz\u00edn o kempov\u00e1n\u00ed a karavaninku. V\u00edce jak 900 \u010dl\u00e1nk\u016f pln\u00fdch rad a tip\u016f o kempech a kempov\u00e1n\u00ed.","publisher":{"@id":"https:\/\/all4camper.com\/cs\/#organization"},"potentialAction":[{"@type":"SearchAction","target":{"@type":"EntryPoint","urlTemplate":"https:\/\/all4camper.com\/cs\/?s={search_term_string}"},"query-input":{"@type":"PropertyValueSpecification","valueRequired":true,"valueName":"search_term_string"}}],"inLanguage":"cs"},{"@type":"Organization","@id":"https:\/\/all4camper.com\/cs\/#organization","name":"All4Camper - kempujeme s Kl\u00e1rou","url":"https:\/\/all4camper.com\/cs\/","logo":{"@type":"ImageObject","inLanguage":"cs","@id":"https:\/\/all4camper.com\/cs\/#\/schema\/logo\/image\/","url":"https:\/\/all4camper.com\/wp-content\/uploads\/2018\/09\/novelogo.png","contentUrl":"https:\/\/all4camper.com\/wp-content\/uploads\/2018\/09\/novelogo.png","width":1520,"height":600,"caption":"All4Camper - kempujeme s Kl\u00e1rou"},"image":{"@id":"https:\/\/all4camper.com\/cs\/#\/schema\/logo\/image\/"}},{"@type":"Person","@id":"https:\/\/all4camper.com\/cs\/#\/schema\/person\/c6f1efdf1d02bc7d8c53a891cbe18c62","name":"Kl\u00e1ra H\u00e1jkov\u00e1","sameAs":["http:\/\/www.all4camper.com"],"url":"https:\/\/all4camper.com\/cs\/author\/klarinkacestuje1\/"}]}},"_links":{"self":[{"href":"https:\/\/all4camper.com\/cs\/wp-json\/wp\/v2\/posts\/137579","targetHints":{"allow":["GET"]}}],"collection":[{"href":"https:\/\/all4camper.com\/cs\/wp-json\/wp\/v2\/posts"}],"about":[{"href":"https:\/\/all4camper.com\/cs\/wp-json\/wp\/v2\/types\/post"}],"author":[{"embeddable":true,"href":"https:\/\/all4camper.com\/cs\/wp-json\/wp\/v2\/users\/4"}],"replies":[{"embeddable":true,"href":"https:\/\/all4camper.com\/cs\/wp-json\/wp\/v2\/comments?post=137579"}],"version-history":[{"count":0,"href":"https:\/\/all4camper.com\/cs\/wp-json\/wp\/v2\/posts\/137579\/revisions"}],"wp:featuredmedia":[{"embeddable":true,"href":"https:\/\/all4camper.com\/cs\/wp-json\/wp\/v2\/media\/142843"}],"wp:attachment":[{"href":"https:\/\/all4camper.com\/cs\/wp-json\/wp\/v2\/media?parent=137579"}],"wp:term":[{"taxonomy":"category","embeddable":true,"href":"https:\/\/all4camper.com\/cs\/wp-json\/wp\/v2\/categories?post=137579"},{"taxonomy":"post_tag","embeddable":true,"href":"https:\/\/all4camper.com\/cs\/wp-json\/wp\/v2\/tags?post=137579"}],"curies":[{"name":"wp","href":"https:\/\/api.w.org\/{rel}","templated":true}]}}