{"id":137342,"date":"2021-10-05T09:45:17","date_gmt":"2021-10-05T07:45:17","guid":{"rendered":"https:\/\/all4camper.com\/\/?p=137342"},"modified":"2021-11-01T14:53:58","modified_gmt":"2021-11-01T13:53:58","slug":"babi-leto-v-krumlove-kde-tam-nocovat-s-karavanem-a-na-jake-zazitky-se-muzete-tesit","status":"publish","type":"post","link":"https:\/\/all4camper.com\/cs\/babi-leto-v-krumlove-kde-tam-nocovat-s-karavanem-a-na-jake-zazitky-se-muzete-tesit\/","title":{"rendered":"Bab\u00ed l\u00e9to v Krumlov\u011b &#8211; kde tam nocovat s karavanem a na jak\u00e9 z\u00e1\u017eitky se m\u016f\u017eete t\u011b\u0161it"},"content":{"rendered":"\n<p><strong>Te\u010f je ide\u00e1ln\u00ed doba u\u017e\u00edt si perlu historick\u00fdch m\u011bst \u010cesk\u00fd Krumlov bez turist\u016f. Cizinci se je\u0161t\u011b nevr\u00e1tili a v\u011bt\u0161ina turist\u016f vyhled\u00e1v\u00e1 \u010cesk\u00fd Krumlov jen v\u00a0l\u00e9t\u011b. A to je \u0161koda i na podzim m\u00e1 co nab\u00eddnout. Krumlov v\u00e1s chyt\u00ed za srdce, u\u017eijete si dobr\u00e9ho j\u00eddla pit\u00ed ale p\u0159edev\u0161\u00edm nikdy nekon\u010d\u00edc\u00ed a st\u00e1le pestr\u00fd kulturn\u00ed program. Tak\u017ee sbalte se a vyrazte s\u00a0obytkami a karavany do \u010cesk\u00e9ho Krumlova.<\/strong><\/p>\n\n\n\n<figure class=\"wp-block-image size-full is-resized\"><img loading=\"lazy\" decoding=\"async\" src=\"https:\/\/all4camper.com\/\/wp-content\/uploads\/2021\/10\/c\u030cesky\u0301-krumlov.jpg\" alt=\"\" class=\"wp-image-137343\" width=\"696\" height=\"463\" srcset=\"https:\/\/all4camper.com\/wp-content\/uploads\/2021\/10\/c\u030cesky\u0301-krumlov.jpg 1280w, https:\/\/all4camper.com\/wp-content\/uploads\/2021\/10\/c\u030cesky\u0301-krumlov-300x200.jpg 300w, https:\/\/all4camper.com\/wp-content\/uploads\/2021\/10\/c\u030cesky\u0301-krumlov-150x100.jpg 150w, https:\/\/all4camper.com\/wp-content\/uploads\/2021\/10\/c\u030cesky\u0301-krumlov-768x512.jpg 768w, https:\/\/all4camper.com\/wp-content\/uploads\/2021\/10\/c\u030cesky\u0301-krumlov-696x464.jpg 696w, https:\/\/all4camper.com\/wp-content\/uploads\/2021\/10\/c\u030cesky\u0301-krumlov-1068x712.jpg 1068w\" sizes=\"auto, (max-width: 696px) 100vw, 696px\" \/><\/figure>\n\n\n\n<h2 class=\"wp-block-heading\">Oslava v\u00edn<\/h2>\n\n\n\n<p>Co by to bylo za podzim bez ochutn\u00e1vek v\u00edn a r\u016fzn\u00fdch gastronomick\u00fdch lah\u016fdek. <a href=\"https:\/\/www.festivalvinack.cz\/cz\/festival-vina-cesky-krumlov\/\" target=\"_blank\" rel=\"noreferrer noopener\">Festival v\u00edna \u010cesk\u00fd Krumlov<\/a> v\u00e1s zve na ochutn\u00e1vky pe\u010dliv\u011b vybran\u00fdch dom\u00e1c\u00edch i zahrani\u010dn\u00edch v\u00edn a p\u00e1rov\u00e1n\u00ed nejen s\u00a0lok\u00e1ln\u00edmi gastronomick\u00fdmi specialitami. Sou\u010d\u00e1sti programu jsou i setk\u00e1n\u00ed se znalci v\u00edna, to v\u0161e v\u00a0nezapomenuteln\u00fdch kulis\u00e1ch historick\u00e9ho m\u011bsta a nebude chyb\u011bt ani obl\u00edben\u00e1 Z\u00e1meck\u00e1 slavnost v\u00edna. Festival trv\u00e1 a\u017e do 4. prosince 2021, tak\u017ee sou\u010d\u00e1st\u00ed je i oslava Svatomartinsk\u00fdch v\u00edn.<\/p>\n\n\n\n<figure class=\"wp-block-image size-full\"><img loading=\"lazy\" decoding=\"async\" width=\"1620\" height=\"1080\" src=\"https:\/\/all4camper.com\/\/wp-content\/uploads\/2021\/10\/20190928_SVS_4518.jpg\" alt=\"\" class=\"wp-image-137346\" srcset=\"https:\/\/all4camper.com\/wp-content\/uploads\/2021\/10\/20190928_SVS_4518.jpg 1620w, https:\/\/all4camper.com\/wp-content\/uploads\/2021\/10\/20190928_SVS_4518-300x200.jpg 300w, https:\/\/all4camper.com\/wp-content\/uploads\/2021\/10\/20190928_SVS_4518-150x100.jpg 150w, https:\/\/all4camper.com\/wp-content\/uploads\/2021\/10\/20190928_SVS_4518-768x512.jpg 768w, https:\/\/all4camper.com\/wp-content\/uploads\/2021\/10\/20190928_SVS_4518-1536x1024.jpg 1536w, https:\/\/all4camper.com\/wp-content\/uploads\/2021\/10\/20190928_SVS_4518-696x464.jpg 696w, https:\/\/all4camper.com\/wp-content\/uploads\/2021\/10\/20190928_SVS_4518-1068x712.jpg 1068w\" sizes=\"auto, (max-width: 1620px) 100vw, 1620px\" \/><\/figure>\n\n\n\n<h2 class=\"wp-block-heading\">S&nbsp;kartou u\u0161et\u0159\u00edte<\/h2>\n\n\n\n<p>Pokud jedete do \u010cesk\u00e9ho Krumlova na v\u00edce dn\u00ed, tak ur\u010dit\u011b si po\u0159i\u010fte <a href=\"https:\/\/www.ckrumlov.info\/cz\/ck-card-zvyhodnena-vstupenka-do-peti-muzei-a-galerii\/\" target=\"_blank\" rel=\"noreferrer noopener\">\u010cesk\u00fd Krumlov Card<\/a>. <strong>Na jednu vstupenku tak m\u016f\u017eete nav\u0161t\u00edvit hned p\u011bt muze\u00ed a galeri\u00ed. <\/strong>A pokud je v\u0161echny nestihnete b\u011bhem jedn\u00e9 n\u00e1v\u0161t\u011bvy, tak se do Krumlova m\u016f\u017eete <strong><em>v\u00a0pr\u016fb\u011bhu 1 roku<\/em><\/strong> vr\u00e1tit a v\u00a0pozn\u00e1v\u00e1n\u00ed historie a sou\u010dasnosti pokra\u010dovat d\u00e1l. P\u0159\u00edpadn\u011b kartu d\u00e1l m\u016f\u017eete darovat. S\u00a0kartou se dostanete do t\u011bchto muze\u00ed a galeri\u00ed: Egon Schiele Art Centrum, Kl\u00e1\u0161tery \u010cesk\u00fd Krumlov, Hradn\u00ed muzeum a z\u00e1meck\u00e1 v\u011b\u017e, Museum Fotoateli\u00e9r Seidel a Region\u00e1ln\u00ed muzeum v\u00a0\u010cesk\u00e9m Krumlov\u011b. <strong>Nav\u00edc na vstupy do dal\u0161\u00edch expozic m\u00e1te slevu 50 %.<\/strong> Dosp\u011bl\u00ed za kartu zaplat\u00ed 400 K\u010d. Rodinn\u00e1 vstupenka stoj\u00ed 800 K\u010d a s\u00a0dv\u011bma dosp\u011bl\u00fdmi mohou a\u017e t\u0159i d\u011bti do 15 let. Kartu zakoup\u00edte v\u00a0jednotliv\u00fdch expozic\u00edch (krom\u011b hradn\u00edho muzea) a v\u00a0Infocentrum na n\u00e1m\u011bst\u00ed.<\/p>\n\n\n\n<figure class=\"wp-block-image size-large\"><img loading=\"lazy\" decoding=\"async\" width=\"1350\" height=\"1080\" src=\"https:\/\/all4camper.com\/\/wp-content\/uploads\/2021\/10\/22DAF026-27B1-483A-AA2B-C811688E4A24-1350x1080.jpg\" alt=\"\" class=\"wp-image-137349\" srcset=\"https:\/\/all4camper.com\/wp-content\/uploads\/2021\/10\/22DAF026-27B1-483A-AA2B-C811688E4A24-1350x1080.jpg 1350w, https:\/\/all4camper.com\/wp-content\/uploads\/2021\/10\/22DAF026-27B1-483A-AA2B-C811688E4A24-300x240.jpg 300w, https:\/\/all4camper.com\/wp-content\/uploads\/2021\/10\/22DAF026-27B1-483A-AA2B-C811688E4A24-150x120.jpg 150w, https:\/\/all4camper.com\/wp-content\/uploads\/2021\/10\/22DAF026-27B1-483A-AA2B-C811688E4A24-768x614.jpg 768w, https:\/\/all4camper.com\/wp-content\/uploads\/2021\/10\/22DAF026-27B1-483A-AA2B-C811688E4A24-1536x1229.jpg 1536w, https:\/\/all4camper.com\/wp-content\/uploads\/2021\/10\/22DAF026-27B1-483A-AA2B-C811688E4A24-696x557.jpg 696w, https:\/\/all4camper.com\/wp-content\/uploads\/2021\/10\/22DAF026-27B1-483A-AA2B-C811688E4A24-1068x854.jpg 1068w, https:\/\/all4camper.com\/wp-content\/uploads\/2021\/10\/22DAF026-27B1-483A-AA2B-C811688E4A24-1920x1536.jpg 1920w, https:\/\/all4camper.com\/wp-content\/uploads\/2021\/10\/22DAF026-27B1-483A-AA2B-C811688E4A24.jpg 2048w\" sizes=\"auto, (max-width: 1350px) 100vw, 1350px\" \/><\/figure>\n\n\n\n<p>I kdybyste nenav\u0161t\u00edvili \u017e\u00e1dn\u00e9 muzeum \u010di galerii (to by byla velk\u00e1 \u0161koda) vyplat\u00ed se si do Krumlova ud\u011blat v\u00fdlet. D\u0159\u00edve byl Krumlov s\u00eddeln\u00edm m\u011bstem mnoha mocn\u00fdch \u010desk\u00fdch rod\u016f \u2013 V\u00edtkovc\u016f, p\u00e1n\u016f z\u00a0Krumlova, Ro\u017emberk\u016f, Eggenberg\u016f a Schwarzenber\u016f. V\u0161echny tyto rody o m\u011bsto c\u00edlen\u011b pe\u010dovaly a rozv\u00edjely ho. Nelze se proto divit, \u017ee t\u00e9m\u011b\u0159 ka\u017ed\u00fd d\u016fm historick\u00e9ho centra je spjat\u00fd s\u00a0histori\u00ed m\u011bsta a dohromady jsou velkou \u010d\u00edtankou um\u011bleck\u00fdch sloh\u016f minul\u00fdch stolet\u00ed. <strong>Nen\u00ed divu, \u017ee od roku 1992 je m\u011bsto zaps\u00e1no na seznamu sv\u011btov\u00e9ho d\u011bdictv\u00ed UNESCO. I v\u00a0bab\u00edm l\u00e9t\u011b \u017eije m\u011bsto pestr\u00fdm \u017eivotem. <\/strong>V\u00a0galeri\u00edch a muze\u00edch prob\u00edhaj\u00ed nap\u0159\u00edklad zaj\u00edmav\u00e9 v\u00fdstavy.<\/p>\n\n\n\n<h2 class=\"wp-block-heading\">V\u00fdlet do sv\u011bta fantazie<\/h2>\n\n\n\n<p>V\u00a0nov\u00fdch v\u00fdstavn\u00edch prostor\u00e1ch Kl\u00e1\u0161tery \u010cesk\u00fd Krumlov si m\u016f\u017eete a\u017e do 6. ledna 2022 prohl\u00e9dnout <a href=\"https:\/\/www.ckrumlov.info\/cz\/vystava-svet-fantazie-jindry-capka\/\" target=\"_blank\" rel=\"noreferrer noopener\">nejucelen\u011bj\u0161\u00ed v\u00fdstavu tvorby Jindry \u010capka ur\u010denou d\u011btem i dosp\u011bl\u00fdm \u2013 Sv\u011bt fantazie<\/a>. <strong>Mezin\u00e1rodn\u011b uzn\u00e1van\u00fd v\u00fdtvarn\u00edk odkr\u00fdv\u00e1 podivuhodn\u00fd sv\u011bt fantazie pln\u00fd poh\u00e1dkov\u00fdch p\u0159\u00edb\u011bh\u016f, tajupln\u00fdch krajin, pitoreskn\u00edch postav, zv\u00ed\u0159at i nadp\u0159irozen\u00fdch bytost\u00ed. <\/strong>Jindra \u010capek je mezin\u00e1rodn\u011b uzn\u00e1van\u00fd v\u00fdtvarn\u00edk poh\u00e1dkov\u00fdch knih a ur\u010dit\u011b si vybav\u00edte, jak v\u00a0kn\u00ed\u017ek\u00e1ch vypadal Pinocchio, \u0160eherez\u00e1da nebo stra\u0161idlo Barbucha z\u00a0kn\u00ed\u017eky Kuba, Kubula a Kubikula ood Vladislava Van\u010dury. Pr\u00e1v\u011b toto stra\u0161idlo p\u0159edstavuje my\u0161lenku, \u017ee strach je jen tak velk\u00fd, jak mu ka\u017ed\u00fd z\u00a0n\u00e1s dovol\u00ed.<\/p>\n\n\n\n<h2 class=\"wp-block-heading\">Historick\u00e1 l\u00e9k\u00e1rna<\/h2>\n\n\n\n<p>Z\u00a0dal\u0161\u00edch v\u00fdstav ur\u010dit\u011b nevynechejte: Uk\u00e1zku, jak vypadala <a href=\"https:\/\/muzeumck.cz\/event\/barokni-jezuitska-lekarna-2\/\" target=\"_blank\" rel=\"noreferrer noopener\">jezuitsk\u00e1 l\u00e9k\u00e1rna v\u00a0dob\u011b Baroka<\/a> (Region\u00e1ln\u00ed muzeum \u010cesk\u00fd Krumlov. L\u00e9k\u00e1rna byla bohat\u011b zdoben\u00e1 vy\u0159ez\u00e1v\u00e1n\u00edm, malov\u00e1n\u00edm a zlacen\u00edm ale ucelen\u00fd soubor zaujme p\u0159edev\u0161\u00edm t\u00e9m\u011b\u0159 dv\u011bma stovkami drobn\u011bj\u0161\u00edch expon\u00e1t\u016f, bez kter\u00fdch se tehdy neobe\u0161la \u017e\u00e1dn\u00e1 l\u00e9k\u00e1rna \u2013 hmo\u017ed\u00ed\u0159\u016f, kotl\u00edk\u016f, nab\u011bra\u010dek, l\u00e9kovek, r\u016fzn\u00fdch d\u00f3z \u2013 v\u00a0n\u011bkter\u00fdch je je\u0161t\u011b st\u00e1le p\u016fvodn\u00ed obsah. V\u00fdstava potrv\u00e1 a\u017e do konce prosince 2021.<\/p>\n\n\n\n<figure class=\"wp-block-image size-full\"><img loading=\"lazy\" decoding=\"async\" width=\"750\" height=\"578\" src=\"https:\/\/all4camper.com\/\/wp-content\/uploads\/2021\/10\/le\u0301ka\u0301rna4-750x578-1.jpeg\" alt=\"\" class=\"wp-image-137352\" srcset=\"https:\/\/all4camper.com\/wp-content\/uploads\/2021\/10\/le\u0301ka\u0301rna4-750x578-1.jpeg 750w, https:\/\/all4camper.com\/wp-content\/uploads\/2021\/10\/le\u0301ka\u0301rna4-750x578-1-300x231.jpeg 300w, https:\/\/all4camper.com\/wp-content\/uploads\/2021\/10\/le\u0301ka\u0301rna4-750x578-1-150x116.jpeg 150w, https:\/\/all4camper.com\/wp-content\/uploads\/2021\/10\/le\u0301ka\u0301rna4-750x578-1-696x536.jpeg 696w\" sizes=\"auto, (max-width: 750px) 100vw, 750px\" \/><\/figure>\n\n\n\n<h2 class=\"wp-block-heading\">Zkuste si \u0159emesla<\/h2>\n\n\n\n<p>Naprostou peckou je <a href=\"https:\/\/www.klasteryck.cz\/cz\/interaktivni-expozice-lidskych-dovednosti\/\" target=\"_blank\" rel=\"noreferrer noopener\">interaktivn\u00ed expozice lidsk\u00fdch dovednost\u00ed<\/a>. Dozv\u00edte se, jak \u017eila d\u0159\u00edve \u0161lechta, jak prost\u00fd lid, jak se tiskly knihy nebo co p\u0159edch\u00e1zelo ledni\u010dce. Bude to bavit i d\u011bti, proto\u017ee ke v\u0161emu si m\u016f\u017eete p\u0159ivon\u011bt, v\u0161e osahat. Nam\u00edch\u00e1te si bylinkov\u00e9 \u010daje, koupelov\u00e9 soli, zjist\u00edte, jak se p\u00ed\u0161e hus\u00edm brkem.<\/p>\n\n\n\n<h2 class=\"wp-block-heading\">Sportovn\u00ed Krumlov<\/h2>\n\n\n\n<p>\u010cesk\u00fd Krumlov nel\u00e1k\u00e1 jen milovn\u00edky um\u011bn\u00ed. Na sv\u00e9 si tu p\u0159ijdou i sportovn\u00ed nad\u0161enci. P\u016fj\u010dte si kanoi \u010di raft a <a href=\"https:\/\/www.ckrumlov.info\/cz\/trasy-171-krumlovem-na-lodi\/\" target=\"_blank\" rel=\"noreferrer noopener\">poznejte Krumlov z\u00a0vodn\u00ed hladiny<\/a>. B\u011bhem dvouhodinov\u00e9 plavby zdol\u00e1te n\u011bkolik jez\u016f a uvid\u00edte Krumlov z\u00a0jin\u00e9 str\u00e1nky. Plavba za\u010d\u00edn\u00e1 v\u00a0Nov\u00e9m Spol\u00ed a kon\u010d\u00ed v\u00a0kempu na konci \u010cesk\u00e9ho Krumlova.<\/p>\n\n\n\n<figure class=\"wp-block-image size-full\"><img loading=\"lazy\" decoding=\"async\" width=\"900\" height=\"600\" src=\"https:\/\/all4camper.com\/\/wp-content\/uploads\/2021\/10\/krumlov-na-lodi.jpeg\" alt=\"\" class=\"wp-image-137355\" srcset=\"https:\/\/all4camper.com\/wp-content\/uploads\/2021\/10\/krumlov-na-lodi.jpeg 900w, https:\/\/all4camper.com\/wp-content\/uploads\/2021\/10\/krumlov-na-lodi-300x200.jpeg 300w, https:\/\/all4camper.com\/wp-content\/uploads\/2021\/10\/krumlov-na-lodi-150x100.jpeg 150w, https:\/\/all4camper.com\/wp-content\/uploads\/2021\/10\/krumlov-na-lodi-768x512.jpeg 768w, https:\/\/all4camper.com\/wp-content\/uploads\/2021\/10\/krumlov-na-lodi-696x464.jpeg 696w\" sizes=\"auto, (max-width: 900px) 100vw, 900px\" \/><\/figure>\n\n\n\n<p>V\u00a0sobotu 9. 10. se v\u00a0\u010cesk\u00e9m Krumlov\u011b kon\u00e1 tradi\u010dn\u00ed <a href=\"http:\/\/www.krumlovskymaraton.com\/\" target=\"_blank\" rel=\"noreferrer noopener\">vod\u00e1ck\u00fd maraton<\/a>, tak m\u016f\u017eete obdivovat amat\u00e9ry i profesion\u00e1ly vod\u00e1ck\u00e9ho sportu v\u00a0akci. Z\u00e1vod\u00ed na kajac\u00edch, k\u00e1no\u00edch, raftech, ale i pramic\u00edch \u010di paddleboardech. \u00a0N\u011bkter\u00e9 z\u00a0tras m\u011b\u0159\u00ed a\u017e 37 kilometr\u016f (start je ve Vy\u0161\u0161\u00edm Brodu nebo Ro\u017emberku). Nechyb\u00ed ani doprovodn\u00e9 akce v\u00a0Pivovarsk\u00e9 zahrad\u011b.<\/p>\n\n\n\n<p>Jste rad\u011bji v\u00a0suchu? P\u0159ivezte si nebo si tu p\u016fj\u010dte kolo a prozkoumejte okol\u00ed v\u00a0jeho sedle. <strong>V\u00fdb\u011br cyklotras podle n\u00e1ro\u010dnosti najdete <a href=\"https:\/\/www.ckrumlov.info\/cz\/vylety-do-okoli\/\" target=\"_blank\" rel=\"noreferrer noopener\">tady<\/a>.<\/strong> Krumlov zaujme i milovn\u00edky bur\u00e1cen\u00ed motor\u016f. 12. a\u017e 14. listopadu se tu pojede 48. odlo\u017een\u00fd ro\u010dn\u00edk Rallye \u010cesk\u00fd Krumlov. Podrobn\u011bj\u0161\u00ed informace o programu fin\u00e1lov\u00e9ho podniku tuzemsk\u00e9 mistrovsk\u00e9 sezony automobilov\u00fdch z\u00e1vod\u016f budou zve\u0159ejn\u011bny v\u00a0n\u00e1sleduj\u00edc\u00edch dnech, proto sledujte <a href=\"http:\/\/www.rallyekrumlov.cz\/\" target=\"_blank\" rel=\"noreferrer noopener\">webov\u00e9 str\u00e1nky<\/a>.<\/p>\n\n\n\n<figure class=\"wp-block-image size-full is-resized\"><img loading=\"lazy\" decoding=\"async\" src=\"https:\/\/all4camper.com\/\/wp-content\/uploads\/2021\/10\/23.jpg\" alt=\"\" class=\"wp-image-137358\" width=\"696\" height=\"464\" srcset=\"https:\/\/all4camper.com\/wp-content\/uploads\/2021\/10\/23.jpg 1200w, https:\/\/all4camper.com\/wp-content\/uploads\/2021\/10\/23-300x200.jpg 300w, https:\/\/all4camper.com\/wp-content\/uploads\/2021\/10\/23-150x100.jpg 150w, https:\/\/all4camper.com\/wp-content\/uploads\/2021\/10\/23-768x512.jpg 768w, https:\/\/all4camper.com\/wp-content\/uploads\/2021\/10\/23-696x464.jpg 696w, https:\/\/all4camper.com\/wp-content\/uploads\/2021\/10\/23-1068x712.jpg 1068w\" sizes=\"auto, (max-width: 696px) 100vw, 696px\" \/><\/figure>\n\n\n\n<h2 class=\"wp-block-heading\">Tady si pochutn\u00e1te<\/h2>\n\n\n\n<p>\u017d\u00e1dn\u00fd v\u00fdlet se neobejde bez dobr\u00e9ho j\u00eddla. Kdy\u017e jste v\u00a0Krumlov\u011b, tak va\u0161\u00ed pozornosti doporu\u010duji podnik <a href=\"http:\/\/www.depokrumlov.cz\/cs\" target=\"_blank\" rel=\"noreferrer noopener\">Hostinec DEPO<\/a>, kter\u00fd nab\u00edz\u00ed tankovou Plze\u0148, ale i pivo z\u00a0m\u00edstn\u00edho pivovaru a k\u00a0tomu poctivou \u010deskou kuchyni. Od n\u00e1dhern\u00e9 libov\u00e9 tla\u010denky a\u017e po skv\u011bl\u00fd prav\u00fd hospodsk\u00fd gul\u00e1\u0161. A z\u00a0restaurace v\u00a0industri\u00e1ln\u00edm stylu m\u00e1te kr\u00e1sn\u00fd v\u00fdhled na park pod z\u00e1mkem a d\u011btsk\u00e9 h\u0159i\u0161t\u011b. L\u00edbit se tu bude rozhodn\u011b rodin\u00e1m s\u00a0d\u011btmi. Dal\u0161\u00ed tipy na m\u00edsta, kde uspokoj\u00edte sv\u00e9 chu\u0165ov\u00e9 bu\u0148ky jsou <a href=\"https:\/\/www.ckrumlov.info\/cz\/gastronomie\/\" target=\"_blank\" rel=\"noreferrer noopener\">tady<\/a>.<\/p>\n\n\n\n<figure class=\"wp-block-image size-full\"><img loading=\"lazy\" decoding=\"async\" width=\"1000\" height=\"628\" src=\"https:\/\/all4camper.com\/\/wp-content\/uploads\/2021\/10\/depo-krumlov-hostinec.jpeg\" alt=\"\" class=\"wp-image-137361\" srcset=\"https:\/\/all4camper.com\/wp-content\/uploads\/2021\/10\/depo-krumlov-hostinec.jpeg 1000w, https:\/\/all4camper.com\/wp-content\/uploads\/2021\/10\/depo-krumlov-hostinec-300x188.jpeg 300w, https:\/\/all4camper.com\/wp-content\/uploads\/2021\/10\/depo-krumlov-hostinec-150x94.jpeg 150w, https:\/\/all4camper.com\/wp-content\/uploads\/2021\/10\/depo-krumlov-hostinec-768x482.jpeg 768w, https:\/\/all4camper.com\/wp-content\/uploads\/2021\/10\/depo-krumlov-hostinec-696x437.jpeg 696w\" sizes=\"auto, (max-width: 1000px) 100vw, 1000px\" \/><\/figure>\n\n\n\n<h2 class=\"wp-block-heading\">Kde z\u016fstat st\u00e1t \u010di kempovat s karavanem?<\/h2>\n\n\n\n<p>P\u0159\u00edmo v\u00a0Krumlov\u011b najdete <strong>parkovi\u0161t\u011b pro st\u00e1n\u00ed karavan\u016f <\/strong>na t\u011bchto GPX koordin\u00e1tech: <a href=\"https:\/\/goo.gl\/maps\/F3zPhUN1pMqhCkmY8\" target=\"_blank\" rel=\"noreferrer noopener nofollow\">48.8157664N, 14.3092433E<\/a>. Stellplatz nen\u00ed samoz\u0159ejm\u011b ur\u010den pro kempov\u00e1n\u00ed. Za 12 &#8211; 24 hodin st\u00e1n\u00ed tady zaplat\u00edte 400 K\u010d. Na m\u00edst\u011b chyb\u00ed mo\u017enost doplnit vodu, vypustit \u0161edou vodu \u010di vyl\u00edt obsah chemick\u00e9ho WC a nen\u00ed tu ani p\u0159\u00edpojka na elekt\u0159inu.<\/p>\n\n\n\n<div class=\"wp-block-image\"><figure class=\"aligncenter size-full\"><img loading=\"lazy\" decoding=\"async\" width=\"400\" height=\"225\" src=\"https:\/\/all4camper.com\/\/wp-content\/uploads\/2021\/10\/sta\u0301ni\u0301-krumlov.jpeg\" alt=\"\" class=\"wp-image-137364\" srcset=\"https:\/\/all4camper.com\/wp-content\/uploads\/2021\/10\/sta\u0301ni\u0301-krumlov.jpeg 400w, https:\/\/all4camper.com\/wp-content\/uploads\/2021\/10\/sta\u0301ni\u0301-krumlov-300x169.jpeg 300w, https:\/\/all4camper.com\/wp-content\/uploads\/2021\/10\/sta\u0301ni\u0301-krumlov-150x84.jpeg 150w\" sizes=\"auto, (max-width: 400px) 100vw, 400px\" \/><\/figure><\/div>\n\n\n\n<p>Druhou mo\u017enost\u00ed je odstavit sv\u00e9 vozidlo v\u00a05 kilometr\u016f vzd\u00e1len\u00e9m <a href=\"https:\/\/www.petraskuv-dvur.cz\/\" target=\"_blank\" rel=\"noreferrer noopener\">Caravan Campu Petr\u00e1\u0161k\u016fv Dv\u016fr<\/a>. Tady u\u017e naleznete ve\u0161ker\u00fd pot\u0159ebn\u00fd servis, nav\u00edc od kempu vede i cyklostezka ale toto m\u00edsto funguje jen do konce z\u00e1\u0159\u00ed. Novu sez\u00f3nu za\u010d\u00edn\u00e1 a\u017e v\u00a0kv\u011btnu. Posledn\u00ed mo\u017enost\u00ed je celoro\u010dn\u00ed <a href=\"http:\/\/kempkrumlov.cz\/\" target=\"_blank\" rel=\"noreferrer noopener\">kemp v\u00a0Nov\u00e9m Spol\u00ed<\/a>, kde najdete pot\u0159ebn\u00e9 z\u00e1zem\u00ed. Odsud m\u00e1te historick\u00e9 centrum nejbl\u00ed\u017ee.<\/p>\n\n\n\n<p>Tak co? Vyd\u00e1te se te\u010f na podzim do \u010cesk\u00e9ho Krumlova? J\u00e1 mysl\u00edm, \u017ee nevydat se by byla \u0161koda. L\u00e1kadel si pro v\u00e1s p\u0159ipravil nem\u00e1lo. U\u017eijte si to tam.<\/p>\n\n\n\n<figure class=\"wp-block-image size-full\"><img loading=\"lazy\" decoding=\"async\" width=\"1620\" height=\"1080\" src=\"https:\/\/all4camper.com\/\/wp-content\/uploads\/2021\/10\/20190928_SVS_4362.jpg\" alt=\"\" class=\"wp-image-137367\" srcset=\"https:\/\/all4camper.com\/wp-content\/uploads\/2021\/10\/20190928_SVS_4362.jpg 1620w, https:\/\/all4camper.com\/wp-content\/uploads\/2021\/10\/20190928_SVS_4362-300x200.jpg 300w, https:\/\/all4camper.com\/wp-content\/uploads\/2021\/10\/20190928_SVS_4362-150x100.jpg 150w, https:\/\/all4camper.com\/wp-content\/uploads\/2021\/10\/20190928_SVS_4362-768x512.jpg 768w, https:\/\/all4camper.com\/wp-content\/uploads\/2021\/10\/20190928_SVS_4362-1536x1024.jpg 1536w, https:\/\/all4camper.com\/wp-content\/uploads\/2021\/10\/20190928_SVS_4362-696x464.jpg 696w, https:\/\/all4camper.com\/wp-content\/uploads\/2021\/10\/20190928_SVS_4362-1068x712.jpg 1068w\" sizes=\"auto, (max-width: 1620px) 100vw, 1620px\" \/><\/figure>\n","protected":false},"excerpt":{"rendered":"<p>Te\u010f je ide\u00e1ln\u00ed doba u\u017e\u00edt si perlu historick\u00fdch m\u011bst \u010cesk\u00fd Krumlov bez turist\u016f. Cizinci se je\u0161t\u011b nevr\u00e1tili a v\u011bt\u0161ina turist\u016f vyhled\u00e1v\u00e1 \u010cesk\u00fd Krumlov jen v\u00a0l\u00e9t\u011b. A to je \u0161koda i na podzim m\u00e1 co nab\u00eddnout. Krumlov v\u00e1s chyt\u00ed za srdce, u\u017eijete si dobr\u00e9ho j\u00eddla pit\u00ed ale p\u0159edev\u0161\u00edm nikdy nekon\u010d\u00edc\u00ed a st\u00e1le pestr\u00fd kulturn\u00ed program. Tak\u017ee [&hellip;]<\/p>\n","protected":false},"author":4,"featured_media":137349,"comment_status":"closed","ping_status":"open","sticky":false,"template":"","format":"standard","meta":{"_monsterinsights_skip_tracking":false,"_monsterinsights_sitenote_active":false,"_monsterinsights_sitenote_note":"","_monsterinsights_sitenote_category":0,"footnotes":""},"categories":[364,422],"tags":[100,11691,11694,325],"class_list":{"0":"post-137342","1":"post","2":"type-post","3":"status-publish","4":"format-standard","5":"has-post-thumbnail","7":"category-cestujeme-a-kempujeme-v-cr","8":"category-novinky-kempovani-a-karavaning","9":"tag-cechy","10":"tag-jihoceskykraj","11":"tag-podzim","12":"tag-poznavaci-dovolena"},"yoast_head":"<!-- This site is optimized with the Yoast SEO plugin v27.5 - https:\/\/yoast.com\/product\/yoast-seo-wordpress\/ -->\n<title>Bab\u00ed l\u00e9to v Krumlov\u011b - kde tam nocovat s karavanem a na jak\u00e9 z\u00e1\u017eitky se m\u016f\u017eete t\u011b\u0161it - All4Camper<\/title>\n<meta name=\"description\" content=\"Te\u010f je ide\u00e1ln\u00ed doba u\u017e\u00edt si perlu historick\u00fdch m\u011bst \u010cesk\u00fd Krumlov bez turist\u016f. Cizinci se je\u0161t\u011b nevr\u00e1tili a v\u011bt\u0161ina turist\u016f vyhled\u00e1v\u00e1 \u010cesk\u00fd Krumlov jen v\u00a0l\u00e9t\u011b. A to je \u0161koda i na podzim m\u00e1 co nab\u00eddnout. Krumlov v\u00e1s chyt\u00ed za srdce, u\u017eijete si dobr\u00e9ho j\u00eddla pit\u00ed ale p\u0159edev\u0161\u00edm nikdy nekon\u010d\u00edc\u00ed a st\u00e1le pestr\u00fd kulturn\u00ed program. Tak\u017ee sbalte se a vyrazte s\u00a0obytkami a karavany do \u010cesk\u00e9ho Krumlova.\" \/>\n<meta name=\"robots\" content=\"index, follow, max-snippet:-1, max-image-preview:large, max-video-preview:-1\" \/>\n<link rel=\"canonical\" href=\"https:\/\/all4camper.com\/cs\/babi-leto-v-krumlove-kde-tam-nocovat-s-karavanem-a-na-jake-zazitky-se-muzete-tesit\/\" \/>\n<meta property=\"og:locale\" content=\"cs_CZ\" \/>\n<meta property=\"og:type\" content=\"article\" \/>\n<meta property=\"og:title\" content=\"Bab\u00ed l\u00e9to v Krumlov\u011b - kde tam nocovat s karavanem a na jak\u00e9 z\u00e1\u017eitky se m\u016f\u017eete t\u011b\u0161it - All4Camper\" \/>\n<meta property=\"og:description\" content=\"Te\u010f je ide\u00e1ln\u00ed doba u\u017e\u00edt si perlu historick\u00fdch m\u011bst \u010cesk\u00fd Krumlov bez turist\u016f. Cizinci se je\u0161t\u011b nevr\u00e1tili a v\u011bt\u0161ina turist\u016f vyhled\u00e1v\u00e1 \u010cesk\u00fd Krumlov jen v\u00a0l\u00e9t\u011b. A to je \u0161koda i na podzim m\u00e1 co nab\u00eddnout. Krumlov v\u00e1s chyt\u00ed za srdce, u\u017eijete si dobr\u00e9ho j\u00eddla pit\u00ed ale p\u0159edev\u0161\u00edm nikdy nekon\u010d\u00edc\u00ed a st\u00e1le pestr\u00fd kulturn\u00ed program. Tak\u017ee sbalte se a vyrazte s\u00a0obytkami a karavany do \u010cesk\u00e9ho Krumlova.\" \/>\n<meta property=\"og:url\" content=\"https:\/\/all4camper.com\/cs\/babi-leto-v-krumlove-kde-tam-nocovat-s-karavanem-a-na-jake-zazitky-se-muzete-tesit\/\" \/>\n<meta property=\"og:site_name\" content=\"All4Camper\" \/>\n<meta property=\"article:published_time\" content=\"2021-10-05T07:45:17+00:00\" \/>\n<meta property=\"article:modified_time\" content=\"2021-11-01T13:53:58+00:00\" \/>\n<meta property=\"og:image\" content=\"https:\/\/all4camper.com\/wp-content\/uploads\/2021\/10\/22DAF026-27B1-483A-AA2B-C811688E4A24.jpg\" \/>\n\t<meta property=\"og:image:width\" content=\"2048\" \/>\n\t<meta property=\"og:image:height\" content=\"1638\" \/>\n\t<meta property=\"og:image:type\" content=\"image\/jpeg\" \/>\n<meta name=\"author\" content=\"Kl\u00e1ra H\u00e1jkov\u00e1\" \/>\n<meta name=\"twitter:card\" content=\"summary_large_image\" \/>\n<meta name=\"twitter:label1\" content=\"Napsal(a)\" \/>\n\t<meta name=\"twitter:data1\" content=\"Kl\u00e1ra H\u00e1jkov\u00e1\" \/>\n\t<meta name=\"twitter:label2\" content=\"Odhadovan\u00e1 doba \u010dten\u00ed\" \/>\n\t<meta name=\"twitter:data2\" content=\"7 minut\" \/>\n<script type=\"application\/ld+json\" class=\"yoast-schema-graph\">{\"@context\":\"https:\\\/\\\/schema.org\",\"@graph\":[{\"@type\":\"Article\",\"@id\":\"https:\\\/\\\/all4camper.com\\\/cs\\\/babi-leto-v-krumlove-kde-tam-nocovat-s-karavanem-a-na-jake-zazitky-se-muzete-tesit\\\/#article\",\"isPartOf\":{\"@id\":\"https:\\\/\\\/all4camper.com\\\/cs\\\/babi-leto-v-krumlove-kde-tam-nocovat-s-karavanem-a-na-jake-zazitky-se-muzete-tesit\\\/\"},\"author\":{\"name\":\"Kl\u00e1ra H\u00e1jkov\u00e1\",\"@id\":\"https:\\\/\\\/all4camper.com\\\/cs\\\/#\\\/schema\\\/person\\\/c6f1efdf1d02bc7d8c53a891cbe18c62\"},\"headline\":\"Bab\u00ed l\u00e9to v Krumlov\u011b &#8211; kde tam nocovat s karavanem a na jak\u00e9 z\u00e1\u017eitky se m\u016f\u017eete t\u011b\u0161it\",\"datePublished\":\"2021-10-05T07:45:17+00:00\",\"dateModified\":\"2021-11-01T13:53:58+00:00\",\"mainEntityOfPage\":{\"@id\":\"https:\\\/\\\/all4camper.com\\\/cs\\\/babi-leto-v-krumlove-kde-tam-nocovat-s-karavanem-a-na-jake-zazitky-se-muzete-tesit\\\/\"},\"wordCount\":1367,\"publisher\":{\"@id\":\"https:\\\/\\\/all4camper.com\\\/cs\\\/#organization\"},\"image\":{\"@id\":\"https:\\\/\\\/all4camper.com\\\/cs\\\/babi-leto-v-krumlove-kde-tam-nocovat-s-karavanem-a-na-jake-zazitky-se-muzete-tesit\\\/#primaryimage\"},\"thumbnailUrl\":\"https:\\\/\\\/all4camper.com\\\/wp-content\\\/uploads\\\/2021\\\/10\\\/22DAF026-27B1-483A-AA2B-C811688E4A24.jpg\",\"keywords\":[\"\u010cechy\",\"Jiho\u010desk\u00fdkraj\",\"podzim\",\"Pozn\u00e1vac\u00ed dovolen\u00e1\"],\"articleSection\":[\"Cestujeme a kempujeme v \u010cR\",\"Novinky - Kempov\u00e1n\u00ed a karavaning\"],\"inLanguage\":\"cs\"},{\"@type\":\"WebPage\",\"@id\":\"https:\\\/\\\/all4camper.com\\\/cs\\\/babi-leto-v-krumlove-kde-tam-nocovat-s-karavanem-a-na-jake-zazitky-se-muzete-tesit\\\/\",\"url\":\"https:\\\/\\\/all4camper.com\\\/cs\\\/babi-leto-v-krumlove-kde-tam-nocovat-s-karavanem-a-na-jake-zazitky-se-muzete-tesit\\\/\",\"name\":\"Bab\u00ed l\u00e9to v Krumlov\u011b - kde tam nocovat s karavanem a na jak\u00e9 z\u00e1\u017eitky se m\u016f\u017eete t\u011b\u0161it - All4Camper\",\"isPartOf\":{\"@id\":\"https:\\\/\\\/all4camper.com\\\/cs\\\/#website\"},\"primaryImageOfPage\":{\"@id\":\"https:\\\/\\\/all4camper.com\\\/cs\\\/babi-leto-v-krumlove-kde-tam-nocovat-s-karavanem-a-na-jake-zazitky-se-muzete-tesit\\\/#primaryimage\"},\"image\":{\"@id\":\"https:\\\/\\\/all4camper.com\\\/cs\\\/babi-leto-v-krumlove-kde-tam-nocovat-s-karavanem-a-na-jake-zazitky-se-muzete-tesit\\\/#primaryimage\"},\"thumbnailUrl\":\"https:\\\/\\\/all4camper.com\\\/wp-content\\\/uploads\\\/2021\\\/10\\\/22DAF026-27B1-483A-AA2B-C811688E4A24.jpg\",\"datePublished\":\"2021-10-05T07:45:17+00:00\",\"dateModified\":\"2021-11-01T13:53:58+00:00\",\"description\":\"Te\u010f je ide\u00e1ln\u00ed doba u\u017e\u00edt si perlu historick\u00fdch m\u011bst \u010cesk\u00fd Krumlov bez turist\u016f. Cizinci se je\u0161t\u011b nevr\u00e1tili a v\u011bt\u0161ina turist\u016f vyhled\u00e1v\u00e1 \u010cesk\u00fd Krumlov jen v\u00a0l\u00e9t\u011b. A to je \u0161koda i na podzim m\u00e1 co nab\u00eddnout. Krumlov v\u00e1s chyt\u00ed za srdce, u\u017eijete si dobr\u00e9ho j\u00eddla pit\u00ed ale p\u0159edev\u0161\u00edm nikdy nekon\u010d\u00edc\u00ed a st\u00e1le pestr\u00fd kulturn\u00ed program. Tak\u017ee sbalte se a vyrazte s\u00a0obytkami a karavany do \u010cesk\u00e9ho Krumlova.\",\"breadcrumb\":{\"@id\":\"https:\\\/\\\/all4camper.com\\\/cs\\\/babi-leto-v-krumlove-kde-tam-nocovat-s-karavanem-a-na-jake-zazitky-se-muzete-tesit\\\/#breadcrumb\"},\"inLanguage\":\"cs\",\"potentialAction\":[{\"@type\":\"ReadAction\",\"target\":[\"https:\\\/\\\/all4camper.com\\\/cs\\\/babi-leto-v-krumlove-kde-tam-nocovat-s-karavanem-a-na-jake-zazitky-se-muzete-tesit\\\/\"]}]},{\"@type\":\"ImageObject\",\"inLanguage\":\"cs\",\"@id\":\"https:\\\/\\\/all4camper.com\\\/cs\\\/babi-leto-v-krumlove-kde-tam-nocovat-s-karavanem-a-na-jake-zazitky-se-muzete-tesit\\\/#primaryimage\",\"url\":\"https:\\\/\\\/all4camper.com\\\/wp-content\\\/uploads\\\/2021\\\/10\\\/22DAF026-27B1-483A-AA2B-C811688E4A24.jpg\",\"contentUrl\":\"https:\\\/\\\/all4camper.com\\\/wp-content\\\/uploads\\\/2021\\\/10\\\/22DAF026-27B1-483A-AA2B-C811688E4A24.jpg\",\"width\":2048,\"height\":1638},{\"@type\":\"BreadcrumbList\",\"@id\":\"https:\\\/\\\/all4camper.com\\\/cs\\\/babi-leto-v-krumlove-kde-tam-nocovat-s-karavanem-a-na-jake-zazitky-se-muzete-tesit\\\/#breadcrumb\",\"itemListElement\":[{\"@type\":\"ListItem\",\"position\":1,\"name\":\"Dom\u016f\",\"item\":\"https:\\\/\\\/all4camper.com\\\/cs\\\/\"},{\"@type\":\"ListItem\",\"position\":2,\"name\":\"Cestujeme a kempujeme v \u010cR\",\"item\":\"https:\\\/\\\/all4camper.com\\\/cs\\\/category\\\/cestujeme-a-kempujeme-v-cr\\\/\"},{\"@type\":\"ListItem\",\"position\":3,\"name\":\"Bab\u00ed l\u00e9to v Krumlov\u011b &#8211; kde tam nocovat s karavanem a na jak\u00e9 z\u00e1\u017eitky se m\u016f\u017eete t\u011b\u0161it\"}]},{\"@type\":\"WebSite\",\"@id\":\"https:\\\/\\\/all4camper.com\\\/cs\\\/#website\",\"url\":\"https:\\\/\\\/all4camper.com\\\/cs\\\/\",\"name\":\"All4Camper\",\"description\":\"Nejv\u011bt\u0161\u00ed online magaz\u00edn o kempov\u00e1n\u00ed a karavaninku. V\u00edce jak 900 \u010dl\u00e1nk\u016f pln\u00fdch rad a tip\u016f o kempech a kempov\u00e1n\u00ed.\",\"publisher\":{\"@id\":\"https:\\\/\\\/all4camper.com\\\/cs\\\/#organization\"},\"potentialAction\":[{\"@type\":\"SearchAction\",\"target\":{\"@type\":\"EntryPoint\",\"urlTemplate\":\"https:\\\/\\\/all4camper.com\\\/cs\\\/?s={search_term_string}\"},\"query-input\":{\"@type\":\"PropertyValueSpecification\",\"valueRequired\":true,\"valueName\":\"search_term_string\"}}],\"inLanguage\":\"cs\"},{\"@type\":\"Organization\",\"@id\":\"https:\\\/\\\/all4camper.com\\\/cs\\\/#organization\",\"name\":\"All4Camper - kempujeme s Kl\u00e1rou\",\"url\":\"https:\\\/\\\/all4camper.com\\\/cs\\\/\",\"logo\":{\"@type\":\"ImageObject\",\"inLanguage\":\"cs\",\"@id\":\"https:\\\/\\\/all4camper.com\\\/cs\\\/#\\\/schema\\\/logo\\\/image\\\/\",\"url\":\"https:\\\/\\\/all4camper.com\\\/wp-content\\\/uploads\\\/2018\\\/09\\\/novelogo.png\",\"contentUrl\":\"https:\\\/\\\/all4camper.com\\\/wp-content\\\/uploads\\\/2018\\\/09\\\/novelogo.png\",\"width\":1520,\"height\":600,\"caption\":\"All4Camper - kempujeme s Kl\u00e1rou\"},\"image\":{\"@id\":\"https:\\\/\\\/all4camper.com\\\/cs\\\/#\\\/schema\\\/logo\\\/image\\\/\"}},{\"@type\":\"Person\",\"@id\":\"https:\\\/\\\/all4camper.com\\\/cs\\\/#\\\/schema\\\/person\\\/c6f1efdf1d02bc7d8c53a891cbe18c62\",\"name\":\"Kl\u00e1ra H\u00e1jkov\u00e1\",\"sameAs\":[\"http:\\\/\\\/www.all4camper.com\"],\"url\":\"https:\\\/\\\/all4camper.com\\\/cs\\\/author\\\/klarinkacestuje1\\\/\"}]}<\/script>\n<!-- \/ Yoast SEO plugin. -->","yoast_head_json":{"title":"Bab\u00ed l\u00e9to v Krumlov\u011b - kde tam nocovat s karavanem a na jak\u00e9 z\u00e1\u017eitky se m\u016f\u017eete t\u011b\u0161it - All4Camper","description":"Te\u010f je ide\u00e1ln\u00ed doba u\u017e\u00edt si perlu historick\u00fdch m\u011bst \u010cesk\u00fd Krumlov bez turist\u016f. Cizinci se je\u0161t\u011b nevr\u00e1tili a v\u011bt\u0161ina turist\u016f vyhled\u00e1v\u00e1 \u010cesk\u00fd Krumlov jen v\u00a0l\u00e9t\u011b. A to je \u0161koda i na podzim m\u00e1 co nab\u00eddnout. Krumlov v\u00e1s chyt\u00ed za srdce, u\u017eijete si dobr\u00e9ho j\u00eddla pit\u00ed ale p\u0159edev\u0161\u00edm nikdy nekon\u010d\u00edc\u00ed a st\u00e1le pestr\u00fd kulturn\u00ed program. Tak\u017ee sbalte se a vyrazte s\u00a0obytkami a karavany do \u010cesk\u00e9ho Krumlova.","robots":{"index":"index","follow":"follow","max-snippet":"max-snippet:-1","max-image-preview":"max-image-preview:large","max-video-preview":"max-video-preview:-1"},"canonical":"https:\/\/all4camper.com\/cs\/babi-leto-v-krumlove-kde-tam-nocovat-s-karavanem-a-na-jake-zazitky-se-muzete-tesit\/","og_locale":"cs_CZ","og_type":"article","og_title":"Bab\u00ed l\u00e9to v Krumlov\u011b - kde tam nocovat s karavanem a na jak\u00e9 z\u00e1\u017eitky se m\u016f\u017eete t\u011b\u0161it - All4Camper","og_description":"Te\u010f je ide\u00e1ln\u00ed doba u\u017e\u00edt si perlu historick\u00fdch m\u011bst \u010cesk\u00fd Krumlov bez turist\u016f. Cizinci se je\u0161t\u011b nevr\u00e1tili a v\u011bt\u0161ina turist\u016f vyhled\u00e1v\u00e1 \u010cesk\u00fd Krumlov jen v\u00a0l\u00e9t\u011b. A to je \u0161koda i na podzim m\u00e1 co nab\u00eddnout. Krumlov v\u00e1s chyt\u00ed za srdce, u\u017eijete si dobr\u00e9ho j\u00eddla pit\u00ed ale p\u0159edev\u0161\u00edm nikdy nekon\u010d\u00edc\u00ed a st\u00e1le pestr\u00fd kulturn\u00ed program. Tak\u017ee sbalte se a vyrazte s\u00a0obytkami a karavany do \u010cesk\u00e9ho Krumlova.","og_url":"https:\/\/all4camper.com\/cs\/babi-leto-v-krumlove-kde-tam-nocovat-s-karavanem-a-na-jake-zazitky-se-muzete-tesit\/","og_site_name":"All4Camper","article_published_time":"2021-10-05T07:45:17+00:00","article_modified_time":"2021-11-01T13:53:58+00:00","og_image":[{"width":2048,"height":1638,"url":"https:\/\/all4camper.com\/wp-content\/uploads\/2021\/10\/22DAF026-27B1-483A-AA2B-C811688E4A24.jpg","type":"image\/jpeg"}],"author":"Kl\u00e1ra H\u00e1jkov\u00e1","twitter_card":"summary_large_image","twitter_misc":{"Napsal(a)":"Kl\u00e1ra H\u00e1jkov\u00e1","Odhadovan\u00e1 doba \u010dten\u00ed":"7 minut"},"schema":{"@context":"https:\/\/schema.org","@graph":[{"@type":"Article","@id":"https:\/\/all4camper.com\/cs\/babi-leto-v-krumlove-kde-tam-nocovat-s-karavanem-a-na-jake-zazitky-se-muzete-tesit\/#article","isPartOf":{"@id":"https:\/\/all4camper.com\/cs\/babi-leto-v-krumlove-kde-tam-nocovat-s-karavanem-a-na-jake-zazitky-se-muzete-tesit\/"},"author":{"name":"Kl\u00e1ra H\u00e1jkov\u00e1","@id":"https:\/\/all4camper.com\/cs\/#\/schema\/person\/c6f1efdf1d02bc7d8c53a891cbe18c62"},"headline":"Bab\u00ed l\u00e9to v Krumlov\u011b &#8211; kde tam nocovat s karavanem a na jak\u00e9 z\u00e1\u017eitky se m\u016f\u017eete t\u011b\u0161it","datePublished":"2021-10-05T07:45:17+00:00","dateModified":"2021-11-01T13:53:58+00:00","mainEntityOfPage":{"@id":"https:\/\/all4camper.com\/cs\/babi-leto-v-krumlove-kde-tam-nocovat-s-karavanem-a-na-jake-zazitky-se-muzete-tesit\/"},"wordCount":1367,"publisher":{"@id":"https:\/\/all4camper.com\/cs\/#organization"},"image":{"@id":"https:\/\/all4camper.com\/cs\/babi-leto-v-krumlove-kde-tam-nocovat-s-karavanem-a-na-jake-zazitky-se-muzete-tesit\/#primaryimage"},"thumbnailUrl":"https:\/\/all4camper.com\/wp-content\/uploads\/2021\/10\/22DAF026-27B1-483A-AA2B-C811688E4A24.jpg","keywords":["\u010cechy","Jiho\u010desk\u00fdkraj","podzim","Pozn\u00e1vac\u00ed dovolen\u00e1"],"articleSection":["Cestujeme a kempujeme v \u010cR","Novinky - Kempov\u00e1n\u00ed a karavaning"],"inLanguage":"cs"},{"@type":"WebPage","@id":"https:\/\/all4camper.com\/cs\/babi-leto-v-krumlove-kde-tam-nocovat-s-karavanem-a-na-jake-zazitky-se-muzete-tesit\/","url":"https:\/\/all4camper.com\/cs\/babi-leto-v-krumlove-kde-tam-nocovat-s-karavanem-a-na-jake-zazitky-se-muzete-tesit\/","name":"Bab\u00ed l\u00e9to v Krumlov\u011b - kde tam nocovat s karavanem a na jak\u00e9 z\u00e1\u017eitky se m\u016f\u017eete t\u011b\u0161it - All4Camper","isPartOf":{"@id":"https:\/\/all4camper.com\/cs\/#website"},"primaryImageOfPage":{"@id":"https:\/\/all4camper.com\/cs\/babi-leto-v-krumlove-kde-tam-nocovat-s-karavanem-a-na-jake-zazitky-se-muzete-tesit\/#primaryimage"},"image":{"@id":"https:\/\/all4camper.com\/cs\/babi-leto-v-krumlove-kde-tam-nocovat-s-karavanem-a-na-jake-zazitky-se-muzete-tesit\/#primaryimage"},"thumbnailUrl":"https:\/\/all4camper.com\/wp-content\/uploads\/2021\/10\/22DAF026-27B1-483A-AA2B-C811688E4A24.jpg","datePublished":"2021-10-05T07:45:17+00:00","dateModified":"2021-11-01T13:53:58+00:00","description":"Te\u010f je ide\u00e1ln\u00ed doba u\u017e\u00edt si perlu historick\u00fdch m\u011bst \u010cesk\u00fd Krumlov bez turist\u016f. Cizinci se je\u0161t\u011b nevr\u00e1tili a v\u011bt\u0161ina turist\u016f vyhled\u00e1v\u00e1 \u010cesk\u00fd Krumlov jen v\u00a0l\u00e9t\u011b. A to je \u0161koda i na podzim m\u00e1 co nab\u00eddnout. Krumlov v\u00e1s chyt\u00ed za srdce, u\u017eijete si dobr\u00e9ho j\u00eddla pit\u00ed ale p\u0159edev\u0161\u00edm nikdy nekon\u010d\u00edc\u00ed a st\u00e1le pestr\u00fd kulturn\u00ed program. Tak\u017ee sbalte se a vyrazte s\u00a0obytkami a karavany do \u010cesk\u00e9ho Krumlova.","breadcrumb":{"@id":"https:\/\/all4camper.com\/cs\/babi-leto-v-krumlove-kde-tam-nocovat-s-karavanem-a-na-jake-zazitky-se-muzete-tesit\/#breadcrumb"},"inLanguage":"cs","potentialAction":[{"@type":"ReadAction","target":["https:\/\/all4camper.com\/cs\/babi-leto-v-krumlove-kde-tam-nocovat-s-karavanem-a-na-jake-zazitky-se-muzete-tesit\/"]}]},{"@type":"ImageObject","inLanguage":"cs","@id":"https:\/\/all4camper.com\/cs\/babi-leto-v-krumlove-kde-tam-nocovat-s-karavanem-a-na-jake-zazitky-se-muzete-tesit\/#primaryimage","url":"https:\/\/all4camper.com\/wp-content\/uploads\/2021\/10\/22DAF026-27B1-483A-AA2B-C811688E4A24.jpg","contentUrl":"https:\/\/all4camper.com\/wp-content\/uploads\/2021\/10\/22DAF026-27B1-483A-AA2B-C811688E4A24.jpg","width":2048,"height":1638},{"@type":"BreadcrumbList","@id":"https:\/\/all4camper.com\/cs\/babi-leto-v-krumlove-kde-tam-nocovat-s-karavanem-a-na-jake-zazitky-se-muzete-tesit\/#breadcrumb","itemListElement":[{"@type":"ListItem","position":1,"name":"Dom\u016f","item":"https:\/\/all4camper.com\/cs\/"},{"@type":"ListItem","position":2,"name":"Cestujeme a kempujeme v \u010cR","item":"https:\/\/all4camper.com\/cs\/category\/cestujeme-a-kempujeme-v-cr\/"},{"@type":"ListItem","position":3,"name":"Bab\u00ed l\u00e9to v Krumlov\u011b &#8211; kde tam nocovat s karavanem a na jak\u00e9 z\u00e1\u017eitky se m\u016f\u017eete t\u011b\u0161it"}]},{"@type":"WebSite","@id":"https:\/\/all4camper.com\/cs\/#website","url":"https:\/\/all4camper.com\/cs\/","name":"All4Camper","description":"Nejv\u011bt\u0161\u00ed online magaz\u00edn o kempov\u00e1n\u00ed a karavaninku. V\u00edce jak 900 \u010dl\u00e1nk\u016f pln\u00fdch rad a tip\u016f o kempech a kempov\u00e1n\u00ed.","publisher":{"@id":"https:\/\/all4camper.com\/cs\/#organization"},"potentialAction":[{"@type":"SearchAction","target":{"@type":"EntryPoint","urlTemplate":"https:\/\/all4camper.com\/cs\/?s={search_term_string}"},"query-input":{"@type":"PropertyValueSpecification","valueRequired":true,"valueName":"search_term_string"}}],"inLanguage":"cs"},{"@type":"Organization","@id":"https:\/\/all4camper.com\/cs\/#organization","name":"All4Camper - kempujeme s Kl\u00e1rou","url":"https:\/\/all4camper.com\/cs\/","logo":{"@type":"ImageObject","inLanguage":"cs","@id":"https:\/\/all4camper.com\/cs\/#\/schema\/logo\/image\/","url":"https:\/\/all4camper.com\/wp-content\/uploads\/2018\/09\/novelogo.png","contentUrl":"https:\/\/all4camper.com\/wp-content\/uploads\/2018\/09\/novelogo.png","width":1520,"height":600,"caption":"All4Camper - kempujeme s Kl\u00e1rou"},"image":{"@id":"https:\/\/all4camper.com\/cs\/#\/schema\/logo\/image\/"}},{"@type":"Person","@id":"https:\/\/all4camper.com\/cs\/#\/schema\/person\/c6f1efdf1d02bc7d8c53a891cbe18c62","name":"Kl\u00e1ra H\u00e1jkov\u00e1","sameAs":["http:\/\/www.all4camper.com"],"url":"https:\/\/all4camper.com\/cs\/author\/klarinkacestuje1\/"}]}},"_links":{"self":[{"href":"https:\/\/all4camper.com\/cs\/wp-json\/wp\/v2\/posts\/137342","targetHints":{"allow":["GET"]}}],"collection":[{"href":"https:\/\/all4camper.com\/cs\/wp-json\/wp\/v2\/posts"}],"about":[{"href":"https:\/\/all4camper.com\/cs\/wp-json\/wp\/v2\/types\/post"}],"author":[{"embeddable":true,"href":"https:\/\/all4camper.com\/cs\/wp-json\/wp\/v2\/users\/4"}],"replies":[{"embeddable":true,"href":"https:\/\/all4camper.com\/cs\/wp-json\/wp\/v2\/comments?post=137342"}],"version-history":[{"count":0,"href":"https:\/\/all4camper.com\/cs\/wp-json\/wp\/v2\/posts\/137342\/revisions"}],"wp:featuredmedia":[{"embeddable":true,"href":"https:\/\/all4camper.com\/cs\/wp-json\/wp\/v2\/media\/137349"}],"wp:attachment":[{"href":"https:\/\/all4camper.com\/cs\/wp-json\/wp\/v2\/media?parent=137342"}],"wp:term":[{"taxonomy":"category","embeddable":true,"href":"https:\/\/all4camper.com\/cs\/wp-json\/wp\/v2\/categories?post=137342"},{"taxonomy":"post_tag","embeddable":true,"href":"https:\/\/all4camper.com\/cs\/wp-json\/wp\/v2\/tags?post=137342"}],"curies":[{"name":"wp","href":"https:\/\/api.w.org\/{rel}","templated":true}]}}