{"id":137271,"date":"2021-10-04T09:43:15","date_gmt":"2021-10-04T07:43:15","guid":{"rendered":"https:\/\/all4camper.com\/\/?p=137271"},"modified":"2021-10-04T10:40:01","modified_gmt":"2021-10-04T08:40:01","slug":"kempujte-a-cestujte-v-ekologicky-nejcistsi-oblasti-cr","status":"publish","type":"post","link":"https:\/\/all4camper.com\/cs\/kempujte-a-cestujte-v-ekologicky-nejcistsi-oblasti-cr\/","title":{"rendered":"Kempujte a cestujte v ekologicky nej\u010dist\u0161\u00ed oblasti \u010cR"},"content":{"rendered":"\n<p><strong>Uteklo to jako voda a m\u00e1me tady dal\u0161\u00ed pokra\u010dov\u00e1n\u00ed na\u0161eho spole\u010dn\u00e9ho pozn\u00e1v\u00e1n\u00ed Plze\u0148ska. Tentokr\u00e1t se pod\u00edv\u00e1me do vyhl\u00e1\u0161en\u00fdch Konstantinov\u00fdch l\u00e1zn\u00ed, kde m\u016f\u017eete str\u00e1vit nezapomenuteln\u00e9 chv\u00edle odpo\u010dinku a nav\u00edc zlep\u0161it \u010di podpo\u0159it sv\u00e9 zdrav\u00ed. Vezmu v\u00e1s tak\u00e9 do bl\u00edzk\u00e9ho kempu, a\u0165 m\u00e1te p\u0159\u00edpadn\u011b kde slo\u017eit hlavu a v\u00a0neposledn\u00ed \u0159ad\u011b p\u0159inesu p\u00e1r tip\u016f na v\u00fdlety v\u00a0okol\u00ed, a to nejen pro karavanisty.<\/strong><\/p>\n\n\n\n<figure class=\"wp-block-image size-full is-resized\"><img loading=\"lazy\" decoding=\"async\" src=\"https:\/\/all4camper.com\/\/wp-content\/uploads\/2021\/10\/konstantinovy-la\u0301zne\u030c.jpg\" alt=\"\" class=\"wp-image-137272\" width=\"696\" height=\"368\" srcset=\"https:\/\/all4camper.com\/wp-content\/uploads\/2021\/10\/konstantinovy-la\u0301zne\u030c.jpg 1700w, https:\/\/all4camper.com\/wp-content\/uploads\/2021\/10\/konstantinovy-la\u0301zne\u030c-300x159.jpg 300w, https:\/\/all4camper.com\/wp-content\/uploads\/2021\/10\/konstantinovy-la\u0301zne\u030c-150x79.jpg 150w, https:\/\/all4camper.com\/wp-content\/uploads\/2021\/10\/konstantinovy-la\u0301zne\u030c-768x407.jpg 768w, https:\/\/all4camper.com\/wp-content\/uploads\/2021\/10\/konstantinovy-la\u0301zne\u030c-1536x813.jpg 1536w, https:\/\/all4camper.com\/wp-content\/uploads\/2021\/10\/konstantinovy-la\u0301zne\u030c-696x368.jpg 696w, https:\/\/all4camper.com\/wp-content\/uploads\/2021\/10\/konstantinovy-la\u0301zne\u030c-1068x565.jpg 1068w\" sizes=\"auto, (max-width: 696px) 100vw, 696px\" \/><figcaption>Okol\u00ed Konstantinov\u00fdch L\u00e1zn\u00ed, foto https:\/\/www.konstantinovylazne.cz\/<\/figcaption><\/figure>\n\n\n\n<h2 class=\"wp-block-heading\">Objevte ekologicky nej\u010dist\u0161\u00ed oblast v \u010cR<\/h2>\n\n\n\n<p>Nyn\u00ed u\u017e k\u00a0samotn\u00fdm Konstantinov\u00fdm l\u00e1zn\u00edm. Ty se nach\u00e1z\u00ed v\u00a0zalesn\u011bn\u00e9 oblasti na severoz\u00e1pad od m\u011bsta Plzn\u011b. <strong>Zdej\u0161\u00edm prost\u0159ed\u00edm budete naprosto une\u0161en\u00ed. Je to ide\u00e1ln\u00ed kraj pro v\u0161echny, kte\u0159\u00ed hledaj\u00ed klid a odpo\u010dinek.<\/strong> <strong>Z\u00e1rove\u0148 se jedn\u00e1 o jednu z\u00a0ekologicky nej\u010dist\u0161\u00edch oblast\u00ed v\u00a0na\u0161\u00ed republice. <\/strong><\/p>\n\n\n\n<p>Konstantinovy l\u00e1zn\u011b nepat\u0159\u00ed mezi velk\u00e9 objekty sv\u00e9ho typu, a tak zde na v\u00e1s d\u00fdchne tak\u0159ka rodinn\u00e1 atmosf\u00e9ra pln\u00e1 vytou\u017een\u00e9 a o\u010dek\u00e1van\u00e9 pohody. Zdej\u0161\u00ed l\u00e9\u010div\u00fd pramen je vhodn\u00fd pro l\u00e9\u010dbu kardiovaskul\u00e1rn\u00edch syst\u00e9mu a c\u00e9vn\u00edch onemocn\u011bn\u00ed a m\u00e1 nejvy\u0161\u0161\u00ed obsah oxidu uhli\u010dit\u00e9ho na na\u0161em \u00fazem\u00ed. <strong>Zkr\u00e1tka druh\u00fd takov\u00fd pramen byste u n\u00e1s hledali marn\u011b.<\/strong> Dal\u0161\u00ed informace o l\u00e1zn\u00edch najdete <a href=\"https:\/\/www.konstantinovylazne.cz\/\" target=\"_blank\" rel=\"noreferrer noopener nofollow\">tady<\/a>.<\/p>\n\n\n\n<figure class=\"wp-block-image size-full is-resized\"><img loading=\"lazy\" decoding=\"async\" src=\"https:\/\/all4camper.com\/\/wp-content\/uploads\/2021\/10\/pramen-prusik-02.-w1700-h900-p0-q85-F-S1-c1.jpg\" alt=\"\" class=\"wp-image-137275\" width=\"696\" height=\"368\" srcset=\"https:\/\/all4camper.com\/wp-content\/uploads\/2021\/10\/pramen-prusik-02.-w1700-h900-p0-q85-F-S1-c1.jpg 1700w, https:\/\/all4camper.com\/wp-content\/uploads\/2021\/10\/pramen-prusik-02.-w1700-h900-p0-q85-F-S1-c1-300x159.jpg 300w, https:\/\/all4camper.com\/wp-content\/uploads\/2021\/10\/pramen-prusik-02.-w1700-h900-p0-q85-F-S1-c1-150x79.jpg 150w, https:\/\/all4camper.com\/wp-content\/uploads\/2021\/10\/pramen-prusik-02.-w1700-h900-p0-q85-F-S1-c1-768x407.jpg 768w, https:\/\/all4camper.com\/wp-content\/uploads\/2021\/10\/pramen-prusik-02.-w1700-h900-p0-q85-F-S1-c1-1536x813.jpg 1536w, https:\/\/all4camper.com\/wp-content\/uploads\/2021\/10\/pramen-prusik-02.-w1700-h900-p0-q85-F-S1-c1-696x368.jpg 696w, https:\/\/all4camper.com\/wp-content\/uploads\/2021\/10\/pramen-prusik-02.-w1700-h900-p0-q85-F-S1-c1-1068x565.jpg 1068w\" sizes=\"auto, (max-width: 696px) 100vw, 696px\" \/><figcaption>Pramen Prus\u00edk m\u00e1 nejvy\u0161\u0161\u00ed obsah voln\u00e9ho oxidu uhli\u010dit\u00e9ho v cel\u00e9 \u010cR. foto: https:\/\/www.konstantinovylazne.cz\/<\/figcaption><\/figure>\n\n\n\n<p><a href=\"https:\/\/www.konst-lazne.cz\/\" target=\"_blank\" rel=\"noreferrer noopener\">M\u011bste\u010dko Konstantinovy l\u00e1zn\u011b<\/a> ob\u00fdv\u00e1 pouh\u00fdch 900 obyvatel a <strong>je um\u00edst\u011bno v\u00a0prost\u0159ed\u00ed kr\u00e1sn\u00e9ho lesoparku, tak\u017ee o v\u00e1\u0161 klid zde bude opravdu dosyta postar\u00e1no.<\/strong> Poj\u010fme se nyn\u00ed spole\u010dn\u011b pod\u00edvat na n\u011bco m\u00e1lo z\u00a0historie zdej\u0161\u00edho l\u00e1ze\u0148stv\u00ed. Prvn\u00ed zm\u00ednka o l\u00e1zn\u00edch poch\u00e1z\u00ed ji\u017e ze 16.stolet\u00ed, kdy se v\u00a0historick\u00fdch z\u00e1znamech objevuje zm\u00ednka o zdej\u0161\u00edm l\u00e9\u010div\u00e9m sirn\u00e9m prameni, p\u0159ezd\u00edvan\u00e9m \u201eSmra\u010foch\u201c pr\u00e1v\u011b pro jeho vysok\u00fd obsah sirouhl\u00edku. Prvn\u00ed l\u00e1ze\u0148sk\u00e1 budova zde byla v\u0161ak postavena a\u017e v\u00a0roce 1803 sedl\u00e1ky z\u00a0nedalek\u00e9 Nov\u00e9 Vsi a dal\u0161\u00ed v\u00fdznamn\u00fdm miln\u00edkem byl rok 1837, kdy zdej\u0161\u00ed l\u00e1zn\u011b zakoupil kn\u00ed\u017ee Konstantin, po n\u011bm\u017e nesou sv\u00e9 nyn\u011bj\u0161\u00ed jm\u00e9no, a to od roku 1900. Kn\u00ed\u017ee Konstantin se zasadil o odborn\u00e9 pr\u016fzkumy, kter\u00e9 potvrdily l\u00e9\u010debn\u00e9 \u00fa\u010dinky zdej\u0161\u00edho pramene. Hlavn\u00ed l\u00e1ze\u0148sk\u00e1 budova byla postavena v\u00a070.letech 19.stolet\u00ed a m\u00e1 podobu klasicistn\u00edho z\u00e1mku.<\/p>\n\n\n\n<figure class=\"wp-block-image size-full is-resized\"><img loading=\"lazy\" decoding=\"async\" src=\"https:\/\/all4camper.com\/\/wp-content\/uploads\/2021\/10\/konstantinovy-la\u0301zne\u030c.-1.jpg\" alt=\"\" class=\"wp-image-137292\" width=\"695\" height=\"367\" srcset=\"https:\/\/all4camper.com\/wp-content\/uploads\/2021\/10\/konstantinovy-la\u0301zne\u030c.-1.jpg 1700w, https:\/\/all4camper.com\/wp-content\/uploads\/2021\/10\/konstantinovy-la\u0301zne\u030c.-1-300x159.jpg 300w, https:\/\/all4camper.com\/wp-content\/uploads\/2021\/10\/konstantinovy-la\u0301zne\u030c.-1-150x79.jpg 150w, https:\/\/all4camper.com\/wp-content\/uploads\/2021\/10\/konstantinovy-la\u0301zne\u030c.-1-768x407.jpg 768w, https:\/\/all4camper.com\/wp-content\/uploads\/2021\/10\/konstantinovy-la\u0301zne\u030c.-1-1536x813.jpg 1536w, https:\/\/all4camper.com\/wp-content\/uploads\/2021\/10\/konstantinovy-la\u0301zne\u030c.-1-696x368.jpg 696w, https:\/\/all4camper.com\/wp-content\/uploads\/2021\/10\/konstantinovy-la\u0301zne\u030c.-1-1068x565.jpg 1068w\" sizes=\"auto, (max-width: 695px) 100vw, 695px\" \/><figcaption>L\u00e1ze\u0148sk\u00fd park, foto: https:\/\/www.konstantinovylazne.cz\/<\/figcaption><\/figure>\n\n\n\n<p><strong>Ale l\u00e1zn\u011b to nejsou jen l\u00e9\u010debn\u00e9 procedury. Jsou to tak\u00e9 chvilky odpo\u010dinku v\u00a0p\u0159\u00edrod\u011b.<\/strong> A na to je ide\u00e1ln\u00ed zdej\u0161\u00ed l\u00e1ze\u0148sk\u00fd park i okol\u00ed m\u011bste\u010dka, kter\u00e9 l\u00e1k\u00e1 jak k p\u011b\u0161\u00ed turistice, tak cykloturistice. Ubytovat se m\u016f\u017eete nap\u0159\u00edklad v\u00a0n\u011bkter\u00e9m ze zdej\u0161\u00edch hotel\u016f, kde o v\u00e1s bude dokonale postar\u00e1no. Co se t\u00fd\u010de z\u00e1bavy, tak kulturn\u00ed program je vskutku bohat\u00fd. Od \u017eiv\u00fdch hudebn\u00edch vystoupen\u00ed, p\u0159es klav\u00edrn\u00ed a tane\u010dn\u00ed ve\u010dery a\u017e po l\u00e1ze\u0148skou klasiku, kterou jsou ned\u011bln\u00ed koncerty \u017eiv\u00e9 hudby v\u00a0l\u00e1ze\u0148sk\u00e9m amfite\u00e1tru.\u00a0<\/p>\n\n\n\n<h2 class=\"wp-block-heading\">Par\u00e1dn\u00ed kemp nedaleko l\u00e1zn\u00ed<\/h2>\n\n\n\n<p>Vy v\u0161ak m\u016f\u017eete dorazit tak\u00e9 jako b\u011b\u017en\u00ed n\u00e1v\u0161t\u011bvn\u00edci zdej\u0161\u00edho chr\u00e1mu klidu a pak tady m\u00e1me skv\u011bl\u00fd tip pro milovn\u00edky karavaningu a kempov\u00e1n\u00ed v\u016fbec. Na okraji m\u011bste\u010dka mimo l\u00e1ze\u0148skou \u010d\u00e1st a z\u00e1rove\u0148 na dosah ruky se <strong>nach\u00e1z\u00ed <a href=\"https:\/\/www.larocca.cz\/\" target=\"_blank\" rel=\"noreferrer noopener nofollow\">kemp La Rocca<\/a><\/strong>. Jedn\u00e1 se o rodinn\u00fd kemp s\u00a0t\u00e9m\u011b\u0159 25 letou histori\u00ed v\u00a0hezk\u00e9 p\u0159\u00edrod\u011b. Ubytovat se m\u016f\u017eete bu\u010f v\u00a0n\u011bkter\u00e9 z\u00a0chatek, srubu \u010di zvolit mobilheim. <\/p>\n\n\n\n<figure class=\"wp-block-video\"><video controls src=\"https:\/\/www.larocca.cz\/template\/_web\/_video\/2021\/LaRocca2021_1920x1080_2048k.mp4\"><\/video><\/figure>\n\n\n\n<p>Kemp disponuje velmi p\u011bknou travnatou plochou pro karavany a stany, sou\u010d\u00e1st\u00ed jsou samoz\u0159ejm\u011b elektrick\u00e9 p\u0159\u00edpojky. Pokud nezvol\u00edte stravu ve zdej\u0161\u00ed restauraci La Rocca, tak na v\u00e1s \u010dek\u00e1 pln\u011b vybaven\u00e1 kuchy\u0148ka a k\u00a0va\u0161\u00ed spokojenosti jist\u011b p\u0159isp\u011bje i vybaven\u00e9 soci\u00e1ln\u00ed za\u0159\u00edzen\u00ed se sprchami zdarma. Ti nejmen\u0161\u00ed se jist\u011b vy\u0159\u00e1d\u00ed na d\u011btsk\u00e9m h\u0159i\u0161ti a v\u00a0hork\u00fdch letn\u00edch dnech p\u0159ijde jist\u011b vhod baz\u00e9n, kter\u00fd je rozd\u011blen na plaveckou \u010d\u00e1st a brouzdali\u0161t\u011b. Sportovn\u011b zam\u011b\u0159en\u00ed kempa\u0159i pak ocen\u00ed tenisov\u00fd kurt \u010di h\u0159i\u0161t\u011b na beachvolejbal.(<a href=\"https:\/\/g.page\/camp-La-Rocca?share\" target=\"_blank\" rel=\"noreferrer noopener nofollow\">mapa<\/a>)<\/p>\n\n\n\n<h2 class=\"wp-block-heading\">V\u00fdlety v okol\u00ed<\/h2>\n\n\n\n<p>A kam vlastn\u011b v\u00a0oblasti Konstantinov\u00fdch l\u00e1zn\u00ed vyrazit na v\u00fdlet? Tak t\u0159eba v\u00a0bezprost\u0159edn\u00ed bl\u00edzkosti kempu La Rocca je <strong>7 km dlouh\u00e1 inline stezka, jej\u00ed\u017e hlavn\u00ed okruh vede p\u0159es m\u011bste\u010dko Konstantinovy l\u00e1zn\u011b \u2013 Novou Ves \u2013 Star\u00e9 l\u00e1zn\u011b a zp\u011bt.\u00a0<\/strong><\/p>\n\n\n\n<figure class=\"wp-block-embed is-type-video is-provider-youtube wp-block-embed-youtube wp-embed-aspect-16-9 wp-has-aspect-ratio\"><div class=\"wp-block-embed__wrapper\">\n<iframe loading=\"lazy\" title=\"Na kole\u010dk\u00e1ch Konstantinol\u00e1ze\u0148skem - OSTR\u00c1 VERZE\" width=\"696\" height=\"392\" src=\"https:\/\/www.youtube.com\/embed\/1l7Qui3_fIY?feature=oembed\" frameborder=\"0\" allow=\"accelerometer; autoplay; clipboard-write; encrypted-media; gyroscope; picture-in-picture\" allowfullscreen><\/iframe>\n<\/div><\/figure>\n\n\n\n<p>Na sv\u00e9 si v\u0161ak p\u0159ijdou i milovn\u00edci turistiky a vyznava\u010di cyklostezek. Z\u00a0p\u011b\u0161\u00edch v\u00fdlet\u016f se nab\u00edz\u00ed nap\u0159\u00edklad proch\u00e1zka na Hradi\u0161\u0165sk\u00fd vrch. Jde o nen\u00e1ro\u010dn\u00fd 5,5 km dlouh\u00fd okruh, kter\u00fd zahrnuje celkem 6 pou\u010dn\u00fdch zastaven\u00ed s\u00a0informa\u010dn\u00edmi tabulemi t\u00fdkaj\u00edc\u00edch se mj. prav\u011bk\u00e9ho os\u00eddlen\u00ed zdej\u0161\u00edho kraje. <strong>Hezk\u00fd bonusem je mo\u017enost koup\u00e1n\u00ed v\u00a0zatopen\u00e9m lomu Hradi\u0161\u0165sk\u00fd vrch s\u00a0p\u00edse\u010dnou pl\u00e1\u017ei<\/strong>, harmonii p\u0159\u00edrody zde jemn\u011b naru\u0161uje st\u00e1nek s\u00a0ob\u010derstven\u00edm, ale zase to pot\u011b\u0161\u00ed, pokud si zapomenete vz\u00edt s\u00a0sebou sva\u010dinu. (<a href=\"https:\/\/mapy.cz\/s\/cukocodoma\" target=\"_blank\" rel=\"noreferrer noopener nofollow\">mapa lom<\/a>). <a href=\"https:\/\/www.konstantinovylazne.cz\/cz\/volny-cas\/naucne-stezky\/ns-hradistsky-vrch\/\" target=\"_blank\" rel=\"noreferrer noopener\">Trasa<\/a>.<\/p>\n\n\n\n<figure class=\"wp-block-gallery columns-1 is-cropped wp-block-gallery-1 is-layout-flex wp-block-gallery-is-layout-flex\"><ul class=\"blocks-gallery-grid\"><li class=\"blocks-gallery-item\"><figure><img loading=\"lazy\" decoding=\"async\" width=\"1700\" height=\"900\" src=\"https:\/\/all4camper.com\/\/wp-content\/uploads\/2021\/10\/hradistsky-vrch-lom.jpg\" alt=\"\" data-id=\"137296\" class=\"wp-image-137296\" srcset=\"https:\/\/all4camper.com\/wp-content\/uploads\/2021\/10\/hradistsky-vrch-lom.jpg 1700w, https:\/\/all4camper.com\/wp-content\/uploads\/2021\/10\/hradistsky-vrch-lom-300x159.jpg 300w, https:\/\/all4camper.com\/wp-content\/uploads\/2021\/10\/hradistsky-vrch-lom-150x79.jpg 150w, https:\/\/all4camper.com\/wp-content\/uploads\/2021\/10\/hradistsky-vrch-lom-768x407.jpg 768w, https:\/\/all4camper.com\/wp-content\/uploads\/2021\/10\/hradistsky-vrch-lom-1536x813.jpg 1536w, https:\/\/all4camper.com\/wp-content\/uploads\/2021\/10\/hradistsky-vrch-lom-696x368.jpg 696w, https:\/\/all4camper.com\/wp-content\/uploads\/2021\/10\/hradistsky-vrch-lom-1068x565.jpg 1068w\" sizes=\"auto, (max-width: 1700px) 100vw, 1700px\" \/><figcaption class=\"blocks-gallery-item__caption\">Lom, foto https:\/\/www.konstantinovylazne.cz\/<\/figcaption><\/figure><\/li><li class=\"blocks-gallery-item\"><figure><img loading=\"lazy\" decoding=\"async\" width=\"1700\" height=\"900\" src=\"https:\/\/all4camper.com\/\/wp-content\/uploads\/2021\/10\/lom-konstantinovy-la\u0301zne\u030c-3.jpg\" alt=\"\" data-id=\"137308\" data-full-url=\"https:\/\/all4camper.com\/\/wp-content\/uploads\/2021\/10\/lom-konstantinovy-la\u0301zne\u030c-3.jpg\" data-link=\"https:\/\/all4camper.com\/\/?attachment_id=137308\" class=\"wp-image-137308\" srcset=\"https:\/\/all4camper.com\/wp-content\/uploads\/2021\/10\/lom-konstantinovy-la\u0301zne\u030c-3.jpg 1700w, https:\/\/all4camper.com\/wp-content\/uploads\/2021\/10\/lom-konstantinovy-la\u0301zne\u030c-3-300x159.jpg 300w, https:\/\/all4camper.com\/wp-content\/uploads\/2021\/10\/lom-konstantinovy-la\u0301zne\u030c-3-150x79.jpg 150w, https:\/\/all4camper.com\/wp-content\/uploads\/2021\/10\/lom-konstantinovy-la\u0301zne\u030c-3-768x407.jpg 768w, https:\/\/all4camper.com\/wp-content\/uploads\/2021\/10\/lom-konstantinovy-la\u0301zne\u030c-3-1536x813.jpg 1536w, https:\/\/all4camper.com\/wp-content\/uploads\/2021\/10\/lom-konstantinovy-la\u0301zne\u030c-3-696x368.jpg 696w, https:\/\/all4camper.com\/wp-content\/uploads\/2021\/10\/lom-konstantinovy-la\u0301zne\u030c-3-1068x565.jpg 1068w\" sizes=\"auto, (max-width: 1700px) 100vw, 1700px\" \/><\/figure><\/li><\/ul><\/figure>\n\n\n\n<p>Dal\u0161\u00ed alternativou na hezkou proch\u00e1zku je NS ke <strong>Stud\u00e1nce l\u00e1sky o d\u00e9lce 7,5 km<\/strong>. Jej\u00ed za\u010d\u00e1tek naleznete v\u00a0z\u00e1padn\u00ed \u010d\u00e1sti l\u00e1ze\u0148sk\u00e9ho parku a na stezce lze shl\u00e9dnout mj. \u017eelezni\u010dn\u00ed viadukt, gravita\u010dn\u00ed lanovku a tak\u00e9 onu ji\u017e zm\u00edn\u011bnou Stud\u00e1nku l\u00e1sky. Miner\u00e1ln\u00ed pramen Stud\u00e1nky l\u00e1sky vyv\u011br\u00e1 v\u00a0romantick\u00e9m \u00fadol\u00ed potoka Hadovka a legenda prav\u00ed, \u017ee pokud se ze stud\u00e1nky napij\u00ed dva milenci, jejich l\u00e1sky nikdy nevyhasne. Samotn\u00e1 stezka je lemov\u00e1na \u0159adou zaj\u00edmav\u00fdch zastaven\u00ed, kde se op\u011bt dozv\u00edte lecos zaj\u00edmav\u00e9ho o zdej\u0161\u00edm kraji a jeho miner\u00e1ln\u00edch pramenech. (<a href=\"https:\/\/www.konst-lazne.cz\/turistika-1\/reseni-pro-neposedy\/naucne-stezky\/naucna-stezka-ke-studance-lasky\/\" target=\"_blank\" rel=\"noreferrer noopener nofollow\">odkaz, popis<\/a>). <a href=\"https:\/\/www.konstantinovylazne.cz\/cz\/volny-cas\/naucne-stezky\/ns-ke-studance-lasky\/\" target=\"_blank\" rel=\"noreferrer noopener nofollow\">Trasa<\/a>.<\/p>\n\n\n\n<figure class=\"wp-block-image size-full is-resized\"><img loading=\"lazy\" decoding=\"async\" src=\"https:\/\/all4camper.com\/\/wp-content\/uploads\/2021\/10\/studanka-lasky-konstantinovy-la\u0301zne\u030c.jpg\" alt=\"\" class=\"wp-image-137299\" width=\"695\" height=\"367\" srcset=\"https:\/\/all4camper.com\/wp-content\/uploads\/2021\/10\/studanka-lasky-konstantinovy-la\u0301zne\u030c.jpg 1700w, https:\/\/all4camper.com\/wp-content\/uploads\/2021\/10\/studanka-lasky-konstantinovy-la\u0301zne\u030c-300x159.jpg 300w, https:\/\/all4camper.com\/wp-content\/uploads\/2021\/10\/studanka-lasky-konstantinovy-la\u0301zne\u030c-150x79.jpg 150w, https:\/\/all4camper.com\/wp-content\/uploads\/2021\/10\/studanka-lasky-konstantinovy-la\u0301zne\u030c-768x407.jpg 768w, https:\/\/all4camper.com\/wp-content\/uploads\/2021\/10\/studanka-lasky-konstantinovy-la\u0301zne\u030c-1536x813.jpg 1536w, https:\/\/all4camper.com\/wp-content\/uploads\/2021\/10\/studanka-lasky-konstantinovy-la\u0301zne\u030c-696x368.jpg 696w, https:\/\/all4camper.com\/wp-content\/uploads\/2021\/10\/studanka-lasky-konstantinovy-la\u0301zne\u030c-1068x565.jpg 1068w\" sizes=\"auto, (max-width: 695px) 100vw, 695px\" \/><figcaption>Stud\u00e1nka l\u00e1sky<\/figcaption><\/figure>\n\n\n\n<p>Na sv\u00e9 si v\u0161ak p\u0159ijdou i <strong>vyznava\u010di cyklistiky<\/strong>, zdej\u0161\u00ed kraj je lemov\u00e1n \u0159adou cyklostezek, nam\u00e1tkou mohu zm\u00ednit nap\u0159\u00edklad <strong>cyklostezku na hrad Gut\u0161tejn<\/strong>. Jedn\u00e1 se o romantickou z\u0159\u00edceninu nad \u00fadol\u00edm, kter\u00fdm se vine ji\u017e zm\u00edn\u011bn\u00fd potok Hadovka. Jde o pohodovou trasu cca 5 km od jihoz\u00e1padn\u00edho okraje Konstantinov\u00fdch l\u00e1zn\u00ed. Samotn\u00fd hrad poch\u00e1z\u00ed ze 13.stolet\u00ed a z\u00a0poz\u016fstatk\u016f m\u016f\u017eete obdivovat p\u0159edev\u0161\u00edm 20 m vysokou kamennou v\u011b\u017e.\u00a0Cyklotras je v\u0161ak v tomto kraji v\u00edce. Doporu\u010duji mrknout na tento <a href=\"http:\/\/www.plzenskonakole.cz\/cz\/trasy-pro-cyklovylety-100\" target=\"_blank\" rel=\"noreferrer noopener\">odkaz<\/a>.<\/p>\n\n\n\n<figure class=\"wp-block-image size-full\"><img loading=\"lazy\" decoding=\"async\" width=\"1700\" height=\"900\" src=\"https:\/\/all4camper.com\/\/wp-content\/uploads\/2021\/10\/guts\u030ctejn-konstantinovy-la\u0301zne\u030c.jpg\" alt=\"\" class=\"wp-image-137302\" srcset=\"https:\/\/all4camper.com\/wp-content\/uploads\/2021\/10\/guts\u030ctejn-konstantinovy-la\u0301zne\u030c.jpg 1700w, https:\/\/all4camper.com\/wp-content\/uploads\/2021\/10\/guts\u030ctejn-konstantinovy-la\u0301zne\u030c-300x159.jpg 300w, https:\/\/all4camper.com\/wp-content\/uploads\/2021\/10\/guts\u030ctejn-konstantinovy-la\u0301zne\u030c-150x79.jpg 150w, https:\/\/all4camper.com\/wp-content\/uploads\/2021\/10\/guts\u030ctejn-konstantinovy-la\u0301zne\u030c-768x407.jpg 768w, https:\/\/all4camper.com\/wp-content\/uploads\/2021\/10\/guts\u030ctejn-konstantinovy-la\u0301zne\u030c-1536x813.jpg 1536w, https:\/\/all4camper.com\/wp-content\/uploads\/2021\/10\/guts\u030ctejn-konstantinovy-la\u0301zne\u030c-696x368.jpg 696w, https:\/\/all4camper.com\/wp-content\/uploads\/2021\/10\/guts\u030ctejn-konstantinovy-la\u0301zne\u030c-1068x565.jpg 1068w\" sizes=\"auto, (max-width: 1700px) 100vw, 1700px\" \/><\/figure>\n\n\n\n<p>Dal\u0161\u00edm tipem je n\u00e1v\u0161t\u011bva historick\u00e9ho <strong>m\u011bste\u010dka \u00dater\u00fd<\/strong>, a to pros\u00edm, nejen v\u00a0\u00fater\u00fd, ale kter\u00fdkoliv jin\u00fd den v\u00a0t\u00fddnu. Zn\u00e1m\u00fdm a p\u0159\u00e1tel\u016fm pak m\u016f\u017eete u sklenky v\u00edna vypr\u00e1v\u011bt, jak jste byli nap\u0159\u00edklad v\u00a0sobotu v\u00a0\u00fater\u00fd. Jde o star\u00e9 hornick\u00e9 m\u011bste\u010dko, kter\u00e9 si zachovalo svou p\u016fvodn\u00ed tv\u00e1\u0159 s\u00a0\u0159adou st\u0159edov\u011bk\u00fdch historick\u00fdch budov. <strong>Zaj\u00edmavost\u00ed je, \u017ee se zde nat\u00e1\u010del nap\u0159\u00edklad seri\u00e1l Zdivo\u010del\u00e1 zem\u011b<\/strong>, kter\u00fd patrn\u011b \u0159ada z\u00a0v\u00e1s sledovala, a tak zde naraz\u00edte na zn\u00e1m\u00e1 m\u00edsta. V\u00fdlet si lze zpest\u0159it proch\u00e1zkou v\u00a0opu\u0161t\u011bn\u00e9m \u00fadol\u00ed \u00datersk\u00e9ho potoka. Vede zde zna\u010den\u00e1 <a href=\"https:\/\/www.kudyznudy.cz\/aktivity\/naucna-stezka-udolim-uterskeho-a-bezdruzickeho-pot\" target=\"_blank\" rel=\"noreferrer noopener\">turistick\u00e1 trasa<\/a>, pom\u011brn\u011b n\u00e1ro\u010dn\u00e1, kdy\u017e vezmeme v\u00a0\u00favahu r\u016fzn\u00e1 skaliska a zch\u00e1tral\u00e9 l\u00e1vky, odm\u011bnou v\u00e1m v\u0161ak bude bo\u017esk\u00fd klid a t\u0159eba budete m\u00edt \u0161t\u011bst\u00ed a spat\u0159\u00edte led\u0148\u00e1\u010dka.<\/p>\n\n\n\n<figure class=\"wp-block-image size-full\"><img loading=\"lazy\" decoding=\"async\" width=\"800\" height=\"599\" src=\"https:\/\/all4camper.com\/\/wp-content\/uploads\/2021\/10\/u\u0301tery\u0301-stezka.jpeg\" alt=\"\" class=\"wp-image-137305\" srcset=\"https:\/\/all4camper.com\/wp-content\/uploads\/2021\/10\/u\u0301tery\u0301-stezka.jpeg 800w, https:\/\/all4camper.com\/wp-content\/uploads\/2021\/10\/u\u0301tery\u0301-stezka-300x225.jpeg 300w, https:\/\/all4camper.com\/wp-content\/uploads\/2021\/10\/u\u0301tery\u0301-stezka-150x112.jpeg 150w, https:\/\/all4camper.com\/wp-content\/uploads\/2021\/10\/u\u0301tery\u0301-stezka-768x575.jpeg 768w, https:\/\/all4camper.com\/wp-content\/uploads\/2021\/10\/u\u0301tery\u0301-stezka-696x521.jpeg 696w\" sizes=\"auto, (max-width: 800px) 100vw, 800px\" \/><\/figure>\n\n\n\n<p>Pevn\u011b v\u011b\u0159\u00edm, \u017ee v\u00e1s p\u0159edchoz\u00ed \u0159\u00e1dky \u0159\u00e1dn\u011b namlsaly a vy u\u017e pl\u00e1nujete jak vyraz\u00edte pozn\u00e1vat zdej\u0161\u00ed o\u00e1zu klidu a nezam\u011bniteln\u00e9 p\u0159\u00edrody. A\u0165 u\u017e doraz\u00edte s\u00a0c\u00edlem vyl\u00e9\u010dit sv\u00e9 t\u011blo \u010di prost\u011b jen str\u00e1vit n\u011bkolik dn\u00ed v\u00a0kr\u00e1sn\u00e9 prost\u0159ed\u00ed tak v\u011b\u0159te, \u017ee nebudete zklam\u00e1ni a ka\u017ed\u00e9mu ve sv\u00e9m okol\u00ed v\u00fdlet sem doporu\u010d\u00edte.<\/p>\n\n\n\n<div class=\"wp-block-image\"><figure class=\"aligncenter size-full is-resized\"><img loading=\"lazy\" decoding=\"async\" src=\"https:\/\/all4camper.com\/\/wp-content\/uploads\/2021\/06\/plzensky-kraj.jpeg\" alt=\"\" class=\"wp-image-134492\" width=\"512\" height=\"256\" srcset=\"https:\/\/all4camper.com\/wp-content\/uploads\/2021\/06\/plzensky-kraj.jpeg 512w, https:\/\/all4camper.com\/wp-content\/uploads\/2021\/06\/plzensky-kraj-300x150.jpeg 300w, https:\/\/all4camper.com\/wp-content\/uploads\/2021\/06\/plzensky-kraj-150x75.jpeg 150w\" sizes=\"auto, (max-width: 512px) 100vw, 512px\" \/><\/figure><\/div>\n\n\n\n<p>Vytvo\u0159eno ve spolupr\u00e1ci s\u00a0<a href=\"https:\/\/www.turisturaj.cz\/\" target=\"_blank\" rel=\"noreferrer noopener\">Plze\u0148sk\u00fdm krajem<\/a>, kter\u00e9mu t\u00edmto d\u011bkuji.<\/p>\n","protected":false},"excerpt":{"rendered":"<p>Uteklo to jako voda a m\u00e1me tady dal\u0161\u00ed pokra\u010dov\u00e1n\u00ed na\u0161eho spole\u010dn\u00e9ho pozn\u00e1v\u00e1n\u00ed Plze\u0148ska. Tentokr\u00e1t se pod\u00edv\u00e1me do vyhl\u00e1\u0161en\u00fdch Konstantinov\u00fdch l\u00e1zn\u00ed, kde m\u016f\u017eete str\u00e1vit nezapomenuteln\u00e9 chv\u00edle odpo\u010dinku a nav\u00edc zlep\u0161it \u010di podpo\u0159it sv\u00e9 zdrav\u00ed. Vezmu v\u00e1s tak\u00e9 do bl\u00edzk\u00e9ho kempu, a\u0165 m\u00e1te p\u0159\u00edpadn\u011b kde slo\u017eit hlavu a v\u00a0neposledn\u00ed \u0159ad\u011b p\u0159inesu p\u00e1r tip\u016f na v\u00fdlety v\u00a0okol\u00ed, a [&hellip;]<\/p>\n","protected":false},"author":381,"featured_media":137296,"comment_status":"closed","ping_status":"open","sticky":false,"template":"","format":"standard","meta":{"_monsterinsights_skip_tracking":false,"_monsterinsights_sitenote_active":false,"_monsterinsights_sitenote_note":"","_monsterinsights_sitenote_category":0,"footnotes":""},"categories":[364,68,422],"tags":[100,101,325],"class_list":{"0":"post-137271","1":"post","2":"type-post","3":"status-publish","4":"format-standard","5":"has-post-thumbnail","7":"category-cestujeme-a-kempujeme-v-cr","8":"category-kempovani-a-zajimave-cile","9":"category-novinky-kempovani-a-karavaning","10":"tag-cechy","11":"tag-kempy-1","12":"tag-poznavaci-dovolena"},"yoast_head":"<!-- This site is optimized with the Yoast SEO plugin v27.5 - https:\/\/yoast.com\/product\/yoast-seo-wordpress\/ -->\n<title>Kempujte a cestujte v ekologicky nej\u010dist\u0161\u00ed oblasti \u010cR - All4Camper<\/title>\n<meta name=\"description\" content=\"Tentokr\u00e1t se pod\u00edv\u00e1me do vyhl\u00e1\u0161en\u00fdch Konstantinov\u00fdch l\u00e1zn\u00ed, kde m\u016f\u017eete str\u00e1vit nezapomenuteln\u00e9 chv\u00edle odpo\u010dinku a nav\u00edc zlep\u0161it \u010di podpo\u0159it sv\u00e9 zdrav\u00ed. Vezmu v\u00e1s tak\u00e9 do bl\u00edzk\u00e9ho kempu, a\u0165 m\u00e1te p\u0159\u00edpadn\u011b kde slo\u017eit hlavu a v\u00a0neposledn\u00ed \u0159ad\u011b p\u0159inesu p\u00e1r tip\u016f na v\u00fdlety v\u00a0okol\u00ed, a to nejen pro karavanisty.\" \/>\n<meta name=\"robots\" content=\"index, follow, max-snippet:-1, max-image-preview:large, max-video-preview:-1\" \/>\n<link rel=\"canonical\" href=\"https:\/\/all4camper.com\/cs\/kempujte-a-cestujte-v-ekologicky-nejcistsi-oblasti-cr\/\" \/>\n<meta property=\"og:locale\" content=\"cs_CZ\" \/>\n<meta property=\"og:type\" content=\"article\" \/>\n<meta property=\"og:title\" content=\"Kempujte a cestujte v ekologicky nej\u010dist\u0161\u00ed oblasti \u010cR - All4Camper\" \/>\n<meta property=\"og:description\" content=\"Tentokr\u00e1t se pod\u00edv\u00e1me do vyhl\u00e1\u0161en\u00fdch Konstantinov\u00fdch l\u00e1zn\u00ed, kde m\u016f\u017eete str\u00e1vit nezapomenuteln\u00e9 chv\u00edle odpo\u010dinku a nav\u00edc zlep\u0161it \u010di podpo\u0159it sv\u00e9 zdrav\u00ed. Vezmu v\u00e1s tak\u00e9 do bl\u00edzk\u00e9ho kempu, a\u0165 m\u00e1te p\u0159\u00edpadn\u011b kde slo\u017eit hlavu a v\u00a0neposledn\u00ed \u0159ad\u011b p\u0159inesu p\u00e1r tip\u016f na v\u00fdlety v\u00a0okol\u00ed, a to nejen pro karavanisty.\" \/>\n<meta property=\"og:url\" content=\"https:\/\/all4camper.com\/cs\/kempujte-a-cestujte-v-ekologicky-nejcistsi-oblasti-cr\/\" \/>\n<meta property=\"og:site_name\" content=\"All4Camper\" \/>\n<meta property=\"article:published_time\" content=\"2021-10-04T07:43:15+00:00\" \/>\n<meta property=\"article:modified_time\" content=\"2021-10-04T08:40:01+00:00\" \/>\n<meta property=\"og:image\" content=\"https:\/\/all4camper.com\/wp-content\/uploads\/2021\/10\/hradistsky-vrch-lom.jpg\" \/>\n\t<meta property=\"og:image:width\" content=\"1700\" \/>\n\t<meta property=\"og:image:height\" content=\"900\" \/>\n\t<meta property=\"og:image:type\" content=\"image\/jpeg\" \/>\n<meta name=\"author\" content=\"Ivo Pavelek\" \/>\n<meta name=\"twitter:card\" content=\"summary_large_image\" \/>\n<meta name=\"twitter:label1\" content=\"Napsal(a)\" \/>\n\t<meta name=\"twitter:data1\" content=\"Ivo Pavelek\" \/>\n\t<meta name=\"twitter:label2\" content=\"Odhadovan\u00e1 doba \u010dten\u00ed\" \/>\n\t<meta name=\"twitter:data2\" content=\"7 minut\" \/>\n<script type=\"application\/ld+json\" class=\"yoast-schema-graph\">{\"@context\":\"https:\\\/\\\/schema.org\",\"@graph\":[{\"@type\":\"Article\",\"@id\":\"https:\\\/\\\/all4camper.com\\\/cs\\\/kempujte-a-cestujte-v-ekologicky-nejcistsi-oblasti-cr\\\/#article\",\"isPartOf\":{\"@id\":\"https:\\\/\\\/all4camper.com\\\/cs\\\/kempujte-a-cestujte-v-ekologicky-nejcistsi-oblasti-cr\\\/\"},\"author\":{\"name\":\"Ivo Pavelek\",\"@id\":\"https:\\\/\\\/all4camper.com\\\/cs\\\/#\\\/schema\\\/person\\\/a6387842443a2105d550878fdd898965\"},\"headline\":\"Kempujte a cestujte v ekologicky nej\u010dist\u0161\u00ed oblasti \u010cR\",\"datePublished\":\"2021-10-04T07:43:15+00:00\",\"dateModified\":\"2021-10-04T08:40:01+00:00\",\"mainEntityOfPage\":{\"@id\":\"https:\\\/\\\/all4camper.com\\\/cs\\\/kempujte-a-cestujte-v-ekologicky-nejcistsi-oblasti-cr\\\/\"},\"wordCount\":1451,\"publisher\":{\"@id\":\"https:\\\/\\\/all4camper.com\\\/cs\\\/#organization\"},\"image\":{\"@id\":\"https:\\\/\\\/all4camper.com\\\/cs\\\/kempujte-a-cestujte-v-ekologicky-nejcistsi-oblasti-cr\\\/#primaryimage\"},\"thumbnailUrl\":\"https:\\\/\\\/all4camper.com\\\/wp-content\\\/uploads\\\/2021\\\/10\\\/hradistsky-vrch-lom.jpg\",\"keywords\":[\"\u010cechy\",\"Kempy a kempovac\u00ed m\u00edsta\",\"Pozn\u00e1vac\u00ed dovolen\u00e1\"],\"articleSection\":[\"Cestujeme a kempujeme v \u010cR\",\"Kempy a zaj\u00edmav\u00e1 m\u00edsta\",\"Novinky - Kempov\u00e1n\u00ed a karavaning\"],\"inLanguage\":\"cs\"},{\"@type\":\"WebPage\",\"@id\":\"https:\\\/\\\/all4camper.com\\\/cs\\\/kempujte-a-cestujte-v-ekologicky-nejcistsi-oblasti-cr\\\/\",\"url\":\"https:\\\/\\\/all4camper.com\\\/cs\\\/kempujte-a-cestujte-v-ekologicky-nejcistsi-oblasti-cr\\\/\",\"name\":\"Kempujte a cestujte v ekologicky nej\u010dist\u0161\u00ed oblasti \u010cR - All4Camper\",\"isPartOf\":{\"@id\":\"https:\\\/\\\/all4camper.com\\\/cs\\\/#website\"},\"primaryImageOfPage\":{\"@id\":\"https:\\\/\\\/all4camper.com\\\/cs\\\/kempujte-a-cestujte-v-ekologicky-nejcistsi-oblasti-cr\\\/#primaryimage\"},\"image\":{\"@id\":\"https:\\\/\\\/all4camper.com\\\/cs\\\/kempujte-a-cestujte-v-ekologicky-nejcistsi-oblasti-cr\\\/#primaryimage\"},\"thumbnailUrl\":\"https:\\\/\\\/all4camper.com\\\/wp-content\\\/uploads\\\/2021\\\/10\\\/hradistsky-vrch-lom.jpg\",\"datePublished\":\"2021-10-04T07:43:15+00:00\",\"dateModified\":\"2021-10-04T08:40:01+00:00\",\"description\":\"Tentokr\u00e1t se pod\u00edv\u00e1me do vyhl\u00e1\u0161en\u00fdch Konstantinov\u00fdch l\u00e1zn\u00ed, kde m\u016f\u017eete str\u00e1vit nezapomenuteln\u00e9 chv\u00edle odpo\u010dinku a nav\u00edc zlep\u0161it \u010di podpo\u0159it sv\u00e9 zdrav\u00ed. Vezmu v\u00e1s tak\u00e9 do bl\u00edzk\u00e9ho kempu, a\u0165 m\u00e1te p\u0159\u00edpadn\u011b kde slo\u017eit hlavu a v\u00a0neposledn\u00ed \u0159ad\u011b p\u0159inesu p\u00e1r tip\u016f na v\u00fdlety v\u00a0okol\u00ed, a to nejen pro karavanisty.\",\"breadcrumb\":{\"@id\":\"https:\\\/\\\/all4camper.com\\\/cs\\\/kempujte-a-cestujte-v-ekologicky-nejcistsi-oblasti-cr\\\/#breadcrumb\"},\"inLanguage\":\"cs\",\"potentialAction\":[{\"@type\":\"ReadAction\",\"target\":[\"https:\\\/\\\/all4camper.com\\\/cs\\\/kempujte-a-cestujte-v-ekologicky-nejcistsi-oblasti-cr\\\/\"]}]},{\"@type\":\"ImageObject\",\"inLanguage\":\"cs\",\"@id\":\"https:\\\/\\\/all4camper.com\\\/cs\\\/kempujte-a-cestujte-v-ekologicky-nejcistsi-oblasti-cr\\\/#primaryimage\",\"url\":\"https:\\\/\\\/all4camper.com\\\/wp-content\\\/uploads\\\/2021\\\/10\\\/hradistsky-vrch-lom.jpg\",\"contentUrl\":\"https:\\\/\\\/all4camper.com\\\/wp-content\\\/uploads\\\/2021\\\/10\\\/hradistsky-vrch-lom.jpg\",\"width\":1700,\"height\":900},{\"@type\":\"BreadcrumbList\",\"@id\":\"https:\\\/\\\/all4camper.com\\\/cs\\\/kempujte-a-cestujte-v-ekologicky-nejcistsi-oblasti-cr\\\/#breadcrumb\",\"itemListElement\":[{\"@type\":\"ListItem\",\"position\":1,\"name\":\"Dom\u016f\",\"item\":\"https:\\\/\\\/all4camper.com\\\/cs\\\/\"},{\"@type\":\"ListItem\",\"position\":2,\"name\":\"Novinky - Kempov\u00e1n\u00ed a karavaning\",\"item\":\"https:\\\/\\\/all4camper.com\\\/cs\\\/category\\\/novinky-kempovani-a-karavaning\\\/\"},{\"@type\":\"ListItem\",\"position\":3,\"name\":\"Kempujte a cestujte v ekologicky nej\u010dist\u0161\u00ed oblasti \u010cR\"}]},{\"@type\":\"WebSite\",\"@id\":\"https:\\\/\\\/all4camper.com\\\/cs\\\/#website\",\"url\":\"https:\\\/\\\/all4camper.com\\\/cs\\\/\",\"name\":\"All4Camper\",\"description\":\"Nejv\u011bt\u0161\u00ed online magaz\u00edn o kempov\u00e1n\u00ed a karavaninku. V\u00edce jak 900 \u010dl\u00e1nk\u016f pln\u00fdch rad a tip\u016f o kempech a kempov\u00e1n\u00ed.\",\"publisher\":{\"@id\":\"https:\\\/\\\/all4camper.com\\\/cs\\\/#organization\"},\"potentialAction\":[{\"@type\":\"SearchAction\",\"target\":{\"@type\":\"EntryPoint\",\"urlTemplate\":\"https:\\\/\\\/all4camper.com\\\/cs\\\/?s={search_term_string}\"},\"query-input\":{\"@type\":\"PropertyValueSpecification\",\"valueRequired\":true,\"valueName\":\"search_term_string\"}}],\"inLanguage\":\"cs\"},{\"@type\":\"Organization\",\"@id\":\"https:\\\/\\\/all4camper.com\\\/cs\\\/#organization\",\"name\":\"All4Camper - kempujeme s Kl\u00e1rou\",\"url\":\"https:\\\/\\\/all4camper.com\\\/cs\\\/\",\"logo\":{\"@type\":\"ImageObject\",\"inLanguage\":\"cs\",\"@id\":\"https:\\\/\\\/all4camper.com\\\/cs\\\/#\\\/schema\\\/logo\\\/image\\\/\",\"url\":\"https:\\\/\\\/all4camper.com\\\/wp-content\\\/uploads\\\/2018\\\/09\\\/novelogo.png\",\"contentUrl\":\"https:\\\/\\\/all4camper.com\\\/wp-content\\\/uploads\\\/2018\\\/09\\\/novelogo.png\",\"width\":1520,\"height\":600,\"caption\":\"All4Camper - kempujeme s Kl\u00e1rou\"},\"image\":{\"@id\":\"https:\\\/\\\/all4camper.com\\\/cs\\\/#\\\/schema\\\/logo\\\/image\\\/\"}},{\"@type\":\"Person\",\"@id\":\"https:\\\/\\\/all4camper.com\\\/cs\\\/#\\\/schema\\\/person\\\/a6387842443a2105d550878fdd898965\",\"name\":\"Ivo Pavelek\",\"url\":\"https:\\\/\\\/all4camper.com\\\/cs\\\/author\\\/ivopavelek\\\/\"}]}<\/script>\n<!-- \/ Yoast SEO plugin. -->","yoast_head_json":{"title":"Kempujte a cestujte v ekologicky nej\u010dist\u0161\u00ed oblasti \u010cR - All4Camper","description":"Tentokr\u00e1t se pod\u00edv\u00e1me do vyhl\u00e1\u0161en\u00fdch Konstantinov\u00fdch l\u00e1zn\u00ed, kde m\u016f\u017eete str\u00e1vit nezapomenuteln\u00e9 chv\u00edle odpo\u010dinku a nav\u00edc zlep\u0161it \u010di podpo\u0159it sv\u00e9 zdrav\u00ed. Vezmu v\u00e1s tak\u00e9 do bl\u00edzk\u00e9ho kempu, a\u0165 m\u00e1te p\u0159\u00edpadn\u011b kde slo\u017eit hlavu a v\u00a0neposledn\u00ed \u0159ad\u011b p\u0159inesu p\u00e1r tip\u016f na v\u00fdlety v\u00a0okol\u00ed, a to nejen pro karavanisty.","robots":{"index":"index","follow":"follow","max-snippet":"max-snippet:-1","max-image-preview":"max-image-preview:large","max-video-preview":"max-video-preview:-1"},"canonical":"https:\/\/all4camper.com\/cs\/kempujte-a-cestujte-v-ekologicky-nejcistsi-oblasti-cr\/","og_locale":"cs_CZ","og_type":"article","og_title":"Kempujte a cestujte v ekologicky nej\u010dist\u0161\u00ed oblasti \u010cR - All4Camper","og_description":"Tentokr\u00e1t se pod\u00edv\u00e1me do vyhl\u00e1\u0161en\u00fdch Konstantinov\u00fdch l\u00e1zn\u00ed, kde m\u016f\u017eete str\u00e1vit nezapomenuteln\u00e9 chv\u00edle odpo\u010dinku a nav\u00edc zlep\u0161it \u010di podpo\u0159it sv\u00e9 zdrav\u00ed. Vezmu v\u00e1s tak\u00e9 do bl\u00edzk\u00e9ho kempu, a\u0165 m\u00e1te p\u0159\u00edpadn\u011b kde slo\u017eit hlavu a v\u00a0neposledn\u00ed \u0159ad\u011b p\u0159inesu p\u00e1r tip\u016f na v\u00fdlety v\u00a0okol\u00ed, a to nejen pro karavanisty.","og_url":"https:\/\/all4camper.com\/cs\/kempujte-a-cestujte-v-ekologicky-nejcistsi-oblasti-cr\/","og_site_name":"All4Camper","article_published_time":"2021-10-04T07:43:15+00:00","article_modified_time":"2021-10-04T08:40:01+00:00","og_image":[{"width":1700,"height":900,"url":"https:\/\/all4camper.com\/wp-content\/uploads\/2021\/10\/hradistsky-vrch-lom.jpg","type":"image\/jpeg"}],"author":"Ivo Pavelek","twitter_card":"summary_large_image","twitter_misc":{"Napsal(a)":"Ivo Pavelek","Odhadovan\u00e1 doba \u010dten\u00ed":"7 minut"},"schema":{"@context":"https:\/\/schema.org","@graph":[{"@type":"Article","@id":"https:\/\/all4camper.com\/cs\/kempujte-a-cestujte-v-ekologicky-nejcistsi-oblasti-cr\/#article","isPartOf":{"@id":"https:\/\/all4camper.com\/cs\/kempujte-a-cestujte-v-ekologicky-nejcistsi-oblasti-cr\/"},"author":{"name":"Ivo Pavelek","@id":"https:\/\/all4camper.com\/cs\/#\/schema\/person\/a6387842443a2105d550878fdd898965"},"headline":"Kempujte a cestujte v ekologicky nej\u010dist\u0161\u00ed oblasti \u010cR","datePublished":"2021-10-04T07:43:15+00:00","dateModified":"2021-10-04T08:40:01+00:00","mainEntityOfPage":{"@id":"https:\/\/all4camper.com\/cs\/kempujte-a-cestujte-v-ekologicky-nejcistsi-oblasti-cr\/"},"wordCount":1451,"publisher":{"@id":"https:\/\/all4camper.com\/cs\/#organization"},"image":{"@id":"https:\/\/all4camper.com\/cs\/kempujte-a-cestujte-v-ekologicky-nejcistsi-oblasti-cr\/#primaryimage"},"thumbnailUrl":"https:\/\/all4camper.com\/wp-content\/uploads\/2021\/10\/hradistsky-vrch-lom.jpg","keywords":["\u010cechy","Kempy a kempovac\u00ed m\u00edsta","Pozn\u00e1vac\u00ed dovolen\u00e1"],"articleSection":["Cestujeme a kempujeme v \u010cR","Kempy a zaj\u00edmav\u00e1 m\u00edsta","Novinky - Kempov\u00e1n\u00ed a karavaning"],"inLanguage":"cs"},{"@type":"WebPage","@id":"https:\/\/all4camper.com\/cs\/kempujte-a-cestujte-v-ekologicky-nejcistsi-oblasti-cr\/","url":"https:\/\/all4camper.com\/cs\/kempujte-a-cestujte-v-ekologicky-nejcistsi-oblasti-cr\/","name":"Kempujte a cestujte v ekologicky nej\u010dist\u0161\u00ed oblasti \u010cR - All4Camper","isPartOf":{"@id":"https:\/\/all4camper.com\/cs\/#website"},"primaryImageOfPage":{"@id":"https:\/\/all4camper.com\/cs\/kempujte-a-cestujte-v-ekologicky-nejcistsi-oblasti-cr\/#primaryimage"},"image":{"@id":"https:\/\/all4camper.com\/cs\/kempujte-a-cestujte-v-ekologicky-nejcistsi-oblasti-cr\/#primaryimage"},"thumbnailUrl":"https:\/\/all4camper.com\/wp-content\/uploads\/2021\/10\/hradistsky-vrch-lom.jpg","datePublished":"2021-10-04T07:43:15+00:00","dateModified":"2021-10-04T08:40:01+00:00","description":"Tentokr\u00e1t se pod\u00edv\u00e1me do vyhl\u00e1\u0161en\u00fdch Konstantinov\u00fdch l\u00e1zn\u00ed, kde m\u016f\u017eete str\u00e1vit nezapomenuteln\u00e9 chv\u00edle odpo\u010dinku a nav\u00edc zlep\u0161it \u010di podpo\u0159it sv\u00e9 zdrav\u00ed. Vezmu v\u00e1s tak\u00e9 do bl\u00edzk\u00e9ho kempu, a\u0165 m\u00e1te p\u0159\u00edpadn\u011b kde slo\u017eit hlavu a v\u00a0neposledn\u00ed \u0159ad\u011b p\u0159inesu p\u00e1r tip\u016f na v\u00fdlety v\u00a0okol\u00ed, a to nejen pro karavanisty.","breadcrumb":{"@id":"https:\/\/all4camper.com\/cs\/kempujte-a-cestujte-v-ekologicky-nejcistsi-oblasti-cr\/#breadcrumb"},"inLanguage":"cs","potentialAction":[{"@type":"ReadAction","target":["https:\/\/all4camper.com\/cs\/kempujte-a-cestujte-v-ekologicky-nejcistsi-oblasti-cr\/"]}]},{"@type":"ImageObject","inLanguage":"cs","@id":"https:\/\/all4camper.com\/cs\/kempujte-a-cestujte-v-ekologicky-nejcistsi-oblasti-cr\/#primaryimage","url":"https:\/\/all4camper.com\/wp-content\/uploads\/2021\/10\/hradistsky-vrch-lom.jpg","contentUrl":"https:\/\/all4camper.com\/wp-content\/uploads\/2021\/10\/hradistsky-vrch-lom.jpg","width":1700,"height":900},{"@type":"BreadcrumbList","@id":"https:\/\/all4camper.com\/cs\/kempujte-a-cestujte-v-ekologicky-nejcistsi-oblasti-cr\/#breadcrumb","itemListElement":[{"@type":"ListItem","position":1,"name":"Dom\u016f","item":"https:\/\/all4camper.com\/cs\/"},{"@type":"ListItem","position":2,"name":"Novinky - Kempov\u00e1n\u00ed a karavaning","item":"https:\/\/all4camper.com\/cs\/category\/novinky-kempovani-a-karavaning\/"},{"@type":"ListItem","position":3,"name":"Kempujte a cestujte v ekologicky nej\u010dist\u0161\u00ed oblasti \u010cR"}]},{"@type":"WebSite","@id":"https:\/\/all4camper.com\/cs\/#website","url":"https:\/\/all4camper.com\/cs\/","name":"All4Camper","description":"Nejv\u011bt\u0161\u00ed online magaz\u00edn o kempov\u00e1n\u00ed a karavaninku. V\u00edce jak 900 \u010dl\u00e1nk\u016f pln\u00fdch rad a tip\u016f o kempech a kempov\u00e1n\u00ed.","publisher":{"@id":"https:\/\/all4camper.com\/cs\/#organization"},"potentialAction":[{"@type":"SearchAction","target":{"@type":"EntryPoint","urlTemplate":"https:\/\/all4camper.com\/cs\/?s={search_term_string}"},"query-input":{"@type":"PropertyValueSpecification","valueRequired":true,"valueName":"search_term_string"}}],"inLanguage":"cs"},{"@type":"Organization","@id":"https:\/\/all4camper.com\/cs\/#organization","name":"All4Camper - kempujeme s Kl\u00e1rou","url":"https:\/\/all4camper.com\/cs\/","logo":{"@type":"ImageObject","inLanguage":"cs","@id":"https:\/\/all4camper.com\/cs\/#\/schema\/logo\/image\/","url":"https:\/\/all4camper.com\/wp-content\/uploads\/2018\/09\/novelogo.png","contentUrl":"https:\/\/all4camper.com\/wp-content\/uploads\/2018\/09\/novelogo.png","width":1520,"height":600,"caption":"All4Camper - kempujeme s Kl\u00e1rou"},"image":{"@id":"https:\/\/all4camper.com\/cs\/#\/schema\/logo\/image\/"}},{"@type":"Person","@id":"https:\/\/all4camper.com\/cs\/#\/schema\/person\/a6387842443a2105d550878fdd898965","name":"Ivo Pavelek","url":"https:\/\/all4camper.com\/cs\/author\/ivopavelek\/"}]}},"_links":{"self":[{"href":"https:\/\/all4camper.com\/cs\/wp-json\/wp\/v2\/posts\/137271","targetHints":{"allow":["GET"]}}],"collection":[{"href":"https:\/\/all4camper.com\/cs\/wp-json\/wp\/v2\/posts"}],"about":[{"href":"https:\/\/all4camper.com\/cs\/wp-json\/wp\/v2\/types\/post"}],"author":[{"embeddable":true,"href":"https:\/\/all4camper.com\/cs\/wp-json\/wp\/v2\/users\/381"}],"replies":[{"embeddable":true,"href":"https:\/\/all4camper.com\/cs\/wp-json\/wp\/v2\/comments?post=137271"}],"version-history":[{"count":0,"href":"https:\/\/all4camper.com\/cs\/wp-json\/wp\/v2\/posts\/137271\/revisions"}],"wp:featuredmedia":[{"embeddable":true,"href":"https:\/\/all4camper.com\/cs\/wp-json\/wp\/v2\/media\/137296"}],"wp:attachment":[{"href":"https:\/\/all4camper.com\/cs\/wp-json\/wp\/v2\/media?parent=137271"}],"wp:term":[{"taxonomy":"category","embeddable":true,"href":"https:\/\/all4camper.com\/cs\/wp-json\/wp\/v2\/categories?post=137271"},{"taxonomy":"post_tag","embeddable":true,"href":"https:\/\/all4camper.com\/cs\/wp-json\/wp\/v2\/tags?post=137271"}],"curies":[{"name":"wp","href":"https:\/\/api.w.org\/{rel}","templated":true}]}}