{"id":137240,"date":"2021-09-30T09:16:04","date_gmt":"2021-09-30T07:16:04","guid":{"rendered":"https:\/\/all4camper.com\/\/?p=137240"},"modified":"2021-09-30T09:52:30","modified_gmt":"2021-09-30T07:52:30","slug":"nechte-vydelavat-karavan-kdyz-s-nim-necestujete-ziskate-unikatni-pojisteni","status":"publish","type":"post","link":"https:\/\/all4camper.com\/cs\/nechte-vydelavat-karavan-kdyz-s-nim-necestujete-ziskate-unikatni-pojisteni\/","title":{"rendered":"Nechte vyd\u011bl\u00e1vat karavan, kdy\u017e s n\u00edm necestujete, z\u00edsk\u00e1te unik\u00e1tn\u00ed poji\u0161t\u011bn\u00ed"},"content":{"rendered":"\n<p><strong>O pr\u00e1zdnin\u00e1ch si Campiri vyzkou\u0161elo pronaj\u00edmat obytn\u00e1 auta z\u00a0p\u016fj\u010doven, ale na sklonku hlavn\u00ed sez\u00f3ny p\u0159ich\u00e1z\u00ed s\u00a0unik\u00e1tn\u00ed slu\u017ebou \u2013 pron\u00e1jem obytn\u00fdch voz\u016f soukrom\u00fdch majitel\u016f, kter\u00fd by maxim\u00e1ln\u011b chr\u00e1nil ob\u011b strany v\u00a0p\u0159\u00edpad\u011b po\u0161kozen\u00ed.<\/strong><\/p>\n\n\n\n<figure class=\"wp-block-image size-large is-resized\"><img loading=\"lazy\" decoding=\"async\" src=\"https:\/\/all4camper.com\/\/wp-content\/uploads\/2021\/09\/Campiri_12-1617x1080.jpg\" alt=\"\" class=\"wp-image-137244\" width=\"696\" height=\"464\" srcset=\"https:\/\/all4camper.com\/wp-content\/uploads\/2021\/09\/Campiri_12-1617x1080.jpg 1617w, https:\/\/all4camper.com\/wp-content\/uploads\/2021\/09\/Campiri_12-300x200.jpg 300w, https:\/\/all4camper.com\/wp-content\/uploads\/2021\/09\/Campiri_12-150x100.jpg 150w, https:\/\/all4camper.com\/wp-content\/uploads\/2021\/09\/Campiri_12-768x513.jpg 768w, https:\/\/all4camper.com\/wp-content\/uploads\/2021\/09\/Campiri_12-1536x1026.jpg 1536w, https:\/\/all4camper.com\/wp-content\/uploads\/2021\/09\/Campiri_12-2048x1368.jpg 2048w, https:\/\/all4camper.com\/wp-content\/uploads\/2021\/09\/Campiri_12-696x465.jpg 696w, https:\/\/all4camper.com\/wp-content\/uploads\/2021\/09\/Campiri_12-1068x713.jpg 1068w, https:\/\/all4camper.com\/wp-content\/uploads\/2021\/09\/Campiri_12-1920x1282.jpg 1920w\" sizes=\"auto, (max-width: 696px) 100vw, 696px\" \/><\/figure>\n\n\n\n<p>Jde o unik\u00e1tn\u00ed slu\u017ebu. P\u0159irovnala bych to k\u00a0Airbn\u2019b pro obytn\u00e9 vozy. Na platform\u011b Campiri m\u016f\u017eete nab\u00eddnout sv\u016fj obytn\u00fd v\u016fz k\u00a0zap\u016fj\u010den\u00ed ostatn\u00edm z\u00e1jemc\u016fm. Jde o<br>takzvan\u00e9 peer-to-peer p\u016fj\u010dov\u00e1n\u00ed, tedy p\u016fj\u010dov\u00e1n\u00ed vozu mezi klienty. <strong>Campiri je pouze inzertn\u00ed platforma, kter\u00e1 propojuje majitele obytn\u00fdch voz\u016f, kte\u0159\u00ed ho v\u011bt\u0161inu roku nepou\u017e\u00edvaj\u00ed, s\u00a0t\u011bmi, kte\u0159\u00ed v\u00a0obytn\u00e9m voze cestuj\u00ed jen p\u0159\u00edle\u017eitostn\u011b nebo si to cht\u011bj\u00ed vyzkou\u0161et. <\/strong>Je to tedy nyn\u00ed modern\u00ed forma sd\u00edlen\u00e9 ekonomiky, kter\u00e1 je nyn\u00ed velmi modern\u00ed v\u00a0souvislosti s\u00a0ekologi\u00ed a udr\u017eitelnost\u00ed. Zd\u00e1 se, \u017ee Campiri trefilo h\u0159eb\u00ed\u010dek na hlavi\u010dku.<\/p>\n\n\n\n<p>\u201eV pr\u016fb\u011bhu posledn\u00edch m\u011bs\u00edc\u016f se n\u00e1m bez jak\u00e9hokoliv marketingu p\u0159ihl\u00e1silo p\u0159es dv\u011b st\u011b z\u00e1jemc\u016f o pron\u00e1jem jejich obytn\u00e9ho vozu. Kdy\u017e si vezmu, \u017ee dne\u0161n\u00ed p\u016fj\u010dovny disponuj\u00ed zhruba sedmi sty vozy, m\u016f\u017ee b\u00fdt peer-to-peer opravdu t\u00edm \u0159e\u0161en\u00edm, kter\u00e9 uspokoj\u00ed rostouc\u00ed popt\u00e1vku,\u201c komentuje zakladatel a CEO Campiri Luk\u00e1\u0161 Janou\u0161ek.<\/p>\n\n\n\n<figure class=\"wp-block-image size-large is-resized\"><img loading=\"lazy\" decoding=\"async\" src=\"https:\/\/all4camper.com\/\/wp-content\/uploads\/2021\/09\/Campiri_05-1620x1080.jpg\" alt=\"\" class=\"wp-image-137247\" width=\"696\" height=\"464\" srcset=\"https:\/\/all4camper.com\/wp-content\/uploads\/2021\/09\/Campiri_05-1620x1080.jpg 1620w, https:\/\/all4camper.com\/wp-content\/uploads\/2021\/09\/Campiri_05-300x200.jpg 300w, https:\/\/all4camper.com\/wp-content\/uploads\/2021\/09\/Campiri_05-150x100.jpg 150w, https:\/\/all4camper.com\/wp-content\/uploads\/2021\/09\/Campiri_05-768x512.jpg 768w, https:\/\/all4camper.com\/wp-content\/uploads\/2021\/09\/Campiri_05-1536x1024.jpg 1536w, https:\/\/all4camper.com\/wp-content\/uploads\/2021\/09\/Campiri_05-696x464.jpg 696w, https:\/\/all4camper.com\/wp-content\/uploads\/2021\/09\/Campiri_05-1068x712.jpg 1068w, https:\/\/all4camper.com\/wp-content\/uploads\/2021\/09\/Campiri_05-1920x1280.jpg 1920w, https:\/\/all4camper.com\/wp-content\/uploads\/2021\/09\/Campiri_05.jpg 2048w\" sizes=\"auto, (max-width: 696px) 100vw, 696px\" \/><\/figure>\n\n\n\n<h2 class=\"wp-block-heading\">Unik\u00e1tn\u00ed slu\u017eba<\/h2>\n\n\n\n<p>Aby tuto slu\u017ebu mohlo Campiri spustit, muselo se vy\u0159e\u0161it havarijn\u00ed poji\u0161t\u011bn\u00ed. Takov\u00e9, kter\u00e9 by pojistilo soukrom\u00e9 majitele obytn\u00fdch voz\u016f v\u00a0komer\u010dn\u00edm pron\u00e1jmu, bez specifick\u00fdch pojistek pro p\u016fj\u010dovny a nutnosti z\u0159\u00eddit si \u017eivnostensk\u00e9 opr\u00e1vn\u011bn\u00ed, tu toti\u017e na trhu nebylo. <strong>Campiri ale ve spolupr\u00e1ci s\u00a0poji\u0161\u0165ovnou UNIQA vyvinulo jedine\u010dn\u00fd produkt.<\/strong><\/p>\n\n\n\n<p>Poji\u0161t\u011bn\u00ed se vztahuje na kolize vozidla b\u011bhem jeho provozu na silnici nebo i parkov\u00e1n\u00ed, k nim\u017e dojde v dob\u011b pron\u00e1jmu. \u201eObytn\u00e9 vozy jsou vzhledem ke sv\u00e9 robustnosti n\u00e1chyln\u00e9 k po\u0161kozen\u00edm a od\u011brk\u00e1m vn\u011bj\u0161\u00edho pl\u00e1\u0161t\u011b, nap\u0159\u00edklad od v\u011btv\u00ed, anebo p\u0159i pr\u016fjezdu u\u017e\u0161\u00edch m\u00edst. P\u0159i jeho naru\u0161en\u00ed m\u016f\u017ee b\u00fdt \u0161koda docela vysok\u00e1,\u201c podot\u00fdk\u00e1 Ladislav Gela, mana\u017eer extern\u00ed distribu\u010dn\u00ed spolupr\u00e1ce UNIQA.\u00a0<\/p>\n\n\n\n<p>N\u00e1klady na pojistn\u00e9 nesou spole\u010dn\u011b majitel s\u00a0n\u00e1jemcem vozu. Pojistn\u00e9 se z\u00e1kazn\u00edkovi automaticky spo\u010d\u00edt\u00e1 b\u011bhem procesu online rezervace na webu\u00a0<a href=\"http:\/\/campiri.com\/\" target=\"_blank\" rel=\"noreferrer noopener\">campiri.com<\/a>. Jeho platba prob\u011bhne spole\u010dn\u011b se z\u00e1lohou na obytn\u00fd v\u016fz. Je to novinka, proto\u017ee n\u011bkter\u00e9 platformy poji\u0161t\u011bn\u00ed v\u016fbec ne\u0159e\u0161\u00ed. Majitel vozu se tak vyhne zbyte\u010dn\u00fdm tahan\u00edc\u00edm s\u00a0n\u00e1jemcem, pokud mu na aut\u011b vznikne v\u00a0dom\u011b pron\u00e1jmu \u0161koda.<\/p>\n\n\n\n<p><strong>Tato havarijn\u00ed pojistka se vztahuje na vandalismus, odcizen\u00ed, \u017eivelnou pohromu a jej\u00ed sou\u010d\u00e1st\u00ed je i nonstop asisten\u010dn\u00ed slu\u017eba.<\/strong> Toto poji\u0161t\u011bn\u00ed zat\u00edm nekryje \u0161kody zp\u016fsoben\u00e9 na vnit\u0159n\u00edm pevn\u00e9m za\u0159\u00edzen\u00ed vozu, ale Campiri u\u017e i v\u00a0tomto ohledu spolupr\u00e1ci s\u00a0poji\u0161\u0165ovnou zva\u017euje.<\/p>\n\n\n\n<h3 class=\"wp-block-heading\">Kolik to stoj\u00ed<\/h3>\n\n\n\n<p>Cena je stanovena podle v\u00e1hy a d\u00e9lky vozu na stran\u011b pronaj\u00edmatele. Na stran\u011b n\u00e1jemce se pak cena stanovuje na z\u00e1klad\u011b individu\u00e1ln\u00edho v\u00fdpo\u010dtu, kter\u00fd se odv\u00edj\u00ed od v\u011bku p\u016fj\u010duj\u00edc\u00edho, bydli\u0161t\u011b, d\u00e9lce pron\u00e1jmu i od toho, zda bude n\u00e1jemce cestovat v\u00a0tuzemsku \u010di zahrani\u010d\u00ed.<\/p>\n\n\n\n<p>Podm\u00ednky a ceny obytn\u00fdch voz\u016f v p\u0159\u00edpad\u011b peer-to-peer pron\u00e1jmu by m\u011bly p\u0159ibli\u017en\u011b odpov\u00eddat cen\u00e1m p\u016fj\u010doven. Campiri bude \u00fa\u010dtovat majitel\u016fm za zprost\u0159edkov\u00e1n\u00ed provizi dvacet procent. \u201e<strong>Na\u0161\u00edm c\u00edlem nen\u00ed nahradit p\u016fj\u010dovny, ale doplnit jejich nab\u00eddku na trhu a zp\u0159\u00edstupnit karavaning \u0161ir\u0161\u00ed skupin\u011b lid\u00ed na \u010desk\u00e9m trhu.<\/strong> V p\u016fj\u010dovn\u00e1ch z\u00e1kazn\u00edci typicky najdou nov\u00e9, luxusn\u011b vybaven\u00e9 obytn\u00e9 vozy, kter\u00e9 jsou t\u00edm p\u00e1dem pro \u010d\u00e1st z\u00e1kazn\u00edk\u016f cenov\u011b nedostupn\u00e9. O\u010dek\u00e1v\u00e1me roz\u0161\u00ed\u0159en\u00ed nab\u00eddky mimo jin\u00e9 o star\u0161\u00ed, cenov\u011b dostupn\u011bj\u0161\u00ed karavany, ale tak\u00e9 o pestrou nab\u00eddku obytek, kter\u00e9 v p\u016fj\u010dovn\u00e1ch b\u011b\u017en\u011b nejsou k dispozici. Z\u00e1rove\u0148 v\u011b\u0159\u00edme, \u017ee majitel\u016fm d\u00edky pron\u00e1jmu umo\u017en\u00edme pokr\u00fdt \u010d\u00e1st n\u00e1klad\u016f na po\u0159\u00edzen\u00ed a provoz jejich vozidla, p\u0159\u00edpadn\u011b dokonce vyd\u011blat. Pokud se program osv\u011bd\u010d\u00ed, zva\u017eujeme roz\u0161\u00ed\u0159en\u00ed t\u00e9to slu\u017eby. Dovedeme si p\u0159edstavit, \u017ee se budeme um\u011bt postarat o parkov\u00e1n\u00ed, servisov\u00e1n\u00ed vozidel, jejich \u00fadr\u017ebu a kompletn\u00ed servis spojen\u00fd s p\u0159ed\u00e1v\u00e1n\u00edm z\u00e1kazn\u00edk\u016fm, aby to m\u011bl majitel zcela bez starost\u00ed,\u201c dopl\u0148uje Janou\u0161ek.<\/p>\n\n\n\n<figure class=\"wp-block-image size-large\"><img loading=\"lazy\" decoding=\"async\" width=\"1617\" height=\"1080\" src=\"https:\/\/all4camper.com\/\/wp-content\/uploads\/2021\/09\/Campiri_10-1617x1080.jpg\" alt=\"\" class=\"wp-image-137250\" srcset=\"https:\/\/all4camper.com\/wp-content\/uploads\/2021\/09\/Campiri_10-1617x1080.jpg 1617w, https:\/\/all4camper.com\/wp-content\/uploads\/2021\/09\/Campiri_10-300x200.jpg 300w, https:\/\/all4camper.com\/wp-content\/uploads\/2021\/09\/Campiri_10-150x100.jpg 150w, https:\/\/all4camper.com\/wp-content\/uploads\/2021\/09\/Campiri_10-768x513.jpg 768w, https:\/\/all4camper.com\/wp-content\/uploads\/2021\/09\/Campiri_10-1536x1026.jpg 1536w, https:\/\/all4camper.com\/wp-content\/uploads\/2021\/09\/Campiri_10-2048x1368.jpg 2048w, https:\/\/all4camper.com\/wp-content\/uploads\/2021\/09\/Campiri_10-696x465.jpg 696w, https:\/\/all4camper.com\/wp-content\/uploads\/2021\/09\/Campiri_10-1068x713.jpg 1068w, https:\/\/all4camper.com\/wp-content\/uploads\/2021\/09\/Campiri_10-1920x1282.jpg 1920w\" sizes=\"auto, (max-width: 1617px) 100vw, 1617px\" \/><\/figure>\n\n\n\n<p>Pokud caravansharingovou slu\u017ebu zva\u017eujete vyu\u017e\u00edt, v\u011b\u0159te, \u017ee p\u016fsob\u00ed bezpe\u010dn\u011b. <strong>Ka\u017ed\u00e1 z\u00e1p\u016fj\u010dka proveden\u00e1 p\u0159es Campiri.com je tak nyn\u00ed kryt\u00e1 havarijn\u00edm poji\u0161t\u011bn\u00edm. <\/strong>Ka\u017ed\u00fd z\u00e1jemce o vyp\u016fj\u010den\u00ed vozu mus\u00ed nejprve ov\u011b\u0159it svou identitu. P\u0159i tomto procesu se zjist\u00ed, zda si v\u016fz nechce vyp\u016fj\u010dit nap\u0159\u00edklad n\u011bkdo na ukraden\u00e9 doklady, \u010di zda na n\u011bj nen\u00ed uvalena exekuce. Teprve pokud ov\u011b\u0159en\u00edm projde, syst\u00e9m u umo\u017en\u00ed rezervaci vybran\u00e9ho vozu.<\/p>\n\n\n\n<p><strong>Mysl\u00edm, \u017ee je to dobr\u00fd zp\u016fsob, jak si kompenzovat n\u00e1klady na po\u0159\u00edzen\u00ed obytn\u00e9ho vozu.<\/strong> Nav\u00edc se nemus\u00edte p\u0159\u00edli\u0161 starat o marketing sv\u00e9ho vozu. To v\u0161e za v\u00e1s obstar\u00e1 pr\u00e1v\u011b Campiri. Auto v\u00e1m tak nestoj\u00ed v\u00a0dob\u011b, kdy\u017e ho nepou\u017e\u00edv\u00e1te v\u00a0gar\u00e1\u017ei, ale vlastn\u011b vyd\u011bl\u00e1v\u00e1 si na sebe.<\/p>\n\n\n\n<h3 class=\"wp-block-heading\">P\u0159ek\u00e1\u017eky v\u00a0rozvoji<\/h3>\n\n\n\n<p>Podle Janou\u0161ka dal\u0161\u00edmu rozvoji nebr\u00e1n\u00ed jen nedostatek vozidel, ale tak\u00e9 je t\u0159eba zvyknout z\u00e1jemce na to, \u017ee s\u00a0obytkou lze cestovat kdykoliv a tak\u00e9 by m\u011bly obce v\u00a0\u010cR v\u00edce budovat infrastrukturu pro obytky. \u201eS modern\u00edm obytn\u00fdm autem m\u016f\u017eete cestovat kdykoliv, s\u00e1m jsem byl n\u011bkolikr\u00e1t s obytkou v zim\u011b na hor\u00e1ch. Jejich vybaven\u00ed ji\u017e dnes umo\u017e\u0148uje cestovat neomezen\u011b, akor\u00e1t je t\u0159eba lidi nau\u010dit, \u017ee s<br>karavanem mohou svobodn\u011b cestovat kdykoliv b\u011bhem roku. Pr\u00e1v\u011b rozprost\u0159en\u00ed sezony do v\u00edce m\u011bs\u00edc\u016f je cesta, jak rozv\u00edjet karavaning udr\u017eiteln\u011b,\u201c argumentuje Janou\u0161ek.<\/p>\n\n\n\n<p>Pr\u00e1v\u011b na podporu budov\u00e1n\u00ed infrastruktury v\u00a0\u010cesku \u010di ekologicky udr\u017eiteln\u00fdch projekt\u016f investuje firma jedno procento ze sv\u00e9ho ro\u010dn\u00edho obratu. Prvn\u00ed investice realizuje Campiri v\u00a0roce 2022.<\/p>\n\n\n\n<figure class=\"wp-block-image size-large is-resized\"><img loading=\"lazy\" decoding=\"async\" src=\"https:\/\/all4camper.com\/\/wp-content\/uploads\/2021\/09\/Campiri_01-1622x1080.jpg\" alt=\"\" class=\"wp-image-137253\" width=\"696\" height=\"463\" srcset=\"https:\/\/all4camper.com\/wp-content\/uploads\/2021\/09\/Campiri_01-1622x1080.jpg 1622w, https:\/\/all4camper.com\/wp-content\/uploads\/2021\/09\/Campiri_01-300x200.jpg 300w, https:\/\/all4camper.com\/wp-content\/uploads\/2021\/09\/Campiri_01-150x100.jpg 150w, https:\/\/all4camper.com\/wp-content\/uploads\/2021\/09\/Campiri_01-768x512.jpg 768w, https:\/\/all4camper.com\/wp-content\/uploads\/2021\/09\/Campiri_01-1536x1023.jpg 1536w, https:\/\/all4camper.com\/wp-content\/uploads\/2021\/09\/Campiri_01-696x464.jpg 696w, https:\/\/all4camper.com\/wp-content\/uploads\/2021\/09\/Campiri_01-1068x711.jpg 1068w, https:\/\/all4camper.com\/wp-content\/uploads\/2021\/09\/Campiri_01-1920x1279.jpg 1920w, https:\/\/all4camper.com\/wp-content\/uploads\/2021\/09\/Campiri_01.jpg 2048w\" sizes=\"auto, (max-width: 696px) 100vw, 696px\" \/><\/figure>\n\n\n\n<h3 class=\"wp-block-heading\">Po\u010det majitel\u016f obytek rekordn\u011b roste<\/h3>\n\n\n\n<p>Boom karavaningu je zn\u00e1t i na datech ministerstva dopravy. B\u011bhem leto\u0161n\u00edch sedmi m\u011bs\u00edc\u016f bylo zaregistrov\u00e1no o 217 obytn\u00fdch voz\u016f a 70 karavan\u016f v\u00edce ne\u017e za cel\u00fd lo\u0148sk\u00fd rok. Celkov\u011b tak letos k m\u011bs\u00edci \u010dervenci na \u010desk\u00e9 silnice vyrazilo 1 477 nov\u00fdch obytn\u00fdch voz\u016f a 507 p\u0159\u00edv\u011bs\u016f.<\/p>\n\n\n\n<p>Na z\u00e1klad\u011b statistiky ministerstva lze tak\u00e9 sledovat sl\u00e1bnouc\u00ed z\u00e1jem o obytn\u00e9 p\u0159\u00edv\u011bsy. Jejich celkov\u00fd po\u010det dokonce kles\u00e1. A\u010dkoliv st\u00e1le prob\u00edh\u00e1 registrace nov\u00fdch kus\u016f, v\u011bt\u0161\u00ed po\u010det jich majitel\u00e9 d\u00e1vaj\u00ed na odpis nebo k likvidaci. Tento trend je patrn\u00fd ji\u017e od roku 2016.<br><br>\u201eZ\u00e1jem o karavaning roste ji\u017e n\u011bkolik let, ov\u0161em v d\u016fsledku covidu si cht\u011blo tuto formu svobodn\u00e9ho a udr\u017eiteln\u00e9ho zp\u016fsobu cestov\u00e1n\u00ed vyzkou\u0161et mnohem v\u00edce lid\u00ed. <strong>T\u0159i ze \u010dty\u0159 z\u00e1kazn\u00edk\u016f Campiri byli letos ti, kte\u0159\u00ed na dovolenou v obytn\u00e9m voze vyrazili \u00fapln\u011b poprv\u00e9, a ji\u017e dnes v\u00edme, \u017ee \u010d\u00e1st z nich se bude k t\u00e9to form\u011b vracet. <\/strong>Pro v\u011bt\u0161inu z nich bude p\u016fj\u010den\u00ed vozu preferovan\u00fdm \u0159e\u0161en\u00edm, proto\u017ee jim jednodu\u0161e ned\u00e1v\u00e1 smysl koupit si obyt\u0148\u00e1k v cen\u011b luxusn\u00edho osobn\u00edho auta a potom jej po v\u011bt\u0161inu roku parkovat na zahrad\u011b nebo platit za parkovac\u00ed st\u00e1n\u00ed. <strong>S na\u0161\u00edm programem za\u010dnou nyn\u00ed soukrom\u00fdm majitel\u016fm auta vyd\u011bl\u00e1vat, v\u00edce z\u00e1kazn\u00edk\u016f si bude moci dop\u0159\u00e1t svobodn\u00e9 cestov\u00e1n\u00ed v hlavn\u00ed sezon\u011b a na trhu se objev\u00ed pest\u0159ej\u0161\u00ed a \u0161ir\u0161\u00ed nab\u00eddka<\/strong>, co\u017e ve fin\u00e1le p\u0159inese pozitiva v\u0161em stran\u00e1m,\u201c uzav\u00edr\u00e1 Janou\u0161ek, kter\u00fd s\u00e1m pronaj\u00edm\u00e1 sv\u00e9 dva obytn\u00e9 vozy.<\/p>\n\n\n\n<figure class=\"wp-block-image size-large\"><img loading=\"lazy\" decoding=\"async\" width=\"1617\" height=\"1080\" src=\"https:\/\/all4camper.com\/\/wp-content\/uploads\/2021\/09\/Campiri_11-1617x1080.jpg\" alt=\"\" class=\"wp-image-137256\" srcset=\"https:\/\/all4camper.com\/wp-content\/uploads\/2021\/09\/Campiri_11-1617x1080.jpg 1617w, https:\/\/all4camper.com\/wp-content\/uploads\/2021\/09\/Campiri_11-300x200.jpg 300w, https:\/\/all4camper.com\/wp-content\/uploads\/2021\/09\/Campiri_11-150x100.jpg 150w, https:\/\/all4camper.com\/wp-content\/uploads\/2021\/09\/Campiri_11-768x513.jpg 768w, https:\/\/all4camper.com\/wp-content\/uploads\/2021\/09\/Campiri_11-1536x1026.jpg 1536w, https:\/\/all4camper.com\/wp-content\/uploads\/2021\/09\/Campiri_11-2048x1368.jpg 2048w, https:\/\/all4camper.com\/wp-content\/uploads\/2021\/09\/Campiri_11-696x465.jpg 696w, https:\/\/all4camper.com\/wp-content\/uploads\/2021\/09\/Campiri_11-1068x713.jpg 1068w, https:\/\/all4camper.com\/wp-content\/uploads\/2021\/09\/Campiri_11-1920x1282.jpg 1920w\" sizes=\"auto, (max-width: 1617px) 100vw, 1617px\" \/><\/figure>\n\n\n\n<p>Za projektem vedle podnikatele Luk\u00e1\u0161e Janou\u0161ka stoj\u00ed investo\u0159i Paul Tesar, investi\u010dn\u00ed skupina Miton a angel investo\u0159i Petr Jahn a Eva Jane\u010dkov\u00e1. Firma prozat\u00edm v investic\u00edch z\u00edskala 16 milion\u016f korun. D\u016fle\u017eit\u00fdm krokem bylo pro <a href=\"https:\/\/www.campiri.com\/cs-cz\" target=\"_blank\" rel=\"noreferrer noopener nofollow\">Campiri <\/a>spu\u0161t\u011bn\u00ed nov\u00e9ho webu v dubnu leto\u0161n\u00edho roku, kdy z\u00e1sadn\u00edm zp\u016fsobem p\u0159ibl\u00ed\u017eilo pron\u00e1jem obytn\u00e9ho vozu z\u00e1\u017eitku z port\u00e1l\u016f nab\u00edzej\u00edc\u00edch pron\u00e1jem kr\u00e1tkodob\u00e9ho ubytov\u00e1n\u00ed, hotel\u016f \u010di jachet. Campiri spolupracuje ji\u017e s v\u00edce ne\u017e pades\u00e1ti \u010desk\u00fdmi p\u016fj\u010dovnami a v nab\u00eddce m\u00e1 p\u0159es 250 voz\u016f. Disponuje tak nejv\u011bt\u0161\u00ed flotilou k pron\u00e1jmu v\u00a0\u010cesk\u00e9 republice.<\/p>\n\n\n\n<h3 class=\"wp-block-heading\">V\u00edce o Campiri<\/h3>\n\n\n\n<p>Campiri je webov\u00e1 platforma, kter\u00e1 odstartovala revoluci v pron\u00e1jmu obytn\u00fdch voz\u016f. Jej\u00edm c\u00edlem je kompletn\u011b zdigitalizovat cel\u00fd proces p\u016fj\u010dov\u00e1n\u00ed karavan\u016f tak, aby se daly snadno rezervovat na p\u00e1r kliknut\u00ed a dostaly se ke sv\u00fdm do\u010dasn\u00fdm u\u017eivatel\u016fm rychle, hladce a bez pot\u00ed\u017e\u00ed. Nab\u00edz\u00ed nej\u0161ir\u0161\u00ed paletu obytn\u00fdch voz\u016f a karavan\u016f z p\u016fj\u010doven i od soukrom\u00fdch majitel\u016f. Ambici\u00f3zn\u00ed projekt Luk\u00e1\u0161e Janou\u0161ka chce p\u0159edev\u0161\u00edm inspirovat k udr\u017eiteln\u00e9mu zp\u016fsobu cestov\u00e1n\u00ed, kter\u00e9 karavaning p\u0159in\u00e1\u0161\u00ed, ale klade si tak\u00e9 dal\u0161\u00ed velk\u00e9 c\u00edle: podporu ekologick\u00fdch pohon\u016f, rozv\u00edjen\u00ed sd\u00edlen\u00e9 ekonomiky a eliminaci negativn\u00edch dopad\u016f hromadn\u00e9ho turismu na \u017eivotn\u00ed prost\u0159ed\u00ed a lok\u00e1ln\u00ed komunity. Platforma Campiri je ur\u010dena v\u0161em, kter\u00e9 bav\u00ed nez\u00e1visl\u00e9 cestov\u00e1n\u00ed, ale nap\u0159\u00edklad i pro majitele voz\u016f, kte\u0159\u00ed d\u00edky n\u00ed mohou sv\u016fj nevyu\u017eit\u00fd karavan jednodu\u0161e nab\u00eddnout k pron\u00e1jmu a vyd\u011blat pen\u00edze.\u00a0<a href=\"http:\/\/www.campiri.cz\/\" target=\"_blank\" rel=\"noreferrer noopener\">www.campiri.cz<\/a><\/p>\n","protected":false},"excerpt":{"rendered":"<p>O pr\u00e1zdnin\u00e1ch si Campiri vyzkou\u0161elo pronaj\u00edmat obytn\u00e1 auta z\u00a0p\u016fj\u010doven, ale na sklonku hlavn\u00ed sez\u00f3ny p\u0159ich\u00e1z\u00ed s\u00a0unik\u00e1tn\u00ed slu\u017ebou \u2013 pron\u00e1jem obytn\u00fdch voz\u016f soukrom\u00fdch majitel\u016f, kter\u00fd by maxim\u00e1ln\u011b chr\u00e1nil ob\u011b strany v\u00a0p\u0159\u00edpad\u011b po\u0161kozen\u00ed. Jde o unik\u00e1tn\u00ed slu\u017ebu. P\u0159irovnala bych to k\u00a0Airbn\u2019b pro obytn\u00e9 vozy. Na platform\u011b Campiri m\u016f\u017eete nab\u00eddnout sv\u016fj obytn\u00fd v\u016fz k\u00a0zap\u016fj\u010den\u00ed ostatn\u00edm z\u00e1jemc\u016fm. Jde otakzvan\u00e9 [&hellip;]<\/p>\n","protected":false},"author":4,"featured_media":137250,"comment_status":"closed","ping_status":"open","sticky":false,"template":"","format":"standard","meta":{"_monsterinsights_skip_tracking":false,"_monsterinsights_sitenote_active":false,"_monsterinsights_sitenote_note":"","_monsterinsights_sitenote_category":0,"footnotes":""},"categories":[11194,422,8209],"tags":[226,8122],"class_list":{"0":"post-137240","1":"post","2":"type-post","3":"status-publish","4":"format-standard","5":"has-post-thumbnail","7":"category-karavaning","8":"category-novinky-kempovani-a-karavaning","9":"category-rady-tipy-informace","10":"tag-rady-a-tipy","11":"tag-karavaning"},"yoast_head":"<!-- This site is optimized with the Yoast SEO plugin v27.5 - https:\/\/yoast.com\/product\/yoast-seo-wordpress\/ -->\n<title>Nechte vyd\u011bl\u00e1vat karavan, kdy\u017e s n\u00edm necestujete, z\u00edsk\u00e1te unik\u00e1tn\u00ed poji\u0161t\u011bn\u00ed - All4Camper<\/title>\n<meta name=\"description\" content=\"Na platform\u011b Campiri m\u016f\u017eete nab\u00eddnout sv\u016fj obytn\u00fd v\u016fz k\u00a0zap\u016fj\u010den\u00ed ostatn\u00edm z\u00e1jemc\u016fm. Jde otakzvan\u00e9 peer-to-peer p\u016fj\u010dov\u00e1n\u00ed, tedy p\u016fj\u010dov\u00e1n\u00ed vozu mezi klienty.\" \/>\n<meta name=\"robots\" content=\"index, follow, max-snippet:-1, max-image-preview:large, max-video-preview:-1\" \/>\n<link rel=\"canonical\" href=\"https:\/\/all4camper.com\/cs\/nechte-vydelavat-karavan-kdyz-s-nim-necestujete-ziskate-unikatni-pojisteni\/\" \/>\n<meta property=\"og:locale\" content=\"cs_CZ\" \/>\n<meta property=\"og:type\" content=\"article\" \/>\n<meta property=\"og:title\" content=\"Nechte vyd\u011bl\u00e1vat karavan, kdy\u017e s n\u00edm necestujete, z\u00edsk\u00e1te unik\u00e1tn\u00ed poji\u0161t\u011bn\u00ed - All4Camper\" \/>\n<meta property=\"og:description\" content=\"Na platform\u011b Campiri m\u016f\u017eete nab\u00eddnout sv\u016fj obytn\u00fd v\u016fz k\u00a0zap\u016fj\u010den\u00ed ostatn\u00edm z\u00e1jemc\u016fm. Jde otakzvan\u00e9 peer-to-peer p\u016fj\u010dov\u00e1n\u00ed, tedy p\u016fj\u010dov\u00e1n\u00ed vozu mezi klienty.\" \/>\n<meta property=\"og:url\" content=\"https:\/\/all4camper.com\/cs\/nechte-vydelavat-karavan-kdyz-s-nim-necestujete-ziskate-unikatni-pojisteni\/\" \/>\n<meta property=\"og:site_name\" content=\"All4Camper\" \/>\n<meta property=\"article:published_time\" content=\"2021-09-30T07:16:04+00:00\" \/>\n<meta property=\"article:modified_time\" content=\"2021-09-30T07:52:30+00:00\" \/>\n<meta property=\"og:image\" content=\"https:\/\/all4camper.com\/wp-content\/uploads\/2021\/09\/Campiri_10-scaled.jpg\" \/>\n\t<meta property=\"og:image:width\" content=\"2560\" \/>\n\t<meta property=\"og:image:height\" content=\"1710\" \/>\n\t<meta property=\"og:image:type\" content=\"image\/jpeg\" \/>\n<meta name=\"author\" content=\"Kl\u00e1ra H\u00e1jkov\u00e1\" \/>\n<meta name=\"twitter:card\" content=\"summary_large_image\" \/>\n<meta name=\"twitter:label1\" content=\"Napsal(a)\" \/>\n\t<meta name=\"twitter:data1\" content=\"Kl\u00e1ra H\u00e1jkov\u00e1\" \/>\n\t<meta name=\"twitter:label2\" content=\"Odhadovan\u00e1 doba \u010dten\u00ed\" \/>\n\t<meta name=\"twitter:data2\" content=\"7 minut\" \/>\n<script type=\"application\/ld+json\" class=\"yoast-schema-graph\">{\"@context\":\"https:\\\/\\\/schema.org\",\"@graph\":[{\"@type\":\"Article\",\"@id\":\"https:\\\/\\\/all4camper.com\\\/cs\\\/nechte-vydelavat-karavan-kdyz-s-nim-necestujete-ziskate-unikatni-pojisteni\\\/#article\",\"isPartOf\":{\"@id\":\"https:\\\/\\\/all4camper.com\\\/cs\\\/nechte-vydelavat-karavan-kdyz-s-nim-necestujete-ziskate-unikatni-pojisteni\\\/\"},\"author\":{\"name\":\"Kl\u00e1ra H\u00e1jkov\u00e1\",\"@id\":\"https:\\\/\\\/all4camper.com\\\/cs\\\/#\\\/schema\\\/person\\\/c6f1efdf1d02bc7d8c53a891cbe18c62\"},\"headline\":\"Nechte vyd\u011bl\u00e1vat karavan, kdy\u017e s n\u00edm necestujete, z\u00edsk\u00e1te unik\u00e1tn\u00ed poji\u0161t\u011bn\u00ed\",\"datePublished\":\"2021-09-30T07:16:04+00:00\",\"dateModified\":\"2021-09-30T07:52:30+00:00\",\"mainEntityOfPage\":{\"@id\":\"https:\\\/\\\/all4camper.com\\\/cs\\\/nechte-vydelavat-karavan-kdyz-s-nim-necestujete-ziskate-unikatni-pojisteni\\\/\"},\"wordCount\":1750,\"publisher\":{\"@id\":\"https:\\\/\\\/all4camper.com\\\/cs\\\/#organization\"},\"image\":{\"@id\":\"https:\\\/\\\/all4camper.com\\\/cs\\\/nechte-vydelavat-karavan-kdyz-s-nim-necestujete-ziskate-unikatni-pojisteni\\\/#primaryimage\"},\"thumbnailUrl\":\"https:\\\/\\\/all4camper.com\\\/wp-content\\\/uploads\\\/2021\\\/09\\\/Campiri_10-scaled.jpg\",\"keywords\":[\"Rady-tipy-informace\",\"Ze sv\u011bta karavaningu\"],\"articleSection\":[\"Karavanink\",\"Novinky - Kempov\u00e1n\u00ed a karavaning\",\"Rady, tipy, informace\"],\"inLanguage\":\"cs\"},{\"@type\":\"WebPage\",\"@id\":\"https:\\\/\\\/all4camper.com\\\/cs\\\/nechte-vydelavat-karavan-kdyz-s-nim-necestujete-ziskate-unikatni-pojisteni\\\/\",\"url\":\"https:\\\/\\\/all4camper.com\\\/cs\\\/nechte-vydelavat-karavan-kdyz-s-nim-necestujete-ziskate-unikatni-pojisteni\\\/\",\"name\":\"Nechte vyd\u011bl\u00e1vat karavan, kdy\u017e s n\u00edm necestujete, z\u00edsk\u00e1te unik\u00e1tn\u00ed poji\u0161t\u011bn\u00ed - All4Camper\",\"isPartOf\":{\"@id\":\"https:\\\/\\\/all4camper.com\\\/cs\\\/#website\"},\"primaryImageOfPage\":{\"@id\":\"https:\\\/\\\/all4camper.com\\\/cs\\\/nechte-vydelavat-karavan-kdyz-s-nim-necestujete-ziskate-unikatni-pojisteni\\\/#primaryimage\"},\"image\":{\"@id\":\"https:\\\/\\\/all4camper.com\\\/cs\\\/nechte-vydelavat-karavan-kdyz-s-nim-necestujete-ziskate-unikatni-pojisteni\\\/#primaryimage\"},\"thumbnailUrl\":\"https:\\\/\\\/all4camper.com\\\/wp-content\\\/uploads\\\/2021\\\/09\\\/Campiri_10-scaled.jpg\",\"datePublished\":\"2021-09-30T07:16:04+00:00\",\"dateModified\":\"2021-09-30T07:52:30+00:00\",\"description\":\"Na platform\u011b Campiri m\u016f\u017eete nab\u00eddnout sv\u016fj obytn\u00fd v\u016fz k\u00a0zap\u016fj\u010den\u00ed ostatn\u00edm z\u00e1jemc\u016fm. Jde otakzvan\u00e9 peer-to-peer p\u016fj\u010dov\u00e1n\u00ed, tedy p\u016fj\u010dov\u00e1n\u00ed vozu mezi klienty.\",\"breadcrumb\":{\"@id\":\"https:\\\/\\\/all4camper.com\\\/cs\\\/nechte-vydelavat-karavan-kdyz-s-nim-necestujete-ziskate-unikatni-pojisteni\\\/#breadcrumb\"},\"inLanguage\":\"cs\",\"potentialAction\":[{\"@type\":\"ReadAction\",\"target\":[\"https:\\\/\\\/all4camper.com\\\/cs\\\/nechte-vydelavat-karavan-kdyz-s-nim-necestujete-ziskate-unikatni-pojisteni\\\/\"]}]},{\"@type\":\"ImageObject\",\"inLanguage\":\"cs\",\"@id\":\"https:\\\/\\\/all4camper.com\\\/cs\\\/nechte-vydelavat-karavan-kdyz-s-nim-necestujete-ziskate-unikatni-pojisteni\\\/#primaryimage\",\"url\":\"https:\\\/\\\/all4camper.com\\\/wp-content\\\/uploads\\\/2021\\\/09\\\/Campiri_10-scaled.jpg\",\"contentUrl\":\"https:\\\/\\\/all4camper.com\\\/wp-content\\\/uploads\\\/2021\\\/09\\\/Campiri_10-scaled.jpg\",\"width\":2560,\"height\":1710},{\"@type\":\"BreadcrumbList\",\"@id\":\"https:\\\/\\\/all4camper.com\\\/cs\\\/nechte-vydelavat-karavan-kdyz-s-nim-necestujete-ziskate-unikatni-pojisteni\\\/#breadcrumb\",\"itemListElement\":[{\"@type\":\"ListItem\",\"position\":1,\"name\":\"Dom\u016f\",\"item\":\"https:\\\/\\\/all4camper.com\\\/cs\\\/\"},{\"@type\":\"ListItem\",\"position\":2,\"name\":\"Novinky - Kempov\u00e1n\u00ed a karavaning\",\"item\":\"https:\\\/\\\/all4camper.com\\\/cs\\\/category\\\/novinky-kempovani-a-karavaning\\\/\"},{\"@type\":\"ListItem\",\"position\":3,\"name\":\"Nechte vyd\u011bl\u00e1vat karavan, kdy\u017e s n\u00edm necestujete, z\u00edsk\u00e1te unik\u00e1tn\u00ed poji\u0161t\u011bn\u00ed\"}]},{\"@type\":\"WebSite\",\"@id\":\"https:\\\/\\\/all4camper.com\\\/cs\\\/#website\",\"url\":\"https:\\\/\\\/all4camper.com\\\/cs\\\/\",\"name\":\"All4Camper\",\"description\":\"Nejv\u011bt\u0161\u00ed online magaz\u00edn o kempov\u00e1n\u00ed a karavaninku. V\u00edce jak 900 \u010dl\u00e1nk\u016f pln\u00fdch rad a tip\u016f o kempech a kempov\u00e1n\u00ed.\",\"publisher\":{\"@id\":\"https:\\\/\\\/all4camper.com\\\/cs\\\/#organization\"},\"potentialAction\":[{\"@type\":\"SearchAction\",\"target\":{\"@type\":\"EntryPoint\",\"urlTemplate\":\"https:\\\/\\\/all4camper.com\\\/cs\\\/?s={search_term_string}\"},\"query-input\":{\"@type\":\"PropertyValueSpecification\",\"valueRequired\":true,\"valueName\":\"search_term_string\"}}],\"inLanguage\":\"cs\"},{\"@type\":\"Organization\",\"@id\":\"https:\\\/\\\/all4camper.com\\\/cs\\\/#organization\",\"name\":\"All4Camper - kempujeme s Kl\u00e1rou\",\"url\":\"https:\\\/\\\/all4camper.com\\\/cs\\\/\",\"logo\":{\"@type\":\"ImageObject\",\"inLanguage\":\"cs\",\"@id\":\"https:\\\/\\\/all4camper.com\\\/cs\\\/#\\\/schema\\\/logo\\\/image\\\/\",\"url\":\"https:\\\/\\\/all4camper.com\\\/wp-content\\\/uploads\\\/2018\\\/09\\\/novelogo.png\",\"contentUrl\":\"https:\\\/\\\/all4camper.com\\\/wp-content\\\/uploads\\\/2018\\\/09\\\/novelogo.png\",\"width\":1520,\"height\":600,\"caption\":\"All4Camper - kempujeme s Kl\u00e1rou\"},\"image\":{\"@id\":\"https:\\\/\\\/all4camper.com\\\/cs\\\/#\\\/schema\\\/logo\\\/image\\\/\"}},{\"@type\":\"Person\",\"@id\":\"https:\\\/\\\/all4camper.com\\\/cs\\\/#\\\/schema\\\/person\\\/c6f1efdf1d02bc7d8c53a891cbe18c62\",\"name\":\"Kl\u00e1ra H\u00e1jkov\u00e1\",\"sameAs\":[\"http:\\\/\\\/www.all4camper.com\"],\"url\":\"https:\\\/\\\/all4camper.com\\\/cs\\\/author\\\/klarinkacestuje1\\\/\"}]}<\/script>\n<!-- \/ Yoast SEO plugin. -->","yoast_head_json":{"title":"Nechte vyd\u011bl\u00e1vat karavan, kdy\u017e s n\u00edm necestujete, z\u00edsk\u00e1te unik\u00e1tn\u00ed poji\u0161t\u011bn\u00ed - All4Camper","description":"Na platform\u011b Campiri m\u016f\u017eete nab\u00eddnout sv\u016fj obytn\u00fd v\u016fz k\u00a0zap\u016fj\u010den\u00ed ostatn\u00edm z\u00e1jemc\u016fm. Jde otakzvan\u00e9 peer-to-peer p\u016fj\u010dov\u00e1n\u00ed, tedy p\u016fj\u010dov\u00e1n\u00ed vozu mezi klienty.","robots":{"index":"index","follow":"follow","max-snippet":"max-snippet:-1","max-image-preview":"max-image-preview:large","max-video-preview":"max-video-preview:-1"},"canonical":"https:\/\/all4camper.com\/cs\/nechte-vydelavat-karavan-kdyz-s-nim-necestujete-ziskate-unikatni-pojisteni\/","og_locale":"cs_CZ","og_type":"article","og_title":"Nechte vyd\u011bl\u00e1vat karavan, kdy\u017e s n\u00edm necestujete, z\u00edsk\u00e1te unik\u00e1tn\u00ed poji\u0161t\u011bn\u00ed - All4Camper","og_description":"Na platform\u011b Campiri m\u016f\u017eete nab\u00eddnout sv\u016fj obytn\u00fd v\u016fz k\u00a0zap\u016fj\u010den\u00ed ostatn\u00edm z\u00e1jemc\u016fm. Jde otakzvan\u00e9 peer-to-peer p\u016fj\u010dov\u00e1n\u00ed, tedy p\u016fj\u010dov\u00e1n\u00ed vozu mezi klienty.","og_url":"https:\/\/all4camper.com\/cs\/nechte-vydelavat-karavan-kdyz-s-nim-necestujete-ziskate-unikatni-pojisteni\/","og_site_name":"All4Camper","article_published_time":"2021-09-30T07:16:04+00:00","article_modified_time":"2021-09-30T07:52:30+00:00","og_image":[{"width":2560,"height":1710,"url":"https:\/\/all4camper.com\/wp-content\/uploads\/2021\/09\/Campiri_10-scaled.jpg","type":"image\/jpeg"}],"author":"Kl\u00e1ra H\u00e1jkov\u00e1","twitter_card":"summary_large_image","twitter_misc":{"Napsal(a)":"Kl\u00e1ra H\u00e1jkov\u00e1","Odhadovan\u00e1 doba \u010dten\u00ed":"7 minut"},"schema":{"@context":"https:\/\/schema.org","@graph":[{"@type":"Article","@id":"https:\/\/all4camper.com\/cs\/nechte-vydelavat-karavan-kdyz-s-nim-necestujete-ziskate-unikatni-pojisteni\/#article","isPartOf":{"@id":"https:\/\/all4camper.com\/cs\/nechte-vydelavat-karavan-kdyz-s-nim-necestujete-ziskate-unikatni-pojisteni\/"},"author":{"name":"Kl\u00e1ra H\u00e1jkov\u00e1","@id":"https:\/\/all4camper.com\/cs\/#\/schema\/person\/c6f1efdf1d02bc7d8c53a891cbe18c62"},"headline":"Nechte vyd\u011bl\u00e1vat karavan, kdy\u017e s n\u00edm necestujete, z\u00edsk\u00e1te unik\u00e1tn\u00ed poji\u0161t\u011bn\u00ed","datePublished":"2021-09-30T07:16:04+00:00","dateModified":"2021-09-30T07:52:30+00:00","mainEntityOfPage":{"@id":"https:\/\/all4camper.com\/cs\/nechte-vydelavat-karavan-kdyz-s-nim-necestujete-ziskate-unikatni-pojisteni\/"},"wordCount":1750,"publisher":{"@id":"https:\/\/all4camper.com\/cs\/#organization"},"image":{"@id":"https:\/\/all4camper.com\/cs\/nechte-vydelavat-karavan-kdyz-s-nim-necestujete-ziskate-unikatni-pojisteni\/#primaryimage"},"thumbnailUrl":"https:\/\/all4camper.com\/wp-content\/uploads\/2021\/09\/Campiri_10-scaled.jpg","keywords":["Rady-tipy-informace","Ze sv\u011bta karavaningu"],"articleSection":["Karavanink","Novinky - Kempov\u00e1n\u00ed a karavaning","Rady, tipy, informace"],"inLanguage":"cs"},{"@type":"WebPage","@id":"https:\/\/all4camper.com\/cs\/nechte-vydelavat-karavan-kdyz-s-nim-necestujete-ziskate-unikatni-pojisteni\/","url":"https:\/\/all4camper.com\/cs\/nechte-vydelavat-karavan-kdyz-s-nim-necestujete-ziskate-unikatni-pojisteni\/","name":"Nechte vyd\u011bl\u00e1vat karavan, kdy\u017e s n\u00edm necestujete, z\u00edsk\u00e1te unik\u00e1tn\u00ed poji\u0161t\u011bn\u00ed - All4Camper","isPartOf":{"@id":"https:\/\/all4camper.com\/cs\/#website"},"primaryImageOfPage":{"@id":"https:\/\/all4camper.com\/cs\/nechte-vydelavat-karavan-kdyz-s-nim-necestujete-ziskate-unikatni-pojisteni\/#primaryimage"},"image":{"@id":"https:\/\/all4camper.com\/cs\/nechte-vydelavat-karavan-kdyz-s-nim-necestujete-ziskate-unikatni-pojisteni\/#primaryimage"},"thumbnailUrl":"https:\/\/all4camper.com\/wp-content\/uploads\/2021\/09\/Campiri_10-scaled.jpg","datePublished":"2021-09-30T07:16:04+00:00","dateModified":"2021-09-30T07:52:30+00:00","description":"Na platform\u011b Campiri m\u016f\u017eete nab\u00eddnout sv\u016fj obytn\u00fd v\u016fz k\u00a0zap\u016fj\u010den\u00ed ostatn\u00edm z\u00e1jemc\u016fm. Jde otakzvan\u00e9 peer-to-peer p\u016fj\u010dov\u00e1n\u00ed, tedy p\u016fj\u010dov\u00e1n\u00ed vozu mezi klienty.","breadcrumb":{"@id":"https:\/\/all4camper.com\/cs\/nechte-vydelavat-karavan-kdyz-s-nim-necestujete-ziskate-unikatni-pojisteni\/#breadcrumb"},"inLanguage":"cs","potentialAction":[{"@type":"ReadAction","target":["https:\/\/all4camper.com\/cs\/nechte-vydelavat-karavan-kdyz-s-nim-necestujete-ziskate-unikatni-pojisteni\/"]}]},{"@type":"ImageObject","inLanguage":"cs","@id":"https:\/\/all4camper.com\/cs\/nechte-vydelavat-karavan-kdyz-s-nim-necestujete-ziskate-unikatni-pojisteni\/#primaryimage","url":"https:\/\/all4camper.com\/wp-content\/uploads\/2021\/09\/Campiri_10-scaled.jpg","contentUrl":"https:\/\/all4camper.com\/wp-content\/uploads\/2021\/09\/Campiri_10-scaled.jpg","width":2560,"height":1710},{"@type":"BreadcrumbList","@id":"https:\/\/all4camper.com\/cs\/nechte-vydelavat-karavan-kdyz-s-nim-necestujete-ziskate-unikatni-pojisteni\/#breadcrumb","itemListElement":[{"@type":"ListItem","position":1,"name":"Dom\u016f","item":"https:\/\/all4camper.com\/cs\/"},{"@type":"ListItem","position":2,"name":"Novinky - Kempov\u00e1n\u00ed a karavaning","item":"https:\/\/all4camper.com\/cs\/category\/novinky-kempovani-a-karavaning\/"},{"@type":"ListItem","position":3,"name":"Nechte vyd\u011bl\u00e1vat karavan, kdy\u017e s n\u00edm necestujete, z\u00edsk\u00e1te unik\u00e1tn\u00ed poji\u0161t\u011bn\u00ed"}]},{"@type":"WebSite","@id":"https:\/\/all4camper.com\/cs\/#website","url":"https:\/\/all4camper.com\/cs\/","name":"All4Camper","description":"Nejv\u011bt\u0161\u00ed online magaz\u00edn o kempov\u00e1n\u00ed a karavaninku. V\u00edce jak 900 \u010dl\u00e1nk\u016f pln\u00fdch rad a tip\u016f o kempech a kempov\u00e1n\u00ed.","publisher":{"@id":"https:\/\/all4camper.com\/cs\/#organization"},"potentialAction":[{"@type":"SearchAction","target":{"@type":"EntryPoint","urlTemplate":"https:\/\/all4camper.com\/cs\/?s={search_term_string}"},"query-input":{"@type":"PropertyValueSpecification","valueRequired":true,"valueName":"search_term_string"}}],"inLanguage":"cs"},{"@type":"Organization","@id":"https:\/\/all4camper.com\/cs\/#organization","name":"All4Camper - kempujeme s Kl\u00e1rou","url":"https:\/\/all4camper.com\/cs\/","logo":{"@type":"ImageObject","inLanguage":"cs","@id":"https:\/\/all4camper.com\/cs\/#\/schema\/logo\/image\/","url":"https:\/\/all4camper.com\/wp-content\/uploads\/2018\/09\/novelogo.png","contentUrl":"https:\/\/all4camper.com\/wp-content\/uploads\/2018\/09\/novelogo.png","width":1520,"height":600,"caption":"All4Camper - kempujeme s Kl\u00e1rou"},"image":{"@id":"https:\/\/all4camper.com\/cs\/#\/schema\/logo\/image\/"}},{"@type":"Person","@id":"https:\/\/all4camper.com\/cs\/#\/schema\/person\/c6f1efdf1d02bc7d8c53a891cbe18c62","name":"Kl\u00e1ra H\u00e1jkov\u00e1","sameAs":["http:\/\/www.all4camper.com"],"url":"https:\/\/all4camper.com\/cs\/author\/klarinkacestuje1\/"}]}},"_links":{"self":[{"href":"https:\/\/all4camper.com\/cs\/wp-json\/wp\/v2\/posts\/137240","targetHints":{"allow":["GET"]}}],"collection":[{"href":"https:\/\/all4camper.com\/cs\/wp-json\/wp\/v2\/posts"}],"about":[{"href":"https:\/\/all4camper.com\/cs\/wp-json\/wp\/v2\/types\/post"}],"author":[{"embeddable":true,"href":"https:\/\/all4camper.com\/cs\/wp-json\/wp\/v2\/users\/4"}],"replies":[{"embeddable":true,"href":"https:\/\/all4camper.com\/cs\/wp-json\/wp\/v2\/comments?post=137240"}],"version-history":[{"count":0,"href":"https:\/\/all4camper.com\/cs\/wp-json\/wp\/v2\/posts\/137240\/revisions"}],"wp:featuredmedia":[{"embeddable":true,"href":"https:\/\/all4camper.com\/cs\/wp-json\/wp\/v2\/media\/137250"}],"wp:attachment":[{"href":"https:\/\/all4camper.com\/cs\/wp-json\/wp\/v2\/media?parent=137240"}],"wp:term":[{"taxonomy":"category","embeddable":true,"href":"https:\/\/all4camper.com\/cs\/wp-json\/wp\/v2\/categories?post=137240"},{"taxonomy":"post_tag","embeddable":true,"href":"https:\/\/all4camper.com\/cs\/wp-json\/wp\/v2\/tags?post=137240"}],"curies":[{"name":"wp","href":"https:\/\/api.w.org\/{rel}","templated":true}]}}