{"id":137122,"date":"2021-09-29T18:45:42","date_gmt":"2021-09-29T16:45:42","guid":{"rendered":"https:\/\/all4camper.com\/\/?p=137122"},"modified":"2022-12-13T11:05:09","modified_gmt":"2022-12-13T10:05:09","slug":"kemp-lesy-vynikajici-ovci-syr-a-odpocinek-na-gruntu-jako-u-babicky-v-hanacke-vesnici","status":"publish","type":"post","link":"https:\/\/all4camper.com\/cs\/kemp-lesy-vynikajici-ovci-syr-a-odpocinek-na-gruntu-jako-u-babicky-v-hanacke-vesnici\/","title":{"rendered":"Kemp, lesy, vynikaj\u00edc\u00ed ov\u010d\u00ed s\u00fdr a odpo\u010dinek na gruntu jako u babi\u010dky v han\u00e1ck\u00e9 vesnici"},"content":{"rendered":"\n<p><strong>P\u0159em\u00fd\u0161l\u00edte, \u017ee v r\u00e1mci va\u0161ich cest karavanem po \u010cesku zav\u00edt\u00e1te i do Olomouck\u00e9ho kraje? Tak \u010dtete, proto\u017ee dnes v\u00e1m p\u0159in\u00e1\u0161\u00edm jeden tip na par\u00e1dn\u00ed celoro\u010dn\u00ed kemp a k tomu je\u0161t\u011b p\u0159id\u00e1m dal\u0161\u00ed dva na origin\u00e1ln\u00ed z\u00e1\u017eitky v jeho okol\u00ed. A \u017ee je na co se t\u011b\u0161it! V\u00edtejte v Olomouck\u00e9m kraji.<\/strong><\/p>\n\n\n\n<figure class=\"wp-block-image size-full is-resized\"><img loading=\"lazy\" decoding=\"async\" src=\"https:\/\/all4camper.com\/\/wp-content\/uploads\/2021\/09\/ok-jeseniky-turisti.jpeg\" alt=\"\" class=\"wp-image-137123\" width=\"695\" height=\"465\" srcset=\"https:\/\/all4camper.com\/wp-content\/uploads\/2021\/09\/ok-jeseniky-turisti.jpeg 970w, https:\/\/all4camper.com\/wp-content\/uploads\/2021\/09\/ok-jeseniky-turisti-300x201.jpeg 300w, https:\/\/all4camper.com\/wp-content\/uploads\/2021\/09\/ok-jeseniky-turisti-150x101.jpeg 150w, https:\/\/all4camper.com\/wp-content\/uploads\/2021\/09\/ok-jeseniky-turisti-768x515.jpeg 768w, https:\/\/all4camper.com\/wp-content\/uploads\/2021\/09\/ok-jeseniky-turisti-696x466.jpeg 696w\" sizes=\"auto, (max-width: 695px) 100vw, 695px\" \/><figcaption class=\"wp-element-caption\">\u00a9 m-ARK<\/figcaption><\/figure>\n\n\n\n<h2 class=\"wp-block-heading\">Celoro\u010dn\u00ed kemp v Moravsk\u00e9m krasu<\/h2>\n\n\n\n<p><a href=\"http:\/\/www.baldovec.cz\/cz\" target=\"_blank\" rel=\"noreferrer noopener\">Kemp Baldovec<\/a> se m\u016f\u017ee py\u0161nit svou perfektn\u00ed polohou. Le\u017e\u00ed toti\u017e v malebn\u00e9m \u00fadol\u00ed B\u00edl\u00e9 vody a je obklopen lesy. D\u00edky tomu je v n\u011bm opravdov\u00fd klid. Samoz\u0159ejm\u011b mimo hlavn\u00ed sez\u00f3nu, nebo\u0165 v tu b\u00fdv\u00e1 v\u00edce obsazen kempa\u0159i a karavanisty. Pokud tedy hled\u00e1te sp\u00ed\u0161e klidn\u011bj\u0161\u00ed kempov\u00e1n\u00ed, kdy ve\u010der usly\u0161\u00edte zvuky lesa a r\u00e1no v\u00e1s probud\u00ed kv\u00e1k\u00e1n\u00ed \u017eab, pak doporu\u010duji jej nav\u0161t\u00edvit od z\u00e1\u0159\u00ed do kv\u011btna.<\/p>\n\n\n\n<figure class=\"wp-block-image size-large is-resized\"><img loading=\"lazy\" decoding=\"async\" src=\"https:\/\/all4camper.com\/\/wp-content\/uploads\/2021\/09\/IMG_4817-1440x1080.jpeg\" alt=\"\" class=\"wp-image-137169\" width=\"696\" height=\"522\" srcset=\"https:\/\/all4camper.com\/wp-content\/uploads\/2021\/09\/IMG_4817-1440x1080.jpeg 1440w, https:\/\/all4camper.com\/wp-content\/uploads\/2021\/09\/IMG_4817-300x225.jpeg 300w, https:\/\/all4camper.com\/wp-content\/uploads\/2021\/09\/IMG_4817-150x113.jpeg 150w, https:\/\/all4camper.com\/wp-content\/uploads\/2021\/09\/IMG_4817-768x576.jpeg 768w, https:\/\/all4camper.com\/wp-content\/uploads\/2021\/09\/IMG_4817-1536x1152.jpeg 1536w, https:\/\/all4camper.com\/wp-content\/uploads\/2021\/09\/IMG_4817-2048x1536.jpeg 2048w, https:\/\/all4camper.com\/wp-content\/uploads\/2021\/09\/IMG_4817-696x522.jpeg 696w, https:\/\/all4camper.com\/wp-content\/uploads\/2021\/09\/IMG_4817-1068x801.jpeg 1068w, https:\/\/all4camper.com\/wp-content\/uploads\/2021\/09\/IMG_4817-1920x1440.jpeg 1920w\" sizes=\"auto, (max-width: 696px) 100vw, 696px\" \/><\/figure>\n\n\n\n<p>Av\u0161ak ne jen lesy a klid nab\u00edz\u00ed tento kemp. M\u00e1te-li r\u00e1di saunov\u00e1n\u00ed, relax ve v\u00ed\u0159ivce \u010di pobyt v soln\u00e9 jeskyni? Pak doporu\u010duji vyu\u017e\u00edt tamn\u00ed wellness. Jeho kapacita je maxim\u00e1ln\u011b 6 osob, co\u017e v\u00e1m zajist\u00ed ten spr\u00e1vn\u00fd z\u00e1\u017eitek. A \u017ee to rozhodn\u011b stoj\u00ed za to. Detailn\u00ed info o wellness najdete <a href=\"http:\/\/www.baldovec.cz\/cz\/wellness\" target=\"_blank\" rel=\"noreferrer noopener nofollow\">tady<\/a>.<\/p>\n\n\n\n<figure class=\"wp-block-gallery has-nested-images columns-default is-cropped wp-block-gallery-1 is-layout-flex wp-block-gallery-is-layout-flex\">\n<figure class=\"wp-block-image size-large\"><img loading=\"lazy\" decoding=\"async\" width=\"1440\" height=\"1080\" data-id=\"137130\" src=\"https:\/\/all4camper.com\/\/wp-content\/uploads\/2021\/09\/kemp-baldovec3-1440x1080.jpeg\" alt=\"\" class=\"wp-image-137130\" srcset=\"https:\/\/all4camper.com\/wp-content\/uploads\/2021\/09\/kemp-baldovec3-1440x1080.jpeg 1440w, https:\/\/all4camper.com\/wp-content\/uploads\/2021\/09\/kemp-baldovec3-300x225.jpeg 300w, https:\/\/all4camper.com\/wp-content\/uploads\/2021\/09\/kemp-baldovec3-150x113.jpeg 150w, https:\/\/all4camper.com\/wp-content\/uploads\/2021\/09\/kemp-baldovec3-768x576.jpeg 768w, https:\/\/all4camper.com\/wp-content\/uploads\/2021\/09\/kemp-baldovec3-1536x1152.jpeg 1536w, https:\/\/all4camper.com\/wp-content\/uploads\/2021\/09\/kemp-baldovec3-2048x1536.jpeg 2048w, https:\/\/all4camper.com\/wp-content\/uploads\/2021\/09\/kemp-baldovec3-696x522.jpeg 696w, https:\/\/all4camper.com\/wp-content\/uploads\/2021\/09\/kemp-baldovec3-1068x801.jpeg 1068w, https:\/\/all4camper.com\/wp-content\/uploads\/2021\/09\/kemp-baldovec3-1920x1440.jpeg 1920w\" sizes=\"auto, (max-width: 1440px) 100vw, 1440px\" \/><\/figure>\n\n\n\n<figure class=\"wp-block-image size-large\"><img loading=\"lazy\" decoding=\"async\" width=\"1440\" height=\"1080\" data-id=\"137133\" src=\"https:\/\/all4camper.com\/\/wp-content\/uploads\/2021\/09\/kemp-Baldovec2-1440x1080.jpeg\" alt=\"\" class=\"wp-image-137133\" srcset=\"https:\/\/all4camper.com\/wp-content\/uploads\/2021\/09\/kemp-Baldovec2-1440x1080.jpeg 1440w, https:\/\/all4camper.com\/wp-content\/uploads\/2021\/09\/kemp-Baldovec2-300x225.jpeg 300w, https:\/\/all4camper.com\/wp-content\/uploads\/2021\/09\/kemp-Baldovec2-150x113.jpeg 150w, https:\/\/all4camper.com\/wp-content\/uploads\/2021\/09\/kemp-Baldovec2-768x576.jpeg 768w, https:\/\/all4camper.com\/wp-content\/uploads\/2021\/09\/kemp-Baldovec2-1536x1152.jpeg 1536w, https:\/\/all4camper.com\/wp-content\/uploads\/2021\/09\/kemp-Baldovec2-2048x1536.jpeg 2048w, https:\/\/all4camper.com\/wp-content\/uploads\/2021\/09\/kemp-Baldovec2-696x522.jpeg 696w, https:\/\/all4camper.com\/wp-content\/uploads\/2021\/09\/kemp-Baldovec2-1068x801.jpeg 1068w, https:\/\/all4camper.com\/wp-content\/uploads\/2021\/09\/kemp-Baldovec2-1920x1440.jpeg 1920w\" sizes=\"auto, (max-width: 1440px) 100vw, 1440px\" \/><\/figure>\n<\/figure>\n\n\n\n<p>Relax m\u00e1te za sebou a va\u0161e d\u011bti se nud\u00ed, hledaj\u00ed z\u00e1bavu a vy m\u00e1te chu\u0165 na trochu sportovn\u00edch aktivit? Pak m\u00e1m pro v\u00e1s dobrou zpr\u00e1vu. <strong>Krom\u011b mo\u017enosti se v letn\u00edch m\u011bs\u00edc\u00edch vykoupat v men\u0161\u00edm baz\u00e9nu si m\u016f\u017eete vyzkou\u0161et lezen\u00ed na horolezeck\u00e9 st\u011bn\u011b, prot\u00e1hnout t\u011blo v lanov\u00e9m parku, sv\u00e9zt se lanovkou ve v\u00fd\u0161ce 16 metr\u016f nebo uspo\u0159\u00e1dat rodinn\u00fd turnaj na jednom z n\u011bkolika sportovn\u00edch h\u0159i\u0161\u0165.<\/strong><\/p>\n\n\n\n<figure class=\"wp-block-gallery has-nested-images columns-default is-cropped wp-block-gallery-2 is-layout-flex wp-block-gallery-is-layout-flex\">\n<figure class=\"wp-block-image size-large\"><img loading=\"lazy\" decoding=\"async\" width=\"1440\" height=\"1080\" data-id=\"137136\" src=\"https:\/\/all4camper.com\/\/wp-content\/uploads\/2021\/09\/IMG_4766-1440x1080.jpeg\" alt=\"\" class=\"wp-image-137136\" srcset=\"https:\/\/all4camper.com\/wp-content\/uploads\/2021\/09\/IMG_4766-1440x1080.jpeg 1440w, https:\/\/all4camper.com\/wp-content\/uploads\/2021\/09\/IMG_4766-300x225.jpeg 300w, https:\/\/all4camper.com\/wp-content\/uploads\/2021\/09\/IMG_4766-150x113.jpeg 150w, https:\/\/all4camper.com\/wp-content\/uploads\/2021\/09\/IMG_4766-768x576.jpeg 768w, https:\/\/all4camper.com\/wp-content\/uploads\/2021\/09\/IMG_4766-1536x1152.jpeg 1536w, https:\/\/all4camper.com\/wp-content\/uploads\/2021\/09\/IMG_4766-2048x1536.jpeg 2048w, https:\/\/all4camper.com\/wp-content\/uploads\/2021\/09\/IMG_4766-696x522.jpeg 696w, https:\/\/all4camper.com\/wp-content\/uploads\/2021\/09\/IMG_4766-1068x801.jpeg 1068w, https:\/\/all4camper.com\/wp-content\/uploads\/2021\/09\/IMG_4766-1920x1440.jpeg 1920w\" sizes=\"auto, (max-width: 1440px) 100vw, 1440px\" \/><\/figure>\n\n\n\n<figure class=\"wp-block-image size-large\"><img loading=\"lazy\" decoding=\"async\" width=\"1440\" height=\"1080\" data-id=\"137143\" src=\"https:\/\/all4camper.com\/\/wp-content\/uploads\/2021\/09\/IMG_4798-1440x1080.jpeg\" alt=\"\" class=\"wp-image-137143\" srcset=\"https:\/\/all4camper.com\/wp-content\/uploads\/2021\/09\/IMG_4798-1440x1080.jpeg 1440w, https:\/\/all4camper.com\/wp-content\/uploads\/2021\/09\/IMG_4798-300x225.jpeg 300w, https:\/\/all4camper.com\/wp-content\/uploads\/2021\/09\/IMG_4798-150x113.jpeg 150w, https:\/\/all4camper.com\/wp-content\/uploads\/2021\/09\/IMG_4798-768x576.jpeg 768w, https:\/\/all4camper.com\/wp-content\/uploads\/2021\/09\/IMG_4798-1536x1152.jpeg 1536w, https:\/\/all4camper.com\/wp-content\/uploads\/2021\/09\/IMG_4798-2048x1536.jpeg 2048w, https:\/\/all4camper.com\/wp-content\/uploads\/2021\/09\/IMG_4798-696x522.jpeg 696w, https:\/\/all4camper.com\/wp-content\/uploads\/2021\/09\/IMG_4798-1068x801.jpeg 1068w, https:\/\/all4camper.com\/wp-content\/uploads\/2021\/09\/IMG_4798-1920x1440.jpeg 1920w\" sizes=\"auto, (max-width: 1440px) 100vw, 1440px\" \/><\/figure>\n<\/figure>\n\n\n\n<p>A jak je to s dal\u0161\u00ed mo\u017enost\u00ed ubytov\u00e1n\u00ed, kdy\u017e nem\u00e1te karavan a nechcete stanovat? Rozhodn\u011b oce\u0148uji nab\u00eddku ubytov\u00e1n\u00ed v tamn\u00edch chatk\u00e1ch, kdy <strong>vybran\u00e9 chatky jsou i vyt\u00e1p\u011bn\u00e9. <\/strong>D\u00edky tomu m\u016f\u017eete do tohoto kempu p\u0159ijet nap\u0159\u00edklad na podzim a u\u017e\u00edvat si houba\u0159en\u00ed. Nutno dodat, \u017ee v\u0161echny chatky jsou velmi dob\u0159e vybaven\u00e9 a \u010dist\u00e9. Jejich kompletn\u00ed nab\u00eddku si zobraz\u00edte <a href=\"http:\/\/www.baldovec.cz\/cz\/nabidka-ubytovani\" target=\"_blank\" rel=\"noreferrer noopener nofollow\">tady<\/a>.<\/p>\n\n\n\n<figure class=\"wp-block-gallery has-nested-images columns-default is-cropped wp-block-gallery-3 is-layout-flex wp-block-gallery-is-layout-flex\">\n<figure class=\"wp-block-image size-large\"><img loading=\"lazy\" decoding=\"async\" width=\"1440\" height=\"1080\" data-id=\"137146\" src=\"https:\/\/all4camper.com\/\/wp-content\/uploads\/2021\/09\/IMG_4808-1440x1080.jpeg\" alt=\"\" class=\"wp-image-137146\" srcset=\"https:\/\/all4camper.com\/wp-content\/uploads\/2021\/09\/IMG_4808-1440x1080.jpeg 1440w, https:\/\/all4camper.com\/wp-content\/uploads\/2021\/09\/IMG_4808-300x225.jpeg 300w, https:\/\/all4camper.com\/wp-content\/uploads\/2021\/09\/IMG_4808-150x113.jpeg 150w, https:\/\/all4camper.com\/wp-content\/uploads\/2021\/09\/IMG_4808-768x576.jpeg 768w, https:\/\/all4camper.com\/wp-content\/uploads\/2021\/09\/IMG_4808-1536x1152.jpeg 1536w, https:\/\/all4camper.com\/wp-content\/uploads\/2021\/09\/IMG_4808-2048x1536.jpeg 2048w, https:\/\/all4camper.com\/wp-content\/uploads\/2021\/09\/IMG_4808-696x522.jpeg 696w, https:\/\/all4camper.com\/wp-content\/uploads\/2021\/09\/IMG_4808-1068x801.jpeg 1068w, https:\/\/all4camper.com\/wp-content\/uploads\/2021\/09\/IMG_4808-1920x1440.jpeg 1920w\" sizes=\"auto, (max-width: 1440px) 100vw, 1440px\" \/><\/figure>\n\n\n\n<figure class=\"wp-block-image size-large\"><img loading=\"lazy\" decoding=\"async\" width=\"1440\" height=\"1080\" data-id=\"137155\" src=\"https:\/\/all4camper.com\/\/wp-content\/uploads\/2021\/09\/IMG_4807-1440x1080.jpeg\" alt=\"kemp baldovec\" class=\"wp-image-137155\" srcset=\"https:\/\/all4camper.com\/wp-content\/uploads\/2021\/09\/IMG_4807-1440x1080.jpeg 1440w, https:\/\/all4camper.com\/wp-content\/uploads\/2021\/09\/IMG_4807-300x225.jpeg 300w, https:\/\/all4camper.com\/wp-content\/uploads\/2021\/09\/IMG_4807-150x113.jpeg 150w, https:\/\/all4camper.com\/wp-content\/uploads\/2021\/09\/IMG_4807-768x576.jpeg 768w, https:\/\/all4camper.com\/wp-content\/uploads\/2021\/09\/IMG_4807-1536x1152.jpeg 1536w, https:\/\/all4camper.com\/wp-content\/uploads\/2021\/09\/IMG_4807-2048x1536.jpeg 2048w, https:\/\/all4camper.com\/wp-content\/uploads\/2021\/09\/IMG_4807-696x522.jpeg 696w, https:\/\/all4camper.com\/wp-content\/uploads\/2021\/09\/IMG_4807-1068x801.jpeg 1068w, https:\/\/all4camper.com\/wp-content\/uploads\/2021\/09\/IMG_4807-1920x1440.jpeg 1920w\" sizes=\"auto, (max-width: 1440px) 100vw, 1440px\" \/><\/figure>\n<\/figure>\n\n\n\n<h3 class=\"wp-block-heading\">Kempovac\u00ed louka<\/h3>\n\n\n\n<p>Kempovac\u00ed louka je udr\u017eovan\u00e1 a nach\u00e1z\u00ed se v zadn\u00ed \u010d\u00e1sti kempu. Je rozd\u011blena na tu, kter\u00e1 m\u00e1 parcely, d\u00edky \u010demu\u017e budete m\u00edt zaji\u0161t\u011bn\u00fd sv\u016fj prostor a elektrickou p\u0159\u00edpojku v dosahu a na klasickou louku bez parcel. Parcely je samoz\u0159ejm\u011b mo\u017en\u00e9 rezervovat, jen upozor\u0148uji, \u017ee n\u011bkter\u00e9 nejsou vhodn\u00e9 pro obytn\u00e9 vozy d\u00edky velk\u00e9mu n\u00e1klonu parcely. Ne\u017e si tedy budete vyb\u00edrat \u010d\u00edslo parcely, ujist\u011bte se na recepci, \u017ee s t\u00edm nebudete m\u00edt probl\u00e9m. Soci\u00e1lky a sprchy jsou perfektn\u011b udr\u017eovan\u00e9 a \u010dist\u00e9, stejn\u011b tak um\u00fdv\u00e1rna n\u00e1dob\u00ed. Tak\u00e9 upozor\u0148uji, \u017ee pokud se rozhodnete kempovat na voln\u00e9 plo\u0161e, nen\u00ed zde mo\u017en\u00e9 postavit p\u0159edstan \u010di vyt\u00e1hnout mark\u00fdzu. Pro\u010d tomu tak je, netu\u0161\u00edm. Dal\u0161\u00ed informace o kempu najdete na <a href=\"http:\/\/www.baldovec.cz\/cz\" target=\"_blank\" rel=\"noreferrer noopener nofollow\">baldovec.cz<\/a><\/p>\n\n\n\n<figure class=\"wp-block-image size-large\"><img loading=\"lazy\" decoding=\"async\" width=\"1440\" height=\"1080\" src=\"https:\/\/all4camper.com\/\/wp-content\/uploads\/2021\/09\/IMG_4804-1440x1080.jpeg\" alt=\"\" class=\"wp-image-137166\" srcset=\"https:\/\/all4camper.com\/wp-content\/uploads\/2021\/09\/IMG_4804-1440x1080.jpeg 1440w, https:\/\/all4camper.com\/wp-content\/uploads\/2021\/09\/IMG_4804-300x225.jpeg 300w, https:\/\/all4camper.com\/wp-content\/uploads\/2021\/09\/IMG_4804-150x113.jpeg 150w, https:\/\/all4camper.com\/wp-content\/uploads\/2021\/09\/IMG_4804-768x576.jpeg 768w, https:\/\/all4camper.com\/wp-content\/uploads\/2021\/09\/IMG_4804-1536x1152.jpeg 1536w, https:\/\/all4camper.com\/wp-content\/uploads\/2021\/09\/IMG_4804-2048x1536.jpeg 2048w, https:\/\/all4camper.com\/wp-content\/uploads\/2021\/09\/IMG_4804-696x522.jpeg 696w, https:\/\/all4camper.com\/wp-content\/uploads\/2021\/09\/IMG_4804-1068x801.jpeg 1068w, https:\/\/all4camper.com\/wp-content\/uploads\/2021\/09\/IMG_4804-1920x1440.jpeg 1920w\" sizes=\"auto, (max-width: 1440px) 100vw, 1440px\" \/><\/figure>\n\n\n\n<h3 class=\"wp-block-heading\">A co je TOP tohoto kempu?<\/h3>\n\n\n\n<p>TOP je rozhodn\u011b kuchyn\u011b. A to opravdu. Tamn\u00ed \u0161\u00e9fkucha\u0159 je znalec, v\u0161ak tak\u00e9 va\u0159il v mnoha zn\u00e1m\u00fdch \u010desk\u00fdch restaurac\u00edch, tak\u017ee jeho kulin\u00e1\u0159sk\u00e9 um\u011bn\u00ed v\u00e1s doslova posad\u00ed na zadek. <strong>P\u0159izn\u00e1m se, \u017ee u\u017e dlouho jsem nejedla nejen tak perfektn\u011b dochucen\u00e9 j\u00eddlo, ale i perfektn\u011b p\u0159ipraven\u00e9 maso a dezerty.<\/strong> Jestli tedy n\u011bco v tomto kempu nesm\u00edte vynechat, tak je to ob\u011bd \u010di ve\u010de\u0159e. <\/p>\n\n\n\n<figure class=\"wp-block-gallery has-nested-images columns-2 is-cropped wp-block-gallery-4 is-layout-flex wp-block-gallery-is-layout-flex\">\n<figure class=\"wp-block-image size-large\"><img loading=\"lazy\" decoding=\"async\" width=\"1440\" height=\"1080\" data-id=\"137181\" src=\"https:\/\/all4camper.com\/\/wp-content\/uploads\/2021\/09\/IMG_4786-1440x1080.jpeg\" alt=\"\" class=\"wp-image-137181\" srcset=\"https:\/\/all4camper.com\/wp-content\/uploads\/2021\/09\/IMG_4786-1440x1080.jpeg 1440w, https:\/\/all4camper.com\/wp-content\/uploads\/2021\/09\/IMG_4786-300x225.jpeg 300w, https:\/\/all4camper.com\/wp-content\/uploads\/2021\/09\/IMG_4786-150x113.jpeg 150w, https:\/\/all4camper.com\/wp-content\/uploads\/2021\/09\/IMG_4786-768x576.jpeg 768w, https:\/\/all4camper.com\/wp-content\/uploads\/2021\/09\/IMG_4786-1536x1152.jpeg 1536w, https:\/\/all4camper.com\/wp-content\/uploads\/2021\/09\/IMG_4786-2048x1536.jpeg 2048w, https:\/\/all4camper.com\/wp-content\/uploads\/2021\/09\/IMG_4786-696x522.jpeg 696w, https:\/\/all4camper.com\/wp-content\/uploads\/2021\/09\/IMG_4786-1068x801.jpeg 1068w, https:\/\/all4camper.com\/wp-content\/uploads\/2021\/09\/IMG_4786-1920x1440.jpeg 1920w\" sizes=\"auto, (max-width: 1440px) 100vw, 1440px\" \/><figcaption class=\"wp-element-caption\">Dom\u00e1c\u00ed l\u00edvance<\/figcaption><\/figure>\n\n\n\n<figure class=\"wp-block-image size-large\"><img loading=\"lazy\" decoding=\"async\" width=\"1440\" height=\"1080\" data-id=\"137178\" src=\"https:\/\/all4camper.com\/\/wp-content\/uploads\/2021\/09\/IMG_4770-1440x1080.jpeg\" alt=\"\" class=\"wp-image-137178\" srcset=\"https:\/\/all4camper.com\/wp-content\/uploads\/2021\/09\/IMG_4770-1440x1080.jpeg 1440w, https:\/\/all4camper.com\/wp-content\/uploads\/2021\/09\/IMG_4770-300x225.jpeg 300w, https:\/\/all4camper.com\/wp-content\/uploads\/2021\/09\/IMG_4770-150x113.jpeg 150w, https:\/\/all4camper.com\/wp-content\/uploads\/2021\/09\/IMG_4770-768x576.jpeg 768w, https:\/\/all4camper.com\/wp-content\/uploads\/2021\/09\/IMG_4770-1536x1152.jpeg 1536w, https:\/\/all4camper.com\/wp-content\/uploads\/2021\/09\/IMG_4770-2048x1536.jpeg 2048w, https:\/\/all4camper.com\/wp-content\/uploads\/2021\/09\/IMG_4770-696x522.jpeg 696w, https:\/\/all4camper.com\/wp-content\/uploads\/2021\/09\/IMG_4770-1068x801.jpeg 1068w, https:\/\/all4camper.com\/wp-content\/uploads\/2021\/09\/IMG_4770-1920x1440.jpeg 1920w\" sizes=\"auto, (max-width: 1440px) 100vw, 1440px\" \/><figcaption class=\"wp-element-caption\">Panenka<\/figcaption><\/figure>\n<\/figure>\n\n\n\n<figure class=\"wp-block-embed is-type-video is-provider-youtube wp-block-embed-youtube wp-embed-aspect-16-9 wp-has-aspect-ratio\"><div class=\"wp-block-embed__wrapper\">\n<iframe loading=\"lazy\" title=\"Kemp Baldovec\" width=\"696\" height=\"392\" src=\"https:\/\/www.youtube.com\/embed\/jSnzFWoWhws?feature=oembed\" frameborder=\"0\" allow=\"accelerometer; autoplay; clipboard-write; encrypted-media; gyroscope; picture-in-picture\" allowfullscreen><\/iframe>\n<\/div><\/figure>\n\n\n\n<h2 class=\"wp-block-heading\">Na oF\u010d\u00ed statek do Brn\u00ed\u010dka za vynikaj\u00edc\u00edm s\u00fdrem a ove\u010dkami<\/h2>\n\n\n\n<p>N\u00e1v\u0161t\u011bva tohoto statku byla pro mne velk\u00fdm z\u00e1\u017eitkem a jsem p\u0159esv\u011bd\u010dena, \u017ee tomu bude stejn\u011b u v\u00e1s. Pan majitel, Michal Hrdli\u010dka, je farm\u00e1\u0159 du\u0161\u00ed, srdcem i t\u011blem. Pokud se rozhodnete tuto farmu nav\u0161t\u00edvit, doporu\u010duji p\u0159edem zavolat a zeptat se, zda bude p\u0159\u00edtomen. Pokud ano (co\u017e je skoro v\u017edy), velmi r\u00e1d v\u00e1s po farm\u011b provede a uk\u00e1\u017ee v\u00fdrobu s\u00fdra, ove\u010dky i polnosti v okol\u00ed. Tel: 777 577 077<\/p>\n\n\n\n<figure class=\"wp-block-image size-large\"><img loading=\"lazy\" decoding=\"async\" width=\"1440\" height=\"1080\" src=\"https:\/\/all4camper.com\/\/wp-content\/uploads\/2021\/09\/IMG_4681-1-1440x1080.jpeg\" alt=\"\" class=\"wp-image-137172\" srcset=\"https:\/\/all4camper.com\/wp-content\/uploads\/2021\/09\/IMG_4681-1-1440x1080.jpeg 1440w, https:\/\/all4camper.com\/wp-content\/uploads\/2021\/09\/IMG_4681-1-300x225.jpeg 300w, https:\/\/all4camper.com\/wp-content\/uploads\/2021\/09\/IMG_4681-1-150x113.jpeg 150w, https:\/\/all4camper.com\/wp-content\/uploads\/2021\/09\/IMG_4681-1-768x576.jpeg 768w, https:\/\/all4camper.com\/wp-content\/uploads\/2021\/09\/IMG_4681-1-1536x1152.jpeg 1536w, https:\/\/all4camper.com\/wp-content\/uploads\/2021\/09\/IMG_4681-1-2048x1536.jpeg 2048w, https:\/\/all4camper.com\/wp-content\/uploads\/2021\/09\/IMG_4681-1-696x522.jpeg 696w, https:\/\/all4camper.com\/wp-content\/uploads\/2021\/09\/IMG_4681-1-1068x801.jpeg 1068w, https:\/\/all4camper.com\/wp-content\/uploads\/2021\/09\/IMG_4681-1-1920x1440.jpeg 1920w\" sizes=\"auto, (max-width: 1440px) 100vw, 1440px\" \/><\/figure>\n\n\n\n<p><strong>Mus\u00edm napsat, \u017ee pov\u00edd\u00e1n\u00ed si s n\u00edm bylo pro mne velk\u00fdm z\u00e1\u017eitkem.<\/strong> D\u00edky tomu jsem se nap\u0159\u00edklad dozv\u011bd\u011bla, \u017ee m\u00e1 r\u00e1d tvz. &#8222;slow life&#8220; (\u017eivotn\u00ed styl, kter\u00fd podporuje pomalej\u0161\u00ed p\u0159\u00edstup k aspekt\u016fm ka\u017edodenn\u00edho \u017eivota), \u017ee v\u0161e co um\u00ed a \u010demu rozum\u00ed kolem farm\u00e1\u0159stv\u00ed se nau\u010dil v zahrani\u010d\u00ed na farm\u00e1ch, kde dlouhodob\u011b p\u016fsobil (Irsko, Skotsko, Austr\u00e1lie, Amerika,&#8230;) a tak\u00e9 \u017ee je to n\u011bkdy boj. Co\u017e ale nikoho z n\u00e1s nep\u0159ekvap\u00ed. Farma\u0159ina je prost\u011b d\u0159ina a boj s byrokraci\u00ed je\u0161t\u011b v\u011bt\u0161\u00ed. P\u0159esto v\u0161e se nevzd\u00e1v\u00e1, el\u00e1nu m\u00e1 na rozd\u00e1v\u00e1n\u00ed a je\u0161t\u011b k tomu st\u00edh\u00e1 vyr\u00e1b\u011bt opravdu vynikaj\u00edc\u00ed s\u00fdr. Ten si tam nezapome\u0148te koupit, proto\u017ee TEN JE!<\/p>\n\n\n\n<figure class=\"wp-block-image size-large is-resized\"><img loading=\"lazy\" decoding=\"async\" src=\"https:\/\/all4camper.com\/\/wp-content\/uploads\/2021\/09\/IMG_4665-1-1440x1080.jpeg\" alt=\"\" class=\"wp-image-137175\" width=\"696\" height=\"522\" srcset=\"https:\/\/all4camper.com\/wp-content\/uploads\/2021\/09\/IMG_4665-1-1440x1080.jpeg 1440w, https:\/\/all4camper.com\/wp-content\/uploads\/2021\/09\/IMG_4665-1-300x225.jpeg 300w, https:\/\/all4camper.com\/wp-content\/uploads\/2021\/09\/IMG_4665-1-150x113.jpeg 150w, https:\/\/all4camper.com\/wp-content\/uploads\/2021\/09\/IMG_4665-1-768x576.jpeg 768w, https:\/\/all4camper.com\/wp-content\/uploads\/2021\/09\/IMG_4665-1-1536x1152.jpeg 1536w, https:\/\/all4camper.com\/wp-content\/uploads\/2021\/09\/IMG_4665-1-2048x1536.jpeg 2048w, https:\/\/all4camper.com\/wp-content\/uploads\/2021\/09\/IMG_4665-1-696x522.jpeg 696w, https:\/\/all4camper.com\/wp-content\/uploads\/2021\/09\/IMG_4665-1-1068x801.jpeg 1068w, https:\/\/all4camper.com\/wp-content\/uploads\/2021\/09\/IMG_4665-1-1920x1440.jpeg 1920w\" sizes=\"auto, (max-width: 696px) 100vw, 696px\" \/><\/figure>\n\n\n\n<p>Pot\u00e9, co v\u00e1s pan Hrdli\u010dka provede farmou, uk\u00e1\u017ee ovce i pejsky pom\u00e1haj\u00edc\u00ed mu na pastv\u011b, tak v\u00e1m uk\u00e1\u017ee sv\u00e9 louky, na kter\u00fdch se pasou kon\u011b a kr\u00e1vy. I ty na oF\u010d\u00ed farm\u011b Brn\u00ed\u010dko najdete (<a href=\"https:\/\/mapy.cz\/s\/cebamunuvo\" target=\"_blank\" rel=\"noreferrer noopener nofollow\">mapa<\/a>). Zaj\u00edm\u00e1te-li se v\u00edce o p\u0159\u00edrodu, nezapome\u0148te se jej zeptat na jeho dal\u0161\u00ed pl\u00e1ny, stejn\u011b na to, co v\u0161e a jak na louk\u00e1ch d\u011bl\u00e1. Dozv\u00edte se tak i zaj\u00edmav\u00e9 informace o biodiverzit\u011b, kter\u00e1 je pro n\u011bj d\u016fle\u017eit\u00e1. A jak mi s\u00e1m \u0159ekl &#8211; spr\u00e1vn\u00fd farm\u00e1\u0159 m\u00e1 pr\u00e1v\u011b tohle jako jednu z nejvy\u0161\u0161\u00edch priorit. D\u00edky tomu farma funguje tak, jak m\u00e1.<\/p>\n\n\n\n<figure class=\"wp-block-gallery has-nested-images columns-default is-cropped wp-block-gallery-5 is-layout-flex wp-block-gallery-is-layout-flex\">\n<figure class=\"wp-block-image size-large\"><img loading=\"lazy\" decoding=\"async\" width=\"1440\" height=\"1080\" data-id=\"137190\" src=\"https:\/\/all4camper.com\/\/wp-content\/uploads\/2021\/09\/IMG_4685-1440x1080.jpeg\" alt=\"\" class=\"wp-image-137190\" srcset=\"https:\/\/all4camper.com\/wp-content\/uploads\/2021\/09\/IMG_4685-1440x1080.jpeg 1440w, https:\/\/all4camper.com\/wp-content\/uploads\/2021\/09\/IMG_4685-300x225.jpeg 300w, https:\/\/all4camper.com\/wp-content\/uploads\/2021\/09\/IMG_4685-150x113.jpeg 150w, https:\/\/all4camper.com\/wp-content\/uploads\/2021\/09\/IMG_4685-768x576.jpeg 768w, https:\/\/all4camper.com\/wp-content\/uploads\/2021\/09\/IMG_4685-1536x1152.jpeg 1536w, https:\/\/all4camper.com\/wp-content\/uploads\/2021\/09\/IMG_4685-2048x1536.jpeg 2048w, https:\/\/all4camper.com\/wp-content\/uploads\/2021\/09\/IMG_4685-696x522.jpeg 696w, https:\/\/all4camper.com\/wp-content\/uploads\/2021\/09\/IMG_4685-1068x801.jpeg 1068w, https:\/\/all4camper.com\/wp-content\/uploads\/2021\/09\/IMG_4685-1920x1440.jpeg 1920w\" sizes=\"auto, (max-width: 1440px) 100vw, 1440px\" \/><\/figure>\n\n\n\n<figure class=\"wp-block-image size-large\"><img loading=\"lazy\" decoding=\"async\" width=\"1440\" height=\"1080\" data-id=\"137193\" src=\"https:\/\/all4camper.com\/\/wp-content\/uploads\/2021\/09\/IMG_4676-1440x1080.jpeg\" alt=\"\" class=\"wp-image-137193\" srcset=\"https:\/\/all4camper.com\/wp-content\/uploads\/2021\/09\/IMG_4676-1440x1080.jpeg 1440w, https:\/\/all4camper.com\/wp-content\/uploads\/2021\/09\/IMG_4676-300x225.jpeg 300w, https:\/\/all4camper.com\/wp-content\/uploads\/2021\/09\/IMG_4676-150x113.jpeg 150w, https:\/\/all4camper.com\/wp-content\/uploads\/2021\/09\/IMG_4676-768x576.jpeg 768w, https:\/\/all4camper.com\/wp-content\/uploads\/2021\/09\/IMG_4676-1536x1152.jpeg 1536w, https:\/\/all4camper.com\/wp-content\/uploads\/2021\/09\/IMG_4676-2048x1536.jpeg 2048w, https:\/\/all4camper.com\/wp-content\/uploads\/2021\/09\/IMG_4676-696x522.jpeg 696w, https:\/\/all4camper.com\/wp-content\/uploads\/2021\/09\/IMG_4676-1068x801.jpeg 1068w, https:\/\/all4camper.com\/wp-content\/uploads\/2021\/09\/IMG_4676-1920x1440.jpeg 1920w\" sizes=\"auto, (max-width: 1440px) 100vw, 1440px\" \/><\/figure>\n\n\n\n<figure class=\"wp-block-image size-large\"><img loading=\"lazy\" decoding=\"async\" width=\"1440\" height=\"1080\" data-id=\"137199\" src=\"https:\/\/all4camper.com\/\/wp-content\/uploads\/2021\/09\/IMG_4672-1440x1080.jpeg\" alt=\"\" class=\"wp-image-137199\" srcset=\"https:\/\/all4camper.com\/wp-content\/uploads\/2021\/09\/IMG_4672-1440x1080.jpeg 1440w, https:\/\/all4camper.com\/wp-content\/uploads\/2021\/09\/IMG_4672-300x225.jpeg 300w, https:\/\/all4camper.com\/wp-content\/uploads\/2021\/09\/IMG_4672-150x113.jpeg 150w, https:\/\/all4camper.com\/wp-content\/uploads\/2021\/09\/IMG_4672-768x576.jpeg 768w, https:\/\/all4camper.com\/wp-content\/uploads\/2021\/09\/IMG_4672-1536x1152.jpeg 1536w, https:\/\/all4camper.com\/wp-content\/uploads\/2021\/09\/IMG_4672-2048x1536.jpeg 2048w, https:\/\/all4camper.com\/wp-content\/uploads\/2021\/09\/IMG_4672-696x522.jpeg 696w, https:\/\/all4camper.com\/wp-content\/uploads\/2021\/09\/IMG_4672-1068x801.jpeg 1068w, https:\/\/all4camper.com\/wp-content\/uploads\/2021\/09\/IMG_4672-1920x1440.jpeg 1920w\" sizes=\"auto, (max-width: 1440px) 100vw, 1440px\" \/><\/figure>\n\n\n\n<figure class=\"wp-block-image size-large\"><img loading=\"lazy\" decoding=\"async\" width=\"1440\" height=\"1080\" data-id=\"137196\" src=\"https:\/\/all4camper.com\/\/wp-content\/uploads\/2021\/09\/IMG_4661-1440x1080.jpeg\" alt=\"\" class=\"wp-image-137196\" srcset=\"https:\/\/all4camper.com\/wp-content\/uploads\/2021\/09\/IMG_4661-1440x1080.jpeg 1440w, https:\/\/all4camper.com\/wp-content\/uploads\/2021\/09\/IMG_4661-300x225.jpeg 300w, https:\/\/all4camper.com\/wp-content\/uploads\/2021\/09\/IMG_4661-150x113.jpeg 150w, https:\/\/all4camper.com\/wp-content\/uploads\/2021\/09\/IMG_4661-768x576.jpeg 768w, https:\/\/all4camper.com\/wp-content\/uploads\/2021\/09\/IMG_4661-1536x1152.jpeg 1536w, https:\/\/all4camper.com\/wp-content\/uploads\/2021\/09\/IMG_4661-2048x1536.jpeg 2048w, https:\/\/all4camper.com\/wp-content\/uploads\/2021\/09\/IMG_4661-696x522.jpeg 696w, https:\/\/all4camper.com\/wp-content\/uploads\/2021\/09\/IMG_4661-1068x801.jpeg 1068w, https:\/\/all4camper.com\/wp-content\/uploads\/2021\/09\/IMG_4661-1920x1440.jpeg 1920w\" sizes=\"auto, (max-width: 1440px) 100vw, 1440px\" \/><\/figure>\n<\/figure>\n\n\n\n<h3 class=\"wp-block-heading\">No a co si na farm\u011b m\u016f\u017eete zakoupit za dobroty?<\/h3>\n\n\n\n<p>Samoz\u0159ejm\u011b ov\u010d\u00ed s\u00fdry t\u00e9 nejvy\u0161\u0161\u00ed kvality. J\u00e1 sama jsem je ochutnala a nad\u0161en\u011b si jich n\u011bkolik odv\u00e1\u017eela dom\u016f. V nab\u00eddce je nap\u0159\u00edklad <a href=\"https:\/\/ovcistatek.webnode.cz\/products\/cerstvy-ovci-syr-s-olivami\/\">\u010derstv\u00fd ov\u010d\u00ed s\u00fdr s olivami<\/a>, <a href=\"https:\/\/ovcistatek.webnode.cz\/products\/cerstvy-syr-s-vlasskymi-orechy\/\">\u010derstv\u00fd s\u00fdr s vla\u0161sk\u00fdmi o\u0159echy<\/a>, <a href=\"https:\/\/ovcistatek.webnode.cz\/products\/produkt-1\/\">Ov\u010d\u00ed s\u00fdr bryndza a \u010derstv\u00fd<\/a>, <a href=\"https:\/\/ovcistatek.webnode.cz\/products\/zrajici-syr\/\">zraj\u00edc\u00ed s\u00fdr<\/a> a mnoho dal\u0161\u00edch. Bohu\u017eel se nedaj\u00ed objednat p\u0159es internet. Tak\u017ee pokud je chcete ochutnat (co\u017e rozhodn\u011b doporu\u010duji), tak bu\u010f p\u0159i va\u0161\u00ed n\u00e1v\u0161t\u011bv\u011b farmy <strong>nebo na vybran\u00fdch farm\u00e1\u0159sk\u00fdch trz\u00edch. Pak hledejte jejich logo.<\/strong> P\u0159ehled, kde jejich produkty koup\u00edte, najdete <a href=\"https:\/\/ovcistatek.webnode.cz\/kde-nakoupite-nase-produkty\/\" target=\"_blank\" rel=\"noreferrer noopener nofollow\">tady<\/a>.<\/p>\n\n\n\n<figure class=\"wp-block-image size-large is-resized\"><img loading=\"lazy\" decoding=\"async\" src=\"https:\/\/all4camper.com\/\/wp-content\/uploads\/2021\/09\/brn\u00ed\u010dko-1440x1080.jpeg\" alt=\"\" class=\"wp-image-137202\" width=\"696\" height=\"522\"\/><\/figure>\n\n\n\n<p><strong>A te\u010f pozor, prozrad\u00edm mal\u00e9 tajemstv\u00ed.<\/strong> Nikde to moc ale ne\u0161i\u0159te, nebo to pan Hrdli\u010dka zatrhne (sm\u00edch). Pokud p\u0159ijedete odpoledne \u010di s ve\u010derem, nen\u00ed probl\u00e9m u n\u011bj na parkovi\u0161ti \u010di na louce kr\u00e1tce s karavanem p\u0159espat. Jen m\u011bjte na pam\u011bti, \u017ee kolem v\u00e1s r\u00e1no budou b\u011bhat ovce. Ale za tu kr\u00e1su, pohodu a klid to rozhodn\u011b stoj\u00ed. Jen se mus\u00edte s panem Hrdli\u010dkou domluvit dop\u0159edu. Nebojte se odvolat na m\u011b. U\u017eijte si to tam a p\u0159eji dobrou chu\u0165.<\/p>\n\n\n\n<figure class=\"wp-block-image size-large\"><img loading=\"lazy\" decoding=\"async\" width=\"1440\" height=\"1080\" src=\"https:\/\/all4camper.com\/\/wp-content\/uploads\/2021\/09\/IMG_4689-1440x1080.jpeg\" alt=\"\" class=\"wp-image-137205\" srcset=\"https:\/\/all4camper.com\/wp-content\/uploads\/2021\/09\/IMG_4689-1440x1080.jpeg 1440w, https:\/\/all4camper.com\/wp-content\/uploads\/2021\/09\/IMG_4689-300x225.jpeg 300w, https:\/\/all4camper.com\/wp-content\/uploads\/2021\/09\/IMG_4689-150x113.jpeg 150w, https:\/\/all4camper.com\/wp-content\/uploads\/2021\/09\/IMG_4689-768x576.jpeg 768w, https:\/\/all4camper.com\/wp-content\/uploads\/2021\/09\/IMG_4689-1536x1152.jpeg 1536w, https:\/\/all4camper.com\/wp-content\/uploads\/2021\/09\/IMG_4689-2048x1536.jpeg 2048w, https:\/\/all4camper.com\/wp-content\/uploads\/2021\/09\/IMG_4689-696x522.jpeg 696w, https:\/\/all4camper.com\/wp-content\/uploads\/2021\/09\/IMG_4689-1068x801.jpeg 1068w, https:\/\/all4camper.com\/wp-content\/uploads\/2021\/09\/IMG_4689-1920x1440.jpeg 1920w\" sizes=\"auto, (max-width: 1440px) 100vw, 1440px\" \/><\/figure>\n\n\n\n<h3 class=\"wp-block-heading\">Poznejte historii Han\u00e1cka, kde nen\u00ed probl\u00e9m si ud\u011blat piknik a str\u00e1vit kr\u00e1sn\u00fd klidn\u00fd den v p\u0159\u00edrod\u011b na gruntu jako u babi\u010dky<\/h3>\n\n\n\n<p>Pokud se chcete na chvilku ocitnout na statku a gruntu, kde na\u0161e babi\u010dky \u010di prababi\u010dky tr\u00e1vily sv\u016fj \u017eivot, pak doporu\u010duji n\u00e1v\u0161t\u011bvu <strong><a href=\"https:\/\/www.nmvp.cz\/prikazy\" target=\"_blank\" rel=\"noreferrer noopener nofollow\">Han\u00e1ck\u00e9ho muzea v p\u0159\u00edrod\u011b<\/a><\/strong>. <strong>Krom\u011b opravdu hezk\u00e9ho gruntu, po kter\u00e9m se m\u016f\u017eete pohybovat dle libosti, pozn\u00e1te i typickou han\u00e1ckou lidovou architekturu, konkr\u00e9tn\u011b z p\u0159elomu 18. a 20. stolet\u00ed. <\/strong><\/p>\n\n\n\n<figure class=\"wp-block-image size-large\"><img loading=\"lazy\" decoding=\"async\" width=\"1440\" height=\"1080\" src=\"https:\/\/all4camper.com\/\/wp-content\/uploads\/2021\/09\/IMG_4705-1440x1080.jpeg\" alt=\"\" class=\"wp-image-137209\" srcset=\"https:\/\/all4camper.com\/wp-content\/uploads\/2021\/09\/IMG_4705-1440x1080.jpeg 1440w, https:\/\/all4camper.com\/wp-content\/uploads\/2021\/09\/IMG_4705-300x225.jpeg 300w, https:\/\/all4camper.com\/wp-content\/uploads\/2021\/09\/IMG_4705-150x113.jpeg 150w, https:\/\/all4camper.com\/wp-content\/uploads\/2021\/09\/IMG_4705-768x576.jpeg 768w, https:\/\/all4camper.com\/wp-content\/uploads\/2021\/09\/IMG_4705-1536x1152.jpeg 1536w, https:\/\/all4camper.com\/wp-content\/uploads\/2021\/09\/IMG_4705-2048x1536.jpeg 2048w, https:\/\/all4camper.com\/wp-content\/uploads\/2021\/09\/IMG_4705-696x522.jpeg 696w, https:\/\/all4camper.com\/wp-content\/uploads\/2021\/09\/IMG_4705-1068x801.jpeg 1068w, https:\/\/all4camper.com\/wp-content\/uploads\/2021\/09\/IMG_4705-1920x1440.jpeg 1920w\" sizes=\"auto, (max-width: 1440px) 100vw, 1440px\" \/><\/figure>\n\n\n\n<p>Tento grunt poch\u00e1z\u00ed z roku 1876 (nicm\u00e9n\u011b jeho historie je zmapov\u00e1na a\u017e do 16. stolet\u00ed) a nutno dodat, \u017ee je velmi zachoval\u00fd. Je to i proto, \u017ee je\u0161t\u011b p\u0159ed n\u011bkolika des\u00edtkami lety v n\u011bm \u017eili majitel\u00e9 tohoto statku, konkr\u00e9tn\u011b do roku 1986, kdy statek odkoupilo Krajsk\u00e9 st\u0159edisko pam\u00e1tkov\u00e9 p\u00e9\u010de a ochrany p\u0159\u00edrody a za\u010dalo zde vytv\u00e1\u0159et muzeum. V\u00edce o historii t\u00e9to typick\u00e9 han\u00e1ck\u00e9 stavby si p\u0159e\u010dtete <a href=\"https:\/\/www.nmvp.cz\/prikazy\/o-muzeu\/stripky-z-historie-a-vzniku-muzea\" target=\"_blank\" rel=\"noreferrer noopener nofollow\">tady<\/a>&#8230; A te\u010f u\u017e poj\u010fme k zaj\u00edmavostem, co zde m\u016f\u017eete vid\u011bt a hlavn\u011b za\u017e\u00edt!<\/p>\n\n\n\n<figure class=\"wp-block-image size-large is-resized\"><img loading=\"lazy\" decoding=\"async\" src=\"https:\/\/all4camper.com\/\/wp-content\/uploads\/2021\/09\/IMG_4701-1440x1080.jpeg\" alt=\"\" class=\"wp-image-137212\" width=\"696\" height=\"522\" srcset=\"https:\/\/all4camper.com\/wp-content\/uploads\/2021\/09\/IMG_4701-1440x1080.jpeg 1440w, https:\/\/all4camper.com\/wp-content\/uploads\/2021\/09\/IMG_4701-300x225.jpeg 300w, https:\/\/all4camper.com\/wp-content\/uploads\/2021\/09\/IMG_4701-150x113.jpeg 150w, https:\/\/all4camper.com\/wp-content\/uploads\/2021\/09\/IMG_4701-768x576.jpeg 768w, https:\/\/all4camper.com\/wp-content\/uploads\/2021\/09\/IMG_4701-1536x1152.jpeg 1536w, https:\/\/all4camper.com\/wp-content\/uploads\/2021\/09\/IMG_4701-2048x1536.jpeg 2048w, https:\/\/all4camper.com\/wp-content\/uploads\/2021\/09\/IMG_4701-696x522.jpeg 696w, https:\/\/all4camper.com\/wp-content\/uploads\/2021\/09\/IMG_4701-1068x801.jpeg 1068w, https:\/\/all4camper.com\/wp-content\/uploads\/2021\/09\/IMG_4701-1920x1440.jpeg 1920w\" sizes=\"auto, (max-width: 696px) 100vw, 696px\" \/><\/figure>\n\n\n\n<p>Mn\u011b osobn\u011b se velmi l\u00edb\u00ed citlivost, s jakou je o toto muzeum pe\u010dov\u00e1no a jak je neust\u00e1le rozv\u00edjeno. <strong>Kdy\u017e se budete nap\u0159\u00edklad proch\u00e1zet po zahrad\u011b, kde si mj. m\u016f\u017eete utrhnout ze stromu cokoliv tam roste, uvid\u00edte nejen ovocn\u00e9 odr\u016fdy strom\u016f, kter\u00e9 pr\u00e1v\u011b v t\u00e9to oblasti na p\u0159elomu 19. a 20. stolet\u00ed b\u011b\u017en\u011b rostly a plodily<\/strong>, ale tak\u00e9 z\u00e1hony s kv\u011btinami \u010di zeleninou um\u00edst\u011bny tak, jak tomu kdysi bylo. V\u0161e je toti\u017e pe\u010dliv\u011b zrekonstruov\u00e1no i dle dobov\u00fdch fotografi\u00ed.<\/p>\n\n\n\n<figure class=\"wp-block-image size-large\"><img loading=\"lazy\" decoding=\"async\" width=\"1440\" height=\"1080\" src=\"https:\/\/all4camper.com\/\/wp-content\/uploads\/2021\/09\/IMG_4709-1440x1080.jpeg\" alt=\"\" class=\"wp-image-137215\" srcset=\"https:\/\/all4camper.com\/wp-content\/uploads\/2021\/09\/IMG_4709-1440x1080.jpeg 1440w, https:\/\/all4camper.com\/wp-content\/uploads\/2021\/09\/IMG_4709-300x225.jpeg 300w, https:\/\/all4camper.com\/wp-content\/uploads\/2021\/09\/IMG_4709-150x113.jpeg 150w, https:\/\/all4camper.com\/wp-content\/uploads\/2021\/09\/IMG_4709-768x576.jpeg 768w, https:\/\/all4camper.com\/wp-content\/uploads\/2021\/09\/IMG_4709-1536x1152.jpeg 1536w, https:\/\/all4camper.com\/wp-content\/uploads\/2021\/09\/IMG_4709-2048x1536.jpeg 2048w, https:\/\/all4camper.com\/wp-content\/uploads\/2021\/09\/IMG_4709-696x522.jpeg 696w, https:\/\/all4camper.com\/wp-content\/uploads\/2021\/09\/IMG_4709-1068x801.jpeg 1068w, https:\/\/all4camper.com\/wp-content\/uploads\/2021\/09\/IMG_4709-1920x1440.jpeg 1920w\" sizes=\"auto, (max-width: 1440px) 100vw, 1440px\" \/><\/figure>\n\n\n\n<p>Tak\u00e9 si v\u0161imn\u011bte, \u017ee plot, stodola i staven\u00ed je postaveno z tzv. vep\u0159ovic, tehdy hojn\u011b vyu\u017e\u00edvan\u00fdch cihel z nep\u00e1len\u00e9 hl\u00edny. Na konci gruntu spat\u0159\u00edte \u010dty\u0159i stodoly. Ka\u017ed\u00e1 z nich m\u00e1 sv\u016fj p\u0159\u00edb\u011bh a historickou hodnotu. Prvn\u00ed stodola, kterou uvid\u00edte, je \u0161paletov\u00e1, kdy jej\u00ed unik\u00e1tnost spo\u010d\u00edv\u00e1 v pod\u00e9ln\u00e9m a ne p\u0159\u00ed\u010dn\u00e9m pr\u016fjezdu, jak b\u00fdv\u00e1 zvykem.<\/p>\n\n\n\n<figure class=\"wp-block-image size-large\"><img loading=\"lazy\" decoding=\"async\" width=\"1440\" height=\"1080\" src=\"https:\/\/all4camper.com\/\/wp-content\/uploads\/2021\/09\/IMG_4717-1440x1080.jpeg\" alt=\"\" class=\"wp-image-137221\" srcset=\"https:\/\/all4camper.com\/wp-content\/uploads\/2021\/09\/IMG_4717-1440x1080.jpeg 1440w, https:\/\/all4camper.com\/wp-content\/uploads\/2021\/09\/IMG_4717-300x225.jpeg 300w, https:\/\/all4camper.com\/wp-content\/uploads\/2021\/09\/IMG_4717-150x113.jpeg 150w, https:\/\/all4camper.com\/wp-content\/uploads\/2021\/09\/IMG_4717-768x576.jpeg 768w, https:\/\/all4camper.com\/wp-content\/uploads\/2021\/09\/IMG_4717-1536x1152.jpeg 1536w, https:\/\/all4camper.com\/wp-content\/uploads\/2021\/09\/IMG_4717-2048x1536.jpeg 2048w, https:\/\/all4camper.com\/wp-content\/uploads\/2021\/09\/IMG_4717-696x522.jpeg 696w, https:\/\/all4camper.com\/wp-content\/uploads\/2021\/09\/IMG_4717-1068x801.jpeg 1068w, https:\/\/all4camper.com\/wp-content\/uploads\/2021\/09\/IMG_4717-1920x1440.jpeg 1920w\" sizes=\"auto, (max-width: 1440px) 100vw, 1440px\" \/><\/figure>\n\n\n\n<p>Dal\u0161\u00ed t\u0159i stodoly najdete za vr\u00e1tky, kter\u00e9 si m\u016f\u017eete sami otev\u0159\u00edt. V t\u00e9to \u010d\u00e1sti je um\u00edst\u011bna i velk\u00e1 vz\u00e1cnost. Stodola z rann\u00e9ho novov\u011bku, kdy d\u0159evo, ze kter\u00e9ho je postavena, je star\u0161\u00ed ne\u017e by byl dnes nap\u0159\u00edklad J.A.Komensk\u00fd. <strong>Mimochodem, je to z\u00e1rove\u0148 i nejstar\u0161\u00ed d\u0159ev\u011bn\u00e1 stavba nach\u00e1zej\u00edc\u00ed se na \u00fazem\u00ed \u010cR<\/strong>. V dob\u011b, kdy jsem v tomto muzeu byla, se tato stodola po transferu teprve stav\u011bla, nyn\u00ed by u\u017e m\u011bla b\u00fdt pln\u011b postavena.<\/p>\n\n\n\n<figure class=\"wp-block-image size-large\"><img loading=\"lazy\" decoding=\"async\" width=\"1440\" height=\"1080\" src=\"https:\/\/all4camper.com\/\/wp-content\/uploads\/2021\/09\/IMG_4713-1440x1080.jpeg\" alt=\"\" class=\"wp-image-137218\" srcset=\"https:\/\/all4camper.com\/wp-content\/uploads\/2021\/09\/IMG_4713-1440x1080.jpeg 1440w, https:\/\/all4camper.com\/wp-content\/uploads\/2021\/09\/IMG_4713-300x225.jpeg 300w, https:\/\/all4camper.com\/wp-content\/uploads\/2021\/09\/IMG_4713-150x113.jpeg 150w, https:\/\/all4camper.com\/wp-content\/uploads\/2021\/09\/IMG_4713-768x576.jpeg 768w, https:\/\/all4camper.com\/wp-content\/uploads\/2021\/09\/IMG_4713-1536x1152.jpeg 1536w, https:\/\/all4camper.com\/wp-content\/uploads\/2021\/09\/IMG_4713-2048x1536.jpeg 2048w, https:\/\/all4camper.com\/wp-content\/uploads\/2021\/09\/IMG_4713-696x522.jpeg 696w, https:\/\/all4camper.com\/wp-content\/uploads\/2021\/09\/IMG_4713-1068x801.jpeg 1068w, https:\/\/all4camper.com\/wp-content\/uploads\/2021\/09\/IMG_4713-1920x1440.jpeg 1920w\" sizes=\"auto, (max-width: 1440px) 100vw, 1440px\" \/><\/figure>\n\n\n\n<p>Ne jen o venkovn\u00ed \u010d\u00e1sti je toto muzeum. <strong>Jeho sou\u010d\u00e1st\u00ed je i vnit\u0159n\u00ed expozice spojen\u00e1 op\u011bt s dobovou architekturou. <\/strong>D\u00edky tomu tak uvid\u00edte typickou sv\u011btnici, lo\u017enici, v\u00fdminek, ma\u0161tal a mnoho dal\u0161\u00edho. Pokud bych toto pov\u00edd\u00e1n\u00ed m\u011bla n\u011bjak uzav\u0159\u00edt, tak n\u00e1v\u0161t\u011bva tohoto venkovn\u00edho muzea se v\u00e1m bude rozhodn\u011b l\u00edbit. Zejm\u00e9na, kdy\u017e zde m\u016f\u017eete b\u011bhem dne na tr\u00e1v\u011b rozlo\u017eit deku, d\u00e1t si n\u011bjakou donesenou dobrotu, nechat b\u011bhat d\u011bti po zahrad\u011b a ochutn\u00e1vat ovoce \u010di omrknout slepice, kr\u00e1l\u00edky a dal\u0161\u00ed drobn\u00e9 zv\u00ed\u0159ectvo \u017eij\u00edc\u00ed na statku.<\/p>\n\n\n\n<figure class=\"wp-block-gallery has-nested-images columns-default is-cropped wp-block-gallery-6 is-layout-flex wp-block-gallery-is-layout-flex\">\n<figure class=\"wp-block-image size-large\"><img loading=\"lazy\" decoding=\"async\" width=\"1440\" height=\"1080\" data-id=\"137224\" src=\"https:\/\/all4camper.com\/\/wp-content\/uploads\/2021\/09\/IMG_4721-1440x1080.jpeg\" alt=\"\" class=\"wp-image-137224\" srcset=\"https:\/\/all4camper.com\/wp-content\/uploads\/2021\/09\/IMG_4721-1440x1080.jpeg 1440w, https:\/\/all4camper.com\/wp-content\/uploads\/2021\/09\/IMG_4721-300x225.jpeg 300w, https:\/\/all4camper.com\/wp-content\/uploads\/2021\/09\/IMG_4721-150x113.jpeg 150w, https:\/\/all4camper.com\/wp-content\/uploads\/2021\/09\/IMG_4721-768x576.jpeg 768w, https:\/\/all4camper.com\/wp-content\/uploads\/2021\/09\/IMG_4721-1536x1152.jpeg 1536w, https:\/\/all4camper.com\/wp-content\/uploads\/2021\/09\/IMG_4721-2048x1536.jpeg 2048w, https:\/\/all4camper.com\/wp-content\/uploads\/2021\/09\/IMG_4721-696x522.jpeg 696w, https:\/\/all4camper.com\/wp-content\/uploads\/2021\/09\/IMG_4721-1068x801.jpeg 1068w, https:\/\/all4camper.com\/wp-content\/uploads\/2021\/09\/IMG_4721-1920x1440.jpeg 1920w\" sizes=\"auto, (max-width: 1440px) 100vw, 1440px\" \/><\/figure>\n\n\n\n<figure class=\"wp-block-image size-large\"><img loading=\"lazy\" decoding=\"async\" width=\"1440\" height=\"1080\" data-id=\"137227\" src=\"https:\/\/all4camper.com\/\/wp-content\/uploads\/2021\/09\/IMG_4723-1440x1080.jpeg\" alt=\"\" class=\"wp-image-137227\" srcset=\"https:\/\/all4camper.com\/wp-content\/uploads\/2021\/09\/IMG_4723-1440x1080.jpeg 1440w, https:\/\/all4camper.com\/wp-content\/uploads\/2021\/09\/IMG_4723-300x225.jpeg 300w, https:\/\/all4camper.com\/wp-content\/uploads\/2021\/09\/IMG_4723-150x113.jpeg 150w, https:\/\/all4camper.com\/wp-content\/uploads\/2021\/09\/IMG_4723-768x576.jpeg 768w, https:\/\/all4camper.com\/wp-content\/uploads\/2021\/09\/IMG_4723-1536x1152.jpeg 1536w, https:\/\/all4camper.com\/wp-content\/uploads\/2021\/09\/IMG_4723-2048x1536.jpeg 2048w, https:\/\/all4camper.com\/wp-content\/uploads\/2021\/09\/IMG_4723-696x522.jpeg 696w, https:\/\/all4camper.com\/wp-content\/uploads\/2021\/09\/IMG_4723-1068x801.jpeg 1068w, https:\/\/all4camper.com\/wp-content\/uploads\/2021\/09\/IMG_4723-1920x1440.jpeg 1920w\" sizes=\"auto, (max-width: 1440px) 100vw, 1440px\" \/><\/figure>\n<\/figure>\n\n\n\n<p>Jak mi \u0159ekl pan Petr Vode\u0161il, vedouc\u00ed muzea, nejv\u011bt\u0161\u00ed radost maj\u00ed, kdy\u017e se zde n\u00e1v\u0161t\u011bvn\u00edci c\u00edt\u00ed dob\u0159e a u\u017eij\u00ed si p\u0159\u00edjemn\u00fd den. Co\u017e se pr\u00fd na\u0161t\u011bst\u00ed st\u00e1v\u00e1 \u010dasto. J\u00e1 mu t\u00edmto d\u011bkuji za kr\u00e1sn\u00fd v\u00fdklad a hlavn\u011b za nad\u0161en\u00ed, se kter\u00fdm toto muzeum vede. P\u0159eji v\u00e1m, abyste si to tady u\u017eili stejn\u011b jako j\u00e1. Muzeum najdete v obci P\u0159\u00edkazy, co\u017e je mimochodem moc hezk\u00e1 obec, kter\u00e1 tak\u00e9 stoj\u00ed za objeven\u00ed.<\/p>\n\n\n\n<figure class=\"wp-block-image size-large\"><img loading=\"lazy\" decoding=\"async\" width=\"1440\" height=\"1080\" src=\"https:\/\/all4camper.com\/\/wp-content\/uploads\/2021\/09\/IMG_4725-1440x1080.jpeg\" alt=\"\" class=\"wp-image-137230\" srcset=\"https:\/\/all4camper.com\/wp-content\/uploads\/2021\/09\/IMG_4725-1440x1080.jpeg 1440w, https:\/\/all4camper.com\/wp-content\/uploads\/2021\/09\/IMG_4725-300x225.jpeg 300w, https:\/\/all4camper.com\/wp-content\/uploads\/2021\/09\/IMG_4725-150x113.jpeg 150w, https:\/\/all4camper.com\/wp-content\/uploads\/2021\/09\/IMG_4725-768x576.jpeg 768w, https:\/\/all4camper.com\/wp-content\/uploads\/2021\/09\/IMG_4725-1536x1152.jpeg 1536w, https:\/\/all4camper.com\/wp-content\/uploads\/2021\/09\/IMG_4725-2048x1536.jpeg 2048w, https:\/\/all4camper.com\/wp-content\/uploads\/2021\/09\/IMG_4725-696x522.jpeg 696w, https:\/\/all4camper.com\/wp-content\/uploads\/2021\/09\/IMG_4725-1068x801.jpeg 1068w, https:\/\/all4camper.com\/wp-content\/uploads\/2021\/09\/IMG_4725-1920x1440.jpeg 1920w\" sizes=\"auto, (max-width: 1440px) 100vw, 1440px\" \/><\/figure>\n\n\n\n<p><strong>Dal\u0161\u00ed tipy o cestov\u00e1n\u00ed a kempov\u00e1n\u00ed v \u010cR najdete&nbsp;<a href=\"\/cs?cat_ID=364\" target=\"_blank\" rel=\"noreferrer noopener\">tady<\/a>&nbsp;nebo na&nbsp;<a href=\"https:\/\/www.kudyznudy.cz\/\" target=\"_blank\" rel=\"noreferrer noopener\">kudyznudy.cz<\/a>.<\/strong><\/p>\n\n\n\n<figure class=\"wp-block-image size-full\"><img loading=\"lazy\" decoding=\"async\" width=\"1920\" height=\"600\" src=\"https:\/\/all4camper.com\/\/wp-content\/uploads\/2021\/05\/CARAVAN_3x7DNI_1920x600.jpg\" alt=\"\" class=\"wp-image-133890\" srcset=\"https:\/\/all4camper.com\/wp-content\/uploads\/2021\/05\/CARAVAN_3x7DNI_1920x600.jpg 1920w, https:\/\/all4camper.com\/wp-content\/uploads\/2021\/05\/CARAVAN_3x7DNI_1920x600-300x94.jpg 300w, https:\/\/all4camper.com\/wp-content\/uploads\/2021\/05\/CARAVAN_3x7DNI_1920x600-150x47.jpg 150w, https:\/\/all4camper.com\/wp-content\/uploads\/2021\/05\/CARAVAN_3x7DNI_1920x600-768x240.jpg 768w, https:\/\/all4camper.com\/wp-content\/uploads\/2021\/05\/CARAVAN_3x7DNI_1920x600-1536x480.jpg 1536w, https:\/\/all4camper.com\/wp-content\/uploads\/2021\/05\/CARAVAN_3x7DNI_1920x600-696x218.jpg 696w, https:\/\/all4camper.com\/wp-content\/uploads\/2021\/05\/CARAVAN_3x7DNI_1920x600-1068x334.jpg 1068w, https:\/\/all4camper.com\/wp-content\/uploads\/2021\/05\/CARAVAN_3x7DNI_1920x600-1344x420.jpg 1344w\" sizes=\"auto, (max-width: 1920px) 100vw, 1920px\" \/><\/figure>\n","protected":false},"excerpt":{"rendered":"<p>P\u0159em\u00fd\u0161l\u00edte, \u017ee v r\u00e1mci va\u0161ich cest karavanem po \u010cesku zav\u00edt\u00e1te i do Olomouck\u00e9ho kraje? Tak \u010dtete, proto\u017ee dnes v\u00e1m p\u0159in\u00e1\u0161\u00edm jeden tip na par\u00e1dn\u00ed celoro\u010dn\u00ed kemp a k tomu je\u0161t\u011b p\u0159id\u00e1m dal\u0161\u00ed dva na origin\u00e1ln\u00ed z\u00e1\u017eitky v jeho okol\u00ed. A \u017ee je na co se t\u011b\u0161it! V\u00edtejte v Olomouck\u00e9m kraji. Celoro\u010dn\u00ed kemp v Moravsk\u00e9m krasu [&hellip;]<\/p>\n","protected":false},"author":4,"featured_media":137169,"comment_status":"closed","ping_status":"open","sticky":false,"template":"","format":"standard","meta":{"_monsterinsights_skip_tracking":false,"_monsterinsights_sitenote_active":false,"_monsterinsights_sitenote_note":"","_monsterinsights_sitenote_category":0,"footnotes":""},"categories":[364,68,422],"tags":[101,354,325],"class_list":{"0":"post-137122","1":"post","2":"type-post","3":"status-publish","4":"format-standard","5":"has-post-thumbnail","7":"category-cestujeme-a-kempujeme-v-cr","8":"category-kempovani-a-zajimave-cile","9":"category-novinky-kempovani-a-karavaning","10":"tag-kempy-1","11":"tag-morava","12":"tag-poznavaci-dovolena"},"yoast_head":"<!-- This site is optimized with the Yoast SEO plugin v27.4 - https:\/\/yoast.com\/product\/yoast-seo-wordpress\/ -->\n<title>Kemp, lesy, vynikaj\u00edc\u00ed ov\u010d\u00ed s\u00fdr a odpo\u010dinek na gruntu jako u babi\u010dky v han\u00e1ck\u00e9 vesnici - All4Camper<\/title>\n<meta name=\"description\" content=\"r\u00e1mci va\u0161ich cest karavanem po \u010cesku zav\u00edt\u00e1te i do Olomouck\u00e9ho kraje? Tak \u010dtete, proto\u017ee dnes v\u00e1m p\u0159in\u00e1\u0161\u00edm jeden tip na par\u00e1dn\u00ed celoro\u010dn\u00ed kemp a k tomu je\u0161t\u011b p\u0159id\u00e1m dal\u0161\u00ed dva na origin\u00e1ln\u00ed z\u00e1\u017eitky v jeho okol\u00ed. A \u017ee je na co se t\u011b\u0161it! V\u00edtejte v Olomouck\u00e9m kraji.\" \/>\n<meta name=\"robots\" content=\"index, follow, max-snippet:-1, max-image-preview:large, max-video-preview:-1\" \/>\n<link rel=\"canonical\" href=\"https:\/\/all4camper.com\/cs\/kemp-lesy-vynikajici-ovci-syr-a-odpocinek-na-gruntu-jako-u-babicky-v-hanacke-vesnici\/\" \/>\n<meta property=\"og:locale\" content=\"cs_CZ\" \/>\n<meta property=\"og:type\" content=\"article\" \/>\n<meta property=\"og:title\" content=\"Kemp, lesy, vynikaj\u00edc\u00ed ov\u010d\u00ed s\u00fdr a odpo\u010dinek na gruntu jako u babi\u010dky v han\u00e1ck\u00e9 vesnici - All4Camper\" \/>\n<meta property=\"og:description\" content=\"r\u00e1mci va\u0161ich cest karavanem po \u010cesku zav\u00edt\u00e1te i do Olomouck\u00e9ho kraje? Tak \u010dtete, proto\u017ee dnes v\u00e1m p\u0159in\u00e1\u0161\u00edm jeden tip na par\u00e1dn\u00ed celoro\u010dn\u00ed kemp a k tomu je\u0161t\u011b p\u0159id\u00e1m dal\u0161\u00ed dva na origin\u00e1ln\u00ed z\u00e1\u017eitky v jeho okol\u00ed. A \u017ee je na co se t\u011b\u0161it! V\u00edtejte v Olomouck\u00e9m kraji.\" \/>\n<meta property=\"og:url\" content=\"https:\/\/all4camper.com\/cs\/kemp-lesy-vynikajici-ovci-syr-a-odpocinek-na-gruntu-jako-u-babicky-v-hanacke-vesnici\/\" \/>\n<meta property=\"og:site_name\" content=\"All4Camper\" \/>\n<meta property=\"article:published_time\" content=\"2021-09-29T16:45:42+00:00\" \/>\n<meta property=\"article:modified_time\" content=\"2022-12-13T10:05:09+00:00\" \/>\n<meta property=\"og:image\" content=\"https:\/\/all4camper.com\/wp-content\/uploads\/2021\/09\/IMG_4817-scaled.jpeg\" \/>\n\t<meta property=\"og:image:width\" content=\"2560\" \/>\n\t<meta property=\"og:image:height\" content=\"1920\" \/>\n\t<meta property=\"og:image:type\" content=\"image\/jpeg\" \/>\n<meta name=\"author\" content=\"Kl\u00e1ra H\u00e1jkov\u00e1\" \/>\n<meta name=\"twitter:card\" content=\"summary_large_image\" \/>\n<meta name=\"twitter:label1\" content=\"Napsal(a)\" \/>\n\t<meta name=\"twitter:data1\" content=\"Kl\u00e1ra H\u00e1jkov\u00e1\" \/>\n\t<meta name=\"twitter:label2\" content=\"Odhadovan\u00e1 doba \u010dten\u00ed\" \/>\n\t<meta name=\"twitter:data2\" content=\"12 minut\" \/>\n<script type=\"application\/ld+json\" class=\"yoast-schema-graph\">{\"@context\":\"https:\\\/\\\/schema.org\",\"@graph\":[{\"@type\":\"Article\",\"@id\":\"https:\\\/\\\/all4camper.com\\\/cs\\\/kemp-lesy-vynikajici-ovci-syr-a-odpocinek-na-gruntu-jako-u-babicky-v-hanacke-vesnici\\\/#article\",\"isPartOf\":{\"@id\":\"https:\\\/\\\/all4camper.com\\\/cs\\\/kemp-lesy-vynikajici-ovci-syr-a-odpocinek-na-gruntu-jako-u-babicky-v-hanacke-vesnici\\\/\"},\"author\":{\"name\":\"Kl\u00e1ra H\u00e1jkov\u00e1\",\"@id\":\"https:\\\/\\\/all4camper.com\\\/cs\\\/#\\\/schema\\\/person\\\/c6f1efdf1d02bc7d8c53a891cbe18c62\"},\"headline\":\"Kemp, lesy, vynikaj\u00edc\u00ed ov\u010d\u00ed s\u00fdr a odpo\u010dinek na gruntu jako u babi\u010dky v han\u00e1ck\u00e9 vesnici\",\"datePublished\":\"2021-09-29T16:45:42+00:00\",\"dateModified\":\"2022-12-13T10:05:09+00:00\",\"mainEntityOfPage\":{\"@id\":\"https:\\\/\\\/all4camper.com\\\/cs\\\/kemp-lesy-vynikajici-ovci-syr-a-odpocinek-na-gruntu-jako-u-babicky-v-hanacke-vesnici\\\/\"},\"wordCount\":1947,\"publisher\":{\"@id\":\"https:\\\/\\\/all4camper.com\\\/cs\\\/#organization\"},\"image\":{\"@id\":\"https:\\\/\\\/all4camper.com\\\/cs\\\/kemp-lesy-vynikajici-ovci-syr-a-odpocinek-na-gruntu-jako-u-babicky-v-hanacke-vesnici\\\/#primaryimage\"},\"thumbnailUrl\":\"https:\\\/\\\/all4camper.com\\\/wp-content\\\/uploads\\\/2021\\\/09\\\/IMG_4817-scaled.jpeg\",\"keywords\":[\"Kempy a kempovac\u00ed m\u00edsta\",\"Morava\",\"Pozn\u00e1vac\u00ed dovolen\u00e1\"],\"articleSection\":[\"Cestujeme a kempujeme v \u010cR\",\"Kempy a zaj\u00edmav\u00e1 m\u00edsta\",\"Novinky - Kempov\u00e1n\u00ed a karavaning\"],\"inLanguage\":\"cs\"},{\"@type\":\"WebPage\",\"@id\":\"https:\\\/\\\/all4camper.com\\\/cs\\\/kemp-lesy-vynikajici-ovci-syr-a-odpocinek-na-gruntu-jako-u-babicky-v-hanacke-vesnici\\\/\",\"url\":\"https:\\\/\\\/all4camper.com\\\/cs\\\/kemp-lesy-vynikajici-ovci-syr-a-odpocinek-na-gruntu-jako-u-babicky-v-hanacke-vesnici\\\/\",\"name\":\"Kemp, lesy, vynikaj\u00edc\u00ed ov\u010d\u00ed s\u00fdr a odpo\u010dinek na gruntu jako u babi\u010dky v han\u00e1ck\u00e9 vesnici - All4Camper\",\"isPartOf\":{\"@id\":\"https:\\\/\\\/all4camper.com\\\/cs\\\/#website\"},\"primaryImageOfPage\":{\"@id\":\"https:\\\/\\\/all4camper.com\\\/cs\\\/kemp-lesy-vynikajici-ovci-syr-a-odpocinek-na-gruntu-jako-u-babicky-v-hanacke-vesnici\\\/#primaryimage\"},\"image\":{\"@id\":\"https:\\\/\\\/all4camper.com\\\/cs\\\/kemp-lesy-vynikajici-ovci-syr-a-odpocinek-na-gruntu-jako-u-babicky-v-hanacke-vesnici\\\/#primaryimage\"},\"thumbnailUrl\":\"https:\\\/\\\/all4camper.com\\\/wp-content\\\/uploads\\\/2021\\\/09\\\/IMG_4817-scaled.jpeg\",\"datePublished\":\"2021-09-29T16:45:42+00:00\",\"dateModified\":\"2022-12-13T10:05:09+00:00\",\"description\":\"r\u00e1mci va\u0161ich cest karavanem po \u010cesku zav\u00edt\u00e1te i do Olomouck\u00e9ho kraje? Tak \u010dtete, proto\u017ee dnes v\u00e1m p\u0159in\u00e1\u0161\u00edm jeden tip na par\u00e1dn\u00ed celoro\u010dn\u00ed kemp a k tomu je\u0161t\u011b p\u0159id\u00e1m dal\u0161\u00ed dva na origin\u00e1ln\u00ed z\u00e1\u017eitky v jeho okol\u00ed. A \u017ee je na co se t\u011b\u0161it! V\u00edtejte v Olomouck\u00e9m kraji.\",\"breadcrumb\":{\"@id\":\"https:\\\/\\\/all4camper.com\\\/cs\\\/kemp-lesy-vynikajici-ovci-syr-a-odpocinek-na-gruntu-jako-u-babicky-v-hanacke-vesnici\\\/#breadcrumb\"},\"inLanguage\":\"cs\",\"potentialAction\":[{\"@type\":\"ReadAction\",\"target\":[\"https:\\\/\\\/all4camper.com\\\/cs\\\/kemp-lesy-vynikajici-ovci-syr-a-odpocinek-na-gruntu-jako-u-babicky-v-hanacke-vesnici\\\/\"]}]},{\"@type\":\"ImageObject\",\"inLanguage\":\"cs\",\"@id\":\"https:\\\/\\\/all4camper.com\\\/cs\\\/kemp-lesy-vynikajici-ovci-syr-a-odpocinek-na-gruntu-jako-u-babicky-v-hanacke-vesnici\\\/#primaryimage\",\"url\":\"https:\\\/\\\/all4camper.com\\\/wp-content\\\/uploads\\\/2021\\\/09\\\/IMG_4817-scaled.jpeg\",\"contentUrl\":\"https:\\\/\\\/all4camper.com\\\/wp-content\\\/uploads\\\/2021\\\/09\\\/IMG_4817-scaled.jpeg\",\"width\":2560,\"height\":1920},{\"@type\":\"BreadcrumbList\",\"@id\":\"https:\\\/\\\/all4camper.com\\\/cs\\\/kemp-lesy-vynikajici-ovci-syr-a-odpocinek-na-gruntu-jako-u-babicky-v-hanacke-vesnici\\\/#breadcrumb\",\"itemListElement\":[{\"@type\":\"ListItem\",\"position\":1,\"name\":\"Dom\u016f\",\"item\":\"https:\\\/\\\/all4camper.com\\\/cs\\\/\"},{\"@type\":\"ListItem\",\"position\":2,\"name\":\"Novinky - Kempov\u00e1n\u00ed a karavaning\",\"item\":\"https:\\\/\\\/all4camper.com\\\/cs\\\/category\\\/novinky-kempovani-a-karavaning\\\/\"},{\"@type\":\"ListItem\",\"position\":3,\"name\":\"Kemp, lesy, vynikaj\u00edc\u00ed ov\u010d\u00ed s\u00fdr a odpo\u010dinek na gruntu jako u babi\u010dky v han\u00e1ck\u00e9 vesnici\"}]},{\"@type\":\"WebSite\",\"@id\":\"https:\\\/\\\/all4camper.com\\\/cs\\\/#website\",\"url\":\"https:\\\/\\\/all4camper.com\\\/cs\\\/\",\"name\":\"All4Camper\",\"description\":\"Nejv\u011bt\u0161\u00ed online magaz\u00edn o kempov\u00e1n\u00ed a karavaninku. V\u00edce jak 900 \u010dl\u00e1nk\u016f pln\u00fdch rad a tip\u016f o kempech a kempov\u00e1n\u00ed.\",\"publisher\":{\"@id\":\"https:\\\/\\\/all4camper.com\\\/cs\\\/#organization\"},\"potentialAction\":[{\"@type\":\"SearchAction\",\"target\":{\"@type\":\"EntryPoint\",\"urlTemplate\":\"https:\\\/\\\/all4camper.com\\\/cs\\\/?s={search_term_string}\"},\"query-input\":{\"@type\":\"PropertyValueSpecification\",\"valueRequired\":true,\"valueName\":\"search_term_string\"}}],\"inLanguage\":\"cs\"},{\"@type\":\"Organization\",\"@id\":\"https:\\\/\\\/all4camper.com\\\/cs\\\/#organization\",\"name\":\"All4Camper - kempujeme s Kl\u00e1rou\",\"url\":\"https:\\\/\\\/all4camper.com\\\/cs\\\/\",\"logo\":{\"@type\":\"ImageObject\",\"inLanguage\":\"cs\",\"@id\":\"https:\\\/\\\/all4camper.com\\\/cs\\\/#\\\/schema\\\/logo\\\/image\\\/\",\"url\":\"https:\\\/\\\/all4camper.com\\\/wp-content\\\/uploads\\\/2018\\\/09\\\/novelogo.png\",\"contentUrl\":\"https:\\\/\\\/all4camper.com\\\/wp-content\\\/uploads\\\/2018\\\/09\\\/novelogo.png\",\"width\":1520,\"height\":600,\"caption\":\"All4Camper - kempujeme s Kl\u00e1rou\"},\"image\":{\"@id\":\"https:\\\/\\\/all4camper.com\\\/cs\\\/#\\\/schema\\\/logo\\\/image\\\/\"}},{\"@type\":\"Person\",\"@id\":\"https:\\\/\\\/all4camper.com\\\/cs\\\/#\\\/schema\\\/person\\\/c6f1efdf1d02bc7d8c53a891cbe18c62\",\"name\":\"Kl\u00e1ra H\u00e1jkov\u00e1\",\"sameAs\":[\"http:\\\/\\\/www.all4camper.com\"],\"url\":\"https:\\\/\\\/all4camper.com\\\/cs\\\/author\\\/klarinkacestuje1\\\/\"}]}<\/script>\n<!-- \/ Yoast SEO plugin. -->","yoast_head_json":{"title":"Kemp, lesy, vynikaj\u00edc\u00ed ov\u010d\u00ed s\u00fdr a odpo\u010dinek na gruntu jako u babi\u010dky v han\u00e1ck\u00e9 vesnici - All4Camper","description":"r\u00e1mci va\u0161ich cest karavanem po \u010cesku zav\u00edt\u00e1te i do Olomouck\u00e9ho kraje? Tak \u010dtete, proto\u017ee dnes v\u00e1m p\u0159in\u00e1\u0161\u00edm jeden tip na par\u00e1dn\u00ed celoro\u010dn\u00ed kemp a k tomu je\u0161t\u011b p\u0159id\u00e1m dal\u0161\u00ed dva na origin\u00e1ln\u00ed z\u00e1\u017eitky v jeho okol\u00ed. A \u017ee je na co se t\u011b\u0161it! V\u00edtejte v Olomouck\u00e9m kraji.","robots":{"index":"index","follow":"follow","max-snippet":"max-snippet:-1","max-image-preview":"max-image-preview:large","max-video-preview":"max-video-preview:-1"},"canonical":"https:\/\/all4camper.com\/cs\/kemp-lesy-vynikajici-ovci-syr-a-odpocinek-na-gruntu-jako-u-babicky-v-hanacke-vesnici\/","og_locale":"cs_CZ","og_type":"article","og_title":"Kemp, lesy, vynikaj\u00edc\u00ed ov\u010d\u00ed s\u00fdr a odpo\u010dinek na gruntu jako u babi\u010dky v han\u00e1ck\u00e9 vesnici - All4Camper","og_description":"r\u00e1mci va\u0161ich cest karavanem po \u010cesku zav\u00edt\u00e1te i do Olomouck\u00e9ho kraje? Tak \u010dtete, proto\u017ee dnes v\u00e1m p\u0159in\u00e1\u0161\u00edm jeden tip na par\u00e1dn\u00ed celoro\u010dn\u00ed kemp a k tomu je\u0161t\u011b p\u0159id\u00e1m dal\u0161\u00ed dva na origin\u00e1ln\u00ed z\u00e1\u017eitky v jeho okol\u00ed. A \u017ee je na co se t\u011b\u0161it! V\u00edtejte v Olomouck\u00e9m kraji.","og_url":"https:\/\/all4camper.com\/cs\/kemp-lesy-vynikajici-ovci-syr-a-odpocinek-na-gruntu-jako-u-babicky-v-hanacke-vesnici\/","og_site_name":"All4Camper","article_published_time":"2021-09-29T16:45:42+00:00","article_modified_time":"2022-12-13T10:05:09+00:00","og_image":[{"width":2560,"height":1920,"url":"https:\/\/all4camper.com\/wp-content\/uploads\/2021\/09\/IMG_4817-scaled.jpeg","type":"image\/jpeg"}],"author":"Kl\u00e1ra H\u00e1jkov\u00e1","twitter_card":"summary_large_image","twitter_misc":{"Napsal(a)":"Kl\u00e1ra H\u00e1jkov\u00e1","Odhadovan\u00e1 doba \u010dten\u00ed":"12 minut"},"schema":{"@context":"https:\/\/schema.org","@graph":[{"@type":"Article","@id":"https:\/\/all4camper.com\/cs\/kemp-lesy-vynikajici-ovci-syr-a-odpocinek-na-gruntu-jako-u-babicky-v-hanacke-vesnici\/#article","isPartOf":{"@id":"https:\/\/all4camper.com\/cs\/kemp-lesy-vynikajici-ovci-syr-a-odpocinek-na-gruntu-jako-u-babicky-v-hanacke-vesnici\/"},"author":{"name":"Kl\u00e1ra H\u00e1jkov\u00e1","@id":"https:\/\/all4camper.com\/cs\/#\/schema\/person\/c6f1efdf1d02bc7d8c53a891cbe18c62"},"headline":"Kemp, lesy, vynikaj\u00edc\u00ed ov\u010d\u00ed s\u00fdr a odpo\u010dinek na gruntu jako u babi\u010dky v han\u00e1ck\u00e9 vesnici","datePublished":"2021-09-29T16:45:42+00:00","dateModified":"2022-12-13T10:05:09+00:00","mainEntityOfPage":{"@id":"https:\/\/all4camper.com\/cs\/kemp-lesy-vynikajici-ovci-syr-a-odpocinek-na-gruntu-jako-u-babicky-v-hanacke-vesnici\/"},"wordCount":1947,"publisher":{"@id":"https:\/\/all4camper.com\/cs\/#organization"},"image":{"@id":"https:\/\/all4camper.com\/cs\/kemp-lesy-vynikajici-ovci-syr-a-odpocinek-na-gruntu-jako-u-babicky-v-hanacke-vesnici\/#primaryimage"},"thumbnailUrl":"https:\/\/all4camper.com\/wp-content\/uploads\/2021\/09\/IMG_4817-scaled.jpeg","keywords":["Kempy a kempovac\u00ed m\u00edsta","Morava","Pozn\u00e1vac\u00ed dovolen\u00e1"],"articleSection":["Cestujeme a kempujeme v \u010cR","Kempy a zaj\u00edmav\u00e1 m\u00edsta","Novinky - Kempov\u00e1n\u00ed a karavaning"],"inLanguage":"cs"},{"@type":"WebPage","@id":"https:\/\/all4camper.com\/cs\/kemp-lesy-vynikajici-ovci-syr-a-odpocinek-na-gruntu-jako-u-babicky-v-hanacke-vesnici\/","url":"https:\/\/all4camper.com\/cs\/kemp-lesy-vynikajici-ovci-syr-a-odpocinek-na-gruntu-jako-u-babicky-v-hanacke-vesnici\/","name":"Kemp, lesy, vynikaj\u00edc\u00ed ov\u010d\u00ed s\u00fdr a odpo\u010dinek na gruntu jako u babi\u010dky v han\u00e1ck\u00e9 vesnici - All4Camper","isPartOf":{"@id":"https:\/\/all4camper.com\/cs\/#website"},"primaryImageOfPage":{"@id":"https:\/\/all4camper.com\/cs\/kemp-lesy-vynikajici-ovci-syr-a-odpocinek-na-gruntu-jako-u-babicky-v-hanacke-vesnici\/#primaryimage"},"image":{"@id":"https:\/\/all4camper.com\/cs\/kemp-lesy-vynikajici-ovci-syr-a-odpocinek-na-gruntu-jako-u-babicky-v-hanacke-vesnici\/#primaryimage"},"thumbnailUrl":"https:\/\/all4camper.com\/wp-content\/uploads\/2021\/09\/IMG_4817-scaled.jpeg","datePublished":"2021-09-29T16:45:42+00:00","dateModified":"2022-12-13T10:05:09+00:00","description":"r\u00e1mci va\u0161ich cest karavanem po \u010cesku zav\u00edt\u00e1te i do Olomouck\u00e9ho kraje? Tak \u010dtete, proto\u017ee dnes v\u00e1m p\u0159in\u00e1\u0161\u00edm jeden tip na par\u00e1dn\u00ed celoro\u010dn\u00ed kemp a k tomu je\u0161t\u011b p\u0159id\u00e1m dal\u0161\u00ed dva na origin\u00e1ln\u00ed z\u00e1\u017eitky v jeho okol\u00ed. A \u017ee je na co se t\u011b\u0161it! V\u00edtejte v Olomouck\u00e9m kraji.","breadcrumb":{"@id":"https:\/\/all4camper.com\/cs\/kemp-lesy-vynikajici-ovci-syr-a-odpocinek-na-gruntu-jako-u-babicky-v-hanacke-vesnici\/#breadcrumb"},"inLanguage":"cs","potentialAction":[{"@type":"ReadAction","target":["https:\/\/all4camper.com\/cs\/kemp-lesy-vynikajici-ovci-syr-a-odpocinek-na-gruntu-jako-u-babicky-v-hanacke-vesnici\/"]}]},{"@type":"ImageObject","inLanguage":"cs","@id":"https:\/\/all4camper.com\/cs\/kemp-lesy-vynikajici-ovci-syr-a-odpocinek-na-gruntu-jako-u-babicky-v-hanacke-vesnici\/#primaryimage","url":"https:\/\/all4camper.com\/wp-content\/uploads\/2021\/09\/IMG_4817-scaled.jpeg","contentUrl":"https:\/\/all4camper.com\/wp-content\/uploads\/2021\/09\/IMG_4817-scaled.jpeg","width":2560,"height":1920},{"@type":"BreadcrumbList","@id":"https:\/\/all4camper.com\/cs\/kemp-lesy-vynikajici-ovci-syr-a-odpocinek-na-gruntu-jako-u-babicky-v-hanacke-vesnici\/#breadcrumb","itemListElement":[{"@type":"ListItem","position":1,"name":"Dom\u016f","item":"https:\/\/all4camper.com\/cs\/"},{"@type":"ListItem","position":2,"name":"Novinky - Kempov\u00e1n\u00ed a karavaning","item":"https:\/\/all4camper.com\/cs\/category\/novinky-kempovani-a-karavaning\/"},{"@type":"ListItem","position":3,"name":"Kemp, lesy, vynikaj\u00edc\u00ed ov\u010d\u00ed s\u00fdr a odpo\u010dinek na gruntu jako u babi\u010dky v han\u00e1ck\u00e9 vesnici"}]},{"@type":"WebSite","@id":"https:\/\/all4camper.com\/cs\/#website","url":"https:\/\/all4camper.com\/cs\/","name":"All4Camper","description":"Nejv\u011bt\u0161\u00ed online magaz\u00edn o kempov\u00e1n\u00ed a karavaninku. V\u00edce jak 900 \u010dl\u00e1nk\u016f pln\u00fdch rad a tip\u016f o kempech a kempov\u00e1n\u00ed.","publisher":{"@id":"https:\/\/all4camper.com\/cs\/#organization"},"potentialAction":[{"@type":"SearchAction","target":{"@type":"EntryPoint","urlTemplate":"https:\/\/all4camper.com\/cs\/?s={search_term_string}"},"query-input":{"@type":"PropertyValueSpecification","valueRequired":true,"valueName":"search_term_string"}}],"inLanguage":"cs"},{"@type":"Organization","@id":"https:\/\/all4camper.com\/cs\/#organization","name":"All4Camper - kempujeme s Kl\u00e1rou","url":"https:\/\/all4camper.com\/cs\/","logo":{"@type":"ImageObject","inLanguage":"cs","@id":"https:\/\/all4camper.com\/cs\/#\/schema\/logo\/image\/","url":"https:\/\/all4camper.com\/wp-content\/uploads\/2018\/09\/novelogo.png","contentUrl":"https:\/\/all4camper.com\/wp-content\/uploads\/2018\/09\/novelogo.png","width":1520,"height":600,"caption":"All4Camper - kempujeme s Kl\u00e1rou"},"image":{"@id":"https:\/\/all4camper.com\/cs\/#\/schema\/logo\/image\/"}},{"@type":"Person","@id":"https:\/\/all4camper.com\/cs\/#\/schema\/person\/c6f1efdf1d02bc7d8c53a891cbe18c62","name":"Kl\u00e1ra H\u00e1jkov\u00e1","sameAs":["http:\/\/www.all4camper.com"],"url":"https:\/\/all4camper.com\/cs\/author\/klarinkacestuje1\/"}]}},"_links":{"self":[{"href":"https:\/\/all4camper.com\/cs\/wp-json\/wp\/v2\/posts\/137122","targetHints":{"allow":["GET"]}}],"collection":[{"href":"https:\/\/all4camper.com\/cs\/wp-json\/wp\/v2\/posts"}],"about":[{"href":"https:\/\/all4camper.com\/cs\/wp-json\/wp\/v2\/types\/post"}],"author":[{"embeddable":true,"href":"https:\/\/all4camper.com\/cs\/wp-json\/wp\/v2\/users\/4"}],"replies":[{"embeddable":true,"href":"https:\/\/all4camper.com\/cs\/wp-json\/wp\/v2\/comments?post=137122"}],"version-history":[{"count":0,"href":"https:\/\/all4camper.com\/cs\/wp-json\/wp\/v2\/posts\/137122\/revisions"}],"wp:featuredmedia":[{"embeddable":true,"href":"https:\/\/all4camper.com\/cs\/wp-json\/wp\/v2\/media\/137169"}],"wp:attachment":[{"href":"https:\/\/all4camper.com\/cs\/wp-json\/wp\/v2\/media?parent=137122"}],"wp:term":[{"taxonomy":"category","embeddable":true,"href":"https:\/\/all4camper.com\/cs\/wp-json\/wp\/v2\/categories?post=137122"},{"taxonomy":"post_tag","embeddable":true,"href":"https:\/\/all4camper.com\/cs\/wp-json\/wp\/v2\/tags?post=137122"}],"curies":[{"name":"wp","href":"https:\/\/api.w.org\/{rel}","templated":true}]}}