{"id":136350,"date":"2021-10-07T09:39:24","date_gmt":"2021-10-07T07:39:24","guid":{"rendered":"https:\/\/all4camper.com\/\/?p=136350"},"modified":"2021-10-08T14:27:43","modified_gmt":"2021-10-08T12:27:43","slug":"chystate-se-jet-se-psem-do-zahranici","status":"publish","type":"post","link":"https:\/\/all4camper.com\/cs\/chystate-se-jet-se-psem-do-zahranici\/","title":{"rendered":"Chyst\u00e1te se jet se psem do zahrani\u010d\u00ed?"},"content":{"rendered":"\n<p><strong>Chyst\u00e1te dovolenou se psem? Cestov\u00e1n\u00ed se zv\u00ed\u0159ec\u00edmi mazl\u00ed\u010dky m\u016f\u017ee b\u00fdt n\u00e1ro\u010dn\u00e9 nejen pro samotn\u00e9 psy ale i pro jejich p\u00e1n\u00ed\u010dky.&nbsp;P\u0159ed cestou je proto dobr\u00e9 se dob\u0159e p\u0159ipravit a nic nepodcenit, v\u010detn\u011b v\u00fdb\u011bru zem\u011b, kter\u00e1 by m\u011bla b\u00fdt dog-friendly.<\/strong> <\/p>\n\n\n\n<figure class=\"wp-block-image size-full\"><img loading=\"lazy\" decoding=\"async\" width=\"1200\" height=\"700\" src=\"https:\/\/all4camper.com\/\/wp-content\/uploads\/2021\/09\/Cestova\u0301ni\u0301-se-psem-1.jpg\" alt=\"\" class=\"wp-image-136976\" srcset=\"https:\/\/all4camper.com\/wp-content\/uploads\/2021\/09\/Cestova\u0301ni\u0301-se-psem-1.jpg 1200w, https:\/\/all4camper.com\/wp-content\/uploads\/2021\/09\/Cestova\u0301ni\u0301-se-psem-1-300x175.jpg 300w, https:\/\/all4camper.com\/wp-content\/uploads\/2021\/09\/Cestova\u0301ni\u0301-se-psem-1-150x88.jpg 150w, https:\/\/all4camper.com\/wp-content\/uploads\/2021\/09\/Cestova\u0301ni\u0301-se-psem-1-768x448.jpg 768w, https:\/\/all4camper.com\/wp-content\/uploads\/2021\/09\/Cestova\u0301ni\u0301-se-psem-1-696x406.jpg 696w, https:\/\/all4camper.com\/wp-content\/uploads\/2021\/09\/Cestova\u0301ni\u0301-se-psem-1-1068x623.jpg 1068w\" sizes=\"auto, (max-width: 1200px) 100vw, 1200px\" \/><\/figure>\n\n\n\n<h3 class=\"wp-block-heading\"><strong>Pes mus\u00ed m\u00edt sv\u016fj pas a platn\u00e9 o\u010dkov\u00e1n\u00ed<\/strong><\/h3>\n\n\n\n<p>Jedete-li na dovolenou po Evrop\u011b, tak pejska nezapome\u0148te vybavit cestovn\u00edm pasem. Ten v\u00e1m vystav\u00ed veterin\u00e1\u0159, kter\u00fd je schv\u00e1len\u00fd a registrovan\u00fd pro vyd\u00e1v\u00e1n\u00ed pas\u016f krajskou veterin\u00e1rn\u00ed spr\u00e1vou, a kter\u00e9mu byl vyd\u00e1n doklad o schv\u00e1len\u00ed a registraci. U psa je samoz\u0159ejm\u011b tak\u00e9 nutnost, aby m\u011bl identifika\u010dn\u00ed mikro\u010dip spl\u0148uj\u00edc\u00ed ISO normy a m\u011bl by tak\u00e9 m\u00edt prokazateln\u00e9 (a platn\u00e9) o\u010dkov\u00e1n\u00ed proti vzteklin\u011b. Jedete-li do Finska, UK, Malty \u010di Irska, vy\u017eaduje se i od\u010derven\u00ed zv\u00ed\u0159ete (120 &#8211; 24 hod. p\u0159ed vstupem na \u00fazem\u00ed).&nbsp;Pokud jedete se zv\u00ed\u0159etem mimo EU, tak mus\u00ed b\u00fdt spln\u011bny dovozn\u00ed podm\u00ednky stanoven\u00e9 konkr\u00e9tn\u00ed zem\u00ed.<\/p>\n\n\n\n<figure class=\"wp-block-image size-full\"><img loading=\"lazy\" decoding=\"async\" width=\"1200\" height=\"700\" src=\"https:\/\/all4camper.com\/\/wp-content\/uploads\/2021\/09\/Cestova\u0301ni\u0301-se-psem-2.jpg\" alt=\"\" class=\"wp-image-136977\" srcset=\"https:\/\/all4camper.com\/wp-content\/uploads\/2021\/09\/Cestova\u0301ni\u0301-se-psem-2.jpg 1200w, https:\/\/all4camper.com\/wp-content\/uploads\/2021\/09\/Cestova\u0301ni\u0301-se-psem-2-300x175.jpg 300w, https:\/\/all4camper.com\/wp-content\/uploads\/2021\/09\/Cestova\u0301ni\u0301-se-psem-2-150x88.jpg 150w, https:\/\/all4camper.com\/wp-content\/uploads\/2021\/09\/Cestova\u0301ni\u0301-se-psem-2-768x448.jpg 768w, https:\/\/all4camper.com\/wp-content\/uploads\/2021\/09\/Cestova\u0301ni\u0301-se-psem-2-696x406.jpg 696w, https:\/\/all4camper.com\/wp-content\/uploads\/2021\/09\/Cestova\u0301ni\u0301-se-psem-2-1068x623.jpg 1068w\" sizes=\"auto, (max-width: 1200px) 100vw, 1200px\" \/><\/figure>\n\n\n\n<h3 class=\"wp-block-heading\"><strong>Zjist\u011bte si, zda je c\u00edlov\u00e1 destinace dog-friendly<\/strong><\/h3>\n\n\n\n<p>Pokud je\u0161t\u011b nev\u00edte, kam jet se psem, tak je praktick\u00e9 volit zem\u011b, kde maj\u00ed psy r\u00e1di a m\u016f\u017eete s&nbsp;nimi b\u011b\u017en\u011b nav\u0161t\u011bvovat nap\u0159\u00edklad restaurace a ubytov\u00e1vat se v&nbsp;hotelech \u010di kempech. Podle cestovatelsk\u00e9ho serveru <strong>Tripadvisor je jednou z&nbsp;nejv\u00edce p\u0159\u00e1telsk\u00fdch zem\u00ed v\u016f\u010di ps\u016fm Francie, kde si m\u016f\u017eete br\u00e1t psa skoro v\u0161ude (krom\u011b muze\u00ed)<\/strong>.&nbsp;Dal\u0161\u00ed zem\u00ed, kde maj\u00ed pejsky velmi r\u00e1di je i It\u00e1lie, zde pejsci mohou do restaurac\u00ed, obchod\u016f, MHD, dokonce i na n\u011bkter\u00e9 historick\u00e9 pam\u00e1tky je povolen vstup se zv\u00ed\u0159aty. Pozor v\u0161ak na kempy. Tady doporu\u010duji si p\u0159edem ov\u011b\u0159it, zda v\u00e1mi vybran\u00fd kemp dovoluje pobyt se psy. Zejm\u00e9na ty v\u00edce hv\u011bzdi\u010dkov\u00e9 toto nepovoluj\u00ed. V\u011bt\u0161ina Evropsk\u00fdch zem\u00ed je podle Tripadvisoru vst\u0159\u00edcn\u00e1 ke ps\u016fm. V\u00fdjimkou je pak \u0160pan\u011blsko, kde mnoho hotel\u016f \u010di restaurac\u00ed nepovoluje psy. Tak\u00e9 Irsko \u010di&nbsp;Velk\u00e1 Brit\u00e1nie nen\u00ed p\u0159\u00edli\u0161 ke ps\u016fm tolerantn\u00ed.<\/p>\n\n\n\n<figure class=\"wp-block-image size-full\"><img loading=\"lazy\" decoding=\"async\" width=\"1200\" height=\"700\" src=\"https:\/\/all4camper.com\/\/wp-content\/uploads\/2021\/09\/Cestova\u0301ni\u0301-se-psem-3.jpg\" alt=\"\" class=\"wp-image-136978\" srcset=\"https:\/\/all4camper.com\/wp-content\/uploads\/2021\/09\/Cestova\u0301ni\u0301-se-psem-3.jpg 1200w, https:\/\/all4camper.com\/wp-content\/uploads\/2021\/09\/Cestova\u0301ni\u0301-se-psem-3-300x175.jpg 300w, https:\/\/all4camper.com\/wp-content\/uploads\/2021\/09\/Cestova\u0301ni\u0301-se-psem-3-150x88.jpg 150w, https:\/\/all4camper.com\/wp-content\/uploads\/2021\/09\/Cestova\u0301ni\u0301-se-psem-3-768x448.jpg 768w, https:\/\/all4camper.com\/wp-content\/uploads\/2021\/09\/Cestova\u0301ni\u0301-se-psem-3-696x406.jpg 696w, https:\/\/all4camper.com\/wp-content\/uploads\/2021\/09\/Cestova\u0301ni\u0301-se-psem-3-1068x623.jpg 1068w\" sizes=\"auto, (max-width: 1200px) 100vw, 1200px\" \/><\/figure>\n\n\n\n<h3 class=\"wp-block-heading\"><strong>Cestov\u00e1n\u00ed v&nbsp;aut\u011b<\/strong><\/h3>\n\n\n\n<p>V\u011bt\u0161ina ps\u00edch chovatel\u016f vol\u00ed po Evrop\u011b cesty autem. P\u0159eci jenom doprava letadlem je pro psy n\u00e1ro\u010dn\u00e1 a nen\u00ed levn\u00e1. Pro dlouh\u00e9 cesty autem se vyplat\u00ed m\u00edt speci\u00e1ln\u00ed pel\u00ed\u0161ek s&nbsp;postrojem do auta \u010di pejska d\u00e1t bezpe\u010dn\u011b do jeho p\u0159epravky (klece) do zavazadlov\u00e9ho prostoru. \u201eB\u011bhem cest nezapom\u00ednejte u pejska na pitn\u00fd re\u017eim. Pravideln\u011b zastavujte a d\u00e1vejte mu nap\u00edt (alespo\u0148 ka\u017ed\u00e9 dv\u011b hodiny). T\u011bsn\u011b p\u0159ed cestou tak\u00e9 pejskovi ned\u00e1vejte krmivo, mohly by nastat \u017ealude\u010dn\u00ed pot\u00ed\u017ee. Psa b\u011bhem cesty ani nekrmte pamlsky,\u201c \u0159\u00edk\u00e1 odborn\u00edk na v\u00fd\u017eivu ps\u016f Ji\u0159\u00ed \u0160vih\u00e1lek z&nbsp;Yoggies.cz. <\/p>\n\n\n\n<p>Naopak je dobr\u00e9 d\u00e1t do pel\u00ed\u0161ku zv\u00ed\u0159eti jeho obl\u00edbenou hra\u010dku \u010di deku, na kterou je zvykl\u00fd a p\u0159i cest\u011b i dovolen\u00e9 ho bude uklid\u0148ovat. <strong>D\u00e1vejte tak\u00e9 pozor na klimatizaci, aby ne\u0161la p\u0159\u00edmo na pejska. <\/strong>Stejn\u011b jako lid\u00e9, i psi mohou z&nbsp;klimatizace onemocn\u011bt nebo by mu mohla zp\u016fsobit bolesti kloub\u016f \u010di zad. Stav\u00edte-li v&nbsp;obchod\u011b, na toaletu, v\u017edy parkujte ve st\u00ednu, aby v&nbsp;aut\u011b nebylo p\u0159\u00edli\u0161 vedro a psa nenech\u00e1vejte nikdy zav\u0159en\u00e9ho ve vyh\u0159\u00e1t\u00e9m aut\u011b. Je lep\u0161\u00ed se s spolucestuj\u00edc\u00edmi vyst\u0159\u00eddat u pejska a po\u010dkat s&nbsp;n\u00edm chv\u00edli ve st\u00ednu mimo auto, ne\u017e budete moci v\u0161ichni pokra\u010dovat d\u00e1l v&nbsp;cest\u011b.&nbsp;<\/p>\n\n\n\n<p><strong>A je\u0161t\u011b jedna rada do auta<\/strong>: Pokud si r\u00e1di pou\u0161t\u00edte v&nbsp;aut\u011b hudbu nahlas, tak p\u0159i dlouh\u00fdch cest\u00e1ch se psem hl\u00eddejte hlasitost a intenzitu. Pejsk\u016fm m\u016f\u017ee dlouhodob\u00fd poslech hlasit\u00e9 hudby u\u0161kodit. P\u0159edev\u0161\u00edm pak siln\u00e9 a v\u00fdrazn\u00e9 basy, proto kontrolujte jejich nastaven\u00ed.<\/p>\n\n\n\n<figure class=\"wp-block-image size-full\"><img loading=\"lazy\" decoding=\"async\" width=\"1200\" height=\"700\" src=\"https:\/\/all4camper.com\/\/wp-content\/uploads\/2021\/09\/Cestova\u0301ni\u0301-se-psem-4.jpg\" alt=\"\" class=\"wp-image-136980\" srcset=\"https:\/\/all4camper.com\/wp-content\/uploads\/2021\/09\/Cestova\u0301ni\u0301-se-psem-4.jpg 1200w, https:\/\/all4camper.com\/wp-content\/uploads\/2021\/09\/Cestova\u0301ni\u0301-se-psem-4-300x175.jpg 300w, https:\/\/all4camper.com\/wp-content\/uploads\/2021\/09\/Cestova\u0301ni\u0301-se-psem-4-150x88.jpg 150w, https:\/\/all4camper.com\/wp-content\/uploads\/2021\/09\/Cestova\u0301ni\u0301-se-psem-4-768x448.jpg 768w, https:\/\/all4camper.com\/wp-content\/uploads\/2021\/09\/Cestova\u0301ni\u0301-se-psem-4-696x406.jpg 696w, https:\/\/all4camper.com\/wp-content\/uploads\/2021\/09\/Cestova\u0301ni\u0301-se-psem-4-1068x623.jpg 1068w\" sizes=\"auto, (max-width: 1200px) 100vw, 1200px\" \/><\/figure>\n\n\n\n<h3 class=\"wp-block-heading\"><strong>Zjist\u011bte si p\u0159edem kontakty na m\u00edstn\u00edho veterin\u00e1\u0159e<\/strong><\/h3>\n\n\n\n<p>P\u0159ed cestou si tak\u00e9 zjist\u011bte kontakty na veterin\u00e1\u0159e pobl\u00ed\u017e m\u00edsta, kde budete bydlet. Na m\u00edst\u011b pak nemus\u00edte m\u00edt dobr\u00e9 internetov\u00e9 pokryt\u00ed a p\u0159i p\u0159\u00edpadn\u00fdch zdravotn\u00edch pot\u00ed\u017e\u00ed budete hned v\u011bd\u011bt, kam volat. Nezapome\u0148te na v\u0161echny l\u00e9ky, kter\u00e9 pes bere. P\u0159\u00edpadn\u011b se p\u0159ed cestou i poradit u veterin\u00e1\u0159e, zda je cesta pro psa v\u016fbec vhodn\u00e1. Aby se pejsek b\u011bhem dovolen\u00e9 c\u00edtil \u201ejako doma\u201c, vezm\u011bte mu i jeho pel\u00ed\u0161ek, na kter\u00fd je zvykl\u00fd.<\/p>\n\n\n\n<h3 class=\"wp-block-heading\"><strong>Jak krmit mazl\u00ed\u010dka na cest\u00e1ch?<\/strong><\/h3>\n\n\n\n<p>Nezapome\u0148te vz\u00edt s sebou psovi dostate\u010dn\u00e9 mno\u017estv\u00ed krmiva, na co je mazl\u00ed\u010dek zvykl\u00fd \u2013 p\u0159edejdete tak ne\u017e\u00e1douc\u00edm za\u017e\u00edvac\u00edm pot\u00ed\u017e\u00edm, kter\u00e9 na dovolen\u00e9 ur\u010dit\u011b nechcete \u0159e\u0161it. \u201ePozor i na skladov\u00e1n\u00ed potravy b\u011bhem cesty ve vyh\u0159\u00e1t\u00e9m aut\u011b (nejjednodu\u0161\u0161\u00ed na cestov\u00e1n\u00ed jsou samoz\u0159ejm\u011b granule). Pokud ale pejsek \u010di ko\u010di\u010dka \u017eere syrovou potravu (BARF), va\u0159enou potravu nebo kapsi\u010dky, je lep\u0161\u00ed je vozit v aut\u011b v chlad\u00edc\u00ed ta\u0161ce nebo boxu, aby se potrava cestou nezkazila. Zv\u00ed\u0159e by z toho pak m\u011blo za\u017e\u00edvac\u00ed probl\u00e9my. P\u0159ed cestou i po dobu dovolen\u00e9 m\u016f\u017eete pod\u00e1vat i speci\u00e1ln\u00ed probiotika pro psy \u010di ko\u010dky. Ta pos\u00edl\u00ed jejich za\u017e\u00edv\u00e1n\u00ed a v\u00e1\u0161 \u010dty\u0159noh\u00fd kamar\u00e1d bude l\u00e9pe sn\u00e1\u0161et p\u0159\u00edpadn\u00fd stres z cesty a nov\u00e9ho m\u00edsta,\u201c dod\u00e1v\u00e1 odborn\u00edk na ps\u00ed v\u00fd\u017eivu Ji\u0159\u00ed \u0160vih\u00e1lek. <\/p>\n\n\n\n<figure class=\"wp-block-image size-full\"><img loading=\"lazy\" decoding=\"async\" width=\"1920\" height=\"990\" src=\"https:\/\/all4camper.com\/\/wp-content\/uploads\/2021\/10\/standup-paddleboarding-g0ac5d1f5a_1920.jpg\" alt=\"\" class=\"wp-image-137374\" srcset=\"https:\/\/all4camper.com\/wp-content\/uploads\/2021\/10\/standup-paddleboarding-g0ac5d1f5a_1920.jpg 1920w, https:\/\/all4camper.com\/wp-content\/uploads\/2021\/10\/standup-paddleboarding-g0ac5d1f5a_1920-300x155.jpg 300w, https:\/\/all4camper.com\/wp-content\/uploads\/2021\/10\/standup-paddleboarding-g0ac5d1f5a_1920-150x77.jpg 150w, https:\/\/all4camper.com\/wp-content\/uploads\/2021\/10\/standup-paddleboarding-g0ac5d1f5a_1920-768x396.jpg 768w, https:\/\/all4camper.com\/wp-content\/uploads\/2021\/10\/standup-paddleboarding-g0ac5d1f5a_1920-1536x792.jpg 1536w, https:\/\/all4camper.com\/wp-content\/uploads\/2021\/10\/standup-paddleboarding-g0ac5d1f5a_1920-696x359.jpg 696w, https:\/\/all4camper.com\/wp-content\/uploads\/2021\/10\/standup-paddleboarding-g0ac5d1f5a_1920-1068x551.jpg 1068w\" sizes=\"auto, (max-width: 1920px) 100vw, 1920px\" \/><\/figure>\n\n\n\n<h3 class=\"wp-block-heading\">Kam se se psem nejl\u00e9pe vydat?<\/h3>\n\n\n\n<p><strong>Proto\u017ee spousta z n\u00e1s vyr\u00e1\u017e\u00ed kempovat se zv\u00ed\u0159ec\u00edm mazl\u00ed\u010dkem, u\u017e jsme se totmuto typu kepov\u00e1n\u00ed nejednou v\u011bnovaly. Jak to v\u016fbec cel\u00e9 funguje a na co sebe i pejska p\u0159ipravit si m\u016f\u017eete p\u0159e\u010d\u00edst v <a href=\"\/cs?p=86266\" target=\"_blank\" rel=\"noreferrer noopener\">tomto<\/a> \u010dl\u00e1nku. <a href=\"\/cs?p=14978\" target=\"_blank\" rel=\"noreferrer noopener\">Tady<\/a> zase najdete p\u0159ehled italsk\u00fdch kemp\u016f, kde jsou zv\u00ed\u0159ata v\u00edt\u00e1na. No velk\u00fd p\u0159ehled toho, kam m\u016f\u017eete se psem v Chorvatsku, si prohl\u00e9dn\u011bte<a href=\"\/cs?p=67672\" target=\"_blank\" rel=\"noreferrer noopener\"> v tomto pov\u00edd\u00e1n\u00ed<\/a>. <\/strong><\/p>\n","protected":false},"excerpt":{"rendered":"<p>Chyst\u00e1te dovolenou se psem? Cestov\u00e1n\u00ed se zv\u00ed\u0159ec\u00edmi mazl\u00ed\u010dky m\u016f\u017ee b\u00fdt n\u00e1ro\u010dn\u00e9 nejen pro samotn\u00e9 psy ale i pro jejich p\u00e1n\u00ed\u010dky.&nbsp;P\u0159ed cestou je proto dobr\u00e9 se dob\u0159e p\u0159ipravit a nic nepodcenit, v\u010detn\u011b v\u00fdb\u011bru zem\u011b, kter\u00e1 by m\u011bla b\u00fdt dog-friendly. Pes mus\u00ed m\u00edt sv\u016fj pas a platn\u00e9 o\u010dkov\u00e1n\u00ed Jedete-li na dovolenou po Evrop\u011b, tak pejska nezapome\u0148te vybavit [&hellip;]<\/p>\n","protected":false},"author":161,"featured_media":136976,"comment_status":"closed","ping_status":"open","sticky":false,"template":"","format":"standard","meta":{"_monsterinsights_skip_tracking":false,"_monsterinsights_sitenote_active":false,"_monsterinsights_sitenote_note":"","_monsterinsights_sitenote_category":0,"footnotes":""},"categories":[422,8209],"tags":[226],"class_list":{"0":"post-136350","1":"post","2":"type-post","3":"status-publish","4":"format-standard","5":"has-post-thumbnail","7":"category-novinky-kempovani-a-karavaning","8":"category-rady-tipy-informace","9":"tag-rady-a-tipy"},"yoast_head":"<!-- This site is optimized with the Yoast SEO plugin v27.4 - https:\/\/yoast.com\/product\/yoast-seo-wordpress\/ -->\n<title>Chyst\u00e1te se jet se psem do zahrani\u010d\u00ed? - All4Camper<\/title>\n<meta name=\"description\" content=\"Chyst\u00e1te dovolenou se psem? Cestov\u00e1n\u00ed se zv\u00ed\u0159ec\u00edmi mazl\u00ed\u010dky m\u016f\u017ee b\u00fdt n\u00e1ro\u010dn\u00e9 nejen pro samotn\u00e9 psy ale i pro jejich p\u00e1n\u00ed\u010dky.\u00a0P\u0159ed cestou je proto dobr\u00e9 se dob\u0159e p\u0159ipravit a nic nepodcenit, v\u010detn\u011b v\u00fdb\u011bru zem\u011b, kter\u00e1 by m\u011bla b\u00fdt dog-friendly.\" \/>\n<meta name=\"robots\" content=\"index, follow, max-snippet:-1, max-image-preview:large, max-video-preview:-1\" \/>\n<link rel=\"canonical\" href=\"https:\/\/all4camper.com\/cs\/chystate-se-jet-se-psem-do-zahranici\/\" \/>\n<meta property=\"og:locale\" content=\"cs_CZ\" \/>\n<meta property=\"og:type\" content=\"article\" \/>\n<meta property=\"og:title\" content=\"Chyst\u00e1te se jet se psem do zahrani\u010d\u00ed? - All4Camper\" \/>\n<meta property=\"og:description\" content=\"Chyst\u00e1te dovolenou se psem? Cestov\u00e1n\u00ed se zv\u00ed\u0159ec\u00edmi mazl\u00ed\u010dky m\u016f\u017ee b\u00fdt n\u00e1ro\u010dn\u00e9 nejen pro samotn\u00e9 psy ale i pro jejich p\u00e1n\u00ed\u010dky.\u00a0P\u0159ed cestou je proto dobr\u00e9 se dob\u0159e p\u0159ipravit a nic nepodcenit, v\u010detn\u011b v\u00fdb\u011bru zem\u011b, kter\u00e1 by m\u011bla b\u00fdt dog-friendly.\" \/>\n<meta property=\"og:url\" content=\"https:\/\/all4camper.com\/cs\/chystate-se-jet-se-psem-do-zahranici\/\" \/>\n<meta property=\"og:site_name\" content=\"All4Camper\" \/>\n<meta property=\"article:published_time\" content=\"2021-10-07T07:39:24+00:00\" \/>\n<meta property=\"article:modified_time\" content=\"2021-10-08T12:27:43+00:00\" \/>\n<meta property=\"og:image\" content=\"https:\/\/all4camper.com\/wp-content\/uploads\/2021\/09\/Cestova\u0301ni\u0301-se-psem-1.jpg\" \/>\n\t<meta property=\"og:image:width\" content=\"1200\" \/>\n\t<meta property=\"og:image:height\" content=\"700\" \/>\n\t<meta property=\"og:image:type\" content=\"image\/jpeg\" \/>\n<meta name=\"author\" content=\"Kate\u0159ina\" \/>\n<meta name=\"twitter:card\" content=\"summary_large_image\" \/>\n<meta name=\"twitter:label1\" content=\"Napsal(a)\" \/>\n\t<meta name=\"twitter:data1\" content=\"Kate\u0159ina\" \/>\n\t<meta name=\"twitter:label2\" content=\"Odhadovan\u00e1 doba \u010dten\u00ed\" \/>\n\t<meta name=\"twitter:data2\" content=\"5 minut\" \/>\n<script type=\"application\/ld+json\" class=\"yoast-schema-graph\">{\"@context\":\"https:\\\/\\\/schema.org\",\"@graph\":[{\"@type\":\"Article\",\"@id\":\"https:\\\/\\\/all4camper.com\\\/cs\\\/chystate-se-jet-se-psem-do-zahranici\\\/#article\",\"isPartOf\":{\"@id\":\"https:\\\/\\\/all4camper.com\\\/cs\\\/chystate-se-jet-se-psem-do-zahranici\\\/\"},\"author\":{\"name\":\"Kate\u0159ina\",\"@id\":\"https:\\\/\\\/all4camper.com\\\/cs\\\/#\\\/schema\\\/person\\\/9349489688d4c221ca0fc39ae6bcb70b\"},\"headline\":\"Chyst\u00e1te se jet se psem do zahrani\u010d\u00ed?\",\"datePublished\":\"2021-10-07T07:39:24+00:00\",\"dateModified\":\"2021-10-08T12:27:43+00:00\",\"mainEntityOfPage\":{\"@id\":\"https:\\\/\\\/all4camper.com\\\/cs\\\/chystate-se-jet-se-psem-do-zahranici\\\/\"},\"wordCount\":1078,\"publisher\":{\"@id\":\"https:\\\/\\\/all4camper.com\\\/cs\\\/#organization\"},\"image\":{\"@id\":\"https:\\\/\\\/all4camper.com\\\/cs\\\/chystate-se-jet-se-psem-do-zahranici\\\/#primaryimage\"},\"thumbnailUrl\":\"https:\\\/\\\/all4camper.com\\\/wp-content\\\/uploads\\\/2021\\\/09\\\/Cestova\u0301ni\u0301-se-psem-1.jpg\",\"keywords\":[\"Rady-tipy-informace\"],\"articleSection\":[\"Novinky - Kempov\u00e1n\u00ed a karavaning\",\"Rady, tipy, informace\"],\"inLanguage\":\"cs\"},{\"@type\":\"WebPage\",\"@id\":\"https:\\\/\\\/all4camper.com\\\/cs\\\/chystate-se-jet-se-psem-do-zahranici\\\/\",\"url\":\"https:\\\/\\\/all4camper.com\\\/cs\\\/chystate-se-jet-se-psem-do-zahranici\\\/\",\"name\":\"Chyst\u00e1te se jet se psem do zahrani\u010d\u00ed? - All4Camper\",\"isPartOf\":{\"@id\":\"https:\\\/\\\/all4camper.com\\\/cs\\\/#website\"},\"primaryImageOfPage\":{\"@id\":\"https:\\\/\\\/all4camper.com\\\/cs\\\/chystate-se-jet-se-psem-do-zahranici\\\/#primaryimage\"},\"image\":{\"@id\":\"https:\\\/\\\/all4camper.com\\\/cs\\\/chystate-se-jet-se-psem-do-zahranici\\\/#primaryimage\"},\"thumbnailUrl\":\"https:\\\/\\\/all4camper.com\\\/wp-content\\\/uploads\\\/2021\\\/09\\\/Cestova\u0301ni\u0301-se-psem-1.jpg\",\"datePublished\":\"2021-10-07T07:39:24+00:00\",\"dateModified\":\"2021-10-08T12:27:43+00:00\",\"description\":\"Chyst\u00e1te dovolenou se psem? Cestov\u00e1n\u00ed se zv\u00ed\u0159ec\u00edmi mazl\u00ed\u010dky m\u016f\u017ee b\u00fdt n\u00e1ro\u010dn\u00e9 nejen pro samotn\u00e9 psy ale i pro jejich p\u00e1n\u00ed\u010dky.\u00a0P\u0159ed cestou je proto dobr\u00e9 se dob\u0159e p\u0159ipravit a nic nepodcenit, v\u010detn\u011b v\u00fdb\u011bru zem\u011b, kter\u00e1 by m\u011bla b\u00fdt dog-friendly.\",\"breadcrumb\":{\"@id\":\"https:\\\/\\\/all4camper.com\\\/cs\\\/chystate-se-jet-se-psem-do-zahranici\\\/#breadcrumb\"},\"inLanguage\":\"cs\",\"potentialAction\":[{\"@type\":\"ReadAction\",\"target\":[\"https:\\\/\\\/all4camper.com\\\/cs\\\/chystate-se-jet-se-psem-do-zahranici\\\/\"]}]},{\"@type\":\"ImageObject\",\"inLanguage\":\"cs\",\"@id\":\"https:\\\/\\\/all4camper.com\\\/cs\\\/chystate-se-jet-se-psem-do-zahranici\\\/#primaryimage\",\"url\":\"https:\\\/\\\/all4camper.com\\\/wp-content\\\/uploads\\\/2021\\\/09\\\/Cestova\u0301ni\u0301-se-psem-1.jpg\",\"contentUrl\":\"https:\\\/\\\/all4camper.com\\\/wp-content\\\/uploads\\\/2021\\\/09\\\/Cestova\u0301ni\u0301-se-psem-1.jpg\",\"width\":1200,\"height\":700},{\"@type\":\"BreadcrumbList\",\"@id\":\"https:\\\/\\\/all4camper.com\\\/cs\\\/chystate-se-jet-se-psem-do-zahranici\\\/#breadcrumb\",\"itemListElement\":[{\"@type\":\"ListItem\",\"position\":1,\"name\":\"Dom\u016f\",\"item\":\"https:\\\/\\\/all4camper.com\\\/cs\\\/\"},{\"@type\":\"ListItem\",\"position\":2,\"name\":\"Novinky - Kempov\u00e1n\u00ed a karavaning\",\"item\":\"https:\\\/\\\/all4camper.com\\\/cs\\\/category\\\/novinky-kempovani-a-karavaning\\\/\"},{\"@type\":\"ListItem\",\"position\":3,\"name\":\"Chyst\u00e1te se jet se psem do zahrani\u010d\u00ed?\"}]},{\"@type\":\"WebSite\",\"@id\":\"https:\\\/\\\/all4camper.com\\\/cs\\\/#website\",\"url\":\"https:\\\/\\\/all4camper.com\\\/cs\\\/\",\"name\":\"All4Camper\",\"description\":\"Nejv\u011bt\u0161\u00ed online magaz\u00edn o kempov\u00e1n\u00ed a karavaninku. V\u00edce jak 900 \u010dl\u00e1nk\u016f pln\u00fdch rad a tip\u016f o kempech a kempov\u00e1n\u00ed.\",\"publisher\":{\"@id\":\"https:\\\/\\\/all4camper.com\\\/cs\\\/#organization\"},\"potentialAction\":[{\"@type\":\"SearchAction\",\"target\":{\"@type\":\"EntryPoint\",\"urlTemplate\":\"https:\\\/\\\/all4camper.com\\\/cs\\\/?s={search_term_string}\"},\"query-input\":{\"@type\":\"PropertyValueSpecification\",\"valueRequired\":true,\"valueName\":\"search_term_string\"}}],\"inLanguage\":\"cs\"},{\"@type\":\"Organization\",\"@id\":\"https:\\\/\\\/all4camper.com\\\/cs\\\/#organization\",\"name\":\"All4Camper - kempujeme s Kl\u00e1rou\",\"url\":\"https:\\\/\\\/all4camper.com\\\/cs\\\/\",\"logo\":{\"@type\":\"ImageObject\",\"inLanguage\":\"cs\",\"@id\":\"https:\\\/\\\/all4camper.com\\\/cs\\\/#\\\/schema\\\/logo\\\/image\\\/\",\"url\":\"https:\\\/\\\/all4camper.com\\\/wp-content\\\/uploads\\\/2018\\\/09\\\/novelogo.png\",\"contentUrl\":\"https:\\\/\\\/all4camper.com\\\/wp-content\\\/uploads\\\/2018\\\/09\\\/novelogo.png\",\"width\":1520,\"height\":600,\"caption\":\"All4Camper - kempujeme s Kl\u00e1rou\"},\"image\":{\"@id\":\"https:\\\/\\\/all4camper.com\\\/cs\\\/#\\\/schema\\\/logo\\\/image\\\/\"}},{\"@type\":\"Person\",\"@id\":\"https:\\\/\\\/all4camper.com\\\/cs\\\/#\\\/schema\\\/person\\\/9349489688d4c221ca0fc39ae6bcb70b\",\"name\":\"Kate\u0159ina\",\"url\":\"https:\\\/\\\/all4camper.com\\\/cs\\\/author\\\/kterina\\\/\"}]}<\/script>\n<!-- \/ Yoast SEO plugin. -->","yoast_head_json":{"title":"Chyst\u00e1te se jet se psem do zahrani\u010d\u00ed? - All4Camper","description":"Chyst\u00e1te dovolenou se psem? Cestov\u00e1n\u00ed se zv\u00ed\u0159ec\u00edmi mazl\u00ed\u010dky m\u016f\u017ee b\u00fdt n\u00e1ro\u010dn\u00e9 nejen pro samotn\u00e9 psy ale i pro jejich p\u00e1n\u00ed\u010dky.\u00a0P\u0159ed cestou je proto dobr\u00e9 se dob\u0159e p\u0159ipravit a nic nepodcenit, v\u010detn\u011b v\u00fdb\u011bru zem\u011b, kter\u00e1 by m\u011bla b\u00fdt dog-friendly.","robots":{"index":"index","follow":"follow","max-snippet":"max-snippet:-1","max-image-preview":"max-image-preview:large","max-video-preview":"max-video-preview:-1"},"canonical":"https:\/\/all4camper.com\/cs\/chystate-se-jet-se-psem-do-zahranici\/","og_locale":"cs_CZ","og_type":"article","og_title":"Chyst\u00e1te se jet se psem do zahrani\u010d\u00ed? - All4Camper","og_description":"Chyst\u00e1te dovolenou se psem? Cestov\u00e1n\u00ed se zv\u00ed\u0159ec\u00edmi mazl\u00ed\u010dky m\u016f\u017ee b\u00fdt n\u00e1ro\u010dn\u00e9 nejen pro samotn\u00e9 psy ale i pro jejich p\u00e1n\u00ed\u010dky.\u00a0P\u0159ed cestou je proto dobr\u00e9 se dob\u0159e p\u0159ipravit a nic nepodcenit, v\u010detn\u011b v\u00fdb\u011bru zem\u011b, kter\u00e1 by m\u011bla b\u00fdt dog-friendly.","og_url":"https:\/\/all4camper.com\/cs\/chystate-se-jet-se-psem-do-zahranici\/","og_site_name":"All4Camper","article_published_time":"2021-10-07T07:39:24+00:00","article_modified_time":"2021-10-08T12:27:43+00:00","og_image":[{"width":1200,"height":700,"url":"https:\/\/all4camper.com\/wp-content\/uploads\/2021\/09\/Cestova\u0301ni\u0301-se-psem-1.jpg","type":"image\/jpeg"}],"author":"Kate\u0159ina","twitter_card":"summary_large_image","twitter_misc":{"Napsal(a)":"Kate\u0159ina","Odhadovan\u00e1 doba \u010dten\u00ed":"5 minut"},"schema":{"@context":"https:\/\/schema.org","@graph":[{"@type":"Article","@id":"https:\/\/all4camper.com\/cs\/chystate-se-jet-se-psem-do-zahranici\/#article","isPartOf":{"@id":"https:\/\/all4camper.com\/cs\/chystate-se-jet-se-psem-do-zahranici\/"},"author":{"name":"Kate\u0159ina","@id":"https:\/\/all4camper.com\/cs\/#\/schema\/person\/9349489688d4c221ca0fc39ae6bcb70b"},"headline":"Chyst\u00e1te se jet se psem do zahrani\u010d\u00ed?","datePublished":"2021-10-07T07:39:24+00:00","dateModified":"2021-10-08T12:27:43+00:00","mainEntityOfPage":{"@id":"https:\/\/all4camper.com\/cs\/chystate-se-jet-se-psem-do-zahranici\/"},"wordCount":1078,"publisher":{"@id":"https:\/\/all4camper.com\/cs\/#organization"},"image":{"@id":"https:\/\/all4camper.com\/cs\/chystate-se-jet-se-psem-do-zahranici\/#primaryimage"},"thumbnailUrl":"https:\/\/all4camper.com\/wp-content\/uploads\/2021\/09\/Cestova\u0301ni\u0301-se-psem-1.jpg","keywords":["Rady-tipy-informace"],"articleSection":["Novinky - Kempov\u00e1n\u00ed a karavaning","Rady, tipy, informace"],"inLanguage":"cs"},{"@type":"WebPage","@id":"https:\/\/all4camper.com\/cs\/chystate-se-jet-se-psem-do-zahranici\/","url":"https:\/\/all4camper.com\/cs\/chystate-se-jet-se-psem-do-zahranici\/","name":"Chyst\u00e1te se jet se psem do zahrani\u010d\u00ed? - All4Camper","isPartOf":{"@id":"https:\/\/all4camper.com\/cs\/#website"},"primaryImageOfPage":{"@id":"https:\/\/all4camper.com\/cs\/chystate-se-jet-se-psem-do-zahranici\/#primaryimage"},"image":{"@id":"https:\/\/all4camper.com\/cs\/chystate-se-jet-se-psem-do-zahranici\/#primaryimage"},"thumbnailUrl":"https:\/\/all4camper.com\/wp-content\/uploads\/2021\/09\/Cestova\u0301ni\u0301-se-psem-1.jpg","datePublished":"2021-10-07T07:39:24+00:00","dateModified":"2021-10-08T12:27:43+00:00","description":"Chyst\u00e1te dovolenou se psem? Cestov\u00e1n\u00ed se zv\u00ed\u0159ec\u00edmi mazl\u00ed\u010dky m\u016f\u017ee b\u00fdt n\u00e1ro\u010dn\u00e9 nejen pro samotn\u00e9 psy ale i pro jejich p\u00e1n\u00ed\u010dky.\u00a0P\u0159ed cestou je proto dobr\u00e9 se dob\u0159e p\u0159ipravit a nic nepodcenit, v\u010detn\u011b v\u00fdb\u011bru zem\u011b, kter\u00e1 by m\u011bla b\u00fdt dog-friendly.","breadcrumb":{"@id":"https:\/\/all4camper.com\/cs\/chystate-se-jet-se-psem-do-zahranici\/#breadcrumb"},"inLanguage":"cs","potentialAction":[{"@type":"ReadAction","target":["https:\/\/all4camper.com\/cs\/chystate-se-jet-se-psem-do-zahranici\/"]}]},{"@type":"ImageObject","inLanguage":"cs","@id":"https:\/\/all4camper.com\/cs\/chystate-se-jet-se-psem-do-zahranici\/#primaryimage","url":"https:\/\/all4camper.com\/wp-content\/uploads\/2021\/09\/Cestova\u0301ni\u0301-se-psem-1.jpg","contentUrl":"https:\/\/all4camper.com\/wp-content\/uploads\/2021\/09\/Cestova\u0301ni\u0301-se-psem-1.jpg","width":1200,"height":700},{"@type":"BreadcrumbList","@id":"https:\/\/all4camper.com\/cs\/chystate-se-jet-se-psem-do-zahranici\/#breadcrumb","itemListElement":[{"@type":"ListItem","position":1,"name":"Dom\u016f","item":"https:\/\/all4camper.com\/cs\/"},{"@type":"ListItem","position":2,"name":"Novinky - Kempov\u00e1n\u00ed a karavaning","item":"https:\/\/all4camper.com\/cs\/category\/novinky-kempovani-a-karavaning\/"},{"@type":"ListItem","position":3,"name":"Chyst\u00e1te se jet se psem do zahrani\u010d\u00ed?"}]},{"@type":"WebSite","@id":"https:\/\/all4camper.com\/cs\/#website","url":"https:\/\/all4camper.com\/cs\/","name":"All4Camper","description":"Nejv\u011bt\u0161\u00ed online magaz\u00edn o kempov\u00e1n\u00ed a karavaninku. V\u00edce jak 900 \u010dl\u00e1nk\u016f pln\u00fdch rad a tip\u016f o kempech a kempov\u00e1n\u00ed.","publisher":{"@id":"https:\/\/all4camper.com\/cs\/#organization"},"potentialAction":[{"@type":"SearchAction","target":{"@type":"EntryPoint","urlTemplate":"https:\/\/all4camper.com\/cs\/?s={search_term_string}"},"query-input":{"@type":"PropertyValueSpecification","valueRequired":true,"valueName":"search_term_string"}}],"inLanguage":"cs"},{"@type":"Organization","@id":"https:\/\/all4camper.com\/cs\/#organization","name":"All4Camper - kempujeme s Kl\u00e1rou","url":"https:\/\/all4camper.com\/cs\/","logo":{"@type":"ImageObject","inLanguage":"cs","@id":"https:\/\/all4camper.com\/cs\/#\/schema\/logo\/image\/","url":"https:\/\/all4camper.com\/wp-content\/uploads\/2018\/09\/novelogo.png","contentUrl":"https:\/\/all4camper.com\/wp-content\/uploads\/2018\/09\/novelogo.png","width":1520,"height":600,"caption":"All4Camper - kempujeme s Kl\u00e1rou"},"image":{"@id":"https:\/\/all4camper.com\/cs\/#\/schema\/logo\/image\/"}},{"@type":"Person","@id":"https:\/\/all4camper.com\/cs\/#\/schema\/person\/9349489688d4c221ca0fc39ae6bcb70b","name":"Kate\u0159ina","url":"https:\/\/all4camper.com\/cs\/author\/kterina\/"}]}},"_links":{"self":[{"href":"https:\/\/all4camper.com\/cs\/wp-json\/wp\/v2\/posts\/136350","targetHints":{"allow":["GET"]}}],"collection":[{"href":"https:\/\/all4camper.com\/cs\/wp-json\/wp\/v2\/posts"}],"about":[{"href":"https:\/\/all4camper.com\/cs\/wp-json\/wp\/v2\/types\/post"}],"author":[{"embeddable":true,"href":"https:\/\/all4camper.com\/cs\/wp-json\/wp\/v2\/users\/161"}],"replies":[{"embeddable":true,"href":"https:\/\/all4camper.com\/cs\/wp-json\/wp\/v2\/comments?post=136350"}],"version-history":[{"count":0,"href":"https:\/\/all4camper.com\/cs\/wp-json\/wp\/v2\/posts\/136350\/revisions"}],"wp:featuredmedia":[{"embeddable":true,"href":"https:\/\/all4camper.com\/cs\/wp-json\/wp\/v2\/media\/136976"}],"wp:attachment":[{"href":"https:\/\/all4camper.com\/cs\/wp-json\/wp\/v2\/media?parent=136350"}],"wp:term":[{"taxonomy":"category","embeddable":true,"href":"https:\/\/all4camper.com\/cs\/wp-json\/wp\/v2\/categories?post=136350"},{"taxonomy":"post_tag","embeddable":true,"href":"https:\/\/all4camper.com\/cs\/wp-json\/wp\/v2\/tags?post=136350"}],"curies":[{"name":"wp","href":"https:\/\/api.w.org\/{rel}","templated":true}]}}