{"id":136184,"date":"2021-08-04T10:28:05","date_gmt":"2021-08-04T08:28:05","guid":{"rendered":"https:\/\/all4camper.com\/\/?p=136184"},"modified":"2021-08-04T12:12:16","modified_gmt":"2021-08-04T10:12:16","slug":"uzijte-si-koupani-kempovani-a-vylety-tam-kde-uz-na-jare-je-teplota-28-stupnu","status":"publish","type":"post","link":"https:\/\/all4camper.com\/cs\/uzijte-si-koupani-kempovani-a-vylety-tam-kde-uz-na-jare-je-teplota-28-stupnu\/","title":{"rendered":"U\u017eijte si koup\u00e1n\u00ed, kempov\u00e1n\u00ed a v\u00fdlety tam, kde u\u017e na ja\u0159e je teplota 28 stup\u0148\u016f"},"content":{"rendered":"\n<p><strong>\u0160pan\u011blsk\u00e9 pob\u0159e\u017e\u00ed St\u0159edozemn\u00edho mo\u0159e je dlouh\u00e9 1663 kilometr\u016f, a snad t\u00e9m\u011b\u0159 v\u0161ichni ji\u017e n\u011bkdy sly\u0161eli o pob\u0159e\u017e\u00ed Costa Brava, neboli o Divok\u00e9m pob\u0159e\u017e\u00ed. M\u00e1lokdo ale v\u00ed, \u017ee cel\u00e9 st\u0159edozemn\u00ed \u0161pan\u011blsk\u00e9 pob\u0159e\u017e\u00ed je rozkouskov\u00e1no na jednotliv\u00e9 \u010d\u00e1sti, kter\u00e9 z\u00edskaly sv\u00e9 n\u00e1zvy v&nbsp;pades\u00e1t\u00fdch letech minul\u00e9ho stolet\u00ed pod vlivem rozvoje turistick\u00e9ho ruchu.&nbsp;O n\u011bco ji\u017en\u011bji ne\u017e pob\u0159e\u017e\u00ed provincie Valencie le\u017e\u00ed <\/strong><a href=\"https:\/\/www.spain.info\/en\/region\/costa-blanca\/\" target=\"_blank\" rel=\"noreferrer noopener\"><strong>Costa Blanca<\/strong><\/a><strong> neboli B\u00edl\u00e9 pob\u0159e\u017e\u00ed.<\/strong><\/p>\n\n\n\n<figure class=\"wp-block-image size-full\"><img loading=\"lazy\" decoding=\"async\" width=\"1500\" height=\"999\" src=\"https:\/\/all4camper.com\/\/wp-content\/uploads\/2021\/08\/ALICANTE.png\" alt=\"\" class=\"wp-image-136228\" srcset=\"https:\/\/all4camper.com\/wp-content\/uploads\/2021\/08\/ALICANTE.png 1500w, https:\/\/all4camper.com\/wp-content\/uploads\/2021\/08\/ALICANTE-300x200.png 300w, https:\/\/all4camper.com\/wp-content\/uploads\/2021\/08\/ALICANTE-150x100.png 150w, https:\/\/all4camper.com\/wp-content\/uploads\/2021\/08\/ALICANTE-768x511.png 768w, https:\/\/all4camper.com\/wp-content\/uploads\/2021\/08\/ALICANTE-696x464.png 696w, https:\/\/all4camper.com\/wp-content\/uploads\/2021\/08\/ALICANTE-1068x711.png 1068w\" sizes=\"auto, (max-width: 1500px) 100vw, 1500px\" \/><\/figure>\n\n\n\n<h2 class=\"wp-block-heading\">M\u011bsto, kde je u\u017e na ja\u0159e teplota 28 stup\u0148\u016f<\/h2>\n\n\n\n<p>Hlavn\u00ed m\u011bsto <a href=\"about:blank\">Alicante<\/a> v\u00e1s p\u0159iv\u00edt\u00e1 oslepuj\u00edc\u00edm sv\u011btlem. Slunce se toti\u017e v&nbsp;tomto kraji odr\u00e1\u017e\u00ed od skalnat\u00e9ho poho\u0159\u00ed a jeho paprsky tak vytv\u00e1\u0159\u00ed nep\u0159ebernou \u0161k\u00e1lu jasn\u00fdch b\u011blostn\u00fdch odst\u00edn\u016f. <strong>Proto tak\u00e9 m\u00edstn\u00ed \u0159\u00edkaj\u00ed, \u017ee jsou zamilovan\u00ed do sv\u00e9ho sv\u011btla a pob\u0159e\u017e\u00ed tohoto kraje se naz\u00fdv\u00e1 B\u00edl\u00e9.<\/strong> <strong>P\u0159\u00edjemn\u00e1 teplota dvacet osm stup\u0148\u016f na za\u010d\u00e1tku jara<\/strong> je slu\u0161n\u00e1 teplota, a m\u00edstn\u00ed i cizinci tady obsad\u00ed hned, jak vyjdou prvn\u00ed jarn\u00ed paprsky, v\u0161echna leh\u00e1tka na hlavn\u00ed m\u011bstsk\u00e9 pl\u00e1\u017ei Postiguat (<a href=\"https:\/\/goo.gl\/maps\/TZmaqq9bd3Ut7CHW9\" target=\"_blank\" rel=\"noreferrer noopener nofollow\">mapa<\/a>).<\/p>\n\n\n\n<p>Mimochodem, <strong>pl\u00e1\u017ee v Alicante jsou rok co rok oce\u0148ov\u00e1ny<\/strong> Evropskou uni\u00ed p\u0159id\u011blen\u00edm tzv. Modr\u00e9 vlajky, co\u017e jim d\u00e1v\u00e1 <strong>mezin\u00e1rodn\u00ed presti\u017e<\/strong>. Nejlep\u0161\u00ed pl\u00e1\u017ee ve m\u011bst\u011b a jeho okol\u00ed tak jsou <a href=\"https:\/\/goo.gl\/maps\/v7ooS4iKHhCjT2DG9\" target=\"_blank\" rel=\"noreferrer noopener nofollow\">San Juan<\/a>, z\u00e1toky Cabo de la Huerta, <a href=\"https:\/\/goo.gl\/maps\/yGvhoFAkfuQ9mVFx9\" target=\"_blank\" rel=\"noreferrer noopener nofollow\">Almadraba<\/a>, <a href=\"https:\/\/goo.gl\/maps\/4nd9AVm6NWiLphqS6\" target=\"_blank\" rel=\"noreferrer noopener\">La Albufereta<\/a>, <a href=\"https:\/\/goo.gl\/maps\/TZmaqq9bd3Ut7CHW9\" target=\"_blank\" rel=\"noreferrer noopener\">Postiguet<\/a>, <a href=\"https:\/\/goo.gl\/maps\/YQrXM7AwRLcMrJ1R6\" target=\"_blank\" rel=\"noreferrer noopener nofollow\">Saladares<\/a> &#8211; Urbanova \u010di <a href=\"https:\/\/goo.gl\/maps\/hZYkzJU23p7poCsCA\" target=\"_blank\" rel=\"noreferrer noopener nofollow\">Cap de l&#8217;Horta<\/a> (pobl\u00ed\u017e t\u00e9to posledn\u00ed pl\u00e1\u017ee je dokonce velmi hezk\u00e1 p\u011b\u0161\u00ed stezka &#8211; <a href=\"https:\/\/www.alicanteturismo.com\/wp-content\/uploads\/2015\/03\/guia-senderos-cabo-de-la-huerta-adjunto_110_1.pdf\" target=\"_blank\" rel=\"noreferrer noopener nofollow\">info tady<\/a>). Detailn\u00ed informace o pl\u00e1\u017e\u00edch si p\u0159e\u010dtete <a href=\"https:\/\/www.alicanteturismo.com\/en\/alicante-beaches\/\" target=\"_blank\" rel=\"noreferrer noopener nofollow\">tady<\/a>.<\/p>\n\n\n\n<figure class=\"wp-block-image size-large\"><img loading=\"lazy\" decoding=\"async\" width=\"1625\" height=\"1080\" src=\"https:\/\/all4camper.com\/\/wp-content\/uploads\/2021\/08\/Foto_Elu_playadelaAlbufereta2016-19-1625x1080.jpeg\" alt=\"\" class=\"wp-image-136188\" srcset=\"https:\/\/all4camper.com\/wp-content\/uploads\/2021\/08\/Foto_Elu_playadelaAlbufereta2016-19-1625x1080.jpeg 1625w, https:\/\/all4camper.com\/wp-content\/uploads\/2021\/08\/Foto_Elu_playadelaAlbufereta2016-19-300x199.jpeg 300w, https:\/\/all4camper.com\/wp-content\/uploads\/2021\/08\/Foto_Elu_playadelaAlbufereta2016-19-150x100.jpeg 150w, https:\/\/all4camper.com\/wp-content\/uploads\/2021\/08\/Foto_Elu_playadelaAlbufereta2016-19-768x510.jpeg 768w, https:\/\/all4camper.com\/wp-content\/uploads\/2021\/08\/Foto_Elu_playadelaAlbufereta2016-19-1536x1021.jpeg 1536w, https:\/\/all4camper.com\/wp-content\/uploads\/2021\/08\/Foto_Elu_playadelaAlbufereta2016-19-696x462.jpeg 696w, https:\/\/all4camper.com\/wp-content\/uploads\/2021\/08\/Foto_Elu_playadelaAlbufereta2016-19-1068x710.jpeg 1068w, https:\/\/all4camper.com\/wp-content\/uploads\/2021\/08\/Foto_Elu_playadelaAlbufereta2016-19.jpeg 1800w\" sizes=\"auto, (max-width: 1625px) 100vw, 1625px\" \/><figcaption>Pl\u00e1\u017e La Albufereta<\/figcaption><\/figure>\n\n\n\n<figure class=\"wp-block-image size-large\"><img loading=\"lazy\" decoding=\"async\" width=\"1620\" height=\"1080\" src=\"https:\/\/all4camper.com\/\/wp-content\/uploads\/2021\/08\/cabo-de-la-huerta-Alicante-2000px-32-1620x1080.jpeg\" alt=\"\" class=\"wp-image-136191\" srcset=\"https:\/\/all4camper.com\/wp-content\/uploads\/2021\/08\/cabo-de-la-huerta-Alicante-2000px-32-1620x1080.jpeg 1620w, https:\/\/all4camper.com\/wp-content\/uploads\/2021\/08\/cabo-de-la-huerta-Alicante-2000px-32-300x200.jpeg 300w, https:\/\/all4camper.com\/wp-content\/uploads\/2021\/08\/cabo-de-la-huerta-Alicante-2000px-32-150x100.jpeg 150w, https:\/\/all4camper.com\/wp-content\/uploads\/2021\/08\/cabo-de-la-huerta-Alicante-2000px-32-768x512.jpeg 768w, https:\/\/all4camper.com\/wp-content\/uploads\/2021\/08\/cabo-de-la-huerta-Alicante-2000px-32-1536x1024.jpeg 1536w, https:\/\/all4camper.com\/wp-content\/uploads\/2021\/08\/cabo-de-la-huerta-Alicante-2000px-32-696x464.jpeg 696w, https:\/\/all4camper.com\/wp-content\/uploads\/2021\/08\/cabo-de-la-huerta-Alicante-2000px-32-1068x712.jpeg 1068w, https:\/\/all4camper.com\/wp-content\/uploads\/2021\/08\/cabo-de-la-huerta-Alicante-2000px-32-1920x1280.jpeg 1920w, https:\/\/all4camper.com\/wp-content\/uploads\/2021\/08\/cabo-de-la-huerta-Alicante-2000px-32.jpeg 2000w\" sizes=\"auto, (max-width: 1620px) 100vw, 1620px\" \/><figcaption>Pl\u00e1\u017e Cabo de la Huerta<\/figcaption><\/figure>\n\n\n\n<p>Kdy\u017e u\u017e zde budete, tak doporu\u010duji nevynechat ani <strong>nedalek\u00fd ostrov Tabarca<\/strong>, co\u017e je jedin\u00fd obydlen\u00fd ostrov v regionu Valencie. Informace jak se na n\u011bj dostanete se dozv\u00edte <a href=\"https:\/\/www.alicanteturismo.com\/en\/tabarca-island\/\" target=\"_blank\" rel=\"noreferrer noopener nofollow\">tady<\/a>.<\/p>\n\n\n\n<figure class=\"wp-block-embed is-type-video is-provider-youtube wp-block-embed-youtube wp-embed-aspect-16-9 wp-has-aspect-ratio\"><div class=\"wp-block-embed__wrapper\">\n<iframe loading=\"lazy\" title=\"Tabarca, reserva marina del Mediterr\u00e1neo\" width=\"696\" height=\"392\" src=\"https:\/\/www.youtube.com\/embed\/VGfIz__OjPk?feature=oembed\" frameborder=\"0\" allow=\"accelerometer; autoplay; clipboard-write; encrypted-media; gyroscope; picture-in-picture\" allowfullscreen><\/iframe>\n<\/div><\/figure>\n\n\n\n<h2 class=\"wp-block-heading\">Region Alicante<\/h2>\n\n\n\n<p>Dv\u011b m\u011bsta v\u00e9vod\u00ed alicantsk\u00e9mu regionu &#8211; Alicante a <strong>Benidorm<\/strong>. Zat\u00edmco Alicante je m\u011bsto stoj\u00edc\u00ed na \u0159\u00edmsk\u00fdch a maursk\u00fdch z\u00e1kladech, historie Benidormu je spjat\u00e1 s&nbsp;rozvojem turistick\u00e9ho ruchu v&nbsp;pades\u00e1t\u00fdch letech minul\u00e9ho stolet\u00ed. Tehdy se stal starostou na cel\u00fdch 17 let Pedro Zaragoza, kter\u00fd rozhodl o<strong> p\u0159em\u011bn\u011b Benidormu a z&nbsp;mal\u00e9 ryb\u00e1\u0159sk\u00e9 vesni\u010dky se stal \u0161pan\u011blsk\u00fd Manhatton<\/strong>. Opravdu zde tr\u010d\u00ed <strong>jeden mrakodrap vedle druh\u00e9ho<\/strong> a n\u011bkter\u00e9 modern\u00ed v\u00fd\u0161kov\u00e9 budovy nab\u00edzej\u00ed t\u011bm, co netrp\u00ed z\u00e1vrat\u00ed, skv\u011bl\u00e9 v\u00fdhledy na m\u011bsto i na mo\u0159e z&nbsp;venkovn\u00edch v\u00fdtah\u016f, kter\u00e9 se plaz\u00ed po skeletu jak mal\u00ed brou\u010dci.<\/p>\n\n\n\n<figure class=\"wp-block-image size-full\"><img loading=\"lazy\" decoding=\"async\" width=\"1280\" height=\"831\" src=\"https:\/\/all4camper.com\/\/wp-content\/uploads\/2021\/08\/benidorm-5118539_1280.jpg\" alt=\"\" class=\"wp-image-136194\" srcset=\"https:\/\/all4camper.com\/wp-content\/uploads\/2021\/08\/benidorm-5118539_1280.jpg 1280w, https:\/\/all4camper.com\/wp-content\/uploads\/2021\/08\/benidorm-5118539_1280-300x195.jpg 300w, https:\/\/all4camper.com\/wp-content\/uploads\/2021\/08\/benidorm-5118539_1280-150x97.jpg 150w, https:\/\/all4camper.com\/wp-content\/uploads\/2021\/08\/benidorm-5118539_1280-768x499.jpg 768w, https:\/\/all4camper.com\/wp-content\/uploads\/2021\/08\/benidorm-5118539_1280-696x452.jpg 696w, https:\/\/all4camper.com\/wp-content\/uploads\/2021\/08\/benidorm-5118539_1280-1068x693.jpg 1068w\" sizes=\"auto, (max-width: 1280px) 100vw, 1280px\" \/><figcaption><meta charset=\"utf-8\">Benidorm<\/figcaption><\/figure>\n\n\n\n<p>Onen osv\u00edcen\u00fd starosta se dokonce vydal na mopedu Vespa na \u00famornou cestu po tehdej\u0161\u00edch pra\u0161n\u00fdch silni\u010dk\u00e1ch do 400 kilometr\u016f vzd\u00e1len\u00e9ho Madridu, aby p\u0159emluvil Francisca Franca a z\u00edskal svolen\u00ed k&nbsp;produc\u00edrov\u00e1n\u00ed se na benidormsk\u00fdch pl\u00e1\u017e\u00edch v&nbsp;bikin\u00e1ch. I p\u0159es klatbu, do kter\u00e9 jej cht\u011bl uvrhnout tehdej\u0161\u00ed arcibiskup, dok\u00e1zal nakonec povolen\u00ed z\u00edskat a usm\u00ed\u0159it si v\u0161echny strany. <strong>Franco a jeho man\u017eelka byli pot\u011b\u0161eni vznikem prvn\u00edho velk\u00e9ho hudebn\u00edho festivalu, z&nbsp;kter\u00e9ho vze\u0161el \u0161pan\u011blsk\u00fd Karel Gott, tedy Julio Iglesias<\/strong>, jeho\u017e syn Enrique dob\u00fdv\u00e1 dne\u0161n\u00ed p\u011bveck\u00e9 ar\u00e9ny. O tomto po\u010dinu vznikl dokonce kr\u00e1tkometr\u00e1\u017en\u00ed film nazvan\u00fd prost\u011b a jednodu\u0161e Bikini. Arcibiskup byl nakonec tak\u00e9 spokojen a na znamen\u00ed sm\u00ed\u0159livosti s&nbsp;novou dobou v&nbsp;pl\u00e1\u017eov\u00e9 m\u00f3d\u011b zorganizoval velk\u00e9 proces\u00ed z&nbsp;m\u00edstn\u00edho kostela svat\u00e9ho Jakuba <strong>a\u017e na jeden z&nbsp;vrcholk\u016f Sierry Helady <\/strong>(<a href=\"https:\/\/goo.gl\/maps\/neBzoRK7nHGik4k79\" target=\"_blank\" rel=\"noreferrer noopener nofollow\">mapa<\/a>), kde je dodnes zasazen velk\u00fd k\u0159\u00ed\u017e. Sice u\u017e nen\u00ed p\u016fvodn\u00ed, ale ten nov\u00fd, z&nbsp;betonu, sv\u00edt\u00ed v&nbsp;noci jako by to byl maj\u00e1k. Vyjet sem m\u016f\u017eete autem anebo l\u00e9pe na kole nebo p\u011b\u0161ky.<\/p>\n\n\n\n<figure class=\"wp-block-image size-large\"><img loading=\"lazy\" decoding=\"async\" width=\"1626\" height=\"1080\" src=\"https:\/\/all4camper.com\/\/wp-content\/uploads\/2021\/08\/P-N-SIERRA-HELADA-FARO-DEL-ALBIR-ALFAS-DEL-PI-1626x1080.jpg\" alt=\"\" class=\"wp-image-136197\" srcset=\"https:\/\/all4camper.com\/wp-content\/uploads\/2021\/08\/P-N-SIERRA-HELADA-FARO-DEL-ALBIR-ALFAS-DEL-PI-1626x1080.jpg 1626w, https:\/\/all4camper.com\/wp-content\/uploads\/2021\/08\/P-N-SIERRA-HELADA-FARO-DEL-ALBIR-ALFAS-DEL-PI-300x199.jpg 300w, https:\/\/all4camper.com\/wp-content\/uploads\/2021\/08\/P-N-SIERRA-HELADA-FARO-DEL-ALBIR-ALFAS-DEL-PI-150x100.jpg 150w, https:\/\/all4camper.com\/wp-content\/uploads\/2021\/08\/P-N-SIERRA-HELADA-FARO-DEL-ALBIR-ALFAS-DEL-PI-768x510.jpg 768w, https:\/\/all4camper.com\/wp-content\/uploads\/2021\/08\/P-N-SIERRA-HELADA-FARO-DEL-ALBIR-ALFAS-DEL-PI-1536x1021.jpg 1536w, https:\/\/all4camper.com\/wp-content\/uploads\/2021\/08\/P-N-SIERRA-HELADA-FARO-DEL-ALBIR-ALFAS-DEL-PI-2048x1361.jpg 2048w, https:\/\/all4camper.com\/wp-content\/uploads\/2021\/08\/P-N-SIERRA-HELADA-FARO-DEL-ALBIR-ALFAS-DEL-PI-696x462.jpg 696w, https:\/\/all4camper.com\/wp-content\/uploads\/2021\/08\/P-N-SIERRA-HELADA-FARO-DEL-ALBIR-ALFAS-DEL-PI-1068x710.jpg 1068w, https:\/\/all4camper.com\/wp-content\/uploads\/2021\/08\/P-N-SIERRA-HELADA-FARO-DEL-ALBIR-ALFAS-DEL-PI-1920x1276.jpg 1920w\" sizes=\"auto, (max-width: 1626px) 100vw, 1626px\" \/><figcaption>COSTA BLANCA. Parque Natural SIERRA HELADA (Serra Gelada). Faro de L\u00b4Albir.<\/figcaption><\/figure>\n\n\n\n<p><a href=\"about:blank\">Provincie Alicante<\/a> v\u0161ak nab\u00edz\u00ed tak\u00e9 \u00fa\u017easn\u00e1 mal\u00e1 m\u011bsta na pob\u0159e\u017e\u00ed jako Altea (<a href=\"https:\/\/goo.gl\/maps\/gq3xLkR21BNg57jP6\" target=\"_blank\" rel=\"noreferrer noopener nofollow\">mapa<\/a>), <a href=\"https:\/\/goo.gl\/maps\/PoyLEYQdx7yT7zQx8\" target=\"_blank\" rel=\"noreferrer noopener nofollow\">J\u00e1vea<\/a> \u010di <a href=\"https:\/\/goo.gl\/maps\/WdrSyPREq3DMcEmy5\" target=\"_blank\" rel=\"noreferrer noopener\">Calpe<\/a>, a zahrani\u010dn\u00ed turistikou netknut\u00e9 vnitrozem\u00ed s&nbsp;n\u00e1dhernou p\u0159\u00edrodou. I tato m\u00edsta doporu\u010duji p\u0159i va\u0161em putov\u00e1n\u00ed t\u00edmto regionem nav\u0161t\u00edvit. <strong>Mnoho dal\u0161\u00edch informac\u00ed pln\u00fdch tip\u016f na v\u00fdlety najdete tak\u00e9 <a href=\"https:\/\/www.comunitatvalenciana.com\/en\/alacant-alicante\" target=\"_blank\" rel=\"noreferrer noopener nofollow\">tady<\/a>.<\/strong><\/p>\n\n\n\n<figure class=\"wp-block-embed is-type-video is-provider-youtube wp-block-embed-youtube wp-embed-aspect-16-9 wp-has-aspect-ratio\"><div class=\"wp-block-embed__wrapper\">\n<iframe loading=\"lazy\" title=\"Alicante\" width=\"696\" height=\"392\" src=\"https:\/\/www.youtube.com\/embed\/pkBpOXUkqoc?feature=oembed\" frameborder=\"0\" allow=\"accelerometer; autoplay; clipboard-write; encrypted-media; gyroscope; picture-in-picture\" allowfullscreen><\/iframe>\n<\/div><\/figure>\n\n\n\n<div class=\"wp-block-columns is-layout-flex wp-container-core-columns-is-layout-9d6595d7 wp-block-columns-is-layout-flex\">\n<div class=\"wp-block-column is-layout-flow wp-block-column-is-layout-flow\" style=\"flex-basis:66.66%\">\n<figure class=\"wp-block-image size-large\"><img loading=\"lazy\" decoding=\"async\" width=\"1080\" height=\"1080\" src=\"https:\/\/all4camper.com\/\/wp-content\/uploads\/2021\/08\/Denia-1080x1080.png\" alt=\"\" class=\"wp-image-136201\" srcset=\"https:\/\/all4camper.com\/wp-content\/uploads\/2021\/08\/Denia-1080x1080.png 1080w, https:\/\/all4camper.com\/wp-content\/uploads\/2021\/08\/Denia-300x300.png 300w, https:\/\/all4camper.com\/wp-content\/uploads\/2021\/08\/Denia-150x150.png 150w, https:\/\/all4camper.com\/wp-content\/uploads\/2021\/08\/Denia-768x768.png 768w, https:\/\/all4camper.com\/wp-content\/uploads\/2021\/08\/Denia-696x696.png 696w, https:\/\/all4camper.com\/wp-content\/uploads\/2021\/08\/Denia-1068x1068.png 1068w, https:\/\/all4camper.com\/wp-content\/uploads\/2021\/08\/Denia.png 1127w\" sizes=\"auto, (max-width: 1080px) 100vw, 1080px\" \/><\/figure>\n<\/div>\n\n\n\n<div class=\"wp-block-column is-layout-flow wp-block-column-is-layout-flow\" style=\"flex-basis:33.33%\">\n<p><\/p>\n\n\n\n<p><strong>Denia<\/strong> \u2013 m\u011bsto le\u017e\u00edc\u00ed u St\u0159edozemn\u00edho mo\u0159e, kter\u00e9 m\u00e1 tak skv\u011bl\u00e9 a blahod\u00e1rn\u00e9 klima, \u017ee mu dokonce postavili pomn\u00edk.&nbsp; Kouzeln\u00fd ryb\u00e1\u0159sk\u00fd p\u0159\u00edstav, horsk\u00fd mas\u00edv Montg\u00f3, skv\u011bl\u00e9&nbsp; a dlouh\u00e9 p\u00eds\u010dit\u00e9 pl\u00e1\u017ee a okol\u00ed vyz\u00fdvaj\u00edc\u00ed k&nbsp;cyklistice. Pouh\u00fdch 90 km od <strong>Alicante<\/strong>.<\/p>\n<\/div>\n<\/div>\n\n\n\n<div class=\"wp-block-columns is-layout-flex wp-container-core-columns-is-layout-9d6595d7 wp-block-columns-is-layout-flex\">\n<div class=\"wp-block-column is-layout-flow wp-block-column-is-layout-flow\" style=\"flex-basis:66.66%\">\n<figure class=\"wp-block-image size-large\"><img loading=\"lazy\" decoding=\"async\" width=\"1082\" height=\"1080\" src=\"https:\/\/all4camper.com\/\/wp-content\/uploads\/2021\/08\/CALPE-1082x1080.png\" alt=\"\" class=\"wp-image-136210\" srcset=\"https:\/\/all4camper.com\/wp-content\/uploads\/2021\/08\/CALPE-1082x1080.png 1082w, https:\/\/all4camper.com\/wp-content\/uploads\/2021\/08\/CALPE-300x299.png 300w, https:\/\/all4camper.com\/wp-content\/uploads\/2021\/08\/CALPE-150x150.png 150w, https:\/\/all4camper.com\/wp-content\/uploads\/2021\/08\/CALPE-768x767.png 768w, https:\/\/all4camper.com\/wp-content\/uploads\/2021\/08\/CALPE-696x695.png 696w, https:\/\/all4camper.com\/wp-content\/uploads\/2021\/08\/CALPE-1068x1066.png 1068w, https:\/\/all4camper.com\/wp-content\/uploads\/2021\/08\/CALPE.png 1127w\" sizes=\"auto, (max-width: 1082px) 100vw, 1082px\" \/><\/figure>\n\n\n\n<p><\/p>\n<\/div>\n\n\n\n<div class=\"wp-block-column is-layout-flow wp-block-column-is-layout-flow\" style=\"flex-basis:33.33%\">\n<p><\/p>\n\n\n\n<p><strong>Calpe<\/strong>, m\u011bsto na pob\u0159e\u017e\u00ed <strong>Costa Blanca<\/strong>, om\u00fdvan\u00e9 vodami St\u0159edozemn\u00edho mo\u0159e. <strong>Symbolem m\u011bsta je v\u00e1pencov\u00e1 sk\u00e1la Pe\u0148\u00f3n <\/strong>de Ifach, kter\u00e1 vystupuje z mo\u0159e a p\u016fsob\u00ed doslova magicky. V roce 1987 byla vyhl\u00e1\u0161ena dokonce p\u0159\u00edrodn\u00ed rezervac\u00ed. <\/p>\n<\/div>\n<\/div>\n\n\n\n<p>Nedaleko ryb\u00e1\u0159sk\u00e9ho p\u0159\u00edstavu, kam se ka\u017ed\u00e9 odpoledne ryb\u00e1\u0159i vracej\u00ed s \u010derstv\u00fdmi \u00falovky, je rozeseto n\u011bkolik specializovan\u00fdch restaurac\u00ed, kde si m\u016f\u017eete pochutnat na ryb\u00e1ch, krevet\u00e1ch \u010di langust\u00e1ch.<\/p>\n\n\n\n<div class=\"wp-block-columns is-layout-flex wp-container-core-columns-is-layout-9d6595d7 wp-block-columns-is-layout-flex\">\n<div class=\"wp-block-column is-layout-flow wp-block-column-is-layout-flow\" style=\"flex-basis:66.66%\">\n<figure class=\"wp-block-image size-large\"><img loading=\"lazy\" decoding=\"async\" width=\"1082\" height=\"1080\" src=\"https:\/\/all4camper.com\/\/wp-content\/uploads\/2021\/08\/Biar-1082x1080.png\" alt=\"\" class=\"wp-image-136216\" srcset=\"https:\/\/all4camper.com\/wp-content\/uploads\/2021\/08\/Biar-1082x1080.png 1082w, https:\/\/all4camper.com\/wp-content\/uploads\/2021\/08\/Biar-300x299.png 300w, https:\/\/all4camper.com\/wp-content\/uploads\/2021\/08\/Biar-150x150.png 150w, https:\/\/all4camper.com\/wp-content\/uploads\/2021\/08\/Biar-768x767.png 768w, https:\/\/all4camper.com\/wp-content\/uploads\/2021\/08\/Biar-696x695.png 696w, https:\/\/all4camper.com\/wp-content\/uploads\/2021\/08\/Biar-1068x1066.png 1068w, https:\/\/all4camper.com\/wp-content\/uploads\/2021\/08\/Biar.png 1127w\" sizes=\"auto, (max-width: 1082px) 100vw, 1082px\" \/><\/figure>\n<\/div>\n\n\n\n<div class=\"wp-block-column is-layout-flow wp-block-column-is-layout-flow\" style=\"flex-basis:33.33%\">\n<p><strong>Biar<\/strong> le\u017e\u00ed na \u00fapat\u00ed poho\u0159\u00ed Serra de Mariola, v \u00fadol\u00ed prot\u00e9k\u00e1 \u0159eka Vinalop\u00f3. Pouh\u00fdch 39 km od <strong>Alicante<\/strong> sm\u011brem do vnitrozem\u00ed se v\u00e1m otev\u0159e sv\u011bt tradic, dom\u00e1c\u00edho j\u00eddla, n\u00e1dhern\u00e9 keramiky a hlavn\u011b \u00fa\u017easn\u00e9 st\u0159edozemn\u00ed p\u0159\u00edrody. Nab\u00edz\u00ed p\u0159\u00edrodn\u00ed stezky po vrcholc\u00edch m\u00edstn\u00edch hor, kter\u00e9 dosahuj\u00ed p\u0159\u00edjemn\u00e9 v\u00fd\u0161ky kolem 1.100 metr\u016f.<\/p>\n<\/div>\n<\/div>\n\n\n\n<div class=\"wp-block-columns is-layout-flex wp-container-core-columns-is-layout-9d6595d7 wp-block-columns-is-layout-flex\">\n<div class=\"wp-block-column is-layout-flow wp-block-column-is-layout-flow\" style=\"flex-basis:66.66%\">\n<figure class=\"wp-block-image size-large\"><img loading=\"lazy\" decoding=\"async\" width=\"1082\" height=\"1080\" src=\"https:\/\/all4camper.com\/\/wp-content\/uploads\/2021\/08\/ELCHE-1082x1080.png\" alt=\"\" class=\"wp-image-136219\" srcset=\"https:\/\/all4camper.com\/wp-content\/uploads\/2021\/08\/ELCHE-1082x1080.png 1082w, https:\/\/all4camper.com\/wp-content\/uploads\/2021\/08\/ELCHE-300x299.png 300w, https:\/\/all4camper.com\/wp-content\/uploads\/2021\/08\/ELCHE-150x150.png 150w, https:\/\/all4camper.com\/wp-content\/uploads\/2021\/08\/ELCHE-768x767.png 768w, https:\/\/all4camper.com\/wp-content\/uploads\/2021\/08\/ELCHE-696x695.png 696w, https:\/\/all4camper.com\/wp-content\/uploads\/2021\/08\/ELCHE-1068x1066.png 1068w, https:\/\/all4camper.com\/wp-content\/uploads\/2021\/08\/ELCHE.png 1127w\" sizes=\"auto, (max-width: 1082px) 100vw, 1082px\" \/><\/figure>\n<\/div>\n\n\n\n<div class=\"wp-block-column is-layout-flow wp-block-column-is-layout-flow\" style=\"flex-basis:33.33%\">\n<p><strong>Elche<\/strong>, palmov\u00e9 srdce \u0160pan\u011blska i Evropy. Necel\u00fdch 20 kilometr\u016f od <strong>Alicante<\/strong>, se rozkl\u00e1d\u00e1 m\u011bste\u010dko Elche. Pr\u00e1v\u011b zde se nach\u00e1z\u00ed nejv\u011bt\u0161\u00ed palmov\u00fd h\u00e1j v Evrop\u011b. El Palmeral de Elche, jak zn\u00ed jeho ofici\u00e1ln\u00ed n\u00e1zev, \u010d\u00edt\u00e1 na dv\u011b st\u011b tis\u00edc strom\u016f. Proto snad nikoho ani neudiv\u00ed, \u017ee se palma datlov\u00e1 stala i hlavn\u00edm symbolem m\u011bsta. <\/p>\n<\/div>\n<\/div>\n\n\n\n<p>D\u00edky sv\u00e9 jedine\u010dn\u00e9 kr\u00e1se, bohat\u00e9 historii a neb\u00fdval\u00e9 rozloze byl palmov\u00fd h\u00e1j v roce 2000 za\u0159azen na seznam sv\u011btov\u00e9ho d\u011bdictv\u00ed UNESCO.<\/p>\n\n\n\n<div class=\"wp-block-columns is-layout-flex wp-container-core-columns-is-layout-9d6595d7 wp-block-columns-is-layout-flex\">\n<div class=\"wp-block-column is-layout-flow wp-block-column-is-layout-flow\" style=\"flex-basis:66.66%\">\n<figure class=\"wp-block-image size-large\"><img loading=\"lazy\" decoding=\"async\" width=\"724\" height=\"1080\" src=\"https:\/\/all4camper.com\/\/wp-content\/uploads\/2021\/08\/ALTEA-724x1080.png\" alt=\"\" class=\"wp-image-136223\" srcset=\"https:\/\/all4camper.com\/wp-content\/uploads\/2021\/08\/ALTEA-724x1080.png 724w, https:\/\/all4camper.com\/wp-content\/uploads\/2021\/08\/ALTEA-201x300.png 201w, https:\/\/all4camper.com\/wp-content\/uploads\/2021\/08\/ALTEA-101x150.png 101w, https:\/\/all4camper.com\/wp-content\/uploads\/2021\/08\/ALTEA-150x224.png 150w, https:\/\/all4camper.com\/wp-content\/uploads\/2021\/08\/ALTEA-300x448.png 300w, https:\/\/all4camper.com\/wp-content\/uploads\/2021\/08\/ALTEA-696x1038.png 696w, https:\/\/all4camper.com\/wp-content\/uploads\/2021\/08\/ALTEA.png 754w\" sizes=\"auto, (max-width: 724px) 100vw, 724px\" \/><\/figure>\n<\/div>\n\n\n\n<div class=\"wp-block-column is-layout-flow wp-block-column-is-layout-flow\" style=\"flex-basis:33.33%\">\n<p><\/p>\n\n\n\n<p><strong>Altea<\/strong> je mal\u00e1 ryb\u00e1\u0159sk\u00e1 obec na pob\u0159e\u017e\u00ed <strong>Costa Blanca<\/strong>, kter\u00e1 se stala domovem pro mnoho um\u011blc\u016f z nejr\u016fzn\u011bj\u0161\u00edch kout\u016f Evropy.&nbsp; M\u011bste\u010dko bylo vystav\u011bno na vyv\u00fd\u0161enin\u011b nad mo\u0159em a je tvo\u0159eno typick\u00fdmi \u0161pan\u011blsk\u00fdmi b\u00edl\u00fdmi domky.P\u0159esto\u017ee je Altea pln\u00e1 v\u0161elijak\u00fdch zaj\u00edmavost\u00ed, z\u016fstala uchr\u00e1n\u011bna p\u0159ed masov\u00fdm p\u0159\u00edlivem turist\u016f a poskytuje tak pohodovou a romatickou atmosf\u00e9ru.<\/p>\n<\/div>\n<\/div>\n\n\n\n<h3 class=\"wp-block-heading\">A kde kempovat?<\/h3>\n\n\n\n<p>Mrkn\u011bte na <a href=\"https:\/\/www.pitchup.com\/campsites\/spain\/comunidad-valenciana\/alicante\/\" target=\"_blank\" rel=\"noreferrer noopener nofollow\">tento odkaz<\/a>. Ur\u010dit\u011b na n\u011bm najdete alespo\u0148 jeden kemp, kde budete moci str\u00e1vit p\u00e1r noc\u00ed p\u0159i pozn\u00e1v\u00e1n\u00ed Alicante.<\/p>\n\n\n\n<figure class=\"wp-block-image size-large\"><img loading=\"lazy\" decoding=\"async\" width=\"1443\" height=\"1080\" src=\"https:\/\/all4camper.com\/\/wp-content\/uploads\/2021\/08\/651111-1443x1080.jpeg\" alt=\"\" class=\"wp-image-136231\" srcset=\"https:\/\/all4camper.com\/wp-content\/uploads\/2021\/08\/651111-1443x1080.jpeg 1443w, https:\/\/all4camper.com\/wp-content\/uploads\/2021\/08\/651111-300x225.jpeg 300w, https:\/\/all4camper.com\/wp-content\/uploads\/2021\/08\/651111-150x112.jpeg 150w, https:\/\/all4camper.com\/wp-content\/uploads\/2021\/08\/651111-768x575.jpeg 768w, https:\/\/all4camper.com\/wp-content\/uploads\/2021\/08\/651111-1536x1149.jpeg 1536w, https:\/\/all4camper.com\/wp-content\/uploads\/2021\/08\/651111-696x521.jpeg 696w, https:\/\/all4camper.com\/wp-content\/uploads\/2021\/08\/651111-1068x799.jpeg 1068w, https:\/\/all4camper.com\/wp-content\/uploads\/2021\/08\/651111.jpeg 1800w\" sizes=\"auto, (max-width: 1443px) 100vw, 1443px\" \/><figcaption>Kemp Almafr\u00e1 Gran Confort<\/figcaption><\/figure>\n\n\n\n<p><strong>V\u00edce<\/strong>&nbsp;tip\u016f na zaj\u00edmavosti, v\u00fdlety a pam\u00e1tky najdete na&nbsp;<a href=\"https:\/\/www.spain.info\/en\/destination\/valencia\/\" target=\"_blank\" rel=\"noreferrer noopener nofollow\">spain.info\/en\/region\/costa-blanca\/<\/a> a tak\u00e9 na m\u00fdch str\u00e1nk\u00e1ch v rubrice \u0160pan\u011blsko&nbsp;<a href=\"\/cs?cat_ID=11546\" target=\"_blank\" rel=\"noreferrer noopener\">tady<\/a>.<\/p>\n","protected":false},"excerpt":{"rendered":"<p>\u0160pan\u011blsk\u00e9 pob\u0159e\u017e\u00ed St\u0159edozemn\u00edho mo\u0159e je dlouh\u00e9 1663 kilometr\u016f, a snad t\u00e9m\u011b\u0159 v\u0161ichni ji\u017e n\u011bkdy sly\u0161eli o pob\u0159e\u017e\u00ed Costa Brava, neboli o Divok\u00e9m pob\u0159e\u017e\u00ed. M\u00e1lokdo ale v\u00ed, \u017ee cel\u00e9 st\u0159edozemn\u00ed \u0161pan\u011blsk\u00e9 pob\u0159e\u017e\u00ed je rozkouskov\u00e1no na jednotliv\u00e9 \u010d\u00e1sti, kter\u00e9 z\u00edskaly sv\u00e9 n\u00e1zvy v&nbsp;pades\u00e1t\u00fdch letech minul\u00e9ho stolet\u00ed pod vlivem rozvoje turistick\u00e9ho ruchu.&nbsp;O n\u011bco ji\u017en\u011bji ne\u017e pob\u0159e\u017e\u00ed provincie Valencie [&hellip;]<\/p>\n","protected":false},"author":4,"featured_media":136191,"comment_status":"closed","ping_status":"open","sticky":false,"template":"","format":"standard","meta":{"_monsterinsights_skip_tracking":false,"_monsterinsights_sitenote_active":false,"_monsterinsights_sitenote_note":"","_monsterinsights_sitenote_category":0,"footnotes":""},"categories":[11546,422],"tags":[383,325,85],"class_list":{"0":"post-136184","1":"post","2":"type-post","3":"status-publish","4":"format-standard","5":"has-post-thumbnail","7":"category-kempujeme-a-cestujeme-spanelsko","8":"category-novinky-kempovani-a-karavaning","9":"tag-ostatni-zeme","11":"tag-spanelsko"},"yoast_head":"<!-- This site is optimized with the Yoast SEO plugin v27.5 - https:\/\/yoast.com\/product\/yoast-seo-wordpress\/ -->\n<title>U\u017eijte si koup\u00e1n\u00ed, kempov\u00e1n\u00ed a v\u00fdlety tam, kde u\u017e na ja\u0159e je teplota 28 stup\u0148\u016f - All4Camper<\/title>\n<meta name=\"description\" content=\"P\u0159\u00edjemn\u00e1 teplota dvacet osm stup\u0148\u016f na za\u010d\u00e1tku jara je slu\u0161n\u00e1 teplota, a m\u00edstn\u00ed i cizinci tady obsad\u00ed hned, jak vyjdou prvn\u00ed jarn\u00ed paprsky, v\u0161echna leh\u00e1tka na hlavn\u00ed m\u011bstsk\u00e9 pl\u00e1\u017ei Postiguat\" \/>\n<meta name=\"robots\" content=\"index, follow, max-snippet:-1, max-image-preview:large, max-video-preview:-1\" \/>\n<link rel=\"canonical\" href=\"https:\/\/all4camper.com\/cs\/uzijte-si-koupani-kempovani-a-vylety-tam-kde-uz-na-jare-je-teplota-28-stupnu\/\" \/>\n<meta property=\"og:locale\" content=\"cs_CZ\" \/>\n<meta property=\"og:type\" content=\"article\" \/>\n<meta property=\"og:title\" content=\"U\u017eijte si koup\u00e1n\u00ed, kempov\u00e1n\u00ed a v\u00fdlety tam, kde u\u017e na ja\u0159e je teplota 28 stup\u0148\u016f - All4Camper\" \/>\n<meta property=\"og:description\" content=\"P\u0159\u00edjemn\u00e1 teplota dvacet osm stup\u0148\u016f na za\u010d\u00e1tku jara je slu\u0161n\u00e1 teplota, a m\u00edstn\u00ed i cizinci tady obsad\u00ed hned, jak vyjdou prvn\u00ed jarn\u00ed paprsky, v\u0161echna leh\u00e1tka na hlavn\u00ed m\u011bstsk\u00e9 pl\u00e1\u017ei Postiguat\" \/>\n<meta property=\"og:url\" content=\"https:\/\/all4camper.com\/cs\/uzijte-si-koupani-kempovani-a-vylety-tam-kde-uz-na-jare-je-teplota-28-stupnu\/\" \/>\n<meta property=\"og:site_name\" content=\"All4Camper\" \/>\n<meta property=\"article:published_time\" content=\"2021-08-04T08:28:05+00:00\" \/>\n<meta property=\"article:modified_time\" content=\"2021-08-04T10:12:16+00:00\" \/>\n<meta property=\"og:image\" content=\"https:\/\/all4camper.com\/wp-content\/uploads\/2021\/08\/cabo-de-la-huerta-Alicante-2000px-32.jpeg\" \/>\n\t<meta property=\"og:image:width\" content=\"2000\" \/>\n\t<meta property=\"og:image:height\" content=\"1333\" \/>\n\t<meta property=\"og:image:type\" content=\"image\/jpeg\" \/>\n<meta name=\"author\" content=\"Kl\u00e1ra H\u00e1jkov\u00e1\" \/>\n<meta name=\"twitter:card\" content=\"summary_large_image\" \/>\n<meta name=\"twitter:label1\" content=\"Napsal(a)\" \/>\n\t<meta name=\"twitter:data1\" content=\"Kl\u00e1ra H\u00e1jkov\u00e1\" \/>\n\t<meta name=\"twitter:label2\" content=\"Odhadovan\u00e1 doba \u010dten\u00ed\" \/>\n\t<meta name=\"twitter:data2\" content=\"6 minut\" \/>\n<script type=\"application\/ld+json\" class=\"yoast-schema-graph\">{\"@context\":\"https:\\\/\\\/schema.org\",\"@graph\":[{\"@type\":\"Article\",\"@id\":\"https:\\\/\\\/all4camper.com\\\/cs\\\/uzijte-si-koupani-kempovani-a-vylety-tam-kde-uz-na-jare-je-teplota-28-stupnu\\\/#article\",\"isPartOf\":{\"@id\":\"https:\\\/\\\/all4camper.com\\\/cs\\\/uzijte-si-koupani-kempovani-a-vylety-tam-kde-uz-na-jare-je-teplota-28-stupnu\\\/\"},\"author\":{\"name\":\"Kl\u00e1ra H\u00e1jkov\u00e1\",\"@id\":\"https:\\\/\\\/all4camper.com\\\/cs\\\/#\\\/schema\\\/person\\\/c6f1efdf1d02bc7d8c53a891cbe18c62\"},\"headline\":\"U\u017eijte si koup\u00e1n\u00ed, kempov\u00e1n\u00ed a v\u00fdlety tam, kde u\u017e na ja\u0159e je teplota 28 stup\u0148\u016f\",\"datePublished\":\"2021-08-04T08:28:05+00:00\",\"dateModified\":\"2021-08-04T10:12:16+00:00\",\"mainEntityOfPage\":{\"@id\":\"https:\\\/\\\/all4camper.com\\\/cs\\\/uzijte-si-koupani-kempovani-a-vylety-tam-kde-uz-na-jare-je-teplota-28-stupnu\\\/\"},\"wordCount\":1235,\"publisher\":{\"@id\":\"https:\\\/\\\/all4camper.com\\\/cs\\\/#organization\"},\"image\":{\"@id\":\"https:\\\/\\\/all4camper.com\\\/cs\\\/uzijte-si-koupani-kempovani-a-vylety-tam-kde-uz-na-jare-je-teplota-28-stupnu\\\/#primaryimage\"},\"thumbnailUrl\":\"https:\\\/\\\/all4camper.com\\\/wp-content\\\/uploads\\\/2021\\\/08\\\/cabo-de-la-huerta-Alicante-2000px-32.jpeg\",\"keywords\":[\"Ostatn\u00ed zem\u011b\",\"Pozn\u00e1vac\u00ed dovolen\u00e1\",\"\u0160pan\u011blsko\"],\"articleSection\":[\"Kempujeme a cestujeme \u0160pan\u011blsko\",\"Novinky - Kempov\u00e1n\u00ed a karavaning\"],\"inLanguage\":\"cs\"},{\"@type\":\"WebPage\",\"@id\":\"https:\\\/\\\/all4camper.com\\\/cs\\\/uzijte-si-koupani-kempovani-a-vylety-tam-kde-uz-na-jare-je-teplota-28-stupnu\\\/\",\"url\":\"https:\\\/\\\/all4camper.com\\\/cs\\\/uzijte-si-koupani-kempovani-a-vylety-tam-kde-uz-na-jare-je-teplota-28-stupnu\\\/\",\"name\":\"U\u017eijte si koup\u00e1n\u00ed, kempov\u00e1n\u00ed a v\u00fdlety tam, kde u\u017e na ja\u0159e je teplota 28 stup\u0148\u016f - All4Camper\",\"isPartOf\":{\"@id\":\"https:\\\/\\\/all4camper.com\\\/cs\\\/#website\"},\"primaryImageOfPage\":{\"@id\":\"https:\\\/\\\/all4camper.com\\\/cs\\\/uzijte-si-koupani-kempovani-a-vylety-tam-kde-uz-na-jare-je-teplota-28-stupnu\\\/#primaryimage\"},\"image\":{\"@id\":\"https:\\\/\\\/all4camper.com\\\/cs\\\/uzijte-si-koupani-kempovani-a-vylety-tam-kde-uz-na-jare-je-teplota-28-stupnu\\\/#primaryimage\"},\"thumbnailUrl\":\"https:\\\/\\\/all4camper.com\\\/wp-content\\\/uploads\\\/2021\\\/08\\\/cabo-de-la-huerta-Alicante-2000px-32.jpeg\",\"datePublished\":\"2021-08-04T08:28:05+00:00\",\"dateModified\":\"2021-08-04T10:12:16+00:00\",\"description\":\"P\u0159\u00edjemn\u00e1 teplota dvacet osm stup\u0148\u016f na za\u010d\u00e1tku jara je slu\u0161n\u00e1 teplota, a m\u00edstn\u00ed i cizinci tady obsad\u00ed hned, jak vyjdou prvn\u00ed jarn\u00ed paprsky, v\u0161echna leh\u00e1tka na hlavn\u00ed m\u011bstsk\u00e9 pl\u00e1\u017ei Postiguat\",\"breadcrumb\":{\"@id\":\"https:\\\/\\\/all4camper.com\\\/cs\\\/uzijte-si-koupani-kempovani-a-vylety-tam-kde-uz-na-jare-je-teplota-28-stupnu\\\/#breadcrumb\"},\"inLanguage\":\"cs\",\"potentialAction\":[{\"@type\":\"ReadAction\",\"target\":[\"https:\\\/\\\/all4camper.com\\\/cs\\\/uzijte-si-koupani-kempovani-a-vylety-tam-kde-uz-na-jare-je-teplota-28-stupnu\\\/\"]}]},{\"@type\":\"ImageObject\",\"inLanguage\":\"cs\",\"@id\":\"https:\\\/\\\/all4camper.com\\\/cs\\\/uzijte-si-koupani-kempovani-a-vylety-tam-kde-uz-na-jare-je-teplota-28-stupnu\\\/#primaryimage\",\"url\":\"https:\\\/\\\/all4camper.com\\\/wp-content\\\/uploads\\\/2021\\\/08\\\/cabo-de-la-huerta-Alicante-2000px-32.jpeg\",\"contentUrl\":\"https:\\\/\\\/all4camper.com\\\/wp-content\\\/uploads\\\/2021\\\/08\\\/cabo-de-la-huerta-Alicante-2000px-32.jpeg\",\"width\":2000,\"height\":1333},{\"@type\":\"BreadcrumbList\",\"@id\":\"https:\\\/\\\/all4camper.com\\\/cs\\\/uzijte-si-koupani-kempovani-a-vylety-tam-kde-uz-na-jare-je-teplota-28-stupnu\\\/#breadcrumb\",\"itemListElement\":[{\"@type\":\"ListItem\",\"position\":1,\"name\":\"Dom\u016f\",\"item\":\"https:\\\/\\\/all4camper.com\\\/cs\\\/\"},{\"@type\":\"ListItem\",\"position\":2,\"name\":\"Novinky - Kempov\u00e1n\u00ed a karavaning\",\"item\":\"https:\\\/\\\/all4camper.com\\\/cs\\\/category\\\/novinky-kempovani-a-karavaning\\\/\"},{\"@type\":\"ListItem\",\"position\":3,\"name\":\"U\u017eijte si koup\u00e1n\u00ed, kempov\u00e1n\u00ed a v\u00fdlety tam, kde u\u017e na ja\u0159e je teplota 28 stup\u0148\u016f\"}]},{\"@type\":\"WebSite\",\"@id\":\"https:\\\/\\\/all4camper.com\\\/cs\\\/#website\",\"url\":\"https:\\\/\\\/all4camper.com\\\/cs\\\/\",\"name\":\"All4Camper\",\"description\":\"Nejv\u011bt\u0161\u00ed online magaz\u00edn o kempov\u00e1n\u00ed a karavaninku. V\u00edce jak 900 \u010dl\u00e1nk\u016f pln\u00fdch rad a tip\u016f o kempech a kempov\u00e1n\u00ed.\",\"publisher\":{\"@id\":\"https:\\\/\\\/all4camper.com\\\/cs\\\/#organization\"},\"potentialAction\":[{\"@type\":\"SearchAction\",\"target\":{\"@type\":\"EntryPoint\",\"urlTemplate\":\"https:\\\/\\\/all4camper.com\\\/cs\\\/?s={search_term_string}\"},\"query-input\":{\"@type\":\"PropertyValueSpecification\",\"valueRequired\":true,\"valueName\":\"search_term_string\"}}],\"inLanguage\":\"cs\"},{\"@type\":\"Organization\",\"@id\":\"https:\\\/\\\/all4camper.com\\\/cs\\\/#organization\",\"name\":\"All4Camper - kempujeme s Kl\u00e1rou\",\"url\":\"https:\\\/\\\/all4camper.com\\\/cs\\\/\",\"logo\":{\"@type\":\"ImageObject\",\"inLanguage\":\"cs\",\"@id\":\"https:\\\/\\\/all4camper.com\\\/cs\\\/#\\\/schema\\\/logo\\\/image\\\/\",\"url\":\"https:\\\/\\\/all4camper.com\\\/wp-content\\\/uploads\\\/2018\\\/09\\\/novelogo.png\",\"contentUrl\":\"https:\\\/\\\/all4camper.com\\\/wp-content\\\/uploads\\\/2018\\\/09\\\/novelogo.png\",\"width\":1520,\"height\":600,\"caption\":\"All4Camper - kempujeme s Kl\u00e1rou\"},\"image\":{\"@id\":\"https:\\\/\\\/all4camper.com\\\/cs\\\/#\\\/schema\\\/logo\\\/image\\\/\"}},{\"@type\":\"Person\",\"@id\":\"https:\\\/\\\/all4camper.com\\\/cs\\\/#\\\/schema\\\/person\\\/c6f1efdf1d02bc7d8c53a891cbe18c62\",\"name\":\"Kl\u00e1ra H\u00e1jkov\u00e1\",\"sameAs\":[\"http:\\\/\\\/www.all4camper.com\"],\"url\":\"https:\\\/\\\/all4camper.com\\\/cs\\\/author\\\/klarinkacestuje1\\\/\"}]}<\/script>\n<!-- \/ Yoast SEO plugin. -->","yoast_head_json":{"title":"U\u017eijte si koup\u00e1n\u00ed, kempov\u00e1n\u00ed a v\u00fdlety tam, kde u\u017e na ja\u0159e je teplota 28 stup\u0148\u016f - All4Camper","description":"P\u0159\u00edjemn\u00e1 teplota dvacet osm stup\u0148\u016f na za\u010d\u00e1tku jara je slu\u0161n\u00e1 teplota, a m\u00edstn\u00ed i cizinci tady obsad\u00ed hned, jak vyjdou prvn\u00ed jarn\u00ed paprsky, v\u0161echna leh\u00e1tka na hlavn\u00ed m\u011bstsk\u00e9 pl\u00e1\u017ei Postiguat","robots":{"index":"index","follow":"follow","max-snippet":"max-snippet:-1","max-image-preview":"max-image-preview:large","max-video-preview":"max-video-preview:-1"},"canonical":"https:\/\/all4camper.com\/cs\/uzijte-si-koupani-kempovani-a-vylety-tam-kde-uz-na-jare-je-teplota-28-stupnu\/","og_locale":"cs_CZ","og_type":"article","og_title":"U\u017eijte si koup\u00e1n\u00ed, kempov\u00e1n\u00ed a v\u00fdlety tam, kde u\u017e na ja\u0159e je teplota 28 stup\u0148\u016f - All4Camper","og_description":"P\u0159\u00edjemn\u00e1 teplota dvacet osm stup\u0148\u016f na za\u010d\u00e1tku jara je slu\u0161n\u00e1 teplota, a m\u00edstn\u00ed i cizinci tady obsad\u00ed hned, jak vyjdou prvn\u00ed jarn\u00ed paprsky, v\u0161echna leh\u00e1tka na hlavn\u00ed m\u011bstsk\u00e9 pl\u00e1\u017ei Postiguat","og_url":"https:\/\/all4camper.com\/cs\/uzijte-si-koupani-kempovani-a-vylety-tam-kde-uz-na-jare-je-teplota-28-stupnu\/","og_site_name":"All4Camper","article_published_time":"2021-08-04T08:28:05+00:00","article_modified_time":"2021-08-04T10:12:16+00:00","og_image":[{"width":2000,"height":1333,"url":"https:\/\/all4camper.com\/wp-content\/uploads\/2021\/08\/cabo-de-la-huerta-Alicante-2000px-32.jpeg","type":"image\/jpeg"}],"author":"Kl\u00e1ra H\u00e1jkov\u00e1","twitter_card":"summary_large_image","twitter_misc":{"Napsal(a)":"Kl\u00e1ra H\u00e1jkov\u00e1","Odhadovan\u00e1 doba \u010dten\u00ed":"6 minut"},"schema":{"@context":"https:\/\/schema.org","@graph":[{"@type":"Article","@id":"https:\/\/all4camper.com\/cs\/uzijte-si-koupani-kempovani-a-vylety-tam-kde-uz-na-jare-je-teplota-28-stupnu\/#article","isPartOf":{"@id":"https:\/\/all4camper.com\/cs\/uzijte-si-koupani-kempovani-a-vylety-tam-kde-uz-na-jare-je-teplota-28-stupnu\/"},"author":{"name":"Kl\u00e1ra H\u00e1jkov\u00e1","@id":"https:\/\/all4camper.com\/cs\/#\/schema\/person\/c6f1efdf1d02bc7d8c53a891cbe18c62"},"headline":"U\u017eijte si koup\u00e1n\u00ed, kempov\u00e1n\u00ed a v\u00fdlety tam, kde u\u017e na ja\u0159e je teplota 28 stup\u0148\u016f","datePublished":"2021-08-04T08:28:05+00:00","dateModified":"2021-08-04T10:12:16+00:00","mainEntityOfPage":{"@id":"https:\/\/all4camper.com\/cs\/uzijte-si-koupani-kempovani-a-vylety-tam-kde-uz-na-jare-je-teplota-28-stupnu\/"},"wordCount":1235,"publisher":{"@id":"https:\/\/all4camper.com\/cs\/#organization"},"image":{"@id":"https:\/\/all4camper.com\/cs\/uzijte-si-koupani-kempovani-a-vylety-tam-kde-uz-na-jare-je-teplota-28-stupnu\/#primaryimage"},"thumbnailUrl":"https:\/\/all4camper.com\/wp-content\/uploads\/2021\/08\/cabo-de-la-huerta-Alicante-2000px-32.jpeg","keywords":["Ostatn\u00ed zem\u011b","Pozn\u00e1vac\u00ed dovolen\u00e1","\u0160pan\u011blsko"],"articleSection":["Kempujeme a cestujeme \u0160pan\u011blsko","Novinky - Kempov\u00e1n\u00ed a karavaning"],"inLanguage":"cs"},{"@type":"WebPage","@id":"https:\/\/all4camper.com\/cs\/uzijte-si-koupani-kempovani-a-vylety-tam-kde-uz-na-jare-je-teplota-28-stupnu\/","url":"https:\/\/all4camper.com\/cs\/uzijte-si-koupani-kempovani-a-vylety-tam-kde-uz-na-jare-je-teplota-28-stupnu\/","name":"U\u017eijte si koup\u00e1n\u00ed, kempov\u00e1n\u00ed a v\u00fdlety tam, kde u\u017e na ja\u0159e je teplota 28 stup\u0148\u016f - All4Camper","isPartOf":{"@id":"https:\/\/all4camper.com\/cs\/#website"},"primaryImageOfPage":{"@id":"https:\/\/all4camper.com\/cs\/uzijte-si-koupani-kempovani-a-vylety-tam-kde-uz-na-jare-je-teplota-28-stupnu\/#primaryimage"},"image":{"@id":"https:\/\/all4camper.com\/cs\/uzijte-si-koupani-kempovani-a-vylety-tam-kde-uz-na-jare-je-teplota-28-stupnu\/#primaryimage"},"thumbnailUrl":"https:\/\/all4camper.com\/wp-content\/uploads\/2021\/08\/cabo-de-la-huerta-Alicante-2000px-32.jpeg","datePublished":"2021-08-04T08:28:05+00:00","dateModified":"2021-08-04T10:12:16+00:00","description":"P\u0159\u00edjemn\u00e1 teplota dvacet osm stup\u0148\u016f na za\u010d\u00e1tku jara je slu\u0161n\u00e1 teplota, a m\u00edstn\u00ed i cizinci tady obsad\u00ed hned, jak vyjdou prvn\u00ed jarn\u00ed paprsky, v\u0161echna leh\u00e1tka na hlavn\u00ed m\u011bstsk\u00e9 pl\u00e1\u017ei Postiguat","breadcrumb":{"@id":"https:\/\/all4camper.com\/cs\/uzijte-si-koupani-kempovani-a-vylety-tam-kde-uz-na-jare-je-teplota-28-stupnu\/#breadcrumb"},"inLanguage":"cs","potentialAction":[{"@type":"ReadAction","target":["https:\/\/all4camper.com\/cs\/uzijte-si-koupani-kempovani-a-vylety-tam-kde-uz-na-jare-je-teplota-28-stupnu\/"]}]},{"@type":"ImageObject","inLanguage":"cs","@id":"https:\/\/all4camper.com\/cs\/uzijte-si-koupani-kempovani-a-vylety-tam-kde-uz-na-jare-je-teplota-28-stupnu\/#primaryimage","url":"https:\/\/all4camper.com\/wp-content\/uploads\/2021\/08\/cabo-de-la-huerta-Alicante-2000px-32.jpeg","contentUrl":"https:\/\/all4camper.com\/wp-content\/uploads\/2021\/08\/cabo-de-la-huerta-Alicante-2000px-32.jpeg","width":2000,"height":1333},{"@type":"BreadcrumbList","@id":"https:\/\/all4camper.com\/cs\/uzijte-si-koupani-kempovani-a-vylety-tam-kde-uz-na-jare-je-teplota-28-stupnu\/#breadcrumb","itemListElement":[{"@type":"ListItem","position":1,"name":"Dom\u016f","item":"https:\/\/all4camper.com\/cs\/"},{"@type":"ListItem","position":2,"name":"Novinky - Kempov\u00e1n\u00ed a karavaning","item":"https:\/\/all4camper.com\/cs\/category\/novinky-kempovani-a-karavaning\/"},{"@type":"ListItem","position":3,"name":"U\u017eijte si koup\u00e1n\u00ed, kempov\u00e1n\u00ed a v\u00fdlety tam, kde u\u017e na ja\u0159e je teplota 28 stup\u0148\u016f"}]},{"@type":"WebSite","@id":"https:\/\/all4camper.com\/cs\/#website","url":"https:\/\/all4camper.com\/cs\/","name":"All4Camper","description":"Nejv\u011bt\u0161\u00ed online magaz\u00edn o kempov\u00e1n\u00ed a karavaninku. V\u00edce jak 900 \u010dl\u00e1nk\u016f pln\u00fdch rad a tip\u016f o kempech a kempov\u00e1n\u00ed.","publisher":{"@id":"https:\/\/all4camper.com\/cs\/#organization"},"potentialAction":[{"@type":"SearchAction","target":{"@type":"EntryPoint","urlTemplate":"https:\/\/all4camper.com\/cs\/?s={search_term_string}"},"query-input":{"@type":"PropertyValueSpecification","valueRequired":true,"valueName":"search_term_string"}}],"inLanguage":"cs"},{"@type":"Organization","@id":"https:\/\/all4camper.com\/cs\/#organization","name":"All4Camper - kempujeme s Kl\u00e1rou","url":"https:\/\/all4camper.com\/cs\/","logo":{"@type":"ImageObject","inLanguage":"cs","@id":"https:\/\/all4camper.com\/cs\/#\/schema\/logo\/image\/","url":"https:\/\/all4camper.com\/wp-content\/uploads\/2018\/09\/novelogo.png","contentUrl":"https:\/\/all4camper.com\/wp-content\/uploads\/2018\/09\/novelogo.png","width":1520,"height":600,"caption":"All4Camper - kempujeme s Kl\u00e1rou"},"image":{"@id":"https:\/\/all4camper.com\/cs\/#\/schema\/logo\/image\/"}},{"@type":"Person","@id":"https:\/\/all4camper.com\/cs\/#\/schema\/person\/c6f1efdf1d02bc7d8c53a891cbe18c62","name":"Kl\u00e1ra H\u00e1jkov\u00e1","sameAs":["http:\/\/www.all4camper.com"],"url":"https:\/\/all4camper.com\/cs\/author\/klarinkacestuje1\/"}]}},"_links":{"self":[{"href":"https:\/\/all4camper.com\/cs\/wp-json\/wp\/v2\/posts\/136184","targetHints":{"allow":["GET"]}}],"collection":[{"href":"https:\/\/all4camper.com\/cs\/wp-json\/wp\/v2\/posts"}],"about":[{"href":"https:\/\/all4camper.com\/cs\/wp-json\/wp\/v2\/types\/post"}],"author":[{"embeddable":true,"href":"https:\/\/all4camper.com\/cs\/wp-json\/wp\/v2\/users\/4"}],"replies":[{"embeddable":true,"href":"https:\/\/all4camper.com\/cs\/wp-json\/wp\/v2\/comments?post=136184"}],"version-history":[{"count":0,"href":"https:\/\/all4camper.com\/cs\/wp-json\/wp\/v2\/posts\/136184\/revisions"}],"wp:featuredmedia":[{"embeddable":true,"href":"https:\/\/all4camper.com\/cs\/wp-json\/wp\/v2\/media\/136191"}],"wp:attachment":[{"href":"https:\/\/all4camper.com\/cs\/wp-json\/wp\/v2\/media?parent=136184"}],"wp:term":[{"taxonomy":"category","embeddable":true,"href":"https:\/\/all4camper.com\/cs\/wp-json\/wp\/v2\/categories?post=136184"},{"taxonomy":"post_tag","embeddable":true,"href":"https:\/\/all4camper.com\/cs\/wp-json\/wp\/v2\/tags?post=136184"}],"curies":[{"name":"wp","href":"https:\/\/api.w.org\/{rel}","templated":true}]}}