{"id":135890,"date":"2021-07-25T17:01:11","date_gmt":"2021-07-25T15:01:11","guid":{"rendered":"https:\/\/all4camper.com\/\/?p=135890"},"modified":"2021-07-25T22:19:50","modified_gmt":"2021-07-25T20:19:50","slug":"paradni-dovolena-v-malem-rodinnem-kempu-kde-osobni-pristup-je-prioritou","status":"publish","type":"post","link":"https:\/\/all4camper.com\/cs\/paradni-dovolena-v-malem-rodinnem-kempu-kde-osobni-pristup-je-prioritou\/","title":{"rendered":"Par\u00e1dn\u00ed dovolen\u00e1 v mal\u00e9m rodinn\u00e9m kempu, kde osobn\u00ed p\u0159\u00edstup je prioritou."},"content":{"rendered":"\n<p><strong>Tak\u00e9 r\u00e1di vyr\u00e1\u017e\u00edte sv\u00fdm karavanem pozn\u00e1vat nov\u00e1 m\u00edsta? Ocen\u00edte, kdy\u017e je pro v\u00e1s p\u0159ipraveno komplexn\u00ed a kr\u00e1sn\u00e9 prost\u0159ed\u00ed a nejbli\u017e\u0161\u00ed okol\u00ed nab\u00edz\u00ed spoustu r\u016fzn\u00fdch aktivit, v\u00fdlet\u016f a nev\u0161edn\u00edch z\u00e1\u017eitk\u016f? Pak zpozorn\u011bte. Dnes v\u00e1s na jedno takov\u00e9 m\u00edsto vezmu. Jedn\u00e1 se o <a href=\"https:\/\/resort-radslavice.cz\/cs\/domu\/\" target=\"_blank\" rel=\"noreferrer noopener\">Resort Radslavice<\/a>, kter\u00fd se nach\u00e1z\u00ed na okraji mal\u00e9 obce v&nbsp;okrese P\u0159erov a v\u011b\u0159te, \u017ee kempov\u00e1n\u00ed je tam z\u00e1\u017eitkem od za\u010d\u00e1tku do konce.<\/strong><\/p>\n\n\n\n<figure class=\"wp-block-image size-large\"><img loading=\"lazy\" decoding=\"async\" width=\"1438\" height=\"1080\" src=\"https:\/\/all4camper.com\/\/wp-content\/uploads\/2021\/07\/IMG_20210613_102351-1438x1080.jpg\" alt=\"\" class=\"wp-image-135909\" srcset=\"https:\/\/all4camper.com\/wp-content\/uploads\/2021\/07\/IMG_20210613_102351-1438x1080.jpg 1438w, https:\/\/all4camper.com\/wp-content\/uploads\/2021\/07\/IMG_20210613_102351-300x225.jpg 300w, https:\/\/all4camper.com\/wp-content\/uploads\/2021\/07\/IMG_20210613_102351-150x113.jpg 150w, https:\/\/all4camper.com\/wp-content\/uploads\/2021\/07\/IMG_20210613_102351-768x577.jpg 768w, https:\/\/all4camper.com\/wp-content\/uploads\/2021\/07\/IMG_20210613_102351-1536x1153.jpg 1536w, https:\/\/all4camper.com\/wp-content\/uploads\/2021\/07\/IMG_20210613_102351-2048x1538.jpg 2048w, https:\/\/all4camper.com\/wp-content\/uploads\/2021\/07\/IMG_20210613_102351-696x523.jpg 696w, https:\/\/all4camper.com\/wp-content\/uploads\/2021\/07\/IMG_20210613_102351-1068x802.jpg 1068w, https:\/\/all4camper.com\/wp-content\/uploads\/2021\/07\/IMG_20210613_102351-1920x1442.jpg 1920w, https:\/\/all4camper.com\/wp-content\/uploads\/2021\/07\/IMG_20210613_102351-559x420.jpg 559w, https:\/\/all4camper.com\/wp-content\/uploads\/2021\/07\/IMG_20210613_102351-80x60.jpg 80w, https:\/\/all4camper.com\/wp-content\/uploads\/2021\/07\/IMG_20210613_102351-265x198.jpg 265w\" sizes=\"auto, (max-width: 1438px) 100vw, 1438px\" \/><\/figure>\n\n\n\n<p>My jsme zde s&nbsp;d\u011btmi str\u00e1vili par\u00e1dn\u00ed v\u00edkend a nev\u00e1hal bych zde pob\u00fdt i t\u0159eba t\u00fdden \u010di dva, proto\u017ee jsme zdaleka nestihli nav\u0161t\u00edvit v&nbsp;okol\u00ed v\u0161e, co by se n\u00e1m l\u00edbilo. Zdej\u0161\u00ed resort v\u00edt\u00e1 s&nbsp;otev\u0159enou n\u00e1ru\u010d\u00ed karavanisty, stana\u0159e a ubytovat se m\u016f\u017eete tak\u00e9 v&nbsp;apartm\u00e1nov\u00fdch chatk\u00e1ch nebo \u00fatuln\u00fdch pokoj\u00edch v&nbsp;hlavn\u00ed budov\u011b.<\/p>\n\n\n\n<h3 class=\"wp-block-heading\">Mal\u00fd rodinn\u00fd kemp, kde pohoda d\u00fdch\u00e1 na ka\u017ed\u00e9m kroku<\/h3>\n\n\n\n<p>Hned p\u0159i p\u0159\u00edjezdu na v\u00e1s d\u00fdchne zdej\u0161\u00ed atmosf\u00e9ra naprost\u00e9 novoty. Jedn\u00e1 se o pom\u011brn\u011b nov\u00fd resort, a je vid\u011bt, \u017ee o n\u011bj majitel\u00e9 pe\u010duj\u00ed s&nbsp;l\u00e1skou a prakticky neust\u00e1le jej vylep\u0161uj\u00ed. K&nbsp;tomu bych r\u00e1d podotknul, \u017ee informace, kter\u00e9 naleznete na webov\u00fdch str\u00e1nk\u00e1ch nejsou zdaleka kone\u010dn\u00e9, jeliko\u017e zde v\u017edy naraz\u00edte na n\u011bco nov\u011b vybudovan\u00e9ho, co v\u00e1m zp\u0159\u00edjemn\u00ed pobyt.&nbsp;<\/p>\n\n\n\n<figure class=\"wp-block-image size-large\"><img loading=\"lazy\" decoding=\"async\" width=\"1438\" height=\"1080\" src=\"https:\/\/all4camper.com\/\/wp-content\/uploads\/2021\/07\/IMG_20210611_171124-1438x1080.jpg\" alt=\"\" class=\"wp-image-135913\" srcset=\"https:\/\/all4camper.com\/wp-content\/uploads\/2021\/07\/IMG_20210611_171124-1438x1080.jpg 1438w, https:\/\/all4camper.com\/wp-content\/uploads\/2021\/07\/IMG_20210611_171124-300x225.jpg 300w, https:\/\/all4camper.com\/wp-content\/uploads\/2021\/07\/IMG_20210611_171124-150x113.jpg 150w, https:\/\/all4camper.com\/wp-content\/uploads\/2021\/07\/IMG_20210611_171124-768x577.jpg 768w, https:\/\/all4camper.com\/wp-content\/uploads\/2021\/07\/IMG_20210611_171124-1536x1153.jpg 1536w, https:\/\/all4camper.com\/wp-content\/uploads\/2021\/07\/IMG_20210611_171124-2048x1538.jpg 2048w, https:\/\/all4camper.com\/wp-content\/uploads\/2021\/07\/IMG_20210611_171124-696x523.jpg 696w, https:\/\/all4camper.com\/wp-content\/uploads\/2021\/07\/IMG_20210611_171124-1068x802.jpg 1068w, https:\/\/all4camper.com\/wp-content\/uploads\/2021\/07\/IMG_20210611_171124-1920x1442.jpg 1920w, https:\/\/all4camper.com\/wp-content\/uploads\/2021\/07\/IMG_20210611_171124-559x420.jpg 559w, https:\/\/all4camper.com\/wp-content\/uploads\/2021\/07\/IMG_20210611_171124-80x60.jpg 80w, https:\/\/all4camper.com\/wp-content\/uploads\/2021\/07\/IMG_20210611_171124-265x198.jpg 265w\" sizes=\"auto, (max-width: 1438px) 100vw, 1438px\" \/><\/figure>\n\n\n\n<p>Velkou v\u00fdhodou toho m\u00edsta je, \u017ee d\u00edky automatick\u00e9 br\u00e1n\u011b m\u016f\u017eete p\u0159ijet prakticky v&nbsp;kteroukoliv dobu &#8211; resort je dostupn\u00fd 24\/7. <strong>Po p\u0159\u00edjezdu k vjezdov\u00e9 br\u00e1n\u011b v\u00e1m automat stoj\u00edc\u00ed p\u0159ed n\u00ed vyd\u00e1 vstupn\u00ed kartu, automaticky se pak otev\u0159e br\u00e1na a hur\u00e1 dovnit\u0159.<\/strong> <strong>Pozor! Aby se automat aktivoval, je t\u0159eba najet autem opravdu a\u017e t\u011bsn\u011b k br\u00e1n\u011b! <\/strong>Nen\u00ed zde \u017e\u00e1dn\u00e1 st\u00e1l\u00e1 recepce, av\u0161ak nemus\u00edte se ni\u010deho ob\u00e1vat. Majitel\u00e9 jsou velmi ochotn\u00ed a vst\u0159\u00edcn\u00ed a ka\u017ed\u00fd den sem doch\u00e1z\u00ed. Tak\u017ee m\u016f\u017eete s nimi sd\u00edlet jak sv\u00e9 po\u017eadavky, tak i chv\u00e1lit (co\u017e my rozhodn\u011b d\u011blali). <\/p>\n\n\n\n<figure class=\"wp-block-image size-large\"><img loading=\"lazy\" decoding=\"async\" width=\"1438\" height=\"1080\" src=\"https:\/\/all4camper.com\/\/wp-content\/uploads\/2021\/07\/IMG_20210612_181320-1438x1080.jpg\" alt=\"\" class=\"wp-image-135916\" srcset=\"https:\/\/all4camper.com\/wp-content\/uploads\/2021\/07\/IMG_20210612_181320-1438x1080.jpg 1438w, https:\/\/all4camper.com\/wp-content\/uploads\/2021\/07\/IMG_20210612_181320-300x225.jpg 300w, https:\/\/all4camper.com\/wp-content\/uploads\/2021\/07\/IMG_20210612_181320-150x113.jpg 150w, https:\/\/all4camper.com\/wp-content\/uploads\/2021\/07\/IMG_20210612_181320-768x577.jpg 768w, https:\/\/all4camper.com\/wp-content\/uploads\/2021\/07\/IMG_20210612_181320-1536x1153.jpg 1536w, https:\/\/all4camper.com\/wp-content\/uploads\/2021\/07\/IMG_20210612_181320-2048x1538.jpg 2048w, https:\/\/all4camper.com\/wp-content\/uploads\/2021\/07\/IMG_20210612_181320-696x523.jpg 696w, https:\/\/all4camper.com\/wp-content\/uploads\/2021\/07\/IMG_20210612_181320-1068x802.jpg 1068w, https:\/\/all4camper.com\/wp-content\/uploads\/2021\/07\/IMG_20210612_181320-1920x1442.jpg 1920w, https:\/\/all4camper.com\/wp-content\/uploads\/2021\/07\/IMG_20210612_181320-559x420.jpg 559w, https:\/\/all4camper.com\/wp-content\/uploads\/2021\/07\/IMG_20210612_181320-80x60.jpg 80w, https:\/\/all4camper.com\/wp-content\/uploads\/2021\/07\/IMG_20210612_181320-265x198.jpg 265w\" sizes=\"auto, (max-width: 1438px) 100vw, 1438px\" \/><\/figure>\n\n\n\n<p>V&nbsp;dob\u011b na\u0161eho pobytu byli majitel\u00e9 bohu\u017eel na rekreaci, a tak jsme se nemohli setkat. O resort se v&nbsp;tu dobu tedy starala pan\u00ed z\u00e1stupkyn\u011b, a mus\u00edm \u0159\u00edci, \u017ee je naprosto \u00fa\u017easn\u00e1. Za\u0159\u00edd\u00ed snad i nesplniteln\u00e9, v\u0161e trp\u011bliv\u011b vysv\u011btl\u00ed, porad\u00ed. Ale zp\u00e1tky k&nbsp;technick\u00fdm z\u00e1le\u017eitostem. Po vjezdu do are\u00e1lu, pokud jedete karavanem, si sami vyberete parkovac\u00ed m\u00edsto, kter\u00e9 se v\u00e1m zal\u00edb\u00ed. V\u0161echny jsou samoz\u0159ejm\u011b vybaveny elektrickou p\u0159\u00edpojkou. <\/p>\n\n\n\n<figure class=\"wp-block-image size-large\"><img loading=\"lazy\" decoding=\"async\" width=\"1438\" height=\"1080\" src=\"https:\/\/all4camper.com\/\/wp-content\/uploads\/2021\/07\/IMG_20210611_171335-1438x1080.jpg\" alt=\"\" class=\"wp-image-135919\" srcset=\"https:\/\/all4camper.com\/wp-content\/uploads\/2021\/07\/IMG_20210611_171335-1438x1080.jpg 1438w, https:\/\/all4camper.com\/wp-content\/uploads\/2021\/07\/IMG_20210611_171335-300x225.jpg 300w, https:\/\/all4camper.com\/wp-content\/uploads\/2021\/07\/IMG_20210611_171335-150x113.jpg 150w, https:\/\/all4camper.com\/wp-content\/uploads\/2021\/07\/IMG_20210611_171335-768x577.jpg 768w, https:\/\/all4camper.com\/wp-content\/uploads\/2021\/07\/IMG_20210611_171335-1536x1153.jpg 1536w, https:\/\/all4camper.com\/wp-content\/uploads\/2021\/07\/IMG_20210611_171335-2048x1538.jpg 2048w, https:\/\/all4camper.com\/wp-content\/uploads\/2021\/07\/IMG_20210611_171335-696x523.jpg 696w, https:\/\/all4camper.com\/wp-content\/uploads\/2021\/07\/IMG_20210611_171335-1068x802.jpg 1068w, https:\/\/all4camper.com\/wp-content\/uploads\/2021\/07\/IMG_20210611_171335-1920x1442.jpg 1920w, https:\/\/all4camper.com\/wp-content\/uploads\/2021\/07\/IMG_20210611_171335-559x420.jpg 559w, https:\/\/all4camper.com\/wp-content\/uploads\/2021\/07\/IMG_20210611_171335-80x60.jpg 80w, https:\/\/all4camper.com\/wp-content\/uploads\/2021\/07\/IMG_20210611_171335-265x198.jpg 265w\" sizes=\"auto, (max-width: 1438px) 100vw, 1438px\" \/><\/figure>\n\n\n\n<p><strong>V are\u00e1lu u vstupn\u00ed br\u00e1ny pak naleznete platebn\u00ed automat, kde si sami navol\u00edte d\u00e9lku pobytu a uhrad\u00edte po\u017eadovanou \u010d\u00e1stku platebn\u00ed kartou. T\u00edm se v\u00e1m tak\u00e9 pln\u011b aktivuje vstupn\u00ed karta, kterou jste obdr\u017eeli p\u0159i vjezdu. D\u00edky tomu m\u016f\u017eete vstoupit do hlavn\u00ed budovy<\/strong> (vchod je ze zadu), kde se nach\u00e1z\u00ed pln\u011b vybaven\u00e1 kuchy\u0148ka, soci\u00e1ln\u00ed za\u0159\u00edzen\u00ed a velk\u00e1 spole\u010densk\u00e1 m\u00edstnost. Z\u00e1rove\u0148 zde naleznete dva ji\u017e zm\u00edn\u011bn\u00e9 t\u0159\u00edl\u016f\u017ekov\u00e9 pokoj\u00edky, kter\u00e9 si taky m\u016f\u017eete pronajmout.&nbsp;<\/p>\n\n\n\n<figure class=\"wp-block-gallery columns-2 is-cropped wp-block-gallery-1 is-layout-flex wp-block-gallery-is-layout-flex\"><ul class=\"blocks-gallery-grid\"><li class=\"blocks-gallery-item\"><figure><a href=\"https:\/\/all4camper.com\/\/?attachment_id=135922\"><img loading=\"lazy\" decoding=\"async\" width=\"1438\" height=\"1080\" src=\"https:\/\/all4camper.com\/\/wp-content\/uploads\/2021\/07\/IMG_20210613_101758-1438x1080.jpg\" alt=\"\" data-id=\"135922\" data-full-url=\"https:\/\/all4camper.com\/\/wp-content\/uploads\/2021\/07\/IMG_20210613_101758.jpg\" data-link=\"https:\/\/all4camper.com\/\/?attachment_id=135922\" class=\"wp-image-135922\" srcset=\"https:\/\/all4camper.com\/wp-content\/uploads\/2021\/07\/IMG_20210613_101758-1438x1080.jpg 1438w, https:\/\/all4camper.com\/wp-content\/uploads\/2021\/07\/IMG_20210613_101758-300x225.jpg 300w, https:\/\/all4camper.com\/wp-content\/uploads\/2021\/07\/IMG_20210613_101758-150x113.jpg 150w, https:\/\/all4camper.com\/wp-content\/uploads\/2021\/07\/IMG_20210613_101758-768x577.jpg 768w, https:\/\/all4camper.com\/wp-content\/uploads\/2021\/07\/IMG_20210613_101758-1536x1153.jpg 1536w, https:\/\/all4camper.com\/wp-content\/uploads\/2021\/07\/IMG_20210613_101758-2048x1538.jpg 2048w, https:\/\/all4camper.com\/wp-content\/uploads\/2021\/07\/IMG_20210613_101758-696x523.jpg 696w, https:\/\/all4camper.com\/wp-content\/uploads\/2021\/07\/IMG_20210613_101758-1068x802.jpg 1068w, https:\/\/all4camper.com\/wp-content\/uploads\/2021\/07\/IMG_20210613_101758-1920x1442.jpg 1920w, https:\/\/all4camper.com\/wp-content\/uploads\/2021\/07\/IMG_20210613_101758-559x420.jpg 559w, https:\/\/all4camper.com\/wp-content\/uploads\/2021\/07\/IMG_20210613_101758-80x60.jpg 80w, https:\/\/all4camper.com\/wp-content\/uploads\/2021\/07\/IMG_20210613_101758-265x198.jpg 265w\" sizes=\"auto, (max-width: 1438px) 100vw, 1438px\" \/><\/a><\/figure><\/li><li class=\"blocks-gallery-item\"><figure><a href=\"https:\/\/all4camper.com\/\/?attachment_id=135925\"><img loading=\"lazy\" decoding=\"async\" width=\"1438\" height=\"1080\" src=\"https:\/\/all4camper.com\/\/wp-content\/uploads\/2021\/07\/IMG_20210613_101906-1438x1080.jpg\" alt=\"\" data-id=\"135925\" data-full-url=\"https:\/\/all4camper.com\/\/wp-content\/uploads\/2021\/07\/IMG_20210613_101906.jpg\" data-link=\"https:\/\/all4camper.com\/\/?attachment_id=135925\" class=\"wp-image-135925\" srcset=\"https:\/\/all4camper.com\/wp-content\/uploads\/2021\/07\/IMG_20210613_101906-1438x1080.jpg 1438w, https:\/\/all4camper.com\/wp-content\/uploads\/2021\/07\/IMG_20210613_101906-300x225.jpg 300w, https:\/\/all4camper.com\/wp-content\/uploads\/2021\/07\/IMG_20210613_101906-150x113.jpg 150w, https:\/\/all4camper.com\/wp-content\/uploads\/2021\/07\/IMG_20210613_101906-768x577.jpg 768w, https:\/\/all4camper.com\/wp-content\/uploads\/2021\/07\/IMG_20210613_101906-1536x1153.jpg 1536w, https:\/\/all4camper.com\/wp-content\/uploads\/2021\/07\/IMG_20210613_101906-2048x1538.jpg 2048w, https:\/\/all4camper.com\/wp-content\/uploads\/2021\/07\/IMG_20210613_101906-696x523.jpg 696w, https:\/\/all4camper.com\/wp-content\/uploads\/2021\/07\/IMG_20210613_101906-1068x802.jpg 1068w, https:\/\/all4camper.com\/wp-content\/uploads\/2021\/07\/IMG_20210613_101906-1920x1442.jpg 1920w, https:\/\/all4camper.com\/wp-content\/uploads\/2021\/07\/IMG_20210613_101906-559x420.jpg 559w, https:\/\/all4camper.com\/wp-content\/uploads\/2021\/07\/IMG_20210613_101906-80x60.jpg 80w, https:\/\/all4camper.com\/wp-content\/uploads\/2021\/07\/IMG_20210613_101906-265x198.jpg 265w\" sizes=\"auto, (max-width: 1438px) 100vw, 1438px\" \/><\/a><\/figure><\/li><li class=\"blocks-gallery-item\"><figure><a href=\"https:\/\/all4camper.com\/\/?attachment_id=135928\"><img loading=\"lazy\" decoding=\"async\" width=\"1438\" height=\"1080\" src=\"https:\/\/all4camper.com\/\/wp-content\/uploads\/2021\/07\/IMG_20210611_173412-1438x1080.jpg\" alt=\"\" data-id=\"135928\" data-full-url=\"https:\/\/all4camper.com\/\/wp-content\/uploads\/2021\/07\/IMG_20210611_173412.jpg\" data-link=\"https:\/\/all4camper.com\/\/?attachment_id=135928\" class=\"wp-image-135928\" srcset=\"https:\/\/all4camper.com\/wp-content\/uploads\/2021\/07\/IMG_20210611_173412-1438x1080.jpg 1438w, https:\/\/all4camper.com\/wp-content\/uploads\/2021\/07\/IMG_20210611_173412-300x225.jpg 300w, https:\/\/all4camper.com\/wp-content\/uploads\/2021\/07\/IMG_20210611_173412-150x113.jpg 150w, https:\/\/all4camper.com\/wp-content\/uploads\/2021\/07\/IMG_20210611_173412-768x577.jpg 768w, https:\/\/all4camper.com\/wp-content\/uploads\/2021\/07\/IMG_20210611_173412-1536x1153.jpg 1536w, https:\/\/all4camper.com\/wp-content\/uploads\/2021\/07\/IMG_20210611_173412-2048x1538.jpg 2048w, https:\/\/all4camper.com\/wp-content\/uploads\/2021\/07\/IMG_20210611_173412-696x523.jpg 696w, https:\/\/all4camper.com\/wp-content\/uploads\/2021\/07\/IMG_20210611_173412-1068x802.jpg 1068w, https:\/\/all4camper.com\/wp-content\/uploads\/2021\/07\/IMG_20210611_173412-1920x1442.jpg 1920w, https:\/\/all4camper.com\/wp-content\/uploads\/2021\/07\/IMG_20210611_173412-559x420.jpg 559w, https:\/\/all4camper.com\/wp-content\/uploads\/2021\/07\/IMG_20210611_173412-80x60.jpg 80w, https:\/\/all4camper.com\/wp-content\/uploads\/2021\/07\/IMG_20210611_173412-265x198.jpg 265w\" sizes=\"auto, (max-width: 1438px) 100vw, 1438px\" \/><\/a><\/figure><\/li><\/ul><\/figure>\n\n\n\n<p>Nemohu opomenout zm\u00ednit, \u017ee vyjma p\u0159\u00edjezdov\u00e9 cesty je cel\u00fd are\u00e1l dokonale zatravn\u011bn. Popravd\u011b se m\u016f\u017eete t\u011b\u0161it na t\u00e9m\u011b\u0159 anglick\u00fd tr\u00e1vn\u00edk, po kter\u00e9m se chod\u00ed naboso jedna radost. D\u00edky zvy\u0161uj\u00edc\u00edmu se z\u00e1jmu o pobyt v Radslavic\u00edch, majitel\u00e9 aktu\u00e1ln\u011b dokon\u010duj\u00ed v&nbsp;zadn\u00ed \u010d\u00e1sti are\u00e1lu nov\u00e9 pozemky pro karavany \u010di stany. Celkov\u011b jich je tam tedy ji\u017e 15. Co se t\u00fd\u010de cen, tak ty jsou dle m\u00e9ho n\u00e1zoru ve velmi nep\u0159\u00edm\u00e9 \u00fam\u011b\u0159e (my\u0161leno pozitivn\u011b) k&nbsp;vybavenosti a prost\u0159ed\u00ed. Je vid\u011bt, \u017ee majitel\u00e9 k&nbsp;tomu p\u0159istupuj\u00ed opravdu s&nbsp;l\u00e1skou, tato atmosf\u00e9ra zde na v\u00e1s okam\u017eit\u011b d\u00fdchne.&nbsp;<\/p>\n\n\n\n<figure class=\"wp-block-image size-large\"><img loading=\"lazy\" decoding=\"async\" width=\"1438\" height=\"1080\" src=\"https:\/\/all4camper.com\/\/wp-content\/uploads\/2021\/07\/IMG_20210612_181228-1438x1080.jpg\" alt=\"\" class=\"wp-image-135934\" srcset=\"https:\/\/all4camper.com\/wp-content\/uploads\/2021\/07\/IMG_20210612_181228-1438x1080.jpg 1438w, https:\/\/all4camper.com\/wp-content\/uploads\/2021\/07\/IMG_20210612_181228-300x225.jpg 300w, https:\/\/all4camper.com\/wp-content\/uploads\/2021\/07\/IMG_20210612_181228-150x113.jpg 150w, https:\/\/all4camper.com\/wp-content\/uploads\/2021\/07\/IMG_20210612_181228-768x577.jpg 768w, https:\/\/all4camper.com\/wp-content\/uploads\/2021\/07\/IMG_20210612_181228-1536x1153.jpg 1536w, https:\/\/all4camper.com\/wp-content\/uploads\/2021\/07\/IMG_20210612_181228-2048x1538.jpg 2048w, https:\/\/all4camper.com\/wp-content\/uploads\/2021\/07\/IMG_20210612_181228-696x523.jpg 696w, https:\/\/all4camper.com\/wp-content\/uploads\/2021\/07\/IMG_20210612_181228-1068x802.jpg 1068w, https:\/\/all4camper.com\/wp-content\/uploads\/2021\/07\/IMG_20210612_181228-1920x1442.jpg 1920w, https:\/\/all4camper.com\/wp-content\/uploads\/2021\/07\/IMG_20210612_181228-559x420.jpg 559w, https:\/\/all4camper.com\/wp-content\/uploads\/2021\/07\/IMG_20210612_181228-80x60.jpg 80w, https:\/\/all4camper.com\/wp-content\/uploads\/2021\/07\/IMG_20210612_181228-265x198.jpg 265w\" sizes=\"auto, (max-width: 1438px) 100vw, 1438px\" \/><\/figure>\n\n\n\n<p>My jsme vyu\u017eili ubytov\u00e1n\u00ed v&nbsp;apartm\u00e1nu a mus\u00edm \u0159\u00edci, \u017ee je opravdu luxusn\u011b vybaven\u00fd a nic v\u00e1m zde nebude chyb\u011bt. V\u0161ude perfektn\u011b \u010disto a je opravdu vid\u011bt, \u017ee cel\u00fd are\u00e1l st\u00e1le von\u00ed novotou. D\u011bti hned vyu\u017eily d\u011btsk\u00e9 h\u0159i\u0161t\u011b, nav\u00edc p\u0159ed ka\u017ed\u00fdm apartm\u00e1nem se nach\u00e1zen\u00ed venkovn\u00ed posezen\u00ed. V&nbsp;are\u00e1lu naleznete tak\u00e9 rusk\u00e9 ku\u017eelky. Nen\u00ed tedy nic jednodu\u0161\u0161\u00edho, ne\u017e uspo\u0159\u00e1dat nap\u0159\u00edklad rodinn\u00fd turnaj.&nbsp;<\/p>\n\n\n\n<figure class=\"wp-block-gallery columns-2 is-cropped wp-block-gallery-2 is-layout-flex wp-block-gallery-is-layout-flex\"><ul class=\"blocks-gallery-grid\"><li class=\"blocks-gallery-item\"><figure><a href=\"https:\/\/all4camper.com\/\/?attachment_id=135947\"><img loading=\"lazy\" decoding=\"async\" width=\"1438\" height=\"1080\" src=\"https:\/\/all4camper.com\/\/wp-content\/uploads\/2021\/07\/IMG_20210611_172924-1438x1080.jpg\" alt=\"\" data-id=\"135947\" data-full-url=\"https:\/\/all4camper.com\/\/wp-content\/uploads\/2021\/07\/IMG_20210611_172924.jpg\" data-link=\"https:\/\/all4camper.com\/\/?attachment_id=135947\" class=\"wp-image-135947\" srcset=\"https:\/\/all4camper.com\/wp-content\/uploads\/2021\/07\/IMG_20210611_172924-1438x1080.jpg 1438w, https:\/\/all4camper.com\/wp-content\/uploads\/2021\/07\/IMG_20210611_172924-300x225.jpg 300w, https:\/\/all4camper.com\/wp-content\/uploads\/2021\/07\/IMG_20210611_172924-150x113.jpg 150w, https:\/\/all4camper.com\/wp-content\/uploads\/2021\/07\/IMG_20210611_172924-768x577.jpg 768w, https:\/\/all4camper.com\/wp-content\/uploads\/2021\/07\/IMG_20210611_172924-1536x1153.jpg 1536w, https:\/\/all4camper.com\/wp-content\/uploads\/2021\/07\/IMG_20210611_172924-2048x1538.jpg 2048w, https:\/\/all4camper.com\/wp-content\/uploads\/2021\/07\/IMG_20210611_172924-696x523.jpg 696w, https:\/\/all4camper.com\/wp-content\/uploads\/2021\/07\/IMG_20210611_172924-1068x802.jpg 1068w, https:\/\/all4camper.com\/wp-content\/uploads\/2021\/07\/IMG_20210611_172924-1920x1442.jpg 1920w, https:\/\/all4camper.com\/wp-content\/uploads\/2021\/07\/IMG_20210611_172924-559x420.jpg 559w, https:\/\/all4camper.com\/wp-content\/uploads\/2021\/07\/IMG_20210611_172924-80x60.jpg 80w, https:\/\/all4camper.com\/wp-content\/uploads\/2021\/07\/IMG_20210611_172924-265x198.jpg 265w\" sizes=\"auto, (max-width: 1438px) 100vw, 1438px\" \/><\/a><figcaption class=\"blocks-gallery-item__caption\">Apartm\u00e1nov\u00e9 chatky<\/figcaption><\/figure><\/li><li class=\"blocks-gallery-item\"><figure><a href=\"https:\/\/all4camper.com\/\/?attachment_id=135950\"><img loading=\"lazy\" decoding=\"async\" width=\"1438\" height=\"1080\" src=\"https:\/\/all4camper.com\/\/wp-content\/uploads\/2021\/07\/IMG_20210611_172915-1438x1080.jpg\" alt=\"\" data-id=\"135950\" data-full-url=\"https:\/\/all4camper.com\/\/wp-content\/uploads\/2021\/07\/IMG_20210611_172915.jpg\" data-link=\"https:\/\/all4camper.com\/\/?attachment_id=135950\" class=\"wp-image-135950\" srcset=\"https:\/\/all4camper.com\/wp-content\/uploads\/2021\/07\/IMG_20210611_172915-1438x1080.jpg 1438w, https:\/\/all4camper.com\/wp-content\/uploads\/2021\/07\/IMG_20210611_172915-300x225.jpg 300w, https:\/\/all4camper.com\/wp-content\/uploads\/2021\/07\/IMG_20210611_172915-150x113.jpg 150w, https:\/\/all4camper.com\/wp-content\/uploads\/2021\/07\/IMG_20210611_172915-768x577.jpg 768w, https:\/\/all4camper.com\/wp-content\/uploads\/2021\/07\/IMG_20210611_172915-1536x1153.jpg 1536w, https:\/\/all4camper.com\/wp-content\/uploads\/2021\/07\/IMG_20210611_172915-2048x1538.jpg 2048w, https:\/\/all4camper.com\/wp-content\/uploads\/2021\/07\/IMG_20210611_172915-696x523.jpg 696w, https:\/\/all4camper.com\/wp-content\/uploads\/2021\/07\/IMG_20210611_172915-1068x802.jpg 1068w, https:\/\/all4camper.com\/wp-content\/uploads\/2021\/07\/IMG_20210611_172915-1920x1442.jpg 1920w, https:\/\/all4camper.com\/wp-content\/uploads\/2021\/07\/IMG_20210611_172915-559x420.jpg 559w, https:\/\/all4camper.com\/wp-content\/uploads\/2021\/07\/IMG_20210611_172915-80x60.jpg 80w, https:\/\/all4camper.com\/wp-content\/uploads\/2021\/07\/IMG_20210611_172915-265x198.jpg 265w\" sizes=\"auto, (max-width: 1438px) 100vw, 1438px\" \/><\/a><figcaption class=\"blocks-gallery-item__caption\">Apartm\u00e1nov\u00e9 chatky<\/figcaption><\/figure><\/li><li class=\"blocks-gallery-item\"><figure><a href=\"https:\/\/all4camper.com\/\/?attachment_id=135953\"><img loading=\"lazy\" decoding=\"async\" width=\"1438\" height=\"1080\" src=\"https:\/\/all4camper.com\/\/wp-content\/uploads\/2021\/07\/IMG_20210611_172919-1438x1080.jpg\" alt=\"\" data-id=\"135953\" data-full-url=\"https:\/\/all4camper.com\/\/wp-content\/uploads\/2021\/07\/IMG_20210611_172919.jpg\" data-link=\"https:\/\/all4camper.com\/\/?attachment_id=135953\" class=\"wp-image-135953\" srcset=\"https:\/\/all4camper.com\/wp-content\/uploads\/2021\/07\/IMG_20210611_172919-1438x1080.jpg 1438w, https:\/\/all4camper.com\/wp-content\/uploads\/2021\/07\/IMG_20210611_172919-300x225.jpg 300w, https:\/\/all4camper.com\/wp-content\/uploads\/2021\/07\/IMG_20210611_172919-150x113.jpg 150w, https:\/\/all4camper.com\/wp-content\/uploads\/2021\/07\/IMG_20210611_172919-768x577.jpg 768w, https:\/\/all4camper.com\/wp-content\/uploads\/2021\/07\/IMG_20210611_172919-1536x1153.jpg 1536w, https:\/\/all4camper.com\/wp-content\/uploads\/2021\/07\/IMG_20210611_172919-2048x1538.jpg 2048w, https:\/\/all4camper.com\/wp-content\/uploads\/2021\/07\/IMG_20210611_172919-696x523.jpg 696w, https:\/\/all4camper.com\/wp-content\/uploads\/2021\/07\/IMG_20210611_172919-1068x802.jpg 1068w, https:\/\/all4camper.com\/wp-content\/uploads\/2021\/07\/IMG_20210611_172919-1920x1442.jpg 1920w, https:\/\/all4camper.com\/wp-content\/uploads\/2021\/07\/IMG_20210611_172919-559x420.jpg 559w, https:\/\/all4camper.com\/wp-content\/uploads\/2021\/07\/IMG_20210611_172919-80x60.jpg 80w, https:\/\/all4camper.com\/wp-content\/uploads\/2021\/07\/IMG_20210611_172919-265x198.jpg 265w\" sizes=\"auto, (max-width: 1438px) 100vw, 1438px\" \/><\/a><figcaption class=\"blocks-gallery-item__caption\">Apartm\u00e1nov\u00e9 chatky<\/figcaption><\/figure><\/li><\/ul><\/figure>\n\n\n\n<p>M\u00e1lem bych zapomn\u011bl, u v\u00fdjezdu z&nbsp;are\u00e1lu jsou um\u00edst\u011bny jak kontejnery na t\u0159\u00edd\u011bn\u00fd odpad, tak i v\u00fdlevka na chemick\u00e9 WC. N\u00e1dob\u00ed si m\u016f\u017eete um\u00fdt ve&nbsp;d\u0159ezu, kter\u00fd se nach\u00e1z\u00ed u zadn\u00edho vstupu do hlavn\u00ed budovy a je dostupn\u00fd zvenku. Prostory hlavn\u00ed budovy jsou ur\u010deny pro v\u0161echny n\u00e1v\u0161t\u011bvn\u00edky, prim\u00e1rn\u011b pro ubytovan\u00e9 v&nbsp;karavanech a stanech a samoz\u0159ejm\u011b tak\u00e9 pro ty, kte\u0159\u00ed nocuj\u00ed v&nbsp;pokoj\u00edch um\u00edst\u011bn\u00fdch v&nbsp;hlavn\u00ed budov\u011b. P\u0159ed samotnou budovou se nach\u00e1z\u00ed zast\u0159e\u0161en\u00e1 terasa s&nbsp;posezen\u00edm a tak\u00e9 zahr\u00e1dka s&nbsp;bylinkami, kter\u00e9 jsou zde jen a jen pro va\u0161i pot\u0159ebu. <\/p>\n\n\n\n<figure class=\"wp-block-image size-large\"><img loading=\"lazy\" decoding=\"async\" width=\"1422\" height=\"640\" src=\"https:\/\/all4camper.com\/\/wp-content\/uploads\/2021\/07\/218027667_926094027940198_2758637340947996396_n.jpeg\" alt=\"\" class=\"wp-image-135938\" srcset=\"https:\/\/all4camper.com\/wp-content\/uploads\/2021\/07\/218027667_926094027940198_2758637340947996396_n.jpeg 1422w, https:\/\/all4camper.com\/wp-content\/uploads\/2021\/07\/218027667_926094027940198_2758637340947996396_n-300x135.jpeg 300w, https:\/\/all4camper.com\/wp-content\/uploads\/2021\/07\/218027667_926094027940198_2758637340947996396_n-150x68.jpeg 150w, https:\/\/all4camper.com\/wp-content\/uploads\/2021\/07\/218027667_926094027940198_2758637340947996396_n-768x346.jpeg 768w, https:\/\/all4camper.com\/wp-content\/uploads\/2021\/07\/218027667_926094027940198_2758637340947996396_n-696x313.jpeg 696w, https:\/\/all4camper.com\/wp-content\/uploads\/2021\/07\/218027667_926094027940198_2758637340947996396_n-1068x481.jpeg 1068w, https:\/\/all4camper.com\/wp-content\/uploads\/2021\/07\/218027667_926094027940198_2758637340947996396_n-933x420.jpeg 933w\" sizes=\"auto, (max-width: 1422px) 100vw, 1422px\" \/><\/figure>\n\n\n\n<p>Cel\u00fd are\u00e1l je oplocen a zabezpe\u010den, tak\u017ee se nemus\u00edte ob\u00e1vat, \u017ee by se v\u00e1m d\u011bti n\u011bkam zatoulaly, nav\u00edc je are\u00e1l &#8222;Pet Friendly&#8220;, tak\u017ee nezapome\u0148te na sv\u00e9ho \u010dty\u0159noh\u00e9ho p\u0159\u00edtele. S t\u00edm v\u0161ak souvis\u00ed i nezapom\u00ednat po nich sb\u00edrat jejich poklady. Jak majitel\u00e9 prozradili, n\u011bkdy n\u011bkte\u0159\u00ed z majitel\u016f r\u00e1di na toto zapom\u00ednaj\u00ed&#8230;<\/p>\n\n\n\n<figure class=\"wp-block-image size-large\"><img loading=\"lazy\" decoding=\"async\" width=\"1438\" height=\"1080\" src=\"https:\/\/all4camper.com\/\/wp-content\/uploads\/2021\/07\/IMG_20210611_184609-1438x1080.jpg\" alt=\"\" class=\"wp-image-135944\" srcset=\"https:\/\/all4camper.com\/wp-content\/uploads\/2021\/07\/IMG_20210611_184609-1438x1080.jpg 1438w, https:\/\/all4camper.com\/wp-content\/uploads\/2021\/07\/IMG_20210611_184609-300x225.jpg 300w, https:\/\/all4camper.com\/wp-content\/uploads\/2021\/07\/IMG_20210611_184609-150x113.jpg 150w, https:\/\/all4camper.com\/wp-content\/uploads\/2021\/07\/IMG_20210611_184609-768x577.jpg 768w, https:\/\/all4camper.com\/wp-content\/uploads\/2021\/07\/IMG_20210611_184609-1536x1153.jpg 1536w, https:\/\/all4camper.com\/wp-content\/uploads\/2021\/07\/IMG_20210611_184609-2048x1538.jpg 2048w, https:\/\/all4camper.com\/wp-content\/uploads\/2021\/07\/IMG_20210611_184609-696x523.jpg 696w, https:\/\/all4camper.com\/wp-content\/uploads\/2021\/07\/IMG_20210611_184609-1068x802.jpg 1068w, https:\/\/all4camper.com\/wp-content\/uploads\/2021\/07\/IMG_20210611_184609-1920x1442.jpg 1920w, https:\/\/all4camper.com\/wp-content\/uploads\/2021\/07\/IMG_20210611_184609-559x420.jpg 559w, https:\/\/all4camper.com\/wp-content\/uploads\/2021\/07\/IMG_20210611_184609-80x60.jpg 80w, https:\/\/all4camper.com\/wp-content\/uploads\/2021\/07\/IMG_20210611_184609-265x198.jpg 265w\" sizes=\"auto, (max-width: 1438px) 100vw, 1438px\" \/><\/figure>\n\n\n\n<p><strong>Co jsem velmi ocenili je nov\u011b vybudovan\u00e9 ohni\u0161t\u011b s&nbsp;posezen\u00edm, kter\u00e9 je tak prostorn\u00e9, \u017ee se zde m\u016f\u017eete nave\u010der sej\u00edt se sousedy karavanisty, pokl\u00e1bosit u ohn\u011b, p\u0159ipravit si n\u011bco dobr\u00e9ho a u\u017e\u00edt si tak hezk\u00e9 chv\u00edle v tomto are\u00e1lu, t\u0159eba i se sklenkou dobr\u00e9ho v\u00edna a \u0161pek\u00e1\u010dkem na klacku.<\/strong> A zde se op\u011bt projevuje zap\u00e1lenost a ochota provozovatel\u016f. Ve\u0161ker\u00e9 vybaven\u00ed na op\u00e9k\u00e1n\u00ed v\u00e1m r\u00e1di a ochotn\u011b zap\u016fj\u010d\u00ed, a co nem\u011bli, to ihned zakoupili, nebo\u0165 ohni\u0161t\u011b je tu letos nov\u011b. <strong>Opravdu jsem se doposud nikde s&nbsp;tak ob\u011btav\u00fdm p\u0159\u00edstupem nesetkal.&nbsp;<\/strong><\/p>\n\n\n\n<figure class=\"wp-block-image size-large\"><img loading=\"lazy\" decoding=\"async\" width=\"1438\" height=\"1080\" src=\"https:\/\/all4camper.com\/\/wp-content\/uploads\/2021\/07\/IMG_20210611_171818-1438x1080.jpg\" alt=\"\" class=\"wp-image-135931\" srcset=\"https:\/\/all4camper.com\/wp-content\/uploads\/2021\/07\/IMG_20210611_171818-1438x1080.jpg 1438w, https:\/\/all4camper.com\/wp-content\/uploads\/2021\/07\/IMG_20210611_171818-300x225.jpg 300w, https:\/\/all4camper.com\/wp-content\/uploads\/2021\/07\/IMG_20210611_171818-150x113.jpg 150w, https:\/\/all4camper.com\/wp-content\/uploads\/2021\/07\/IMG_20210611_171818-768x577.jpg 768w, https:\/\/all4camper.com\/wp-content\/uploads\/2021\/07\/IMG_20210611_171818-1536x1153.jpg 1536w, https:\/\/all4camper.com\/wp-content\/uploads\/2021\/07\/IMG_20210611_171818-2048x1538.jpg 2048w, https:\/\/all4camper.com\/wp-content\/uploads\/2021\/07\/IMG_20210611_171818-696x523.jpg 696w, https:\/\/all4camper.com\/wp-content\/uploads\/2021\/07\/IMG_20210611_171818-1068x802.jpg 1068w, https:\/\/all4camper.com\/wp-content\/uploads\/2021\/07\/IMG_20210611_171818-1920x1442.jpg 1920w, https:\/\/all4camper.com\/wp-content\/uploads\/2021\/07\/IMG_20210611_171818-559x420.jpg 559w, https:\/\/all4camper.com\/wp-content\/uploads\/2021\/07\/IMG_20210611_171818-80x60.jpg 80w, https:\/\/all4camper.com\/wp-content\/uploads\/2021\/07\/IMG_20210611_171818-265x198.jpg 265w\" sizes=\"auto, (max-width: 1438px) 100vw, 1438px\" \/><\/figure>\n\n\n\n<p>T\u00edm, \u017ee se nejedn\u00e1 o velk\u00fd resort, tak zde panuje velmi p\u0159\u00edjemn\u00e1 a p\u0159\u00e1telsk\u00e1 atmosf\u00e9ra. Lid\u00e9 se zde spolu zastav\u00ed, diskutuj\u00ed, p\u0159ed\u00e1vaj\u00ed si inspiraci&#8230; My jsme t\u0159eba nave\u010der se sousedy karavanisty hodnotili uplynul\u00fd den a vz\u00e1jemn\u011b si vym\u011b\u0148ovali z\u00e1\u017eitky z&nbsp;v\u00fdlet\u016f. To se v\u00e1m ve velk\u00e9m kempu jen tak nestane. Prost\u011b tu vl\u00e1dla pohodov\u00e1 dom\u00e1c\u00ed atmosf\u00e9ra, kterou za sv\u00e9 p\u0159ijali i n\u00e1v\u0161t\u011bvn\u00edci.<\/p>\n\n\n\n<h3 class=\"wp-block-heading\">Kam na v\u00fdlety v okol\u00ed<\/h3>\n\n\n\n<p>A kam tedy vlastn\u011b v&nbsp;okol\u00ed vyrazit? To bychom zde byli dlouho, ale r\u00e1d p\u0159id\u00e1m p\u00e1r tip\u016f pro inspiraci, z na\u0161\u00ed vlastn\u00ed zku\u0161enosti. My jsme nap\u0159\u00edklad podnikli v\u00fdlet do asi <strong>nejkr\u00e1sn\u011bj\u0161\u00ed zoologick\u00e9 zahrady u n\u00e1s, kterou je <a href=\"https:\/\/www.zoozlin.eu\/\" target=\"_blank\" rel=\"noreferrer noopener nofollow\">Zoo Le\u0161n\u00e1 u Zl\u00edna<\/a><\/strong> (mapa). Za slab\u00fdch 45 minut jste na m\u00edst\u011b a s&nbsp;d\u011btmi je to v\u00fdlet na cel\u00fd den. Doporu\u010duji vyrazit hned r\u00e1no, jeliko\u017e pozd\u011bji b\u00fdv\u00e1 parkovi\u0161t\u011b prakticky pln\u00e9. Na druhou stranu, \u0159ada lid\u00ed parkovala na p\u0159ilehl\u00e9 louce. V&nbsp;prostor\u00e1ch t\u00e9hle zahrady m\u016f\u017eete tak\u00e9 nav\u0161t\u00edvit z\u00e1mek Le\u0161n\u00e1, tak\u017ee i milovn\u00edci historie si p\u0159ijdou na sv\u00e9, co\u017e je rozhodn\u011b fajn.<\/p>\n\n\n\n<figure class=\"wp-block-gallery columns-2 is-cropped wp-block-gallery-3 is-layout-flex wp-block-gallery-is-layout-flex\"><ul class=\"blocks-gallery-grid\"><li class=\"blocks-gallery-item\"><figure><a href=\"https:\/\/all4camper.com\/\/cs\/?attachment_id=135956\"><img loading=\"lazy\" decoding=\"async\" width=\"1438\" height=\"1080\" src=\"https:\/\/all4camper.com\/\/wp-content\/uploads\/2021\/07\/IMG_20210612_115802-1438x1080.jpg\" alt=\"\" data-id=\"135956\" data-link=\"https:\/\/all4camper.com\/\/cs\/?attachment_id=135956\" class=\"wp-image-135956\" srcset=\"https:\/\/all4camper.com\/wp-content\/uploads\/2021\/07\/IMG_20210612_115802-1438x1080.jpg 1438w, https:\/\/all4camper.com\/wp-content\/uploads\/2021\/07\/IMG_20210612_115802-300x225.jpg 300w, https:\/\/all4camper.com\/wp-content\/uploads\/2021\/07\/IMG_20210612_115802-150x113.jpg 150w, https:\/\/all4camper.com\/wp-content\/uploads\/2021\/07\/IMG_20210612_115802-768x577.jpg 768w, https:\/\/all4camper.com\/wp-content\/uploads\/2021\/07\/IMG_20210612_115802-1536x1153.jpg 1536w, https:\/\/all4camper.com\/wp-content\/uploads\/2021\/07\/IMG_20210612_115802-2048x1538.jpg 2048w, https:\/\/all4camper.com\/wp-content\/uploads\/2021\/07\/IMG_20210612_115802-696x523.jpg 696w, https:\/\/all4camper.com\/wp-content\/uploads\/2021\/07\/IMG_20210612_115802-1068x802.jpg 1068w, https:\/\/all4camper.com\/wp-content\/uploads\/2021\/07\/IMG_20210612_115802-1920x1442.jpg 1920w, https:\/\/all4camper.com\/wp-content\/uploads\/2021\/07\/IMG_20210612_115802-559x420.jpg 559w, https:\/\/all4camper.com\/wp-content\/uploads\/2021\/07\/IMG_20210612_115802-80x60.jpg 80w, https:\/\/all4camper.com\/wp-content\/uploads\/2021\/07\/IMG_20210612_115802-265x198.jpg 265w\" sizes=\"auto, (max-width: 1438px) 100vw, 1438px\" \/><\/a><\/figure><\/li><li class=\"blocks-gallery-item\"><figure><a href=\"https:\/\/all4camper.com\/\/cs\/?attachment_id=135960\"><img loading=\"lazy\" decoding=\"async\" width=\"974\" height=\"650\" src=\"https:\/\/all4camper.com\/\/wp-content\/uploads\/2021\/07\/zoo-zli\u0301n.jpeg\" alt=\"\" data-id=\"135960\" data-link=\"https:\/\/all4camper.com\/\/cs\/?attachment_id=135960\" class=\"wp-image-135960\" srcset=\"https:\/\/all4camper.com\/wp-content\/uploads\/2021\/07\/zoo-zli\u0301n.jpeg 974w, https:\/\/all4camper.com\/wp-content\/uploads\/2021\/07\/zoo-zli\u0301n-300x200.jpeg 300w, https:\/\/all4camper.com\/wp-content\/uploads\/2021\/07\/zoo-zli\u0301n-150x100.jpeg 150w, https:\/\/all4camper.com\/wp-content\/uploads\/2021\/07\/zoo-zli\u0301n-768x513.jpeg 768w, https:\/\/all4camper.com\/wp-content\/uploads\/2021\/07\/zoo-zli\u0301n-696x464.jpeg 696w, https:\/\/all4camper.com\/wp-content\/uploads\/2021\/07\/zoo-zli\u0301n-629x420.jpeg 629w\" sizes=\"auto, (max-width: 974px) 100vw, 974px\" \/><\/a><\/figure><\/li><li class=\"blocks-gallery-item\"><figure><a href=\"https:\/\/all4camper.com\/\/?attachment_id=135966\"><img loading=\"lazy\" decoding=\"async\" width=\"1438\" height=\"1080\" src=\"https:\/\/all4camper.com\/\/wp-content\/uploads\/2021\/07\/IMG_20210612_151308-1438x1080.jpg\" alt=\"\" data-id=\"135966\" data-full-url=\"https:\/\/all4camper.com\/\/wp-content\/uploads\/2021\/07\/IMG_20210612_151308.jpg\" data-link=\"https:\/\/all4camper.com\/\/?attachment_id=135966\" class=\"wp-image-135966\" srcset=\"https:\/\/all4camper.com\/wp-content\/uploads\/2021\/07\/IMG_20210612_151308-1438x1080.jpg 1438w, https:\/\/all4camper.com\/wp-content\/uploads\/2021\/07\/IMG_20210612_151308-300x225.jpg 300w, https:\/\/all4camper.com\/wp-content\/uploads\/2021\/07\/IMG_20210612_151308-150x113.jpg 150w, https:\/\/all4camper.com\/wp-content\/uploads\/2021\/07\/IMG_20210612_151308-768x577.jpg 768w, https:\/\/all4camper.com\/wp-content\/uploads\/2021\/07\/IMG_20210612_151308-1536x1153.jpg 1536w, https:\/\/all4camper.com\/wp-content\/uploads\/2021\/07\/IMG_20210612_151308-2048x1538.jpg 2048w, https:\/\/all4camper.com\/wp-content\/uploads\/2021\/07\/IMG_20210612_151308-696x523.jpg 696w, https:\/\/all4camper.com\/wp-content\/uploads\/2021\/07\/IMG_20210612_151308-1068x802.jpg 1068w, https:\/\/all4camper.com\/wp-content\/uploads\/2021\/07\/IMG_20210612_151308-1920x1442.jpg 1920w, https:\/\/all4camper.com\/wp-content\/uploads\/2021\/07\/IMG_20210612_151308-559x420.jpg 559w, https:\/\/all4camper.com\/wp-content\/uploads\/2021\/07\/IMG_20210612_151308-80x60.jpg 80w, https:\/\/all4camper.com\/wp-content\/uploads\/2021\/07\/IMG_20210612_151308-265x198.jpg 265w\" sizes=\"auto, (max-width: 1438px) 100vw, 1438px\" \/><\/a><\/figure><\/li><\/ul><\/figure>\n\n\n\n<p>Okol\u00ed kempu je jako stvo\u0159en\u00e9 pro vyznava\u010de cyklistiky a kole\u010dkov\u00fdch brusl\u00ed. Jen p\u00e1r set metr\u016f od kempu se nach\u00e1z\u00ed n\u00e1dhern\u00e1 cyklostezka linouc\u00ed se pod\u00e9l \u0159eky Be\u010dvy. Vy se po n\u00ed m\u016f\u017eete vydat t\u0159eba do 6 km vzd\u00e1len\u00e9ho m\u011bsta P\u0159erov, kde <strong>doporu\u010duji nau\u010dnou stezku \u201eP\u0159edmost\u00edm a\u017e do prav\u011bku\u201c<\/strong>, kter\u00e1 v\u00e1s dovede k&nbsp;pam\u00e1tn\u00edku lovc\u016f mamut\u016f.&nbsp;Dal\u0161\u00edm typem na cyklov\u00fdlet je starobyl\u00e9 m\u011bsto <strong>Lipn\u00edk nad Be\u010dvou <\/strong>s&nbsp;historick\u00fdm centrem a vyhl\u00eddkovou v\u011b\u017e\u00ed. Tento v\u00fdlet doporu\u010duji spojit s&nbsp;n\u00e1v\u0161t\u011bvou <strong>hradu Helf\u0161t\u00fdn<\/strong>, <strong>kter\u00fd pat\u0159\u00ed svou rozlohou k&nbsp;nejv\u011bt\u0161\u00edm v&nbsp;Evrop\u011b<\/strong>. Tohle na v\u00e1s \u010dek\u00e1 po ujet\u00ed pouh\u00fdch 10 km.&nbsp;<\/p>\n\n\n\n<p>\u017de si chcete d\u00e1t del\u0161\u00ed trasu? Jak je libo. Tak co t\u0159eba z\u00e1mek v&nbsp;Tova\u010dov\u011b, vzd\u00e1len\u00fd cca 15 km od are\u00e1lu? Kdo si troufne na 20 km, tak dojede a\u017e k&nbsp;m\u011bstu Hranice a zdej\u0161\u00ed Hranick\u00e9 propasti, tzv. Mac\u016f\u0161ka je nejhlub\u0161\u00ed sladkovodn\u00ed jeskyn\u00ed sv\u011bta a zat\u00edm se nepoda\u0159ilo zm\u011b\u0159it kam a\u017e sah\u00e1 jej\u00ed dno, tak se m\u016f\u017eete t\u0159eba pokusit&#8230; V&nbsp;hork\u00fdch letn\u00edch dnech se m\u016f\u017eete po cyklostezce vydat k&nbsp;p\u00e1r kilometr\u016f vzd\u00e1len\u00e9mu <a href=\"https:\/\/www.kudyznudy.cz\/aktivity\/prirodni-koupaliste-jadran-u-lipnika-nad-becvou\" target=\"_blank\" rel=\"noreferrer noopener\">p\u0159\u00edrodn\u00edmu koupali\u0161ti Jadran<\/a>. Jedn\u00e1 se o zatopen\u00fd lom a ur\u010dit\u011b zde str\u00e1v\u00edte kr\u00e1sn\u00fd a pohodov\u00fd den.<\/p>\n\n\n\n<figure class=\"wp-block-image size-large\"><img loading=\"lazy\" decoding=\"async\" width=\"1620\" height=\"1080\" src=\"https:\/\/all4camper.com\/\/wp-content\/uploads\/2021\/07\/jadran-1620x1080.jpeg\" alt=\"\" class=\"wp-image-135963\" srcset=\"https:\/\/all4camper.com\/wp-content\/uploads\/2021\/07\/jadran-1620x1080.jpeg 1620w, https:\/\/all4camper.com\/wp-content\/uploads\/2021\/07\/jadran-300x200.jpeg 300w, https:\/\/all4camper.com\/wp-content\/uploads\/2021\/07\/jadran-150x100.jpeg 150w, https:\/\/all4camper.com\/wp-content\/uploads\/2021\/07\/jadran-768x512.jpeg 768w, https:\/\/all4camper.com\/wp-content\/uploads\/2021\/07\/jadran-1536x1024.jpeg 1536w, https:\/\/all4camper.com\/wp-content\/uploads\/2021\/07\/jadran-2048x1365.jpeg 2048w, https:\/\/all4camper.com\/wp-content\/uploads\/2021\/07\/jadran-696x464.jpeg 696w, https:\/\/all4camper.com\/wp-content\/uploads\/2021\/07\/jadran-1068x712.jpeg 1068w, https:\/\/all4camper.com\/wp-content\/uploads\/2021\/07\/jadran-1920x1280.jpeg 1920w, https:\/\/all4camper.com\/wp-content\/uploads\/2021\/07\/jadran-630x420.jpeg 630w\" sizes=\"auto, (max-width: 1620px) 100vw, 1620px\" \/><\/figure>\n\n\n\n<p>V\u00fdlet\u016f je tedy v okol\u00ed opravdu hodn\u011b, a to jsem v\u00e1m zde nast\u00ednil opravdu jen p\u00e1r mo\u017enost\u00ed. <strong>Pokud by v\u00e1m to p\u0159esto bylo m\u00e1lo, tak se obra\u0165te na pan\u00ed majitelku V\u011brku Haluz\u00edkovou. Ta v\u00e1m doporu\u010d\u00ed takov\u00fd program, \u017ee nebudete v\u011bd\u011bt, kam d\u0159\u00edv sko\u010dit. <\/strong>Nav\u00edc, v hlavn\u00ed budov\u011b najdete mnoho turistick\u00fdch map a pr\u016fvodc\u016f po okol\u00ed, tak\u017ee m\u016f\u017eete po ve\u010derech pl\u00e1novat jeden v\u00fdlet za druh\u00fdm. M\u00e1lem bych zapomn\u011bl &#8211; cel\u00fd are\u00e1l je pokryt sign\u00e1lem wifi, tak\u017ee pl\u00e1nov\u00e1n\u00ed bude jedna radost.<\/p>\n\n\n\n<figure class=\"wp-block-gallery columns-2 is-cropped wp-block-gallery-4 is-layout-flex wp-block-gallery-is-layout-flex\"><ul class=\"blocks-gallery-grid\"><li class=\"blocks-gallery-item\"><figure><a href=\"https:\/\/all4camper.com\/\/?attachment_id=135969\"><img loading=\"lazy\" decoding=\"async\" width=\"811\" height=\"1080\" src=\"https:\/\/all4camper.com\/\/wp-content\/uploads\/2021\/07\/IMG_20210612_182310-811x1080.jpg\" alt=\"\" data-id=\"135969\" data-full-url=\"https:\/\/all4camper.com\/\/wp-content\/uploads\/2021\/07\/IMG_20210612_182310.jpg\" data-link=\"https:\/\/all4camper.com\/\/?attachment_id=135969\" class=\"wp-image-135969\" srcset=\"https:\/\/all4camper.com\/wp-content\/uploads\/2021\/07\/IMG_20210612_182310-811x1080.jpg 811w, https:\/\/all4camper.com\/wp-content\/uploads\/2021\/07\/IMG_20210612_182310-225x300.jpg 225w, https:\/\/all4camper.com\/wp-content\/uploads\/2021\/07\/IMG_20210612_182310-113x150.jpg 113w, https:\/\/all4camper.com\/wp-content\/uploads\/2021\/07\/IMG_20210612_182310-768x1023.jpg 768w, https:\/\/all4camper.com\/wp-content\/uploads\/2021\/07\/IMG_20210612_182310-1153x1536.jpg 1153w, https:\/\/all4camper.com\/wp-content\/uploads\/2021\/07\/IMG_20210612_182310-150x200.jpg 150w, https:\/\/all4camper.com\/wp-content\/uploads\/2021\/07\/IMG_20210612_182310-300x400.jpg 300w, https:\/\/all4camper.com\/wp-content\/uploads\/2021\/07\/IMG_20210612_182310-696x927.jpg 696w, https:\/\/all4camper.com\/wp-content\/uploads\/2021\/07\/IMG_20210612_182310-1068x1423.jpg 1068w, https:\/\/all4camper.com\/wp-content\/uploads\/2021\/07\/IMG_20210612_182310-315x420.jpg 315w, https:\/\/all4camper.com\/wp-content\/uploads\/2021\/07\/IMG_20210612_182310.jpg 1500w\" sizes=\"auto, (max-width: 811px) 100vw, 811px\" \/><\/a><\/figure><\/li><li class=\"blocks-gallery-item\"><figure><a href=\"https:\/\/all4camper.com\/\/?attachment_id=135972\"><img loading=\"lazy\" decoding=\"async\" width=\"810\" height=\"1080\" src=\"https:\/\/all4camper.com\/\/wp-content\/uploads\/2021\/07\/IMG_20210611_205717-810x1080.jpg\" alt=\"\" data-id=\"135972\" data-full-url=\"https:\/\/all4camper.com\/\/wp-content\/uploads\/2021\/07\/IMG_20210611_205717.jpg\" data-link=\"https:\/\/all4camper.com\/\/?attachment_id=135972\" class=\"wp-image-135972\" srcset=\"https:\/\/all4camper.com\/wp-content\/uploads\/2021\/07\/IMG_20210611_205717-810x1080.jpg 810w, https:\/\/all4camper.com\/wp-content\/uploads\/2021\/07\/IMG_20210611_205717-225x300.jpg 225w, https:\/\/all4camper.com\/wp-content\/uploads\/2021\/07\/IMG_20210611_205717-113x150.jpg 113w, https:\/\/all4camper.com\/wp-content\/uploads\/2021\/07\/IMG_20210611_205717-768x1024.jpg 768w, https:\/\/all4camper.com\/wp-content\/uploads\/2021\/07\/IMG_20210611_205717-1152x1536.jpg 1152w, https:\/\/all4camper.com\/wp-content\/uploads\/2021\/07\/IMG_20210611_205717-150x200.jpg 150w, https:\/\/all4camper.com\/wp-content\/uploads\/2021\/07\/IMG_20210611_205717-300x400.jpg 300w, https:\/\/all4camper.com\/wp-content\/uploads\/2021\/07\/IMG_20210611_205717-696x928.jpg 696w, https:\/\/all4camper.com\/wp-content\/uploads\/2021\/07\/IMG_20210611_205717-1068x1424.jpg 1068w, https:\/\/all4camper.com\/wp-content\/uploads\/2021\/07\/IMG_20210611_205717-315x420.jpg 315w, https:\/\/all4camper.com\/wp-content\/uploads\/2021\/07\/IMG_20210611_205717.jpg 1500w\" sizes=\"auto, (max-width: 810px) 100vw, 810px\" \/><\/a><\/figure><\/li><li class=\"blocks-gallery-item\"><figure><a href=\"https:\/\/all4camper.com\/\/?attachment_id=135975\"><img loading=\"lazy\" decoding=\"async\" width=\"1438\" height=\"1080\" src=\"https:\/\/all4camper.com\/\/wp-content\/uploads\/2021\/07\/IMG_20210611_175931-1438x1080.jpg\" alt=\"\" data-id=\"135975\" data-full-url=\"https:\/\/all4camper.com\/\/wp-content\/uploads\/2021\/07\/IMG_20210611_175931.jpg\" data-link=\"https:\/\/all4camper.com\/\/?attachment_id=135975\" class=\"wp-image-135975\" srcset=\"https:\/\/all4camper.com\/wp-content\/uploads\/2021\/07\/IMG_20210611_175931-1438x1080.jpg 1438w, https:\/\/all4camper.com\/wp-content\/uploads\/2021\/07\/IMG_20210611_175931-300x225.jpg 300w, https:\/\/all4camper.com\/wp-content\/uploads\/2021\/07\/IMG_20210611_175931-150x113.jpg 150w, https:\/\/all4camper.com\/wp-content\/uploads\/2021\/07\/IMG_20210611_175931-768x577.jpg 768w, https:\/\/all4camper.com\/wp-content\/uploads\/2021\/07\/IMG_20210611_175931-1536x1153.jpg 1536w, https:\/\/all4camper.com\/wp-content\/uploads\/2021\/07\/IMG_20210611_175931-2048x1538.jpg 2048w, https:\/\/all4camper.com\/wp-content\/uploads\/2021\/07\/IMG_20210611_175931-696x523.jpg 696w, https:\/\/all4camper.com\/wp-content\/uploads\/2021\/07\/IMG_20210611_175931-1068x802.jpg 1068w, https:\/\/all4camper.com\/wp-content\/uploads\/2021\/07\/IMG_20210611_175931-1920x1442.jpg 1920w, https:\/\/all4camper.com\/wp-content\/uploads\/2021\/07\/IMG_20210611_175931-559x420.jpg 559w, https:\/\/all4camper.com\/wp-content\/uploads\/2021\/07\/IMG_20210611_175931-80x60.jpg 80w, https:\/\/all4camper.com\/wp-content\/uploads\/2021\/07\/IMG_20210611_175931-265x198.jpg 265w\" sizes=\"auto, (max-width: 1438px) 100vw, 1438px\" \/><\/a><\/figure><\/li><\/ul><\/figure>\n\n\n\n<p>Opravdu jsme zde str\u00e1vili vskutku kouzeln\u00fd v\u00edkend a jedin\u00e9, co bychom snad uv\u00edtali byl baz\u00e9n. Ale \u010dlov\u011bk zase nem\u016f\u017ee m\u00edt v\u0161e. Na druhou stranu, jak u\u017e jsem zm\u00ednil v&nbsp;\u00favodu, majitel\u00e9 prov\u00e1d\u00ed nezadr\u017eiteln\u00fd upgrade are\u00e1lu na st\u00e1le vy\u0161\u0161\u00ed a vy\u0161\u0161\u00ed level, tak\u017ee kdov\u00ed, \u010deho se zde je\u0161t\u011b do\u010dk\u00e1me. Zat\u00edm si m\u016f\u017eete zp\u0159\u00edjemni chv\u00edle t\u0159eba kr\u00e1tkou proch\u00e1zkou na zdej\u0161\u00ed fotbalov\u00e9 h\u0159i\u0161t\u011b, kde se nach\u00e1z\u00ed venkovsk\u00e1 hosp\u016fdka a naproti velk\u00e9 d\u011btsk\u00e9 h\u0159i\u0161t\u011b s&nbsp;posezen\u00edm. Drobn\u00fd n\u00e1kup lze realizovat v&nbsp;obch\u016fdku v&nbsp;Radslavic\u00edch (5 minut ch\u016fze) nebo vyrazit cca 10 km sm\u011br P\u0159erov do Kauflandu.<\/p>\n\n\n\n<figure class=\"wp-block-image size-large\"><img loading=\"lazy\" decoding=\"async\" width=\"1438\" height=\"1080\" src=\"https:\/\/all4camper.com\/\/wp-content\/uploads\/2021\/07\/IMG_20210611_183242-1438x1080.jpg\" alt=\"\" class=\"wp-image-135978\" srcset=\"https:\/\/all4camper.com\/wp-content\/uploads\/2021\/07\/IMG_20210611_183242-1438x1080.jpg 1438w, https:\/\/all4camper.com\/wp-content\/uploads\/2021\/07\/IMG_20210611_183242-300x225.jpg 300w, https:\/\/all4camper.com\/wp-content\/uploads\/2021\/07\/IMG_20210611_183242-150x113.jpg 150w, https:\/\/all4camper.com\/wp-content\/uploads\/2021\/07\/IMG_20210611_183242-768x577.jpg 768w, https:\/\/all4camper.com\/wp-content\/uploads\/2021\/07\/IMG_20210611_183242-1536x1153.jpg 1536w, https:\/\/all4camper.com\/wp-content\/uploads\/2021\/07\/IMG_20210611_183242-2048x1538.jpg 2048w, https:\/\/all4camper.com\/wp-content\/uploads\/2021\/07\/IMG_20210611_183242-696x523.jpg 696w, https:\/\/all4camper.com\/wp-content\/uploads\/2021\/07\/IMG_20210611_183242-1068x802.jpg 1068w, https:\/\/all4camper.com\/wp-content\/uploads\/2021\/07\/IMG_20210611_183242-1920x1442.jpg 1920w, https:\/\/all4camper.com\/wp-content\/uploads\/2021\/07\/IMG_20210611_183242-559x420.jpg 559w, https:\/\/all4camper.com\/wp-content\/uploads\/2021\/07\/IMG_20210611_183242-80x60.jpg 80w, https:\/\/all4camper.com\/wp-content\/uploads\/2021\/07\/IMG_20210611_183242-265x198.jpg 265w\" sizes=\"auto, (max-width: 1438px) 100vw, 1438px\" \/><\/figure>\n\n\n\n<p>Moje z\u00e1v\u011bre\u010dn\u00e1 rada zn\u00ed. Nev\u00e1hejte a p\u0159ije\u010fte. <strong>A\u0165 u\u017e v&nbsp;r\u00e1mci v\u00fdletu na jednu noc nebo na del\u0161\u00ed pobyt, budete nadm\u00edru spokojeni.<\/strong> Odm\u011bnou v\u00e1m bude n\u00e1dhern\u00fd a perfektn\u011b vybaven\u00e1 resort. tak\u00e9 nezapome\u0148te, \u017ee v&nbsp;p\u0159\u00edpad\u011b jak\u00fdchkoliv dotaz\u016f se m\u016f\u017eete kdykoliv obr\u00e1tit na majitele. V\u017edy ochotn\u011b pomohou. Zejm\u00e9na tuto vst\u0159\u00edcnou komunikaci jsme si nem\u00e1lo pochvalovali. V&nbsp;sez\u00f3n\u011b je lep\u0161\u00ed se p\u0159edem doptat na obsazenost, ale jinak d\u00edky samoobslu\u017en\u00e9mu p\u0159\u00edstupu m\u016f\u017eete dorazit kdykoliv, i bez rezervace. N\u00e1m se tedy odj\u00ed\u017ed\u011bt rozhodn\u011b necht\u011blo a pevn\u011b v\u011b\u0159\u00edm, \u017ee se sem op\u011bt zase n\u011bkdy vr\u00e1t\u00edme, takov\u00fdch m\u00edst opravdu nen\u00ed mnoho. Dal\u0161\u00ed informace najdete na <a href=\"https:\/\/resort-radslavice.cz\/cs\/domu\/\" target=\"_blank\" rel=\"noreferrer noopener\">resort-radslavice.cz<\/a>, <strong><a href=\"https:\/\/www.google.cz\/maps\/place\/Resort+Radslavice\/@49.4802536,17.5151116,17z\/data=!3m1!4b1!4m5!3m4!1s0x4713af8c25f54de1:0x2f90062a2e7f5dae!8m2!3d49.4802536!4d17.5173003?hl=cs\">mapa<\/a><\/strong>. <strong>Ivo s rodinou<\/strong>.<\/p>\n\n\n\n<figure class=\"wp-block-image size-large\"><img loading=\"lazy\" decoding=\"async\" width=\"1438\" height=\"1080\" src=\"https:\/\/all4camper.com\/\/wp-content\/uploads\/2021\/07\/IMG_20210611_171310-1438x1080.jpg\" alt=\"\" class=\"wp-image-135981\" srcset=\"https:\/\/all4camper.com\/wp-content\/uploads\/2021\/07\/IMG_20210611_171310-1438x1080.jpg 1438w, https:\/\/all4camper.com\/wp-content\/uploads\/2021\/07\/IMG_20210611_171310-300x225.jpg 300w, https:\/\/all4camper.com\/wp-content\/uploads\/2021\/07\/IMG_20210611_171310-150x113.jpg 150w, https:\/\/all4camper.com\/wp-content\/uploads\/2021\/07\/IMG_20210611_171310-768x577.jpg 768w, https:\/\/all4camper.com\/wp-content\/uploads\/2021\/07\/IMG_20210611_171310-1536x1153.jpg 1536w, https:\/\/all4camper.com\/wp-content\/uploads\/2021\/07\/IMG_20210611_171310-2048x1538.jpg 2048w, https:\/\/all4camper.com\/wp-content\/uploads\/2021\/07\/IMG_20210611_171310-696x523.jpg 696w, https:\/\/all4camper.com\/wp-content\/uploads\/2021\/07\/IMG_20210611_171310-1068x802.jpg 1068w, https:\/\/all4camper.com\/wp-content\/uploads\/2021\/07\/IMG_20210611_171310-1920x1442.jpg 1920w, https:\/\/all4camper.com\/wp-content\/uploads\/2021\/07\/IMG_20210611_171310-559x420.jpg 559w, https:\/\/all4camper.com\/wp-content\/uploads\/2021\/07\/IMG_20210611_171310-80x60.jpg 80w, https:\/\/all4camper.com\/wp-content\/uploads\/2021\/07\/IMG_20210611_171310-265x198.jpg 265w\" sizes=\"auto, (max-width: 1438px) 100vw, 1438px\" \/><\/figure>\n\n\n\n<p><strong>Z\u00e1v\u011br Kl\u00e1ra:<\/strong> Jak u\u017e v\u00fd\u0161e Ivo napsal, tenhle resort, \u010di chcete-li kemp, je opravdu \u00fa\u017easn\u00fd a pat\u0159\u00ed mezi ty v\u00fdjime\u010dn\u00e9 kempy v \u010cR, kde se c\u00edt\u00edte jako doma a \u010distota je naprostou samoz\u0159ejmost\u00ed. <strong>Pro m\u011b osobn\u011b pat\u0159\u00ed mezi TOP \u010desk\u00e9 kempy a nejednou jsem jej nav\u0161t\u00edvila. Majitel\u00e9 jsou moji  velice bl\u00edzc\u00ed p\u0159\u00e1tel\u00e9, tak\u017ee kdyby n\u011bco, nebojte se jim \u0159\u00edci, \u017ee jedete od &#8222;Kl\u00e1ry&#8220;. <\/strong><\/p>\n","protected":false},"excerpt":{"rendered":"<p>Tak\u00e9 r\u00e1di vyr\u00e1\u017e\u00edte sv\u00fdm karavanem pozn\u00e1vat nov\u00e1 m\u00edsta? Ocen\u00edte, kdy\u017e je pro v\u00e1s p\u0159ipraveno komplexn\u00ed a kr\u00e1sn\u00e9 prost\u0159ed\u00ed a nejbli\u017e\u0161\u00ed okol\u00ed nab\u00edz\u00ed spoustu r\u016fzn\u00fdch aktivit, v\u00fdlet\u016f a nev\u0161edn\u00edch z\u00e1\u017eitk\u016f? Pak zpozorn\u011bte. Dnes v\u00e1s na jedno takov\u00e9 m\u00edsto vezmu. Jedn\u00e1 se o Resort Radslavice, kter\u00fd se nach\u00e1z\u00ed na okraji mal\u00e9 obce v&nbsp;okrese P\u0159erov a v\u011b\u0159te, \u017ee [&hellip;]<\/p>\n","protected":false},"author":381,"featured_media":135909,"comment_status":"closed","ping_status":"open","sticky":false,"template":"","format":"standard","meta":{"_monsterinsights_skip_tracking":false,"_monsterinsights_sitenote_active":false,"_monsterinsights_sitenote_note":"","_monsterinsights_sitenote_category":0,"footnotes":""},"categories":[364,422,11685],"tags":[100,101,354,380],"class_list":{"0":"post-135890","1":"post","2":"type-post","3":"status-publish","4":"format-standard","5":"has-post-thumbnail","7":"category-cestujeme-a-kempujeme-v-cr","8":"category-novinky-kempovani-a-karavaning","9":"category-top-kempy","10":"tag-cechy","11":"tag-kempy-1","12":"tag-morava","13":"tag-topkempy"},"yoast_head":"<!-- This site is optimized with the Yoast SEO plugin v27.5 - https:\/\/yoast.com\/product\/yoast-seo-wordpress\/ -->\n<title>Par\u00e1dn\u00ed dovolen\u00e1 v mal\u00e9m rodinn\u00e9m kempu, kde osobn\u00ed p\u0159\u00edstup je prioritou. - All4Camper<\/title>\n<meta name=\"description\" content=\"Tak\u00e9 r\u00e1di vyr\u00e1\u017e\u00edte sv\u00fdm karavanem pozn\u00e1vat nov\u00e1 m\u00edsta? Ocen\u00edte, kdy\u017e je pro v\u00e1s p\u0159ipraveno komplexn\u00ed a kr\u00e1sn\u00e9 prost\u0159ed\u00ed a nejbli\u017e\u0161\u00ed okol\u00ed nab\u00edz\u00ed spoustu r\u016fzn\u00fdch aktivit, v\u00fdlet\u016f a nev\u0161edn\u00edch z\u00e1\u017eitk\u016f? Pak zpozorn\u011bte.\" \/>\n<meta name=\"robots\" content=\"index, follow, max-snippet:-1, max-image-preview:large, max-video-preview:-1\" \/>\n<link rel=\"canonical\" href=\"https:\/\/all4camper.com\/cs\/paradni-dovolena-v-malem-rodinnem-kempu-kde-osobni-pristup-je-prioritou\/\" \/>\n<meta property=\"og:locale\" content=\"cs_CZ\" \/>\n<meta property=\"og:type\" content=\"article\" \/>\n<meta property=\"og:title\" content=\"Par\u00e1dn\u00ed dovolen\u00e1 v mal\u00e9m rodinn\u00e9m kempu, kde osobn\u00ed p\u0159\u00edstup je prioritou. - All4Camper\" \/>\n<meta property=\"og:description\" content=\"Tak\u00e9 r\u00e1di vyr\u00e1\u017e\u00edte sv\u00fdm karavanem pozn\u00e1vat nov\u00e1 m\u00edsta? Ocen\u00edte, kdy\u017e je pro v\u00e1s p\u0159ipraveno komplexn\u00ed a kr\u00e1sn\u00e9 prost\u0159ed\u00ed a nejbli\u017e\u0161\u00ed okol\u00ed nab\u00edz\u00ed spoustu r\u016fzn\u00fdch aktivit, v\u00fdlet\u016f a nev\u0161edn\u00edch z\u00e1\u017eitk\u016f? Pak zpozorn\u011bte.\" \/>\n<meta property=\"og:url\" content=\"https:\/\/all4camper.com\/cs\/paradni-dovolena-v-malem-rodinnem-kempu-kde-osobni-pristup-je-prioritou\/\" \/>\n<meta property=\"og:site_name\" content=\"All4Camper\" \/>\n<meta property=\"article:published_time\" content=\"2021-07-25T15:01:11+00:00\" \/>\n<meta property=\"article:modified_time\" content=\"2021-07-25T20:19:50+00:00\" \/>\n<meta property=\"og:image\" content=\"https:\/\/all4camper.com\/wp-content\/uploads\/2021\/07\/IMG_20210613_102351.jpg\" \/>\n\t<meta property=\"og:image:width\" content=\"2500\" \/>\n\t<meta property=\"og:image:height\" content=\"1877\" \/>\n\t<meta property=\"og:image:type\" content=\"image\/jpeg\" \/>\n<meta name=\"author\" content=\"Ivo Pavelek\" \/>\n<meta name=\"twitter:card\" content=\"summary_large_image\" \/>\n<meta name=\"twitter:label1\" content=\"Napsal(a)\" \/>\n\t<meta name=\"twitter:data1\" content=\"Ivo Pavelek\" \/>\n\t<meta name=\"twitter:label2\" content=\"Odhadovan\u00e1 doba \u010dten\u00ed\" \/>\n\t<meta name=\"twitter:data2\" content=\"11 minut\" \/>\n<script type=\"application\/ld+json\" class=\"yoast-schema-graph\">{\"@context\":\"https:\\\/\\\/schema.org\",\"@graph\":[{\"@type\":\"Article\",\"@id\":\"https:\\\/\\\/all4camper.com\\\/cs\\\/paradni-dovolena-v-malem-rodinnem-kempu-kde-osobni-pristup-je-prioritou\\\/#article\",\"isPartOf\":{\"@id\":\"https:\\\/\\\/all4camper.com\\\/cs\\\/paradni-dovolena-v-malem-rodinnem-kempu-kde-osobni-pristup-je-prioritou\\\/\"},\"author\":{\"name\":\"Ivo Pavelek\",\"@id\":\"https:\\\/\\\/all4camper.com\\\/cs\\\/#\\\/schema\\\/person\\\/a6387842443a2105d550878fdd898965\"},\"headline\":\"Par\u00e1dn\u00ed dovolen\u00e1 v mal\u00e9m rodinn\u00e9m kempu, kde osobn\u00ed p\u0159\u00edstup je prioritou.\",\"datePublished\":\"2021-07-25T15:01:11+00:00\",\"dateModified\":\"2021-07-25T20:19:50+00:00\",\"mainEntityOfPage\":{\"@id\":\"https:\\\/\\\/all4camper.com\\\/cs\\\/paradni-dovolena-v-malem-rodinnem-kempu-kde-osobni-pristup-je-prioritou\\\/\"},\"wordCount\":2095,\"publisher\":{\"@id\":\"https:\\\/\\\/all4camper.com\\\/cs\\\/#organization\"},\"image\":{\"@id\":\"https:\\\/\\\/all4camper.com\\\/cs\\\/paradni-dovolena-v-malem-rodinnem-kempu-kde-osobni-pristup-je-prioritou\\\/#primaryimage\"},\"thumbnailUrl\":\"https:\\\/\\\/all4camper.com\\\/wp-content\\\/uploads\\\/2021\\\/07\\\/IMG_20210613_102351.jpg\",\"keywords\":[\"\u010cechy\",\"Kempy a kempovac\u00ed m\u00edsta\",\"Morava\",\"TOPkempy\"],\"articleSection\":[\"Cestujeme a kempujeme v \u010cR\",\"Novinky - Kempov\u00e1n\u00ed a karavaning\",\"TOP kempy\"],\"inLanguage\":\"cs\"},{\"@type\":\"WebPage\",\"@id\":\"https:\\\/\\\/all4camper.com\\\/cs\\\/paradni-dovolena-v-malem-rodinnem-kempu-kde-osobni-pristup-je-prioritou\\\/\",\"url\":\"https:\\\/\\\/all4camper.com\\\/cs\\\/paradni-dovolena-v-malem-rodinnem-kempu-kde-osobni-pristup-je-prioritou\\\/\",\"name\":\"Par\u00e1dn\u00ed dovolen\u00e1 v mal\u00e9m rodinn\u00e9m kempu, kde osobn\u00ed p\u0159\u00edstup je prioritou. - All4Camper\",\"isPartOf\":{\"@id\":\"https:\\\/\\\/all4camper.com\\\/cs\\\/#website\"},\"primaryImageOfPage\":{\"@id\":\"https:\\\/\\\/all4camper.com\\\/cs\\\/paradni-dovolena-v-malem-rodinnem-kempu-kde-osobni-pristup-je-prioritou\\\/#primaryimage\"},\"image\":{\"@id\":\"https:\\\/\\\/all4camper.com\\\/cs\\\/paradni-dovolena-v-malem-rodinnem-kempu-kde-osobni-pristup-je-prioritou\\\/#primaryimage\"},\"thumbnailUrl\":\"https:\\\/\\\/all4camper.com\\\/wp-content\\\/uploads\\\/2021\\\/07\\\/IMG_20210613_102351.jpg\",\"datePublished\":\"2021-07-25T15:01:11+00:00\",\"dateModified\":\"2021-07-25T20:19:50+00:00\",\"description\":\"Tak\u00e9 r\u00e1di vyr\u00e1\u017e\u00edte sv\u00fdm karavanem pozn\u00e1vat nov\u00e1 m\u00edsta? Ocen\u00edte, kdy\u017e je pro v\u00e1s p\u0159ipraveno komplexn\u00ed a kr\u00e1sn\u00e9 prost\u0159ed\u00ed a nejbli\u017e\u0161\u00ed okol\u00ed nab\u00edz\u00ed spoustu r\u016fzn\u00fdch aktivit, v\u00fdlet\u016f a nev\u0161edn\u00edch z\u00e1\u017eitk\u016f? Pak zpozorn\u011bte.\",\"breadcrumb\":{\"@id\":\"https:\\\/\\\/all4camper.com\\\/cs\\\/paradni-dovolena-v-malem-rodinnem-kempu-kde-osobni-pristup-je-prioritou\\\/#breadcrumb\"},\"inLanguage\":\"cs\",\"potentialAction\":[{\"@type\":\"ReadAction\",\"target\":[\"https:\\\/\\\/all4camper.com\\\/cs\\\/paradni-dovolena-v-malem-rodinnem-kempu-kde-osobni-pristup-je-prioritou\\\/\"]}]},{\"@type\":\"ImageObject\",\"inLanguage\":\"cs\",\"@id\":\"https:\\\/\\\/all4camper.com\\\/cs\\\/paradni-dovolena-v-malem-rodinnem-kempu-kde-osobni-pristup-je-prioritou\\\/#primaryimage\",\"url\":\"https:\\\/\\\/all4camper.com\\\/wp-content\\\/uploads\\\/2021\\\/07\\\/IMG_20210613_102351.jpg\",\"contentUrl\":\"https:\\\/\\\/all4camper.com\\\/wp-content\\\/uploads\\\/2021\\\/07\\\/IMG_20210613_102351.jpg\",\"width\":2500,\"height\":1877},{\"@type\":\"BreadcrumbList\",\"@id\":\"https:\\\/\\\/all4camper.com\\\/cs\\\/paradni-dovolena-v-malem-rodinnem-kempu-kde-osobni-pristup-je-prioritou\\\/#breadcrumb\",\"itemListElement\":[{\"@type\":\"ListItem\",\"position\":1,\"name\":\"Dom\u016f\",\"item\":\"https:\\\/\\\/all4camper.com\\\/cs\\\/\"},{\"@type\":\"ListItem\",\"position\":2,\"name\":\"Novinky - Kempov\u00e1n\u00ed a karavaning\",\"item\":\"https:\\\/\\\/all4camper.com\\\/cs\\\/category\\\/novinky-kempovani-a-karavaning\\\/\"},{\"@type\":\"ListItem\",\"position\":3,\"name\":\"Par\u00e1dn\u00ed dovolen\u00e1 v mal\u00e9m rodinn\u00e9m kempu, kde osobn\u00ed p\u0159\u00edstup je prioritou.\"}]},{\"@type\":\"WebSite\",\"@id\":\"https:\\\/\\\/all4camper.com\\\/cs\\\/#website\",\"url\":\"https:\\\/\\\/all4camper.com\\\/cs\\\/\",\"name\":\"All4Camper\",\"description\":\"Nejv\u011bt\u0161\u00ed online magaz\u00edn o kempov\u00e1n\u00ed a karavaninku. V\u00edce jak 900 \u010dl\u00e1nk\u016f pln\u00fdch rad a tip\u016f o kempech a kempov\u00e1n\u00ed.\",\"publisher\":{\"@id\":\"https:\\\/\\\/all4camper.com\\\/cs\\\/#organization\"},\"potentialAction\":[{\"@type\":\"SearchAction\",\"target\":{\"@type\":\"EntryPoint\",\"urlTemplate\":\"https:\\\/\\\/all4camper.com\\\/cs\\\/?s={search_term_string}\"},\"query-input\":{\"@type\":\"PropertyValueSpecification\",\"valueRequired\":true,\"valueName\":\"search_term_string\"}}],\"inLanguage\":\"cs\"},{\"@type\":\"Organization\",\"@id\":\"https:\\\/\\\/all4camper.com\\\/cs\\\/#organization\",\"name\":\"All4Camper - kempujeme s Kl\u00e1rou\",\"url\":\"https:\\\/\\\/all4camper.com\\\/cs\\\/\",\"logo\":{\"@type\":\"ImageObject\",\"inLanguage\":\"cs\",\"@id\":\"https:\\\/\\\/all4camper.com\\\/cs\\\/#\\\/schema\\\/logo\\\/image\\\/\",\"url\":\"https:\\\/\\\/all4camper.com\\\/wp-content\\\/uploads\\\/2018\\\/09\\\/novelogo.png\",\"contentUrl\":\"https:\\\/\\\/all4camper.com\\\/wp-content\\\/uploads\\\/2018\\\/09\\\/novelogo.png\",\"width\":1520,\"height\":600,\"caption\":\"All4Camper - kempujeme s Kl\u00e1rou\"},\"image\":{\"@id\":\"https:\\\/\\\/all4camper.com\\\/cs\\\/#\\\/schema\\\/logo\\\/image\\\/\"}},{\"@type\":\"Person\",\"@id\":\"https:\\\/\\\/all4camper.com\\\/cs\\\/#\\\/schema\\\/person\\\/a6387842443a2105d550878fdd898965\",\"name\":\"Ivo Pavelek\",\"url\":\"https:\\\/\\\/all4camper.com\\\/cs\\\/author\\\/ivopavelek\\\/\"}]}<\/script>\n<!-- \/ Yoast SEO plugin. -->","yoast_head_json":{"title":"Par\u00e1dn\u00ed dovolen\u00e1 v mal\u00e9m rodinn\u00e9m kempu, kde osobn\u00ed p\u0159\u00edstup je prioritou. - All4Camper","description":"Tak\u00e9 r\u00e1di vyr\u00e1\u017e\u00edte sv\u00fdm karavanem pozn\u00e1vat nov\u00e1 m\u00edsta? Ocen\u00edte, kdy\u017e je pro v\u00e1s p\u0159ipraveno komplexn\u00ed a kr\u00e1sn\u00e9 prost\u0159ed\u00ed a nejbli\u017e\u0161\u00ed okol\u00ed nab\u00edz\u00ed spoustu r\u016fzn\u00fdch aktivit, v\u00fdlet\u016f a nev\u0161edn\u00edch z\u00e1\u017eitk\u016f? Pak zpozorn\u011bte.","robots":{"index":"index","follow":"follow","max-snippet":"max-snippet:-1","max-image-preview":"max-image-preview:large","max-video-preview":"max-video-preview:-1"},"canonical":"https:\/\/all4camper.com\/cs\/paradni-dovolena-v-malem-rodinnem-kempu-kde-osobni-pristup-je-prioritou\/","og_locale":"cs_CZ","og_type":"article","og_title":"Par\u00e1dn\u00ed dovolen\u00e1 v mal\u00e9m rodinn\u00e9m kempu, kde osobn\u00ed p\u0159\u00edstup je prioritou. - All4Camper","og_description":"Tak\u00e9 r\u00e1di vyr\u00e1\u017e\u00edte sv\u00fdm karavanem pozn\u00e1vat nov\u00e1 m\u00edsta? Ocen\u00edte, kdy\u017e je pro v\u00e1s p\u0159ipraveno komplexn\u00ed a kr\u00e1sn\u00e9 prost\u0159ed\u00ed a nejbli\u017e\u0161\u00ed okol\u00ed nab\u00edz\u00ed spoustu r\u016fzn\u00fdch aktivit, v\u00fdlet\u016f a nev\u0161edn\u00edch z\u00e1\u017eitk\u016f? Pak zpozorn\u011bte.","og_url":"https:\/\/all4camper.com\/cs\/paradni-dovolena-v-malem-rodinnem-kempu-kde-osobni-pristup-je-prioritou\/","og_site_name":"All4Camper","article_published_time":"2021-07-25T15:01:11+00:00","article_modified_time":"2021-07-25T20:19:50+00:00","og_image":[{"width":2500,"height":1877,"url":"https:\/\/all4camper.com\/wp-content\/uploads\/2021\/07\/IMG_20210613_102351.jpg","type":"image\/jpeg"}],"author":"Ivo Pavelek","twitter_card":"summary_large_image","twitter_misc":{"Napsal(a)":"Ivo Pavelek","Odhadovan\u00e1 doba \u010dten\u00ed":"11 minut"},"schema":{"@context":"https:\/\/schema.org","@graph":[{"@type":"Article","@id":"https:\/\/all4camper.com\/cs\/paradni-dovolena-v-malem-rodinnem-kempu-kde-osobni-pristup-je-prioritou\/#article","isPartOf":{"@id":"https:\/\/all4camper.com\/cs\/paradni-dovolena-v-malem-rodinnem-kempu-kde-osobni-pristup-je-prioritou\/"},"author":{"name":"Ivo Pavelek","@id":"https:\/\/all4camper.com\/cs\/#\/schema\/person\/a6387842443a2105d550878fdd898965"},"headline":"Par\u00e1dn\u00ed dovolen\u00e1 v mal\u00e9m rodinn\u00e9m kempu, kde osobn\u00ed p\u0159\u00edstup je prioritou.","datePublished":"2021-07-25T15:01:11+00:00","dateModified":"2021-07-25T20:19:50+00:00","mainEntityOfPage":{"@id":"https:\/\/all4camper.com\/cs\/paradni-dovolena-v-malem-rodinnem-kempu-kde-osobni-pristup-je-prioritou\/"},"wordCount":2095,"publisher":{"@id":"https:\/\/all4camper.com\/cs\/#organization"},"image":{"@id":"https:\/\/all4camper.com\/cs\/paradni-dovolena-v-malem-rodinnem-kempu-kde-osobni-pristup-je-prioritou\/#primaryimage"},"thumbnailUrl":"https:\/\/all4camper.com\/wp-content\/uploads\/2021\/07\/IMG_20210613_102351.jpg","keywords":["\u010cechy","Kempy a kempovac\u00ed m\u00edsta","Morava","TOPkempy"],"articleSection":["Cestujeme a kempujeme v \u010cR","Novinky - Kempov\u00e1n\u00ed a karavaning","TOP kempy"],"inLanguage":"cs"},{"@type":"WebPage","@id":"https:\/\/all4camper.com\/cs\/paradni-dovolena-v-malem-rodinnem-kempu-kde-osobni-pristup-je-prioritou\/","url":"https:\/\/all4camper.com\/cs\/paradni-dovolena-v-malem-rodinnem-kempu-kde-osobni-pristup-je-prioritou\/","name":"Par\u00e1dn\u00ed dovolen\u00e1 v mal\u00e9m rodinn\u00e9m kempu, kde osobn\u00ed p\u0159\u00edstup je prioritou. - All4Camper","isPartOf":{"@id":"https:\/\/all4camper.com\/cs\/#website"},"primaryImageOfPage":{"@id":"https:\/\/all4camper.com\/cs\/paradni-dovolena-v-malem-rodinnem-kempu-kde-osobni-pristup-je-prioritou\/#primaryimage"},"image":{"@id":"https:\/\/all4camper.com\/cs\/paradni-dovolena-v-malem-rodinnem-kempu-kde-osobni-pristup-je-prioritou\/#primaryimage"},"thumbnailUrl":"https:\/\/all4camper.com\/wp-content\/uploads\/2021\/07\/IMG_20210613_102351.jpg","datePublished":"2021-07-25T15:01:11+00:00","dateModified":"2021-07-25T20:19:50+00:00","description":"Tak\u00e9 r\u00e1di vyr\u00e1\u017e\u00edte sv\u00fdm karavanem pozn\u00e1vat nov\u00e1 m\u00edsta? Ocen\u00edte, kdy\u017e je pro v\u00e1s p\u0159ipraveno komplexn\u00ed a kr\u00e1sn\u00e9 prost\u0159ed\u00ed a nejbli\u017e\u0161\u00ed okol\u00ed nab\u00edz\u00ed spoustu r\u016fzn\u00fdch aktivit, v\u00fdlet\u016f a nev\u0161edn\u00edch z\u00e1\u017eitk\u016f? Pak zpozorn\u011bte.","breadcrumb":{"@id":"https:\/\/all4camper.com\/cs\/paradni-dovolena-v-malem-rodinnem-kempu-kde-osobni-pristup-je-prioritou\/#breadcrumb"},"inLanguage":"cs","potentialAction":[{"@type":"ReadAction","target":["https:\/\/all4camper.com\/cs\/paradni-dovolena-v-malem-rodinnem-kempu-kde-osobni-pristup-je-prioritou\/"]}]},{"@type":"ImageObject","inLanguage":"cs","@id":"https:\/\/all4camper.com\/cs\/paradni-dovolena-v-malem-rodinnem-kempu-kde-osobni-pristup-je-prioritou\/#primaryimage","url":"https:\/\/all4camper.com\/wp-content\/uploads\/2021\/07\/IMG_20210613_102351.jpg","contentUrl":"https:\/\/all4camper.com\/wp-content\/uploads\/2021\/07\/IMG_20210613_102351.jpg","width":2500,"height":1877},{"@type":"BreadcrumbList","@id":"https:\/\/all4camper.com\/cs\/paradni-dovolena-v-malem-rodinnem-kempu-kde-osobni-pristup-je-prioritou\/#breadcrumb","itemListElement":[{"@type":"ListItem","position":1,"name":"Dom\u016f","item":"https:\/\/all4camper.com\/cs\/"},{"@type":"ListItem","position":2,"name":"Novinky - Kempov\u00e1n\u00ed a karavaning","item":"https:\/\/all4camper.com\/cs\/category\/novinky-kempovani-a-karavaning\/"},{"@type":"ListItem","position":3,"name":"Par\u00e1dn\u00ed dovolen\u00e1 v mal\u00e9m rodinn\u00e9m kempu, kde osobn\u00ed p\u0159\u00edstup je prioritou."}]},{"@type":"WebSite","@id":"https:\/\/all4camper.com\/cs\/#website","url":"https:\/\/all4camper.com\/cs\/","name":"All4Camper","description":"Nejv\u011bt\u0161\u00ed online magaz\u00edn o kempov\u00e1n\u00ed a karavaninku. V\u00edce jak 900 \u010dl\u00e1nk\u016f pln\u00fdch rad a tip\u016f o kempech a kempov\u00e1n\u00ed.","publisher":{"@id":"https:\/\/all4camper.com\/cs\/#organization"},"potentialAction":[{"@type":"SearchAction","target":{"@type":"EntryPoint","urlTemplate":"https:\/\/all4camper.com\/cs\/?s={search_term_string}"},"query-input":{"@type":"PropertyValueSpecification","valueRequired":true,"valueName":"search_term_string"}}],"inLanguage":"cs"},{"@type":"Organization","@id":"https:\/\/all4camper.com\/cs\/#organization","name":"All4Camper - kempujeme s Kl\u00e1rou","url":"https:\/\/all4camper.com\/cs\/","logo":{"@type":"ImageObject","inLanguage":"cs","@id":"https:\/\/all4camper.com\/cs\/#\/schema\/logo\/image\/","url":"https:\/\/all4camper.com\/wp-content\/uploads\/2018\/09\/novelogo.png","contentUrl":"https:\/\/all4camper.com\/wp-content\/uploads\/2018\/09\/novelogo.png","width":1520,"height":600,"caption":"All4Camper - kempujeme s Kl\u00e1rou"},"image":{"@id":"https:\/\/all4camper.com\/cs\/#\/schema\/logo\/image\/"}},{"@type":"Person","@id":"https:\/\/all4camper.com\/cs\/#\/schema\/person\/a6387842443a2105d550878fdd898965","name":"Ivo Pavelek","url":"https:\/\/all4camper.com\/cs\/author\/ivopavelek\/"}]}},"_links":{"self":[{"href":"https:\/\/all4camper.com\/cs\/wp-json\/wp\/v2\/posts\/135890","targetHints":{"allow":["GET"]}}],"collection":[{"href":"https:\/\/all4camper.com\/cs\/wp-json\/wp\/v2\/posts"}],"about":[{"href":"https:\/\/all4camper.com\/cs\/wp-json\/wp\/v2\/types\/post"}],"author":[{"embeddable":true,"href":"https:\/\/all4camper.com\/cs\/wp-json\/wp\/v2\/users\/381"}],"replies":[{"embeddable":true,"href":"https:\/\/all4camper.com\/cs\/wp-json\/wp\/v2\/comments?post=135890"}],"version-history":[{"count":0,"href":"https:\/\/all4camper.com\/cs\/wp-json\/wp\/v2\/posts\/135890\/revisions"}],"wp:featuredmedia":[{"embeddable":true,"href":"https:\/\/all4camper.com\/cs\/wp-json\/wp\/v2\/media\/135909"}],"wp:attachment":[{"href":"https:\/\/all4camper.com\/cs\/wp-json\/wp\/v2\/media?parent=135890"}],"wp:term":[{"taxonomy":"category","embeddable":true,"href":"https:\/\/all4camper.com\/cs\/wp-json\/wp\/v2\/categories?post=135890"},{"taxonomy":"post_tag","embeddable":true,"href":"https:\/\/all4camper.com\/cs\/wp-json\/wp\/v2\/tags?post=135890"}],"curies":[{"name":"wp","href":"https:\/\/api.w.org\/{rel}","templated":true}]}}