{"id":135870,"date":"2021-07-25T11:12:39","date_gmt":"2021-07-25T09:12:39","guid":{"rendered":"https:\/\/all4camper.com\/\/?p=135870"},"modified":"2022-05-21T08:27:46","modified_gmt":"2022-05-21T06:27:46","slug":"chcete-se-po-ceste-k-mori-zastavit-na-par-dni-v-rakousku-a-resite-jak-na-covid-testy-vyzkouseli-jsme-za-vas","status":"publish","type":"post","link":"https:\/\/all4camper.com\/cs\/chcete-se-po-ceste-k-mori-zastavit-na-par-dni-v-rakousku-a-resite-jak-na-covid-testy-vyzkouseli-jsme-za-vas\/","title":{"rendered":"Chcete se po cest\u011b k mo\u0159i zastavit na p\u00e1r dn\u00ed v Rakousku a \u0159e\u0161\u00edte, jak na Covid testy v t\u00e9to zemi? Vyzkou\u0161eli jsme za v\u00e1s!"},"content":{"rendered":"\n<p><strong>Rakousko je tranzitn\u00ed zem\u00ed pro cesty k mo\u0159i. Nez\u0159\u00eddka ale cestovatel\u00e9 cht\u011bj\u00ed po cest\u011b str\u00e1vit p\u00e1r dn\u00ed v t\u00e9to alpsk\u00e9 zemi, nebo\u0165 tato destinace nab\u00edz\u00ed mnoho vy\u017eit\u00ed. Koup\u00e1n\u00ed v k\u0159i\u0161\u0165\u00e1lov\u011b \u010dist\u00fdch jezerech \u010di term\u00e1lech, bohat\u00e9 variace na cyklistiku \u010di vysokohorskou turistiku. To v\u0161e si tam m\u016f\u017eete naplno u\u017e\u00edt. Dlouh\u00fd a \u010dasto monot\u00f3nn\u00ed p\u0159esun k vysn\u011bn\u00e9mu mo\u0159i se tak d\u00edky t\u00e9to nab\u00eddce m\u016f\u017ee st\u00e1t v\u00edce z\u00e1\u017eitkov\u00fd. Tento zp\u016fsob cestov\u00e1n\u00ed se v\u0161ak s covidov\u00fdmi pravidly stal v leto\u0161n\u00edm roce pon\u011bkud obt\u00ed\u017en\u011bj\u0161\u00ed. Proto dnes p\u0159in\u00e1\u0161\u00edme informace &#8222;jak na to&#8220;, kdy\u017e chcete v t\u00e9to zemi str\u00e1vit p\u00e1r dn\u00ed.<\/strong><\/p>\n\n\n\n<figure class=\"wp-block-image size-large\"><img loading=\"lazy\" decoding=\"async\" width=\"1280\" height=\"853\" src=\"https:\/\/all4camper.com\/\/wp-content\/uploads\/2021\/07\/kleinwalsertal-2920166_1280.jpg\" alt=\"\" class=\"wp-image-135872\" srcset=\"https:\/\/all4camper.com\/wp-content\/uploads\/2021\/07\/kleinwalsertal-2920166_1280.jpg 1280w, https:\/\/all4camper.com\/wp-content\/uploads\/2021\/07\/kleinwalsertal-2920166_1280-300x200.jpg 300w, https:\/\/all4camper.com\/wp-content\/uploads\/2021\/07\/kleinwalsertal-2920166_1280-150x100.jpg 150w, https:\/\/all4camper.com\/wp-content\/uploads\/2021\/07\/kleinwalsertal-2920166_1280-768x512.jpg 768w, https:\/\/all4camper.com\/wp-content\/uploads\/2021\/07\/kleinwalsertal-2920166_1280-696x464.jpg 696w, https:\/\/all4camper.com\/wp-content\/uploads\/2021\/07\/kleinwalsertal-2920166_1280-1068x712.jpg 1068w, https:\/\/all4camper.com\/wp-content\/uploads\/2021\/07\/kleinwalsertal-2920166_1280-630x420.jpg 630w\" sizes=\"auto, (max-width: 1280px) 100vw, 1280px\" \/><\/figure>\n\n\n\n<p>Pravidla pro vstup do jednotliv\u00fdch zem\u00ed jist\u011b snadno dohled\u00e1 ka\u017ed\u00fd, nap\u0159\u00edklad na webu Ministerstva zahrani\u010dn\u00edch v\u011bc\u00ed (<a href=\"https:\/\/www.mzv.cz\/vienna\/cz\/koronavirus\/index.html\" target=\"_blank\" rel=\"noreferrer noopener\">Rakousko<\/a>,&nbsp;<a href=\"https:\/\/www.mzv.cz\/rome\/cz\/viza_a_konzularni_informace\/konzularni_informace_pro_italii\/informace_k_cestovani_ceska_republika.html\" target=\"_blank\" rel=\"noreferrer noopener\">It\u00e1lie<\/a>&nbsp;nebo&nbsp;<a href=\"https:\/\/www.mzv.cz\/zagreb\/cz\/viza_a_konzularni_informace\/cestovani_a_podminky_vstupu_do.html\" target=\"_blank\" rel=\"noreferrer noopener\">Chorvatsko<\/a>). <strong>\u010cast\u00fdm po\u017eadavkem b\u00fdv\u00e1 antigenn\u00ed nebo PCR test ne star\u0161\u00ed ne\u017e 48 hodin. <\/strong>Ale jak takov\u00fd test po\u0159\u00eddit, kdy\u017e jste se rozhodli str\u00e1vit&nbsp;n\u011bkolik dn\u00ed v Rakousku a pak a\u017e dojet k mo\u0159i? Jak to prob\u00edh\u00e1? <\/p>\n\n\n\n<h2 class=\"wp-block-heading\">Je to jednodu\u0161\u0161\u00ed a levn\u011bj\u0161\u00ed, ne\u017e by se mohlo na prvn\u00ed pohled zd\u00e1t!<\/h2>\n\n\n\n<p>Poj\u010fme hned za\u010d\u00edt dobrou zpr\u00e1vou.&nbsp;<strong>Testov\u00e1n\u00ed v Rakousku je zdarma<\/strong>&nbsp;i pro cizince a dostanete potvrzen\u00ed nejen v n\u011bm\u010din\u011b, ale i v angli\u010dtin\u011b!<\/p>\n\n\n\n<p><strong>Krok 1 &#8211; registra\u010dn\u00ed formul\u00e1\u0159<\/strong><\/p>\n\n\n\n<p>Prvn\u00edm krokem je vypln\u011bn\u00ed registra\u010dn\u00edho formul\u00e1\u0159e. Ten najdete na webov\u00fdch str\u00e1nk\u00e1ch&nbsp;<a href=\"https:\/\/www.oesterreich-testet.at\/\" target=\"_blank\" rel=\"noreferrer noopener nofollow\">oesterreich-testet.at<\/a>. Nejprve si zvol\u00edte spolkovou zemi ve kter\u00e9 se budete cht\u00edt testovat. Korutany, \u0160t\u00fdrsko, Horn\u00ed Rakousko a Burgenland vyu\u017e\u00edvaj\u00ed jednotn\u00e9ho centr\u00e1ln\u00edho registra\u010dn\u00edho formul\u00e1\u0159e, ostatn\u00ed zem\u011b pak maj\u00ed sv\u016fj vlastn\u00ed. Postup by m\u011bl b\u00fdt ale podobn\u00fd (my jsme vyzkou\u0161eli centr\u00e1ln\u00ed syst\u00e9m pou\u017e\u00edvan\u00fd v Korutanech).&nbsp;Ve formul\u00e1\u0159i vypl\u0148ujete samoz\u0159ejm\u011b v prvn\u00ed \u0159ad\u011b&nbsp;<strong><em>osobn\u00ed \u00fadaje&nbsp;<\/em>a jako cizinec vynech\u00e1te \u010d\u00edslo soci\u00e1ln\u00edho poji\u0161t\u011bn\u00ed.<\/strong> Dal\u0161\u00edm \u00fadajem je&nbsp;<em><strong>adresa<\/strong><\/em>. Zde neuv\u00e1d\u00edte svou adresu trval\u00e9ho bydli\u0161t\u011b v \u010cR, ale <strong>adresu, kterou m\u00e1te aktu\u00e1ln\u011b v Rakousku! To znamen\u00e1 nap\u0159\u00edklad adresu kempu<\/strong>. Pak u\u017e jen vol\u00edte, zda chcete obdr\u017eet potvrzen\u00ed registrace p\u0159es SMS nebo email.&nbsp;Po odesl\u00e1n\u00ed vypln\u011bn\u00e9ho formul\u00e1\u0159e vyb\u00edr\u00e1te testovac\u00ed m\u00edsto. Je dobr\u00e9 si p\u0159edem vyhledat, jak\u00e1 m\u00edsta jsou v okol\u00ed va\u0161eho aktu\u00e1ln\u00edho pobytu nebo po dal\u0161\u00ed va\u0161\u00ed trase k dispozici. Zdaleka ne v\u0161echna toti\u017e testuj\u00ed ka\u017ed\u00fd den. Zejm\u00e9na v men\u0161\u00edch obc\u00edch se testuje t\u0159eba jen 2x t\u00fddn\u011b. D\u00e1le i kapacita m\u00edst nen\u00ed nijak velik\u00e1, a tak je pot\u0159eba rezervovat s dostate\u010dn\u00fdm p\u0159edstihem. My jsme nap\u0159\u00edklad museli do vzd\u00e1len\u011bj\u0161\u00ed obce, nebo\u0165 v t\u00e9 na\u0161\u00ed byly pot\u0159ebn\u00e9 term\u00edny ji\u017e kompletn\u011b obsazeny.<\/p>\n\n\n\n<p>Jakmile potvrd\u00edte vybran\u00e9 m\u00edsto a \u010das testov\u00e1n\u00ed, doraz\u00ed v\u00e1m emailem formul\u00e1\u0159 s \u010d\u00e1rov\u00fdm k\u00f3dem potvrzuj\u00edc\u00ed rezervaci term\u00ednu. <strong>U formul\u00e1\u0159e je zd\u016frazn\u011bno, \u017ee je lep\u0161\u00ed si jej vytisknout a p\u0159in\u00e9st k test\u016fm s sebou, \u017ee ne v\u0161echna testovac\u00ed m\u00edsta jsou vybavena tisk\u00e1rnou. Na\u0161e zku\u0161enost v\u0161ak ukazuje, \u017ee to nutn\u00e9 nen\u00ed.<\/strong><\/p>\n\n\n\n<p><strong>Krok 2 &#8211; testy<\/strong><\/p>\n\n\n\n<p>V na\u0161em p\u0159\u00edpad\u011b testy prob\u00edhaly v budov\u011b radnice. Byla tam dv\u011b testovac\u00ed m\u00edsta &#8211; jedno ur\u010den\u00e9 pro hosty bez rakousk\u00e9ho soci\u00e1ln\u00edho poji\u0161t\u011bn\u00ed (tedy pro n\u00e1s) a druh\u00e9 pro ob\u010dany Rakouska. Potvrzuj\u00edc\u00ed formul\u00e1\u0159, kter\u00fd n\u00e1m dorazil emailem, nebylo pot\u0159eba ani tisknout, ani ukazovat v telefonu. <strong>Na testovac\u00edm m\u00edst\u011b m\u011bli vyti\u0161t\u011bn\u00fd seznam osob pro dan\u00fd den a na\u0161e jm\u00e9na byla uvedena p\u0159esn\u011b podle rezervace.<\/strong> Testov\u00e1n\u00ed pak prob\u011bhlo naprosto b\u011b\u017en\u00fdm zp\u016fsobem a v\u00fdsledky byly k dispozici do 15 minut.<br><\/p>\n\n\n\n<figure class=\"wp-block-image size-large\"><img loading=\"lazy\" decoding=\"async\" width=\"1440\" height=\"1080\" src=\"https:\/\/all4camper.com\/\/wp-content\/uploads\/2021\/07\/potvrzeni-1440x1080.jpeg\" alt=\"\" class=\"wp-image-135875\" srcset=\"https:\/\/all4camper.com\/wp-content\/uploads\/2021\/07\/potvrzeni-1440x1080.jpeg 1440w, https:\/\/all4camper.com\/wp-content\/uploads\/2021\/07\/potvrzeni-300x225.jpeg 300w, https:\/\/all4camper.com\/wp-content\/uploads\/2021\/07\/potvrzeni-150x113.jpeg 150w, https:\/\/all4camper.com\/wp-content\/uploads\/2021\/07\/potvrzeni-768x576.jpeg 768w, https:\/\/all4camper.com\/wp-content\/uploads\/2021\/07\/potvrzeni-1536x1152.jpeg 1536w, https:\/\/all4camper.com\/wp-content\/uploads\/2021\/07\/potvrzeni-2048x1536.jpeg 2048w, https:\/\/all4camper.com\/wp-content\/uploads\/2021\/07\/potvrzeni-696x522.jpeg 696w, https:\/\/all4camper.com\/wp-content\/uploads\/2021\/07\/potvrzeni-1068x801.jpeg 1068w, https:\/\/all4camper.com\/wp-content\/uploads\/2021\/07\/potvrzeni-1920x1440.jpeg 1920w, https:\/\/all4camper.com\/wp-content\/uploads\/2021\/07\/potvrzeni-560x420.jpeg 560w, https:\/\/all4camper.com\/wp-content\/uploads\/2021\/07\/potvrzeni-80x60.jpeg 80w, https:\/\/all4camper.com\/wp-content\/uploads\/2021\/07\/potvrzeni-265x198.jpeg 265w\" sizes=\"auto, (max-width: 1440px) 100vw, 1440px\" \/><\/figure>\n\n\n\n<p><strong>Krok 3 &#8211; potvrzen\u00ed<\/strong><\/p>\n\n\n\n<p>Potvrzen\u00ed o v\u00fdsledku bylo automaticky doru\u010deno na email. Nicm\u00e9n\u011b p\u0159ed testem se n\u00e1s je\u0161t\u011b ptali, zda n\u00e1m sta\u010d\u00ed elektronick\u00e1 podoba, \u010di zda pot\u0159ebujeme i tu pap\u00edrovou. Na cest\u00e1ch \u010dlov\u011bk nikdy nev\u00ed, a tak jsme si za\u017e\u00e1dali i o pap\u00edr. Dvojjazy\u010dn\u00e9 mezin\u00e1rodn\u00ed potvrzen\u00ed tak bylo b\u011bhem chvilky p\u0159ed n\u00e1mi a my mohli s klidem pokra\u010dovat v na\u0161\u00ed cest\u011b.&nbsp;<\/p>\n\n\n\n<figure class=\"wp-block-image size-large\"><img loading=\"lazy\" decoding=\"async\" width=\"1440\" height=\"1080\" src=\"https:\/\/all4camper.com\/\/wp-content\/uploads\/2021\/07\/budova_s_testovacim_mistem-1440x1080.jpg\" alt=\"\" class=\"wp-image-135878\" srcset=\"https:\/\/all4camper.com\/wp-content\/uploads\/2021\/07\/budova_s_testovacim_mistem-1440x1080.jpg 1440w, https:\/\/all4camper.com\/wp-content\/uploads\/2021\/07\/budova_s_testovacim_mistem-300x225.jpg 300w, https:\/\/all4camper.com\/wp-content\/uploads\/2021\/07\/budova_s_testovacim_mistem-150x113.jpg 150w, https:\/\/all4camper.com\/wp-content\/uploads\/2021\/07\/budova_s_testovacim_mistem-768x576.jpg 768w, https:\/\/all4camper.com\/wp-content\/uploads\/2021\/07\/budova_s_testovacim_mistem-1536x1152.jpg 1536w, https:\/\/all4camper.com\/wp-content\/uploads\/2021\/07\/budova_s_testovacim_mistem-2048x1536.jpg 2048w, https:\/\/all4camper.com\/wp-content\/uploads\/2021\/07\/budova_s_testovacim_mistem-696x522.jpg 696w, https:\/\/all4camper.com\/wp-content\/uploads\/2021\/07\/budova_s_testovacim_mistem-1068x801.jpg 1068w, https:\/\/all4camper.com\/wp-content\/uploads\/2021\/07\/budova_s_testovacim_mistem-1920x1440.jpg 1920w, https:\/\/all4camper.com\/wp-content\/uploads\/2021\/07\/budova_s_testovacim_mistem-560x420.jpg 560w, https:\/\/all4camper.com\/wp-content\/uploads\/2021\/07\/budova_s_testovacim_mistem-80x60.jpg 80w, https:\/\/all4camper.com\/wp-content\/uploads\/2021\/07\/budova_s_testovacim_mistem-265x198.jpg 265w\" sizes=\"auto, (max-width: 1440px) 100vw, 1440px\" \/><figcaption>Budova, kde n\u00e1s testovali<\/figcaption><\/figure>\n\n\n\n<p><strong>Z\u00e1v\u011brem<\/strong>. D\u00edky t\u00e9to bezplatn\u00e9 slu\u017eb\u011b, kter\u00e1 je nav\u00edc velice rychl\u00e1, jsou antigenn\u00ed cesty pro pot\u0159eby cestov\u00e1n\u00ed v z\u00e1sad\u011b jednoduchou formalitou, kterou nen\u00ed obt\u00ed\u017en\u00e9 splnit. <strong>Nav\u00edc, zcela zdarma! <\/strong>I kdy\u017e po v\u00e1s t\u0159eba v c\u00edlov\u00e9 destinaci nikdo v\u00fdsledky test\u016f cht\u00edt nebude, nen\u00ed od v\u011bci jet s klidem, \u017ee jste na takovou kontrolu p\u0159ipraveni. Nestoj\u00ed to moc \u010dasu a ani \u017e\u00e1dn\u00e9 pen\u00edze. To za ten klid ur\u010dit\u011b stoj\u00ed.<\/p>\n\n\n\n<p>Autor: Jan Pacovsk\u00fd, <a href=\"https:\/\/www.vanisti.cz\/\" target=\"_blank\" rel=\"noreferrer noopener\">Vanisti.cz<\/a><\/p>\n","protected":false},"excerpt":{"rendered":"<p>Rakousko je tranzitn\u00ed zem\u00ed pro cesty k mo\u0159i. Nez\u0159\u00eddka ale cestovatel\u00e9 cht\u011bj\u00ed po cest\u011b str\u00e1vit p\u00e1r dn\u00ed v t\u00e9to alpsk\u00e9 zemi, nebo\u0165 tato destinace nab\u00edz\u00ed mnoho vy\u017eit\u00ed. Koup\u00e1n\u00ed v k\u0159i\u0161\u0165\u00e1lov\u011b \u010dist\u00fdch jezerech \u010di term\u00e1lech, bohat\u00e9 variace na cyklistiku \u010di vysokohorskou turistiku. To v\u0161e si tam m\u016f\u017eete naplno u\u017e\u00edt. Dlouh\u00fd a \u010dasto monot\u00f3nn\u00ed p\u0159esun k vysn\u011bn\u00e9mu [&hellip;]<\/p>\n","protected":false},"author":27,"featured_media":135875,"comment_status":"closed","ping_status":"open","sticky":false,"template":"","format":"standard","meta":{"_monsterinsights_skip_tracking":false,"_monsterinsights_sitenote_active":false,"_monsterinsights_sitenote_note":"","_monsterinsights_sitenote_category":0,"footnotes":""},"categories":[11195],"tags":[],"class_list":{"0":"post-135870","1":"post","2":"type-post","3":"status-publish","4":"format-standard","5":"has-post-thumbnail","7":"category-archiv"},"yoast_head":"<!-- This site is optimized with the Yoast SEO plugin v27.5 - https:\/\/yoast.com\/product\/yoast-seo-wordpress\/ -->\n<title>Chcete se po cest\u011b k mo\u0159i zastavit na p\u00e1r dn\u00ed v Rakousku a \u0159e\u0161\u00edte, jak na Covid testy v t\u00e9to zemi? Vyzkou\u0161eli jsme za v\u00e1s! - All4Camper<\/title>\n<meta name=\"description\" content=\"Tento zp\u016fsob cestov\u00e1n\u00ed se v\u0161ak s covidov\u00fdmi pravidly stal v leto\u0161n\u00edm roce pon\u011bkud obt\u00ed\u017en\u011bj\u0161\u00ed. Proto dnes p\u0159in\u00e1\u0161\u00edme informace &quot;jak na to&quot;, kdy\u017e chcete v t\u00e9to zemi str\u00e1vit p\u00e1r dn\u00ed.\" \/>\n<meta name=\"robots\" content=\"index, follow, max-snippet:-1, max-image-preview:large, max-video-preview:-1\" \/>\n<link rel=\"canonical\" href=\"https:\/\/all4camper.com\/cs\/chcete-se-po-ceste-k-mori-zastavit-na-par-dni-v-rakousku-a-resite-jak-na-covid-testy-vyzkouseli-jsme-za-vas\/\" \/>\n<meta property=\"og:locale\" content=\"cs_CZ\" \/>\n<meta property=\"og:type\" content=\"article\" \/>\n<meta property=\"og:title\" content=\"Chcete se po cest\u011b k mo\u0159i zastavit na p\u00e1r dn\u00ed v Rakousku a \u0159e\u0161\u00edte, jak na Covid testy v t\u00e9to zemi? Vyzkou\u0161eli jsme za v\u00e1s! - All4Camper\" \/>\n<meta property=\"og:description\" content=\"Tento zp\u016fsob cestov\u00e1n\u00ed se v\u0161ak s covidov\u00fdmi pravidly stal v leto\u0161n\u00edm roce pon\u011bkud obt\u00ed\u017en\u011bj\u0161\u00ed. Proto dnes p\u0159in\u00e1\u0161\u00edme informace &quot;jak na to&quot;, kdy\u017e chcete v t\u00e9to zemi str\u00e1vit p\u00e1r dn\u00ed.\" \/>\n<meta property=\"og:url\" content=\"https:\/\/all4camper.com\/cs\/chcete-se-po-ceste-k-mori-zastavit-na-par-dni-v-rakousku-a-resite-jak-na-covid-testy-vyzkouseli-jsme-za-vas\/\" \/>\n<meta property=\"og:site_name\" content=\"All4Camper\" \/>\n<meta property=\"article:published_time\" content=\"2021-07-25T09:12:39+00:00\" \/>\n<meta property=\"article:modified_time\" content=\"2022-05-21T06:27:46+00:00\" \/>\n<meta property=\"og:image\" content=\"https:\/\/all4camper.com\/wp-content\/uploads\/2021\/07\/potvrzeni.jpeg\" \/>\n\t<meta property=\"og:image:width\" content=\"2309\" \/>\n\t<meta property=\"og:image:height\" content=\"1732\" \/>\n\t<meta property=\"og:image:type\" content=\"image\/jpeg\" \/>\n<meta name=\"author\" content=\"Od na\u0161ich \u010dten\u00e1\u0159\u016f\" \/>\n<meta name=\"twitter:card\" content=\"summary_large_image\" \/>\n<meta name=\"twitter:label1\" content=\"Napsal(a)\" \/>\n\t<meta name=\"twitter:data1\" content=\"Od na\u0161ich \u010dten\u00e1\u0159\u016f\" \/>\n\t<meta name=\"twitter:label2\" content=\"Odhadovan\u00e1 doba \u010dten\u00ed\" \/>\n\t<meta name=\"twitter:data2\" content=\"4 minuty\" \/>\n<script type=\"application\/ld+json\" class=\"yoast-schema-graph\">{\"@context\":\"https:\\\/\\\/schema.org\",\"@graph\":[{\"@type\":\"Article\",\"@id\":\"https:\\\/\\\/all4camper.com\\\/cs\\\/chcete-se-po-ceste-k-mori-zastavit-na-par-dni-v-rakousku-a-resite-jak-na-covid-testy-vyzkouseli-jsme-za-vas\\\/#article\",\"isPartOf\":{\"@id\":\"https:\\\/\\\/all4camper.com\\\/cs\\\/chcete-se-po-ceste-k-mori-zastavit-na-par-dni-v-rakousku-a-resite-jak-na-covid-testy-vyzkouseli-jsme-za-vas\\\/\"},\"author\":{\"name\":\"Od na\u0161ich \u010dten\u00e1\u0159\u016f\",\"@id\":\"https:\\\/\\\/all4camper.com\\\/cs\\\/#\\\/schema\\\/person\\\/6e44acf123c404fdffce72310b6e0f1c\"},\"headline\":\"Chcete se po cest\u011b k mo\u0159i zastavit na p\u00e1r dn\u00ed v Rakousku a \u0159e\u0161\u00edte, jak na Covid testy v t\u00e9to zemi? Vyzkou\u0161eli jsme za v\u00e1s!\",\"datePublished\":\"2021-07-25T09:12:39+00:00\",\"dateModified\":\"2022-05-21T06:27:46+00:00\",\"mainEntityOfPage\":{\"@id\":\"https:\\\/\\\/all4camper.com\\\/cs\\\/chcete-se-po-ceste-k-mori-zastavit-na-par-dni-v-rakousku-a-resite-jak-na-covid-testy-vyzkouseli-jsme-za-vas\\\/\"},\"wordCount\":908,\"publisher\":{\"@id\":\"https:\\\/\\\/all4camper.com\\\/cs\\\/#organization\"},\"image\":{\"@id\":\"https:\\\/\\\/all4camper.com\\\/cs\\\/chcete-se-po-ceste-k-mori-zastavit-na-par-dni-v-rakousku-a-resite-jak-na-covid-testy-vyzkouseli-jsme-za-vas\\\/#primaryimage\"},\"thumbnailUrl\":\"https:\\\/\\\/all4camper.com\\\/wp-content\\\/uploads\\\/2021\\\/07\\\/potvrzeni.jpeg\",\"articleSection\":[\"Arch\u00edv - neaktu\u00e1ln\u00ed \u010dl\u00e1nky\"],\"inLanguage\":\"cs\"},{\"@type\":\"WebPage\",\"@id\":\"https:\\\/\\\/all4camper.com\\\/cs\\\/chcete-se-po-ceste-k-mori-zastavit-na-par-dni-v-rakousku-a-resite-jak-na-covid-testy-vyzkouseli-jsme-za-vas\\\/\",\"url\":\"https:\\\/\\\/all4camper.com\\\/cs\\\/chcete-se-po-ceste-k-mori-zastavit-na-par-dni-v-rakousku-a-resite-jak-na-covid-testy-vyzkouseli-jsme-za-vas\\\/\",\"name\":\"Chcete se po cest\u011b k mo\u0159i zastavit na p\u00e1r dn\u00ed v Rakousku a \u0159e\u0161\u00edte, jak na Covid testy v t\u00e9to zemi? Vyzkou\u0161eli jsme za v\u00e1s! - All4Camper\",\"isPartOf\":{\"@id\":\"https:\\\/\\\/all4camper.com\\\/cs\\\/#website\"},\"primaryImageOfPage\":{\"@id\":\"https:\\\/\\\/all4camper.com\\\/cs\\\/chcete-se-po-ceste-k-mori-zastavit-na-par-dni-v-rakousku-a-resite-jak-na-covid-testy-vyzkouseli-jsme-za-vas\\\/#primaryimage\"},\"image\":{\"@id\":\"https:\\\/\\\/all4camper.com\\\/cs\\\/chcete-se-po-ceste-k-mori-zastavit-na-par-dni-v-rakousku-a-resite-jak-na-covid-testy-vyzkouseli-jsme-za-vas\\\/#primaryimage\"},\"thumbnailUrl\":\"https:\\\/\\\/all4camper.com\\\/wp-content\\\/uploads\\\/2021\\\/07\\\/potvrzeni.jpeg\",\"datePublished\":\"2021-07-25T09:12:39+00:00\",\"dateModified\":\"2022-05-21T06:27:46+00:00\",\"description\":\"Tento zp\u016fsob cestov\u00e1n\u00ed se v\u0161ak s covidov\u00fdmi pravidly stal v leto\u0161n\u00edm roce pon\u011bkud obt\u00ed\u017en\u011bj\u0161\u00ed. Proto dnes p\u0159in\u00e1\u0161\u00edme informace \\\"jak na to\\\", kdy\u017e chcete v t\u00e9to zemi str\u00e1vit p\u00e1r dn\u00ed.\",\"breadcrumb\":{\"@id\":\"https:\\\/\\\/all4camper.com\\\/cs\\\/chcete-se-po-ceste-k-mori-zastavit-na-par-dni-v-rakousku-a-resite-jak-na-covid-testy-vyzkouseli-jsme-za-vas\\\/#breadcrumb\"},\"inLanguage\":\"cs\",\"potentialAction\":[{\"@type\":\"ReadAction\",\"target\":[\"https:\\\/\\\/all4camper.com\\\/cs\\\/chcete-se-po-ceste-k-mori-zastavit-na-par-dni-v-rakousku-a-resite-jak-na-covid-testy-vyzkouseli-jsme-za-vas\\\/\"]}]},{\"@type\":\"ImageObject\",\"inLanguage\":\"cs\",\"@id\":\"https:\\\/\\\/all4camper.com\\\/cs\\\/chcete-se-po-ceste-k-mori-zastavit-na-par-dni-v-rakousku-a-resite-jak-na-covid-testy-vyzkouseli-jsme-za-vas\\\/#primaryimage\",\"url\":\"https:\\\/\\\/all4camper.com\\\/wp-content\\\/uploads\\\/2021\\\/07\\\/potvrzeni.jpeg\",\"contentUrl\":\"https:\\\/\\\/all4camper.com\\\/wp-content\\\/uploads\\\/2021\\\/07\\\/potvrzeni.jpeg\",\"width\":2309,\"height\":1732},{\"@type\":\"BreadcrumbList\",\"@id\":\"https:\\\/\\\/all4camper.com\\\/cs\\\/chcete-se-po-ceste-k-mori-zastavit-na-par-dni-v-rakousku-a-resite-jak-na-covid-testy-vyzkouseli-jsme-za-vas\\\/#breadcrumb\",\"itemListElement\":[{\"@type\":\"ListItem\",\"position\":1,\"name\":\"Dom\u016f\",\"item\":\"https:\\\/\\\/all4camper.com\\\/cs\\\/\"},{\"@type\":\"ListItem\",\"position\":2,\"name\":\"Arch\u00edv - neaktu\u00e1ln\u00ed \u010dl\u00e1nky\",\"item\":\"https:\\\/\\\/all4camper.com\\\/cs\\\/category\\\/archiv\\\/\"},{\"@type\":\"ListItem\",\"position\":3,\"name\":\"Chcete se po cest\u011b k mo\u0159i zastavit na p\u00e1r dn\u00ed v Rakousku a \u0159e\u0161\u00edte, jak na Covid testy v t\u00e9to zemi? Vyzkou\u0161eli jsme za v\u00e1s!\"}]},{\"@type\":\"WebSite\",\"@id\":\"https:\\\/\\\/all4camper.com\\\/cs\\\/#website\",\"url\":\"https:\\\/\\\/all4camper.com\\\/cs\\\/\",\"name\":\"All4Camper\",\"description\":\"Nejv\u011bt\u0161\u00ed online magaz\u00edn o kempov\u00e1n\u00ed a karavaninku. V\u00edce jak 900 \u010dl\u00e1nk\u016f pln\u00fdch rad a tip\u016f o kempech a kempov\u00e1n\u00ed.\",\"publisher\":{\"@id\":\"https:\\\/\\\/all4camper.com\\\/cs\\\/#organization\"},\"potentialAction\":[{\"@type\":\"SearchAction\",\"target\":{\"@type\":\"EntryPoint\",\"urlTemplate\":\"https:\\\/\\\/all4camper.com\\\/cs\\\/?s={search_term_string}\"},\"query-input\":{\"@type\":\"PropertyValueSpecification\",\"valueRequired\":true,\"valueName\":\"search_term_string\"}}],\"inLanguage\":\"cs\"},{\"@type\":\"Organization\",\"@id\":\"https:\\\/\\\/all4camper.com\\\/cs\\\/#organization\",\"name\":\"All4Camper - kempujeme s Kl\u00e1rou\",\"url\":\"https:\\\/\\\/all4camper.com\\\/cs\\\/\",\"logo\":{\"@type\":\"ImageObject\",\"inLanguage\":\"cs\",\"@id\":\"https:\\\/\\\/all4camper.com\\\/cs\\\/#\\\/schema\\\/logo\\\/image\\\/\",\"url\":\"https:\\\/\\\/all4camper.com\\\/wp-content\\\/uploads\\\/2018\\\/09\\\/novelogo.png\",\"contentUrl\":\"https:\\\/\\\/all4camper.com\\\/wp-content\\\/uploads\\\/2018\\\/09\\\/novelogo.png\",\"width\":1520,\"height\":600,\"caption\":\"All4Camper - kempujeme s Kl\u00e1rou\"},\"image\":{\"@id\":\"https:\\\/\\\/all4camper.com\\\/cs\\\/#\\\/schema\\\/logo\\\/image\\\/\"}},{\"@type\":\"Person\",\"@id\":\"https:\\\/\\\/all4camper.com\\\/cs\\\/#\\\/schema\\\/person\\\/6e44acf123c404fdffce72310b6e0f1c\",\"name\":\"Od na\u0161ich \u010dten\u00e1\u0159\u016f\",\"url\":\"https:\\\/\\\/all4camper.com\\\/cs\\\/author\\\/od-nasich-ctenaru\\\/\"}]}<\/script>\n<!-- \/ Yoast SEO plugin. -->","yoast_head_json":{"title":"Chcete se po cest\u011b k mo\u0159i zastavit na p\u00e1r dn\u00ed v Rakousku a \u0159e\u0161\u00edte, jak na Covid testy v t\u00e9to zemi? Vyzkou\u0161eli jsme za v\u00e1s! - All4Camper","description":"Tento zp\u016fsob cestov\u00e1n\u00ed se v\u0161ak s covidov\u00fdmi pravidly stal v leto\u0161n\u00edm roce pon\u011bkud obt\u00ed\u017en\u011bj\u0161\u00ed. Proto dnes p\u0159in\u00e1\u0161\u00edme informace \"jak na to\", kdy\u017e chcete v t\u00e9to zemi str\u00e1vit p\u00e1r dn\u00ed.","robots":{"index":"index","follow":"follow","max-snippet":"max-snippet:-1","max-image-preview":"max-image-preview:large","max-video-preview":"max-video-preview:-1"},"canonical":"https:\/\/all4camper.com\/cs\/chcete-se-po-ceste-k-mori-zastavit-na-par-dni-v-rakousku-a-resite-jak-na-covid-testy-vyzkouseli-jsme-za-vas\/","og_locale":"cs_CZ","og_type":"article","og_title":"Chcete se po cest\u011b k mo\u0159i zastavit na p\u00e1r dn\u00ed v Rakousku a \u0159e\u0161\u00edte, jak na Covid testy v t\u00e9to zemi? Vyzkou\u0161eli jsme za v\u00e1s! - All4Camper","og_description":"Tento zp\u016fsob cestov\u00e1n\u00ed se v\u0161ak s covidov\u00fdmi pravidly stal v leto\u0161n\u00edm roce pon\u011bkud obt\u00ed\u017en\u011bj\u0161\u00ed. Proto dnes p\u0159in\u00e1\u0161\u00edme informace \"jak na to\", kdy\u017e chcete v t\u00e9to zemi str\u00e1vit p\u00e1r dn\u00ed.","og_url":"https:\/\/all4camper.com\/cs\/chcete-se-po-ceste-k-mori-zastavit-na-par-dni-v-rakousku-a-resite-jak-na-covid-testy-vyzkouseli-jsme-za-vas\/","og_site_name":"All4Camper","article_published_time":"2021-07-25T09:12:39+00:00","article_modified_time":"2022-05-21T06:27:46+00:00","og_image":[{"width":2309,"height":1732,"url":"https:\/\/all4camper.com\/wp-content\/uploads\/2021\/07\/potvrzeni.jpeg","type":"image\/jpeg"}],"author":"Od na\u0161ich \u010dten\u00e1\u0159\u016f","twitter_card":"summary_large_image","twitter_misc":{"Napsal(a)":"Od na\u0161ich \u010dten\u00e1\u0159\u016f","Odhadovan\u00e1 doba \u010dten\u00ed":"4 minuty"},"schema":{"@context":"https:\/\/schema.org","@graph":[{"@type":"Article","@id":"https:\/\/all4camper.com\/cs\/chcete-se-po-ceste-k-mori-zastavit-na-par-dni-v-rakousku-a-resite-jak-na-covid-testy-vyzkouseli-jsme-za-vas\/#article","isPartOf":{"@id":"https:\/\/all4camper.com\/cs\/chcete-se-po-ceste-k-mori-zastavit-na-par-dni-v-rakousku-a-resite-jak-na-covid-testy-vyzkouseli-jsme-za-vas\/"},"author":{"name":"Od na\u0161ich \u010dten\u00e1\u0159\u016f","@id":"https:\/\/all4camper.com\/cs\/#\/schema\/person\/6e44acf123c404fdffce72310b6e0f1c"},"headline":"Chcete se po cest\u011b k mo\u0159i zastavit na p\u00e1r dn\u00ed v Rakousku a \u0159e\u0161\u00edte, jak na Covid testy v t\u00e9to zemi? Vyzkou\u0161eli jsme za v\u00e1s!","datePublished":"2021-07-25T09:12:39+00:00","dateModified":"2022-05-21T06:27:46+00:00","mainEntityOfPage":{"@id":"https:\/\/all4camper.com\/cs\/chcete-se-po-ceste-k-mori-zastavit-na-par-dni-v-rakousku-a-resite-jak-na-covid-testy-vyzkouseli-jsme-za-vas\/"},"wordCount":908,"publisher":{"@id":"https:\/\/all4camper.com\/cs\/#organization"},"image":{"@id":"https:\/\/all4camper.com\/cs\/chcete-se-po-ceste-k-mori-zastavit-na-par-dni-v-rakousku-a-resite-jak-na-covid-testy-vyzkouseli-jsme-za-vas\/#primaryimage"},"thumbnailUrl":"https:\/\/all4camper.com\/wp-content\/uploads\/2021\/07\/potvrzeni.jpeg","articleSection":["Arch\u00edv - neaktu\u00e1ln\u00ed \u010dl\u00e1nky"],"inLanguage":"cs"},{"@type":"WebPage","@id":"https:\/\/all4camper.com\/cs\/chcete-se-po-ceste-k-mori-zastavit-na-par-dni-v-rakousku-a-resite-jak-na-covid-testy-vyzkouseli-jsme-za-vas\/","url":"https:\/\/all4camper.com\/cs\/chcete-se-po-ceste-k-mori-zastavit-na-par-dni-v-rakousku-a-resite-jak-na-covid-testy-vyzkouseli-jsme-za-vas\/","name":"Chcete se po cest\u011b k mo\u0159i zastavit na p\u00e1r dn\u00ed v Rakousku a \u0159e\u0161\u00edte, jak na Covid testy v t\u00e9to zemi? Vyzkou\u0161eli jsme za v\u00e1s! - All4Camper","isPartOf":{"@id":"https:\/\/all4camper.com\/cs\/#website"},"primaryImageOfPage":{"@id":"https:\/\/all4camper.com\/cs\/chcete-se-po-ceste-k-mori-zastavit-na-par-dni-v-rakousku-a-resite-jak-na-covid-testy-vyzkouseli-jsme-za-vas\/#primaryimage"},"image":{"@id":"https:\/\/all4camper.com\/cs\/chcete-se-po-ceste-k-mori-zastavit-na-par-dni-v-rakousku-a-resite-jak-na-covid-testy-vyzkouseli-jsme-za-vas\/#primaryimage"},"thumbnailUrl":"https:\/\/all4camper.com\/wp-content\/uploads\/2021\/07\/potvrzeni.jpeg","datePublished":"2021-07-25T09:12:39+00:00","dateModified":"2022-05-21T06:27:46+00:00","description":"Tento zp\u016fsob cestov\u00e1n\u00ed se v\u0161ak s covidov\u00fdmi pravidly stal v leto\u0161n\u00edm roce pon\u011bkud obt\u00ed\u017en\u011bj\u0161\u00ed. Proto dnes p\u0159in\u00e1\u0161\u00edme informace \"jak na to\", kdy\u017e chcete v t\u00e9to zemi str\u00e1vit p\u00e1r dn\u00ed.","breadcrumb":{"@id":"https:\/\/all4camper.com\/cs\/chcete-se-po-ceste-k-mori-zastavit-na-par-dni-v-rakousku-a-resite-jak-na-covid-testy-vyzkouseli-jsme-za-vas\/#breadcrumb"},"inLanguage":"cs","potentialAction":[{"@type":"ReadAction","target":["https:\/\/all4camper.com\/cs\/chcete-se-po-ceste-k-mori-zastavit-na-par-dni-v-rakousku-a-resite-jak-na-covid-testy-vyzkouseli-jsme-za-vas\/"]}]},{"@type":"ImageObject","inLanguage":"cs","@id":"https:\/\/all4camper.com\/cs\/chcete-se-po-ceste-k-mori-zastavit-na-par-dni-v-rakousku-a-resite-jak-na-covid-testy-vyzkouseli-jsme-za-vas\/#primaryimage","url":"https:\/\/all4camper.com\/wp-content\/uploads\/2021\/07\/potvrzeni.jpeg","contentUrl":"https:\/\/all4camper.com\/wp-content\/uploads\/2021\/07\/potvrzeni.jpeg","width":2309,"height":1732},{"@type":"BreadcrumbList","@id":"https:\/\/all4camper.com\/cs\/chcete-se-po-ceste-k-mori-zastavit-na-par-dni-v-rakousku-a-resite-jak-na-covid-testy-vyzkouseli-jsme-za-vas\/#breadcrumb","itemListElement":[{"@type":"ListItem","position":1,"name":"Dom\u016f","item":"https:\/\/all4camper.com\/cs\/"},{"@type":"ListItem","position":2,"name":"Arch\u00edv - neaktu\u00e1ln\u00ed \u010dl\u00e1nky","item":"https:\/\/all4camper.com\/cs\/category\/archiv\/"},{"@type":"ListItem","position":3,"name":"Chcete se po cest\u011b k mo\u0159i zastavit na p\u00e1r dn\u00ed v Rakousku a \u0159e\u0161\u00edte, jak na Covid testy v t\u00e9to zemi? Vyzkou\u0161eli jsme za v\u00e1s!"}]},{"@type":"WebSite","@id":"https:\/\/all4camper.com\/cs\/#website","url":"https:\/\/all4camper.com\/cs\/","name":"All4Camper","description":"Nejv\u011bt\u0161\u00ed online magaz\u00edn o kempov\u00e1n\u00ed a karavaninku. V\u00edce jak 900 \u010dl\u00e1nk\u016f pln\u00fdch rad a tip\u016f o kempech a kempov\u00e1n\u00ed.","publisher":{"@id":"https:\/\/all4camper.com\/cs\/#organization"},"potentialAction":[{"@type":"SearchAction","target":{"@type":"EntryPoint","urlTemplate":"https:\/\/all4camper.com\/cs\/?s={search_term_string}"},"query-input":{"@type":"PropertyValueSpecification","valueRequired":true,"valueName":"search_term_string"}}],"inLanguage":"cs"},{"@type":"Organization","@id":"https:\/\/all4camper.com\/cs\/#organization","name":"All4Camper - kempujeme s Kl\u00e1rou","url":"https:\/\/all4camper.com\/cs\/","logo":{"@type":"ImageObject","inLanguage":"cs","@id":"https:\/\/all4camper.com\/cs\/#\/schema\/logo\/image\/","url":"https:\/\/all4camper.com\/wp-content\/uploads\/2018\/09\/novelogo.png","contentUrl":"https:\/\/all4camper.com\/wp-content\/uploads\/2018\/09\/novelogo.png","width":1520,"height":600,"caption":"All4Camper - kempujeme s Kl\u00e1rou"},"image":{"@id":"https:\/\/all4camper.com\/cs\/#\/schema\/logo\/image\/"}},{"@type":"Person","@id":"https:\/\/all4camper.com\/cs\/#\/schema\/person\/6e44acf123c404fdffce72310b6e0f1c","name":"Od na\u0161ich \u010dten\u00e1\u0159\u016f","url":"https:\/\/all4camper.com\/cs\/author\/od-nasich-ctenaru\/"}]}},"_links":{"self":[{"href":"https:\/\/all4camper.com\/cs\/wp-json\/wp\/v2\/posts\/135870","targetHints":{"allow":["GET"]}}],"collection":[{"href":"https:\/\/all4camper.com\/cs\/wp-json\/wp\/v2\/posts"}],"about":[{"href":"https:\/\/all4camper.com\/cs\/wp-json\/wp\/v2\/types\/post"}],"author":[{"embeddable":true,"href":"https:\/\/all4camper.com\/cs\/wp-json\/wp\/v2\/users\/27"}],"replies":[{"embeddable":true,"href":"https:\/\/all4camper.com\/cs\/wp-json\/wp\/v2\/comments?post=135870"}],"version-history":[{"count":0,"href":"https:\/\/all4camper.com\/cs\/wp-json\/wp\/v2\/posts\/135870\/revisions"}],"wp:featuredmedia":[{"embeddable":true,"href":"https:\/\/all4camper.com\/cs\/wp-json\/wp\/v2\/media\/135875"}],"wp:attachment":[{"href":"https:\/\/all4camper.com\/cs\/wp-json\/wp\/v2\/media?parent=135870"}],"wp:term":[{"taxonomy":"category","embeddable":true,"href":"https:\/\/all4camper.com\/cs\/wp-json\/wp\/v2\/categories?post=135870"},{"taxonomy":"post_tag","embeddable":true,"href":"https:\/\/all4camper.com\/cs\/wp-json\/wp\/v2\/tags?post=135870"}],"curies":[{"name":"wp","href":"https:\/\/api.w.org\/{rel}","templated":true}]}}